{"id":8293,"date":"2025-02-11T17:59:00","date_gmt":"2025-02-11T16:59:00","guid":{"rendered":"https:\/\/bart-et-lemy.com\/blog\/?p=8293"},"modified":"2025-02-10T16:10:30","modified_gmt":"2025-02-10T15:10:30","slug":"affiche-bebe-taille-reelle-idees-et-inspirations-pour-votre-decoration","status":"publish","type":"post","link":"https:\/\/bart-et-lemy.com\/blog\/a-la-une\/affiche-bebe-taille-reelle-idees-et-inspirations-pour-votre-decoration\/","title":{"rendered":"Affiche B\u00e9b\u00e9 Taille R\u00e9elle : Id\u00e9es et Inspirations pour Votre D\u00e9coration"},"content":{"rendered":"<h2>Introduction captivante : Pourquoi une affiche b\u00e9b\u00e9 taille r\u00e9elle ?<\/h2>\n<p><strong>Une affiche b\u00e9b\u00e9 taille r\u00e9elle<\/strong> apporte une touche personnelle et unique \u00e0 cet espace. En plus d\u2019\u00eatre esth\u00e9tiquement plaisante, elle peut aussi jouer un r\u00f4le \u00e9ducatif en aidant \u00e0 visualiser la taille du b\u00e9b\u00e9 dans son environnement. Mais comment choisir ou cr\u00e9er une telle affiche pour qu&rsquo;elle soit \u00e0 la fois belle et significative ?<\/p>\n<h2>Les avantages des affiches taille r\u00e9elle pour b\u00e9b\u00e9<\/h2>\n<p>Les affiches taille r\u00e9elle offrent plusieurs avantages. Tout d&rsquo;abord, elles permettent de capturer les moments pr\u00e9cieux de l&rsquo;enfance de mani\u00e8re artistique. De plus, elles constituent un excellent moyen d&rsquo;ajouter une dimension \u00e9motionnelle \u00e0 la d\u00e9coration de la chambre. Vous pouvez choisir des designs qui refl\u00e8tent la personnalit\u00e9 de votre enfant ou des th\u00e8mes qui vous tiennent \u00e0 c\u0153ur.<\/p>\n<p>Voici quelques b\u00e9n\u00e9fices notables :<\/p>\n<ul>\n<li>Cr\u00e9ation d&rsquo;un espace chaleureux et accueillant.<\/li>\n<li>Possibilit\u00e9 de personnaliser avec des photos ou illustrations.<\/li>\n<li>Outil \u00e9ducatif pour aider \u00e0 comprendre la croissance de l&rsquo;enfant.<\/li>\n<\/ul>\n<h2>Comment cr\u00e9er une affiche b\u00e9b\u00e9 taille r\u00e9elle ?<\/h2>\n<p>Cr\u00e9er une affiche taille r\u00e9elle n\u2019est pas aussi compliqu\u00e9 qu\u2019il n\u2019y para\u00eet. Voici un guide \u00e9tape par \u00e9tape pour r\u00e9aliser votre propre affiche.<\/p>\n<blockquote>\n<p><strong>\u00c9tape 1 :<\/strong> Choisissez une photo ou une illustration de votre b\u00e9b\u00e9. Assurez-vous que l&rsquo;image choisie est de bonne qualit\u00e9.<img decoding=\"async\" width=\"1024\" height=\"576\" src=\"https:\/\/bart-et-lemy.com\/blog\/wp-content\/uploads\/2025\/02\/stability-affiche-bebe-taille-reelle-idees-et-inspirations-pour-votre-decoration-1.png\" class=\"aligncenter\" alt=\"Illustration d\u00e9taill\u00e9e sur Affiche B\u00e9b\u00e9 Taille R\u00e9elle : Id\u00e9es et Inspirations pour Votre D\u00e9coration\" title=\"Affiche B\u00e9b\u00e9 Taille R\u00e9elle : Id\u00e9es et Inspirations pour Votre D\u00e9coration\" loading=\"lazy\" \/><\/p>\n<p><strong>\u00c9tape 2 :<\/strong> Utilisez un logiciel de conception graphique pour mettre \u00e0 l&rsquo;\u00e9chelle l&rsquo;image \u00e0 la taille r\u00e9elle de votre enfant.<\/p>\n<p><strong>\u00c9tape 3 :<\/strong> Ajoutez des \u00e9l\u00e9ments d\u00e9coratifs comme des motifs, des couleurs ou des textes.<\/p>\n<p><strong>\u00c9tape 4 :<\/strong> Imprimez l&rsquo;affiche sur du papier de qualit\u00e9 ou commandez-la aupr\u00e8s d&rsquo;un imprimeur.<\/p>\n<\/blockquote>\n<h2>Inspiration pour le choix du design<\/h2>\n<p>Le design de l&rsquo;affiche doit correspondre \u00e0 l&rsquo;ambiance g\u00e9n\u00e9rale de la chambre de votre b\u00e9b\u00e9. Voici quelques id\u00e9es de styles :<\/p>\n<ul>\n<li>Style minimaliste avec des couleurs pastel.<\/li>\n<li>Th\u00e8me animalier avec des illustrations de la faune.<\/li>\n<li>Motifs g\u00e9om\u00e9triques pour un look moderne.<\/li>\n<\/ul>\n<p>Il est \u00e9galement possible d&rsquo;int\u00e9grer des citations inspirantes ou des mots doux autour de l&rsquo;image. Cela ajoutera une touche personnelle et positive \u00e0 l&rsquo;affiche.<\/p>\n<h2>Tableau r\u00e9capitulatif des mat\u00e9riaux<\/h2>\n<table>\n<tr>\n<th>Mat\u00e9riau<\/th>\n<th>Avantages<\/th>\n<th>Inconv\u00e9nients<\/th>\n<\/tr>\n<tr>\n<td>Papier photo<\/td>\n<td>Bonne qualit\u00e9 d&rsquo;image<\/td>\n<td>Moins durable<\/td>\n<\/tr>\n<tr>\n<td>Toile<\/td>\n<td>Durabilit\u00e9 et texture<\/td>\n<td>Co\u00fbt plus \u00e9lev\u00e9<\/td>\n<\/tr>\n<tr>\n<td>Affiche en plastique<\/td>\n<td>R\u00e9sistant \u00e0 l&rsquo;eau<\/td>\n<td>Moins esth\u00e9tique<\/td>\n<\/tr>\n<\/table>\n<h2>FAQ :<\/h2>\n<blockquote>\n<ul>\n<li><strong>Quelle taille choisir pour l&rsquo;affiche ?<\/strong>La taille d\u00e9pend de l&rsquo;espace disponible et de la mise en sc\u00e8ne souhait\u00e9e. Une taille standard est souvent de 60&#215;90 cm.<\/li>\n<li><strong>Comment accrocher l&rsquo;affiche en toute s\u00e9curit\u00e9 ?<\/strong>Utilisez des crochets adapt\u00e9s au mur ou des bandes adh\u00e9sives pour \u00e9viter d&rsquo;endommager la peinture.<\/li>\n<li><strong>Peut-on utiliser des photos prises avec un smartphone ?<\/strong>Oui, tant que la r\u00e9solution est suffisamment \u00e9lev\u00e9e pour une impression de qualit\u00e9.<\/li>\n<li><strong>Les affiches sont-elles adapt\u00e9es aux chambres d&rsquo;enfants ?<\/strong>Absolument, tant que les mat\u00e9riaux utilis\u00e9s sont s\u00fbrs et non toxiques.<\/li>\n<\/ul>\n<\/blockquote>\n<h2>Conclusion : Transformez l&rsquo;espace de votre b\u00e9b\u00e9 avec cr\u00e9ativit\u00e9<\/h2>\n<p>Une affiche b\u00e9b\u00e9 taille r\u00e9elle est bien plus qu&rsquo;un simple \u00e9l\u00e9ment d\u00e9coratif. Elle permet de capturer des moments pr\u00e9cieux et d&rsquo;ajouter une touche personnelle \u00e0 la chambre de votre enfant. En suivant ces conseils et en laissant libre cours \u00e0 votre cr\u00e9ativit\u00e9, vous pouvez cr\u00e9er un espace qui refl\u00e8te l&rsquo;amour et la joie que vous ressentez pour votre petit. N\u2019oubliez pas de choisir des mat\u00e9riaux de qualit\u00e9 pour garantir la durabilit\u00e9 de votre \u0153uvre d\u2019art.<\/p>\n","protected":false},"excerpt":{"rendered":"","protected":false},"author":34,"featured_media":8294,"comment_status":"open","ping_status":"open","sticky":false,"template":"","format":"standard","meta":{"_acf_changed":false,"manual_indexmenow":false,"indexmenow_id_project":0,"footnotes":""},"categories":[1],"tags":[4783,4590,4095,4785,2967,4784],"class_list":["post-8293","post","type-post","status-publish","format-standard","has-post-thumbnail","hentry","category-a-la-une","tag-affiche","tag-bebe","tag-decoration","tag-educatif","tag-personnalisation","tag-taille-reelle","generate-columns","tablet-grid-50","mobile-grid-100","grid-parent","grid-25"],"acf":[],"yoast_head":"<!-- This site is optimized with the Yoast SEO Premium plugin v21.3 (Yoast SEO v27.3) - https:\/\/yoast.com\/product\/yoast-seo-premium-wordpress\/ -->\n<title>Affiche B\u00e9b\u00e9 Taille R\u00e9elle<\/title>\n<meta name=\"description\" content=\"Une affiche b\u00e9b\u00e9 taille r\u00e9elle apporte une touche personnelle et unique \u00e0 cet espace.\" \/>\n<meta name=\"robots\" content=\"index, follow, max-snippet:-1, max-image-preview:large, max-video-preview:-1\" \/>\n<link rel=\"canonical\" href=\"https:\/\/bart-et-lemy.com\/blog\/a-la-une\/affiche-bebe-taille-reelle-idees-et-inspirations-pour-votre-decoration\/\" \/>\n<meta property=\"og:locale\" content=\"fr_FR\" \/>\n<meta property=\"og:type\" content=\"article\" \/>\n<meta property=\"og:title\" content=\"Affiche B\u00e9b\u00e9 Taille R\u00e9elle\" \/>\n<meta property=\"og:description\" content=\"Une affiche b\u00e9b\u00e9 taille r\u00e9elle apporte une touche personnelle et unique \u00e0 cet espace.\" \/>\n<meta property=\"og:url\" content=\"https:\/\/bart-et-lemy.com\/blog\/a-la-une\/affiche-bebe-taille-reelle-idees-et-inspirations-pour-votre-decoration\/\" \/>\n<meta property=\"og:site_name\" content=\"bart-et-lemy.com\" \/>\n<meta property=\"og:image\" content=\"https:\/\/bart-et-lemy.com\/blog\/wp-content\/uploads\/2025\/02\/stability-affiche-bebe-taille-reelle-idees-et-inspirations-pour-votre-decoration.png\" \/>\n\t<meta property=\"og:image:width\" content=\"1024\" \/>\n\t<meta property=\"og:image:height\" content=\"576\" \/>\n\t<meta property=\"og:image:type\" content=\"image\/png\" \/>\n<meta name=\"author\" content=\"Elodie Mazeau\" \/>\n<meta name=\"twitter:card\" content=\"summary_large_image\" \/>\n<script type=\"application\/ld+json\" class=\"yoast-schema-graph\">{\"@context\":\"https:\\\/\\\/schema.org\",\"@graph\":[{\"@type\":\"NewsArticle\",\"@id\":\"https:\\\/\\\/bart-et-lemy.com\\\/blog\\\/a-la-une\\\/affiche-bebe-taille-reelle-idees-et-inspirations-pour-votre-decoration\\\/#article\",\"isPartOf\":{\"@id\":\"https:\\\/\\\/bart-et-lemy.com\\\/blog\\\/a-la-une\\\/affiche-bebe-taille-reelle-idees-et-inspirations-pour-votre-decoration\\\/\"},\"author\":{\"name\":\"Elodie Mazeau\",\"@id\":\"https:\\\/\\\/bart-et-lemy.com\\\/blog\\\/#\\\/schema\\\/person\\\/3c864cdc320801e3db34b663e7e3f816\"},\"headline\":\"Affiche B\u00e9b\u00e9 Taille R\u00e9elle : Id\u00e9es et Inspirations pour Votre D\u00e9coration\",\"datePublished\":\"2025-02-11T16:59:00+00:00\",\"mainEntityOfPage\":{\"@id\":\"https:\\\/\\\/bart-et-lemy.com\\\/blog\\\/a-la-une\\\/affiche-bebe-taille-reelle-idees-et-inspirations-pour-votre-decoration\\\/\"},\"wordCount\":622,\"commentCount\":19,\"publisher\":{\"@id\":\"https:\\\/\\\/bart-et-lemy.com\\\/blog\\\/#organization\"},\"image\":{\"@id\":\"https:\\\/\\\/bart-et-lemy.com\\\/blog\\\/a-la-une\\\/affiche-bebe-taille-reelle-idees-et-inspirations-pour-votre-decoration\\\/#primaryimage\"},\"thumbnailUrl\":\"https:\\\/\\\/bart-et-lemy.com\\\/blog\\\/wp-content\\\/uploads\\\/2025\\\/02\\\/stability-affiche-bebe-taille-reelle-idees-et-inspirations-pour-votre-decoration.png\",\"keywords\":[\"Affiche\",\"B\u00e9b\u00e9\",\"D\u00e9coration\",\"\u00c9ducatif\",\"Personnalisation\",\"Taille R\u00e9elle\"],\"articleSection\":[\"\u00c0 la une\"],\"inLanguage\":\"fr-FR\",\"potentialAction\":[{\"@type\":\"CommentAction\",\"name\":\"Comment\",\"target\":[\"https:\\\/\\\/bart-et-lemy.com\\\/blog\\\/a-la-une\\\/affiche-bebe-taille-reelle-idees-et-inspirations-pour-votre-decoration\\\/#respond\"]}]},{\"@type\":\"WebPage\",\"@id\":\"https:\\\/\\\/bart-et-lemy.com\\\/blog\\\/a-la-une\\\/affiche-bebe-taille-reelle-idees-et-inspirations-pour-votre-decoration\\\/\",\"url\":\"https:\\\/\\\/bart-et-lemy.com\\\/blog\\\/a-la-une\\\/affiche-bebe-taille-reelle-idees-et-inspirations-pour-votre-decoration\\\/\",\"name\":\"Affiche B\u00e9b\u00e9 Taille R\u00e9elle\",\"isPartOf\":{\"@id\":\"https:\\\/\\\/bart-et-lemy.com\\\/blog\\\/#website\"},\"primaryImageOfPage\":{\"@id\":\"https:\\\/\\\/bart-et-lemy.com\\\/blog\\\/a-la-une\\\/affiche-bebe-taille-reelle-idees-et-inspirations-pour-votre-decoration\\\/#primaryimage\"},\"image\":{\"@id\":\"https:\\\/\\\/bart-et-lemy.com\\\/blog\\\/a-la-une\\\/affiche-bebe-taille-reelle-idees-et-inspirations-pour-votre-decoration\\\/#primaryimage\"},\"thumbnailUrl\":\"https:\\\/\\\/bart-et-lemy.com\\\/blog\\\/wp-content\\\/uploads\\\/2025\\\/02\\\/stability-affiche-bebe-taille-reelle-idees-et-inspirations-pour-votre-decoration.png\",\"datePublished\":\"2025-02-11T16:59:00+00:00\",\"description\":\"Une affiche b\u00e9b\u00e9 taille r\u00e9elle apporte une touche personnelle et unique \u00e0 cet espace.\",\"inLanguage\":\"fr-FR\",\"potentialAction\":[{\"@type\":\"ReadAction\",\"target\":[\"https:\\\/\\\/bart-et-lemy.com\\\/blog\\\/a-la-une\\\/affiche-bebe-taille-reelle-idees-et-inspirations-pour-votre-decoration\\\/\"]}]},{\"@type\":\"ImageObject\",\"inLanguage\":\"fr-FR\",\"@id\":\"https:\\\/\\\/bart-et-lemy.com\\\/blog\\\/a-la-une\\\/affiche-bebe-taille-reelle-idees-et-inspirations-pour-votre-decoration\\\/#primaryimage\",\"url\":\"https:\\\/\\\/bart-et-lemy.com\\\/blog\\\/wp-content\\\/uploads\\\/2025\\\/02\\\/stability-affiche-bebe-taille-reelle-idees-et-inspirations-pour-votre-decoration.png\",\"contentUrl\":\"https:\\\/\\\/bart-et-lemy.com\\\/blog\\\/wp-content\\\/uploads\\\/2025\\\/02\\\/stability-affiche-bebe-taille-reelle-idees-et-inspirations-pour-votre-decoration.png\",\"width\":1024,\"height\":576},{\"@type\":\"WebSite\",\"@id\":\"https:\\\/\\\/bart-et-lemy.com\\\/blog\\\/#website\",\"url\":\"https:\\\/\\\/bart-et-lemy.com\\\/blog\\\/\",\"name\":\"Bart et Lemy\",\"description\":\"L\u2019originalit\u00e9 en toute libert\u00e9.\",\"publisher\":{\"@id\":\"https:\\\/\\\/bart-et-lemy.com\\\/blog\\\/#organization\"},\"alternateName\":\"Conseils parentaux, astuces famille et bien-\u00eatre enfant\",\"potentialAction\":[{\"@type\":\"SearchAction\",\"target\":{\"@type\":\"EntryPoint\",\"urlTemplate\":\"https:\\\/\\\/bart-et-lemy.com\\\/blog\\\/?s={search_term_string}\"},\"query-input\":{\"@type\":\"PropertyValueSpecification\",\"valueRequired\":true,\"valueName\":\"search_term_string\"}}],\"inLanguage\":\"fr-FR\"},{\"@type\":\"Organization\",\"@id\":\"https:\\\/\\\/bart-et-lemy.com\\\/blog\\\/#organization\",\"name\":\"Bart et Lemy\",\"alternateName\":\"bart-et-lemy.com\",\"url\":\"https:\\\/\\\/bart-et-lemy.com\\\/blog\\\/\",\"logo\":{\"@type\":\"ImageObject\",\"inLanguage\":\"fr-FR\",\"@id\":\"https:\\\/\\\/bart-et-lemy.com\\\/blog\\\/#\\\/schema\\\/logo\\\/image\\\/\",\"url\":\"https:\\\/\\\/bart-et-lemy.com\\\/blog\\\/wp-content\\\/uploads\\\/2026\\\/07\\\/logo-auto.png\",\"contentUrl\":\"https:\\\/\\\/bart-et-lemy.com\\\/blog\\\/wp-content\\\/uploads\\\/2026\\\/07\\\/logo-auto.png\",\"width\":1024,\"height\":1024,\"caption\":\"Bart et Lemy\"},\"image\":{\"@id\":\"https:\\\/\\\/bart-et-lemy.com\\\/blog\\\/#\\\/schema\\\/logo\\\/image\\\/\"}},{\"@type\":\"Person\",\"@id\":\"https:\\\/\\\/bart-et-lemy.com\\\/blog\\\/#\\\/schema\\\/person\\\/3c864cdc320801e3db34b663e7e3f816\",\"name\":\"Elodie Mazeau\",\"image\":{\"@type\":\"ImageObject\",\"inLanguage\":\"fr-FR\",\"@id\":\"https:\\\/\\\/bart-et-lemy.com\\\/blog\\\/wp-content\\\/uploads\\\/2026\\\/06\\\/persona_elodie-m-96x96.jpg\",\"url\":\"https:\\\/\\\/bart-et-lemy.com\\\/blog\\\/wp-content\\\/uploads\\\/2026\\\/06\\\/persona_elodie-m-96x96.jpg\",\"contentUrl\":\"https:\\\/\\\/bart-et-lemy.com\\\/blog\\\/wp-content\\\/uploads\\\/2026\\\/06\\\/persona_elodie-m-96x96.jpg\",\"caption\":\"Elodie Mazeau\"},\"description\":\"J'\u00e9cris sur la parentalit\u00e9 telle qu'elle se vit vraiment, du premier biberon aux premi\u00e8res col\u00e8res. Mes sujets de pr\u00e9dilection couvrent le quotidien des familles : sommeil, alimentation, organisation, pu\u00e9riculture et ces petites gal\u00e8res que tout parent conna\u00eet. Depuis plusieurs ann\u00e9es, je m'attache \u00e0 proposer des rep\u00e8res concrets plut\u00f4t que des le\u00e7ons, parce que chaque famille trouve son propre \u00e9quilibre. Je v\u00e9rifie mes informations aupr\u00e8s de sources fiables, surtout d\u00e8s qu'on touche \u00e0 la sant\u00e9 ou \u00e0 la s\u00e9curit\u00e9 de l'enfant, et je pr\u00e9cise quand un avis professionnel s'impose. J'\u00e9vite soigneusement la culpabilisation : \u00eatre parent est d\u00e9j\u00e0 assez exigeant. Mon ton se veut complice et bienveillant, un peu comme une discussion entre parents qui se comprennent. L'id\u00e9e est d'all\u00e9ger la charge mentale en donnant des solutions simples et test\u00e9es.\",\"sameAs\":[\"https:\\\/\\\/elodiemazeau.fr\\\/\"],\"url\":\"https:\\\/\\\/bart-et-lemy.com\\\/blog\\\/auteur\\\/noname\\\/\"}]}<\/script>\n<!-- \/ Yoast SEO Premium plugin. -->","yoast_head_json":{"title":"Affiche B\u00e9b\u00e9 Taille R\u00e9elle","description":"Une affiche b\u00e9b\u00e9 taille r\u00e9elle apporte une touche personnelle et unique \u00e0 cet espace.","robots":{"index":"index","follow":"follow","max-snippet":"max-snippet:-1","max-image-preview":"max-image-preview:large","max-video-preview":"max-video-preview:-1"},"canonical":"https:\/\/bart-et-lemy.com\/blog\/a-la-une\/affiche-bebe-taille-reelle-idees-et-inspirations-pour-votre-decoration\/","og_locale":"fr_FR","og_type":"article","og_title":"Affiche B\u00e9b\u00e9 Taille R\u00e9elle","og_description":"Une affiche b\u00e9b\u00e9 taille r\u00e9elle apporte une touche personnelle et unique \u00e0 cet espace.","og_url":"https:\/\/bart-et-lemy.com\/blog\/a-la-une\/affiche-bebe-taille-reelle-idees-et-inspirations-pour-votre-decoration\/","og_site_name":"bart-et-lemy.com","og_image":[{"width":1024,"height":576,"url":"https:\/\/bart-et-lemy.com\/blog\/wp-content\/uploads\/2025\/02\/stability-affiche-bebe-taille-reelle-idees-et-inspirations-pour-votre-decoration.png","type":"image\/png"}],"author":"Elodie Mazeau","twitter_card":"summary_large_image","schema":{"@context":"https:\/\/schema.org","@graph":[{"@type":"NewsArticle","@id":"https:\/\/bart-et-lemy.com\/blog\/a-la-une\/affiche-bebe-taille-reelle-idees-et-inspirations-pour-votre-decoration\/#article","isPartOf":{"@id":"https:\/\/bart-et-lemy.com\/blog\/a-la-une\/affiche-bebe-taille-reelle-idees-et-inspirations-pour-votre-decoration\/"},"author":{"name":"Elodie Mazeau","@id":"https:\/\/bart-et-lemy.com\/blog\/#\/schema\/person\/3c864cdc320801e3db34b663e7e3f816"},"headline":"Affiche B\u00e9b\u00e9 Taille R\u00e9elle : Id\u00e9es et Inspirations pour Votre D\u00e9coration","datePublished":"2025-02-11T16:59:00+00:00","mainEntityOfPage":{"@id":"https:\/\/bart-et-lemy.com\/blog\/a-la-une\/affiche-bebe-taille-reelle-idees-et-inspirations-pour-votre-decoration\/"},"wordCount":622,"commentCount":19,"publisher":{"@id":"https:\/\/bart-et-lemy.com\/blog\/#organization"},"image":{"@id":"https:\/\/bart-et-lemy.com\/blog\/a-la-une\/affiche-bebe-taille-reelle-idees-et-inspirations-pour-votre-decoration\/#primaryimage"},"thumbnailUrl":"https:\/\/bart-et-lemy.com\/blog\/wp-content\/uploads\/2025\/02\/stability-affiche-bebe-taille-reelle-idees-et-inspirations-pour-votre-decoration.png","keywords":["Affiche","B\u00e9b\u00e9","D\u00e9coration","\u00c9ducatif","Personnalisation","Taille R\u00e9elle"],"articleSection":["\u00c0 la une"],"inLanguage":"fr-FR","potentialAction":[{"@type":"CommentAction","name":"Comment","target":["https:\/\/bart-et-lemy.com\/blog\/a-la-une\/affiche-bebe-taille-reelle-idees-et-inspirations-pour-votre-decoration\/#respond"]}]},{"@type":"WebPage","@id":"https:\/\/bart-et-lemy.com\/blog\/a-la-une\/affiche-bebe-taille-reelle-idees-et-inspirations-pour-votre-decoration\/","url":"https:\/\/bart-et-lemy.com\/blog\/a-la-une\/affiche-bebe-taille-reelle-idees-et-inspirations-pour-votre-decoration\/","name":"Affiche B\u00e9b\u00e9 Taille R\u00e9elle","isPartOf":{"@id":"https:\/\/bart-et-lemy.com\/blog\/#website"},"primaryImageOfPage":{"@id":"https:\/\/bart-et-lemy.com\/blog\/a-la-une\/affiche-bebe-taille-reelle-idees-et-inspirations-pour-votre-decoration\/#primaryimage"},"image":{"@id":"https:\/\/bart-et-lemy.com\/blog\/a-la-une\/affiche-bebe-taille-reelle-idees-et-inspirations-pour-votre-decoration\/#primaryimage"},"thumbnailUrl":"https:\/\/bart-et-lemy.com\/blog\/wp-content\/uploads\/2025\/02\/stability-affiche-bebe-taille-reelle-idees-et-inspirations-pour-votre-decoration.png","datePublished":"2025-02-11T16:59:00+00:00","description":"Une affiche b\u00e9b\u00e9 taille r\u00e9elle apporte une touche personnelle et unique \u00e0 cet espace.","inLanguage":"fr-FR","potentialAction":[{"@type":"ReadAction","target":["https:\/\/bart-et-lemy.com\/blog\/a-la-une\/affiche-bebe-taille-reelle-idees-et-inspirations-pour-votre-decoration\/"]}]},{"@type":"ImageObject","inLanguage":"fr-FR","@id":"https:\/\/bart-et-lemy.com\/blog\/a-la-une\/affiche-bebe-taille-reelle-idees-et-inspirations-pour-votre-decoration\/#primaryimage","url":"https:\/\/bart-et-lemy.com\/blog\/wp-content\/uploads\/2025\/02\/stability-affiche-bebe-taille-reelle-idees-et-inspirations-pour-votre-decoration.png","contentUrl":"https:\/\/bart-et-lemy.com\/blog\/wp-content\/uploads\/2025\/02\/stability-affiche-bebe-taille-reelle-idees-et-inspirations-pour-votre-decoration.png","width":1024,"height":576},{"@type":"WebSite","@id":"https:\/\/bart-et-lemy.com\/blog\/#website","url":"https:\/\/bart-et-lemy.com\/blog\/","name":"Bart et Lemy","description":"L\u2019originalit\u00e9 en toute libert\u00e9.","publisher":{"@id":"https:\/\/bart-et-lemy.com\/blog\/#organization"},"alternateName":"Conseils parentaux, astuces famille et bien-\u00eatre enfant","potentialAction":[{"@type":"SearchAction","target":{"@type":"EntryPoint","urlTemplate":"https:\/\/bart-et-lemy.com\/blog\/?s={search_term_string}"},"query-input":{"@type":"PropertyValueSpecification","valueRequired":true,"valueName":"search_term_string"}}],"inLanguage":"fr-FR"},{"@type":"Organization","@id":"https:\/\/bart-et-lemy.com\/blog\/#organization","name":"Bart et Lemy","alternateName":"bart-et-lemy.com","url":"https:\/\/bart-et-lemy.com\/blog\/","logo":{"@type":"ImageObject","inLanguage":"fr-FR","@id":"https:\/\/bart-et-lemy.com\/blog\/#\/schema\/logo\/image\/","url":"https:\/\/bart-et-lemy.com\/blog\/wp-content\/uploads\/2026\/07\/logo-auto.png","contentUrl":"https:\/\/bart-et-lemy.com\/blog\/wp-content\/uploads\/2026\/07\/logo-auto.png","width":1024,"height":1024,"caption":"Bart et Lemy"},"image":{"@id":"https:\/\/bart-et-lemy.com\/blog\/#\/schema\/logo\/image\/"}},{"@type":"Person","@id":"https:\/\/bart-et-lemy.com\/blog\/#\/schema\/person\/3c864cdc320801e3db34b663e7e3f816","name":"Elodie Mazeau","image":{"@type":"ImageObject","inLanguage":"fr-FR","@id":"https:\/\/bart-et-lemy.com\/blog\/wp-content\/uploads\/2026\/06\/persona_elodie-m-96x96.jpg","url":"https:\/\/bart-et-lemy.com\/blog\/wp-content\/uploads\/2026\/06\/persona_elodie-m-96x96.jpg","contentUrl":"https:\/\/bart-et-lemy.com\/blog\/wp-content\/uploads\/2026\/06\/persona_elodie-m-96x96.jpg","caption":"Elodie Mazeau"},"description":"J'\u00e9cris sur la parentalit\u00e9 telle qu'elle se vit vraiment, du premier biberon aux premi\u00e8res col\u00e8res. Mes sujets de pr\u00e9dilection couvrent le quotidien des familles : sommeil, alimentation, organisation, pu\u00e9riculture et ces petites gal\u00e8res que tout parent conna\u00eet. Depuis plusieurs ann\u00e9es, je m'attache \u00e0 proposer des rep\u00e8res concrets plut\u00f4t que des le\u00e7ons, parce que chaque famille trouve son propre \u00e9quilibre. Je v\u00e9rifie mes informations aupr\u00e8s de sources fiables, surtout d\u00e8s qu'on touche \u00e0 la sant\u00e9 ou \u00e0 la s\u00e9curit\u00e9 de l'enfant, et je pr\u00e9cise quand un avis professionnel s'impose. J'\u00e9vite soigneusement la culpabilisation : \u00eatre parent est d\u00e9j\u00e0 assez exigeant. Mon ton se veut complice et bienveillant, un peu comme une discussion entre parents qui se comprennent. L'id\u00e9e est d'all\u00e9ger la charge mentale en donnant des solutions simples et test\u00e9es.","sameAs":["https:\/\/elodiemazeau.fr\/"],"url":"https:\/\/bart-et-lemy.com\/blog\/auteur\/noname\/"}]}},"_links":{"self":[{"href":"https:\/\/bart-et-lemy.com\/blog\/wp-json\/wp\/v2\/posts\/8293","targetHints":{"allow":["GET"]}}],"collection":[{"href":"https:\/\/bart-et-lemy.com\/blog\/wp-json\/wp\/v2\/posts"}],"about":[{"href":"https:\/\/bart-et-lemy.com\/blog\/wp-json\/wp\/v2\/types\/post"}],"author":[{"embeddable":true,"href":"https:\/\/bart-et-lemy.com\/blog\/wp-json\/wp\/v2\/users\/34"}],"replies":[{"embeddable":true,"href":"https:\/\/bart-et-lemy.com\/blog\/wp-json\/wp\/v2\/comments?post=8293"}],"version-history":[{"count":2,"href":"https:\/\/bart-et-lemy.com\/blog\/wp-json\/wp\/v2\/posts\/8293\/revisions"}],"predecessor-version":[{"id":9235,"href":"https:\/\/bart-et-lemy.com\/blog\/wp-json\/wp\/v2\/posts\/8293\/revisions\/9235"}],"wp:featuredmedia":[{"embeddable":true,"href":"https:\/\/bart-et-lemy.com\/blog\/wp-json\/wp\/v2\/media\/8294"}],"wp:attachment":[{"href":"https:\/\/bart-et-lemy.com\/blog\/wp-json\/wp\/v2\/media?parent=8293"}],"wp:term":[{"taxonomy":"category","embeddable":true,"href":"https:\/\/bart-et-lemy.com\/blog\/wp-json\/wp\/v2\/categories?post=8293"},{"taxonomy":"post_tag","embeddable":true,"href":"https:\/\/bart-et-lemy.com\/blog\/wp-json\/wp\/v2\/tags?post=8293"}],"curies":[{"name":"wp","href":"https:\/\/api.w.org\/{rel}","templated":true}]}}