{"id":8305,"date":"2025-02-12T17:59:00","date_gmt":"2025-02-12T16:59:00","guid":{"rendered":"https:\/\/bart-et-lemy.com\/blog\/?p=8305"},"modified":"2025-02-10T16:12:31","modified_gmt":"2025-02-10T15:12:31","slug":"coaching-pour-entreprises-a-strasbourg-un-soutien-pour-les-jeunes-parents","status":"publish","type":"post","link":"https:\/\/bart-et-lemy.com\/blog\/a-la-une\/coaching-pour-entreprises-a-strasbourg-un-soutien-pour-les-jeunes-parents\/","title":{"rendered":"Coaching pour entreprises \u00e0 Strasbourg : un soutien pour les jeunes parents"},"content":{"rendered":"<h2>Introduction : Un soutien essentiel pour les jeunes parents<\/h2>\n<p>\u00c0 Strasbourg, de nombreux professionnels jonglent entre les exigences de leur vie professionnelle et les besoins d&rsquo;un nouveau-n\u00e9. <strong>Le coaching d&rsquo;entreprise<\/strong> se r\u00e9v\u00e8le une solution pr\u00e9cieuse pour ces jeunes parents, leur offrant des outils pour \u00e9quilibrer leur vie personnelle et professionnelle.<\/p>\n<h2>Les b\u00e9n\u00e9fices du coaching pour les jeunes parents<\/h2>\n<p>Le coaching d&rsquo;entreprise s&rsquo;adresse \u00e0 ceux qui cherchent \u00e0 am\u00e9liorer leur gestion du temps et \u00e0 trouver des strat\u00e9gies adapt\u00e9es \u00e0 leur nouvelle r\u00e9alit\u00e9. En effet, les jeunes parents font face \u00e0 une multitude de d\u00e9fis, dont la gestion des priorit\u00e9s et la r\u00e9duction du stress. Voici quelques b\u00e9n\u00e9fices concrets :<\/p>\n<ul>\n<li><strong>Gestion du temps :<\/strong> Apprendre \u00e0 organiser son emploi du temps pour concilier travail et famille.<\/li>\n<li><strong>\u00c9quilibre vie professionnelle\/vie personnelle :<\/strong> D\u00e9velopper des strat\u00e9gies pour \u00e9viter le burn-out.<\/li>\n<li><strong>Communication efficace :<\/strong> Am\u00e9liorer les relations au sein de l&rsquo;\u00e9quipe tout en \u00e9tant pr\u00e9sent pour sa famille.<\/li>\n<\/ul>\n<h2>Comment se d\u00e9roule un coaching d&rsquo;entreprise \u00e0 Strasbourg ?<\/h2>\n<p>Le processus de coaching peut varier selon les besoins sp\u00e9cifiques de chaque parent. G\u00e9n\u00e9ralement, il se d\u00e9roule en plusieurs \u00e9tapes :<img width=\"1024\" height=\"576\" src=\"https:\/\/bart-et-lemy.com\/blog\/wp-content\/uploads\/2025\/02\/stability-coaching-pour-entreprises-a-strasbourg-un-soutien-pour-les-jeunes-parents-1.png\" class=\"aligncenter\" alt=\"Illustration d\u00e9taill\u00e9e sur Coaching pour entreprises \u00e0 Strasbourg : un soutien pour les jeunes parents\" title=\"Coaching pour entreprises \u00e0 Strasbourg : un soutien pour les jeunes parents\" decoding=\"async\" loading=\"lazy\" \/><\/p>\n<li><strong>\u00c9valuation des besoins :<\/strong> Identifiez vos d\u00e9fis actuels, tant professionnels que personnels.<\/li>\n<li><strong>\u00c9laboration d&rsquo;un plan d&rsquo;action :<\/strong> Cr\u00e9ez des objectifs clairs et r\u00e9alistes.<\/li>\n<li><strong>Suivi r\u00e9gulier :<\/strong> R\u00e9unions hebdomadaires ou mensuelles pour \u00e9valuer les progr\u00e8s.<\/li>\n<h2>Tableau r\u00e9capitulatif des offres de coaching \u00e0 Strasbourg<\/h2>\n<table>\n<tr>\n<th>Type de coaching<\/th>\n<th>Dur\u00e9e<\/th>\n<th>Co\u00fbt<\/th>\n<\/tr>\n<tr>\n<td>Coaching individuel<\/td>\n<td>1h par semaine<\/td>\n<td>70\u20ac par s\u00e9ance<\/td>\n<\/tr>\n<tr>\n<td>Ateliers de groupe<\/td>\n<td>2h par session<\/td>\n<td>30\u20ac par participant<\/td>\n<\/tr>\n<tr>\n<td>Coaching en entreprise<\/td>\n<td>Variable<\/td>\n<td>Sur devis<\/td>\n<\/tr>\n<\/table>\n<h2>Anecdotes inspirantes de parents coach\u00e9s<\/h2>\n<blockquote>\n<p>\u00ab\u00a0Gr\u00e2ce au coaching, j&rsquo;ai r\u00e9ussi \u00e0 instaurer une routine qui m\u2019a permis de passer plus de temps avec mon b\u00e9b\u00e9 sans sacrifier mes objectifs professionnels.\u00a0\u00bb &#8211; Claire, entrepreneuse strasbourgeoise<\/p>\n<\/blockquote>\n<h3>FAQ :<\/h3>\n<blockquote>\n<ul>\n<li><strong>Quel est le co\u00fbt moyen d&rsquo;un coaching \u00e0 Strasbourg ?<\/strong>Les tarifs varient selon le type de coaching, allant de 30\u20ac \u00e0 70\u20ac par s\u00e9ance.<\/li>\n<li><strong>Est-ce que le coaching est adapt\u00e9 \u00e0 tous les parents ?<\/strong>Oui, chaque coaching s&rsquo;adapte aux besoins sp\u00e9cifiques de chaque parent.<\/li>\n<li><strong>Combien de temps dure un programme de coaching ?<\/strong>La dur\u00e9e d\u00e9pend des objectifs, mais il est g\u00e9n\u00e9ralement conseill\u00e9 de pr\u00e9voir plusieurs mois.<\/li>\n<li><strong>Y a-t-il des groupes de soutien pour les jeunes parents ?<\/strong>Oui, de nombreux ateliers de groupe sont organis\u00e9s \u00e0 Strasbourg.<\/li>\n<\/ul>\n<\/blockquote>\n<p>Le coaching d&rsquo;entreprise \u00e0 Strasbourg offre un accompagnement pr\u00e9cieux pour les jeunes parents, leur permettant d&rsquo;adopter une approche \u00e9quilibr\u00e9e face \u00e0 leurs responsabilit\u00e9s professionnelles et familiales. En investissant dans un coaching adapt\u00e9, ces parents s&rsquo;\u00e9quipent pour mieux g\u00e9rer leur quotidien, tout en gardant \u00e0 l&rsquo;esprit l&rsquo;importance de leur bien-\u00eatre personnel.<\/p>\n","protected":false},"excerpt":{"rendered":"","protected":false},"author":34,"featured_media":8306,"comment_status":"open","ping_status":"open","sticky":false,"template":"","format":"standard","meta":{"_acf_changed":false,"manual_indexmenow":false,"indexmenow_id_project":0,"footnotes":""},"categories":[1],"tags":[4543,4818,4817,4546,4544,4547],"class_list":["post-8305","post","type-post","status-publish","format-standard","has-post-thumbnail","hentry","category-a-la-une","tag-coaching-dentreprise","tag-communication-efficace","tag-equilibre-vie-professionnelle","tag-gestion-du-temps","tag-jeunes-parents","tag-strasbourg","generate-columns","tablet-grid-50","mobile-grid-100","grid-parent","grid-25"],"acf":[],"yoast_head":"<!-- This site is optimized with the Yoast SEO Premium plugin v21.3 (Yoast SEO v27.3) - https:\/\/yoast.com\/product\/yoast-seo-premium-wordpress\/ -->\n<title>Coaching pour entreprises \u00e0 Strasbourg<\/title>\n<meta name=\"description\" content=\"\u00c0 Strasbourg, de nombreux professionnels jonglent entre les exigences de leur vie professionnelle et les besoins d&#039;un nouveau-n\u00e9.\" \/>\n<meta name=\"robots\" content=\"index, follow, max-snippet:-1, max-image-preview:large, max-video-preview:-1\" \/>\n<link rel=\"canonical\" href=\"https:\/\/bart-et-lemy.com\/blog\/a-la-une\/coaching-pour-entreprises-a-strasbourg-un-soutien-pour-les-jeunes-parents\/\" \/>\n<meta property=\"og:locale\" content=\"fr_FR\" \/>\n<meta property=\"og:type\" content=\"article\" \/>\n<meta property=\"og:title\" content=\"Coaching pour entreprises \u00e0 Strasbourg\" \/>\n<meta property=\"og:description\" content=\"\u00c0 Strasbourg, de nombreux professionnels jonglent entre les exigences de leur vie professionnelle et les besoins d&#039;un nouveau-n\u00e9.\" \/>\n<meta property=\"og:url\" content=\"https:\/\/bart-et-lemy.com\/blog\/a-la-une\/coaching-pour-entreprises-a-strasbourg-un-soutien-pour-les-jeunes-parents\/\" \/>\n<meta property=\"og:site_name\" content=\"bart-et-lemy.com\" \/>\n<meta property=\"og:image\" content=\"https:\/\/bart-et-lemy.com\/blog\/wp-content\/uploads\/2025\/02\/stability-coaching-pour-entreprises-a-strasbourg-un-soutien-pour-les-jeunes-parents.png\" \/>\n\t<meta property=\"og:image:width\" content=\"1024\" \/>\n\t<meta property=\"og:image:height\" content=\"576\" \/>\n\t<meta property=\"og:image:type\" content=\"image\/png\" \/>\n<meta name=\"author\" content=\"Elodie Mazeau\" \/>\n<meta name=\"twitter:card\" content=\"summary_large_image\" \/>\n<script type=\"application\/ld+json\" class=\"yoast-schema-graph\">{\"@context\":\"https:\\\/\\\/schema.org\",\"@graph\":[{\"@type\":\"NewsArticle\",\"@id\":\"https:\\\/\\\/bart-et-lemy.com\\\/blog\\\/a-la-une\\\/coaching-pour-entreprises-a-strasbourg-un-soutien-pour-les-jeunes-parents\\\/#article\",\"isPartOf\":{\"@id\":\"https:\\\/\\\/bart-et-lemy.com\\\/blog\\\/a-la-une\\\/coaching-pour-entreprises-a-strasbourg-un-soutien-pour-les-jeunes-parents\\\/\"},\"author\":{\"name\":\"Elodie Mazeau\",\"@id\":\"https:\\\/\\\/bart-et-lemy.com\\\/blog\\\/#\\\/schema\\\/person\\\/3c864cdc320801e3db34b663e7e3f816\"},\"headline\":\"Coaching pour entreprises \u00e0 Strasbourg : un soutien pour les jeunes parents\",\"datePublished\":\"2025-02-12T16:59:00+00:00\",\"mainEntityOfPage\":{\"@id\":\"https:\\\/\\\/bart-et-lemy.com\\\/blog\\\/a-la-une\\\/coaching-pour-entreprises-a-strasbourg-un-soutien-pour-les-jeunes-parents\\\/\"},\"wordCount\":473,\"commentCount\":15,\"publisher\":{\"@id\":\"https:\\\/\\\/bart-et-lemy.com\\\/blog\\\/#organization\"},\"image\":{\"@id\":\"https:\\\/\\\/bart-et-lemy.com\\\/blog\\\/a-la-une\\\/coaching-pour-entreprises-a-strasbourg-un-soutien-pour-les-jeunes-parents\\\/#primaryimage\"},\"thumbnailUrl\":\"https:\\\/\\\/bart-et-lemy.com\\\/blog\\\/wp-content\\\/uploads\\\/2025\\\/02\\\/stability-coaching-pour-entreprises-a-strasbourg-un-soutien-pour-les-jeunes-parents.png\",\"keywords\":[\"Coaching d'entreprise\",\"Communication efficace\",\"\u00c9quilibre vie professionnelle\",\"Gestion du temps\",\"Jeunes parents\",\"Strasbourg\"],\"articleSection\":[\"\u00c0 la une\"],\"inLanguage\":\"fr-FR\",\"potentialAction\":[{\"@type\":\"CommentAction\",\"name\":\"Comment\",\"target\":[\"https:\\\/\\\/bart-et-lemy.com\\\/blog\\\/a-la-une\\\/coaching-pour-entreprises-a-strasbourg-un-soutien-pour-les-jeunes-parents\\\/#respond\"]}]},{\"@type\":\"WebPage\",\"@id\":\"https:\\\/\\\/bart-et-lemy.com\\\/blog\\\/a-la-une\\\/coaching-pour-entreprises-a-strasbourg-un-soutien-pour-les-jeunes-parents\\\/\",\"url\":\"https:\\\/\\\/bart-et-lemy.com\\\/blog\\\/a-la-une\\\/coaching-pour-entreprises-a-strasbourg-un-soutien-pour-les-jeunes-parents\\\/\",\"name\":\"Coaching pour entreprises \u00e0 Strasbourg\",\"isPartOf\":{\"@id\":\"https:\\\/\\\/bart-et-lemy.com\\\/blog\\\/#website\"},\"primaryImageOfPage\":{\"@id\":\"https:\\\/\\\/bart-et-lemy.com\\\/blog\\\/a-la-une\\\/coaching-pour-entreprises-a-strasbourg-un-soutien-pour-les-jeunes-parents\\\/#primaryimage\"},\"image\":{\"@id\":\"https:\\\/\\\/bart-et-lemy.com\\\/blog\\\/a-la-une\\\/coaching-pour-entreprises-a-strasbourg-un-soutien-pour-les-jeunes-parents\\\/#primaryimage\"},\"thumbnailUrl\":\"https:\\\/\\\/bart-et-lemy.com\\\/blog\\\/wp-content\\\/uploads\\\/2025\\\/02\\\/stability-coaching-pour-entreprises-a-strasbourg-un-soutien-pour-les-jeunes-parents.png\",\"datePublished\":\"2025-02-12T16:59:00+00:00\",\"description\":\"\u00c0 Strasbourg, de nombreux professionnels jonglent entre les exigences de leur vie professionnelle et les besoins d'un nouveau-n\u00e9.\",\"inLanguage\":\"fr-FR\",\"potentialAction\":[{\"@type\":\"ReadAction\",\"target\":[\"https:\\\/\\\/bart-et-lemy.com\\\/blog\\\/a-la-une\\\/coaching-pour-entreprises-a-strasbourg-un-soutien-pour-les-jeunes-parents\\\/\"]}]},{\"@type\":\"ImageObject\",\"inLanguage\":\"fr-FR\",\"@id\":\"https:\\\/\\\/bart-et-lemy.com\\\/blog\\\/a-la-une\\\/coaching-pour-entreprises-a-strasbourg-un-soutien-pour-les-jeunes-parents\\\/#primaryimage\",\"url\":\"https:\\\/\\\/bart-et-lemy.com\\\/blog\\\/wp-content\\\/uploads\\\/2025\\\/02\\\/stability-coaching-pour-entreprises-a-strasbourg-un-soutien-pour-les-jeunes-parents.png\",\"contentUrl\":\"https:\\\/\\\/bart-et-lemy.com\\\/blog\\\/wp-content\\\/uploads\\\/2025\\\/02\\\/stability-coaching-pour-entreprises-a-strasbourg-un-soutien-pour-les-jeunes-parents.png\",\"width\":1024,\"height\":576},{\"@type\":\"WebSite\",\"@id\":\"https:\\\/\\\/bart-et-lemy.com\\\/blog\\\/#website\",\"url\":\"https:\\\/\\\/bart-et-lemy.com\\\/blog\\\/\",\"name\":\"Bart et Lemy\",\"description\":\"L\u2019originalit\u00e9 en toute libert\u00e9.\",\"publisher\":{\"@id\":\"https:\\\/\\\/bart-et-lemy.com\\\/blog\\\/#organization\"},\"alternateName\":\"Conseils parentaux, astuces famille et bien-\u00eatre enfant\",\"potentialAction\":[{\"@type\":\"SearchAction\",\"target\":{\"@type\":\"EntryPoint\",\"urlTemplate\":\"https:\\\/\\\/bart-et-lemy.com\\\/blog\\\/?s={search_term_string}\"},\"query-input\":{\"@type\":\"PropertyValueSpecification\",\"valueRequired\":true,\"valueName\":\"search_term_string\"}}],\"inLanguage\":\"fr-FR\"},{\"@type\":\"Organization\",\"@id\":\"https:\\\/\\\/bart-et-lemy.com\\\/blog\\\/#organization\",\"name\":\"Bart et Lemy\",\"alternateName\":\"bart-et-lemy.com\",\"url\":\"https:\\\/\\\/bart-et-lemy.com\\\/blog\\\/\",\"logo\":{\"@type\":\"ImageObject\",\"inLanguage\":\"fr-FR\",\"@id\":\"https:\\\/\\\/bart-et-lemy.com\\\/blog\\\/#\\\/schema\\\/logo\\\/image\\\/\",\"url\":\"https:\\\/\\\/bart-et-lemy.com\\\/blog\\\/wp-content\\\/uploads\\\/2026\\\/07\\\/logo-auto.png\",\"contentUrl\":\"https:\\\/\\\/bart-et-lemy.com\\\/blog\\\/wp-content\\\/uploads\\\/2026\\\/07\\\/logo-auto.png\",\"width\":1024,\"height\":1024,\"caption\":\"Bart et Lemy\"},\"image\":{\"@id\":\"https:\\\/\\\/bart-et-lemy.com\\\/blog\\\/#\\\/schema\\\/logo\\\/image\\\/\"}},{\"@type\":\"Person\",\"@id\":\"https:\\\/\\\/bart-et-lemy.com\\\/blog\\\/#\\\/schema\\\/person\\\/3c864cdc320801e3db34b663e7e3f816\",\"name\":\"Elodie Mazeau\",\"image\":{\"@type\":\"ImageObject\",\"inLanguage\":\"fr-FR\",\"@id\":\"https:\\\/\\\/bart-et-lemy.com\\\/blog\\\/wp-content\\\/uploads\\\/2026\\\/06\\\/persona_elodie-m-96x96.jpg\",\"url\":\"https:\\\/\\\/bart-et-lemy.com\\\/blog\\\/wp-content\\\/uploads\\\/2026\\\/06\\\/persona_elodie-m-96x96.jpg\",\"contentUrl\":\"https:\\\/\\\/bart-et-lemy.com\\\/blog\\\/wp-content\\\/uploads\\\/2026\\\/06\\\/persona_elodie-m-96x96.jpg\",\"caption\":\"Elodie Mazeau\"},\"description\":\"J'\u00e9cris sur la parentalit\u00e9 telle qu'elle se vit vraiment, du premier biberon aux premi\u00e8res col\u00e8res. Mes sujets de pr\u00e9dilection couvrent le quotidien des familles : sommeil, alimentation, organisation, pu\u00e9riculture et ces petites gal\u00e8res que tout parent conna\u00eet. Depuis plusieurs ann\u00e9es, je m'attache \u00e0 proposer des rep\u00e8res concrets plut\u00f4t que des le\u00e7ons, parce que chaque famille trouve son propre \u00e9quilibre. Je v\u00e9rifie mes informations aupr\u00e8s de sources fiables, surtout d\u00e8s qu'on touche \u00e0 la sant\u00e9 ou \u00e0 la s\u00e9curit\u00e9 de l'enfant, et je pr\u00e9cise quand un avis professionnel s'impose. J'\u00e9vite soigneusement la culpabilisation : \u00eatre parent est d\u00e9j\u00e0 assez exigeant. Mon ton se veut complice et bienveillant, un peu comme une discussion entre parents qui se comprennent. L'id\u00e9e est d'all\u00e9ger la charge mentale en donnant des solutions simples et test\u00e9es.\",\"sameAs\":[\"https:\\\/\\\/elodiemazeau.fr\\\/\"],\"url\":\"https:\\\/\\\/bart-et-lemy.com\\\/blog\\\/auteur\\\/noname\\\/\"}]}<\/script>\n<!-- \/ Yoast SEO Premium plugin. -->","yoast_head_json":{"title":"Coaching pour entreprises \u00e0 Strasbourg","description":"\u00c0 Strasbourg, de nombreux professionnels jonglent entre les exigences de leur vie professionnelle et les besoins d'un nouveau-n\u00e9.","robots":{"index":"index","follow":"follow","max-snippet":"max-snippet:-1","max-image-preview":"max-image-preview:large","max-video-preview":"max-video-preview:-1"},"canonical":"https:\/\/bart-et-lemy.com\/blog\/a-la-une\/coaching-pour-entreprises-a-strasbourg-un-soutien-pour-les-jeunes-parents\/","og_locale":"fr_FR","og_type":"article","og_title":"Coaching pour entreprises \u00e0 Strasbourg","og_description":"\u00c0 Strasbourg, de nombreux professionnels jonglent entre les exigences de leur vie professionnelle et les besoins d'un nouveau-n\u00e9.","og_url":"https:\/\/bart-et-lemy.com\/blog\/a-la-une\/coaching-pour-entreprises-a-strasbourg-un-soutien-pour-les-jeunes-parents\/","og_site_name":"bart-et-lemy.com","og_image":[{"width":1024,"height":576,"url":"https:\/\/bart-et-lemy.com\/blog\/wp-content\/uploads\/2025\/02\/stability-coaching-pour-entreprises-a-strasbourg-un-soutien-pour-les-jeunes-parents.png","type":"image\/png"}],"author":"Elodie Mazeau","twitter_card":"summary_large_image","schema":{"@context":"https:\/\/schema.org","@graph":[{"@type":"NewsArticle","@id":"https:\/\/bart-et-lemy.com\/blog\/a-la-une\/coaching-pour-entreprises-a-strasbourg-un-soutien-pour-les-jeunes-parents\/#article","isPartOf":{"@id":"https:\/\/bart-et-lemy.com\/blog\/a-la-une\/coaching-pour-entreprises-a-strasbourg-un-soutien-pour-les-jeunes-parents\/"},"author":{"name":"Elodie Mazeau","@id":"https:\/\/bart-et-lemy.com\/blog\/#\/schema\/person\/3c864cdc320801e3db34b663e7e3f816"},"headline":"Coaching pour entreprises \u00e0 Strasbourg : un soutien pour les jeunes parents","datePublished":"2025-02-12T16:59:00+00:00","mainEntityOfPage":{"@id":"https:\/\/bart-et-lemy.com\/blog\/a-la-une\/coaching-pour-entreprises-a-strasbourg-un-soutien-pour-les-jeunes-parents\/"},"wordCount":473,"commentCount":15,"publisher":{"@id":"https:\/\/bart-et-lemy.com\/blog\/#organization"},"image":{"@id":"https:\/\/bart-et-lemy.com\/blog\/a-la-une\/coaching-pour-entreprises-a-strasbourg-un-soutien-pour-les-jeunes-parents\/#primaryimage"},"thumbnailUrl":"https:\/\/bart-et-lemy.com\/blog\/wp-content\/uploads\/2025\/02\/stability-coaching-pour-entreprises-a-strasbourg-un-soutien-pour-les-jeunes-parents.png","keywords":["Coaching d'entreprise","Communication efficace","\u00c9quilibre vie professionnelle","Gestion du temps","Jeunes parents","Strasbourg"],"articleSection":["\u00c0 la une"],"inLanguage":"fr-FR","potentialAction":[{"@type":"CommentAction","name":"Comment","target":["https:\/\/bart-et-lemy.com\/blog\/a-la-une\/coaching-pour-entreprises-a-strasbourg-un-soutien-pour-les-jeunes-parents\/#respond"]}]},{"@type":"WebPage","@id":"https:\/\/bart-et-lemy.com\/blog\/a-la-une\/coaching-pour-entreprises-a-strasbourg-un-soutien-pour-les-jeunes-parents\/","url":"https:\/\/bart-et-lemy.com\/blog\/a-la-une\/coaching-pour-entreprises-a-strasbourg-un-soutien-pour-les-jeunes-parents\/","name":"Coaching pour entreprises \u00e0 Strasbourg","isPartOf":{"@id":"https:\/\/bart-et-lemy.com\/blog\/#website"},"primaryImageOfPage":{"@id":"https:\/\/bart-et-lemy.com\/blog\/a-la-une\/coaching-pour-entreprises-a-strasbourg-un-soutien-pour-les-jeunes-parents\/#primaryimage"},"image":{"@id":"https:\/\/bart-et-lemy.com\/blog\/a-la-une\/coaching-pour-entreprises-a-strasbourg-un-soutien-pour-les-jeunes-parents\/#primaryimage"},"thumbnailUrl":"https:\/\/bart-et-lemy.com\/blog\/wp-content\/uploads\/2025\/02\/stability-coaching-pour-entreprises-a-strasbourg-un-soutien-pour-les-jeunes-parents.png","datePublished":"2025-02-12T16:59:00+00:00","description":"\u00c0 Strasbourg, de nombreux professionnels jonglent entre les exigences de leur vie professionnelle et les besoins d'un nouveau-n\u00e9.","inLanguage":"fr-FR","potentialAction":[{"@type":"ReadAction","target":["https:\/\/bart-et-lemy.com\/blog\/a-la-une\/coaching-pour-entreprises-a-strasbourg-un-soutien-pour-les-jeunes-parents\/"]}]},{"@type":"ImageObject","inLanguage":"fr-FR","@id":"https:\/\/bart-et-lemy.com\/blog\/a-la-une\/coaching-pour-entreprises-a-strasbourg-un-soutien-pour-les-jeunes-parents\/#primaryimage","url":"https:\/\/bart-et-lemy.com\/blog\/wp-content\/uploads\/2025\/02\/stability-coaching-pour-entreprises-a-strasbourg-un-soutien-pour-les-jeunes-parents.png","contentUrl":"https:\/\/bart-et-lemy.com\/blog\/wp-content\/uploads\/2025\/02\/stability-coaching-pour-entreprises-a-strasbourg-un-soutien-pour-les-jeunes-parents.png","width":1024,"height":576},{"@type":"WebSite","@id":"https:\/\/bart-et-lemy.com\/blog\/#website","url":"https:\/\/bart-et-lemy.com\/blog\/","name":"Bart et Lemy","description":"L\u2019originalit\u00e9 en toute libert\u00e9.","publisher":{"@id":"https:\/\/bart-et-lemy.com\/blog\/#organization"},"alternateName":"Conseils parentaux, astuces famille et bien-\u00eatre enfant","potentialAction":[{"@type":"SearchAction","target":{"@type":"EntryPoint","urlTemplate":"https:\/\/bart-et-lemy.com\/blog\/?s={search_term_string}"},"query-input":{"@type":"PropertyValueSpecification","valueRequired":true,"valueName":"search_term_string"}}],"inLanguage":"fr-FR"},{"@type":"Organization","@id":"https:\/\/bart-et-lemy.com\/blog\/#organization","name":"Bart et Lemy","alternateName":"bart-et-lemy.com","url":"https:\/\/bart-et-lemy.com\/blog\/","logo":{"@type":"ImageObject","inLanguage":"fr-FR","@id":"https:\/\/bart-et-lemy.com\/blog\/#\/schema\/logo\/image\/","url":"https:\/\/bart-et-lemy.com\/blog\/wp-content\/uploads\/2026\/07\/logo-auto.png","contentUrl":"https:\/\/bart-et-lemy.com\/blog\/wp-content\/uploads\/2026\/07\/logo-auto.png","width":1024,"height":1024,"caption":"Bart et Lemy"},"image":{"@id":"https:\/\/bart-et-lemy.com\/blog\/#\/schema\/logo\/image\/"}},{"@type":"Person","@id":"https:\/\/bart-et-lemy.com\/blog\/#\/schema\/person\/3c864cdc320801e3db34b663e7e3f816","name":"Elodie Mazeau","image":{"@type":"ImageObject","inLanguage":"fr-FR","@id":"https:\/\/bart-et-lemy.com\/blog\/wp-content\/uploads\/2026\/06\/persona_elodie-m-96x96.jpg","url":"https:\/\/bart-et-lemy.com\/blog\/wp-content\/uploads\/2026\/06\/persona_elodie-m-96x96.jpg","contentUrl":"https:\/\/bart-et-lemy.com\/blog\/wp-content\/uploads\/2026\/06\/persona_elodie-m-96x96.jpg","caption":"Elodie Mazeau"},"description":"J'\u00e9cris sur la parentalit\u00e9 telle qu'elle se vit vraiment, du premier biberon aux premi\u00e8res col\u00e8res. Mes sujets de pr\u00e9dilection couvrent le quotidien des familles : sommeil, alimentation, organisation, pu\u00e9riculture et ces petites gal\u00e8res que tout parent conna\u00eet. Depuis plusieurs ann\u00e9es, je m'attache \u00e0 proposer des rep\u00e8res concrets plut\u00f4t que des le\u00e7ons, parce que chaque famille trouve son propre \u00e9quilibre. Je v\u00e9rifie mes informations aupr\u00e8s de sources fiables, surtout d\u00e8s qu'on touche \u00e0 la sant\u00e9 ou \u00e0 la s\u00e9curit\u00e9 de l'enfant, et je pr\u00e9cise quand un avis professionnel s'impose. J'\u00e9vite soigneusement la culpabilisation : \u00eatre parent est d\u00e9j\u00e0 assez exigeant. Mon ton se veut complice et bienveillant, un peu comme une discussion entre parents qui se comprennent. L'id\u00e9e est d'all\u00e9ger la charge mentale en donnant des solutions simples et test\u00e9es.","sameAs":["https:\/\/elodiemazeau.fr\/"],"url":"https:\/\/bart-et-lemy.com\/blog\/auteur\/noname\/"}]}},"_links":{"self":[{"href":"https:\/\/bart-et-lemy.com\/blog\/wp-json\/wp\/v2\/posts\/8305","targetHints":{"allow":["GET"]}}],"collection":[{"href":"https:\/\/bart-et-lemy.com\/blog\/wp-json\/wp\/v2\/posts"}],"about":[{"href":"https:\/\/bart-et-lemy.com\/blog\/wp-json\/wp\/v2\/types\/post"}],"author":[{"embeddable":true,"href":"https:\/\/bart-et-lemy.com\/blog\/wp-json\/wp\/v2\/users\/34"}],"replies":[{"embeddable":true,"href":"https:\/\/bart-et-lemy.com\/blog\/wp-json\/wp\/v2\/comments?post=8305"}],"version-history":[{"count":2,"href":"https:\/\/bart-et-lemy.com\/blog\/wp-json\/wp\/v2\/posts\/8305\/revisions"}],"predecessor-version":[{"id":9403,"href":"https:\/\/bart-et-lemy.com\/blog\/wp-json\/wp\/v2\/posts\/8305\/revisions\/9403"}],"wp:featuredmedia":[{"embeddable":true,"href":"https:\/\/bart-et-lemy.com\/blog\/wp-json\/wp\/v2\/media\/8306"}],"wp:attachment":[{"href":"https:\/\/bart-et-lemy.com\/blog\/wp-json\/wp\/v2\/media?parent=8305"}],"wp:term":[{"taxonomy":"category","embeddable":true,"href":"https:\/\/bart-et-lemy.com\/blog\/wp-json\/wp\/v2\/categories?post=8305"},{"taxonomy":"post_tag","embeddable":true,"href":"https:\/\/bart-et-lemy.com\/blog\/wp-json\/wp\/v2\/tags?post=8305"}],"curies":[{"name":"wp","href":"https:\/\/api.w.org\/{rel}","templated":true}]}}