{"id":8325,"date":"2025-02-10T18:19:00","date_gmt":"2025-02-10T17:19:00","guid":{"rendered":"https:\/\/bart-et-lemy.com\/blog\/?p=8325"},"modified":"2025-02-10T16:15:02","modified_gmt":"2025-02-10T15:15:02","slug":"comprendre-pourquoi-votre-bebe-se-bouche-les-oreilles-causes-et-solutions","status":"publish","type":"post","link":"https:\/\/bart-et-lemy.com\/blog\/a-la-une\/comprendre-pourquoi-votre-bebe-se-bouche-les-oreilles-causes-et-solutions\/","title":{"rendered":"Comprendre pourquoi votre b\u00e9b\u00e9 se bouche les oreilles : Causes et solutions"},"content":{"rendered":"<h2>Introduction<\/h2>\n<p>Pourquoi un enfant de si jeune \u00e2ge adopte-t-il une telle attitude ? Est-ce une simple r\u00e9action \u00e0 un bruit trop fort, ou cela cache-t-il quelque chose de plus pr\u00e9occupant ? Cet article explore les diff\u00e9rentes raisons pour lesquelles un b\u00e9b\u00e9 peut se boucher les oreilles, ainsi que des conseils pratiques pour les parents.<\/p>\n<h2>Les raisons derri\u00e8re ce comportement<\/h2>\n<p>Les b\u00e9b\u00e9s se bouchent souvent les oreilles pour diverses raisons. Voici quelques-unes des plus courantes :<\/p>\n<ul>\n<li><strong>R\u00e9action \u00e0 un bruit fort :<\/strong> Les b\u00e9b\u00e9s ont une ou\u00efe sensible. Un bruit soudain ou trop fort peut les surprendre et les inciter \u00e0 se couvrir les oreilles.<\/li>\n<li><strong>Inconfort physique :<\/strong> Parfois, un b\u00e9b\u00e9 se bouche les oreilles en raison de douleurs caus\u00e9es par une otite ou d&rsquo;autres infections. Cette action peut \u00eatre une tentative d&rsquo;att\u00e9nuer la douleur.<\/li>\n<li><strong>Exploration sensorielle :<\/strong> Les b\u00e9b\u00e9s explorent leur environnement \u00e0 travers leurs sens. Se boucher les oreilles peut faire partie de cette exploration, leur permettant d\u2019exp\u00e9rimenter la diff\u00e9rence entre le son et le silence.<\/li>\n<\/ul>\n<h2>Les cons\u00e9quences possibles<\/h2>\n<p>Il est essentiel de pr\u00eater attention \u00e0 ce comportement, car il peut avoir des implications pour la sant\u00e9 et le bien-\u00eatre de votre enfant. Voici quelques cons\u00e9quences possibles :<img width=\"1024\" height=\"576\" src=\"https:\/\/bart-et-lemy.com\/blog\/wp-content\/uploads\/2025\/02\/stability-comprendre-pourquoi-votre-bebe-se-bouche-les-oreilles-causes-et-solutions-1.png\" class=\"aligncenter\" alt=\"Illustration d\u00e9taill\u00e9e sur Comprendre pourquoi votre b\u00e9b\u00e9 se bouche les oreilles : Causes et solutions\" title=\"Comprendre pourquoi votre b\u00e9b\u00e9 se bouche les oreilles : Causes et solutions\" decoding=\"async\" loading=\"lazy\" \/><\/p>\n<table>\n<tr>\n<th>Cons\u00e9quence<\/th>\n<th>Explication<\/th>\n<th>Solutions<\/th>\n<\/tr>\n<tr>\n<td>Infection de l&rsquo;oreille<\/td>\n<td>Un b\u00e9b\u00e9 qui se touche fr\u00e9quemment les oreilles pourrait souffrir d&rsquo;une infection.<\/td>\n<td>Consulter un p\u00e9diatre pour un examen m\u00e9dical.<\/td>\n<\/tr>\n<tr>\n<td>R\u00e9action au stress<\/td>\n<td>Le fait de se boucher les oreilles peut \u00eatre un signe de stress ou d&rsquo;anxi\u00e9t\u00e9.<\/td>\n<td>Cr\u00e9er un environnement calme et rassurant.<\/td>\n<\/tr>\n<tr>\n<td>Difficult\u00e9s de communication<\/td>\n<td>Un enfant qui \u00e9vite les sons peut avoir des retards de langage.<\/td>\n<td>Encourager les interactions verbales et consulter un orthophoniste.<\/td>\n<\/tr>\n<\/table>\n<h2>Comment r\u00e9agir face \u00e0 ce comportement ?<\/h2>\n<p>Face \u00e0 un b\u00e9b\u00e9 qui se bouche les oreilles, il est important d\u2019adopter une approche calme et rassurante. Voici quelques \u00e9tapes \u00e0 suivre :<\/p>\n<ul>\n<li><strong>Observation :<\/strong> Surveillez les circonstances dans lesquelles votre b\u00e9b\u00e9 se bouche les oreilles. Est-ce toujours en r\u00e9ponse \u00e0 un bruit sp\u00e9cifique ?<\/li>\n<li><strong>Consultation m\u00e9dicale :<\/strong> Si ce comportement persiste, consultez un p\u00e9diatre pour \u00e9valuer la sant\u00e9 auditive de votre enfant.<\/li>\n<li><strong>Rassurer votre b\u00e9b\u00e9 :<\/strong> Lorsque votre enfant se sent submerg\u00e9 par les sons, essayez de le calmer en le ber\u00e7ant ou en lui parlant doucement.<\/li>\n<\/ul>\n<blockquote><p>\u201cLes enfants per\u00e7oivent le monde diff\u00e9remment. Il est crucial de les accompagner dans leurs d\u00e9couvertes.\u201d<\/p><\/blockquote>\n<h2>FAQ :<\/h2>\n<blockquote>\n<ul>\n<li><strong>Pourquoi mon b\u00e9b\u00e9 se bouche les oreilles tout le temps ?<\/strong> Cela peut indiquer une sensibilit\u00e9 accrue aux bruits ou un inconfort physique. Consultez un m\u00e9decin si cela persiste.<\/li>\n<li><strong>Est-ce normal qu&rsquo;un b\u00e9b\u00e9 se bouche les oreilles ?<\/strong> Oui, c&rsquo;est un comportement courant, surtout en r\u00e9action \u00e0 des bruits forts ou d\u00e9sagr\u00e9ables.<\/li>\n<li><strong>Comment puis-je aider mon b\u00e9b\u00e9 \u00e0 ne pas se boucher les oreilles ?<\/strong> Cr\u00e9ez un environnement calme et utilisez des sons apaisants pour aider votre b\u00e9b\u00e9 \u00e0 s&rsquo;habituer aux bruits.<\/li>\n<li><strong>Quand devrais-je m&rsquo;inqui\u00e9ter ?<\/strong> Si votre b\u00e9b\u00e9 se bouche les oreilles fr\u00e9quemment ou semble en douleur, consultez un p\u00e9diatre.<\/li>\n<\/ul>\n<\/blockquote>\n<p>En conclusion, un b\u00e9b\u00e9 qui se bouche les oreilles peut simplement chercher \u00e0 g\u00e9rer son environnement sonore ou exprimer un inconfort. En observant attentivement et en r\u00e9pondant avec amour et compr\u00e9hension, vous pouvez aider votre enfant \u00e0 naviguer ces exp\u00e9riences. Ne n\u00e9gligez pas l&rsquo;importance d&rsquo;un suivi m\u00e9dical si ce comportement devient r\u00e9current.<\/p>\n","protected":false},"excerpt":{"rendered":"","protected":false},"author":34,"featured_media":8326,"comment_status":"open","ping_status":"open","sticky":false,"template":"","format":"standard","meta":{"_acf_changed":false,"manual_indexmenow":false,"indexmenow_id_project":0,"footnotes":""},"categories":[1],"tags":[4590,5096,5098,4563,5097,5095],"class_list":["post-8325","post","type-post","status-publish","format-standard","has-post-thumbnail","hentry","category-a-la-une","tag-bebe","tag-bruit","tag-consultation","tag-enfant","tag-inconfort","tag-oreilles","generate-columns","tablet-grid-50","mobile-grid-100","grid-parent","grid-25"],"acf":[],"yoast_head":"<!-- This site is optimized with the Yoast SEO Premium plugin v21.3 (Yoast SEO v27.3) - https:\/\/yoast.com\/product\/yoast-seo-premium-wordpress\/ -->\n<title>Comprendre pourquoi votre b\u00e9b\u00e9 se bouche les oreilles<\/title>\n<meta name=\"description\" content=\"Pourquoi un enfant de si jeune \u00e2ge adopte-t-il une telle attitude ? Est-ce une simple r\u00e9action \u00e0 un bruit trop fort, ou cela cache-t-il quelque chose de\u2026\" \/>\n<meta name=\"robots\" content=\"index, follow, max-snippet:-1, max-image-preview:large, max-video-preview:-1\" \/>\n<link rel=\"canonical\" href=\"https:\/\/bart-et-lemy.com\/blog\/a-la-une\/comprendre-pourquoi-votre-bebe-se-bouche-les-oreilles-causes-et-solutions\/\" \/>\n<meta property=\"og:locale\" content=\"fr_FR\" \/>\n<meta property=\"og:type\" content=\"article\" \/>\n<meta property=\"og:title\" content=\"Comprendre pourquoi votre b\u00e9b\u00e9 se bouche les oreilles\" \/>\n<meta property=\"og:description\" content=\"Pourquoi un enfant de si jeune \u00e2ge adopte-t-il une telle attitude ? Est-ce une simple r\u00e9action \u00e0 un bruit trop fort, ou cela cache-t-il quelque chose de\u2026\" \/>\n<meta property=\"og:url\" content=\"https:\/\/bart-et-lemy.com\/blog\/a-la-une\/comprendre-pourquoi-votre-bebe-se-bouche-les-oreilles-causes-et-solutions\/\" \/>\n<meta property=\"og:site_name\" content=\"bart-et-lemy.com\" \/>\n<meta property=\"og:image\" content=\"https:\/\/bart-et-lemy.com\/blog\/wp-content\/uploads\/2025\/02\/stability-comprendre-pourquoi-votre-bebe-se-bouche-les-oreilles-causes-et-solutions.png\" \/>\n\t<meta property=\"og:image:width\" content=\"1024\" \/>\n\t<meta property=\"og:image:height\" content=\"576\" \/>\n\t<meta property=\"og:image:type\" content=\"image\/png\" \/>\n<meta name=\"author\" content=\"Elodie Mazeau\" \/>\n<meta name=\"twitter:card\" content=\"summary_large_image\" \/>\n<script type=\"application\/ld+json\" class=\"yoast-schema-graph\">{\"@context\":\"https:\\\/\\\/schema.org\",\"@graph\":[{\"@type\":\"NewsArticle\",\"@id\":\"https:\\\/\\\/bart-et-lemy.com\\\/blog\\\/a-la-une\\\/comprendre-pourquoi-votre-bebe-se-bouche-les-oreilles-causes-et-solutions\\\/#article\",\"isPartOf\":{\"@id\":\"https:\\\/\\\/bart-et-lemy.com\\\/blog\\\/a-la-une\\\/comprendre-pourquoi-votre-bebe-se-bouche-les-oreilles-causes-et-solutions\\\/\"},\"author\":{\"name\":\"Elodie Mazeau\",\"@id\":\"https:\\\/\\\/bart-et-lemy.com\\\/blog\\\/#\\\/schema\\\/person\\\/3c864cdc320801e3db34b663e7e3f816\"},\"headline\":\"Comprendre pourquoi votre b\u00e9b\u00e9 se bouche les oreilles : Causes et solutions\",\"datePublished\":\"2025-02-10T17:19:00+00:00\",\"mainEntityOfPage\":{\"@id\":\"https:\\\/\\\/bart-et-lemy.com\\\/blog\\\/a-la-une\\\/comprendre-pourquoi-votre-bebe-se-bouche-les-oreilles-causes-et-solutions\\\/\"},\"wordCount\":594,\"commentCount\":21,\"publisher\":{\"@id\":\"https:\\\/\\\/bart-et-lemy.com\\\/blog\\\/#organization\"},\"image\":{\"@id\":\"https:\\\/\\\/bart-et-lemy.com\\\/blog\\\/a-la-une\\\/comprendre-pourquoi-votre-bebe-se-bouche-les-oreilles-causes-et-solutions\\\/#primaryimage\"},\"thumbnailUrl\":\"https:\\\/\\\/bart-et-lemy.com\\\/blog\\\/wp-content\\\/uploads\\\/2025\\\/02\\\/stability-comprendre-pourquoi-votre-bebe-se-bouche-les-oreilles-causes-et-solutions.png\",\"keywords\":[\"B\u00e9b\u00e9\",\"Bruit\",\"Consultation\",\"Enfant\",\"Inconfort\",\"Oreilles\"],\"articleSection\":[\"\u00c0 la une\"],\"inLanguage\":\"fr-FR\",\"potentialAction\":[{\"@type\":\"CommentAction\",\"name\":\"Comment\",\"target\":[\"https:\\\/\\\/bart-et-lemy.com\\\/blog\\\/a-la-une\\\/comprendre-pourquoi-votre-bebe-se-bouche-les-oreilles-causes-et-solutions\\\/#respond\"]}]},{\"@type\":\"WebPage\",\"@id\":\"https:\\\/\\\/bart-et-lemy.com\\\/blog\\\/a-la-une\\\/comprendre-pourquoi-votre-bebe-se-bouche-les-oreilles-causes-et-solutions\\\/\",\"url\":\"https:\\\/\\\/bart-et-lemy.com\\\/blog\\\/a-la-une\\\/comprendre-pourquoi-votre-bebe-se-bouche-les-oreilles-causes-et-solutions\\\/\",\"name\":\"Comprendre pourquoi votre b\u00e9b\u00e9 se bouche les oreilles\",\"isPartOf\":{\"@id\":\"https:\\\/\\\/bart-et-lemy.com\\\/blog\\\/#website\"},\"primaryImageOfPage\":{\"@id\":\"https:\\\/\\\/bart-et-lemy.com\\\/blog\\\/a-la-une\\\/comprendre-pourquoi-votre-bebe-se-bouche-les-oreilles-causes-et-solutions\\\/#primaryimage\"},\"image\":{\"@id\":\"https:\\\/\\\/bart-et-lemy.com\\\/blog\\\/a-la-une\\\/comprendre-pourquoi-votre-bebe-se-bouche-les-oreilles-causes-et-solutions\\\/#primaryimage\"},\"thumbnailUrl\":\"https:\\\/\\\/bart-et-lemy.com\\\/blog\\\/wp-content\\\/uploads\\\/2025\\\/02\\\/stability-comprendre-pourquoi-votre-bebe-se-bouche-les-oreilles-causes-et-solutions.png\",\"datePublished\":\"2025-02-10T17:19:00+00:00\",\"description\":\"Pourquoi un enfant de si jeune \u00e2ge adopte-t-il une telle attitude ? Est-ce une simple r\u00e9action \u00e0 un bruit trop fort, ou cela cache-t-il quelque chose de\u2026\",\"inLanguage\":\"fr-FR\",\"potentialAction\":[{\"@type\":\"ReadAction\",\"target\":[\"https:\\\/\\\/bart-et-lemy.com\\\/blog\\\/a-la-une\\\/comprendre-pourquoi-votre-bebe-se-bouche-les-oreilles-causes-et-solutions\\\/\"]}]},{\"@type\":\"ImageObject\",\"inLanguage\":\"fr-FR\",\"@id\":\"https:\\\/\\\/bart-et-lemy.com\\\/blog\\\/a-la-une\\\/comprendre-pourquoi-votre-bebe-se-bouche-les-oreilles-causes-et-solutions\\\/#primaryimage\",\"url\":\"https:\\\/\\\/bart-et-lemy.com\\\/blog\\\/wp-content\\\/uploads\\\/2025\\\/02\\\/stability-comprendre-pourquoi-votre-bebe-se-bouche-les-oreilles-causes-et-solutions.png\",\"contentUrl\":\"https:\\\/\\\/bart-et-lemy.com\\\/blog\\\/wp-content\\\/uploads\\\/2025\\\/02\\\/stability-comprendre-pourquoi-votre-bebe-se-bouche-les-oreilles-causes-et-solutions.png\",\"width\":1024,\"height\":576},{\"@type\":\"WebSite\",\"@id\":\"https:\\\/\\\/bart-et-lemy.com\\\/blog\\\/#website\",\"url\":\"https:\\\/\\\/bart-et-lemy.com\\\/blog\\\/\",\"name\":\"Bart et Lemy\",\"description\":\"L\u2019originalit\u00e9 en toute libert\u00e9.\",\"publisher\":{\"@id\":\"https:\\\/\\\/bart-et-lemy.com\\\/blog\\\/#organization\"},\"alternateName\":\"Conseils parentaux, astuces famille et bien-\u00eatre enfant\",\"potentialAction\":[{\"@type\":\"SearchAction\",\"target\":{\"@type\":\"EntryPoint\",\"urlTemplate\":\"https:\\\/\\\/bart-et-lemy.com\\\/blog\\\/?s={search_term_string}\"},\"query-input\":{\"@type\":\"PropertyValueSpecification\",\"valueRequired\":true,\"valueName\":\"search_term_string\"}}],\"inLanguage\":\"fr-FR\"},{\"@type\":\"Organization\",\"@id\":\"https:\\\/\\\/bart-et-lemy.com\\\/blog\\\/#organization\",\"name\":\"Bart et Lemy\",\"alternateName\":\"bart-et-lemy.com\",\"url\":\"https:\\\/\\\/bart-et-lemy.com\\\/blog\\\/\",\"logo\":{\"@type\":\"ImageObject\",\"inLanguage\":\"fr-FR\",\"@id\":\"https:\\\/\\\/bart-et-lemy.com\\\/blog\\\/#\\\/schema\\\/logo\\\/image\\\/\",\"url\":\"https:\\\/\\\/bart-et-lemy.com\\\/blog\\\/wp-content\\\/uploads\\\/2026\\\/07\\\/logo-auto.png\",\"contentUrl\":\"https:\\\/\\\/bart-et-lemy.com\\\/blog\\\/wp-content\\\/uploads\\\/2026\\\/07\\\/logo-auto.png\",\"width\":1024,\"height\":1024,\"caption\":\"Bart et Lemy\"},\"image\":{\"@id\":\"https:\\\/\\\/bart-et-lemy.com\\\/blog\\\/#\\\/schema\\\/logo\\\/image\\\/\"}},{\"@type\":\"Person\",\"@id\":\"https:\\\/\\\/bart-et-lemy.com\\\/blog\\\/#\\\/schema\\\/person\\\/3c864cdc320801e3db34b663e7e3f816\",\"name\":\"Elodie Mazeau\",\"image\":{\"@type\":\"ImageObject\",\"inLanguage\":\"fr-FR\",\"@id\":\"https:\\\/\\\/bart-et-lemy.com\\\/blog\\\/wp-content\\\/uploads\\\/2026\\\/06\\\/persona_elodie-m-96x96.jpg\",\"url\":\"https:\\\/\\\/bart-et-lemy.com\\\/blog\\\/wp-content\\\/uploads\\\/2026\\\/06\\\/persona_elodie-m-96x96.jpg\",\"contentUrl\":\"https:\\\/\\\/bart-et-lemy.com\\\/blog\\\/wp-content\\\/uploads\\\/2026\\\/06\\\/persona_elodie-m-96x96.jpg\",\"caption\":\"Elodie Mazeau\"},\"description\":\"J'\u00e9cris sur la parentalit\u00e9 telle qu'elle se vit vraiment, du premier biberon aux premi\u00e8res col\u00e8res. Mes sujets de pr\u00e9dilection couvrent le quotidien des familles : sommeil, alimentation, organisation, pu\u00e9riculture et ces petites gal\u00e8res que tout parent conna\u00eet. Depuis plusieurs ann\u00e9es, je m'attache \u00e0 proposer des rep\u00e8res concrets plut\u00f4t que des le\u00e7ons, parce que chaque famille trouve son propre \u00e9quilibre. Je v\u00e9rifie mes informations aupr\u00e8s de sources fiables, surtout d\u00e8s qu'on touche \u00e0 la sant\u00e9 ou \u00e0 la s\u00e9curit\u00e9 de l'enfant, et je pr\u00e9cise quand un avis professionnel s'impose. J'\u00e9vite soigneusement la culpabilisation : \u00eatre parent est d\u00e9j\u00e0 assez exigeant. Mon ton se veut complice et bienveillant, un peu comme une discussion entre parents qui se comprennent. L'id\u00e9e est d'all\u00e9ger la charge mentale en donnant des solutions simples et test\u00e9es.\",\"sameAs\":[\"https:\\\/\\\/elodiemazeau.fr\\\/\"],\"url\":\"https:\\\/\\\/bart-et-lemy.com\\\/blog\\\/auteur\\\/noname\\\/\"}]}<\/script>\n<!-- \/ Yoast SEO Premium plugin. -->","yoast_head_json":{"title":"Comprendre pourquoi votre b\u00e9b\u00e9 se bouche les oreilles","description":"Pourquoi un enfant de si jeune \u00e2ge adopte-t-il une telle attitude ? Est-ce une simple r\u00e9action \u00e0 un bruit trop fort, ou cela cache-t-il quelque chose de\u2026","robots":{"index":"index","follow":"follow","max-snippet":"max-snippet:-1","max-image-preview":"max-image-preview:large","max-video-preview":"max-video-preview:-1"},"canonical":"https:\/\/bart-et-lemy.com\/blog\/a-la-une\/comprendre-pourquoi-votre-bebe-se-bouche-les-oreilles-causes-et-solutions\/","og_locale":"fr_FR","og_type":"article","og_title":"Comprendre pourquoi votre b\u00e9b\u00e9 se bouche les oreilles","og_description":"Pourquoi un enfant de si jeune \u00e2ge adopte-t-il une telle attitude ? Est-ce une simple r\u00e9action \u00e0 un bruit trop fort, ou cela cache-t-il quelque chose de\u2026","og_url":"https:\/\/bart-et-lemy.com\/blog\/a-la-une\/comprendre-pourquoi-votre-bebe-se-bouche-les-oreilles-causes-et-solutions\/","og_site_name":"bart-et-lemy.com","og_image":[{"width":1024,"height":576,"url":"https:\/\/bart-et-lemy.com\/blog\/wp-content\/uploads\/2025\/02\/stability-comprendre-pourquoi-votre-bebe-se-bouche-les-oreilles-causes-et-solutions.png","type":"image\/png"}],"author":"Elodie Mazeau","twitter_card":"summary_large_image","schema":{"@context":"https:\/\/schema.org","@graph":[{"@type":"NewsArticle","@id":"https:\/\/bart-et-lemy.com\/blog\/a-la-une\/comprendre-pourquoi-votre-bebe-se-bouche-les-oreilles-causes-et-solutions\/#article","isPartOf":{"@id":"https:\/\/bart-et-lemy.com\/blog\/a-la-une\/comprendre-pourquoi-votre-bebe-se-bouche-les-oreilles-causes-et-solutions\/"},"author":{"name":"Elodie Mazeau","@id":"https:\/\/bart-et-lemy.com\/blog\/#\/schema\/person\/3c864cdc320801e3db34b663e7e3f816"},"headline":"Comprendre pourquoi votre b\u00e9b\u00e9 se bouche les oreilles : Causes et solutions","datePublished":"2025-02-10T17:19:00+00:00","mainEntityOfPage":{"@id":"https:\/\/bart-et-lemy.com\/blog\/a-la-une\/comprendre-pourquoi-votre-bebe-se-bouche-les-oreilles-causes-et-solutions\/"},"wordCount":594,"commentCount":21,"publisher":{"@id":"https:\/\/bart-et-lemy.com\/blog\/#organization"},"image":{"@id":"https:\/\/bart-et-lemy.com\/blog\/a-la-une\/comprendre-pourquoi-votre-bebe-se-bouche-les-oreilles-causes-et-solutions\/#primaryimage"},"thumbnailUrl":"https:\/\/bart-et-lemy.com\/blog\/wp-content\/uploads\/2025\/02\/stability-comprendre-pourquoi-votre-bebe-se-bouche-les-oreilles-causes-et-solutions.png","keywords":["B\u00e9b\u00e9","Bruit","Consultation","Enfant","Inconfort","Oreilles"],"articleSection":["\u00c0 la une"],"inLanguage":"fr-FR","potentialAction":[{"@type":"CommentAction","name":"Comment","target":["https:\/\/bart-et-lemy.com\/blog\/a-la-une\/comprendre-pourquoi-votre-bebe-se-bouche-les-oreilles-causes-et-solutions\/#respond"]}]},{"@type":"WebPage","@id":"https:\/\/bart-et-lemy.com\/blog\/a-la-une\/comprendre-pourquoi-votre-bebe-se-bouche-les-oreilles-causes-et-solutions\/","url":"https:\/\/bart-et-lemy.com\/blog\/a-la-une\/comprendre-pourquoi-votre-bebe-se-bouche-les-oreilles-causes-et-solutions\/","name":"Comprendre pourquoi votre b\u00e9b\u00e9 se bouche les oreilles","isPartOf":{"@id":"https:\/\/bart-et-lemy.com\/blog\/#website"},"primaryImageOfPage":{"@id":"https:\/\/bart-et-lemy.com\/blog\/a-la-une\/comprendre-pourquoi-votre-bebe-se-bouche-les-oreilles-causes-et-solutions\/#primaryimage"},"image":{"@id":"https:\/\/bart-et-lemy.com\/blog\/a-la-une\/comprendre-pourquoi-votre-bebe-se-bouche-les-oreilles-causes-et-solutions\/#primaryimage"},"thumbnailUrl":"https:\/\/bart-et-lemy.com\/blog\/wp-content\/uploads\/2025\/02\/stability-comprendre-pourquoi-votre-bebe-se-bouche-les-oreilles-causes-et-solutions.png","datePublished":"2025-02-10T17:19:00+00:00","description":"Pourquoi un enfant de si jeune \u00e2ge adopte-t-il une telle attitude ? Est-ce une simple r\u00e9action \u00e0 un bruit trop fort, ou cela cache-t-il quelque chose de\u2026","inLanguage":"fr-FR","potentialAction":[{"@type":"ReadAction","target":["https:\/\/bart-et-lemy.com\/blog\/a-la-une\/comprendre-pourquoi-votre-bebe-se-bouche-les-oreilles-causes-et-solutions\/"]}]},{"@type":"ImageObject","inLanguage":"fr-FR","@id":"https:\/\/bart-et-lemy.com\/blog\/a-la-une\/comprendre-pourquoi-votre-bebe-se-bouche-les-oreilles-causes-et-solutions\/#primaryimage","url":"https:\/\/bart-et-lemy.com\/blog\/wp-content\/uploads\/2025\/02\/stability-comprendre-pourquoi-votre-bebe-se-bouche-les-oreilles-causes-et-solutions.png","contentUrl":"https:\/\/bart-et-lemy.com\/blog\/wp-content\/uploads\/2025\/02\/stability-comprendre-pourquoi-votre-bebe-se-bouche-les-oreilles-causes-et-solutions.png","width":1024,"height":576},{"@type":"WebSite","@id":"https:\/\/bart-et-lemy.com\/blog\/#website","url":"https:\/\/bart-et-lemy.com\/blog\/","name":"Bart et Lemy","description":"L\u2019originalit\u00e9 en toute libert\u00e9.","publisher":{"@id":"https:\/\/bart-et-lemy.com\/blog\/#organization"},"alternateName":"Conseils parentaux, astuces famille et bien-\u00eatre enfant","potentialAction":[{"@type":"SearchAction","target":{"@type":"EntryPoint","urlTemplate":"https:\/\/bart-et-lemy.com\/blog\/?s={search_term_string}"},"query-input":{"@type":"PropertyValueSpecification","valueRequired":true,"valueName":"search_term_string"}}],"inLanguage":"fr-FR"},{"@type":"Organization","@id":"https:\/\/bart-et-lemy.com\/blog\/#organization","name":"Bart et Lemy","alternateName":"bart-et-lemy.com","url":"https:\/\/bart-et-lemy.com\/blog\/","logo":{"@type":"ImageObject","inLanguage":"fr-FR","@id":"https:\/\/bart-et-lemy.com\/blog\/#\/schema\/logo\/image\/","url":"https:\/\/bart-et-lemy.com\/blog\/wp-content\/uploads\/2026\/07\/logo-auto.png","contentUrl":"https:\/\/bart-et-lemy.com\/blog\/wp-content\/uploads\/2026\/07\/logo-auto.png","width":1024,"height":1024,"caption":"Bart et Lemy"},"image":{"@id":"https:\/\/bart-et-lemy.com\/blog\/#\/schema\/logo\/image\/"}},{"@type":"Person","@id":"https:\/\/bart-et-lemy.com\/blog\/#\/schema\/person\/3c864cdc320801e3db34b663e7e3f816","name":"Elodie Mazeau","image":{"@type":"ImageObject","inLanguage":"fr-FR","@id":"https:\/\/bart-et-lemy.com\/blog\/wp-content\/uploads\/2026\/06\/persona_elodie-m-96x96.jpg","url":"https:\/\/bart-et-lemy.com\/blog\/wp-content\/uploads\/2026\/06\/persona_elodie-m-96x96.jpg","contentUrl":"https:\/\/bart-et-lemy.com\/blog\/wp-content\/uploads\/2026\/06\/persona_elodie-m-96x96.jpg","caption":"Elodie Mazeau"},"description":"J'\u00e9cris sur la parentalit\u00e9 telle qu'elle se vit vraiment, du premier biberon aux premi\u00e8res col\u00e8res. Mes sujets de pr\u00e9dilection couvrent le quotidien des familles : sommeil, alimentation, organisation, pu\u00e9riculture et ces petites gal\u00e8res que tout parent conna\u00eet. Depuis plusieurs ann\u00e9es, je m'attache \u00e0 proposer des rep\u00e8res concrets plut\u00f4t que des le\u00e7ons, parce que chaque famille trouve son propre \u00e9quilibre. Je v\u00e9rifie mes informations aupr\u00e8s de sources fiables, surtout d\u00e8s qu'on touche \u00e0 la sant\u00e9 ou \u00e0 la s\u00e9curit\u00e9 de l'enfant, et je pr\u00e9cise quand un avis professionnel s'impose. J'\u00e9vite soigneusement la culpabilisation : \u00eatre parent est d\u00e9j\u00e0 assez exigeant. Mon ton se veut complice et bienveillant, un peu comme une discussion entre parents qui se comprennent. L'id\u00e9e est d'all\u00e9ger la charge mentale en donnant des solutions simples et test\u00e9es.","sameAs":["https:\/\/elodiemazeau.fr\/"],"url":"https:\/\/bart-et-lemy.com\/blog\/auteur\/noname\/"}]}},"_links":{"self":[{"href":"https:\/\/bart-et-lemy.com\/blog\/wp-json\/wp\/v2\/posts\/8325","targetHints":{"allow":["GET"]}}],"collection":[{"href":"https:\/\/bart-et-lemy.com\/blog\/wp-json\/wp\/v2\/posts"}],"about":[{"href":"https:\/\/bart-et-lemy.com\/blog\/wp-json\/wp\/v2\/types\/post"}],"author":[{"embeddable":true,"href":"https:\/\/bart-et-lemy.com\/blog\/wp-json\/wp\/v2\/users\/34"}],"replies":[{"embeddable":true,"href":"https:\/\/bart-et-lemy.com\/blog\/wp-json\/wp\/v2\/comments?post=8325"}],"version-history":[{"count":2,"href":"https:\/\/bart-et-lemy.com\/blog\/wp-json\/wp\/v2\/posts\/8325\/revisions"}],"predecessor-version":[{"id":9059,"href":"https:\/\/bart-et-lemy.com\/blog\/wp-json\/wp\/v2\/posts\/8325\/revisions\/9059"}],"wp:featuredmedia":[{"embeddable":true,"href":"https:\/\/bart-et-lemy.com\/blog\/wp-json\/wp\/v2\/media\/8326"}],"wp:attachment":[{"href":"https:\/\/bart-et-lemy.com\/blog\/wp-json\/wp\/v2\/media?parent=8325"}],"wp:term":[{"taxonomy":"category","embeddable":true,"href":"https:\/\/bart-et-lemy.com\/blog\/wp-json\/wp\/v2\/categories?post=8325"},{"taxonomy":"post_tag","embeddable":true,"href":"https:\/\/bart-et-lemy.com\/blog\/wp-json\/wp\/v2\/tags?post=8325"}],"curies":[{"name":"wp","href":"https:\/\/api.w.org\/{rel}","templated":true}]}}