{"id":8341,"date":"2025-02-12T17:19:00","date_gmt":"2025-02-12T16:19:00","guid":{"rendered":"https:\/\/bart-et-lemy.com\/blog\/?p=8341"},"modified":"2025-02-10T16:16:04","modified_gmt":"2025-02-10T15:16:04","slug":"bebe-cadum-lhistoire-dune-marque-emblematique-de-la-puericulture","status":"publish","type":"post","link":"https:\/\/bart-et-lemy.com\/blog\/a-la-une\/bebe-cadum-lhistoire-dune-marque-emblematique-de-la-puericulture\/","title":{"rendered":"B\u00e9b\u00e9 Cadum : L&rsquo;histoire d&rsquo;une marque embl\u00e9matique de la pu\u00e9riculture"},"content":{"rendered":"<h2>Introduction \u00e0 B\u00e9b\u00e9 Cadum<\/h2>\n<p>C&rsquo;est une institution dans le domaine des produits pour b\u00e9b\u00e9s en France. Cr\u00e9\u00e9e au d\u00e9but du XXe si\u00e8cle, elle a su s&rsquo;imposer gr\u00e2ce \u00e0 la qualit\u00e9 de ses produits et \u00e0 son image attachante. Mais qu&rsquo;est-ce qui fait r\u00e9ellement le succ\u00e8s de B\u00e9b\u00e9 Cadum ? Comment cette marque a-t-elle su traverser les d\u00e9cennies tout en restant dans le c\u0153ur des consommateurs ?<\/p>\n<h2>Les origines de B\u00e9b\u00e9 Cadum<\/h2>\n<p>Tout commence en 1907 avec la cr\u00e9ation de la marque par un pharmacien, Auguste Cadum. Ce dernier lance un savon doux, sp\u00e9cifiquement formul\u00e9 pour la peau fragile des b\u00e9b\u00e9s. Le succ\u00e8s de ce produit ne tarde pas \u00e0 se faire sentir, et rapidement, la marque \u00e9largit sa gamme. En 1910, B\u00e9b\u00e9 Cadum se d\u00e9marque gr\u00e2ce \u00e0 ses publicit\u00e9s innovantes, mettant en avant des images de b\u00e9b\u00e9s souriants et enjou\u00e9s.<\/p>\n<p>Au fil des ann\u00e9es, la marque a su \u00e9voluer. Dans les ann\u00e9es 1960, l&rsquo;introduction de la c\u00e9l\u00e8bre affiche repr\u00e9sentant un b\u00e9b\u00e9 jouant dans un bain mousseux a marqu\u00e9 les esprits. Cela a permis \u00e0 B\u00e9b\u00e9 Cadum de se positionner comme un acteur incontournable de la pu\u00e9riculture en France.<img width=\"1024\" height=\"576\" src=\"https:\/\/bart-et-lemy.com\/blog\/wp-content\/uploads\/2025\/02\/stability-bebe-cadum-lhistoire-dune-marque-emblematique-de-la-puericulture-1.png\" class=\"aligncenter\" alt=\"Illustration d\u00e9taill\u00e9e sur B\u00e9b\u00e9 Cadum : L&#039;histoire d&#039;une marque embl\u00e9matique de la pu\u00e9riculture\" title=\"B\u00e9b\u00e9 Cadum : L&#039;histoire d&#039;une marque embl\u00e9matique de la pu\u00e9riculture\" decoding=\"async\" loading=\"lazy\" \/><\/p>\n<h2>Produits phares et innovations<\/h2>\n<p>B\u00e9b\u00e9 Cadum propose une large gamme de produits, allant des savons aux lotions, en passant par les lingettes et les cr\u00e8mes. Chaque produit est con\u00e7u pour respecter la peau d\u00e9licate des b\u00e9b\u00e9s. La marque se distingue par son engagement envers la s\u00e9curit\u00e9 et la qualit\u00e9.<\/p>\n<ul>\n<li><strong>Savon Cadum :<\/strong> Fabriqu\u00e9 avec des ingr\u00e9dients naturels, il reste doux et hypoallerg\u00e9nique.<\/li>\n<li><strong>Lingettes :<\/strong> Pratiques pour le change, elles sont enrichies en aloe vera pour apaiser la peau.<\/li>\n<li><strong>Cr\u00e8me hydratante :<\/strong> Formul\u00e9e pour pr\u00e9venir les irritations, elle est un alli\u00e9 pr\u00e9cieux pour les jeunes parents.<\/li>\n<\/ul>\n<p>En plus de ses produits embl\u00e9matiques, B\u00e9b\u00e9 Cadum innove r\u00e9guli\u00e8rement. R\u00e9cemment, la marque a lanc\u00e9 une gamme bio, r\u00e9pondant ainsi \u00e0 une demande croissante pour des produits respectueux de l&rsquo;environnement et de la sant\u00e9 des enfants. Cette adaptation aux tendances actuelles renforce son image de marque moderne et connect\u00e9e aux pr\u00e9occupations parentales.<\/p>\n<h2>Impact et engagement social<\/h2>\n<p>B\u00e9b\u00e9 Cadum ne se contente pas de vendre des produits. La marque s&rsquo;engage \u00e9galement dans des actions soci\u00e9tales. Elle soutient des initiatives en faveur de la sant\u00e9 des enfants et de l&rsquo;acc\u00e8s \u00e0 des soins de qualit\u00e9. Par exemple, des partenariats avec des associations \u0153uvrant pour le bien-\u00eatre des familles sont r\u00e9guli\u00e8rement mis en place.<\/p>\n<blockquote><p>\n  \u00ab\u00a0B\u00e9b\u00e9 Cadum, c&rsquo;est l&rsquo;assurance d&rsquo;un produit de qualit\u00e9 pour votre enfant, mais aussi un acteur engag\u00e9 pour un avenir meilleur.\u00a0\u00bb\n<\/p><\/blockquote>\n<h2>Tableau r\u00e9capitulatif des produits B\u00e9b\u00e9 Cadum<\/h2>\n<table>\n<tr>\n<th>Produit<\/th>\n<th>Caract\u00e9ristiques<\/th>\n<th>Public cible<\/th>\n<\/tr>\n<tr>\n<td>Savon Cadum<\/td>\n<td>Hypoallerg\u00e9nique, naturel<\/td>\n<td>B\u00e9b\u00e9s et jeunes enfants<\/td>\n<\/tr>\n<tr>\n<td>Lingettes<\/td>\n<td>Enrichies en aloe vera<\/td>\n<td>Parents en d\u00e9placement<\/td>\n<\/tr>\n<tr>\n<td>Cr\u00e8me hydratante<\/td>\n<td>Pr\u00e9vention des irritations<\/td>\n<td>Enfants \u00e0 peau sensible<\/td>\n<\/tr>\n<\/table>\n<h3>FAQ :<\/h3>\n<blockquote>\n<ul>\n<li><strong>Quels produits B\u00e9b\u00e9 Cadum sont les plus populaires ?<\/strong>Les savons et les lingettes sont tr\u00e8s appr\u00e9ci\u00e9s des parents.<\/li>\n<li><strong>O\u00f9 acheter les produits B\u00e9b\u00e9 Cadum ?<\/strong>Ils sont disponibles dans la plupart des supermarch\u00e9s et en ligne.<\/li>\n<li><strong>Les produits B\u00e9b\u00e9 Cadum sont-ils test\u00e9s dermatologiquement ?<\/strong>Oui, tous les produits sont test\u00e9s pour garantir leur s\u00e9curit\u00e9.<\/li>\n<li><strong>B\u00e9b\u00e9 Cadum propose-t-il des produits bio ?<\/strong>Oui, la marque a r\u00e9cemment lanc\u00e9 une gamme bio.<\/li>\n<\/ul>\n<\/blockquote>\n<p>En conclusion, B\u00e9b\u00e9 Cadum a su se r\u00e9inventer tout en restant fid\u00e8le \u00e0 ses valeurs. Avec une offre vari\u00e9e et un engagement fort envers la qualit\u00e9 et la s\u00e9curit\u00e9, la marque continue d&rsquo;accompagner des g\u00e9n\u00e9rations de parents. Elle repr\u00e9sente un choix de confiance pour ceux qui souhaitent le meilleur pour leurs enfants.<\/p>\n","protected":false},"excerpt":{"rendered":"","protected":false},"author":34,"featured_media":8342,"comment_status":"open","ping_status":"open","sticky":false,"template":"","format":"standard","meta":{"_acf_changed":false,"manual_indexmenow":false,"indexmenow_id_project":0,"footnotes":""},"categories":[1],"tags":[4577,5111,5110,5109,5107,5108],"class_list":["post-8341","post","type-post","status-publish","format-standard","has-post-thumbnail","hentry","category-a-la-une","tag-bebe-cadum","tag-bio","tag-creme","tag-lingettes","tag-produits","tag-savon","generate-columns","tablet-grid-50","mobile-grid-100","grid-parent","grid-25"],"acf":[],"yoast_head":"<!-- This site is optimized with the Yoast SEO Premium plugin v21.3 (Yoast SEO v27.3) - https:\/\/yoast.com\/product\/yoast-seo-premium-wordpress\/ -->\n<title>B\u00e9b\u00e9 Cadum : L&#039;histoire d&#039;une marque embl\u00e9matique<\/title>\n<meta name=\"description\" content=\"C&#039;est une institution dans le domaine des produits pour b\u00e9b\u00e9s en France. Cr\u00e9\u00e9e au d\u00e9but du XXe si\u00e8cle, elle a su s&#039;imposer gr\u00e2ce \u00e0 la qualit\u00e9 de ses\u2026\" \/>\n<meta name=\"robots\" content=\"index, follow, max-snippet:-1, max-image-preview:large, max-video-preview:-1\" \/>\n<link rel=\"canonical\" href=\"https:\/\/bart-et-lemy.com\/blog\/a-la-une\/bebe-cadum-lhistoire-dune-marque-emblematique-de-la-puericulture\/\" \/>\n<meta property=\"og:locale\" content=\"fr_FR\" \/>\n<meta property=\"og:type\" content=\"article\" \/>\n<meta property=\"og:title\" content=\"B\u00e9b\u00e9 Cadum : L&#039;histoire d&#039;une marque embl\u00e9matique\" \/>\n<meta property=\"og:description\" content=\"C&#039;est une institution dans le domaine des produits pour b\u00e9b\u00e9s en France. Cr\u00e9\u00e9e au d\u00e9but du XXe si\u00e8cle, elle a su s&#039;imposer gr\u00e2ce \u00e0 la qualit\u00e9 de ses\u2026\" \/>\n<meta property=\"og:url\" content=\"https:\/\/bart-et-lemy.com\/blog\/a-la-une\/bebe-cadum-lhistoire-dune-marque-emblematique-de-la-puericulture\/\" \/>\n<meta property=\"og:site_name\" content=\"bart-et-lemy.com\" \/>\n<meta property=\"og:image\" content=\"https:\/\/bart-et-lemy.com\/blog\/wp-content\/uploads\/2025\/02\/stability-bebe-cadum-lhistoire-dune-marque-emblematique-de-la-puericulture.png\" \/>\n\t<meta property=\"og:image:width\" content=\"1024\" \/>\n\t<meta property=\"og:image:height\" content=\"576\" \/>\n\t<meta property=\"og:image:type\" content=\"image\/png\" \/>\n<meta name=\"author\" content=\"Elodie Mazeau\" \/>\n<meta name=\"twitter:card\" content=\"summary_large_image\" \/>\n<script type=\"application\/ld+json\" class=\"yoast-schema-graph\">{\"@context\":\"https:\\\/\\\/schema.org\",\"@graph\":[{\"@type\":\"NewsArticle\",\"@id\":\"https:\\\/\\\/bart-et-lemy.com\\\/blog\\\/a-la-une\\\/bebe-cadum-lhistoire-dune-marque-emblematique-de-la-puericulture\\\/#article\",\"isPartOf\":{\"@id\":\"https:\\\/\\\/bart-et-lemy.com\\\/blog\\\/a-la-une\\\/bebe-cadum-lhistoire-dune-marque-emblematique-de-la-puericulture\\\/\"},\"author\":{\"name\":\"Elodie Mazeau\",\"@id\":\"https:\\\/\\\/bart-et-lemy.com\\\/blog\\\/#\\\/schema\\\/person\\\/3c864cdc320801e3db34b663e7e3f816\"},\"headline\":\"B\u00e9b\u00e9 Cadum : L&rsquo;histoire d&rsquo;une marque embl\u00e9matique de la pu\u00e9riculture\",\"datePublished\":\"2025-02-12T16:19:00+00:00\",\"mainEntityOfPage\":{\"@id\":\"https:\\\/\\\/bart-et-lemy.com\\\/blog\\\/a-la-une\\\/bebe-cadum-lhistoire-dune-marque-emblematique-de-la-puericulture\\\/\"},\"wordCount\":666,\"commentCount\":22,\"publisher\":{\"@id\":\"https:\\\/\\\/bart-et-lemy.com\\\/blog\\\/#organization\"},\"image\":{\"@id\":\"https:\\\/\\\/bart-et-lemy.com\\\/blog\\\/a-la-une\\\/bebe-cadum-lhistoire-dune-marque-emblematique-de-la-puericulture\\\/#primaryimage\"},\"thumbnailUrl\":\"https:\\\/\\\/bart-et-lemy.com\\\/blog\\\/wp-content\\\/uploads\\\/2025\\\/02\\\/stability-bebe-cadum-lhistoire-dune-marque-emblematique-de-la-puericulture.png\",\"keywords\":[\"B\u00e9b\u00e9 Cadum\",\"Bio\",\"Cr\u00e8me\",\"Lingettes\",\"Produits\",\"Savon\"],\"articleSection\":[\"\u00c0 la une\"],\"inLanguage\":\"fr-FR\",\"potentialAction\":[{\"@type\":\"CommentAction\",\"name\":\"Comment\",\"target\":[\"https:\\\/\\\/bart-et-lemy.com\\\/blog\\\/a-la-une\\\/bebe-cadum-lhistoire-dune-marque-emblematique-de-la-puericulture\\\/#respond\"]}]},{\"@type\":\"WebPage\",\"@id\":\"https:\\\/\\\/bart-et-lemy.com\\\/blog\\\/a-la-une\\\/bebe-cadum-lhistoire-dune-marque-emblematique-de-la-puericulture\\\/\",\"url\":\"https:\\\/\\\/bart-et-lemy.com\\\/blog\\\/a-la-une\\\/bebe-cadum-lhistoire-dune-marque-emblematique-de-la-puericulture\\\/\",\"name\":\"B\u00e9b\u00e9 Cadum : L'histoire d'une marque embl\u00e9matique\",\"isPartOf\":{\"@id\":\"https:\\\/\\\/bart-et-lemy.com\\\/blog\\\/#website\"},\"primaryImageOfPage\":{\"@id\":\"https:\\\/\\\/bart-et-lemy.com\\\/blog\\\/a-la-une\\\/bebe-cadum-lhistoire-dune-marque-emblematique-de-la-puericulture\\\/#primaryimage\"},\"image\":{\"@id\":\"https:\\\/\\\/bart-et-lemy.com\\\/blog\\\/a-la-une\\\/bebe-cadum-lhistoire-dune-marque-emblematique-de-la-puericulture\\\/#primaryimage\"},\"thumbnailUrl\":\"https:\\\/\\\/bart-et-lemy.com\\\/blog\\\/wp-content\\\/uploads\\\/2025\\\/02\\\/stability-bebe-cadum-lhistoire-dune-marque-emblematique-de-la-puericulture.png\",\"datePublished\":\"2025-02-12T16:19:00+00:00\",\"description\":\"C'est une institution dans le domaine des produits pour b\u00e9b\u00e9s en France. Cr\u00e9\u00e9e au d\u00e9but du XXe si\u00e8cle, elle a su s'imposer gr\u00e2ce \u00e0 la qualit\u00e9 de ses\u2026\",\"inLanguage\":\"fr-FR\",\"potentialAction\":[{\"@type\":\"ReadAction\",\"target\":[\"https:\\\/\\\/bart-et-lemy.com\\\/blog\\\/a-la-une\\\/bebe-cadum-lhistoire-dune-marque-emblematique-de-la-puericulture\\\/\"]}]},{\"@type\":\"ImageObject\",\"inLanguage\":\"fr-FR\",\"@id\":\"https:\\\/\\\/bart-et-lemy.com\\\/blog\\\/a-la-une\\\/bebe-cadum-lhistoire-dune-marque-emblematique-de-la-puericulture\\\/#primaryimage\",\"url\":\"https:\\\/\\\/bart-et-lemy.com\\\/blog\\\/wp-content\\\/uploads\\\/2025\\\/02\\\/stability-bebe-cadum-lhistoire-dune-marque-emblematique-de-la-puericulture.png\",\"contentUrl\":\"https:\\\/\\\/bart-et-lemy.com\\\/blog\\\/wp-content\\\/uploads\\\/2025\\\/02\\\/stability-bebe-cadum-lhistoire-dune-marque-emblematique-de-la-puericulture.png\",\"width\":1024,\"height\":576},{\"@type\":\"WebSite\",\"@id\":\"https:\\\/\\\/bart-et-lemy.com\\\/blog\\\/#website\",\"url\":\"https:\\\/\\\/bart-et-lemy.com\\\/blog\\\/\",\"name\":\"Bart et Lemy\",\"description\":\"L\u2019originalit\u00e9 en toute libert\u00e9.\",\"publisher\":{\"@id\":\"https:\\\/\\\/bart-et-lemy.com\\\/blog\\\/#organization\"},\"alternateName\":\"Conseils parentaux, astuces famille et bien-\u00eatre enfant\",\"potentialAction\":[{\"@type\":\"SearchAction\",\"target\":{\"@type\":\"EntryPoint\",\"urlTemplate\":\"https:\\\/\\\/bart-et-lemy.com\\\/blog\\\/?s={search_term_string}\"},\"query-input\":{\"@type\":\"PropertyValueSpecification\",\"valueRequired\":true,\"valueName\":\"search_term_string\"}}],\"inLanguage\":\"fr-FR\"},{\"@type\":\"Organization\",\"@id\":\"https:\\\/\\\/bart-et-lemy.com\\\/blog\\\/#organization\",\"name\":\"Bart et Lemy\",\"alternateName\":\"bart-et-lemy.com\",\"url\":\"https:\\\/\\\/bart-et-lemy.com\\\/blog\\\/\",\"logo\":{\"@type\":\"ImageObject\",\"inLanguage\":\"fr-FR\",\"@id\":\"https:\\\/\\\/bart-et-lemy.com\\\/blog\\\/#\\\/schema\\\/logo\\\/image\\\/\",\"url\":\"https:\\\/\\\/bart-et-lemy.com\\\/blog\\\/wp-content\\\/uploads\\\/2026\\\/07\\\/logo-auto.png\",\"contentUrl\":\"https:\\\/\\\/bart-et-lemy.com\\\/blog\\\/wp-content\\\/uploads\\\/2026\\\/07\\\/logo-auto.png\",\"width\":1024,\"height\":1024,\"caption\":\"Bart et Lemy\"},\"image\":{\"@id\":\"https:\\\/\\\/bart-et-lemy.com\\\/blog\\\/#\\\/schema\\\/logo\\\/image\\\/\"}},{\"@type\":\"Person\",\"@id\":\"https:\\\/\\\/bart-et-lemy.com\\\/blog\\\/#\\\/schema\\\/person\\\/3c864cdc320801e3db34b663e7e3f816\",\"name\":\"Elodie Mazeau\",\"image\":{\"@type\":\"ImageObject\",\"inLanguage\":\"fr-FR\",\"@id\":\"https:\\\/\\\/bart-et-lemy.com\\\/blog\\\/wp-content\\\/uploads\\\/2026\\\/06\\\/persona_elodie-m-96x96.jpg\",\"url\":\"https:\\\/\\\/bart-et-lemy.com\\\/blog\\\/wp-content\\\/uploads\\\/2026\\\/06\\\/persona_elodie-m-96x96.jpg\",\"contentUrl\":\"https:\\\/\\\/bart-et-lemy.com\\\/blog\\\/wp-content\\\/uploads\\\/2026\\\/06\\\/persona_elodie-m-96x96.jpg\",\"caption\":\"Elodie Mazeau\"},\"description\":\"J'\u00e9cris sur la parentalit\u00e9 telle qu'elle se vit vraiment, du premier biberon aux premi\u00e8res col\u00e8res. Mes sujets de pr\u00e9dilection couvrent le quotidien des familles : sommeil, alimentation, organisation, pu\u00e9riculture et ces petites gal\u00e8res que tout parent conna\u00eet. Depuis plusieurs ann\u00e9es, je m'attache \u00e0 proposer des rep\u00e8res concrets plut\u00f4t que des le\u00e7ons, parce que chaque famille trouve son propre \u00e9quilibre. Je v\u00e9rifie mes informations aupr\u00e8s de sources fiables, surtout d\u00e8s qu'on touche \u00e0 la sant\u00e9 ou \u00e0 la s\u00e9curit\u00e9 de l'enfant, et je pr\u00e9cise quand un avis professionnel s'impose. J'\u00e9vite soigneusement la culpabilisation : \u00eatre parent est d\u00e9j\u00e0 assez exigeant. Mon ton se veut complice et bienveillant, un peu comme une discussion entre parents qui se comprennent. L'id\u00e9e est d'all\u00e9ger la charge mentale en donnant des solutions simples et test\u00e9es.\",\"sameAs\":[\"https:\\\/\\\/elodiemazeau.fr\\\/\"],\"url\":\"https:\\\/\\\/bart-et-lemy.com\\\/blog\\\/auteur\\\/noname\\\/\"}]}<\/script>\n<!-- \/ Yoast SEO Premium plugin. -->","yoast_head_json":{"title":"B\u00e9b\u00e9 Cadum : L'histoire d'une marque embl\u00e9matique","description":"C'est une institution dans le domaine des produits pour b\u00e9b\u00e9s en France. Cr\u00e9\u00e9e au d\u00e9but du XXe si\u00e8cle, elle a su s'imposer gr\u00e2ce \u00e0 la qualit\u00e9 de ses\u2026","robots":{"index":"index","follow":"follow","max-snippet":"max-snippet:-1","max-image-preview":"max-image-preview:large","max-video-preview":"max-video-preview:-1"},"canonical":"https:\/\/bart-et-lemy.com\/blog\/a-la-une\/bebe-cadum-lhistoire-dune-marque-emblematique-de-la-puericulture\/","og_locale":"fr_FR","og_type":"article","og_title":"B\u00e9b\u00e9 Cadum : L'histoire d'une marque embl\u00e9matique","og_description":"C'est une institution dans le domaine des produits pour b\u00e9b\u00e9s en France. Cr\u00e9\u00e9e au d\u00e9but du XXe si\u00e8cle, elle a su s'imposer gr\u00e2ce \u00e0 la qualit\u00e9 de ses\u2026","og_url":"https:\/\/bart-et-lemy.com\/blog\/a-la-une\/bebe-cadum-lhistoire-dune-marque-emblematique-de-la-puericulture\/","og_site_name":"bart-et-lemy.com","og_image":[{"width":1024,"height":576,"url":"https:\/\/bart-et-lemy.com\/blog\/wp-content\/uploads\/2025\/02\/stability-bebe-cadum-lhistoire-dune-marque-emblematique-de-la-puericulture.png","type":"image\/png"}],"author":"Elodie Mazeau","twitter_card":"summary_large_image","schema":{"@context":"https:\/\/schema.org","@graph":[{"@type":"NewsArticle","@id":"https:\/\/bart-et-lemy.com\/blog\/a-la-une\/bebe-cadum-lhistoire-dune-marque-emblematique-de-la-puericulture\/#article","isPartOf":{"@id":"https:\/\/bart-et-lemy.com\/blog\/a-la-une\/bebe-cadum-lhistoire-dune-marque-emblematique-de-la-puericulture\/"},"author":{"name":"Elodie Mazeau","@id":"https:\/\/bart-et-lemy.com\/blog\/#\/schema\/person\/3c864cdc320801e3db34b663e7e3f816"},"headline":"B\u00e9b\u00e9 Cadum : L&rsquo;histoire d&rsquo;une marque embl\u00e9matique de la pu\u00e9riculture","datePublished":"2025-02-12T16:19:00+00:00","mainEntityOfPage":{"@id":"https:\/\/bart-et-lemy.com\/blog\/a-la-une\/bebe-cadum-lhistoire-dune-marque-emblematique-de-la-puericulture\/"},"wordCount":666,"commentCount":22,"publisher":{"@id":"https:\/\/bart-et-lemy.com\/blog\/#organization"},"image":{"@id":"https:\/\/bart-et-lemy.com\/blog\/a-la-une\/bebe-cadum-lhistoire-dune-marque-emblematique-de-la-puericulture\/#primaryimage"},"thumbnailUrl":"https:\/\/bart-et-lemy.com\/blog\/wp-content\/uploads\/2025\/02\/stability-bebe-cadum-lhistoire-dune-marque-emblematique-de-la-puericulture.png","keywords":["B\u00e9b\u00e9 Cadum","Bio","Cr\u00e8me","Lingettes","Produits","Savon"],"articleSection":["\u00c0 la une"],"inLanguage":"fr-FR","potentialAction":[{"@type":"CommentAction","name":"Comment","target":["https:\/\/bart-et-lemy.com\/blog\/a-la-une\/bebe-cadum-lhistoire-dune-marque-emblematique-de-la-puericulture\/#respond"]}]},{"@type":"WebPage","@id":"https:\/\/bart-et-lemy.com\/blog\/a-la-une\/bebe-cadum-lhistoire-dune-marque-emblematique-de-la-puericulture\/","url":"https:\/\/bart-et-lemy.com\/blog\/a-la-une\/bebe-cadum-lhistoire-dune-marque-emblematique-de-la-puericulture\/","name":"B\u00e9b\u00e9 Cadum : L'histoire d'une marque embl\u00e9matique","isPartOf":{"@id":"https:\/\/bart-et-lemy.com\/blog\/#website"},"primaryImageOfPage":{"@id":"https:\/\/bart-et-lemy.com\/blog\/a-la-une\/bebe-cadum-lhistoire-dune-marque-emblematique-de-la-puericulture\/#primaryimage"},"image":{"@id":"https:\/\/bart-et-lemy.com\/blog\/a-la-une\/bebe-cadum-lhistoire-dune-marque-emblematique-de-la-puericulture\/#primaryimage"},"thumbnailUrl":"https:\/\/bart-et-lemy.com\/blog\/wp-content\/uploads\/2025\/02\/stability-bebe-cadum-lhistoire-dune-marque-emblematique-de-la-puericulture.png","datePublished":"2025-02-12T16:19:00+00:00","description":"C'est une institution dans le domaine des produits pour b\u00e9b\u00e9s en France. Cr\u00e9\u00e9e au d\u00e9but du XXe si\u00e8cle, elle a su s'imposer gr\u00e2ce \u00e0 la qualit\u00e9 de ses\u2026","inLanguage":"fr-FR","potentialAction":[{"@type":"ReadAction","target":["https:\/\/bart-et-lemy.com\/blog\/a-la-une\/bebe-cadum-lhistoire-dune-marque-emblematique-de-la-puericulture\/"]}]},{"@type":"ImageObject","inLanguage":"fr-FR","@id":"https:\/\/bart-et-lemy.com\/blog\/a-la-une\/bebe-cadum-lhistoire-dune-marque-emblematique-de-la-puericulture\/#primaryimage","url":"https:\/\/bart-et-lemy.com\/blog\/wp-content\/uploads\/2025\/02\/stability-bebe-cadum-lhistoire-dune-marque-emblematique-de-la-puericulture.png","contentUrl":"https:\/\/bart-et-lemy.com\/blog\/wp-content\/uploads\/2025\/02\/stability-bebe-cadum-lhistoire-dune-marque-emblematique-de-la-puericulture.png","width":1024,"height":576},{"@type":"WebSite","@id":"https:\/\/bart-et-lemy.com\/blog\/#website","url":"https:\/\/bart-et-lemy.com\/blog\/","name":"Bart et Lemy","description":"L\u2019originalit\u00e9 en toute libert\u00e9.","publisher":{"@id":"https:\/\/bart-et-lemy.com\/blog\/#organization"},"alternateName":"Conseils parentaux, astuces famille et bien-\u00eatre enfant","potentialAction":[{"@type":"SearchAction","target":{"@type":"EntryPoint","urlTemplate":"https:\/\/bart-et-lemy.com\/blog\/?s={search_term_string}"},"query-input":{"@type":"PropertyValueSpecification","valueRequired":true,"valueName":"search_term_string"}}],"inLanguage":"fr-FR"},{"@type":"Organization","@id":"https:\/\/bart-et-lemy.com\/blog\/#organization","name":"Bart et Lemy","alternateName":"bart-et-lemy.com","url":"https:\/\/bart-et-lemy.com\/blog\/","logo":{"@type":"ImageObject","inLanguage":"fr-FR","@id":"https:\/\/bart-et-lemy.com\/blog\/#\/schema\/logo\/image\/","url":"https:\/\/bart-et-lemy.com\/blog\/wp-content\/uploads\/2026\/07\/logo-auto.png","contentUrl":"https:\/\/bart-et-lemy.com\/blog\/wp-content\/uploads\/2026\/07\/logo-auto.png","width":1024,"height":1024,"caption":"Bart et Lemy"},"image":{"@id":"https:\/\/bart-et-lemy.com\/blog\/#\/schema\/logo\/image\/"}},{"@type":"Person","@id":"https:\/\/bart-et-lemy.com\/blog\/#\/schema\/person\/3c864cdc320801e3db34b663e7e3f816","name":"Elodie Mazeau","image":{"@type":"ImageObject","inLanguage":"fr-FR","@id":"https:\/\/bart-et-lemy.com\/blog\/wp-content\/uploads\/2026\/06\/persona_elodie-m-96x96.jpg","url":"https:\/\/bart-et-lemy.com\/blog\/wp-content\/uploads\/2026\/06\/persona_elodie-m-96x96.jpg","contentUrl":"https:\/\/bart-et-lemy.com\/blog\/wp-content\/uploads\/2026\/06\/persona_elodie-m-96x96.jpg","caption":"Elodie Mazeau"},"description":"J'\u00e9cris sur la parentalit\u00e9 telle qu'elle se vit vraiment, du premier biberon aux premi\u00e8res col\u00e8res. Mes sujets de pr\u00e9dilection couvrent le quotidien des familles : sommeil, alimentation, organisation, pu\u00e9riculture et ces petites gal\u00e8res que tout parent conna\u00eet. Depuis plusieurs ann\u00e9es, je m'attache \u00e0 proposer des rep\u00e8res concrets plut\u00f4t que des le\u00e7ons, parce que chaque famille trouve son propre \u00e9quilibre. Je v\u00e9rifie mes informations aupr\u00e8s de sources fiables, surtout d\u00e8s qu'on touche \u00e0 la sant\u00e9 ou \u00e0 la s\u00e9curit\u00e9 de l'enfant, et je pr\u00e9cise quand un avis professionnel s'impose. J'\u00e9vite soigneusement la culpabilisation : \u00eatre parent est d\u00e9j\u00e0 assez exigeant. Mon ton se veut complice et bienveillant, un peu comme une discussion entre parents qui se comprennent. L'id\u00e9e est d'all\u00e9ger la charge mentale en donnant des solutions simples et test\u00e9es.","sameAs":["https:\/\/elodiemazeau.fr\/"],"url":"https:\/\/bart-et-lemy.com\/blog\/auteur\/noname\/"}]}},"_links":{"self":[{"href":"https:\/\/bart-et-lemy.com\/blog\/wp-json\/wp\/v2\/posts\/8341","targetHints":{"allow":["GET"]}}],"collection":[{"href":"https:\/\/bart-et-lemy.com\/blog\/wp-json\/wp\/v2\/posts"}],"about":[{"href":"https:\/\/bart-et-lemy.com\/blog\/wp-json\/wp\/v2\/types\/post"}],"author":[{"embeddable":true,"href":"https:\/\/bart-et-lemy.com\/blog\/wp-json\/wp\/v2\/users\/34"}],"replies":[{"embeddable":true,"href":"https:\/\/bart-et-lemy.com\/blog\/wp-json\/wp\/v2\/comments?post=8341"}],"version-history":[{"count":2,"href":"https:\/\/bart-et-lemy.com\/blog\/wp-json\/wp\/v2\/posts\/8341\/revisions"}],"predecessor-version":[{"id":9399,"href":"https:\/\/bart-et-lemy.com\/blog\/wp-json\/wp\/v2\/posts\/8341\/revisions\/9399"}],"wp:featuredmedia":[{"embeddable":true,"href":"https:\/\/bart-et-lemy.com\/blog\/wp-json\/wp\/v2\/media\/8342"}],"wp:attachment":[{"href":"https:\/\/bart-et-lemy.com\/blog\/wp-json\/wp\/v2\/media?parent=8341"}],"wp:term":[{"taxonomy":"category","embeddable":true,"href":"https:\/\/bart-et-lemy.com\/blog\/wp-json\/wp\/v2\/categories?post=8341"},{"taxonomy":"post_tag","embeddable":true,"href":"https:\/\/bart-et-lemy.com\/blog\/wp-json\/wp\/v2\/tags?post=8341"}],"curies":[{"name":"wp","href":"https:\/\/api.w.org\/{rel}","templated":true}]}}