{"id":8349,"date":"2025-02-16T17:59:00","date_gmt":"2025-02-16T16:59:00","guid":{"rendered":"https:\/\/bart-et-lemy.com\/blog\/?p=8349"},"modified":"2025-02-10T16:16:42","modified_gmt":"2025-02-10T15:16:42","slug":"tout-savoir-sur-lassociation-autour-de-bebe-a-la-cote-saint-andre","status":"publish","type":"post","link":"https:\/\/bart-et-lemy.com\/blog\/a-la-une\/tout-savoir-sur-lassociation-autour-de-bebe-a-la-cote-saint-andre\/","title":{"rendered":"Tout savoir sur l&rsquo;association Autour de B\u00e9b\u00e9 \u00e0 La C\u00f4te Saint Andr\u00e9"},"content":{"rendered":"<h2>Introduction<\/h2>\n<p>Cette structure offre un espace convivial et chaleureux, permettant aux parents de se rencontrer, d&rsquo;\u00e9changer et de b\u00e9n\u00e9ficier de divers services adapt\u00e9s \u00e0 leurs besoins. Mais que propose r\u00e9ellement cette association ? Comment peut-elle accompagner les parents dans leur parcours ? Cet article explore en d\u00e9tail les activit\u00e9s et les b\u00e9n\u00e9fices d&rsquo;Autour de B\u00e9b\u00e9.<\/p>\n<h2>Les services offerts par l&rsquo;association<\/h2>\n<p>Autour de B\u00e9b\u00e9 met \u00e0 disposition une gamme vari\u00e9e de services, visant \u00e0 soutenir les parents et \u00e0 favoriser le d\u00e9veloppement des enfants. Voici quelques-unes des principales activit\u00e9s propos\u00e9es :<\/p>\n<ul>\n<li><strong>Ateliers de parentalit\u00e9 :<\/strong> Ces s\u00e9ances permettent aux parents d&rsquo;acqu\u00e9rir des comp\u00e9tences et des astuces pour mieux g\u00e9rer la vie familiale.<\/li>\n<li><strong>\u00c9veil des enfants :<\/strong> Des activit\u00e9s ludiques et \u00e9ducatives sont organis\u00e9es pour stimuler les sens et la cr\u00e9ativit\u00e9 des tout-petits.<\/li>\n<li><strong>Groupes de parole :<\/strong> Ces rencontres offrent un espace d&rsquo;\u00e9change o\u00f9 les parents peuvent partager leurs exp\u00e9riences et leurs pr\u00e9occupations.<\/li>\n<\/ul>\n<h2>Les b\u00e9n\u00e9fices de l&rsquo;engagement communautaire<\/h2>\n<p>Participer aux activit\u00e9s d&rsquo;Autour de B\u00e9b\u00e9 pr\u00e9sente plusieurs avantages pour les familles :<img width=\"1024\" height=\"576\" src=\"https:\/\/bart-et-lemy.com\/blog\/wp-content\/uploads\/2025\/02\/stability-tout-savoir-sur-lassociation-autour-de-bebe-a-la-cote-saint-andre-1.png\" class=\"aligncenter\" alt=\"Illustration d\u00e9taill\u00e9e sur Tout savoir sur l&#039;association Autour de B\u00e9b\u00e9 \u00e0 La C\u00f4te Saint Andr\u00e9\" title=\"Tout savoir sur l&#039;association Autour de B\u00e9b\u00e9 \u00e0 La C\u00f4te Saint Andr\u00e9\" decoding=\"async\" loading=\"lazy\" \/><\/p>\n<ul>\n<li><strong>Cr\u00e9ation de liens sociaux :<\/strong> Les parents peuvent rencontrer d&rsquo;autres familles, ce qui favorise le soutien mutuel et l&rsquo;entraide.<\/li>\n<li><strong>Acc\u00e8s \u00e0 des ressources :<\/strong> L&rsquo;association propose des conseils pratiques et des informations sur divers sujets li\u00e9s \u00e0 l&rsquo;enfance.<\/li>\n<li><strong>Am\u00e9lioration du bien-\u00eatre familial :<\/strong> En s&rsquo;impliquant, les parents se sentent moins isol\u00e9s et plus soutenus dans leur r\u00f4le.<\/li>\n<\/ul>\n<h2>T\u00e9moignages et exp\u00e9riences<\/h2>\n<blockquote>\n<p>\u00ab\u00a0L&rsquo;association Autour de B\u00e9b\u00e9 a \u00e9t\u00e9 une bouff\u00e9e d&rsquo;air frais pour notre famille. Les ateliers que nous avons suivis nous ont vraiment aid\u00e9s \u00e0 mieux comprendre les besoins de notre enfant.\u00a0\u00bb &#8211; <strong>Marie, maman de Jules<\/strong><\/p>\n<\/blockquote>\n<h2>Tableau r\u00e9capitulatif des activit\u00e9s<\/h2>\n<table>\n<tr>\n<th>Activit\u00e9<\/th>\n<th>Fr\u00e9quence<\/th>\n<th>Public concern\u00e9<\/th>\n<\/tr>\n<tr>\n<td>Ateliers de parentalit\u00e9<\/td>\n<td>Hebdomadaire<\/td>\n<td>Parents et futurs parents<\/td>\n<\/tr>\n<tr>\n<td>\u00c9veil des enfants<\/td>\n<td>Bi-mensuel<\/td>\n<td>Enfants de 0 \u00e0 3 ans<\/td>\n<\/tr>\n<tr>\n<td>Groupes de parole<\/td>\n<td>Mensuel<\/td>\n<td>Parents<\/td>\n<\/tr>\n<\/table>\n<h2>Comment rejoindre Autour de B\u00e9b\u00e9 ?<\/h2>\n<p>S&rsquo;impliquer dans l&rsquo;association est simple. Il suffit de se rendre sur leur site internet pour consulter le calendrier des activit\u00e9s, s&rsquo;inscrire aux ateliers et se tenir inform\u00e9 des \u00e9v\u00e9nements \u00e0 venir. Les portes sont ouvertes \u00e0 tous, et chaque famille est la bienvenue.<\/p>\n<h3>FAQ :<\/h3>\n<blockquote>\n<ul>\n<li><strong>Quels sont les crit\u00e8res pour participer aux activit\u00e9s ?<\/strong>Toutes les familles, avec des enfants de 0 \u00e0 3 ans, peuvent rejoindre l&rsquo;association.<\/li>\n<li><strong>Y a-t-il des frais d&rsquo;inscription ?<\/strong>Les activit\u00e9s sont g\u00e9n\u00e9ralement gratuites, mais certaines peuvent n\u00e9cessiter une participation modeste.<\/li>\n<li><strong>Peut-on venir avec des enfants ?<\/strong>Oui, toutes les activit\u00e9s sont con\u00e7ues pour accueillir les enfants.<\/li>\n<li><strong>Comment conna\u00eetre le programme des activit\u00e9s ?<\/strong>Le programme est disponible sur le site internet de l&rsquo;association et sur leurs r\u00e9seaux sociaux.<\/li>\n<\/ul>\n<\/blockquote>\n<p>En r\u00e9sum\u00e9, l&rsquo;association <strong>Autour de B\u00e9b\u00e9<\/strong> \u00e0 La C\u00f4te Saint Andr\u00e9 repr\u00e9sente un v\u00e9ritable soutien pour les familles. Gr\u00e2ce \u00e0 ses diverses activit\u00e9s, elle renforce les liens communautaires et offre un cadre propice au d\u00e9veloppement des enfants. N&rsquo;attendez plus pour rejoindre cette belle aventure !<\/p>\n","protected":false},"excerpt":{"rendered":"","protected":false},"author":34,"featured_media":8350,"comment_status":"open","ping_status":"open","sticky":false,"template":"","format":"standard","meta":{"_acf_changed":false,"manual_indexmenow":false,"indexmenow_id_project":0,"footnotes":""},"categories":[1],"tags":[5113,5116,4587,5114,5115,4586],"class_list":["post-8349","post","type-post","status-publish","format-standard","has-post-thumbnail","hentry","category-a-la-une","tag-autour-de-bebe","tag-bien-etre-familial","tag-eveil-des-enfants","tag-groupes-de-parole","tag-liens-sociaux","tag-parentalite","generate-columns","tablet-grid-50","mobile-grid-100","grid-parent","grid-25"],"acf":[],"yoast_head":"<!-- This site is optimized with the Yoast SEO Premium plugin v21.3 (Yoast SEO v27.3) - https:\/\/yoast.com\/product\/yoast-seo-premium-wordpress\/ -->\n<title>Tout savoir sur l&#039;association Autour de B\u00e9b\u00e9 \u00e0 La C\u00f4te<\/title>\n<meta name=\"description\" content=\"Cette structure offre un espace convivial et chaleureux, permettant aux parents de se rencontrer, d&#039;\u00e9changer et de b\u00e9n\u00e9ficier de divers services adapt\u00e9s\u2026\" \/>\n<meta name=\"robots\" content=\"index, follow, max-snippet:-1, max-image-preview:large, max-video-preview:-1\" \/>\n<link rel=\"canonical\" href=\"https:\/\/bart-et-lemy.com\/blog\/a-la-une\/tout-savoir-sur-lassociation-autour-de-bebe-a-la-cote-saint-andre\/\" \/>\n<meta property=\"og:locale\" content=\"fr_FR\" \/>\n<meta property=\"og:type\" content=\"article\" \/>\n<meta property=\"og:title\" content=\"Tout savoir sur l&#039;association Autour de B\u00e9b\u00e9 \u00e0 La C\u00f4te\" \/>\n<meta property=\"og:description\" content=\"Cette structure offre un espace convivial et chaleureux, permettant aux parents de se rencontrer, d&#039;\u00e9changer et de b\u00e9n\u00e9ficier de divers services adapt\u00e9s\u2026\" \/>\n<meta property=\"og:url\" content=\"https:\/\/bart-et-lemy.com\/blog\/a-la-une\/tout-savoir-sur-lassociation-autour-de-bebe-a-la-cote-saint-andre\/\" \/>\n<meta property=\"og:site_name\" content=\"bart-et-lemy.com\" \/>\n<meta property=\"og:image\" content=\"https:\/\/bart-et-lemy.com\/blog\/wp-content\/uploads\/2025\/02\/stability-tout-savoir-sur-lassociation-autour-de-bebe-a-la-cote-saint-andre.png\" \/>\n\t<meta property=\"og:image:width\" content=\"1024\" \/>\n\t<meta property=\"og:image:height\" content=\"576\" \/>\n\t<meta property=\"og:image:type\" content=\"image\/png\" \/>\n<meta name=\"author\" content=\"Elodie Mazeau\" \/>\n<meta name=\"twitter:card\" content=\"summary_large_image\" \/>\n<script type=\"application\/ld+json\" class=\"yoast-schema-graph\">{\"@context\":\"https:\\\/\\\/schema.org\",\"@graph\":[{\"@type\":\"NewsArticle\",\"@id\":\"https:\\\/\\\/bart-et-lemy.com\\\/blog\\\/a-la-une\\\/tout-savoir-sur-lassociation-autour-de-bebe-a-la-cote-saint-andre\\\/#article\",\"isPartOf\":{\"@id\":\"https:\\\/\\\/bart-et-lemy.com\\\/blog\\\/a-la-une\\\/tout-savoir-sur-lassociation-autour-de-bebe-a-la-cote-saint-andre\\\/\"},\"author\":{\"name\":\"Elodie Mazeau\",\"@id\":\"https:\\\/\\\/bart-et-lemy.com\\\/blog\\\/#\\\/schema\\\/person\\\/3c864cdc320801e3db34b663e7e3f816\"},\"headline\":\"Tout savoir sur l&rsquo;association Autour de B\u00e9b\u00e9 \u00e0 La C\u00f4te Saint Andr\u00e9\",\"datePublished\":\"2025-02-16T16:59:00+00:00\",\"mainEntityOfPage\":{\"@id\":\"https:\\\/\\\/bart-et-lemy.com\\\/blog\\\/a-la-une\\\/tout-savoir-sur-lassociation-autour-de-bebe-a-la-cote-saint-andre\\\/\"},\"wordCount\":538,\"commentCount\":22,\"publisher\":{\"@id\":\"https:\\\/\\\/bart-et-lemy.com\\\/blog\\\/#organization\"},\"image\":{\"@id\":\"https:\\\/\\\/bart-et-lemy.com\\\/blog\\\/a-la-une\\\/tout-savoir-sur-lassociation-autour-de-bebe-a-la-cote-saint-andre\\\/#primaryimage\"},\"thumbnailUrl\":\"https:\\\/\\\/bart-et-lemy.com\\\/blog\\\/wp-content\\\/uploads\\\/2025\\\/02\\\/stability-tout-savoir-sur-lassociation-autour-de-bebe-a-la-cote-saint-andre.png\",\"keywords\":[\"Autour de B\u00e9b\u00e9\",\"Bien-\u00eatre familial\",\"\u00c9veil des enfants\",\"Groupes de parole\",\"Liens sociaux\",\"Parentalit\u00e9\"],\"articleSection\":[\"\u00c0 la une\"],\"inLanguage\":\"fr-FR\",\"potentialAction\":[{\"@type\":\"CommentAction\",\"name\":\"Comment\",\"target\":[\"https:\\\/\\\/bart-et-lemy.com\\\/blog\\\/a-la-une\\\/tout-savoir-sur-lassociation-autour-de-bebe-a-la-cote-saint-andre\\\/#respond\"]}]},{\"@type\":\"WebPage\",\"@id\":\"https:\\\/\\\/bart-et-lemy.com\\\/blog\\\/a-la-une\\\/tout-savoir-sur-lassociation-autour-de-bebe-a-la-cote-saint-andre\\\/\",\"url\":\"https:\\\/\\\/bart-et-lemy.com\\\/blog\\\/a-la-une\\\/tout-savoir-sur-lassociation-autour-de-bebe-a-la-cote-saint-andre\\\/\",\"name\":\"Tout savoir sur l'association Autour de B\u00e9b\u00e9 \u00e0 La C\u00f4te\",\"isPartOf\":{\"@id\":\"https:\\\/\\\/bart-et-lemy.com\\\/blog\\\/#website\"},\"primaryImageOfPage\":{\"@id\":\"https:\\\/\\\/bart-et-lemy.com\\\/blog\\\/a-la-une\\\/tout-savoir-sur-lassociation-autour-de-bebe-a-la-cote-saint-andre\\\/#primaryimage\"},\"image\":{\"@id\":\"https:\\\/\\\/bart-et-lemy.com\\\/blog\\\/a-la-une\\\/tout-savoir-sur-lassociation-autour-de-bebe-a-la-cote-saint-andre\\\/#primaryimage\"},\"thumbnailUrl\":\"https:\\\/\\\/bart-et-lemy.com\\\/blog\\\/wp-content\\\/uploads\\\/2025\\\/02\\\/stability-tout-savoir-sur-lassociation-autour-de-bebe-a-la-cote-saint-andre.png\",\"datePublished\":\"2025-02-16T16:59:00+00:00\",\"description\":\"Cette structure offre un espace convivial et chaleureux, permettant aux parents de se rencontrer, d'\u00e9changer et de b\u00e9n\u00e9ficier de divers services adapt\u00e9s\u2026\",\"inLanguage\":\"fr-FR\",\"potentialAction\":[{\"@type\":\"ReadAction\",\"target\":[\"https:\\\/\\\/bart-et-lemy.com\\\/blog\\\/a-la-une\\\/tout-savoir-sur-lassociation-autour-de-bebe-a-la-cote-saint-andre\\\/\"]}]},{\"@type\":\"ImageObject\",\"inLanguage\":\"fr-FR\",\"@id\":\"https:\\\/\\\/bart-et-lemy.com\\\/blog\\\/a-la-une\\\/tout-savoir-sur-lassociation-autour-de-bebe-a-la-cote-saint-andre\\\/#primaryimage\",\"url\":\"https:\\\/\\\/bart-et-lemy.com\\\/blog\\\/wp-content\\\/uploads\\\/2025\\\/02\\\/stability-tout-savoir-sur-lassociation-autour-de-bebe-a-la-cote-saint-andre.png\",\"contentUrl\":\"https:\\\/\\\/bart-et-lemy.com\\\/blog\\\/wp-content\\\/uploads\\\/2025\\\/02\\\/stability-tout-savoir-sur-lassociation-autour-de-bebe-a-la-cote-saint-andre.png\",\"width\":1024,\"height\":576},{\"@type\":\"WebSite\",\"@id\":\"https:\\\/\\\/bart-et-lemy.com\\\/blog\\\/#website\",\"url\":\"https:\\\/\\\/bart-et-lemy.com\\\/blog\\\/\",\"name\":\"Bart et Lemy\",\"description\":\"L\u2019originalit\u00e9 en toute libert\u00e9.\",\"publisher\":{\"@id\":\"https:\\\/\\\/bart-et-lemy.com\\\/blog\\\/#organization\"},\"alternateName\":\"Conseils parentaux, astuces famille et bien-\u00eatre enfant\",\"potentialAction\":[{\"@type\":\"SearchAction\",\"target\":{\"@type\":\"EntryPoint\",\"urlTemplate\":\"https:\\\/\\\/bart-et-lemy.com\\\/blog\\\/?s={search_term_string}\"},\"query-input\":{\"@type\":\"PropertyValueSpecification\",\"valueRequired\":true,\"valueName\":\"search_term_string\"}}],\"inLanguage\":\"fr-FR\"},{\"@type\":\"Organization\",\"@id\":\"https:\\\/\\\/bart-et-lemy.com\\\/blog\\\/#organization\",\"name\":\"Bart et Lemy\",\"alternateName\":\"bart-et-lemy.com\",\"url\":\"https:\\\/\\\/bart-et-lemy.com\\\/blog\\\/\",\"logo\":{\"@type\":\"ImageObject\",\"inLanguage\":\"fr-FR\",\"@id\":\"https:\\\/\\\/bart-et-lemy.com\\\/blog\\\/#\\\/schema\\\/logo\\\/image\\\/\",\"url\":\"https:\\\/\\\/bart-et-lemy.com\\\/blog\\\/wp-content\\\/uploads\\\/2026\\\/07\\\/logo-auto.png\",\"contentUrl\":\"https:\\\/\\\/bart-et-lemy.com\\\/blog\\\/wp-content\\\/uploads\\\/2026\\\/07\\\/logo-auto.png\",\"width\":1024,\"height\":1024,\"caption\":\"Bart et Lemy\"},\"image\":{\"@id\":\"https:\\\/\\\/bart-et-lemy.com\\\/blog\\\/#\\\/schema\\\/logo\\\/image\\\/\"}},{\"@type\":\"Person\",\"@id\":\"https:\\\/\\\/bart-et-lemy.com\\\/blog\\\/#\\\/schema\\\/person\\\/3c864cdc320801e3db34b663e7e3f816\",\"name\":\"Elodie Mazeau\",\"image\":{\"@type\":\"ImageObject\",\"inLanguage\":\"fr-FR\",\"@id\":\"https:\\\/\\\/bart-et-lemy.com\\\/blog\\\/wp-content\\\/uploads\\\/2026\\\/06\\\/persona_elodie-m-96x96.jpg\",\"url\":\"https:\\\/\\\/bart-et-lemy.com\\\/blog\\\/wp-content\\\/uploads\\\/2026\\\/06\\\/persona_elodie-m-96x96.jpg\",\"contentUrl\":\"https:\\\/\\\/bart-et-lemy.com\\\/blog\\\/wp-content\\\/uploads\\\/2026\\\/06\\\/persona_elodie-m-96x96.jpg\",\"caption\":\"Elodie Mazeau\"},\"description\":\"J'\u00e9cris sur la parentalit\u00e9 telle qu'elle se vit vraiment, du premier biberon aux premi\u00e8res col\u00e8res. Mes sujets de pr\u00e9dilection couvrent le quotidien des familles : sommeil, alimentation, organisation, pu\u00e9riculture et ces petites gal\u00e8res que tout parent conna\u00eet. Depuis plusieurs ann\u00e9es, je m'attache \u00e0 proposer des rep\u00e8res concrets plut\u00f4t que des le\u00e7ons, parce que chaque famille trouve son propre \u00e9quilibre. Je v\u00e9rifie mes informations aupr\u00e8s de sources fiables, surtout d\u00e8s qu'on touche \u00e0 la sant\u00e9 ou \u00e0 la s\u00e9curit\u00e9 de l'enfant, et je pr\u00e9cise quand un avis professionnel s'impose. J'\u00e9vite soigneusement la culpabilisation : \u00eatre parent est d\u00e9j\u00e0 assez exigeant. Mon ton se veut complice et bienveillant, un peu comme une discussion entre parents qui se comprennent. L'id\u00e9e est d'all\u00e9ger la charge mentale en donnant des solutions simples et test\u00e9es.\",\"sameAs\":[\"https:\\\/\\\/elodiemazeau.fr\\\/\"],\"url\":\"https:\\\/\\\/bart-et-lemy.com\\\/blog\\\/auteur\\\/noname\\\/\"}]}<\/script>\n<!-- \/ Yoast SEO Premium plugin. -->","yoast_head_json":{"title":"Tout savoir sur l'association Autour de B\u00e9b\u00e9 \u00e0 La C\u00f4te","description":"Cette structure offre un espace convivial et chaleureux, permettant aux parents de se rencontrer, d'\u00e9changer et de b\u00e9n\u00e9ficier de divers services adapt\u00e9s\u2026","robots":{"index":"index","follow":"follow","max-snippet":"max-snippet:-1","max-image-preview":"max-image-preview:large","max-video-preview":"max-video-preview:-1"},"canonical":"https:\/\/bart-et-lemy.com\/blog\/a-la-une\/tout-savoir-sur-lassociation-autour-de-bebe-a-la-cote-saint-andre\/","og_locale":"fr_FR","og_type":"article","og_title":"Tout savoir sur l'association Autour de B\u00e9b\u00e9 \u00e0 La C\u00f4te","og_description":"Cette structure offre un espace convivial et chaleureux, permettant aux parents de se rencontrer, d'\u00e9changer et de b\u00e9n\u00e9ficier de divers services adapt\u00e9s\u2026","og_url":"https:\/\/bart-et-lemy.com\/blog\/a-la-une\/tout-savoir-sur-lassociation-autour-de-bebe-a-la-cote-saint-andre\/","og_site_name":"bart-et-lemy.com","og_image":[{"width":1024,"height":576,"url":"https:\/\/bart-et-lemy.com\/blog\/wp-content\/uploads\/2025\/02\/stability-tout-savoir-sur-lassociation-autour-de-bebe-a-la-cote-saint-andre.png","type":"image\/png"}],"author":"Elodie Mazeau","twitter_card":"summary_large_image","schema":{"@context":"https:\/\/schema.org","@graph":[{"@type":"NewsArticle","@id":"https:\/\/bart-et-lemy.com\/blog\/a-la-une\/tout-savoir-sur-lassociation-autour-de-bebe-a-la-cote-saint-andre\/#article","isPartOf":{"@id":"https:\/\/bart-et-lemy.com\/blog\/a-la-une\/tout-savoir-sur-lassociation-autour-de-bebe-a-la-cote-saint-andre\/"},"author":{"name":"Elodie Mazeau","@id":"https:\/\/bart-et-lemy.com\/blog\/#\/schema\/person\/3c864cdc320801e3db34b663e7e3f816"},"headline":"Tout savoir sur l&rsquo;association Autour de B\u00e9b\u00e9 \u00e0 La C\u00f4te Saint Andr\u00e9","datePublished":"2025-02-16T16:59:00+00:00","mainEntityOfPage":{"@id":"https:\/\/bart-et-lemy.com\/blog\/a-la-une\/tout-savoir-sur-lassociation-autour-de-bebe-a-la-cote-saint-andre\/"},"wordCount":538,"commentCount":22,"publisher":{"@id":"https:\/\/bart-et-lemy.com\/blog\/#organization"},"image":{"@id":"https:\/\/bart-et-lemy.com\/blog\/a-la-une\/tout-savoir-sur-lassociation-autour-de-bebe-a-la-cote-saint-andre\/#primaryimage"},"thumbnailUrl":"https:\/\/bart-et-lemy.com\/blog\/wp-content\/uploads\/2025\/02\/stability-tout-savoir-sur-lassociation-autour-de-bebe-a-la-cote-saint-andre.png","keywords":["Autour de B\u00e9b\u00e9","Bien-\u00eatre familial","\u00c9veil des enfants","Groupes de parole","Liens sociaux","Parentalit\u00e9"],"articleSection":["\u00c0 la une"],"inLanguage":"fr-FR","potentialAction":[{"@type":"CommentAction","name":"Comment","target":["https:\/\/bart-et-lemy.com\/blog\/a-la-une\/tout-savoir-sur-lassociation-autour-de-bebe-a-la-cote-saint-andre\/#respond"]}]},{"@type":"WebPage","@id":"https:\/\/bart-et-lemy.com\/blog\/a-la-une\/tout-savoir-sur-lassociation-autour-de-bebe-a-la-cote-saint-andre\/","url":"https:\/\/bart-et-lemy.com\/blog\/a-la-une\/tout-savoir-sur-lassociation-autour-de-bebe-a-la-cote-saint-andre\/","name":"Tout savoir sur l'association Autour de B\u00e9b\u00e9 \u00e0 La C\u00f4te","isPartOf":{"@id":"https:\/\/bart-et-lemy.com\/blog\/#website"},"primaryImageOfPage":{"@id":"https:\/\/bart-et-lemy.com\/blog\/a-la-une\/tout-savoir-sur-lassociation-autour-de-bebe-a-la-cote-saint-andre\/#primaryimage"},"image":{"@id":"https:\/\/bart-et-lemy.com\/blog\/a-la-une\/tout-savoir-sur-lassociation-autour-de-bebe-a-la-cote-saint-andre\/#primaryimage"},"thumbnailUrl":"https:\/\/bart-et-lemy.com\/blog\/wp-content\/uploads\/2025\/02\/stability-tout-savoir-sur-lassociation-autour-de-bebe-a-la-cote-saint-andre.png","datePublished":"2025-02-16T16:59:00+00:00","description":"Cette structure offre un espace convivial et chaleureux, permettant aux parents de se rencontrer, d'\u00e9changer et de b\u00e9n\u00e9ficier de divers services adapt\u00e9s\u2026","inLanguage":"fr-FR","potentialAction":[{"@type":"ReadAction","target":["https:\/\/bart-et-lemy.com\/blog\/a-la-une\/tout-savoir-sur-lassociation-autour-de-bebe-a-la-cote-saint-andre\/"]}]},{"@type":"ImageObject","inLanguage":"fr-FR","@id":"https:\/\/bart-et-lemy.com\/blog\/a-la-une\/tout-savoir-sur-lassociation-autour-de-bebe-a-la-cote-saint-andre\/#primaryimage","url":"https:\/\/bart-et-lemy.com\/blog\/wp-content\/uploads\/2025\/02\/stability-tout-savoir-sur-lassociation-autour-de-bebe-a-la-cote-saint-andre.png","contentUrl":"https:\/\/bart-et-lemy.com\/blog\/wp-content\/uploads\/2025\/02\/stability-tout-savoir-sur-lassociation-autour-de-bebe-a-la-cote-saint-andre.png","width":1024,"height":576},{"@type":"WebSite","@id":"https:\/\/bart-et-lemy.com\/blog\/#website","url":"https:\/\/bart-et-lemy.com\/blog\/","name":"Bart et Lemy","description":"L\u2019originalit\u00e9 en toute libert\u00e9.","publisher":{"@id":"https:\/\/bart-et-lemy.com\/blog\/#organization"},"alternateName":"Conseils parentaux, astuces famille et bien-\u00eatre enfant","potentialAction":[{"@type":"SearchAction","target":{"@type":"EntryPoint","urlTemplate":"https:\/\/bart-et-lemy.com\/blog\/?s={search_term_string}"},"query-input":{"@type":"PropertyValueSpecification","valueRequired":true,"valueName":"search_term_string"}}],"inLanguage":"fr-FR"},{"@type":"Organization","@id":"https:\/\/bart-et-lemy.com\/blog\/#organization","name":"Bart et Lemy","alternateName":"bart-et-lemy.com","url":"https:\/\/bart-et-lemy.com\/blog\/","logo":{"@type":"ImageObject","inLanguage":"fr-FR","@id":"https:\/\/bart-et-lemy.com\/blog\/#\/schema\/logo\/image\/","url":"https:\/\/bart-et-lemy.com\/blog\/wp-content\/uploads\/2026\/07\/logo-auto.png","contentUrl":"https:\/\/bart-et-lemy.com\/blog\/wp-content\/uploads\/2026\/07\/logo-auto.png","width":1024,"height":1024,"caption":"Bart et Lemy"},"image":{"@id":"https:\/\/bart-et-lemy.com\/blog\/#\/schema\/logo\/image\/"}},{"@type":"Person","@id":"https:\/\/bart-et-lemy.com\/blog\/#\/schema\/person\/3c864cdc320801e3db34b663e7e3f816","name":"Elodie Mazeau","image":{"@type":"ImageObject","inLanguage":"fr-FR","@id":"https:\/\/bart-et-lemy.com\/blog\/wp-content\/uploads\/2026\/06\/persona_elodie-m-96x96.jpg","url":"https:\/\/bart-et-lemy.com\/blog\/wp-content\/uploads\/2026\/06\/persona_elodie-m-96x96.jpg","contentUrl":"https:\/\/bart-et-lemy.com\/blog\/wp-content\/uploads\/2026\/06\/persona_elodie-m-96x96.jpg","caption":"Elodie Mazeau"},"description":"J'\u00e9cris sur la parentalit\u00e9 telle qu'elle se vit vraiment, du premier biberon aux premi\u00e8res col\u00e8res. Mes sujets de pr\u00e9dilection couvrent le quotidien des familles : sommeil, alimentation, organisation, pu\u00e9riculture et ces petites gal\u00e8res que tout parent conna\u00eet. Depuis plusieurs ann\u00e9es, je m'attache \u00e0 proposer des rep\u00e8res concrets plut\u00f4t que des le\u00e7ons, parce que chaque famille trouve son propre \u00e9quilibre. Je v\u00e9rifie mes informations aupr\u00e8s de sources fiables, surtout d\u00e8s qu'on touche \u00e0 la sant\u00e9 ou \u00e0 la s\u00e9curit\u00e9 de l'enfant, et je pr\u00e9cise quand un avis professionnel s'impose. J'\u00e9vite soigneusement la culpabilisation : \u00eatre parent est d\u00e9j\u00e0 assez exigeant. Mon ton se veut complice et bienveillant, un peu comme une discussion entre parents qui se comprennent. L'id\u00e9e est d'all\u00e9ger la charge mentale en donnant des solutions simples et test\u00e9es.","sameAs":["https:\/\/elodiemazeau.fr\/"],"url":"https:\/\/bart-et-lemy.com\/blog\/auteur\/noname\/"}]}},"_links":{"self":[{"href":"https:\/\/bart-et-lemy.com\/blog\/wp-json\/wp\/v2\/posts\/8349","targetHints":{"allow":["GET"]}}],"collection":[{"href":"https:\/\/bart-et-lemy.com\/blog\/wp-json\/wp\/v2\/posts"}],"about":[{"href":"https:\/\/bart-et-lemy.com\/blog\/wp-json\/wp\/v2\/types\/post"}],"author":[{"embeddable":true,"href":"https:\/\/bart-et-lemy.com\/blog\/wp-json\/wp\/v2\/users\/34"}],"replies":[{"embeddable":true,"href":"https:\/\/bart-et-lemy.com\/blog\/wp-json\/wp\/v2\/comments?post=8349"}],"version-history":[{"count":2,"href":"https:\/\/bart-et-lemy.com\/blog\/wp-json\/wp\/v2\/posts\/8349\/revisions"}],"predecessor-version":[{"id":9497,"href":"https:\/\/bart-et-lemy.com\/blog\/wp-json\/wp\/v2\/posts\/8349\/revisions\/9497"}],"wp:featuredmedia":[{"embeddable":true,"href":"https:\/\/bart-et-lemy.com\/blog\/wp-json\/wp\/v2\/media\/8350"}],"wp:attachment":[{"href":"https:\/\/bart-et-lemy.com\/blog\/wp-json\/wp\/v2\/media?parent=8349"}],"wp:term":[{"taxonomy":"category","embeddable":true,"href":"https:\/\/bart-et-lemy.com\/blog\/wp-json\/wp\/v2\/categories?post=8349"},{"taxonomy":"post_tag","embeddable":true,"href":"https:\/\/bart-et-lemy.com\/blog\/wp-json\/wp\/v2\/tags?post=8349"}],"curies":[{"name":"wp","href":"https:\/\/api.w.org\/{rel}","templated":true}]}}