{"id":8456,"date":"2025-02-22T17:59:00","date_gmt":"2025-02-22T16:59:00","guid":{"rendered":"https:\/\/bart-et-lemy.com\/blog\/?p=8456"},"modified":"2025-02-10T16:22:56","modified_gmt":"2025-02-10T15:22:56","slug":"desaturation-chez-les-bebes-prematures-comprendre-et-agir-efficacement","status":"publish","type":"post","link":"https:\/\/bart-et-lemy.com\/blog\/a-la-une\/desaturation-chez-les-bebes-prematures-comprendre-et-agir-efficacement\/","title":{"rendered":"D\u00e9saturation chez les b\u00e9b\u00e9s pr\u00e9matur\u00e9s : Comprendre et agir efficacement"},"content":{"rendered":"<h2>Introduction : La d\u00e9saturation, un enjeu crucial pour les b\u00e9b\u00e9s pr\u00e9matur\u00e9s<\/h2>\n<p>Les nourrissons n\u00e9s avant terme souffrent souvent d\u2019une immaturit\u00e9 pulmonaire, ce qui les rend plus vuln\u00e9rables aux variations de leur taux d\u2019oxyg\u00e8ne. Comment cette condition impacte-t-elle leur d\u00e9veloppement et quelles mesures peuvent \u00eatre prises pour y rem\u00e9dier ? Cet article explore les causes, les cons\u00e9quences et les solutions pour lutter contre la d\u00e9saturation chez ces petits patients.<\/p>\n<h2>Qu&rsquo;est-ce que la d\u00e9saturation ?<\/h2>\n<p>La d\u00e9saturation fait r\u00e9f\u00e9rence \u00e0 une diminution du taux d\u2019oxyg\u00e8ne dans le sang, mesur\u00e9e par la saturation en oxyg\u00e8ne (SpO2). Chez les b\u00e9b\u00e9s pr\u00e9matur\u00e9s, cette condition peut r\u00e9sulter de plusieurs facteurs, notamment :<\/p>\n<ul>\n<li><strong>Immaturit\u00e9 des poumons<\/strong> : Les poumons des pr\u00e9matur\u00e9s ne sont pas compl\u00e8tement d\u00e9velopp\u00e9s, limitant leur capacit\u00e9 \u00e0 absorber l\u2019oxyg\u00e8ne.<\/li>\n<li><strong>Maladies respiratoires<\/strong> : Des conditions comme la maladie des membranes hyalines peuvent aggraver la situation.<\/li>\n<li><strong>Infections<\/strong> : Les infections respiratoires peuvent entra\u00eener une d\u00e9saturation rapide.<\/li>\n<\/ul>\n<p>Cette situation n\u00e9cessite une surveillance constante, car une d\u00e9saturation prolong\u00e9e peut avoir des cons\u00e9quences graves sur le d\u00e9veloppement neurologique et physique de l\u2019enfant.<\/p>\n<h2>Cons\u00e9quences de la d\u00e9saturation<\/h2>\n<p>Les effets de la d\u00e9saturation chez les b\u00e9b\u00e9s pr\u00e9matur\u00e9s sont multiples et peuvent affecter plusieurs aspects de leur sant\u00e9 et de leur d\u00e9veloppement. Voici quelques cons\u00e9quences notables :<img decoding=\"async\" width=\"1024\" height=\"576\" src=\"https:\/\/bart-et-lemy.com\/blog\/wp-content\/uploads\/2025\/02\/stability-desaturation-chez-les-bebes-prematures-comprendre-et-agir-efficacement-1.png\" class=\"aligncenter\" alt=\"Illustration d\u00e9taill\u00e9e sur D\u00e9saturation chez les b\u00e9b\u00e9s pr\u00e9matur\u00e9s : Comprendre et agir efficacement\" title=\"D\u00e9saturation chez les b\u00e9b\u00e9s pr\u00e9matur\u00e9s : Comprendre et agir efficacement\" loading=\"lazy\" \/><\/p>\n<ul>\n<li><strong>D\u00e9veloppement neurologique<\/strong> : Des \u00e9tudes montrent que des \u00e9pisodes r\u00e9p\u00e9t\u00e9s de d\u00e9saturation peuvent entra\u00eener des probl\u00e8mes cognitifs \u00e0 long terme.<\/li>\n<li><strong>Retard de croissance<\/strong> : Un apport insuffisant en oxyg\u00e8ne peut nuire \u00e0 la croissance physique et au d\u00e9veloppement g\u00e9n\u00e9ral de l\u2019enfant.<\/li>\n<li><strong>Augmentation du risque d&rsquo;infections<\/strong> : Les b\u00e9b\u00e9s d\u00e9satur\u00e9s sont plus susceptibles de d\u00e9velopper des infections pulmonaires, ce qui complique leur \u00e9tat de sant\u00e9.<\/li>\n<\/ul>\n<p>Il est donc essentiel de traiter rapidement la d\u00e9saturation pour minimiser ces risques et favoriser un d\u00e9veloppement sain.<\/p>\n<h2>Mesures \u00e0 prendre face \u00e0 la d\u00e9saturation<\/h2>\n<p>Pour g\u00e9rer efficacement la d\u00e9saturation chez les b\u00e9b\u00e9s pr\u00e9matur\u00e9s, plusieurs strat\u00e9gies peuvent \u00eatre mises en \u0153uvre :<\/p>\n<ul>\n<li><strong>Surveillance continue<\/strong> : Utiliser des oxym\u00e8tres pour suivre en temps r\u00e9el les niveaux de saturation en oxyg\u00e8ne.<\/li>\n<li><strong>Oxyg\u00e9noth\u00e9rapie<\/strong> : Fournir de l\u2019oxyg\u00e8ne suppl\u00e9mentaire lorsque n\u00e9cessaire pour maintenir des niveaux ad\u00e9quats de SpO2.<\/li>\n<li><strong>Positionnement ad\u00e9quat<\/strong> : Placer le b\u00e9b\u00e9 dans des positions qui favorisent la respiration, comme sur le ventre ou sur le c\u00f4t\u00e9.<\/li>\n<\/ul>\n<p>Ces interventions permettent de stabiliser l\u2019\u00e9tat respiratoire du nourrisson et d\u2019optimiser ses chances de d\u00e9veloppement sain.<\/p>\n<blockquote>\n<p>\u00ab\u00a0Un suivi r\u00e9gulier et une intervention rapide sont essentiels pour assurer le bien-\u00eatre des b\u00e9b\u00e9s pr\u00e9matur\u00e9s.\u00a0\u00bb &#8211; Dr. Marie Dupont, p\u00e9diatre<\/p>\n<\/blockquote>\n<h2>Tableau r\u00e9capitulatif des interventions<\/h2>\n<table>\n<tr>\n<th>Intervention<\/th>\n<th>Objectif<\/th>\n<th>Fr\u00e9quence<\/th>\n<\/tr>\n<tr>\n<td>Surveillance<\/td>\n<td>\u00c9valuer la saturation en oxyg\u00e8ne<\/td>\n<td>Continue<\/td>\n<\/tr>\n<tr>\n<td>Oxyg\u00e9noth\u00e9rapie<\/td>\n<td>Maintenir SpO2 au-dessus de 90%<\/td>\n<td>Au besoin<\/td>\n<\/tr>\n<tr>\n<td>Positionnement<\/td>\n<td>Am\u00e9liorer la respiration<\/td>\n<td>Fr\u00e9quent<\/td>\n<\/tr>\n<\/table>\n<h3>FAQ :<\/h3>\n<blockquote>\n<ul>\n<li><strong>Pourquoi les b\u00e9b\u00e9s pr\u00e9matur\u00e9s sont-ils \u00e0 risque de d\u00e9saturation ?<\/strong>Ils naissent avec des poumons immatures, ce qui limite leur capacit\u00e9 \u00e0 absorber l\u2019oxyg\u00e8ne.<\/li>\n<li><strong>Comment d\u00e9tecter une d\u00e9saturation ?<\/strong>La d\u00e9saturation se d\u00e9tecte par un oxym\u00e8tre qui mesure le taux de saturation en oxyg\u00e8ne dans le sang.<\/li>\n<li><strong>Quels sont les traitements possibles ?<\/strong>Les traitements incluent l\u2019oxyg\u00e9noth\u00e9rapie, la ventilation m\u00e9canique et des soins respiratoires sp\u00e9cialis\u00e9s.<\/li>\n<li><strong>La d\u00e9saturation est-elle dangereuse ?<\/strong>Oui, une d\u00e9saturation prolong\u00e9e peut entra\u00eener des complications graves, y compris des dommages neurologiques.<\/li>\n<\/ul>\n<\/blockquote>\n<h2>Conclusion : Agir pour la sant\u00e9 des b\u00e9b\u00e9s pr\u00e9matur\u00e9s<\/h2>\n<p>La d\u00e9saturation chez les b\u00e9b\u00e9s pr\u00e9matur\u00e9s repr\u00e9sente un d\u00e9fi de taille. Une prise en charge proactive et adapt\u00e9e permet de r\u00e9duire les risques associ\u00e9s \u00e0 cette condition. Gr\u00e2ce \u00e0 une combinaison de suivi, d\u2019interventions m\u00e9dicales appropri\u00e9es et de soins attentifs, il est possible d\u2019optimiser le d\u00e9veloppement de ces nourrissons vuln\u00e9rables. Prot\u00e9ger leur sant\u00e9 d\u00e8s les premiers instants de leur vie est essentiel pour leur avenir.<\/p>\n","protected":false},"excerpt":{"rendered":"","protected":false},"author":34,"featured_media":8464,"comment_status":"open","ping_status":"open","sticky":false,"template":"","format":"standard","meta":{"_acf_changed":false,"manual_indexmenow":false,"indexmenow_id_project":0,"footnotes":""},"categories":[1],"tags":[5191,4689,4692,5192,4691,5193],"class_list":["post-8456","post","type-post","status-publish","format-standard","has-post-thumbnail","hentry","category-a-la-une","tag-bebes-prematures","tag-desaturation","tag-developpement-neurologique","tag-immaturite-pulmonaire","tag-oxygenotherapie","tag-surveillance-continue","generate-columns","tablet-grid-50","mobile-grid-100","grid-parent","grid-25"],"acf":[],"yoast_head":"<!-- This site is optimized with the Yoast SEO Premium plugin v21.3 (Yoast SEO v27.3) - https:\/\/yoast.com\/product\/yoast-seo-premium-wordpress\/ -->\n<title>D\u00e9saturation chez les b\u00e9b\u00e9s pr\u00e9matur\u00e9s<\/title>\n<meta name=\"description\" content=\"Les nourrissons n\u00e9s avant terme souffrent souvent d\u2019une immaturit\u00e9 pulmonaire, ce qui les rend plus vuln\u00e9rables aux variations de leur taux d\u2019oxyg\u00e8ne.\" \/>\n<meta name=\"robots\" content=\"index, follow, max-snippet:-1, max-image-preview:large, max-video-preview:-1\" \/>\n<link rel=\"canonical\" href=\"https:\/\/bart-et-lemy.com\/blog\/a-la-une\/desaturation-chez-les-bebes-prematures-comprendre-et-agir-efficacement\/\" \/>\n<meta property=\"og:locale\" content=\"fr_FR\" \/>\n<meta property=\"og:type\" content=\"article\" \/>\n<meta property=\"og:title\" content=\"D\u00e9saturation chez les b\u00e9b\u00e9s pr\u00e9matur\u00e9s\" \/>\n<meta property=\"og:description\" content=\"Les nourrissons n\u00e9s avant terme souffrent souvent d\u2019une immaturit\u00e9 pulmonaire, ce qui les rend plus vuln\u00e9rables aux variations de leur taux d\u2019oxyg\u00e8ne.\" \/>\n<meta property=\"og:url\" content=\"https:\/\/bart-et-lemy.com\/blog\/a-la-une\/desaturation-chez-les-bebes-prematures-comprendre-et-agir-efficacement\/\" \/>\n<meta property=\"og:site_name\" content=\"bart-et-lemy.com\" \/>\n<meta property=\"og:image\" content=\"https:\/\/bart-et-lemy.com\/blog\/wp-content\/uploads\/2025\/02\/stability-desaturation-chez-les-bebes-prematures-comprendre-et-agir-efficacement.png\" \/>\n\t<meta property=\"og:image:width\" content=\"1024\" \/>\n\t<meta property=\"og:image:height\" content=\"576\" \/>\n\t<meta property=\"og:image:type\" content=\"image\/png\" \/>\n<meta name=\"author\" content=\"Elodie Mazeau\" \/>\n<meta name=\"twitter:card\" content=\"summary_large_image\" \/>\n<script type=\"application\/ld+json\" class=\"yoast-schema-graph\">{\"@context\":\"https:\\\/\\\/schema.org\",\"@graph\":[{\"@type\":\"NewsArticle\",\"@id\":\"https:\\\/\\\/bart-et-lemy.com\\\/blog\\\/a-la-une\\\/desaturation-chez-les-bebes-prematures-comprendre-et-agir-efficacement\\\/#article\",\"isPartOf\":{\"@id\":\"https:\\\/\\\/bart-et-lemy.com\\\/blog\\\/a-la-une\\\/desaturation-chez-les-bebes-prematures-comprendre-et-agir-efficacement\\\/\"},\"author\":{\"name\":\"Elodie Mazeau\",\"@id\":\"https:\\\/\\\/bart-et-lemy.com\\\/blog\\\/#\\\/schema\\\/person\\\/3c864cdc320801e3db34b663e7e3f816\"},\"headline\":\"D\u00e9saturation chez les b\u00e9b\u00e9s pr\u00e9matur\u00e9s : Comprendre et agir efficacement\",\"datePublished\":\"2025-02-22T16:59:00+00:00\",\"mainEntityOfPage\":{\"@id\":\"https:\\\/\\\/bart-et-lemy.com\\\/blog\\\/a-la-une\\\/desaturation-chez-les-bebes-prematures-comprendre-et-agir-efficacement\\\/\"},\"wordCount\":726,\"commentCount\":20,\"publisher\":{\"@id\":\"https:\\\/\\\/bart-et-lemy.com\\\/blog\\\/#organization\"},\"image\":{\"@id\":\"https:\\\/\\\/bart-et-lemy.com\\\/blog\\\/a-la-une\\\/desaturation-chez-les-bebes-prematures-comprendre-et-agir-efficacement\\\/#primaryimage\"},\"thumbnailUrl\":\"https:\\\/\\\/bart-et-lemy.com\\\/blog\\\/wp-content\\\/uploads\\\/2025\\\/02\\\/stability-desaturation-chez-les-bebes-prematures-comprendre-et-agir-efficacement.png\",\"keywords\":[\"B\u00e9b\u00e9s Pr\u00e9matur\u00e9s\",\"D\u00e9saturation\",\"D\u00e9veloppement Neurologique\",\"Immaturit\u00e9 Pulmonaire\",\"Oxyg\u00e9noth\u00e9rapie\",\"Surveillance Continue\"],\"articleSection\":[\"\u00c0 la une\"],\"inLanguage\":\"fr-FR\",\"potentialAction\":[{\"@type\":\"CommentAction\",\"name\":\"Comment\",\"target\":[\"https:\\\/\\\/bart-et-lemy.com\\\/blog\\\/a-la-une\\\/desaturation-chez-les-bebes-prematures-comprendre-et-agir-efficacement\\\/#respond\"]}]},{\"@type\":\"WebPage\",\"@id\":\"https:\\\/\\\/bart-et-lemy.com\\\/blog\\\/a-la-une\\\/desaturation-chez-les-bebes-prematures-comprendre-et-agir-efficacement\\\/\",\"url\":\"https:\\\/\\\/bart-et-lemy.com\\\/blog\\\/a-la-une\\\/desaturation-chez-les-bebes-prematures-comprendre-et-agir-efficacement\\\/\",\"name\":\"D\u00e9saturation chez les b\u00e9b\u00e9s pr\u00e9matur\u00e9s\",\"isPartOf\":{\"@id\":\"https:\\\/\\\/bart-et-lemy.com\\\/blog\\\/#website\"},\"primaryImageOfPage\":{\"@id\":\"https:\\\/\\\/bart-et-lemy.com\\\/blog\\\/a-la-une\\\/desaturation-chez-les-bebes-prematures-comprendre-et-agir-efficacement\\\/#primaryimage\"},\"image\":{\"@id\":\"https:\\\/\\\/bart-et-lemy.com\\\/blog\\\/a-la-une\\\/desaturation-chez-les-bebes-prematures-comprendre-et-agir-efficacement\\\/#primaryimage\"},\"thumbnailUrl\":\"https:\\\/\\\/bart-et-lemy.com\\\/blog\\\/wp-content\\\/uploads\\\/2025\\\/02\\\/stability-desaturation-chez-les-bebes-prematures-comprendre-et-agir-efficacement.png\",\"datePublished\":\"2025-02-22T16:59:00+00:00\",\"description\":\"Les nourrissons n\u00e9s avant terme souffrent souvent d\u2019une immaturit\u00e9 pulmonaire, ce qui les rend plus vuln\u00e9rables aux variations de leur taux d\u2019oxyg\u00e8ne.\",\"inLanguage\":\"fr-FR\",\"potentialAction\":[{\"@type\":\"ReadAction\",\"target\":[\"https:\\\/\\\/bart-et-lemy.com\\\/blog\\\/a-la-une\\\/desaturation-chez-les-bebes-prematures-comprendre-et-agir-efficacement\\\/\"]}]},{\"@type\":\"ImageObject\",\"inLanguage\":\"fr-FR\",\"@id\":\"https:\\\/\\\/bart-et-lemy.com\\\/blog\\\/a-la-une\\\/desaturation-chez-les-bebes-prematures-comprendre-et-agir-efficacement\\\/#primaryimage\",\"url\":\"https:\\\/\\\/bart-et-lemy.com\\\/blog\\\/wp-content\\\/uploads\\\/2025\\\/02\\\/stability-desaturation-chez-les-bebes-prematures-comprendre-et-agir-efficacement.png\",\"contentUrl\":\"https:\\\/\\\/bart-et-lemy.com\\\/blog\\\/wp-content\\\/uploads\\\/2025\\\/02\\\/stability-desaturation-chez-les-bebes-prematures-comprendre-et-agir-efficacement.png\",\"width\":1024,\"height\":576},{\"@type\":\"WebSite\",\"@id\":\"https:\\\/\\\/bart-et-lemy.com\\\/blog\\\/#website\",\"url\":\"https:\\\/\\\/bart-et-lemy.com\\\/blog\\\/\",\"name\":\"Bart et Lemy\",\"description\":\"L\u2019originalit\u00e9 en toute libert\u00e9.\",\"publisher\":{\"@id\":\"https:\\\/\\\/bart-et-lemy.com\\\/blog\\\/#organization\"},\"alternateName\":\"Conseils parentaux, astuces famille et bien-\u00eatre enfant\",\"potentialAction\":[{\"@type\":\"SearchAction\",\"target\":{\"@type\":\"EntryPoint\",\"urlTemplate\":\"https:\\\/\\\/bart-et-lemy.com\\\/blog\\\/?s={search_term_string}\"},\"query-input\":{\"@type\":\"PropertyValueSpecification\",\"valueRequired\":true,\"valueName\":\"search_term_string\"}}],\"inLanguage\":\"fr-FR\"},{\"@type\":\"Organization\",\"@id\":\"https:\\\/\\\/bart-et-lemy.com\\\/blog\\\/#organization\",\"name\":\"Bart et Lemy\",\"alternateName\":\"bart-et-lemy.com\",\"url\":\"https:\\\/\\\/bart-et-lemy.com\\\/blog\\\/\",\"logo\":{\"@type\":\"ImageObject\",\"inLanguage\":\"fr-FR\",\"@id\":\"https:\\\/\\\/bart-et-lemy.com\\\/blog\\\/#\\\/schema\\\/logo\\\/image\\\/\",\"url\":\"https:\\\/\\\/bart-et-lemy.com\\\/blog\\\/wp-content\\\/uploads\\\/2026\\\/07\\\/logo-auto.png\",\"contentUrl\":\"https:\\\/\\\/bart-et-lemy.com\\\/blog\\\/wp-content\\\/uploads\\\/2026\\\/07\\\/logo-auto.png\",\"width\":1024,\"height\":1024,\"caption\":\"Bart et Lemy\"},\"image\":{\"@id\":\"https:\\\/\\\/bart-et-lemy.com\\\/blog\\\/#\\\/schema\\\/logo\\\/image\\\/\"}},{\"@type\":\"Person\",\"@id\":\"https:\\\/\\\/bart-et-lemy.com\\\/blog\\\/#\\\/schema\\\/person\\\/3c864cdc320801e3db34b663e7e3f816\",\"name\":\"Elodie Mazeau\",\"image\":{\"@type\":\"ImageObject\",\"inLanguage\":\"fr-FR\",\"@id\":\"https:\\\/\\\/bart-et-lemy.com\\\/blog\\\/wp-content\\\/uploads\\\/2026\\\/06\\\/persona_elodie-m-96x96.jpg\",\"url\":\"https:\\\/\\\/bart-et-lemy.com\\\/blog\\\/wp-content\\\/uploads\\\/2026\\\/06\\\/persona_elodie-m-96x96.jpg\",\"contentUrl\":\"https:\\\/\\\/bart-et-lemy.com\\\/blog\\\/wp-content\\\/uploads\\\/2026\\\/06\\\/persona_elodie-m-96x96.jpg\",\"caption\":\"Elodie Mazeau\"},\"description\":\"J'\u00e9cris sur la parentalit\u00e9 telle qu'elle se vit vraiment, du premier biberon aux premi\u00e8res col\u00e8res. Mes sujets de pr\u00e9dilection couvrent le quotidien des familles : sommeil, alimentation, organisation, pu\u00e9riculture et ces petites gal\u00e8res que tout parent conna\u00eet. Depuis plusieurs ann\u00e9es, je m'attache \u00e0 proposer des rep\u00e8res concrets plut\u00f4t que des le\u00e7ons, parce que chaque famille trouve son propre \u00e9quilibre. Je v\u00e9rifie mes informations aupr\u00e8s de sources fiables, surtout d\u00e8s qu'on touche \u00e0 la sant\u00e9 ou \u00e0 la s\u00e9curit\u00e9 de l'enfant, et je pr\u00e9cise quand un avis professionnel s'impose. J'\u00e9vite soigneusement la culpabilisation : \u00eatre parent est d\u00e9j\u00e0 assez exigeant. Mon ton se veut complice et bienveillant, un peu comme une discussion entre parents qui se comprennent. L'id\u00e9e est d'all\u00e9ger la charge mentale en donnant des solutions simples et test\u00e9es.\",\"sameAs\":[\"https:\\\/\\\/elodiemazeau.fr\\\/\"],\"url\":\"https:\\\/\\\/bart-et-lemy.com\\\/blog\\\/auteur\\\/noname\\\/\"}]}<\/script>\n<!-- \/ Yoast SEO Premium plugin. -->","yoast_head_json":{"title":"D\u00e9saturation chez les b\u00e9b\u00e9s pr\u00e9matur\u00e9s","description":"Les nourrissons n\u00e9s avant terme souffrent souvent d\u2019une immaturit\u00e9 pulmonaire, ce qui les rend plus vuln\u00e9rables aux variations de leur taux d\u2019oxyg\u00e8ne.","robots":{"index":"index","follow":"follow","max-snippet":"max-snippet:-1","max-image-preview":"max-image-preview:large","max-video-preview":"max-video-preview:-1"},"canonical":"https:\/\/bart-et-lemy.com\/blog\/a-la-une\/desaturation-chez-les-bebes-prematures-comprendre-et-agir-efficacement\/","og_locale":"fr_FR","og_type":"article","og_title":"D\u00e9saturation chez les b\u00e9b\u00e9s pr\u00e9matur\u00e9s","og_description":"Les nourrissons n\u00e9s avant terme souffrent souvent d\u2019une immaturit\u00e9 pulmonaire, ce qui les rend plus vuln\u00e9rables aux variations de leur taux d\u2019oxyg\u00e8ne.","og_url":"https:\/\/bart-et-lemy.com\/blog\/a-la-une\/desaturation-chez-les-bebes-prematures-comprendre-et-agir-efficacement\/","og_site_name":"bart-et-lemy.com","og_image":[{"width":1024,"height":576,"url":"https:\/\/bart-et-lemy.com\/blog\/wp-content\/uploads\/2025\/02\/stability-desaturation-chez-les-bebes-prematures-comprendre-et-agir-efficacement.png","type":"image\/png"}],"author":"Elodie Mazeau","twitter_card":"summary_large_image","schema":{"@context":"https:\/\/schema.org","@graph":[{"@type":"NewsArticle","@id":"https:\/\/bart-et-lemy.com\/blog\/a-la-une\/desaturation-chez-les-bebes-prematures-comprendre-et-agir-efficacement\/#article","isPartOf":{"@id":"https:\/\/bart-et-lemy.com\/blog\/a-la-une\/desaturation-chez-les-bebes-prematures-comprendre-et-agir-efficacement\/"},"author":{"name":"Elodie Mazeau","@id":"https:\/\/bart-et-lemy.com\/blog\/#\/schema\/person\/3c864cdc320801e3db34b663e7e3f816"},"headline":"D\u00e9saturation chez les b\u00e9b\u00e9s pr\u00e9matur\u00e9s : Comprendre et agir efficacement","datePublished":"2025-02-22T16:59:00+00:00","mainEntityOfPage":{"@id":"https:\/\/bart-et-lemy.com\/blog\/a-la-une\/desaturation-chez-les-bebes-prematures-comprendre-et-agir-efficacement\/"},"wordCount":726,"commentCount":20,"publisher":{"@id":"https:\/\/bart-et-lemy.com\/blog\/#organization"},"image":{"@id":"https:\/\/bart-et-lemy.com\/blog\/a-la-une\/desaturation-chez-les-bebes-prematures-comprendre-et-agir-efficacement\/#primaryimage"},"thumbnailUrl":"https:\/\/bart-et-lemy.com\/blog\/wp-content\/uploads\/2025\/02\/stability-desaturation-chez-les-bebes-prematures-comprendre-et-agir-efficacement.png","keywords":["B\u00e9b\u00e9s Pr\u00e9matur\u00e9s","D\u00e9saturation","D\u00e9veloppement Neurologique","Immaturit\u00e9 Pulmonaire","Oxyg\u00e9noth\u00e9rapie","Surveillance Continue"],"articleSection":["\u00c0 la une"],"inLanguage":"fr-FR","potentialAction":[{"@type":"CommentAction","name":"Comment","target":["https:\/\/bart-et-lemy.com\/blog\/a-la-une\/desaturation-chez-les-bebes-prematures-comprendre-et-agir-efficacement\/#respond"]}]},{"@type":"WebPage","@id":"https:\/\/bart-et-lemy.com\/blog\/a-la-une\/desaturation-chez-les-bebes-prematures-comprendre-et-agir-efficacement\/","url":"https:\/\/bart-et-lemy.com\/blog\/a-la-une\/desaturation-chez-les-bebes-prematures-comprendre-et-agir-efficacement\/","name":"D\u00e9saturation chez les b\u00e9b\u00e9s pr\u00e9matur\u00e9s","isPartOf":{"@id":"https:\/\/bart-et-lemy.com\/blog\/#website"},"primaryImageOfPage":{"@id":"https:\/\/bart-et-lemy.com\/blog\/a-la-une\/desaturation-chez-les-bebes-prematures-comprendre-et-agir-efficacement\/#primaryimage"},"image":{"@id":"https:\/\/bart-et-lemy.com\/blog\/a-la-une\/desaturation-chez-les-bebes-prematures-comprendre-et-agir-efficacement\/#primaryimage"},"thumbnailUrl":"https:\/\/bart-et-lemy.com\/blog\/wp-content\/uploads\/2025\/02\/stability-desaturation-chez-les-bebes-prematures-comprendre-et-agir-efficacement.png","datePublished":"2025-02-22T16:59:00+00:00","description":"Les nourrissons n\u00e9s avant terme souffrent souvent d\u2019une immaturit\u00e9 pulmonaire, ce qui les rend plus vuln\u00e9rables aux variations de leur taux d\u2019oxyg\u00e8ne.","inLanguage":"fr-FR","potentialAction":[{"@type":"ReadAction","target":["https:\/\/bart-et-lemy.com\/blog\/a-la-une\/desaturation-chez-les-bebes-prematures-comprendre-et-agir-efficacement\/"]}]},{"@type":"ImageObject","inLanguage":"fr-FR","@id":"https:\/\/bart-et-lemy.com\/blog\/a-la-une\/desaturation-chez-les-bebes-prematures-comprendre-et-agir-efficacement\/#primaryimage","url":"https:\/\/bart-et-lemy.com\/blog\/wp-content\/uploads\/2025\/02\/stability-desaturation-chez-les-bebes-prematures-comprendre-et-agir-efficacement.png","contentUrl":"https:\/\/bart-et-lemy.com\/blog\/wp-content\/uploads\/2025\/02\/stability-desaturation-chez-les-bebes-prematures-comprendre-et-agir-efficacement.png","width":1024,"height":576},{"@type":"WebSite","@id":"https:\/\/bart-et-lemy.com\/blog\/#website","url":"https:\/\/bart-et-lemy.com\/blog\/","name":"Bart et Lemy","description":"L\u2019originalit\u00e9 en toute libert\u00e9.","publisher":{"@id":"https:\/\/bart-et-lemy.com\/blog\/#organization"},"alternateName":"Conseils parentaux, astuces famille et bien-\u00eatre enfant","potentialAction":[{"@type":"SearchAction","target":{"@type":"EntryPoint","urlTemplate":"https:\/\/bart-et-lemy.com\/blog\/?s={search_term_string}"},"query-input":{"@type":"PropertyValueSpecification","valueRequired":true,"valueName":"search_term_string"}}],"inLanguage":"fr-FR"},{"@type":"Organization","@id":"https:\/\/bart-et-lemy.com\/blog\/#organization","name":"Bart et Lemy","alternateName":"bart-et-lemy.com","url":"https:\/\/bart-et-lemy.com\/blog\/","logo":{"@type":"ImageObject","inLanguage":"fr-FR","@id":"https:\/\/bart-et-lemy.com\/blog\/#\/schema\/logo\/image\/","url":"https:\/\/bart-et-lemy.com\/blog\/wp-content\/uploads\/2026\/07\/logo-auto.png","contentUrl":"https:\/\/bart-et-lemy.com\/blog\/wp-content\/uploads\/2026\/07\/logo-auto.png","width":1024,"height":1024,"caption":"Bart et Lemy"},"image":{"@id":"https:\/\/bart-et-lemy.com\/blog\/#\/schema\/logo\/image\/"}},{"@type":"Person","@id":"https:\/\/bart-et-lemy.com\/blog\/#\/schema\/person\/3c864cdc320801e3db34b663e7e3f816","name":"Elodie Mazeau","image":{"@type":"ImageObject","inLanguage":"fr-FR","@id":"https:\/\/bart-et-lemy.com\/blog\/wp-content\/uploads\/2026\/06\/persona_elodie-m-96x96.jpg","url":"https:\/\/bart-et-lemy.com\/blog\/wp-content\/uploads\/2026\/06\/persona_elodie-m-96x96.jpg","contentUrl":"https:\/\/bart-et-lemy.com\/blog\/wp-content\/uploads\/2026\/06\/persona_elodie-m-96x96.jpg","caption":"Elodie Mazeau"},"description":"J'\u00e9cris sur la parentalit\u00e9 telle qu'elle se vit vraiment, du premier biberon aux premi\u00e8res col\u00e8res. Mes sujets de pr\u00e9dilection couvrent le quotidien des familles : sommeil, alimentation, organisation, pu\u00e9riculture et ces petites gal\u00e8res que tout parent conna\u00eet. Depuis plusieurs ann\u00e9es, je m'attache \u00e0 proposer des rep\u00e8res concrets plut\u00f4t que des le\u00e7ons, parce que chaque famille trouve son propre \u00e9quilibre. Je v\u00e9rifie mes informations aupr\u00e8s de sources fiables, surtout d\u00e8s qu'on touche \u00e0 la sant\u00e9 ou \u00e0 la s\u00e9curit\u00e9 de l'enfant, et je pr\u00e9cise quand un avis professionnel s'impose. J'\u00e9vite soigneusement la culpabilisation : \u00eatre parent est d\u00e9j\u00e0 assez exigeant. Mon ton se veut complice et bienveillant, un peu comme une discussion entre parents qui se comprennent. L'id\u00e9e est d'all\u00e9ger la charge mentale en donnant des solutions simples et test\u00e9es.","sameAs":["https:\/\/elodiemazeau.fr\/"],"url":"https:\/\/bart-et-lemy.com\/blog\/auteur\/noname\/"}]}},"_links":{"self":[{"href":"https:\/\/bart-et-lemy.com\/blog\/wp-json\/wp\/v2\/posts\/8456","targetHints":{"allow":["GET"]}}],"collection":[{"href":"https:\/\/bart-et-lemy.com\/blog\/wp-json\/wp\/v2\/posts"}],"about":[{"href":"https:\/\/bart-et-lemy.com\/blog\/wp-json\/wp\/v2\/types\/post"}],"author":[{"embeddable":true,"href":"https:\/\/bart-et-lemy.com\/blog\/wp-json\/wp\/v2\/users\/34"}],"replies":[{"embeddable":true,"href":"https:\/\/bart-et-lemy.com\/blog\/wp-json\/wp\/v2\/comments?post=8456"}],"version-history":[{"count":2,"href":"https:\/\/bart-et-lemy.com\/blog\/wp-json\/wp\/v2\/posts\/8456\/revisions"}],"predecessor-version":[{"id":9569,"href":"https:\/\/bart-et-lemy.com\/blog\/wp-json\/wp\/v2\/posts\/8456\/revisions\/9569"}],"wp:featuredmedia":[{"embeddable":true,"href":"https:\/\/bart-et-lemy.com\/blog\/wp-json\/wp\/v2\/media\/8464"}],"wp:attachment":[{"href":"https:\/\/bart-et-lemy.com\/blog\/wp-json\/wp\/v2\/media?parent=8456"}],"wp:term":[{"taxonomy":"category","embeddable":true,"href":"https:\/\/bart-et-lemy.com\/blog\/wp-json\/wp\/v2\/categories?post=8456"},{"taxonomy":"post_tag","embeddable":true,"href":"https:\/\/bart-et-lemy.com\/blog\/wp-json\/wp\/v2\/tags?post=8456"}],"curies":[{"name":"wp","href":"https:\/\/api.w.org\/{rel}","templated":true}]}}