{"id":8483,"date":"2025-02-23T17:59:00","date_gmt":"2025-02-23T16:59:00","guid":{"rendered":"https:\/\/bart-et-lemy.com\/blog\/?p=8483"},"modified":"2025-02-10T16:23:49","modified_gmt":"2025-02-10T15:23:49","slug":"photographe-bebe-en-haute-savoie-immortalisez-les-premiers-instants-de-votre-enfant","status":"publish","type":"post","link":"https:\/\/bart-et-lemy.com\/blog\/a-la-une\/photographe-bebe-en-haute-savoie-immortalisez-les-premiers-instants-de-votre-enfant\/","title":{"rendered":"Photographe B\u00e9b\u00e9 en Haute-Savoie : Immortalisez les Premiers Instants de Votre Enfant"},"content":{"rendered":"<h2>Pourquoi choisir un photographe pour votre b\u00e9b\u00e9 en Haute-Savoie ?<\/h2>\n<p>Immortaliser ces instants avec un photographe professionnel permet de conserver des images de qualit\u00e9 qui capturent l&rsquo;innocence et la beaut\u00e9 des premiers jours de votre b\u00e9b\u00e9. Un photographe sp\u00e9cialis\u00e9 dans ce domaine sait comment mettre en valeur les expressions, les gestes et m\u00eame les d\u00e9tails comme les petites mains ou les pieds de votre tout-petit.<\/p>\n<p>En Haute-Savoie, les paysages sont vari\u00e9s et offrent de magnifiques d\u00e9cors naturels. Que vous souhaitiez des photos en ext\u00e9rieur avec des montagnes en arri\u00e8re-plan ou des prises de vue dans le confort de votre foyer, un photographe local saura vous guider pour cr\u00e9er des souvenirs inoubliables. **Investir dans des photos professionnelles pour votre b\u00e9b\u00e9, c&rsquo;est garantir un h\u00e9ritage familial que vous ch\u00e9rirez pour toujours.**<\/p>\n<h2>Les avantages de faire appel \u00e0 un photographe professionnel<\/h2>\n<ul>\n<li><strong>Expertise technique :<\/strong> Les photographes professionnels ma\u00eetrisent les r\u00e9glages de l&rsquo;appareil pour capturer les meilleures images, m\u00eame dans des conditions de lumi\u00e8re difficiles.<\/li>\n<li><strong>Patience et douceur :<\/strong> Les photographes sp\u00e9cialis\u00e9s dans les b\u00e9b\u00e9s savent travailler avec eux, cr\u00e9ant un environnement apaisant et rassurant.<\/li>\n<li><strong>Styles vari\u00e9s :<\/strong> Que vous souhaitiez des photos artistiques, des portraits classiques ou des mises en sc\u00e8ne ludiques, un photographe saura r\u00e9pondre \u00e0 vos attentes.<\/li>\n<\/ul>\n<p>Le choix d&rsquo;un photographe n&rsquo;est pas qu&rsquo;une question d&rsquo;image, c&rsquo;est aussi une question de connexion humaine. **Un photographe qui comprend votre vision et vos \u00e9motions saura cr\u00e9er des images qui parlent d&rsquo;elles-m\u00eames.**<\/p>\n<h2>Comment se d\u00e9roule une s\u00e9ance photo b\u00e9b\u00e9 ?<\/h2>\n<p>Avant la s\u00e9ance, un \u00e9change est essentiel. Le photographe discute avec les parents pour comprendre leurs attentes et leurs pr\u00e9f\u00e9rences. Cela permet de d\u00e9finir le style de la s\u00e9ance et de choisir les accessoires ou les d\u00e9cors qui seront utilis\u00e9s. Le jour de la s\u00e9ance, il est recommand\u00e9 de garder b\u00e9b\u00e9 dans un environnement calme et confortable pour \u00e9viter tout stress.<\/p>\n<p>Les s\u00e9ances photo pour b\u00e9b\u00e9s peuvent durer de 1 \u00e0 3 heures, selon le rythme de l&rsquo;enfant. **Il est courant de pr\u00e9voir des pauses pour nourrir ou changer le b\u00e9b\u00e9, afin de garantir son bien-\u00eatre tout au long de la s\u00e9ance.**<\/p>\n<h2>Les options de prises de vue en Haute-Savoie<\/h2>\n<p>En Haute-Savoie, vous avez la chance de b\u00e9n\u00e9ficier de d\u00e9cors vari\u00e9s pour vos s\u00e9ances photo. Voici quelques options populaires :<\/p>\n<table>\n<tr>\n<th>Lieu<\/th>\n<th>Description<\/th>\n<th>Avantages<\/th>\n<\/tr>\n<tr>\n<td>Montagnes<\/td>\n<td>Cascades, sommets enneig\u00e9s<\/td>\n<td>Un cadre naturel \u00e9poustouflant<\/td>\n<\/tr>\n<tr>\n<td>Lacs<\/td>\n<td>Des eaux calmes et des reflets<\/td>\n<td>Un environnement apaisant et serein<\/td>\n<\/tr>\n<tr>\n<td>Parcs<\/td>\n<td>Jardins fleuris et espaces verts<\/td>\n<td>Id\u00e9al pour des mises en sc\u00e8ne ludiques<\/td>\n<\/tr>\n<\/table>\n<p>Chaque lieu offre une ambiance unique, permettant de personnaliser vos photos et de les adapter \u00e0 votre style de vie. **Choisir un bon cadre, c&rsquo;est aussi choisir l&rsquo;\u00e9motion que vous souhaitez transmettre \u00e0 travers vos photos.**<\/p>\n<h3>FAQ :<\/h3>\n<blockquote>\n<ul>\n<li><strong>Quel est le meilleur moment pour faire des photos de b\u00e9b\u00e9 ?<\/strong>Les meilleures p\u00e9riodes se situent g\u00e9n\u00e9ralement entre 7 et 14 jours apr\u00e8s la naissance pour les photos de nouveau-n\u00e9, mais il est possible de r\u00e9aliser des s\u00e9ances \u00e0 tout \u00e2ge.<\/li>\n<li><strong>Combien de temps dure une s\u00e9ance photo ?<\/strong>Une s\u00e9ance photo peut durer entre 1 et 3 heures, selon le confort et le rythme de votre b\u00e9b\u00e9.<\/li>\n<li><strong>Quels v\u00eatements choisir pour la s\u00e9ance ?<\/strong>Privil\u00e9giez des v\u00eatements simples, doux et confortables, tant pour le b\u00e9b\u00e9 que pour les parents, afin de cr\u00e9er une atmosph\u00e8re naturelle et d\u00e9tendue.<\/li>\n<li><strong>Recevrai-je toutes les photos ?<\/strong>La plupart des photographes proposent un nombre d\u00e9fini d&rsquo;images retouch\u00e9es, mais il est possible de discuter d&rsquo;un \u00e9ventuel pack complet.<\/li>\n<li><strong>Y a-t-il des conseils pour pr\u00e9parer la s\u00e9ance ?<\/strong>Assurez-vous que votre b\u00e9b\u00e9 est bien nourri et repos\u00e9 avant la s\u00e9ance pour des photos sereines et r\u00e9ussies.<\/li>\n<\/ul>\n<\/blockquote>\n<p>Choisir un photographe pour votre b\u00e9b\u00e9 en Haute-Savoie est une d\u00e9marche enrichissante qui vous permettra de conserver des souvenirs imp\u00e9rissables. N&rsquo;attendez plus et offrez-vous le cadeau de ces pr\u00e9cieux instants !<\/p>\n","protected":false},"excerpt":{"rendered":"","protected":false},"author":34,"featured_media":8487,"comment_status":"open","ping_status":"open","sticky":false,"template":"","format":"standard","meta":{"_acf_changed":false,"manual_indexmenow":false,"indexmenow_id_project":0,"footnotes":""},"categories":[1],"tags":[4590,5204,4709,5203,4680,4657],"class_list":["post-8483","post","type-post","status-publish","format-standard","has-post-thumbnail","hentry","category-a-la-une","tag-bebe","tag-expertise","tag-haute-savoie","tag-photographe","tag-seance-photo","tag-souvenirs","generate-columns","tablet-grid-50","mobile-grid-100","grid-parent","grid-25"],"acf":[],"yoast_head":"<!-- This site is optimized with the Yoast SEO Premium plugin v21.3 (Yoast SEO v27.3) - https:\/\/yoast.com\/product\/yoast-seo-premium-wordpress\/ -->\n<title>Photographe B\u00e9b\u00e9 en Haute-Savoie<\/title>\n<meta name=\"description\" content=\"Immortaliser ces instants avec un photographe professionnel permet de conserver des images de qualit\u00e9 qui capturent l&#039;innocence et la beaut\u00e9 des premiers\u2026\" \/>\n<meta name=\"robots\" content=\"index, follow, max-snippet:-1, max-image-preview:large, max-video-preview:-1\" \/>\n<link rel=\"canonical\" href=\"https:\/\/bart-et-lemy.com\/blog\/a-la-une\/photographe-bebe-en-haute-savoie-immortalisez-les-premiers-instants-de-votre-enfant\/\" \/>\n<meta property=\"og:locale\" content=\"fr_FR\" \/>\n<meta property=\"og:type\" content=\"article\" \/>\n<meta property=\"og:title\" content=\"Photographe B\u00e9b\u00e9 en Haute-Savoie\" \/>\n<meta property=\"og:description\" content=\"Immortaliser ces instants avec un photographe professionnel permet de conserver des images de qualit\u00e9 qui capturent l&#039;innocence et la beaut\u00e9 des premiers\u2026\" \/>\n<meta property=\"og:url\" content=\"https:\/\/bart-et-lemy.com\/blog\/a-la-une\/photographe-bebe-en-haute-savoie-immortalisez-les-premiers-instants-de-votre-enfant\/\" \/>\n<meta property=\"og:site_name\" content=\"bart-et-lemy.com\" \/>\n<meta property=\"og:image\" content=\"https:\/\/bart-et-lemy.com\/blog\/wp-content\/uploads\/2025\/02\/stability-photographe-bebe-en-haute-savoie-immortalisez-les-premiers-instants-de-votre-enfant.png\" \/>\n\t<meta property=\"og:image:width\" content=\"1024\" \/>\n\t<meta property=\"og:image:height\" content=\"576\" \/>\n\t<meta property=\"og:image:type\" content=\"image\/png\" \/>\n<meta name=\"author\" content=\"Elodie Mazeau\" \/>\n<meta name=\"twitter:card\" content=\"summary_large_image\" \/>\n<script type=\"application\/ld+json\" class=\"yoast-schema-graph\">{\"@context\":\"https:\\\/\\\/schema.org\",\"@graph\":[{\"@type\":\"NewsArticle\",\"@id\":\"https:\\\/\\\/bart-et-lemy.com\\\/blog\\\/a-la-une\\\/photographe-bebe-en-haute-savoie-immortalisez-les-premiers-instants-de-votre-enfant\\\/#article\",\"isPartOf\":{\"@id\":\"https:\\\/\\\/bart-et-lemy.com\\\/blog\\\/a-la-une\\\/photographe-bebe-en-haute-savoie-immortalisez-les-premiers-instants-de-votre-enfant\\\/\"},\"author\":{\"name\":\"Elodie Mazeau\",\"@id\":\"https:\\\/\\\/bart-et-lemy.com\\\/blog\\\/#\\\/schema\\\/person\\\/3c864cdc320801e3db34b663e7e3f816\"},\"headline\":\"Photographe B\u00e9b\u00e9 en Haute-Savoie : Immortalisez les Premiers Instants de Votre Enfant\",\"datePublished\":\"2025-02-23T16:59:00+00:00\",\"mainEntityOfPage\":{\"@id\":\"https:\\\/\\\/bart-et-lemy.com\\\/blog\\\/a-la-une\\\/photographe-bebe-en-haute-savoie-immortalisez-les-premiers-instants-de-votre-enfant\\\/\"},\"wordCount\":717,\"commentCount\":21,\"publisher\":{\"@id\":\"https:\\\/\\\/bart-et-lemy.com\\\/blog\\\/#organization\"},\"image\":{\"@id\":\"https:\\\/\\\/bart-et-lemy.com\\\/blog\\\/a-la-une\\\/photographe-bebe-en-haute-savoie-immortalisez-les-premiers-instants-de-votre-enfant\\\/#primaryimage\"},\"thumbnailUrl\":\"https:\\\/\\\/bart-et-lemy.com\\\/blog\\\/wp-content\\\/uploads\\\/2025\\\/02\\\/stability-photographe-bebe-en-haute-savoie-immortalisez-les-premiers-instants-de-votre-enfant.png\",\"keywords\":[\"B\u00e9b\u00e9\",\"Expertise\",\"Haute-Savoie\",\"Photographe\",\"S\u00e9ance Photo\",\"Souvenirs\"],\"articleSection\":[\"\u00c0 la une\"],\"inLanguage\":\"fr-FR\",\"potentialAction\":[{\"@type\":\"CommentAction\",\"name\":\"Comment\",\"target\":[\"https:\\\/\\\/bart-et-lemy.com\\\/blog\\\/a-la-une\\\/photographe-bebe-en-haute-savoie-immortalisez-les-premiers-instants-de-votre-enfant\\\/#respond\"]}]},{\"@type\":\"WebPage\",\"@id\":\"https:\\\/\\\/bart-et-lemy.com\\\/blog\\\/a-la-une\\\/photographe-bebe-en-haute-savoie-immortalisez-les-premiers-instants-de-votre-enfant\\\/\",\"url\":\"https:\\\/\\\/bart-et-lemy.com\\\/blog\\\/a-la-une\\\/photographe-bebe-en-haute-savoie-immortalisez-les-premiers-instants-de-votre-enfant\\\/\",\"name\":\"Photographe B\u00e9b\u00e9 en Haute-Savoie\",\"isPartOf\":{\"@id\":\"https:\\\/\\\/bart-et-lemy.com\\\/blog\\\/#website\"},\"primaryImageOfPage\":{\"@id\":\"https:\\\/\\\/bart-et-lemy.com\\\/blog\\\/a-la-une\\\/photographe-bebe-en-haute-savoie-immortalisez-les-premiers-instants-de-votre-enfant\\\/#primaryimage\"},\"image\":{\"@id\":\"https:\\\/\\\/bart-et-lemy.com\\\/blog\\\/a-la-une\\\/photographe-bebe-en-haute-savoie-immortalisez-les-premiers-instants-de-votre-enfant\\\/#primaryimage\"},\"thumbnailUrl\":\"https:\\\/\\\/bart-et-lemy.com\\\/blog\\\/wp-content\\\/uploads\\\/2025\\\/02\\\/stability-photographe-bebe-en-haute-savoie-immortalisez-les-premiers-instants-de-votre-enfant.png\",\"datePublished\":\"2025-02-23T16:59:00+00:00\",\"description\":\"Immortaliser ces instants avec un photographe professionnel permet de conserver des images de qualit\u00e9 qui capturent l'innocence et la beaut\u00e9 des premiers\u2026\",\"inLanguage\":\"fr-FR\",\"potentialAction\":[{\"@type\":\"ReadAction\",\"target\":[\"https:\\\/\\\/bart-et-lemy.com\\\/blog\\\/a-la-une\\\/photographe-bebe-en-haute-savoie-immortalisez-les-premiers-instants-de-votre-enfant\\\/\"]}]},{\"@type\":\"ImageObject\",\"inLanguage\":\"fr-FR\",\"@id\":\"https:\\\/\\\/bart-et-lemy.com\\\/blog\\\/a-la-une\\\/photographe-bebe-en-haute-savoie-immortalisez-les-premiers-instants-de-votre-enfant\\\/#primaryimage\",\"url\":\"https:\\\/\\\/bart-et-lemy.com\\\/blog\\\/wp-content\\\/uploads\\\/2025\\\/02\\\/stability-photographe-bebe-en-haute-savoie-immortalisez-les-premiers-instants-de-votre-enfant.png\",\"contentUrl\":\"https:\\\/\\\/bart-et-lemy.com\\\/blog\\\/wp-content\\\/uploads\\\/2025\\\/02\\\/stability-photographe-bebe-en-haute-savoie-immortalisez-les-premiers-instants-de-votre-enfant.png\",\"width\":1024,\"height\":576},{\"@type\":\"WebSite\",\"@id\":\"https:\\\/\\\/bart-et-lemy.com\\\/blog\\\/#website\",\"url\":\"https:\\\/\\\/bart-et-lemy.com\\\/blog\\\/\",\"name\":\"Bart et Lemy\",\"description\":\"L\u2019originalit\u00e9 en toute libert\u00e9.\",\"publisher\":{\"@id\":\"https:\\\/\\\/bart-et-lemy.com\\\/blog\\\/#organization\"},\"alternateName\":\"Conseils parentaux, astuces famille et bien-\u00eatre enfant\",\"potentialAction\":[{\"@type\":\"SearchAction\",\"target\":{\"@type\":\"EntryPoint\",\"urlTemplate\":\"https:\\\/\\\/bart-et-lemy.com\\\/blog\\\/?s={search_term_string}\"},\"query-input\":{\"@type\":\"PropertyValueSpecification\",\"valueRequired\":true,\"valueName\":\"search_term_string\"}}],\"inLanguage\":\"fr-FR\"},{\"@type\":\"Organization\",\"@id\":\"https:\\\/\\\/bart-et-lemy.com\\\/blog\\\/#organization\",\"name\":\"Bart et Lemy\",\"alternateName\":\"bart-et-lemy.com\",\"url\":\"https:\\\/\\\/bart-et-lemy.com\\\/blog\\\/\",\"logo\":{\"@type\":\"ImageObject\",\"inLanguage\":\"fr-FR\",\"@id\":\"https:\\\/\\\/bart-et-lemy.com\\\/blog\\\/#\\\/schema\\\/logo\\\/image\\\/\",\"url\":\"https:\\\/\\\/bart-et-lemy.com\\\/blog\\\/wp-content\\\/uploads\\\/2026\\\/07\\\/logo-auto.png\",\"contentUrl\":\"https:\\\/\\\/bart-et-lemy.com\\\/blog\\\/wp-content\\\/uploads\\\/2026\\\/07\\\/logo-auto.png\",\"width\":1024,\"height\":1024,\"caption\":\"Bart et Lemy\"},\"image\":{\"@id\":\"https:\\\/\\\/bart-et-lemy.com\\\/blog\\\/#\\\/schema\\\/logo\\\/image\\\/\"}},{\"@type\":\"Person\",\"@id\":\"https:\\\/\\\/bart-et-lemy.com\\\/blog\\\/#\\\/schema\\\/person\\\/3c864cdc320801e3db34b663e7e3f816\",\"name\":\"Elodie Mazeau\",\"image\":{\"@type\":\"ImageObject\",\"inLanguage\":\"fr-FR\",\"@id\":\"https:\\\/\\\/bart-et-lemy.com\\\/blog\\\/wp-content\\\/uploads\\\/2026\\\/06\\\/persona_elodie-m-96x96.jpg\",\"url\":\"https:\\\/\\\/bart-et-lemy.com\\\/blog\\\/wp-content\\\/uploads\\\/2026\\\/06\\\/persona_elodie-m-96x96.jpg\",\"contentUrl\":\"https:\\\/\\\/bart-et-lemy.com\\\/blog\\\/wp-content\\\/uploads\\\/2026\\\/06\\\/persona_elodie-m-96x96.jpg\",\"caption\":\"Elodie Mazeau\"},\"description\":\"J'\u00e9cris sur la parentalit\u00e9 telle qu'elle se vit vraiment, du premier biberon aux premi\u00e8res col\u00e8res. Mes sujets de pr\u00e9dilection couvrent le quotidien des familles : sommeil, alimentation, organisation, pu\u00e9riculture et ces petites gal\u00e8res que tout parent conna\u00eet. Depuis plusieurs ann\u00e9es, je m'attache \u00e0 proposer des rep\u00e8res concrets plut\u00f4t que des le\u00e7ons, parce que chaque famille trouve son propre \u00e9quilibre. Je v\u00e9rifie mes informations aupr\u00e8s de sources fiables, surtout d\u00e8s qu'on touche \u00e0 la sant\u00e9 ou \u00e0 la s\u00e9curit\u00e9 de l'enfant, et je pr\u00e9cise quand un avis professionnel s'impose. J'\u00e9vite soigneusement la culpabilisation : \u00eatre parent est d\u00e9j\u00e0 assez exigeant. Mon ton se veut complice et bienveillant, un peu comme une discussion entre parents qui se comprennent. L'id\u00e9e est d'all\u00e9ger la charge mentale en donnant des solutions simples et test\u00e9es.\",\"sameAs\":[\"https:\\\/\\\/elodiemazeau.fr\\\/\"],\"url\":\"https:\\\/\\\/bart-et-lemy.com\\\/blog\\\/auteur\\\/noname\\\/\"}]}<\/script>\n<!-- \/ Yoast SEO Premium plugin. -->","yoast_head_json":{"title":"Photographe B\u00e9b\u00e9 en Haute-Savoie","description":"Immortaliser ces instants avec un photographe professionnel permet de conserver des images de qualit\u00e9 qui capturent l'innocence et la beaut\u00e9 des premiers\u2026","robots":{"index":"index","follow":"follow","max-snippet":"max-snippet:-1","max-image-preview":"max-image-preview:large","max-video-preview":"max-video-preview:-1"},"canonical":"https:\/\/bart-et-lemy.com\/blog\/a-la-une\/photographe-bebe-en-haute-savoie-immortalisez-les-premiers-instants-de-votre-enfant\/","og_locale":"fr_FR","og_type":"article","og_title":"Photographe B\u00e9b\u00e9 en Haute-Savoie","og_description":"Immortaliser ces instants avec un photographe professionnel permet de conserver des images de qualit\u00e9 qui capturent l'innocence et la beaut\u00e9 des premiers\u2026","og_url":"https:\/\/bart-et-lemy.com\/blog\/a-la-une\/photographe-bebe-en-haute-savoie-immortalisez-les-premiers-instants-de-votre-enfant\/","og_site_name":"bart-et-lemy.com","og_image":[{"width":1024,"height":576,"url":"https:\/\/bart-et-lemy.com\/blog\/wp-content\/uploads\/2025\/02\/stability-photographe-bebe-en-haute-savoie-immortalisez-les-premiers-instants-de-votre-enfant.png","type":"image\/png"}],"author":"Elodie Mazeau","twitter_card":"summary_large_image","schema":{"@context":"https:\/\/schema.org","@graph":[{"@type":"NewsArticle","@id":"https:\/\/bart-et-lemy.com\/blog\/a-la-une\/photographe-bebe-en-haute-savoie-immortalisez-les-premiers-instants-de-votre-enfant\/#article","isPartOf":{"@id":"https:\/\/bart-et-lemy.com\/blog\/a-la-une\/photographe-bebe-en-haute-savoie-immortalisez-les-premiers-instants-de-votre-enfant\/"},"author":{"name":"Elodie Mazeau","@id":"https:\/\/bart-et-lemy.com\/blog\/#\/schema\/person\/3c864cdc320801e3db34b663e7e3f816"},"headline":"Photographe B\u00e9b\u00e9 en Haute-Savoie : Immortalisez les Premiers Instants de Votre Enfant","datePublished":"2025-02-23T16:59:00+00:00","mainEntityOfPage":{"@id":"https:\/\/bart-et-lemy.com\/blog\/a-la-une\/photographe-bebe-en-haute-savoie-immortalisez-les-premiers-instants-de-votre-enfant\/"},"wordCount":717,"commentCount":21,"publisher":{"@id":"https:\/\/bart-et-lemy.com\/blog\/#organization"},"image":{"@id":"https:\/\/bart-et-lemy.com\/blog\/a-la-une\/photographe-bebe-en-haute-savoie-immortalisez-les-premiers-instants-de-votre-enfant\/#primaryimage"},"thumbnailUrl":"https:\/\/bart-et-lemy.com\/blog\/wp-content\/uploads\/2025\/02\/stability-photographe-bebe-en-haute-savoie-immortalisez-les-premiers-instants-de-votre-enfant.png","keywords":["B\u00e9b\u00e9","Expertise","Haute-Savoie","Photographe","S\u00e9ance Photo","Souvenirs"],"articleSection":["\u00c0 la une"],"inLanguage":"fr-FR","potentialAction":[{"@type":"CommentAction","name":"Comment","target":["https:\/\/bart-et-lemy.com\/blog\/a-la-une\/photographe-bebe-en-haute-savoie-immortalisez-les-premiers-instants-de-votre-enfant\/#respond"]}]},{"@type":"WebPage","@id":"https:\/\/bart-et-lemy.com\/blog\/a-la-une\/photographe-bebe-en-haute-savoie-immortalisez-les-premiers-instants-de-votre-enfant\/","url":"https:\/\/bart-et-lemy.com\/blog\/a-la-une\/photographe-bebe-en-haute-savoie-immortalisez-les-premiers-instants-de-votre-enfant\/","name":"Photographe B\u00e9b\u00e9 en Haute-Savoie","isPartOf":{"@id":"https:\/\/bart-et-lemy.com\/blog\/#website"},"primaryImageOfPage":{"@id":"https:\/\/bart-et-lemy.com\/blog\/a-la-une\/photographe-bebe-en-haute-savoie-immortalisez-les-premiers-instants-de-votre-enfant\/#primaryimage"},"image":{"@id":"https:\/\/bart-et-lemy.com\/blog\/a-la-une\/photographe-bebe-en-haute-savoie-immortalisez-les-premiers-instants-de-votre-enfant\/#primaryimage"},"thumbnailUrl":"https:\/\/bart-et-lemy.com\/blog\/wp-content\/uploads\/2025\/02\/stability-photographe-bebe-en-haute-savoie-immortalisez-les-premiers-instants-de-votre-enfant.png","datePublished":"2025-02-23T16:59:00+00:00","description":"Immortaliser ces instants avec un photographe professionnel permet de conserver des images de qualit\u00e9 qui capturent l'innocence et la beaut\u00e9 des premiers\u2026","inLanguage":"fr-FR","potentialAction":[{"@type":"ReadAction","target":["https:\/\/bart-et-lemy.com\/blog\/a-la-une\/photographe-bebe-en-haute-savoie-immortalisez-les-premiers-instants-de-votre-enfant\/"]}]},{"@type":"ImageObject","inLanguage":"fr-FR","@id":"https:\/\/bart-et-lemy.com\/blog\/a-la-une\/photographe-bebe-en-haute-savoie-immortalisez-les-premiers-instants-de-votre-enfant\/#primaryimage","url":"https:\/\/bart-et-lemy.com\/blog\/wp-content\/uploads\/2025\/02\/stability-photographe-bebe-en-haute-savoie-immortalisez-les-premiers-instants-de-votre-enfant.png","contentUrl":"https:\/\/bart-et-lemy.com\/blog\/wp-content\/uploads\/2025\/02\/stability-photographe-bebe-en-haute-savoie-immortalisez-les-premiers-instants-de-votre-enfant.png","width":1024,"height":576},{"@type":"WebSite","@id":"https:\/\/bart-et-lemy.com\/blog\/#website","url":"https:\/\/bart-et-lemy.com\/blog\/","name":"Bart et Lemy","description":"L\u2019originalit\u00e9 en toute libert\u00e9.","publisher":{"@id":"https:\/\/bart-et-lemy.com\/blog\/#organization"},"alternateName":"Conseils parentaux, astuces famille et bien-\u00eatre enfant","potentialAction":[{"@type":"SearchAction","target":{"@type":"EntryPoint","urlTemplate":"https:\/\/bart-et-lemy.com\/blog\/?s={search_term_string}"},"query-input":{"@type":"PropertyValueSpecification","valueRequired":true,"valueName":"search_term_string"}}],"inLanguage":"fr-FR"},{"@type":"Organization","@id":"https:\/\/bart-et-lemy.com\/blog\/#organization","name":"Bart et Lemy","alternateName":"bart-et-lemy.com","url":"https:\/\/bart-et-lemy.com\/blog\/","logo":{"@type":"ImageObject","inLanguage":"fr-FR","@id":"https:\/\/bart-et-lemy.com\/blog\/#\/schema\/logo\/image\/","url":"https:\/\/bart-et-lemy.com\/blog\/wp-content\/uploads\/2026\/07\/logo-auto.png","contentUrl":"https:\/\/bart-et-lemy.com\/blog\/wp-content\/uploads\/2026\/07\/logo-auto.png","width":1024,"height":1024,"caption":"Bart et Lemy"},"image":{"@id":"https:\/\/bart-et-lemy.com\/blog\/#\/schema\/logo\/image\/"}},{"@type":"Person","@id":"https:\/\/bart-et-lemy.com\/blog\/#\/schema\/person\/3c864cdc320801e3db34b663e7e3f816","name":"Elodie Mazeau","image":{"@type":"ImageObject","inLanguage":"fr-FR","@id":"https:\/\/bart-et-lemy.com\/blog\/wp-content\/uploads\/2026\/06\/persona_elodie-m-96x96.jpg","url":"https:\/\/bart-et-lemy.com\/blog\/wp-content\/uploads\/2026\/06\/persona_elodie-m-96x96.jpg","contentUrl":"https:\/\/bart-et-lemy.com\/blog\/wp-content\/uploads\/2026\/06\/persona_elodie-m-96x96.jpg","caption":"Elodie Mazeau"},"description":"J'\u00e9cris sur la parentalit\u00e9 telle qu'elle se vit vraiment, du premier biberon aux premi\u00e8res col\u00e8res. Mes sujets de pr\u00e9dilection couvrent le quotidien des familles : sommeil, alimentation, organisation, pu\u00e9riculture et ces petites gal\u00e8res que tout parent conna\u00eet. Depuis plusieurs ann\u00e9es, je m'attache \u00e0 proposer des rep\u00e8res concrets plut\u00f4t que des le\u00e7ons, parce que chaque famille trouve son propre \u00e9quilibre. Je v\u00e9rifie mes informations aupr\u00e8s de sources fiables, surtout d\u00e8s qu'on touche \u00e0 la sant\u00e9 ou \u00e0 la s\u00e9curit\u00e9 de l'enfant, et je pr\u00e9cise quand un avis professionnel s'impose. J'\u00e9vite soigneusement la culpabilisation : \u00eatre parent est d\u00e9j\u00e0 assez exigeant. Mon ton se veut complice et bienveillant, un peu comme une discussion entre parents qui se comprennent. L'id\u00e9e est d'all\u00e9ger la charge mentale en donnant des solutions simples et test\u00e9es.","sameAs":["https:\/\/elodiemazeau.fr\/"],"url":"https:\/\/bart-et-lemy.com\/blog\/auteur\/noname\/"}]}},"_links":{"self":[{"href":"https:\/\/bart-et-lemy.com\/blog\/wp-json\/wp\/v2\/posts\/8483","targetHints":{"allow":["GET"]}}],"collection":[{"href":"https:\/\/bart-et-lemy.com\/blog\/wp-json\/wp\/v2\/posts"}],"about":[{"href":"https:\/\/bart-et-lemy.com\/blog\/wp-json\/wp\/v2\/types\/post"}],"author":[{"embeddable":true,"href":"https:\/\/bart-et-lemy.com\/blog\/wp-json\/wp\/v2\/users\/34"}],"replies":[{"embeddable":true,"href":"https:\/\/bart-et-lemy.com\/blog\/wp-json\/wp\/v2\/comments?post=8483"}],"version-history":[{"count":1,"href":"https:\/\/bart-et-lemy.com\/blog\/wp-json\/wp\/v2\/posts\/8483\/revisions"}],"predecessor-version":[{"id":9618,"href":"https:\/\/bart-et-lemy.com\/blog\/wp-json\/wp\/v2\/posts\/8483\/revisions\/9618"}],"wp:featuredmedia":[{"embeddable":true,"href":"https:\/\/bart-et-lemy.com\/blog\/wp-json\/wp\/v2\/media\/8487"}],"wp:attachment":[{"href":"https:\/\/bart-et-lemy.com\/blog\/wp-json\/wp\/v2\/media?parent=8483"}],"wp:term":[{"taxonomy":"category","embeddable":true,"href":"https:\/\/bart-et-lemy.com\/blog\/wp-json\/wp\/v2\/categories?post=8483"},{"taxonomy":"post_tag","embeddable":true,"href":"https:\/\/bart-et-lemy.com\/blog\/wp-json\/wp\/v2\/tags?post=8483"}],"curies":[{"name":"wp","href":"https:\/\/api.w.org\/{rel}","templated":true}]}}