{"id":8486,"date":"2025-02-12T18:59:00","date_gmt":"2025-02-12T17:59:00","guid":{"rendered":"https:\/\/bart-et-lemy.com\/blog\/?p=8486"},"modified":"2025-02-10T16:23:51","modified_gmt":"2025-02-10T15:23:51","slug":"pourquoi-votre-bebe-de-5-mois-desire-se-tenir-debout","status":"publish","type":"post","link":"https:\/\/bart-et-lemy.com\/blog\/a-la-une\/pourquoi-votre-bebe-de-5-mois-desire-se-tenir-debout\/","title":{"rendered":"Pourquoi votre b\u00e9b\u00e9 de 5 mois d\u00e9sire se tenir debout ?"},"content":{"rendered":"<h2>Introduction : un d\u00e9sir d&rsquo;autonomie<\/h2>\n<p>L\u2019une des manifestations les plus fascinantes de cette exploration est le d\u00e9sir de se tenir debout. Ce besoin d&rsquo;\u00e9lever son corps, de changer de perspective et de d\u00e9couvrir le monde sous un nouvel angle t\u00e9moigne d&rsquo;une curiosit\u00e9 inn\u00e9e. Pourquoi un b\u00e9b\u00e9 de cet \u00e2ge souhaite-t-il d\u00e9j\u00e0 se redresser ? Qu&rsquo;est-ce que cela signifie pour son d\u00e9veloppement ?<\/p>\n<h2>Les \u00e9tapes du d\u00e9veloppement moteur<\/h2>\n<p>Le d\u00e9veloppement moteur des b\u00e9b\u00e9s suit des \u00e9tapes bien d\u00e9finies. \u00c0 5 mois, les b\u00e9b\u00e9s d\u00e9veloppent leur force musculaire et leur coordination. Ils commencent \u00e0 ma\u00eetriser le contr\u00f4le de leur t\u00eate et \u00e0 renforcer leurs muscles du dos et des jambes. Voici un aper\u00e7u des grandes \u00e9tapes de ce d\u00e9veloppement :<\/p>\n<ul>\n<li>\u00c0 2 mois : contr\u00f4le de la t\u00eate en position assise.<\/li>\n<li>\u00c0 4 mois : retournement sur le ventre et le dos.<\/li>\n<li>\u00c0 5 mois : d\u00e9sir de se tenir debout, souvent en s&rsquo;accrochant \u00e0 un support.<\/li>\n<\/ul>\n<p>Ce d\u00e9sir de se redresser s&rsquo;explique par plusieurs facteurs, notamment la curiosit\u00e9, l&rsquo;imitation des adultes et le besoin de se sentir autonome.<\/p>\n<h2>Pourquoi les b\u00e9b\u00e9s veulent-ils se tenir debout ?<\/h2>\n<p>Le d\u00e9sir de se tenir debout \u00e0 5 mois n&rsquo;est pas uniquement une question de posture. Plusieurs raisons psychologiques et physiques motivent ce comportement :<\/p>\n<ul>\n<li><strong>Curiosit\u00e9 naturelle :<\/strong> Les b\u00e9b\u00e9s sont fascin\u00e9s par le monde qui les entoure. Se tenir debout leur permet d&rsquo;avoir une vue diff\u00e9rente et d&rsquo;interagir avec leur environnement.<\/li>\n<li><strong>Imitation des adultes :<\/strong> Les b\u00e9b\u00e9s apprennent par observation. En voyant les adultes se lever, ils veulent reproduire ce comportement.<\/li>\n<li><strong>D\u00e9veloppement musculaire :<\/strong> Se lever aide \u00e0 renforcer les muscles des jambes et du dos, essentiels pour les prochaines \u00e9tapes comme la marche.<\/li>\n<\/ul>\n<h2>Les impacts sur le d\u00e9veloppement global<\/h2>\n<p>Le d\u00e9sir de se tenir debout \u00e0 cet \u00e2ge n&rsquo;est pas \u00e0 prendre \u00e0 la l\u00e9g\u00e8re. Ce besoin de verticalit\u00e9 a des cons\u00e9quences positives sur le d\u00e9veloppement global de l&rsquo;enfant :<\/p>\n<ul>\n<li><strong>Confiance en soi :<\/strong> R\u00e9ussir \u00e0 se tenir debout renforce la confiance en soi du b\u00e9b\u00e9.<\/li>\n<li><strong>Interaction sociale :<\/strong> \u00catre \u00e0 la hauteur des autres permet au b\u00e9b\u00e9 d&rsquo;interagir plus facilement avec son entourage.<\/li>\n<li><strong>Exploration accrue :<\/strong> Se lever ouvre de nouvelles perspectives, incitant le b\u00e9b\u00e9 \u00e0 explorer son environnement de mani\u00e8re plus active.<\/li>\n<\/ul>\n<p>Les parents doivent encourager ce d\u00e9sir tout en veillant \u00e0 assurer la s\u00e9curit\u00e9 de leur enfant. Un environnement s\u00e9curis\u00e9 permet aux b\u00e9b\u00e9s de se concentrer sur leur d\u00e9veloppement sans risques de chutes dangereuses.<\/p>\n<h2>Conseils pour accompagner votre b\u00e9b\u00e9<\/h2>\n<p>Pour aider votre b\u00e9b\u00e9 dans cette phase de d\u00e9veloppement, voici quelques conseils pratiques :<\/p>\n<ul>\n<li><strong>Offrez un soutien :<\/strong> Tenez la main de votre b\u00e9b\u00e9 ou utilisez un meuble stable pour l&rsquo;aider \u00e0 se lever.<\/li>\n<li><strong>Encouragez le jeu :<\/strong> Proposez des jouets adapt\u00e9s qui incitent \u00e0 se redresser.<\/li>\n<li><strong>Cr\u00e9ez un espace s\u00e9curis\u00e9 :<\/strong> Assurez-vous que l&rsquo;environnement est s\u00fbr pour \u00e9viter les accidents lors des tentatives de se lever.<\/li>\n<\/ul>\n<h3>FAQ :<\/h3>\n<blockquote>\n<ul>\n<li><strong>\u00c0 quel \u00e2ge les b\u00e9b\u00e9s commencent-ils \u00e0 se tenir debout ?<\/strong>Les b\u00e9b\u00e9s peuvent commencer \u00e0 vouloir se tenir debout autour de 5 mois, mais chaque enfant est unique.<\/li>\n<li><strong>Comment puis-je aider mon b\u00e9b\u00e9 \u00e0 se tenir debout ?<\/strong>Offrez-lui des supports et encouragez-le avec des jeux pour renforcer ses muscles.<\/li>\n<li><strong>Est-ce normal que mon b\u00e9b\u00e9 veuille se lever si t\u00f4t ?<\/strong>Oui, c&rsquo;est un aspect naturel du d\u00e9veloppement moteur.<\/li>\n<li><strong>Quels signes montrent que mon b\u00e9b\u00e9 est pr\u00eat \u00e0 se lever ?<\/strong>Une bonne ma\u00eetrise de sa t\u00eate, un int\u00e9r\u00eat pour l&rsquo;environnement et la capacit\u00e9 de se retourner sont des indicateurs.<\/li>\n<\/ul>\n<\/blockquote>\n<h2>Conclusion : un pas vers l&rsquo;autonomie<\/h2>\n<p>Le d\u00e9sir d&rsquo;un b\u00e9b\u00e9 de 5 mois de se tenir debout est un signe positif de son d\u00e9veloppement. Ce comportement refl\u00e8te non seulement sa curiosit\u00e9, mais aussi son besoin d\u2019autonomie. En tant que parents, il est essentiel d&rsquo;accompagner cette phase avec encouragement et s\u00e9curit\u00e9. Chaque effort que vous investissez aujourd&rsquo;hui favorisera la confiance et les comp\u00e9tences dont votre enfant aura besoin pour se d\u00e9placer et explorer le monde demain.<\/p>\n","protected":false},"excerpt":{"rendered":"","protected":false},"author":34,"featured_media":8488,"comment_status":"open","ping_status":"open","sticky":false,"template":"","format":"standard","meta":{"_acf_changed":false,"manual_indexmenow":false,"indexmenow_id_project":0,"footnotes":""},"categories":[1],"tags":[4711,5206,4805,5207,5205,3170],"class_list":["post-8486","post","type-post","status-publish","format-standard","has-post-thumbnail","hentry","category-a-la-une","tag-autonomie","tag-curiosite","tag-developpement","tag-interaction","tag-musculaire","tag-securite","generate-columns","tablet-grid-50","mobile-grid-100","grid-parent","grid-25"],"acf":[],"yoast_head":"<!-- This site is optimized with the Yoast SEO Premium plugin v21.3 (Yoast SEO v27.3) - https:\/\/yoast.com\/product\/yoast-seo-premium-wordpress\/ -->\n<title>Pourquoi votre b\u00e9b\u00e9 de 5 mois d\u00e9sire se tenir debout ?<\/title>\n<meta name=\"description\" content=\"L\u2019une des manifestations les plus fascinantes de cette exploration est le d\u00e9sir de se tenir debout.\" \/>\n<meta name=\"robots\" content=\"index, follow, max-snippet:-1, max-image-preview:large, max-video-preview:-1\" \/>\n<link rel=\"canonical\" href=\"https:\/\/bart-et-lemy.com\/blog\/a-la-une\/pourquoi-votre-bebe-de-5-mois-desire-se-tenir-debout\/\" \/>\n<meta property=\"og:locale\" content=\"fr_FR\" \/>\n<meta property=\"og:type\" content=\"article\" \/>\n<meta property=\"og:title\" content=\"Pourquoi votre b\u00e9b\u00e9 de 5 mois d\u00e9sire se tenir debout ?\" \/>\n<meta property=\"og:description\" content=\"L\u2019une des manifestations les plus fascinantes de cette exploration est le d\u00e9sir de se tenir debout.\" \/>\n<meta property=\"og:url\" content=\"https:\/\/bart-et-lemy.com\/blog\/a-la-une\/pourquoi-votre-bebe-de-5-mois-desire-se-tenir-debout\/\" \/>\n<meta property=\"og:site_name\" content=\"bart-et-lemy.com\" \/>\n<meta property=\"og:image\" content=\"https:\/\/bart-et-lemy.com\/blog\/wp-content\/uploads\/2025\/02\/stability-pourquoi-votre-bebe-de-5-mois-desire-se-tenir-debout.png\" \/>\n\t<meta property=\"og:image:width\" content=\"1024\" \/>\n\t<meta property=\"og:image:height\" content=\"576\" \/>\n\t<meta property=\"og:image:type\" content=\"image\/png\" \/>\n<meta name=\"author\" content=\"Elodie Mazeau\" \/>\n<meta name=\"twitter:card\" content=\"summary_large_image\" \/>\n<script type=\"application\/ld+json\" class=\"yoast-schema-graph\">{\"@context\":\"https:\\\/\\\/schema.org\",\"@graph\":[{\"@type\":\"NewsArticle\",\"@id\":\"https:\\\/\\\/bart-et-lemy.com\\\/blog\\\/a-la-une\\\/pourquoi-votre-bebe-de-5-mois-desire-se-tenir-debout\\\/#article\",\"isPartOf\":{\"@id\":\"https:\\\/\\\/bart-et-lemy.com\\\/blog\\\/a-la-une\\\/pourquoi-votre-bebe-de-5-mois-desire-se-tenir-debout\\\/\"},\"author\":{\"name\":\"Elodie Mazeau\",\"@id\":\"https:\\\/\\\/bart-et-lemy.com\\\/blog\\\/#\\\/schema\\\/person\\\/3c864cdc320801e3db34b663e7e3f816\"},\"headline\":\"Pourquoi votre b\u00e9b\u00e9 de 5 mois d\u00e9sire se tenir debout ?\",\"datePublished\":\"2025-02-12T17:59:00+00:00\",\"mainEntityOfPage\":{\"@id\":\"https:\\\/\\\/bart-et-lemy.com\\\/blog\\\/a-la-une\\\/pourquoi-votre-bebe-de-5-mois-desire-se-tenir-debout\\\/\"},\"wordCount\":713,\"commentCount\":27,\"publisher\":{\"@id\":\"https:\\\/\\\/bart-et-lemy.com\\\/blog\\\/#organization\"},\"image\":{\"@id\":\"https:\\\/\\\/bart-et-lemy.com\\\/blog\\\/a-la-une\\\/pourquoi-votre-bebe-de-5-mois-desire-se-tenir-debout\\\/#primaryimage\"},\"thumbnailUrl\":\"https:\\\/\\\/bart-et-lemy.com\\\/blog\\\/wp-content\\\/uploads\\\/2025\\\/02\\\/stability-pourquoi-votre-bebe-de-5-mois-desire-se-tenir-debout.png\",\"keywords\":[\"Autonomie\",\"Curiosit\u00e9\",\"D\u00e9veloppement\",\"Interaction\",\"Musculaire\",\"S\u00e9curit\u00e9\"],\"articleSection\":[\"\u00c0 la une\"],\"inLanguage\":\"fr-FR\",\"potentialAction\":[{\"@type\":\"CommentAction\",\"name\":\"Comment\",\"target\":[\"https:\\\/\\\/bart-et-lemy.com\\\/blog\\\/a-la-une\\\/pourquoi-votre-bebe-de-5-mois-desire-se-tenir-debout\\\/#respond\"]}]},{\"@type\":\"WebPage\",\"@id\":\"https:\\\/\\\/bart-et-lemy.com\\\/blog\\\/a-la-une\\\/pourquoi-votre-bebe-de-5-mois-desire-se-tenir-debout\\\/\",\"url\":\"https:\\\/\\\/bart-et-lemy.com\\\/blog\\\/a-la-une\\\/pourquoi-votre-bebe-de-5-mois-desire-se-tenir-debout\\\/\",\"name\":\"Pourquoi votre b\u00e9b\u00e9 de 5 mois d\u00e9sire se tenir debout ?\",\"isPartOf\":{\"@id\":\"https:\\\/\\\/bart-et-lemy.com\\\/blog\\\/#website\"},\"primaryImageOfPage\":{\"@id\":\"https:\\\/\\\/bart-et-lemy.com\\\/blog\\\/a-la-une\\\/pourquoi-votre-bebe-de-5-mois-desire-se-tenir-debout\\\/#primaryimage\"},\"image\":{\"@id\":\"https:\\\/\\\/bart-et-lemy.com\\\/blog\\\/a-la-une\\\/pourquoi-votre-bebe-de-5-mois-desire-se-tenir-debout\\\/#primaryimage\"},\"thumbnailUrl\":\"https:\\\/\\\/bart-et-lemy.com\\\/blog\\\/wp-content\\\/uploads\\\/2025\\\/02\\\/stability-pourquoi-votre-bebe-de-5-mois-desire-se-tenir-debout.png\",\"datePublished\":\"2025-02-12T17:59:00+00:00\",\"description\":\"L\u2019une des manifestations les plus fascinantes de cette exploration est le d\u00e9sir de se tenir debout.\",\"inLanguage\":\"fr-FR\",\"potentialAction\":[{\"@type\":\"ReadAction\",\"target\":[\"https:\\\/\\\/bart-et-lemy.com\\\/blog\\\/a-la-une\\\/pourquoi-votre-bebe-de-5-mois-desire-se-tenir-debout\\\/\"]}]},{\"@type\":\"ImageObject\",\"inLanguage\":\"fr-FR\",\"@id\":\"https:\\\/\\\/bart-et-lemy.com\\\/blog\\\/a-la-une\\\/pourquoi-votre-bebe-de-5-mois-desire-se-tenir-debout\\\/#primaryimage\",\"url\":\"https:\\\/\\\/bart-et-lemy.com\\\/blog\\\/wp-content\\\/uploads\\\/2025\\\/02\\\/stability-pourquoi-votre-bebe-de-5-mois-desire-se-tenir-debout.png\",\"contentUrl\":\"https:\\\/\\\/bart-et-lemy.com\\\/blog\\\/wp-content\\\/uploads\\\/2025\\\/02\\\/stability-pourquoi-votre-bebe-de-5-mois-desire-se-tenir-debout.png\",\"width\":1024,\"height\":576},{\"@type\":\"WebSite\",\"@id\":\"https:\\\/\\\/bart-et-lemy.com\\\/blog\\\/#website\",\"url\":\"https:\\\/\\\/bart-et-lemy.com\\\/blog\\\/\",\"name\":\"Bart et Lemy\",\"description\":\"L\u2019originalit\u00e9 en toute libert\u00e9.\",\"publisher\":{\"@id\":\"https:\\\/\\\/bart-et-lemy.com\\\/blog\\\/#organization\"},\"alternateName\":\"Conseils parentaux, astuces famille et bien-\u00eatre enfant\",\"potentialAction\":[{\"@type\":\"SearchAction\",\"target\":{\"@type\":\"EntryPoint\",\"urlTemplate\":\"https:\\\/\\\/bart-et-lemy.com\\\/blog\\\/?s={search_term_string}\"},\"query-input\":{\"@type\":\"PropertyValueSpecification\",\"valueRequired\":true,\"valueName\":\"search_term_string\"}}],\"inLanguage\":\"fr-FR\"},{\"@type\":\"Organization\",\"@id\":\"https:\\\/\\\/bart-et-lemy.com\\\/blog\\\/#organization\",\"name\":\"Bart et Lemy\",\"alternateName\":\"bart-et-lemy.com\",\"url\":\"https:\\\/\\\/bart-et-lemy.com\\\/blog\\\/\",\"logo\":{\"@type\":\"ImageObject\",\"inLanguage\":\"fr-FR\",\"@id\":\"https:\\\/\\\/bart-et-lemy.com\\\/blog\\\/#\\\/schema\\\/logo\\\/image\\\/\",\"url\":\"https:\\\/\\\/bart-et-lemy.com\\\/blog\\\/wp-content\\\/uploads\\\/2026\\\/07\\\/logo-auto.png\",\"contentUrl\":\"https:\\\/\\\/bart-et-lemy.com\\\/blog\\\/wp-content\\\/uploads\\\/2026\\\/07\\\/logo-auto.png\",\"width\":1024,\"height\":1024,\"caption\":\"Bart et Lemy\"},\"image\":{\"@id\":\"https:\\\/\\\/bart-et-lemy.com\\\/blog\\\/#\\\/schema\\\/logo\\\/image\\\/\"}},{\"@type\":\"Person\",\"@id\":\"https:\\\/\\\/bart-et-lemy.com\\\/blog\\\/#\\\/schema\\\/person\\\/3c864cdc320801e3db34b663e7e3f816\",\"name\":\"Elodie Mazeau\",\"image\":{\"@type\":\"ImageObject\",\"inLanguage\":\"fr-FR\",\"@id\":\"https:\\\/\\\/bart-et-lemy.com\\\/blog\\\/wp-content\\\/uploads\\\/2026\\\/06\\\/persona_elodie-m-96x96.jpg\",\"url\":\"https:\\\/\\\/bart-et-lemy.com\\\/blog\\\/wp-content\\\/uploads\\\/2026\\\/06\\\/persona_elodie-m-96x96.jpg\",\"contentUrl\":\"https:\\\/\\\/bart-et-lemy.com\\\/blog\\\/wp-content\\\/uploads\\\/2026\\\/06\\\/persona_elodie-m-96x96.jpg\",\"caption\":\"Elodie Mazeau\"},\"description\":\"J'\u00e9cris sur la parentalit\u00e9 telle qu'elle se vit vraiment, du premier biberon aux premi\u00e8res col\u00e8res. Mes sujets de pr\u00e9dilection couvrent le quotidien des familles : sommeil, alimentation, organisation, pu\u00e9riculture et ces petites gal\u00e8res que tout parent conna\u00eet. Depuis plusieurs ann\u00e9es, je m'attache \u00e0 proposer des rep\u00e8res concrets plut\u00f4t que des le\u00e7ons, parce que chaque famille trouve son propre \u00e9quilibre. Je v\u00e9rifie mes informations aupr\u00e8s de sources fiables, surtout d\u00e8s qu'on touche \u00e0 la sant\u00e9 ou \u00e0 la s\u00e9curit\u00e9 de l'enfant, et je pr\u00e9cise quand un avis professionnel s'impose. J'\u00e9vite soigneusement la culpabilisation : \u00eatre parent est d\u00e9j\u00e0 assez exigeant. Mon ton se veut complice et bienveillant, un peu comme une discussion entre parents qui se comprennent. L'id\u00e9e est d'all\u00e9ger la charge mentale en donnant des solutions simples et test\u00e9es.\",\"sameAs\":[\"https:\\\/\\\/elodiemazeau.fr\\\/\"],\"url\":\"https:\\\/\\\/bart-et-lemy.com\\\/blog\\\/auteur\\\/noname\\\/\"}]}<\/script>\n<!-- \/ Yoast SEO Premium plugin. -->","yoast_head_json":{"title":"Pourquoi votre b\u00e9b\u00e9 de 5 mois d\u00e9sire se tenir debout ?","description":"L\u2019une des manifestations les plus fascinantes de cette exploration est le d\u00e9sir de se tenir debout.","robots":{"index":"index","follow":"follow","max-snippet":"max-snippet:-1","max-image-preview":"max-image-preview:large","max-video-preview":"max-video-preview:-1"},"canonical":"https:\/\/bart-et-lemy.com\/blog\/a-la-une\/pourquoi-votre-bebe-de-5-mois-desire-se-tenir-debout\/","og_locale":"fr_FR","og_type":"article","og_title":"Pourquoi votre b\u00e9b\u00e9 de 5 mois d\u00e9sire se tenir debout ?","og_description":"L\u2019une des manifestations les plus fascinantes de cette exploration est le d\u00e9sir de se tenir debout.","og_url":"https:\/\/bart-et-lemy.com\/blog\/a-la-une\/pourquoi-votre-bebe-de-5-mois-desire-se-tenir-debout\/","og_site_name":"bart-et-lemy.com","og_image":[{"width":1024,"height":576,"url":"https:\/\/bart-et-lemy.com\/blog\/wp-content\/uploads\/2025\/02\/stability-pourquoi-votre-bebe-de-5-mois-desire-se-tenir-debout.png","type":"image\/png"}],"author":"Elodie Mazeau","twitter_card":"summary_large_image","schema":{"@context":"https:\/\/schema.org","@graph":[{"@type":"NewsArticle","@id":"https:\/\/bart-et-lemy.com\/blog\/a-la-une\/pourquoi-votre-bebe-de-5-mois-desire-se-tenir-debout\/#article","isPartOf":{"@id":"https:\/\/bart-et-lemy.com\/blog\/a-la-une\/pourquoi-votre-bebe-de-5-mois-desire-se-tenir-debout\/"},"author":{"name":"Elodie Mazeau","@id":"https:\/\/bart-et-lemy.com\/blog\/#\/schema\/person\/3c864cdc320801e3db34b663e7e3f816"},"headline":"Pourquoi votre b\u00e9b\u00e9 de 5 mois d\u00e9sire se tenir debout ?","datePublished":"2025-02-12T17:59:00+00:00","mainEntityOfPage":{"@id":"https:\/\/bart-et-lemy.com\/blog\/a-la-une\/pourquoi-votre-bebe-de-5-mois-desire-se-tenir-debout\/"},"wordCount":713,"commentCount":27,"publisher":{"@id":"https:\/\/bart-et-lemy.com\/blog\/#organization"},"image":{"@id":"https:\/\/bart-et-lemy.com\/blog\/a-la-une\/pourquoi-votre-bebe-de-5-mois-desire-se-tenir-debout\/#primaryimage"},"thumbnailUrl":"https:\/\/bart-et-lemy.com\/blog\/wp-content\/uploads\/2025\/02\/stability-pourquoi-votre-bebe-de-5-mois-desire-se-tenir-debout.png","keywords":["Autonomie","Curiosit\u00e9","D\u00e9veloppement","Interaction","Musculaire","S\u00e9curit\u00e9"],"articleSection":["\u00c0 la une"],"inLanguage":"fr-FR","potentialAction":[{"@type":"CommentAction","name":"Comment","target":["https:\/\/bart-et-lemy.com\/blog\/a-la-une\/pourquoi-votre-bebe-de-5-mois-desire-se-tenir-debout\/#respond"]}]},{"@type":"WebPage","@id":"https:\/\/bart-et-lemy.com\/blog\/a-la-une\/pourquoi-votre-bebe-de-5-mois-desire-se-tenir-debout\/","url":"https:\/\/bart-et-lemy.com\/blog\/a-la-une\/pourquoi-votre-bebe-de-5-mois-desire-se-tenir-debout\/","name":"Pourquoi votre b\u00e9b\u00e9 de 5 mois d\u00e9sire se tenir debout ?","isPartOf":{"@id":"https:\/\/bart-et-lemy.com\/blog\/#website"},"primaryImageOfPage":{"@id":"https:\/\/bart-et-lemy.com\/blog\/a-la-une\/pourquoi-votre-bebe-de-5-mois-desire-se-tenir-debout\/#primaryimage"},"image":{"@id":"https:\/\/bart-et-lemy.com\/blog\/a-la-une\/pourquoi-votre-bebe-de-5-mois-desire-se-tenir-debout\/#primaryimage"},"thumbnailUrl":"https:\/\/bart-et-lemy.com\/blog\/wp-content\/uploads\/2025\/02\/stability-pourquoi-votre-bebe-de-5-mois-desire-se-tenir-debout.png","datePublished":"2025-02-12T17:59:00+00:00","description":"L\u2019une des manifestations les plus fascinantes de cette exploration est le d\u00e9sir de se tenir debout.","inLanguage":"fr-FR","potentialAction":[{"@type":"ReadAction","target":["https:\/\/bart-et-lemy.com\/blog\/a-la-une\/pourquoi-votre-bebe-de-5-mois-desire-se-tenir-debout\/"]}]},{"@type":"ImageObject","inLanguage":"fr-FR","@id":"https:\/\/bart-et-lemy.com\/blog\/a-la-une\/pourquoi-votre-bebe-de-5-mois-desire-se-tenir-debout\/#primaryimage","url":"https:\/\/bart-et-lemy.com\/blog\/wp-content\/uploads\/2025\/02\/stability-pourquoi-votre-bebe-de-5-mois-desire-se-tenir-debout.png","contentUrl":"https:\/\/bart-et-lemy.com\/blog\/wp-content\/uploads\/2025\/02\/stability-pourquoi-votre-bebe-de-5-mois-desire-se-tenir-debout.png","width":1024,"height":576},{"@type":"WebSite","@id":"https:\/\/bart-et-lemy.com\/blog\/#website","url":"https:\/\/bart-et-lemy.com\/blog\/","name":"Bart et Lemy","description":"L\u2019originalit\u00e9 en toute libert\u00e9.","publisher":{"@id":"https:\/\/bart-et-lemy.com\/blog\/#organization"},"alternateName":"Conseils parentaux, astuces famille et bien-\u00eatre enfant","potentialAction":[{"@type":"SearchAction","target":{"@type":"EntryPoint","urlTemplate":"https:\/\/bart-et-lemy.com\/blog\/?s={search_term_string}"},"query-input":{"@type":"PropertyValueSpecification","valueRequired":true,"valueName":"search_term_string"}}],"inLanguage":"fr-FR"},{"@type":"Organization","@id":"https:\/\/bart-et-lemy.com\/blog\/#organization","name":"Bart et Lemy","alternateName":"bart-et-lemy.com","url":"https:\/\/bart-et-lemy.com\/blog\/","logo":{"@type":"ImageObject","inLanguage":"fr-FR","@id":"https:\/\/bart-et-lemy.com\/blog\/#\/schema\/logo\/image\/","url":"https:\/\/bart-et-lemy.com\/blog\/wp-content\/uploads\/2026\/07\/logo-auto.png","contentUrl":"https:\/\/bart-et-lemy.com\/blog\/wp-content\/uploads\/2026\/07\/logo-auto.png","width":1024,"height":1024,"caption":"Bart et Lemy"},"image":{"@id":"https:\/\/bart-et-lemy.com\/blog\/#\/schema\/logo\/image\/"}},{"@type":"Person","@id":"https:\/\/bart-et-lemy.com\/blog\/#\/schema\/person\/3c864cdc320801e3db34b663e7e3f816","name":"Elodie Mazeau","image":{"@type":"ImageObject","inLanguage":"fr-FR","@id":"https:\/\/bart-et-lemy.com\/blog\/wp-content\/uploads\/2026\/06\/persona_elodie-m-96x96.jpg","url":"https:\/\/bart-et-lemy.com\/blog\/wp-content\/uploads\/2026\/06\/persona_elodie-m-96x96.jpg","contentUrl":"https:\/\/bart-et-lemy.com\/blog\/wp-content\/uploads\/2026\/06\/persona_elodie-m-96x96.jpg","caption":"Elodie Mazeau"},"description":"J'\u00e9cris sur la parentalit\u00e9 telle qu'elle se vit vraiment, du premier biberon aux premi\u00e8res col\u00e8res. Mes sujets de pr\u00e9dilection couvrent le quotidien des familles : sommeil, alimentation, organisation, pu\u00e9riculture et ces petites gal\u00e8res que tout parent conna\u00eet. Depuis plusieurs ann\u00e9es, je m'attache \u00e0 proposer des rep\u00e8res concrets plut\u00f4t que des le\u00e7ons, parce que chaque famille trouve son propre \u00e9quilibre. Je v\u00e9rifie mes informations aupr\u00e8s de sources fiables, surtout d\u00e8s qu'on touche \u00e0 la sant\u00e9 ou \u00e0 la s\u00e9curit\u00e9 de l'enfant, et je pr\u00e9cise quand un avis professionnel s'impose. J'\u00e9vite soigneusement la culpabilisation : \u00eatre parent est d\u00e9j\u00e0 assez exigeant. Mon ton se veut complice et bienveillant, un peu comme une discussion entre parents qui se comprennent. L'id\u00e9e est d'all\u00e9ger la charge mentale en donnant des solutions simples et test\u00e9es.","sameAs":["https:\/\/elodiemazeau.fr\/"],"url":"https:\/\/bart-et-lemy.com\/blog\/auteur\/noname\/"}]}},"_links":{"self":[{"href":"https:\/\/bart-et-lemy.com\/blog\/wp-json\/wp\/v2\/posts\/8486","targetHints":{"allow":["GET"]}}],"collection":[{"href":"https:\/\/bart-et-lemy.com\/blog\/wp-json\/wp\/v2\/posts"}],"about":[{"href":"https:\/\/bart-et-lemy.com\/blog\/wp-json\/wp\/v2\/types\/post"}],"author":[{"embeddable":true,"href":"https:\/\/bart-et-lemy.com\/blog\/wp-json\/wp\/v2\/users\/34"}],"replies":[{"embeddable":true,"href":"https:\/\/bart-et-lemy.com\/blog\/wp-json\/wp\/v2\/comments?post=8486"}],"version-history":[{"count":1,"href":"https:\/\/bart-et-lemy.com\/blog\/wp-json\/wp\/v2\/posts\/8486\/revisions"}],"predecessor-version":[{"id":9465,"href":"https:\/\/bart-et-lemy.com\/blog\/wp-json\/wp\/v2\/posts\/8486\/revisions\/9465"}],"wp:featuredmedia":[{"embeddable":true,"href":"https:\/\/bart-et-lemy.com\/blog\/wp-json\/wp\/v2\/media\/8488"}],"wp:attachment":[{"href":"https:\/\/bart-et-lemy.com\/blog\/wp-json\/wp\/v2\/media?parent=8486"}],"wp:term":[{"taxonomy":"category","embeddable":true,"href":"https:\/\/bart-et-lemy.com\/blog\/wp-json\/wp\/v2\/categories?post=8486"},{"taxonomy":"post_tag","embeddable":true,"href":"https:\/\/bart-et-lemy.com\/blog\/wp-json\/wp\/v2\/tags?post=8486"}],"curies":[{"name":"wp","href":"https:\/\/api.w.org\/{rel}","templated":true}]}}