{"id":8491,"date":"2025-02-23T17:19:00","date_gmt":"2025-02-23T16:19:00","guid":{"rendered":"https:\/\/bart-et-lemy.com\/blog\/?p=8491"},"modified":"2025-02-10T16:24:16","modified_gmt":"2025-02-10T15:24:16","slug":"les-ondes-des-telephones-portables-ce-quil-faut-savoir-pour-les-bebes","status":"publish","type":"post","link":"https:\/\/bart-et-lemy.com\/blog\/a-la-une\/les-ondes-des-telephones-portables-ce-quil-faut-savoir-pour-les-bebes\/","title":{"rendered":"Les ondes des t\u00e9l\u00e9phones portables : ce qu&rsquo;il faut savoir pour les b\u00e9b\u00e9s"},"content":{"rendered":"<h2>Introduction<\/h2>\n<p>Les parents s&rsquo;interrogent de plus en plus sur les effets potentiels de ces ondes sur la sant\u00e9 fragile de leurs enfants. Cet article explore les implications de cette exposition et fournit des conseils pratiques pour minimiser les risques.<\/p>\n<h2>Comprendre les ondes des t\u00e9l\u00e9phones portables<\/h2>\n<p>Les t\u00e9l\u00e9phones portables \u00e9mettent des ondes \u00e9lectromagn\u00e9tiques, qui sont class\u00e9es comme des radiofr\u00e9quences. Ces ondes sont utilis\u00e9es pour la communication sans fil, mais leur impact sur la sant\u00e9 est un sujet de d\u00e9bat. Plusieurs \u00e9tudes ont tent\u00e9 de d\u00e9terminer si ces ondes peuvent avoir des effets n\u00e9fastes, en particulier pour les b\u00e9b\u00e9s dont le syst\u00e8me nerveux est en d\u00e9veloppement.<\/p>\n<p>Il est essentiel de noter que les recherches sur ce sujet sont encore en cours. Certaines \u00e9tudes ont sugg\u00e9r\u00e9 un lien entre l&rsquo;exposition prolong\u00e9e aux ondes et divers probl\u00e8mes de sant\u00e9, tandis que d&rsquo;autres n&rsquo;ont pas trouv\u00e9 de preuves concluantes. Ainsi, il devient crucial pour les parents de rester inform\u00e9s et de prendre des d\u00e9cisions \u00e9clair\u00e9es.<\/p>\n<h2>Les risques potentiels pour la sant\u00e9 des b\u00e9b\u00e9s<\/h2>\n<p>Les b\u00e9b\u00e9s sont plus vuln\u00e9rables aux effets des ondes \u00e9lectromagn\u00e9tiques en raison de leur taille et de la composition de leur cerveau. Voici quelques points importants \u00e0 consid\u00e9rer :<\/p>\n<ul>\n<li><strong>D\u00e9veloppement du cerveau :<\/strong> Le cerveau des b\u00e9b\u00e9s est en pleine croissance et peut \u00eatre plus sensible aux influences ext\u00e9rieures.<\/li>\n<li><strong>Effets \u00e0 long terme :<\/strong> Les cons\u00e9quences d&rsquo;une exposition pr\u00e9coce ne sont pas encore enti\u00e8rement comprises, et le suivi m\u00e9dical \u00e0 long terme est n\u00e9cessaire.<\/li>\n<li><strong>Risque d&rsquo;irritabilit\u00e9 :<\/strong> Certains parents rapportent que leurs enfants semblent plus agit\u00e9s lorsqu&rsquo;ils sont expos\u00e9s \u00e0 des appareils \u00e9lectroniques.<\/li>\n<\/ul>\n<h2>Conseils pour r\u00e9duire l&rsquo;exposition aux ondes<\/h2>\n<p>Pour prot\u00e9ger les b\u00e9b\u00e9s des ondes des t\u00e9l\u00e9phones portables, voici quelques recommandations pratiques :<\/p>\n<li><strong>Limiter l&rsquo;utilisation des t\u00e9l\u00e9phones :<\/strong> \u00c9vitez d&rsquo;utiliser votre t\u00e9l\u00e9phone pr\u00e8s de votre b\u00e9b\u00e9, surtout lorsqu&rsquo;il dort.<\/li>\n<li><strong>Utiliser des \u00e9couteurs :<\/strong> Lorsque vous devez passer des appels, utilisez des \u00e9couteurs ou un haut-parleur pour \u00e9loigner le t\u00e9l\u00e9phone de votre t\u00eate.<\/li>\n<li><strong>Ne pas dormir avec le t\u00e9l\u00e9phone :<\/strong> Gardez les appareils \u00e9lectroniques \u00e0 une distance raisonnable pendant la nuit.<\/li>\n<h2>Tableau r\u00e9capitulatif des bonnes pratiques<\/h2>\n<table>\n<tr>\n<th>Pratique<\/th>\n<th>Impact<\/th>\n<th>Conseil<\/th>\n<\/tr>\n<tr>\n<td>Limiter l&rsquo;utilisation des t\u00e9l\u00e9phones<\/td>\n<td>R\u00e9duit l&rsquo;exposition<\/td>\n<td>\u00c9vitez l&rsquo;usage pr\u00e8s du b\u00e9b\u00e9<\/td>\n<\/tr>\n<tr>\n<td>Utiliser des \u00e9couteurs<\/td>\n<td>Diminue l&rsquo;exposition directe<\/td>\n<td>Privil\u00e9giez les appels mains libres<\/td>\n<\/tr>\n<tr>\n<td>Ne pas dormir avec le t\u00e9l\u00e9phone<\/td>\n<td>Minimise les ondes la nuit<\/td>\n<td>Placez-le \u00e0 distance<\/td>\n<\/tr>\n<\/table>\n<h2>Conclusion<\/h2>\n<p>La question de l&rsquo;exposition des b\u00e9b\u00e9s aux ondes des t\u00e9l\u00e9phones portables reste un sujet d\u00e9licat. Bien que les recherches continuent, il est sage de prendre des pr\u00e9cautions pour prot\u00e9ger les plus jeunes. En adoptant des pratiques simples, les parents peuvent r\u00e9duire l&rsquo;exposition aux ondes, tout en restant connect\u00e9s. La sant\u00e9 de votre b\u00e9b\u00e9 m\u00e9rite toute votre attention.<\/p>\n<h3>FAQ :<\/h3>\n<blockquote>\n<ul>\n<li><strong>Les ondes des t\u00e9l\u00e9phones portables sont-elles dangereuses pour les b\u00e9b\u00e9s ?<\/strong>Les effets ne sont pas encore clairement \u00e9tablis, mais il est prudent de limiter l&rsquo;exposition.<\/li>\n<li><strong>Comment r\u00e9duire l&rsquo;exposition de mon b\u00e9b\u00e9 aux ondes ?<\/strong>Limitez l&rsquo;utilisation des t\u00e9l\u00e9phones et utilisez des \u00e9couteurs.<\/li>\n<li><strong>\u00c0 partir de quel \u00e2ge un enfant peut-il utiliser un t\u00e9l\u00e9phone portable ?<\/strong>Les recommandations varient, mais il est conseill\u00e9 d&rsquo;attendre au moins l&rsquo;\u00e2ge scolaire.<\/li>\n<li><strong>Les appareils \u00e9lectroniques peuvent-ils affecter le sommeil des b\u00e9b\u00e9s ?<\/strong>Oui, il est pr\u00e9f\u00e9rable de garder les appareils \u00e0 distance pendant le sommeil.<\/li>\n<\/ul>\n<\/blockquote>\n","protected":false},"excerpt":{"rendered":"","protected":false},"author":34,"featured_media":9661,"comment_status":"open","ping_status":"open","sticky":false,"template":"","format":"standard","meta":{"_acf_changed":false,"manual_indexmenow":false,"indexmenow_id_project":0,"footnotes":""},"categories":[1],"tags":[4714,5221,5219,5132,5220,2872],"class_list":["post-8491","post","type-post","status-publish","format-standard","has-post-thumbnail","hentry","category-a-la-une","tag-bebes","tag-ecouteurs","tag-ondes","tag-parents","tag-precautions","tag-sante","generate-columns","tablet-grid-50","mobile-grid-100","grid-parent","grid-25"],"acf":[],"yoast_head":"<!-- This site is optimized with the Yoast SEO Premium plugin v21.3 (Yoast SEO v27.3) - https:\/\/yoast.com\/product\/yoast-seo-premium-wordpress\/ -->\n<title>Les ondes des t\u00e9l\u00e9phones portables<\/title>\n<meta name=\"description\" content=\"Les parents s&#039;interrogent de plus en plus sur les effets potentiels de ces ondes sur la sant\u00e9 fragile de leurs enfants.\" \/>\n<meta name=\"robots\" content=\"index, follow, max-snippet:-1, max-image-preview:large, max-video-preview:-1\" \/>\n<link rel=\"canonical\" href=\"https:\/\/bart-et-lemy.com\/blog\/a-la-une\/les-ondes-des-telephones-portables-ce-quil-faut-savoir-pour-les-bebes\/\" \/>\n<meta property=\"og:locale\" content=\"fr_FR\" \/>\n<meta property=\"og:type\" content=\"article\" \/>\n<meta property=\"og:title\" content=\"Les ondes des t\u00e9l\u00e9phones portables\" \/>\n<meta property=\"og:description\" content=\"Les parents s&#039;interrogent de plus en plus sur les effets potentiels de ces ondes sur la sant\u00e9 fragile de leurs enfants.\" \/>\n<meta property=\"og:url\" content=\"https:\/\/bart-et-lemy.com\/blog\/a-la-une\/les-ondes-des-telephones-portables-ce-quil-faut-savoir-pour-les-bebes\/\" \/>\n<meta property=\"og:site_name\" content=\"bart-et-lemy.com\" \/>\n<meta property=\"og:image\" content=\"https:\/\/bart-et-lemy.com\/blog\/wp-content\/uploads\/2025\/02\/sdxl-7aac1a2668b040c8eeb0d4e5687b548d.png\" \/>\n\t<meta property=\"og:image:width\" content=\"1536\" \/>\n\t<meta property=\"og:image:height\" content=\"640\" \/>\n\t<meta property=\"og:image:type\" content=\"image\/png\" \/>\n<meta name=\"author\" content=\"Elodie Mazeau\" \/>\n<meta name=\"twitter:card\" content=\"summary_large_image\" \/>\n<script type=\"application\/ld+json\" class=\"yoast-schema-graph\">{\"@context\":\"https:\\\/\\\/schema.org\",\"@graph\":[{\"@type\":\"NewsArticle\",\"@id\":\"https:\\\/\\\/bart-et-lemy.com\\\/blog\\\/a-la-une\\\/les-ondes-des-telephones-portables-ce-quil-faut-savoir-pour-les-bebes\\\/#article\",\"isPartOf\":{\"@id\":\"https:\\\/\\\/bart-et-lemy.com\\\/blog\\\/a-la-une\\\/les-ondes-des-telephones-portables-ce-quil-faut-savoir-pour-les-bebes\\\/\"},\"author\":{\"name\":\"Elodie Mazeau\",\"@id\":\"https:\\\/\\\/bart-et-lemy.com\\\/blog\\\/#\\\/schema\\\/person\\\/3c864cdc320801e3db34b663e7e3f816\"},\"headline\":\"Les ondes des t\u00e9l\u00e9phones portables : ce qu&rsquo;il faut savoir pour les b\u00e9b\u00e9s\",\"datePublished\":\"2025-02-23T16:19:00+00:00\",\"mainEntityOfPage\":{\"@id\":\"https:\\\/\\\/bart-et-lemy.com\\\/blog\\\/a-la-une\\\/les-ondes-des-telephones-portables-ce-quil-faut-savoir-pour-les-bebes\\\/\"},\"wordCount\":641,\"commentCount\":19,\"publisher\":{\"@id\":\"https:\\\/\\\/bart-et-lemy.com\\\/blog\\\/#organization\"},\"image\":{\"@id\":\"https:\\\/\\\/bart-et-lemy.com\\\/blog\\\/a-la-une\\\/les-ondes-des-telephones-portables-ce-quil-faut-savoir-pour-les-bebes\\\/#primaryimage\"},\"thumbnailUrl\":\"https:\\\/\\\/bart-et-lemy.com\\\/blog\\\/wp-content\\\/uploads\\\/2025\\\/02\\\/sdxl-7aac1a2668b040c8eeb0d4e5687b548d.png\",\"keywords\":[\"B\u00e9b\u00e9s\",\"\u00c9couteurs\",\"Ondes\",\"Parents\",\"Pr\u00e9cautions\",\"Sant\u00e9\"],\"articleSection\":[\"\u00c0 la une\"],\"inLanguage\":\"fr-FR\",\"potentialAction\":[{\"@type\":\"CommentAction\",\"name\":\"Comment\",\"target\":[\"https:\\\/\\\/bart-et-lemy.com\\\/blog\\\/a-la-une\\\/les-ondes-des-telephones-portables-ce-quil-faut-savoir-pour-les-bebes\\\/#respond\"]}]},{\"@type\":\"WebPage\",\"@id\":\"https:\\\/\\\/bart-et-lemy.com\\\/blog\\\/a-la-une\\\/les-ondes-des-telephones-portables-ce-quil-faut-savoir-pour-les-bebes\\\/\",\"url\":\"https:\\\/\\\/bart-et-lemy.com\\\/blog\\\/a-la-une\\\/les-ondes-des-telephones-portables-ce-quil-faut-savoir-pour-les-bebes\\\/\",\"name\":\"Les ondes des t\u00e9l\u00e9phones portables\",\"isPartOf\":{\"@id\":\"https:\\\/\\\/bart-et-lemy.com\\\/blog\\\/#website\"},\"primaryImageOfPage\":{\"@id\":\"https:\\\/\\\/bart-et-lemy.com\\\/blog\\\/a-la-une\\\/les-ondes-des-telephones-portables-ce-quil-faut-savoir-pour-les-bebes\\\/#primaryimage\"},\"image\":{\"@id\":\"https:\\\/\\\/bart-et-lemy.com\\\/blog\\\/a-la-une\\\/les-ondes-des-telephones-portables-ce-quil-faut-savoir-pour-les-bebes\\\/#primaryimage\"},\"thumbnailUrl\":\"https:\\\/\\\/bart-et-lemy.com\\\/blog\\\/wp-content\\\/uploads\\\/2025\\\/02\\\/sdxl-7aac1a2668b040c8eeb0d4e5687b548d.png\",\"datePublished\":\"2025-02-23T16:19:00+00:00\",\"description\":\"Les parents s'interrogent de plus en plus sur les effets potentiels de ces ondes sur la sant\u00e9 fragile de leurs enfants.\",\"inLanguage\":\"fr-FR\",\"potentialAction\":[{\"@type\":\"ReadAction\",\"target\":[\"https:\\\/\\\/bart-et-lemy.com\\\/blog\\\/a-la-une\\\/les-ondes-des-telephones-portables-ce-quil-faut-savoir-pour-les-bebes\\\/\"]}]},{\"@type\":\"ImageObject\",\"inLanguage\":\"fr-FR\",\"@id\":\"https:\\\/\\\/bart-et-lemy.com\\\/blog\\\/a-la-une\\\/les-ondes-des-telephones-portables-ce-quil-faut-savoir-pour-les-bebes\\\/#primaryimage\",\"url\":\"https:\\\/\\\/bart-et-lemy.com\\\/blog\\\/wp-content\\\/uploads\\\/2025\\\/02\\\/sdxl-7aac1a2668b040c8eeb0d4e5687b548d.png\",\"contentUrl\":\"https:\\\/\\\/bart-et-lemy.com\\\/blog\\\/wp-content\\\/uploads\\\/2025\\\/02\\\/sdxl-7aac1a2668b040c8eeb0d4e5687b548d.png\",\"width\":1536,\"height\":640},{\"@type\":\"WebSite\",\"@id\":\"https:\\\/\\\/bart-et-lemy.com\\\/blog\\\/#website\",\"url\":\"https:\\\/\\\/bart-et-lemy.com\\\/blog\\\/\",\"name\":\"Bart et Lemy\",\"description\":\"L\u2019originalit\u00e9 en toute libert\u00e9.\",\"publisher\":{\"@id\":\"https:\\\/\\\/bart-et-lemy.com\\\/blog\\\/#organization\"},\"alternateName\":\"Conseils parentaux, astuces famille et bien-\u00eatre enfant\",\"potentialAction\":[{\"@type\":\"SearchAction\",\"target\":{\"@type\":\"EntryPoint\",\"urlTemplate\":\"https:\\\/\\\/bart-et-lemy.com\\\/blog\\\/?s={search_term_string}\"},\"query-input\":{\"@type\":\"PropertyValueSpecification\",\"valueRequired\":true,\"valueName\":\"search_term_string\"}}],\"inLanguage\":\"fr-FR\"},{\"@type\":\"Organization\",\"@id\":\"https:\\\/\\\/bart-et-lemy.com\\\/blog\\\/#organization\",\"name\":\"Bart et Lemy\",\"alternateName\":\"bart-et-lemy.com\",\"url\":\"https:\\\/\\\/bart-et-lemy.com\\\/blog\\\/\",\"logo\":{\"@type\":\"ImageObject\",\"inLanguage\":\"fr-FR\",\"@id\":\"https:\\\/\\\/bart-et-lemy.com\\\/blog\\\/#\\\/schema\\\/logo\\\/image\\\/\",\"url\":\"https:\\\/\\\/bart-et-lemy.com\\\/blog\\\/wp-content\\\/uploads\\\/2026\\\/07\\\/logo-auto.png\",\"contentUrl\":\"https:\\\/\\\/bart-et-lemy.com\\\/blog\\\/wp-content\\\/uploads\\\/2026\\\/07\\\/logo-auto.png\",\"width\":1024,\"height\":1024,\"caption\":\"Bart et Lemy\"},\"image\":{\"@id\":\"https:\\\/\\\/bart-et-lemy.com\\\/blog\\\/#\\\/schema\\\/logo\\\/image\\\/\"}},{\"@type\":\"Person\",\"@id\":\"https:\\\/\\\/bart-et-lemy.com\\\/blog\\\/#\\\/schema\\\/person\\\/3c864cdc320801e3db34b663e7e3f816\",\"name\":\"Elodie Mazeau\",\"image\":{\"@type\":\"ImageObject\",\"inLanguage\":\"fr-FR\",\"@id\":\"https:\\\/\\\/bart-et-lemy.com\\\/blog\\\/wp-content\\\/uploads\\\/2026\\\/06\\\/persona_elodie-m-96x96.jpg\",\"url\":\"https:\\\/\\\/bart-et-lemy.com\\\/blog\\\/wp-content\\\/uploads\\\/2026\\\/06\\\/persona_elodie-m-96x96.jpg\",\"contentUrl\":\"https:\\\/\\\/bart-et-lemy.com\\\/blog\\\/wp-content\\\/uploads\\\/2026\\\/06\\\/persona_elodie-m-96x96.jpg\",\"caption\":\"Elodie Mazeau\"},\"description\":\"J'\u00e9cris sur la parentalit\u00e9 telle qu'elle se vit vraiment, du premier biberon aux premi\u00e8res col\u00e8res. Mes sujets de pr\u00e9dilection couvrent le quotidien des familles : sommeil, alimentation, organisation, pu\u00e9riculture et ces petites gal\u00e8res que tout parent conna\u00eet. Depuis plusieurs ann\u00e9es, je m'attache \u00e0 proposer des rep\u00e8res concrets plut\u00f4t que des le\u00e7ons, parce que chaque famille trouve son propre \u00e9quilibre. Je v\u00e9rifie mes informations aupr\u00e8s de sources fiables, surtout d\u00e8s qu'on touche \u00e0 la sant\u00e9 ou \u00e0 la s\u00e9curit\u00e9 de l'enfant, et je pr\u00e9cise quand un avis professionnel s'impose. J'\u00e9vite soigneusement la culpabilisation : \u00eatre parent est d\u00e9j\u00e0 assez exigeant. Mon ton se veut complice et bienveillant, un peu comme une discussion entre parents qui se comprennent. L'id\u00e9e est d'all\u00e9ger la charge mentale en donnant des solutions simples et test\u00e9es.\",\"sameAs\":[\"https:\\\/\\\/elodiemazeau.fr\\\/\"],\"url\":\"https:\\\/\\\/bart-et-lemy.com\\\/blog\\\/auteur\\\/noname\\\/\"}]}<\/script>\n<!-- \/ Yoast SEO Premium plugin. -->","yoast_head_json":{"title":"Les ondes des t\u00e9l\u00e9phones portables","description":"Les parents s'interrogent de plus en plus sur les effets potentiels de ces ondes sur la sant\u00e9 fragile de leurs enfants.","robots":{"index":"index","follow":"follow","max-snippet":"max-snippet:-1","max-image-preview":"max-image-preview:large","max-video-preview":"max-video-preview:-1"},"canonical":"https:\/\/bart-et-lemy.com\/blog\/a-la-une\/les-ondes-des-telephones-portables-ce-quil-faut-savoir-pour-les-bebes\/","og_locale":"fr_FR","og_type":"article","og_title":"Les ondes des t\u00e9l\u00e9phones portables","og_description":"Les parents s'interrogent de plus en plus sur les effets potentiels de ces ondes sur la sant\u00e9 fragile de leurs enfants.","og_url":"https:\/\/bart-et-lemy.com\/blog\/a-la-une\/les-ondes-des-telephones-portables-ce-quil-faut-savoir-pour-les-bebes\/","og_site_name":"bart-et-lemy.com","og_image":[{"width":1536,"height":640,"url":"https:\/\/bart-et-lemy.com\/blog\/wp-content\/uploads\/2025\/02\/sdxl-7aac1a2668b040c8eeb0d4e5687b548d.png","type":"image\/png"}],"author":"Elodie Mazeau","twitter_card":"summary_large_image","schema":{"@context":"https:\/\/schema.org","@graph":[{"@type":"NewsArticle","@id":"https:\/\/bart-et-lemy.com\/blog\/a-la-une\/les-ondes-des-telephones-portables-ce-quil-faut-savoir-pour-les-bebes\/#article","isPartOf":{"@id":"https:\/\/bart-et-lemy.com\/blog\/a-la-une\/les-ondes-des-telephones-portables-ce-quil-faut-savoir-pour-les-bebes\/"},"author":{"name":"Elodie Mazeau","@id":"https:\/\/bart-et-lemy.com\/blog\/#\/schema\/person\/3c864cdc320801e3db34b663e7e3f816"},"headline":"Les ondes des t\u00e9l\u00e9phones portables : ce qu&rsquo;il faut savoir pour les b\u00e9b\u00e9s","datePublished":"2025-02-23T16:19:00+00:00","mainEntityOfPage":{"@id":"https:\/\/bart-et-lemy.com\/blog\/a-la-une\/les-ondes-des-telephones-portables-ce-quil-faut-savoir-pour-les-bebes\/"},"wordCount":641,"commentCount":19,"publisher":{"@id":"https:\/\/bart-et-lemy.com\/blog\/#organization"},"image":{"@id":"https:\/\/bart-et-lemy.com\/blog\/a-la-une\/les-ondes-des-telephones-portables-ce-quil-faut-savoir-pour-les-bebes\/#primaryimage"},"thumbnailUrl":"https:\/\/bart-et-lemy.com\/blog\/wp-content\/uploads\/2025\/02\/sdxl-7aac1a2668b040c8eeb0d4e5687b548d.png","keywords":["B\u00e9b\u00e9s","\u00c9couteurs","Ondes","Parents","Pr\u00e9cautions","Sant\u00e9"],"articleSection":["\u00c0 la une"],"inLanguage":"fr-FR","potentialAction":[{"@type":"CommentAction","name":"Comment","target":["https:\/\/bart-et-lemy.com\/blog\/a-la-une\/les-ondes-des-telephones-portables-ce-quil-faut-savoir-pour-les-bebes\/#respond"]}]},{"@type":"WebPage","@id":"https:\/\/bart-et-lemy.com\/blog\/a-la-une\/les-ondes-des-telephones-portables-ce-quil-faut-savoir-pour-les-bebes\/","url":"https:\/\/bart-et-lemy.com\/blog\/a-la-une\/les-ondes-des-telephones-portables-ce-quil-faut-savoir-pour-les-bebes\/","name":"Les ondes des t\u00e9l\u00e9phones portables","isPartOf":{"@id":"https:\/\/bart-et-lemy.com\/blog\/#website"},"primaryImageOfPage":{"@id":"https:\/\/bart-et-lemy.com\/blog\/a-la-une\/les-ondes-des-telephones-portables-ce-quil-faut-savoir-pour-les-bebes\/#primaryimage"},"image":{"@id":"https:\/\/bart-et-lemy.com\/blog\/a-la-une\/les-ondes-des-telephones-portables-ce-quil-faut-savoir-pour-les-bebes\/#primaryimage"},"thumbnailUrl":"https:\/\/bart-et-lemy.com\/blog\/wp-content\/uploads\/2025\/02\/sdxl-7aac1a2668b040c8eeb0d4e5687b548d.png","datePublished":"2025-02-23T16:19:00+00:00","description":"Les parents s'interrogent de plus en plus sur les effets potentiels de ces ondes sur la sant\u00e9 fragile de leurs enfants.","inLanguage":"fr-FR","potentialAction":[{"@type":"ReadAction","target":["https:\/\/bart-et-lemy.com\/blog\/a-la-une\/les-ondes-des-telephones-portables-ce-quil-faut-savoir-pour-les-bebes\/"]}]},{"@type":"ImageObject","inLanguage":"fr-FR","@id":"https:\/\/bart-et-lemy.com\/blog\/a-la-une\/les-ondes-des-telephones-portables-ce-quil-faut-savoir-pour-les-bebes\/#primaryimage","url":"https:\/\/bart-et-lemy.com\/blog\/wp-content\/uploads\/2025\/02\/sdxl-7aac1a2668b040c8eeb0d4e5687b548d.png","contentUrl":"https:\/\/bart-et-lemy.com\/blog\/wp-content\/uploads\/2025\/02\/sdxl-7aac1a2668b040c8eeb0d4e5687b548d.png","width":1536,"height":640},{"@type":"WebSite","@id":"https:\/\/bart-et-lemy.com\/blog\/#website","url":"https:\/\/bart-et-lemy.com\/blog\/","name":"Bart et Lemy","description":"L\u2019originalit\u00e9 en toute libert\u00e9.","publisher":{"@id":"https:\/\/bart-et-lemy.com\/blog\/#organization"},"alternateName":"Conseils parentaux, astuces famille et bien-\u00eatre enfant","potentialAction":[{"@type":"SearchAction","target":{"@type":"EntryPoint","urlTemplate":"https:\/\/bart-et-lemy.com\/blog\/?s={search_term_string}"},"query-input":{"@type":"PropertyValueSpecification","valueRequired":true,"valueName":"search_term_string"}}],"inLanguage":"fr-FR"},{"@type":"Organization","@id":"https:\/\/bart-et-lemy.com\/blog\/#organization","name":"Bart et Lemy","alternateName":"bart-et-lemy.com","url":"https:\/\/bart-et-lemy.com\/blog\/","logo":{"@type":"ImageObject","inLanguage":"fr-FR","@id":"https:\/\/bart-et-lemy.com\/blog\/#\/schema\/logo\/image\/","url":"https:\/\/bart-et-lemy.com\/blog\/wp-content\/uploads\/2026\/07\/logo-auto.png","contentUrl":"https:\/\/bart-et-lemy.com\/blog\/wp-content\/uploads\/2026\/07\/logo-auto.png","width":1024,"height":1024,"caption":"Bart et Lemy"},"image":{"@id":"https:\/\/bart-et-lemy.com\/blog\/#\/schema\/logo\/image\/"}},{"@type":"Person","@id":"https:\/\/bart-et-lemy.com\/blog\/#\/schema\/person\/3c864cdc320801e3db34b663e7e3f816","name":"Elodie Mazeau","image":{"@type":"ImageObject","inLanguage":"fr-FR","@id":"https:\/\/bart-et-lemy.com\/blog\/wp-content\/uploads\/2026\/06\/persona_elodie-m-96x96.jpg","url":"https:\/\/bart-et-lemy.com\/blog\/wp-content\/uploads\/2026\/06\/persona_elodie-m-96x96.jpg","contentUrl":"https:\/\/bart-et-lemy.com\/blog\/wp-content\/uploads\/2026\/06\/persona_elodie-m-96x96.jpg","caption":"Elodie Mazeau"},"description":"J'\u00e9cris sur la parentalit\u00e9 telle qu'elle se vit vraiment, du premier biberon aux premi\u00e8res col\u00e8res. Mes sujets de pr\u00e9dilection couvrent le quotidien des familles : sommeil, alimentation, organisation, pu\u00e9riculture et ces petites gal\u00e8res que tout parent conna\u00eet. Depuis plusieurs ann\u00e9es, je m'attache \u00e0 proposer des rep\u00e8res concrets plut\u00f4t que des le\u00e7ons, parce que chaque famille trouve son propre \u00e9quilibre. Je v\u00e9rifie mes informations aupr\u00e8s de sources fiables, surtout d\u00e8s qu'on touche \u00e0 la sant\u00e9 ou \u00e0 la s\u00e9curit\u00e9 de l'enfant, et je pr\u00e9cise quand un avis professionnel s'impose. J'\u00e9vite soigneusement la culpabilisation : \u00eatre parent est d\u00e9j\u00e0 assez exigeant. Mon ton se veut complice et bienveillant, un peu comme une discussion entre parents qui se comprennent. L'id\u00e9e est d'all\u00e9ger la charge mentale en donnant des solutions simples et test\u00e9es.","sameAs":["https:\/\/elodiemazeau.fr\/"],"url":"https:\/\/bart-et-lemy.com\/blog\/auteur\/noname\/"}]}},"_links":{"self":[{"href":"https:\/\/bart-et-lemy.com\/blog\/wp-json\/wp\/v2\/posts\/8491","targetHints":{"allow":["GET"]}}],"collection":[{"href":"https:\/\/bart-et-lemy.com\/blog\/wp-json\/wp\/v2\/posts"}],"about":[{"href":"https:\/\/bart-et-lemy.com\/blog\/wp-json\/wp\/v2\/types\/post"}],"author":[{"embeddable":true,"href":"https:\/\/bart-et-lemy.com\/blog\/wp-json\/wp\/v2\/users\/34"}],"replies":[{"embeddable":true,"href":"https:\/\/bart-et-lemy.com\/blog\/wp-json\/wp\/v2\/comments?post=8491"}],"version-history":[{"count":1,"href":"https:\/\/bart-et-lemy.com\/blog\/wp-json\/wp\/v2\/posts\/8491\/revisions"}],"predecessor-version":[{"id":9616,"href":"https:\/\/bart-et-lemy.com\/blog\/wp-json\/wp\/v2\/posts\/8491\/revisions\/9616"}],"wp:featuredmedia":[{"embeddable":true,"href":"https:\/\/bart-et-lemy.com\/blog\/wp-json\/wp\/v2\/media\/9661"}],"wp:attachment":[{"href":"https:\/\/bart-et-lemy.com\/blog\/wp-json\/wp\/v2\/media?parent=8491"}],"wp:term":[{"taxonomy":"category","embeddable":true,"href":"https:\/\/bart-et-lemy.com\/blog\/wp-json\/wp\/v2\/categories?post=8491"},{"taxonomy":"post_tag","embeddable":true,"href":"https:\/\/bart-et-lemy.com\/blog\/wp-json\/wp\/v2\/tags?post=8491"}],"curies":[{"name":"wp","href":"https:\/\/api.w.org\/{rel}","templated":true}]}}