{"id":8508,"date":"2025-02-11T15:59:00","date_gmt":"2025-02-11T14:59:00","guid":{"rendered":"https:\/\/bart-et-lemy.com\/blog\/?p=8508"},"modified":"2025-02-10T16:27:09","modified_gmt":"2025-02-10T15:27:09","slug":"lattachement-intergenerationnel-comprendre-la-relation-entre-bebes-et-personnes-agees","status":"publish","type":"post","link":"https:\/\/bart-et-lemy.com\/blog\/a-la-une\/lattachement-intergenerationnel-comprendre-la-relation-entre-bebes-et-personnes-agees\/","title":{"rendered":"L&rsquo;attachement interg\u00e9n\u00e9rationnel : comprendre la relation entre b\u00e9b\u00e9s et personnes \u00e2g\u00e9es"},"content":{"rendered":"<h2>Introduction : l&rsquo;importance de l&rsquo;attachement<\/h2>\n<p>Comment se manifeste cette connexion entre les b\u00e9b\u00e9s et les personnes \u00e2g\u00e9es ? Cette question soul\u00e8ve des enjeux cruciaux, tant sur le plan \u00e9motionnel que psychologique. L&rsquo;attachement joue un r\u00f4le essentiel dans le d\u00e9veloppement des enfants et dans le bien-\u00eatre des personnes \u00e2g\u00e9es, cr\u00e9ant un lien qui enrichit les deux parties. Explorons cette dynamique fascinante.<\/p>\n<h2>D\u00e9finition de l&rsquo;attachement<\/h2>\n<p>L&rsquo;attachement se d\u00e9finit comme le lien affectif qui se d\u00e9veloppe entre un individu et une figure d&rsquo;attachement. Dans le cadre de la relation entre b\u00e9b\u00e9s et personnes \u00e2g\u00e9es, cet attachement peut se traduire par des interactions affectueuses, des \u00e9changes de regards et des gestes tendres.<\/p>\n<blockquote class=\"wp-embedded-content\" data-secret=\"3LpzbWYcD8\"><p><a href=\"https:\/\/bart-et-lemy.com\/blog\/a-la-une\/le-lien-precieux-entre-bebe-et-maman-une-aventure-unique\/\">Le lien pr\u00e9cieux entre b\u00e9b\u00e9 et maman : une aventure unique<\/a><\/p><\/blockquote>\n<p><iframe loading=\"lazy\" class=\"wp-embedded-content\" sandbox=\"allow-scripts\" security=\"restricted\" style=\"position: absolute; visibility: hidden;\" title=\"\u00ab\u00a0Le lien pr\u00e9cieux entre b\u00e9b\u00e9 et maman : une aventure unique\u00a0\u00bb &#8212; bart-et-lemy.com\" src=\"https:\/\/bart-et-lemy.com\/blog\/a-la-une\/le-lien-precieux-entre-bebe-et-maman-une-aventure-unique\/embed\/#?secret=sDHS2UbK3q#?secret=3LpzbWYcD8\" data-secret=\"3LpzbWYcD8\" width=\"600\" height=\"338\" frameborder=\"0\" marginwidth=\"0\" marginheight=\"0\" scrolling=\"no\"><\/iframe><\/p>\n<p>Les recherches montrent que ce lien interg\u00e9n\u00e9rationnel contribue \u00e0 la s\u00e9curit\u00e9 \u00e9motionnelle des jeunes enfants. De m\u00eame, il permet aux personnes \u00e2g\u00e9es de retrouver un sens d&rsquo;utilit\u00e9 et de connexion. En d&rsquo;autres termes, l&rsquo;attachement enrichit les vies des deux g\u00e9n\u00e9rations.<\/p>\n<h2>Les b\u00e9n\u00e9fices de l&rsquo;attachement entre g\u00e9n\u00e9rations<\/h2>\n<p>Les effets positifs de l&rsquo;attachement interg\u00e9n\u00e9rationnel sont multiples. Voici quelques avantages notables :<\/p>\n<ul>\n<li><strong>D\u00e9veloppement \u00e9motionnel :<\/strong> Les b\u00e9b\u00e9s qui interagissent avec des personnes \u00e2g\u00e9es montrent souvent une meilleure r\u00e9gulation \u00e9motionnelle.<\/li>\n<li><strong>Am\u00e9lioration des comp\u00e9tences sociales :<\/strong> Les enfants apprennent des comportements sociaux en observant et en interagissant avec les a\u00een\u00e9s.<\/li>\n<li><strong>Sentiment d&rsquo;appartenance :<\/strong> Les personnes \u00e2g\u00e9es se sentent valoris\u00e9es et reconnues, ce qui renforce leur estime de soi.<\/li>\n<\/ul>\n<h2>Impact sur le bien-\u00eatre psychologique<\/h2>\n<p>Les interactions entre b\u00e9b\u00e9s et personnes \u00e2g\u00e9es favorisent une atmosph\u00e8re de bien-\u00eatre. Les b\u00e9b\u00e9s apportent une joie et une vitalit\u00e9 qui illuminent la vie des a\u00een\u00e9s. En retour, les personnes \u00e2g\u00e9es offrent sagesse et r\u00e9confort. Ce cycle d&rsquo;\u00e9changes cr\u00e9e un environnement propice \u00e0 la sant\u00e9 mentale.<\/p>\n<blockquote class=\"wp-embedded-content\" data-secret=\"pAjjmZdK8W\"><p><a href=\"https:\/\/bart-et-lemy.com\/blog\/a-la-une\/les-couches-lavables-pour-bebe-un-choix-eco-responsable-et-economique\/\">Les couches lavables pour b\u00e9b\u00e9 : un choix \u00e9co-responsable et \u00e9conomique<\/a><\/p><\/blockquote>\n<p><iframe loading=\"lazy\" class=\"wp-embedded-content\" sandbox=\"allow-scripts\" security=\"restricted\" style=\"position: absolute; visibility: hidden;\" title=\"\u00ab\u00a0Les couches lavables pour b\u00e9b\u00e9 : un choix \u00e9co-responsable et \u00e9conomique\u00a0\u00bb &#8212; bart-et-lemy.com\" src=\"https:\/\/bart-et-lemy.com\/blog\/a-la-une\/les-couches-lavables-pour-bebe-un-choix-eco-responsable-et-economique\/embed\/#?secret=7l0uJwh5i2#?secret=pAjjmZdK8W\" data-secret=\"pAjjmZdK8W\" width=\"600\" height=\"338\" frameborder=\"0\" marginwidth=\"0\" marginheight=\"0\" scrolling=\"no\"><\/iframe><\/p>\n<p>Une \u00e9tude men\u00e9e par l&rsquo;Universit\u00e9 de Californie a r\u00e9v\u00e9l\u00e9 que les personnes \u00e2g\u00e9es ayant des interactions r\u00e9guli\u00e8res avec des enfants pr\u00e9sentent des niveaux de stress r\u00e9duits et un sentiment accru de satisfaction de vivre. Ces r\u00e9sultats soulignent l&rsquo;importance des relations interg\u00e9n\u00e9rationnelles dans le maintien d&rsquo;une bonne sant\u00e9 mentale.<\/p>\n<h2>Exemples d&rsquo;interactions interg\u00e9n\u00e9rationnelles<\/h2>\n<p>Les moments partag\u00e9s entre b\u00e9b\u00e9s et personnes \u00e2g\u00e9es peuvent prendre diverses formes. Voici quelques exemples inspirants :<\/p>\n<table>\n<tr>\n<th>Type d&rsquo;interaction<\/th>\n<th>Exemple<\/th>\n<th>B\u00e9n\u00e9fice<\/th>\n<\/tr>\n<tr>\n<td>Jeux<\/td>\n<td>Jouer \u00e0 des jeux de soci\u00e9t\u00e9<\/td>\n<td>Renforce les comp\u00e9tences cognitives des enfants<\/td>\n<\/tr>\n<tr>\n<td>Lecture<\/td>\n<td>Lire des histoires ensemble<\/td>\n<td>Stimule l&rsquo;imagination des petits<\/td>\n<\/tr>\n<tr>\n<td>Activit\u00e9s manuelles<\/td>\n<td>Cr\u00e9er des arts et m\u00e9tiers<\/td>\n<td>Encourage la cr\u00e9ativit\u00e9 et la motricit\u00e9 fine<\/td>\n<\/tr>\n<\/table>\n<h2>Conclusion : vers une soci\u00e9t\u00e9 interg\u00e9n\u00e9rationnelle<\/h2>\n<p>Favoriser les liens entre b\u00e9b\u00e9s et personnes \u00e2g\u00e9es constitue un pas vers une soci\u00e9t\u00e9 plus harmonieuse. En encourageant l&rsquo;attachement interg\u00e9n\u00e9rationnel, nous pouvons non seulement enrichir les vies des individus, mais aussi renforcer le tissu social. Investir dans ces relations s&rsquo;av\u00e8re b\u00e9n\u00e9fique pour toutes les g\u00e9n\u00e9rations, cr\u00e9ant ainsi un cercle vertueux de bien-\u00eatre et d&rsquo;\u00e9panouissement.<\/p>\n<h3>FAQ :<\/h3>\n<blockquote>\n<ul>\n<li><strong>Quel est le r\u00f4le de l&rsquo;attachement dans le d\u00e9veloppement des enfants ?Il favorise la s\u00e9curit\u00e9 \u00e9motionnelle et le d\u00e9veloppement social.<\/strong><\/li>\n<li><strong>Comment les personnes \u00e2g\u00e9es b\u00e9n\u00e9ficient-elles de ces interactions ?Elles retrouvent un sens d&rsquo;utilit\u00e9 et am\u00e9liorent leur bien-\u00eatre psychologique.<\/strong><\/li>\n<li><strong>Y a-t-il des programmes favorisant ces liens ?Oui, de nombreuses initiatives interg\u00e9n\u00e9rationnelles existent dans les \u00e9coles et les maisons de retraite.<\/strong><\/li>\n<li><strong>Quels types d&rsquo;activit\u00e9s peuvent renforcer ces liens ?Jeux, lecture, et activit\u00e9s manuelles sont particuli\u00e8rement efficaces.<\/strong><\/li>\n<\/ul>\n<\/blockquote>\n","protected":false},"excerpt":{"rendered":"","protected":false},"author":34,"featured_media":9610,"comment_status":"open","ping_status":"open","sticky":false,"template":"","format":"standard","meta":{"_acf_changed":false,"manual_indexmenow":false,"indexmenow_id_project":0,"footnotes":""},"categories":[1],"tags":[5224,2574,4805,3800,5244,5245],"class_list":["post-8508","post","type-post","status-publish","format-standard","has-post-thumbnail","hentry","category-a-la-une","tag-attachement","tag-bien-etre","tag-developpement","tag-emotions","tag-intergenerationnel","tag-relations","generate-columns","tablet-grid-50","mobile-grid-100","grid-parent","grid-25"],"acf":[],"yoast_head":"<!-- This site is optimized with the Yoast SEO Premium plugin v21.3 (Yoast SEO v27.3) - https:\/\/yoast.com\/product\/yoast-seo-premium-wordpress\/ -->\n<title>L&#039;attachement interg\u00e9n\u00e9rationnel<\/title>\n<meta name=\"description\" content=\"Comment se manifeste cette connexion entre les b\u00e9b\u00e9s et les personnes \u00e2g\u00e9es ? Cette question soul\u00e8ve des enjeux cruciaux, tant sur le plan \u00e9motionnel que\u2026\" \/>\n<meta name=\"robots\" content=\"index, follow, max-snippet:-1, max-image-preview:large, max-video-preview:-1\" \/>\n<link rel=\"canonical\" href=\"https:\/\/bart-et-lemy.com\/blog\/a-la-une\/lattachement-intergenerationnel-comprendre-la-relation-entre-bebes-et-personnes-agees\/\" \/>\n<meta property=\"og:locale\" content=\"fr_FR\" \/>\n<meta property=\"og:type\" content=\"article\" \/>\n<meta property=\"og:title\" content=\"L&#039;attachement interg\u00e9n\u00e9rationnel\" \/>\n<meta property=\"og:description\" content=\"Comment se manifeste cette connexion entre les b\u00e9b\u00e9s et les personnes \u00e2g\u00e9es ? Cette question soul\u00e8ve des enjeux cruciaux, tant sur le plan \u00e9motionnel que\u2026\" \/>\n<meta property=\"og:url\" content=\"https:\/\/bart-et-lemy.com\/blog\/a-la-une\/lattachement-intergenerationnel-comprendre-la-relation-entre-bebes-et-personnes-agees\/\" \/>\n<meta property=\"og:site_name\" content=\"bart-et-lemy.com\" \/>\n<meta property=\"og:image\" content=\"https:\/\/bart-et-lemy.com\/blog\/wp-content\/uploads\/2025\/02\/sdxl-288b60aab5d334a9213588367d1230b0.png\" \/>\n\t<meta property=\"og:image:width\" content=\"1536\" \/>\n\t<meta property=\"og:image:height\" content=\"640\" \/>\n\t<meta property=\"og:image:type\" content=\"image\/png\" \/>\n<meta name=\"author\" content=\"Elodie Mazeau\" \/>\n<meta name=\"twitter:card\" content=\"summary_large_image\" \/>\n<script type=\"application\/ld+json\" class=\"yoast-schema-graph\">{\"@context\":\"https:\\\/\\\/schema.org\",\"@graph\":[{\"@type\":\"NewsArticle\",\"@id\":\"https:\\\/\\\/bart-et-lemy.com\\\/blog\\\/a-la-une\\\/lattachement-intergenerationnel-comprendre-la-relation-entre-bebes-et-personnes-agees\\\/#article\",\"isPartOf\":{\"@id\":\"https:\\\/\\\/bart-et-lemy.com\\\/blog\\\/a-la-une\\\/lattachement-intergenerationnel-comprendre-la-relation-entre-bebes-et-personnes-agees\\\/\"},\"author\":{\"name\":\"Elodie Mazeau\",\"@id\":\"https:\\\/\\\/bart-et-lemy.com\\\/blog\\\/#\\\/schema\\\/person\\\/3c864cdc320801e3db34b663e7e3f816\"},\"headline\":\"L&rsquo;attachement interg\u00e9n\u00e9rationnel : comprendre la relation entre b\u00e9b\u00e9s et personnes \u00e2g\u00e9es\",\"datePublished\":\"2025-02-11T14:59:00+00:00\",\"mainEntityOfPage\":{\"@id\":\"https:\\\/\\\/bart-et-lemy.com\\\/blog\\\/a-la-une\\\/lattachement-intergenerationnel-comprendre-la-relation-entre-bebes-et-personnes-agees\\\/\"},\"wordCount\":664,\"commentCount\":18,\"publisher\":{\"@id\":\"https:\\\/\\\/bart-et-lemy.com\\\/blog\\\/#organization\"},\"image\":{\"@id\":\"https:\\\/\\\/bart-et-lemy.com\\\/blog\\\/a-la-une\\\/lattachement-intergenerationnel-comprendre-la-relation-entre-bebes-et-personnes-agees\\\/#primaryimage\"},\"thumbnailUrl\":\"https:\\\/\\\/bart-et-lemy.com\\\/blog\\\/wp-content\\\/uploads\\\/2025\\\/02\\\/sdxl-288b60aab5d334a9213588367d1230b0.png\",\"keywords\":[\"Attachement\",\"Bien-\u00catre\",\"D\u00e9veloppement\",\"\u00c9motions\",\"Interg\u00e9n\u00e9rationnel\",\"Relations\"],\"articleSection\":[\"\u00c0 la une\"],\"inLanguage\":\"fr-FR\",\"potentialAction\":[{\"@type\":\"CommentAction\",\"name\":\"Comment\",\"target\":[\"https:\\\/\\\/bart-et-lemy.com\\\/blog\\\/a-la-une\\\/lattachement-intergenerationnel-comprendre-la-relation-entre-bebes-et-personnes-agees\\\/#respond\"]}]},{\"@type\":\"WebPage\",\"@id\":\"https:\\\/\\\/bart-et-lemy.com\\\/blog\\\/a-la-une\\\/lattachement-intergenerationnel-comprendre-la-relation-entre-bebes-et-personnes-agees\\\/\",\"url\":\"https:\\\/\\\/bart-et-lemy.com\\\/blog\\\/a-la-une\\\/lattachement-intergenerationnel-comprendre-la-relation-entre-bebes-et-personnes-agees\\\/\",\"name\":\"L'attachement interg\u00e9n\u00e9rationnel\",\"isPartOf\":{\"@id\":\"https:\\\/\\\/bart-et-lemy.com\\\/blog\\\/#website\"},\"primaryImageOfPage\":{\"@id\":\"https:\\\/\\\/bart-et-lemy.com\\\/blog\\\/a-la-une\\\/lattachement-intergenerationnel-comprendre-la-relation-entre-bebes-et-personnes-agees\\\/#primaryimage\"},\"image\":{\"@id\":\"https:\\\/\\\/bart-et-lemy.com\\\/blog\\\/a-la-une\\\/lattachement-intergenerationnel-comprendre-la-relation-entre-bebes-et-personnes-agees\\\/#primaryimage\"},\"thumbnailUrl\":\"https:\\\/\\\/bart-et-lemy.com\\\/blog\\\/wp-content\\\/uploads\\\/2025\\\/02\\\/sdxl-288b60aab5d334a9213588367d1230b0.png\",\"datePublished\":\"2025-02-11T14:59:00+00:00\",\"description\":\"Comment se manifeste cette connexion entre les b\u00e9b\u00e9s et les personnes \u00e2g\u00e9es ? Cette question soul\u00e8ve des enjeux cruciaux, tant sur le plan \u00e9motionnel que\u2026\",\"inLanguage\":\"fr-FR\",\"potentialAction\":[{\"@type\":\"ReadAction\",\"target\":[\"https:\\\/\\\/bart-et-lemy.com\\\/blog\\\/a-la-une\\\/lattachement-intergenerationnel-comprendre-la-relation-entre-bebes-et-personnes-agees\\\/\"]}]},{\"@type\":\"ImageObject\",\"inLanguage\":\"fr-FR\",\"@id\":\"https:\\\/\\\/bart-et-lemy.com\\\/blog\\\/a-la-une\\\/lattachement-intergenerationnel-comprendre-la-relation-entre-bebes-et-personnes-agees\\\/#primaryimage\",\"url\":\"https:\\\/\\\/bart-et-lemy.com\\\/blog\\\/wp-content\\\/uploads\\\/2025\\\/02\\\/sdxl-288b60aab5d334a9213588367d1230b0.png\",\"contentUrl\":\"https:\\\/\\\/bart-et-lemy.com\\\/blog\\\/wp-content\\\/uploads\\\/2025\\\/02\\\/sdxl-288b60aab5d334a9213588367d1230b0.png\",\"width\":1536,\"height\":640},{\"@type\":\"WebSite\",\"@id\":\"https:\\\/\\\/bart-et-lemy.com\\\/blog\\\/#website\",\"url\":\"https:\\\/\\\/bart-et-lemy.com\\\/blog\\\/\",\"name\":\"Bart et Lemy\",\"description\":\"L\u2019originalit\u00e9 en toute libert\u00e9.\",\"publisher\":{\"@id\":\"https:\\\/\\\/bart-et-lemy.com\\\/blog\\\/#organization\"},\"alternateName\":\"Conseils parentaux, astuces famille et bien-\u00eatre enfant\",\"potentialAction\":[{\"@type\":\"SearchAction\",\"target\":{\"@type\":\"EntryPoint\",\"urlTemplate\":\"https:\\\/\\\/bart-et-lemy.com\\\/blog\\\/?s={search_term_string}\"},\"query-input\":{\"@type\":\"PropertyValueSpecification\",\"valueRequired\":true,\"valueName\":\"search_term_string\"}}],\"inLanguage\":\"fr-FR\"},{\"@type\":\"Organization\",\"@id\":\"https:\\\/\\\/bart-et-lemy.com\\\/blog\\\/#organization\",\"name\":\"Bart et Lemy\",\"alternateName\":\"bart-et-lemy.com\",\"url\":\"https:\\\/\\\/bart-et-lemy.com\\\/blog\\\/\",\"logo\":{\"@type\":\"ImageObject\",\"inLanguage\":\"fr-FR\",\"@id\":\"https:\\\/\\\/bart-et-lemy.com\\\/blog\\\/#\\\/schema\\\/logo\\\/image\\\/\",\"url\":\"https:\\\/\\\/bart-et-lemy.com\\\/blog\\\/wp-content\\\/uploads\\\/2026\\\/07\\\/logo-auto.png\",\"contentUrl\":\"https:\\\/\\\/bart-et-lemy.com\\\/blog\\\/wp-content\\\/uploads\\\/2026\\\/07\\\/logo-auto.png\",\"width\":1024,\"height\":1024,\"caption\":\"Bart et Lemy\"},\"image\":{\"@id\":\"https:\\\/\\\/bart-et-lemy.com\\\/blog\\\/#\\\/schema\\\/logo\\\/image\\\/\"}},{\"@type\":\"Person\",\"@id\":\"https:\\\/\\\/bart-et-lemy.com\\\/blog\\\/#\\\/schema\\\/person\\\/3c864cdc320801e3db34b663e7e3f816\",\"name\":\"Elodie Mazeau\",\"image\":{\"@type\":\"ImageObject\",\"inLanguage\":\"fr-FR\",\"@id\":\"https:\\\/\\\/bart-et-lemy.com\\\/blog\\\/wp-content\\\/uploads\\\/2026\\\/06\\\/persona_elodie-m-96x96.jpg\",\"url\":\"https:\\\/\\\/bart-et-lemy.com\\\/blog\\\/wp-content\\\/uploads\\\/2026\\\/06\\\/persona_elodie-m-96x96.jpg\",\"contentUrl\":\"https:\\\/\\\/bart-et-lemy.com\\\/blog\\\/wp-content\\\/uploads\\\/2026\\\/06\\\/persona_elodie-m-96x96.jpg\",\"caption\":\"Elodie Mazeau\"},\"description\":\"J'\u00e9cris sur la parentalit\u00e9 telle qu'elle se vit vraiment, du premier biberon aux premi\u00e8res col\u00e8res. Mes sujets de pr\u00e9dilection couvrent le quotidien des familles : sommeil, alimentation, organisation, pu\u00e9riculture et ces petites gal\u00e8res que tout parent conna\u00eet. Depuis plusieurs ann\u00e9es, je m'attache \u00e0 proposer des rep\u00e8res concrets plut\u00f4t que des le\u00e7ons, parce que chaque famille trouve son propre \u00e9quilibre. Je v\u00e9rifie mes informations aupr\u00e8s de sources fiables, surtout d\u00e8s qu'on touche \u00e0 la sant\u00e9 ou \u00e0 la s\u00e9curit\u00e9 de l'enfant, et je pr\u00e9cise quand un avis professionnel s'impose. J'\u00e9vite soigneusement la culpabilisation : \u00eatre parent est d\u00e9j\u00e0 assez exigeant. Mon ton se veut complice et bienveillant, un peu comme une discussion entre parents qui se comprennent. L'id\u00e9e est d'all\u00e9ger la charge mentale en donnant des solutions simples et test\u00e9es.\",\"sameAs\":[\"https:\\\/\\\/elodiemazeau.fr\\\/\"],\"url\":\"https:\\\/\\\/bart-et-lemy.com\\\/blog\\\/auteur\\\/noname\\\/\"}]}<\/script>\n<!-- \/ Yoast SEO Premium plugin. -->","yoast_head_json":{"title":"L'attachement interg\u00e9n\u00e9rationnel","description":"Comment se manifeste cette connexion entre les b\u00e9b\u00e9s et les personnes \u00e2g\u00e9es ? Cette question soul\u00e8ve des enjeux cruciaux, tant sur le plan \u00e9motionnel que\u2026","robots":{"index":"index","follow":"follow","max-snippet":"max-snippet:-1","max-image-preview":"max-image-preview:large","max-video-preview":"max-video-preview:-1"},"canonical":"https:\/\/bart-et-lemy.com\/blog\/a-la-une\/lattachement-intergenerationnel-comprendre-la-relation-entre-bebes-et-personnes-agees\/","og_locale":"fr_FR","og_type":"article","og_title":"L'attachement interg\u00e9n\u00e9rationnel","og_description":"Comment se manifeste cette connexion entre les b\u00e9b\u00e9s et les personnes \u00e2g\u00e9es ? Cette question soul\u00e8ve des enjeux cruciaux, tant sur le plan \u00e9motionnel que\u2026","og_url":"https:\/\/bart-et-lemy.com\/blog\/a-la-une\/lattachement-intergenerationnel-comprendre-la-relation-entre-bebes-et-personnes-agees\/","og_site_name":"bart-et-lemy.com","og_image":[{"width":1536,"height":640,"url":"https:\/\/bart-et-lemy.com\/blog\/wp-content\/uploads\/2025\/02\/sdxl-288b60aab5d334a9213588367d1230b0.png","type":"image\/png"}],"author":"Elodie Mazeau","twitter_card":"summary_large_image","schema":{"@context":"https:\/\/schema.org","@graph":[{"@type":"NewsArticle","@id":"https:\/\/bart-et-lemy.com\/blog\/a-la-une\/lattachement-intergenerationnel-comprendre-la-relation-entre-bebes-et-personnes-agees\/#article","isPartOf":{"@id":"https:\/\/bart-et-lemy.com\/blog\/a-la-une\/lattachement-intergenerationnel-comprendre-la-relation-entre-bebes-et-personnes-agees\/"},"author":{"name":"Elodie Mazeau","@id":"https:\/\/bart-et-lemy.com\/blog\/#\/schema\/person\/3c864cdc320801e3db34b663e7e3f816"},"headline":"L&rsquo;attachement interg\u00e9n\u00e9rationnel : comprendre la relation entre b\u00e9b\u00e9s et personnes \u00e2g\u00e9es","datePublished":"2025-02-11T14:59:00+00:00","mainEntityOfPage":{"@id":"https:\/\/bart-et-lemy.com\/blog\/a-la-une\/lattachement-intergenerationnel-comprendre-la-relation-entre-bebes-et-personnes-agees\/"},"wordCount":664,"commentCount":18,"publisher":{"@id":"https:\/\/bart-et-lemy.com\/blog\/#organization"},"image":{"@id":"https:\/\/bart-et-lemy.com\/blog\/a-la-une\/lattachement-intergenerationnel-comprendre-la-relation-entre-bebes-et-personnes-agees\/#primaryimage"},"thumbnailUrl":"https:\/\/bart-et-lemy.com\/blog\/wp-content\/uploads\/2025\/02\/sdxl-288b60aab5d334a9213588367d1230b0.png","keywords":["Attachement","Bien-\u00catre","D\u00e9veloppement","\u00c9motions","Interg\u00e9n\u00e9rationnel","Relations"],"articleSection":["\u00c0 la une"],"inLanguage":"fr-FR","potentialAction":[{"@type":"CommentAction","name":"Comment","target":["https:\/\/bart-et-lemy.com\/blog\/a-la-une\/lattachement-intergenerationnel-comprendre-la-relation-entre-bebes-et-personnes-agees\/#respond"]}]},{"@type":"WebPage","@id":"https:\/\/bart-et-lemy.com\/blog\/a-la-une\/lattachement-intergenerationnel-comprendre-la-relation-entre-bebes-et-personnes-agees\/","url":"https:\/\/bart-et-lemy.com\/blog\/a-la-une\/lattachement-intergenerationnel-comprendre-la-relation-entre-bebes-et-personnes-agees\/","name":"L'attachement interg\u00e9n\u00e9rationnel","isPartOf":{"@id":"https:\/\/bart-et-lemy.com\/blog\/#website"},"primaryImageOfPage":{"@id":"https:\/\/bart-et-lemy.com\/blog\/a-la-une\/lattachement-intergenerationnel-comprendre-la-relation-entre-bebes-et-personnes-agees\/#primaryimage"},"image":{"@id":"https:\/\/bart-et-lemy.com\/blog\/a-la-une\/lattachement-intergenerationnel-comprendre-la-relation-entre-bebes-et-personnes-agees\/#primaryimage"},"thumbnailUrl":"https:\/\/bart-et-lemy.com\/blog\/wp-content\/uploads\/2025\/02\/sdxl-288b60aab5d334a9213588367d1230b0.png","datePublished":"2025-02-11T14:59:00+00:00","description":"Comment se manifeste cette connexion entre les b\u00e9b\u00e9s et les personnes \u00e2g\u00e9es ? Cette question soul\u00e8ve des enjeux cruciaux, tant sur le plan \u00e9motionnel que\u2026","inLanguage":"fr-FR","potentialAction":[{"@type":"ReadAction","target":["https:\/\/bart-et-lemy.com\/blog\/a-la-une\/lattachement-intergenerationnel-comprendre-la-relation-entre-bebes-et-personnes-agees\/"]}]},{"@type":"ImageObject","inLanguage":"fr-FR","@id":"https:\/\/bart-et-lemy.com\/blog\/a-la-une\/lattachement-intergenerationnel-comprendre-la-relation-entre-bebes-et-personnes-agees\/#primaryimage","url":"https:\/\/bart-et-lemy.com\/blog\/wp-content\/uploads\/2025\/02\/sdxl-288b60aab5d334a9213588367d1230b0.png","contentUrl":"https:\/\/bart-et-lemy.com\/blog\/wp-content\/uploads\/2025\/02\/sdxl-288b60aab5d334a9213588367d1230b0.png","width":1536,"height":640},{"@type":"WebSite","@id":"https:\/\/bart-et-lemy.com\/blog\/#website","url":"https:\/\/bart-et-lemy.com\/blog\/","name":"Bart et Lemy","description":"L\u2019originalit\u00e9 en toute libert\u00e9.","publisher":{"@id":"https:\/\/bart-et-lemy.com\/blog\/#organization"},"alternateName":"Conseils parentaux, astuces famille et bien-\u00eatre enfant","potentialAction":[{"@type":"SearchAction","target":{"@type":"EntryPoint","urlTemplate":"https:\/\/bart-et-lemy.com\/blog\/?s={search_term_string}"},"query-input":{"@type":"PropertyValueSpecification","valueRequired":true,"valueName":"search_term_string"}}],"inLanguage":"fr-FR"},{"@type":"Organization","@id":"https:\/\/bart-et-lemy.com\/blog\/#organization","name":"Bart et Lemy","alternateName":"bart-et-lemy.com","url":"https:\/\/bart-et-lemy.com\/blog\/","logo":{"@type":"ImageObject","inLanguage":"fr-FR","@id":"https:\/\/bart-et-lemy.com\/blog\/#\/schema\/logo\/image\/","url":"https:\/\/bart-et-lemy.com\/blog\/wp-content\/uploads\/2026\/07\/logo-auto.png","contentUrl":"https:\/\/bart-et-lemy.com\/blog\/wp-content\/uploads\/2026\/07\/logo-auto.png","width":1024,"height":1024,"caption":"Bart et Lemy"},"image":{"@id":"https:\/\/bart-et-lemy.com\/blog\/#\/schema\/logo\/image\/"}},{"@type":"Person","@id":"https:\/\/bart-et-lemy.com\/blog\/#\/schema\/person\/3c864cdc320801e3db34b663e7e3f816","name":"Elodie Mazeau","image":{"@type":"ImageObject","inLanguage":"fr-FR","@id":"https:\/\/bart-et-lemy.com\/blog\/wp-content\/uploads\/2026\/06\/persona_elodie-m-96x96.jpg","url":"https:\/\/bart-et-lemy.com\/blog\/wp-content\/uploads\/2026\/06\/persona_elodie-m-96x96.jpg","contentUrl":"https:\/\/bart-et-lemy.com\/blog\/wp-content\/uploads\/2026\/06\/persona_elodie-m-96x96.jpg","caption":"Elodie Mazeau"},"description":"J'\u00e9cris sur la parentalit\u00e9 telle qu'elle se vit vraiment, du premier biberon aux premi\u00e8res col\u00e8res. Mes sujets de pr\u00e9dilection couvrent le quotidien des familles : sommeil, alimentation, organisation, pu\u00e9riculture et ces petites gal\u00e8res que tout parent conna\u00eet. Depuis plusieurs ann\u00e9es, je m'attache \u00e0 proposer des rep\u00e8res concrets plut\u00f4t que des le\u00e7ons, parce que chaque famille trouve son propre \u00e9quilibre. Je v\u00e9rifie mes informations aupr\u00e8s de sources fiables, surtout d\u00e8s qu'on touche \u00e0 la sant\u00e9 ou \u00e0 la s\u00e9curit\u00e9 de l'enfant, et je pr\u00e9cise quand un avis professionnel s'impose. J'\u00e9vite soigneusement la culpabilisation : \u00eatre parent est d\u00e9j\u00e0 assez exigeant. Mon ton se veut complice et bienveillant, un peu comme une discussion entre parents qui se comprennent. L'id\u00e9e est d'all\u00e9ger la charge mentale en donnant des solutions simples et test\u00e9es.","sameAs":["https:\/\/elodiemazeau.fr\/"],"url":"https:\/\/bart-et-lemy.com\/blog\/auteur\/noname\/"}]}},"_links":{"self":[{"href":"https:\/\/bart-et-lemy.com\/blog\/wp-json\/wp\/v2\/posts\/8508","targetHints":{"allow":["GET"]}}],"collection":[{"href":"https:\/\/bart-et-lemy.com\/blog\/wp-json\/wp\/v2\/posts"}],"about":[{"href":"https:\/\/bart-et-lemy.com\/blog\/wp-json\/wp\/v2\/types\/post"}],"author":[{"embeddable":true,"href":"https:\/\/bart-et-lemy.com\/blog\/wp-json\/wp\/v2\/users\/34"}],"replies":[{"embeddable":true,"href":"https:\/\/bart-et-lemy.com\/blog\/wp-json\/wp\/v2\/comments?post=8508"}],"version-history":[{"count":1,"href":"https:\/\/bart-et-lemy.com\/blog\/wp-json\/wp\/v2\/posts\/8508\/revisions"}],"predecessor-version":[{"id":9214,"href":"https:\/\/bart-et-lemy.com\/blog\/wp-json\/wp\/v2\/posts\/8508\/revisions\/9214"}],"wp:featuredmedia":[{"embeddable":true,"href":"https:\/\/bart-et-lemy.com\/blog\/wp-json\/wp\/v2\/media\/9610"}],"wp:attachment":[{"href":"https:\/\/bart-et-lemy.com\/blog\/wp-json\/wp\/v2\/media?parent=8508"}],"wp:term":[{"taxonomy":"category","embeddable":true,"href":"https:\/\/bart-et-lemy.com\/blog\/wp-json\/wp\/v2\/categories?post=8508"},{"taxonomy":"post_tag","embeddable":true,"href":"https:\/\/bart-et-lemy.com\/blog\/wp-json\/wp\/v2\/tags?post=8508"}],"curies":[{"name":"wp","href":"https:\/\/api.w.org\/{rel}","templated":true}]}}