{"id":8532,"date":"2025-02-12T18:39:00","date_gmt":"2025-02-12T17:39:00","guid":{"rendered":"https:\/\/bart-et-lemy.com\/blog\/?p=8532"},"modified":"2025-02-10T16:30:08","modified_gmt":"2025-02-10T15:30:08","slug":"bonnet-anti-ondes-pour-bebe-securite-et-confort-au-quotidien","status":"publish","type":"post","link":"https:\/\/bart-et-lemy.com\/blog\/a-la-une\/bonnet-anti-ondes-pour-bebe-securite-et-confort-au-quotidien\/","title":{"rendered":"Bonnet anti-ondes pour b\u00e9b\u00e9 : s\u00e9curit\u00e9 et confort au quotidien"},"content":{"rendered":"<h2>Introduction : pourquoi se pr\u00e9occuper des ondes pour les b\u00e9b\u00e9s ?<\/h2>\n<p>Les parents souhaitent le meilleur pour leurs enfants, et cela inclut la protection contre d\u2019\u00e9ventuels dangers invisibles. Les bonnets anti-ondes pour b\u00e9b\u00e9s se pr\u00e9sentent comme une solution innovante pour apaiser les inqui\u00e9tudes li\u00e9es \u00e0 l&rsquo;exposition aux ondes.<\/p>\n<h2>D\u00e9finition et fonctionnement des bonnets anti-ondes<\/h2>\n<p>Les bonnets anti-ondes sont con\u00e7us pour r\u00e9duire l&rsquo;exposition des b\u00e9b\u00e9s aux ondes \u00e9lectromagn\u00e9tiques \u00e9mises par les appareils \u00e9lectroniques. Fabriqu\u00e9s \u00e0 partir de mat\u00e9riaux sp\u00e9ciaux, souvent m\u00e9tallis\u00e9s, ces bonnets agissent comme une barri\u00e8re, filtrant une partie des ondes qui pourraient atteindre le cr\u00e2ne d\u00e9licat des nourrissons.<\/p>\n<blockquote class=\"wp-embedded-content\" data-secret=\"ssfdymn8Eh\"><p><a href=\"https:\/\/bart-et-lemy.com\/blog\/a-la-une\/les-couches-lavables-pour-bebe-un-choix-eco-responsable-et-economique\/\">Les couches lavables pour b\u00e9b\u00e9 : un choix \u00e9co-responsable et \u00e9conomique<\/a><\/p><\/blockquote>\n<p><iframe loading=\"lazy\" class=\"wp-embedded-content\" sandbox=\"allow-scripts\" security=\"restricted\" style=\"position: absolute; visibility: hidden;\" title=\"\u00ab\u00a0Les couches lavables pour b\u00e9b\u00e9 : un choix \u00e9co-responsable et \u00e9conomique\u00a0\u00bb &#8212; bart-et-lemy.com\" src=\"https:\/\/bart-et-lemy.com\/blog\/a-la-une\/les-couches-lavables-pour-bebe-un-choix-eco-responsable-et-economique\/embed\/#?secret=NPLF6kBnqe#?secret=ssfdymn8Eh\" data-secret=\"ssfdymn8Eh\" width=\"600\" height=\"338\" frameborder=\"0\" marginwidth=\"0\" marginheight=\"0\" scrolling=\"no\"><\/iframe><\/p>\n<p>Le principe de fonctionnement repose sur la r\u00e9flexion et l&rsquo;absorption des ondes. Par exemple, les tissus utilis\u00e9s peuvent contenir des fils de cuivre ou d&rsquo;argent, qui sont reconnus pour leur capacit\u00e9 \u00e0 interf\u00e9rer avec les champs \u00e9lectromagn\u00e9tiques. Ainsi, ces bonnets offrent une protection suppl\u00e9mentaire, particuli\u00e8rement dans un environnement satur\u00e9 d&rsquo;appareils connect\u00e9s.<\/p>\n<h2>Les avantages des bonnets anti-ondes<\/h2>\n<p>Investir dans un bonnet anti-ondes peut sembler superflu, mais plusieurs raisons justifient cet achat. Voici quelques avantages notables :<\/p>\n<blockquote class=\"wp-embedded-content\" data-secret=\"0xIRhehoq1\"><p><a href=\"https:\/\/bart-et-lemy.com\/blog\/a-la-une\/le-lien-precieux-entre-bebe-et-maman-une-aventure-unique\/\">Le lien pr\u00e9cieux entre b\u00e9b\u00e9 et maman : une aventure unique<\/a><\/p><\/blockquote>\n<p><iframe loading=\"lazy\" class=\"wp-embedded-content\" sandbox=\"allow-scripts\" security=\"restricted\" style=\"position: absolute; visibility: hidden;\" title=\"\u00ab\u00a0Le lien pr\u00e9cieux entre b\u00e9b\u00e9 et maman : une aventure unique\u00a0\u00bb &#8212; bart-et-lemy.com\" src=\"https:\/\/bart-et-lemy.com\/blog\/a-la-une\/le-lien-precieux-entre-bebe-et-maman-une-aventure-unique\/embed\/#?secret=9j8HcQkQYI#?secret=0xIRhehoq1\" data-secret=\"0xIRhehoq1\" width=\"600\" height=\"338\" frameborder=\"0\" marginwidth=\"0\" marginheight=\"0\" scrolling=\"no\"><\/iframe><\/p>\n<ul>\n<li><strong>Protection accrue<\/strong> : Limiter l&rsquo;exposition aux ondes peut r\u00e9duire les risques potentiels pour le d\u00e9veloppement du cerveau des b\u00e9b\u00e9s.<\/li>\n<li><strong>Confort<\/strong> : Ces bonnets sont souvent con\u00e7us pour \u00eatre doux et agr\u00e9ables \u00e0 porter, ne g\u00eanant pas le sommeil ou les activit\u00e9s quotidiennes.<\/li>\n<li><strong>Esth\u00e9tique<\/strong> : Disponibles dans divers styles et couleurs, ils peuvent \u00e9galement \u00eatre un accessoire de mode pour les tout-petits.<\/li>\n<\/ul>\n<h2>Les limites de la protection<\/h2>\n<p>Il est important de noter que, bien que les bonnets anti-ondes puissent offrir une certaine protection, ils ne constituent pas un rem\u00e8de miracle. Voici quelques points \u00e0 consid\u00e9rer :<\/p>\n<ul>\n<li><strong>Ils ne prot\u00e8gent pas totalement<\/strong> : Aucune solution ne peut garantir une protection compl\u00e8te contre toutes les sources d&rsquo;ondes.<\/li>\n<li><strong>Usage mod\u00e9r\u00e9<\/strong> : Les bonnets doivent \u00eatre utilis\u00e9s judicieusement, en compl\u00e9ment d&rsquo;autres pratiques telles que limiter l&rsquo;utilisation d&rsquo;appareils \u00e9lectroniques \u00e0 proximit\u00e9 des b\u00e9b\u00e9s.<\/li>\n<li><strong>Pas d&rsquo;\u00e9tudes concluantes<\/strong> : La recherche sur les effets des ondes \u00e9lectromagn\u00e9tiques sur les nourrissons est encore en cours, et les r\u00e9sultats sont parfois contradictoires.<\/li>\n<\/ul>\n<h2>Guide pratique pour choisir un bonnet anti-ondes<\/h2>\n<p>Choisir un bonnet anti-ondes pour votre b\u00e9b\u00e9 n\u00e9cessite quelques r\u00e9flexions. Voici un guide pratique pour vous aider :<\/p>\n<li><strong>V\u00e9rifiez les mat\u00e9riaux<\/strong> : Assurez-vous que le bonnet est fabriqu\u00e9 \u00e0 partir de tissus adapt\u00e9s, sans substances nocives.<\/li>\n<li><strong>Confort avant tout<\/strong> : Privil\u00e9giez des designs doux et extensibles pour ne pas g\u00eaner le confort de votre enfant.<\/li>\n<li><strong>Consultez des avis<\/strong> : Recherchez des retours d&rsquo;exp\u00e9rience d&rsquo;autres parents pour \u00e9valuer l&rsquo;efficacit\u00e9 et la qualit\u00e9 du produit.<\/li>\n<h2>Conclusion : une option \u00e0 consid\u00e9rer<\/h2>\n<p>Les bonnets anti-ondes pour b\u00e9b\u00e9s repr\u00e9sentent une solution int\u00e9ressante pour les parents soucieux de la sant\u00e9 de leurs enfants. Bien qu\u2019ils ne remplacent pas une vigilance quotidienne quant \u00e0 l\u2019utilisation des appareils \u00e9lectroniques, ils offrent une protection suppl\u00e9mentaire appr\u00e9ciable. En int\u00e9grant ces bonnets dans une routine s\u00e9curis\u00e9e, les parents peuvent contribuer \u00e0 cr\u00e9er un environnement plus sain pour leurs tout-petits.<\/p>\n<table>\n<tr>\n<th>Caract\u00e9ristique<\/th>\n<th>Avantage<\/th>\n<th>Limite<\/th>\n<\/tr>\n<tr>\n<td>Mat\u00e9riaux sp\u00e9ciaux<\/td>\n<td>R\u00e9duction des ondes<\/td>\n<td>Pas de protection totale<\/td>\n<\/tr>\n<tr>\n<td>Confort<\/td>\n<td>Facile \u00e0 porter<\/td>\n<td>Peut ne pas convenir \u00e0 tous<\/td>\n<\/tr>\n<tr>\n<td>Design vari\u00e9<\/td>\n<td>Esth\u00e9tique plaisante<\/td>\n<td>Peut \u00eatre per\u00e7u comme un accessoire<\/td>\n<\/tr>\n<\/table>\n<h3>FAQ :<\/h3>\n<blockquote>\n<ul>\n<li><strong>Les bonnets anti-ondes sont-ils efficaces ?<\/strong>Ils peuvent r\u00e9duire l&rsquo;exposition, mais ne garantissent pas une protection compl\u00e8te.<\/li>\n<li><strong>Peut-on utiliser un bonnet anti-ondes toute la journ\u00e9e ?<\/strong>Il est conseill\u00e9 de l&rsquo;utiliser par intermittence, en compl\u00e9ment d&rsquo;autres pr\u00e9cautions.<\/li>\n<li><strong>Y a-t-il des risques d&rsquo;allergie ?<\/strong>V\u00e9rifiez toujours la composition pour \u00e9viter les allergies aux mat\u00e9riaux utilis\u00e9s.<\/li>\n<li><strong>O\u00f9 acheter un bonnet anti-ondes ?<\/strong>Ces bonnets sont disponibles en ligne et dans certains magasins sp\u00e9cialis\u00e9s.<\/li>\n<\/ul>\n<\/blockquote>\n","protected":false},"excerpt":{"rendered":"","protected":false},"author":34,"featured_media":9698,"comment_status":"open","ping_status":"open","sticky":false,"template":"","format":"standard","meta":{"_acf_changed":false,"manual_indexmenow":false,"indexmenow_id_project":0,"footnotes":""},"categories":[1],"tags":[5305,3747,4341,5306,3878,5307],"class_list":["post-8532","post","type-post","status-publish","format-standard","has-post-thumbnail","hentry","category-a-la-une","tag-bonnet-anti-ondes","tag-confort","tag-esthetique","tag-materiaux-speciaux","tag-protection","tag-reduction-des-ondes","generate-columns","tablet-grid-50","mobile-grid-100","grid-parent","grid-25"],"acf":[],"yoast_head":"<!-- This site is optimized with the Yoast SEO Premium plugin v21.3 (Yoast SEO v27.3) - https:\/\/yoast.com\/product\/yoast-seo-premium-wordpress\/ -->\n<title>Bonnet anti-ondes pour b\u00e9b\u00e9<\/title>\n<meta name=\"description\" content=\"Les parents souhaitent le meilleur pour leurs enfants, et cela inclut la protection contre d\u2019\u00e9ventuels dangers invisibles.\" \/>\n<meta name=\"robots\" content=\"index, follow, max-snippet:-1, max-image-preview:large, max-video-preview:-1\" \/>\n<link rel=\"canonical\" href=\"https:\/\/bart-et-lemy.com\/blog\/a-la-une\/bonnet-anti-ondes-pour-bebe-securite-et-confort-au-quotidien\/\" \/>\n<meta property=\"og:locale\" content=\"fr_FR\" \/>\n<meta property=\"og:type\" content=\"article\" \/>\n<meta property=\"og:title\" content=\"Bonnet anti-ondes pour b\u00e9b\u00e9\" \/>\n<meta property=\"og:description\" content=\"Les parents souhaitent le meilleur pour leurs enfants, et cela inclut la protection contre d\u2019\u00e9ventuels dangers invisibles.\" \/>\n<meta property=\"og:url\" content=\"https:\/\/bart-et-lemy.com\/blog\/a-la-une\/bonnet-anti-ondes-pour-bebe-securite-et-confort-au-quotidien\/\" \/>\n<meta property=\"og:site_name\" content=\"bart-et-lemy.com\" \/>\n<meta property=\"og:image\" content=\"https:\/\/bart-et-lemy.com\/blog\/wp-content\/uploads\/2025\/02\/sdxl-f88d4b79b62765cd7314d6511ba8f66f.png\" \/>\n\t<meta property=\"og:image:width\" content=\"1536\" \/>\n\t<meta property=\"og:image:height\" content=\"640\" \/>\n\t<meta property=\"og:image:type\" content=\"image\/png\" \/>\n<meta name=\"author\" content=\"Elodie Mazeau\" \/>\n<meta name=\"twitter:card\" content=\"summary_large_image\" \/>\n<script type=\"application\/ld+json\" class=\"yoast-schema-graph\">{\"@context\":\"https:\\\/\\\/schema.org\",\"@graph\":[{\"@type\":\"NewsArticle\",\"@id\":\"https:\\\/\\\/bart-et-lemy.com\\\/blog\\\/a-la-une\\\/bonnet-anti-ondes-pour-bebe-securite-et-confort-au-quotidien\\\/#article\",\"isPartOf\":{\"@id\":\"https:\\\/\\\/bart-et-lemy.com\\\/blog\\\/a-la-une\\\/bonnet-anti-ondes-pour-bebe-securite-et-confort-au-quotidien\\\/\"},\"author\":{\"name\":\"Elodie Mazeau\",\"@id\":\"https:\\\/\\\/bart-et-lemy.com\\\/blog\\\/#\\\/schema\\\/person\\\/3c864cdc320801e3db34b663e7e3f816\"},\"headline\":\"Bonnet anti-ondes pour b\u00e9b\u00e9 : s\u00e9curit\u00e9 et confort au quotidien\",\"datePublished\":\"2025-02-12T17:39:00+00:00\",\"mainEntityOfPage\":{\"@id\":\"https:\\\/\\\/bart-et-lemy.com\\\/blog\\\/a-la-une\\\/bonnet-anti-ondes-pour-bebe-securite-et-confort-au-quotidien\\\/\"},\"wordCount\":684,\"commentCount\":18,\"publisher\":{\"@id\":\"https:\\\/\\\/bart-et-lemy.com\\\/blog\\\/#organization\"},\"image\":{\"@id\":\"https:\\\/\\\/bart-et-lemy.com\\\/blog\\\/a-la-une\\\/bonnet-anti-ondes-pour-bebe-securite-et-confort-au-quotidien\\\/#primaryimage\"},\"thumbnailUrl\":\"https:\\\/\\\/bart-et-lemy.com\\\/blog\\\/wp-content\\\/uploads\\\/2025\\\/02\\\/sdxl-f88d4b79b62765cd7314d6511ba8f66f.png\",\"keywords\":[\"Bonnet Anti-Ondes\",\"Confort\",\"Esth\u00e9tique\",\"Mat\u00e9riaux Sp\u00e9ciaux\",\"Protection\",\"R\u00e9duction des Ondes\"],\"articleSection\":[\"\u00c0 la une\"],\"inLanguage\":\"fr-FR\",\"potentialAction\":[{\"@type\":\"CommentAction\",\"name\":\"Comment\",\"target\":[\"https:\\\/\\\/bart-et-lemy.com\\\/blog\\\/a-la-une\\\/bonnet-anti-ondes-pour-bebe-securite-et-confort-au-quotidien\\\/#respond\"]}]},{\"@type\":\"WebPage\",\"@id\":\"https:\\\/\\\/bart-et-lemy.com\\\/blog\\\/a-la-une\\\/bonnet-anti-ondes-pour-bebe-securite-et-confort-au-quotidien\\\/\",\"url\":\"https:\\\/\\\/bart-et-lemy.com\\\/blog\\\/a-la-une\\\/bonnet-anti-ondes-pour-bebe-securite-et-confort-au-quotidien\\\/\",\"name\":\"Bonnet anti-ondes pour b\u00e9b\u00e9\",\"isPartOf\":{\"@id\":\"https:\\\/\\\/bart-et-lemy.com\\\/blog\\\/#website\"},\"primaryImageOfPage\":{\"@id\":\"https:\\\/\\\/bart-et-lemy.com\\\/blog\\\/a-la-une\\\/bonnet-anti-ondes-pour-bebe-securite-et-confort-au-quotidien\\\/#primaryimage\"},\"image\":{\"@id\":\"https:\\\/\\\/bart-et-lemy.com\\\/blog\\\/a-la-une\\\/bonnet-anti-ondes-pour-bebe-securite-et-confort-au-quotidien\\\/#primaryimage\"},\"thumbnailUrl\":\"https:\\\/\\\/bart-et-lemy.com\\\/blog\\\/wp-content\\\/uploads\\\/2025\\\/02\\\/sdxl-f88d4b79b62765cd7314d6511ba8f66f.png\",\"datePublished\":\"2025-02-12T17:39:00+00:00\",\"description\":\"Les parents souhaitent le meilleur pour leurs enfants, et cela inclut la protection contre d\u2019\u00e9ventuels dangers invisibles.\",\"inLanguage\":\"fr-FR\",\"potentialAction\":[{\"@type\":\"ReadAction\",\"target\":[\"https:\\\/\\\/bart-et-lemy.com\\\/blog\\\/a-la-une\\\/bonnet-anti-ondes-pour-bebe-securite-et-confort-au-quotidien\\\/\"]}]},{\"@type\":\"ImageObject\",\"inLanguage\":\"fr-FR\",\"@id\":\"https:\\\/\\\/bart-et-lemy.com\\\/blog\\\/a-la-une\\\/bonnet-anti-ondes-pour-bebe-securite-et-confort-au-quotidien\\\/#primaryimage\",\"url\":\"https:\\\/\\\/bart-et-lemy.com\\\/blog\\\/wp-content\\\/uploads\\\/2025\\\/02\\\/sdxl-f88d4b79b62765cd7314d6511ba8f66f.png\",\"contentUrl\":\"https:\\\/\\\/bart-et-lemy.com\\\/blog\\\/wp-content\\\/uploads\\\/2025\\\/02\\\/sdxl-f88d4b79b62765cd7314d6511ba8f66f.png\",\"width\":1536,\"height\":640},{\"@type\":\"WebSite\",\"@id\":\"https:\\\/\\\/bart-et-lemy.com\\\/blog\\\/#website\",\"url\":\"https:\\\/\\\/bart-et-lemy.com\\\/blog\\\/\",\"name\":\"Bart et Lemy\",\"description\":\"L\u2019originalit\u00e9 en toute libert\u00e9.\",\"publisher\":{\"@id\":\"https:\\\/\\\/bart-et-lemy.com\\\/blog\\\/#organization\"},\"alternateName\":\"Conseils parentaux, astuces famille et bien-\u00eatre enfant\",\"potentialAction\":[{\"@type\":\"SearchAction\",\"target\":{\"@type\":\"EntryPoint\",\"urlTemplate\":\"https:\\\/\\\/bart-et-lemy.com\\\/blog\\\/?s={search_term_string}\"},\"query-input\":{\"@type\":\"PropertyValueSpecification\",\"valueRequired\":true,\"valueName\":\"search_term_string\"}}],\"inLanguage\":\"fr-FR\"},{\"@type\":\"Organization\",\"@id\":\"https:\\\/\\\/bart-et-lemy.com\\\/blog\\\/#organization\",\"name\":\"Bart et Lemy\",\"alternateName\":\"bart-et-lemy.com\",\"url\":\"https:\\\/\\\/bart-et-lemy.com\\\/blog\\\/\",\"logo\":{\"@type\":\"ImageObject\",\"inLanguage\":\"fr-FR\",\"@id\":\"https:\\\/\\\/bart-et-lemy.com\\\/blog\\\/#\\\/schema\\\/logo\\\/image\\\/\",\"url\":\"https:\\\/\\\/bart-et-lemy.com\\\/blog\\\/wp-content\\\/uploads\\\/2026\\\/07\\\/logo-auto.png\",\"contentUrl\":\"https:\\\/\\\/bart-et-lemy.com\\\/blog\\\/wp-content\\\/uploads\\\/2026\\\/07\\\/logo-auto.png\",\"width\":1024,\"height\":1024,\"caption\":\"Bart et Lemy\"},\"image\":{\"@id\":\"https:\\\/\\\/bart-et-lemy.com\\\/blog\\\/#\\\/schema\\\/logo\\\/image\\\/\"}},{\"@type\":\"Person\",\"@id\":\"https:\\\/\\\/bart-et-lemy.com\\\/blog\\\/#\\\/schema\\\/person\\\/3c864cdc320801e3db34b663e7e3f816\",\"name\":\"Elodie Mazeau\",\"image\":{\"@type\":\"ImageObject\",\"inLanguage\":\"fr-FR\",\"@id\":\"https:\\\/\\\/bart-et-lemy.com\\\/blog\\\/wp-content\\\/uploads\\\/2026\\\/06\\\/persona_elodie-m-96x96.jpg\",\"url\":\"https:\\\/\\\/bart-et-lemy.com\\\/blog\\\/wp-content\\\/uploads\\\/2026\\\/06\\\/persona_elodie-m-96x96.jpg\",\"contentUrl\":\"https:\\\/\\\/bart-et-lemy.com\\\/blog\\\/wp-content\\\/uploads\\\/2026\\\/06\\\/persona_elodie-m-96x96.jpg\",\"caption\":\"Elodie Mazeau\"},\"description\":\"J'\u00e9cris sur la parentalit\u00e9 telle qu'elle se vit vraiment, du premier biberon aux premi\u00e8res col\u00e8res. Mes sujets de pr\u00e9dilection couvrent le quotidien des familles : sommeil, alimentation, organisation, pu\u00e9riculture et ces petites gal\u00e8res que tout parent conna\u00eet. Depuis plusieurs ann\u00e9es, je m'attache \u00e0 proposer des rep\u00e8res concrets plut\u00f4t que des le\u00e7ons, parce que chaque famille trouve son propre \u00e9quilibre. Je v\u00e9rifie mes informations aupr\u00e8s de sources fiables, surtout d\u00e8s qu'on touche \u00e0 la sant\u00e9 ou \u00e0 la s\u00e9curit\u00e9 de l'enfant, et je pr\u00e9cise quand un avis professionnel s'impose. J'\u00e9vite soigneusement la culpabilisation : \u00eatre parent est d\u00e9j\u00e0 assez exigeant. Mon ton se veut complice et bienveillant, un peu comme une discussion entre parents qui se comprennent. L'id\u00e9e est d'all\u00e9ger la charge mentale en donnant des solutions simples et test\u00e9es.\",\"sameAs\":[\"https:\\\/\\\/elodiemazeau.fr\\\/\"],\"url\":\"https:\\\/\\\/bart-et-lemy.com\\\/blog\\\/auteur\\\/noname\\\/\"}]}<\/script>\n<!-- \/ Yoast SEO Premium plugin. -->","yoast_head_json":{"title":"Bonnet anti-ondes pour b\u00e9b\u00e9","description":"Les parents souhaitent le meilleur pour leurs enfants, et cela inclut la protection contre d\u2019\u00e9ventuels dangers invisibles.","robots":{"index":"index","follow":"follow","max-snippet":"max-snippet:-1","max-image-preview":"max-image-preview:large","max-video-preview":"max-video-preview:-1"},"canonical":"https:\/\/bart-et-lemy.com\/blog\/a-la-une\/bonnet-anti-ondes-pour-bebe-securite-et-confort-au-quotidien\/","og_locale":"fr_FR","og_type":"article","og_title":"Bonnet anti-ondes pour b\u00e9b\u00e9","og_description":"Les parents souhaitent le meilleur pour leurs enfants, et cela inclut la protection contre d\u2019\u00e9ventuels dangers invisibles.","og_url":"https:\/\/bart-et-lemy.com\/blog\/a-la-une\/bonnet-anti-ondes-pour-bebe-securite-et-confort-au-quotidien\/","og_site_name":"bart-et-lemy.com","og_image":[{"width":1536,"height":640,"url":"https:\/\/bart-et-lemy.com\/blog\/wp-content\/uploads\/2025\/02\/sdxl-f88d4b79b62765cd7314d6511ba8f66f.png","type":"image\/png"}],"author":"Elodie Mazeau","twitter_card":"summary_large_image","schema":{"@context":"https:\/\/schema.org","@graph":[{"@type":"NewsArticle","@id":"https:\/\/bart-et-lemy.com\/blog\/a-la-une\/bonnet-anti-ondes-pour-bebe-securite-et-confort-au-quotidien\/#article","isPartOf":{"@id":"https:\/\/bart-et-lemy.com\/blog\/a-la-une\/bonnet-anti-ondes-pour-bebe-securite-et-confort-au-quotidien\/"},"author":{"name":"Elodie Mazeau","@id":"https:\/\/bart-et-lemy.com\/blog\/#\/schema\/person\/3c864cdc320801e3db34b663e7e3f816"},"headline":"Bonnet anti-ondes pour b\u00e9b\u00e9 : s\u00e9curit\u00e9 et confort au quotidien","datePublished":"2025-02-12T17:39:00+00:00","mainEntityOfPage":{"@id":"https:\/\/bart-et-lemy.com\/blog\/a-la-une\/bonnet-anti-ondes-pour-bebe-securite-et-confort-au-quotidien\/"},"wordCount":684,"commentCount":18,"publisher":{"@id":"https:\/\/bart-et-lemy.com\/blog\/#organization"},"image":{"@id":"https:\/\/bart-et-lemy.com\/blog\/a-la-une\/bonnet-anti-ondes-pour-bebe-securite-et-confort-au-quotidien\/#primaryimage"},"thumbnailUrl":"https:\/\/bart-et-lemy.com\/blog\/wp-content\/uploads\/2025\/02\/sdxl-f88d4b79b62765cd7314d6511ba8f66f.png","keywords":["Bonnet Anti-Ondes","Confort","Esth\u00e9tique","Mat\u00e9riaux Sp\u00e9ciaux","Protection","R\u00e9duction des Ondes"],"articleSection":["\u00c0 la une"],"inLanguage":"fr-FR","potentialAction":[{"@type":"CommentAction","name":"Comment","target":["https:\/\/bart-et-lemy.com\/blog\/a-la-une\/bonnet-anti-ondes-pour-bebe-securite-et-confort-au-quotidien\/#respond"]}]},{"@type":"WebPage","@id":"https:\/\/bart-et-lemy.com\/blog\/a-la-une\/bonnet-anti-ondes-pour-bebe-securite-et-confort-au-quotidien\/","url":"https:\/\/bart-et-lemy.com\/blog\/a-la-une\/bonnet-anti-ondes-pour-bebe-securite-et-confort-au-quotidien\/","name":"Bonnet anti-ondes pour b\u00e9b\u00e9","isPartOf":{"@id":"https:\/\/bart-et-lemy.com\/blog\/#website"},"primaryImageOfPage":{"@id":"https:\/\/bart-et-lemy.com\/blog\/a-la-une\/bonnet-anti-ondes-pour-bebe-securite-et-confort-au-quotidien\/#primaryimage"},"image":{"@id":"https:\/\/bart-et-lemy.com\/blog\/a-la-une\/bonnet-anti-ondes-pour-bebe-securite-et-confort-au-quotidien\/#primaryimage"},"thumbnailUrl":"https:\/\/bart-et-lemy.com\/blog\/wp-content\/uploads\/2025\/02\/sdxl-f88d4b79b62765cd7314d6511ba8f66f.png","datePublished":"2025-02-12T17:39:00+00:00","description":"Les parents souhaitent le meilleur pour leurs enfants, et cela inclut la protection contre d\u2019\u00e9ventuels dangers invisibles.","inLanguage":"fr-FR","potentialAction":[{"@type":"ReadAction","target":["https:\/\/bart-et-lemy.com\/blog\/a-la-une\/bonnet-anti-ondes-pour-bebe-securite-et-confort-au-quotidien\/"]}]},{"@type":"ImageObject","inLanguage":"fr-FR","@id":"https:\/\/bart-et-lemy.com\/blog\/a-la-une\/bonnet-anti-ondes-pour-bebe-securite-et-confort-au-quotidien\/#primaryimage","url":"https:\/\/bart-et-lemy.com\/blog\/wp-content\/uploads\/2025\/02\/sdxl-f88d4b79b62765cd7314d6511ba8f66f.png","contentUrl":"https:\/\/bart-et-lemy.com\/blog\/wp-content\/uploads\/2025\/02\/sdxl-f88d4b79b62765cd7314d6511ba8f66f.png","width":1536,"height":640},{"@type":"WebSite","@id":"https:\/\/bart-et-lemy.com\/blog\/#website","url":"https:\/\/bart-et-lemy.com\/blog\/","name":"Bart et Lemy","description":"L\u2019originalit\u00e9 en toute libert\u00e9.","publisher":{"@id":"https:\/\/bart-et-lemy.com\/blog\/#organization"},"alternateName":"Conseils parentaux, astuces famille et bien-\u00eatre enfant","potentialAction":[{"@type":"SearchAction","target":{"@type":"EntryPoint","urlTemplate":"https:\/\/bart-et-lemy.com\/blog\/?s={search_term_string}"},"query-input":{"@type":"PropertyValueSpecification","valueRequired":true,"valueName":"search_term_string"}}],"inLanguage":"fr-FR"},{"@type":"Organization","@id":"https:\/\/bart-et-lemy.com\/blog\/#organization","name":"Bart et Lemy","alternateName":"bart-et-lemy.com","url":"https:\/\/bart-et-lemy.com\/blog\/","logo":{"@type":"ImageObject","inLanguage":"fr-FR","@id":"https:\/\/bart-et-lemy.com\/blog\/#\/schema\/logo\/image\/","url":"https:\/\/bart-et-lemy.com\/blog\/wp-content\/uploads\/2026\/07\/logo-auto.png","contentUrl":"https:\/\/bart-et-lemy.com\/blog\/wp-content\/uploads\/2026\/07\/logo-auto.png","width":1024,"height":1024,"caption":"Bart et Lemy"},"image":{"@id":"https:\/\/bart-et-lemy.com\/blog\/#\/schema\/logo\/image\/"}},{"@type":"Person","@id":"https:\/\/bart-et-lemy.com\/blog\/#\/schema\/person\/3c864cdc320801e3db34b663e7e3f816","name":"Elodie Mazeau","image":{"@type":"ImageObject","inLanguage":"fr-FR","@id":"https:\/\/bart-et-lemy.com\/blog\/wp-content\/uploads\/2026\/06\/persona_elodie-m-96x96.jpg","url":"https:\/\/bart-et-lemy.com\/blog\/wp-content\/uploads\/2026\/06\/persona_elodie-m-96x96.jpg","contentUrl":"https:\/\/bart-et-lemy.com\/blog\/wp-content\/uploads\/2026\/06\/persona_elodie-m-96x96.jpg","caption":"Elodie Mazeau"},"description":"J'\u00e9cris sur la parentalit\u00e9 telle qu'elle se vit vraiment, du premier biberon aux premi\u00e8res col\u00e8res. Mes sujets de pr\u00e9dilection couvrent le quotidien des familles : sommeil, alimentation, organisation, pu\u00e9riculture et ces petites gal\u00e8res que tout parent conna\u00eet. Depuis plusieurs ann\u00e9es, je m'attache \u00e0 proposer des rep\u00e8res concrets plut\u00f4t que des le\u00e7ons, parce que chaque famille trouve son propre \u00e9quilibre. Je v\u00e9rifie mes informations aupr\u00e8s de sources fiables, surtout d\u00e8s qu'on touche \u00e0 la sant\u00e9 ou \u00e0 la s\u00e9curit\u00e9 de l'enfant, et je pr\u00e9cise quand un avis professionnel s'impose. J'\u00e9vite soigneusement la culpabilisation : \u00eatre parent est d\u00e9j\u00e0 assez exigeant. Mon ton se veut complice et bienveillant, un peu comme une discussion entre parents qui se comprennent. L'id\u00e9e est d'all\u00e9ger la charge mentale en donnant des solutions simples et test\u00e9es.","sameAs":["https:\/\/elodiemazeau.fr\/"],"url":"https:\/\/bart-et-lemy.com\/blog\/auteur\/noname\/"}]}},"_links":{"self":[{"href":"https:\/\/bart-et-lemy.com\/blog\/wp-json\/wp\/v2\/posts\/8532","targetHints":{"allow":["GET"]}}],"collection":[{"href":"https:\/\/bart-et-lemy.com\/blog\/wp-json\/wp\/v2\/posts"}],"about":[{"href":"https:\/\/bart-et-lemy.com\/blog\/wp-json\/wp\/v2\/types\/post"}],"author":[{"embeddable":true,"href":"https:\/\/bart-et-lemy.com\/blog\/wp-json\/wp\/v2\/users\/34"}],"replies":[{"embeddable":true,"href":"https:\/\/bart-et-lemy.com\/blog\/wp-json\/wp\/v2\/comments?post=8532"}],"version-history":[{"count":1,"href":"https:\/\/bart-et-lemy.com\/blog\/wp-json\/wp\/v2\/posts\/8532\/revisions"}],"predecessor-version":[{"id":9464,"href":"https:\/\/bart-et-lemy.com\/blog\/wp-json\/wp\/v2\/posts\/8532\/revisions\/9464"}],"wp:featuredmedia":[{"embeddable":true,"href":"https:\/\/bart-et-lemy.com\/blog\/wp-json\/wp\/v2\/media\/9698"}],"wp:attachment":[{"href":"https:\/\/bart-et-lemy.com\/blog\/wp-json\/wp\/v2\/media?parent=8532"}],"wp:term":[{"taxonomy":"category","embeddable":true,"href":"https:\/\/bart-et-lemy.com\/blog\/wp-json\/wp\/v2\/categories?post=8532"},{"taxonomy":"post_tag","embeddable":true,"href":"https:\/\/bart-et-lemy.com\/blog\/wp-json\/wp\/v2\/tags?post=8532"}],"curies":[{"name":"wp","href":"https:\/\/api.w.org\/{rel}","templated":true}]}}