{"id":8536,"date":"2025-02-24T18:19:00","date_gmt":"2025-02-24T17:19:00","guid":{"rendered":"https:\/\/bart-et-lemy.com\/blog\/?p=8536"},"modified":"2025-02-10T16:30:25","modified_gmt":"2025-02-10T15:30:25","slug":"lessive-bebe-ufc-que-choisir-et-nos-conseils-pour-un-choix-eclaire","status":"publish","type":"post","link":"https:\/\/bart-et-lemy.com\/blog\/a-la-une\/lessive-bebe-ufc-que-choisir-et-nos-conseils-pour-un-choix-eclaire\/","title":{"rendered":"Lessive b\u00e9b\u00e9 : UFC-Que Choisir et nos conseils pour un choix \u00e9clair\u00e9"},"content":{"rendered":"<h2>Pourquoi choisir une lessive adapt\u00e9e pour b\u00e9b\u00e9 ?<\/h2>\n<p>Les b\u00e9b\u00e9s ont une peau plus sensible que celle des adultes, ce qui rend crucial d&rsquo;opter pour des produits qui ne provoquent pas d&rsquo;irritations. Une lessive inappropri\u00e9e peut entra\u00eener des rougeurs, des d\u00e9mangeaisons, voire des allergies. En tenant compte de ces enjeux, <strong>il est essentiel de s\u00e9lectionner une lessive sp\u00e9cialement con\u00e7ue pour les b\u00e9b\u00e9s.<\/strong><\/p>\n<h2>Les crit\u00e8res de choix d&rsquo;une lessive pour b\u00e9b\u00e9<\/h2>\n<p>Lors de l\u2019achat d\u2019une lessive pour b\u00e9b\u00e9, plusieurs crit\u00e8res doivent \u00eatre pris en compte :<\/p>\n<blockquote class=\"wp-embedded-content\" data-secret=\"7M4mF6gvQK\"><p><a href=\"https:\/\/bart-et-lemy.com\/blog\/a-la-une\/le-lien-precieux-entre-bebe-et-maman-une-aventure-unique\/\">Le lien pr\u00e9cieux entre b\u00e9b\u00e9 et maman : une aventure unique<\/a><\/p><\/blockquote>\n<p><iframe loading=\"lazy\" class=\"wp-embedded-content\" sandbox=\"allow-scripts\" security=\"restricted\" style=\"position: absolute; visibility: hidden;\" title=\"\u00ab\u00a0Le lien pr\u00e9cieux entre b\u00e9b\u00e9 et maman : une aventure unique\u00a0\u00bb &#8212; bart-et-lemy.com\" src=\"https:\/\/bart-et-lemy.com\/blog\/a-la-une\/le-lien-precieux-entre-bebe-et-maman-une-aventure-unique\/embed\/#?secret=BZg4cccN4Y#?secret=7M4mF6gvQK\" data-secret=\"7M4mF6gvQK\" width=\"600\" height=\"338\" frameborder=\"0\" marginwidth=\"0\" marginheight=\"0\" scrolling=\"no\"><\/iframe><\/p>\n<ul>\n<li><strong>Hypoallerg\u00e9nique :<\/strong> Privil\u00e9giez les lessives labellis\u00e9es hypoallerg\u00e9niques, qui r\u00e9duisent le risque de r\u00e9actions cutan\u00e9es.<\/li>\n<li><strong>Sans parfum :<\/strong> Les fragrances peuvent agresser la peau fragile des b\u00e9b\u00e9s. Optez pour des formules sans odeur.<\/li>\n<li><strong>Certifications \u00e9cologiques :<\/strong> Les lessives labellis\u00e9es bio ou \u00e9co-responsables garantissent l&rsquo;absence de substances nocives.<\/li>\n<\/ul>\n<p>Une \u00e9tude men\u00e9e par UFC-Que Choisir a r\u00e9v\u00e9l\u00e9 que certaines marques de lessives pour b\u00e9b\u00e9s contiennent des \u00e9l\u00e9ments irritants malgr\u00e9 leurs promesses. <strong>Il est donc judicieux de lire attentivement les \u00e9tiquettes.<\/strong><\/p>\n<h2>Comparatif des meilleures lessives pour b\u00e9b\u00e9<\/h2>\n<table>\n<tr>\n<th>Marque<\/th>\n<th>Type<\/th>\n<th>Note UFC-Que Choisir<\/th>\n<\/tr>\n<tr>\n<td>Marque A<\/td>\n<td>Liquide<\/td>\n<td>4\/5<\/td>\n<\/tr>\n<tr>\n<td>Marque B<\/td>\n<td>Poudre<\/td>\n<td>3\/5<\/td>\n<\/tr>\n<tr>\n<td>Marque C<\/td>\n<td>Capsules<\/td>\n<td>5\/5<\/td>\n<\/tr>\n<\/table>\n<p>En examinant ces alternatives, il devient \u00e9vident que certaines lessives se distinguent par leur efficacit\u00e9 et leur s\u00e9curit\u00e9. <strong>Une lessive bien not\u00e9e par UFC-Que Choisir peut offrir la tranquillit\u00e9 d&rsquo;esprit que recherchent les parents.<\/strong><\/p>\n<blockquote class=\"wp-embedded-content\" data-secret=\"MYQPnDbyrC\"><p><a href=\"https:\/\/bart-et-lemy.com\/blog\/a-la-une\/les-couches-lavables-pour-bebe-un-choix-eco-responsable-et-economique\/\">Les couches lavables pour b\u00e9b\u00e9 : un choix \u00e9co-responsable et \u00e9conomique<\/a><\/p><\/blockquote>\n<p><iframe loading=\"lazy\" class=\"wp-embedded-content\" sandbox=\"allow-scripts\" security=\"restricted\" style=\"position: absolute; visibility: hidden;\" title=\"\u00ab\u00a0Les couches lavables pour b\u00e9b\u00e9 : un choix \u00e9co-responsable et \u00e9conomique\u00a0\u00bb &#8212; bart-et-lemy.com\" src=\"https:\/\/bart-et-lemy.com\/blog\/a-la-une\/les-couches-lavables-pour-bebe-un-choix-eco-responsable-et-economique\/embed\/#?secret=XADWZv03B4#?secret=MYQPnDbyrC\" data-secret=\"MYQPnDbyrC\" width=\"600\" height=\"338\" frameborder=\"0\" marginwidth=\"0\" marginheight=\"0\" scrolling=\"no\"><\/iframe><\/p>\n<h2>Les cons\u00e9quences d&rsquo;une mauvaise lessive<\/h2>\n<p>Utiliser une lessive inappropri\u00e9e pour le linge de b\u00e9b\u00e9 peut engendrer des cons\u00e9quences d\u00e9sagr\u00e9ables. On note souvent des irritations cutan\u00e9es, des allergies, et dans certains cas, des infections. <strong>Les parents doivent \u00eatre vigilants face \u00e0 ces risques.<\/strong> Un article de l\u2019Association Fran\u00e7aise de P\u00e9diatrie a d\u2019ailleurs mis en lumi\u00e8re l&rsquo;importance d&rsquo;une bonne hygi\u00e8ne textile pour \u00e9viter ces probl\u00e8mes.<\/p>\n<p>Un autre aspect \u00e0 consid\u00e9rer est le respect de l&rsquo;environnement. Une lessive agressive pour la peau l&rsquo;est souvent pour la plan\u00e8te. Choisir des produits respectueux de l&rsquo;environnement prot\u00e8ge non seulement la peau des b\u00e9b\u00e9s mais \u00e9galement notre \u00e9cosyst\u00e8me.<\/p>\n<h3>FAQ :<\/h3>\n<blockquote>\n<ul>\n<li><strong>Quelle lessive est la meilleure pour les b\u00e9b\u00e9s ?<\/strong>Les lessives hypoallerg\u00e9niques et sans parfum sont les plus recommand\u00e9es.<\/li>\n<li><strong>Les lessives bio sont-elles efficaces pour le linge de b\u00e9b\u00e9 ?<\/strong>Oui, de nombreuses lessives bio offrent une excellente efficacit\u00e9 tout en \u00e9tant douces pour la peau.<\/li>\n<li><strong>Comment tester si une lessive provoque des allergies ?<\/strong>R\u00e9alisez un test en lavant un petit v\u00eatement et observez la r\u00e9action de la peau de votre b\u00e9b\u00e9.<\/li>\n<li><strong>Peut-on utiliser des assouplissants avec les lessives pour b\u00e9b\u00e9 ?<\/strong>Il est pr\u00e9f\u00e9rable d&rsquo;\u00e9viter les assouplissants, car ils peuvent contenir des parfums et des produits chimiques irritants.<\/li>\n<\/ul>\n<\/blockquote>\n<p>En conclusion, choisir la bonne lessive pour b\u00e9b\u00e9 n&rsquo;est pas qu&rsquo;une question de pr\u00e9f\u00e9rence, mais un acte r\u00e9fl\u00e9chi qui prot\u00e8ge la peau d\u00e9licate de votre enfant. En suivant ces conseils, vous pouvez offrir un environnement sain et doux \u00e0 votre tout-petit tout en respectant la plan\u00e8te.<\/p>\n","protected":false},"excerpt":{"rendered":"","protected":false},"author":34,"featured_media":9656,"comment_status":"open","ping_status":"open","sticky":false,"template":"","format":"standard","meta":{"_acf_changed":false,"manual_indexmenow":false,"indexmenow_id_project":0,"footnotes":""},"categories":[1],"tags":[4590,5319,3614,4755,5317,5318],"class_list":["post-8536","post","type-post","status-publish","format-standard","has-post-thumbnail","hentry","category-a-la-une","tag-bebe","tag-consequences","tag-ecologique","tag-hypoallergenique","tag-lessive","tag-sans-parfum","generate-columns","tablet-grid-50","mobile-grid-100","grid-parent","grid-25"],"acf":[],"yoast_head":"<!-- This site is optimized with the Yoast SEO Premium plugin v21.3 (Yoast SEO v27.3) - https:\/\/yoast.com\/product\/yoast-seo-premium-wordpress\/ -->\n<title>Lessive b\u00e9b\u00e9 : UFC-Que Choisir et nos conseils<\/title>\n<meta name=\"description\" content=\"Les b\u00e9b\u00e9s ont une peau plus sensible que celle des adultes, ce qui rend crucial d&#039;opter pour des produits qui ne provoquent pas d&#039;irritations.\" \/>\n<meta name=\"robots\" content=\"index, follow, max-snippet:-1, max-image-preview:large, max-video-preview:-1\" \/>\n<link rel=\"canonical\" href=\"https:\/\/bart-et-lemy.com\/blog\/a-la-une\/lessive-bebe-ufc-que-choisir-et-nos-conseils-pour-un-choix-eclaire\/\" \/>\n<meta property=\"og:locale\" content=\"fr_FR\" \/>\n<meta property=\"og:type\" content=\"article\" \/>\n<meta property=\"og:title\" content=\"Lessive b\u00e9b\u00e9 : UFC-Que Choisir et nos conseils\" \/>\n<meta property=\"og:description\" content=\"Les b\u00e9b\u00e9s ont une peau plus sensible que celle des adultes, ce qui rend crucial d&#039;opter pour des produits qui ne provoquent pas d&#039;irritations.\" \/>\n<meta property=\"og:url\" content=\"https:\/\/bart-et-lemy.com\/blog\/a-la-une\/lessive-bebe-ufc-que-choisir-et-nos-conseils-pour-un-choix-eclaire\/\" \/>\n<meta property=\"og:site_name\" content=\"bart-et-lemy.com\" \/>\n<meta property=\"og:image\" content=\"https:\/\/bart-et-lemy.com\/blog\/wp-content\/uploads\/2025\/02\/sdxl-6c2d400565a4df81441c90e1c3a800f7.png\" \/>\n\t<meta property=\"og:image:width\" content=\"1536\" \/>\n\t<meta property=\"og:image:height\" content=\"640\" \/>\n\t<meta property=\"og:image:type\" content=\"image\/png\" \/>\n<meta name=\"author\" content=\"Elodie Mazeau\" \/>\n<meta name=\"twitter:card\" content=\"summary_large_image\" \/>\n<script type=\"application\/ld+json\" class=\"yoast-schema-graph\">{\"@context\":\"https:\\\/\\\/schema.org\",\"@graph\":[{\"@type\":\"NewsArticle\",\"@id\":\"https:\\\/\\\/bart-et-lemy.com\\\/blog\\\/a-la-une\\\/lessive-bebe-ufc-que-choisir-et-nos-conseils-pour-un-choix-eclaire\\\/#article\",\"isPartOf\":{\"@id\":\"https:\\\/\\\/bart-et-lemy.com\\\/blog\\\/a-la-une\\\/lessive-bebe-ufc-que-choisir-et-nos-conseils-pour-un-choix-eclaire\\\/\"},\"author\":{\"name\":\"Elodie Mazeau\",\"@id\":\"https:\\\/\\\/bart-et-lemy.com\\\/blog\\\/#\\\/schema\\\/person\\\/3c864cdc320801e3db34b663e7e3f816\"},\"headline\":\"Lessive b\u00e9b\u00e9 : UFC-Que Choisir et nos conseils pour un choix \u00e9clair\u00e9\",\"datePublished\":\"2025-02-24T17:19:00+00:00\",\"mainEntityOfPage\":{\"@id\":\"https:\\\/\\\/bart-et-lemy.com\\\/blog\\\/a-la-une\\\/lessive-bebe-ufc-que-choisir-et-nos-conseils-pour-un-choix-eclaire\\\/\"},\"wordCount\":567,\"commentCount\":24,\"publisher\":{\"@id\":\"https:\\\/\\\/bart-et-lemy.com\\\/blog\\\/#organization\"},\"image\":{\"@id\":\"https:\\\/\\\/bart-et-lemy.com\\\/blog\\\/a-la-une\\\/lessive-bebe-ufc-que-choisir-et-nos-conseils-pour-un-choix-eclaire\\\/#primaryimage\"},\"thumbnailUrl\":\"https:\\\/\\\/bart-et-lemy.com\\\/blog\\\/wp-content\\\/uploads\\\/2025\\\/02\\\/sdxl-6c2d400565a4df81441c90e1c3a800f7.png\",\"keywords\":[\"B\u00e9b\u00e9\",\"Cons\u00e9quences\",\"\u00c9cologique\",\"Hypoallerg\u00e9nique\",\"Lessive\",\"Sans parfum\"],\"articleSection\":[\"\u00c0 la une\"],\"inLanguage\":\"fr-FR\",\"potentialAction\":[{\"@type\":\"CommentAction\",\"name\":\"Comment\",\"target\":[\"https:\\\/\\\/bart-et-lemy.com\\\/blog\\\/a-la-une\\\/lessive-bebe-ufc-que-choisir-et-nos-conseils-pour-un-choix-eclaire\\\/#respond\"]}]},{\"@type\":\"WebPage\",\"@id\":\"https:\\\/\\\/bart-et-lemy.com\\\/blog\\\/a-la-une\\\/lessive-bebe-ufc-que-choisir-et-nos-conseils-pour-un-choix-eclaire\\\/\",\"url\":\"https:\\\/\\\/bart-et-lemy.com\\\/blog\\\/a-la-une\\\/lessive-bebe-ufc-que-choisir-et-nos-conseils-pour-un-choix-eclaire\\\/\",\"name\":\"Lessive b\u00e9b\u00e9 : UFC-Que Choisir et nos conseils\",\"isPartOf\":{\"@id\":\"https:\\\/\\\/bart-et-lemy.com\\\/blog\\\/#website\"},\"primaryImageOfPage\":{\"@id\":\"https:\\\/\\\/bart-et-lemy.com\\\/blog\\\/a-la-une\\\/lessive-bebe-ufc-que-choisir-et-nos-conseils-pour-un-choix-eclaire\\\/#primaryimage\"},\"image\":{\"@id\":\"https:\\\/\\\/bart-et-lemy.com\\\/blog\\\/a-la-une\\\/lessive-bebe-ufc-que-choisir-et-nos-conseils-pour-un-choix-eclaire\\\/#primaryimage\"},\"thumbnailUrl\":\"https:\\\/\\\/bart-et-lemy.com\\\/blog\\\/wp-content\\\/uploads\\\/2025\\\/02\\\/sdxl-6c2d400565a4df81441c90e1c3a800f7.png\",\"datePublished\":\"2025-02-24T17:19:00+00:00\",\"description\":\"Les b\u00e9b\u00e9s ont une peau plus sensible que celle des adultes, ce qui rend crucial d'opter pour des produits qui ne provoquent pas d'irritations.\",\"inLanguage\":\"fr-FR\",\"potentialAction\":[{\"@type\":\"ReadAction\",\"target\":[\"https:\\\/\\\/bart-et-lemy.com\\\/blog\\\/a-la-une\\\/lessive-bebe-ufc-que-choisir-et-nos-conseils-pour-un-choix-eclaire\\\/\"]}]},{\"@type\":\"ImageObject\",\"inLanguage\":\"fr-FR\",\"@id\":\"https:\\\/\\\/bart-et-lemy.com\\\/blog\\\/a-la-une\\\/lessive-bebe-ufc-que-choisir-et-nos-conseils-pour-un-choix-eclaire\\\/#primaryimage\",\"url\":\"https:\\\/\\\/bart-et-lemy.com\\\/blog\\\/wp-content\\\/uploads\\\/2025\\\/02\\\/sdxl-6c2d400565a4df81441c90e1c3a800f7.png\",\"contentUrl\":\"https:\\\/\\\/bart-et-lemy.com\\\/blog\\\/wp-content\\\/uploads\\\/2025\\\/02\\\/sdxl-6c2d400565a4df81441c90e1c3a800f7.png\",\"width\":1536,\"height\":640},{\"@type\":\"WebSite\",\"@id\":\"https:\\\/\\\/bart-et-lemy.com\\\/blog\\\/#website\",\"url\":\"https:\\\/\\\/bart-et-lemy.com\\\/blog\\\/\",\"name\":\"Bart et Lemy\",\"description\":\"L\u2019originalit\u00e9 en toute libert\u00e9.\",\"publisher\":{\"@id\":\"https:\\\/\\\/bart-et-lemy.com\\\/blog\\\/#organization\"},\"alternateName\":\"Conseils parentaux, astuces famille et bien-\u00eatre enfant\",\"potentialAction\":[{\"@type\":\"SearchAction\",\"target\":{\"@type\":\"EntryPoint\",\"urlTemplate\":\"https:\\\/\\\/bart-et-lemy.com\\\/blog\\\/?s={search_term_string}\"},\"query-input\":{\"@type\":\"PropertyValueSpecification\",\"valueRequired\":true,\"valueName\":\"search_term_string\"}}],\"inLanguage\":\"fr-FR\"},{\"@type\":\"Organization\",\"@id\":\"https:\\\/\\\/bart-et-lemy.com\\\/blog\\\/#organization\",\"name\":\"Bart et Lemy\",\"alternateName\":\"bart-et-lemy.com\",\"url\":\"https:\\\/\\\/bart-et-lemy.com\\\/blog\\\/\",\"logo\":{\"@type\":\"ImageObject\",\"inLanguage\":\"fr-FR\",\"@id\":\"https:\\\/\\\/bart-et-lemy.com\\\/blog\\\/#\\\/schema\\\/logo\\\/image\\\/\",\"url\":\"https:\\\/\\\/bart-et-lemy.com\\\/blog\\\/wp-content\\\/uploads\\\/2026\\\/07\\\/logo-auto.png\",\"contentUrl\":\"https:\\\/\\\/bart-et-lemy.com\\\/blog\\\/wp-content\\\/uploads\\\/2026\\\/07\\\/logo-auto.png\",\"width\":1024,\"height\":1024,\"caption\":\"Bart et Lemy\"},\"image\":{\"@id\":\"https:\\\/\\\/bart-et-lemy.com\\\/blog\\\/#\\\/schema\\\/logo\\\/image\\\/\"}},{\"@type\":\"Person\",\"@id\":\"https:\\\/\\\/bart-et-lemy.com\\\/blog\\\/#\\\/schema\\\/person\\\/3c864cdc320801e3db34b663e7e3f816\",\"name\":\"Elodie Mazeau\",\"image\":{\"@type\":\"ImageObject\",\"inLanguage\":\"fr-FR\",\"@id\":\"https:\\\/\\\/bart-et-lemy.com\\\/blog\\\/wp-content\\\/uploads\\\/2026\\\/06\\\/persona_elodie-m-96x96.jpg\",\"url\":\"https:\\\/\\\/bart-et-lemy.com\\\/blog\\\/wp-content\\\/uploads\\\/2026\\\/06\\\/persona_elodie-m-96x96.jpg\",\"contentUrl\":\"https:\\\/\\\/bart-et-lemy.com\\\/blog\\\/wp-content\\\/uploads\\\/2026\\\/06\\\/persona_elodie-m-96x96.jpg\",\"caption\":\"Elodie Mazeau\"},\"description\":\"J'\u00e9cris sur la parentalit\u00e9 telle qu'elle se vit vraiment, du premier biberon aux premi\u00e8res col\u00e8res. Mes sujets de pr\u00e9dilection couvrent le quotidien des familles : sommeil, alimentation, organisation, pu\u00e9riculture et ces petites gal\u00e8res que tout parent conna\u00eet. Depuis plusieurs ann\u00e9es, je m'attache \u00e0 proposer des rep\u00e8res concrets plut\u00f4t que des le\u00e7ons, parce que chaque famille trouve son propre \u00e9quilibre. Je v\u00e9rifie mes informations aupr\u00e8s de sources fiables, surtout d\u00e8s qu'on touche \u00e0 la sant\u00e9 ou \u00e0 la s\u00e9curit\u00e9 de l'enfant, et je pr\u00e9cise quand un avis professionnel s'impose. J'\u00e9vite soigneusement la culpabilisation : \u00eatre parent est d\u00e9j\u00e0 assez exigeant. Mon ton se veut complice et bienveillant, un peu comme une discussion entre parents qui se comprennent. L'id\u00e9e est d'all\u00e9ger la charge mentale en donnant des solutions simples et test\u00e9es.\",\"sameAs\":[\"https:\\\/\\\/elodiemazeau.fr\\\/\"],\"url\":\"https:\\\/\\\/bart-et-lemy.com\\\/blog\\\/auteur\\\/noname\\\/\"}]}<\/script>\n<!-- \/ Yoast SEO Premium plugin. -->","yoast_head_json":{"title":"Lessive b\u00e9b\u00e9 : UFC-Que Choisir et nos conseils","description":"Les b\u00e9b\u00e9s ont une peau plus sensible que celle des adultes, ce qui rend crucial d'opter pour des produits qui ne provoquent pas d'irritations.","robots":{"index":"index","follow":"follow","max-snippet":"max-snippet:-1","max-image-preview":"max-image-preview:large","max-video-preview":"max-video-preview:-1"},"canonical":"https:\/\/bart-et-lemy.com\/blog\/a-la-une\/lessive-bebe-ufc-que-choisir-et-nos-conseils-pour-un-choix-eclaire\/","og_locale":"fr_FR","og_type":"article","og_title":"Lessive b\u00e9b\u00e9 : UFC-Que Choisir et nos conseils","og_description":"Les b\u00e9b\u00e9s ont une peau plus sensible que celle des adultes, ce qui rend crucial d'opter pour des produits qui ne provoquent pas d'irritations.","og_url":"https:\/\/bart-et-lemy.com\/blog\/a-la-une\/lessive-bebe-ufc-que-choisir-et-nos-conseils-pour-un-choix-eclaire\/","og_site_name":"bart-et-lemy.com","og_image":[{"width":1536,"height":640,"url":"https:\/\/bart-et-lemy.com\/blog\/wp-content\/uploads\/2025\/02\/sdxl-6c2d400565a4df81441c90e1c3a800f7.png","type":"image\/png"}],"author":"Elodie Mazeau","twitter_card":"summary_large_image","schema":{"@context":"https:\/\/schema.org","@graph":[{"@type":"NewsArticle","@id":"https:\/\/bart-et-lemy.com\/blog\/a-la-une\/lessive-bebe-ufc-que-choisir-et-nos-conseils-pour-un-choix-eclaire\/#article","isPartOf":{"@id":"https:\/\/bart-et-lemy.com\/blog\/a-la-une\/lessive-bebe-ufc-que-choisir-et-nos-conseils-pour-un-choix-eclaire\/"},"author":{"name":"Elodie Mazeau","@id":"https:\/\/bart-et-lemy.com\/blog\/#\/schema\/person\/3c864cdc320801e3db34b663e7e3f816"},"headline":"Lessive b\u00e9b\u00e9 : UFC-Que Choisir et nos conseils pour un choix \u00e9clair\u00e9","datePublished":"2025-02-24T17:19:00+00:00","mainEntityOfPage":{"@id":"https:\/\/bart-et-lemy.com\/blog\/a-la-une\/lessive-bebe-ufc-que-choisir-et-nos-conseils-pour-un-choix-eclaire\/"},"wordCount":567,"commentCount":24,"publisher":{"@id":"https:\/\/bart-et-lemy.com\/blog\/#organization"},"image":{"@id":"https:\/\/bart-et-lemy.com\/blog\/a-la-une\/lessive-bebe-ufc-que-choisir-et-nos-conseils-pour-un-choix-eclaire\/#primaryimage"},"thumbnailUrl":"https:\/\/bart-et-lemy.com\/blog\/wp-content\/uploads\/2025\/02\/sdxl-6c2d400565a4df81441c90e1c3a800f7.png","keywords":["B\u00e9b\u00e9","Cons\u00e9quences","\u00c9cologique","Hypoallerg\u00e9nique","Lessive","Sans parfum"],"articleSection":["\u00c0 la une"],"inLanguage":"fr-FR","potentialAction":[{"@type":"CommentAction","name":"Comment","target":["https:\/\/bart-et-lemy.com\/blog\/a-la-une\/lessive-bebe-ufc-que-choisir-et-nos-conseils-pour-un-choix-eclaire\/#respond"]}]},{"@type":"WebPage","@id":"https:\/\/bart-et-lemy.com\/blog\/a-la-une\/lessive-bebe-ufc-que-choisir-et-nos-conseils-pour-un-choix-eclaire\/","url":"https:\/\/bart-et-lemy.com\/blog\/a-la-une\/lessive-bebe-ufc-que-choisir-et-nos-conseils-pour-un-choix-eclaire\/","name":"Lessive b\u00e9b\u00e9 : UFC-Que Choisir et nos conseils","isPartOf":{"@id":"https:\/\/bart-et-lemy.com\/blog\/#website"},"primaryImageOfPage":{"@id":"https:\/\/bart-et-lemy.com\/blog\/a-la-une\/lessive-bebe-ufc-que-choisir-et-nos-conseils-pour-un-choix-eclaire\/#primaryimage"},"image":{"@id":"https:\/\/bart-et-lemy.com\/blog\/a-la-une\/lessive-bebe-ufc-que-choisir-et-nos-conseils-pour-un-choix-eclaire\/#primaryimage"},"thumbnailUrl":"https:\/\/bart-et-lemy.com\/blog\/wp-content\/uploads\/2025\/02\/sdxl-6c2d400565a4df81441c90e1c3a800f7.png","datePublished":"2025-02-24T17:19:00+00:00","description":"Les b\u00e9b\u00e9s ont une peau plus sensible que celle des adultes, ce qui rend crucial d'opter pour des produits qui ne provoquent pas d'irritations.","inLanguage":"fr-FR","potentialAction":[{"@type":"ReadAction","target":["https:\/\/bart-et-lemy.com\/blog\/a-la-une\/lessive-bebe-ufc-que-choisir-et-nos-conseils-pour-un-choix-eclaire\/"]}]},{"@type":"ImageObject","inLanguage":"fr-FR","@id":"https:\/\/bart-et-lemy.com\/blog\/a-la-une\/lessive-bebe-ufc-que-choisir-et-nos-conseils-pour-un-choix-eclaire\/#primaryimage","url":"https:\/\/bart-et-lemy.com\/blog\/wp-content\/uploads\/2025\/02\/sdxl-6c2d400565a4df81441c90e1c3a800f7.png","contentUrl":"https:\/\/bart-et-lemy.com\/blog\/wp-content\/uploads\/2025\/02\/sdxl-6c2d400565a4df81441c90e1c3a800f7.png","width":1536,"height":640},{"@type":"WebSite","@id":"https:\/\/bart-et-lemy.com\/blog\/#website","url":"https:\/\/bart-et-lemy.com\/blog\/","name":"Bart et Lemy","description":"L\u2019originalit\u00e9 en toute libert\u00e9.","publisher":{"@id":"https:\/\/bart-et-lemy.com\/blog\/#organization"},"alternateName":"Conseils parentaux, astuces famille et bien-\u00eatre enfant","potentialAction":[{"@type":"SearchAction","target":{"@type":"EntryPoint","urlTemplate":"https:\/\/bart-et-lemy.com\/blog\/?s={search_term_string}"},"query-input":{"@type":"PropertyValueSpecification","valueRequired":true,"valueName":"search_term_string"}}],"inLanguage":"fr-FR"},{"@type":"Organization","@id":"https:\/\/bart-et-lemy.com\/blog\/#organization","name":"Bart et Lemy","alternateName":"bart-et-lemy.com","url":"https:\/\/bart-et-lemy.com\/blog\/","logo":{"@type":"ImageObject","inLanguage":"fr-FR","@id":"https:\/\/bart-et-lemy.com\/blog\/#\/schema\/logo\/image\/","url":"https:\/\/bart-et-lemy.com\/blog\/wp-content\/uploads\/2026\/07\/logo-auto.png","contentUrl":"https:\/\/bart-et-lemy.com\/blog\/wp-content\/uploads\/2026\/07\/logo-auto.png","width":1024,"height":1024,"caption":"Bart et Lemy"},"image":{"@id":"https:\/\/bart-et-lemy.com\/blog\/#\/schema\/logo\/image\/"}},{"@type":"Person","@id":"https:\/\/bart-et-lemy.com\/blog\/#\/schema\/person\/3c864cdc320801e3db34b663e7e3f816","name":"Elodie Mazeau","image":{"@type":"ImageObject","inLanguage":"fr-FR","@id":"https:\/\/bart-et-lemy.com\/blog\/wp-content\/uploads\/2026\/06\/persona_elodie-m-96x96.jpg","url":"https:\/\/bart-et-lemy.com\/blog\/wp-content\/uploads\/2026\/06\/persona_elodie-m-96x96.jpg","contentUrl":"https:\/\/bart-et-lemy.com\/blog\/wp-content\/uploads\/2026\/06\/persona_elodie-m-96x96.jpg","caption":"Elodie Mazeau"},"description":"J'\u00e9cris sur la parentalit\u00e9 telle qu'elle se vit vraiment, du premier biberon aux premi\u00e8res col\u00e8res. Mes sujets de pr\u00e9dilection couvrent le quotidien des familles : sommeil, alimentation, organisation, pu\u00e9riculture et ces petites gal\u00e8res que tout parent conna\u00eet. Depuis plusieurs ann\u00e9es, je m'attache \u00e0 proposer des rep\u00e8res concrets plut\u00f4t que des le\u00e7ons, parce que chaque famille trouve son propre \u00e9quilibre. Je v\u00e9rifie mes informations aupr\u00e8s de sources fiables, surtout d\u00e8s qu'on touche \u00e0 la sant\u00e9 ou \u00e0 la s\u00e9curit\u00e9 de l'enfant, et je pr\u00e9cise quand un avis professionnel s'impose. J'\u00e9vite soigneusement la culpabilisation : \u00eatre parent est d\u00e9j\u00e0 assez exigeant. Mon ton se veut complice et bienveillant, un peu comme une discussion entre parents qui se comprennent. L'id\u00e9e est d'all\u00e9ger la charge mentale en donnant des solutions simples et test\u00e9es.","sameAs":["https:\/\/elodiemazeau.fr\/"],"url":"https:\/\/bart-et-lemy.com\/blog\/auteur\/noname\/"}]}},"_links":{"self":[{"href":"https:\/\/bart-et-lemy.com\/blog\/wp-json\/wp\/v2\/posts\/8536","targetHints":{"allow":["GET"]}}],"collection":[{"href":"https:\/\/bart-et-lemy.com\/blog\/wp-json\/wp\/v2\/posts"}],"about":[{"href":"https:\/\/bart-et-lemy.com\/blog\/wp-json\/wp\/v2\/types\/post"}],"author":[{"embeddable":true,"href":"https:\/\/bart-et-lemy.com\/blog\/wp-json\/wp\/v2\/users\/34"}],"replies":[{"embeddable":true,"href":"https:\/\/bart-et-lemy.com\/blog\/wp-json\/wp\/v2\/comments?post=8536"}],"version-history":[{"count":1,"href":"https:\/\/bart-et-lemy.com\/blog\/wp-json\/wp\/v2\/posts\/8536\/revisions"}],"predecessor-version":[{"id":9654,"href":"https:\/\/bart-et-lemy.com\/blog\/wp-json\/wp\/v2\/posts\/8536\/revisions\/9654"}],"wp:featuredmedia":[{"embeddable":true,"href":"https:\/\/bart-et-lemy.com\/blog\/wp-json\/wp\/v2\/media\/9656"}],"wp:attachment":[{"href":"https:\/\/bart-et-lemy.com\/blog\/wp-json\/wp\/v2\/media?parent=8536"}],"wp:term":[{"taxonomy":"category","embeddable":true,"href":"https:\/\/bart-et-lemy.com\/blog\/wp-json\/wp\/v2\/categories?post=8536"},{"taxonomy":"post_tag","embeddable":true,"href":"https:\/\/bart-et-lemy.com\/blog\/wp-json\/wp\/v2\/tags?post=8536"}],"curies":[{"name":"wp","href":"https:\/\/api.w.org\/{rel}","templated":true}]}}