{"id":8541,"date":"2025-03-01T17:19:00","date_gmt":"2025-03-01T16:19:00","guid":{"rendered":"https:\/\/bart-et-lemy.com\/blog\/?p=8541"},"modified":"2025-02-10T16:30:54","modified_gmt":"2025-02-10T15:30:54","slug":"decouvrez-le-salon-du-bebe-a-libramont-un-evenement-incontournable-pour-les-futurs-parents","status":"publish","type":"post","link":"https:\/\/bart-et-lemy.com\/blog\/a-la-une\/decouvrez-le-salon-du-bebe-a-libramont-un-evenement-incontournable-pour-les-futurs-parents\/","title":{"rendered":"D\u00e9couvrez le Salon du B\u00e9b\u00e9 \u00e0 Libramont : Un \u00c9v\u00e9nement Incontournable pour les Futurs Parents"},"content":{"rendered":"<p>Qu&rsquo;il s&rsquo;agisse de d\u00e9couvrir les derni\u00e8res tendances en mati\u00e8re de pu\u00e9riculture ou de trouver des conseils pratiques, ce salon regroupe une vari\u00e9t\u00e9 d&rsquo;exposants et d&rsquo;activit\u00e9s adapt\u00e9s aux besoins des parents d&rsquo;aujourd&rsquo;hui. Pourquoi participer \u00e0 cet \u00e9v\u00e9nement ? Voil\u00e0 quelques \u00e9l\u00e9ments qui devraient vous convaincre.<\/p>\n<h2>Qu&rsquo;est-ce que le Salon du B\u00e9b\u00e9 \u00e0 Libramont ?<\/h2>\n<p>Le Salon du B\u00e9b\u00e9, qui a lieu chaque ann\u00e9e \u00e0 Libramont, est un rassemblement d\u00e9di\u00e9 \u00e0 la parentalit\u00e9 et \u00e0 l\u2019enfance. Cet \u00e9v\u00e9nement propose un large \u00e9ventail de stands pr\u00e9sentant des produits de pu\u00e9riculture, des v\u00eatements pour b\u00e9b\u00e9s, des jouets \u00e9ducatifs, ainsi que des services pour les parents. Les visiteurs peuvent \u00e9galement assister \u00e0 des conf\u00e9rences anim\u00e9es par des experts sur des sujets vari\u00e9s, allant de l&rsquo;alimentation infantile \u00e0 la sant\u00e9 des enfants.<\/p>\n<blockquote class=\"wp-embedded-content\" data-secret=\"w3LjlB1Ihl\"><p><a href=\"https:\/\/bart-et-lemy.com\/blog\/a-la-une\/les-couches-lavables-pour-bebe-un-choix-eco-responsable-et-economique\/\">Les couches lavables pour b\u00e9b\u00e9 : un choix \u00e9co-responsable et \u00e9conomique<\/a><\/p><\/blockquote>\n<p><iframe loading=\"lazy\" class=\"wp-embedded-content\" sandbox=\"allow-scripts\" security=\"restricted\" style=\"position: absolute; visibility: hidden;\" title=\"\u00ab\u00a0Les couches lavables pour b\u00e9b\u00e9 : un choix \u00e9co-responsable et \u00e9conomique\u00a0\u00bb &#8212; bart-et-lemy.com\" src=\"https:\/\/bart-et-lemy.com\/blog\/a-la-une\/les-couches-lavables-pour-bebe-un-choix-eco-responsable-et-economique\/embed\/#?secret=pNAgf1iAkC#?secret=w3LjlB1Ihl\" data-secret=\"w3LjlB1Ihl\" width=\"600\" height=\"338\" frameborder=\"0\" marginwidth=\"0\" marginheight=\"0\" scrolling=\"no\"><\/iframe><\/p>\n<p>Avec des milliers de visiteurs chaque ann\u00e9e, le salon offre une occasion unique de rencontrer des professionnels du secteur, d&rsquo;\u00e9changer avec d&rsquo;autres parents et de b\u00e9n\u00e9ficier de conseils avis\u00e9s pour accueillir un nouveau-n\u00e9.<\/p>\n<h2>Les avantages de participer au salon<\/h2>\n<ul>\n<li><strong>D\u00e9couverte des produits :<\/strong> Les parents peuvent explorer une large gamme de produits et services, souvent en exclusivit\u00e9.<\/li>\n<li><strong>\u00c9changes avec des experts :<\/strong> Les conf\u00e9rences et ateliers permettent d&rsquo;obtenir des conseils pratiques et des informations pr\u00e9cieuses.<\/li>\n<li><strong>Ambiance conviviale :<\/strong> Les visiteurs partagent leurs exp\u00e9riences et cr\u00e9ent des liens dans une atmosph\u00e8re amicale.<\/li>\n<\/ul>\n<h2>Les temps forts du salon<\/h2>\n<p>Le Salon du B\u00e9b\u00e9 \u00e0 Libramont ne se limite pas \u00e0 des exposants. De nombreuses activit\u00e9s rythment l&rsquo;\u00e9v\u00e9nement. Voici quelques exemples :<\/p>\n<blockquote class=\"wp-embedded-content\" data-secret=\"iLSYEoHFEB\"><p><a href=\"https:\/\/bart-et-lemy.com\/blog\/a-la-une\/le-lien-precieux-entre-bebe-et-maman-une-aventure-unique\/\">Le lien pr\u00e9cieux entre b\u00e9b\u00e9 et maman : une aventure unique<\/a><\/p><\/blockquote>\n<p><iframe loading=\"lazy\" class=\"wp-embedded-content\" sandbox=\"allow-scripts\" security=\"restricted\" style=\"position: absolute; visibility: hidden;\" title=\"\u00ab\u00a0Le lien pr\u00e9cieux entre b\u00e9b\u00e9 et maman : une aventure unique\u00a0\u00bb &#8212; bart-et-lemy.com\" src=\"https:\/\/bart-et-lemy.com\/blog\/a-la-une\/le-lien-precieux-entre-bebe-et-maman-une-aventure-unique\/embed\/#?secret=I5WauwUeh3#?secret=iLSYEoHFEB\" data-secret=\"iLSYEoHFEB\" width=\"600\" height=\"338\" frameborder=\"0\" marginwidth=\"0\" marginheight=\"0\" scrolling=\"no\"><\/iframe><\/p>\n<ul>\n<li><strong>Ateliers pratiques :<\/strong> Des sessions interactives sur des th\u00e8mes comme le portage, les soins aux nouveau-n\u00e9s, et bien plus encore.<\/li>\n<li><strong>Concours et animations :<\/strong> Des jeux et des concours sont organis\u00e9s pour divertir petits et grands.<\/li>\n<li><strong>Rencontres avec des professionnels :<\/strong> Des p\u00e9diatres, des nutritionnistes et des \u00e9ducateurs partagent leurs connaissances.<\/li>\n<\/ul>\n<blockquote>\n<p>\u00ab\u00a0Le Salon du B\u00e9b\u00e9 est une excellente occasion pour les parents d&rsquo;apprendre, de partager et de s&rsquo;informer sur les meilleures pratiques.\u00a0\u00bb &#8211; Un visiteur enthousiaste.<\/p>\n<\/blockquote>\n<h2>Informations pratiques pour les visiteurs<\/h2>\n<table>\n<tr>\n<th>Informations<\/th>\n<th>D\u00e9tails<\/th>\n<\/tr>\n<tr>\n<td>Date<\/td>\n<td>Le 15 et 16 avril 2024<\/td>\n<\/tr>\n<tr>\n<td>Lieu<\/td>\n<td>Centre Expo de Libramont<\/td>\n<\/tr>\n<tr>\n<td>Tarifs<\/td>\n<td>5 euros par personne, gratuit pour les enfants de moins de 12 ans<\/td>\n<\/tr>\n<\/table>\n<h3>FAQ :<\/h3>\n<blockquote>\n<ul>\n<li><strong>Qui peut participer au salon ?<\/strong>Le salon est ouvert \u00e0 tous les futurs parents, les jeunes familles et toute personne int\u00e9ress\u00e9e par la parentalit\u00e9.<\/li>\n<li><strong>Y a-t-il des activit\u00e9s pour les enfants ?<\/strong>Oui, des animations et des ateliers sont pr\u00e9vus pour divertir les enfants tout au long de l&rsquo;\u00e9v\u00e9nement.<\/li>\n<li><strong>Comment s&rsquo;inscrire aux ateliers ?<\/strong>Les inscriptions se font sur place, mais il est conseill\u00e9 de v\u00e9rifier les horaires \u00e0 l&rsquo;avance.<\/li>\n<li><strong>Y a-t-il des r\u00e9ductions pour les groupes ?<\/strong>Des tarifs r\u00e9duits sont souvent propos\u00e9s pour les groupes, il suffit de contacter les organisateurs.<\/li>\n<\/ul>\n<\/blockquote>\n<p>En conclusion, le Salon du B\u00e9b\u00e9 \u00e0 Libramont repr\u00e9sente une exp\u00e9rience enrichissante pour les futurs parents. D\u00e9couvrez des produits adapt\u00e9s, \u00e9changez avec des professionnels et partagez vos exp\u00e9riences dans une ambiance conviviale. Ne manquez pas cet \u00e9v\u00e9nement incontournable pour tout savoir sur la parentalit\u00e9 moderne !<\/p>\n","protected":false},"excerpt":{"rendered":"","protected":false},"author":34,"featured_media":10041,"comment_status":"open","ping_status":"open","sticky":false,"template":"","format":"standard","meta":{"_acf_changed":false,"manual_indexmenow":false,"indexmenow_id_project":0,"footnotes":""},"categories":[1],"tags":[4902,5333,4586,4562,4814,5334],"class_list":["post-8541","post","type-post","status-publish","format-standard","has-post-thumbnail","hentry","category-a-la-une","tag-activites","tag-conferences","tag-parentalite","tag-puericulture","tag-salon-du-bebe","tag-visiteurs","generate-columns","tablet-grid-50","mobile-grid-100","grid-parent","grid-25"],"acf":[],"yoast_head":"<!-- This site is optimized with the Yoast SEO Premium plugin v21.3 (Yoast SEO v27.3) - https:\/\/yoast.com\/product\/yoast-seo-premium-wordpress\/ -->\n<title>D\u00e9couvrez le Salon du B\u00e9b\u00e9 \u00e0 Libramont<\/title>\n<meta name=\"description\" content=\"Qu&#039;il s&#039;agisse de d\u00e9couvrir les derni\u00e8res tendances en mati\u00e8re de pu\u00e9riculture ou de trouver des conseils pratiques, ce salon regroupe une vari\u00e9t\u00e9\u2026\" \/>\n<meta name=\"robots\" content=\"index, follow, max-snippet:-1, max-image-preview:large, max-video-preview:-1\" \/>\n<link rel=\"canonical\" href=\"https:\/\/bart-et-lemy.com\/blog\/a-la-une\/decouvrez-le-salon-du-bebe-a-libramont-un-evenement-incontournable-pour-les-futurs-parents\/\" \/>\n<meta property=\"og:locale\" content=\"fr_FR\" \/>\n<meta property=\"og:type\" content=\"article\" \/>\n<meta property=\"og:title\" content=\"D\u00e9couvrez le Salon du B\u00e9b\u00e9 \u00e0 Libramont\" \/>\n<meta property=\"og:description\" content=\"Qu&#039;il s&#039;agisse de d\u00e9couvrir les derni\u00e8res tendances en mati\u00e8re de pu\u00e9riculture ou de trouver des conseils pratiques, ce salon regroupe une vari\u00e9t\u00e9\u2026\" \/>\n<meta property=\"og:url\" content=\"https:\/\/bart-et-lemy.com\/blog\/a-la-une\/decouvrez-le-salon-du-bebe-a-libramont-un-evenement-incontournable-pour-les-futurs-parents\/\" \/>\n<meta property=\"og:site_name\" content=\"bart-et-lemy.com\" \/>\n<meta property=\"og:image\" content=\"https:\/\/bart-et-lemy.com\/blog\/wp-content\/uploads\/2025\/03\/sdxl-ad3f47f1963af6c66567cc1fa34bdd51.png\" \/>\n\t<meta property=\"og:image:width\" content=\"1536\" \/>\n\t<meta property=\"og:image:height\" content=\"640\" \/>\n\t<meta property=\"og:image:type\" content=\"image\/png\" \/>\n<meta name=\"author\" content=\"Elodie Mazeau\" \/>\n<meta name=\"twitter:card\" content=\"summary_large_image\" \/>\n<script type=\"application\/ld+json\" class=\"yoast-schema-graph\">{\"@context\":\"https:\\\/\\\/schema.org\",\"@graph\":[{\"@type\":\"NewsArticle\",\"@id\":\"https:\\\/\\\/bart-et-lemy.com\\\/blog\\\/a-la-une\\\/decouvrez-le-salon-du-bebe-a-libramont-un-evenement-incontournable-pour-les-futurs-parents\\\/#article\",\"isPartOf\":{\"@id\":\"https:\\\/\\\/bart-et-lemy.com\\\/blog\\\/a-la-une\\\/decouvrez-le-salon-du-bebe-a-libramont-un-evenement-incontournable-pour-les-futurs-parents\\\/\"},\"author\":{\"name\":\"Elodie Mazeau\",\"@id\":\"https:\\\/\\\/bart-et-lemy.com\\\/blog\\\/#\\\/schema\\\/person\\\/3c864cdc320801e3db34b663e7e3f816\"},\"headline\":\"D\u00e9couvrez le Salon du B\u00e9b\u00e9 \u00e0 Libramont : Un \u00c9v\u00e9nement Incontournable pour les Futurs Parents\",\"datePublished\":\"2025-03-01T16:19:00+00:00\",\"mainEntityOfPage\":{\"@id\":\"https:\\\/\\\/bart-et-lemy.com\\\/blog\\\/a-la-une\\\/decouvrez-le-salon-du-bebe-a-libramont-un-evenement-incontournable-pour-les-futurs-parents\\\/\"},\"wordCount\":566,\"commentCount\":28,\"publisher\":{\"@id\":\"https:\\\/\\\/bart-et-lemy.com\\\/blog\\\/#organization\"},\"image\":{\"@id\":\"https:\\\/\\\/bart-et-lemy.com\\\/blog\\\/a-la-une\\\/decouvrez-le-salon-du-bebe-a-libramont-un-evenement-incontournable-pour-les-futurs-parents\\\/#primaryimage\"},\"thumbnailUrl\":\"https:\\\/\\\/bart-et-lemy.com\\\/blog\\\/wp-content\\\/uploads\\\/2025\\\/03\\\/sdxl-ad3f47f1963af6c66567cc1fa34bdd51.png\",\"keywords\":[\"Activit\u00e9s\",\"Conf\u00e9rences\",\"Parentalit\u00e9\",\"Pu\u00e9riculture\",\"Salon du B\u00e9b\u00e9\",\"Visiteurs\"],\"articleSection\":[\"\u00c0 la une\"],\"inLanguage\":\"fr-FR\",\"potentialAction\":[{\"@type\":\"CommentAction\",\"name\":\"Comment\",\"target\":[\"https:\\\/\\\/bart-et-lemy.com\\\/blog\\\/a-la-une\\\/decouvrez-le-salon-du-bebe-a-libramont-un-evenement-incontournable-pour-les-futurs-parents\\\/#respond\"]}]},{\"@type\":\"WebPage\",\"@id\":\"https:\\\/\\\/bart-et-lemy.com\\\/blog\\\/a-la-une\\\/decouvrez-le-salon-du-bebe-a-libramont-un-evenement-incontournable-pour-les-futurs-parents\\\/\",\"url\":\"https:\\\/\\\/bart-et-lemy.com\\\/blog\\\/a-la-une\\\/decouvrez-le-salon-du-bebe-a-libramont-un-evenement-incontournable-pour-les-futurs-parents\\\/\",\"name\":\"D\u00e9couvrez le Salon du B\u00e9b\u00e9 \u00e0 Libramont\",\"isPartOf\":{\"@id\":\"https:\\\/\\\/bart-et-lemy.com\\\/blog\\\/#website\"},\"primaryImageOfPage\":{\"@id\":\"https:\\\/\\\/bart-et-lemy.com\\\/blog\\\/a-la-une\\\/decouvrez-le-salon-du-bebe-a-libramont-un-evenement-incontournable-pour-les-futurs-parents\\\/#primaryimage\"},\"image\":{\"@id\":\"https:\\\/\\\/bart-et-lemy.com\\\/blog\\\/a-la-une\\\/decouvrez-le-salon-du-bebe-a-libramont-un-evenement-incontournable-pour-les-futurs-parents\\\/#primaryimage\"},\"thumbnailUrl\":\"https:\\\/\\\/bart-et-lemy.com\\\/blog\\\/wp-content\\\/uploads\\\/2025\\\/03\\\/sdxl-ad3f47f1963af6c66567cc1fa34bdd51.png\",\"datePublished\":\"2025-03-01T16:19:00+00:00\",\"description\":\"Qu'il s'agisse de d\u00e9couvrir les derni\u00e8res tendances en mati\u00e8re de pu\u00e9riculture ou de trouver des conseils pratiques, ce salon regroupe une vari\u00e9t\u00e9\u2026\",\"inLanguage\":\"fr-FR\",\"potentialAction\":[{\"@type\":\"ReadAction\",\"target\":[\"https:\\\/\\\/bart-et-lemy.com\\\/blog\\\/a-la-une\\\/decouvrez-le-salon-du-bebe-a-libramont-un-evenement-incontournable-pour-les-futurs-parents\\\/\"]}]},{\"@type\":\"ImageObject\",\"inLanguage\":\"fr-FR\",\"@id\":\"https:\\\/\\\/bart-et-lemy.com\\\/blog\\\/a-la-une\\\/decouvrez-le-salon-du-bebe-a-libramont-un-evenement-incontournable-pour-les-futurs-parents\\\/#primaryimage\",\"url\":\"https:\\\/\\\/bart-et-lemy.com\\\/blog\\\/wp-content\\\/uploads\\\/2025\\\/03\\\/sdxl-ad3f47f1963af6c66567cc1fa34bdd51.png\",\"contentUrl\":\"https:\\\/\\\/bart-et-lemy.com\\\/blog\\\/wp-content\\\/uploads\\\/2025\\\/03\\\/sdxl-ad3f47f1963af6c66567cc1fa34bdd51.png\",\"width\":1536,\"height\":640},{\"@type\":\"WebSite\",\"@id\":\"https:\\\/\\\/bart-et-lemy.com\\\/blog\\\/#website\",\"url\":\"https:\\\/\\\/bart-et-lemy.com\\\/blog\\\/\",\"name\":\"Bart et Lemy\",\"description\":\"L\u2019originalit\u00e9 en toute libert\u00e9.\",\"publisher\":{\"@id\":\"https:\\\/\\\/bart-et-lemy.com\\\/blog\\\/#organization\"},\"alternateName\":\"Conseils parentaux, astuces famille et bien-\u00eatre enfant\",\"potentialAction\":[{\"@type\":\"SearchAction\",\"target\":{\"@type\":\"EntryPoint\",\"urlTemplate\":\"https:\\\/\\\/bart-et-lemy.com\\\/blog\\\/?s={search_term_string}\"},\"query-input\":{\"@type\":\"PropertyValueSpecification\",\"valueRequired\":true,\"valueName\":\"search_term_string\"}}],\"inLanguage\":\"fr-FR\"},{\"@type\":\"Organization\",\"@id\":\"https:\\\/\\\/bart-et-lemy.com\\\/blog\\\/#organization\",\"name\":\"Bart et Lemy\",\"alternateName\":\"bart-et-lemy.com\",\"url\":\"https:\\\/\\\/bart-et-lemy.com\\\/blog\\\/\",\"logo\":{\"@type\":\"ImageObject\",\"inLanguage\":\"fr-FR\",\"@id\":\"https:\\\/\\\/bart-et-lemy.com\\\/blog\\\/#\\\/schema\\\/logo\\\/image\\\/\",\"url\":\"https:\\\/\\\/bart-et-lemy.com\\\/blog\\\/wp-content\\\/uploads\\\/2026\\\/07\\\/logo-auto.png\",\"contentUrl\":\"https:\\\/\\\/bart-et-lemy.com\\\/blog\\\/wp-content\\\/uploads\\\/2026\\\/07\\\/logo-auto.png\",\"width\":1024,\"height\":1024,\"caption\":\"Bart et Lemy\"},\"image\":{\"@id\":\"https:\\\/\\\/bart-et-lemy.com\\\/blog\\\/#\\\/schema\\\/logo\\\/image\\\/\"}},{\"@type\":\"Person\",\"@id\":\"https:\\\/\\\/bart-et-lemy.com\\\/blog\\\/#\\\/schema\\\/person\\\/3c864cdc320801e3db34b663e7e3f816\",\"name\":\"Elodie Mazeau\",\"image\":{\"@type\":\"ImageObject\",\"inLanguage\":\"fr-FR\",\"@id\":\"https:\\\/\\\/bart-et-lemy.com\\\/blog\\\/wp-content\\\/uploads\\\/2026\\\/06\\\/persona_elodie-m-96x96.jpg\",\"url\":\"https:\\\/\\\/bart-et-lemy.com\\\/blog\\\/wp-content\\\/uploads\\\/2026\\\/06\\\/persona_elodie-m-96x96.jpg\",\"contentUrl\":\"https:\\\/\\\/bart-et-lemy.com\\\/blog\\\/wp-content\\\/uploads\\\/2026\\\/06\\\/persona_elodie-m-96x96.jpg\",\"caption\":\"Elodie Mazeau\"},\"description\":\"J'\u00e9cris sur la parentalit\u00e9 telle qu'elle se vit vraiment, du premier biberon aux premi\u00e8res col\u00e8res. Mes sujets de pr\u00e9dilection couvrent le quotidien des familles : sommeil, alimentation, organisation, pu\u00e9riculture et ces petites gal\u00e8res que tout parent conna\u00eet. Depuis plusieurs ann\u00e9es, je m'attache \u00e0 proposer des rep\u00e8res concrets plut\u00f4t que des le\u00e7ons, parce que chaque famille trouve son propre \u00e9quilibre. Je v\u00e9rifie mes informations aupr\u00e8s de sources fiables, surtout d\u00e8s qu'on touche \u00e0 la sant\u00e9 ou \u00e0 la s\u00e9curit\u00e9 de l'enfant, et je pr\u00e9cise quand un avis professionnel s'impose. J'\u00e9vite soigneusement la culpabilisation : \u00eatre parent est d\u00e9j\u00e0 assez exigeant. Mon ton se veut complice et bienveillant, un peu comme une discussion entre parents qui se comprennent. L'id\u00e9e est d'all\u00e9ger la charge mentale en donnant des solutions simples et test\u00e9es.\",\"sameAs\":[\"https:\\\/\\\/elodiemazeau.fr\\\/\"],\"url\":\"https:\\\/\\\/bart-et-lemy.com\\\/blog\\\/auteur\\\/noname\\\/\"}]}<\/script>\n<!-- \/ Yoast SEO Premium plugin. -->","yoast_head_json":{"title":"D\u00e9couvrez le Salon du B\u00e9b\u00e9 \u00e0 Libramont","description":"Qu'il s'agisse de d\u00e9couvrir les derni\u00e8res tendances en mati\u00e8re de pu\u00e9riculture ou de trouver des conseils pratiques, ce salon regroupe une vari\u00e9t\u00e9\u2026","robots":{"index":"index","follow":"follow","max-snippet":"max-snippet:-1","max-image-preview":"max-image-preview:large","max-video-preview":"max-video-preview:-1"},"canonical":"https:\/\/bart-et-lemy.com\/blog\/a-la-une\/decouvrez-le-salon-du-bebe-a-libramont-un-evenement-incontournable-pour-les-futurs-parents\/","og_locale":"fr_FR","og_type":"article","og_title":"D\u00e9couvrez le Salon du B\u00e9b\u00e9 \u00e0 Libramont","og_description":"Qu'il s'agisse de d\u00e9couvrir les derni\u00e8res tendances en mati\u00e8re de pu\u00e9riculture ou de trouver des conseils pratiques, ce salon regroupe une vari\u00e9t\u00e9\u2026","og_url":"https:\/\/bart-et-lemy.com\/blog\/a-la-une\/decouvrez-le-salon-du-bebe-a-libramont-un-evenement-incontournable-pour-les-futurs-parents\/","og_site_name":"bart-et-lemy.com","og_image":[{"width":1536,"height":640,"url":"https:\/\/bart-et-lemy.com\/blog\/wp-content\/uploads\/2025\/03\/sdxl-ad3f47f1963af6c66567cc1fa34bdd51.png","type":"image\/png"}],"author":"Elodie Mazeau","twitter_card":"summary_large_image","schema":{"@context":"https:\/\/schema.org","@graph":[{"@type":"NewsArticle","@id":"https:\/\/bart-et-lemy.com\/blog\/a-la-une\/decouvrez-le-salon-du-bebe-a-libramont-un-evenement-incontournable-pour-les-futurs-parents\/#article","isPartOf":{"@id":"https:\/\/bart-et-lemy.com\/blog\/a-la-une\/decouvrez-le-salon-du-bebe-a-libramont-un-evenement-incontournable-pour-les-futurs-parents\/"},"author":{"name":"Elodie Mazeau","@id":"https:\/\/bart-et-lemy.com\/blog\/#\/schema\/person\/3c864cdc320801e3db34b663e7e3f816"},"headline":"D\u00e9couvrez le Salon du B\u00e9b\u00e9 \u00e0 Libramont : Un \u00c9v\u00e9nement Incontournable pour les Futurs Parents","datePublished":"2025-03-01T16:19:00+00:00","mainEntityOfPage":{"@id":"https:\/\/bart-et-lemy.com\/blog\/a-la-une\/decouvrez-le-salon-du-bebe-a-libramont-un-evenement-incontournable-pour-les-futurs-parents\/"},"wordCount":566,"commentCount":28,"publisher":{"@id":"https:\/\/bart-et-lemy.com\/blog\/#organization"},"image":{"@id":"https:\/\/bart-et-lemy.com\/blog\/a-la-une\/decouvrez-le-salon-du-bebe-a-libramont-un-evenement-incontournable-pour-les-futurs-parents\/#primaryimage"},"thumbnailUrl":"https:\/\/bart-et-lemy.com\/blog\/wp-content\/uploads\/2025\/03\/sdxl-ad3f47f1963af6c66567cc1fa34bdd51.png","keywords":["Activit\u00e9s","Conf\u00e9rences","Parentalit\u00e9","Pu\u00e9riculture","Salon du B\u00e9b\u00e9","Visiteurs"],"articleSection":["\u00c0 la une"],"inLanguage":"fr-FR","potentialAction":[{"@type":"CommentAction","name":"Comment","target":["https:\/\/bart-et-lemy.com\/blog\/a-la-une\/decouvrez-le-salon-du-bebe-a-libramont-un-evenement-incontournable-pour-les-futurs-parents\/#respond"]}]},{"@type":"WebPage","@id":"https:\/\/bart-et-lemy.com\/blog\/a-la-une\/decouvrez-le-salon-du-bebe-a-libramont-un-evenement-incontournable-pour-les-futurs-parents\/","url":"https:\/\/bart-et-lemy.com\/blog\/a-la-une\/decouvrez-le-salon-du-bebe-a-libramont-un-evenement-incontournable-pour-les-futurs-parents\/","name":"D\u00e9couvrez le Salon du B\u00e9b\u00e9 \u00e0 Libramont","isPartOf":{"@id":"https:\/\/bart-et-lemy.com\/blog\/#website"},"primaryImageOfPage":{"@id":"https:\/\/bart-et-lemy.com\/blog\/a-la-une\/decouvrez-le-salon-du-bebe-a-libramont-un-evenement-incontournable-pour-les-futurs-parents\/#primaryimage"},"image":{"@id":"https:\/\/bart-et-lemy.com\/blog\/a-la-une\/decouvrez-le-salon-du-bebe-a-libramont-un-evenement-incontournable-pour-les-futurs-parents\/#primaryimage"},"thumbnailUrl":"https:\/\/bart-et-lemy.com\/blog\/wp-content\/uploads\/2025\/03\/sdxl-ad3f47f1963af6c66567cc1fa34bdd51.png","datePublished":"2025-03-01T16:19:00+00:00","description":"Qu'il s'agisse de d\u00e9couvrir les derni\u00e8res tendances en mati\u00e8re de pu\u00e9riculture ou de trouver des conseils pratiques, ce salon regroupe une vari\u00e9t\u00e9\u2026","inLanguage":"fr-FR","potentialAction":[{"@type":"ReadAction","target":["https:\/\/bart-et-lemy.com\/blog\/a-la-une\/decouvrez-le-salon-du-bebe-a-libramont-un-evenement-incontournable-pour-les-futurs-parents\/"]}]},{"@type":"ImageObject","inLanguage":"fr-FR","@id":"https:\/\/bart-et-lemy.com\/blog\/a-la-une\/decouvrez-le-salon-du-bebe-a-libramont-un-evenement-incontournable-pour-les-futurs-parents\/#primaryimage","url":"https:\/\/bart-et-lemy.com\/blog\/wp-content\/uploads\/2025\/03\/sdxl-ad3f47f1963af6c66567cc1fa34bdd51.png","contentUrl":"https:\/\/bart-et-lemy.com\/blog\/wp-content\/uploads\/2025\/03\/sdxl-ad3f47f1963af6c66567cc1fa34bdd51.png","width":1536,"height":640},{"@type":"WebSite","@id":"https:\/\/bart-et-lemy.com\/blog\/#website","url":"https:\/\/bart-et-lemy.com\/blog\/","name":"Bart et Lemy","description":"L\u2019originalit\u00e9 en toute libert\u00e9.","publisher":{"@id":"https:\/\/bart-et-lemy.com\/blog\/#organization"},"alternateName":"Conseils parentaux, astuces famille et bien-\u00eatre enfant","potentialAction":[{"@type":"SearchAction","target":{"@type":"EntryPoint","urlTemplate":"https:\/\/bart-et-lemy.com\/blog\/?s={search_term_string}"},"query-input":{"@type":"PropertyValueSpecification","valueRequired":true,"valueName":"search_term_string"}}],"inLanguage":"fr-FR"},{"@type":"Organization","@id":"https:\/\/bart-et-lemy.com\/blog\/#organization","name":"Bart et Lemy","alternateName":"bart-et-lemy.com","url":"https:\/\/bart-et-lemy.com\/blog\/","logo":{"@type":"ImageObject","inLanguage":"fr-FR","@id":"https:\/\/bart-et-lemy.com\/blog\/#\/schema\/logo\/image\/","url":"https:\/\/bart-et-lemy.com\/blog\/wp-content\/uploads\/2026\/07\/logo-auto.png","contentUrl":"https:\/\/bart-et-lemy.com\/blog\/wp-content\/uploads\/2026\/07\/logo-auto.png","width":1024,"height":1024,"caption":"Bart et Lemy"},"image":{"@id":"https:\/\/bart-et-lemy.com\/blog\/#\/schema\/logo\/image\/"}},{"@type":"Person","@id":"https:\/\/bart-et-lemy.com\/blog\/#\/schema\/person\/3c864cdc320801e3db34b663e7e3f816","name":"Elodie Mazeau","image":{"@type":"ImageObject","inLanguage":"fr-FR","@id":"https:\/\/bart-et-lemy.com\/blog\/wp-content\/uploads\/2026\/06\/persona_elodie-m-96x96.jpg","url":"https:\/\/bart-et-lemy.com\/blog\/wp-content\/uploads\/2026\/06\/persona_elodie-m-96x96.jpg","contentUrl":"https:\/\/bart-et-lemy.com\/blog\/wp-content\/uploads\/2026\/06\/persona_elodie-m-96x96.jpg","caption":"Elodie Mazeau"},"description":"J'\u00e9cris sur la parentalit\u00e9 telle qu'elle se vit vraiment, du premier biberon aux premi\u00e8res col\u00e8res. Mes sujets de pr\u00e9dilection couvrent le quotidien des familles : sommeil, alimentation, organisation, pu\u00e9riculture et ces petites gal\u00e8res que tout parent conna\u00eet. Depuis plusieurs ann\u00e9es, je m'attache \u00e0 proposer des rep\u00e8res concrets plut\u00f4t que des le\u00e7ons, parce que chaque famille trouve son propre \u00e9quilibre. Je v\u00e9rifie mes informations aupr\u00e8s de sources fiables, surtout d\u00e8s qu'on touche \u00e0 la sant\u00e9 ou \u00e0 la s\u00e9curit\u00e9 de l'enfant, et je pr\u00e9cise quand un avis professionnel s'impose. J'\u00e9vite soigneusement la culpabilisation : \u00eatre parent est d\u00e9j\u00e0 assez exigeant. Mon ton se veut complice et bienveillant, un peu comme une discussion entre parents qui se comprennent. L'id\u00e9e est d'all\u00e9ger la charge mentale en donnant des solutions simples et test\u00e9es.","sameAs":["https:\/\/elodiemazeau.fr\/"],"url":"https:\/\/bart-et-lemy.com\/blog\/auteur\/noname\/"}]}},"_links":{"self":[{"href":"https:\/\/bart-et-lemy.com\/blog\/wp-json\/wp\/v2\/posts\/8541","targetHints":{"allow":["GET"]}}],"collection":[{"href":"https:\/\/bart-et-lemy.com\/blog\/wp-json\/wp\/v2\/posts"}],"about":[{"href":"https:\/\/bart-et-lemy.com\/blog\/wp-json\/wp\/v2\/types\/post"}],"author":[{"embeddable":true,"href":"https:\/\/bart-et-lemy.com\/blog\/wp-json\/wp\/v2\/users\/34"}],"replies":[{"embeddable":true,"href":"https:\/\/bart-et-lemy.com\/blog\/wp-json\/wp\/v2\/comments?post=8541"}],"version-history":[{"count":1,"href":"https:\/\/bart-et-lemy.com\/blog\/wp-json\/wp\/v2\/posts\/8541\/revisions"}],"predecessor-version":[{"id":9760,"href":"https:\/\/bart-et-lemy.com\/blog\/wp-json\/wp\/v2\/posts\/8541\/revisions\/9760"}],"wp:featuredmedia":[{"embeddable":true,"href":"https:\/\/bart-et-lemy.com\/blog\/wp-json\/wp\/v2\/media\/10041"}],"wp:attachment":[{"href":"https:\/\/bart-et-lemy.com\/blog\/wp-json\/wp\/v2\/media?parent=8541"}],"wp:term":[{"taxonomy":"category","embeddable":true,"href":"https:\/\/bart-et-lemy.com\/blog\/wp-json\/wp\/v2\/categories?post=8541"},{"taxonomy":"post_tag","embeddable":true,"href":"https:\/\/bart-et-lemy.com\/blog\/wp-json\/wp\/v2\/tags?post=8541"}],"curies":[{"name":"wp","href":"https:\/\/api.w.org\/{rel}","templated":true}]}}