{"id":8573,"date":"2025-03-05T17:19:00","date_gmt":"2025-03-05T16:19:00","guid":{"rendered":"https:\/\/bart-et-lemy.com\/blog\/?p=8573"},"modified":"2025-02-10T16:35:07","modified_gmt":"2025-02-10T15:35:07","slug":"voyager-a-velo-avec-bebe-le-guide-complet-pour-des-aventures-inoubliables","status":"publish","type":"post","link":"https:\/\/bart-et-lemy.com\/blog\/a-la-une\/voyager-a-velo-avec-bebe-le-guide-complet-pour-des-aventures-inoubliables\/","title":{"rendered":"Voyager \u00e0 v\u00e9lo avec b\u00e9b\u00e9 : le guide complet pour des aventures inoubliables"},"content":{"rendered":"<h2>Introduction : pourquoi voyager \u00e0 v\u00e9lo avec votre b\u00e9b\u00e9 ?<\/h2>\n<p>Imaginez-vous, p\u00e9dalant au gr\u00e9 du vent, tout en d\u00e9couvrant des paysages magnifiques avec votre petit. Ce type de voyage offre une occasion unique de cr\u00e9er des souvenirs durables, tout en favorisant un mode de vie actif et sain pour toute la famille.<\/p>\n<h2>Choisir le bon \u00e9quipement pour votre voyage<\/h2>\n<p>Avant de prendre la route, il est crucial de bien s\u00e9lectionner votre \u00e9quipement. Le confort et la s\u00e9curit\u00e9 de votre b\u00e9b\u00e9 doivent rester votre priorit\u00e9. Voici quelques \u00e9l\u00e9ments \u00e0 consid\u00e9rer :<\/p>\n<blockquote class=\"wp-embedded-content\" data-secret=\"vDhsDDuy5i\"><p><a href=\"https:\/\/bart-et-lemy.com\/blog\/a-la-une\/les-couches-lavables-pour-bebe-un-choix-eco-responsable-et-economique\/\">Les couches lavables pour b\u00e9b\u00e9 : un choix \u00e9co-responsable et \u00e9conomique<\/a><\/p><\/blockquote>\n<p><iframe loading=\"lazy\" class=\"wp-embedded-content\" sandbox=\"allow-scripts\" security=\"restricted\" style=\"position: absolute; visibility: hidden;\" title=\"\u00ab\u00a0Les couches lavables pour b\u00e9b\u00e9 : un choix \u00e9co-responsable et \u00e9conomique\u00a0\u00bb &#8212; bart-et-lemy.com\" src=\"https:\/\/bart-et-lemy.com\/blog\/a-la-une\/les-couches-lavables-pour-bebe-un-choix-eco-responsable-et-economique\/embed\/#?secret=naHI3RYWGx#?secret=vDhsDDuy5i\" data-secret=\"vDhsDDuy5i\" width=\"600\" height=\"338\" frameborder=\"0\" marginwidth=\"0\" marginheight=\"0\" scrolling=\"no\"><\/iframe><\/p>\n<ul>\n<li><strong>Si\u00e8ge v\u00e9lo adapt\u00e9 :<\/strong> Optez pour un si\u00e8ge homologu\u00e9, qui offre un bon maintien et une protection ad\u00e9quate.<\/li>\n<li><strong>V\u00eatements appropri\u00e9s :<\/strong> Pr\u00e9voyez des v\u00eatements en fonction de la m\u00e9t\u00e9o, ainsi qu&rsquo;une couverture pour les journ\u00e9es plus fra\u00eeches.<\/li>\n<li><strong>Remorque de v\u00e9lo :<\/strong> Une remorque peut \u00eatre une excellente alternative, offrant plus d\u2019espace et de confort pour votre enfant.<\/li>\n<\/ul>\n<p>Assurez-vous \u00e9galement d&rsquo;avoir les accessoires n\u00e9cessaires, comme un casque, des protections solaires, et suffisamment d&rsquo;eau et de collations pour toute la famille.<\/p>\n<h2>Planifier votre itin\u00e9raire avec soin<\/h2>\n<p>La planification de votre parcours est essentielle pour garantir une exp\u00e9rience agr\u00e9able. Recherchez des routes adapt\u00e9es aux familles, avec des pistes cyclables s\u00e9curis\u00e9es et des arr\u00eats int\u00e9ressants. Pensez \u00e0 des \u00e9l\u00e9ments comme :<\/p>\n<blockquote class=\"wp-embedded-content\" data-secret=\"cMYlAbIzTI\"><p><a href=\"https:\/\/bart-et-lemy.com\/blog\/a-la-une\/le-lien-precieux-entre-bebe-et-maman-une-aventure-unique\/\">Le lien pr\u00e9cieux entre b\u00e9b\u00e9 et maman : une aventure unique<\/a><\/p><\/blockquote>\n<p><iframe loading=\"lazy\" class=\"wp-embedded-content\" sandbox=\"allow-scripts\" security=\"restricted\" style=\"position: absolute; visibility: hidden;\" title=\"\u00ab\u00a0Le lien pr\u00e9cieux entre b\u00e9b\u00e9 et maman : une aventure unique\u00a0\u00bb &#8212; bart-et-lemy.com\" src=\"https:\/\/bart-et-lemy.com\/blog\/a-la-une\/le-lien-precieux-entre-bebe-et-maman-une-aventure-unique\/embed\/#?secret=lJ5lCorysl#?secret=cMYlAbIzTI\" data-secret=\"cMYlAbIzTI\" width=\"600\" height=\"338\" frameborder=\"0\" marginwidth=\"0\" marginheight=\"0\" scrolling=\"no\"><\/iframe><\/p>\n<ul>\n<li><strong>Distance quotidienne :<\/strong> Limitez-vous \u00e0 des trajets de 20 \u00e0 30 kilom\u00e8tres, en tenant compte des pauses n\u00e9cessaires.<\/li>\n<li><strong>Points d&rsquo;int\u00e9r\u00eat :<\/strong> Int\u00e9grez des lieux o\u00f9 vous pourrez vous arr\u00eater pour piqueniquer ou simplement vous reposer.<\/li>\n<li><strong>H\u00e9bergements adapt\u00e9s :<\/strong> Privil\u00e9giez des logements qui accueillent les familles, et v\u00e9rifiez \u00e0 l\u2019avance la disponibilit\u00e9 de lits pour b\u00e9b\u00e9s.<\/li>\n<\/ul>\n<h2>Les bienfaits du voyage \u00e0 v\u00e9lo avec b\u00e9b\u00e9<\/h2>\n<p>Voyager \u00e0 v\u00e9lo avec votre b\u00e9b\u00e9 pr\u00e9sente de nombreux avantages. Cela favorise le lien parent-enfant et permet de partager des exp\u00e9riences enrichissantes. Voici quelques b\u00e9n\u00e9fices cl\u00e9s :<\/p>\n<ul>\n<li><strong>Renforcement des liens familiaux :<\/strong> Partager ces moments ensemble contribue \u00e0 renforcer votre complicit\u00e9.<\/li>\n<li><strong>D\u00e9couverte de la nature :<\/strong> Explorer des paysages vari\u00e9s sensibilise votre enfant \u00e0 l&rsquo;environnement.<\/li>\n<li><strong>Activit\u00e9 physique :<\/strong> Le v\u00e9lo est un excellent moyen de rester actif, m\u00eame en voyageant.<\/li>\n<\/ul>\n<blockquote><p>\u201cVoyager \u00e0 v\u00e9lo, c\u2019est d\u00e9couvrir le monde \u00e0 travers les yeux de votre enfant.\u201d<\/p><\/blockquote>\n<h2>Tableau r\u00e9capitulatif : conseils pratiques pour voyager \u00e0 v\u00e9lo avec b\u00e9b\u00e9<\/h2>\n<table>\n<tr>\n<th>Conseils<\/th>\n<th>Importance<\/th>\n<th>Exemple<\/th>\n<\/tr>\n<tr>\n<td>V\u00e9rifier l&rsquo;\u00e9quipement<\/td>\n<td>Essentiel pour s\u00e9curit\u00e9<\/td>\n<td>Si\u00e8ge bien fix\u00e9<\/td>\n<\/tr>\n<tr>\n<td>Planifier des pauses<\/td>\n<td>\u00c9vite la fatigue<\/td>\n<td>Pique-nique en chemin<\/td>\n<\/tr>\n<tr>\n<td>Pr\u00e9parer le mat\u00e9riel<\/td>\n<td>Confort et praticit\u00e9<\/td>\n<td>V\u00eatements de rechange<\/td>\n<\/tr>\n<\/table>\n<h3>FAQ :<\/h3>\n<blockquote>\n<ul>\n<li><strong>Quel \u00e2ge doit avoir mon b\u00e9b\u00e9 pour voyager \u00e0 v\u00e9lo ?<\/strong>Un b\u00e9b\u00e9 peut voyager en toute s\u00e9curit\u00e9 d\u00e8s l&rsquo;\u00e2ge de six mois, avec un si\u00e8ge adapt\u00e9.<\/li>\n<li><strong>Comment choisir le bon si\u00e8ge v\u00e9lo ?<\/strong>Recherchez un si\u00e8ge qui offre un bon maintien et qui est conforme aux normes de s\u00e9curit\u00e9.<\/li>\n<li><strong>Combien de temps puis-je voyager par jour ?<\/strong>Il est recommand\u00e9 de ne pas d\u00e9passer 20 \u00e0 30 kilom\u00e8tres par jour avec un b\u00e9b\u00e9.<\/li>\n<li><strong>Quels sont les meilleurs itin\u00e9raires ?<\/strong>Privil\u00e9giez les pistes cyclables et les routes tranquilles, loin de la circulation dense.<\/li>\n<\/ul>\n<\/blockquote>\n<p>En r\u00e9sum\u00e9, voyager \u00e0 v\u00e9lo avec votre b\u00e9b\u00e9 ouvre la porte \u00e0 des exp\u00e9riences m\u00e9morables. Avec une bonne pr\u00e9paration et un \u00e9quipement ad\u00e9quat, vous pouvez profiter de chaque instant tout en cr\u00e9ant des souvenirs inoubliables. Alors, pr\u00e9parez votre v\u00e9lo, et partez \u00e0 l&rsquo;aventure en famille!<\/p>\n","protected":false},"excerpt":{"rendered":"","protected":false},"author":34,"featured_media":9876,"comment_status":"open","ping_status":"open","sticky":false,"template":"","format":"standard","meta":{"_acf_changed":false,"manual_indexmenow":false,"indexmenow_id_project":0,"footnotes":""},"categories":[1],"tags":[4590,3933,3665,5408,5407,5406],"class_list":["post-8573","post","type-post","status-publish","format-standard","has-post-thumbnail","hentry","category-a-la-une","tag-bebe","tag-equipement","tag-famille","tag-itineraire","tag-velo","tag-voyager","generate-columns","tablet-grid-50","mobile-grid-100","grid-parent","grid-25"],"acf":[],"yoast_head":"<!-- This site is optimized with the Yoast SEO Premium plugin v21.3 (Yoast SEO v27.3) - https:\/\/yoast.com\/product\/yoast-seo-premium-wordpress\/ -->\n<title>Voyager \u00e0 v\u00e9lo avec b\u00e9b\u00e9<\/title>\n<meta name=\"description\" content=\"Imaginez-vous, p\u00e9dalant au gr\u00e9 du vent, tout en d\u00e9couvrant des paysages magnifiques avec votre petit.\" \/>\n<meta name=\"robots\" content=\"index, follow, max-snippet:-1, max-image-preview:large, max-video-preview:-1\" \/>\n<link rel=\"canonical\" href=\"https:\/\/bart-et-lemy.com\/blog\/a-la-une\/voyager-a-velo-avec-bebe-le-guide-complet-pour-des-aventures-inoubliables\/\" \/>\n<meta property=\"og:locale\" content=\"fr_FR\" \/>\n<meta property=\"og:type\" content=\"article\" \/>\n<meta property=\"og:title\" content=\"Voyager \u00e0 v\u00e9lo avec b\u00e9b\u00e9\" \/>\n<meta property=\"og:description\" content=\"Imaginez-vous, p\u00e9dalant au gr\u00e9 du vent, tout en d\u00e9couvrant des paysages magnifiques avec votre petit.\" \/>\n<meta property=\"og:url\" content=\"https:\/\/bart-et-lemy.com\/blog\/a-la-une\/voyager-a-velo-avec-bebe-le-guide-complet-pour-des-aventures-inoubliables\/\" \/>\n<meta property=\"og:site_name\" content=\"bart-et-lemy.com\" \/>\n<meta property=\"og:image\" content=\"https:\/\/bart-et-lemy.com\/blog\/wp-content\/uploads\/2025\/03\/sdxl-b169c17dd9ceae1f249df58fcd5583f6.png\" \/>\n\t<meta property=\"og:image:width\" content=\"1536\" \/>\n\t<meta property=\"og:image:height\" content=\"640\" \/>\n\t<meta property=\"og:image:type\" content=\"image\/png\" \/>\n<meta name=\"author\" content=\"Elodie Mazeau\" \/>\n<meta name=\"twitter:card\" content=\"summary_large_image\" \/>\n<script type=\"application\/ld+json\" class=\"yoast-schema-graph\">{\"@context\":\"https:\\\/\\\/schema.org\",\"@graph\":[{\"@type\":\"NewsArticle\",\"@id\":\"https:\\\/\\\/bart-et-lemy.com\\\/blog\\\/a-la-une\\\/voyager-a-velo-avec-bebe-le-guide-complet-pour-des-aventures-inoubliables\\\/#article\",\"isPartOf\":{\"@id\":\"https:\\\/\\\/bart-et-lemy.com\\\/blog\\\/a-la-une\\\/voyager-a-velo-avec-bebe-le-guide-complet-pour-des-aventures-inoubliables\\\/\"},\"author\":{\"name\":\"Elodie Mazeau\",\"@id\":\"https:\\\/\\\/bart-et-lemy.com\\\/blog\\\/#\\\/schema\\\/person\\\/3c864cdc320801e3db34b663e7e3f816\"},\"headline\":\"Voyager \u00e0 v\u00e9lo avec b\u00e9b\u00e9 : le guide complet pour des aventures inoubliables\",\"datePublished\":\"2025-03-05T16:19:00+00:00\",\"mainEntityOfPage\":{\"@id\":\"https:\\\/\\\/bart-et-lemy.com\\\/blog\\\/a-la-une\\\/voyager-a-velo-avec-bebe-le-guide-complet-pour-des-aventures-inoubliables\\\/\"},\"wordCount\":622,\"commentCount\":20,\"publisher\":{\"@id\":\"https:\\\/\\\/bart-et-lemy.com\\\/blog\\\/#organization\"},\"image\":{\"@id\":\"https:\\\/\\\/bart-et-lemy.com\\\/blog\\\/a-la-une\\\/voyager-a-velo-avec-bebe-le-guide-complet-pour-des-aventures-inoubliables\\\/#primaryimage\"},\"thumbnailUrl\":\"https:\\\/\\\/bart-et-lemy.com\\\/blog\\\/wp-content\\\/uploads\\\/2025\\\/03\\\/sdxl-b169c17dd9ceae1f249df58fcd5583f6.png\",\"keywords\":[\"B\u00e9b\u00e9\",\"\u00c9quipement\",\"Famille\",\"Itin\u00e9raire\",\"V\u00e9lo\",\"Voyager\"],\"articleSection\":[\"\u00c0 la une\"],\"inLanguage\":\"fr-FR\",\"potentialAction\":[{\"@type\":\"CommentAction\",\"name\":\"Comment\",\"target\":[\"https:\\\/\\\/bart-et-lemy.com\\\/blog\\\/a-la-une\\\/voyager-a-velo-avec-bebe-le-guide-complet-pour-des-aventures-inoubliables\\\/#respond\"]}]},{\"@type\":\"WebPage\",\"@id\":\"https:\\\/\\\/bart-et-lemy.com\\\/blog\\\/a-la-une\\\/voyager-a-velo-avec-bebe-le-guide-complet-pour-des-aventures-inoubliables\\\/\",\"url\":\"https:\\\/\\\/bart-et-lemy.com\\\/blog\\\/a-la-une\\\/voyager-a-velo-avec-bebe-le-guide-complet-pour-des-aventures-inoubliables\\\/\",\"name\":\"Voyager \u00e0 v\u00e9lo avec b\u00e9b\u00e9\",\"isPartOf\":{\"@id\":\"https:\\\/\\\/bart-et-lemy.com\\\/blog\\\/#website\"},\"primaryImageOfPage\":{\"@id\":\"https:\\\/\\\/bart-et-lemy.com\\\/blog\\\/a-la-une\\\/voyager-a-velo-avec-bebe-le-guide-complet-pour-des-aventures-inoubliables\\\/#primaryimage\"},\"image\":{\"@id\":\"https:\\\/\\\/bart-et-lemy.com\\\/blog\\\/a-la-une\\\/voyager-a-velo-avec-bebe-le-guide-complet-pour-des-aventures-inoubliables\\\/#primaryimage\"},\"thumbnailUrl\":\"https:\\\/\\\/bart-et-lemy.com\\\/blog\\\/wp-content\\\/uploads\\\/2025\\\/03\\\/sdxl-b169c17dd9ceae1f249df58fcd5583f6.png\",\"datePublished\":\"2025-03-05T16:19:00+00:00\",\"description\":\"Imaginez-vous, p\u00e9dalant au gr\u00e9 du vent, tout en d\u00e9couvrant des paysages magnifiques avec votre petit.\",\"inLanguage\":\"fr-FR\",\"potentialAction\":[{\"@type\":\"ReadAction\",\"target\":[\"https:\\\/\\\/bart-et-lemy.com\\\/blog\\\/a-la-une\\\/voyager-a-velo-avec-bebe-le-guide-complet-pour-des-aventures-inoubliables\\\/\"]}]},{\"@type\":\"ImageObject\",\"inLanguage\":\"fr-FR\",\"@id\":\"https:\\\/\\\/bart-et-lemy.com\\\/blog\\\/a-la-une\\\/voyager-a-velo-avec-bebe-le-guide-complet-pour-des-aventures-inoubliables\\\/#primaryimage\",\"url\":\"https:\\\/\\\/bart-et-lemy.com\\\/blog\\\/wp-content\\\/uploads\\\/2025\\\/03\\\/sdxl-b169c17dd9ceae1f249df58fcd5583f6.png\",\"contentUrl\":\"https:\\\/\\\/bart-et-lemy.com\\\/blog\\\/wp-content\\\/uploads\\\/2025\\\/03\\\/sdxl-b169c17dd9ceae1f249df58fcd5583f6.png\",\"width\":1536,\"height\":640},{\"@type\":\"WebSite\",\"@id\":\"https:\\\/\\\/bart-et-lemy.com\\\/blog\\\/#website\",\"url\":\"https:\\\/\\\/bart-et-lemy.com\\\/blog\\\/\",\"name\":\"Bart et Lemy\",\"description\":\"L\u2019originalit\u00e9 en toute libert\u00e9.\",\"publisher\":{\"@id\":\"https:\\\/\\\/bart-et-lemy.com\\\/blog\\\/#organization\"},\"alternateName\":\"Conseils parentaux, astuces famille et bien-\u00eatre enfant\",\"potentialAction\":[{\"@type\":\"SearchAction\",\"target\":{\"@type\":\"EntryPoint\",\"urlTemplate\":\"https:\\\/\\\/bart-et-lemy.com\\\/blog\\\/?s={search_term_string}\"},\"query-input\":{\"@type\":\"PropertyValueSpecification\",\"valueRequired\":true,\"valueName\":\"search_term_string\"}}],\"inLanguage\":\"fr-FR\"},{\"@type\":\"Organization\",\"@id\":\"https:\\\/\\\/bart-et-lemy.com\\\/blog\\\/#organization\",\"name\":\"Bart et Lemy\",\"alternateName\":\"bart-et-lemy.com\",\"url\":\"https:\\\/\\\/bart-et-lemy.com\\\/blog\\\/\",\"logo\":{\"@type\":\"ImageObject\",\"inLanguage\":\"fr-FR\",\"@id\":\"https:\\\/\\\/bart-et-lemy.com\\\/blog\\\/#\\\/schema\\\/logo\\\/image\\\/\",\"url\":\"https:\\\/\\\/bart-et-lemy.com\\\/blog\\\/wp-content\\\/uploads\\\/2026\\\/07\\\/logo-auto.png\",\"contentUrl\":\"https:\\\/\\\/bart-et-lemy.com\\\/blog\\\/wp-content\\\/uploads\\\/2026\\\/07\\\/logo-auto.png\",\"width\":1024,\"height\":1024,\"caption\":\"Bart et Lemy\"},\"image\":{\"@id\":\"https:\\\/\\\/bart-et-lemy.com\\\/blog\\\/#\\\/schema\\\/logo\\\/image\\\/\"}},{\"@type\":\"Person\",\"@id\":\"https:\\\/\\\/bart-et-lemy.com\\\/blog\\\/#\\\/schema\\\/person\\\/3c864cdc320801e3db34b663e7e3f816\",\"name\":\"Elodie Mazeau\",\"image\":{\"@type\":\"ImageObject\",\"inLanguage\":\"fr-FR\",\"@id\":\"https:\\\/\\\/bart-et-lemy.com\\\/blog\\\/wp-content\\\/uploads\\\/2026\\\/06\\\/persona_elodie-m-96x96.jpg\",\"url\":\"https:\\\/\\\/bart-et-lemy.com\\\/blog\\\/wp-content\\\/uploads\\\/2026\\\/06\\\/persona_elodie-m-96x96.jpg\",\"contentUrl\":\"https:\\\/\\\/bart-et-lemy.com\\\/blog\\\/wp-content\\\/uploads\\\/2026\\\/06\\\/persona_elodie-m-96x96.jpg\",\"caption\":\"Elodie Mazeau\"},\"description\":\"J'\u00e9cris sur la parentalit\u00e9 telle qu'elle se vit vraiment, du premier biberon aux premi\u00e8res col\u00e8res. Mes sujets de pr\u00e9dilection couvrent le quotidien des familles : sommeil, alimentation, organisation, pu\u00e9riculture et ces petites gal\u00e8res que tout parent conna\u00eet. Depuis plusieurs ann\u00e9es, je m'attache \u00e0 proposer des rep\u00e8res concrets plut\u00f4t que des le\u00e7ons, parce que chaque famille trouve son propre \u00e9quilibre. Je v\u00e9rifie mes informations aupr\u00e8s de sources fiables, surtout d\u00e8s qu'on touche \u00e0 la sant\u00e9 ou \u00e0 la s\u00e9curit\u00e9 de l'enfant, et je pr\u00e9cise quand un avis professionnel s'impose. J'\u00e9vite soigneusement la culpabilisation : \u00eatre parent est d\u00e9j\u00e0 assez exigeant. Mon ton se veut complice et bienveillant, un peu comme une discussion entre parents qui se comprennent. L'id\u00e9e est d'all\u00e9ger la charge mentale en donnant des solutions simples et test\u00e9es.\",\"sameAs\":[\"https:\\\/\\\/elodiemazeau.fr\\\/\"],\"url\":\"https:\\\/\\\/bart-et-lemy.com\\\/blog\\\/auteur\\\/noname\\\/\"}]}<\/script>\n<!-- \/ Yoast SEO Premium plugin. -->","yoast_head_json":{"title":"Voyager \u00e0 v\u00e9lo avec b\u00e9b\u00e9","description":"Imaginez-vous, p\u00e9dalant au gr\u00e9 du vent, tout en d\u00e9couvrant des paysages magnifiques avec votre petit.","robots":{"index":"index","follow":"follow","max-snippet":"max-snippet:-1","max-image-preview":"max-image-preview:large","max-video-preview":"max-video-preview:-1"},"canonical":"https:\/\/bart-et-lemy.com\/blog\/a-la-une\/voyager-a-velo-avec-bebe-le-guide-complet-pour-des-aventures-inoubliables\/","og_locale":"fr_FR","og_type":"article","og_title":"Voyager \u00e0 v\u00e9lo avec b\u00e9b\u00e9","og_description":"Imaginez-vous, p\u00e9dalant au gr\u00e9 du vent, tout en d\u00e9couvrant des paysages magnifiques avec votre petit.","og_url":"https:\/\/bart-et-lemy.com\/blog\/a-la-une\/voyager-a-velo-avec-bebe-le-guide-complet-pour-des-aventures-inoubliables\/","og_site_name":"bart-et-lemy.com","og_image":[{"width":1536,"height":640,"url":"https:\/\/bart-et-lemy.com\/blog\/wp-content\/uploads\/2025\/03\/sdxl-b169c17dd9ceae1f249df58fcd5583f6.png","type":"image\/png"}],"author":"Elodie Mazeau","twitter_card":"summary_large_image","schema":{"@context":"https:\/\/schema.org","@graph":[{"@type":"NewsArticle","@id":"https:\/\/bart-et-lemy.com\/blog\/a-la-une\/voyager-a-velo-avec-bebe-le-guide-complet-pour-des-aventures-inoubliables\/#article","isPartOf":{"@id":"https:\/\/bart-et-lemy.com\/blog\/a-la-une\/voyager-a-velo-avec-bebe-le-guide-complet-pour-des-aventures-inoubliables\/"},"author":{"name":"Elodie Mazeau","@id":"https:\/\/bart-et-lemy.com\/blog\/#\/schema\/person\/3c864cdc320801e3db34b663e7e3f816"},"headline":"Voyager \u00e0 v\u00e9lo avec b\u00e9b\u00e9 : le guide complet pour des aventures inoubliables","datePublished":"2025-03-05T16:19:00+00:00","mainEntityOfPage":{"@id":"https:\/\/bart-et-lemy.com\/blog\/a-la-une\/voyager-a-velo-avec-bebe-le-guide-complet-pour-des-aventures-inoubliables\/"},"wordCount":622,"commentCount":20,"publisher":{"@id":"https:\/\/bart-et-lemy.com\/blog\/#organization"},"image":{"@id":"https:\/\/bart-et-lemy.com\/blog\/a-la-une\/voyager-a-velo-avec-bebe-le-guide-complet-pour-des-aventures-inoubliables\/#primaryimage"},"thumbnailUrl":"https:\/\/bart-et-lemy.com\/blog\/wp-content\/uploads\/2025\/03\/sdxl-b169c17dd9ceae1f249df58fcd5583f6.png","keywords":["B\u00e9b\u00e9","\u00c9quipement","Famille","Itin\u00e9raire","V\u00e9lo","Voyager"],"articleSection":["\u00c0 la une"],"inLanguage":"fr-FR","potentialAction":[{"@type":"CommentAction","name":"Comment","target":["https:\/\/bart-et-lemy.com\/blog\/a-la-une\/voyager-a-velo-avec-bebe-le-guide-complet-pour-des-aventures-inoubliables\/#respond"]}]},{"@type":"WebPage","@id":"https:\/\/bart-et-lemy.com\/blog\/a-la-une\/voyager-a-velo-avec-bebe-le-guide-complet-pour-des-aventures-inoubliables\/","url":"https:\/\/bart-et-lemy.com\/blog\/a-la-une\/voyager-a-velo-avec-bebe-le-guide-complet-pour-des-aventures-inoubliables\/","name":"Voyager \u00e0 v\u00e9lo avec b\u00e9b\u00e9","isPartOf":{"@id":"https:\/\/bart-et-lemy.com\/blog\/#website"},"primaryImageOfPage":{"@id":"https:\/\/bart-et-lemy.com\/blog\/a-la-une\/voyager-a-velo-avec-bebe-le-guide-complet-pour-des-aventures-inoubliables\/#primaryimage"},"image":{"@id":"https:\/\/bart-et-lemy.com\/blog\/a-la-une\/voyager-a-velo-avec-bebe-le-guide-complet-pour-des-aventures-inoubliables\/#primaryimage"},"thumbnailUrl":"https:\/\/bart-et-lemy.com\/blog\/wp-content\/uploads\/2025\/03\/sdxl-b169c17dd9ceae1f249df58fcd5583f6.png","datePublished":"2025-03-05T16:19:00+00:00","description":"Imaginez-vous, p\u00e9dalant au gr\u00e9 du vent, tout en d\u00e9couvrant des paysages magnifiques avec votre petit.","inLanguage":"fr-FR","potentialAction":[{"@type":"ReadAction","target":["https:\/\/bart-et-lemy.com\/blog\/a-la-une\/voyager-a-velo-avec-bebe-le-guide-complet-pour-des-aventures-inoubliables\/"]}]},{"@type":"ImageObject","inLanguage":"fr-FR","@id":"https:\/\/bart-et-lemy.com\/blog\/a-la-une\/voyager-a-velo-avec-bebe-le-guide-complet-pour-des-aventures-inoubliables\/#primaryimage","url":"https:\/\/bart-et-lemy.com\/blog\/wp-content\/uploads\/2025\/03\/sdxl-b169c17dd9ceae1f249df58fcd5583f6.png","contentUrl":"https:\/\/bart-et-lemy.com\/blog\/wp-content\/uploads\/2025\/03\/sdxl-b169c17dd9ceae1f249df58fcd5583f6.png","width":1536,"height":640},{"@type":"WebSite","@id":"https:\/\/bart-et-lemy.com\/blog\/#website","url":"https:\/\/bart-et-lemy.com\/blog\/","name":"Bart et Lemy","description":"L\u2019originalit\u00e9 en toute libert\u00e9.","publisher":{"@id":"https:\/\/bart-et-lemy.com\/blog\/#organization"},"alternateName":"Conseils parentaux, astuces famille et bien-\u00eatre enfant","potentialAction":[{"@type":"SearchAction","target":{"@type":"EntryPoint","urlTemplate":"https:\/\/bart-et-lemy.com\/blog\/?s={search_term_string}"},"query-input":{"@type":"PropertyValueSpecification","valueRequired":true,"valueName":"search_term_string"}}],"inLanguage":"fr-FR"},{"@type":"Organization","@id":"https:\/\/bart-et-lemy.com\/blog\/#organization","name":"Bart et Lemy","alternateName":"bart-et-lemy.com","url":"https:\/\/bart-et-lemy.com\/blog\/","logo":{"@type":"ImageObject","inLanguage":"fr-FR","@id":"https:\/\/bart-et-lemy.com\/blog\/#\/schema\/logo\/image\/","url":"https:\/\/bart-et-lemy.com\/blog\/wp-content\/uploads\/2026\/07\/logo-auto.png","contentUrl":"https:\/\/bart-et-lemy.com\/blog\/wp-content\/uploads\/2026\/07\/logo-auto.png","width":1024,"height":1024,"caption":"Bart et Lemy"},"image":{"@id":"https:\/\/bart-et-lemy.com\/blog\/#\/schema\/logo\/image\/"}},{"@type":"Person","@id":"https:\/\/bart-et-lemy.com\/blog\/#\/schema\/person\/3c864cdc320801e3db34b663e7e3f816","name":"Elodie Mazeau","image":{"@type":"ImageObject","inLanguage":"fr-FR","@id":"https:\/\/bart-et-lemy.com\/blog\/wp-content\/uploads\/2026\/06\/persona_elodie-m-96x96.jpg","url":"https:\/\/bart-et-lemy.com\/blog\/wp-content\/uploads\/2026\/06\/persona_elodie-m-96x96.jpg","contentUrl":"https:\/\/bart-et-lemy.com\/blog\/wp-content\/uploads\/2026\/06\/persona_elodie-m-96x96.jpg","caption":"Elodie Mazeau"},"description":"J'\u00e9cris sur la parentalit\u00e9 telle qu'elle se vit vraiment, du premier biberon aux premi\u00e8res col\u00e8res. Mes sujets de pr\u00e9dilection couvrent le quotidien des familles : sommeil, alimentation, organisation, pu\u00e9riculture et ces petites gal\u00e8res que tout parent conna\u00eet. Depuis plusieurs ann\u00e9es, je m'attache \u00e0 proposer des rep\u00e8res concrets plut\u00f4t que des le\u00e7ons, parce que chaque famille trouve son propre \u00e9quilibre. Je v\u00e9rifie mes informations aupr\u00e8s de sources fiables, surtout d\u00e8s qu'on touche \u00e0 la sant\u00e9 ou \u00e0 la s\u00e9curit\u00e9 de l'enfant, et je pr\u00e9cise quand un avis professionnel s'impose. J'\u00e9vite soigneusement la culpabilisation : \u00eatre parent est d\u00e9j\u00e0 assez exigeant. Mon ton se veut complice et bienveillant, un peu comme une discussion entre parents qui se comprennent. L'id\u00e9e est d'all\u00e9ger la charge mentale en donnant des solutions simples et test\u00e9es.","sameAs":["https:\/\/elodiemazeau.fr\/"],"url":"https:\/\/bart-et-lemy.com\/blog\/auteur\/noname\/"}]}},"_links":{"self":[{"href":"https:\/\/bart-et-lemy.com\/blog\/wp-json\/wp\/v2\/posts\/8573","targetHints":{"allow":["GET"]}}],"collection":[{"href":"https:\/\/bart-et-lemy.com\/blog\/wp-json\/wp\/v2\/posts"}],"about":[{"href":"https:\/\/bart-et-lemy.com\/blog\/wp-json\/wp\/v2\/types\/post"}],"author":[{"embeddable":true,"href":"https:\/\/bart-et-lemy.com\/blog\/wp-json\/wp\/v2\/users\/34"}],"replies":[{"embeddable":true,"href":"https:\/\/bart-et-lemy.com\/blog\/wp-json\/wp\/v2\/comments?post=8573"}],"version-history":[{"count":1,"href":"https:\/\/bart-et-lemy.com\/blog\/wp-json\/wp\/v2\/posts\/8573\/revisions"}],"predecessor-version":[{"id":9845,"href":"https:\/\/bart-et-lemy.com\/blog\/wp-json\/wp\/v2\/posts\/8573\/revisions\/9845"}],"wp:featuredmedia":[{"embeddable":true,"href":"https:\/\/bart-et-lemy.com\/blog\/wp-json\/wp\/v2\/media\/9876"}],"wp:attachment":[{"href":"https:\/\/bart-et-lemy.com\/blog\/wp-json\/wp\/v2\/media?parent=8573"}],"wp:term":[{"taxonomy":"category","embeddable":true,"href":"https:\/\/bart-et-lemy.com\/blog\/wp-json\/wp\/v2\/categories?post=8573"},{"taxonomy":"post_tag","embeddable":true,"href":"https:\/\/bart-et-lemy.com\/blog\/wp-json\/wp\/v2\/tags?post=8573"}],"curies":[{"name":"wp","href":"https:\/\/api.w.org\/{rel}","templated":true}]}}