{"id":8578,"date":"2025-02-19T16:39:00","date_gmt":"2025-02-19T15:39:00","guid":{"rendered":"https:\/\/bart-et-lemy.com\/blog\/?p=8578"},"modified":"2025-02-10T16:35:27","modified_gmt":"2025-02-10T15:35:27","slug":"bebe-damour-celebrons-la-tendresse-et-limportance-des-liens-affectifs","status":"publish","type":"post","link":"https:\/\/bart-et-lemy.com\/blog\/a-la-une\/bebe-damour-celebrons-la-tendresse-et-limportance-des-liens-affectifs\/","title":{"rendered":"B\u00e9b\u00e9 d&rsquo;amour : c\u00e9l\u00e9brons la tendresse et l&rsquo;importance des liens affectifs"},"content":{"rendered":"<h2>Introduction : l\u2019amour inconditionnel d\u2019un b\u00e9b\u00e9<\/h2>\n<p>Que signifie r\u00e9ellement \u00eatre un \u00ab\u00a0b\u00e9b\u00e9 d&rsquo;amour\u00a0\u00bb ? Ce terme \u00e9voque un lien unique, une connexion profonde entre le parent et l&rsquo;enfant. Chaque sourire, chaque \u00e9clat de rire d&rsquo;un nourrisson r\u00e9sonne comme une m\u00e9lodie douce, une invitation \u00e0 ch\u00e9rir chaque instant. Dans cet article, nous explorons les multiples facettes de cet amour, ses implications et ses bienfaits pour les familles.<\/p>\n<h2>Les bienfaits de l\u2019amour parental<\/h2>\n<p>L&rsquo;amour inconditionnel que les parents portent \u00e0 leur enfant a des r\u00e9percussions significatives sur leur d\u00e9veloppement. En effet, les \u00e9tudes montrent que les b\u00e9b\u00e9s qui grandissent dans un environnement aimant d\u00e9veloppent une meilleure confiance en eux et des comp\u00e9tences sociales accrues. Voici quelques b\u00e9n\u00e9fices cl\u00e9s :<\/p>\n<blockquote class=\"wp-embedded-content\" data-secret=\"KRDXzIutLW\"><p><a href=\"https:\/\/bart-et-lemy.com\/blog\/a-la-une\/le-lien-precieux-entre-bebe-et-maman-une-aventure-unique\/\">Le lien pr\u00e9cieux entre b\u00e9b\u00e9 et maman : une aventure unique<\/a><\/p><\/blockquote>\n<p><iframe loading=\"lazy\" class=\"wp-embedded-content\" sandbox=\"allow-scripts\" security=\"restricted\" style=\"position: absolute; visibility: hidden;\" title=\"\u00ab\u00a0Le lien pr\u00e9cieux entre b\u00e9b\u00e9 et maman : une aventure unique\u00a0\u00bb &#8212; bart-et-lemy.com\" src=\"https:\/\/bart-et-lemy.com\/blog\/a-la-une\/le-lien-precieux-entre-bebe-et-maman-une-aventure-unique\/embed\/#?secret=1Szxpsjiaf#?secret=KRDXzIutLW\" data-secret=\"KRDXzIutLW\" width=\"600\" height=\"338\" frameborder=\"0\" marginwidth=\"0\" marginheight=\"0\" scrolling=\"no\"><\/iframe><\/p>\n<ul>\n<li><strong>D\u00e9veloppement \u00e9motionnel :<\/strong> Les enfants se sentent en s\u00e9curit\u00e9 et \u00e9panouis.<\/li>\n<li><strong>Comp\u00e9tences sociales :<\/strong> Ils apprennent \u00e0 interagir positivement avec les autres.<\/li>\n<li><strong>R\u00e9silience :<\/strong> L\u2019amour parental aide les enfants \u00e0 surmonter les d\u00e9fis.<\/li>\n<\/ul>\n<p>Les liens affectifs construits d\u00e8s le plus jeune \u00e2ge fa\u00e7onnent la personnalit\u00e9 et les comportements futurs de l&rsquo;enfant. Ainsi, il est crucial de nourrir cette relation avec soin et attention.<\/p>\n<h2>Les moments pr\u00e9cieux avec votre b\u00e9b\u00e9 d\u2019amour<\/h2>\n<p>Chaque moment pass\u00e9 avec un b\u00e9b\u00e9 est unique et pr\u00e9cieux. Que ce soit lors des premiers \u00e9clats de rire, des nuits sans sommeil ou des premiers pas h\u00e9sitants, ces souvenirs deviennent des tr\u00e9sors inestimables. Voici quelques activit\u00e9s \u00e0 privil\u00e9gier pour renforcer ce lien :<\/p>\n<ul>\n<li><strong>Chanter des berceuses :<\/strong> La musique apaise et cr\u00e9e une ambiance chaleureuse.<\/li>\n<li><strong>Lire des histoires :<\/strong> Stimule l&rsquo;imagination et cr\u00e9e des rituels agr\u00e9ables.<\/li>\n<li><strong>Jouer ensemble :<\/strong> Encourage le d\u00e9veloppement moteur et cognitif.<\/li>\n<\/ul>\n<p>Ces petites actions quotidiennes permettent de forger des souvenirs durables et de renforcer le lien entre parent et enfant.<\/p>\n<blockquote class=\"wp-embedded-content\" data-secret=\"KR8d13Rg8c\"><p><a href=\"https:\/\/bart-et-lemy.com\/blog\/a-la-une\/les-couches-lavables-pour-bebe-un-choix-eco-responsable-et-economique\/\">Les couches lavables pour b\u00e9b\u00e9 : un choix \u00e9co-responsable et \u00e9conomique<\/a><\/p><\/blockquote>\n<p><iframe loading=\"lazy\" class=\"wp-embedded-content\" sandbox=\"allow-scripts\" security=\"restricted\" style=\"position: absolute; visibility: hidden;\" title=\"\u00ab\u00a0Les couches lavables pour b\u00e9b\u00e9 : un choix \u00e9co-responsable et \u00e9conomique\u00a0\u00bb &#8212; bart-et-lemy.com\" src=\"https:\/\/bart-et-lemy.com\/blog\/a-la-une\/les-couches-lavables-pour-bebe-un-choix-eco-responsable-et-economique\/embed\/#?secret=uTJC973TSD#?secret=KR8d13Rg8c\" data-secret=\"KR8d13Rg8c\" width=\"600\" height=\"338\" frameborder=\"0\" marginwidth=\"0\" marginheight=\"0\" scrolling=\"no\"><\/iframe><\/p>\n<h2>\u00c9lever un b\u00e9b\u00e9 d\u2019amour dans un environnement sain<\/h2>\n<p>Pour qu&rsquo;un b\u00e9b\u00e9 s&rsquo;\u00e9panouisse, un environnement sain est primordial. Cela implique non seulement un cadre physique s\u00e9curis\u00e9, mais aussi un cadre \u00e9motionnel stable. Les parents doivent veiller \u00e0 cr\u00e9er un climat de confiance et d\u2019amour autour de l\u2019enfant. Voici quelques conseils pratiques :<\/p>\n<table>\n<tr>\n<th>Aspect<\/th>\n<th>Conseils<\/th>\n<th>Impact<\/th>\n<\/tr>\n<tr>\n<td>Alimentation<\/td>\n<td>Offrir une alimentation \u00e9quilibr\u00e9e et adapt\u00e9e \u00e0 l\u2019\u00e2ge.<\/td>\n<td>Favorise une bonne sant\u00e9 physique et cognitive.<\/td>\n<\/tr>\n<tr>\n<td>Activit\u00e9s<\/td>\n<td>Encourager des jeux vari\u00e9s et enrichissants.<\/td>\n<td>Stimule le d\u00e9veloppement global de l&rsquo;enfant.<\/td>\n<\/tr>\n<tr>\n<td>Communication<\/td>\n<td>Parler et interagir r\u00e9guli\u00e8rement avec le b\u00e9b\u00e9.<\/td>\n<td>Renforce le lien affectif et le d\u00e9veloppement du langage.<\/td>\n<\/tr>\n<\/table>\n<p>Investir dans un environnement sain et stimulant est essentiel pour le bien-\u00eatre de votre b\u00e9b\u00e9 d&rsquo;amour.<\/p>\n<h3>FAQ :<\/h3>\n<blockquote>\n<ul>\n<li><strong>Quel est le meilleur \u00e2ge pour commencer \u00e0 interagir avec un b\u00e9b\u00e9 ?<\/strong>Les interactions peuvent commencer d\u00e8s la naissance, le contact visuel et les sourires sont importants.<\/li>\n<li><strong>Comment savoir si mon b\u00e9b\u00e9 se sent aim\u00e9 ?<\/strong>Les sourires, les rires et les r\u00e9actions positives lors des interactions sont de bons indicateurs.<\/li>\n<li><strong>Quels sont les signes d&rsquo;un d\u00e9veloppement sain chez un b\u00e9b\u00e9 ?<\/strong>Des progr\u00e8s dans les comp\u00e9tences motrices, verbales et sociales sont des signes encourageants.<\/li>\n<li><strong>Comment g\u00e9rer les pleurs d&rsquo;un b\u00e9b\u00e9 ?<\/strong>Rester calme, v\u00e9rifier les besoins fondamentaux (faim, sommeil, confort) et r\u00e9pondre avec tendresse aide \u00e0 apaiser.<\/li>\n<\/ul>\n<\/blockquote>\n<p><strong>Chaque b\u00e9b\u00e9 d&rsquo;amour m\u00e9rite d&rsquo;\u00eatre ch\u00e9ri et soutenu<\/strong>. Investir du temps et de l&rsquo;\u00e9nergie dans cette relation pr\u00e9cieuse est sans aucun doute l&rsquo;un des plus beaux cadeaux que l&rsquo;on puisse offrir. En c\u00e9l\u00e9brant chaque moment partag\u00e9, on construit un avenir radieux pour nos enfants.<\/p>\n","protected":false},"excerpt":{"rendered":"","protected":false},"author":34,"featured_media":9584,"comment_status":"open","ping_status":"open","sticky":false,"template":"","format":"standard","meta":{"_acf_changed":false,"manual_indexmenow":false,"indexmenow_id_project":0,"footnotes":""},"categories":[1],"tags":[5418,4590,4574,4805,4045,5419],"class_list":["post-8578","post","type-post","status-publish","format-standard","has-post-thumbnail","hentry","category-a-la-une","tag-amour","tag-bebe","tag-competences-sociales","tag-developpement","tag-environnement-sain","tag-liens-affectifs","generate-columns","tablet-grid-50","mobile-grid-100","grid-parent","grid-25"],"acf":[],"yoast_head":"<!-- This site is optimized with the Yoast SEO Premium plugin v21.3 (Yoast SEO v27.3) - https:\/\/yoast.com\/product\/yoast-seo-premium-wordpress\/ -->\n<title>B\u00e9b\u00e9 d&#039;amour : c\u00e9l\u00e9brons la tendresse et l&#039;importance<\/title>\n<meta name=\"description\" content=\"Que signifie r\u00e9ellement \u00eatre un &quot;b\u00e9b\u00e9 d&#039;amour&quot; ? Ce terme \u00e9voque un lien unique, une connexion profonde entre le parent et l&#039;enfant.\" \/>\n<meta name=\"robots\" content=\"index, follow, max-snippet:-1, max-image-preview:large, max-video-preview:-1\" \/>\n<link rel=\"canonical\" href=\"https:\/\/bart-et-lemy.com\/blog\/a-la-une\/bebe-damour-celebrons-la-tendresse-et-limportance-des-liens-affectifs\/\" \/>\n<meta property=\"og:locale\" content=\"fr_FR\" \/>\n<meta property=\"og:type\" content=\"article\" \/>\n<meta property=\"og:title\" content=\"B\u00e9b\u00e9 d&#039;amour : c\u00e9l\u00e9brons la tendresse et l&#039;importance\" \/>\n<meta property=\"og:description\" content=\"Que signifie r\u00e9ellement \u00eatre un &quot;b\u00e9b\u00e9 d&#039;amour&quot; ? Ce terme \u00e9voque un lien unique, une connexion profonde entre le parent et l&#039;enfant.\" \/>\n<meta property=\"og:url\" content=\"https:\/\/bart-et-lemy.com\/blog\/a-la-une\/bebe-damour-celebrons-la-tendresse-et-limportance-des-liens-affectifs\/\" \/>\n<meta property=\"og:site_name\" content=\"bart-et-lemy.com\" \/>\n<meta property=\"og:image\" content=\"https:\/\/bart-et-lemy.com\/blog\/wp-content\/uploads\/2025\/02\/sdxl-b24a9e51c339a5c3f7b928fe95a7339c.png\" \/>\n\t<meta property=\"og:image:width\" content=\"1536\" \/>\n\t<meta property=\"og:image:height\" content=\"640\" \/>\n\t<meta property=\"og:image:type\" content=\"image\/png\" \/>\n<meta name=\"author\" content=\"Elodie Mazeau\" \/>\n<meta name=\"twitter:card\" content=\"summary_large_image\" \/>\n<script type=\"application\/ld+json\" class=\"yoast-schema-graph\">{\"@context\":\"https:\\\/\\\/schema.org\",\"@graph\":[{\"@type\":\"NewsArticle\",\"@id\":\"https:\\\/\\\/bart-et-lemy.com\\\/blog\\\/a-la-une\\\/bebe-damour-celebrons-la-tendresse-et-limportance-des-liens-affectifs\\\/#article\",\"isPartOf\":{\"@id\":\"https:\\\/\\\/bart-et-lemy.com\\\/blog\\\/a-la-une\\\/bebe-damour-celebrons-la-tendresse-et-limportance-des-liens-affectifs\\\/\"},\"author\":{\"name\":\"Elodie Mazeau\",\"@id\":\"https:\\\/\\\/bart-et-lemy.com\\\/blog\\\/#\\\/schema\\\/person\\\/3c864cdc320801e3db34b663e7e3f816\"},\"headline\":\"B\u00e9b\u00e9 d&rsquo;amour : c\u00e9l\u00e9brons la tendresse et l&rsquo;importance des liens affectifs\",\"datePublished\":\"2025-02-19T15:39:00+00:00\",\"mainEntityOfPage\":{\"@id\":\"https:\\\/\\\/bart-et-lemy.com\\\/blog\\\/a-la-une\\\/bebe-damour-celebrons-la-tendresse-et-limportance-des-liens-affectifs\\\/\"},\"wordCount\":638,\"commentCount\":19,\"publisher\":{\"@id\":\"https:\\\/\\\/bart-et-lemy.com\\\/blog\\\/#organization\"},\"image\":{\"@id\":\"https:\\\/\\\/bart-et-lemy.com\\\/blog\\\/a-la-une\\\/bebe-damour-celebrons-la-tendresse-et-limportance-des-liens-affectifs\\\/#primaryimage\"},\"thumbnailUrl\":\"https:\\\/\\\/bart-et-lemy.com\\\/blog\\\/wp-content\\\/uploads\\\/2025\\\/02\\\/sdxl-b24a9e51c339a5c3f7b928fe95a7339c.png\",\"keywords\":[\"Amour\",\"B\u00e9b\u00e9\",\"Comp\u00e9tences Sociales\",\"D\u00e9veloppement\",\"Environnement Sain\",\"Liens affectifs\"],\"articleSection\":[\"\u00c0 la une\"],\"inLanguage\":\"fr-FR\",\"potentialAction\":[{\"@type\":\"CommentAction\",\"name\":\"Comment\",\"target\":[\"https:\\\/\\\/bart-et-lemy.com\\\/blog\\\/a-la-une\\\/bebe-damour-celebrons-la-tendresse-et-limportance-des-liens-affectifs\\\/#respond\"]}]},{\"@type\":\"WebPage\",\"@id\":\"https:\\\/\\\/bart-et-lemy.com\\\/blog\\\/a-la-une\\\/bebe-damour-celebrons-la-tendresse-et-limportance-des-liens-affectifs\\\/\",\"url\":\"https:\\\/\\\/bart-et-lemy.com\\\/blog\\\/a-la-une\\\/bebe-damour-celebrons-la-tendresse-et-limportance-des-liens-affectifs\\\/\",\"name\":\"B\u00e9b\u00e9 d'amour : c\u00e9l\u00e9brons la tendresse et l'importance\",\"isPartOf\":{\"@id\":\"https:\\\/\\\/bart-et-lemy.com\\\/blog\\\/#website\"},\"primaryImageOfPage\":{\"@id\":\"https:\\\/\\\/bart-et-lemy.com\\\/blog\\\/a-la-une\\\/bebe-damour-celebrons-la-tendresse-et-limportance-des-liens-affectifs\\\/#primaryimage\"},\"image\":{\"@id\":\"https:\\\/\\\/bart-et-lemy.com\\\/blog\\\/a-la-une\\\/bebe-damour-celebrons-la-tendresse-et-limportance-des-liens-affectifs\\\/#primaryimage\"},\"thumbnailUrl\":\"https:\\\/\\\/bart-et-lemy.com\\\/blog\\\/wp-content\\\/uploads\\\/2025\\\/02\\\/sdxl-b24a9e51c339a5c3f7b928fe95a7339c.png\",\"datePublished\":\"2025-02-19T15:39:00+00:00\",\"description\":\"Que signifie r\u00e9ellement \u00eatre un \\\"b\u00e9b\u00e9 d'amour\\\" ? Ce terme \u00e9voque un lien unique, une connexion profonde entre le parent et l'enfant.\",\"inLanguage\":\"fr-FR\",\"potentialAction\":[{\"@type\":\"ReadAction\",\"target\":[\"https:\\\/\\\/bart-et-lemy.com\\\/blog\\\/a-la-une\\\/bebe-damour-celebrons-la-tendresse-et-limportance-des-liens-affectifs\\\/\"]}]},{\"@type\":\"ImageObject\",\"inLanguage\":\"fr-FR\",\"@id\":\"https:\\\/\\\/bart-et-lemy.com\\\/blog\\\/a-la-une\\\/bebe-damour-celebrons-la-tendresse-et-limportance-des-liens-affectifs\\\/#primaryimage\",\"url\":\"https:\\\/\\\/bart-et-lemy.com\\\/blog\\\/wp-content\\\/uploads\\\/2025\\\/02\\\/sdxl-b24a9e51c339a5c3f7b928fe95a7339c.png\",\"contentUrl\":\"https:\\\/\\\/bart-et-lemy.com\\\/blog\\\/wp-content\\\/uploads\\\/2025\\\/02\\\/sdxl-b24a9e51c339a5c3f7b928fe95a7339c.png\",\"width\":1536,\"height\":640},{\"@type\":\"WebSite\",\"@id\":\"https:\\\/\\\/bart-et-lemy.com\\\/blog\\\/#website\",\"url\":\"https:\\\/\\\/bart-et-lemy.com\\\/blog\\\/\",\"name\":\"Bart et Lemy\",\"description\":\"L\u2019originalit\u00e9 en toute libert\u00e9.\",\"publisher\":{\"@id\":\"https:\\\/\\\/bart-et-lemy.com\\\/blog\\\/#organization\"},\"alternateName\":\"Conseils parentaux, astuces famille et bien-\u00eatre enfant\",\"potentialAction\":[{\"@type\":\"SearchAction\",\"target\":{\"@type\":\"EntryPoint\",\"urlTemplate\":\"https:\\\/\\\/bart-et-lemy.com\\\/blog\\\/?s={search_term_string}\"},\"query-input\":{\"@type\":\"PropertyValueSpecification\",\"valueRequired\":true,\"valueName\":\"search_term_string\"}}],\"inLanguage\":\"fr-FR\"},{\"@type\":\"Organization\",\"@id\":\"https:\\\/\\\/bart-et-lemy.com\\\/blog\\\/#organization\",\"name\":\"Bart et Lemy\",\"alternateName\":\"bart-et-lemy.com\",\"url\":\"https:\\\/\\\/bart-et-lemy.com\\\/blog\\\/\",\"logo\":{\"@type\":\"ImageObject\",\"inLanguage\":\"fr-FR\",\"@id\":\"https:\\\/\\\/bart-et-lemy.com\\\/blog\\\/#\\\/schema\\\/logo\\\/image\\\/\",\"url\":\"https:\\\/\\\/bart-et-lemy.com\\\/blog\\\/wp-content\\\/uploads\\\/2026\\\/07\\\/logo-auto.png\",\"contentUrl\":\"https:\\\/\\\/bart-et-lemy.com\\\/blog\\\/wp-content\\\/uploads\\\/2026\\\/07\\\/logo-auto.png\",\"width\":1024,\"height\":1024,\"caption\":\"Bart et Lemy\"},\"image\":{\"@id\":\"https:\\\/\\\/bart-et-lemy.com\\\/blog\\\/#\\\/schema\\\/logo\\\/image\\\/\"}},{\"@type\":\"Person\",\"@id\":\"https:\\\/\\\/bart-et-lemy.com\\\/blog\\\/#\\\/schema\\\/person\\\/3c864cdc320801e3db34b663e7e3f816\",\"name\":\"Elodie Mazeau\",\"image\":{\"@type\":\"ImageObject\",\"inLanguage\":\"fr-FR\",\"@id\":\"https:\\\/\\\/bart-et-lemy.com\\\/blog\\\/wp-content\\\/uploads\\\/2026\\\/06\\\/persona_elodie-m-96x96.jpg\",\"url\":\"https:\\\/\\\/bart-et-lemy.com\\\/blog\\\/wp-content\\\/uploads\\\/2026\\\/06\\\/persona_elodie-m-96x96.jpg\",\"contentUrl\":\"https:\\\/\\\/bart-et-lemy.com\\\/blog\\\/wp-content\\\/uploads\\\/2026\\\/06\\\/persona_elodie-m-96x96.jpg\",\"caption\":\"Elodie Mazeau\"},\"description\":\"J'\u00e9cris sur la parentalit\u00e9 telle qu'elle se vit vraiment, du premier biberon aux premi\u00e8res col\u00e8res. Mes sujets de pr\u00e9dilection couvrent le quotidien des familles : sommeil, alimentation, organisation, pu\u00e9riculture et ces petites gal\u00e8res que tout parent conna\u00eet. Depuis plusieurs ann\u00e9es, je m'attache \u00e0 proposer des rep\u00e8res concrets plut\u00f4t que des le\u00e7ons, parce que chaque famille trouve son propre \u00e9quilibre. Je v\u00e9rifie mes informations aupr\u00e8s de sources fiables, surtout d\u00e8s qu'on touche \u00e0 la sant\u00e9 ou \u00e0 la s\u00e9curit\u00e9 de l'enfant, et je pr\u00e9cise quand un avis professionnel s'impose. J'\u00e9vite soigneusement la culpabilisation : \u00eatre parent est d\u00e9j\u00e0 assez exigeant. Mon ton se veut complice et bienveillant, un peu comme une discussion entre parents qui se comprennent. L'id\u00e9e est d'all\u00e9ger la charge mentale en donnant des solutions simples et test\u00e9es.\",\"sameAs\":[\"https:\\\/\\\/elodiemazeau.fr\\\/\"],\"url\":\"https:\\\/\\\/bart-et-lemy.com\\\/blog\\\/auteur\\\/noname\\\/\"}]}<\/script>\n<!-- \/ Yoast SEO Premium plugin. -->","yoast_head_json":{"title":"B\u00e9b\u00e9 d'amour : c\u00e9l\u00e9brons la tendresse et l'importance","description":"Que signifie r\u00e9ellement \u00eatre un \"b\u00e9b\u00e9 d'amour\" ? Ce terme \u00e9voque un lien unique, une connexion profonde entre le parent et l'enfant.","robots":{"index":"index","follow":"follow","max-snippet":"max-snippet:-1","max-image-preview":"max-image-preview:large","max-video-preview":"max-video-preview:-1"},"canonical":"https:\/\/bart-et-lemy.com\/blog\/a-la-une\/bebe-damour-celebrons-la-tendresse-et-limportance-des-liens-affectifs\/","og_locale":"fr_FR","og_type":"article","og_title":"B\u00e9b\u00e9 d'amour : c\u00e9l\u00e9brons la tendresse et l'importance","og_description":"Que signifie r\u00e9ellement \u00eatre un \"b\u00e9b\u00e9 d'amour\" ? Ce terme \u00e9voque un lien unique, une connexion profonde entre le parent et l'enfant.","og_url":"https:\/\/bart-et-lemy.com\/blog\/a-la-une\/bebe-damour-celebrons-la-tendresse-et-limportance-des-liens-affectifs\/","og_site_name":"bart-et-lemy.com","og_image":[{"width":1536,"height":640,"url":"https:\/\/bart-et-lemy.com\/blog\/wp-content\/uploads\/2025\/02\/sdxl-b24a9e51c339a5c3f7b928fe95a7339c.png","type":"image\/png"}],"author":"Elodie Mazeau","twitter_card":"summary_large_image","schema":{"@context":"https:\/\/schema.org","@graph":[{"@type":"NewsArticle","@id":"https:\/\/bart-et-lemy.com\/blog\/a-la-une\/bebe-damour-celebrons-la-tendresse-et-limportance-des-liens-affectifs\/#article","isPartOf":{"@id":"https:\/\/bart-et-lemy.com\/blog\/a-la-une\/bebe-damour-celebrons-la-tendresse-et-limportance-des-liens-affectifs\/"},"author":{"name":"Elodie Mazeau","@id":"https:\/\/bart-et-lemy.com\/blog\/#\/schema\/person\/3c864cdc320801e3db34b663e7e3f816"},"headline":"B\u00e9b\u00e9 d&rsquo;amour : c\u00e9l\u00e9brons la tendresse et l&rsquo;importance des liens affectifs","datePublished":"2025-02-19T15:39:00+00:00","mainEntityOfPage":{"@id":"https:\/\/bart-et-lemy.com\/blog\/a-la-une\/bebe-damour-celebrons-la-tendresse-et-limportance-des-liens-affectifs\/"},"wordCount":638,"commentCount":19,"publisher":{"@id":"https:\/\/bart-et-lemy.com\/blog\/#organization"},"image":{"@id":"https:\/\/bart-et-lemy.com\/blog\/a-la-une\/bebe-damour-celebrons-la-tendresse-et-limportance-des-liens-affectifs\/#primaryimage"},"thumbnailUrl":"https:\/\/bart-et-lemy.com\/blog\/wp-content\/uploads\/2025\/02\/sdxl-b24a9e51c339a5c3f7b928fe95a7339c.png","keywords":["Amour","B\u00e9b\u00e9","Comp\u00e9tences Sociales","D\u00e9veloppement","Environnement Sain","Liens affectifs"],"articleSection":["\u00c0 la une"],"inLanguage":"fr-FR","potentialAction":[{"@type":"CommentAction","name":"Comment","target":["https:\/\/bart-et-lemy.com\/blog\/a-la-une\/bebe-damour-celebrons-la-tendresse-et-limportance-des-liens-affectifs\/#respond"]}]},{"@type":"WebPage","@id":"https:\/\/bart-et-lemy.com\/blog\/a-la-une\/bebe-damour-celebrons-la-tendresse-et-limportance-des-liens-affectifs\/","url":"https:\/\/bart-et-lemy.com\/blog\/a-la-une\/bebe-damour-celebrons-la-tendresse-et-limportance-des-liens-affectifs\/","name":"B\u00e9b\u00e9 d'amour : c\u00e9l\u00e9brons la tendresse et l'importance","isPartOf":{"@id":"https:\/\/bart-et-lemy.com\/blog\/#website"},"primaryImageOfPage":{"@id":"https:\/\/bart-et-lemy.com\/blog\/a-la-une\/bebe-damour-celebrons-la-tendresse-et-limportance-des-liens-affectifs\/#primaryimage"},"image":{"@id":"https:\/\/bart-et-lemy.com\/blog\/a-la-une\/bebe-damour-celebrons-la-tendresse-et-limportance-des-liens-affectifs\/#primaryimage"},"thumbnailUrl":"https:\/\/bart-et-lemy.com\/blog\/wp-content\/uploads\/2025\/02\/sdxl-b24a9e51c339a5c3f7b928fe95a7339c.png","datePublished":"2025-02-19T15:39:00+00:00","description":"Que signifie r\u00e9ellement \u00eatre un \"b\u00e9b\u00e9 d'amour\" ? Ce terme \u00e9voque un lien unique, une connexion profonde entre le parent et l'enfant.","inLanguage":"fr-FR","potentialAction":[{"@type":"ReadAction","target":["https:\/\/bart-et-lemy.com\/blog\/a-la-une\/bebe-damour-celebrons-la-tendresse-et-limportance-des-liens-affectifs\/"]}]},{"@type":"ImageObject","inLanguage":"fr-FR","@id":"https:\/\/bart-et-lemy.com\/blog\/a-la-une\/bebe-damour-celebrons-la-tendresse-et-limportance-des-liens-affectifs\/#primaryimage","url":"https:\/\/bart-et-lemy.com\/blog\/wp-content\/uploads\/2025\/02\/sdxl-b24a9e51c339a5c3f7b928fe95a7339c.png","contentUrl":"https:\/\/bart-et-lemy.com\/blog\/wp-content\/uploads\/2025\/02\/sdxl-b24a9e51c339a5c3f7b928fe95a7339c.png","width":1536,"height":640},{"@type":"WebSite","@id":"https:\/\/bart-et-lemy.com\/blog\/#website","url":"https:\/\/bart-et-lemy.com\/blog\/","name":"Bart et Lemy","description":"L\u2019originalit\u00e9 en toute libert\u00e9.","publisher":{"@id":"https:\/\/bart-et-lemy.com\/blog\/#organization"},"alternateName":"Conseils parentaux, astuces famille et bien-\u00eatre enfant","potentialAction":[{"@type":"SearchAction","target":{"@type":"EntryPoint","urlTemplate":"https:\/\/bart-et-lemy.com\/blog\/?s={search_term_string}"},"query-input":{"@type":"PropertyValueSpecification","valueRequired":true,"valueName":"search_term_string"}}],"inLanguage":"fr-FR"},{"@type":"Organization","@id":"https:\/\/bart-et-lemy.com\/blog\/#organization","name":"Bart et Lemy","alternateName":"bart-et-lemy.com","url":"https:\/\/bart-et-lemy.com\/blog\/","logo":{"@type":"ImageObject","inLanguage":"fr-FR","@id":"https:\/\/bart-et-lemy.com\/blog\/#\/schema\/logo\/image\/","url":"https:\/\/bart-et-lemy.com\/blog\/wp-content\/uploads\/2026\/07\/logo-auto.png","contentUrl":"https:\/\/bart-et-lemy.com\/blog\/wp-content\/uploads\/2026\/07\/logo-auto.png","width":1024,"height":1024,"caption":"Bart et Lemy"},"image":{"@id":"https:\/\/bart-et-lemy.com\/blog\/#\/schema\/logo\/image\/"}},{"@type":"Person","@id":"https:\/\/bart-et-lemy.com\/blog\/#\/schema\/person\/3c864cdc320801e3db34b663e7e3f816","name":"Elodie Mazeau","image":{"@type":"ImageObject","inLanguage":"fr-FR","@id":"https:\/\/bart-et-lemy.com\/blog\/wp-content\/uploads\/2026\/06\/persona_elodie-m-96x96.jpg","url":"https:\/\/bart-et-lemy.com\/blog\/wp-content\/uploads\/2026\/06\/persona_elodie-m-96x96.jpg","contentUrl":"https:\/\/bart-et-lemy.com\/blog\/wp-content\/uploads\/2026\/06\/persona_elodie-m-96x96.jpg","caption":"Elodie Mazeau"},"description":"J'\u00e9cris sur la parentalit\u00e9 telle qu'elle se vit vraiment, du premier biberon aux premi\u00e8res col\u00e8res. Mes sujets de pr\u00e9dilection couvrent le quotidien des familles : sommeil, alimentation, organisation, pu\u00e9riculture et ces petites gal\u00e8res que tout parent conna\u00eet. Depuis plusieurs ann\u00e9es, je m'attache \u00e0 proposer des rep\u00e8res concrets plut\u00f4t que des le\u00e7ons, parce que chaque famille trouve son propre \u00e9quilibre. Je v\u00e9rifie mes informations aupr\u00e8s de sources fiables, surtout d\u00e8s qu'on touche \u00e0 la sant\u00e9 ou \u00e0 la s\u00e9curit\u00e9 de l'enfant, et je pr\u00e9cise quand un avis professionnel s'impose. J'\u00e9vite soigneusement la culpabilisation : \u00eatre parent est d\u00e9j\u00e0 assez exigeant. Mon ton se veut complice et bienveillant, un peu comme une discussion entre parents qui se comprennent. L'id\u00e9e est d'all\u00e9ger la charge mentale en donnant des solutions simples et test\u00e9es.","sameAs":["https:\/\/elodiemazeau.fr\/"],"url":"https:\/\/bart-et-lemy.com\/blog\/auteur\/noname\/"}]}},"_links":{"self":[{"href":"https:\/\/bart-et-lemy.com\/blog\/wp-json\/wp\/v2\/posts\/8578","targetHints":{"allow":["GET"]}}],"collection":[{"href":"https:\/\/bart-et-lemy.com\/blog\/wp-json\/wp\/v2\/posts"}],"about":[{"href":"https:\/\/bart-et-lemy.com\/blog\/wp-json\/wp\/v2\/types\/post"}],"author":[{"embeddable":true,"href":"https:\/\/bart-et-lemy.com\/blog\/wp-json\/wp\/v2\/users\/34"}],"replies":[{"embeddable":true,"href":"https:\/\/bart-et-lemy.com\/blog\/wp-json\/wp\/v2\/comments?post=8578"}],"version-history":[{"count":1,"href":"https:\/\/bart-et-lemy.com\/blog\/wp-json\/wp\/v2\/posts\/8578\/revisions"}],"predecessor-version":[{"id":9534,"href":"https:\/\/bart-et-lemy.com\/blog\/wp-json\/wp\/v2\/posts\/8578\/revisions\/9534"}],"wp:featuredmedia":[{"embeddable":true,"href":"https:\/\/bart-et-lemy.com\/blog\/wp-json\/wp\/v2\/media\/9584"}],"wp:attachment":[{"href":"https:\/\/bart-et-lemy.com\/blog\/wp-json\/wp\/v2\/media?parent=8578"}],"wp:term":[{"taxonomy":"category","embeddable":true,"href":"https:\/\/bart-et-lemy.com\/blog\/wp-json\/wp\/v2\/categories?post=8578"},{"taxonomy":"post_tag","embeddable":true,"href":"https:\/\/bart-et-lemy.com\/blog\/wp-json\/wp\/v2\/tags?post=8578"}],"curies":[{"name":"wp","href":"https:\/\/api.w.org\/{rel}","templated":true}]}}