{"id":8597,"date":"2025-03-07T17:19:00","date_gmt":"2025-03-07T16:19:00","guid":{"rendered":"https:\/\/bart-et-lemy.com\/blog\/?p=8597"},"modified":"2025-02-10T16:37:51","modified_gmt":"2025-02-10T15:37:51","slug":"barrettes-pour-bebe-a-partir-de-quel-age-les-utiliser","status":"publish","type":"post","link":"https:\/\/bart-et-lemy.com\/blog\/a-la-une\/barrettes-pour-bebe-a-partir-de-quel-age-les-utiliser\/","title":{"rendered":"Barrettes pour b\u00e9b\u00e9 : \u00c0 partir de quel \u00e2ge les utiliser ?"},"content":{"rendered":"<h2>Introduction<\/h2>\n<p>\u00c0 quel \u00e2ge peut-on commencer \u00e0 les utiliser ? Est-ce s\u00e9curitaire pour les tout-petits ? Cet article \u00e9claircit ces interrogations et offre des conseils pratiques pour choisir les bonnes barrettes.<\/p>\n<h2>\u00c0 partir de quel \u00e2ge utiliser des barrettes pour b\u00e9b\u00e9 ?<\/h2>\n<p>Les barrettes pour b\u00e9b\u00e9 peuvent \u00eatre introduites d\u00e8s l&rsquo;\u00e2ge de <strong>6 mois<\/strong>, lorsque les cheveux commencent \u00e0 pousser. C&rsquo;est un moyen styl\u00e9 de tenir les cheveux en place et d&rsquo;ajouter une touche de personnalit\u00e9 au look de votre enfant. Cependant, il est crucial de choisir des barrettes adapt\u00e9es \u00e0 leur \u00e2ge.<\/p>\n<p>Pour les b\u00e9b\u00e9s de moins d&rsquo;un an, privil\u00e9giez des barrettes l\u00e9g\u00e8res et sans pi\u00e8ces d\u00e9tachables. Cela r\u00e9duit les risques d&rsquo;\u00e9touffement. Les barrettes en tissu ou en plastique souple sont id\u00e9ales, car elles ne blessent pas le cuir chevelu d\u00e9licat des nourrissons.<\/p>\n<blockquote class=\"wp-embedded-content\" data-secret=\"aPjgY5q8mO\"><p><a href=\"https:\/\/bart-et-lemy.com\/blog\/a-la-une\/les-couches-lavables-pour-bebe-un-choix-eco-responsable-et-economique\/\">Les couches lavables pour b\u00e9b\u00e9 : un choix \u00e9co-responsable et \u00e9conomique<\/a><\/p><\/blockquote>\n<p><iframe loading=\"lazy\" class=\"wp-embedded-content\" sandbox=\"allow-scripts\" security=\"restricted\" style=\"position: absolute; visibility: hidden;\" title=\"\u00ab\u00a0Les couches lavables pour b\u00e9b\u00e9 : un choix \u00e9co-responsable et \u00e9conomique\u00a0\u00bb &#8212; bart-et-lemy.com\" src=\"https:\/\/bart-et-lemy.com\/blog\/a-la-une\/les-couches-lavables-pour-bebe-un-choix-eco-responsable-et-economique\/embed\/#?secret=kEHq6keMnv#?secret=aPjgY5q8mO\" data-secret=\"aPjgY5q8mO\" width=\"600\" height=\"338\" frameborder=\"0\" marginwidth=\"0\" marginheight=\"0\" scrolling=\"no\"><\/iframe><\/p>\n<h2>Les diff\u00e9rents types de barrettes pour b\u00e9b\u00e9s<\/h2>\n<p>Il existe plusieurs types de barrettes pour enfants, chacune avec ses avantages. Voici un aper\u00e7u des options disponibles :<\/p>\n<ul>\n<li><strong>Barrettes clips :<\/strong> Faciles \u00e0 utiliser, elles tiennent bien les cheveux en place.<\/li>\n<li><strong>Barrettes en tissu :<\/strong> Douces et l\u00e9g\u00e8res, parfaites pour les b\u00e9b\u00e9s.<\/li>\n<li><strong>Barrettes \u00e0 \u00e9lastique :<\/strong> Id\u00e9ales pour les cheveux fins, elles ne glissent pas.<\/li>\n<\/ul>\n<p>Chaque type offre des avantages diff\u00e9rents. Les barrettes clips sont pratiques pour les b\u00e9b\u00e9s avec des cheveux plus \u00e9pais, tandis que les barrettes en tissu sont souvent plus confortables.<\/p>\n<h2>Conseils pour choisir des barrettes s\u00e9curitaires<\/h2>\n<p>Choisir une barrette s\u00e9curitaire pour votre b\u00e9b\u00e9 est crucial. Voici quelques conseils :<\/p>\n<blockquote class=\"wp-embedded-content\" data-secret=\"LjZJ3DZPWR\"><p><a href=\"https:\/\/bart-et-lemy.com\/blog\/a-la-une\/le-lien-precieux-entre-bebe-et-maman-une-aventure-unique\/\">Le lien pr\u00e9cieux entre b\u00e9b\u00e9 et maman : une aventure unique<\/a><\/p><\/blockquote>\n<p><iframe loading=\"lazy\" class=\"wp-embedded-content\" sandbox=\"allow-scripts\" security=\"restricted\" style=\"position: absolute; visibility: hidden;\" title=\"\u00ab\u00a0Le lien pr\u00e9cieux entre b\u00e9b\u00e9 et maman : une aventure unique\u00a0\u00bb &#8212; bart-et-lemy.com\" src=\"https:\/\/bart-et-lemy.com\/blog\/a-la-une\/le-lien-precieux-entre-bebe-et-maman-une-aventure-unique\/embed\/#?secret=qXsOcj02Ke#?secret=LjZJ3DZPWR\" data-secret=\"LjZJ3DZPWR\" width=\"600\" height=\"338\" frameborder=\"0\" marginwidth=\"0\" marginheight=\"0\" scrolling=\"no\"><\/iframe><\/p>\n<ul>\n<li><strong>V\u00e9rifiez les mat\u00e9riaux :<\/strong> Optez pour des mat\u00e9riaux non toxiques et sans petites pi\u00e8ces.<\/li>\n<li><strong>Privil\u00e9giez les designs simples :<\/strong> \u00c9vitez les barrettes avec des d\u00e9corations en relief qui pourraient se d\u00e9tacher.<\/li>\n<li><strong>Testez la solidit\u00e9 :<\/strong> Assurez-vous que la barrette ne se casse pas facilement sous pression.<\/li>\n<\/ul>\n<p>En suivant ces recommandations, vous minimisez les risques et garantissez le confort de votre enfant.<\/p>\n<h2>Les effets des barrettes sur les cheveux des b\u00e9b\u00e9s<\/h2>\n<p>Utiliser des barrettes peut avoir des effets positifs sur les cheveux de votre b\u00e9b\u00e9. En maintenant les cheveux en place, elles \u00e9vitent les n\u0153uds et facilitent le coiffage. De plus, elles permettent de cr\u00e9er des looks vari\u00e9s et amusants.<\/p>\n<p>Cependant, il est important de ne pas les garder trop longtemps. Retirez les barrettes avant que votre enfant ne s&rsquo;endorme pour \u00e9viter tout risque d&rsquo;inconfort. Une bonne pratique consiste \u00e0 les utiliser pour des \u00e9v\u00e9nements sp\u00e9ciaux ou des sorties.<\/p>\n<h3>FAQ :<\/h3>\n<blockquote>\n<ul>\n<li><strong>\u00c0 quel \u00e2ge puis-je commencer \u00e0 mettre des barrettes \u00e0 mon b\u00e9b\u00e9 ?Les barrettes peuvent \u00eatre utilis\u00e9es d\u00e8s 6 mois.<\/strong><\/li>\n<li><strong>Les barrettes sont-elles s\u00e9curitaires pour les tout-petits ?Oui, \u00e0 condition de choisir des mod\u00e8les sans petites pi\u00e8ces.<\/strong><\/li>\n<li><strong>Quel type de barrettes est le meilleur pour les b\u00e9b\u00e9s ?Les barrettes en tissu ou en plastique souple sont id\u00e9ales.<\/strong><\/li>\n<li><strong>Dois-je retirer les barrettes avant que mon b\u00e9b\u00e9 ne s&rsquo;endorme ?Oui, pour \u00e9viter tout inconfort ou risque.<\/strong><\/li>\n<\/ul>\n<\/blockquote>\n<h2>Conclusion<\/h2>\n<p>Les barrettes pour b\u00e9b\u00e9 sont une belle fa\u00e7on d&rsquo;ajouter du style \u00e0 leur apparence tout en maintenant les cheveux en place. En les introduisant d\u00e8s 6 mois et en choisissant des mod\u00e8les s\u00e9curitaires, vous pouvez profiter des avantages tout en assurant le bien-\u00eatre de votre enfant. N&rsquo;h\u00e9sitez pas \u00e0 exp\u00e9rimenter avec diff\u00e9rents styles pour trouver ceux qui conviennent le mieux \u00e0 votre petit.<\/p>\n<table>\n<tr>\n<th>Type de barrette<\/th>\n<th>Avantages<\/th>\n<th>Inconv\u00e9nients<\/th>\n<\/tr>\n<tr>\n<td>Barrettes clips<\/td>\n<td>Faciles \u00e0 utiliser<\/td>\n<td>Peuvent glisser sur les cheveux fins<\/td>\n<\/tr>\n<tr>\n<td>Barrettes en tissu<\/td>\n<td>Confortables<\/td>\n<td>Moins solides que les clips<\/td>\n<\/tr>\n<tr>\n<td>Barrettes \u00e0 \u00e9lastique<\/td>\n<td>Tiennent bien en place<\/td>\n<td>Peuvent \u00eatre difficiles \u00e0 retirer<\/td>\n<\/tr>\n<\/table>\n","protected":false},"excerpt":{"rendered":"","protected":false},"author":34,"featured_media":9901,"comment_status":"open","ping_status":"open","sticky":false,"template":"","format":"standard","meta":{"_acf_changed":false,"manual_indexmenow":false,"indexmenow_id_project":0,"footnotes":""},"categories":[1],"tags":[5457,4590,5458,3747,5316,5459],"class_list":["post-8597","post","type-post","status-publish","format-standard","has-post-thumbnail","hentry","category-a-la-une","tag-barrettes","tag-bebe","tag-cheveux","tag-confort","tag-securitaire","tag-styles","generate-columns","tablet-grid-50","mobile-grid-100","grid-parent","grid-25"],"acf":[],"yoast_head":"<!-- This site is optimized with the Yoast SEO Premium plugin v21.3 (Yoast SEO v27.3) - https:\/\/yoast.com\/product\/yoast-seo-premium-wordpress\/ -->\n<title>Barrettes pour b\u00e9b\u00e9 : \u00c0 partir de quel \u00e2ge les utiliser ?<\/title>\n<meta name=\"description\" content=\"\u00c0 quel \u00e2ge peut-on commencer \u00e0 les utiliser ? Est-ce s\u00e9curitaire pour les tout-petits ?\" \/>\n<meta name=\"robots\" content=\"index, follow, max-snippet:-1, max-image-preview:large, max-video-preview:-1\" \/>\n<link rel=\"canonical\" href=\"https:\/\/bart-et-lemy.com\/blog\/a-la-une\/barrettes-pour-bebe-a-partir-de-quel-age-les-utiliser\/\" \/>\n<meta property=\"og:locale\" content=\"fr_FR\" \/>\n<meta property=\"og:type\" content=\"article\" \/>\n<meta property=\"og:title\" content=\"Barrettes pour b\u00e9b\u00e9 : \u00c0 partir de quel \u00e2ge les utiliser ?\" \/>\n<meta property=\"og:description\" content=\"\u00c0 quel \u00e2ge peut-on commencer \u00e0 les utiliser ? Est-ce s\u00e9curitaire pour les tout-petits ?\" \/>\n<meta property=\"og:url\" content=\"https:\/\/bart-et-lemy.com\/blog\/a-la-une\/barrettes-pour-bebe-a-partir-de-quel-age-les-utiliser\/\" \/>\n<meta property=\"og:site_name\" content=\"bart-et-lemy.com\" \/>\n<meta property=\"og:image\" content=\"https:\/\/bart-et-lemy.com\/blog\/wp-content\/uploads\/2025\/03\/sdxl-b1672cfb4240f4cd2957a4f86ea2cd93.png\" \/>\n\t<meta property=\"og:image:width\" content=\"1536\" \/>\n\t<meta property=\"og:image:height\" content=\"640\" \/>\n\t<meta property=\"og:image:type\" content=\"image\/png\" \/>\n<meta name=\"author\" content=\"Elodie Mazeau\" \/>\n<meta name=\"twitter:card\" content=\"summary_large_image\" \/>\n<script type=\"application\/ld+json\" class=\"yoast-schema-graph\">{\"@context\":\"https:\\\/\\\/schema.org\",\"@graph\":[{\"@type\":\"NewsArticle\",\"@id\":\"https:\\\/\\\/bart-et-lemy.com\\\/blog\\\/a-la-une\\\/barrettes-pour-bebe-a-partir-de-quel-age-les-utiliser\\\/#article\",\"isPartOf\":{\"@id\":\"https:\\\/\\\/bart-et-lemy.com\\\/blog\\\/a-la-une\\\/barrettes-pour-bebe-a-partir-de-quel-age-les-utiliser\\\/\"},\"author\":{\"name\":\"Elodie Mazeau\",\"@id\":\"https:\\\/\\\/bart-et-lemy.com\\\/blog\\\/#\\\/schema\\\/person\\\/3c864cdc320801e3db34b663e7e3f816\"},\"headline\":\"Barrettes pour b\u00e9b\u00e9 : \u00c0 partir de quel \u00e2ge les utiliser ?\",\"datePublished\":\"2025-03-07T16:19:00+00:00\",\"mainEntityOfPage\":{\"@id\":\"https:\\\/\\\/bart-et-lemy.com\\\/blog\\\/a-la-une\\\/barrettes-pour-bebe-a-partir-de-quel-age-les-utiliser\\\/\"},\"wordCount\":634,\"commentCount\":25,\"publisher\":{\"@id\":\"https:\\\/\\\/bart-et-lemy.com\\\/blog\\\/#organization\"},\"image\":{\"@id\":\"https:\\\/\\\/bart-et-lemy.com\\\/blog\\\/a-la-une\\\/barrettes-pour-bebe-a-partir-de-quel-age-les-utiliser\\\/#primaryimage\"},\"thumbnailUrl\":\"https:\\\/\\\/bart-et-lemy.com\\\/blog\\\/wp-content\\\/uploads\\\/2025\\\/03\\\/sdxl-b1672cfb4240f4cd2957a4f86ea2cd93.png\",\"keywords\":[\"Barrettes\",\"B\u00e9b\u00e9\",\"Cheveux\",\"Confort\",\"S\u00e9curitaire\",\"Styles\"],\"articleSection\":[\"\u00c0 la une\"],\"inLanguage\":\"fr-FR\",\"potentialAction\":[{\"@type\":\"CommentAction\",\"name\":\"Comment\",\"target\":[\"https:\\\/\\\/bart-et-lemy.com\\\/blog\\\/a-la-une\\\/barrettes-pour-bebe-a-partir-de-quel-age-les-utiliser\\\/#respond\"]}]},{\"@type\":\"WebPage\",\"@id\":\"https:\\\/\\\/bart-et-lemy.com\\\/blog\\\/a-la-une\\\/barrettes-pour-bebe-a-partir-de-quel-age-les-utiliser\\\/\",\"url\":\"https:\\\/\\\/bart-et-lemy.com\\\/blog\\\/a-la-une\\\/barrettes-pour-bebe-a-partir-de-quel-age-les-utiliser\\\/\",\"name\":\"Barrettes pour b\u00e9b\u00e9 : \u00c0 partir de quel \u00e2ge les utiliser ?\",\"isPartOf\":{\"@id\":\"https:\\\/\\\/bart-et-lemy.com\\\/blog\\\/#website\"},\"primaryImageOfPage\":{\"@id\":\"https:\\\/\\\/bart-et-lemy.com\\\/blog\\\/a-la-une\\\/barrettes-pour-bebe-a-partir-de-quel-age-les-utiliser\\\/#primaryimage\"},\"image\":{\"@id\":\"https:\\\/\\\/bart-et-lemy.com\\\/blog\\\/a-la-une\\\/barrettes-pour-bebe-a-partir-de-quel-age-les-utiliser\\\/#primaryimage\"},\"thumbnailUrl\":\"https:\\\/\\\/bart-et-lemy.com\\\/blog\\\/wp-content\\\/uploads\\\/2025\\\/03\\\/sdxl-b1672cfb4240f4cd2957a4f86ea2cd93.png\",\"datePublished\":\"2025-03-07T16:19:00+00:00\",\"description\":\"\u00c0 quel \u00e2ge peut-on commencer \u00e0 les utiliser ? Est-ce s\u00e9curitaire pour les tout-petits ?\",\"inLanguage\":\"fr-FR\",\"potentialAction\":[{\"@type\":\"ReadAction\",\"target\":[\"https:\\\/\\\/bart-et-lemy.com\\\/blog\\\/a-la-une\\\/barrettes-pour-bebe-a-partir-de-quel-age-les-utiliser\\\/\"]}]},{\"@type\":\"ImageObject\",\"inLanguage\":\"fr-FR\",\"@id\":\"https:\\\/\\\/bart-et-lemy.com\\\/blog\\\/a-la-une\\\/barrettes-pour-bebe-a-partir-de-quel-age-les-utiliser\\\/#primaryimage\",\"url\":\"https:\\\/\\\/bart-et-lemy.com\\\/blog\\\/wp-content\\\/uploads\\\/2025\\\/03\\\/sdxl-b1672cfb4240f4cd2957a4f86ea2cd93.png\",\"contentUrl\":\"https:\\\/\\\/bart-et-lemy.com\\\/blog\\\/wp-content\\\/uploads\\\/2025\\\/03\\\/sdxl-b1672cfb4240f4cd2957a4f86ea2cd93.png\",\"width\":1536,\"height\":640},{\"@type\":\"WebSite\",\"@id\":\"https:\\\/\\\/bart-et-lemy.com\\\/blog\\\/#website\",\"url\":\"https:\\\/\\\/bart-et-lemy.com\\\/blog\\\/\",\"name\":\"Bart et Lemy\",\"description\":\"L\u2019originalit\u00e9 en toute libert\u00e9.\",\"publisher\":{\"@id\":\"https:\\\/\\\/bart-et-lemy.com\\\/blog\\\/#organization\"},\"alternateName\":\"Conseils parentaux, astuces famille et bien-\u00eatre enfant\",\"potentialAction\":[{\"@type\":\"SearchAction\",\"target\":{\"@type\":\"EntryPoint\",\"urlTemplate\":\"https:\\\/\\\/bart-et-lemy.com\\\/blog\\\/?s={search_term_string}\"},\"query-input\":{\"@type\":\"PropertyValueSpecification\",\"valueRequired\":true,\"valueName\":\"search_term_string\"}}],\"inLanguage\":\"fr-FR\"},{\"@type\":\"Organization\",\"@id\":\"https:\\\/\\\/bart-et-lemy.com\\\/blog\\\/#organization\",\"name\":\"Bart et Lemy\",\"alternateName\":\"bart-et-lemy.com\",\"url\":\"https:\\\/\\\/bart-et-lemy.com\\\/blog\\\/\",\"logo\":{\"@type\":\"ImageObject\",\"inLanguage\":\"fr-FR\",\"@id\":\"https:\\\/\\\/bart-et-lemy.com\\\/blog\\\/#\\\/schema\\\/logo\\\/image\\\/\",\"url\":\"https:\\\/\\\/bart-et-lemy.com\\\/blog\\\/wp-content\\\/uploads\\\/2026\\\/07\\\/logo-auto.png\",\"contentUrl\":\"https:\\\/\\\/bart-et-lemy.com\\\/blog\\\/wp-content\\\/uploads\\\/2026\\\/07\\\/logo-auto.png\",\"width\":1024,\"height\":1024,\"caption\":\"Bart et Lemy\"},\"image\":{\"@id\":\"https:\\\/\\\/bart-et-lemy.com\\\/blog\\\/#\\\/schema\\\/logo\\\/image\\\/\"}},{\"@type\":\"Person\",\"@id\":\"https:\\\/\\\/bart-et-lemy.com\\\/blog\\\/#\\\/schema\\\/person\\\/3c864cdc320801e3db34b663e7e3f816\",\"name\":\"Elodie Mazeau\",\"image\":{\"@type\":\"ImageObject\",\"inLanguage\":\"fr-FR\",\"@id\":\"https:\\\/\\\/bart-et-lemy.com\\\/blog\\\/wp-content\\\/uploads\\\/2026\\\/06\\\/persona_elodie-m-96x96.jpg\",\"url\":\"https:\\\/\\\/bart-et-lemy.com\\\/blog\\\/wp-content\\\/uploads\\\/2026\\\/06\\\/persona_elodie-m-96x96.jpg\",\"contentUrl\":\"https:\\\/\\\/bart-et-lemy.com\\\/blog\\\/wp-content\\\/uploads\\\/2026\\\/06\\\/persona_elodie-m-96x96.jpg\",\"caption\":\"Elodie Mazeau\"},\"description\":\"J'\u00e9cris sur la parentalit\u00e9 telle qu'elle se vit vraiment, du premier biberon aux premi\u00e8res col\u00e8res. Mes sujets de pr\u00e9dilection couvrent le quotidien des familles : sommeil, alimentation, organisation, pu\u00e9riculture et ces petites gal\u00e8res que tout parent conna\u00eet. Depuis plusieurs ann\u00e9es, je m'attache \u00e0 proposer des rep\u00e8res concrets plut\u00f4t que des le\u00e7ons, parce que chaque famille trouve son propre \u00e9quilibre. Je v\u00e9rifie mes informations aupr\u00e8s de sources fiables, surtout d\u00e8s qu'on touche \u00e0 la sant\u00e9 ou \u00e0 la s\u00e9curit\u00e9 de l'enfant, et je pr\u00e9cise quand un avis professionnel s'impose. J'\u00e9vite soigneusement la culpabilisation : \u00eatre parent est d\u00e9j\u00e0 assez exigeant. Mon ton se veut complice et bienveillant, un peu comme une discussion entre parents qui se comprennent. L'id\u00e9e est d'all\u00e9ger la charge mentale en donnant des solutions simples et test\u00e9es.\",\"sameAs\":[\"https:\\\/\\\/elodiemazeau.fr\\\/\"],\"url\":\"https:\\\/\\\/bart-et-lemy.com\\\/blog\\\/auteur\\\/noname\\\/\"}]}<\/script>\n<!-- \/ Yoast SEO Premium plugin. -->","yoast_head_json":{"title":"Barrettes pour b\u00e9b\u00e9 : \u00c0 partir de quel \u00e2ge les utiliser ?","description":"\u00c0 quel \u00e2ge peut-on commencer \u00e0 les utiliser ? Est-ce s\u00e9curitaire pour les tout-petits ?","robots":{"index":"index","follow":"follow","max-snippet":"max-snippet:-1","max-image-preview":"max-image-preview:large","max-video-preview":"max-video-preview:-1"},"canonical":"https:\/\/bart-et-lemy.com\/blog\/a-la-une\/barrettes-pour-bebe-a-partir-de-quel-age-les-utiliser\/","og_locale":"fr_FR","og_type":"article","og_title":"Barrettes pour b\u00e9b\u00e9 : \u00c0 partir de quel \u00e2ge les utiliser ?","og_description":"\u00c0 quel \u00e2ge peut-on commencer \u00e0 les utiliser ? Est-ce s\u00e9curitaire pour les tout-petits ?","og_url":"https:\/\/bart-et-lemy.com\/blog\/a-la-une\/barrettes-pour-bebe-a-partir-de-quel-age-les-utiliser\/","og_site_name":"bart-et-lemy.com","og_image":[{"width":1536,"height":640,"url":"https:\/\/bart-et-lemy.com\/blog\/wp-content\/uploads\/2025\/03\/sdxl-b1672cfb4240f4cd2957a4f86ea2cd93.png","type":"image\/png"}],"author":"Elodie Mazeau","twitter_card":"summary_large_image","schema":{"@context":"https:\/\/schema.org","@graph":[{"@type":"NewsArticle","@id":"https:\/\/bart-et-lemy.com\/blog\/a-la-une\/barrettes-pour-bebe-a-partir-de-quel-age-les-utiliser\/#article","isPartOf":{"@id":"https:\/\/bart-et-lemy.com\/blog\/a-la-une\/barrettes-pour-bebe-a-partir-de-quel-age-les-utiliser\/"},"author":{"name":"Elodie Mazeau","@id":"https:\/\/bart-et-lemy.com\/blog\/#\/schema\/person\/3c864cdc320801e3db34b663e7e3f816"},"headline":"Barrettes pour b\u00e9b\u00e9 : \u00c0 partir de quel \u00e2ge les utiliser ?","datePublished":"2025-03-07T16:19:00+00:00","mainEntityOfPage":{"@id":"https:\/\/bart-et-lemy.com\/blog\/a-la-une\/barrettes-pour-bebe-a-partir-de-quel-age-les-utiliser\/"},"wordCount":634,"commentCount":25,"publisher":{"@id":"https:\/\/bart-et-lemy.com\/blog\/#organization"},"image":{"@id":"https:\/\/bart-et-lemy.com\/blog\/a-la-une\/barrettes-pour-bebe-a-partir-de-quel-age-les-utiliser\/#primaryimage"},"thumbnailUrl":"https:\/\/bart-et-lemy.com\/blog\/wp-content\/uploads\/2025\/03\/sdxl-b1672cfb4240f4cd2957a4f86ea2cd93.png","keywords":["Barrettes","B\u00e9b\u00e9","Cheveux","Confort","S\u00e9curitaire","Styles"],"articleSection":["\u00c0 la une"],"inLanguage":"fr-FR","potentialAction":[{"@type":"CommentAction","name":"Comment","target":["https:\/\/bart-et-lemy.com\/blog\/a-la-une\/barrettes-pour-bebe-a-partir-de-quel-age-les-utiliser\/#respond"]}]},{"@type":"WebPage","@id":"https:\/\/bart-et-lemy.com\/blog\/a-la-une\/barrettes-pour-bebe-a-partir-de-quel-age-les-utiliser\/","url":"https:\/\/bart-et-lemy.com\/blog\/a-la-une\/barrettes-pour-bebe-a-partir-de-quel-age-les-utiliser\/","name":"Barrettes pour b\u00e9b\u00e9 : \u00c0 partir de quel \u00e2ge les utiliser ?","isPartOf":{"@id":"https:\/\/bart-et-lemy.com\/blog\/#website"},"primaryImageOfPage":{"@id":"https:\/\/bart-et-lemy.com\/blog\/a-la-une\/barrettes-pour-bebe-a-partir-de-quel-age-les-utiliser\/#primaryimage"},"image":{"@id":"https:\/\/bart-et-lemy.com\/blog\/a-la-une\/barrettes-pour-bebe-a-partir-de-quel-age-les-utiliser\/#primaryimage"},"thumbnailUrl":"https:\/\/bart-et-lemy.com\/blog\/wp-content\/uploads\/2025\/03\/sdxl-b1672cfb4240f4cd2957a4f86ea2cd93.png","datePublished":"2025-03-07T16:19:00+00:00","description":"\u00c0 quel \u00e2ge peut-on commencer \u00e0 les utiliser ? Est-ce s\u00e9curitaire pour les tout-petits ?","inLanguage":"fr-FR","potentialAction":[{"@type":"ReadAction","target":["https:\/\/bart-et-lemy.com\/blog\/a-la-une\/barrettes-pour-bebe-a-partir-de-quel-age-les-utiliser\/"]}]},{"@type":"ImageObject","inLanguage":"fr-FR","@id":"https:\/\/bart-et-lemy.com\/blog\/a-la-une\/barrettes-pour-bebe-a-partir-de-quel-age-les-utiliser\/#primaryimage","url":"https:\/\/bart-et-lemy.com\/blog\/wp-content\/uploads\/2025\/03\/sdxl-b1672cfb4240f4cd2957a4f86ea2cd93.png","contentUrl":"https:\/\/bart-et-lemy.com\/blog\/wp-content\/uploads\/2025\/03\/sdxl-b1672cfb4240f4cd2957a4f86ea2cd93.png","width":1536,"height":640},{"@type":"WebSite","@id":"https:\/\/bart-et-lemy.com\/blog\/#website","url":"https:\/\/bart-et-lemy.com\/blog\/","name":"Bart et Lemy","description":"L\u2019originalit\u00e9 en toute libert\u00e9.","publisher":{"@id":"https:\/\/bart-et-lemy.com\/blog\/#organization"},"alternateName":"Conseils parentaux, astuces famille et bien-\u00eatre enfant","potentialAction":[{"@type":"SearchAction","target":{"@type":"EntryPoint","urlTemplate":"https:\/\/bart-et-lemy.com\/blog\/?s={search_term_string}"},"query-input":{"@type":"PropertyValueSpecification","valueRequired":true,"valueName":"search_term_string"}}],"inLanguage":"fr-FR"},{"@type":"Organization","@id":"https:\/\/bart-et-lemy.com\/blog\/#organization","name":"Bart et Lemy","alternateName":"bart-et-lemy.com","url":"https:\/\/bart-et-lemy.com\/blog\/","logo":{"@type":"ImageObject","inLanguage":"fr-FR","@id":"https:\/\/bart-et-lemy.com\/blog\/#\/schema\/logo\/image\/","url":"https:\/\/bart-et-lemy.com\/blog\/wp-content\/uploads\/2026\/07\/logo-auto.png","contentUrl":"https:\/\/bart-et-lemy.com\/blog\/wp-content\/uploads\/2026\/07\/logo-auto.png","width":1024,"height":1024,"caption":"Bart et Lemy"},"image":{"@id":"https:\/\/bart-et-lemy.com\/blog\/#\/schema\/logo\/image\/"}},{"@type":"Person","@id":"https:\/\/bart-et-lemy.com\/blog\/#\/schema\/person\/3c864cdc320801e3db34b663e7e3f816","name":"Elodie Mazeau","image":{"@type":"ImageObject","inLanguage":"fr-FR","@id":"https:\/\/bart-et-lemy.com\/blog\/wp-content\/uploads\/2026\/06\/persona_elodie-m-96x96.jpg","url":"https:\/\/bart-et-lemy.com\/blog\/wp-content\/uploads\/2026\/06\/persona_elodie-m-96x96.jpg","contentUrl":"https:\/\/bart-et-lemy.com\/blog\/wp-content\/uploads\/2026\/06\/persona_elodie-m-96x96.jpg","caption":"Elodie Mazeau"},"description":"J'\u00e9cris sur la parentalit\u00e9 telle qu'elle se vit vraiment, du premier biberon aux premi\u00e8res col\u00e8res. Mes sujets de pr\u00e9dilection couvrent le quotidien des familles : sommeil, alimentation, organisation, pu\u00e9riculture et ces petites gal\u00e8res que tout parent conna\u00eet. Depuis plusieurs ann\u00e9es, je m'attache \u00e0 proposer des rep\u00e8res concrets plut\u00f4t que des le\u00e7ons, parce que chaque famille trouve son propre \u00e9quilibre. Je v\u00e9rifie mes informations aupr\u00e8s de sources fiables, surtout d\u00e8s qu'on touche \u00e0 la sant\u00e9 ou \u00e0 la s\u00e9curit\u00e9 de l'enfant, et je pr\u00e9cise quand un avis professionnel s'impose. J'\u00e9vite soigneusement la culpabilisation : \u00eatre parent est d\u00e9j\u00e0 assez exigeant. Mon ton se veut complice et bienveillant, un peu comme une discussion entre parents qui se comprennent. L'id\u00e9e est d'all\u00e9ger la charge mentale en donnant des solutions simples et test\u00e9es.","sameAs":["https:\/\/elodiemazeau.fr\/"],"url":"https:\/\/bart-et-lemy.com\/blog\/auteur\/noname\/"}]}},"_links":{"self":[{"href":"https:\/\/bart-et-lemy.com\/blog\/wp-json\/wp\/v2\/posts\/8597","targetHints":{"allow":["GET"]}}],"collection":[{"href":"https:\/\/bart-et-lemy.com\/blog\/wp-json\/wp\/v2\/posts"}],"about":[{"href":"https:\/\/bart-et-lemy.com\/blog\/wp-json\/wp\/v2\/types\/post"}],"author":[{"embeddable":true,"href":"https:\/\/bart-et-lemy.com\/blog\/wp-json\/wp\/v2\/users\/34"}],"replies":[{"embeddable":true,"href":"https:\/\/bart-et-lemy.com\/blog\/wp-json\/wp\/v2\/comments?post=8597"}],"version-history":[{"count":1,"href":"https:\/\/bart-et-lemy.com\/blog\/wp-json\/wp\/v2\/posts\/8597\/revisions"}],"predecessor-version":[{"id":9885,"href":"https:\/\/bart-et-lemy.com\/blog\/wp-json\/wp\/v2\/posts\/8597\/revisions\/9885"}],"wp:featuredmedia":[{"embeddable":true,"href":"https:\/\/bart-et-lemy.com\/blog\/wp-json\/wp\/v2\/media\/9901"}],"wp:attachment":[{"href":"https:\/\/bart-et-lemy.com\/blog\/wp-json\/wp\/v2\/media?parent=8597"}],"wp:term":[{"taxonomy":"category","embeddable":true,"href":"https:\/\/bart-et-lemy.com\/blog\/wp-json\/wp\/v2\/categories?post=8597"},{"taxonomy":"post_tag","embeddable":true,"href":"https:\/\/bart-et-lemy.com\/blog\/wp-json\/wp\/v2\/tags?post=8597"}],"curies":[{"name":"wp","href":"https:\/\/api.w.org\/{rel}","templated":true}]}}