{"id":8637,"date":"2025-03-10T18:19:00","date_gmt":"2025-03-10T17:19:00","guid":{"rendered":"https:\/\/bart-et-lemy.com\/blog\/?p=8637"},"modified":"2025-02-10T16:42:49","modified_gmt":"2025-02-10T15:42:49","slug":"tout-savoir-sur-le-bebe-levrier-afghan-un-compagnon-elegant-et-affectueux","status":"publish","type":"post","link":"https:\/\/bart-et-lemy.com\/blog\/a-la-une\/tout-savoir-sur-le-bebe-levrier-afghan-un-compagnon-elegant-et-affectueux\/","title":{"rendered":"Tout savoir sur le B\u00e9b\u00e9 L\u00e9vrier Afghan : un compagnon \u00e9l\u00e9gant et affectueux"},"content":{"rendered":"<h2>Introduction au B\u00e9b\u00e9 L\u00e9vrier Afghan<\/h2>\n<p>Mais au-del\u00e0 de son apparence, ce chien poss\u00e8de une personnalit\u00e9 unique qui captive. Comment cet animal, \u00e0 la fois gracieux et affectueux, s&rsquo;int\u00e8gre-t-il dans nos vies ? Plongeons au c\u0153ur de cet univers fascinant.<\/p>\n<h2>Caract\u00e9ristiques physiques du B\u00e9b\u00e9 L\u00e9vrier Afghan<\/h2>\n<p>Le B\u00e9b\u00e9 L\u00e9vrier Afghan se distingue par sa silhouette \u00e9lanc\u00e9e et son pelage long, souvent de couleur cr\u00e8me, fauve ou noir. Sa t\u00eate fine et son cou long lui conf\u00e8rent une gr\u00e2ce naturelle. Ce chien est un v\u00e9ritable athl\u00e8te, capable de courir \u00e0 grande vitesse. Voici quelques caract\u00e9ristiques cl\u00e9s :<\/p>\n<blockquote class=\"wp-embedded-content\" data-secret=\"0nMwFHkYg6\"><p><a href=\"https:\/\/bart-et-lemy.com\/blog\/a-la-une\/les-couches-lavables-pour-bebe-un-choix-eco-responsable-et-economique\/\">Les couches lavables pour b\u00e9b\u00e9 : un choix \u00e9co-responsable et \u00e9conomique<\/a><\/p><\/blockquote>\n<p><iframe loading=\"lazy\" class=\"wp-embedded-content\" sandbox=\"allow-scripts\" security=\"restricted\" style=\"position: absolute; visibility: hidden;\" title=\"\u00ab\u00a0Les couches lavables pour b\u00e9b\u00e9 : un choix \u00e9co-responsable et \u00e9conomique\u00a0\u00bb &#8212; bart-et-lemy.com\" src=\"https:\/\/bart-et-lemy.com\/blog\/a-la-une\/les-couches-lavables-pour-bebe-un-choix-eco-responsable-et-economique\/embed\/#?secret=53yd9S6Ik0#?secret=0nMwFHkYg6\" data-secret=\"0nMwFHkYg6\" width=\"600\" height=\"338\" frameborder=\"0\" marginwidth=\"0\" marginheight=\"0\" scrolling=\"no\"><\/iframe><\/p>\n<table>\n<tr>\n<th>Caract\u00e9ristique<\/th>\n<th>D\u00e9tails<\/th>\n<th>Importance<\/th>\n<\/tr>\n<tr>\n<td>Taille<\/td>\n<td>45 \u00e0 65 cm<\/td>\n<td>Adapt\u00e9 aux espaces vari\u00e9s<\/td>\n<\/tr>\n<tr>\n<td>Peso<\/td>\n<td>20 \u00e0 30 kg<\/td>\n<td>Facile \u00e0 g\u00e9rer<\/td>\n<\/tr>\n<tr>\n<td>Esp\u00e9rance de vie<\/td>\n<td>12 \u00e0 14 ans<\/td>\n<td>Un compagnon de longue dur\u00e9e<\/td>\n<\/tr>\n<\/table>\n<h2>Personnalit\u00e9 et comportement<\/h2>\n<p>Le B\u00e9b\u00e9 L\u00e9vrier Afghan se r\u00e9v\u00e8le \u00eatre un chien \u00e0 la fois doux et affectueux. Ce compagnon est souvent d\u00e9crit comme ind\u00e9pendant, mais il d\u00e9veloppe une forte connexion avec sa famille. Sa nature joueuse le rend id\u00e9al pour les enfants, \u00e0 condition qu&rsquo;ils apprennent \u00e0 respecter sa sensibilit\u00e9. Voici quelques traits de caract\u00e8re :<\/p>\n<ul>\n<li><strong>Intelligent<\/strong> : Apprend rapidement, mais peut \u00eatre t\u00eatu.<\/li>\n<li><strong>Protecteur<\/strong> : Fait preuve d&rsquo;une grande loyaut\u00e9 envers sa famille.<\/li>\n<li><strong>Calme<\/strong> : Appr\u00e9cie les moments de tranquillit\u00e9 et de d\u00e9tente.<\/li>\n<\/ul>\n<p>En somme, ce l\u00e9vrier est un \u00e9quilibre parfait entre \u00e9nergie et calme. Il aime les promenades, mais aussi les heures de repos sur un canap\u00e9.<\/p>\n<h2>Soins et entretien<\/h2>\n<p>Prendre soin d&rsquo;un B\u00e9b\u00e9 L\u00e9vrier Afghan n\u00e9cessite de l&rsquo;attention, notamment en ce qui concerne son pelage. Le brossage r\u00e9gulier est essentiel pour \u00e9viter les n\u0153uds et maintenir la beaut\u00e9 de son pelage. Voici quelques conseils pratiques :<\/p>\n<blockquote class=\"wp-embedded-content\" data-secret=\"oTh5zt0Oxn\"><p><a href=\"https:\/\/bart-et-lemy.com\/blog\/a-la-une\/le-lien-precieux-entre-bebe-et-maman-une-aventure-unique\/\">Le lien pr\u00e9cieux entre b\u00e9b\u00e9 et maman : une aventure unique<\/a><\/p><\/blockquote>\n<p><iframe loading=\"lazy\" class=\"wp-embedded-content\" sandbox=\"allow-scripts\" security=\"restricted\" style=\"position: absolute; visibility: hidden;\" title=\"\u00ab\u00a0Le lien pr\u00e9cieux entre b\u00e9b\u00e9 et maman : une aventure unique\u00a0\u00bb &#8212; bart-et-lemy.com\" src=\"https:\/\/bart-et-lemy.com\/blog\/a-la-une\/le-lien-precieux-entre-bebe-et-maman-une-aventure-unique\/embed\/#?secret=2NqRtWKAhz#?secret=oTh5zt0Oxn\" data-secret=\"oTh5zt0Oxn\" width=\"600\" height=\"338\" frameborder=\"0\" marginwidth=\"0\" marginheight=\"0\" scrolling=\"no\"><\/iframe><\/p>\n<ul>\n<li><strong>Brossage<\/strong> : Au moins une fois par semaine.<\/li>\n<li><strong>Visites v\u00e9t\u00e9rinaires<\/strong> : Annuellement pour s&rsquo;assurer de sa bonne sant\u00e9.<\/li>\n<li><strong>Alimentation<\/strong> : Optez pour une nourriture de haute qualit\u00e9, riche en prot\u00e9ines.<\/li>\n<\/ul>\n<p>Il est \u00e9galement essentiel de lui offrir un espace suffisant pour se mouvoir. Il adore courir, donc un jardin ou des promenades r\u00e9guli\u00e8res sont id\u00e9aux.<\/p>\n<blockquote>\n<p>\u00ab\u00a0Le L\u00e9vrier Afghan est plus qu&rsquo;un simple chien, c&rsquo;est un membre de la famille.\u00a0\u00bb &#8211; Un propri\u00e9taire passionn\u00e9.<\/p>\n<\/blockquote>\n<h2>FAQ :<\/h2>\n<blockquote>\n<ul>\n<li><strong>Quelle est la taille moyenne d&rsquo;un B\u00e9b\u00e9 L\u00e9vrier Afghan ?<\/strong>Il mesure g\u00e9n\u00e9ralement entre 45 et 65 cm au garrot.<\/li>\n<li><strong>Ce chien est-il adapt\u00e9 aux familles ?<\/strong>Oui, il est affectueux et s&rsquo;entend bien avec les enfants.<\/li>\n<li><strong>Comment prendre soin de son pelage ?<\/strong>Un brossage hebdomadaire est recommand\u00e9 pour \u00e9viter les n\u0153uds.<\/li>\n<li><strong>Le B\u00e9b\u00e9 L\u00e9vrier Afghan a-t-il besoin de beaucoup d&rsquo;exercice ?<\/strong>Oui, il aime courir et profiter de l&rsquo;ext\u00e9rieur.<\/li>\n<\/ul>\n<\/blockquote>\n<h2>Conclusion<\/h2>\n<p>Le B\u00e9b\u00e9 L\u00e9vrier Afghan est un compagnon exceptionnel, alliant beaut\u00e9, intelligence et affection. Adopter un tel animal n\u00e9cessite un engagement et une attention particuli\u00e8re, mais les r\u00e9compenses en valent largement la peine. Que ce soit pour ses qualit\u00e9s d&rsquo;athl\u00e8te ou sa douceur, ce l\u00e9vrier est un choix id\u00e9al pour toute famille pr\u00eate \u00e0 l&rsquo;accueillir. Prenez le temps de le conna\u00eetre et d&rsquo;appr\u00e9cier sa pr\u00e9sence, et vous d\u00e9couvrirez un ami fid\u00e8le pour de nombreuses ann\u00e9es.<\/p>\n","protected":false},"excerpt":{"rendered":"","protected":false},"author":34,"featured_media":10028,"comment_status":"open","ping_status":"open","sticky":false,"template":"","format":"standard","meta":{"_acf_changed":false,"manual_indexmenow":false,"indexmenow_id_project":0,"footnotes":""},"categories":[1],"tags":[5536,5538,5129,3665,5537,5144],"class_list":["post-8637","post","type-post","status-publish","format-standard","has-post-thumbnail","hentry","category-a-la-une","tag-bebe-levrier-afghan","tag-caracteristiques-physiques","tag-comportement","tag-famille","tag-personnalite","tag-soins","generate-columns","tablet-grid-50","mobile-grid-100","grid-parent","grid-25"],"acf":[],"yoast_head":"<!-- This site is optimized with the Yoast SEO Premium plugin v21.3 (Yoast SEO v27.3) - https:\/\/yoast.com\/product\/yoast-seo-premium-wordpress\/ -->\n<title>Tout savoir sur le B\u00e9b\u00e9 L\u00e9vrier Afghan<\/title>\n<meta name=\"description\" content=\"Mais au-del\u00e0 de son apparence, ce chien poss\u00e8de une personnalit\u00e9 unique qui captive.\" \/>\n<meta name=\"robots\" content=\"index, follow, max-snippet:-1, max-image-preview:large, max-video-preview:-1\" \/>\n<link rel=\"canonical\" href=\"https:\/\/bart-et-lemy.com\/blog\/a-la-une\/tout-savoir-sur-le-bebe-levrier-afghan-un-compagnon-elegant-et-affectueux\/\" \/>\n<meta property=\"og:locale\" content=\"fr_FR\" \/>\n<meta property=\"og:type\" content=\"article\" \/>\n<meta property=\"og:title\" content=\"Tout savoir sur le B\u00e9b\u00e9 L\u00e9vrier Afghan\" \/>\n<meta property=\"og:description\" content=\"Mais au-del\u00e0 de son apparence, ce chien poss\u00e8de une personnalit\u00e9 unique qui captive.\" \/>\n<meta property=\"og:url\" content=\"https:\/\/bart-et-lemy.com\/blog\/a-la-une\/tout-savoir-sur-le-bebe-levrier-afghan-un-compagnon-elegant-et-affectueux\/\" \/>\n<meta property=\"og:site_name\" content=\"bart-et-lemy.com\" \/>\n<meta property=\"og:image\" content=\"https:\/\/bart-et-lemy.com\/blog\/wp-content\/uploads\/2025\/03\/sdxl-a1348ab2bab064b523029b67c3d12152.png\" \/>\n\t<meta property=\"og:image:width\" content=\"1536\" \/>\n\t<meta property=\"og:image:height\" content=\"640\" \/>\n\t<meta property=\"og:image:type\" content=\"image\/png\" \/>\n<meta name=\"author\" content=\"Elodie Mazeau\" \/>\n<meta name=\"twitter:card\" content=\"summary_large_image\" \/>\n<script type=\"application\/ld+json\" class=\"yoast-schema-graph\">{\"@context\":\"https:\\\/\\\/schema.org\",\"@graph\":[{\"@type\":\"NewsArticle\",\"@id\":\"https:\\\/\\\/bart-et-lemy.com\\\/blog\\\/a-la-une\\\/tout-savoir-sur-le-bebe-levrier-afghan-un-compagnon-elegant-et-affectueux\\\/#article\",\"isPartOf\":{\"@id\":\"https:\\\/\\\/bart-et-lemy.com\\\/blog\\\/a-la-une\\\/tout-savoir-sur-le-bebe-levrier-afghan-un-compagnon-elegant-et-affectueux\\\/\"},\"author\":{\"name\":\"Elodie Mazeau\",\"@id\":\"https:\\\/\\\/bart-et-lemy.com\\\/blog\\\/#\\\/schema\\\/person\\\/3c864cdc320801e3db34b663e7e3f816\"},\"headline\":\"Tout savoir sur le B\u00e9b\u00e9 L\u00e9vrier Afghan : un compagnon \u00e9l\u00e9gant et affectueux\",\"datePublished\":\"2025-03-10T17:19:00+00:00\",\"mainEntityOfPage\":{\"@id\":\"https:\\\/\\\/bart-et-lemy.com\\\/blog\\\/a-la-une\\\/tout-savoir-sur-le-bebe-levrier-afghan-un-compagnon-elegant-et-affectueux\\\/\"},\"wordCount\":582,\"commentCount\":22,\"publisher\":{\"@id\":\"https:\\\/\\\/bart-et-lemy.com\\\/blog\\\/#organization\"},\"image\":{\"@id\":\"https:\\\/\\\/bart-et-lemy.com\\\/blog\\\/a-la-une\\\/tout-savoir-sur-le-bebe-levrier-afghan-un-compagnon-elegant-et-affectueux\\\/#primaryimage\"},\"thumbnailUrl\":\"https:\\\/\\\/bart-et-lemy.com\\\/blog\\\/wp-content\\\/uploads\\\/2025\\\/03\\\/sdxl-a1348ab2bab064b523029b67c3d12152.png\",\"keywords\":[\"B\u00e9b\u00e9 L\u00e9vrier Afghan\",\"Caract\u00e9ristiques physiques\",\"Comportement\",\"Famille\",\"Personnalit\u00e9\",\"Soins\"],\"articleSection\":[\"\u00c0 la une\"],\"inLanguage\":\"fr-FR\",\"potentialAction\":[{\"@type\":\"CommentAction\",\"name\":\"Comment\",\"target\":[\"https:\\\/\\\/bart-et-lemy.com\\\/blog\\\/a-la-une\\\/tout-savoir-sur-le-bebe-levrier-afghan-un-compagnon-elegant-et-affectueux\\\/#respond\"]}]},{\"@type\":\"WebPage\",\"@id\":\"https:\\\/\\\/bart-et-lemy.com\\\/blog\\\/a-la-une\\\/tout-savoir-sur-le-bebe-levrier-afghan-un-compagnon-elegant-et-affectueux\\\/\",\"url\":\"https:\\\/\\\/bart-et-lemy.com\\\/blog\\\/a-la-une\\\/tout-savoir-sur-le-bebe-levrier-afghan-un-compagnon-elegant-et-affectueux\\\/\",\"name\":\"Tout savoir sur le B\u00e9b\u00e9 L\u00e9vrier Afghan\",\"isPartOf\":{\"@id\":\"https:\\\/\\\/bart-et-lemy.com\\\/blog\\\/#website\"},\"primaryImageOfPage\":{\"@id\":\"https:\\\/\\\/bart-et-lemy.com\\\/blog\\\/a-la-une\\\/tout-savoir-sur-le-bebe-levrier-afghan-un-compagnon-elegant-et-affectueux\\\/#primaryimage\"},\"image\":{\"@id\":\"https:\\\/\\\/bart-et-lemy.com\\\/blog\\\/a-la-une\\\/tout-savoir-sur-le-bebe-levrier-afghan-un-compagnon-elegant-et-affectueux\\\/#primaryimage\"},\"thumbnailUrl\":\"https:\\\/\\\/bart-et-lemy.com\\\/blog\\\/wp-content\\\/uploads\\\/2025\\\/03\\\/sdxl-a1348ab2bab064b523029b67c3d12152.png\",\"datePublished\":\"2025-03-10T17:19:00+00:00\",\"description\":\"Mais au-del\u00e0 de son apparence, ce chien poss\u00e8de une personnalit\u00e9 unique qui captive.\",\"inLanguage\":\"fr-FR\",\"potentialAction\":[{\"@type\":\"ReadAction\",\"target\":[\"https:\\\/\\\/bart-et-lemy.com\\\/blog\\\/a-la-une\\\/tout-savoir-sur-le-bebe-levrier-afghan-un-compagnon-elegant-et-affectueux\\\/\"]}]},{\"@type\":\"ImageObject\",\"inLanguage\":\"fr-FR\",\"@id\":\"https:\\\/\\\/bart-et-lemy.com\\\/blog\\\/a-la-une\\\/tout-savoir-sur-le-bebe-levrier-afghan-un-compagnon-elegant-et-affectueux\\\/#primaryimage\",\"url\":\"https:\\\/\\\/bart-et-lemy.com\\\/blog\\\/wp-content\\\/uploads\\\/2025\\\/03\\\/sdxl-a1348ab2bab064b523029b67c3d12152.png\",\"contentUrl\":\"https:\\\/\\\/bart-et-lemy.com\\\/blog\\\/wp-content\\\/uploads\\\/2025\\\/03\\\/sdxl-a1348ab2bab064b523029b67c3d12152.png\",\"width\":1536,\"height\":640},{\"@type\":\"WebSite\",\"@id\":\"https:\\\/\\\/bart-et-lemy.com\\\/blog\\\/#website\",\"url\":\"https:\\\/\\\/bart-et-lemy.com\\\/blog\\\/\",\"name\":\"Bart et Lemy\",\"description\":\"L\u2019originalit\u00e9 en toute libert\u00e9.\",\"publisher\":{\"@id\":\"https:\\\/\\\/bart-et-lemy.com\\\/blog\\\/#organization\"},\"alternateName\":\"Conseils parentaux, astuces famille et bien-\u00eatre enfant\",\"potentialAction\":[{\"@type\":\"SearchAction\",\"target\":{\"@type\":\"EntryPoint\",\"urlTemplate\":\"https:\\\/\\\/bart-et-lemy.com\\\/blog\\\/?s={search_term_string}\"},\"query-input\":{\"@type\":\"PropertyValueSpecification\",\"valueRequired\":true,\"valueName\":\"search_term_string\"}}],\"inLanguage\":\"fr-FR\"},{\"@type\":\"Organization\",\"@id\":\"https:\\\/\\\/bart-et-lemy.com\\\/blog\\\/#organization\",\"name\":\"Bart et Lemy\",\"alternateName\":\"bart-et-lemy.com\",\"url\":\"https:\\\/\\\/bart-et-lemy.com\\\/blog\\\/\",\"logo\":{\"@type\":\"ImageObject\",\"inLanguage\":\"fr-FR\",\"@id\":\"https:\\\/\\\/bart-et-lemy.com\\\/blog\\\/#\\\/schema\\\/logo\\\/image\\\/\",\"url\":\"https:\\\/\\\/bart-et-lemy.com\\\/blog\\\/wp-content\\\/uploads\\\/2026\\\/07\\\/logo-auto.png\",\"contentUrl\":\"https:\\\/\\\/bart-et-lemy.com\\\/blog\\\/wp-content\\\/uploads\\\/2026\\\/07\\\/logo-auto.png\",\"width\":1024,\"height\":1024,\"caption\":\"Bart et Lemy\"},\"image\":{\"@id\":\"https:\\\/\\\/bart-et-lemy.com\\\/blog\\\/#\\\/schema\\\/logo\\\/image\\\/\"}},{\"@type\":\"Person\",\"@id\":\"https:\\\/\\\/bart-et-lemy.com\\\/blog\\\/#\\\/schema\\\/person\\\/3c864cdc320801e3db34b663e7e3f816\",\"name\":\"Elodie Mazeau\",\"image\":{\"@type\":\"ImageObject\",\"inLanguage\":\"fr-FR\",\"@id\":\"https:\\\/\\\/bart-et-lemy.com\\\/blog\\\/wp-content\\\/uploads\\\/2026\\\/06\\\/persona_elodie-m-96x96.jpg\",\"url\":\"https:\\\/\\\/bart-et-lemy.com\\\/blog\\\/wp-content\\\/uploads\\\/2026\\\/06\\\/persona_elodie-m-96x96.jpg\",\"contentUrl\":\"https:\\\/\\\/bart-et-lemy.com\\\/blog\\\/wp-content\\\/uploads\\\/2026\\\/06\\\/persona_elodie-m-96x96.jpg\",\"caption\":\"Elodie Mazeau\"},\"description\":\"J'\u00e9cris sur la parentalit\u00e9 telle qu'elle se vit vraiment, du premier biberon aux premi\u00e8res col\u00e8res. Mes sujets de pr\u00e9dilection couvrent le quotidien des familles : sommeil, alimentation, organisation, pu\u00e9riculture et ces petites gal\u00e8res que tout parent conna\u00eet. Depuis plusieurs ann\u00e9es, je m'attache \u00e0 proposer des rep\u00e8res concrets plut\u00f4t que des le\u00e7ons, parce que chaque famille trouve son propre \u00e9quilibre. Je v\u00e9rifie mes informations aupr\u00e8s de sources fiables, surtout d\u00e8s qu'on touche \u00e0 la sant\u00e9 ou \u00e0 la s\u00e9curit\u00e9 de l'enfant, et je pr\u00e9cise quand un avis professionnel s'impose. J'\u00e9vite soigneusement la culpabilisation : \u00eatre parent est d\u00e9j\u00e0 assez exigeant. Mon ton se veut complice et bienveillant, un peu comme une discussion entre parents qui se comprennent. L'id\u00e9e est d'all\u00e9ger la charge mentale en donnant des solutions simples et test\u00e9es.\",\"sameAs\":[\"https:\\\/\\\/elodiemazeau.fr\\\/\"],\"url\":\"https:\\\/\\\/bart-et-lemy.com\\\/blog\\\/auteur\\\/noname\\\/\"}]}<\/script>\n<!-- \/ Yoast SEO Premium plugin. -->","yoast_head_json":{"title":"Tout savoir sur le B\u00e9b\u00e9 L\u00e9vrier Afghan","description":"Mais au-del\u00e0 de son apparence, ce chien poss\u00e8de une personnalit\u00e9 unique qui captive.","robots":{"index":"index","follow":"follow","max-snippet":"max-snippet:-1","max-image-preview":"max-image-preview:large","max-video-preview":"max-video-preview:-1"},"canonical":"https:\/\/bart-et-lemy.com\/blog\/a-la-une\/tout-savoir-sur-le-bebe-levrier-afghan-un-compagnon-elegant-et-affectueux\/","og_locale":"fr_FR","og_type":"article","og_title":"Tout savoir sur le B\u00e9b\u00e9 L\u00e9vrier Afghan","og_description":"Mais au-del\u00e0 de son apparence, ce chien poss\u00e8de une personnalit\u00e9 unique qui captive.","og_url":"https:\/\/bart-et-lemy.com\/blog\/a-la-une\/tout-savoir-sur-le-bebe-levrier-afghan-un-compagnon-elegant-et-affectueux\/","og_site_name":"bart-et-lemy.com","og_image":[{"width":1536,"height":640,"url":"https:\/\/bart-et-lemy.com\/blog\/wp-content\/uploads\/2025\/03\/sdxl-a1348ab2bab064b523029b67c3d12152.png","type":"image\/png"}],"author":"Elodie Mazeau","twitter_card":"summary_large_image","schema":{"@context":"https:\/\/schema.org","@graph":[{"@type":"NewsArticle","@id":"https:\/\/bart-et-lemy.com\/blog\/a-la-une\/tout-savoir-sur-le-bebe-levrier-afghan-un-compagnon-elegant-et-affectueux\/#article","isPartOf":{"@id":"https:\/\/bart-et-lemy.com\/blog\/a-la-une\/tout-savoir-sur-le-bebe-levrier-afghan-un-compagnon-elegant-et-affectueux\/"},"author":{"name":"Elodie Mazeau","@id":"https:\/\/bart-et-lemy.com\/blog\/#\/schema\/person\/3c864cdc320801e3db34b663e7e3f816"},"headline":"Tout savoir sur le B\u00e9b\u00e9 L\u00e9vrier Afghan : un compagnon \u00e9l\u00e9gant et affectueux","datePublished":"2025-03-10T17:19:00+00:00","mainEntityOfPage":{"@id":"https:\/\/bart-et-lemy.com\/blog\/a-la-une\/tout-savoir-sur-le-bebe-levrier-afghan-un-compagnon-elegant-et-affectueux\/"},"wordCount":582,"commentCount":22,"publisher":{"@id":"https:\/\/bart-et-lemy.com\/blog\/#organization"},"image":{"@id":"https:\/\/bart-et-lemy.com\/blog\/a-la-une\/tout-savoir-sur-le-bebe-levrier-afghan-un-compagnon-elegant-et-affectueux\/#primaryimage"},"thumbnailUrl":"https:\/\/bart-et-lemy.com\/blog\/wp-content\/uploads\/2025\/03\/sdxl-a1348ab2bab064b523029b67c3d12152.png","keywords":["B\u00e9b\u00e9 L\u00e9vrier Afghan","Caract\u00e9ristiques physiques","Comportement","Famille","Personnalit\u00e9","Soins"],"articleSection":["\u00c0 la une"],"inLanguage":"fr-FR","potentialAction":[{"@type":"CommentAction","name":"Comment","target":["https:\/\/bart-et-lemy.com\/blog\/a-la-une\/tout-savoir-sur-le-bebe-levrier-afghan-un-compagnon-elegant-et-affectueux\/#respond"]}]},{"@type":"WebPage","@id":"https:\/\/bart-et-lemy.com\/blog\/a-la-une\/tout-savoir-sur-le-bebe-levrier-afghan-un-compagnon-elegant-et-affectueux\/","url":"https:\/\/bart-et-lemy.com\/blog\/a-la-une\/tout-savoir-sur-le-bebe-levrier-afghan-un-compagnon-elegant-et-affectueux\/","name":"Tout savoir sur le B\u00e9b\u00e9 L\u00e9vrier Afghan","isPartOf":{"@id":"https:\/\/bart-et-lemy.com\/blog\/#website"},"primaryImageOfPage":{"@id":"https:\/\/bart-et-lemy.com\/blog\/a-la-une\/tout-savoir-sur-le-bebe-levrier-afghan-un-compagnon-elegant-et-affectueux\/#primaryimage"},"image":{"@id":"https:\/\/bart-et-lemy.com\/blog\/a-la-une\/tout-savoir-sur-le-bebe-levrier-afghan-un-compagnon-elegant-et-affectueux\/#primaryimage"},"thumbnailUrl":"https:\/\/bart-et-lemy.com\/blog\/wp-content\/uploads\/2025\/03\/sdxl-a1348ab2bab064b523029b67c3d12152.png","datePublished":"2025-03-10T17:19:00+00:00","description":"Mais au-del\u00e0 de son apparence, ce chien poss\u00e8de une personnalit\u00e9 unique qui captive.","inLanguage":"fr-FR","potentialAction":[{"@type":"ReadAction","target":["https:\/\/bart-et-lemy.com\/blog\/a-la-une\/tout-savoir-sur-le-bebe-levrier-afghan-un-compagnon-elegant-et-affectueux\/"]}]},{"@type":"ImageObject","inLanguage":"fr-FR","@id":"https:\/\/bart-et-lemy.com\/blog\/a-la-une\/tout-savoir-sur-le-bebe-levrier-afghan-un-compagnon-elegant-et-affectueux\/#primaryimage","url":"https:\/\/bart-et-lemy.com\/blog\/wp-content\/uploads\/2025\/03\/sdxl-a1348ab2bab064b523029b67c3d12152.png","contentUrl":"https:\/\/bart-et-lemy.com\/blog\/wp-content\/uploads\/2025\/03\/sdxl-a1348ab2bab064b523029b67c3d12152.png","width":1536,"height":640},{"@type":"WebSite","@id":"https:\/\/bart-et-lemy.com\/blog\/#website","url":"https:\/\/bart-et-lemy.com\/blog\/","name":"Bart et Lemy","description":"L\u2019originalit\u00e9 en toute libert\u00e9.","publisher":{"@id":"https:\/\/bart-et-lemy.com\/blog\/#organization"},"alternateName":"Conseils parentaux, astuces famille et bien-\u00eatre enfant","potentialAction":[{"@type":"SearchAction","target":{"@type":"EntryPoint","urlTemplate":"https:\/\/bart-et-lemy.com\/blog\/?s={search_term_string}"},"query-input":{"@type":"PropertyValueSpecification","valueRequired":true,"valueName":"search_term_string"}}],"inLanguage":"fr-FR"},{"@type":"Organization","@id":"https:\/\/bart-et-lemy.com\/blog\/#organization","name":"Bart et Lemy","alternateName":"bart-et-lemy.com","url":"https:\/\/bart-et-lemy.com\/blog\/","logo":{"@type":"ImageObject","inLanguage":"fr-FR","@id":"https:\/\/bart-et-lemy.com\/blog\/#\/schema\/logo\/image\/","url":"https:\/\/bart-et-lemy.com\/blog\/wp-content\/uploads\/2026\/07\/logo-auto.png","contentUrl":"https:\/\/bart-et-lemy.com\/blog\/wp-content\/uploads\/2026\/07\/logo-auto.png","width":1024,"height":1024,"caption":"Bart et Lemy"},"image":{"@id":"https:\/\/bart-et-lemy.com\/blog\/#\/schema\/logo\/image\/"}},{"@type":"Person","@id":"https:\/\/bart-et-lemy.com\/blog\/#\/schema\/person\/3c864cdc320801e3db34b663e7e3f816","name":"Elodie Mazeau","image":{"@type":"ImageObject","inLanguage":"fr-FR","@id":"https:\/\/bart-et-lemy.com\/blog\/wp-content\/uploads\/2026\/06\/persona_elodie-m-96x96.jpg","url":"https:\/\/bart-et-lemy.com\/blog\/wp-content\/uploads\/2026\/06\/persona_elodie-m-96x96.jpg","contentUrl":"https:\/\/bart-et-lemy.com\/blog\/wp-content\/uploads\/2026\/06\/persona_elodie-m-96x96.jpg","caption":"Elodie Mazeau"},"description":"J'\u00e9cris sur la parentalit\u00e9 telle qu'elle se vit vraiment, du premier biberon aux premi\u00e8res col\u00e8res. Mes sujets de pr\u00e9dilection couvrent le quotidien des familles : sommeil, alimentation, organisation, pu\u00e9riculture et ces petites gal\u00e8res que tout parent conna\u00eet. Depuis plusieurs ann\u00e9es, je m'attache \u00e0 proposer des rep\u00e8res concrets plut\u00f4t que des le\u00e7ons, parce que chaque famille trouve son propre \u00e9quilibre. Je v\u00e9rifie mes informations aupr\u00e8s de sources fiables, surtout d\u00e8s qu'on touche \u00e0 la sant\u00e9 ou \u00e0 la s\u00e9curit\u00e9 de l'enfant, et je pr\u00e9cise quand un avis professionnel s'impose. J'\u00e9vite soigneusement la culpabilisation : \u00eatre parent est d\u00e9j\u00e0 assez exigeant. Mon ton se veut complice et bienveillant, un peu comme une discussion entre parents qui se comprennent. L'id\u00e9e est d'all\u00e9ger la charge mentale en donnant des solutions simples et test\u00e9es.","sameAs":["https:\/\/elodiemazeau.fr\/"],"url":"https:\/\/bart-et-lemy.com\/blog\/auteur\/noname\/"}]}},"_links":{"self":[{"href":"https:\/\/bart-et-lemy.com\/blog\/wp-json\/wp\/v2\/posts\/8637","targetHints":{"allow":["GET"]}}],"collection":[{"href":"https:\/\/bart-et-lemy.com\/blog\/wp-json\/wp\/v2\/posts"}],"about":[{"href":"https:\/\/bart-et-lemy.com\/blog\/wp-json\/wp\/v2\/types\/post"}],"author":[{"embeddable":true,"href":"https:\/\/bart-et-lemy.com\/blog\/wp-json\/wp\/v2\/users\/34"}],"replies":[{"embeddable":true,"href":"https:\/\/bart-et-lemy.com\/blog\/wp-json\/wp\/v2\/comments?post=8637"}],"version-history":[{"count":1,"href":"https:\/\/bart-et-lemy.com\/blog\/wp-json\/wp\/v2\/posts\/8637\/revisions"}],"predecessor-version":[{"id":9932,"href":"https:\/\/bart-et-lemy.com\/blog\/wp-json\/wp\/v2\/posts\/8637\/revisions\/9932"}],"wp:featuredmedia":[{"embeddable":true,"href":"https:\/\/bart-et-lemy.com\/blog\/wp-json\/wp\/v2\/media\/10028"}],"wp:attachment":[{"href":"https:\/\/bart-et-lemy.com\/blog\/wp-json\/wp\/v2\/media?parent=8637"}],"wp:term":[{"taxonomy":"category","embeddable":true,"href":"https:\/\/bart-et-lemy.com\/blog\/wp-json\/wp\/v2\/categories?post=8637"},{"taxonomy":"post_tag","embeddable":true,"href":"https:\/\/bart-et-lemy.com\/blog\/wp-json\/wp\/v2\/tags?post=8637"}],"curies":[{"name":"wp","href":"https:\/\/api.w.org\/{rel}","templated":true}]}}