{"id":8649,"date":"2025-03-03T18:39:00","date_gmt":"2025-03-03T17:39:00","guid":{"rendered":"https:\/\/bart-et-lemy.com\/blog\/?p=8649"},"modified":"2025-02-10T16:44:23","modified_gmt":"2025-02-10T15:44:23","slug":"salon-du-bebe-a-lille-2020-tout-ce-quil-faut-savoir","status":"publish","type":"post","link":"https:\/\/bart-et-lemy.com\/blog\/a-la-une\/salon-du-bebe-a-lille-2020-tout-ce-quil-faut-savoir\/","title":{"rendered":"Salon du B\u00e9b\u00e9 \u00e0 Lille 2020 : Tout ce qu&rsquo;il faut savoir"},"content":{"rendered":"<h2>Introduction au Salon du B\u00e9b\u00e9 de Lille<\/h2>\n<p>Cet \u00e9v\u00e9nement a propos\u00e9 une multitude d&rsquo;activit\u00e9s, d&rsquo;expositions et de rencontres autour de la parentalit\u00e9. Les participants ont pu d\u00e9couvrir des produits innovants, b\u00e9n\u00e9ficier de conseils d&rsquo;experts et \u00e9changer avec d&rsquo;autres parents. Quelle a \u00e9t\u00e9 l&rsquo;importance de ce salon pour les familles qui s&rsquo;y sont rendues ? D\u00e9couvrons-le ensemble.<\/p>\n<h2>Les temps forts de l&rsquo;\u00e9v\u00e9nement<\/h2>\n<p>Le Salon du B\u00e9b\u00e9 a offert une programmation riche et vari\u00e9e. Parmi les moments les plus attendus :<\/p>\n<blockquote class=\"wp-embedded-content\" data-secret=\"hQDpvHOT8j\"><p><a href=\"https:\/\/bart-et-lemy.com\/blog\/a-la-une\/le-lien-precieux-entre-bebe-et-maman-une-aventure-unique\/\">Le lien pr\u00e9cieux entre b\u00e9b\u00e9 et maman : une aventure unique<\/a><\/p><\/blockquote>\n<p><iframe loading=\"lazy\" class=\"wp-embedded-content\" sandbox=\"allow-scripts\" security=\"restricted\" style=\"position: absolute; visibility: hidden;\" title=\"\u00ab\u00a0Le lien pr\u00e9cieux entre b\u00e9b\u00e9 et maman : une aventure unique\u00a0\u00bb &#8212; bart-et-lemy.com\" src=\"https:\/\/bart-et-lemy.com\/blog\/a-la-une\/le-lien-precieux-entre-bebe-et-maman-une-aventure-unique\/embed\/#?secret=4XGJR9sdzp#?secret=hQDpvHOT8j\" data-secret=\"hQDpvHOT8j\" width=\"600\" height=\"338\" frameborder=\"0\" marginwidth=\"0\" marginheight=\"0\" scrolling=\"no\"><\/iframe><\/p>\n<ul>\n<li>Des ateliers pratiques sur le sommeil de b\u00e9b\u00e9, anim\u00e9s par des sp\u00e9cialistes.<\/li>\n<li>Des conf\u00e9rences sur l&rsquo;alimentation et la sant\u00e9 des jeunes enfants.<\/li>\n<li>Des d\u00e9monstrations de mat\u00e9riel de pu\u00e9riculture, des poussettes aux porte-b\u00e9b\u00e9s.<\/li>\n<\/ul>\n<p>Ces activit\u00e9s ont permis aux visiteurs de mieux se pr\u00e9parer \u00e0 l&rsquo;arriv\u00e9e de leur enfant. De nombreux parents ont exprim\u00e9 leur satisfaction quant aux conseils pratiques re\u00e7us.<\/p>\n<h2>Les exposants et leurs innovations<\/h2>\n<p>Le salon a rassembl\u00e9 de nombreux exposants, allant des grandes marques aux cr\u00e9ateurs locaux. Voici quelques innovations remarquables :<\/p>\n<table>\n<tr>\n<th>Produit<\/th>\n<th>Marque<\/th>\n<th>Caract\u00e9ristiques<\/th>\n<\/tr>\n<tr>\n<td>Poussette 3-en-1<\/td>\n<td>BabyStyle<\/td>\n<td>Polyvalente et l\u00e9g\u00e8re, facile \u00e0 plier.<\/td>\n<\/tr>\n<tr>\n<td>Si\u00e8ge auto \u00e9volutif<\/td>\n<td>Chicco<\/td>\n<td>Utilisable de la naissance \u00e0 12 ans.<\/td>\n<\/tr>\n<tr>\n<td>Moniteur vid\u00e9o connect\u00e9<\/td>\n<td>Babymoov<\/td>\n<td>Vision nocturne et alertes sur smartphone.<\/td>\n<\/tr>\n<\/table>\n<p>Ces produits t\u00e9moignent d&rsquo;une tendance vers des solutions pratiques et s\u00e9curis\u00e9es pour les parents modernes.<\/p>\n<blockquote class=\"wp-embedded-content\" data-secret=\"1P0JrrZZXO\"><p><a href=\"https:\/\/bart-et-lemy.com\/blog\/a-la-une\/les-couches-lavables-pour-bebe-un-choix-eco-responsable-et-economique\/\">Les couches lavables pour b\u00e9b\u00e9 : un choix \u00e9co-responsable et \u00e9conomique<\/a><\/p><\/blockquote>\n<p><iframe loading=\"lazy\" class=\"wp-embedded-content\" sandbox=\"allow-scripts\" security=\"restricted\" style=\"position: absolute; visibility: hidden;\" title=\"\u00ab\u00a0Les couches lavables pour b\u00e9b\u00e9 : un choix \u00e9co-responsable et \u00e9conomique\u00a0\u00bb &#8212; bart-et-lemy.com\" src=\"https:\/\/bart-et-lemy.com\/blog\/a-la-une\/les-couches-lavables-pour-bebe-un-choix-eco-responsable-et-economique\/embed\/#?secret=b4CCdLJfNr#?secret=1P0JrrZZXO\" data-secret=\"1P0JrrZZXO\" width=\"600\" height=\"338\" frameborder=\"0\" marginwidth=\"0\" marginheight=\"0\" scrolling=\"no\"><\/iframe><\/p>\n<h2>L&rsquo;importance des \u00e9changes entre parents<\/h2>\n<p>Le salon a \u00e9galement \u00e9t\u00e9 un lieu d&rsquo;\u00e9changes pr\u00e9cieux. Les t\u00e9moignages des parents pr\u00e9sents ont \u00e9t\u00e9 r\u00e9v\u00e9lateurs :<\/p>\n<blockquote>\n<p>\u00ab\u00a0Participer au Salon du B\u00e9b\u00e9 a \u00e9t\u00e9 une exp\u00e9rience enrichissante. J&rsquo;ai pu partager mes inqui\u00e9tudes et trouver des solutions concr\u00e8tes.\u00a0\u00bb &#8211; Sophie, jeune maman<\/p>\n<\/blockquote>\n<p>Les discussions autour de la parentalit\u00e9, des d\u00e9fis et des joies rencontr\u00e9es cr\u00e9ent un sentiment de communaut\u00e9. Les parents peuvent ainsi se soutenir mutuellement et partager des conseils pratiques.<\/p>\n<h3>FAQ :<\/h3>\n<blockquote>\n<ul>\n<li><strong>Quelles sont les dates du Salon du B\u00e9b\u00e9 \u00e0 Lille ?<\/strong>Le salon a eu lieu en septembre 2020.<\/li>\n<li><strong>Y a-t-il des frais d&rsquo;entr\u00e9e ?<\/strong>Oui, un tarif d&rsquo;entr\u00e9e \u00e9tait fix\u00e9, mais des tarifs r\u00e9duits \u00e9taient disponibles pour les familles.<\/li>\n<li><strong>Des activit\u00e9s \u00e9taient-elles propos\u00e9es pour les enfants ?<\/strong>Oui, des espaces de jeux et des animations \u00e9taient pr\u00e9vus pour les plus petits.<\/li>\n<li><strong>Comment devenir exposant au salon ?<\/strong>Les informations sur l&rsquo;exposition peuvent \u00eatre obtenues en contactant les organisateurs via leur site web.<\/li>\n<\/ul>\n<\/blockquote>\n<h2>Conclusion : Une exp\u00e9rience incontournable<\/h2>\n<p>Le Salon du B\u00e9b\u00e9 de Lille en 2020 a su rassembler les acteurs du secteur autour d&rsquo;une th\u00e9matique essentielle : la parentalit\u00e9. Les parents ont quitt\u00e9 l&rsquo;\u00e9v\u00e9nement avec des id\u00e9es nouvelles, des produits innovants et un r\u00e9seau de soutien. Participer \u00e0 ce type d&rsquo;\u00e9v\u00e9nement constitue une v\u00e9ritable opportunit\u00e9 pour tous ceux qui souhaitent se pr\u00e9parer \u00e0 l&rsquo;arriv\u00e9e d&rsquo;un enfant. Restez \u00e0 l&rsquo;aff\u00fbt des prochaines \u00e9ditions pour ne rien manquer !<\/p>\n","protected":false},"excerpt":{"rendered":"","protected":false},"author":34,"featured_media":9807,"comment_status":"open","ping_status":"open","sticky":false,"template":"","format":"standard","meta":{"_acf_changed":false,"manual_indexmenow":false,"indexmenow_id_project":0,"footnotes":""},"categories":[1],"tags":[5375,4590,5562,5561,4586,5251],"class_list":["post-8649","post","type-post","status-publish","format-standard","has-post-thumbnail","hentry","category-a-la-une","tag-ateliers","tag-bebe","tag-exposants","tag-innovations","tag-parentalite","tag-salon","generate-columns","tablet-grid-50","mobile-grid-100","grid-parent","grid-25"],"acf":[],"yoast_head":"<!-- This site is optimized with the Yoast SEO Premium plugin v21.3 (Yoast SEO v27.3) - https:\/\/yoast.com\/product\/yoast-seo-premium-wordpress\/ -->\n<title>Salon du B\u00e9b\u00e9 \u00e0 Lille 2020 : Tout ce qu&#039;il faut savoir<\/title>\n<meta name=\"description\" content=\"Cet \u00e9v\u00e9nement a propos\u00e9 une multitude d&#039;activit\u00e9s, d&#039;expositions et de rencontres autour de la parentalit\u00e9.\" \/>\n<meta name=\"robots\" content=\"index, follow, max-snippet:-1, max-image-preview:large, max-video-preview:-1\" \/>\n<link rel=\"canonical\" href=\"https:\/\/bart-et-lemy.com\/blog\/a-la-une\/salon-du-bebe-a-lille-2020-tout-ce-quil-faut-savoir\/\" \/>\n<meta property=\"og:locale\" content=\"fr_FR\" \/>\n<meta property=\"og:type\" content=\"article\" \/>\n<meta property=\"og:title\" content=\"Salon du B\u00e9b\u00e9 \u00e0 Lille 2020 : Tout ce qu&#039;il faut savoir\" \/>\n<meta property=\"og:description\" content=\"Cet \u00e9v\u00e9nement a propos\u00e9 une multitude d&#039;activit\u00e9s, d&#039;expositions et de rencontres autour de la parentalit\u00e9.\" \/>\n<meta property=\"og:url\" content=\"https:\/\/bart-et-lemy.com\/blog\/a-la-une\/salon-du-bebe-a-lille-2020-tout-ce-quil-faut-savoir\/\" \/>\n<meta property=\"og:site_name\" content=\"bart-et-lemy.com\" \/>\n<meta property=\"og:image\" content=\"https:\/\/bart-et-lemy.com\/blog\/wp-content\/uploads\/2025\/03\/sdxl-4595e2e66c2b2dade803d521ca359f93.png\" \/>\n\t<meta property=\"og:image:width\" content=\"1536\" \/>\n\t<meta property=\"og:image:height\" content=\"640\" \/>\n\t<meta property=\"og:image:type\" content=\"image\/png\" \/>\n<meta name=\"author\" content=\"Elodie Mazeau\" \/>\n<meta name=\"twitter:card\" content=\"summary_large_image\" \/>\n<script type=\"application\/ld+json\" class=\"yoast-schema-graph\">{\"@context\":\"https:\\\/\\\/schema.org\",\"@graph\":[{\"@type\":\"NewsArticle\",\"@id\":\"https:\\\/\\\/bart-et-lemy.com\\\/blog\\\/a-la-une\\\/salon-du-bebe-a-lille-2020-tout-ce-quil-faut-savoir\\\/#article\",\"isPartOf\":{\"@id\":\"https:\\\/\\\/bart-et-lemy.com\\\/blog\\\/a-la-une\\\/salon-du-bebe-a-lille-2020-tout-ce-quil-faut-savoir\\\/\"},\"author\":{\"name\":\"Elodie Mazeau\",\"@id\":\"https:\\\/\\\/bart-et-lemy.com\\\/blog\\\/#\\\/schema\\\/person\\\/3c864cdc320801e3db34b663e7e3f816\"},\"headline\":\"Salon du B\u00e9b\u00e9 \u00e0 Lille 2020 : Tout ce qu&rsquo;il faut savoir\",\"datePublished\":\"2025-03-03T17:39:00+00:00\",\"mainEntityOfPage\":{\"@id\":\"https:\\\/\\\/bart-et-lemy.com\\\/blog\\\/a-la-une\\\/salon-du-bebe-a-lille-2020-tout-ce-quil-faut-savoir\\\/\"},\"wordCount\":531,\"commentCount\":27,\"publisher\":{\"@id\":\"https:\\\/\\\/bart-et-lemy.com\\\/blog\\\/#organization\"},\"image\":{\"@id\":\"https:\\\/\\\/bart-et-lemy.com\\\/blog\\\/a-la-une\\\/salon-du-bebe-a-lille-2020-tout-ce-quil-faut-savoir\\\/#primaryimage\"},\"thumbnailUrl\":\"https:\\\/\\\/bart-et-lemy.com\\\/blog\\\/wp-content\\\/uploads\\\/2025\\\/03\\\/sdxl-4595e2e66c2b2dade803d521ca359f93.png\",\"keywords\":[\"Ateliers\",\"B\u00e9b\u00e9\",\"Exposants\",\"Innovations\",\"Parentalit\u00e9\",\"Salon\"],\"articleSection\":[\"\u00c0 la une\"],\"inLanguage\":\"fr-FR\",\"potentialAction\":[{\"@type\":\"CommentAction\",\"name\":\"Comment\",\"target\":[\"https:\\\/\\\/bart-et-lemy.com\\\/blog\\\/a-la-une\\\/salon-du-bebe-a-lille-2020-tout-ce-quil-faut-savoir\\\/#respond\"]}]},{\"@type\":\"WebPage\",\"@id\":\"https:\\\/\\\/bart-et-lemy.com\\\/blog\\\/a-la-une\\\/salon-du-bebe-a-lille-2020-tout-ce-quil-faut-savoir\\\/\",\"url\":\"https:\\\/\\\/bart-et-lemy.com\\\/blog\\\/a-la-une\\\/salon-du-bebe-a-lille-2020-tout-ce-quil-faut-savoir\\\/\",\"name\":\"Salon du B\u00e9b\u00e9 \u00e0 Lille 2020 : Tout ce qu'il faut savoir\",\"isPartOf\":{\"@id\":\"https:\\\/\\\/bart-et-lemy.com\\\/blog\\\/#website\"},\"primaryImageOfPage\":{\"@id\":\"https:\\\/\\\/bart-et-lemy.com\\\/blog\\\/a-la-une\\\/salon-du-bebe-a-lille-2020-tout-ce-quil-faut-savoir\\\/#primaryimage\"},\"image\":{\"@id\":\"https:\\\/\\\/bart-et-lemy.com\\\/blog\\\/a-la-une\\\/salon-du-bebe-a-lille-2020-tout-ce-quil-faut-savoir\\\/#primaryimage\"},\"thumbnailUrl\":\"https:\\\/\\\/bart-et-lemy.com\\\/blog\\\/wp-content\\\/uploads\\\/2025\\\/03\\\/sdxl-4595e2e66c2b2dade803d521ca359f93.png\",\"datePublished\":\"2025-03-03T17:39:00+00:00\",\"description\":\"Cet \u00e9v\u00e9nement a propos\u00e9 une multitude d'activit\u00e9s, d'expositions et de rencontres autour de la parentalit\u00e9.\",\"inLanguage\":\"fr-FR\",\"potentialAction\":[{\"@type\":\"ReadAction\",\"target\":[\"https:\\\/\\\/bart-et-lemy.com\\\/blog\\\/a-la-une\\\/salon-du-bebe-a-lille-2020-tout-ce-quil-faut-savoir\\\/\"]}]},{\"@type\":\"ImageObject\",\"inLanguage\":\"fr-FR\",\"@id\":\"https:\\\/\\\/bart-et-lemy.com\\\/blog\\\/a-la-une\\\/salon-du-bebe-a-lille-2020-tout-ce-quil-faut-savoir\\\/#primaryimage\",\"url\":\"https:\\\/\\\/bart-et-lemy.com\\\/blog\\\/wp-content\\\/uploads\\\/2025\\\/03\\\/sdxl-4595e2e66c2b2dade803d521ca359f93.png\",\"contentUrl\":\"https:\\\/\\\/bart-et-lemy.com\\\/blog\\\/wp-content\\\/uploads\\\/2025\\\/03\\\/sdxl-4595e2e66c2b2dade803d521ca359f93.png\",\"width\":1536,\"height\":640},{\"@type\":\"WebSite\",\"@id\":\"https:\\\/\\\/bart-et-lemy.com\\\/blog\\\/#website\",\"url\":\"https:\\\/\\\/bart-et-lemy.com\\\/blog\\\/\",\"name\":\"Bart et Lemy\",\"description\":\"L\u2019originalit\u00e9 en toute libert\u00e9.\",\"publisher\":{\"@id\":\"https:\\\/\\\/bart-et-lemy.com\\\/blog\\\/#organization\"},\"alternateName\":\"Conseils parentaux, astuces famille et bien-\u00eatre enfant\",\"potentialAction\":[{\"@type\":\"SearchAction\",\"target\":{\"@type\":\"EntryPoint\",\"urlTemplate\":\"https:\\\/\\\/bart-et-lemy.com\\\/blog\\\/?s={search_term_string}\"},\"query-input\":{\"@type\":\"PropertyValueSpecification\",\"valueRequired\":true,\"valueName\":\"search_term_string\"}}],\"inLanguage\":\"fr-FR\"},{\"@type\":\"Organization\",\"@id\":\"https:\\\/\\\/bart-et-lemy.com\\\/blog\\\/#organization\",\"name\":\"Bart et Lemy\",\"alternateName\":\"bart-et-lemy.com\",\"url\":\"https:\\\/\\\/bart-et-lemy.com\\\/blog\\\/\",\"logo\":{\"@type\":\"ImageObject\",\"inLanguage\":\"fr-FR\",\"@id\":\"https:\\\/\\\/bart-et-lemy.com\\\/blog\\\/#\\\/schema\\\/logo\\\/image\\\/\",\"url\":\"https:\\\/\\\/bart-et-lemy.com\\\/blog\\\/wp-content\\\/uploads\\\/2026\\\/07\\\/logo-auto.png\",\"contentUrl\":\"https:\\\/\\\/bart-et-lemy.com\\\/blog\\\/wp-content\\\/uploads\\\/2026\\\/07\\\/logo-auto.png\",\"width\":1024,\"height\":1024,\"caption\":\"Bart et Lemy\"},\"image\":{\"@id\":\"https:\\\/\\\/bart-et-lemy.com\\\/blog\\\/#\\\/schema\\\/logo\\\/image\\\/\"}},{\"@type\":\"Person\",\"@id\":\"https:\\\/\\\/bart-et-lemy.com\\\/blog\\\/#\\\/schema\\\/person\\\/3c864cdc320801e3db34b663e7e3f816\",\"name\":\"Elodie Mazeau\",\"image\":{\"@type\":\"ImageObject\",\"inLanguage\":\"fr-FR\",\"@id\":\"https:\\\/\\\/bart-et-lemy.com\\\/blog\\\/wp-content\\\/uploads\\\/2026\\\/06\\\/persona_elodie-m-96x96.jpg\",\"url\":\"https:\\\/\\\/bart-et-lemy.com\\\/blog\\\/wp-content\\\/uploads\\\/2026\\\/06\\\/persona_elodie-m-96x96.jpg\",\"contentUrl\":\"https:\\\/\\\/bart-et-lemy.com\\\/blog\\\/wp-content\\\/uploads\\\/2026\\\/06\\\/persona_elodie-m-96x96.jpg\",\"caption\":\"Elodie Mazeau\"},\"description\":\"J'\u00e9cris sur la parentalit\u00e9 telle qu'elle se vit vraiment, du premier biberon aux premi\u00e8res col\u00e8res. Mes sujets de pr\u00e9dilection couvrent le quotidien des familles : sommeil, alimentation, organisation, pu\u00e9riculture et ces petites gal\u00e8res que tout parent conna\u00eet. Depuis plusieurs ann\u00e9es, je m'attache \u00e0 proposer des rep\u00e8res concrets plut\u00f4t que des le\u00e7ons, parce que chaque famille trouve son propre \u00e9quilibre. Je v\u00e9rifie mes informations aupr\u00e8s de sources fiables, surtout d\u00e8s qu'on touche \u00e0 la sant\u00e9 ou \u00e0 la s\u00e9curit\u00e9 de l'enfant, et je pr\u00e9cise quand un avis professionnel s'impose. J'\u00e9vite soigneusement la culpabilisation : \u00eatre parent est d\u00e9j\u00e0 assez exigeant. Mon ton se veut complice et bienveillant, un peu comme une discussion entre parents qui se comprennent. L'id\u00e9e est d'all\u00e9ger la charge mentale en donnant des solutions simples et test\u00e9es.\",\"sameAs\":[\"https:\\\/\\\/elodiemazeau.fr\\\/\"],\"url\":\"https:\\\/\\\/bart-et-lemy.com\\\/blog\\\/auteur\\\/noname\\\/\"}]}<\/script>\n<!-- \/ Yoast SEO Premium plugin. -->","yoast_head_json":{"title":"Salon du B\u00e9b\u00e9 \u00e0 Lille 2020 : Tout ce qu'il faut savoir","description":"Cet \u00e9v\u00e9nement a propos\u00e9 une multitude d'activit\u00e9s, d'expositions et de rencontres autour de la parentalit\u00e9.","robots":{"index":"index","follow":"follow","max-snippet":"max-snippet:-1","max-image-preview":"max-image-preview:large","max-video-preview":"max-video-preview:-1"},"canonical":"https:\/\/bart-et-lemy.com\/blog\/a-la-une\/salon-du-bebe-a-lille-2020-tout-ce-quil-faut-savoir\/","og_locale":"fr_FR","og_type":"article","og_title":"Salon du B\u00e9b\u00e9 \u00e0 Lille 2020 : Tout ce qu'il faut savoir","og_description":"Cet \u00e9v\u00e9nement a propos\u00e9 une multitude d'activit\u00e9s, d'expositions et de rencontres autour de la parentalit\u00e9.","og_url":"https:\/\/bart-et-lemy.com\/blog\/a-la-une\/salon-du-bebe-a-lille-2020-tout-ce-quil-faut-savoir\/","og_site_name":"bart-et-lemy.com","og_image":[{"width":1536,"height":640,"url":"https:\/\/bart-et-lemy.com\/blog\/wp-content\/uploads\/2025\/03\/sdxl-4595e2e66c2b2dade803d521ca359f93.png","type":"image\/png"}],"author":"Elodie Mazeau","twitter_card":"summary_large_image","schema":{"@context":"https:\/\/schema.org","@graph":[{"@type":"NewsArticle","@id":"https:\/\/bart-et-lemy.com\/blog\/a-la-une\/salon-du-bebe-a-lille-2020-tout-ce-quil-faut-savoir\/#article","isPartOf":{"@id":"https:\/\/bart-et-lemy.com\/blog\/a-la-une\/salon-du-bebe-a-lille-2020-tout-ce-quil-faut-savoir\/"},"author":{"name":"Elodie Mazeau","@id":"https:\/\/bart-et-lemy.com\/blog\/#\/schema\/person\/3c864cdc320801e3db34b663e7e3f816"},"headline":"Salon du B\u00e9b\u00e9 \u00e0 Lille 2020 : Tout ce qu&rsquo;il faut savoir","datePublished":"2025-03-03T17:39:00+00:00","mainEntityOfPage":{"@id":"https:\/\/bart-et-lemy.com\/blog\/a-la-une\/salon-du-bebe-a-lille-2020-tout-ce-quil-faut-savoir\/"},"wordCount":531,"commentCount":27,"publisher":{"@id":"https:\/\/bart-et-lemy.com\/blog\/#organization"},"image":{"@id":"https:\/\/bart-et-lemy.com\/blog\/a-la-une\/salon-du-bebe-a-lille-2020-tout-ce-quil-faut-savoir\/#primaryimage"},"thumbnailUrl":"https:\/\/bart-et-lemy.com\/blog\/wp-content\/uploads\/2025\/03\/sdxl-4595e2e66c2b2dade803d521ca359f93.png","keywords":["Ateliers","B\u00e9b\u00e9","Exposants","Innovations","Parentalit\u00e9","Salon"],"articleSection":["\u00c0 la une"],"inLanguage":"fr-FR","potentialAction":[{"@type":"CommentAction","name":"Comment","target":["https:\/\/bart-et-lemy.com\/blog\/a-la-une\/salon-du-bebe-a-lille-2020-tout-ce-quil-faut-savoir\/#respond"]}]},{"@type":"WebPage","@id":"https:\/\/bart-et-lemy.com\/blog\/a-la-une\/salon-du-bebe-a-lille-2020-tout-ce-quil-faut-savoir\/","url":"https:\/\/bart-et-lemy.com\/blog\/a-la-une\/salon-du-bebe-a-lille-2020-tout-ce-quil-faut-savoir\/","name":"Salon du B\u00e9b\u00e9 \u00e0 Lille 2020 : Tout ce qu'il faut savoir","isPartOf":{"@id":"https:\/\/bart-et-lemy.com\/blog\/#website"},"primaryImageOfPage":{"@id":"https:\/\/bart-et-lemy.com\/blog\/a-la-une\/salon-du-bebe-a-lille-2020-tout-ce-quil-faut-savoir\/#primaryimage"},"image":{"@id":"https:\/\/bart-et-lemy.com\/blog\/a-la-une\/salon-du-bebe-a-lille-2020-tout-ce-quil-faut-savoir\/#primaryimage"},"thumbnailUrl":"https:\/\/bart-et-lemy.com\/blog\/wp-content\/uploads\/2025\/03\/sdxl-4595e2e66c2b2dade803d521ca359f93.png","datePublished":"2025-03-03T17:39:00+00:00","description":"Cet \u00e9v\u00e9nement a propos\u00e9 une multitude d'activit\u00e9s, d'expositions et de rencontres autour de la parentalit\u00e9.","inLanguage":"fr-FR","potentialAction":[{"@type":"ReadAction","target":["https:\/\/bart-et-lemy.com\/blog\/a-la-une\/salon-du-bebe-a-lille-2020-tout-ce-quil-faut-savoir\/"]}]},{"@type":"ImageObject","inLanguage":"fr-FR","@id":"https:\/\/bart-et-lemy.com\/blog\/a-la-une\/salon-du-bebe-a-lille-2020-tout-ce-quil-faut-savoir\/#primaryimage","url":"https:\/\/bart-et-lemy.com\/blog\/wp-content\/uploads\/2025\/03\/sdxl-4595e2e66c2b2dade803d521ca359f93.png","contentUrl":"https:\/\/bart-et-lemy.com\/blog\/wp-content\/uploads\/2025\/03\/sdxl-4595e2e66c2b2dade803d521ca359f93.png","width":1536,"height":640},{"@type":"WebSite","@id":"https:\/\/bart-et-lemy.com\/blog\/#website","url":"https:\/\/bart-et-lemy.com\/blog\/","name":"Bart et Lemy","description":"L\u2019originalit\u00e9 en toute libert\u00e9.","publisher":{"@id":"https:\/\/bart-et-lemy.com\/blog\/#organization"},"alternateName":"Conseils parentaux, astuces famille et bien-\u00eatre enfant","potentialAction":[{"@type":"SearchAction","target":{"@type":"EntryPoint","urlTemplate":"https:\/\/bart-et-lemy.com\/blog\/?s={search_term_string}"},"query-input":{"@type":"PropertyValueSpecification","valueRequired":true,"valueName":"search_term_string"}}],"inLanguage":"fr-FR"},{"@type":"Organization","@id":"https:\/\/bart-et-lemy.com\/blog\/#organization","name":"Bart et Lemy","alternateName":"bart-et-lemy.com","url":"https:\/\/bart-et-lemy.com\/blog\/","logo":{"@type":"ImageObject","inLanguage":"fr-FR","@id":"https:\/\/bart-et-lemy.com\/blog\/#\/schema\/logo\/image\/","url":"https:\/\/bart-et-lemy.com\/blog\/wp-content\/uploads\/2026\/07\/logo-auto.png","contentUrl":"https:\/\/bart-et-lemy.com\/blog\/wp-content\/uploads\/2026\/07\/logo-auto.png","width":1024,"height":1024,"caption":"Bart et Lemy"},"image":{"@id":"https:\/\/bart-et-lemy.com\/blog\/#\/schema\/logo\/image\/"}},{"@type":"Person","@id":"https:\/\/bart-et-lemy.com\/blog\/#\/schema\/person\/3c864cdc320801e3db34b663e7e3f816","name":"Elodie Mazeau","image":{"@type":"ImageObject","inLanguage":"fr-FR","@id":"https:\/\/bart-et-lemy.com\/blog\/wp-content\/uploads\/2026\/06\/persona_elodie-m-96x96.jpg","url":"https:\/\/bart-et-lemy.com\/blog\/wp-content\/uploads\/2026\/06\/persona_elodie-m-96x96.jpg","contentUrl":"https:\/\/bart-et-lemy.com\/blog\/wp-content\/uploads\/2026\/06\/persona_elodie-m-96x96.jpg","caption":"Elodie Mazeau"},"description":"J'\u00e9cris sur la parentalit\u00e9 telle qu'elle se vit vraiment, du premier biberon aux premi\u00e8res col\u00e8res. Mes sujets de pr\u00e9dilection couvrent le quotidien des familles : sommeil, alimentation, organisation, pu\u00e9riculture et ces petites gal\u00e8res que tout parent conna\u00eet. Depuis plusieurs ann\u00e9es, je m'attache \u00e0 proposer des rep\u00e8res concrets plut\u00f4t que des le\u00e7ons, parce que chaque famille trouve son propre \u00e9quilibre. Je v\u00e9rifie mes informations aupr\u00e8s de sources fiables, surtout d\u00e8s qu'on touche \u00e0 la sant\u00e9 ou \u00e0 la s\u00e9curit\u00e9 de l'enfant, et je pr\u00e9cise quand un avis professionnel s'impose. J'\u00e9vite soigneusement la culpabilisation : \u00eatre parent est d\u00e9j\u00e0 assez exigeant. Mon ton se veut complice et bienveillant, un peu comme une discussion entre parents qui se comprennent. L'id\u00e9e est d'all\u00e9ger la charge mentale en donnant des solutions simples et test\u00e9es.","sameAs":["https:\/\/elodiemazeau.fr\/"],"url":"https:\/\/bart-et-lemy.com\/blog\/auteur\/noname\/"}]}},"_links":{"self":[{"href":"https:\/\/bart-et-lemy.com\/blog\/wp-json\/wp\/v2\/posts\/8649","targetHints":{"allow":["GET"]}}],"collection":[{"href":"https:\/\/bart-et-lemy.com\/blog\/wp-json\/wp\/v2\/posts"}],"about":[{"href":"https:\/\/bart-et-lemy.com\/blog\/wp-json\/wp\/v2\/types\/post"}],"author":[{"embeddable":true,"href":"https:\/\/bart-et-lemy.com\/blog\/wp-json\/wp\/v2\/users\/34"}],"replies":[{"embeddable":true,"href":"https:\/\/bart-et-lemy.com\/blog\/wp-json\/wp\/v2\/comments?post=8649"}],"version-history":[{"count":1,"href":"https:\/\/bart-et-lemy.com\/blog\/wp-json\/wp\/v2\/posts\/8649\/revisions"}],"predecessor-version":[{"id":9804,"href":"https:\/\/bart-et-lemy.com\/blog\/wp-json\/wp\/v2\/posts\/8649\/revisions\/9804"}],"wp:featuredmedia":[{"embeddable":true,"href":"https:\/\/bart-et-lemy.com\/blog\/wp-json\/wp\/v2\/media\/9807"}],"wp:attachment":[{"href":"https:\/\/bart-et-lemy.com\/blog\/wp-json\/wp\/v2\/media?parent=8649"}],"wp:term":[{"taxonomy":"category","embeddable":true,"href":"https:\/\/bart-et-lemy.com\/blog\/wp-json\/wp\/v2\/categories?post=8649"},{"taxonomy":"post_tag","embeddable":true,"href":"https:\/\/bart-et-lemy.com\/blog\/wp-json\/wp\/v2\/tags?post=8649"}],"curies":[{"name":"wp","href":"https:\/\/api.w.org\/{rel}","templated":true}]}}