{"id":8655,"date":"2025-03-23T17:59:00","date_gmt":"2025-03-23T16:59:00","guid":{"rendered":"https:\/\/bart-et-lemy.com\/blog\/?p=8655"},"modified":"2025-02-10T16:45:03","modified_gmt":"2025-02-10T15:45:03","slug":"comprendre-les-oreilles-asymetriques-chez-les-bebes-causes-et-solutions","status":"publish","type":"post","link":"https:\/\/bart-et-lemy.com\/blog\/a-la-une\/comprendre-les-oreilles-asymetriques-chez-les-bebes-causes-et-solutions\/","title":{"rendered":"Comprendre les oreilles asym\u00e9triques chez les b\u00e9b\u00e9s : causes et solutions"},"content":{"rendered":"<h2>Introduction<\/h2>\n<p>Bien que cela puisse sembler pr\u00e9occupant, il est crucial de comprendre que cette condition est fr\u00e9quente et le plus souvent inoffensive. Quels sont les facteurs qui contribuent \u00e0 cette asym\u00e9trie ? Comment peut-on la traiter si n\u00e9cessaire ? Cet article vise \u00e0 r\u00e9pondre \u00e0 ces interrogations et \u00e0 fournir des informations pr\u00e9cieuses sur ce sujet.<\/p>\n<h2>Les causes des oreilles asym\u00e9triques<\/h2>\n<p>La premi\u00e8re chose \u00e0 savoir, c&rsquo;est que l&rsquo;asym\u00e9trie des oreilles chez les b\u00e9b\u00e9s peut r\u00e9sulter de plusieurs facteurs, notamment :<\/p>\n<blockquote class=\"wp-embedded-content\" data-secret=\"4iVdhCgpkj\"><p><a href=\"https:\/\/bart-et-lemy.com\/blog\/a-la-une\/le-lien-precieux-entre-bebe-et-maman-une-aventure-unique\/\">Le lien pr\u00e9cieux entre b\u00e9b\u00e9 et maman : une aventure unique<\/a><\/p><\/blockquote>\n<p><iframe loading=\"lazy\" class=\"wp-embedded-content\" sandbox=\"allow-scripts\" security=\"restricted\" style=\"position: absolute; visibility: hidden;\" title=\"\u00ab\u00a0Le lien pr\u00e9cieux entre b\u00e9b\u00e9 et maman : une aventure unique\u00a0\u00bb &#8212; bart-et-lemy.com\" src=\"https:\/\/bart-et-lemy.com\/blog\/a-la-une\/le-lien-precieux-entre-bebe-et-maman-une-aventure-unique\/embed\/#?secret=eY4mXiS6Nr#?secret=4iVdhCgpkj\" data-secret=\"4iVdhCgpkj\" width=\"600\" height=\"338\" frameborder=\"0\" marginwidth=\"0\" marginheight=\"0\" scrolling=\"no\"><\/iframe><\/p>\n<ul>\n<li><strong>G\u00e9n\u00e9tique :<\/strong> La forme et la taille des oreilles peuvent \u00eatre h\u00e9rit\u00e9es des parents.<\/li>\n<li><strong>Position in utero :<\/strong> La position du b\u00e9b\u00e9 dans l&rsquo;ut\u00e9rus peut entra\u00eener une pression sur les oreilles, les rendant asym\u00e9triques.<\/li>\n<li><strong>Traumatismes \u00e0 la naissance :<\/strong> Des interventions m\u00e9dicales peuvent parfois affecter la forme des oreilles.<\/li>\n<\/ul>\n<p>Ces \u00e9l\u00e9ments jouent un r\u00f4le significatif dans l&rsquo;apparition de l&rsquo;asym\u00e9trie. Il est important de noter qu&rsquo;une l\u00e9g\u00e8re asym\u00e9trie est normale et fr\u00e9quente chez beaucoup de b\u00e9b\u00e9s.<\/p>\n<h2>Les cons\u00e9quences de l&rsquo;asym\u00e9trie des oreilles<\/h2>\n<p>Bien que la plupart des cas d&rsquo;oreilles asym\u00e9triques soient sans gravit\u00e9, il peut y avoir des implications sociales et psychologiques. Les enfants peuvent \u00eatre confront\u00e9s \u00e0 des moqueries ou \u00e0 des commentaires de la part de leurs pairs, ce qui pourrait avoir un impact sur leur estime de soi. Par ailleurs, des oreilles tr\u00e8s asym\u00e9triques peuvent parfois affecter l&rsquo;audition ou n\u00e9cessiter une intervention chirurgicale.<\/p>\n<p>Il est essentiel d&rsquo;observer l&rsquo;\u00e9volution de la situation. Si vous remarquez des changements notables ou si l&rsquo;asym\u00e9trie semble s&rsquo;aggraver, consultez un professionnel de sant\u00e9. Une \u00e9valuation pr\u00e9coce peut aider \u00e0 d\u00e9terminer si un traitement est n\u00e9cessaire.<\/p>\n<blockquote class=\"wp-embedded-content\" data-secret=\"XgW3p4HsGG\"><p><a href=\"https:\/\/bart-et-lemy.com\/blog\/a-la-une\/les-couches-lavables-pour-bebe-un-choix-eco-responsable-et-economique\/\">Les couches lavables pour b\u00e9b\u00e9 : un choix \u00e9co-responsable et \u00e9conomique<\/a><\/p><\/blockquote>\n<p><iframe loading=\"lazy\" class=\"wp-embedded-content\" sandbox=\"allow-scripts\" security=\"restricted\" style=\"position: absolute; visibility: hidden;\" title=\"\u00ab\u00a0Les couches lavables pour b\u00e9b\u00e9 : un choix \u00e9co-responsable et \u00e9conomique\u00a0\u00bb &#8212; bart-et-lemy.com\" src=\"https:\/\/bart-et-lemy.com\/blog\/a-la-une\/les-couches-lavables-pour-bebe-un-choix-eco-responsable-et-economique\/embed\/#?secret=U77vMhSMW1#?secret=XgW3p4HsGG\" data-secret=\"XgW3p4HsGG\" width=\"600\" height=\"338\" frameborder=\"0\" marginwidth=\"0\" marginheight=\"0\" scrolling=\"no\"><\/iframe><\/p>\n<h2>Les solutions possibles<\/h2>\n<p>Pour les parents inquiets, plusieurs options s&rsquo;offrent \u00e0 vous pour g\u00e9rer les oreilles asym\u00e9triques de votre enfant :<\/p>\n<ul>\n<li><strong>Consultation m\u00e9dicale :<\/strong> Obtenez un diagnostic clair pour \u00e9valuer si des traitements sont n\u00e9cessaires.<\/li>\n<li><strong>Orth\u00e8ses auriculaires :<\/strong> Dans certains cas, des dispositifs peuvent aider \u00e0 corriger la forme des oreilles.<\/li>\n<li><strong>Chirurgie :<\/strong> Pour les cas plus extr\u00eames, une intervention chirurgicale peut \u00eatre envisag\u00e9e.<\/li>\n<\/ul>\n<p>Chaque situation est unique, et il est donc crucial de discuter des options avec des professionnels de sant\u00e9 qualifi\u00e9s.<\/p>\n<h2>Tableau r\u00e9capitulatif des options de traitement<\/h2>\n<table>\n<tr>\n<th>Type de traitement<\/th>\n<th>Description<\/th>\n<th>\u00c2ge recommand\u00e9<\/th>\n<\/tr>\n<tr>\n<td>Consultation m\u00e9dicale<\/td>\n<td>\u00c9valuation par un sp\u00e9cialiste<\/td>\n<td>Tous \u00e2ges<\/td>\n<\/tr>\n<tr>\n<td>Orth\u00e8ses auriculaires<\/td>\n<td>Dispositifs temporaires pour corriger la forme<\/td>\n<td>0 \u00e0 3 ans<\/td>\n<\/tr>\n<tr>\n<td>Chirurgie<\/td>\n<td>Intervention chirurgicale pour corriger l&rsquo;asym\u00e9trie<\/td>\n<td>\u00c0 partir de 5 ans<\/td>\n<\/tr>\n<\/table>\n<h2>FAQ :<\/h2>\n<blockquote>\n<ul>\n<li><strong>Les oreilles asym\u00e9triques sont-elles fr\u00e9quentes chez les b\u00e9b\u00e9s ?<\/strong>Oui, elles sont courantes et g\u00e9n\u00e9ralement sans gravit\u00e9.<\/li>\n<li><strong>Quand devrais-je consulter un m\u00e9decin ?<\/strong>Si l&rsquo;asym\u00e9trie semble s&rsquo;aggraver ou si son d\u00e9veloppement pose probl\u00e8me.<\/li>\n<li><strong>Les traitements sont-ils douloureux ?<\/strong>Les options non chirurgicales comme les orth\u00e8ses sont g\u00e9n\u00e9ralement indolores.<\/li>\n<li><strong>Les oreilles asym\u00e9triques peuvent-elles affecter l&rsquo;audition ?<\/strong>Rarement, mais une \u00e9valuation par un sp\u00e9cialiste est conseill\u00e9e.<\/li>\n<\/ul>\n<\/blockquote>\n<p>En conclusion, les oreilles asym\u00e9triques chez les b\u00e9b\u00e9s sont un ph\u00e9nom\u00e8ne courant et g\u00e9n\u00e9ralement sans risque. Restez attentif \u00e0 l&rsquo;\u00e9volution de la situation et n&rsquo;h\u00e9sitez pas \u00e0 consulter un professionnel si vous avez des pr\u00e9occupations. Prendre en compte ces \u00e9l\u00e9ments aidera \u00e0 rassurer les parents et \u00e0 garantir le bien-\u00eatre des enfants.<\/p>\n","protected":false},"excerpt":{"rendered":"","protected":false},"author":34,"featured_media":10269,"comment_status":"open","ping_status":"open","sticky":false,"template":"","format":"standard","meta":{"_acf_changed":false,"manual_indexmenow":false,"indexmenow_id_project":0,"footnotes":""},"categories":[1],"tags":[5575,4565,5576,5573,5574,5577],"class_list":["post-8655","post","type-post","status-publish","format-standard","has-post-thumbnail","hentry","category-a-la-une","tag-chirurgie","tag-consultation-medicale","tag-genetique","tag-oreilles-asymetriques","tag-ortheses-auriculaires","tag-traumatismes-a-la-naissance","generate-columns","tablet-grid-50","mobile-grid-100","grid-parent","grid-25"],"acf":[],"yoast_head":"<!-- This site is optimized with the Yoast SEO Premium plugin v21.3 (Yoast SEO v27.3) - https:\/\/yoast.com\/product\/yoast-seo-premium-wordpress\/ -->\n<title>Comprendre les oreilles asym\u00e9triques chez les b\u00e9b\u00e9s<\/title>\n<meta name=\"description\" content=\"Bien que cela puisse sembler pr\u00e9occupant, il est crucial de comprendre que cette condition est fr\u00e9quente et le plus souvent inoffensive.\" \/>\n<meta name=\"robots\" content=\"index, follow, max-snippet:-1, max-image-preview:large, max-video-preview:-1\" \/>\n<link rel=\"canonical\" href=\"https:\/\/bart-et-lemy.com\/blog\/a-la-une\/comprendre-les-oreilles-asymetriques-chez-les-bebes-causes-et-solutions\/\" \/>\n<meta property=\"og:locale\" content=\"fr_FR\" \/>\n<meta property=\"og:type\" content=\"article\" \/>\n<meta property=\"og:title\" content=\"Comprendre les oreilles asym\u00e9triques chez les b\u00e9b\u00e9s\" \/>\n<meta property=\"og:description\" content=\"Bien que cela puisse sembler pr\u00e9occupant, il est crucial de comprendre que cette condition est fr\u00e9quente et le plus souvent inoffensive.\" \/>\n<meta property=\"og:url\" content=\"https:\/\/bart-et-lemy.com\/blog\/a-la-une\/comprendre-les-oreilles-asymetriques-chez-les-bebes-causes-et-solutions\/\" \/>\n<meta property=\"og:site_name\" content=\"bart-et-lemy.com\" \/>\n<meta property=\"og:image\" content=\"https:\/\/bart-et-lemy.com\/blog\/wp-content\/uploads\/2025\/04\/sdxl-be4e76826d961822f74730528bda84bd.png\" \/>\n\t<meta property=\"og:image:width\" content=\"1536\" \/>\n\t<meta property=\"og:image:height\" content=\"640\" \/>\n\t<meta property=\"og:image:type\" content=\"image\/png\" \/>\n<meta name=\"author\" content=\"Elodie Mazeau\" \/>\n<meta name=\"twitter:card\" content=\"summary_large_image\" \/>\n<script type=\"application\/ld+json\" class=\"yoast-schema-graph\">{\"@context\":\"https:\\\/\\\/schema.org\",\"@graph\":[{\"@type\":\"NewsArticle\",\"@id\":\"https:\\\/\\\/bart-et-lemy.com\\\/blog\\\/a-la-une\\\/comprendre-les-oreilles-asymetriques-chez-les-bebes-causes-et-solutions\\\/#article\",\"isPartOf\":{\"@id\":\"https:\\\/\\\/bart-et-lemy.com\\\/blog\\\/a-la-une\\\/comprendre-les-oreilles-asymetriques-chez-les-bebes-causes-et-solutions\\\/\"},\"author\":{\"name\":\"Elodie Mazeau\",\"@id\":\"https:\\\/\\\/bart-et-lemy.com\\\/blog\\\/#\\\/schema\\\/person\\\/3c864cdc320801e3db34b663e7e3f816\"},\"headline\":\"Comprendre les oreilles asym\u00e9triques chez les b\u00e9b\u00e9s : causes et solutions\",\"datePublished\":\"2025-03-23T16:59:00+00:00\",\"mainEntityOfPage\":{\"@id\":\"https:\\\/\\\/bart-et-lemy.com\\\/blog\\\/a-la-une\\\/comprendre-les-oreilles-asymetriques-chez-les-bebes-causes-et-solutions\\\/\"},\"wordCount\":597,\"commentCount\":25,\"publisher\":{\"@id\":\"https:\\\/\\\/bart-et-lemy.com\\\/blog\\\/#organization\"},\"image\":{\"@id\":\"https:\\\/\\\/bart-et-lemy.com\\\/blog\\\/a-la-une\\\/comprendre-les-oreilles-asymetriques-chez-les-bebes-causes-et-solutions\\\/#primaryimage\"},\"thumbnailUrl\":\"https:\\\/\\\/bart-et-lemy.com\\\/blog\\\/wp-content\\\/uploads\\\/2025\\\/04\\\/sdxl-be4e76826d961822f74730528bda84bd.png\",\"keywords\":[\"Chirurgie\",\"Consultation M\u00e9dicale\",\"G\u00e9n\u00e9tique\",\"Oreilles Asym\u00e9triques\",\"Orth\u00e8ses Auriculaires\",\"Traumatismes \u00e0 la Naissance\"],\"articleSection\":[\"\u00c0 la une\"],\"inLanguage\":\"fr-FR\",\"potentialAction\":[{\"@type\":\"CommentAction\",\"name\":\"Comment\",\"target\":[\"https:\\\/\\\/bart-et-lemy.com\\\/blog\\\/a-la-une\\\/comprendre-les-oreilles-asymetriques-chez-les-bebes-causes-et-solutions\\\/#respond\"]}]},{\"@type\":\"WebPage\",\"@id\":\"https:\\\/\\\/bart-et-lemy.com\\\/blog\\\/a-la-une\\\/comprendre-les-oreilles-asymetriques-chez-les-bebes-causes-et-solutions\\\/\",\"url\":\"https:\\\/\\\/bart-et-lemy.com\\\/blog\\\/a-la-une\\\/comprendre-les-oreilles-asymetriques-chez-les-bebes-causes-et-solutions\\\/\",\"name\":\"Comprendre les oreilles asym\u00e9triques chez les b\u00e9b\u00e9s\",\"isPartOf\":{\"@id\":\"https:\\\/\\\/bart-et-lemy.com\\\/blog\\\/#website\"},\"primaryImageOfPage\":{\"@id\":\"https:\\\/\\\/bart-et-lemy.com\\\/blog\\\/a-la-une\\\/comprendre-les-oreilles-asymetriques-chez-les-bebes-causes-et-solutions\\\/#primaryimage\"},\"image\":{\"@id\":\"https:\\\/\\\/bart-et-lemy.com\\\/blog\\\/a-la-une\\\/comprendre-les-oreilles-asymetriques-chez-les-bebes-causes-et-solutions\\\/#primaryimage\"},\"thumbnailUrl\":\"https:\\\/\\\/bart-et-lemy.com\\\/blog\\\/wp-content\\\/uploads\\\/2025\\\/04\\\/sdxl-be4e76826d961822f74730528bda84bd.png\",\"datePublished\":\"2025-03-23T16:59:00+00:00\",\"description\":\"Bien que cela puisse sembler pr\u00e9occupant, il est crucial de comprendre que cette condition est fr\u00e9quente et le plus souvent inoffensive.\",\"inLanguage\":\"fr-FR\",\"potentialAction\":[{\"@type\":\"ReadAction\",\"target\":[\"https:\\\/\\\/bart-et-lemy.com\\\/blog\\\/a-la-une\\\/comprendre-les-oreilles-asymetriques-chez-les-bebes-causes-et-solutions\\\/\"]}]},{\"@type\":\"ImageObject\",\"inLanguage\":\"fr-FR\",\"@id\":\"https:\\\/\\\/bart-et-lemy.com\\\/blog\\\/a-la-une\\\/comprendre-les-oreilles-asymetriques-chez-les-bebes-causes-et-solutions\\\/#primaryimage\",\"url\":\"https:\\\/\\\/bart-et-lemy.com\\\/blog\\\/wp-content\\\/uploads\\\/2025\\\/04\\\/sdxl-be4e76826d961822f74730528bda84bd.png\",\"contentUrl\":\"https:\\\/\\\/bart-et-lemy.com\\\/blog\\\/wp-content\\\/uploads\\\/2025\\\/04\\\/sdxl-be4e76826d961822f74730528bda84bd.png\",\"width\":1536,\"height\":640},{\"@type\":\"WebSite\",\"@id\":\"https:\\\/\\\/bart-et-lemy.com\\\/blog\\\/#website\",\"url\":\"https:\\\/\\\/bart-et-lemy.com\\\/blog\\\/\",\"name\":\"Bart et Lemy\",\"description\":\"L\u2019originalit\u00e9 en toute libert\u00e9.\",\"publisher\":{\"@id\":\"https:\\\/\\\/bart-et-lemy.com\\\/blog\\\/#organization\"},\"alternateName\":\"Conseils parentaux, astuces famille et bien-\u00eatre enfant\",\"potentialAction\":[{\"@type\":\"SearchAction\",\"target\":{\"@type\":\"EntryPoint\",\"urlTemplate\":\"https:\\\/\\\/bart-et-lemy.com\\\/blog\\\/?s={search_term_string}\"},\"query-input\":{\"@type\":\"PropertyValueSpecification\",\"valueRequired\":true,\"valueName\":\"search_term_string\"}}],\"inLanguage\":\"fr-FR\"},{\"@type\":\"Organization\",\"@id\":\"https:\\\/\\\/bart-et-lemy.com\\\/blog\\\/#organization\",\"name\":\"Bart et Lemy\",\"alternateName\":\"bart-et-lemy.com\",\"url\":\"https:\\\/\\\/bart-et-lemy.com\\\/blog\\\/\",\"logo\":{\"@type\":\"ImageObject\",\"inLanguage\":\"fr-FR\",\"@id\":\"https:\\\/\\\/bart-et-lemy.com\\\/blog\\\/#\\\/schema\\\/logo\\\/image\\\/\",\"url\":\"https:\\\/\\\/bart-et-lemy.com\\\/blog\\\/wp-content\\\/uploads\\\/2026\\\/07\\\/logo-auto.png\",\"contentUrl\":\"https:\\\/\\\/bart-et-lemy.com\\\/blog\\\/wp-content\\\/uploads\\\/2026\\\/07\\\/logo-auto.png\",\"width\":1024,\"height\":1024,\"caption\":\"Bart et Lemy\"},\"image\":{\"@id\":\"https:\\\/\\\/bart-et-lemy.com\\\/blog\\\/#\\\/schema\\\/logo\\\/image\\\/\"}},{\"@type\":\"Person\",\"@id\":\"https:\\\/\\\/bart-et-lemy.com\\\/blog\\\/#\\\/schema\\\/person\\\/3c864cdc320801e3db34b663e7e3f816\",\"name\":\"Elodie Mazeau\",\"image\":{\"@type\":\"ImageObject\",\"inLanguage\":\"fr-FR\",\"@id\":\"https:\\\/\\\/bart-et-lemy.com\\\/blog\\\/wp-content\\\/uploads\\\/2026\\\/06\\\/persona_elodie-m-96x96.jpg\",\"url\":\"https:\\\/\\\/bart-et-lemy.com\\\/blog\\\/wp-content\\\/uploads\\\/2026\\\/06\\\/persona_elodie-m-96x96.jpg\",\"contentUrl\":\"https:\\\/\\\/bart-et-lemy.com\\\/blog\\\/wp-content\\\/uploads\\\/2026\\\/06\\\/persona_elodie-m-96x96.jpg\",\"caption\":\"Elodie Mazeau\"},\"description\":\"J'\u00e9cris sur la parentalit\u00e9 telle qu'elle se vit vraiment, du premier biberon aux premi\u00e8res col\u00e8res. Mes sujets de pr\u00e9dilection couvrent le quotidien des familles : sommeil, alimentation, organisation, pu\u00e9riculture et ces petites gal\u00e8res que tout parent conna\u00eet. Depuis plusieurs ann\u00e9es, je m'attache \u00e0 proposer des rep\u00e8res concrets plut\u00f4t que des le\u00e7ons, parce que chaque famille trouve son propre \u00e9quilibre. Je v\u00e9rifie mes informations aupr\u00e8s de sources fiables, surtout d\u00e8s qu'on touche \u00e0 la sant\u00e9 ou \u00e0 la s\u00e9curit\u00e9 de l'enfant, et je pr\u00e9cise quand un avis professionnel s'impose. J'\u00e9vite soigneusement la culpabilisation : \u00eatre parent est d\u00e9j\u00e0 assez exigeant. Mon ton se veut complice et bienveillant, un peu comme une discussion entre parents qui se comprennent. L'id\u00e9e est d'all\u00e9ger la charge mentale en donnant des solutions simples et test\u00e9es.\",\"sameAs\":[\"https:\\\/\\\/elodiemazeau.fr\\\/\"],\"url\":\"https:\\\/\\\/bart-et-lemy.com\\\/blog\\\/auteur\\\/noname\\\/\"}]}<\/script>\n<!-- \/ Yoast SEO Premium plugin. -->","yoast_head_json":{"title":"Comprendre les oreilles asym\u00e9triques chez les b\u00e9b\u00e9s","description":"Bien que cela puisse sembler pr\u00e9occupant, il est crucial de comprendre que cette condition est fr\u00e9quente et le plus souvent inoffensive.","robots":{"index":"index","follow":"follow","max-snippet":"max-snippet:-1","max-image-preview":"max-image-preview:large","max-video-preview":"max-video-preview:-1"},"canonical":"https:\/\/bart-et-lemy.com\/blog\/a-la-une\/comprendre-les-oreilles-asymetriques-chez-les-bebes-causes-et-solutions\/","og_locale":"fr_FR","og_type":"article","og_title":"Comprendre les oreilles asym\u00e9triques chez les b\u00e9b\u00e9s","og_description":"Bien que cela puisse sembler pr\u00e9occupant, il est crucial de comprendre que cette condition est fr\u00e9quente et le plus souvent inoffensive.","og_url":"https:\/\/bart-et-lemy.com\/blog\/a-la-une\/comprendre-les-oreilles-asymetriques-chez-les-bebes-causes-et-solutions\/","og_site_name":"bart-et-lemy.com","og_image":[{"width":1536,"height":640,"url":"https:\/\/bart-et-lemy.com\/blog\/wp-content\/uploads\/2025\/04\/sdxl-be4e76826d961822f74730528bda84bd.png","type":"image\/png"}],"author":"Elodie Mazeau","twitter_card":"summary_large_image","schema":{"@context":"https:\/\/schema.org","@graph":[{"@type":"NewsArticle","@id":"https:\/\/bart-et-lemy.com\/blog\/a-la-une\/comprendre-les-oreilles-asymetriques-chez-les-bebes-causes-et-solutions\/#article","isPartOf":{"@id":"https:\/\/bart-et-lemy.com\/blog\/a-la-une\/comprendre-les-oreilles-asymetriques-chez-les-bebes-causes-et-solutions\/"},"author":{"name":"Elodie Mazeau","@id":"https:\/\/bart-et-lemy.com\/blog\/#\/schema\/person\/3c864cdc320801e3db34b663e7e3f816"},"headline":"Comprendre les oreilles asym\u00e9triques chez les b\u00e9b\u00e9s : causes et solutions","datePublished":"2025-03-23T16:59:00+00:00","mainEntityOfPage":{"@id":"https:\/\/bart-et-lemy.com\/blog\/a-la-une\/comprendre-les-oreilles-asymetriques-chez-les-bebes-causes-et-solutions\/"},"wordCount":597,"commentCount":25,"publisher":{"@id":"https:\/\/bart-et-lemy.com\/blog\/#organization"},"image":{"@id":"https:\/\/bart-et-lemy.com\/blog\/a-la-une\/comprendre-les-oreilles-asymetriques-chez-les-bebes-causes-et-solutions\/#primaryimage"},"thumbnailUrl":"https:\/\/bart-et-lemy.com\/blog\/wp-content\/uploads\/2025\/04\/sdxl-be4e76826d961822f74730528bda84bd.png","keywords":["Chirurgie","Consultation M\u00e9dicale","G\u00e9n\u00e9tique","Oreilles Asym\u00e9triques","Orth\u00e8ses Auriculaires","Traumatismes \u00e0 la Naissance"],"articleSection":["\u00c0 la une"],"inLanguage":"fr-FR","potentialAction":[{"@type":"CommentAction","name":"Comment","target":["https:\/\/bart-et-lemy.com\/blog\/a-la-une\/comprendre-les-oreilles-asymetriques-chez-les-bebes-causes-et-solutions\/#respond"]}]},{"@type":"WebPage","@id":"https:\/\/bart-et-lemy.com\/blog\/a-la-une\/comprendre-les-oreilles-asymetriques-chez-les-bebes-causes-et-solutions\/","url":"https:\/\/bart-et-lemy.com\/blog\/a-la-une\/comprendre-les-oreilles-asymetriques-chez-les-bebes-causes-et-solutions\/","name":"Comprendre les oreilles asym\u00e9triques chez les b\u00e9b\u00e9s","isPartOf":{"@id":"https:\/\/bart-et-lemy.com\/blog\/#website"},"primaryImageOfPage":{"@id":"https:\/\/bart-et-lemy.com\/blog\/a-la-une\/comprendre-les-oreilles-asymetriques-chez-les-bebes-causes-et-solutions\/#primaryimage"},"image":{"@id":"https:\/\/bart-et-lemy.com\/blog\/a-la-une\/comprendre-les-oreilles-asymetriques-chez-les-bebes-causes-et-solutions\/#primaryimage"},"thumbnailUrl":"https:\/\/bart-et-lemy.com\/blog\/wp-content\/uploads\/2025\/04\/sdxl-be4e76826d961822f74730528bda84bd.png","datePublished":"2025-03-23T16:59:00+00:00","description":"Bien que cela puisse sembler pr\u00e9occupant, il est crucial de comprendre que cette condition est fr\u00e9quente et le plus souvent inoffensive.","inLanguage":"fr-FR","potentialAction":[{"@type":"ReadAction","target":["https:\/\/bart-et-lemy.com\/blog\/a-la-une\/comprendre-les-oreilles-asymetriques-chez-les-bebes-causes-et-solutions\/"]}]},{"@type":"ImageObject","inLanguage":"fr-FR","@id":"https:\/\/bart-et-lemy.com\/blog\/a-la-une\/comprendre-les-oreilles-asymetriques-chez-les-bebes-causes-et-solutions\/#primaryimage","url":"https:\/\/bart-et-lemy.com\/blog\/wp-content\/uploads\/2025\/04\/sdxl-be4e76826d961822f74730528bda84bd.png","contentUrl":"https:\/\/bart-et-lemy.com\/blog\/wp-content\/uploads\/2025\/04\/sdxl-be4e76826d961822f74730528bda84bd.png","width":1536,"height":640},{"@type":"WebSite","@id":"https:\/\/bart-et-lemy.com\/blog\/#website","url":"https:\/\/bart-et-lemy.com\/blog\/","name":"Bart et Lemy","description":"L\u2019originalit\u00e9 en toute libert\u00e9.","publisher":{"@id":"https:\/\/bart-et-lemy.com\/blog\/#organization"},"alternateName":"Conseils parentaux, astuces famille et bien-\u00eatre enfant","potentialAction":[{"@type":"SearchAction","target":{"@type":"EntryPoint","urlTemplate":"https:\/\/bart-et-lemy.com\/blog\/?s={search_term_string}"},"query-input":{"@type":"PropertyValueSpecification","valueRequired":true,"valueName":"search_term_string"}}],"inLanguage":"fr-FR"},{"@type":"Organization","@id":"https:\/\/bart-et-lemy.com\/blog\/#organization","name":"Bart et Lemy","alternateName":"bart-et-lemy.com","url":"https:\/\/bart-et-lemy.com\/blog\/","logo":{"@type":"ImageObject","inLanguage":"fr-FR","@id":"https:\/\/bart-et-lemy.com\/blog\/#\/schema\/logo\/image\/","url":"https:\/\/bart-et-lemy.com\/blog\/wp-content\/uploads\/2026\/07\/logo-auto.png","contentUrl":"https:\/\/bart-et-lemy.com\/blog\/wp-content\/uploads\/2026\/07\/logo-auto.png","width":1024,"height":1024,"caption":"Bart et Lemy"},"image":{"@id":"https:\/\/bart-et-lemy.com\/blog\/#\/schema\/logo\/image\/"}},{"@type":"Person","@id":"https:\/\/bart-et-lemy.com\/blog\/#\/schema\/person\/3c864cdc320801e3db34b663e7e3f816","name":"Elodie Mazeau","image":{"@type":"ImageObject","inLanguage":"fr-FR","@id":"https:\/\/bart-et-lemy.com\/blog\/wp-content\/uploads\/2026\/06\/persona_elodie-m-96x96.jpg","url":"https:\/\/bart-et-lemy.com\/blog\/wp-content\/uploads\/2026\/06\/persona_elodie-m-96x96.jpg","contentUrl":"https:\/\/bart-et-lemy.com\/blog\/wp-content\/uploads\/2026\/06\/persona_elodie-m-96x96.jpg","caption":"Elodie Mazeau"},"description":"J'\u00e9cris sur la parentalit\u00e9 telle qu'elle se vit vraiment, du premier biberon aux premi\u00e8res col\u00e8res. Mes sujets de pr\u00e9dilection couvrent le quotidien des familles : sommeil, alimentation, organisation, pu\u00e9riculture et ces petites gal\u00e8res que tout parent conna\u00eet. Depuis plusieurs ann\u00e9es, je m'attache \u00e0 proposer des rep\u00e8res concrets plut\u00f4t que des le\u00e7ons, parce que chaque famille trouve son propre \u00e9quilibre. Je v\u00e9rifie mes informations aupr\u00e8s de sources fiables, surtout d\u00e8s qu'on touche \u00e0 la sant\u00e9 ou \u00e0 la s\u00e9curit\u00e9 de l'enfant, et je pr\u00e9cise quand un avis professionnel s'impose. J'\u00e9vite soigneusement la culpabilisation : \u00eatre parent est d\u00e9j\u00e0 assez exigeant. Mon ton se veut complice et bienveillant, un peu comme une discussion entre parents qui se comprennent. L'id\u00e9e est d'all\u00e9ger la charge mentale en donnant des solutions simples et test\u00e9es.","sameAs":["https:\/\/elodiemazeau.fr\/"],"url":"https:\/\/bart-et-lemy.com\/blog\/auteur\/noname\/"}]}},"_links":{"self":[{"href":"https:\/\/bart-et-lemy.com\/blog\/wp-json\/wp\/v2\/posts\/8655","targetHints":{"allow":["GET"]}}],"collection":[{"href":"https:\/\/bart-et-lemy.com\/blog\/wp-json\/wp\/v2\/posts"}],"about":[{"href":"https:\/\/bart-et-lemy.com\/blog\/wp-json\/wp\/v2\/types\/post"}],"author":[{"embeddable":true,"href":"https:\/\/bart-et-lemy.com\/blog\/wp-json\/wp\/v2\/users\/34"}],"replies":[{"embeddable":true,"href":"https:\/\/bart-et-lemy.com\/blog\/wp-json\/wp\/v2\/comments?post=8655"}],"version-history":[{"count":1,"href":"https:\/\/bart-et-lemy.com\/blog\/wp-json\/wp\/v2\/posts\/8655\/revisions"}],"predecessor-version":[{"id":10113,"href":"https:\/\/bart-et-lemy.com\/blog\/wp-json\/wp\/v2\/posts\/8655\/revisions\/10113"}],"wp:featuredmedia":[{"embeddable":true,"href":"https:\/\/bart-et-lemy.com\/blog\/wp-json\/wp\/v2\/media\/10269"}],"wp:attachment":[{"href":"https:\/\/bart-et-lemy.com\/blog\/wp-json\/wp\/v2\/media?parent=8655"}],"wp:term":[{"taxonomy":"category","embeddable":true,"href":"https:\/\/bart-et-lemy.com\/blog\/wp-json\/wp\/v2\/categories?post=8655"},{"taxonomy":"post_tag","embeddable":true,"href":"https:\/\/bart-et-lemy.com\/blog\/wp-json\/wp\/v2\/tags?post=8655"}],"curies":[{"name":"wp","href":"https:\/\/api.w.org\/{rel}","templated":true}]}}