{"id":8663,"date":"2025-03-05T16:59:00","date_gmt":"2025-03-05T15:59:00","guid":{"rendered":"https:\/\/bart-et-lemy.com\/blog\/?p=8663"},"modified":"2025-02-10T16:46:06","modified_gmt":"2025-02-10T15:46:06","slug":"eveil-corporel-du-bebe-les-cles-pour-un-developpement-harmonieux","status":"publish","type":"post","link":"https:\/\/bart-et-lemy.com\/blog\/a-la-une\/eveil-corporel-du-bebe-les-cles-pour-un-developpement-harmonieux\/","title":{"rendered":"\u00c9veil corporel du b\u00e9b\u00e9 : les cl\u00e9s pour un d\u00e9veloppement harmonieux"},"content":{"rendered":"<h2>Introduction \u00e0 l&rsquo;\u00e9veil corporel chez le b\u00e9b\u00e9<\/h2>\n<p>L\u2019\u00e9veil corporel, qui englobe l\u2019ensemble des d\u00e9couvertes sensorielles et motrices, joue un r\u00f4le fondamental. Comment favoriser cet \u00e9veil, et quelles activit\u00e9s peuvent stimuler le corps et l\u2019esprit de votre petit ? Ce guide vous propose des conseils pratiques et des informations essentielles.<\/p>\n<h2>Qu&rsquo;est-ce que l&rsquo;\u00e9veil corporel ?<\/h2>\n<p>L\u2019\u00e9veil corporel d\u00e9signe l\u2019ensemble des exp\u00e9riences sensorielles et motrices qui permettent \u00e0 un b\u00e9b\u00e9 de d\u00e9couvrir son corps et son environnement. Gr\u00e2ce \u00e0 des activit\u00e9s adapt\u00e9es, le b\u00e9b\u00e9 apprend \u00e0 coordonner ses mouvements, \u00e0 d\u00e9velopper sa motricit\u00e9 fine et globale, et \u00e0 explorer les diff\u00e9rentes textures et sensations.<\/p>\n<blockquote class=\"wp-embedded-content\" data-secret=\"3k6zxkvY9z\"><p><a href=\"https:\/\/bart-et-lemy.com\/blog\/a-la-une\/les-couches-lavables-pour-bebe-un-choix-eco-responsable-et-economique\/\">Les couches lavables pour b\u00e9b\u00e9 : un choix \u00e9co-responsable et \u00e9conomique<\/a><\/p><\/blockquote>\n<p><iframe loading=\"lazy\" class=\"wp-embedded-content\" sandbox=\"allow-scripts\" security=\"restricted\" style=\"position: absolute; visibility: hidden;\" title=\"\u00ab\u00a0Les couches lavables pour b\u00e9b\u00e9 : un choix \u00e9co-responsable et \u00e9conomique\u00a0\u00bb &#8212; bart-et-lemy.com\" src=\"https:\/\/bart-et-lemy.com\/blog\/a-la-une\/les-couches-lavables-pour-bebe-un-choix-eco-responsable-et-economique\/embed\/#?secret=9VAGZzMTDJ#?secret=3k6zxkvY9z\" data-secret=\"3k6zxkvY9z\" width=\"600\" height=\"338\" frameborder=\"0\" marginwidth=\"0\" marginheight=\"0\" scrolling=\"no\"><\/iframe><\/p>\n<p>Les \u00e9tapes de l\u2019\u00e9veil corporel incluent :<\/p>\n<ul>\n<li>La d\u00e9couverte des mouvements : rouler, ramper, se tenir debout.<\/li>\n<li>L\u2019exploration des sens : toucher, voir, entendre, go\u00fbter.<\/li>\n<li>Les interactions sociales : jeux avec les parents et autres enfants.<\/li>\n<\/ul>\n<h2>Les bienfaits de l&rsquo;\u00e9veil corporel<\/h2>\n<p>Favoriser un \u00e9veil corporel enrichissant pr\u00e9sente de nombreux avantages. D&rsquo;une part, cela contribue \u00e0 la sant\u00e9 physique de l\u2019enfant. D&rsquo;autre part, cela stimule son d\u00e9veloppement cognitif et \u00e9motionnel. Voici quelques bienfaits concrets :<\/p>\n<blockquote class=\"wp-embedded-content\" data-secret=\"2oHJlRVaFK\"><p><a href=\"https:\/\/bart-et-lemy.com\/blog\/a-la-une\/le-lien-precieux-entre-bebe-et-maman-une-aventure-unique\/\">Le lien pr\u00e9cieux entre b\u00e9b\u00e9 et maman : une aventure unique<\/a><\/p><\/blockquote>\n<p><iframe loading=\"lazy\" class=\"wp-embedded-content\" sandbox=\"allow-scripts\" security=\"restricted\" style=\"position: absolute; visibility: hidden;\" title=\"\u00ab\u00a0Le lien pr\u00e9cieux entre b\u00e9b\u00e9 et maman : une aventure unique\u00a0\u00bb &#8212; bart-et-lemy.com\" src=\"https:\/\/bart-et-lemy.com\/blog\/a-la-une\/le-lien-precieux-entre-bebe-et-maman-une-aventure-unique\/embed\/#?secret=QUdsc4Yq89#?secret=2oHJlRVaFK\" data-secret=\"2oHJlRVaFK\" width=\"600\" height=\"338\" frameborder=\"0\" marginwidth=\"0\" marginheight=\"0\" scrolling=\"no\"><\/iframe><\/p>\n<ul>\n<li><strong>Am\u00e9lioration de la coordination :<\/strong> Les activit\u00e9s physiques encouragent le d\u00e9veloppement de la motricit\u00e9.<\/li>\n<li><strong>Renforcement des liens affectifs :<\/strong> Les jeux partag\u00e9s renforcent le lien parent-enfant.<\/li>\n<li><strong>D\u00e9veloppement de la confiance en soi :<\/strong> Explorer et r\u00e9ussir de nouveaux mouvements augmente l&rsquo;estime de soi.<\/li>\n<\/ul>\n<h2>Activit\u00e9s pour stimuler l&rsquo;\u00e9veil corporel<\/h2>\n<p>Il existe de nombreuses fa\u00e7ons d&rsquo;encourager l&rsquo;\u00e9veil corporel chez un b\u00e9b\u00e9. Voici quelques id\u00e9es d&rsquo;activit\u00e9s \u00e0 int\u00e9grer dans votre routine quotidienne :<\/p>\n<table>\n<tr>\n<th>Activit\u00e9<\/th>\n<th>Objectif<\/th>\n<th>Mat\u00e9riel requis<\/th>\n<\/tr>\n<tr>\n<td>Tummy time<\/td>\n<td>Renforcer les muscles du cou et des \u00e9paules<\/td>\n<td>Tapis de jeu<\/td>\n<\/tr>\n<tr>\n<td>Jeux d&rsquo;eau<\/td>\n<td>Stimuler les sens et la motricit\u00e9 fine<\/td>\n<td>Bac d&rsquo;eau, jouets flottants<\/td>\n<\/tr>\n<tr>\n<td>Danse<\/td>\n<td>Encourager le mouvement et le rythme<\/td>\n<td>Musique douce<\/td>\n<\/tr>\n<\/table>\n<p>Ces activit\u00e9s doivent \u00eatre adapt\u00e9es \u00e0 l\u2019\u00e2ge et au d\u00e9veloppement de votre b\u00e9b\u00e9. N\u2019h\u00e9sitez pas \u00e0 varier les plaisirs pour maintenir son int\u00e9r\u00eat.<\/p>\n<h2>Conseils pratiques pour les parents<\/h2>\n<p>En tant que parent, vous pouvez jouer un r\u00f4le actif dans l&rsquo;\u00e9veil corporel de votre enfant. Voici quelques conseils \u00e0 consid\u00e9rer :<\/p>\n<ul>\n<li>Cr\u00e9ez un environnement s\u00fbr et stimulant, en \u00e9vitant les objets dangereux.<\/li>\n<li>Encouragez l&rsquo;exploration libre : laissez le b\u00e9b\u00e9 bouger \u00e0 son rythme.<\/li>\n<li>Participez activement aux jeux : votre pr\u00e9sence rassurante est cruciale.<\/li>\n<\/ul>\n<blockquote><p>\u201cL\u2019\u00e9veil corporel est une aventure magnifique, \u00e0 vivre ensemble.\u201d<\/p><\/blockquote>\n<h3>FAQ :<\/h3>\n<blockquote>\n<ul>\n<li><strong>\u00c0 quel \u00e2ge commencer l&rsquo;\u00e9veil corporel ?<\/strong>Il est conseill\u00e9 de commencer d\u00e8s les premiers mois.<\/li>\n<li><strong>Combien de temps par jour faut-il consacrer \u00e0 l&rsquo;\u00e9veil corporel ?<\/strong>Environ 30 minutes par jour, r\u00e9parties en plusieurs sessions.<\/li>\n<li><strong>Les jouets sont-ils indispensables ?<\/strong>Non, l&rsquo;interaction humaine est tout aussi importante.<\/li>\n<li><strong>Comment savoir si mon b\u00e9b\u00e9 s&rsquo;\u00e9panouit ?<\/strong>Observez ses progr\u00e8s en motricit\u00e9 et son int\u00e9r\u00eat pour l&rsquo;environnement.<\/li>\n<\/ul>\n<\/blockquote>\n","protected":false},"excerpt":{"rendered":"","protected":false},"author":34,"featured_media":9877,"comment_status":"open","ping_status":"open","sticky":false,"template":"","format":"standard","meta":{"_acf_changed":false,"manual_indexmenow":false,"indexmenow_id_project":0,"footnotes":""},"categories":[1],"tags":[4902,4590,4805,5596,5431,5132],"class_list":["post-8663","post","type-post","status-publish","format-standard","has-post-thumbnail","hentry","category-a-la-une","tag-activites","tag-bebe","tag-developpement","tag-eveil-corporel","tag-motricite","tag-parents","generate-columns","tablet-grid-50","mobile-grid-100","grid-parent","grid-25"],"acf":[],"yoast_head":"<!-- This site is optimized with the Yoast SEO Premium plugin v21.3 (Yoast SEO v27.3) - https:\/\/yoast.com\/product\/yoast-seo-premium-wordpress\/ -->\n<title>\u00c9veil corporel du b\u00e9b\u00e9<\/title>\n<meta name=\"description\" content=\"L\u2019\u00e9veil corporel, qui englobe l\u2019ensemble des d\u00e9couvertes sensorielles et motrices, joue un r\u00f4le fondamental.\" \/>\n<meta name=\"robots\" content=\"index, follow, max-snippet:-1, max-image-preview:large, max-video-preview:-1\" \/>\n<link rel=\"canonical\" href=\"https:\/\/bart-et-lemy.com\/blog\/a-la-une\/eveil-corporel-du-bebe-les-cles-pour-un-developpement-harmonieux\/\" \/>\n<meta property=\"og:locale\" content=\"fr_FR\" \/>\n<meta property=\"og:type\" content=\"article\" \/>\n<meta property=\"og:title\" content=\"\u00c9veil corporel du b\u00e9b\u00e9\" \/>\n<meta property=\"og:description\" content=\"L\u2019\u00e9veil corporel, qui englobe l\u2019ensemble des d\u00e9couvertes sensorielles et motrices, joue un r\u00f4le fondamental.\" \/>\n<meta property=\"og:url\" content=\"https:\/\/bart-et-lemy.com\/blog\/a-la-une\/eveil-corporel-du-bebe-les-cles-pour-un-developpement-harmonieux\/\" \/>\n<meta property=\"og:site_name\" content=\"bart-et-lemy.com\" \/>\n<meta property=\"og:image\" content=\"https:\/\/bart-et-lemy.com\/blog\/wp-content\/uploads\/2025\/03\/sdxl-fd6d1b7eaa12b3abcdb6648a5c3da15b.png\" \/>\n\t<meta property=\"og:image:width\" content=\"1536\" \/>\n\t<meta property=\"og:image:height\" content=\"640\" \/>\n\t<meta property=\"og:image:type\" content=\"image\/png\" \/>\n<meta name=\"author\" content=\"Elodie Mazeau\" \/>\n<meta name=\"twitter:card\" content=\"summary_large_image\" \/>\n<script type=\"application\/ld+json\" class=\"yoast-schema-graph\">{\"@context\":\"https:\\\/\\\/schema.org\",\"@graph\":[{\"@type\":\"NewsArticle\",\"@id\":\"https:\\\/\\\/bart-et-lemy.com\\\/blog\\\/a-la-une\\\/eveil-corporel-du-bebe-les-cles-pour-un-developpement-harmonieux\\\/#article\",\"isPartOf\":{\"@id\":\"https:\\\/\\\/bart-et-lemy.com\\\/blog\\\/a-la-une\\\/eveil-corporel-du-bebe-les-cles-pour-un-developpement-harmonieux\\\/\"},\"author\":{\"name\":\"Elodie Mazeau\",\"@id\":\"https:\\\/\\\/bart-et-lemy.com\\\/blog\\\/#\\\/schema\\\/person\\\/3c864cdc320801e3db34b663e7e3f816\"},\"headline\":\"\u00c9veil corporel du b\u00e9b\u00e9 : les cl\u00e9s pour un d\u00e9veloppement harmonieux\",\"datePublished\":\"2025-03-05T15:59:00+00:00\",\"mainEntityOfPage\":{\"@id\":\"https:\\\/\\\/bart-et-lemy.com\\\/blog\\\/a-la-une\\\/eveil-corporel-du-bebe-les-cles-pour-un-developpement-harmonieux\\\/\"},\"wordCount\":514,\"commentCount\":22,\"publisher\":{\"@id\":\"https:\\\/\\\/bart-et-lemy.com\\\/blog\\\/#organization\"},\"image\":{\"@id\":\"https:\\\/\\\/bart-et-lemy.com\\\/blog\\\/a-la-une\\\/eveil-corporel-du-bebe-les-cles-pour-un-developpement-harmonieux\\\/#primaryimage\"},\"thumbnailUrl\":\"https:\\\/\\\/bart-et-lemy.com\\\/blog\\\/wp-content\\\/uploads\\\/2025\\\/03\\\/sdxl-fd6d1b7eaa12b3abcdb6648a5c3da15b.png\",\"keywords\":[\"Activit\u00e9s\",\"B\u00e9b\u00e9\",\"D\u00e9veloppement\",\"\u00c9veil Corporel\",\"Motricit\u00e9\",\"Parents\"],\"articleSection\":[\"\u00c0 la une\"],\"inLanguage\":\"fr-FR\",\"potentialAction\":[{\"@type\":\"CommentAction\",\"name\":\"Comment\",\"target\":[\"https:\\\/\\\/bart-et-lemy.com\\\/blog\\\/a-la-une\\\/eveil-corporel-du-bebe-les-cles-pour-un-developpement-harmonieux\\\/#respond\"]}]},{\"@type\":\"WebPage\",\"@id\":\"https:\\\/\\\/bart-et-lemy.com\\\/blog\\\/a-la-une\\\/eveil-corporel-du-bebe-les-cles-pour-un-developpement-harmonieux\\\/\",\"url\":\"https:\\\/\\\/bart-et-lemy.com\\\/blog\\\/a-la-une\\\/eveil-corporel-du-bebe-les-cles-pour-un-developpement-harmonieux\\\/\",\"name\":\"\u00c9veil corporel du b\u00e9b\u00e9\",\"isPartOf\":{\"@id\":\"https:\\\/\\\/bart-et-lemy.com\\\/blog\\\/#website\"},\"primaryImageOfPage\":{\"@id\":\"https:\\\/\\\/bart-et-lemy.com\\\/blog\\\/a-la-une\\\/eveil-corporel-du-bebe-les-cles-pour-un-developpement-harmonieux\\\/#primaryimage\"},\"image\":{\"@id\":\"https:\\\/\\\/bart-et-lemy.com\\\/blog\\\/a-la-une\\\/eveil-corporel-du-bebe-les-cles-pour-un-developpement-harmonieux\\\/#primaryimage\"},\"thumbnailUrl\":\"https:\\\/\\\/bart-et-lemy.com\\\/blog\\\/wp-content\\\/uploads\\\/2025\\\/03\\\/sdxl-fd6d1b7eaa12b3abcdb6648a5c3da15b.png\",\"datePublished\":\"2025-03-05T15:59:00+00:00\",\"description\":\"L\u2019\u00e9veil corporel, qui englobe l\u2019ensemble des d\u00e9couvertes sensorielles et motrices, joue un r\u00f4le fondamental.\",\"inLanguage\":\"fr-FR\",\"potentialAction\":[{\"@type\":\"ReadAction\",\"target\":[\"https:\\\/\\\/bart-et-lemy.com\\\/blog\\\/a-la-une\\\/eveil-corporel-du-bebe-les-cles-pour-un-developpement-harmonieux\\\/\"]}]},{\"@type\":\"ImageObject\",\"inLanguage\":\"fr-FR\",\"@id\":\"https:\\\/\\\/bart-et-lemy.com\\\/blog\\\/a-la-une\\\/eveil-corporel-du-bebe-les-cles-pour-un-developpement-harmonieux\\\/#primaryimage\",\"url\":\"https:\\\/\\\/bart-et-lemy.com\\\/blog\\\/wp-content\\\/uploads\\\/2025\\\/03\\\/sdxl-fd6d1b7eaa12b3abcdb6648a5c3da15b.png\",\"contentUrl\":\"https:\\\/\\\/bart-et-lemy.com\\\/blog\\\/wp-content\\\/uploads\\\/2025\\\/03\\\/sdxl-fd6d1b7eaa12b3abcdb6648a5c3da15b.png\",\"width\":1536,\"height\":640},{\"@type\":\"WebSite\",\"@id\":\"https:\\\/\\\/bart-et-lemy.com\\\/blog\\\/#website\",\"url\":\"https:\\\/\\\/bart-et-lemy.com\\\/blog\\\/\",\"name\":\"Bart et Lemy\",\"description\":\"L\u2019originalit\u00e9 en toute libert\u00e9.\",\"publisher\":{\"@id\":\"https:\\\/\\\/bart-et-lemy.com\\\/blog\\\/#organization\"},\"alternateName\":\"Conseils parentaux, astuces famille et bien-\u00eatre enfant\",\"potentialAction\":[{\"@type\":\"SearchAction\",\"target\":{\"@type\":\"EntryPoint\",\"urlTemplate\":\"https:\\\/\\\/bart-et-lemy.com\\\/blog\\\/?s={search_term_string}\"},\"query-input\":{\"@type\":\"PropertyValueSpecification\",\"valueRequired\":true,\"valueName\":\"search_term_string\"}}],\"inLanguage\":\"fr-FR\"},{\"@type\":\"Organization\",\"@id\":\"https:\\\/\\\/bart-et-lemy.com\\\/blog\\\/#organization\",\"name\":\"Bart et Lemy\",\"alternateName\":\"bart-et-lemy.com\",\"url\":\"https:\\\/\\\/bart-et-lemy.com\\\/blog\\\/\",\"logo\":{\"@type\":\"ImageObject\",\"inLanguage\":\"fr-FR\",\"@id\":\"https:\\\/\\\/bart-et-lemy.com\\\/blog\\\/#\\\/schema\\\/logo\\\/image\\\/\",\"url\":\"https:\\\/\\\/bart-et-lemy.com\\\/blog\\\/wp-content\\\/uploads\\\/2026\\\/07\\\/logo-auto.png\",\"contentUrl\":\"https:\\\/\\\/bart-et-lemy.com\\\/blog\\\/wp-content\\\/uploads\\\/2026\\\/07\\\/logo-auto.png\",\"width\":1024,\"height\":1024,\"caption\":\"Bart et Lemy\"},\"image\":{\"@id\":\"https:\\\/\\\/bart-et-lemy.com\\\/blog\\\/#\\\/schema\\\/logo\\\/image\\\/\"}},{\"@type\":\"Person\",\"@id\":\"https:\\\/\\\/bart-et-lemy.com\\\/blog\\\/#\\\/schema\\\/person\\\/3c864cdc320801e3db34b663e7e3f816\",\"name\":\"Elodie Mazeau\",\"image\":{\"@type\":\"ImageObject\",\"inLanguage\":\"fr-FR\",\"@id\":\"https:\\\/\\\/bart-et-lemy.com\\\/blog\\\/wp-content\\\/uploads\\\/2026\\\/06\\\/persona_elodie-m-96x96.jpg\",\"url\":\"https:\\\/\\\/bart-et-lemy.com\\\/blog\\\/wp-content\\\/uploads\\\/2026\\\/06\\\/persona_elodie-m-96x96.jpg\",\"contentUrl\":\"https:\\\/\\\/bart-et-lemy.com\\\/blog\\\/wp-content\\\/uploads\\\/2026\\\/06\\\/persona_elodie-m-96x96.jpg\",\"caption\":\"Elodie Mazeau\"},\"description\":\"J'\u00e9cris sur la parentalit\u00e9 telle qu'elle se vit vraiment, du premier biberon aux premi\u00e8res col\u00e8res. Mes sujets de pr\u00e9dilection couvrent le quotidien des familles : sommeil, alimentation, organisation, pu\u00e9riculture et ces petites gal\u00e8res que tout parent conna\u00eet. Depuis plusieurs ann\u00e9es, je m'attache \u00e0 proposer des rep\u00e8res concrets plut\u00f4t que des le\u00e7ons, parce que chaque famille trouve son propre \u00e9quilibre. Je v\u00e9rifie mes informations aupr\u00e8s de sources fiables, surtout d\u00e8s qu'on touche \u00e0 la sant\u00e9 ou \u00e0 la s\u00e9curit\u00e9 de l'enfant, et je pr\u00e9cise quand un avis professionnel s'impose. J'\u00e9vite soigneusement la culpabilisation : \u00eatre parent est d\u00e9j\u00e0 assez exigeant. Mon ton se veut complice et bienveillant, un peu comme une discussion entre parents qui se comprennent. L'id\u00e9e est d'all\u00e9ger la charge mentale en donnant des solutions simples et test\u00e9es.\",\"sameAs\":[\"https:\\\/\\\/elodiemazeau.fr\\\/\"],\"url\":\"https:\\\/\\\/bart-et-lemy.com\\\/blog\\\/auteur\\\/noname\\\/\"}]}<\/script>\n<!-- \/ Yoast SEO Premium plugin. -->","yoast_head_json":{"title":"\u00c9veil corporel du b\u00e9b\u00e9","description":"L\u2019\u00e9veil corporel, qui englobe l\u2019ensemble des d\u00e9couvertes sensorielles et motrices, joue un r\u00f4le fondamental.","robots":{"index":"index","follow":"follow","max-snippet":"max-snippet:-1","max-image-preview":"max-image-preview:large","max-video-preview":"max-video-preview:-1"},"canonical":"https:\/\/bart-et-lemy.com\/blog\/a-la-une\/eveil-corporel-du-bebe-les-cles-pour-un-developpement-harmonieux\/","og_locale":"fr_FR","og_type":"article","og_title":"\u00c9veil corporel du b\u00e9b\u00e9","og_description":"L\u2019\u00e9veil corporel, qui englobe l\u2019ensemble des d\u00e9couvertes sensorielles et motrices, joue un r\u00f4le fondamental.","og_url":"https:\/\/bart-et-lemy.com\/blog\/a-la-une\/eveil-corporel-du-bebe-les-cles-pour-un-developpement-harmonieux\/","og_site_name":"bart-et-lemy.com","og_image":[{"width":1536,"height":640,"url":"https:\/\/bart-et-lemy.com\/blog\/wp-content\/uploads\/2025\/03\/sdxl-fd6d1b7eaa12b3abcdb6648a5c3da15b.png","type":"image\/png"}],"author":"Elodie Mazeau","twitter_card":"summary_large_image","schema":{"@context":"https:\/\/schema.org","@graph":[{"@type":"NewsArticle","@id":"https:\/\/bart-et-lemy.com\/blog\/a-la-une\/eveil-corporel-du-bebe-les-cles-pour-un-developpement-harmonieux\/#article","isPartOf":{"@id":"https:\/\/bart-et-lemy.com\/blog\/a-la-une\/eveil-corporel-du-bebe-les-cles-pour-un-developpement-harmonieux\/"},"author":{"name":"Elodie Mazeau","@id":"https:\/\/bart-et-lemy.com\/blog\/#\/schema\/person\/3c864cdc320801e3db34b663e7e3f816"},"headline":"\u00c9veil corporel du b\u00e9b\u00e9 : les cl\u00e9s pour un d\u00e9veloppement harmonieux","datePublished":"2025-03-05T15:59:00+00:00","mainEntityOfPage":{"@id":"https:\/\/bart-et-lemy.com\/blog\/a-la-une\/eveil-corporel-du-bebe-les-cles-pour-un-developpement-harmonieux\/"},"wordCount":514,"commentCount":22,"publisher":{"@id":"https:\/\/bart-et-lemy.com\/blog\/#organization"},"image":{"@id":"https:\/\/bart-et-lemy.com\/blog\/a-la-une\/eveil-corporel-du-bebe-les-cles-pour-un-developpement-harmonieux\/#primaryimage"},"thumbnailUrl":"https:\/\/bart-et-lemy.com\/blog\/wp-content\/uploads\/2025\/03\/sdxl-fd6d1b7eaa12b3abcdb6648a5c3da15b.png","keywords":["Activit\u00e9s","B\u00e9b\u00e9","D\u00e9veloppement","\u00c9veil Corporel","Motricit\u00e9","Parents"],"articleSection":["\u00c0 la une"],"inLanguage":"fr-FR","potentialAction":[{"@type":"CommentAction","name":"Comment","target":["https:\/\/bart-et-lemy.com\/blog\/a-la-une\/eveil-corporel-du-bebe-les-cles-pour-un-developpement-harmonieux\/#respond"]}]},{"@type":"WebPage","@id":"https:\/\/bart-et-lemy.com\/blog\/a-la-une\/eveil-corporel-du-bebe-les-cles-pour-un-developpement-harmonieux\/","url":"https:\/\/bart-et-lemy.com\/blog\/a-la-une\/eveil-corporel-du-bebe-les-cles-pour-un-developpement-harmonieux\/","name":"\u00c9veil corporel du b\u00e9b\u00e9","isPartOf":{"@id":"https:\/\/bart-et-lemy.com\/blog\/#website"},"primaryImageOfPage":{"@id":"https:\/\/bart-et-lemy.com\/blog\/a-la-une\/eveil-corporel-du-bebe-les-cles-pour-un-developpement-harmonieux\/#primaryimage"},"image":{"@id":"https:\/\/bart-et-lemy.com\/blog\/a-la-une\/eveil-corporel-du-bebe-les-cles-pour-un-developpement-harmonieux\/#primaryimage"},"thumbnailUrl":"https:\/\/bart-et-lemy.com\/blog\/wp-content\/uploads\/2025\/03\/sdxl-fd6d1b7eaa12b3abcdb6648a5c3da15b.png","datePublished":"2025-03-05T15:59:00+00:00","description":"L\u2019\u00e9veil corporel, qui englobe l\u2019ensemble des d\u00e9couvertes sensorielles et motrices, joue un r\u00f4le fondamental.","inLanguage":"fr-FR","potentialAction":[{"@type":"ReadAction","target":["https:\/\/bart-et-lemy.com\/blog\/a-la-une\/eveil-corporel-du-bebe-les-cles-pour-un-developpement-harmonieux\/"]}]},{"@type":"ImageObject","inLanguage":"fr-FR","@id":"https:\/\/bart-et-lemy.com\/blog\/a-la-une\/eveil-corporel-du-bebe-les-cles-pour-un-developpement-harmonieux\/#primaryimage","url":"https:\/\/bart-et-lemy.com\/blog\/wp-content\/uploads\/2025\/03\/sdxl-fd6d1b7eaa12b3abcdb6648a5c3da15b.png","contentUrl":"https:\/\/bart-et-lemy.com\/blog\/wp-content\/uploads\/2025\/03\/sdxl-fd6d1b7eaa12b3abcdb6648a5c3da15b.png","width":1536,"height":640},{"@type":"WebSite","@id":"https:\/\/bart-et-lemy.com\/blog\/#website","url":"https:\/\/bart-et-lemy.com\/blog\/","name":"Bart et Lemy","description":"L\u2019originalit\u00e9 en toute libert\u00e9.","publisher":{"@id":"https:\/\/bart-et-lemy.com\/blog\/#organization"},"alternateName":"Conseils parentaux, astuces famille et bien-\u00eatre enfant","potentialAction":[{"@type":"SearchAction","target":{"@type":"EntryPoint","urlTemplate":"https:\/\/bart-et-lemy.com\/blog\/?s={search_term_string}"},"query-input":{"@type":"PropertyValueSpecification","valueRequired":true,"valueName":"search_term_string"}}],"inLanguage":"fr-FR"},{"@type":"Organization","@id":"https:\/\/bart-et-lemy.com\/blog\/#organization","name":"Bart et Lemy","alternateName":"bart-et-lemy.com","url":"https:\/\/bart-et-lemy.com\/blog\/","logo":{"@type":"ImageObject","inLanguage":"fr-FR","@id":"https:\/\/bart-et-lemy.com\/blog\/#\/schema\/logo\/image\/","url":"https:\/\/bart-et-lemy.com\/blog\/wp-content\/uploads\/2026\/07\/logo-auto.png","contentUrl":"https:\/\/bart-et-lemy.com\/blog\/wp-content\/uploads\/2026\/07\/logo-auto.png","width":1024,"height":1024,"caption":"Bart et Lemy"},"image":{"@id":"https:\/\/bart-et-lemy.com\/blog\/#\/schema\/logo\/image\/"}},{"@type":"Person","@id":"https:\/\/bart-et-lemy.com\/blog\/#\/schema\/person\/3c864cdc320801e3db34b663e7e3f816","name":"Elodie Mazeau","image":{"@type":"ImageObject","inLanguage":"fr-FR","@id":"https:\/\/bart-et-lemy.com\/blog\/wp-content\/uploads\/2026\/06\/persona_elodie-m-96x96.jpg","url":"https:\/\/bart-et-lemy.com\/blog\/wp-content\/uploads\/2026\/06\/persona_elodie-m-96x96.jpg","contentUrl":"https:\/\/bart-et-lemy.com\/blog\/wp-content\/uploads\/2026\/06\/persona_elodie-m-96x96.jpg","caption":"Elodie Mazeau"},"description":"J'\u00e9cris sur la parentalit\u00e9 telle qu'elle se vit vraiment, du premier biberon aux premi\u00e8res col\u00e8res. Mes sujets de pr\u00e9dilection couvrent le quotidien des familles : sommeil, alimentation, organisation, pu\u00e9riculture et ces petites gal\u00e8res que tout parent conna\u00eet. Depuis plusieurs ann\u00e9es, je m'attache \u00e0 proposer des rep\u00e8res concrets plut\u00f4t que des le\u00e7ons, parce que chaque famille trouve son propre \u00e9quilibre. Je v\u00e9rifie mes informations aupr\u00e8s de sources fiables, surtout d\u00e8s qu'on touche \u00e0 la sant\u00e9 ou \u00e0 la s\u00e9curit\u00e9 de l'enfant, et je pr\u00e9cise quand un avis professionnel s'impose. J'\u00e9vite soigneusement la culpabilisation : \u00eatre parent est d\u00e9j\u00e0 assez exigeant. Mon ton se veut complice et bienveillant, un peu comme une discussion entre parents qui se comprennent. L'id\u00e9e est d'all\u00e9ger la charge mentale en donnant des solutions simples et test\u00e9es.","sameAs":["https:\/\/elodiemazeau.fr\/"],"url":"https:\/\/bart-et-lemy.com\/blog\/auteur\/noname\/"}]}},"_links":{"self":[{"href":"https:\/\/bart-et-lemy.com\/blog\/wp-json\/wp\/v2\/posts\/8663","targetHints":{"allow":["GET"]}}],"collection":[{"href":"https:\/\/bart-et-lemy.com\/blog\/wp-json\/wp\/v2\/posts"}],"about":[{"href":"https:\/\/bart-et-lemy.com\/blog\/wp-json\/wp\/v2\/types\/post"}],"author":[{"embeddable":true,"href":"https:\/\/bart-et-lemy.com\/blog\/wp-json\/wp\/v2\/users\/34"}],"replies":[{"embeddable":true,"href":"https:\/\/bart-et-lemy.com\/blog\/wp-json\/wp\/v2\/comments?post=8663"}],"version-history":[{"count":1,"href":"https:\/\/bart-et-lemy.com\/blog\/wp-json\/wp\/v2\/posts\/8663\/revisions"}],"predecessor-version":[{"id":9844,"href":"https:\/\/bart-et-lemy.com\/blog\/wp-json\/wp\/v2\/posts\/8663\/revisions\/9844"}],"wp:featuredmedia":[{"embeddable":true,"href":"https:\/\/bart-et-lemy.com\/blog\/wp-json\/wp\/v2\/media\/9877"}],"wp:attachment":[{"href":"https:\/\/bart-et-lemy.com\/blog\/wp-json\/wp\/v2\/media?parent=8663"}],"wp:term":[{"taxonomy":"category","embeddable":true,"href":"https:\/\/bart-et-lemy.com\/blog\/wp-json\/wp\/v2\/categories?post=8663"},{"taxonomy":"post_tag","embeddable":true,"href":"https:\/\/bart-et-lemy.com\/blog\/wp-json\/wp\/v2\/tags?post=8663"}],"curies":[{"name":"wp","href":"https:\/\/api.w.org\/{rel}","templated":true}]}}