{"id":8684,"date":"2025-03-06T16:59:00","date_gmt":"2025-03-06T15:59:00","guid":{"rendered":"https:\/\/bart-et-lemy.com\/blog\/?p=8684"},"modified":"2025-02-10T16:48:46","modified_gmt":"2025-02-10T15:48:46","slug":"a-quel-age-un-bebe-commence-t-il-a-dire-son-prenom","status":"publish","type":"post","link":"https:\/\/bart-et-lemy.com\/blog\/a-la-une\/a-quel-age-un-bebe-commence-t-il-a-dire-son-prenom\/","title":{"rendered":"\u00c0 quel \u00e2ge un b\u00e9b\u00e9 commence-t-il \u00e0 dire son pr\u00e9nom ?"},"content":{"rendered":"<p>Parmi ces mots, le pr\u00e9nom occupe une place sp\u00e9ciale, car il repr\u00e9sente l&rsquo;identit\u00e9 m\u00eame de l&rsquo;enfant. Mais \u00e0 quel \u00e2ge un b\u00e9b\u00e9 commence-t-il \u00e0 prononcer son pr\u00e9nom ? Cette question intrigue beaucoup de familles.<\/p>\n<h2>Le d\u00e9veloppement du langage chez le b\u00e9b\u00e9<\/h2>\n<p>Comprendre le moment o\u00f9 un b\u00e9b\u00e9 commence \u00e0 dire son pr\u00e9nom n\u00e9cessite d&rsquo;explorer le d\u00e9veloppement du langage. G\u00e9n\u00e9ralement, les enfants commencent \u00e0 babiller d\u00e8s l&rsquo;\u00e2ge de 4 \u00e0 6 mois. \u00c0 cet \u00e2ge, ils exp\u00e9rimentent des sons et des syllabes, ce qui pose la premi\u00e8re pierre de leur apprentissage verbal.<\/p>\n<p>Vers l&rsquo;\u00e2ge de 10 \u00e0 12 mois, les b\u00e9b\u00e9s commencent \u00e0 imiter les sons et peuvent dire leur premier mot, souvent \u00ab maman \u00bb ou \u00ab papa \u00bb. \u00c0 ce stade, ils commencent \u00e0 reconna\u00eetre leur pr\u00e9nom, mais il est rare qu&rsquo;ils le prononcent. Cela arrive g\u00e9n\u00e9ralement entre 12 et 18 mois, lorsque leur vocabulaire s&rsquo;\u00e9largit.<\/p>\n<blockquote class=\"wp-embedded-content\" data-secret=\"SQpI9siyi8\"><p><a href=\"https:\/\/bart-et-lemy.com\/blog\/a-la-une\/les-couches-lavables-pour-bebe-un-choix-eco-responsable-et-economique\/\">Les couches lavables pour b\u00e9b\u00e9 : un choix \u00e9co-responsable et \u00e9conomique<\/a><\/p><\/blockquote>\n<p><iframe loading=\"lazy\" class=\"wp-embedded-content\" sandbox=\"allow-scripts\" security=\"restricted\" style=\"position: absolute; visibility: hidden;\" title=\"\u00ab\u00a0Les couches lavables pour b\u00e9b\u00e9 : un choix \u00e9co-responsable et \u00e9conomique\u00a0\u00bb &#8212; bart-et-lemy.com\" src=\"https:\/\/bart-et-lemy.com\/blog\/a-la-une\/les-couches-lavables-pour-bebe-un-choix-eco-responsable-et-economique\/embed\/#?secret=GjqDfyAizv#?secret=SQpI9siyi8\" data-secret=\"SQpI9siyi8\" width=\"600\" height=\"338\" frameborder=\"0\" marginwidth=\"0\" marginheight=\"0\" scrolling=\"no\"><\/iframe><\/p>\n<h2>\u00c0 quel \u00e2ge b\u00e9b\u00e9 dit-il son pr\u00e9nom ?<\/h2>\n<p>En moyenne, un enfant commence \u00e0 dire son pr\u00e9nom entre 18 et 24 mois. Cela d\u00e9pend de plusieurs facteurs, notamment l&rsquo;environnement linguistique et l&rsquo;interaction avec les adultes. Un enfant expos\u00e9 \u00e0 une communication riche et vari\u00e9e pourra souvent apprendre plus rapidement \u00e0 reconna\u00eetre et \u00e0 prononcer son pr\u00e9nom.<\/p>\n<p>Il est important de favoriser un environnement linguistique stimulant. Par exemple, lorsque vous parlez \u00e0 votre enfant, utilisez souvent son pr\u00e9nom. Cela lui permet de l&rsquo;associer \u00e0 son identit\u00e9. Les jeux d&rsquo;imitation et les interactions r\u00e9guli\u00e8res sont \u00e9galement b\u00e9n\u00e9fiques. Voici quelques conseils pour encourager votre enfant \u00e0 dire son pr\u00e9nom :<\/p>\n<ul>\n<li>Utilisez son pr\u00e9nom fr\u00e9quemment dans la conversation.<\/li>\n<li>Participez \u00e0 des jeux o\u00f9 il doit r\u00e9p\u00e9ter son pr\u00e9nom.<\/li>\n<li>Chantez des chansons en int\u00e9grant son pr\u00e9nom.<\/li>\n<\/ul>\n<h2>Les variations selon les enfants<\/h2>\n<p>Chaque enfant est unique et \u00e9volue \u00e0 son propre rythme. Certains enfants diront leur pr\u00e9nom plus t\u00f4t que d&rsquo;autres. Des \u00e9tudes montrent que les facteurs g\u00e9n\u00e9tiques, l&rsquo;environnement familial et m\u00eame la personnalit\u00e9 de l&rsquo;enfant jouent un r\u00f4le crucial dans le d\u00e9veloppement du langage.<\/p>\n<blockquote class=\"wp-embedded-content\" data-secret=\"3PEV2kdoDt\"><p><a href=\"https:\/\/bart-et-lemy.com\/blog\/a-la-une\/le-lien-precieux-entre-bebe-et-maman-une-aventure-unique\/\">Le lien pr\u00e9cieux entre b\u00e9b\u00e9 et maman : une aventure unique<\/a><\/p><\/blockquote>\n<p><iframe loading=\"lazy\" class=\"wp-embedded-content\" sandbox=\"allow-scripts\" security=\"restricted\" style=\"position: absolute; visibility: hidden;\" title=\"\u00ab\u00a0Le lien pr\u00e9cieux entre b\u00e9b\u00e9 et maman : une aventure unique\u00a0\u00bb &#8212; bart-et-lemy.com\" src=\"https:\/\/bart-et-lemy.com\/blog\/a-la-une\/le-lien-precieux-entre-bebe-et-maman-une-aventure-unique\/embed\/#?secret=XSnaiC92gW#?secret=3PEV2kdoDt\" data-secret=\"3PEV2kdoDt\" width=\"600\" height=\"338\" frameborder=\"0\" marginwidth=\"0\" marginheight=\"0\" scrolling=\"no\"><\/iframe><\/p>\n<p>En outre, les enfants qui interagissent avec plusieurs langues peuvent prendre plus de temps avant de prononcer leur pr\u00e9nom. Cela ne signifie pas qu&rsquo;il y a un retard, mais plut\u00f4t qu&rsquo;ils apprennent \u00e0 naviguer entre plusieurs syst\u00e8mes linguistiques. Il est essentiel de ne pas comparer les progr\u00e8s de votre enfant \u00e0 ceux des autres, car chaque parcours est singulier.<\/p>\n<h2>Impact \u00e9motionnel et social<\/h2>\n<p>Le moment o\u00f9 un enfant commence \u00e0 prononcer son pr\u00e9nom rev\u00eat une importance \u00e9motionnelle et sociale. En disant leur pr\u00e9nom, les enfants se sentent reconnus et valoris\u00e9s. Cela renforce leur estime de soi et leur sentiment d&rsquo;appartenance \u00e0 leur famille.<\/p>\n<blockquote>\n<p>\u00ab Les premiers mots d&rsquo;un enfant sont comme des cl\u00e9s qui ouvrent la porte \u00e0 un monde de communication. \u00bb<\/p>\n<\/blockquote>\n<p>Il est essentiel de c\u00e9l\u00e9brer ces moments. Quand un enfant prononce son pr\u00e9nom, cela m\u00e9rite d&rsquo;\u00eatre encourag\u00e9 et applaudi. Cela renforce leur motivation \u00e0 continuer \u00e0 parler et \u00e0 interagir avec les autres.<\/p>\n<h2>Tableau r\u00e9capitulatif du d\u00e9veloppement du langage<\/h2>\n<table>\n<tr>\n<th>\u00c2ge<\/th>\n<th>\u00c9tape de d\u00e9veloppement<\/th>\n<th>Remarques<\/th>\n<\/tr>\n<tr>\n<td>0-6 mois<\/td>\n<td>Babillage<\/td>\n<td>Exploration des sons<\/td>\n<\/tr>\n<tr>\n<td>10-12 mois<\/td>\n<td>Premiers mots<\/td>\n<td>Imitation des sons<\/td>\n<\/tr>\n<tr>\n<td>18-24 mois<\/td>\n<td>Prononciation du pr\u00e9nom<\/td>\n<td>Reconnaissance de l&rsquo;identit\u00e9<\/td>\n<\/tr>\n<\/table>\n<h3>FAQ :<\/h3>\n<blockquote>\n<ul>\n<li><strong>\u00c0 quel \u00e2ge un b\u00e9b\u00e9 commence-t-il \u00e0 parler ?<\/strong>Les b\u00e9b\u00e9s commencent \u00e0 prononcer leurs premiers mots entre 10 et 12 mois.<\/li>\n<li><strong>Mon enfant ne dit pas encore son pr\u00e9nom, est-ce normal ?<\/strong>Oui, chaque enfant se d\u00e9veloppe \u00e0 son propre rythme. Cela peut varier.<\/li>\n<li><strong>Comment encourager mon enfant \u00e0 dire son pr\u00e9nom ?<\/strong>Utilisez son pr\u00e9nom souvent et engagez-le dans des jeux linguistiques.<\/li>\n<li><strong>Les jumeaux parlent-ils \u00e0 des \u00e2ges diff\u00e9rents ?<\/strong>Oui, m\u00eame dans le cas des jumeaux, le d\u00e9veloppement peut varier.<\/li>\n<\/ul>\n<\/blockquote>\n<p>En conclusion, chaque enfant est unique. Le chemin vers la parole, et en particulier la prononciation de son pr\u00e9nom, est un moment sp\u00e9cial qui m\u00e9rite d&rsquo;\u00eatre c\u00e9l\u00e9br\u00e9. Stimulez leur environnement verbal et encouragez chaque petite avanc\u00e9e, car chaque mot prononc\u00e9 est une victoire en soi.<\/p>\n","protected":false},"excerpt":{"rendered":"","protected":false},"author":34,"featured_media":9897,"comment_status":"open","ping_status":"open","sticky":false,"template":"","format":"standard","meta":{"_acf_changed":false,"manual_indexmenow":false,"indexmenow_id_project":0,"footnotes":""},"categories":[1],"tags":[4590,5444,4805,5633,5632,5631],"class_list":["post-8684","post","type-post","status-publish","format-standard","has-post-thumbnail","hentry","category-a-la-une","tag-bebe","tag-communication","tag-developpement","tag-identite","tag-langage","tag-prenom","generate-columns","tablet-grid-50","mobile-grid-100","grid-parent","grid-25"],"acf":[],"yoast_head":"<!-- This site is optimized with the Yoast SEO Premium plugin v21.3 (Yoast SEO v27.3) - https:\/\/yoast.com\/product\/yoast-seo-premium-wordpress\/ -->\n<title>\u00c0 quel \u00e2ge un b\u00e9b\u00e9 commence-t-il \u00e0 dire son pr\u00e9nom ?<\/title>\n<meta name=\"description\" content=\"Parmi ces mots, le pr\u00e9nom occupe une place sp\u00e9ciale, car il repr\u00e9sente l&#039;identit\u00e9 m\u00eame de l&#039;enfant.\" \/>\n<meta name=\"robots\" content=\"index, follow, max-snippet:-1, max-image-preview:large, max-video-preview:-1\" \/>\n<link rel=\"canonical\" href=\"https:\/\/bart-et-lemy.com\/blog\/a-la-une\/a-quel-age-un-bebe-commence-t-il-a-dire-son-prenom\/\" \/>\n<meta property=\"og:locale\" content=\"fr_FR\" \/>\n<meta property=\"og:type\" content=\"article\" \/>\n<meta property=\"og:title\" content=\"\u00c0 quel \u00e2ge un b\u00e9b\u00e9 commence-t-il \u00e0 dire son pr\u00e9nom ?\" \/>\n<meta property=\"og:description\" content=\"Parmi ces mots, le pr\u00e9nom occupe une place sp\u00e9ciale, car il repr\u00e9sente l&#039;identit\u00e9 m\u00eame de l&#039;enfant.\" \/>\n<meta property=\"og:url\" content=\"https:\/\/bart-et-lemy.com\/blog\/a-la-une\/a-quel-age-un-bebe-commence-t-il-a-dire-son-prenom\/\" \/>\n<meta property=\"og:site_name\" content=\"bart-et-lemy.com\" \/>\n<meta property=\"og:image\" content=\"https:\/\/bart-et-lemy.com\/blog\/wp-content\/uploads\/2025\/03\/sdxl-8165895a397d996d1176161f3421322a.png\" \/>\n\t<meta property=\"og:image:width\" content=\"1536\" \/>\n\t<meta property=\"og:image:height\" content=\"640\" \/>\n\t<meta property=\"og:image:type\" content=\"image\/png\" \/>\n<meta name=\"author\" content=\"Elodie Mazeau\" \/>\n<meta name=\"twitter:card\" content=\"summary_large_image\" \/>\n<script type=\"application\/ld+json\" class=\"yoast-schema-graph\">{\"@context\":\"https:\\\/\\\/schema.org\",\"@graph\":[{\"@type\":\"NewsArticle\",\"@id\":\"https:\\\/\\\/bart-et-lemy.com\\\/blog\\\/a-la-une\\\/a-quel-age-un-bebe-commence-t-il-a-dire-son-prenom\\\/#article\",\"isPartOf\":{\"@id\":\"https:\\\/\\\/bart-et-lemy.com\\\/blog\\\/a-la-une\\\/a-quel-age-un-bebe-commence-t-il-a-dire-son-prenom\\\/\"},\"author\":{\"name\":\"Elodie Mazeau\",\"@id\":\"https:\\\/\\\/bart-et-lemy.com\\\/blog\\\/#\\\/schema\\\/person\\\/3c864cdc320801e3db34b663e7e3f816\"},\"headline\":\"\u00c0 quel \u00e2ge un b\u00e9b\u00e9 commence-t-il \u00e0 dire son pr\u00e9nom ?\",\"datePublished\":\"2025-03-06T15:59:00+00:00\",\"mainEntityOfPage\":{\"@id\":\"https:\\\/\\\/bart-et-lemy.com\\\/blog\\\/a-la-une\\\/a-quel-age-un-bebe-commence-t-il-a-dire-son-prenom\\\/\"},\"wordCount\":712,\"commentCount\":24,\"publisher\":{\"@id\":\"https:\\\/\\\/bart-et-lemy.com\\\/blog\\\/#organization\"},\"image\":{\"@id\":\"https:\\\/\\\/bart-et-lemy.com\\\/blog\\\/a-la-une\\\/a-quel-age-un-bebe-commence-t-il-a-dire-son-prenom\\\/#primaryimage\"},\"thumbnailUrl\":\"https:\\\/\\\/bart-et-lemy.com\\\/blog\\\/wp-content\\\/uploads\\\/2025\\\/03\\\/sdxl-8165895a397d996d1176161f3421322a.png\",\"keywords\":[\"B\u00e9b\u00e9\",\"Communication\",\"D\u00e9veloppement\",\"Identit\u00e9\",\"Langage\",\"Pr\u00e9nom\"],\"articleSection\":[\"\u00c0 la une\"],\"inLanguage\":\"fr-FR\",\"potentialAction\":[{\"@type\":\"CommentAction\",\"name\":\"Comment\",\"target\":[\"https:\\\/\\\/bart-et-lemy.com\\\/blog\\\/a-la-une\\\/a-quel-age-un-bebe-commence-t-il-a-dire-son-prenom\\\/#respond\"]}]},{\"@type\":\"WebPage\",\"@id\":\"https:\\\/\\\/bart-et-lemy.com\\\/blog\\\/a-la-une\\\/a-quel-age-un-bebe-commence-t-il-a-dire-son-prenom\\\/\",\"url\":\"https:\\\/\\\/bart-et-lemy.com\\\/blog\\\/a-la-une\\\/a-quel-age-un-bebe-commence-t-il-a-dire-son-prenom\\\/\",\"name\":\"\u00c0 quel \u00e2ge un b\u00e9b\u00e9 commence-t-il \u00e0 dire son pr\u00e9nom ?\",\"isPartOf\":{\"@id\":\"https:\\\/\\\/bart-et-lemy.com\\\/blog\\\/#website\"},\"primaryImageOfPage\":{\"@id\":\"https:\\\/\\\/bart-et-lemy.com\\\/blog\\\/a-la-une\\\/a-quel-age-un-bebe-commence-t-il-a-dire-son-prenom\\\/#primaryimage\"},\"image\":{\"@id\":\"https:\\\/\\\/bart-et-lemy.com\\\/blog\\\/a-la-une\\\/a-quel-age-un-bebe-commence-t-il-a-dire-son-prenom\\\/#primaryimage\"},\"thumbnailUrl\":\"https:\\\/\\\/bart-et-lemy.com\\\/blog\\\/wp-content\\\/uploads\\\/2025\\\/03\\\/sdxl-8165895a397d996d1176161f3421322a.png\",\"datePublished\":\"2025-03-06T15:59:00+00:00\",\"description\":\"Parmi ces mots, le pr\u00e9nom occupe une place sp\u00e9ciale, car il repr\u00e9sente l'identit\u00e9 m\u00eame de l'enfant.\",\"inLanguage\":\"fr-FR\",\"potentialAction\":[{\"@type\":\"ReadAction\",\"target\":[\"https:\\\/\\\/bart-et-lemy.com\\\/blog\\\/a-la-une\\\/a-quel-age-un-bebe-commence-t-il-a-dire-son-prenom\\\/\"]}]},{\"@type\":\"ImageObject\",\"inLanguage\":\"fr-FR\",\"@id\":\"https:\\\/\\\/bart-et-lemy.com\\\/blog\\\/a-la-une\\\/a-quel-age-un-bebe-commence-t-il-a-dire-son-prenom\\\/#primaryimage\",\"url\":\"https:\\\/\\\/bart-et-lemy.com\\\/blog\\\/wp-content\\\/uploads\\\/2025\\\/03\\\/sdxl-8165895a397d996d1176161f3421322a.png\",\"contentUrl\":\"https:\\\/\\\/bart-et-lemy.com\\\/blog\\\/wp-content\\\/uploads\\\/2025\\\/03\\\/sdxl-8165895a397d996d1176161f3421322a.png\",\"width\":1536,\"height\":640},{\"@type\":\"WebSite\",\"@id\":\"https:\\\/\\\/bart-et-lemy.com\\\/blog\\\/#website\",\"url\":\"https:\\\/\\\/bart-et-lemy.com\\\/blog\\\/\",\"name\":\"Bart et Lemy\",\"description\":\"L\u2019originalit\u00e9 en toute libert\u00e9.\",\"publisher\":{\"@id\":\"https:\\\/\\\/bart-et-lemy.com\\\/blog\\\/#organization\"},\"alternateName\":\"Conseils parentaux, astuces famille et bien-\u00eatre enfant\",\"potentialAction\":[{\"@type\":\"SearchAction\",\"target\":{\"@type\":\"EntryPoint\",\"urlTemplate\":\"https:\\\/\\\/bart-et-lemy.com\\\/blog\\\/?s={search_term_string}\"},\"query-input\":{\"@type\":\"PropertyValueSpecification\",\"valueRequired\":true,\"valueName\":\"search_term_string\"}}],\"inLanguage\":\"fr-FR\"},{\"@type\":\"Organization\",\"@id\":\"https:\\\/\\\/bart-et-lemy.com\\\/blog\\\/#organization\",\"name\":\"Bart et Lemy\",\"alternateName\":\"bart-et-lemy.com\",\"url\":\"https:\\\/\\\/bart-et-lemy.com\\\/blog\\\/\",\"logo\":{\"@type\":\"ImageObject\",\"inLanguage\":\"fr-FR\",\"@id\":\"https:\\\/\\\/bart-et-lemy.com\\\/blog\\\/#\\\/schema\\\/logo\\\/image\\\/\",\"url\":\"https:\\\/\\\/bart-et-lemy.com\\\/blog\\\/wp-content\\\/uploads\\\/2026\\\/07\\\/logo-auto.png\",\"contentUrl\":\"https:\\\/\\\/bart-et-lemy.com\\\/blog\\\/wp-content\\\/uploads\\\/2026\\\/07\\\/logo-auto.png\",\"width\":1024,\"height\":1024,\"caption\":\"Bart et Lemy\"},\"image\":{\"@id\":\"https:\\\/\\\/bart-et-lemy.com\\\/blog\\\/#\\\/schema\\\/logo\\\/image\\\/\"}},{\"@type\":\"Person\",\"@id\":\"https:\\\/\\\/bart-et-lemy.com\\\/blog\\\/#\\\/schema\\\/person\\\/3c864cdc320801e3db34b663e7e3f816\",\"name\":\"Elodie Mazeau\",\"image\":{\"@type\":\"ImageObject\",\"inLanguage\":\"fr-FR\",\"@id\":\"https:\\\/\\\/bart-et-lemy.com\\\/blog\\\/wp-content\\\/uploads\\\/2026\\\/06\\\/persona_elodie-m-96x96.jpg\",\"url\":\"https:\\\/\\\/bart-et-lemy.com\\\/blog\\\/wp-content\\\/uploads\\\/2026\\\/06\\\/persona_elodie-m-96x96.jpg\",\"contentUrl\":\"https:\\\/\\\/bart-et-lemy.com\\\/blog\\\/wp-content\\\/uploads\\\/2026\\\/06\\\/persona_elodie-m-96x96.jpg\",\"caption\":\"Elodie Mazeau\"},\"description\":\"J'\u00e9cris sur la parentalit\u00e9 telle qu'elle se vit vraiment, du premier biberon aux premi\u00e8res col\u00e8res. Mes sujets de pr\u00e9dilection couvrent le quotidien des familles : sommeil, alimentation, organisation, pu\u00e9riculture et ces petites gal\u00e8res que tout parent conna\u00eet. Depuis plusieurs ann\u00e9es, je m'attache \u00e0 proposer des rep\u00e8res concrets plut\u00f4t que des le\u00e7ons, parce que chaque famille trouve son propre \u00e9quilibre. Je v\u00e9rifie mes informations aupr\u00e8s de sources fiables, surtout d\u00e8s qu'on touche \u00e0 la sant\u00e9 ou \u00e0 la s\u00e9curit\u00e9 de l'enfant, et je pr\u00e9cise quand un avis professionnel s'impose. J'\u00e9vite soigneusement la culpabilisation : \u00eatre parent est d\u00e9j\u00e0 assez exigeant. Mon ton se veut complice et bienveillant, un peu comme une discussion entre parents qui se comprennent. L'id\u00e9e est d'all\u00e9ger la charge mentale en donnant des solutions simples et test\u00e9es.\",\"sameAs\":[\"https:\\\/\\\/elodiemazeau.fr\\\/\"],\"url\":\"https:\\\/\\\/bart-et-lemy.com\\\/blog\\\/auteur\\\/noname\\\/\"}]}<\/script>\n<!-- \/ Yoast SEO Premium plugin. -->","yoast_head_json":{"title":"\u00c0 quel \u00e2ge un b\u00e9b\u00e9 commence-t-il \u00e0 dire son pr\u00e9nom ?","description":"Parmi ces mots, le pr\u00e9nom occupe une place sp\u00e9ciale, car il repr\u00e9sente l'identit\u00e9 m\u00eame de l'enfant.","robots":{"index":"index","follow":"follow","max-snippet":"max-snippet:-1","max-image-preview":"max-image-preview:large","max-video-preview":"max-video-preview:-1"},"canonical":"https:\/\/bart-et-lemy.com\/blog\/a-la-une\/a-quel-age-un-bebe-commence-t-il-a-dire-son-prenom\/","og_locale":"fr_FR","og_type":"article","og_title":"\u00c0 quel \u00e2ge un b\u00e9b\u00e9 commence-t-il \u00e0 dire son pr\u00e9nom ?","og_description":"Parmi ces mots, le pr\u00e9nom occupe une place sp\u00e9ciale, car il repr\u00e9sente l'identit\u00e9 m\u00eame de l'enfant.","og_url":"https:\/\/bart-et-lemy.com\/blog\/a-la-une\/a-quel-age-un-bebe-commence-t-il-a-dire-son-prenom\/","og_site_name":"bart-et-lemy.com","og_image":[{"width":1536,"height":640,"url":"https:\/\/bart-et-lemy.com\/blog\/wp-content\/uploads\/2025\/03\/sdxl-8165895a397d996d1176161f3421322a.png","type":"image\/png"}],"author":"Elodie Mazeau","twitter_card":"summary_large_image","schema":{"@context":"https:\/\/schema.org","@graph":[{"@type":"NewsArticle","@id":"https:\/\/bart-et-lemy.com\/blog\/a-la-une\/a-quel-age-un-bebe-commence-t-il-a-dire-son-prenom\/#article","isPartOf":{"@id":"https:\/\/bart-et-lemy.com\/blog\/a-la-une\/a-quel-age-un-bebe-commence-t-il-a-dire-son-prenom\/"},"author":{"name":"Elodie Mazeau","@id":"https:\/\/bart-et-lemy.com\/blog\/#\/schema\/person\/3c864cdc320801e3db34b663e7e3f816"},"headline":"\u00c0 quel \u00e2ge un b\u00e9b\u00e9 commence-t-il \u00e0 dire son pr\u00e9nom ?","datePublished":"2025-03-06T15:59:00+00:00","mainEntityOfPage":{"@id":"https:\/\/bart-et-lemy.com\/blog\/a-la-une\/a-quel-age-un-bebe-commence-t-il-a-dire-son-prenom\/"},"wordCount":712,"commentCount":24,"publisher":{"@id":"https:\/\/bart-et-lemy.com\/blog\/#organization"},"image":{"@id":"https:\/\/bart-et-lemy.com\/blog\/a-la-une\/a-quel-age-un-bebe-commence-t-il-a-dire-son-prenom\/#primaryimage"},"thumbnailUrl":"https:\/\/bart-et-lemy.com\/blog\/wp-content\/uploads\/2025\/03\/sdxl-8165895a397d996d1176161f3421322a.png","keywords":["B\u00e9b\u00e9","Communication","D\u00e9veloppement","Identit\u00e9","Langage","Pr\u00e9nom"],"articleSection":["\u00c0 la une"],"inLanguage":"fr-FR","potentialAction":[{"@type":"CommentAction","name":"Comment","target":["https:\/\/bart-et-lemy.com\/blog\/a-la-une\/a-quel-age-un-bebe-commence-t-il-a-dire-son-prenom\/#respond"]}]},{"@type":"WebPage","@id":"https:\/\/bart-et-lemy.com\/blog\/a-la-une\/a-quel-age-un-bebe-commence-t-il-a-dire-son-prenom\/","url":"https:\/\/bart-et-lemy.com\/blog\/a-la-une\/a-quel-age-un-bebe-commence-t-il-a-dire-son-prenom\/","name":"\u00c0 quel \u00e2ge un b\u00e9b\u00e9 commence-t-il \u00e0 dire son pr\u00e9nom ?","isPartOf":{"@id":"https:\/\/bart-et-lemy.com\/blog\/#website"},"primaryImageOfPage":{"@id":"https:\/\/bart-et-lemy.com\/blog\/a-la-une\/a-quel-age-un-bebe-commence-t-il-a-dire-son-prenom\/#primaryimage"},"image":{"@id":"https:\/\/bart-et-lemy.com\/blog\/a-la-une\/a-quel-age-un-bebe-commence-t-il-a-dire-son-prenom\/#primaryimage"},"thumbnailUrl":"https:\/\/bart-et-lemy.com\/blog\/wp-content\/uploads\/2025\/03\/sdxl-8165895a397d996d1176161f3421322a.png","datePublished":"2025-03-06T15:59:00+00:00","description":"Parmi ces mots, le pr\u00e9nom occupe une place sp\u00e9ciale, car il repr\u00e9sente l'identit\u00e9 m\u00eame de l'enfant.","inLanguage":"fr-FR","potentialAction":[{"@type":"ReadAction","target":["https:\/\/bart-et-lemy.com\/blog\/a-la-une\/a-quel-age-un-bebe-commence-t-il-a-dire-son-prenom\/"]}]},{"@type":"ImageObject","inLanguage":"fr-FR","@id":"https:\/\/bart-et-lemy.com\/blog\/a-la-une\/a-quel-age-un-bebe-commence-t-il-a-dire-son-prenom\/#primaryimage","url":"https:\/\/bart-et-lemy.com\/blog\/wp-content\/uploads\/2025\/03\/sdxl-8165895a397d996d1176161f3421322a.png","contentUrl":"https:\/\/bart-et-lemy.com\/blog\/wp-content\/uploads\/2025\/03\/sdxl-8165895a397d996d1176161f3421322a.png","width":1536,"height":640},{"@type":"WebSite","@id":"https:\/\/bart-et-lemy.com\/blog\/#website","url":"https:\/\/bart-et-lemy.com\/blog\/","name":"Bart et Lemy","description":"L\u2019originalit\u00e9 en toute libert\u00e9.","publisher":{"@id":"https:\/\/bart-et-lemy.com\/blog\/#organization"},"alternateName":"Conseils parentaux, astuces famille et bien-\u00eatre enfant","potentialAction":[{"@type":"SearchAction","target":{"@type":"EntryPoint","urlTemplate":"https:\/\/bart-et-lemy.com\/blog\/?s={search_term_string}"},"query-input":{"@type":"PropertyValueSpecification","valueRequired":true,"valueName":"search_term_string"}}],"inLanguage":"fr-FR"},{"@type":"Organization","@id":"https:\/\/bart-et-lemy.com\/blog\/#organization","name":"Bart et Lemy","alternateName":"bart-et-lemy.com","url":"https:\/\/bart-et-lemy.com\/blog\/","logo":{"@type":"ImageObject","inLanguage":"fr-FR","@id":"https:\/\/bart-et-lemy.com\/blog\/#\/schema\/logo\/image\/","url":"https:\/\/bart-et-lemy.com\/blog\/wp-content\/uploads\/2026\/07\/logo-auto.png","contentUrl":"https:\/\/bart-et-lemy.com\/blog\/wp-content\/uploads\/2026\/07\/logo-auto.png","width":1024,"height":1024,"caption":"Bart et Lemy"},"image":{"@id":"https:\/\/bart-et-lemy.com\/blog\/#\/schema\/logo\/image\/"}},{"@type":"Person","@id":"https:\/\/bart-et-lemy.com\/blog\/#\/schema\/person\/3c864cdc320801e3db34b663e7e3f816","name":"Elodie Mazeau","image":{"@type":"ImageObject","inLanguage":"fr-FR","@id":"https:\/\/bart-et-lemy.com\/blog\/wp-content\/uploads\/2026\/06\/persona_elodie-m-96x96.jpg","url":"https:\/\/bart-et-lemy.com\/blog\/wp-content\/uploads\/2026\/06\/persona_elodie-m-96x96.jpg","contentUrl":"https:\/\/bart-et-lemy.com\/blog\/wp-content\/uploads\/2026\/06\/persona_elodie-m-96x96.jpg","caption":"Elodie Mazeau"},"description":"J'\u00e9cris sur la parentalit\u00e9 telle qu'elle se vit vraiment, du premier biberon aux premi\u00e8res col\u00e8res. Mes sujets de pr\u00e9dilection couvrent le quotidien des familles : sommeil, alimentation, organisation, pu\u00e9riculture et ces petites gal\u00e8res que tout parent conna\u00eet. Depuis plusieurs ann\u00e9es, je m'attache \u00e0 proposer des rep\u00e8res concrets plut\u00f4t que des le\u00e7ons, parce que chaque famille trouve son propre \u00e9quilibre. Je v\u00e9rifie mes informations aupr\u00e8s de sources fiables, surtout d\u00e8s qu'on touche \u00e0 la sant\u00e9 ou \u00e0 la s\u00e9curit\u00e9 de l'enfant, et je pr\u00e9cise quand un avis professionnel s'impose. J'\u00e9vite soigneusement la culpabilisation : \u00eatre parent est d\u00e9j\u00e0 assez exigeant. Mon ton se veut complice et bienveillant, un peu comme une discussion entre parents qui se comprennent. L'id\u00e9e est d'all\u00e9ger la charge mentale en donnant des solutions simples et test\u00e9es.","sameAs":["https:\/\/elodiemazeau.fr\/"],"url":"https:\/\/bart-et-lemy.com\/blog\/auteur\/noname\/"}]}},"_links":{"self":[{"href":"https:\/\/bart-et-lemy.com\/blog\/wp-json\/wp\/v2\/posts\/8684","targetHints":{"allow":["GET"]}}],"collection":[{"href":"https:\/\/bart-et-lemy.com\/blog\/wp-json\/wp\/v2\/posts"}],"about":[{"href":"https:\/\/bart-et-lemy.com\/blog\/wp-json\/wp\/v2\/types\/post"}],"author":[{"embeddable":true,"href":"https:\/\/bart-et-lemy.com\/blog\/wp-json\/wp\/v2\/users\/34"}],"replies":[{"embeddable":true,"href":"https:\/\/bart-et-lemy.com\/blog\/wp-json\/wp\/v2\/comments?post=8684"}],"version-history":[{"count":1,"href":"https:\/\/bart-et-lemy.com\/blog\/wp-json\/wp\/v2\/posts\/8684\/revisions"}],"predecessor-version":[{"id":9864,"href":"https:\/\/bart-et-lemy.com\/blog\/wp-json\/wp\/v2\/posts\/8684\/revisions\/9864"}],"wp:featuredmedia":[{"embeddable":true,"href":"https:\/\/bart-et-lemy.com\/blog\/wp-json\/wp\/v2\/media\/9897"}],"wp:attachment":[{"href":"https:\/\/bart-et-lemy.com\/blog\/wp-json\/wp\/v2\/media?parent=8684"}],"wp:term":[{"taxonomy":"category","embeddable":true,"href":"https:\/\/bart-et-lemy.com\/blog\/wp-json\/wp\/v2\/categories?post=8684"},{"taxonomy":"post_tag","embeddable":true,"href":"https:\/\/bart-et-lemy.com\/blog\/wp-json\/wp\/v2\/tags?post=8684"}],"curies":[{"name":"wp","href":"https:\/\/api.w.org\/{rel}","templated":true}]}}