{"id":8736,"date":"2025-03-24T18:19:00","date_gmt":"2025-03-24T17:19:00","guid":{"rendered":"https:\/\/bart-et-lemy.com\/blog\/?p=8736"},"modified":"2025-02-10T16:55:03","modified_gmt":"2025-02-10T15:55:03","slug":"capturer-les-instants-magiques-photographe-bebe-a-marseille","status":"publish","type":"post","link":"https:\/\/bart-et-lemy.com\/blog\/a-la-une\/capturer-les-instants-magiques-photographe-bebe-a-marseille\/","title":{"rendered":"Capturer les Instants Magiques : Photographe B\u00e9b\u00e9 \u00e0 Marseille"},"content":{"rendered":"<h2>Introduction : Pourquoi choisir un photographe b\u00e9b\u00e9 \u00e0 Marseille ?<\/h2>\n<p>Chaque instant pass\u00e9 avec un nouveau-n\u00e9 m\u00e9rite d&rsquo;\u00eatre immortalis\u00e9. Un photographe professionnel sp\u00e9cialis\u00e9 dans les b\u00e9b\u00e9s \u00e0 Marseille sait comment capturer ces moments pr\u00e9cieux avec sensibilit\u00e9 et cr\u00e9ativit\u00e9. En choisissant un photographe local, vous b\u00e9n\u00e9ficiez \u00e9galement d&rsquo;une connaissance approfondie des meilleurs lieux et ambiances de la ville.<\/p>\n<h2>Les avantages d&rsquo;un photographe professionnel<\/h2>\n<p>Faire appel \u00e0 un photographe b\u00e9b\u00e9 \u00e0 Marseille pr\u00e9sente plusieurs avantages ind\u00e9niables. Tout d&rsquo;abord, la qualit\u00e9 des images. Un photographe exp\u00e9riment\u00e9 utilise un \u00e9quipement de pointe et ma\u00eetrise les techniques n\u00e9cessaires pour obtenir des clich\u00e9s d&rsquo;une clart\u00e9 et d&rsquo;une beaut\u00e9 incomparables.<\/p>\n<blockquote class=\"wp-embedded-content\" data-secret=\"fk2QyeCm5Z\"><p><a href=\"https:\/\/bart-et-lemy.com\/blog\/a-la-une\/le-lien-precieux-entre-bebe-et-maman-une-aventure-unique\/\">Le lien pr\u00e9cieux entre b\u00e9b\u00e9 et maman : une aventure unique<\/a><\/p><\/blockquote>\n<p><iframe loading=\"lazy\" class=\"wp-embedded-content\" sandbox=\"allow-scripts\" security=\"restricted\" style=\"position: absolute; visibility: hidden;\" title=\"\u00ab\u00a0Le lien pr\u00e9cieux entre b\u00e9b\u00e9 et maman : une aventure unique\u00a0\u00bb &#8212; bart-et-lemy.com\" src=\"https:\/\/bart-et-lemy.com\/blog\/a-la-une\/le-lien-precieux-entre-bebe-et-maman-une-aventure-unique\/embed\/#?secret=c1MbfxuFXu#?secret=fk2QyeCm5Z\" data-secret=\"fk2QyeCm5Z\" width=\"600\" height=\"338\" frameborder=\"0\" marginwidth=\"0\" marginheight=\"0\" scrolling=\"no\"><\/iframe><\/p>\n<p>Ensuite, il y a l&rsquo;aspect de l&rsquo;exp\u00e9rience. Un photographe professionnel sait comment interagir avec les b\u00e9b\u00e9s et les parents. Il cr\u00e9e un environnement d\u00e9tendu pour que votre enfant se sente \u00e0 l&rsquo;aise, ce qui se traduit par des photos authentiques et \u00e9mouvantes.<\/p>\n<h2>Comment choisir le bon photographe b\u00e9b\u00e9 \u00e0 Marseille ?<\/h2>\n<p>Lorsque vous recherchez un photographe b\u00e9b\u00e9 \u00e0 Marseille, il est important de prendre en compte plusieurs crit\u00e8res :<\/p>\n<ul>\n<li><strong>Portefeuille d&rsquo;images<\/strong> : Examinez les portfolios en ligne pour \u00e9valuer le style et la qualit\u00e9 des photos.<\/li>\n<li><strong>Avis clients<\/strong> : Lisez les t\u00e9moignages d&rsquo;autres parents pour comprendre leur exp\u00e9rience.<\/li>\n<li><strong>Disponibilit\u00e9 et tarifs<\/strong> : V\u00e9rifiez les disponibilit\u00e9s du photographe et demandez un devis clair.<\/li>\n<\/ul>\n<p>Ces \u00e9l\u00e9ments vous aideront \u00e0 faire un choix \u00e9clair\u00e9 et \u00e0 trouver le photographe qui correspond le mieux \u00e0 vos attentes.<\/p>\n<blockquote class=\"wp-embedded-content\" data-secret=\"QopTIebusy\"><p><a href=\"https:\/\/bart-et-lemy.com\/blog\/a-la-une\/les-couches-lavables-pour-bebe-un-choix-eco-responsable-et-economique\/\">Les couches lavables pour b\u00e9b\u00e9 : un choix \u00e9co-responsable et \u00e9conomique<\/a><\/p><\/blockquote>\n<p><iframe loading=\"lazy\" class=\"wp-embedded-content\" sandbox=\"allow-scripts\" security=\"restricted\" style=\"position: absolute; visibility: hidden;\" title=\"\u00ab\u00a0Les couches lavables pour b\u00e9b\u00e9 : un choix \u00e9co-responsable et \u00e9conomique\u00a0\u00bb &#8212; bart-et-lemy.com\" src=\"https:\/\/bart-et-lemy.com\/blog\/a-la-une\/les-couches-lavables-pour-bebe-un-choix-eco-responsable-et-economique\/embed\/#?secret=iDpt27kFz9#?secret=QopTIebusy\" data-secret=\"QopTIebusy\" width=\"600\" height=\"338\" frameborder=\"0\" marginwidth=\"0\" marginheight=\"0\" scrolling=\"no\"><\/iframe><\/p>\n<h2>Les diff\u00e9rents styles de photographie pour b\u00e9b\u00e9<\/h2>\n<p>\u00c0 Marseille, les photographes offrent une vari\u00e9t\u00e9 de styles pour capturer la beaut\u00e9 des b\u00e9b\u00e9s. Voici quelques-uns des plus populaires :<\/p>\n<table>\n<tr>\n<th>Style de photographie<\/th>\n<th>Caract\u00e9ristiques<\/th>\n<th>Id\u00e9al pour<\/th>\n<\/tr>\n<tr>\n<td>Photographie en studio<\/td>\n<td>Contr\u00f4le total de la lumi\u00e8re et des accessoires<\/td>\n<td>Des portraits classiques et soign\u00e9s<\/td>\n<\/tr>\n<tr>\n<td>Photographie en ext\u00e9rieur<\/td>\n<td>Ambiances naturelles et lumi\u00e8re douce<\/td>\n<td>Des photos ludiques et spontan\u00e9es<\/td>\n<\/tr>\n<tr>\n<td>Photographie lifestyle<\/td>\n<td>Capturer des moments quotidiens, authentiques<\/td>\n<td>Des souvenirs de famille dans leur quotidien<\/td>\n<\/tr>\n<\/table>\n<h2>Pr\u00e9parer la s\u00e9ance photo : conseils pratiques<\/h2>\n<p>Pour que la s\u00e9ance photo soit r\u00e9ussie, voici quelques conseils pratiques :<\/p>\n<ul>\n<li><strong>Choix des v\u00eatements<\/strong> : Optez pour des tenues simples et confortables qui refl\u00e8tent votre style familial.<\/li>\n<li><strong>Horaire<\/strong> : Planifiez la s\u00e9ance en fonction des horaires de sommeil et de repas de votre b\u00e9b\u00e9.<\/li>\n<li><strong>Accessoires<\/strong> : Apportez des objets significatifs qui peuvent enrichir la s\u00e9ance, comme des jouets ou des couvertures.<\/li>\n<\/ul>\n<p>Ces pr\u00e9paratifs garantiront une exp\u00e9rience agr\u00e9able et des photos magnifiques.<\/p>\n<blockquote><p>\u00ab\u00a0Un bon photographe ne capture pas seulement une image, il saisit l&rsquo;essence d&rsquo;un moment.\u00a0\u00bb &#8211; Un parent satisfait<\/p><\/blockquote>\n<h3>FAQ :<\/h3>\n<blockquote>\n<ul>\n<li><strong>Quel est le meilleur moment pour planifier une s\u00e9ance photo pour mon b\u00e9b\u00e9 ?<\/strong>Il est recommand\u00e9 de r\u00e9aliser la s\u00e9ance entre 7 et 14 jours apr\u00e8s la naissance, lorsque le b\u00e9b\u00e9 dort beaucoup et se laisse facilement manipuler.<\/li>\n<li><strong>Combien de temps dure une s\u00e9ance photo ?<\/strong>Une s\u00e9ance photo pour b\u00e9b\u00e9 dure g\u00e9n\u00e9ralement entre 1 et 3 heures, en fonction du comportement du b\u00e9b\u00e9.<\/li>\n<li><strong>Les photos sont-elles retouch\u00e9es ?<\/strong>Oui, la plupart des photographes effectuent des retouches pour am\u00e9liorer la luminosit\u00e9 et les couleurs des images.<\/li>\n<li><strong>Pouvons-nous inclure des membres de la famille dans les photos ?<\/strong>Absolument, les photos de famille sont souvent tr\u00e8s appr\u00e9ci\u00e9es et ajoutent une touche personnelle.<\/li>\n<\/ul>\n<\/blockquote>\n","protected":false},"excerpt":{"rendered":"","protected":false},"author":34,"featured_media":10263,"comment_status":"open","ping_status":"open","sticky":false,"template":"","format":"standard","meta":{"_acf_changed":false,"manual_indexmenow":false,"indexmenow_id_project":0,"footnotes":""},"categories":[1],"tags":[4590,5650,5718,5203,4801,5719],"class_list":["post-8736","post","type-post","status-publish","format-standard","has-post-thumbnail","hentry","category-a-la-une","tag-bebe","tag-experience","tag-marseille","tag-photographe","tag-photographie","tag-seance","generate-columns","tablet-grid-50","mobile-grid-100","grid-parent","grid-25"],"acf":[],"yoast_head":"<!-- This site is optimized with the Yoast SEO Premium plugin v21.3 (Yoast SEO v27.3) - https:\/\/yoast.com\/product\/yoast-seo-premium-wordpress\/ -->\n<title>Capturer les Instants Magiques<\/title>\n<meta name=\"description\" content=\"Chaque instant pass\u00e9 avec un nouveau-n\u00e9 m\u00e9rite d&#039;\u00eatre immortalis\u00e9. Un photographe professionnel sp\u00e9cialis\u00e9 dans les b\u00e9b\u00e9s \u00e0 Marseille sait comment\u2026\" \/>\n<meta name=\"robots\" content=\"index, follow, max-snippet:-1, max-image-preview:large, max-video-preview:-1\" \/>\n<link rel=\"canonical\" href=\"https:\/\/bart-et-lemy.com\/blog\/a-la-une\/capturer-les-instants-magiques-photographe-bebe-a-marseille\/\" \/>\n<meta property=\"og:locale\" content=\"fr_FR\" \/>\n<meta property=\"og:type\" content=\"article\" \/>\n<meta property=\"og:title\" content=\"Capturer les Instants Magiques\" \/>\n<meta property=\"og:description\" content=\"Chaque instant pass\u00e9 avec un nouveau-n\u00e9 m\u00e9rite d&#039;\u00eatre immortalis\u00e9. Un photographe professionnel sp\u00e9cialis\u00e9 dans les b\u00e9b\u00e9s \u00e0 Marseille sait comment\u2026\" \/>\n<meta property=\"og:url\" content=\"https:\/\/bart-et-lemy.com\/blog\/a-la-une\/capturer-les-instants-magiques-photographe-bebe-a-marseille\/\" \/>\n<meta property=\"og:site_name\" content=\"bart-et-lemy.com\" \/>\n<meta property=\"og:image\" content=\"https:\/\/bart-et-lemy.com\/blog\/wp-content\/uploads\/2025\/04\/sdxl-76d5539094324adfa8a8eb26b45b41fd.png\" \/>\n\t<meta property=\"og:image:width\" content=\"1536\" \/>\n\t<meta property=\"og:image:height\" content=\"640\" \/>\n\t<meta property=\"og:image:type\" content=\"image\/png\" \/>\n<meta name=\"author\" content=\"Elodie Mazeau\" \/>\n<meta name=\"twitter:card\" content=\"summary_large_image\" \/>\n<script type=\"application\/ld+json\" class=\"yoast-schema-graph\">{\"@context\":\"https:\\\/\\\/schema.org\",\"@graph\":[{\"@type\":\"NewsArticle\",\"@id\":\"https:\\\/\\\/bart-et-lemy.com\\\/blog\\\/a-la-une\\\/capturer-les-instants-magiques-photographe-bebe-a-marseille\\\/#article\",\"isPartOf\":{\"@id\":\"https:\\\/\\\/bart-et-lemy.com\\\/blog\\\/a-la-une\\\/capturer-les-instants-magiques-photographe-bebe-a-marseille\\\/\"},\"author\":{\"name\":\"Elodie Mazeau\",\"@id\":\"https:\\\/\\\/bart-et-lemy.com\\\/blog\\\/#\\\/schema\\\/person\\\/3c864cdc320801e3db34b663e7e3f816\"},\"headline\":\"Capturer les Instants Magiques : Photographe B\u00e9b\u00e9 \u00e0 Marseille\",\"datePublished\":\"2025-03-24T17:19:00+00:00\",\"mainEntityOfPage\":{\"@id\":\"https:\\\/\\\/bart-et-lemy.com\\\/blog\\\/a-la-une\\\/capturer-les-instants-magiques-photographe-bebe-a-marseille\\\/\"},\"wordCount\":595,\"commentCount\":20,\"publisher\":{\"@id\":\"https:\\\/\\\/bart-et-lemy.com\\\/blog\\\/#organization\"},\"image\":{\"@id\":\"https:\\\/\\\/bart-et-lemy.com\\\/blog\\\/a-la-une\\\/capturer-les-instants-magiques-photographe-bebe-a-marseille\\\/#primaryimage\"},\"thumbnailUrl\":\"https:\\\/\\\/bart-et-lemy.com\\\/blog\\\/wp-content\\\/uploads\\\/2025\\\/04\\\/sdxl-76d5539094324adfa8a8eb26b45b41fd.png\",\"keywords\":[\"B\u00e9b\u00e9\",\"Exp\u00e9rience\",\"Marseille\",\"Photographe\",\"Photographie\",\"S\u00e9ance\"],\"articleSection\":[\"\u00c0 la une\"],\"inLanguage\":\"fr-FR\",\"potentialAction\":[{\"@type\":\"CommentAction\",\"name\":\"Comment\",\"target\":[\"https:\\\/\\\/bart-et-lemy.com\\\/blog\\\/a-la-une\\\/capturer-les-instants-magiques-photographe-bebe-a-marseille\\\/#respond\"]}]},{\"@type\":\"WebPage\",\"@id\":\"https:\\\/\\\/bart-et-lemy.com\\\/blog\\\/a-la-une\\\/capturer-les-instants-magiques-photographe-bebe-a-marseille\\\/\",\"url\":\"https:\\\/\\\/bart-et-lemy.com\\\/blog\\\/a-la-une\\\/capturer-les-instants-magiques-photographe-bebe-a-marseille\\\/\",\"name\":\"Capturer les Instants Magiques\",\"isPartOf\":{\"@id\":\"https:\\\/\\\/bart-et-lemy.com\\\/blog\\\/#website\"},\"primaryImageOfPage\":{\"@id\":\"https:\\\/\\\/bart-et-lemy.com\\\/blog\\\/a-la-une\\\/capturer-les-instants-magiques-photographe-bebe-a-marseille\\\/#primaryimage\"},\"image\":{\"@id\":\"https:\\\/\\\/bart-et-lemy.com\\\/blog\\\/a-la-une\\\/capturer-les-instants-magiques-photographe-bebe-a-marseille\\\/#primaryimage\"},\"thumbnailUrl\":\"https:\\\/\\\/bart-et-lemy.com\\\/blog\\\/wp-content\\\/uploads\\\/2025\\\/04\\\/sdxl-76d5539094324adfa8a8eb26b45b41fd.png\",\"datePublished\":\"2025-03-24T17:19:00+00:00\",\"description\":\"Chaque instant pass\u00e9 avec un nouveau-n\u00e9 m\u00e9rite d'\u00eatre immortalis\u00e9. Un photographe professionnel sp\u00e9cialis\u00e9 dans les b\u00e9b\u00e9s \u00e0 Marseille sait comment\u2026\",\"inLanguage\":\"fr-FR\",\"potentialAction\":[{\"@type\":\"ReadAction\",\"target\":[\"https:\\\/\\\/bart-et-lemy.com\\\/blog\\\/a-la-une\\\/capturer-les-instants-magiques-photographe-bebe-a-marseille\\\/\"]}]},{\"@type\":\"ImageObject\",\"inLanguage\":\"fr-FR\",\"@id\":\"https:\\\/\\\/bart-et-lemy.com\\\/blog\\\/a-la-une\\\/capturer-les-instants-magiques-photographe-bebe-a-marseille\\\/#primaryimage\",\"url\":\"https:\\\/\\\/bart-et-lemy.com\\\/blog\\\/wp-content\\\/uploads\\\/2025\\\/04\\\/sdxl-76d5539094324adfa8a8eb26b45b41fd.png\",\"contentUrl\":\"https:\\\/\\\/bart-et-lemy.com\\\/blog\\\/wp-content\\\/uploads\\\/2025\\\/04\\\/sdxl-76d5539094324adfa8a8eb26b45b41fd.png\",\"width\":1536,\"height\":640},{\"@type\":\"WebSite\",\"@id\":\"https:\\\/\\\/bart-et-lemy.com\\\/blog\\\/#website\",\"url\":\"https:\\\/\\\/bart-et-lemy.com\\\/blog\\\/\",\"name\":\"Bart et Lemy\",\"description\":\"L\u2019originalit\u00e9 en toute libert\u00e9.\",\"publisher\":{\"@id\":\"https:\\\/\\\/bart-et-lemy.com\\\/blog\\\/#organization\"},\"alternateName\":\"Conseils parentaux, astuces famille et bien-\u00eatre enfant\",\"potentialAction\":[{\"@type\":\"SearchAction\",\"target\":{\"@type\":\"EntryPoint\",\"urlTemplate\":\"https:\\\/\\\/bart-et-lemy.com\\\/blog\\\/?s={search_term_string}\"},\"query-input\":{\"@type\":\"PropertyValueSpecification\",\"valueRequired\":true,\"valueName\":\"search_term_string\"}}],\"inLanguage\":\"fr-FR\"},{\"@type\":\"Organization\",\"@id\":\"https:\\\/\\\/bart-et-lemy.com\\\/blog\\\/#organization\",\"name\":\"Bart et Lemy\",\"alternateName\":\"bart-et-lemy.com\",\"url\":\"https:\\\/\\\/bart-et-lemy.com\\\/blog\\\/\",\"logo\":{\"@type\":\"ImageObject\",\"inLanguage\":\"fr-FR\",\"@id\":\"https:\\\/\\\/bart-et-lemy.com\\\/blog\\\/#\\\/schema\\\/logo\\\/image\\\/\",\"url\":\"https:\\\/\\\/bart-et-lemy.com\\\/blog\\\/wp-content\\\/uploads\\\/2026\\\/07\\\/logo-auto.png\",\"contentUrl\":\"https:\\\/\\\/bart-et-lemy.com\\\/blog\\\/wp-content\\\/uploads\\\/2026\\\/07\\\/logo-auto.png\",\"width\":1024,\"height\":1024,\"caption\":\"Bart et Lemy\"},\"image\":{\"@id\":\"https:\\\/\\\/bart-et-lemy.com\\\/blog\\\/#\\\/schema\\\/logo\\\/image\\\/\"}},{\"@type\":\"Person\",\"@id\":\"https:\\\/\\\/bart-et-lemy.com\\\/blog\\\/#\\\/schema\\\/person\\\/3c864cdc320801e3db34b663e7e3f816\",\"name\":\"Elodie Mazeau\",\"image\":{\"@type\":\"ImageObject\",\"inLanguage\":\"fr-FR\",\"@id\":\"https:\\\/\\\/bart-et-lemy.com\\\/blog\\\/wp-content\\\/uploads\\\/2026\\\/06\\\/persona_elodie-m-96x96.jpg\",\"url\":\"https:\\\/\\\/bart-et-lemy.com\\\/blog\\\/wp-content\\\/uploads\\\/2026\\\/06\\\/persona_elodie-m-96x96.jpg\",\"contentUrl\":\"https:\\\/\\\/bart-et-lemy.com\\\/blog\\\/wp-content\\\/uploads\\\/2026\\\/06\\\/persona_elodie-m-96x96.jpg\",\"caption\":\"Elodie Mazeau\"},\"description\":\"J'\u00e9cris sur la parentalit\u00e9 telle qu'elle se vit vraiment, du premier biberon aux premi\u00e8res col\u00e8res. Mes sujets de pr\u00e9dilection couvrent le quotidien des familles : sommeil, alimentation, organisation, pu\u00e9riculture et ces petites gal\u00e8res que tout parent conna\u00eet. Depuis plusieurs ann\u00e9es, je m'attache \u00e0 proposer des rep\u00e8res concrets plut\u00f4t que des le\u00e7ons, parce que chaque famille trouve son propre \u00e9quilibre. Je v\u00e9rifie mes informations aupr\u00e8s de sources fiables, surtout d\u00e8s qu'on touche \u00e0 la sant\u00e9 ou \u00e0 la s\u00e9curit\u00e9 de l'enfant, et je pr\u00e9cise quand un avis professionnel s'impose. J'\u00e9vite soigneusement la culpabilisation : \u00eatre parent est d\u00e9j\u00e0 assez exigeant. Mon ton se veut complice et bienveillant, un peu comme une discussion entre parents qui se comprennent. L'id\u00e9e est d'all\u00e9ger la charge mentale en donnant des solutions simples et test\u00e9es.\",\"sameAs\":[\"https:\\\/\\\/elodiemazeau.fr\\\/\"],\"url\":\"https:\\\/\\\/bart-et-lemy.com\\\/blog\\\/auteur\\\/noname\\\/\"}]}<\/script>\n<!-- \/ Yoast SEO Premium plugin. -->","yoast_head_json":{"title":"Capturer les Instants Magiques","description":"Chaque instant pass\u00e9 avec un nouveau-n\u00e9 m\u00e9rite d'\u00eatre immortalis\u00e9. Un photographe professionnel sp\u00e9cialis\u00e9 dans les b\u00e9b\u00e9s \u00e0 Marseille sait comment\u2026","robots":{"index":"index","follow":"follow","max-snippet":"max-snippet:-1","max-image-preview":"max-image-preview:large","max-video-preview":"max-video-preview:-1"},"canonical":"https:\/\/bart-et-lemy.com\/blog\/a-la-une\/capturer-les-instants-magiques-photographe-bebe-a-marseille\/","og_locale":"fr_FR","og_type":"article","og_title":"Capturer les Instants Magiques","og_description":"Chaque instant pass\u00e9 avec un nouveau-n\u00e9 m\u00e9rite d'\u00eatre immortalis\u00e9. Un photographe professionnel sp\u00e9cialis\u00e9 dans les b\u00e9b\u00e9s \u00e0 Marseille sait comment\u2026","og_url":"https:\/\/bart-et-lemy.com\/blog\/a-la-une\/capturer-les-instants-magiques-photographe-bebe-a-marseille\/","og_site_name":"bart-et-lemy.com","og_image":[{"width":1536,"height":640,"url":"https:\/\/bart-et-lemy.com\/blog\/wp-content\/uploads\/2025\/04\/sdxl-76d5539094324adfa8a8eb26b45b41fd.png","type":"image\/png"}],"author":"Elodie Mazeau","twitter_card":"summary_large_image","schema":{"@context":"https:\/\/schema.org","@graph":[{"@type":"NewsArticle","@id":"https:\/\/bart-et-lemy.com\/blog\/a-la-une\/capturer-les-instants-magiques-photographe-bebe-a-marseille\/#article","isPartOf":{"@id":"https:\/\/bart-et-lemy.com\/blog\/a-la-une\/capturer-les-instants-magiques-photographe-bebe-a-marseille\/"},"author":{"name":"Elodie Mazeau","@id":"https:\/\/bart-et-lemy.com\/blog\/#\/schema\/person\/3c864cdc320801e3db34b663e7e3f816"},"headline":"Capturer les Instants Magiques : Photographe B\u00e9b\u00e9 \u00e0 Marseille","datePublished":"2025-03-24T17:19:00+00:00","mainEntityOfPage":{"@id":"https:\/\/bart-et-lemy.com\/blog\/a-la-une\/capturer-les-instants-magiques-photographe-bebe-a-marseille\/"},"wordCount":595,"commentCount":20,"publisher":{"@id":"https:\/\/bart-et-lemy.com\/blog\/#organization"},"image":{"@id":"https:\/\/bart-et-lemy.com\/blog\/a-la-une\/capturer-les-instants-magiques-photographe-bebe-a-marseille\/#primaryimage"},"thumbnailUrl":"https:\/\/bart-et-lemy.com\/blog\/wp-content\/uploads\/2025\/04\/sdxl-76d5539094324adfa8a8eb26b45b41fd.png","keywords":["B\u00e9b\u00e9","Exp\u00e9rience","Marseille","Photographe","Photographie","S\u00e9ance"],"articleSection":["\u00c0 la une"],"inLanguage":"fr-FR","potentialAction":[{"@type":"CommentAction","name":"Comment","target":["https:\/\/bart-et-lemy.com\/blog\/a-la-une\/capturer-les-instants-magiques-photographe-bebe-a-marseille\/#respond"]}]},{"@type":"WebPage","@id":"https:\/\/bart-et-lemy.com\/blog\/a-la-une\/capturer-les-instants-magiques-photographe-bebe-a-marseille\/","url":"https:\/\/bart-et-lemy.com\/blog\/a-la-une\/capturer-les-instants-magiques-photographe-bebe-a-marseille\/","name":"Capturer les Instants Magiques","isPartOf":{"@id":"https:\/\/bart-et-lemy.com\/blog\/#website"},"primaryImageOfPage":{"@id":"https:\/\/bart-et-lemy.com\/blog\/a-la-une\/capturer-les-instants-magiques-photographe-bebe-a-marseille\/#primaryimage"},"image":{"@id":"https:\/\/bart-et-lemy.com\/blog\/a-la-une\/capturer-les-instants-magiques-photographe-bebe-a-marseille\/#primaryimage"},"thumbnailUrl":"https:\/\/bart-et-lemy.com\/blog\/wp-content\/uploads\/2025\/04\/sdxl-76d5539094324adfa8a8eb26b45b41fd.png","datePublished":"2025-03-24T17:19:00+00:00","description":"Chaque instant pass\u00e9 avec un nouveau-n\u00e9 m\u00e9rite d'\u00eatre immortalis\u00e9. Un photographe professionnel sp\u00e9cialis\u00e9 dans les b\u00e9b\u00e9s \u00e0 Marseille sait comment\u2026","inLanguage":"fr-FR","potentialAction":[{"@type":"ReadAction","target":["https:\/\/bart-et-lemy.com\/blog\/a-la-une\/capturer-les-instants-magiques-photographe-bebe-a-marseille\/"]}]},{"@type":"ImageObject","inLanguage":"fr-FR","@id":"https:\/\/bart-et-lemy.com\/blog\/a-la-une\/capturer-les-instants-magiques-photographe-bebe-a-marseille\/#primaryimage","url":"https:\/\/bart-et-lemy.com\/blog\/wp-content\/uploads\/2025\/04\/sdxl-76d5539094324adfa8a8eb26b45b41fd.png","contentUrl":"https:\/\/bart-et-lemy.com\/blog\/wp-content\/uploads\/2025\/04\/sdxl-76d5539094324adfa8a8eb26b45b41fd.png","width":1536,"height":640},{"@type":"WebSite","@id":"https:\/\/bart-et-lemy.com\/blog\/#website","url":"https:\/\/bart-et-lemy.com\/blog\/","name":"Bart et Lemy","description":"L\u2019originalit\u00e9 en toute libert\u00e9.","publisher":{"@id":"https:\/\/bart-et-lemy.com\/blog\/#organization"},"alternateName":"Conseils parentaux, astuces famille et bien-\u00eatre enfant","potentialAction":[{"@type":"SearchAction","target":{"@type":"EntryPoint","urlTemplate":"https:\/\/bart-et-lemy.com\/blog\/?s={search_term_string}"},"query-input":{"@type":"PropertyValueSpecification","valueRequired":true,"valueName":"search_term_string"}}],"inLanguage":"fr-FR"},{"@type":"Organization","@id":"https:\/\/bart-et-lemy.com\/blog\/#organization","name":"Bart et Lemy","alternateName":"bart-et-lemy.com","url":"https:\/\/bart-et-lemy.com\/blog\/","logo":{"@type":"ImageObject","inLanguage":"fr-FR","@id":"https:\/\/bart-et-lemy.com\/blog\/#\/schema\/logo\/image\/","url":"https:\/\/bart-et-lemy.com\/blog\/wp-content\/uploads\/2026\/07\/logo-auto.png","contentUrl":"https:\/\/bart-et-lemy.com\/blog\/wp-content\/uploads\/2026\/07\/logo-auto.png","width":1024,"height":1024,"caption":"Bart et Lemy"},"image":{"@id":"https:\/\/bart-et-lemy.com\/blog\/#\/schema\/logo\/image\/"}},{"@type":"Person","@id":"https:\/\/bart-et-lemy.com\/blog\/#\/schema\/person\/3c864cdc320801e3db34b663e7e3f816","name":"Elodie Mazeau","image":{"@type":"ImageObject","inLanguage":"fr-FR","@id":"https:\/\/bart-et-lemy.com\/blog\/wp-content\/uploads\/2026\/06\/persona_elodie-m-96x96.jpg","url":"https:\/\/bart-et-lemy.com\/blog\/wp-content\/uploads\/2026\/06\/persona_elodie-m-96x96.jpg","contentUrl":"https:\/\/bart-et-lemy.com\/blog\/wp-content\/uploads\/2026\/06\/persona_elodie-m-96x96.jpg","caption":"Elodie Mazeau"},"description":"J'\u00e9cris sur la parentalit\u00e9 telle qu'elle se vit vraiment, du premier biberon aux premi\u00e8res col\u00e8res. Mes sujets de pr\u00e9dilection couvrent le quotidien des familles : sommeil, alimentation, organisation, pu\u00e9riculture et ces petites gal\u00e8res que tout parent conna\u00eet. Depuis plusieurs ann\u00e9es, je m'attache \u00e0 proposer des rep\u00e8res concrets plut\u00f4t que des le\u00e7ons, parce que chaque famille trouve son propre \u00e9quilibre. Je v\u00e9rifie mes informations aupr\u00e8s de sources fiables, surtout d\u00e8s qu'on touche \u00e0 la sant\u00e9 ou \u00e0 la s\u00e9curit\u00e9 de l'enfant, et je pr\u00e9cise quand un avis professionnel s'impose. J'\u00e9vite soigneusement la culpabilisation : \u00eatre parent est d\u00e9j\u00e0 assez exigeant. Mon ton se veut complice et bienveillant, un peu comme une discussion entre parents qui se comprennent. L'id\u00e9e est d'all\u00e9ger la charge mentale en donnant des solutions simples et test\u00e9es.","sameAs":["https:\/\/elodiemazeau.fr\/"],"url":"https:\/\/bart-et-lemy.com\/blog\/auteur\/noname\/"}]}},"_links":{"self":[{"href":"https:\/\/bart-et-lemy.com\/blog\/wp-json\/wp\/v2\/posts\/8736","targetHints":{"allow":["GET"]}}],"collection":[{"href":"https:\/\/bart-et-lemy.com\/blog\/wp-json\/wp\/v2\/posts"}],"about":[{"href":"https:\/\/bart-et-lemy.com\/blog\/wp-json\/wp\/v2\/types\/post"}],"author":[{"embeddable":true,"href":"https:\/\/bart-et-lemy.com\/blog\/wp-json\/wp\/v2\/users\/34"}],"replies":[{"embeddable":true,"href":"https:\/\/bart-et-lemy.com\/blog\/wp-json\/wp\/v2\/comments?post=8736"}],"version-history":[{"count":1,"href":"https:\/\/bart-et-lemy.com\/blog\/wp-json\/wp\/v2\/posts\/8736\/revisions"}],"predecessor-version":[{"id":10123,"href":"https:\/\/bart-et-lemy.com\/blog\/wp-json\/wp\/v2\/posts\/8736\/revisions\/10123"}],"wp:featuredmedia":[{"embeddable":true,"href":"https:\/\/bart-et-lemy.com\/blog\/wp-json\/wp\/v2\/media\/10263"}],"wp:attachment":[{"href":"https:\/\/bart-et-lemy.com\/blog\/wp-json\/wp\/v2\/media?parent=8736"}],"wp:term":[{"taxonomy":"category","embeddable":true,"href":"https:\/\/bart-et-lemy.com\/blog\/wp-json\/wp\/v2\/categories?post=8736"},{"taxonomy":"post_tag","embeddable":true,"href":"https:\/\/bart-et-lemy.com\/blog\/wp-json\/wp\/v2\/tags?post=8736"}],"curies":[{"name":"wp","href":"https:\/\/api.w.org\/{rel}","templated":true}]}}