{"id":8758,"date":"2025-03-31T18:19:00","date_gmt":"2025-03-31T16:19:00","guid":{"rendered":"https:\/\/bart-et-lemy.com\/blog\/?p=8758"},"modified":"2025-02-10T16:57:50","modified_gmt":"2025-02-10T15:57:50","slug":"le-concept-de-bebe-comprendre-et-accompagner-le-developpement-de-votre-enfant","status":"publish","type":"post","link":"https:\/\/bart-et-lemy.com\/blog\/a-la-une\/le-concept-de-bebe-comprendre-et-accompagner-le-developpement-de-votre-enfant\/","title":{"rendered":"Le concept de b\u00e9b\u00e9 : Comprendre et accompagner le d\u00e9veloppement de votre enfant"},"content":{"rendered":"<h2>Introduction : Qu&rsquo;est-ce que le concept de b\u00e9b\u00e9 ?<\/h2>\n<p>Il englobe des id\u00e9es sur la mani\u00e8re dont les b\u00e9b\u00e9s appr\u00e9hendent le monde, ainsi que leur interaction avec leur environnement. Comprendre ce concept permet de mieux accompagner le d\u00e9veloppement de votre enfant. Mais comment d\u00e9finir ce qui fait r\u00e9ellement un \u00ab\u00a0b\u00e9b\u00e9\u00a0\u00bb dans notre soci\u00e9t\u00e9 moderne ?<\/p>\n<blockquote class=\"wp-embedded-content\" data-secret=\"BcQKyoZkuV\"><p><a href=\"https:\/\/bart-et-lemy.com\/blog\/a-la-une\/le-lien-precieux-entre-bebe-et-maman-une-aventure-unique\/\">Le lien pr\u00e9cieux entre b\u00e9b\u00e9 et maman : une aventure unique<\/a><\/p><\/blockquote>\n<p><iframe loading=\"lazy\" class=\"wp-embedded-content\" sandbox=\"allow-scripts\" security=\"restricted\" style=\"position: absolute; visibility: hidden;\" title=\"\u00ab\u00a0Le lien pr\u00e9cieux entre b\u00e9b\u00e9 et maman : une aventure unique\u00a0\u00bb &#8212; bart-et-lemy.com\" src=\"https:\/\/bart-et-lemy.com\/blog\/a-la-une\/le-lien-precieux-entre-bebe-et-maman-une-aventure-unique\/embed\/#?secret=zFk0N6iaGT#?secret=BcQKyoZkuV\" data-secret=\"BcQKyoZkuV\" width=\"600\" height=\"338\" frameborder=\"0\" marginwidth=\"0\" marginheight=\"0\" scrolling=\"no\"><\/iframe><\/p>\n<h2>D\u00e9finition et caract\u00e9ristiques des b\u00e9b\u00e9s modernes<\/h2>\n<p>Un b\u00e9b\u00e9, par d\u00e9finition, est un enfant de moins de 12 mois. Cependant, le concept de b\u00e9b\u00e9 va au-del\u00e0 de l&rsquo;\u00e2ge. Cela inclut des aspects physiques, \u00e9motionnels et cognitifs. Les b\u00e9b\u00e9s sont en constante \u00e9volution, apprenant et s\u2019adaptant \u00e0 leur environnement. Voici quelques caract\u00e9ristiques typiques :<\/p>\n<ul>\n<li><strong>D\u00e9veloppement physique :<\/strong> Les b\u00e9b\u00e9s commencent \u00e0 contr\u00f4ler leurs mouvements, \u00e0 se retourner, puis \u00e0 ramper et marcher.<\/li>\n<li><strong>Interaction sociale :<\/strong> Les sourires, les gazouillis et les r\u00e9actions aux visages sont des \u00e9l\u00e9ments cl\u00e9s de leur d\u00e9veloppement social.<\/li>\n<li><strong>Exploration sensorielle :<\/strong> La curiosit\u00e9 des b\u00e9b\u00e9s les pousse \u00e0 toucher, go\u00fbter et explorer tout ce qui les entoure.<\/li>\n<\/ul>\n<h2>Les impacts de l&rsquo;environnement sur le d\u00e9veloppement du b\u00e9b\u00e9<\/h2>\n<p>L\u2019environnement joue un r\u00f4le crucial dans le d\u00e9veloppement d\u2019un b\u00e9b\u00e9. Des \u00e9tudes montrent que les stimuli externes influencent l\u2019apprentissage et la croissance. Voici quelques impacts notables :<\/p>\n<blockquote class=\"wp-embedded-content\" data-secret=\"qxKB2rupq0\"><p><a href=\"https:\/\/bart-et-lemy.com\/blog\/a-la-une\/les-couches-lavables-pour-bebe-un-choix-eco-responsable-et-economique\/\">Les couches lavables pour b\u00e9b\u00e9 : un choix \u00e9co-responsable et \u00e9conomique<\/a><\/p><\/blockquote>\n<p><iframe loading=\"lazy\" class=\"wp-embedded-content\" sandbox=\"allow-scripts\" security=\"restricted\" style=\"position: absolute; visibility: hidden;\" title=\"\u00ab\u00a0Les couches lavables pour b\u00e9b\u00e9 : un choix \u00e9co-responsable et \u00e9conomique\u00a0\u00bb &#8212; bart-et-lemy.com\" src=\"https:\/\/bart-et-lemy.com\/blog\/a-la-une\/les-couches-lavables-pour-bebe-un-choix-eco-responsable-et-economique\/embed\/#?secret=uVTAJyuhql#?secret=qxKB2rupq0\" data-secret=\"qxKB2rupq0\" width=\"600\" height=\"338\" frameborder=\"0\" marginwidth=\"0\" marginheight=\"0\" scrolling=\"no\"><\/iframe><\/p>\n<table>\n<tr>\n<th>Type d&rsquo;environnement<\/th>\n<th>Impact positif<\/th>\n<th>Impact n\u00e9gatif<\/th>\n<\/tr>\n<tr>\n<td>Familial<\/td>\n<td>Soutien affectif<\/td>\n<td>Stress parental<\/td>\n<\/tr>\n<tr>\n<td>Social<\/td>\n<td>Interactions enrichissantes<\/td>\n<td>Isolement social<\/td>\n<\/tr>\n<tr>\n<td>\u00c9ducatif<\/td>\n<td>Apprentissage pr\u00e9coce<\/td>\n<td>Manque de stimulation<\/td>\n<\/tr>\n<\/table>\n<h2>Accompagner le d\u00e9veloppement de votre b\u00e9b\u00e9<\/h2>\n<p>Accompagner le d\u00e9veloppement de votre b\u00e9b\u00e9 n\u00e9cessite une approche attentive et proactive. Voici quelques conseils pratiques :<\/p>\n<ul>\n<li><strong>Cr\u00e9ez un environnement stimulant :<\/strong> Utilisez des jouets vari\u00e9s qui encouragent l&rsquo;exploration.<\/li>\n<li><strong>Favorisez l&rsquo;interaction :<\/strong> Parlez, chantez et jouez avec votre b\u00e9b\u00e9 pour stimuler ses comp\u00e9tences sociales.<\/li>\n<li><strong>\u00c9coutez ses besoins :<\/strong> Soyez attentif aux pleurs et aux besoins de votre enfant pour renforcer leur sentiment de s\u00e9curit\u00e9.<\/li>\n<\/ul>\n<blockquote><p>\n    \u00ab\u00a0Le d\u00e9veloppement d&rsquo;un b\u00e9b\u00e9 est un voyage fascinant, riche en d\u00e9couvertes et en apprentissages.\u00a0\u00bb \u2013 Expert en p\u00e9diatrie\n<\/p><\/blockquote>\n<h3>FAQ :<\/h3>\n<blockquote>\n<ul>\n<li><strong>Quel est l&rsquo;\u00e2ge d&rsquo;un b\u00e9b\u00e9 ?<\/strong>Un b\u00e9b\u00e9 est consid\u00e9r\u00e9 comme tel jusqu&rsquo;\u00e0 12 mois.<\/li>\n<li><strong>Comment stimuler le d\u00e9veloppement de mon b\u00e9b\u00e9 ?<\/strong>Parlez-lui, chantez-lui, et offrez-lui des jouets vari\u00e9s.<\/li>\n<li><strong>Quelle est l&rsquo;importance des interactions sociales ?<\/strong>Elles sont cruciales pour le d\u00e9veloppement \u00e9motionnel et cognitif.<\/li>\n<li><strong>Comment reconna\u00eetre les besoins d&rsquo;un b\u00e9b\u00e9 ?<\/strong>Observez ses pleurs, ses gestes et ses expressions pour comprendre ce qu&rsquo;il veut.<\/li>\n<\/ul>\n<\/blockquote>\n<h2>Conclusion : Un voyage unique pour chaque b\u00e9b\u00e9<\/h2>\n<p>Chaque b\u00e9b\u00e9 est unique et son d\u00e9veloppement d\u00e9pend de nombreux facteurs. En tant que parent ou \u00e9ducateur, il est essentiel de cr\u00e9er un environnement qui favorise l&rsquo;\u00e9panouissement et l&rsquo;apprentissage. En comprenant le concept de b\u00e9b\u00e9 dans toutes ses dimensions, vous pourrez mieux accompagner votre enfant dans ce fascinant voyage qu&rsquo;est la vie.<\/p>\n","protected":false},"excerpt":{"rendered":"","protected":false},"author":34,"featured_media":10345,"comment_status":"open","ping_status":"open","sticky":false,"template":"","format":"standard","meta":{"_acf_changed":false,"manual_indexmenow":false,"indexmenow_id_project":0,"footnotes":""},"categories":[1],"tags":[4590,4805,641,5766,5400,4677],"class_list":["post-8758","post","type-post","status-publish","format-standard","has-post-thumbnail","hentry","category-a-la-une","tag-bebe","tag-developpement","tag-environnement","tag-epanouissement","tag-exploration-sensorielle","tag-interaction-sociale","generate-columns","tablet-grid-50","mobile-grid-100","grid-parent","grid-25"],"acf":[],"yoast_head":"<!-- This site is optimized with the Yoast SEO Premium plugin v21.3 (Yoast SEO v27.3) - https:\/\/yoast.com\/product\/yoast-seo-premium-wordpress\/ -->\n<title>Le concept de b\u00e9b\u00e9<\/title>\n<meta name=\"description\" content=\"Il englobe des id\u00e9es sur la mani\u00e8re dont les b\u00e9b\u00e9s appr\u00e9hendent le monde, ainsi que leur interaction avec leur environnement.\" \/>\n<meta name=\"robots\" content=\"index, follow, max-snippet:-1, max-image-preview:large, max-video-preview:-1\" \/>\n<link rel=\"canonical\" href=\"https:\/\/bart-et-lemy.com\/blog\/a-la-une\/le-concept-de-bebe-comprendre-et-accompagner-le-developpement-de-votre-enfant\/\" \/>\n<meta property=\"og:locale\" content=\"fr_FR\" \/>\n<meta property=\"og:type\" content=\"article\" \/>\n<meta property=\"og:title\" content=\"Le concept de b\u00e9b\u00e9\" \/>\n<meta property=\"og:description\" content=\"Il englobe des id\u00e9es sur la mani\u00e8re dont les b\u00e9b\u00e9s appr\u00e9hendent le monde, ainsi que leur interaction avec leur environnement.\" \/>\n<meta property=\"og:url\" content=\"https:\/\/bart-et-lemy.com\/blog\/a-la-une\/le-concept-de-bebe-comprendre-et-accompagner-le-developpement-de-votre-enfant\/\" \/>\n<meta property=\"og:site_name\" content=\"bart-et-lemy.com\" \/>\n<meta property=\"og:image\" content=\"https:\/\/bart-et-lemy.com\/blog\/wp-content\/uploads\/2025\/04\/sdxl-2fb519584652bdb1af54f82aa59eac15.png\" \/>\n\t<meta property=\"og:image:width\" content=\"1536\" \/>\n\t<meta property=\"og:image:height\" content=\"640\" \/>\n\t<meta property=\"og:image:type\" content=\"image\/png\" \/>\n<meta name=\"author\" content=\"Elodie Mazeau\" \/>\n<meta name=\"twitter:card\" content=\"summary_large_image\" \/>\n<script type=\"application\/ld+json\" class=\"yoast-schema-graph\">{\"@context\":\"https:\\\/\\\/schema.org\",\"@graph\":[{\"@type\":\"NewsArticle\",\"@id\":\"https:\\\/\\\/bart-et-lemy.com\\\/blog\\\/a-la-une\\\/le-concept-de-bebe-comprendre-et-accompagner-le-developpement-de-votre-enfant\\\/#article\",\"isPartOf\":{\"@id\":\"https:\\\/\\\/bart-et-lemy.com\\\/blog\\\/a-la-une\\\/le-concept-de-bebe-comprendre-et-accompagner-le-developpement-de-votre-enfant\\\/\"},\"author\":{\"name\":\"Elodie Mazeau\",\"@id\":\"https:\\\/\\\/bart-et-lemy.com\\\/blog\\\/#\\\/schema\\\/person\\\/3c864cdc320801e3db34b663e7e3f816\"},\"headline\":\"Le concept de b\u00e9b\u00e9 : Comprendre et accompagner le d\u00e9veloppement de votre enfant\",\"datePublished\":\"2025-03-31T16:19:00+00:00\",\"mainEntityOfPage\":{\"@id\":\"https:\\\/\\\/bart-et-lemy.com\\\/blog\\\/a-la-une\\\/le-concept-de-bebe-comprendre-et-accompagner-le-developpement-de-votre-enfant\\\/\"},\"wordCount\":525,\"commentCount\":23,\"publisher\":{\"@id\":\"https:\\\/\\\/bart-et-lemy.com\\\/blog\\\/#organization\"},\"image\":{\"@id\":\"https:\\\/\\\/bart-et-lemy.com\\\/blog\\\/a-la-une\\\/le-concept-de-bebe-comprendre-et-accompagner-le-developpement-de-votre-enfant\\\/#primaryimage\"},\"thumbnailUrl\":\"https:\\\/\\\/bart-et-lemy.com\\\/blog\\\/wp-content\\\/uploads\\\/2025\\\/04\\\/sdxl-2fb519584652bdb1af54f82aa59eac15.png\",\"keywords\":[\"B\u00e9b\u00e9\",\"D\u00e9veloppement\",\"Environnement\",\"\u00c9panouissement\",\"Exploration sensorielle\",\"Interaction Sociale\"],\"articleSection\":[\"\u00c0 la une\"],\"inLanguage\":\"fr-FR\",\"potentialAction\":[{\"@type\":\"CommentAction\",\"name\":\"Comment\",\"target\":[\"https:\\\/\\\/bart-et-lemy.com\\\/blog\\\/a-la-une\\\/le-concept-de-bebe-comprendre-et-accompagner-le-developpement-de-votre-enfant\\\/#respond\"]}]},{\"@type\":\"WebPage\",\"@id\":\"https:\\\/\\\/bart-et-lemy.com\\\/blog\\\/a-la-une\\\/le-concept-de-bebe-comprendre-et-accompagner-le-developpement-de-votre-enfant\\\/\",\"url\":\"https:\\\/\\\/bart-et-lemy.com\\\/blog\\\/a-la-une\\\/le-concept-de-bebe-comprendre-et-accompagner-le-developpement-de-votre-enfant\\\/\",\"name\":\"Le concept de b\u00e9b\u00e9\",\"isPartOf\":{\"@id\":\"https:\\\/\\\/bart-et-lemy.com\\\/blog\\\/#website\"},\"primaryImageOfPage\":{\"@id\":\"https:\\\/\\\/bart-et-lemy.com\\\/blog\\\/a-la-une\\\/le-concept-de-bebe-comprendre-et-accompagner-le-developpement-de-votre-enfant\\\/#primaryimage\"},\"image\":{\"@id\":\"https:\\\/\\\/bart-et-lemy.com\\\/blog\\\/a-la-une\\\/le-concept-de-bebe-comprendre-et-accompagner-le-developpement-de-votre-enfant\\\/#primaryimage\"},\"thumbnailUrl\":\"https:\\\/\\\/bart-et-lemy.com\\\/blog\\\/wp-content\\\/uploads\\\/2025\\\/04\\\/sdxl-2fb519584652bdb1af54f82aa59eac15.png\",\"datePublished\":\"2025-03-31T16:19:00+00:00\",\"description\":\"Il englobe des id\u00e9es sur la mani\u00e8re dont les b\u00e9b\u00e9s appr\u00e9hendent le monde, ainsi que leur interaction avec leur environnement.\",\"inLanguage\":\"fr-FR\",\"potentialAction\":[{\"@type\":\"ReadAction\",\"target\":[\"https:\\\/\\\/bart-et-lemy.com\\\/blog\\\/a-la-une\\\/le-concept-de-bebe-comprendre-et-accompagner-le-developpement-de-votre-enfant\\\/\"]}]},{\"@type\":\"ImageObject\",\"inLanguage\":\"fr-FR\",\"@id\":\"https:\\\/\\\/bart-et-lemy.com\\\/blog\\\/a-la-une\\\/le-concept-de-bebe-comprendre-et-accompagner-le-developpement-de-votre-enfant\\\/#primaryimage\",\"url\":\"https:\\\/\\\/bart-et-lemy.com\\\/blog\\\/wp-content\\\/uploads\\\/2025\\\/04\\\/sdxl-2fb519584652bdb1af54f82aa59eac15.png\",\"contentUrl\":\"https:\\\/\\\/bart-et-lemy.com\\\/blog\\\/wp-content\\\/uploads\\\/2025\\\/04\\\/sdxl-2fb519584652bdb1af54f82aa59eac15.png\",\"width\":1536,\"height\":640},{\"@type\":\"WebSite\",\"@id\":\"https:\\\/\\\/bart-et-lemy.com\\\/blog\\\/#website\",\"url\":\"https:\\\/\\\/bart-et-lemy.com\\\/blog\\\/\",\"name\":\"Bart et Lemy\",\"description\":\"L\u2019originalit\u00e9 en toute libert\u00e9.\",\"publisher\":{\"@id\":\"https:\\\/\\\/bart-et-lemy.com\\\/blog\\\/#organization\"},\"alternateName\":\"Conseils parentaux, astuces famille et bien-\u00eatre enfant\",\"potentialAction\":[{\"@type\":\"SearchAction\",\"target\":{\"@type\":\"EntryPoint\",\"urlTemplate\":\"https:\\\/\\\/bart-et-lemy.com\\\/blog\\\/?s={search_term_string}\"},\"query-input\":{\"@type\":\"PropertyValueSpecification\",\"valueRequired\":true,\"valueName\":\"search_term_string\"}}],\"inLanguage\":\"fr-FR\"},{\"@type\":\"Organization\",\"@id\":\"https:\\\/\\\/bart-et-lemy.com\\\/blog\\\/#organization\",\"name\":\"Bart et Lemy\",\"alternateName\":\"bart-et-lemy.com\",\"url\":\"https:\\\/\\\/bart-et-lemy.com\\\/blog\\\/\",\"logo\":{\"@type\":\"ImageObject\",\"inLanguage\":\"fr-FR\",\"@id\":\"https:\\\/\\\/bart-et-lemy.com\\\/blog\\\/#\\\/schema\\\/logo\\\/image\\\/\",\"url\":\"https:\\\/\\\/bart-et-lemy.com\\\/blog\\\/wp-content\\\/uploads\\\/2026\\\/07\\\/logo-auto.png\",\"contentUrl\":\"https:\\\/\\\/bart-et-lemy.com\\\/blog\\\/wp-content\\\/uploads\\\/2026\\\/07\\\/logo-auto.png\",\"width\":1024,\"height\":1024,\"caption\":\"Bart et Lemy\"},\"image\":{\"@id\":\"https:\\\/\\\/bart-et-lemy.com\\\/blog\\\/#\\\/schema\\\/logo\\\/image\\\/\"}},{\"@type\":\"Person\",\"@id\":\"https:\\\/\\\/bart-et-lemy.com\\\/blog\\\/#\\\/schema\\\/person\\\/3c864cdc320801e3db34b663e7e3f816\",\"name\":\"Elodie Mazeau\",\"image\":{\"@type\":\"ImageObject\",\"inLanguage\":\"fr-FR\",\"@id\":\"https:\\\/\\\/bart-et-lemy.com\\\/blog\\\/wp-content\\\/uploads\\\/2026\\\/06\\\/persona_elodie-m-96x96.jpg\",\"url\":\"https:\\\/\\\/bart-et-lemy.com\\\/blog\\\/wp-content\\\/uploads\\\/2026\\\/06\\\/persona_elodie-m-96x96.jpg\",\"contentUrl\":\"https:\\\/\\\/bart-et-lemy.com\\\/blog\\\/wp-content\\\/uploads\\\/2026\\\/06\\\/persona_elodie-m-96x96.jpg\",\"caption\":\"Elodie Mazeau\"},\"description\":\"J'\u00e9cris sur la parentalit\u00e9 telle qu'elle se vit vraiment, du premier biberon aux premi\u00e8res col\u00e8res. Mes sujets de pr\u00e9dilection couvrent le quotidien des familles : sommeil, alimentation, organisation, pu\u00e9riculture et ces petites gal\u00e8res que tout parent conna\u00eet. Depuis plusieurs ann\u00e9es, je m'attache \u00e0 proposer des rep\u00e8res concrets plut\u00f4t que des le\u00e7ons, parce que chaque famille trouve son propre \u00e9quilibre. Je v\u00e9rifie mes informations aupr\u00e8s de sources fiables, surtout d\u00e8s qu'on touche \u00e0 la sant\u00e9 ou \u00e0 la s\u00e9curit\u00e9 de l'enfant, et je pr\u00e9cise quand un avis professionnel s'impose. J'\u00e9vite soigneusement la culpabilisation : \u00eatre parent est d\u00e9j\u00e0 assez exigeant. Mon ton se veut complice et bienveillant, un peu comme une discussion entre parents qui se comprennent. L'id\u00e9e est d'all\u00e9ger la charge mentale en donnant des solutions simples et test\u00e9es.\",\"sameAs\":[\"https:\\\/\\\/elodiemazeau.fr\\\/\"],\"url\":\"https:\\\/\\\/bart-et-lemy.com\\\/blog\\\/auteur\\\/noname\\\/\"}]}<\/script>\n<!-- \/ Yoast SEO Premium plugin. -->","yoast_head_json":{"title":"Le concept de b\u00e9b\u00e9","description":"Il englobe des id\u00e9es sur la mani\u00e8re dont les b\u00e9b\u00e9s appr\u00e9hendent le monde, ainsi que leur interaction avec leur environnement.","robots":{"index":"index","follow":"follow","max-snippet":"max-snippet:-1","max-image-preview":"max-image-preview:large","max-video-preview":"max-video-preview:-1"},"canonical":"https:\/\/bart-et-lemy.com\/blog\/a-la-une\/le-concept-de-bebe-comprendre-et-accompagner-le-developpement-de-votre-enfant\/","og_locale":"fr_FR","og_type":"article","og_title":"Le concept de b\u00e9b\u00e9","og_description":"Il englobe des id\u00e9es sur la mani\u00e8re dont les b\u00e9b\u00e9s appr\u00e9hendent le monde, ainsi que leur interaction avec leur environnement.","og_url":"https:\/\/bart-et-lemy.com\/blog\/a-la-une\/le-concept-de-bebe-comprendre-et-accompagner-le-developpement-de-votre-enfant\/","og_site_name":"bart-et-lemy.com","og_image":[{"width":1536,"height":640,"url":"https:\/\/bart-et-lemy.com\/blog\/wp-content\/uploads\/2025\/04\/sdxl-2fb519584652bdb1af54f82aa59eac15.png","type":"image\/png"}],"author":"Elodie Mazeau","twitter_card":"summary_large_image","schema":{"@context":"https:\/\/schema.org","@graph":[{"@type":"NewsArticle","@id":"https:\/\/bart-et-lemy.com\/blog\/a-la-une\/le-concept-de-bebe-comprendre-et-accompagner-le-developpement-de-votre-enfant\/#article","isPartOf":{"@id":"https:\/\/bart-et-lemy.com\/blog\/a-la-une\/le-concept-de-bebe-comprendre-et-accompagner-le-developpement-de-votre-enfant\/"},"author":{"name":"Elodie Mazeau","@id":"https:\/\/bart-et-lemy.com\/blog\/#\/schema\/person\/3c864cdc320801e3db34b663e7e3f816"},"headline":"Le concept de b\u00e9b\u00e9 : Comprendre et accompagner le d\u00e9veloppement de votre enfant","datePublished":"2025-03-31T16:19:00+00:00","mainEntityOfPage":{"@id":"https:\/\/bart-et-lemy.com\/blog\/a-la-une\/le-concept-de-bebe-comprendre-et-accompagner-le-developpement-de-votre-enfant\/"},"wordCount":525,"commentCount":23,"publisher":{"@id":"https:\/\/bart-et-lemy.com\/blog\/#organization"},"image":{"@id":"https:\/\/bart-et-lemy.com\/blog\/a-la-une\/le-concept-de-bebe-comprendre-et-accompagner-le-developpement-de-votre-enfant\/#primaryimage"},"thumbnailUrl":"https:\/\/bart-et-lemy.com\/blog\/wp-content\/uploads\/2025\/04\/sdxl-2fb519584652bdb1af54f82aa59eac15.png","keywords":["B\u00e9b\u00e9","D\u00e9veloppement","Environnement","\u00c9panouissement","Exploration sensorielle","Interaction Sociale"],"articleSection":["\u00c0 la une"],"inLanguage":"fr-FR","potentialAction":[{"@type":"CommentAction","name":"Comment","target":["https:\/\/bart-et-lemy.com\/blog\/a-la-une\/le-concept-de-bebe-comprendre-et-accompagner-le-developpement-de-votre-enfant\/#respond"]}]},{"@type":"WebPage","@id":"https:\/\/bart-et-lemy.com\/blog\/a-la-une\/le-concept-de-bebe-comprendre-et-accompagner-le-developpement-de-votre-enfant\/","url":"https:\/\/bart-et-lemy.com\/blog\/a-la-une\/le-concept-de-bebe-comprendre-et-accompagner-le-developpement-de-votre-enfant\/","name":"Le concept de b\u00e9b\u00e9","isPartOf":{"@id":"https:\/\/bart-et-lemy.com\/blog\/#website"},"primaryImageOfPage":{"@id":"https:\/\/bart-et-lemy.com\/blog\/a-la-une\/le-concept-de-bebe-comprendre-et-accompagner-le-developpement-de-votre-enfant\/#primaryimage"},"image":{"@id":"https:\/\/bart-et-lemy.com\/blog\/a-la-une\/le-concept-de-bebe-comprendre-et-accompagner-le-developpement-de-votre-enfant\/#primaryimage"},"thumbnailUrl":"https:\/\/bart-et-lemy.com\/blog\/wp-content\/uploads\/2025\/04\/sdxl-2fb519584652bdb1af54f82aa59eac15.png","datePublished":"2025-03-31T16:19:00+00:00","description":"Il englobe des id\u00e9es sur la mani\u00e8re dont les b\u00e9b\u00e9s appr\u00e9hendent le monde, ainsi que leur interaction avec leur environnement.","inLanguage":"fr-FR","potentialAction":[{"@type":"ReadAction","target":["https:\/\/bart-et-lemy.com\/blog\/a-la-une\/le-concept-de-bebe-comprendre-et-accompagner-le-developpement-de-votre-enfant\/"]}]},{"@type":"ImageObject","inLanguage":"fr-FR","@id":"https:\/\/bart-et-lemy.com\/blog\/a-la-une\/le-concept-de-bebe-comprendre-et-accompagner-le-developpement-de-votre-enfant\/#primaryimage","url":"https:\/\/bart-et-lemy.com\/blog\/wp-content\/uploads\/2025\/04\/sdxl-2fb519584652bdb1af54f82aa59eac15.png","contentUrl":"https:\/\/bart-et-lemy.com\/blog\/wp-content\/uploads\/2025\/04\/sdxl-2fb519584652bdb1af54f82aa59eac15.png","width":1536,"height":640},{"@type":"WebSite","@id":"https:\/\/bart-et-lemy.com\/blog\/#website","url":"https:\/\/bart-et-lemy.com\/blog\/","name":"Bart et Lemy","description":"L\u2019originalit\u00e9 en toute libert\u00e9.","publisher":{"@id":"https:\/\/bart-et-lemy.com\/blog\/#organization"},"alternateName":"Conseils parentaux, astuces famille et bien-\u00eatre enfant","potentialAction":[{"@type":"SearchAction","target":{"@type":"EntryPoint","urlTemplate":"https:\/\/bart-et-lemy.com\/blog\/?s={search_term_string}"},"query-input":{"@type":"PropertyValueSpecification","valueRequired":true,"valueName":"search_term_string"}}],"inLanguage":"fr-FR"},{"@type":"Organization","@id":"https:\/\/bart-et-lemy.com\/blog\/#organization","name":"Bart et Lemy","alternateName":"bart-et-lemy.com","url":"https:\/\/bart-et-lemy.com\/blog\/","logo":{"@type":"ImageObject","inLanguage":"fr-FR","@id":"https:\/\/bart-et-lemy.com\/blog\/#\/schema\/logo\/image\/","url":"https:\/\/bart-et-lemy.com\/blog\/wp-content\/uploads\/2026\/07\/logo-auto.png","contentUrl":"https:\/\/bart-et-lemy.com\/blog\/wp-content\/uploads\/2026\/07\/logo-auto.png","width":1024,"height":1024,"caption":"Bart et Lemy"},"image":{"@id":"https:\/\/bart-et-lemy.com\/blog\/#\/schema\/logo\/image\/"}},{"@type":"Person","@id":"https:\/\/bart-et-lemy.com\/blog\/#\/schema\/person\/3c864cdc320801e3db34b663e7e3f816","name":"Elodie Mazeau","image":{"@type":"ImageObject","inLanguage":"fr-FR","@id":"https:\/\/bart-et-lemy.com\/blog\/wp-content\/uploads\/2026\/06\/persona_elodie-m-96x96.jpg","url":"https:\/\/bart-et-lemy.com\/blog\/wp-content\/uploads\/2026\/06\/persona_elodie-m-96x96.jpg","contentUrl":"https:\/\/bart-et-lemy.com\/blog\/wp-content\/uploads\/2026\/06\/persona_elodie-m-96x96.jpg","caption":"Elodie Mazeau"},"description":"J'\u00e9cris sur la parentalit\u00e9 telle qu'elle se vit vraiment, du premier biberon aux premi\u00e8res col\u00e8res. Mes sujets de pr\u00e9dilection couvrent le quotidien des familles : sommeil, alimentation, organisation, pu\u00e9riculture et ces petites gal\u00e8res que tout parent conna\u00eet. Depuis plusieurs ann\u00e9es, je m'attache \u00e0 proposer des rep\u00e8res concrets plut\u00f4t que des le\u00e7ons, parce que chaque famille trouve son propre \u00e9quilibre. Je v\u00e9rifie mes informations aupr\u00e8s de sources fiables, surtout d\u00e8s qu'on touche \u00e0 la sant\u00e9 ou \u00e0 la s\u00e9curit\u00e9 de l'enfant, et je pr\u00e9cise quand un avis professionnel s'impose. J'\u00e9vite soigneusement la culpabilisation : \u00eatre parent est d\u00e9j\u00e0 assez exigeant. Mon ton se veut complice et bienveillant, un peu comme une discussion entre parents qui se comprennent. L'id\u00e9e est d'all\u00e9ger la charge mentale en donnant des solutions simples et test\u00e9es.","sameAs":["https:\/\/elodiemazeau.fr\/"],"url":"https:\/\/bart-et-lemy.com\/blog\/auteur\/noname\/"}]}},"_links":{"self":[{"href":"https:\/\/bart-et-lemy.com\/blog\/wp-json\/wp\/v2\/posts\/8758","targetHints":{"allow":["GET"]}}],"collection":[{"href":"https:\/\/bart-et-lemy.com\/blog\/wp-json\/wp\/v2\/posts"}],"about":[{"href":"https:\/\/bart-et-lemy.com\/blog\/wp-json\/wp\/v2\/types\/post"}],"author":[{"embeddable":true,"href":"https:\/\/bart-et-lemy.com\/blog\/wp-json\/wp\/v2\/users\/34"}],"replies":[{"embeddable":true,"href":"https:\/\/bart-et-lemy.com\/blog\/wp-json\/wp\/v2\/comments?post=8758"}],"version-history":[{"count":1,"href":"https:\/\/bart-et-lemy.com\/blog\/wp-json\/wp\/v2\/posts\/8758\/revisions"}],"predecessor-version":[{"id":10190,"href":"https:\/\/bart-et-lemy.com\/blog\/wp-json\/wp\/v2\/posts\/8758\/revisions\/10190"}],"wp:featuredmedia":[{"embeddable":true,"href":"https:\/\/bart-et-lemy.com\/blog\/wp-json\/wp\/v2\/media\/10345"}],"wp:attachment":[{"href":"https:\/\/bart-et-lemy.com\/blog\/wp-json\/wp\/v2\/media?parent=8758"}],"wp:term":[{"taxonomy":"category","embeddable":true,"href":"https:\/\/bart-et-lemy.com\/blog\/wp-json\/wp\/v2\/categories?post=8758"},{"taxonomy":"post_tag","embeddable":true,"href":"https:\/\/bart-et-lemy.com\/blog\/wp-json\/wp\/v2\/tags?post=8758"}],"curies":[{"name":"wp","href":"https:\/\/api.w.org\/{rel}","templated":true}]}}