{"id":8770,"date":"2025-03-20T18:39:00","date_gmt":"2025-03-20T17:39:00","guid":{"rendered":"https:\/\/bart-et-lemy.com\/blog\/?p=8770"},"modified":"2025-02-10T16:59:11","modified_gmt":"2025-02-10T15:59:11","slug":"le-cuby-porte-bebe-hamac-un-confort-inegale-pour-vous-et-votre-bebe","status":"publish","type":"post","link":"https:\/\/bart-et-lemy.com\/blog\/a-la-une\/le-cuby-porte-bebe-hamac-un-confort-inegale-pour-vous-et-votre-bebe\/","title":{"rendered":"Le Cuby Porte-B\u00e9b\u00e9 Hamac : Un Confort In\u00e9gal\u00e9 pour Vous et Votre B\u00e9b\u00e9"},"content":{"rendered":"<h2>Introduction : Pourquoi choisir un porte-b\u00e9b\u00e9 hamac ?<\/h2>\n<p>Le <strong>cuby porte-b\u00e9b\u00e9 hamac<\/strong> se pr\u00e9sente comme une solution id\u00e9ale. Offrant un soutien optimal et un espace agr\u00e9able pour votre enfant, ce type de porte-b\u00e9b\u00e9 permet de profiter des moments en ext\u00e9rieur tout en assurant le bien-\u00eatre de votre petit. Mais qu&rsquo;est-ce qui le rend si particulier ?<\/p>\n<h2>Les avantages du cuby porte-b\u00e9b\u00e9 hamac<\/h2>\n<p>Le porte-b\u00e9b\u00e9 hamac se distingue par plusieurs caract\u00e9ristiques attrayantes qui r\u00e9pondent aux besoins des parents modernes. Voici quelques avantages notables :<\/p>\n<blockquote class=\"wp-embedded-content\" data-secret=\"015sz8OSOy\"><p><a href=\"https:\/\/bart-et-lemy.com\/blog\/a-la-une\/le-lien-precieux-entre-bebe-et-maman-une-aventure-unique\/\">Le lien pr\u00e9cieux entre b\u00e9b\u00e9 et maman : une aventure unique<\/a><\/p><\/blockquote>\n<p><iframe loading=\"lazy\" class=\"wp-embedded-content\" sandbox=\"allow-scripts\" security=\"restricted\" style=\"position: absolute; visibility: hidden;\" title=\"\u00ab\u00a0Le lien pr\u00e9cieux entre b\u00e9b\u00e9 et maman : une aventure unique\u00a0\u00bb &#8212; bart-et-lemy.com\" src=\"https:\/\/bart-et-lemy.com\/blog\/a-la-une\/le-lien-precieux-entre-bebe-et-maman-une-aventure-unique\/embed\/#?secret=XaUdcDgUrS#?secret=015sz8OSOy\" data-secret=\"015sz8OSOy\" width=\"600\" height=\"338\" frameborder=\"0\" marginwidth=\"0\" marginheight=\"0\" scrolling=\"no\"><\/iframe><\/p>\n<ul>\n<li><strong>Confort ergonomique :<\/strong> La conception en hamac r\u00e9partit le poids de mani\u00e8re \u00e9quilibr\u00e9e, r\u00e9duisant la pression sur le dos du parent.<\/li>\n<li><strong>Facilit\u00e9 d&rsquo;utilisation :<\/strong> Les syst\u00e8mes de r\u00e9glage permettent une mise en place rapide, id\u00e9ale pour les sorties impromptues.<\/li>\n<li><strong>Mat\u00e9riaux respirants :<\/strong> Les tissus utilis\u00e9s favorisent une bonne circulation de l&rsquo;air, \u00e9vitant ainsi la surchauffe durant les journ\u00e9es chaudes.<\/li>\n<\/ul>\n<h2>Comparaison avec d&rsquo;autres types de porte-b\u00e9b\u00e9s<\/h2>\n<p>Pour mieux comprendre les atouts du cuby porte-b\u00e9b\u00e9 hamac, comparons-le \u00e0 d&rsquo;autres mod\u00e8les populaires :<\/p>\n<table>\n<tr>\n<th>Caract\u00e9ristique<\/th>\n<th>Cuby Porte-B\u00e9b\u00e9 Hamac<\/th>\n<th>Autres Mod\u00e8les<\/th>\n<\/tr>\n<tr>\n<td>Confort<\/td>\n<td>Ergonomique avec support optimal<\/td>\n<td>Variable selon le mod\u00e8le<\/td>\n<\/tr>\n<tr>\n<td>Facilit\u00e9 d\u2019utilisation<\/td>\n<td>Installation rapide<\/td>\n<td>Parfois complexe<\/td>\n<\/tr>\n<tr>\n<td>Mat\u00e9riaux<\/td>\n<td>Tissus respirants et doux<\/td>\n<td>Peut varier, parfois moins confortable<\/td>\n<\/tr>\n<\/table>\n<h2>Les impacts sur le d\u00e9veloppement de votre enfant<\/h2>\n<p>Utiliser un porte-b\u00e9b\u00e9 hamac comme le cuby a des effets positifs sur le d\u00e9veloppement de votre enfant. Gr\u00e2ce \u00e0 la position semi-assise qu&rsquo;il propose, votre b\u00e9b\u00e9 peut observer son environnement, stimulant ainsi ses sens et ses capacit\u00e9s d&rsquo;apprentissage. <\/p>\n<blockquote class=\"wp-embedded-content\" data-secret=\"m3bUOblkoR\"><p><a href=\"https:\/\/bart-et-lemy.com\/blog\/a-la-une\/les-couches-lavables-pour-bebe-un-choix-eco-responsable-et-economique\/\">Les couches lavables pour b\u00e9b\u00e9 : un choix \u00e9co-responsable et \u00e9conomique<\/a><\/p><\/blockquote>\n<p><iframe loading=\"lazy\" class=\"wp-embedded-content\" sandbox=\"allow-scripts\" security=\"restricted\" style=\"position: absolute; visibility: hidden;\" title=\"\u00ab\u00a0Les couches lavables pour b\u00e9b\u00e9 : un choix \u00e9co-responsable et \u00e9conomique\u00a0\u00bb &#8212; bart-et-lemy.com\" src=\"https:\/\/bart-et-lemy.com\/blog\/a-la-une\/les-couches-lavables-pour-bebe-un-choix-eco-responsable-et-economique\/embed\/#?secret=dfArd3w09j#?secret=m3bUOblkoR\" data-secret=\"m3bUOblkoR\" width=\"600\" height=\"338\" frameborder=\"0\" marginwidth=\"0\" marginheight=\"0\" scrolling=\"no\"><\/iframe><\/p>\n<p>De plus, le contact rapproch\u00e9 avec le parent favorise le lien affectif, essentiel pour le d\u00e9veloppement \u00e9motionnel. En portant votre enfant, vous l&rsquo;aidez \u00e0 se sentir en s\u00e9curit\u00e9 tout en lui offrant une vue panoramique sur le monde qui l&rsquo;entoure.<\/p>\n<blockquote><p>\n  \u00ab\u00a0Le contact rapproch\u00e9 entre le parent et l&rsquo;enfant favorise un lien affectif fort, essentiel pour le d\u00e9veloppement.\u00a0\u00bb &#8211; Psychologue infantile\n<\/p><\/blockquote>\n<h3>FAQ :<\/h3>\n<blockquote>\n<ul>\n<li><strong>Quel \u00e2ge convient le mieux pour utiliser le cuby porte-b\u00e9b\u00e9 hamac ?<\/strong>Il est adapt\u00e9 d\u00e8s la naissance jusqu&rsquo;\u00e0 environ 18 mois, en fonction du poids de l&rsquo;enfant.<\/li>\n<li><strong>Est-il facile \u00e0 laver ?<\/strong>Oui, les mat\u00e9riaux peuvent \u00eatre lav\u00e9s en machine, ce qui facilite l&rsquo;entretien.<\/li>\n<li><strong>Peut-on l&rsquo;utiliser pour de longues promenades ?<\/strong>Oui, gr\u00e2ce \u00e0 son confort ergonomique, il est id\u00e9al pour les longues sorties.<\/li>\n<li><strong>Est-ce que c&rsquo;est s\u00e9curitaire pour le b\u00e9b\u00e9 ?<\/strong>Oui, le cuby porte-b\u00e9b\u00e9 hamac respecte les normes de s\u00e9curit\u00e9 en vigueur.<\/li>\n<\/ul>\n<\/blockquote>\n<h2>Conclusion : Le choix judicieux pour les parents<\/h2>\n<p>Opter pour un <strong>cuby porte-b\u00e9b\u00e9 hamac<\/strong> repr\u00e9sente un choix judicieux pour les parents soucieux du confort de leur enfant. En alliant ergonomie, praticit\u00e9 et esth\u00e9tique, ce porte-b\u00e9b\u00e9 r\u00e9pond \u00e0 toutes les attentes. Que ce soit pour une courte balade ou une journ\u00e9e enti\u00e8re d&rsquo;exploration, il s&rsquo;av\u00e8re \u00eatre un compagnon de choix. N&rsquo;attendez plus pour d\u00e9couvrir les bienfaits d&rsquo;un portage confortable et s\u00e9curis\u00e9.<\/p>\n","protected":false},"excerpt":{"rendered":"","protected":false},"author":34,"featured_media":10282,"comment_status":"open","ping_status":"open","sticky":false,"template":"","format":"standard","meta":{"_acf_changed":false,"manual_indexmenow":false,"indexmenow_id_project":0,"footnotes":""},"categories":[1],"tags":[3747,5796,5364,5797,4758,4498],"class_list":["post-8770","post","type-post","status-publish","format-standard","has-post-thumbnail","hentry","category-a-la-une","tag-confort","tag-cuby","tag-ergonomique","tag-hamac","tag-porte-bebe","tag-praticite","generate-columns","tablet-grid-50","mobile-grid-100","grid-parent","grid-25"],"acf":[],"yoast_head":"<!-- This site is optimized with the Yoast SEO Premium plugin v21.3 (Yoast SEO v27.3) - https:\/\/yoast.com\/product\/yoast-seo-premium-wordpress\/ -->\n<title>Le Cuby Porte-B\u00e9b\u00e9 Hamac<\/title>\n<meta name=\"description\" content=\"Le cuby porte-b\u00e9b\u00e9 hamac se pr\u00e9sente comme une solution id\u00e9ale. Offrant un soutien optimal et un espace agr\u00e9able pour votre enfant, ce type de porte-b\u00e9b\u00e9\u2026\" \/>\n<meta name=\"robots\" content=\"index, follow, max-snippet:-1, max-image-preview:large, max-video-preview:-1\" \/>\n<link rel=\"canonical\" href=\"https:\/\/bart-et-lemy.com\/blog\/a-la-une\/le-cuby-porte-bebe-hamac-un-confort-inegale-pour-vous-et-votre-bebe\/\" \/>\n<meta property=\"og:locale\" content=\"fr_FR\" \/>\n<meta property=\"og:type\" content=\"article\" \/>\n<meta property=\"og:title\" content=\"Le Cuby Porte-B\u00e9b\u00e9 Hamac\" \/>\n<meta property=\"og:description\" content=\"Le cuby porte-b\u00e9b\u00e9 hamac se pr\u00e9sente comme une solution id\u00e9ale. Offrant un soutien optimal et un espace agr\u00e9able pour votre enfant, ce type de porte-b\u00e9b\u00e9\u2026\" \/>\n<meta property=\"og:url\" content=\"https:\/\/bart-et-lemy.com\/blog\/a-la-une\/le-cuby-porte-bebe-hamac-un-confort-inegale-pour-vous-et-votre-bebe\/\" \/>\n<meta property=\"og:site_name\" content=\"bart-et-lemy.com\" \/>\n<meta property=\"og:image\" content=\"https:\/\/bart-et-lemy.com\/blog\/wp-content\/uploads\/2025\/04\/sdxl-4a062ef0f05537c0f12ba58f0def13cb.png\" \/>\n\t<meta property=\"og:image:width\" content=\"1536\" \/>\n\t<meta property=\"og:image:height\" content=\"640\" \/>\n\t<meta property=\"og:image:type\" content=\"image\/png\" \/>\n<meta name=\"author\" content=\"Elodie Mazeau\" \/>\n<meta name=\"twitter:card\" content=\"summary_large_image\" \/>\n<script type=\"application\/ld+json\" class=\"yoast-schema-graph\">{\"@context\":\"https:\\\/\\\/schema.org\",\"@graph\":[{\"@type\":\"NewsArticle\",\"@id\":\"https:\\\/\\\/bart-et-lemy.com\\\/blog\\\/a-la-une\\\/le-cuby-porte-bebe-hamac-un-confort-inegale-pour-vous-et-votre-bebe\\\/#article\",\"isPartOf\":{\"@id\":\"https:\\\/\\\/bart-et-lemy.com\\\/blog\\\/a-la-une\\\/le-cuby-porte-bebe-hamac-un-confort-inegale-pour-vous-et-votre-bebe\\\/\"},\"author\":{\"name\":\"Elodie Mazeau\",\"@id\":\"https:\\\/\\\/bart-et-lemy.com\\\/blog\\\/#\\\/schema\\\/person\\\/3c864cdc320801e3db34b663e7e3f816\"},\"headline\":\"Le Cuby Porte-B\u00e9b\u00e9 Hamac : Un Confort In\u00e9gal\u00e9 pour Vous et Votre B\u00e9b\u00e9\",\"datePublished\":\"2025-03-20T17:39:00+00:00\",\"mainEntityOfPage\":{\"@id\":\"https:\\\/\\\/bart-et-lemy.com\\\/blog\\\/a-la-une\\\/le-cuby-porte-bebe-hamac-un-confort-inegale-pour-vous-et-votre-bebe\\\/\"},\"wordCount\":542,\"commentCount\":21,\"publisher\":{\"@id\":\"https:\\\/\\\/bart-et-lemy.com\\\/blog\\\/#organization\"},\"image\":{\"@id\":\"https:\\\/\\\/bart-et-lemy.com\\\/blog\\\/a-la-une\\\/le-cuby-porte-bebe-hamac-un-confort-inegale-pour-vous-et-votre-bebe\\\/#primaryimage\"},\"thumbnailUrl\":\"https:\\\/\\\/bart-et-lemy.com\\\/blog\\\/wp-content\\\/uploads\\\/2025\\\/04\\\/sdxl-4a062ef0f05537c0f12ba58f0def13cb.png\",\"keywords\":[\"Confort\",\"Cuby\",\"Ergonomique\",\"Hamac\",\"Porte B\u00e9b\u00e9\",\"Praticit\u00e9\"],\"articleSection\":[\"\u00c0 la une\"],\"inLanguage\":\"fr-FR\",\"potentialAction\":[{\"@type\":\"CommentAction\",\"name\":\"Comment\",\"target\":[\"https:\\\/\\\/bart-et-lemy.com\\\/blog\\\/a-la-une\\\/le-cuby-porte-bebe-hamac-un-confort-inegale-pour-vous-et-votre-bebe\\\/#respond\"]}]},{\"@type\":\"WebPage\",\"@id\":\"https:\\\/\\\/bart-et-lemy.com\\\/blog\\\/a-la-une\\\/le-cuby-porte-bebe-hamac-un-confort-inegale-pour-vous-et-votre-bebe\\\/\",\"url\":\"https:\\\/\\\/bart-et-lemy.com\\\/blog\\\/a-la-une\\\/le-cuby-porte-bebe-hamac-un-confort-inegale-pour-vous-et-votre-bebe\\\/\",\"name\":\"Le Cuby Porte-B\u00e9b\u00e9 Hamac\",\"isPartOf\":{\"@id\":\"https:\\\/\\\/bart-et-lemy.com\\\/blog\\\/#website\"},\"primaryImageOfPage\":{\"@id\":\"https:\\\/\\\/bart-et-lemy.com\\\/blog\\\/a-la-une\\\/le-cuby-porte-bebe-hamac-un-confort-inegale-pour-vous-et-votre-bebe\\\/#primaryimage\"},\"image\":{\"@id\":\"https:\\\/\\\/bart-et-lemy.com\\\/blog\\\/a-la-une\\\/le-cuby-porte-bebe-hamac-un-confort-inegale-pour-vous-et-votre-bebe\\\/#primaryimage\"},\"thumbnailUrl\":\"https:\\\/\\\/bart-et-lemy.com\\\/blog\\\/wp-content\\\/uploads\\\/2025\\\/04\\\/sdxl-4a062ef0f05537c0f12ba58f0def13cb.png\",\"datePublished\":\"2025-03-20T17:39:00+00:00\",\"description\":\"Le cuby porte-b\u00e9b\u00e9 hamac se pr\u00e9sente comme une solution id\u00e9ale. Offrant un soutien optimal et un espace agr\u00e9able pour votre enfant, ce type de porte-b\u00e9b\u00e9\u2026\",\"inLanguage\":\"fr-FR\",\"potentialAction\":[{\"@type\":\"ReadAction\",\"target\":[\"https:\\\/\\\/bart-et-lemy.com\\\/blog\\\/a-la-une\\\/le-cuby-porte-bebe-hamac-un-confort-inegale-pour-vous-et-votre-bebe\\\/\"]}]},{\"@type\":\"ImageObject\",\"inLanguage\":\"fr-FR\",\"@id\":\"https:\\\/\\\/bart-et-lemy.com\\\/blog\\\/a-la-une\\\/le-cuby-porte-bebe-hamac-un-confort-inegale-pour-vous-et-votre-bebe\\\/#primaryimage\",\"url\":\"https:\\\/\\\/bart-et-lemy.com\\\/blog\\\/wp-content\\\/uploads\\\/2025\\\/04\\\/sdxl-4a062ef0f05537c0f12ba58f0def13cb.png\",\"contentUrl\":\"https:\\\/\\\/bart-et-lemy.com\\\/blog\\\/wp-content\\\/uploads\\\/2025\\\/04\\\/sdxl-4a062ef0f05537c0f12ba58f0def13cb.png\",\"width\":1536,\"height\":640},{\"@type\":\"WebSite\",\"@id\":\"https:\\\/\\\/bart-et-lemy.com\\\/blog\\\/#website\",\"url\":\"https:\\\/\\\/bart-et-lemy.com\\\/blog\\\/\",\"name\":\"Bart et Lemy\",\"description\":\"L\u2019originalit\u00e9 en toute libert\u00e9.\",\"publisher\":{\"@id\":\"https:\\\/\\\/bart-et-lemy.com\\\/blog\\\/#organization\"},\"alternateName\":\"Conseils parentaux, astuces famille et bien-\u00eatre enfant\",\"potentialAction\":[{\"@type\":\"SearchAction\",\"target\":{\"@type\":\"EntryPoint\",\"urlTemplate\":\"https:\\\/\\\/bart-et-lemy.com\\\/blog\\\/?s={search_term_string}\"},\"query-input\":{\"@type\":\"PropertyValueSpecification\",\"valueRequired\":true,\"valueName\":\"search_term_string\"}}],\"inLanguage\":\"fr-FR\"},{\"@type\":\"Organization\",\"@id\":\"https:\\\/\\\/bart-et-lemy.com\\\/blog\\\/#organization\",\"name\":\"Bart et Lemy\",\"alternateName\":\"bart-et-lemy.com\",\"url\":\"https:\\\/\\\/bart-et-lemy.com\\\/blog\\\/\",\"logo\":{\"@type\":\"ImageObject\",\"inLanguage\":\"fr-FR\",\"@id\":\"https:\\\/\\\/bart-et-lemy.com\\\/blog\\\/#\\\/schema\\\/logo\\\/image\\\/\",\"url\":\"https:\\\/\\\/bart-et-lemy.com\\\/blog\\\/wp-content\\\/uploads\\\/2026\\\/07\\\/logo-auto.png\",\"contentUrl\":\"https:\\\/\\\/bart-et-lemy.com\\\/blog\\\/wp-content\\\/uploads\\\/2026\\\/07\\\/logo-auto.png\",\"width\":1024,\"height\":1024,\"caption\":\"Bart et Lemy\"},\"image\":{\"@id\":\"https:\\\/\\\/bart-et-lemy.com\\\/blog\\\/#\\\/schema\\\/logo\\\/image\\\/\"}},{\"@type\":\"Person\",\"@id\":\"https:\\\/\\\/bart-et-lemy.com\\\/blog\\\/#\\\/schema\\\/person\\\/3c864cdc320801e3db34b663e7e3f816\",\"name\":\"Elodie Mazeau\",\"image\":{\"@type\":\"ImageObject\",\"inLanguage\":\"fr-FR\",\"@id\":\"https:\\\/\\\/bart-et-lemy.com\\\/blog\\\/wp-content\\\/uploads\\\/2026\\\/06\\\/persona_elodie-m-96x96.jpg\",\"url\":\"https:\\\/\\\/bart-et-lemy.com\\\/blog\\\/wp-content\\\/uploads\\\/2026\\\/06\\\/persona_elodie-m-96x96.jpg\",\"contentUrl\":\"https:\\\/\\\/bart-et-lemy.com\\\/blog\\\/wp-content\\\/uploads\\\/2026\\\/06\\\/persona_elodie-m-96x96.jpg\",\"caption\":\"Elodie Mazeau\"},\"description\":\"J'\u00e9cris sur la parentalit\u00e9 telle qu'elle se vit vraiment, du premier biberon aux premi\u00e8res col\u00e8res. Mes sujets de pr\u00e9dilection couvrent le quotidien des familles : sommeil, alimentation, organisation, pu\u00e9riculture et ces petites gal\u00e8res que tout parent conna\u00eet. Depuis plusieurs ann\u00e9es, je m'attache \u00e0 proposer des rep\u00e8res concrets plut\u00f4t que des le\u00e7ons, parce que chaque famille trouve son propre \u00e9quilibre. Je v\u00e9rifie mes informations aupr\u00e8s de sources fiables, surtout d\u00e8s qu'on touche \u00e0 la sant\u00e9 ou \u00e0 la s\u00e9curit\u00e9 de l'enfant, et je pr\u00e9cise quand un avis professionnel s'impose. J'\u00e9vite soigneusement la culpabilisation : \u00eatre parent est d\u00e9j\u00e0 assez exigeant. Mon ton se veut complice et bienveillant, un peu comme une discussion entre parents qui se comprennent. L'id\u00e9e est d'all\u00e9ger la charge mentale en donnant des solutions simples et test\u00e9es.\",\"sameAs\":[\"https:\\\/\\\/elodiemazeau.fr\\\/\"],\"url\":\"https:\\\/\\\/bart-et-lemy.com\\\/blog\\\/auteur\\\/noname\\\/\"}]}<\/script>\n<!-- \/ Yoast SEO Premium plugin. -->","yoast_head_json":{"title":"Le Cuby Porte-B\u00e9b\u00e9 Hamac","description":"Le cuby porte-b\u00e9b\u00e9 hamac se pr\u00e9sente comme une solution id\u00e9ale. Offrant un soutien optimal et un espace agr\u00e9able pour votre enfant, ce type de porte-b\u00e9b\u00e9\u2026","robots":{"index":"index","follow":"follow","max-snippet":"max-snippet:-1","max-image-preview":"max-image-preview:large","max-video-preview":"max-video-preview:-1"},"canonical":"https:\/\/bart-et-lemy.com\/blog\/a-la-une\/le-cuby-porte-bebe-hamac-un-confort-inegale-pour-vous-et-votre-bebe\/","og_locale":"fr_FR","og_type":"article","og_title":"Le Cuby Porte-B\u00e9b\u00e9 Hamac","og_description":"Le cuby porte-b\u00e9b\u00e9 hamac se pr\u00e9sente comme une solution id\u00e9ale. Offrant un soutien optimal et un espace agr\u00e9able pour votre enfant, ce type de porte-b\u00e9b\u00e9\u2026","og_url":"https:\/\/bart-et-lemy.com\/blog\/a-la-une\/le-cuby-porte-bebe-hamac-un-confort-inegale-pour-vous-et-votre-bebe\/","og_site_name":"bart-et-lemy.com","og_image":[{"width":1536,"height":640,"url":"https:\/\/bart-et-lemy.com\/blog\/wp-content\/uploads\/2025\/04\/sdxl-4a062ef0f05537c0f12ba58f0def13cb.png","type":"image\/png"}],"author":"Elodie Mazeau","twitter_card":"summary_large_image","schema":{"@context":"https:\/\/schema.org","@graph":[{"@type":"NewsArticle","@id":"https:\/\/bart-et-lemy.com\/blog\/a-la-une\/le-cuby-porte-bebe-hamac-un-confort-inegale-pour-vous-et-votre-bebe\/#article","isPartOf":{"@id":"https:\/\/bart-et-lemy.com\/blog\/a-la-une\/le-cuby-porte-bebe-hamac-un-confort-inegale-pour-vous-et-votre-bebe\/"},"author":{"name":"Elodie Mazeau","@id":"https:\/\/bart-et-lemy.com\/blog\/#\/schema\/person\/3c864cdc320801e3db34b663e7e3f816"},"headline":"Le Cuby Porte-B\u00e9b\u00e9 Hamac : Un Confort In\u00e9gal\u00e9 pour Vous et Votre B\u00e9b\u00e9","datePublished":"2025-03-20T17:39:00+00:00","mainEntityOfPage":{"@id":"https:\/\/bart-et-lemy.com\/blog\/a-la-une\/le-cuby-porte-bebe-hamac-un-confort-inegale-pour-vous-et-votre-bebe\/"},"wordCount":542,"commentCount":21,"publisher":{"@id":"https:\/\/bart-et-lemy.com\/blog\/#organization"},"image":{"@id":"https:\/\/bart-et-lemy.com\/blog\/a-la-une\/le-cuby-porte-bebe-hamac-un-confort-inegale-pour-vous-et-votre-bebe\/#primaryimage"},"thumbnailUrl":"https:\/\/bart-et-lemy.com\/blog\/wp-content\/uploads\/2025\/04\/sdxl-4a062ef0f05537c0f12ba58f0def13cb.png","keywords":["Confort","Cuby","Ergonomique","Hamac","Porte B\u00e9b\u00e9","Praticit\u00e9"],"articleSection":["\u00c0 la une"],"inLanguage":"fr-FR","potentialAction":[{"@type":"CommentAction","name":"Comment","target":["https:\/\/bart-et-lemy.com\/blog\/a-la-une\/le-cuby-porte-bebe-hamac-un-confort-inegale-pour-vous-et-votre-bebe\/#respond"]}]},{"@type":"WebPage","@id":"https:\/\/bart-et-lemy.com\/blog\/a-la-une\/le-cuby-porte-bebe-hamac-un-confort-inegale-pour-vous-et-votre-bebe\/","url":"https:\/\/bart-et-lemy.com\/blog\/a-la-une\/le-cuby-porte-bebe-hamac-un-confort-inegale-pour-vous-et-votre-bebe\/","name":"Le Cuby Porte-B\u00e9b\u00e9 Hamac","isPartOf":{"@id":"https:\/\/bart-et-lemy.com\/blog\/#website"},"primaryImageOfPage":{"@id":"https:\/\/bart-et-lemy.com\/blog\/a-la-une\/le-cuby-porte-bebe-hamac-un-confort-inegale-pour-vous-et-votre-bebe\/#primaryimage"},"image":{"@id":"https:\/\/bart-et-lemy.com\/blog\/a-la-une\/le-cuby-porte-bebe-hamac-un-confort-inegale-pour-vous-et-votre-bebe\/#primaryimage"},"thumbnailUrl":"https:\/\/bart-et-lemy.com\/blog\/wp-content\/uploads\/2025\/04\/sdxl-4a062ef0f05537c0f12ba58f0def13cb.png","datePublished":"2025-03-20T17:39:00+00:00","description":"Le cuby porte-b\u00e9b\u00e9 hamac se pr\u00e9sente comme une solution id\u00e9ale. Offrant un soutien optimal et un espace agr\u00e9able pour votre enfant, ce type de porte-b\u00e9b\u00e9\u2026","inLanguage":"fr-FR","potentialAction":[{"@type":"ReadAction","target":["https:\/\/bart-et-lemy.com\/blog\/a-la-une\/le-cuby-porte-bebe-hamac-un-confort-inegale-pour-vous-et-votre-bebe\/"]}]},{"@type":"ImageObject","inLanguage":"fr-FR","@id":"https:\/\/bart-et-lemy.com\/blog\/a-la-une\/le-cuby-porte-bebe-hamac-un-confort-inegale-pour-vous-et-votre-bebe\/#primaryimage","url":"https:\/\/bart-et-lemy.com\/blog\/wp-content\/uploads\/2025\/04\/sdxl-4a062ef0f05537c0f12ba58f0def13cb.png","contentUrl":"https:\/\/bart-et-lemy.com\/blog\/wp-content\/uploads\/2025\/04\/sdxl-4a062ef0f05537c0f12ba58f0def13cb.png","width":1536,"height":640},{"@type":"WebSite","@id":"https:\/\/bart-et-lemy.com\/blog\/#website","url":"https:\/\/bart-et-lemy.com\/blog\/","name":"Bart et Lemy","description":"L\u2019originalit\u00e9 en toute libert\u00e9.","publisher":{"@id":"https:\/\/bart-et-lemy.com\/blog\/#organization"},"alternateName":"Conseils parentaux, astuces famille et bien-\u00eatre enfant","potentialAction":[{"@type":"SearchAction","target":{"@type":"EntryPoint","urlTemplate":"https:\/\/bart-et-lemy.com\/blog\/?s={search_term_string}"},"query-input":{"@type":"PropertyValueSpecification","valueRequired":true,"valueName":"search_term_string"}}],"inLanguage":"fr-FR"},{"@type":"Organization","@id":"https:\/\/bart-et-lemy.com\/blog\/#organization","name":"Bart et Lemy","alternateName":"bart-et-lemy.com","url":"https:\/\/bart-et-lemy.com\/blog\/","logo":{"@type":"ImageObject","inLanguage":"fr-FR","@id":"https:\/\/bart-et-lemy.com\/blog\/#\/schema\/logo\/image\/","url":"https:\/\/bart-et-lemy.com\/blog\/wp-content\/uploads\/2026\/07\/logo-auto.png","contentUrl":"https:\/\/bart-et-lemy.com\/blog\/wp-content\/uploads\/2026\/07\/logo-auto.png","width":1024,"height":1024,"caption":"Bart et Lemy"},"image":{"@id":"https:\/\/bart-et-lemy.com\/blog\/#\/schema\/logo\/image\/"}},{"@type":"Person","@id":"https:\/\/bart-et-lemy.com\/blog\/#\/schema\/person\/3c864cdc320801e3db34b663e7e3f816","name":"Elodie Mazeau","image":{"@type":"ImageObject","inLanguage":"fr-FR","@id":"https:\/\/bart-et-lemy.com\/blog\/wp-content\/uploads\/2026\/06\/persona_elodie-m-96x96.jpg","url":"https:\/\/bart-et-lemy.com\/blog\/wp-content\/uploads\/2026\/06\/persona_elodie-m-96x96.jpg","contentUrl":"https:\/\/bart-et-lemy.com\/blog\/wp-content\/uploads\/2026\/06\/persona_elodie-m-96x96.jpg","caption":"Elodie Mazeau"},"description":"J'\u00e9cris sur la parentalit\u00e9 telle qu'elle se vit vraiment, du premier biberon aux premi\u00e8res col\u00e8res. Mes sujets de pr\u00e9dilection couvrent le quotidien des familles : sommeil, alimentation, organisation, pu\u00e9riculture et ces petites gal\u00e8res que tout parent conna\u00eet. Depuis plusieurs ann\u00e9es, je m'attache \u00e0 proposer des rep\u00e8res concrets plut\u00f4t que des le\u00e7ons, parce que chaque famille trouve son propre \u00e9quilibre. Je v\u00e9rifie mes informations aupr\u00e8s de sources fiables, surtout d\u00e8s qu'on touche \u00e0 la sant\u00e9 ou \u00e0 la s\u00e9curit\u00e9 de l'enfant, et je pr\u00e9cise quand un avis professionnel s'impose. J'\u00e9vite soigneusement la culpabilisation : \u00eatre parent est d\u00e9j\u00e0 assez exigeant. Mon ton se veut complice et bienveillant, un peu comme une discussion entre parents qui se comprennent. L'id\u00e9e est d'all\u00e9ger la charge mentale en donnant des solutions simples et test\u00e9es.","sameAs":["https:\/\/elodiemazeau.fr\/"],"url":"https:\/\/bart-et-lemy.com\/blog\/auteur\/noname\/"}]}},"_links":{"self":[{"href":"https:\/\/bart-et-lemy.com\/blog\/wp-json\/wp\/v2\/posts\/8770","targetHints":{"allow":["GET"]}}],"collection":[{"href":"https:\/\/bart-et-lemy.com\/blog\/wp-json\/wp\/v2\/posts"}],"about":[{"href":"https:\/\/bart-et-lemy.com\/blog\/wp-json\/wp\/v2\/types\/post"}],"author":[{"embeddable":true,"href":"https:\/\/bart-et-lemy.com\/blog\/wp-json\/wp\/v2\/users\/34"}],"replies":[{"embeddable":true,"href":"https:\/\/bart-et-lemy.com\/blog\/wp-json\/wp\/v2\/comments?post=8770"}],"version-history":[{"count":1,"href":"https:\/\/bart-et-lemy.com\/blog\/wp-json\/wp\/v2\/posts\/8770\/revisions"}],"predecessor-version":[{"id":10084,"href":"https:\/\/bart-et-lemy.com\/blog\/wp-json\/wp\/v2\/posts\/8770\/revisions\/10084"}],"wp:featuredmedia":[{"embeddable":true,"href":"https:\/\/bart-et-lemy.com\/blog\/wp-json\/wp\/v2\/media\/10282"}],"wp:attachment":[{"href":"https:\/\/bart-et-lemy.com\/blog\/wp-json\/wp\/v2\/media?parent=8770"}],"wp:term":[{"taxonomy":"category","embeddable":true,"href":"https:\/\/bart-et-lemy.com\/blog\/wp-json\/wp\/v2\/categories?post=8770"},{"taxonomy":"post_tag","embeddable":true,"href":"https:\/\/bart-et-lemy.com\/blog\/wp-json\/wp\/v2\/tags?post=8770"}],"curies":[{"name":"wp","href":"https:\/\/api.w.org\/{rel}","templated":true}]}}