{"id":8793,"date":"2025-04-06T18:19:00","date_gmt":"2025-04-06T16:19:00","guid":{"rendered":"https:\/\/bart-et-lemy.com\/blog\/?p=8793"},"modified":"2025-02-10T17:01:58","modified_gmt":"2025-02-10T16:01:58","slug":"bebe-de-15-mois-qui-se-bouche-les-oreilles-causes-et-solutions-pratiques","status":"publish","type":"post","link":"https:\/\/bart-et-lemy.com\/blog\/a-la-une\/bebe-de-15-mois-qui-se-bouche-les-oreilles-causes-et-solutions-pratiques\/","title":{"rendered":"B\u00e9b\u00e9 de 15 mois qui se bouche les oreilles : causes et solutions pratiques"},"content":{"rendered":"<p>Ce comportement peut surprendre les parents, qui s&rsquo;interrogent souvent sur les raisons derri\u00e8re cette action. Cet article explore les causes possibles de ce comportement, comment y r\u00e9agir, et des conseils pratiques pour aider votre enfant \u00e0 g\u00e9rer ses sensations auditives.<\/p>\n<h2>Pourquoi un b\u00e9b\u00e9 se bouche-t-il les oreilles ?<\/h2>\n<p>Les b\u00e9b\u00e9s explorent le monde qui les entoure et r\u00e9agissent \u00e0 diff\u00e9rents stimuli. Se boucher les oreilles peut \u00eatre une fa\u00e7on pour eux de s&rsquo;isoler de sons per\u00e7us comme trop forts ou d\u00e9sagr\u00e9ables. \u00c0 cet \u00e2ge, leur sensibilit\u00e9 auditive se d\u00e9veloppe, et ils commencent \u00e0 comprendre les bruits environnants.<\/p>\n<blockquote class=\"wp-embedded-content\" data-secret=\"ZFImRPf0oV\"><p><a href=\"https:\/\/bart-et-lemy.com\/blog\/a-la-une\/les-couches-lavables-pour-bebe-un-choix-eco-responsable-et-economique\/\">Les couches lavables pour b\u00e9b\u00e9 : un choix \u00e9co-responsable et \u00e9conomique<\/a><\/p><\/blockquote>\n<p><iframe loading=\"lazy\" class=\"wp-embedded-content\" sandbox=\"allow-scripts\" security=\"restricted\" style=\"position: absolute; visibility: hidden;\" title=\"\u00ab\u00a0Les couches lavables pour b\u00e9b\u00e9 : un choix \u00e9co-responsable et \u00e9conomique\u00a0\u00bb &#8212; bart-et-lemy.com\" src=\"https:\/\/bart-et-lemy.com\/blog\/a-la-une\/les-couches-lavables-pour-bebe-un-choix-eco-responsable-et-economique\/embed\/#?secret=OXFai1RwRj#?secret=ZFImRPf0oV\" data-secret=\"ZFImRPf0oV\" width=\"600\" height=\"338\" frameborder=\"0\" marginwidth=\"0\" marginheight=\"0\" scrolling=\"no\"><\/iframe><\/p>\n<p>Voici quelques raisons courantes expliquant ce comportement :<\/p>\n<ul>\n<li><strong>R\u00e9action \u00e0 des bruits forts :<\/strong> Un b\u00e9b\u00e9 peut se boucher les oreilles pour \u00e9viter des sons d\u00e9sagr\u00e9ables, comme un aspirateur ou une musique forte.<\/li>\n<li><strong>Exploration sensorielle :<\/strong> Les b\u00e9b\u00e9s d\u00e9couvrent leur corps et se rendent compte que se boucher les oreilles change la fa\u00e7on dont ils per\u00e7oivent le son.<\/li>\n<li><strong>Stress ou anxi\u00e9t\u00e9 :<\/strong> Dans certaines situations, le bruit peut \u00eatre associ\u00e9 \u00e0 une exp\u00e9rience stressante, ce qui pousse l&rsquo;enfant \u00e0 se prot\u00e9ger auditivement.<\/li>\n<\/ul>\n<h2>Comment r\u00e9agir face \u00e0 ce comportement ?<\/h2>\n<p>Il est essentiel de r\u00e9pondre avec calme et empathie lorsque votre enfant se bouche les oreilles. Voici quelques conseils \u00e0 suivre :<\/p>\n<ul>\n<li><strong>Restez calme :<\/strong> Montrez \u00e0 votre enfant que vous comprenez son inconfort sans aggraver la situation.<\/li>\n<li><strong>\u00c9valuez l&rsquo;environnement :<\/strong> Identifiez les bruits qui pourraient d\u00e9ranger votre enfant et essayez de les r\u00e9duire ou de les \u00e9liminer.<\/li>\n<li><strong>Encouragez l&rsquo;expression :<\/strong> Apprenez \u00e0 votre enfant \u00e0 exprimer ses \u00e9motions et ses sensations, cela peut l&rsquo;aider \u00e0 se sentir en s\u00e9curit\u00e9.<\/li>\n<\/ul>\n<h2>Des solutions pour aider votre b\u00e9b\u00e9<\/h2>\n<p>Pour aider votre b\u00e9b\u00e9 \u00e0 mieux vivre avec des bruits qui le d\u00e9rangent, voici quelques strat\u00e9gies pratiques :<\/p>\n<blockquote class=\"wp-embedded-content\" data-secret=\"b3YPIp219f\"><p><a href=\"https:\/\/bart-et-lemy.com\/blog\/a-la-une\/le-lien-precieux-entre-bebe-et-maman-une-aventure-unique\/\">Le lien pr\u00e9cieux entre b\u00e9b\u00e9 et maman : une aventure unique<\/a><\/p><\/blockquote>\n<p><iframe loading=\"lazy\" class=\"wp-embedded-content\" sandbox=\"allow-scripts\" security=\"restricted\" style=\"position: absolute; visibility: hidden;\" title=\"\u00ab\u00a0Le lien pr\u00e9cieux entre b\u00e9b\u00e9 et maman : une aventure unique\u00a0\u00bb &#8212; bart-et-lemy.com\" src=\"https:\/\/bart-et-lemy.com\/blog\/a-la-une\/le-lien-precieux-entre-bebe-et-maman-une-aventure-unique\/embed\/#?secret=X7JLeY97E0#?secret=b3YPIp219f\" data-secret=\"b3YPIp219f\" width=\"600\" height=\"338\" frameborder=\"0\" marginwidth=\"0\" marginheight=\"0\" scrolling=\"no\"><\/iframe><\/p>\n<ul>\n<li><strong>Cr\u00e9er un espace calme :<\/strong> Am\u00e9nagez un coin tranquille o\u00f9 votre enfant peut se retirer lorsqu&rsquo;il se sent submerg\u00e9 par le bruit.<\/li>\n<li><strong>Utiliser des \u00e9couteurs :<\/strong> Pour certains moments, des \u00e9couteurs adapt\u00e9s peuvent aider \u00e0 att\u00e9nuer les sons trop forts.<\/li>\n<li><strong>Pratiquer la relaxation :<\/strong> Initiez des exercices de relaxation ou des activit\u00e9s calmes, comme lire un livre, pour aider votre enfant \u00e0 se d\u00e9tendre.<\/li>\n<\/ul>\n<h2>Un comportement normal \u00e0 cet \u00e2ge<\/h2>\n<p>Il est important de rappeler que se boucher les oreilles est g\u00e9n\u00e9ralement un comportement normal \u00e0 cet \u00e2ge. La plupart des enfants traversent cette phase sans qu&rsquo;il ne s&rsquo;agisse d&rsquo;un probl\u00e8me de sant\u00e9. Cependant, si ce comportement persiste ou s&rsquo;accompagne d&rsquo;autres signes inqui\u00e9tants, il serait judicieux de consulter un p\u00e9diatre.<\/p>\n<blockquote>\n<p>\u00ab\u00a0Les enfants apprennent \u00e0 g\u00e9rer leurs \u00e9motions et leurs sensations \u00e0 travers leurs exp\u00e9riences quotidiennes.\u00a0\u00bb \u2013 Psychologue infantile<\/p>\n<\/blockquote>\n<h3>FAQ :<\/h3>\n<blockquote>\n<ul>\n<li><strong>Pourquoi mon b\u00e9b\u00e9 se bouche-t-il les oreilles ?<\/strong> Cela peut \u00eatre une r\u00e9action \u00e0 des sons forts, une exploration sensorielle ou un moyen de g\u00e9rer l&rsquo;anxi\u00e9t\u00e9.<\/li>\n<li><strong>Comment aider mon enfant \u00e0 ne plus se boucher les oreilles ?<\/strong> Cr\u00e9ez un environnement calme, utilisez des \u00e9couteurs et encouragez l&rsquo;expression de ses \u00e9motions.<\/li>\n<li><strong>Est-ce que c&rsquo;est un comportement normal ?<\/strong> Oui, c&rsquo;est courant chez les b\u00e9b\u00e9s de 15 mois.<\/li>\n<li><strong>Quand devrais-je m&rsquo;inqui\u00e9ter ?<\/strong> Si cela persiste ou s&rsquo;accompagne d&rsquo;autres sympt\u00f4mes inqui\u00e9tants, consultez un p\u00e9diatre.<\/li>\n<\/ul>\n<\/blockquote>\n<h2>Tableau r\u00e9capitulatif des strat\u00e9gies<\/h2>\n<table>\n<tr>\n<th>Strat\u00e9gie<\/th>\n<th>Description<\/th>\n<th>Objectif<\/th>\n<\/tr>\n<tr>\n<td>Cr\u00e9er un espace calme<\/td>\n<td>Am\u00e9nager un coin tranquille pour des moments de repos.<\/td>\n<td>R\u00e9duire l&rsquo;anxi\u00e9t\u00e9 li\u00e9e aux bruits.<\/td>\n<\/tr>\n<tr>\n<td>Utiliser des \u00e9couteurs<\/td>\n<td>Prot\u00e9ger les oreilles des sons forts.<\/td>\n<td>Aider \u00e0 la gestion des bruits.<\/td>\n<\/tr>\n<tr>\n<td>Pratiquer la relaxation<\/td>\n<td>Engager des activit\u00e9s apaisantes.<\/td>\n<td>Encourager le calme et la s\u00e9r\u00e9nit\u00e9.<\/td>\n<\/tr>\n<\/table>\n<p>En somme, comprendre pourquoi votre b\u00e9b\u00e9 se bouche les oreilles permet de mieux appr\u00e9hender ses r\u00e9actions. Avec patience et attention, vous pouvez l&rsquo;aider \u00e0 g\u00e9rer ses sensations auditives. \u00c9coutez ses besoins et, surtout, restez \u00e0 ses c\u00f4t\u00e9s pour le rassurer.<\/p>\n","protected":false},"excerpt":{"rendered":"","protected":false},"author":34,"featured_media":11019,"comment_status":"open","ping_status":"open","sticky":false,"template":"","format":"standard","meta":{"_acf_changed":false,"manual_indexmenow":false,"indexmenow_id_project":0,"footnotes":""},"categories":[1],"tags":[2974,4590,5822,5129,5095,4094],"class_list":["post-8793","post","type-post","status-publish","format-standard","has-post-thumbnail","hentry","category-a-la-une","tag-anxiete","tag-bebe","tag-calme","tag-comportement","tag-oreilles","tag-relaxation","generate-columns","tablet-grid-50","mobile-grid-100","grid-parent","grid-25"],"acf":[],"yoast_head":"<!-- This site is optimized with the Yoast SEO Premium plugin v21.3 (Yoast SEO v27.3) - https:\/\/yoast.com\/product\/yoast-seo-premium-wordpress\/ -->\n<title>B\u00e9b\u00e9 de 15 mois qui se bouche les oreilles<\/title>\n<meta name=\"description\" content=\"Ce comportement peut surprendre les parents, qui s&#039;interrogent souvent sur les raisons derri\u00e8re cette action.\" \/>\n<meta name=\"robots\" content=\"index, follow, max-snippet:-1, max-image-preview:large, max-video-preview:-1\" \/>\n<link rel=\"canonical\" href=\"https:\/\/bart-et-lemy.com\/blog\/a-la-une\/bebe-de-15-mois-qui-se-bouche-les-oreilles-causes-et-solutions-pratiques\/\" \/>\n<meta property=\"og:locale\" content=\"fr_FR\" \/>\n<meta property=\"og:type\" content=\"article\" \/>\n<meta property=\"og:title\" content=\"B\u00e9b\u00e9 de 15 mois qui se bouche les oreilles\" \/>\n<meta property=\"og:description\" content=\"Ce comportement peut surprendre les parents, qui s&#039;interrogent souvent sur les raisons derri\u00e8re cette action.\" \/>\n<meta property=\"og:url\" content=\"https:\/\/bart-et-lemy.com\/blog\/a-la-une\/bebe-de-15-mois-qui-se-bouche-les-oreilles-causes-et-solutions-pratiques\/\" \/>\n<meta property=\"og:site_name\" content=\"bart-et-lemy.com\" \/>\n<meta property=\"og:image\" content=\"https:\/\/bart-et-lemy.com\/blog\/wp-content\/uploads\/2025\/05\/sdxl-22dcf9e95bf21ddbeaf31150def97f10-scaled.png\" \/>\n\t<meta property=\"og:image:width\" content=\"1200\" \/>\n\t<meta property=\"og:image:height\" content=\"500\" \/>\n\t<meta property=\"og:image:type\" content=\"image\/png\" \/>\n<meta name=\"author\" content=\"Elodie Mazeau\" \/>\n<meta name=\"twitter:card\" content=\"summary_large_image\" \/>\n<script type=\"application\/ld+json\" class=\"yoast-schema-graph\">{\"@context\":\"https:\\\/\\\/schema.org\",\"@graph\":[{\"@type\":\"NewsArticle\",\"@id\":\"https:\\\/\\\/bart-et-lemy.com\\\/blog\\\/a-la-une\\\/bebe-de-15-mois-qui-se-bouche-les-oreilles-causes-et-solutions-pratiques\\\/#article\",\"isPartOf\":{\"@id\":\"https:\\\/\\\/bart-et-lemy.com\\\/blog\\\/a-la-une\\\/bebe-de-15-mois-qui-se-bouche-les-oreilles-causes-et-solutions-pratiques\\\/\"},\"author\":{\"name\":\"Elodie Mazeau\",\"@id\":\"https:\\\/\\\/bart-et-lemy.com\\\/blog\\\/#\\\/schema\\\/person\\\/3c864cdc320801e3db34b663e7e3f816\"},\"headline\":\"B\u00e9b\u00e9 de 15 mois qui se bouche les oreilles : causes et solutions pratiques\",\"datePublished\":\"2025-04-06T16:19:00+00:00\",\"mainEntityOfPage\":{\"@id\":\"https:\\\/\\\/bart-et-lemy.com\\\/blog\\\/a-la-une\\\/bebe-de-15-mois-qui-se-bouche-les-oreilles-causes-et-solutions-pratiques\\\/\"},\"wordCount\":681,\"commentCount\":26,\"publisher\":{\"@id\":\"https:\\\/\\\/bart-et-lemy.com\\\/blog\\\/#organization\"},\"image\":{\"@id\":\"https:\\\/\\\/bart-et-lemy.com\\\/blog\\\/a-la-une\\\/bebe-de-15-mois-qui-se-bouche-les-oreilles-causes-et-solutions-pratiques\\\/#primaryimage\"},\"thumbnailUrl\":\"https:\\\/\\\/bart-et-lemy.com\\\/blog\\\/wp-content\\\/uploads\\\/2025\\\/05\\\/sdxl-22dcf9e95bf21ddbeaf31150def97f10-scaled.png\",\"keywords\":[\"Anxi\u00e9t\u00e9\",\"B\u00e9b\u00e9\",\"Calme\",\"Comportement\",\"Oreilles\",\"Relaxation\"],\"articleSection\":[\"\u00c0 la une\"],\"inLanguage\":\"fr-FR\",\"potentialAction\":[{\"@type\":\"CommentAction\",\"name\":\"Comment\",\"target\":[\"https:\\\/\\\/bart-et-lemy.com\\\/blog\\\/a-la-une\\\/bebe-de-15-mois-qui-se-bouche-les-oreilles-causes-et-solutions-pratiques\\\/#respond\"]}]},{\"@type\":\"WebPage\",\"@id\":\"https:\\\/\\\/bart-et-lemy.com\\\/blog\\\/a-la-une\\\/bebe-de-15-mois-qui-se-bouche-les-oreilles-causes-et-solutions-pratiques\\\/\",\"url\":\"https:\\\/\\\/bart-et-lemy.com\\\/blog\\\/a-la-une\\\/bebe-de-15-mois-qui-se-bouche-les-oreilles-causes-et-solutions-pratiques\\\/\",\"name\":\"B\u00e9b\u00e9 de 15 mois qui se bouche les oreilles\",\"isPartOf\":{\"@id\":\"https:\\\/\\\/bart-et-lemy.com\\\/blog\\\/#website\"},\"primaryImageOfPage\":{\"@id\":\"https:\\\/\\\/bart-et-lemy.com\\\/blog\\\/a-la-une\\\/bebe-de-15-mois-qui-se-bouche-les-oreilles-causes-et-solutions-pratiques\\\/#primaryimage\"},\"image\":{\"@id\":\"https:\\\/\\\/bart-et-lemy.com\\\/blog\\\/a-la-une\\\/bebe-de-15-mois-qui-se-bouche-les-oreilles-causes-et-solutions-pratiques\\\/#primaryimage\"},\"thumbnailUrl\":\"https:\\\/\\\/bart-et-lemy.com\\\/blog\\\/wp-content\\\/uploads\\\/2025\\\/05\\\/sdxl-22dcf9e95bf21ddbeaf31150def97f10-scaled.png\",\"datePublished\":\"2025-04-06T16:19:00+00:00\",\"description\":\"Ce comportement peut surprendre les parents, qui s'interrogent souvent sur les raisons derri\u00e8re cette action.\",\"inLanguage\":\"fr-FR\",\"potentialAction\":[{\"@type\":\"ReadAction\",\"target\":[\"https:\\\/\\\/bart-et-lemy.com\\\/blog\\\/a-la-une\\\/bebe-de-15-mois-qui-se-bouche-les-oreilles-causes-et-solutions-pratiques\\\/\"]}]},{\"@type\":\"ImageObject\",\"inLanguage\":\"fr-FR\",\"@id\":\"https:\\\/\\\/bart-et-lemy.com\\\/blog\\\/a-la-une\\\/bebe-de-15-mois-qui-se-bouche-les-oreilles-causes-et-solutions-pratiques\\\/#primaryimage\",\"url\":\"https:\\\/\\\/bart-et-lemy.com\\\/blog\\\/wp-content\\\/uploads\\\/2025\\\/05\\\/sdxl-22dcf9e95bf21ddbeaf31150def97f10-scaled.png\",\"contentUrl\":\"https:\\\/\\\/bart-et-lemy.com\\\/blog\\\/wp-content\\\/uploads\\\/2025\\\/05\\\/sdxl-22dcf9e95bf21ddbeaf31150def97f10-scaled.png\",\"width\":1200,\"height\":500},{\"@type\":\"WebSite\",\"@id\":\"https:\\\/\\\/bart-et-lemy.com\\\/blog\\\/#website\",\"url\":\"https:\\\/\\\/bart-et-lemy.com\\\/blog\\\/\",\"name\":\"Bart et Lemy\",\"description\":\"L\u2019originalit\u00e9 en toute libert\u00e9.\",\"publisher\":{\"@id\":\"https:\\\/\\\/bart-et-lemy.com\\\/blog\\\/#organization\"},\"alternateName\":\"Conseils parentaux, astuces famille et bien-\u00eatre enfant\",\"potentialAction\":[{\"@type\":\"SearchAction\",\"target\":{\"@type\":\"EntryPoint\",\"urlTemplate\":\"https:\\\/\\\/bart-et-lemy.com\\\/blog\\\/?s={search_term_string}\"},\"query-input\":{\"@type\":\"PropertyValueSpecification\",\"valueRequired\":true,\"valueName\":\"search_term_string\"}}],\"inLanguage\":\"fr-FR\"},{\"@type\":\"Organization\",\"@id\":\"https:\\\/\\\/bart-et-lemy.com\\\/blog\\\/#organization\",\"name\":\"Bart et Lemy\",\"alternateName\":\"bart-et-lemy.com\",\"url\":\"https:\\\/\\\/bart-et-lemy.com\\\/blog\\\/\",\"logo\":{\"@type\":\"ImageObject\",\"inLanguage\":\"fr-FR\",\"@id\":\"https:\\\/\\\/bart-et-lemy.com\\\/blog\\\/#\\\/schema\\\/logo\\\/image\\\/\",\"url\":\"https:\\\/\\\/bart-et-lemy.com\\\/blog\\\/wp-content\\\/uploads\\\/2026\\\/07\\\/logo-auto.png\",\"contentUrl\":\"https:\\\/\\\/bart-et-lemy.com\\\/blog\\\/wp-content\\\/uploads\\\/2026\\\/07\\\/logo-auto.png\",\"width\":1024,\"height\":1024,\"caption\":\"Bart et Lemy\"},\"image\":{\"@id\":\"https:\\\/\\\/bart-et-lemy.com\\\/blog\\\/#\\\/schema\\\/logo\\\/image\\\/\"}},{\"@type\":\"Person\",\"@id\":\"https:\\\/\\\/bart-et-lemy.com\\\/blog\\\/#\\\/schema\\\/person\\\/3c864cdc320801e3db34b663e7e3f816\",\"name\":\"Elodie Mazeau\",\"image\":{\"@type\":\"ImageObject\",\"inLanguage\":\"fr-FR\",\"@id\":\"https:\\\/\\\/bart-et-lemy.com\\\/blog\\\/wp-content\\\/uploads\\\/2026\\\/06\\\/persona_elodie-m-96x96.jpg\",\"url\":\"https:\\\/\\\/bart-et-lemy.com\\\/blog\\\/wp-content\\\/uploads\\\/2026\\\/06\\\/persona_elodie-m-96x96.jpg\",\"contentUrl\":\"https:\\\/\\\/bart-et-lemy.com\\\/blog\\\/wp-content\\\/uploads\\\/2026\\\/06\\\/persona_elodie-m-96x96.jpg\",\"caption\":\"Elodie Mazeau\"},\"description\":\"J'\u00e9cris sur la parentalit\u00e9 telle qu'elle se vit vraiment, du premier biberon aux premi\u00e8res col\u00e8res. Mes sujets de pr\u00e9dilection couvrent le quotidien des familles : sommeil, alimentation, organisation, pu\u00e9riculture et ces petites gal\u00e8res que tout parent conna\u00eet. Depuis plusieurs ann\u00e9es, je m'attache \u00e0 proposer des rep\u00e8res concrets plut\u00f4t que des le\u00e7ons, parce que chaque famille trouve son propre \u00e9quilibre. Je v\u00e9rifie mes informations aupr\u00e8s de sources fiables, surtout d\u00e8s qu'on touche \u00e0 la sant\u00e9 ou \u00e0 la s\u00e9curit\u00e9 de l'enfant, et je pr\u00e9cise quand un avis professionnel s'impose. J'\u00e9vite soigneusement la culpabilisation : \u00eatre parent est d\u00e9j\u00e0 assez exigeant. Mon ton se veut complice et bienveillant, un peu comme une discussion entre parents qui se comprennent. L'id\u00e9e est d'all\u00e9ger la charge mentale en donnant des solutions simples et test\u00e9es.\",\"sameAs\":[\"https:\\\/\\\/elodiemazeau.fr\\\/\"],\"url\":\"https:\\\/\\\/bart-et-lemy.com\\\/blog\\\/auteur\\\/noname\\\/\"}]}<\/script>\n<!-- \/ Yoast SEO Premium plugin. -->","yoast_head_json":{"title":"B\u00e9b\u00e9 de 15 mois qui se bouche les oreilles","description":"Ce comportement peut surprendre les parents, qui s'interrogent souvent sur les raisons derri\u00e8re cette action.","robots":{"index":"index","follow":"follow","max-snippet":"max-snippet:-1","max-image-preview":"max-image-preview:large","max-video-preview":"max-video-preview:-1"},"canonical":"https:\/\/bart-et-lemy.com\/blog\/a-la-une\/bebe-de-15-mois-qui-se-bouche-les-oreilles-causes-et-solutions-pratiques\/","og_locale":"fr_FR","og_type":"article","og_title":"B\u00e9b\u00e9 de 15 mois qui se bouche les oreilles","og_description":"Ce comportement peut surprendre les parents, qui s'interrogent souvent sur les raisons derri\u00e8re cette action.","og_url":"https:\/\/bart-et-lemy.com\/blog\/a-la-une\/bebe-de-15-mois-qui-se-bouche-les-oreilles-causes-et-solutions-pratiques\/","og_site_name":"bart-et-lemy.com","og_image":[{"width":1200,"height":500,"url":"https:\/\/bart-et-lemy.com\/blog\/wp-content\/uploads\/2025\/05\/sdxl-22dcf9e95bf21ddbeaf31150def97f10-scaled.png","type":"image\/png"}],"author":"Elodie Mazeau","twitter_card":"summary_large_image","schema":{"@context":"https:\/\/schema.org","@graph":[{"@type":"NewsArticle","@id":"https:\/\/bart-et-lemy.com\/blog\/a-la-une\/bebe-de-15-mois-qui-se-bouche-les-oreilles-causes-et-solutions-pratiques\/#article","isPartOf":{"@id":"https:\/\/bart-et-lemy.com\/blog\/a-la-une\/bebe-de-15-mois-qui-se-bouche-les-oreilles-causes-et-solutions-pratiques\/"},"author":{"name":"Elodie Mazeau","@id":"https:\/\/bart-et-lemy.com\/blog\/#\/schema\/person\/3c864cdc320801e3db34b663e7e3f816"},"headline":"B\u00e9b\u00e9 de 15 mois qui se bouche les oreilles : causes et solutions pratiques","datePublished":"2025-04-06T16:19:00+00:00","mainEntityOfPage":{"@id":"https:\/\/bart-et-lemy.com\/blog\/a-la-une\/bebe-de-15-mois-qui-se-bouche-les-oreilles-causes-et-solutions-pratiques\/"},"wordCount":681,"commentCount":26,"publisher":{"@id":"https:\/\/bart-et-lemy.com\/blog\/#organization"},"image":{"@id":"https:\/\/bart-et-lemy.com\/blog\/a-la-une\/bebe-de-15-mois-qui-se-bouche-les-oreilles-causes-et-solutions-pratiques\/#primaryimage"},"thumbnailUrl":"https:\/\/bart-et-lemy.com\/blog\/wp-content\/uploads\/2025\/05\/sdxl-22dcf9e95bf21ddbeaf31150def97f10-scaled.png","keywords":["Anxi\u00e9t\u00e9","B\u00e9b\u00e9","Calme","Comportement","Oreilles","Relaxation"],"articleSection":["\u00c0 la une"],"inLanguage":"fr-FR","potentialAction":[{"@type":"CommentAction","name":"Comment","target":["https:\/\/bart-et-lemy.com\/blog\/a-la-une\/bebe-de-15-mois-qui-se-bouche-les-oreilles-causes-et-solutions-pratiques\/#respond"]}]},{"@type":"WebPage","@id":"https:\/\/bart-et-lemy.com\/blog\/a-la-une\/bebe-de-15-mois-qui-se-bouche-les-oreilles-causes-et-solutions-pratiques\/","url":"https:\/\/bart-et-lemy.com\/blog\/a-la-une\/bebe-de-15-mois-qui-se-bouche-les-oreilles-causes-et-solutions-pratiques\/","name":"B\u00e9b\u00e9 de 15 mois qui se bouche les oreilles","isPartOf":{"@id":"https:\/\/bart-et-lemy.com\/blog\/#website"},"primaryImageOfPage":{"@id":"https:\/\/bart-et-lemy.com\/blog\/a-la-une\/bebe-de-15-mois-qui-se-bouche-les-oreilles-causes-et-solutions-pratiques\/#primaryimage"},"image":{"@id":"https:\/\/bart-et-lemy.com\/blog\/a-la-une\/bebe-de-15-mois-qui-se-bouche-les-oreilles-causes-et-solutions-pratiques\/#primaryimage"},"thumbnailUrl":"https:\/\/bart-et-lemy.com\/blog\/wp-content\/uploads\/2025\/05\/sdxl-22dcf9e95bf21ddbeaf31150def97f10-scaled.png","datePublished":"2025-04-06T16:19:00+00:00","description":"Ce comportement peut surprendre les parents, qui s'interrogent souvent sur les raisons derri\u00e8re cette action.","inLanguage":"fr-FR","potentialAction":[{"@type":"ReadAction","target":["https:\/\/bart-et-lemy.com\/blog\/a-la-une\/bebe-de-15-mois-qui-se-bouche-les-oreilles-causes-et-solutions-pratiques\/"]}]},{"@type":"ImageObject","inLanguage":"fr-FR","@id":"https:\/\/bart-et-lemy.com\/blog\/a-la-une\/bebe-de-15-mois-qui-se-bouche-les-oreilles-causes-et-solutions-pratiques\/#primaryimage","url":"https:\/\/bart-et-lemy.com\/blog\/wp-content\/uploads\/2025\/05\/sdxl-22dcf9e95bf21ddbeaf31150def97f10-scaled.png","contentUrl":"https:\/\/bart-et-lemy.com\/blog\/wp-content\/uploads\/2025\/05\/sdxl-22dcf9e95bf21ddbeaf31150def97f10-scaled.png","width":1200,"height":500},{"@type":"WebSite","@id":"https:\/\/bart-et-lemy.com\/blog\/#website","url":"https:\/\/bart-et-lemy.com\/blog\/","name":"Bart et Lemy","description":"L\u2019originalit\u00e9 en toute libert\u00e9.","publisher":{"@id":"https:\/\/bart-et-lemy.com\/blog\/#organization"},"alternateName":"Conseils parentaux, astuces famille et bien-\u00eatre enfant","potentialAction":[{"@type":"SearchAction","target":{"@type":"EntryPoint","urlTemplate":"https:\/\/bart-et-lemy.com\/blog\/?s={search_term_string}"},"query-input":{"@type":"PropertyValueSpecification","valueRequired":true,"valueName":"search_term_string"}}],"inLanguage":"fr-FR"},{"@type":"Organization","@id":"https:\/\/bart-et-lemy.com\/blog\/#organization","name":"Bart et Lemy","alternateName":"bart-et-lemy.com","url":"https:\/\/bart-et-lemy.com\/blog\/","logo":{"@type":"ImageObject","inLanguage":"fr-FR","@id":"https:\/\/bart-et-lemy.com\/blog\/#\/schema\/logo\/image\/","url":"https:\/\/bart-et-lemy.com\/blog\/wp-content\/uploads\/2026\/07\/logo-auto.png","contentUrl":"https:\/\/bart-et-lemy.com\/blog\/wp-content\/uploads\/2026\/07\/logo-auto.png","width":1024,"height":1024,"caption":"Bart et Lemy"},"image":{"@id":"https:\/\/bart-et-lemy.com\/blog\/#\/schema\/logo\/image\/"}},{"@type":"Person","@id":"https:\/\/bart-et-lemy.com\/blog\/#\/schema\/person\/3c864cdc320801e3db34b663e7e3f816","name":"Elodie Mazeau","image":{"@type":"ImageObject","inLanguage":"fr-FR","@id":"https:\/\/bart-et-lemy.com\/blog\/wp-content\/uploads\/2026\/06\/persona_elodie-m-96x96.jpg","url":"https:\/\/bart-et-lemy.com\/blog\/wp-content\/uploads\/2026\/06\/persona_elodie-m-96x96.jpg","contentUrl":"https:\/\/bart-et-lemy.com\/blog\/wp-content\/uploads\/2026\/06\/persona_elodie-m-96x96.jpg","caption":"Elodie Mazeau"},"description":"J'\u00e9cris sur la parentalit\u00e9 telle qu'elle se vit vraiment, du premier biberon aux premi\u00e8res col\u00e8res. Mes sujets de pr\u00e9dilection couvrent le quotidien des familles : sommeil, alimentation, organisation, pu\u00e9riculture et ces petites gal\u00e8res que tout parent conna\u00eet. Depuis plusieurs ann\u00e9es, je m'attache \u00e0 proposer des rep\u00e8res concrets plut\u00f4t que des le\u00e7ons, parce que chaque famille trouve son propre \u00e9quilibre. Je v\u00e9rifie mes informations aupr\u00e8s de sources fiables, surtout d\u00e8s qu'on touche \u00e0 la sant\u00e9 ou \u00e0 la s\u00e9curit\u00e9 de l'enfant, et je pr\u00e9cise quand un avis professionnel s'impose. J'\u00e9vite soigneusement la culpabilisation : \u00eatre parent est d\u00e9j\u00e0 assez exigeant. Mon ton se veut complice et bienveillant, un peu comme une discussion entre parents qui se comprennent. L'id\u00e9e est d'all\u00e9ger la charge mentale en donnant des solutions simples et test\u00e9es.","sameAs":["https:\/\/elodiemazeau.fr\/"],"url":"https:\/\/bart-et-lemy.com\/blog\/auteur\/noname\/"}]}},"_links":{"self":[{"href":"https:\/\/bart-et-lemy.com\/blog\/wp-json\/wp\/v2\/posts\/8793","targetHints":{"allow":["GET"]}}],"collection":[{"href":"https:\/\/bart-et-lemy.com\/blog\/wp-json\/wp\/v2\/posts"}],"about":[{"href":"https:\/\/bart-et-lemy.com\/blog\/wp-json\/wp\/v2\/types\/post"}],"author":[{"embeddable":true,"href":"https:\/\/bart-et-lemy.com\/blog\/wp-json\/wp\/v2\/users\/34"}],"replies":[{"embeddable":true,"href":"https:\/\/bart-et-lemy.com\/blog\/wp-json\/wp\/v2\/comments?post=8793"}],"version-history":[{"count":1,"href":"https:\/\/bart-et-lemy.com\/blog\/wp-json\/wp\/v2\/posts\/8793\/revisions"}],"predecessor-version":[{"id":10418,"href":"https:\/\/bart-et-lemy.com\/blog\/wp-json\/wp\/v2\/posts\/8793\/revisions\/10418"}],"wp:featuredmedia":[{"embeddable":true,"href":"https:\/\/bart-et-lemy.com\/blog\/wp-json\/wp\/v2\/media\/11019"}],"wp:attachment":[{"href":"https:\/\/bart-et-lemy.com\/blog\/wp-json\/wp\/v2\/media?parent=8793"}],"wp:term":[{"taxonomy":"category","embeddable":true,"href":"https:\/\/bart-et-lemy.com\/blog\/wp-json\/wp\/v2\/categories?post=8793"},{"taxonomy":"post_tag","embeddable":true,"href":"https:\/\/bart-et-lemy.com\/blog\/wp-json\/wp\/v2\/tags?post=8793"}],"curies":[{"name":"wp","href":"https:\/\/api.w.org\/{rel}","templated":true}]}}