{"id":8797,"date":"2025-03-01T17:39:00","date_gmt":"2025-03-01T16:39:00","guid":{"rendered":"https:\/\/bart-et-lemy.com\/blog\/?p=8797"},"modified":"2025-02-10T17:02:13","modified_gmt":"2025-02-10T16:02:13","slug":"avis-sur-les-tablettes-tactiles-pour-bebes-de-2-ans-guide-complet","status":"publish","type":"post","link":"https:\/\/bart-et-lemy.com\/blog\/a-la-une\/avis-sur-les-tablettes-tactiles-pour-bebes-de-2-ans-guide-complet\/","title":{"rendered":"Avis sur les tablettes tactiles pour b\u00e9b\u00e9s de 2 ans : Guide complet"},"content":{"rendered":"<h2>Introduction : Les tablettes tactiles pour les tout-petits<\/h2>\n<p>Ces appareils, qui semblent \u00eatre omnipr\u00e9sents dans notre quotidien, peuvent-ils vraiment offrir des b\u00e9n\u00e9fices \u00e0 un si jeune \u00e2ge ? \u00c9quilibrer l&rsquo;utilisation de la technologie avec le d\u00e9veloppement des comp\u00e9tences de votre enfant peut sembler complexe. Cet article explore les avis sur les tablettes tactiles pour b\u00e9b\u00e9s de 2 ans, en analysant leurs avantages, inconv\u00e9nients et recommandations.<\/p>\n<h2>Les avantages des tablettes tactiles pour les jeunes enfants<\/h2>\n<p>Les tablettes peuvent offrir plusieurs avantages pour les enfants de 2 ans. Tout d&rsquo;abord, elles peuvent favoriser l&rsquo;apprentissage pr\u00e9coce. De nombreuses applications \u00e9ducatives sont con\u00e7ues pour d\u00e9velopper des comp\u00e9tences telles que la reconnaissance des lettres, des chiffres, et m\u00eame des bases de la logique. De plus, ces applications sont souvent interactives, ce qui capte l&rsquo;attention des enfants et leur permet d&rsquo;apprendre en s&rsquo;amusant.<\/p>\n<blockquote class=\"wp-embedded-content\" data-secret=\"RuEY1F2Fdp\"><p><a href=\"https:\/\/bart-et-lemy.com\/blog\/a-la-une\/le-lien-precieux-entre-bebe-et-maman-une-aventure-unique\/\">Le lien pr\u00e9cieux entre b\u00e9b\u00e9 et maman : une aventure unique<\/a><\/p><\/blockquote>\n<p><iframe loading=\"lazy\" class=\"wp-embedded-content\" sandbox=\"allow-scripts\" security=\"restricted\" style=\"position: absolute; visibility: hidden;\" title=\"\u00ab\u00a0Le lien pr\u00e9cieux entre b\u00e9b\u00e9 et maman : une aventure unique\u00a0\u00bb &#8212; bart-et-lemy.com\" src=\"https:\/\/bart-et-lemy.com\/blog\/a-la-une\/le-lien-precieux-entre-bebe-et-maman-une-aventure-unique\/embed\/#?secret=D0pb0sKwNX#?secret=RuEY1F2Fdp\" data-secret=\"RuEY1F2Fdp\" width=\"600\" height=\"338\" frameborder=\"0\" marginwidth=\"0\" marginheight=\"0\" scrolling=\"no\"><\/iframe><\/p>\n<p>Ensuite, les tablettes tactiles peuvent aider \u00e0 d\u00e9velopper la coordination main-\u0153il. En touchant les \u00e9crans, les enfants am\u00e9liorent leur motricit\u00e9 fine, ce qui est essentiel \u00e0 leur d\u00e9veloppement. Enfin, ces dispositifs peuvent \u00e9galement servir de ressource pour les parents, leur offrant des moments de tranquillit\u00e9 tout en divertissant leurs enfants.<\/p>\n<h2>Les inconv\u00e9nients \u00e0 consid\u00e9rer<\/h2>\n<p>Cependant, l&rsquo;utilisation des tablettes par les b\u00e9b\u00e9s de 2 ans pr\u00e9sente aussi des inconv\u00e9nients. L&rsquo;exposition pr\u00e9coce \u00e0 un \u00e9cran peut entra\u00eener des probl\u00e8mes de concentration et de sommeil. Les enfants peuvent devenir trop d\u00e9pendants de la technologie pour se divertir, ce qui peut nuire \u00e0 leur capacit\u00e9 \u00e0 jouer de mani\u00e8re imaginative et \u00e0 interagir avec d&rsquo;autres enfants.<\/p>\n<blockquote class=\"wp-embedded-content\" data-secret=\"P6T4fz0n3q\"><p><a href=\"https:\/\/bart-et-lemy.com\/blog\/a-la-une\/les-couches-lavables-pour-bebe-un-choix-eco-responsable-et-economique\/\">Les couches lavables pour b\u00e9b\u00e9 : un choix \u00e9co-responsable et \u00e9conomique<\/a><\/p><\/blockquote>\n<p><iframe loading=\"lazy\" class=\"wp-embedded-content\" sandbox=\"allow-scripts\" security=\"restricted\" style=\"position: absolute; visibility: hidden;\" title=\"\u00ab\u00a0Les couches lavables pour b\u00e9b\u00e9 : un choix \u00e9co-responsable et \u00e9conomique\u00a0\u00bb &#8212; bart-et-lemy.com\" src=\"https:\/\/bart-et-lemy.com\/blog\/a-la-une\/les-couches-lavables-pour-bebe-un-choix-eco-responsable-et-economique\/embed\/#?secret=vyznlquKC1#?secret=P6T4fz0n3q\" data-secret=\"P6T4fz0n3q\" width=\"600\" height=\"338\" frameborder=\"0\" marginwidth=\"0\" marginheight=\"0\" scrolling=\"no\"><\/iframe><\/p>\n<p>De plus, le temps d&rsquo;\u00e9cran excessif est souvent li\u00e9 \u00e0 des probl\u00e8mes de sant\u00e9, tels que l&rsquo;ob\u00e9sit\u00e9 ou des difficult\u00e9s visuelles. Les parents doivent donc \u00eatre vigilants quant \u00e0 la dur\u00e9e d&rsquo;utilisation et au type de contenu accessible \u00e0 leurs enfants. Un \u00e9quilibre est essentiel entre les activit\u00e9s num\u00e9riques et les jeux physiques.<\/p>\n<h2>Comment choisir la bonne tablette pour un enfant de 2 ans<\/h2>\n<p>Pour choisir la tablette id\u00e9ale, plusieurs crit\u00e8res doivent \u00eatre pris en compte. Tout d&rsquo;abord, optez pour une tablette robuste, capable de r\u00e9sister aux chutes. Les mod\u00e8les avec des coques renforc\u00e9es sont souvent recommand\u00e9s. Ensuite, v\u00e9rifiez que la tablette offre des fonctionnalit\u00e9s de contr\u00f4le parental. Cela permet de limiter le temps d&rsquo;\u00e9cran et de restreindre l&rsquo;acc\u00e8s \u00e0 certains contenus.<\/p>\n<ul>\n<li><strong>Durabilit\u00e9 :<\/strong> Recherchez des mod\u00e8les r\u00e9sistants aux chocs.<\/li>\n<li><strong>Applications \u00e9ducatives :<\/strong> Assurez-vous que la tablette propose des contenus adapt\u00e9s \u00e0 l&rsquo;\u00e2ge.<\/li>\n<li><strong>Contr\u00f4le parental :<\/strong> V\u00e9rifiez les fonctionnalit\u00e9s de s\u00e9curit\u00e9 et de gestion du temps d&rsquo;\u00e9cran.<\/li>\n<\/ul>\n<h2>Tableau r\u00e9capitulatif des tablettes recommand\u00e9es<\/h2>\n<table>\n<tr>\n<th>Tablette<\/th>\n<th>Avantages<\/th>\n<th>Inconv\u00e9nients<\/th>\n<\/tr>\n<tr>\n<td>Amazon Fire HD 10 Kids<\/td>\n<td>Applications \u00e9ducatives, coque robuste<\/td>\n<td>Options limit\u00e9es par rapport aux tablettes standards<\/td>\n<\/tr>\n<tr>\n<td>Samsung Galaxy Tab A Kids Edition<\/td>\n<td>Interface intuitive, contr\u00f4le parental efficace<\/td>\n<td>Prix plus \u00e9lev\u00e9<\/td>\n<\/tr>\n<tr>\n<td>LeapFrog LeapPad Academy<\/td>\n<td>Con\u00e7u pour l&rsquo;apprentissage, durable<\/td>\n<td>Moins d&rsquo;applications disponibles<\/td>\n<\/tr>\n<\/table>\n<h2>Conclusion : Un choix r\u00e9fl\u00e9chi pour l&rsquo;\u00e9panouissement de l&rsquo;enfant<\/h2>\n<p>En fin de compte, la d\u00e9cision d&rsquo;introduire une tablette tactile dans la vie d&rsquo;un enfant de 2 ans doit \u00eatre prise avec soin. Bien que ces appareils puissent offrir des b\u00e9n\u00e9fices \u00e9ducatifs et de divertissement, il est crucial de garder un \u0153il sur le temps pass\u00e9 devant l&rsquo;\u00e9cran et de privil\u00e9gier des activit\u00e9s vari\u00e9es. L&rsquo;\u00e9ducation num\u00e9rique doit s&rsquo;accompagner d&rsquo;une \u00e9ducation physique et sociale pour un d\u00e9veloppement \u00e9quilibr\u00e9.<\/p>\n<h3>FAQ :<\/h3>\n<blockquote>\n<ul>\n<li><strong>\u00c0 quel \u00e2ge un enfant peut-il utiliser une tablette ?<\/strong>Les experts recommandent d&rsquo;introduire les tablettes \u00e0 partir de 2 ans, en veillant \u00e0 limiter le temps d&rsquo;\u00e9cran.<\/li>\n<li><strong>Quels types d&rsquo;applications sont les meilleures pour les b\u00e9b\u00e9s ?<\/strong>Les applications \u00e9ducatives qui favorisent l&rsquo;apprentissage des formes, des couleurs, et des chiffres sont id\u00e9ales.<\/li>\n<li><strong>Combien de temps un enfant de 2 ans peut-il passer sur une tablette ?<\/strong>Il est conseill\u00e9 de ne pas d\u00e9passer 1 heure par jour.<\/li>\n<li><strong>Comment limiter l&rsquo;utilisation de la tablette ?<\/strong>Utilisez les fonctionnalit\u00e9s de contr\u00f4le parental et \u00e9tablissez des r\u00e8gles claires.<\/li>\n<\/ul>\n<\/blockquote>\n","protected":false},"excerpt":{"rendered":"","protected":false},"author":34,"featured_media":9790,"comment_status":"open","ping_status":"open","sticky":false,"template":"","format":"standard","meta":{"_acf_changed":false,"manual_indexmenow":false,"indexmenow_id_project":0,"footnotes":""},"categories":[1],"tags":[5644,5834,3815,5833,5295,5832],"class_list":["post-8797","post","type-post","status-publish","format-standard","has-post-thumbnail","hentry","category-a-la-une","tag-apprentissage","tag-controle-parental","tag-durabilite","tag-educatives","tag-enfants","tag-tablettes","generate-columns","tablet-grid-50","mobile-grid-100","grid-parent","grid-25"],"acf":[],"yoast_head":"<!-- This site is optimized with the Yoast SEO Premium plugin v21.3 (Yoast SEO v27.3) - https:\/\/yoast.com\/product\/yoast-seo-premium-wordpress\/ -->\n<title>Avis sur les tablettes tactiles pour b\u00e9b\u00e9s de 2 ans<\/title>\n<meta name=\"description\" content=\"Ces appareils, qui semblent \u00eatre omnipr\u00e9sents dans notre quotidien, peuvent-ils vraiment offrir des b\u00e9n\u00e9fices \u00e0 un si jeune \u00e2ge ?\" \/>\n<meta name=\"robots\" content=\"index, follow, max-snippet:-1, max-image-preview:large, max-video-preview:-1\" \/>\n<link rel=\"canonical\" href=\"https:\/\/bart-et-lemy.com\/blog\/a-la-une\/avis-sur-les-tablettes-tactiles-pour-bebes-de-2-ans-guide-complet\/\" \/>\n<meta property=\"og:locale\" content=\"fr_FR\" \/>\n<meta property=\"og:type\" content=\"article\" \/>\n<meta property=\"og:title\" content=\"Avis sur les tablettes tactiles pour b\u00e9b\u00e9s de 2 ans\" \/>\n<meta property=\"og:description\" content=\"Ces appareils, qui semblent \u00eatre omnipr\u00e9sents dans notre quotidien, peuvent-ils vraiment offrir des b\u00e9n\u00e9fices \u00e0 un si jeune \u00e2ge ?\" \/>\n<meta property=\"og:url\" content=\"https:\/\/bart-et-lemy.com\/blog\/a-la-une\/avis-sur-les-tablettes-tactiles-pour-bebes-de-2-ans-guide-complet\/\" \/>\n<meta property=\"og:site_name\" content=\"bart-et-lemy.com\" \/>\n<meta property=\"og:image\" content=\"https:\/\/bart-et-lemy.com\/blog\/wp-content\/uploads\/2025\/03\/sdxl-44f5ad91897ae490307af7af0695c96c.png\" \/>\n\t<meta property=\"og:image:width\" content=\"1536\" \/>\n\t<meta property=\"og:image:height\" content=\"640\" \/>\n\t<meta property=\"og:image:type\" content=\"image\/png\" \/>\n<meta name=\"author\" content=\"Elodie Mazeau\" \/>\n<meta name=\"twitter:card\" content=\"summary_large_image\" \/>\n<script type=\"application\/ld+json\" class=\"yoast-schema-graph\">{\"@context\":\"https:\\\/\\\/schema.org\",\"@graph\":[{\"@type\":\"NewsArticle\",\"@id\":\"https:\\\/\\\/bart-et-lemy.com\\\/blog\\\/a-la-une\\\/avis-sur-les-tablettes-tactiles-pour-bebes-de-2-ans-guide-complet\\\/#article\",\"isPartOf\":{\"@id\":\"https:\\\/\\\/bart-et-lemy.com\\\/blog\\\/a-la-une\\\/avis-sur-les-tablettes-tactiles-pour-bebes-de-2-ans-guide-complet\\\/\"},\"author\":{\"name\":\"Elodie Mazeau\",\"@id\":\"https:\\\/\\\/bart-et-lemy.com\\\/blog\\\/#\\\/schema\\\/person\\\/3c864cdc320801e3db34b663e7e3f816\"},\"headline\":\"Avis sur les tablettes tactiles pour b\u00e9b\u00e9s de 2 ans : Guide complet\",\"datePublished\":\"2025-03-01T16:39:00+00:00\",\"mainEntityOfPage\":{\"@id\":\"https:\\\/\\\/bart-et-lemy.com\\\/blog\\\/a-la-une\\\/avis-sur-les-tablettes-tactiles-pour-bebes-de-2-ans-guide-complet\\\/\"},\"wordCount\":723,\"commentCount\":27,\"publisher\":{\"@id\":\"https:\\\/\\\/bart-et-lemy.com\\\/blog\\\/#organization\"},\"image\":{\"@id\":\"https:\\\/\\\/bart-et-lemy.com\\\/blog\\\/a-la-une\\\/avis-sur-les-tablettes-tactiles-pour-bebes-de-2-ans-guide-complet\\\/#primaryimage\"},\"thumbnailUrl\":\"https:\\\/\\\/bart-et-lemy.com\\\/blog\\\/wp-content\\\/uploads\\\/2025\\\/03\\\/sdxl-44f5ad91897ae490307af7af0695c96c.png\",\"keywords\":[\"Apprentissage\",\"Contr\u00f4le Parental\",\"Durabilit\u00e9\",\"\u00c9ducatives\",\"Enfants\",\"Tablettes\"],\"articleSection\":[\"\u00c0 la une\"],\"inLanguage\":\"fr-FR\",\"potentialAction\":[{\"@type\":\"CommentAction\",\"name\":\"Comment\",\"target\":[\"https:\\\/\\\/bart-et-lemy.com\\\/blog\\\/a-la-une\\\/avis-sur-les-tablettes-tactiles-pour-bebes-de-2-ans-guide-complet\\\/#respond\"]}]},{\"@type\":\"WebPage\",\"@id\":\"https:\\\/\\\/bart-et-lemy.com\\\/blog\\\/a-la-une\\\/avis-sur-les-tablettes-tactiles-pour-bebes-de-2-ans-guide-complet\\\/\",\"url\":\"https:\\\/\\\/bart-et-lemy.com\\\/blog\\\/a-la-une\\\/avis-sur-les-tablettes-tactiles-pour-bebes-de-2-ans-guide-complet\\\/\",\"name\":\"Avis sur les tablettes tactiles pour b\u00e9b\u00e9s de 2 ans\",\"isPartOf\":{\"@id\":\"https:\\\/\\\/bart-et-lemy.com\\\/blog\\\/#website\"},\"primaryImageOfPage\":{\"@id\":\"https:\\\/\\\/bart-et-lemy.com\\\/blog\\\/a-la-une\\\/avis-sur-les-tablettes-tactiles-pour-bebes-de-2-ans-guide-complet\\\/#primaryimage\"},\"image\":{\"@id\":\"https:\\\/\\\/bart-et-lemy.com\\\/blog\\\/a-la-une\\\/avis-sur-les-tablettes-tactiles-pour-bebes-de-2-ans-guide-complet\\\/#primaryimage\"},\"thumbnailUrl\":\"https:\\\/\\\/bart-et-lemy.com\\\/blog\\\/wp-content\\\/uploads\\\/2025\\\/03\\\/sdxl-44f5ad91897ae490307af7af0695c96c.png\",\"datePublished\":\"2025-03-01T16:39:00+00:00\",\"description\":\"Ces appareils, qui semblent \u00eatre omnipr\u00e9sents dans notre quotidien, peuvent-ils vraiment offrir des b\u00e9n\u00e9fices \u00e0 un si jeune \u00e2ge ?\",\"inLanguage\":\"fr-FR\",\"potentialAction\":[{\"@type\":\"ReadAction\",\"target\":[\"https:\\\/\\\/bart-et-lemy.com\\\/blog\\\/a-la-une\\\/avis-sur-les-tablettes-tactiles-pour-bebes-de-2-ans-guide-complet\\\/\"]}]},{\"@type\":\"ImageObject\",\"inLanguage\":\"fr-FR\",\"@id\":\"https:\\\/\\\/bart-et-lemy.com\\\/blog\\\/a-la-une\\\/avis-sur-les-tablettes-tactiles-pour-bebes-de-2-ans-guide-complet\\\/#primaryimage\",\"url\":\"https:\\\/\\\/bart-et-lemy.com\\\/blog\\\/wp-content\\\/uploads\\\/2025\\\/03\\\/sdxl-44f5ad91897ae490307af7af0695c96c.png\",\"contentUrl\":\"https:\\\/\\\/bart-et-lemy.com\\\/blog\\\/wp-content\\\/uploads\\\/2025\\\/03\\\/sdxl-44f5ad91897ae490307af7af0695c96c.png\",\"width\":1536,\"height\":640},{\"@type\":\"WebSite\",\"@id\":\"https:\\\/\\\/bart-et-lemy.com\\\/blog\\\/#website\",\"url\":\"https:\\\/\\\/bart-et-lemy.com\\\/blog\\\/\",\"name\":\"Bart et Lemy\",\"description\":\"L\u2019originalit\u00e9 en toute libert\u00e9.\",\"publisher\":{\"@id\":\"https:\\\/\\\/bart-et-lemy.com\\\/blog\\\/#organization\"},\"alternateName\":\"Conseils parentaux, astuces famille et bien-\u00eatre enfant\",\"potentialAction\":[{\"@type\":\"SearchAction\",\"target\":{\"@type\":\"EntryPoint\",\"urlTemplate\":\"https:\\\/\\\/bart-et-lemy.com\\\/blog\\\/?s={search_term_string}\"},\"query-input\":{\"@type\":\"PropertyValueSpecification\",\"valueRequired\":true,\"valueName\":\"search_term_string\"}}],\"inLanguage\":\"fr-FR\"},{\"@type\":\"Organization\",\"@id\":\"https:\\\/\\\/bart-et-lemy.com\\\/blog\\\/#organization\",\"name\":\"Bart et Lemy\",\"alternateName\":\"bart-et-lemy.com\",\"url\":\"https:\\\/\\\/bart-et-lemy.com\\\/blog\\\/\",\"logo\":{\"@type\":\"ImageObject\",\"inLanguage\":\"fr-FR\",\"@id\":\"https:\\\/\\\/bart-et-lemy.com\\\/blog\\\/#\\\/schema\\\/logo\\\/image\\\/\",\"url\":\"https:\\\/\\\/bart-et-lemy.com\\\/blog\\\/wp-content\\\/uploads\\\/2026\\\/07\\\/logo-auto.png\",\"contentUrl\":\"https:\\\/\\\/bart-et-lemy.com\\\/blog\\\/wp-content\\\/uploads\\\/2026\\\/07\\\/logo-auto.png\",\"width\":1024,\"height\":1024,\"caption\":\"Bart et Lemy\"},\"image\":{\"@id\":\"https:\\\/\\\/bart-et-lemy.com\\\/blog\\\/#\\\/schema\\\/logo\\\/image\\\/\"}},{\"@type\":\"Person\",\"@id\":\"https:\\\/\\\/bart-et-lemy.com\\\/blog\\\/#\\\/schema\\\/person\\\/3c864cdc320801e3db34b663e7e3f816\",\"name\":\"Elodie Mazeau\",\"image\":{\"@type\":\"ImageObject\",\"inLanguage\":\"fr-FR\",\"@id\":\"https:\\\/\\\/bart-et-lemy.com\\\/blog\\\/wp-content\\\/uploads\\\/2026\\\/06\\\/persona_elodie-m-96x96.jpg\",\"url\":\"https:\\\/\\\/bart-et-lemy.com\\\/blog\\\/wp-content\\\/uploads\\\/2026\\\/06\\\/persona_elodie-m-96x96.jpg\",\"contentUrl\":\"https:\\\/\\\/bart-et-lemy.com\\\/blog\\\/wp-content\\\/uploads\\\/2026\\\/06\\\/persona_elodie-m-96x96.jpg\",\"caption\":\"Elodie Mazeau\"},\"description\":\"J'\u00e9cris sur la parentalit\u00e9 telle qu'elle se vit vraiment, du premier biberon aux premi\u00e8res col\u00e8res. Mes sujets de pr\u00e9dilection couvrent le quotidien des familles : sommeil, alimentation, organisation, pu\u00e9riculture et ces petites gal\u00e8res que tout parent conna\u00eet. Depuis plusieurs ann\u00e9es, je m'attache \u00e0 proposer des rep\u00e8res concrets plut\u00f4t que des le\u00e7ons, parce que chaque famille trouve son propre \u00e9quilibre. Je v\u00e9rifie mes informations aupr\u00e8s de sources fiables, surtout d\u00e8s qu'on touche \u00e0 la sant\u00e9 ou \u00e0 la s\u00e9curit\u00e9 de l'enfant, et je pr\u00e9cise quand un avis professionnel s'impose. J'\u00e9vite soigneusement la culpabilisation : \u00eatre parent est d\u00e9j\u00e0 assez exigeant. Mon ton se veut complice et bienveillant, un peu comme une discussion entre parents qui se comprennent. L'id\u00e9e est d'all\u00e9ger la charge mentale en donnant des solutions simples et test\u00e9es.\",\"sameAs\":[\"https:\\\/\\\/elodiemazeau.fr\\\/\"],\"url\":\"https:\\\/\\\/bart-et-lemy.com\\\/blog\\\/auteur\\\/noname\\\/\"}]}<\/script>\n<!-- \/ Yoast SEO Premium plugin. -->","yoast_head_json":{"title":"Avis sur les tablettes tactiles pour b\u00e9b\u00e9s de 2 ans","description":"Ces appareils, qui semblent \u00eatre omnipr\u00e9sents dans notre quotidien, peuvent-ils vraiment offrir des b\u00e9n\u00e9fices \u00e0 un si jeune \u00e2ge ?","robots":{"index":"index","follow":"follow","max-snippet":"max-snippet:-1","max-image-preview":"max-image-preview:large","max-video-preview":"max-video-preview:-1"},"canonical":"https:\/\/bart-et-lemy.com\/blog\/a-la-une\/avis-sur-les-tablettes-tactiles-pour-bebes-de-2-ans-guide-complet\/","og_locale":"fr_FR","og_type":"article","og_title":"Avis sur les tablettes tactiles pour b\u00e9b\u00e9s de 2 ans","og_description":"Ces appareils, qui semblent \u00eatre omnipr\u00e9sents dans notre quotidien, peuvent-ils vraiment offrir des b\u00e9n\u00e9fices \u00e0 un si jeune \u00e2ge ?","og_url":"https:\/\/bart-et-lemy.com\/blog\/a-la-une\/avis-sur-les-tablettes-tactiles-pour-bebes-de-2-ans-guide-complet\/","og_site_name":"bart-et-lemy.com","og_image":[{"width":1536,"height":640,"url":"https:\/\/bart-et-lemy.com\/blog\/wp-content\/uploads\/2025\/03\/sdxl-44f5ad91897ae490307af7af0695c96c.png","type":"image\/png"}],"author":"Elodie Mazeau","twitter_card":"summary_large_image","schema":{"@context":"https:\/\/schema.org","@graph":[{"@type":"NewsArticle","@id":"https:\/\/bart-et-lemy.com\/blog\/a-la-une\/avis-sur-les-tablettes-tactiles-pour-bebes-de-2-ans-guide-complet\/#article","isPartOf":{"@id":"https:\/\/bart-et-lemy.com\/blog\/a-la-une\/avis-sur-les-tablettes-tactiles-pour-bebes-de-2-ans-guide-complet\/"},"author":{"name":"Elodie Mazeau","@id":"https:\/\/bart-et-lemy.com\/blog\/#\/schema\/person\/3c864cdc320801e3db34b663e7e3f816"},"headline":"Avis sur les tablettes tactiles pour b\u00e9b\u00e9s de 2 ans : Guide complet","datePublished":"2025-03-01T16:39:00+00:00","mainEntityOfPage":{"@id":"https:\/\/bart-et-lemy.com\/blog\/a-la-une\/avis-sur-les-tablettes-tactiles-pour-bebes-de-2-ans-guide-complet\/"},"wordCount":723,"commentCount":27,"publisher":{"@id":"https:\/\/bart-et-lemy.com\/blog\/#organization"},"image":{"@id":"https:\/\/bart-et-lemy.com\/blog\/a-la-une\/avis-sur-les-tablettes-tactiles-pour-bebes-de-2-ans-guide-complet\/#primaryimage"},"thumbnailUrl":"https:\/\/bart-et-lemy.com\/blog\/wp-content\/uploads\/2025\/03\/sdxl-44f5ad91897ae490307af7af0695c96c.png","keywords":["Apprentissage","Contr\u00f4le Parental","Durabilit\u00e9","\u00c9ducatives","Enfants","Tablettes"],"articleSection":["\u00c0 la une"],"inLanguage":"fr-FR","potentialAction":[{"@type":"CommentAction","name":"Comment","target":["https:\/\/bart-et-lemy.com\/blog\/a-la-une\/avis-sur-les-tablettes-tactiles-pour-bebes-de-2-ans-guide-complet\/#respond"]}]},{"@type":"WebPage","@id":"https:\/\/bart-et-lemy.com\/blog\/a-la-une\/avis-sur-les-tablettes-tactiles-pour-bebes-de-2-ans-guide-complet\/","url":"https:\/\/bart-et-lemy.com\/blog\/a-la-une\/avis-sur-les-tablettes-tactiles-pour-bebes-de-2-ans-guide-complet\/","name":"Avis sur les tablettes tactiles pour b\u00e9b\u00e9s de 2 ans","isPartOf":{"@id":"https:\/\/bart-et-lemy.com\/blog\/#website"},"primaryImageOfPage":{"@id":"https:\/\/bart-et-lemy.com\/blog\/a-la-une\/avis-sur-les-tablettes-tactiles-pour-bebes-de-2-ans-guide-complet\/#primaryimage"},"image":{"@id":"https:\/\/bart-et-lemy.com\/blog\/a-la-une\/avis-sur-les-tablettes-tactiles-pour-bebes-de-2-ans-guide-complet\/#primaryimage"},"thumbnailUrl":"https:\/\/bart-et-lemy.com\/blog\/wp-content\/uploads\/2025\/03\/sdxl-44f5ad91897ae490307af7af0695c96c.png","datePublished":"2025-03-01T16:39:00+00:00","description":"Ces appareils, qui semblent \u00eatre omnipr\u00e9sents dans notre quotidien, peuvent-ils vraiment offrir des b\u00e9n\u00e9fices \u00e0 un si jeune \u00e2ge ?","inLanguage":"fr-FR","potentialAction":[{"@type":"ReadAction","target":["https:\/\/bart-et-lemy.com\/blog\/a-la-une\/avis-sur-les-tablettes-tactiles-pour-bebes-de-2-ans-guide-complet\/"]}]},{"@type":"ImageObject","inLanguage":"fr-FR","@id":"https:\/\/bart-et-lemy.com\/blog\/a-la-une\/avis-sur-les-tablettes-tactiles-pour-bebes-de-2-ans-guide-complet\/#primaryimage","url":"https:\/\/bart-et-lemy.com\/blog\/wp-content\/uploads\/2025\/03\/sdxl-44f5ad91897ae490307af7af0695c96c.png","contentUrl":"https:\/\/bart-et-lemy.com\/blog\/wp-content\/uploads\/2025\/03\/sdxl-44f5ad91897ae490307af7af0695c96c.png","width":1536,"height":640},{"@type":"WebSite","@id":"https:\/\/bart-et-lemy.com\/blog\/#website","url":"https:\/\/bart-et-lemy.com\/blog\/","name":"Bart et Lemy","description":"L\u2019originalit\u00e9 en toute libert\u00e9.","publisher":{"@id":"https:\/\/bart-et-lemy.com\/blog\/#organization"},"alternateName":"Conseils parentaux, astuces famille et bien-\u00eatre enfant","potentialAction":[{"@type":"SearchAction","target":{"@type":"EntryPoint","urlTemplate":"https:\/\/bart-et-lemy.com\/blog\/?s={search_term_string}"},"query-input":{"@type":"PropertyValueSpecification","valueRequired":true,"valueName":"search_term_string"}}],"inLanguage":"fr-FR"},{"@type":"Organization","@id":"https:\/\/bart-et-lemy.com\/blog\/#organization","name":"Bart et Lemy","alternateName":"bart-et-lemy.com","url":"https:\/\/bart-et-lemy.com\/blog\/","logo":{"@type":"ImageObject","inLanguage":"fr-FR","@id":"https:\/\/bart-et-lemy.com\/blog\/#\/schema\/logo\/image\/","url":"https:\/\/bart-et-lemy.com\/blog\/wp-content\/uploads\/2026\/07\/logo-auto.png","contentUrl":"https:\/\/bart-et-lemy.com\/blog\/wp-content\/uploads\/2026\/07\/logo-auto.png","width":1024,"height":1024,"caption":"Bart et Lemy"},"image":{"@id":"https:\/\/bart-et-lemy.com\/blog\/#\/schema\/logo\/image\/"}},{"@type":"Person","@id":"https:\/\/bart-et-lemy.com\/blog\/#\/schema\/person\/3c864cdc320801e3db34b663e7e3f816","name":"Elodie Mazeau","image":{"@type":"ImageObject","inLanguage":"fr-FR","@id":"https:\/\/bart-et-lemy.com\/blog\/wp-content\/uploads\/2026\/06\/persona_elodie-m-96x96.jpg","url":"https:\/\/bart-et-lemy.com\/blog\/wp-content\/uploads\/2026\/06\/persona_elodie-m-96x96.jpg","contentUrl":"https:\/\/bart-et-lemy.com\/blog\/wp-content\/uploads\/2026\/06\/persona_elodie-m-96x96.jpg","caption":"Elodie Mazeau"},"description":"J'\u00e9cris sur la parentalit\u00e9 telle qu'elle se vit vraiment, du premier biberon aux premi\u00e8res col\u00e8res. Mes sujets de pr\u00e9dilection couvrent le quotidien des familles : sommeil, alimentation, organisation, pu\u00e9riculture et ces petites gal\u00e8res que tout parent conna\u00eet. Depuis plusieurs ann\u00e9es, je m'attache \u00e0 proposer des rep\u00e8res concrets plut\u00f4t que des le\u00e7ons, parce que chaque famille trouve son propre \u00e9quilibre. Je v\u00e9rifie mes informations aupr\u00e8s de sources fiables, surtout d\u00e8s qu'on touche \u00e0 la sant\u00e9 ou \u00e0 la s\u00e9curit\u00e9 de l'enfant, et je pr\u00e9cise quand un avis professionnel s'impose. J'\u00e9vite soigneusement la culpabilisation : \u00eatre parent est d\u00e9j\u00e0 assez exigeant. Mon ton se veut complice et bienveillant, un peu comme une discussion entre parents qui se comprennent. L'id\u00e9e est d'all\u00e9ger la charge mentale en donnant des solutions simples et test\u00e9es.","sameAs":["https:\/\/elodiemazeau.fr\/"],"url":"https:\/\/bart-et-lemy.com\/blog\/auteur\/noname\/"}]}},"_links":{"self":[{"href":"https:\/\/bart-et-lemy.com\/blog\/wp-json\/wp\/v2\/posts\/8797","targetHints":{"allow":["GET"]}}],"collection":[{"href":"https:\/\/bart-et-lemy.com\/blog\/wp-json\/wp\/v2\/posts"}],"about":[{"href":"https:\/\/bart-et-lemy.com\/blog\/wp-json\/wp\/v2\/types\/post"}],"author":[{"embeddable":true,"href":"https:\/\/bart-et-lemy.com\/blog\/wp-json\/wp\/v2\/users\/34"}],"replies":[{"embeddable":true,"href":"https:\/\/bart-et-lemy.com\/blog\/wp-json\/wp\/v2\/comments?post=8797"}],"version-history":[{"count":1,"href":"https:\/\/bart-et-lemy.com\/blog\/wp-json\/wp\/v2\/posts\/8797\/revisions"}],"predecessor-version":[{"id":9761,"href":"https:\/\/bart-et-lemy.com\/blog\/wp-json\/wp\/v2\/posts\/8797\/revisions\/9761"}],"wp:featuredmedia":[{"embeddable":true,"href":"https:\/\/bart-et-lemy.com\/blog\/wp-json\/wp\/v2\/media\/9790"}],"wp:attachment":[{"href":"https:\/\/bart-et-lemy.com\/blog\/wp-json\/wp\/v2\/media?parent=8797"}],"wp:term":[{"taxonomy":"category","embeddable":true,"href":"https:\/\/bart-et-lemy.com\/blog\/wp-json\/wp\/v2\/categories?post=8797"},{"taxonomy":"post_tag","embeddable":true,"href":"https:\/\/bart-et-lemy.com\/blog\/wp-json\/wp\/v2\/tags?post=8797"}],"curies":[{"name":"wp","href":"https:\/\/api.w.org\/{rel}","templated":true}]}}