{"id":8798,"date":"2025-04-02T19:19:00","date_gmt":"2025-04-02T17:19:00","guid":{"rendered":"https:\/\/bart-et-lemy.com\/blog\/?p=8798"},"modified":"2025-02-10T17:02:47","modified_gmt":"2025-02-10T16:02:47","slug":"photographe-bebe-a-metz-capturer-les-moments-precieux-de-votre-enfant","status":"publish","type":"post","link":"https:\/\/bart-et-lemy.com\/blog\/a-la-une\/photographe-bebe-a-metz-capturer-les-moments-precieux-de-votre-enfant\/","title":{"rendered":"Photographe b\u00e9b\u00e9 \u00e0 Metz : Capturer les moments pr\u00e9cieux de votre enfant"},"content":{"rendered":"<p>La naissance d&rsquo;un b\u00e9b\u00e9 symbolise un nouveau d\u00e9part, et immortaliser ces instants magiques avec des photographies de qualit\u00e9 s&rsquo;av\u00e8re essentiel. \u00c0 Metz, les photographes sp\u00e9cialis\u00e9s dans les s\u00e9ances photo pour b\u00e9b\u00e9 offrent des services uniques pour capturer ces souvenirs pr\u00e9cieux. Cet article vous guide pour choisir le bon photographe, comprendre les diff\u00e9rentes options de s\u00e9ances, et d\u00e9couvrir comment ces souvenirs peuvent enrichir votre vie familiale.<\/p>\n<h2>Pourquoi choisir un photographe b\u00e9b\u00e9 \u00e0 Metz ?<\/h2>\n<p>Les photographes de Metz se distinguent par leur expertise et leur sensibilit\u00e9 envers les nouveau-n\u00e9s. Ils savent cr\u00e9er une atmosph\u00e8re apaisante, ce qui est crucial pour obtenir des images naturelles et sinc\u00e8res. En choisissant un photographe local, vous b\u00e9n\u00e9ficiez d&rsquo;un service personnalis\u00e9, souvent adapt\u00e9 aux sp\u00e9cificit\u00e9s de votre famille.<\/p>\n<blockquote class=\"wp-embedded-content\" data-secret=\"lbslzYmtYx\"><p><a href=\"https:\/\/bart-et-lemy.com\/blog\/a-la-une\/les-couches-lavables-pour-bebe-un-choix-eco-responsable-et-economique\/\">Les couches lavables pour b\u00e9b\u00e9 : un choix \u00e9co-responsable et \u00e9conomique<\/a><\/p><\/blockquote>\n<p><iframe loading=\"lazy\" class=\"wp-embedded-content\" sandbox=\"allow-scripts\" security=\"restricted\" style=\"position: absolute; visibility: hidden;\" title=\"\u00ab\u00a0Les couches lavables pour b\u00e9b\u00e9 : un choix \u00e9co-responsable et \u00e9conomique\u00a0\u00bb &#8212; bart-et-lemy.com\" src=\"https:\/\/bart-et-lemy.com\/blog\/a-la-une\/les-couches-lavables-pour-bebe-un-choix-eco-responsable-et-economique\/embed\/#?secret=i66lGhnbHy#?secret=lbslzYmtYx\" data-secret=\"lbslzYmtYx\" width=\"600\" height=\"338\" frameborder=\"0\" marginwidth=\"0\" marginheight=\"0\" scrolling=\"no\"><\/iframe><\/p>\n<p>De plus, Metz regorge de lieux pittoresques, parfaits pour des s\u00e9ances en ext\u00e9rieur. Que ce soit dans un parc, pr\u00e8s de la Moselle ou dans le cadre historique de la ville, chaque environnement apporte une touche unique \u00e0 vos photos. En capturant votre enfant dans ces d\u00e9cors, vous cr\u00e9ez des souvenirs qui \u00e9voquent aussi l&rsquo;identit\u00e9 de votre r\u00e9gion.<\/p>\n<h2>Comment se d\u00e9roule une s\u00e9ance photo pour b\u00e9b\u00e9 ?<\/h2>\n<ul>\n<li><strong>Prise de contact :<\/strong> Discutez avec le photographe de vos attentes, de l&rsquo;\u00e2ge de votre b\u00e9b\u00e9 et du style de photos que vous souhaitez.<\/li>\n<li><strong>Pr\u00e9paration :<\/strong> Pr\u00e9voyez des v\u00eatements adapt\u00e9s et des accessoires qui refl\u00e8tent votre personnalit\u00e9 familiale.<\/li>\n<li><strong>S\u00e9ance photo :<\/strong> Le photographe vous guidera tout au long de la s\u00e9ance, veillant \u00e0 ce que votre b\u00e9b\u00e9 soit \u00e0 l&rsquo;aise.<\/li>\n<li><strong>R\u00e9ception des photos :<\/strong> Apr\u00e8s quelques semaines, vous recevrez les clich\u00e9s retouch\u00e9s, pr\u00eats \u00e0 \u00eatre partag\u00e9s ou expos\u00e9s chez vous.<\/li>\n<\/ul>\n<h2>Les styles de photographie adapt\u00e9s aux b\u00e9b\u00e9s<\/h2>\n<p>Les photographes \u00e0 Metz offrent diff\u00e9rents styles de photographie pour b\u00e9b\u00e9s. Voici quelques exemples :<\/p>\n<ul>\n<li><strong>Portraits classiques :<\/strong> Mettent en avant le visage de votre b\u00e9b\u00e9, souvent avec des fonds neutres.<\/li>\n<li><strong>Photos de lifestyle :<\/strong> Capturent des moments spontan\u00e9s et naturels dans votre cadre de vie.<\/li>\n<li><strong>S\u00e9ances th\u00e9matiques :<\/strong> Bas\u00e9es sur des concepts sp\u00e9cifiques, comme les saisons, les f\u00eates ou les hobbies de la famille.<\/li>\n<\/ul>\n<p>Chaque style a ses propres avantages et peut refl\u00e9ter la personnalit\u00e9 de votre enfant ainsi que l&rsquo;atmosph\u00e8re de votre foyer. N&rsquo;h\u00e9sitez pas \u00e0 discuter avec votre photographe pour trouver le style qui vous correspond le mieux.<\/p>\n<blockquote class=\"wp-embedded-content\" data-secret=\"ZeuenUI31f\"><p><a href=\"https:\/\/bart-et-lemy.com\/blog\/a-la-une\/le-lien-precieux-entre-bebe-et-maman-une-aventure-unique\/\">Le lien pr\u00e9cieux entre b\u00e9b\u00e9 et maman : une aventure unique<\/a><\/p><\/blockquote>\n<p><iframe loading=\"lazy\" class=\"wp-embedded-content\" sandbox=\"allow-scripts\" security=\"restricted\" style=\"position: absolute; visibility: hidden;\" title=\"\u00ab\u00a0Le lien pr\u00e9cieux entre b\u00e9b\u00e9 et maman : une aventure unique\u00a0\u00bb &#8212; bart-et-lemy.com\" src=\"https:\/\/bart-et-lemy.com\/blog\/a-la-une\/le-lien-precieux-entre-bebe-et-maman-une-aventure-unique\/embed\/#?secret=4wPqP6jXOa#?secret=ZeuenUI31f\" data-secret=\"ZeuenUI31f\" width=\"600\" height=\"338\" frameborder=\"0\" marginwidth=\"0\" marginheight=\"0\" scrolling=\"no\"><\/iframe><\/p>\n<h2>Les bienfaits des photos de b\u00e9b\u00e9<\/h2>\n<p>Les photographies de votre b\u00e9b\u00e9 ne se limitent pas \u00e0 \u00eatre de simples images. Elles jouent un r\u00f4le crucial dans la construction de votre m\u00e9moire familiale. Ces photos permettent de revivre des moments pr\u00e9cieux et de partager votre histoire avec vos proches. De plus, elles renforcent le lien affectif entre les membres de la famille.<\/p>\n<p>Des \u00e9tudes montrent que regarder des photos de famille peut am\u00e9liorer l&rsquo;humeur et renforcer les liens affectifs. En affichant ces souvenirs dans votre maison, vous cr\u00e9ez un espace chaleureux et accueillant, o\u00f9 chaque visiteur peut ressentir l&rsquo;amour qui unit votre famille.<\/p>\n<blockquote>\n<p>\u00ab La photographie est un moyen d&rsquo;arr\u00eater le temps, de capturer l&rsquo;instant qui ne sera jamais reproduit. \u00bb<\/p>\n<\/blockquote>\n<table>\n<tr>\n<th>Crit\u00e8res<\/th>\n<th>Avantages<\/th>\n<th>Inconv\u00e9nients<\/th>\n<\/tr>\n<tr>\n<td>Photographe professionnel<\/td>\n<td>Exp\u00e9rience et expertise<\/td>\n<td>Co\u00fbt potentiellement \u00e9lev\u00e9<\/td>\n<\/tr>\n<tr>\n<td>S\u00e9ance en ext\u00e9rieur<\/td>\n<td>D\u00e9cors vari\u00e9s et naturels<\/td>\n<td>D\u00e9pend de la m\u00e9t\u00e9o<\/td>\n<\/tr>\n<tr>\n<td>Style de photographie<\/td>\n<td>Personnalisation selon vos go\u00fbts<\/td>\n<td>N\u00e9cessite une bonne communication<\/td>\n<\/tr>\n<\/table>\n<h3>FAQ :<\/h3>\n<blockquote>\n<ul>\n<li><strong>Quel est le meilleur moment pour faire des photos de b\u00e9b\u00e9 ?<\/strong> Id\u00e9alement, entre 7 et 14 jours apr\u00e8s la naissance pour les nouveaux-n\u00e9s.<\/li>\n<li><strong>Combien de temps dure une s\u00e9ance photo ?<\/strong> En g\u00e9n\u00e9ral, une s\u00e9ance dure entre 1 et 2 heures.<\/li>\n<li><strong>Dois-je pr\u00e9parer quelque chose pour la s\u00e9ance ?<\/strong> Oui, pr\u00e9voyez des v\u00eatements et accessoires qui refl\u00e8tent votre style.<\/li>\n<li><strong>Quand recevrai-je mes photos ?<\/strong> Vous recevrez les photos retouch\u00e9es environ 2 \u00e0 4 semaines apr\u00e8s la s\u00e9ance.<\/li>\n<\/ul>\n<\/blockquote>\n<p>Choisir un photographe b\u00e9b\u00e9 \u00e0 Metz repr\u00e9sente un investissement dans vos souvenirs familiaux. Ces photographies deviendront des tr\u00e9sors que vous ch\u00e9rirez toute votre vie. N&rsquo;attendez plus pour capturer ces moments pr\u00e9cieux qui passeront si vite.<\/p>\n","protected":false},"excerpt":{"rendered":"","protected":false},"author":34,"featured_media":10218,"comment_status":"open","ping_status":"open","sticky":false,"template":"","format":"standard","meta":{"_acf_changed":false,"manual_indexmenow":false,"indexmenow_id_project":0,"footnotes":""},"categories":[1],"tags":[4590,3665,5835,5203,4680,4657],"class_list":["post-8798","post","type-post","status-publish","format-standard","has-post-thumbnail","hentry","category-a-la-une","tag-bebe","tag-famille","tag-metz","tag-photographe","tag-seance-photo","tag-souvenirs","generate-columns","tablet-grid-50","mobile-grid-100","grid-parent","grid-25"],"acf":[],"yoast_head":"<!-- This site is optimized with the Yoast SEO Premium plugin v21.3 (Yoast SEO v27.3) - https:\/\/yoast.com\/product\/yoast-seo-premium-wordpress\/ -->\n<title>Photographe b\u00e9b\u00e9 \u00e0 Metz<\/title>\n<meta name=\"description\" content=\"La naissance d&#039;un b\u00e9b\u00e9 symbolise un nouveau d\u00e9part, et immortaliser ces instants magiques avec des photographies de qualit\u00e9 s&#039;av\u00e8re essentiel.\" \/>\n<meta name=\"robots\" content=\"index, follow, max-snippet:-1, max-image-preview:large, max-video-preview:-1\" \/>\n<link rel=\"canonical\" href=\"https:\/\/bart-et-lemy.com\/blog\/a-la-une\/photographe-bebe-a-metz-capturer-les-moments-precieux-de-votre-enfant\/\" \/>\n<meta property=\"og:locale\" content=\"fr_FR\" \/>\n<meta property=\"og:type\" content=\"article\" \/>\n<meta property=\"og:title\" content=\"Photographe b\u00e9b\u00e9 \u00e0 Metz\" \/>\n<meta property=\"og:description\" content=\"La naissance d&#039;un b\u00e9b\u00e9 symbolise un nouveau d\u00e9part, et immortaliser ces instants magiques avec des photographies de qualit\u00e9 s&#039;av\u00e8re essentiel.\" \/>\n<meta property=\"og:url\" content=\"https:\/\/bart-et-lemy.com\/blog\/a-la-une\/photographe-bebe-a-metz-capturer-les-moments-precieux-de-votre-enfant\/\" \/>\n<meta property=\"og:site_name\" content=\"bart-et-lemy.com\" \/>\n<meta property=\"og:image\" content=\"https:\/\/bart-et-lemy.com\/blog\/wp-content\/uploads\/2025\/04\/sdxl-57600605c8b63ef141db8a9072898c14.png\" \/>\n\t<meta property=\"og:image:width\" content=\"1536\" \/>\n\t<meta property=\"og:image:height\" content=\"640\" \/>\n\t<meta property=\"og:image:type\" content=\"image\/png\" \/>\n<meta name=\"author\" content=\"Elodie Mazeau\" \/>\n<meta name=\"twitter:card\" content=\"summary_large_image\" \/>\n<script type=\"application\/ld+json\" class=\"yoast-schema-graph\">{\"@context\":\"https:\\\/\\\/schema.org\",\"@graph\":[{\"@type\":\"NewsArticle\",\"@id\":\"https:\\\/\\\/bart-et-lemy.com\\\/blog\\\/a-la-une\\\/photographe-bebe-a-metz-capturer-les-moments-precieux-de-votre-enfant\\\/#article\",\"isPartOf\":{\"@id\":\"https:\\\/\\\/bart-et-lemy.com\\\/blog\\\/a-la-une\\\/photographe-bebe-a-metz-capturer-les-moments-precieux-de-votre-enfant\\\/\"},\"author\":{\"name\":\"Elodie Mazeau\",\"@id\":\"https:\\\/\\\/bart-et-lemy.com\\\/blog\\\/#\\\/schema\\\/person\\\/3c864cdc320801e3db34b663e7e3f816\"},\"headline\":\"Photographe b\u00e9b\u00e9 \u00e0 Metz : Capturer les moments pr\u00e9cieux de votre enfant\",\"datePublished\":\"2025-04-02T17:19:00+00:00\",\"mainEntityOfPage\":{\"@id\":\"https:\\\/\\\/bart-et-lemy.com\\\/blog\\\/a-la-une\\\/photographe-bebe-a-metz-capturer-les-moments-precieux-de-votre-enfant\\\/\"},\"wordCount\":751,\"commentCount\":24,\"publisher\":{\"@id\":\"https:\\\/\\\/bart-et-lemy.com\\\/blog\\\/#organization\"},\"image\":{\"@id\":\"https:\\\/\\\/bart-et-lemy.com\\\/blog\\\/a-la-une\\\/photographe-bebe-a-metz-capturer-les-moments-precieux-de-votre-enfant\\\/#primaryimage\"},\"thumbnailUrl\":\"https:\\\/\\\/bart-et-lemy.com\\\/blog\\\/wp-content\\\/uploads\\\/2025\\\/04\\\/sdxl-57600605c8b63ef141db8a9072898c14.png\",\"keywords\":[\"B\u00e9b\u00e9\",\"Famille\",\"Metz\",\"Photographe\",\"S\u00e9ance Photo\",\"Souvenirs\"],\"articleSection\":[\"\u00c0 la une\"],\"inLanguage\":\"fr-FR\",\"potentialAction\":[{\"@type\":\"CommentAction\",\"name\":\"Comment\",\"target\":[\"https:\\\/\\\/bart-et-lemy.com\\\/blog\\\/a-la-une\\\/photographe-bebe-a-metz-capturer-les-moments-precieux-de-votre-enfant\\\/#respond\"]}]},{\"@type\":\"WebPage\",\"@id\":\"https:\\\/\\\/bart-et-lemy.com\\\/blog\\\/a-la-une\\\/photographe-bebe-a-metz-capturer-les-moments-precieux-de-votre-enfant\\\/\",\"url\":\"https:\\\/\\\/bart-et-lemy.com\\\/blog\\\/a-la-une\\\/photographe-bebe-a-metz-capturer-les-moments-precieux-de-votre-enfant\\\/\",\"name\":\"Photographe b\u00e9b\u00e9 \u00e0 Metz\",\"isPartOf\":{\"@id\":\"https:\\\/\\\/bart-et-lemy.com\\\/blog\\\/#website\"},\"primaryImageOfPage\":{\"@id\":\"https:\\\/\\\/bart-et-lemy.com\\\/blog\\\/a-la-une\\\/photographe-bebe-a-metz-capturer-les-moments-precieux-de-votre-enfant\\\/#primaryimage\"},\"image\":{\"@id\":\"https:\\\/\\\/bart-et-lemy.com\\\/blog\\\/a-la-une\\\/photographe-bebe-a-metz-capturer-les-moments-precieux-de-votre-enfant\\\/#primaryimage\"},\"thumbnailUrl\":\"https:\\\/\\\/bart-et-lemy.com\\\/blog\\\/wp-content\\\/uploads\\\/2025\\\/04\\\/sdxl-57600605c8b63ef141db8a9072898c14.png\",\"datePublished\":\"2025-04-02T17:19:00+00:00\",\"description\":\"La naissance d'un b\u00e9b\u00e9 symbolise un nouveau d\u00e9part, et immortaliser ces instants magiques avec des photographies de qualit\u00e9 s'av\u00e8re essentiel.\",\"inLanguage\":\"fr-FR\",\"potentialAction\":[{\"@type\":\"ReadAction\",\"target\":[\"https:\\\/\\\/bart-et-lemy.com\\\/blog\\\/a-la-une\\\/photographe-bebe-a-metz-capturer-les-moments-precieux-de-votre-enfant\\\/\"]}]},{\"@type\":\"ImageObject\",\"inLanguage\":\"fr-FR\",\"@id\":\"https:\\\/\\\/bart-et-lemy.com\\\/blog\\\/a-la-une\\\/photographe-bebe-a-metz-capturer-les-moments-precieux-de-votre-enfant\\\/#primaryimage\",\"url\":\"https:\\\/\\\/bart-et-lemy.com\\\/blog\\\/wp-content\\\/uploads\\\/2025\\\/04\\\/sdxl-57600605c8b63ef141db8a9072898c14.png\",\"contentUrl\":\"https:\\\/\\\/bart-et-lemy.com\\\/blog\\\/wp-content\\\/uploads\\\/2025\\\/04\\\/sdxl-57600605c8b63ef141db8a9072898c14.png\",\"width\":1536,\"height\":640},{\"@type\":\"WebSite\",\"@id\":\"https:\\\/\\\/bart-et-lemy.com\\\/blog\\\/#website\",\"url\":\"https:\\\/\\\/bart-et-lemy.com\\\/blog\\\/\",\"name\":\"Bart et Lemy\",\"description\":\"L\u2019originalit\u00e9 en toute libert\u00e9.\",\"publisher\":{\"@id\":\"https:\\\/\\\/bart-et-lemy.com\\\/blog\\\/#organization\"},\"alternateName\":\"Conseils parentaux, astuces famille et bien-\u00eatre enfant\",\"potentialAction\":[{\"@type\":\"SearchAction\",\"target\":{\"@type\":\"EntryPoint\",\"urlTemplate\":\"https:\\\/\\\/bart-et-lemy.com\\\/blog\\\/?s={search_term_string}\"},\"query-input\":{\"@type\":\"PropertyValueSpecification\",\"valueRequired\":true,\"valueName\":\"search_term_string\"}}],\"inLanguage\":\"fr-FR\"},{\"@type\":\"Organization\",\"@id\":\"https:\\\/\\\/bart-et-lemy.com\\\/blog\\\/#organization\",\"name\":\"Bart et Lemy\",\"alternateName\":\"bart-et-lemy.com\",\"url\":\"https:\\\/\\\/bart-et-lemy.com\\\/blog\\\/\",\"logo\":{\"@type\":\"ImageObject\",\"inLanguage\":\"fr-FR\",\"@id\":\"https:\\\/\\\/bart-et-lemy.com\\\/blog\\\/#\\\/schema\\\/logo\\\/image\\\/\",\"url\":\"https:\\\/\\\/bart-et-lemy.com\\\/blog\\\/wp-content\\\/uploads\\\/2026\\\/07\\\/logo-auto.png\",\"contentUrl\":\"https:\\\/\\\/bart-et-lemy.com\\\/blog\\\/wp-content\\\/uploads\\\/2026\\\/07\\\/logo-auto.png\",\"width\":1024,\"height\":1024,\"caption\":\"Bart et Lemy\"},\"image\":{\"@id\":\"https:\\\/\\\/bart-et-lemy.com\\\/blog\\\/#\\\/schema\\\/logo\\\/image\\\/\"}},{\"@type\":\"Person\",\"@id\":\"https:\\\/\\\/bart-et-lemy.com\\\/blog\\\/#\\\/schema\\\/person\\\/3c864cdc320801e3db34b663e7e3f816\",\"name\":\"Elodie Mazeau\",\"image\":{\"@type\":\"ImageObject\",\"inLanguage\":\"fr-FR\",\"@id\":\"https:\\\/\\\/bart-et-lemy.com\\\/blog\\\/wp-content\\\/uploads\\\/2026\\\/06\\\/persona_elodie-m-96x96.jpg\",\"url\":\"https:\\\/\\\/bart-et-lemy.com\\\/blog\\\/wp-content\\\/uploads\\\/2026\\\/06\\\/persona_elodie-m-96x96.jpg\",\"contentUrl\":\"https:\\\/\\\/bart-et-lemy.com\\\/blog\\\/wp-content\\\/uploads\\\/2026\\\/06\\\/persona_elodie-m-96x96.jpg\",\"caption\":\"Elodie Mazeau\"},\"description\":\"J'\u00e9cris sur la parentalit\u00e9 telle qu'elle se vit vraiment, du premier biberon aux premi\u00e8res col\u00e8res. Mes sujets de pr\u00e9dilection couvrent le quotidien des familles : sommeil, alimentation, organisation, pu\u00e9riculture et ces petites gal\u00e8res que tout parent conna\u00eet. Depuis plusieurs ann\u00e9es, je m'attache \u00e0 proposer des rep\u00e8res concrets plut\u00f4t que des le\u00e7ons, parce que chaque famille trouve son propre \u00e9quilibre. Je v\u00e9rifie mes informations aupr\u00e8s de sources fiables, surtout d\u00e8s qu'on touche \u00e0 la sant\u00e9 ou \u00e0 la s\u00e9curit\u00e9 de l'enfant, et je pr\u00e9cise quand un avis professionnel s'impose. J'\u00e9vite soigneusement la culpabilisation : \u00eatre parent est d\u00e9j\u00e0 assez exigeant. Mon ton se veut complice et bienveillant, un peu comme une discussion entre parents qui se comprennent. L'id\u00e9e est d'all\u00e9ger la charge mentale en donnant des solutions simples et test\u00e9es.\",\"sameAs\":[\"https:\\\/\\\/elodiemazeau.fr\\\/\"],\"url\":\"https:\\\/\\\/bart-et-lemy.com\\\/blog\\\/auteur\\\/noname\\\/\"}]}<\/script>\n<!-- \/ Yoast SEO Premium plugin. -->","yoast_head_json":{"title":"Photographe b\u00e9b\u00e9 \u00e0 Metz","description":"La naissance d'un b\u00e9b\u00e9 symbolise un nouveau d\u00e9part, et immortaliser ces instants magiques avec des photographies de qualit\u00e9 s'av\u00e8re essentiel.","robots":{"index":"index","follow":"follow","max-snippet":"max-snippet:-1","max-image-preview":"max-image-preview:large","max-video-preview":"max-video-preview:-1"},"canonical":"https:\/\/bart-et-lemy.com\/blog\/a-la-une\/photographe-bebe-a-metz-capturer-les-moments-precieux-de-votre-enfant\/","og_locale":"fr_FR","og_type":"article","og_title":"Photographe b\u00e9b\u00e9 \u00e0 Metz","og_description":"La naissance d'un b\u00e9b\u00e9 symbolise un nouveau d\u00e9part, et immortaliser ces instants magiques avec des photographies de qualit\u00e9 s'av\u00e8re essentiel.","og_url":"https:\/\/bart-et-lemy.com\/blog\/a-la-une\/photographe-bebe-a-metz-capturer-les-moments-precieux-de-votre-enfant\/","og_site_name":"bart-et-lemy.com","og_image":[{"width":1536,"height":640,"url":"https:\/\/bart-et-lemy.com\/blog\/wp-content\/uploads\/2025\/04\/sdxl-57600605c8b63ef141db8a9072898c14.png","type":"image\/png"}],"author":"Elodie Mazeau","twitter_card":"summary_large_image","schema":{"@context":"https:\/\/schema.org","@graph":[{"@type":"NewsArticle","@id":"https:\/\/bart-et-lemy.com\/blog\/a-la-une\/photographe-bebe-a-metz-capturer-les-moments-precieux-de-votre-enfant\/#article","isPartOf":{"@id":"https:\/\/bart-et-lemy.com\/blog\/a-la-une\/photographe-bebe-a-metz-capturer-les-moments-precieux-de-votre-enfant\/"},"author":{"name":"Elodie Mazeau","@id":"https:\/\/bart-et-lemy.com\/blog\/#\/schema\/person\/3c864cdc320801e3db34b663e7e3f816"},"headline":"Photographe b\u00e9b\u00e9 \u00e0 Metz : Capturer les moments pr\u00e9cieux de votre enfant","datePublished":"2025-04-02T17:19:00+00:00","mainEntityOfPage":{"@id":"https:\/\/bart-et-lemy.com\/blog\/a-la-une\/photographe-bebe-a-metz-capturer-les-moments-precieux-de-votre-enfant\/"},"wordCount":751,"commentCount":24,"publisher":{"@id":"https:\/\/bart-et-lemy.com\/blog\/#organization"},"image":{"@id":"https:\/\/bart-et-lemy.com\/blog\/a-la-une\/photographe-bebe-a-metz-capturer-les-moments-precieux-de-votre-enfant\/#primaryimage"},"thumbnailUrl":"https:\/\/bart-et-lemy.com\/blog\/wp-content\/uploads\/2025\/04\/sdxl-57600605c8b63ef141db8a9072898c14.png","keywords":["B\u00e9b\u00e9","Famille","Metz","Photographe","S\u00e9ance Photo","Souvenirs"],"articleSection":["\u00c0 la une"],"inLanguage":"fr-FR","potentialAction":[{"@type":"CommentAction","name":"Comment","target":["https:\/\/bart-et-lemy.com\/blog\/a-la-une\/photographe-bebe-a-metz-capturer-les-moments-precieux-de-votre-enfant\/#respond"]}]},{"@type":"WebPage","@id":"https:\/\/bart-et-lemy.com\/blog\/a-la-une\/photographe-bebe-a-metz-capturer-les-moments-precieux-de-votre-enfant\/","url":"https:\/\/bart-et-lemy.com\/blog\/a-la-une\/photographe-bebe-a-metz-capturer-les-moments-precieux-de-votre-enfant\/","name":"Photographe b\u00e9b\u00e9 \u00e0 Metz","isPartOf":{"@id":"https:\/\/bart-et-lemy.com\/blog\/#website"},"primaryImageOfPage":{"@id":"https:\/\/bart-et-lemy.com\/blog\/a-la-une\/photographe-bebe-a-metz-capturer-les-moments-precieux-de-votre-enfant\/#primaryimage"},"image":{"@id":"https:\/\/bart-et-lemy.com\/blog\/a-la-une\/photographe-bebe-a-metz-capturer-les-moments-precieux-de-votre-enfant\/#primaryimage"},"thumbnailUrl":"https:\/\/bart-et-lemy.com\/blog\/wp-content\/uploads\/2025\/04\/sdxl-57600605c8b63ef141db8a9072898c14.png","datePublished":"2025-04-02T17:19:00+00:00","description":"La naissance d'un b\u00e9b\u00e9 symbolise un nouveau d\u00e9part, et immortaliser ces instants magiques avec des photographies de qualit\u00e9 s'av\u00e8re essentiel.","inLanguage":"fr-FR","potentialAction":[{"@type":"ReadAction","target":["https:\/\/bart-et-lemy.com\/blog\/a-la-une\/photographe-bebe-a-metz-capturer-les-moments-precieux-de-votre-enfant\/"]}]},{"@type":"ImageObject","inLanguage":"fr-FR","@id":"https:\/\/bart-et-lemy.com\/blog\/a-la-une\/photographe-bebe-a-metz-capturer-les-moments-precieux-de-votre-enfant\/#primaryimage","url":"https:\/\/bart-et-lemy.com\/blog\/wp-content\/uploads\/2025\/04\/sdxl-57600605c8b63ef141db8a9072898c14.png","contentUrl":"https:\/\/bart-et-lemy.com\/blog\/wp-content\/uploads\/2025\/04\/sdxl-57600605c8b63ef141db8a9072898c14.png","width":1536,"height":640},{"@type":"WebSite","@id":"https:\/\/bart-et-lemy.com\/blog\/#website","url":"https:\/\/bart-et-lemy.com\/blog\/","name":"Bart et Lemy","description":"L\u2019originalit\u00e9 en toute libert\u00e9.","publisher":{"@id":"https:\/\/bart-et-lemy.com\/blog\/#organization"},"alternateName":"Conseils parentaux, astuces famille et bien-\u00eatre enfant","potentialAction":[{"@type":"SearchAction","target":{"@type":"EntryPoint","urlTemplate":"https:\/\/bart-et-lemy.com\/blog\/?s={search_term_string}"},"query-input":{"@type":"PropertyValueSpecification","valueRequired":true,"valueName":"search_term_string"}}],"inLanguage":"fr-FR"},{"@type":"Organization","@id":"https:\/\/bart-et-lemy.com\/blog\/#organization","name":"Bart et Lemy","alternateName":"bart-et-lemy.com","url":"https:\/\/bart-et-lemy.com\/blog\/","logo":{"@type":"ImageObject","inLanguage":"fr-FR","@id":"https:\/\/bart-et-lemy.com\/blog\/#\/schema\/logo\/image\/","url":"https:\/\/bart-et-lemy.com\/blog\/wp-content\/uploads\/2026\/07\/logo-auto.png","contentUrl":"https:\/\/bart-et-lemy.com\/blog\/wp-content\/uploads\/2026\/07\/logo-auto.png","width":1024,"height":1024,"caption":"Bart et Lemy"},"image":{"@id":"https:\/\/bart-et-lemy.com\/blog\/#\/schema\/logo\/image\/"}},{"@type":"Person","@id":"https:\/\/bart-et-lemy.com\/blog\/#\/schema\/person\/3c864cdc320801e3db34b663e7e3f816","name":"Elodie Mazeau","image":{"@type":"ImageObject","inLanguage":"fr-FR","@id":"https:\/\/bart-et-lemy.com\/blog\/wp-content\/uploads\/2026\/06\/persona_elodie-m-96x96.jpg","url":"https:\/\/bart-et-lemy.com\/blog\/wp-content\/uploads\/2026\/06\/persona_elodie-m-96x96.jpg","contentUrl":"https:\/\/bart-et-lemy.com\/blog\/wp-content\/uploads\/2026\/06\/persona_elodie-m-96x96.jpg","caption":"Elodie Mazeau"},"description":"J'\u00e9cris sur la parentalit\u00e9 telle qu'elle se vit vraiment, du premier biberon aux premi\u00e8res col\u00e8res. Mes sujets de pr\u00e9dilection couvrent le quotidien des familles : sommeil, alimentation, organisation, pu\u00e9riculture et ces petites gal\u00e8res que tout parent conna\u00eet. Depuis plusieurs ann\u00e9es, je m'attache \u00e0 proposer des rep\u00e8res concrets plut\u00f4t que des le\u00e7ons, parce que chaque famille trouve son propre \u00e9quilibre. Je v\u00e9rifie mes informations aupr\u00e8s de sources fiables, surtout d\u00e8s qu'on touche \u00e0 la sant\u00e9 ou \u00e0 la s\u00e9curit\u00e9 de l'enfant, et je pr\u00e9cise quand un avis professionnel s'impose. J'\u00e9vite soigneusement la culpabilisation : \u00eatre parent est d\u00e9j\u00e0 assez exigeant. Mon ton se veut complice et bienveillant, un peu comme une discussion entre parents qui se comprennent. L'id\u00e9e est d'all\u00e9ger la charge mentale en donnant des solutions simples et test\u00e9es.","sameAs":["https:\/\/elodiemazeau.fr\/"],"url":"https:\/\/bart-et-lemy.com\/blog\/auteur\/noname\/"}]}},"_links":{"self":[{"href":"https:\/\/bart-et-lemy.com\/blog\/wp-json\/wp\/v2\/posts\/8798","targetHints":{"allow":["GET"]}}],"collection":[{"href":"https:\/\/bart-et-lemy.com\/blog\/wp-json\/wp\/v2\/posts"}],"about":[{"href":"https:\/\/bart-et-lemy.com\/blog\/wp-json\/wp\/v2\/types\/post"}],"author":[{"embeddable":true,"href":"https:\/\/bart-et-lemy.com\/blog\/wp-json\/wp\/v2\/users\/34"}],"replies":[{"embeddable":true,"href":"https:\/\/bart-et-lemy.com\/blog\/wp-json\/wp\/v2\/comments?post=8798"}],"version-history":[{"count":1,"href":"https:\/\/bart-et-lemy.com\/blog\/wp-json\/wp\/v2\/posts\/8798\/revisions"}],"predecessor-version":[{"id":10213,"href":"https:\/\/bart-et-lemy.com\/blog\/wp-json\/wp\/v2\/posts\/8798\/revisions\/10213"}],"wp:featuredmedia":[{"embeddable":true,"href":"https:\/\/bart-et-lemy.com\/blog\/wp-json\/wp\/v2\/media\/10218"}],"wp:attachment":[{"href":"https:\/\/bart-et-lemy.com\/blog\/wp-json\/wp\/v2\/media?parent=8798"}],"wp:term":[{"taxonomy":"category","embeddable":true,"href":"https:\/\/bart-et-lemy.com\/blog\/wp-json\/wp\/v2\/categories?post=8798"},{"taxonomy":"post_tag","embeddable":true,"href":"https:\/\/bart-et-lemy.com\/blog\/wp-json\/wp\/v2\/tags?post=8798"}],"curies":[{"name":"wp","href":"https:\/\/api.w.org\/{rel}","templated":true}]}}