{"id":8832,"date":"2025-04-07T19:19:00","date_gmt":"2025-04-07T17:19:00","guid":{"rendered":"https:\/\/bart-et-lemy.com\/blog\/?p=8832"},"modified":"2025-02-10T17:06:48","modified_gmt":"2025-02-10T16:06:48","slug":"coach-sommeil-bebe-a-strasbourg-conseils-et-solutions-pour-des-nuits-paisibles","status":"publish","type":"post","link":"https:\/\/bart-et-lemy.com\/blog\/a-la-une\/coach-sommeil-bebe-a-strasbourg-conseils-et-solutions-pour-des-nuits-paisibles\/","title":{"rendered":"Coach sommeil b\u00e9b\u00e9 \u00e0 Strasbourg : conseils et solutions pour des nuits paisibles"},"content":{"rendered":"<h2>Introduction : l&rsquo;importance du sommeil chez les b\u00e9b\u00e9s<\/h2>\n<p>\u00c0 Strasbourg, de nombreux parents se retrouvent face \u00e0 des difficult\u00e9s pour endormir leur enfant ou maintenir un sommeil r\u00e9gulier. Comment garantir des nuits paisibles pour toute la famille ? Cet article explore les solutions offertes par les coaches de sommeil sp\u00e9cialis\u00e9s et propose des conseils pratiques.<\/p>\n<h2>Qu&rsquo;est-ce qu&rsquo;un coach sommeil b\u00e9b\u00e9 ?<\/h2>\n<p>Un coach sommeil b\u00e9b\u00e9 est un professionnel qui aide les parents \u00e0 \u00e9tablir des routines de sommeil adapt\u00e9es aux besoins de leur enfant. Son r\u00f4le consiste \u00e0 :<\/p>\n<blockquote class=\"wp-embedded-content\" data-secret=\"N3fowbi5WD\"><p><a href=\"https:\/\/bart-et-lemy.com\/blog\/a-la-une\/decouvrez-les-meilleures-applications-photo-pour-bebe-gratuites\/\">D\u00e9couvrez les meilleures applications photo pour b\u00e9b\u00e9 gratuites<\/a><\/p><\/blockquote>\n<p><iframe loading=\"lazy\" class=\"wp-embedded-content\" sandbox=\"allow-scripts\" security=\"restricted\" style=\"position: absolute; visibility: hidden;\" title=\"\u00ab\u00a0D\u00e9couvrez les meilleures applications photo pour b\u00e9b\u00e9 gratuites\u00a0\u00bb &#8212; bart-et-lemy.com\" src=\"https:\/\/bart-et-lemy.com\/blog\/a-la-une\/decouvrez-les-meilleures-applications-photo-pour-bebe-gratuites\/embed\/#?secret=sqUJv3LFS3#?secret=N3fowbi5WD\" data-secret=\"N3fowbi5WD\" width=\"600\" height=\"338\" frameborder=\"0\" marginwidth=\"0\" marginheight=\"0\" scrolling=\"no\"><\/iframe><\/p>\n<ul>\n<li>\u00c9valuer les habitudes de sommeil de l&rsquo;enfant.<\/li>\n<li>Proposer des strat\u00e9gies personnalis\u00e9es pour am\u00e9liorer la qualit\u00e9 du sommeil.<\/li>\n<li>Accompagner les parents dans la mise en place de ces strat\u00e9gies.<\/li>\n<\/ul>\n<p>Dans ce cadre, le coach s&rsquo;appuie sur des m\u00e9thodes douces et respectueuses du rythme de l&rsquo;enfant. \u00c0 Strasbourg, plusieurs sp\u00e9cialistes offrent leurs services, pr\u00eats \u00e0 soutenir les familles dans cette qu\u00eate de s\u00e9r\u00e9nit\u00e9 nocturne.<\/p>\n<h2>Les bienfaits d&rsquo;un accompagnement personnalis\u00e9<\/h2>\n<p>Recourir \u00e0 un coach sommeil pr\u00e9sente plusieurs avantages :<\/p>\n<ul>\n<li><strong>Expertise :<\/strong> Les coaches poss\u00e8dent des connaissances approfondies sur le sommeil infantile.<\/li>\n<li><strong>Approche adapt\u00e9e :<\/strong> Chaque enfant est unique, et les conseils sont personnalis\u00e9s en fonction de son \u00e2ge et de ses besoins.<\/li>\n<li><strong>Support \u00e9motionnel :<\/strong> Les parents b\u00e9n\u00e9ficient d&rsquo;un accompagnement moral dans cette p\u00e9riode souvent stressante.<\/li>\n<\/ul>\n<p>Un suivi r\u00e9gulier peut transformer le sommeil de votre b\u00e9b\u00e9 en instaurant un climat de confiance et de tranquillit\u00e9. Les nuits deviennent alors plus reposantes pour tous.<\/p>\n<blockquote class=\"wp-embedded-content\" data-secret=\"LozqiHAIEN\"><p><a href=\"https:\/\/bart-et-lemy.com\/blog\/a-la-une\/les-couches-lavables-pour-bebe-un-choix-eco-responsable-et-economique\/\">Les couches lavables pour b\u00e9b\u00e9 : un choix \u00e9co-responsable et \u00e9conomique<\/a><\/p><\/blockquote>\n<p><iframe loading=\"lazy\" class=\"wp-embedded-content\" sandbox=\"allow-scripts\" security=\"restricted\" style=\"position: absolute; visibility: hidden;\" title=\"\u00ab\u00a0Les couches lavables pour b\u00e9b\u00e9 : un choix \u00e9co-responsable et \u00e9conomique\u00a0\u00bb &#8212; bart-et-lemy.com\" src=\"https:\/\/bart-et-lemy.com\/blog\/a-la-une\/les-couches-lavables-pour-bebe-un-choix-eco-responsable-et-economique\/embed\/#?secret=LTXjt7FUFb#?secret=LozqiHAIEN\" data-secret=\"LozqiHAIEN\" width=\"600\" height=\"338\" frameborder=\"0\" marginwidth=\"0\" marginheight=\"0\" scrolling=\"no\"><\/iframe><\/p>\n<h2>Comment se d\u00e9roule une s\u00e9ance de coaching sommeil ?<\/h2>\n<p>Une s\u00e9ance typique commence par une discussion approfondie entre le coach et les parents. Voici les \u00e9tapes cl\u00e9s :<\/p>\n<li>\u00c9valuation des habitudes de sommeil actuelles.<\/li>\n<li>Identification des probl\u00e8mes sp\u00e9cifiques rencontr\u00e9s.<\/li>\n<li>\u00c9laboration d&rsquo;un plan d&rsquo;action personnalis\u00e9.<\/li>\n<li>Mise en place de techniques de relaxation et d&rsquo;endormissement.<\/li>\n<p>Les s\u00e9ances peuvent se d\u00e9rouler en pr\u00e9sentiel ou \u00e0 distance, selon les pr\u00e9f\u00e9rences des parents. Le coach reste disponible pour des ajustements si n\u00e9cessaire.<\/p>\n<blockquote>\n<p>\u201cLe sommeil est essentiel au d\u00e9veloppement physique et mental de votre enfant.\u201d &#8211; Un coach sommeil de Strasbourg.<\/p>\n<\/blockquote>\n<h2>Tableau r\u00e9capitulatif des m\u00e9thodes de coaching sommeil<\/h2>\n<table>\n<tr>\n<th>M\u00e9thode<\/th>\n<th>Objectif<\/th>\n<th>\u00c2ge recommand\u00e9<\/th>\n<\/tr>\n<tr>\n<td>Routine de sommeil<\/td>\n<td>Stabiliser les horaires d&rsquo;endormissement<\/td>\n<td>D\u00e8s la naissance<\/td>\n<\/tr>\n<tr>\n<td>Techniques de relaxation<\/td>\n<td>Apaiser l&rsquo;enfant avant le coucher<\/td>\n<td>\u00c0 partir de 3 mois<\/td>\n<\/tr>\n<tr>\n<td>Gestion des r\u00e9veils nocturnes<\/td>\n<td>Aider l&rsquo;enfant \u00e0 se rendormir seul<\/td>\n<td>\u00c0 partir de 6 mois<\/td>\n<\/tr>\n<\/table>\n<h2>FAQ :<\/h2>\n<blockquote>\n<ul>\n<li><strong>Quels sont les signes que mon b\u00e9b\u00e9 a besoin d&rsquo;un coach sommeil ?<\/strong>Des difficult\u00e9s fr\u00e9quentes \u00e0 s&rsquo;endormir, des r\u00e9veils nocturnes prolong\u00e9s ou une fatigue excessive peuvent indiquer un besoin d&rsquo;aide.<\/li>\n<li><strong>\u00c0 quel \u00e2ge peut-on commencer le coaching sommeil ?<\/strong>Le coaching peut commencer d\u00e8s la naissance, mais les m\u00e9thodes varient en fonction de l&rsquo;\u00e2ge de l&rsquo;enfant.<\/li>\n<li><strong>Combien de s\u00e9ances sont n\u00e9cessaires ?<\/strong>En g\u00e9n\u00e9ral, 3 \u00e0 5 s\u00e9ances suffisent pour \u00e9tablir une routine efficace.<\/li>\n<li><strong>Le coaching sommeil respecte-t-il les besoins de mon enfant ?<\/strong>Oui, les coaches s&rsquo;adaptent au rythme et aux besoins sp\u00e9cifiques de chaque enfant.<\/li>\n<\/ul>\n<\/blockquote>\n<h2>Conclusion : vers des nuits sereines<\/h2>\n<p>Investir dans un coaching sommeil pour votre b\u00e9b\u00e9 \u00e0 Strasbourg peut transformer vos nuits. Les m\u00e9thodes personnalis\u00e9es et l&rsquo;accompagnement des coaches offrent des solutions adapt\u00e9es aux besoins de chaque famille. N&rsquo;attendez plus pour retrouver des nuits paisibles et \u00e9quilibr\u00e9es pour vous et votre enfant !<\/p>\n","protected":false},"excerpt":{"rendered":"","protected":false},"author":34,"featured_media":10876,"comment_status":"open","ping_status":"open","sticky":false,"template":"","format":"standard","meta":{"_acf_changed":false,"manual_indexmenow":false,"indexmenow_id_project":0,"footnotes":""},"categories":[1],"tags":[5892,4590,5229,4806,4804,4547],"class_list":["post-8832","post","type-post","status-publish","format-standard","has-post-thumbnail","hentry","category-a-la-une","tag-accompagnement","tag-bebe","tag-coach","tag-routines","tag-sommeil","tag-strasbourg","generate-columns","tablet-grid-50","mobile-grid-100","grid-parent","grid-25"],"acf":[],"yoast_head":"<!-- This site is optimized with the Yoast SEO Premium plugin v21.3 (Yoast SEO v27.3) - https:\/\/yoast.com\/product\/yoast-seo-premium-wordpress\/ -->\n<title>Coach sommeil b\u00e9b\u00e9 \u00e0 Strasbourg<\/title>\n<meta name=\"description\" content=\"\u00c0 Strasbourg, de nombreux parents se retrouvent face \u00e0 des difficult\u00e9s pour endormir leur enfant ou maintenir un sommeil r\u00e9gulier.\" \/>\n<meta name=\"robots\" content=\"index, follow, max-snippet:-1, max-image-preview:large, max-video-preview:-1\" \/>\n<link rel=\"canonical\" href=\"https:\/\/bart-et-lemy.com\/blog\/a-la-une\/coach-sommeil-bebe-a-strasbourg-conseils-et-solutions-pour-des-nuits-paisibles\/\" \/>\n<meta property=\"og:locale\" content=\"fr_FR\" \/>\n<meta property=\"og:type\" content=\"article\" \/>\n<meta property=\"og:title\" content=\"Coach sommeil b\u00e9b\u00e9 \u00e0 Strasbourg\" \/>\n<meta property=\"og:description\" content=\"\u00c0 Strasbourg, de nombreux parents se retrouvent face \u00e0 des difficult\u00e9s pour endormir leur enfant ou maintenir un sommeil r\u00e9gulier.\" \/>\n<meta property=\"og:url\" content=\"https:\/\/bart-et-lemy.com\/blog\/a-la-une\/coach-sommeil-bebe-a-strasbourg-conseils-et-solutions-pour-des-nuits-paisibles\/\" \/>\n<meta property=\"og:site_name\" content=\"bart-et-lemy.com\" \/>\n<meta property=\"og:image\" content=\"https:\/\/bart-et-lemy.com\/blog\/wp-content\/uploads\/2025\/05\/sdxl-93601d111616ab47c7528e392f853947-scaled.png\" \/>\n\t<meta property=\"og:image:width\" content=\"1200\" \/>\n\t<meta property=\"og:image:height\" content=\"500\" \/>\n\t<meta property=\"og:image:type\" content=\"image\/png\" \/>\n<meta name=\"author\" content=\"Elodie Mazeau\" \/>\n<meta name=\"twitter:card\" content=\"summary_large_image\" \/>\n<script type=\"application\/ld+json\" class=\"yoast-schema-graph\">{\"@context\":\"https:\\\/\\\/schema.org\",\"@graph\":[{\"@type\":\"NewsArticle\",\"@id\":\"https:\\\/\\\/bart-et-lemy.com\\\/blog\\\/a-la-une\\\/coach-sommeil-bebe-a-strasbourg-conseils-et-solutions-pour-des-nuits-paisibles\\\/#article\",\"isPartOf\":{\"@id\":\"https:\\\/\\\/bart-et-lemy.com\\\/blog\\\/a-la-une\\\/coach-sommeil-bebe-a-strasbourg-conseils-et-solutions-pour-des-nuits-paisibles\\\/\"},\"author\":{\"name\":\"Elodie Mazeau\",\"@id\":\"https:\\\/\\\/bart-et-lemy.com\\\/blog\\\/#\\\/schema\\\/person\\\/3c864cdc320801e3db34b663e7e3f816\"},\"headline\":\"Coach sommeil b\u00e9b\u00e9 \u00e0 Strasbourg : conseils et solutions pour des nuits paisibles\",\"datePublished\":\"2025-04-07T17:19:00+00:00\",\"mainEntityOfPage\":{\"@id\":\"https:\\\/\\\/bart-et-lemy.com\\\/blog\\\/a-la-une\\\/coach-sommeil-bebe-a-strasbourg-conseils-et-solutions-pour-des-nuits-paisibles\\\/\"},\"wordCount\":610,\"commentCount\":18,\"publisher\":{\"@id\":\"https:\\\/\\\/bart-et-lemy.com\\\/blog\\\/#organization\"},\"image\":{\"@id\":\"https:\\\/\\\/bart-et-lemy.com\\\/blog\\\/a-la-une\\\/coach-sommeil-bebe-a-strasbourg-conseils-et-solutions-pour-des-nuits-paisibles\\\/#primaryimage\"},\"thumbnailUrl\":\"https:\\\/\\\/bart-et-lemy.com\\\/blog\\\/wp-content\\\/uploads\\\/2025\\\/05\\\/sdxl-93601d111616ab47c7528e392f853947-scaled.png\",\"keywords\":[\"Accompagnement\",\"B\u00e9b\u00e9\",\"Coach\",\"Routines\",\"Sommeil\",\"Strasbourg\"],\"articleSection\":[\"\u00c0 la une\"],\"inLanguage\":\"fr-FR\",\"potentialAction\":[{\"@type\":\"CommentAction\",\"name\":\"Comment\",\"target\":[\"https:\\\/\\\/bart-et-lemy.com\\\/blog\\\/a-la-une\\\/coach-sommeil-bebe-a-strasbourg-conseils-et-solutions-pour-des-nuits-paisibles\\\/#respond\"]}]},{\"@type\":\"WebPage\",\"@id\":\"https:\\\/\\\/bart-et-lemy.com\\\/blog\\\/a-la-une\\\/coach-sommeil-bebe-a-strasbourg-conseils-et-solutions-pour-des-nuits-paisibles\\\/\",\"url\":\"https:\\\/\\\/bart-et-lemy.com\\\/blog\\\/a-la-une\\\/coach-sommeil-bebe-a-strasbourg-conseils-et-solutions-pour-des-nuits-paisibles\\\/\",\"name\":\"Coach sommeil b\u00e9b\u00e9 \u00e0 Strasbourg\",\"isPartOf\":{\"@id\":\"https:\\\/\\\/bart-et-lemy.com\\\/blog\\\/#website\"},\"primaryImageOfPage\":{\"@id\":\"https:\\\/\\\/bart-et-lemy.com\\\/blog\\\/a-la-une\\\/coach-sommeil-bebe-a-strasbourg-conseils-et-solutions-pour-des-nuits-paisibles\\\/#primaryimage\"},\"image\":{\"@id\":\"https:\\\/\\\/bart-et-lemy.com\\\/blog\\\/a-la-une\\\/coach-sommeil-bebe-a-strasbourg-conseils-et-solutions-pour-des-nuits-paisibles\\\/#primaryimage\"},\"thumbnailUrl\":\"https:\\\/\\\/bart-et-lemy.com\\\/blog\\\/wp-content\\\/uploads\\\/2025\\\/05\\\/sdxl-93601d111616ab47c7528e392f853947-scaled.png\",\"datePublished\":\"2025-04-07T17:19:00+00:00\",\"description\":\"\u00c0 Strasbourg, de nombreux parents se retrouvent face \u00e0 des difficult\u00e9s pour endormir leur enfant ou maintenir un sommeil r\u00e9gulier.\",\"inLanguage\":\"fr-FR\",\"potentialAction\":[{\"@type\":\"ReadAction\",\"target\":[\"https:\\\/\\\/bart-et-lemy.com\\\/blog\\\/a-la-une\\\/coach-sommeil-bebe-a-strasbourg-conseils-et-solutions-pour-des-nuits-paisibles\\\/\"]}]},{\"@type\":\"ImageObject\",\"inLanguage\":\"fr-FR\",\"@id\":\"https:\\\/\\\/bart-et-lemy.com\\\/blog\\\/a-la-une\\\/coach-sommeil-bebe-a-strasbourg-conseils-et-solutions-pour-des-nuits-paisibles\\\/#primaryimage\",\"url\":\"https:\\\/\\\/bart-et-lemy.com\\\/blog\\\/wp-content\\\/uploads\\\/2025\\\/05\\\/sdxl-93601d111616ab47c7528e392f853947-scaled.png\",\"contentUrl\":\"https:\\\/\\\/bart-et-lemy.com\\\/blog\\\/wp-content\\\/uploads\\\/2025\\\/05\\\/sdxl-93601d111616ab47c7528e392f853947-scaled.png\",\"width\":1200,\"height\":500},{\"@type\":\"WebSite\",\"@id\":\"https:\\\/\\\/bart-et-lemy.com\\\/blog\\\/#website\",\"url\":\"https:\\\/\\\/bart-et-lemy.com\\\/blog\\\/\",\"name\":\"Bart et Lemy\",\"description\":\"L\u2019originalit\u00e9 en toute libert\u00e9.\",\"publisher\":{\"@id\":\"https:\\\/\\\/bart-et-lemy.com\\\/blog\\\/#organization\"},\"alternateName\":\"Conseils parentaux, astuces famille et bien-\u00eatre enfant\",\"potentialAction\":[{\"@type\":\"SearchAction\",\"target\":{\"@type\":\"EntryPoint\",\"urlTemplate\":\"https:\\\/\\\/bart-et-lemy.com\\\/blog\\\/?s={search_term_string}\"},\"query-input\":{\"@type\":\"PropertyValueSpecification\",\"valueRequired\":true,\"valueName\":\"search_term_string\"}}],\"inLanguage\":\"fr-FR\"},{\"@type\":\"Organization\",\"@id\":\"https:\\\/\\\/bart-et-lemy.com\\\/blog\\\/#organization\",\"name\":\"Bart et Lemy\",\"alternateName\":\"bart-et-lemy.com\",\"url\":\"https:\\\/\\\/bart-et-lemy.com\\\/blog\\\/\",\"logo\":{\"@type\":\"ImageObject\",\"inLanguage\":\"fr-FR\",\"@id\":\"https:\\\/\\\/bart-et-lemy.com\\\/blog\\\/#\\\/schema\\\/logo\\\/image\\\/\",\"url\":\"https:\\\/\\\/bart-et-lemy.com\\\/blog\\\/wp-content\\\/uploads\\\/2026\\\/07\\\/logo-auto.png\",\"contentUrl\":\"https:\\\/\\\/bart-et-lemy.com\\\/blog\\\/wp-content\\\/uploads\\\/2026\\\/07\\\/logo-auto.png\",\"width\":1024,\"height\":1024,\"caption\":\"Bart et Lemy\"},\"image\":{\"@id\":\"https:\\\/\\\/bart-et-lemy.com\\\/blog\\\/#\\\/schema\\\/logo\\\/image\\\/\"}},{\"@type\":\"Person\",\"@id\":\"https:\\\/\\\/bart-et-lemy.com\\\/blog\\\/#\\\/schema\\\/person\\\/3c864cdc320801e3db34b663e7e3f816\",\"name\":\"Elodie Mazeau\",\"image\":{\"@type\":\"ImageObject\",\"inLanguage\":\"fr-FR\",\"@id\":\"https:\\\/\\\/bart-et-lemy.com\\\/blog\\\/wp-content\\\/uploads\\\/2026\\\/06\\\/persona_elodie-m-96x96.jpg\",\"url\":\"https:\\\/\\\/bart-et-lemy.com\\\/blog\\\/wp-content\\\/uploads\\\/2026\\\/06\\\/persona_elodie-m-96x96.jpg\",\"contentUrl\":\"https:\\\/\\\/bart-et-lemy.com\\\/blog\\\/wp-content\\\/uploads\\\/2026\\\/06\\\/persona_elodie-m-96x96.jpg\",\"caption\":\"Elodie Mazeau\"},\"description\":\"J'\u00e9cris sur la parentalit\u00e9 telle qu'elle se vit vraiment, du premier biberon aux premi\u00e8res col\u00e8res. Mes sujets de pr\u00e9dilection couvrent le quotidien des familles : sommeil, alimentation, organisation, pu\u00e9riculture et ces petites gal\u00e8res que tout parent conna\u00eet. Depuis plusieurs ann\u00e9es, je m'attache \u00e0 proposer des rep\u00e8res concrets plut\u00f4t que des le\u00e7ons, parce que chaque famille trouve son propre \u00e9quilibre. Je v\u00e9rifie mes informations aupr\u00e8s de sources fiables, surtout d\u00e8s qu'on touche \u00e0 la sant\u00e9 ou \u00e0 la s\u00e9curit\u00e9 de l'enfant, et je pr\u00e9cise quand un avis professionnel s'impose. J'\u00e9vite soigneusement la culpabilisation : \u00eatre parent est d\u00e9j\u00e0 assez exigeant. Mon ton se veut complice et bienveillant, un peu comme une discussion entre parents qui se comprennent. L'id\u00e9e est d'all\u00e9ger la charge mentale en donnant des solutions simples et test\u00e9es.\",\"sameAs\":[\"https:\\\/\\\/elodiemazeau.fr\\\/\"],\"url\":\"https:\\\/\\\/bart-et-lemy.com\\\/blog\\\/auteur\\\/noname\\\/\"}]}<\/script>\n<!-- \/ Yoast SEO Premium plugin. -->","yoast_head_json":{"title":"Coach sommeil b\u00e9b\u00e9 \u00e0 Strasbourg","description":"\u00c0 Strasbourg, de nombreux parents se retrouvent face \u00e0 des difficult\u00e9s pour endormir leur enfant ou maintenir un sommeil r\u00e9gulier.","robots":{"index":"index","follow":"follow","max-snippet":"max-snippet:-1","max-image-preview":"max-image-preview:large","max-video-preview":"max-video-preview:-1"},"canonical":"https:\/\/bart-et-lemy.com\/blog\/a-la-une\/coach-sommeil-bebe-a-strasbourg-conseils-et-solutions-pour-des-nuits-paisibles\/","og_locale":"fr_FR","og_type":"article","og_title":"Coach sommeil b\u00e9b\u00e9 \u00e0 Strasbourg","og_description":"\u00c0 Strasbourg, de nombreux parents se retrouvent face \u00e0 des difficult\u00e9s pour endormir leur enfant ou maintenir un sommeil r\u00e9gulier.","og_url":"https:\/\/bart-et-lemy.com\/blog\/a-la-une\/coach-sommeil-bebe-a-strasbourg-conseils-et-solutions-pour-des-nuits-paisibles\/","og_site_name":"bart-et-lemy.com","og_image":[{"width":1200,"height":500,"url":"https:\/\/bart-et-lemy.com\/blog\/wp-content\/uploads\/2025\/05\/sdxl-93601d111616ab47c7528e392f853947-scaled.png","type":"image\/png"}],"author":"Elodie Mazeau","twitter_card":"summary_large_image","schema":{"@context":"https:\/\/schema.org","@graph":[{"@type":"NewsArticle","@id":"https:\/\/bart-et-lemy.com\/blog\/a-la-une\/coach-sommeil-bebe-a-strasbourg-conseils-et-solutions-pour-des-nuits-paisibles\/#article","isPartOf":{"@id":"https:\/\/bart-et-lemy.com\/blog\/a-la-une\/coach-sommeil-bebe-a-strasbourg-conseils-et-solutions-pour-des-nuits-paisibles\/"},"author":{"name":"Elodie Mazeau","@id":"https:\/\/bart-et-lemy.com\/blog\/#\/schema\/person\/3c864cdc320801e3db34b663e7e3f816"},"headline":"Coach sommeil b\u00e9b\u00e9 \u00e0 Strasbourg : conseils et solutions pour des nuits paisibles","datePublished":"2025-04-07T17:19:00+00:00","mainEntityOfPage":{"@id":"https:\/\/bart-et-lemy.com\/blog\/a-la-une\/coach-sommeil-bebe-a-strasbourg-conseils-et-solutions-pour-des-nuits-paisibles\/"},"wordCount":610,"commentCount":18,"publisher":{"@id":"https:\/\/bart-et-lemy.com\/blog\/#organization"},"image":{"@id":"https:\/\/bart-et-lemy.com\/blog\/a-la-une\/coach-sommeil-bebe-a-strasbourg-conseils-et-solutions-pour-des-nuits-paisibles\/#primaryimage"},"thumbnailUrl":"https:\/\/bart-et-lemy.com\/blog\/wp-content\/uploads\/2025\/05\/sdxl-93601d111616ab47c7528e392f853947-scaled.png","keywords":["Accompagnement","B\u00e9b\u00e9","Coach","Routines","Sommeil","Strasbourg"],"articleSection":["\u00c0 la une"],"inLanguage":"fr-FR","potentialAction":[{"@type":"CommentAction","name":"Comment","target":["https:\/\/bart-et-lemy.com\/blog\/a-la-une\/coach-sommeil-bebe-a-strasbourg-conseils-et-solutions-pour-des-nuits-paisibles\/#respond"]}]},{"@type":"WebPage","@id":"https:\/\/bart-et-lemy.com\/blog\/a-la-une\/coach-sommeil-bebe-a-strasbourg-conseils-et-solutions-pour-des-nuits-paisibles\/","url":"https:\/\/bart-et-lemy.com\/blog\/a-la-une\/coach-sommeil-bebe-a-strasbourg-conseils-et-solutions-pour-des-nuits-paisibles\/","name":"Coach sommeil b\u00e9b\u00e9 \u00e0 Strasbourg","isPartOf":{"@id":"https:\/\/bart-et-lemy.com\/blog\/#website"},"primaryImageOfPage":{"@id":"https:\/\/bart-et-lemy.com\/blog\/a-la-une\/coach-sommeil-bebe-a-strasbourg-conseils-et-solutions-pour-des-nuits-paisibles\/#primaryimage"},"image":{"@id":"https:\/\/bart-et-lemy.com\/blog\/a-la-une\/coach-sommeil-bebe-a-strasbourg-conseils-et-solutions-pour-des-nuits-paisibles\/#primaryimage"},"thumbnailUrl":"https:\/\/bart-et-lemy.com\/blog\/wp-content\/uploads\/2025\/05\/sdxl-93601d111616ab47c7528e392f853947-scaled.png","datePublished":"2025-04-07T17:19:00+00:00","description":"\u00c0 Strasbourg, de nombreux parents se retrouvent face \u00e0 des difficult\u00e9s pour endormir leur enfant ou maintenir un sommeil r\u00e9gulier.","inLanguage":"fr-FR","potentialAction":[{"@type":"ReadAction","target":["https:\/\/bart-et-lemy.com\/blog\/a-la-une\/coach-sommeil-bebe-a-strasbourg-conseils-et-solutions-pour-des-nuits-paisibles\/"]}]},{"@type":"ImageObject","inLanguage":"fr-FR","@id":"https:\/\/bart-et-lemy.com\/blog\/a-la-une\/coach-sommeil-bebe-a-strasbourg-conseils-et-solutions-pour-des-nuits-paisibles\/#primaryimage","url":"https:\/\/bart-et-lemy.com\/blog\/wp-content\/uploads\/2025\/05\/sdxl-93601d111616ab47c7528e392f853947-scaled.png","contentUrl":"https:\/\/bart-et-lemy.com\/blog\/wp-content\/uploads\/2025\/05\/sdxl-93601d111616ab47c7528e392f853947-scaled.png","width":1200,"height":500},{"@type":"WebSite","@id":"https:\/\/bart-et-lemy.com\/blog\/#website","url":"https:\/\/bart-et-lemy.com\/blog\/","name":"Bart et Lemy","description":"L\u2019originalit\u00e9 en toute libert\u00e9.","publisher":{"@id":"https:\/\/bart-et-lemy.com\/blog\/#organization"},"alternateName":"Conseils parentaux, astuces famille et bien-\u00eatre enfant","potentialAction":[{"@type":"SearchAction","target":{"@type":"EntryPoint","urlTemplate":"https:\/\/bart-et-lemy.com\/blog\/?s={search_term_string}"},"query-input":{"@type":"PropertyValueSpecification","valueRequired":true,"valueName":"search_term_string"}}],"inLanguage":"fr-FR"},{"@type":"Organization","@id":"https:\/\/bart-et-lemy.com\/blog\/#organization","name":"Bart et Lemy","alternateName":"bart-et-lemy.com","url":"https:\/\/bart-et-lemy.com\/blog\/","logo":{"@type":"ImageObject","inLanguage":"fr-FR","@id":"https:\/\/bart-et-lemy.com\/blog\/#\/schema\/logo\/image\/","url":"https:\/\/bart-et-lemy.com\/blog\/wp-content\/uploads\/2026\/07\/logo-auto.png","contentUrl":"https:\/\/bart-et-lemy.com\/blog\/wp-content\/uploads\/2026\/07\/logo-auto.png","width":1024,"height":1024,"caption":"Bart et Lemy"},"image":{"@id":"https:\/\/bart-et-lemy.com\/blog\/#\/schema\/logo\/image\/"}},{"@type":"Person","@id":"https:\/\/bart-et-lemy.com\/blog\/#\/schema\/person\/3c864cdc320801e3db34b663e7e3f816","name":"Elodie Mazeau","image":{"@type":"ImageObject","inLanguage":"fr-FR","@id":"https:\/\/bart-et-lemy.com\/blog\/wp-content\/uploads\/2026\/06\/persona_elodie-m-96x96.jpg","url":"https:\/\/bart-et-lemy.com\/blog\/wp-content\/uploads\/2026\/06\/persona_elodie-m-96x96.jpg","contentUrl":"https:\/\/bart-et-lemy.com\/blog\/wp-content\/uploads\/2026\/06\/persona_elodie-m-96x96.jpg","caption":"Elodie Mazeau"},"description":"J'\u00e9cris sur la parentalit\u00e9 telle qu'elle se vit vraiment, du premier biberon aux premi\u00e8res col\u00e8res. Mes sujets de pr\u00e9dilection couvrent le quotidien des familles : sommeil, alimentation, organisation, pu\u00e9riculture et ces petites gal\u00e8res que tout parent conna\u00eet. Depuis plusieurs ann\u00e9es, je m'attache \u00e0 proposer des rep\u00e8res concrets plut\u00f4t que des le\u00e7ons, parce que chaque famille trouve son propre \u00e9quilibre. Je v\u00e9rifie mes informations aupr\u00e8s de sources fiables, surtout d\u00e8s qu'on touche \u00e0 la sant\u00e9 ou \u00e0 la s\u00e9curit\u00e9 de l'enfant, et je pr\u00e9cise quand un avis professionnel s'impose. J'\u00e9vite soigneusement la culpabilisation : \u00eatre parent est d\u00e9j\u00e0 assez exigeant. Mon ton se veut complice et bienveillant, un peu comme une discussion entre parents qui se comprennent. L'id\u00e9e est d'all\u00e9ger la charge mentale en donnant des solutions simples et test\u00e9es.","sameAs":["https:\/\/elodiemazeau.fr\/"],"url":"https:\/\/bart-et-lemy.com\/blog\/auteur\/noname\/"}]}},"_links":{"self":[{"href":"https:\/\/bart-et-lemy.com\/blog\/wp-json\/wp\/v2\/posts\/8832","targetHints":{"allow":["GET"]}}],"collection":[{"href":"https:\/\/bart-et-lemy.com\/blog\/wp-json\/wp\/v2\/posts"}],"about":[{"href":"https:\/\/bart-et-lemy.com\/blog\/wp-json\/wp\/v2\/types\/post"}],"author":[{"embeddable":true,"href":"https:\/\/bart-et-lemy.com\/blog\/wp-json\/wp\/v2\/users\/34"}],"replies":[{"embeddable":true,"href":"https:\/\/bart-et-lemy.com\/blog\/wp-json\/wp\/v2\/comments?post=8832"}],"version-history":[{"count":1,"href":"https:\/\/bart-et-lemy.com\/blog\/wp-json\/wp\/v2\/posts\/8832\/revisions"}],"predecessor-version":[{"id":10431,"href":"https:\/\/bart-et-lemy.com\/blog\/wp-json\/wp\/v2\/posts\/8832\/revisions\/10431"}],"wp:featuredmedia":[{"embeddable":true,"href":"https:\/\/bart-et-lemy.com\/blog\/wp-json\/wp\/v2\/media\/10876"}],"wp:attachment":[{"href":"https:\/\/bart-et-lemy.com\/blog\/wp-json\/wp\/v2\/media?parent=8832"}],"wp:term":[{"taxonomy":"category","embeddable":true,"href":"https:\/\/bart-et-lemy.com\/blog\/wp-json\/wp\/v2\/categories?post=8832"},{"taxonomy":"post_tag","embeddable":true,"href":"https:\/\/bart-et-lemy.com\/blog\/wp-json\/wp\/v2\/tags?post=8832"}],"curies":[{"name":"wp","href":"https:\/\/api.w.org\/{rel}","templated":true}]}}