{"id":8850,"date":"2026-09-02T19:26:35","date_gmt":"2026-09-02T17:26:35","guid":{"rendered":"https:\/\/bart-et-lemy.com\/blog\/?p=8850"},"modified":"2026-09-02T19:26:35","modified_gmt":"2026-09-02T17:26:35","slug":"salle-de-sport-et-garde-denfant-une-solution-pratique-pour-les-parents","status":"publish","type":"post","link":"https:\/\/bart-et-lemy.com\/blog\/a-la-une\/salle-de-sport-et-garde-denfant-une-solution-pratique-pour-les-parents\/","title":{"rendered":"Salle de sport et garde d\u2019enfant : une solution pratique pour les parents"},"content":{"rendered":"<h2>Concilier sport et parentalit\u00e9<\/h2>\n<p>La salle de sport devient souvent un lieu de renoncement pour de nombreux parents, qui doivent jongler entre les responsabilit\u00e9s familiales et leurs propres besoins. <strong>Comment concilier activit\u00e9 physique et garde d&rsquo;enfant ?<\/strong> Certaines salles proposent un espace d&rsquo;accueil pour les enfants pendant la s\u00e9ance. Cette page fait le point sur ce que recouvre r\u00e9ellement cette offre, sur ce qui est encadr\u00e9 par la r\u00e9glementation et sur ce qui ne l&rsquo;est pas.<\/p>\n<p><em>Publi\u00e9 le 3 mars 2025 &middot; enti\u00e8rement rev\u00e9rifi\u00e9 le 2 septembre 2026. Les \u00e9l\u00e9ments r\u00e9glementaires et fiscaux ci-dessous sont dat\u00e9s de leur v\u00e9rification chez l&rsquo;\u00e9metteur.<\/em><\/p>\n<h2>Ce que proposent r\u00e9ellement les salles de sport qui accueillent les enfants<\/h2>\n<p>Aucune norme commune ne d\u00e9finit ce service : nous n&rsquo;avons trouv\u00e9, au 2 septembre 2026, aucune fiche de Service-Public ni aucun texte accessible qui en fixe le contenu. Les points suivants ne peuvent donc pas \u00eatre annonc\u00e9s \u00e0 l&rsquo;avance pour l&rsquo;ensemble du march\u00e9 &mdash; ils se v\u00e9rifient \u00e9tablissement par \u00e9tablissement :<\/p>\n<blockquote class=\"wp-embedded-content\" data-secret=\"m1DBL9feEk\"><p><a href=\"https:\/\/bart-et-lemy.com\/blog\/a-la-une\/decouvrez-les-meilleures-applications-photo-pour-bebe-gratuites\/\">D\u00e9couvrez les meilleures applications photo pour b\u00e9b\u00e9 gratuites<\/a><\/p><\/blockquote>\n<p><iframe loading=\"lazy\" class=\"wp-embedded-content\" sandbox=\"allow-scripts\" security=\"restricted\" style=\"position: absolute; visibility: hidden;\" title=\"\u00ab\u00a0D\u00e9couvrez les meilleures applications photo pour b\u00e9b\u00e9 gratuites\u00a0\u00bb &#8212; bart-et-lemy.com\" src=\"https:\/\/bart-et-lemy.com\/blog\/a-la-une\/decouvrez-les-meilleures-applications-photo-pour-bebe-gratuites\/embed\/#?secret=EiRUnqjFHe#?secret=m1DBL9feEk\" data-secret=\"m1DBL9feEk\" width=\"600\" height=\"338\" frameborder=\"0\" marginwidth=\"0\" marginheight=\"0\" scrolling=\"no\"><\/iframe><\/p>\n<ul>\n<li><strong>Les \u00e2ges admis<\/strong> &mdash; l&rsquo;\u00e2ge minimum et l&rsquo;\u00e2ge maximum sont fix\u00e9s par l&rsquo;\u00e9tablissement.<\/li>\n<li><strong>La dur\u00e9e de l&rsquo;accueil<\/strong> et son \u00e9ventuel plafond horaire.<\/li>\n<li><strong>L&rsquo;obligation, ou non, pour le parent de rester dans l&rsquo;\u00e9tablissement<\/strong> pendant l&rsquo;accueil : ce point change la nature du service et doit \u00eatre \u00e9crit au r\u00e8glement int\u00e9rieur.<\/li>\n<li><strong>Le tarif<\/strong> et son mode de facturation, qui doivent figurer au contrat.<\/li>\n<\/ul>\n<h2>Ce qui est encadr\u00e9, et ce qui ne l&rsquo;est pas<\/h2>\n<p>Le mot &laquo; animateur &raquo; ne d\u00e9signe pas un statut unique. Le brevet d&rsquo;aptitude aux fonctions d&rsquo;animateur (Bafa) est, selon la fiche officielle <a href=\"https:\/\/www.service-public.gouv.fr\/particuliers\/vosdroits\/F2111\" rel=\"noopener nofollow\">Service-Public F2111<\/a> (v\u00e9rifi\u00e9e le 11 juin 2026), un <strong>dipl\u00f4me non professionnel<\/strong> qui permet d&rsquo;encadrer des enfants et des adolescents &laquo; de fa\u00e7on occasionnelle, dans des colonies ou centres de vacances, des centres de loisirs (on parle d&rsquo;accueils collectifs de mineurs) &raquo;. Il ne se confond donc ni avec un dipl\u00f4me de la petite enfance, ni avec une qualification impos\u00e9e \u00e0 toute personne qui garde des enfants.<\/p>\n<p>Selon l&rsquo;\u00e2ge des enfants, la dur\u00e9e et la r\u00e9gularit\u00e9 de l&rsquo;accueil, une structure collective peut relever de r\u00e9gimes administratifs diff\u00e9rents &mdash; \u00e9tablissement d&rsquo;accueil des enfants de moins de 6 ans, ou accueil collectif de mineurs soumis \u00e0 d\u00e9claration aupr\u00e8s de l&rsquo;administration. <strong>Nous n&rsquo;avons pas pu \u00e9tablir, aupr\u00e8s d&rsquo;un \u00e9metteur officiel, quel r\u00e9gime s&rsquo;applique \u00e0 un espace enfants install\u00e9 dans une salle de sport pendant la s\u00e9ance du parent<\/strong> : au 2 septembre 2026, L\u00e9gifrance renvoyait une erreur d&rsquo;acc\u00e8s et aucune fiche de Service-Public ne traite ce cas pr\u00e9cis. Nous ne publions donc aucune r\u00e8gle d&rsquo;encadrement chiffr\u00e9e. La question se pose directement \u00e0 l&rsquo;\u00e9tablissement, et la r\u00e9ponse se recoupe aupr\u00e8s des services du conseil d\u00e9partemental (protection maternelle et infantile) ou du service d\u00e9partemental \u00e0 la jeunesse, \u00e0 l&rsquo;engagement et aux sports.<\/p>\n<h2>Le co\u00fbt et les aides : ce que dit l&rsquo;administration fiscale<\/h2>\n<p>C&rsquo;est le point le plus souvent pos\u00e9 en commentaire, et il est v\u00e9rifiable. La fiche <a href=\"https:\/\/www.service-public.gouv.fr\/particuliers\/vosdroits\/F8\" rel=\"noopener nofollow\">Service-Public F8<\/a>, v\u00e9rifi\u00e9e le <strong>15 avril 2026<\/strong>, ouvre un cr\u00e9dit d&rsquo;imp\u00f4t pour les frais de garde d&rsquo;un enfant <strong>hors du domicile<\/strong>, aux conditions suivantes :<\/p>\n<ul>\n<li>l&rsquo;enfant doit avoir <strong>moins de 6 ans<\/strong> au 1<sup>er<\/sup> janvier de l&rsquo;ann\u00e9e d&rsquo;imposition et \u00eatre \u00e0 votre charge ;<\/li>\n<li>il doit \u00eatre gard\u00e9 par une <strong>assistante maternelle agr\u00e9\u00e9e<\/strong> ou dans un <strong>&laquo; \u00e9tablissement d&rsquo;accueil des enfants de moins de 6 ans (cr\u00e8che, halte-garderie, garderie scolaire, centre de loisirs, etc.) &raquo;<\/strong> &mdash; formulation exacte de la fiche ;<\/li>\n<li>le cr\u00e9dit d&rsquo;imp\u00f4t est \u00e9gal \u00e0 <strong>50 % des sommes vers\u00e9es<\/strong>, dans la limite de <strong>3 500 \u20ac de frais par enfant<\/strong>, soit <strong>1 750 \u20ac maximum<\/strong> (875 \u20ac par enfant en garde altern\u00e9e) ;<\/li>\n<li>les aides d\u00e9j\u00e0 per\u00e7ues doivent \u00eatre d\u00e9duites, notamment le compl\u00e9ment de libre choix du mode de garde vers\u00e9 par la Caf et les aides de l&rsquo;employeur ; les frais de nourriture ne sont pas pris en compte.<\/li>\n<\/ul>\n<p>Un espace enfants de salle de sport n&rsquo;entre dans ce dispositif <strong>que s&rsquo;il rel\u00e8ve effectivement de l&rsquo;une de ces cat\u00e9gories<\/strong>. Demandez \u00e0 l&rsquo;\u00e9tablissement sous quel r\u00e9gime il d\u00e9clare son accueil et s&rsquo;il d\u00e9livre une attestation de frais de garde : sans cette attestation, aucune d\u00e9duction n&rsquo;est possible. Les modes de garde reconnus et les aides associ\u00e9es sont r\u00e9capitul\u00e9s sur la fiche <a href=\"https:\/\/www.service-public.gouv.fr\/particuliers\/vosdroits\/F601\" rel=\"noopener nofollow\">Service-Public F601<\/a> (v\u00e9rifi\u00e9e le 1<sup>er<\/sup> septembre 2025).<\/p>\n<h2>Comment choisir la bonne salle de sport ?<\/h2>\n<p>Plut\u00f4t que des promesses g\u00e9n\u00e9rales, six questions concr\u00e8tes \u00e0 poser avant de signer :<\/p>\n<blockquote class=\"wp-embedded-content\" data-secret=\"9PvvL9OmXT\"><p><a href=\"https:\/\/bart-et-lemy.com\/blog\/a-la-une\/les-couches-lavables-pour-bebe-un-choix-eco-responsable-et-economique\/\">Les couches lavables pour b\u00e9b\u00e9 : un choix \u00e9co-responsable et \u00e9conomique<\/a><\/p><\/blockquote>\n<p><iframe loading=\"lazy\" class=\"wp-embedded-content\" sandbox=\"allow-scripts\" security=\"restricted\" style=\"position: absolute; visibility: hidden;\" title=\"\u00ab\u00a0Les couches lavables pour b\u00e9b\u00e9 : un choix \u00e9co-responsable et \u00e9conomique\u00a0\u00bb &#8212; bart-et-lemy.com\" src=\"https:\/\/bart-et-lemy.com\/blog\/a-la-une\/les-couches-lavables-pour-bebe-un-choix-eco-responsable-et-economique\/embed\/#?secret=fpKQUiuf1g#?secret=9PvvL9OmXT\" data-secret=\"9PvvL9OmXT\" width=\"600\" height=\"338\" frameborder=\"0\" marginwidth=\"0\" marginheight=\"0\" scrolling=\"no\"><\/iframe><\/p>\n<ul>\n<li><strong>Qui encadre, et avec quel dipl\u00f4me ?<\/strong> Demandez l&rsquo;intitul\u00e9 exact des qualifications, pas une mention g\u00e9n\u00e9rique.<\/li>\n<li><strong>Sous quel r\u00e9gime l&rsquo;accueil est-il d\u00e9clar\u00e9 ?<\/strong> Et aupr\u00e8s de quelle administration.<\/li>\n<li><strong>Quels \u00e2ges sont admis, et combien d&rsquo;enfants au maximum en m\u00eame temps ?<\/strong><\/li>\n<li><strong>Dois-je rester dans l&rsquo;\u00e9tablissement ?<\/strong> Et suis-je joignable imm\u00e9diatement en cas de besoin.<\/li>\n<li><strong>Quel est le tarif exact<\/strong>, et une attestation de frais de garde est-elle d\u00e9livr\u00e9e ?<\/li>\n<li><strong>Quelle assurance couvre l&rsquo;enfant<\/strong> pendant l&rsquo;accueil, et que pr\u00e9voit le r\u00e8glement int\u00e9rieur en cas d&rsquo;incident ?<\/li>\n<\/ul>\n<p>Les locaux se visitent avant l&rsquo;inscription : espace s\u00e9par\u00e9 de la zone d&rsquo;entra\u00eenement, sanitaires adapt\u00e9s, mat\u00e9riel en bon \u00e9tat.<\/p>\n<h2>FAQ :<\/h2>\n<blockquote>\n<ul>\n<li><strong>Quels sont les horaires de garde d&rsquo;enfants dans les salles de sport ?<\/strong> Ils sont fix\u00e9s par chaque \u00e9tablissement et ne suivent aucune r\u00e8gle commune. Ils se v\u00e9rifient aupr\u00e8s de la salle concern\u00e9e.<\/li>\n<li><strong>Les activit\u00e9s propos\u00e9es sont-elles adapt\u00e9es \u00e0 tous les \u00e2ges ?<\/strong> Cela d\u00e9pend enti\u00e8rement de la structure, qui fixe elle-m\u00eame les \u00e2ges admis. Nous n&rsquo;avons trouv\u00e9 aucune donn\u00e9e g\u00e9n\u00e9rale sur le sujet et ne pouvons donc pas l&rsquo;affirmer.<\/li>\n<li><strong>Y a-t-il un co\u00fbt suppl\u00e9mentaire pour la garde d&rsquo;enfants ?<\/strong> Selon les enseignes, le service est inclus dans l&rsquo;abonnement, factur\u00e9 en suppl\u00e9ment ou vendu \u00e0 la s\u00e9ance. Le tarif doit figurer au contrat.<\/li>\n<li><strong>Ces frais ouvrent-ils droit \u00e0 une aide ?<\/strong> Uniquement si la structure rel\u00e8ve des cat\u00e9gories list\u00e9es par la fiche F8 (assistante maternelle agr\u00e9\u00e9e ou \u00e9tablissement d&rsquo;accueil des enfants de moins de 6 ans) et si l&rsquo;enfant a moins de 6 ans au 1<sup>er<\/sup> janvier. Le cr\u00e9dit d&rsquo;imp\u00f4t est alors de 50 % des sommes vers\u00e9es, plafonn\u00e9 \u00e0 1 750 \u20ac par enfant.<\/li>\n<li><strong>Mon enfant est-il surveill\u00e9 en permanence ?<\/strong> Aucun taux d&rsquo;encadrement g\u00e9n\u00e9ral applicable \u00e0 ce type d&rsquo;accueil n&rsquo;a pu \u00eatre \u00e9tabli aupr\u00e8s d&rsquo;un \u00e9metteur officiel. C&rsquo;est une question \u00e0 poser \u00e0 l&rsquo;\u00e9tablissement, et la r\u00e9ponse doit figurer par \u00e9crit dans son r\u00e8glement int\u00e9rieur.<\/li>\n<\/ul>\n<\/blockquote>\n<h2>\u00c0 retenir<\/h2>\n<p>Une salle de sport qui accueille les enfants peut effectivement d\u00e9bloquer une pratique sportive devenue impossible \u00e0 organiser. Mais l&rsquo;offre n&rsquo;est ni normalis\u00e9e ni uniforme : les \u00e2ges, la dur\u00e9e, l&rsquo;encadrement, le tarif et le r\u00e9gime administratif varient d&rsquo;un \u00e9tablissement \u00e0 l&rsquo;autre, et rien de tout cela ne peut \u00eatre annonc\u00e9 \u00e0 l&rsquo;avance pour l&rsquo;ensemble du march\u00e9. La seule d\u00e9marche fiable reste de poser les six questions ci-dessus, par \u00e9crit, avant de s&rsquo;engager.<\/p>\n<p><em>Mise \u00e0 jour du 2 septembre 2026 : la version initiale de cette page affirmait que les enfants \u00e9taient &laquo; pris en charge par des animateurs qualifi\u00e9s &raquo; et citait le t\u00e9moignage d&rsquo;une m\u00e8re de famille nomm\u00e9e. Aucune de ces deux affirmations n&rsquo;\u00e9tait sourc\u00e9e ; elles ont \u00e9t\u00e9 retir\u00e9es. Les \u00e9l\u00e9ments chiffr\u00e9s d\u00e9sormais publi\u00e9s proviennent des fiches Service-Public F8, F601 et F2111, avec leur date de v\u00e9rification.<\/em><\/p>\n","protected":false},"excerpt":{"rendered":"","protected":false},"author":34,"featured_media":9810,"comment_status":"open","ping_status":"open","sticky":false,"template":"","format":"standard","meta":{"_acf_changed":false,"manual_indexmenow":false,"indexmenow_id_project":0,"footnotes":""},"categories":[1],"tags":[4868,5921,5471,5578,4586,5687],"class_list":["post-8850","post","type-post","status-publish","format-standard","has-post-thumbnail","hentry","category-a-la-une","tag-activites-ludiques","tag-encadrement-professionnel","tag-flexibilite","tag-garde-denfants","tag-parentalite","tag-sport","generate-columns","tablet-grid-50","mobile-grid-100","grid-parent","grid-25"],"acf":[],"yoast_head":"<!-- This site is optimized with the Yoast SEO Premium plugin v21.3 (Yoast SEO v27.3) - https:\/\/yoast.com\/product\/yoast-seo-premium-wordpress\/ -->\n<title>Salle de sport et garde d\u2019enfant : une solution pratique pour les parents<\/title>\n<meta name=\"description\" content=\"Garde d\u2019enfant en salle de sport : ce qui varie selon l\u2019\u00e9tablissement, ce qui est encadr\u00e9, et les conditions du cr\u00e9dit d\u2019imp\u00f4t frais de garde.\" \/>\n<meta name=\"robots\" content=\"index, follow, max-snippet:-1, max-image-preview:large, max-video-preview:-1\" \/>\n<link rel=\"canonical\" href=\"https:\/\/bart-et-lemy.com\/blog\/a-la-une\/salle-de-sport-et-garde-denfant-une-solution-pratique-pour-les-parents\/\" \/>\n<meta property=\"og:locale\" content=\"fr_FR\" \/>\n<meta property=\"og:type\" content=\"article\" \/>\n<meta property=\"og:title\" content=\"Salle de sport et garde d\u2019enfant : une solution pratique pour les parents\" \/>\n<meta property=\"og:description\" content=\"Garde d\u2019enfant en salle de sport : ce qui varie selon l\u2019\u00e9tablissement, ce qui est encadr\u00e9, et les conditions du cr\u00e9dit d\u2019imp\u00f4t frais de garde.\" \/>\n<meta property=\"og:url\" content=\"https:\/\/bart-et-lemy.com\/blog\/a-la-une\/salle-de-sport-et-garde-denfant-une-solution-pratique-pour-les-parents\/\" \/>\n<meta property=\"og:site_name\" content=\"bart-et-lemy.com\" \/>\n<meta property=\"og:image\" content=\"https:\/\/bart-et-lemy.com\/blog\/wp-content\/uploads\/2025\/03\/sdxl-04d9386a00cba631ebc0cda3aa5b5640.png\" \/>\n\t<meta property=\"og:image:width\" content=\"1536\" \/>\n\t<meta property=\"og:image:height\" content=\"640\" \/>\n\t<meta property=\"og:image:type\" content=\"image\/png\" \/>\n<meta name=\"author\" content=\"Elodie Mazeau\" \/>\n<meta name=\"twitter:card\" content=\"summary_large_image\" \/>\n<script type=\"application\/ld+json\" class=\"yoast-schema-graph\">{\"@context\":\"https:\\\/\\\/schema.org\",\"@graph\":[{\"@type\":\"NewsArticle\",\"@id\":\"https:\\\/\\\/bart-et-lemy.com\\\/blog\\\/a-la-une\\\/salle-de-sport-et-garde-denfant-une-solution-pratique-pour-les-parents\\\/#article\",\"isPartOf\":{\"@id\":\"https:\\\/\\\/bart-et-lemy.com\\\/blog\\\/a-la-une\\\/salle-de-sport-et-garde-denfant-une-solution-pratique-pour-les-parents\\\/\"},\"author\":{\"name\":\"Elodie Mazeau\",\"@id\":\"https:\\\/\\\/bart-et-lemy.com\\\/blog\\\/#\\\/schema\\\/person\\\/3c864cdc320801e3db34b663e7e3f816\"},\"headline\":\"Salle de sport et garde d\u2019enfant : une solution pratique pour les parents\",\"datePublished\":\"2026-09-02T17:26:35+00:00\",\"mainEntityOfPage\":{\"@id\":\"https:\\\/\\\/bart-et-lemy.com\\\/blog\\\/a-la-une\\\/salle-de-sport-et-garde-denfant-une-solution-pratique-pour-les-parents\\\/\"},\"wordCount\":1413,\"commentCount\":16,\"publisher\":{\"@id\":\"https:\\\/\\\/bart-et-lemy.com\\\/blog\\\/#organization\"},\"image\":{\"@id\":\"https:\\\/\\\/bart-et-lemy.com\\\/blog\\\/a-la-une\\\/salle-de-sport-et-garde-denfant-une-solution-pratique-pour-les-parents\\\/#primaryimage\"},\"thumbnailUrl\":\"https:\\\/\\\/bart-et-lemy.com\\\/blog\\\/wp-content\\\/uploads\\\/2025\\\/03\\\/sdxl-04d9386a00cba631ebc0cda3aa5b5640.png\",\"keywords\":[\"Activit\u00e9s ludiques\",\"Encadrement professionnel\",\"Flexibilit\u00e9\",\"Garde D'enfants\",\"Parentalit\u00e9\",\"Sport\"],\"articleSection\":[\"\u00c0 la une\"],\"inLanguage\":\"fr-FR\",\"potentialAction\":[{\"@type\":\"CommentAction\",\"name\":\"Comment\",\"target\":[\"https:\\\/\\\/bart-et-lemy.com\\\/blog\\\/a-la-une\\\/salle-de-sport-et-garde-denfant-une-solution-pratique-pour-les-parents\\\/#respond\"]}]},{\"@type\":\"WebPage\",\"@id\":\"https:\\\/\\\/bart-et-lemy.com\\\/blog\\\/a-la-une\\\/salle-de-sport-et-garde-denfant-une-solution-pratique-pour-les-parents\\\/\",\"url\":\"https:\\\/\\\/bart-et-lemy.com\\\/blog\\\/a-la-une\\\/salle-de-sport-et-garde-denfant-une-solution-pratique-pour-les-parents\\\/\",\"name\":\"Salle de sport et garde d\u2019enfant : une solution pratique pour les parents\",\"isPartOf\":{\"@id\":\"https:\\\/\\\/bart-et-lemy.com\\\/blog\\\/#website\"},\"primaryImageOfPage\":{\"@id\":\"https:\\\/\\\/bart-et-lemy.com\\\/blog\\\/a-la-une\\\/salle-de-sport-et-garde-denfant-une-solution-pratique-pour-les-parents\\\/#primaryimage\"},\"image\":{\"@id\":\"https:\\\/\\\/bart-et-lemy.com\\\/blog\\\/a-la-une\\\/salle-de-sport-et-garde-denfant-une-solution-pratique-pour-les-parents\\\/#primaryimage\"},\"thumbnailUrl\":\"https:\\\/\\\/bart-et-lemy.com\\\/blog\\\/wp-content\\\/uploads\\\/2025\\\/03\\\/sdxl-04d9386a00cba631ebc0cda3aa5b5640.png\",\"datePublished\":\"2026-09-02T17:26:35+00:00\",\"description\":\"Garde d\u2019enfant en salle de sport : ce qui varie selon l\u2019\u00e9tablissement, ce qui est encadr\u00e9, et les conditions du cr\u00e9dit d\u2019imp\u00f4t frais de garde.\",\"inLanguage\":\"fr-FR\",\"potentialAction\":[{\"@type\":\"ReadAction\",\"target\":[\"https:\\\/\\\/bart-et-lemy.com\\\/blog\\\/a-la-une\\\/salle-de-sport-et-garde-denfant-une-solution-pratique-pour-les-parents\\\/\"]}]},{\"@type\":\"ImageObject\",\"inLanguage\":\"fr-FR\",\"@id\":\"https:\\\/\\\/bart-et-lemy.com\\\/blog\\\/a-la-une\\\/salle-de-sport-et-garde-denfant-une-solution-pratique-pour-les-parents\\\/#primaryimage\",\"url\":\"https:\\\/\\\/bart-et-lemy.com\\\/blog\\\/wp-content\\\/uploads\\\/2025\\\/03\\\/sdxl-04d9386a00cba631ebc0cda3aa5b5640.png\",\"contentUrl\":\"https:\\\/\\\/bart-et-lemy.com\\\/blog\\\/wp-content\\\/uploads\\\/2025\\\/03\\\/sdxl-04d9386a00cba631ebc0cda3aa5b5640.png\",\"width\":1536,\"height\":640},{\"@type\":\"WebSite\",\"@id\":\"https:\\\/\\\/bart-et-lemy.com\\\/blog\\\/#website\",\"url\":\"https:\\\/\\\/bart-et-lemy.com\\\/blog\\\/\",\"name\":\"Bart et Lemy\",\"description\":\"L\u2019originalit\u00e9 en toute libert\u00e9.\",\"publisher\":{\"@id\":\"https:\\\/\\\/bart-et-lemy.com\\\/blog\\\/#organization\"},\"alternateName\":\"Conseils parentaux, astuces famille et bien-\u00eatre enfant\",\"potentialAction\":[{\"@type\":\"SearchAction\",\"target\":{\"@type\":\"EntryPoint\",\"urlTemplate\":\"https:\\\/\\\/bart-et-lemy.com\\\/blog\\\/?s={search_term_string}\"},\"query-input\":{\"@type\":\"PropertyValueSpecification\",\"valueRequired\":true,\"valueName\":\"search_term_string\"}}],\"inLanguage\":\"fr-FR\"},{\"@type\":\"Organization\",\"@id\":\"https:\\\/\\\/bart-et-lemy.com\\\/blog\\\/#organization\",\"name\":\"Bart et Lemy\",\"alternateName\":\"bart-et-lemy.com\",\"url\":\"https:\\\/\\\/bart-et-lemy.com\\\/blog\\\/\",\"logo\":{\"@type\":\"ImageObject\",\"inLanguage\":\"fr-FR\",\"@id\":\"https:\\\/\\\/bart-et-lemy.com\\\/blog\\\/#\\\/schema\\\/logo\\\/image\\\/\",\"url\":\"https:\\\/\\\/bart-et-lemy.com\\\/blog\\\/wp-content\\\/uploads\\\/2026\\\/07\\\/logo-auto.png\",\"contentUrl\":\"https:\\\/\\\/bart-et-lemy.com\\\/blog\\\/wp-content\\\/uploads\\\/2026\\\/07\\\/logo-auto.png\",\"width\":1024,\"height\":1024,\"caption\":\"Bart et Lemy\"},\"image\":{\"@id\":\"https:\\\/\\\/bart-et-lemy.com\\\/blog\\\/#\\\/schema\\\/logo\\\/image\\\/\"}},{\"@type\":\"Person\",\"@id\":\"https:\\\/\\\/bart-et-lemy.com\\\/blog\\\/#\\\/schema\\\/person\\\/3c864cdc320801e3db34b663e7e3f816\",\"name\":\"Elodie Mazeau\",\"image\":{\"@type\":\"ImageObject\",\"inLanguage\":\"fr-FR\",\"@id\":\"https:\\\/\\\/bart-et-lemy.com\\\/blog\\\/wp-content\\\/uploads\\\/2026\\\/06\\\/persona_elodie-m-96x96.jpg\",\"url\":\"https:\\\/\\\/bart-et-lemy.com\\\/blog\\\/wp-content\\\/uploads\\\/2026\\\/06\\\/persona_elodie-m-96x96.jpg\",\"contentUrl\":\"https:\\\/\\\/bart-et-lemy.com\\\/blog\\\/wp-content\\\/uploads\\\/2026\\\/06\\\/persona_elodie-m-96x96.jpg\",\"caption\":\"Elodie Mazeau\"},\"description\":\"J'\u00e9cris sur la parentalit\u00e9 telle qu'elle se vit vraiment, du premier biberon aux premi\u00e8res col\u00e8res. Mes sujets de pr\u00e9dilection couvrent le quotidien des familles : sommeil, alimentation, organisation, pu\u00e9riculture et ces petites gal\u00e8res que tout parent conna\u00eet. Depuis plusieurs ann\u00e9es, je m'attache \u00e0 proposer des rep\u00e8res concrets plut\u00f4t que des le\u00e7ons, parce que chaque famille trouve son propre \u00e9quilibre. Je v\u00e9rifie mes informations aupr\u00e8s de sources fiables, surtout d\u00e8s qu'on touche \u00e0 la sant\u00e9 ou \u00e0 la s\u00e9curit\u00e9 de l'enfant, et je pr\u00e9cise quand un avis professionnel s'impose. J'\u00e9vite soigneusement la culpabilisation : \u00eatre parent est d\u00e9j\u00e0 assez exigeant. Mon ton se veut complice et bienveillant, un peu comme une discussion entre parents qui se comprennent. L'id\u00e9e est d'all\u00e9ger la charge mentale en donnant des solutions simples et test\u00e9es.\",\"sameAs\":[\"https:\\\/\\\/elodiemazeau.fr\\\/\"],\"url\":\"https:\\\/\\\/bart-et-lemy.com\\\/blog\\\/auteur\\\/noname\\\/\"}]}<\/script>\n<!-- \/ Yoast SEO Premium plugin. -->","yoast_head_json":{"title":"Salle de sport et garde d\u2019enfant : une solution pratique pour les parents","description":"Garde d\u2019enfant en salle de sport : ce qui varie selon l\u2019\u00e9tablissement, ce qui est encadr\u00e9, et les conditions du cr\u00e9dit d\u2019imp\u00f4t frais de garde.","robots":{"index":"index","follow":"follow","max-snippet":"max-snippet:-1","max-image-preview":"max-image-preview:large","max-video-preview":"max-video-preview:-1"},"canonical":"https:\/\/bart-et-lemy.com\/blog\/a-la-une\/salle-de-sport-et-garde-denfant-une-solution-pratique-pour-les-parents\/","og_locale":"fr_FR","og_type":"article","og_title":"Salle de sport et garde d\u2019enfant : une solution pratique pour les parents","og_description":"Garde d\u2019enfant en salle de sport : ce qui varie selon l\u2019\u00e9tablissement, ce qui est encadr\u00e9, et les conditions du cr\u00e9dit d\u2019imp\u00f4t frais de garde.","og_url":"https:\/\/bart-et-lemy.com\/blog\/a-la-une\/salle-de-sport-et-garde-denfant-une-solution-pratique-pour-les-parents\/","og_site_name":"bart-et-lemy.com","og_image":[{"width":1536,"height":640,"url":"https:\/\/bart-et-lemy.com\/blog\/wp-content\/uploads\/2025\/03\/sdxl-04d9386a00cba631ebc0cda3aa5b5640.png","type":"image\/png"}],"author":"Elodie Mazeau","twitter_card":"summary_large_image","schema":{"@context":"https:\/\/schema.org","@graph":[{"@type":"NewsArticle","@id":"https:\/\/bart-et-lemy.com\/blog\/a-la-une\/salle-de-sport-et-garde-denfant-une-solution-pratique-pour-les-parents\/#article","isPartOf":{"@id":"https:\/\/bart-et-lemy.com\/blog\/a-la-une\/salle-de-sport-et-garde-denfant-une-solution-pratique-pour-les-parents\/"},"author":{"name":"Elodie Mazeau","@id":"https:\/\/bart-et-lemy.com\/blog\/#\/schema\/person\/3c864cdc320801e3db34b663e7e3f816"},"headline":"Salle de sport et garde d\u2019enfant : une solution pratique pour les parents","datePublished":"2026-09-02T17:26:35+00:00","mainEntityOfPage":{"@id":"https:\/\/bart-et-lemy.com\/blog\/a-la-une\/salle-de-sport-et-garde-denfant-une-solution-pratique-pour-les-parents\/"},"wordCount":1413,"commentCount":16,"publisher":{"@id":"https:\/\/bart-et-lemy.com\/blog\/#organization"},"image":{"@id":"https:\/\/bart-et-lemy.com\/blog\/a-la-une\/salle-de-sport-et-garde-denfant-une-solution-pratique-pour-les-parents\/#primaryimage"},"thumbnailUrl":"https:\/\/bart-et-lemy.com\/blog\/wp-content\/uploads\/2025\/03\/sdxl-04d9386a00cba631ebc0cda3aa5b5640.png","keywords":["Activit\u00e9s ludiques","Encadrement professionnel","Flexibilit\u00e9","Garde D'enfants","Parentalit\u00e9","Sport"],"articleSection":["\u00c0 la une"],"inLanguage":"fr-FR","potentialAction":[{"@type":"CommentAction","name":"Comment","target":["https:\/\/bart-et-lemy.com\/blog\/a-la-une\/salle-de-sport-et-garde-denfant-une-solution-pratique-pour-les-parents\/#respond"]}]},{"@type":"WebPage","@id":"https:\/\/bart-et-lemy.com\/blog\/a-la-une\/salle-de-sport-et-garde-denfant-une-solution-pratique-pour-les-parents\/","url":"https:\/\/bart-et-lemy.com\/blog\/a-la-une\/salle-de-sport-et-garde-denfant-une-solution-pratique-pour-les-parents\/","name":"Salle de sport et garde d\u2019enfant : une solution pratique pour les parents","isPartOf":{"@id":"https:\/\/bart-et-lemy.com\/blog\/#website"},"primaryImageOfPage":{"@id":"https:\/\/bart-et-lemy.com\/blog\/a-la-une\/salle-de-sport-et-garde-denfant-une-solution-pratique-pour-les-parents\/#primaryimage"},"image":{"@id":"https:\/\/bart-et-lemy.com\/blog\/a-la-une\/salle-de-sport-et-garde-denfant-une-solution-pratique-pour-les-parents\/#primaryimage"},"thumbnailUrl":"https:\/\/bart-et-lemy.com\/blog\/wp-content\/uploads\/2025\/03\/sdxl-04d9386a00cba631ebc0cda3aa5b5640.png","datePublished":"2026-09-02T17:26:35+00:00","description":"Garde d\u2019enfant en salle de sport : ce qui varie selon l\u2019\u00e9tablissement, ce qui est encadr\u00e9, et les conditions du cr\u00e9dit d\u2019imp\u00f4t frais de garde.","inLanguage":"fr-FR","potentialAction":[{"@type":"ReadAction","target":["https:\/\/bart-et-lemy.com\/blog\/a-la-une\/salle-de-sport-et-garde-denfant-une-solution-pratique-pour-les-parents\/"]}]},{"@type":"ImageObject","inLanguage":"fr-FR","@id":"https:\/\/bart-et-lemy.com\/blog\/a-la-une\/salle-de-sport-et-garde-denfant-une-solution-pratique-pour-les-parents\/#primaryimage","url":"https:\/\/bart-et-lemy.com\/blog\/wp-content\/uploads\/2025\/03\/sdxl-04d9386a00cba631ebc0cda3aa5b5640.png","contentUrl":"https:\/\/bart-et-lemy.com\/blog\/wp-content\/uploads\/2025\/03\/sdxl-04d9386a00cba631ebc0cda3aa5b5640.png","width":1536,"height":640},{"@type":"WebSite","@id":"https:\/\/bart-et-lemy.com\/blog\/#website","url":"https:\/\/bart-et-lemy.com\/blog\/","name":"Bart et Lemy","description":"L\u2019originalit\u00e9 en toute libert\u00e9.","publisher":{"@id":"https:\/\/bart-et-lemy.com\/blog\/#organization"},"alternateName":"Conseils parentaux, astuces famille et bien-\u00eatre enfant","potentialAction":[{"@type":"SearchAction","target":{"@type":"EntryPoint","urlTemplate":"https:\/\/bart-et-lemy.com\/blog\/?s={search_term_string}"},"query-input":{"@type":"PropertyValueSpecification","valueRequired":true,"valueName":"search_term_string"}}],"inLanguage":"fr-FR"},{"@type":"Organization","@id":"https:\/\/bart-et-lemy.com\/blog\/#organization","name":"Bart et Lemy","alternateName":"bart-et-lemy.com","url":"https:\/\/bart-et-lemy.com\/blog\/","logo":{"@type":"ImageObject","inLanguage":"fr-FR","@id":"https:\/\/bart-et-lemy.com\/blog\/#\/schema\/logo\/image\/","url":"https:\/\/bart-et-lemy.com\/blog\/wp-content\/uploads\/2026\/07\/logo-auto.png","contentUrl":"https:\/\/bart-et-lemy.com\/blog\/wp-content\/uploads\/2026\/07\/logo-auto.png","width":1024,"height":1024,"caption":"Bart et Lemy"},"image":{"@id":"https:\/\/bart-et-lemy.com\/blog\/#\/schema\/logo\/image\/"}},{"@type":"Person","@id":"https:\/\/bart-et-lemy.com\/blog\/#\/schema\/person\/3c864cdc320801e3db34b663e7e3f816","name":"Elodie Mazeau","image":{"@type":"ImageObject","inLanguage":"fr-FR","@id":"https:\/\/bart-et-lemy.com\/blog\/wp-content\/uploads\/2026\/06\/persona_elodie-m-96x96.jpg","url":"https:\/\/bart-et-lemy.com\/blog\/wp-content\/uploads\/2026\/06\/persona_elodie-m-96x96.jpg","contentUrl":"https:\/\/bart-et-lemy.com\/blog\/wp-content\/uploads\/2026\/06\/persona_elodie-m-96x96.jpg","caption":"Elodie Mazeau"},"description":"J'\u00e9cris sur la parentalit\u00e9 telle qu'elle se vit vraiment, du premier biberon aux premi\u00e8res col\u00e8res. Mes sujets de pr\u00e9dilection couvrent le quotidien des familles : sommeil, alimentation, organisation, pu\u00e9riculture et ces petites gal\u00e8res que tout parent conna\u00eet. Depuis plusieurs ann\u00e9es, je m'attache \u00e0 proposer des rep\u00e8res concrets plut\u00f4t que des le\u00e7ons, parce que chaque famille trouve son propre \u00e9quilibre. Je v\u00e9rifie mes informations aupr\u00e8s de sources fiables, surtout d\u00e8s qu'on touche \u00e0 la sant\u00e9 ou \u00e0 la s\u00e9curit\u00e9 de l'enfant, et je pr\u00e9cise quand un avis professionnel s'impose. J'\u00e9vite soigneusement la culpabilisation : \u00eatre parent est d\u00e9j\u00e0 assez exigeant. Mon ton se veut complice et bienveillant, un peu comme une discussion entre parents qui se comprennent. L'id\u00e9e est d'all\u00e9ger la charge mentale en donnant des solutions simples et test\u00e9es.","sameAs":["https:\/\/elodiemazeau.fr\/"],"url":"https:\/\/bart-et-lemy.com\/blog\/auteur\/noname\/"}]}},"_links":{"self":[{"href":"https:\/\/bart-et-lemy.com\/blog\/wp-json\/wp\/v2\/posts\/8850","targetHints":{"allow":["GET"]}}],"collection":[{"href":"https:\/\/bart-et-lemy.com\/blog\/wp-json\/wp\/v2\/posts"}],"about":[{"href":"https:\/\/bart-et-lemy.com\/blog\/wp-json\/wp\/v2\/types\/post"}],"author":[{"embeddable":true,"href":"https:\/\/bart-et-lemy.com\/blog\/wp-json\/wp\/v2\/users\/34"}],"replies":[{"embeddable":true,"href":"https:\/\/bart-et-lemy.com\/blog\/wp-json\/wp\/v2\/comments?post=8850"}],"version-history":[{"count":2,"href":"https:\/\/bart-et-lemy.com\/blog\/wp-json\/wp\/v2\/posts\/8850\/revisions"}],"predecessor-version":[{"id":11783,"href":"https:\/\/bart-et-lemy.com\/blog\/wp-json\/wp\/v2\/posts\/8850\/revisions\/11783"}],"wp:featuredmedia":[{"embeddable":true,"href":"https:\/\/bart-et-lemy.com\/blog\/wp-json\/wp\/v2\/media\/9810"}],"wp:attachment":[{"href":"https:\/\/bart-et-lemy.com\/blog\/wp-json\/wp\/v2\/media?parent=8850"}],"wp:term":[{"taxonomy":"category","embeddable":true,"href":"https:\/\/bart-et-lemy.com\/blog\/wp-json\/wp\/v2\/categories?post=8850"},{"taxonomy":"post_tag","embeddable":true,"href":"https:\/\/bart-et-lemy.com\/blog\/wp-json\/wp\/v2\/tags?post=8850"}],"curies":[{"name":"wp","href":"https:\/\/api.w.org\/{rel}","templated":true}]}}