{"id":8879,"date":"2025-03-10T16:19:00","date_gmt":"2025-03-10T15:19:00","guid":{"rendered":"https:\/\/bart-et-lemy.com\/blog\/?p=8879"},"modified":"2025-02-10T17:13:41","modified_gmt":"2025-02-10T16:13:41","slug":"suivi-de-la-courbe-de-poids-des-bebes-allaites-guide-pratique-et-conseils","status":"publish","type":"post","link":"https:\/\/bart-et-lemy.com\/blog\/a-la-une\/suivi-de-la-courbe-de-poids-des-bebes-allaites-guide-pratique-et-conseils\/","title":{"rendered":"Suivi de la courbe de poids des b\u00e9b\u00e9s allait\u00e9s : Guide pratique et conseils"},"content":{"rendered":"<h2>Introduction : L&rsquo;importance de la courbe de poids chez les b\u00e9b\u00e9s allait\u00e9s<\/h2>\n<p>Suivre cette courbe permet non seulement d&rsquo;assurer un bon d\u00e9veloppement physique, mais aussi d&rsquo;identifier d&rsquo;\u00e9ventuels probl\u00e8mes li\u00e9s \u00e0 l&rsquo;alimentation. Pourquoi est-il crucial de pr\u00eater attention \u00e0 ces donn\u00e9es ? Comment les parents peuvent-ils s&rsquo;y prendre pour suivre efficacement le poids de leur enfant ?<\/p>\n<h2>Comprendre la courbe de poids des b\u00e9b\u00e9s allait\u00e9s<\/h2>\n<p>La courbe de poids permet de visualiser l&rsquo;\u00e9volution du poids de votre b\u00e9b\u00e9 au fil du temps. Pour un b\u00e9b\u00e9 allait\u00e9, il est essentiel de comparer son poids avec les courbes de r\u00e9f\u00e9rence \u00e9tablies par l&rsquo;OMS. Ces courbes sont bas\u00e9es sur des \u00e9tudes d&rsquo;enfants allait\u00e9s exclusivement pendant les six premiers mois.<\/p>\n<blockquote class=\"wp-embedded-content\" data-secret=\"gu4oA5Nie6\"><p><a href=\"https:\/\/bart-et-lemy.com\/blog\/a-la-une\/les-couches-lavables-pour-bebe-un-choix-eco-responsable-et-economique\/\">Les couches lavables pour b\u00e9b\u00e9 : un choix \u00e9co-responsable et \u00e9conomique<\/a><\/p><\/blockquote>\n<p><iframe loading=\"lazy\" class=\"wp-embedded-content\" sandbox=\"allow-scripts\" security=\"restricted\" style=\"position: absolute; visibility: hidden;\" title=\"\u00ab\u00a0Les couches lavables pour b\u00e9b\u00e9 : un choix \u00e9co-responsable et \u00e9conomique\u00a0\u00bb &#8212; bart-et-lemy.com\" src=\"https:\/\/bart-et-lemy.com\/blog\/a-la-une\/les-couches-lavables-pour-bebe-un-choix-eco-responsable-et-economique\/embed\/#?secret=TJAms4iFBz#?secret=gu4oA5Nie6\" data-secret=\"gu4oA5Nie6\" width=\"600\" height=\"338\" frameborder=\"0\" marginwidth=\"0\" marginheight=\"0\" scrolling=\"no\"><\/iframe><\/p>\n<p>En g\u00e9n\u00e9ral, un b\u00e9b\u00e9 allait\u00e9 doit reprendre son poids de naissance au bout de deux semaines. Par la suite, un gain de poids r\u00e9gulier est attendu. En moyenne, un b\u00e9b\u00e9 en bonne sant\u00e9 prend 150 \u00e0 200 grammes par semaine au cours des premiers mois.<\/p>\n<h2>Comment suivre efficacement la courbe de poids ?<\/h2>\n<p>Voici un guide pratique en plusieurs \u00e9tapes pour suivre la courbe de poids de votre b\u00e9b\u00e9 :<\/p>\n<blockquote class=\"wp-embedded-content\" data-secret=\"kBsZPIrJJg\"><p><a href=\"https:\/\/bart-et-lemy.com\/blog\/a-la-une\/le-lien-precieux-entre-bebe-et-maman-une-aventure-unique\/\">Le lien pr\u00e9cieux entre b\u00e9b\u00e9 et maman : une aventure unique<\/a><\/p><\/blockquote>\n<p><iframe loading=\"lazy\" class=\"wp-embedded-content\" sandbox=\"allow-scripts\" security=\"restricted\" style=\"position: absolute; visibility: hidden;\" title=\"\u00ab\u00a0Le lien pr\u00e9cieux entre b\u00e9b\u00e9 et maman : une aventure unique\u00a0\u00bb &#8212; bart-et-lemy.com\" src=\"https:\/\/bart-et-lemy.com\/blog\/a-la-une\/le-lien-precieux-entre-bebe-et-maman-une-aventure-unique\/embed\/#?secret=onavYY4IqD#?secret=kBsZPIrJJg\" data-secret=\"kBsZPIrJJg\" width=\"600\" height=\"338\" frameborder=\"0\" marginwidth=\"0\" marginheight=\"0\" scrolling=\"no\"><\/iframe><\/p>\n<ul>\n<li><strong>Pesez votre b\u00e9b\u00e9 r\u00e9guli\u00e8rement :<\/strong> Utilisez une balance adapt\u00e9e pour b\u00e9b\u00e9s, au moins une fois par semaine.<\/li>\n<li><strong>Notez les r\u00e9sultats :<\/strong> Consignez les poids dans un carnet ou une application d\u00e9di\u00e9e pour suivre l&rsquo;\u00e9volution.<\/li>\n<li><strong>Comparez avec les courbes de r\u00e9f\u00e9rence :<\/strong> Consultez les courbes de l&rsquo;OMS pour \u00e9valuer si votre b\u00e9b\u00e9 se situe dans la norme.<\/li>\n<li><strong>Consultez un professionnel :<\/strong> En cas de doute ou de variation significative, n&rsquo;h\u00e9sitez pas \u00e0 demander l&rsquo;avis d&rsquo;un p\u00e9diatre.<\/li>\n<\/ul>\n<h2>Les impacts d&rsquo;un suivi rigoureux de la courbe de poids<\/h2>\n<p>Un suivi r\u00e9gulier de la courbe de poids peut pr\u00e9venir des complications de sant\u00e9. Par exemple :<\/p>\n<ul>\n<li>Un poids insuffisant peut indiquer des probl\u00e8mes d&rsquo;alimentation ou de sant\u00e9.<\/li>\n<li>Un gain de poids trop rapide peut signaler des probl\u00e8mes m\u00e9taboliques ou une suralimentation.<\/li>\n<li>Les parents inform\u00e9s peuvent r\u00e9agir rapidement et ajuster l&rsquo;alimentation ou consulter un sp\u00e9cialiste si n\u00e9cessaire.<\/li>\n<\/ul>\n<h2>Tableau r\u00e9capitulatif des recommandations<\/h2>\n<table>\n<tr>\n<th><strong>\u00c2ge du b\u00e9b\u00e9<\/strong><\/th>\n<th><strong>Gain de poids recommand\u00e9<\/strong><\/th>\n<th><strong>Fr\u00e9quence de pes\u00e9e<\/strong><\/th>\n<\/tr>\n<tr>\n<td>0-3 mois<\/td>\n<td>150-200 g\/semaine<\/td>\n<td>Hebdomadaire<\/td>\n<\/tr>\n<tr>\n<td>3-6 mois<\/td>\n<td>100-150 g\/semaine<\/td>\n<td>Bihebdomadaire<\/td>\n<\/tr>\n<tr>\n<td>6-12 mois<\/td>\n<td>70-100 g\/semaine<\/td>\n<td>Mensuelle<\/td>\n<\/tr>\n<\/table>\n<h2>Conseils pratiques pour les parents<\/h2>\n<p>Pour assurer un bon suivi de la courbe de poids, les parents doivent se rappeler quelques points cl\u00e9s :<\/p>\n<ul>\n<li>Favorisez les s\u00e9ances de pes\u00e9e dans un environnement calme.<\/li>\n<li>\u00c9vitez de peser le b\u00e9b\u00e9 apr\u00e8s un repas pour obtenir des r\u00e9sultats plus fiables.<\/li>\n<li>Restez patient et attentif aux autres signes de bien-\u00eatre de votre enfant.<\/li>\n<\/ul>\n<blockquote>\n<p><strong>\u201cLe suivi du poids de votre b\u00e9b\u00e9 est un acte bienveillant qui contribue \u00e0 sa sant\u00e9 globale.\u201d<\/strong><\/p>\n<\/blockquote>\n<h3>FAQ :<\/h3>\n<blockquote>\n<ul>\n<li><strong>\u00c0 quelle fr\u00e9quence dois-je peser mon b\u00e9b\u00e9 ?<\/strong>Pesez votre b\u00e9b\u00e9 au moins une fois par semaine, surtout dans les premiers mois.<\/li>\n<li><strong>Que faire si mon b\u00e9b\u00e9 ne prend pas de poids correctement ?<\/strong>Consultez un p\u00e9diatre pour \u00e9valuer l&rsquo;alimentation et la sant\u00e9 de votre enfant.<\/li>\n<li><strong>Les courbes de poids sont-elles les m\u00eames pour tous les b\u00e9b\u00e9s ?<\/strong>Non, chaque b\u00e9b\u00e9 a un rythme de croissance unique, il est donc essentiel de se r\u00e9f\u00e9rer aux courbes de l\u2019OMS.<\/li>\n<li><strong>Comment savoir si mon b\u00e9b\u00e9 est bien nourri ?<\/strong>Observez son comportement, sa prise de poids et consultez les recommandations des professionnels de sant\u00e9.<\/li>\n<\/ul>\n<\/blockquote>\n","protected":false},"excerpt":{"rendered":"","protected":false},"author":34,"featured_media":11049,"comment_status":"open","ping_status":"open","sticky":false,"template":"","format":"standard","meta":{"_acf_changed":false,"manual_indexmenow":false,"indexmenow_id_project":0,"footnotes":""},"categories":[1],"tags":[5978,5977,5980,5981,5982,5979],"class_list":["post-8879","post","type-post","status-publish","format-standard","has-post-thumbnail","hentry","category-a-la-une","tag-bebes-allaites","tag-courbe-de-poids","tag-gain-de-poids","tag-professionnel-de-sante","tag-recommandations-oms","tag-suivi-regulier","generate-columns","tablet-grid-50","mobile-grid-100","grid-parent","grid-25"],"acf":[],"yoast_head":"<!-- This site is optimized with the Yoast SEO Premium plugin v21.3 (Yoast SEO v27.3) - https:\/\/yoast.com\/product\/yoast-seo-premium-wordpress\/ -->\n<title>Suivi de la courbe de poids des b\u00e9b\u00e9s allait\u00e9s<\/title>\n<meta name=\"description\" content=\"Suivre cette courbe permet non seulement d&#039;assurer un bon d\u00e9veloppement physique, mais aussi d&#039;identifier d&#039;\u00e9ventuels probl\u00e8mes li\u00e9s \u00e0 l&#039;alimentation.\" \/>\n<meta name=\"robots\" content=\"index, follow, max-snippet:-1, max-image-preview:large, max-video-preview:-1\" \/>\n<link rel=\"canonical\" href=\"https:\/\/bart-et-lemy.com\/blog\/a-la-une\/suivi-de-la-courbe-de-poids-des-bebes-allaites-guide-pratique-et-conseils\/\" \/>\n<meta property=\"og:locale\" content=\"fr_FR\" \/>\n<meta property=\"og:type\" content=\"article\" \/>\n<meta property=\"og:title\" content=\"Suivi de la courbe de poids des b\u00e9b\u00e9s allait\u00e9s\" \/>\n<meta property=\"og:description\" content=\"Suivre cette courbe permet non seulement d&#039;assurer un bon d\u00e9veloppement physique, mais aussi d&#039;identifier d&#039;\u00e9ventuels probl\u00e8mes li\u00e9s \u00e0 l&#039;alimentation.\" \/>\n<meta property=\"og:url\" content=\"https:\/\/bart-et-lemy.com\/blog\/a-la-une\/suivi-de-la-courbe-de-poids-des-bebes-allaites-guide-pratique-et-conseils\/\" \/>\n<meta property=\"og:site_name\" content=\"bart-et-lemy.com\" \/>\n<meta property=\"og:image\" content=\"https:\/\/bart-et-lemy.com\/blog\/wp-content\/uploads\/2025\/05\/sdxl-4c5b31b5305974980185d09beb88dcd3-scaled.png\" \/>\n\t<meta property=\"og:image:width\" content=\"1200\" \/>\n\t<meta property=\"og:image:height\" content=\"500\" \/>\n\t<meta property=\"og:image:type\" content=\"image\/png\" \/>\n<meta name=\"author\" content=\"Elodie Mazeau\" \/>\n<meta name=\"twitter:card\" content=\"summary_large_image\" \/>\n<script type=\"application\/ld+json\" class=\"yoast-schema-graph\">{\"@context\":\"https:\\\/\\\/schema.org\",\"@graph\":[{\"@type\":\"NewsArticle\",\"@id\":\"https:\\\/\\\/bart-et-lemy.com\\\/blog\\\/a-la-une\\\/suivi-de-la-courbe-de-poids-des-bebes-allaites-guide-pratique-et-conseils\\\/#article\",\"isPartOf\":{\"@id\":\"https:\\\/\\\/bart-et-lemy.com\\\/blog\\\/a-la-une\\\/suivi-de-la-courbe-de-poids-des-bebes-allaites-guide-pratique-et-conseils\\\/\"},\"author\":{\"name\":\"Elodie Mazeau\",\"@id\":\"https:\\\/\\\/bart-et-lemy.com\\\/blog\\\/#\\\/schema\\\/person\\\/3c864cdc320801e3db34b663e7e3f816\"},\"headline\":\"Suivi de la courbe de poids des b\u00e9b\u00e9s allait\u00e9s : Guide pratique et conseils\",\"datePublished\":\"2025-03-10T15:19:00+00:00\",\"mainEntityOfPage\":{\"@id\":\"https:\\\/\\\/bart-et-lemy.com\\\/blog\\\/a-la-une\\\/suivi-de-la-courbe-de-poids-des-bebes-allaites-guide-pratique-et-conseils\\\/\"},\"wordCount\":632,\"commentCount\":21,\"publisher\":{\"@id\":\"https:\\\/\\\/bart-et-lemy.com\\\/blog\\\/#organization\"},\"image\":{\"@id\":\"https:\\\/\\\/bart-et-lemy.com\\\/blog\\\/a-la-une\\\/suivi-de-la-courbe-de-poids-des-bebes-allaites-guide-pratique-et-conseils\\\/#primaryimage\"},\"thumbnailUrl\":\"https:\\\/\\\/bart-et-lemy.com\\\/blog\\\/wp-content\\\/uploads\\\/2025\\\/05\\\/sdxl-4c5b31b5305974980185d09beb88dcd3-scaled.png\",\"keywords\":[\"B\u00e9b\u00e9s Allait\u00e9s\",\"Courbe de Poids\",\"Gain de Poids\",\"Professionnel de Sant\u00e9\",\"Recommandations OMS\",\"Suivi R\u00e9gulier\"],\"articleSection\":[\"\u00c0 la une\"],\"inLanguage\":\"fr-FR\",\"potentialAction\":[{\"@type\":\"CommentAction\",\"name\":\"Comment\",\"target\":[\"https:\\\/\\\/bart-et-lemy.com\\\/blog\\\/a-la-une\\\/suivi-de-la-courbe-de-poids-des-bebes-allaites-guide-pratique-et-conseils\\\/#respond\"]}]},{\"@type\":\"WebPage\",\"@id\":\"https:\\\/\\\/bart-et-lemy.com\\\/blog\\\/a-la-une\\\/suivi-de-la-courbe-de-poids-des-bebes-allaites-guide-pratique-et-conseils\\\/\",\"url\":\"https:\\\/\\\/bart-et-lemy.com\\\/blog\\\/a-la-une\\\/suivi-de-la-courbe-de-poids-des-bebes-allaites-guide-pratique-et-conseils\\\/\",\"name\":\"Suivi de la courbe de poids des b\u00e9b\u00e9s allait\u00e9s\",\"isPartOf\":{\"@id\":\"https:\\\/\\\/bart-et-lemy.com\\\/blog\\\/#website\"},\"primaryImageOfPage\":{\"@id\":\"https:\\\/\\\/bart-et-lemy.com\\\/blog\\\/a-la-une\\\/suivi-de-la-courbe-de-poids-des-bebes-allaites-guide-pratique-et-conseils\\\/#primaryimage\"},\"image\":{\"@id\":\"https:\\\/\\\/bart-et-lemy.com\\\/blog\\\/a-la-une\\\/suivi-de-la-courbe-de-poids-des-bebes-allaites-guide-pratique-et-conseils\\\/#primaryimage\"},\"thumbnailUrl\":\"https:\\\/\\\/bart-et-lemy.com\\\/blog\\\/wp-content\\\/uploads\\\/2025\\\/05\\\/sdxl-4c5b31b5305974980185d09beb88dcd3-scaled.png\",\"datePublished\":\"2025-03-10T15:19:00+00:00\",\"description\":\"Suivre cette courbe permet non seulement d'assurer un bon d\u00e9veloppement physique, mais aussi d'identifier d'\u00e9ventuels probl\u00e8mes li\u00e9s \u00e0 l'alimentation.\",\"inLanguage\":\"fr-FR\",\"potentialAction\":[{\"@type\":\"ReadAction\",\"target\":[\"https:\\\/\\\/bart-et-lemy.com\\\/blog\\\/a-la-une\\\/suivi-de-la-courbe-de-poids-des-bebes-allaites-guide-pratique-et-conseils\\\/\"]}]},{\"@type\":\"ImageObject\",\"inLanguage\":\"fr-FR\",\"@id\":\"https:\\\/\\\/bart-et-lemy.com\\\/blog\\\/a-la-une\\\/suivi-de-la-courbe-de-poids-des-bebes-allaites-guide-pratique-et-conseils\\\/#primaryimage\",\"url\":\"https:\\\/\\\/bart-et-lemy.com\\\/blog\\\/wp-content\\\/uploads\\\/2025\\\/05\\\/sdxl-4c5b31b5305974980185d09beb88dcd3-scaled.png\",\"contentUrl\":\"https:\\\/\\\/bart-et-lemy.com\\\/blog\\\/wp-content\\\/uploads\\\/2025\\\/05\\\/sdxl-4c5b31b5305974980185d09beb88dcd3-scaled.png\",\"width\":1200,\"height\":500},{\"@type\":\"WebSite\",\"@id\":\"https:\\\/\\\/bart-et-lemy.com\\\/blog\\\/#website\",\"url\":\"https:\\\/\\\/bart-et-lemy.com\\\/blog\\\/\",\"name\":\"Bart et Lemy\",\"description\":\"L\u2019originalit\u00e9 en toute libert\u00e9.\",\"publisher\":{\"@id\":\"https:\\\/\\\/bart-et-lemy.com\\\/blog\\\/#organization\"},\"alternateName\":\"Conseils parentaux, astuces famille et bien-\u00eatre enfant\",\"potentialAction\":[{\"@type\":\"SearchAction\",\"target\":{\"@type\":\"EntryPoint\",\"urlTemplate\":\"https:\\\/\\\/bart-et-lemy.com\\\/blog\\\/?s={search_term_string}\"},\"query-input\":{\"@type\":\"PropertyValueSpecification\",\"valueRequired\":true,\"valueName\":\"search_term_string\"}}],\"inLanguage\":\"fr-FR\"},{\"@type\":\"Organization\",\"@id\":\"https:\\\/\\\/bart-et-lemy.com\\\/blog\\\/#organization\",\"name\":\"Bart et Lemy\",\"alternateName\":\"bart-et-lemy.com\",\"url\":\"https:\\\/\\\/bart-et-lemy.com\\\/blog\\\/\",\"logo\":{\"@type\":\"ImageObject\",\"inLanguage\":\"fr-FR\",\"@id\":\"https:\\\/\\\/bart-et-lemy.com\\\/blog\\\/#\\\/schema\\\/logo\\\/image\\\/\",\"url\":\"https:\\\/\\\/bart-et-lemy.com\\\/blog\\\/wp-content\\\/uploads\\\/2026\\\/07\\\/logo-auto.png\",\"contentUrl\":\"https:\\\/\\\/bart-et-lemy.com\\\/blog\\\/wp-content\\\/uploads\\\/2026\\\/07\\\/logo-auto.png\",\"width\":1024,\"height\":1024,\"caption\":\"Bart et Lemy\"},\"image\":{\"@id\":\"https:\\\/\\\/bart-et-lemy.com\\\/blog\\\/#\\\/schema\\\/logo\\\/image\\\/\"}},{\"@type\":\"Person\",\"@id\":\"https:\\\/\\\/bart-et-lemy.com\\\/blog\\\/#\\\/schema\\\/person\\\/3c864cdc320801e3db34b663e7e3f816\",\"name\":\"Elodie Mazeau\",\"image\":{\"@type\":\"ImageObject\",\"inLanguage\":\"fr-FR\",\"@id\":\"https:\\\/\\\/bart-et-lemy.com\\\/blog\\\/wp-content\\\/uploads\\\/2026\\\/06\\\/persona_elodie-m-96x96.jpg\",\"url\":\"https:\\\/\\\/bart-et-lemy.com\\\/blog\\\/wp-content\\\/uploads\\\/2026\\\/06\\\/persona_elodie-m-96x96.jpg\",\"contentUrl\":\"https:\\\/\\\/bart-et-lemy.com\\\/blog\\\/wp-content\\\/uploads\\\/2026\\\/06\\\/persona_elodie-m-96x96.jpg\",\"caption\":\"Elodie Mazeau\"},\"description\":\"J'\u00e9cris sur la parentalit\u00e9 telle qu'elle se vit vraiment, du premier biberon aux premi\u00e8res col\u00e8res. Mes sujets de pr\u00e9dilection couvrent le quotidien des familles : sommeil, alimentation, organisation, pu\u00e9riculture et ces petites gal\u00e8res que tout parent conna\u00eet. Depuis plusieurs ann\u00e9es, je m'attache \u00e0 proposer des rep\u00e8res concrets plut\u00f4t que des le\u00e7ons, parce que chaque famille trouve son propre \u00e9quilibre. Je v\u00e9rifie mes informations aupr\u00e8s de sources fiables, surtout d\u00e8s qu'on touche \u00e0 la sant\u00e9 ou \u00e0 la s\u00e9curit\u00e9 de l'enfant, et je pr\u00e9cise quand un avis professionnel s'impose. J'\u00e9vite soigneusement la culpabilisation : \u00eatre parent est d\u00e9j\u00e0 assez exigeant. Mon ton se veut complice et bienveillant, un peu comme une discussion entre parents qui se comprennent. L'id\u00e9e est d'all\u00e9ger la charge mentale en donnant des solutions simples et test\u00e9es.\",\"sameAs\":[\"https:\\\/\\\/elodiemazeau.fr\\\/\"],\"url\":\"https:\\\/\\\/bart-et-lemy.com\\\/blog\\\/auteur\\\/noname\\\/\"}]}<\/script>\n<!-- \/ Yoast SEO Premium plugin. -->","yoast_head_json":{"title":"Suivi de la courbe de poids des b\u00e9b\u00e9s allait\u00e9s","description":"Suivre cette courbe permet non seulement d'assurer un bon d\u00e9veloppement physique, mais aussi d'identifier d'\u00e9ventuels probl\u00e8mes li\u00e9s \u00e0 l'alimentation.","robots":{"index":"index","follow":"follow","max-snippet":"max-snippet:-1","max-image-preview":"max-image-preview:large","max-video-preview":"max-video-preview:-1"},"canonical":"https:\/\/bart-et-lemy.com\/blog\/a-la-une\/suivi-de-la-courbe-de-poids-des-bebes-allaites-guide-pratique-et-conseils\/","og_locale":"fr_FR","og_type":"article","og_title":"Suivi de la courbe de poids des b\u00e9b\u00e9s allait\u00e9s","og_description":"Suivre cette courbe permet non seulement d'assurer un bon d\u00e9veloppement physique, mais aussi d'identifier d'\u00e9ventuels probl\u00e8mes li\u00e9s \u00e0 l'alimentation.","og_url":"https:\/\/bart-et-lemy.com\/blog\/a-la-une\/suivi-de-la-courbe-de-poids-des-bebes-allaites-guide-pratique-et-conseils\/","og_site_name":"bart-et-lemy.com","og_image":[{"width":1200,"height":500,"url":"https:\/\/bart-et-lemy.com\/blog\/wp-content\/uploads\/2025\/05\/sdxl-4c5b31b5305974980185d09beb88dcd3-scaled.png","type":"image\/png"}],"author":"Elodie Mazeau","twitter_card":"summary_large_image","schema":{"@context":"https:\/\/schema.org","@graph":[{"@type":"NewsArticle","@id":"https:\/\/bart-et-lemy.com\/blog\/a-la-une\/suivi-de-la-courbe-de-poids-des-bebes-allaites-guide-pratique-et-conseils\/#article","isPartOf":{"@id":"https:\/\/bart-et-lemy.com\/blog\/a-la-une\/suivi-de-la-courbe-de-poids-des-bebes-allaites-guide-pratique-et-conseils\/"},"author":{"name":"Elodie Mazeau","@id":"https:\/\/bart-et-lemy.com\/blog\/#\/schema\/person\/3c864cdc320801e3db34b663e7e3f816"},"headline":"Suivi de la courbe de poids des b\u00e9b\u00e9s allait\u00e9s : Guide pratique et conseils","datePublished":"2025-03-10T15:19:00+00:00","mainEntityOfPage":{"@id":"https:\/\/bart-et-lemy.com\/blog\/a-la-une\/suivi-de-la-courbe-de-poids-des-bebes-allaites-guide-pratique-et-conseils\/"},"wordCount":632,"commentCount":21,"publisher":{"@id":"https:\/\/bart-et-lemy.com\/blog\/#organization"},"image":{"@id":"https:\/\/bart-et-lemy.com\/blog\/a-la-une\/suivi-de-la-courbe-de-poids-des-bebes-allaites-guide-pratique-et-conseils\/#primaryimage"},"thumbnailUrl":"https:\/\/bart-et-lemy.com\/blog\/wp-content\/uploads\/2025\/05\/sdxl-4c5b31b5305974980185d09beb88dcd3-scaled.png","keywords":["B\u00e9b\u00e9s Allait\u00e9s","Courbe de Poids","Gain de Poids","Professionnel de Sant\u00e9","Recommandations OMS","Suivi R\u00e9gulier"],"articleSection":["\u00c0 la une"],"inLanguage":"fr-FR","potentialAction":[{"@type":"CommentAction","name":"Comment","target":["https:\/\/bart-et-lemy.com\/blog\/a-la-une\/suivi-de-la-courbe-de-poids-des-bebes-allaites-guide-pratique-et-conseils\/#respond"]}]},{"@type":"WebPage","@id":"https:\/\/bart-et-lemy.com\/blog\/a-la-une\/suivi-de-la-courbe-de-poids-des-bebes-allaites-guide-pratique-et-conseils\/","url":"https:\/\/bart-et-lemy.com\/blog\/a-la-une\/suivi-de-la-courbe-de-poids-des-bebes-allaites-guide-pratique-et-conseils\/","name":"Suivi de la courbe de poids des b\u00e9b\u00e9s allait\u00e9s","isPartOf":{"@id":"https:\/\/bart-et-lemy.com\/blog\/#website"},"primaryImageOfPage":{"@id":"https:\/\/bart-et-lemy.com\/blog\/a-la-une\/suivi-de-la-courbe-de-poids-des-bebes-allaites-guide-pratique-et-conseils\/#primaryimage"},"image":{"@id":"https:\/\/bart-et-lemy.com\/blog\/a-la-une\/suivi-de-la-courbe-de-poids-des-bebes-allaites-guide-pratique-et-conseils\/#primaryimage"},"thumbnailUrl":"https:\/\/bart-et-lemy.com\/blog\/wp-content\/uploads\/2025\/05\/sdxl-4c5b31b5305974980185d09beb88dcd3-scaled.png","datePublished":"2025-03-10T15:19:00+00:00","description":"Suivre cette courbe permet non seulement d'assurer un bon d\u00e9veloppement physique, mais aussi d'identifier d'\u00e9ventuels probl\u00e8mes li\u00e9s \u00e0 l'alimentation.","inLanguage":"fr-FR","potentialAction":[{"@type":"ReadAction","target":["https:\/\/bart-et-lemy.com\/blog\/a-la-une\/suivi-de-la-courbe-de-poids-des-bebes-allaites-guide-pratique-et-conseils\/"]}]},{"@type":"ImageObject","inLanguage":"fr-FR","@id":"https:\/\/bart-et-lemy.com\/blog\/a-la-une\/suivi-de-la-courbe-de-poids-des-bebes-allaites-guide-pratique-et-conseils\/#primaryimage","url":"https:\/\/bart-et-lemy.com\/blog\/wp-content\/uploads\/2025\/05\/sdxl-4c5b31b5305974980185d09beb88dcd3-scaled.png","contentUrl":"https:\/\/bart-et-lemy.com\/blog\/wp-content\/uploads\/2025\/05\/sdxl-4c5b31b5305974980185d09beb88dcd3-scaled.png","width":1200,"height":500},{"@type":"WebSite","@id":"https:\/\/bart-et-lemy.com\/blog\/#website","url":"https:\/\/bart-et-lemy.com\/blog\/","name":"Bart et Lemy","description":"L\u2019originalit\u00e9 en toute libert\u00e9.","publisher":{"@id":"https:\/\/bart-et-lemy.com\/blog\/#organization"},"alternateName":"Conseils parentaux, astuces famille et bien-\u00eatre enfant","potentialAction":[{"@type":"SearchAction","target":{"@type":"EntryPoint","urlTemplate":"https:\/\/bart-et-lemy.com\/blog\/?s={search_term_string}"},"query-input":{"@type":"PropertyValueSpecification","valueRequired":true,"valueName":"search_term_string"}}],"inLanguage":"fr-FR"},{"@type":"Organization","@id":"https:\/\/bart-et-lemy.com\/blog\/#organization","name":"Bart et Lemy","alternateName":"bart-et-lemy.com","url":"https:\/\/bart-et-lemy.com\/blog\/","logo":{"@type":"ImageObject","inLanguage":"fr-FR","@id":"https:\/\/bart-et-lemy.com\/blog\/#\/schema\/logo\/image\/","url":"https:\/\/bart-et-lemy.com\/blog\/wp-content\/uploads\/2026\/07\/logo-auto.png","contentUrl":"https:\/\/bart-et-lemy.com\/blog\/wp-content\/uploads\/2026\/07\/logo-auto.png","width":1024,"height":1024,"caption":"Bart et Lemy"},"image":{"@id":"https:\/\/bart-et-lemy.com\/blog\/#\/schema\/logo\/image\/"}},{"@type":"Person","@id":"https:\/\/bart-et-lemy.com\/blog\/#\/schema\/person\/3c864cdc320801e3db34b663e7e3f816","name":"Elodie Mazeau","image":{"@type":"ImageObject","inLanguage":"fr-FR","@id":"https:\/\/bart-et-lemy.com\/blog\/wp-content\/uploads\/2026\/06\/persona_elodie-m-96x96.jpg","url":"https:\/\/bart-et-lemy.com\/blog\/wp-content\/uploads\/2026\/06\/persona_elodie-m-96x96.jpg","contentUrl":"https:\/\/bart-et-lemy.com\/blog\/wp-content\/uploads\/2026\/06\/persona_elodie-m-96x96.jpg","caption":"Elodie Mazeau"},"description":"J'\u00e9cris sur la parentalit\u00e9 telle qu'elle se vit vraiment, du premier biberon aux premi\u00e8res col\u00e8res. Mes sujets de pr\u00e9dilection couvrent le quotidien des familles : sommeil, alimentation, organisation, pu\u00e9riculture et ces petites gal\u00e8res que tout parent conna\u00eet. Depuis plusieurs ann\u00e9es, je m'attache \u00e0 proposer des rep\u00e8res concrets plut\u00f4t que des le\u00e7ons, parce que chaque famille trouve son propre \u00e9quilibre. Je v\u00e9rifie mes informations aupr\u00e8s de sources fiables, surtout d\u00e8s qu'on touche \u00e0 la sant\u00e9 ou \u00e0 la s\u00e9curit\u00e9 de l'enfant, et je pr\u00e9cise quand un avis professionnel s'impose. J'\u00e9vite soigneusement la culpabilisation : \u00eatre parent est d\u00e9j\u00e0 assez exigeant. Mon ton se veut complice et bienveillant, un peu comme une discussion entre parents qui se comprennent. L'id\u00e9e est d'all\u00e9ger la charge mentale en donnant des solutions simples et test\u00e9es.","sameAs":["https:\/\/elodiemazeau.fr\/"],"url":"https:\/\/bart-et-lemy.com\/blog\/auteur\/noname\/"}]}},"_links":{"self":[{"href":"https:\/\/bart-et-lemy.com\/blog\/wp-json\/wp\/v2\/posts\/8879","targetHints":{"allow":["GET"]}}],"collection":[{"href":"https:\/\/bart-et-lemy.com\/blog\/wp-json\/wp\/v2\/posts"}],"about":[{"href":"https:\/\/bart-et-lemy.com\/blog\/wp-json\/wp\/v2\/types\/post"}],"author":[{"embeddable":true,"href":"https:\/\/bart-et-lemy.com\/blog\/wp-json\/wp\/v2\/users\/34"}],"replies":[{"embeddable":true,"href":"https:\/\/bart-et-lemy.com\/blog\/wp-json\/wp\/v2\/comments?post=8879"}],"version-history":[{"count":1,"href":"https:\/\/bart-et-lemy.com\/blog\/wp-json\/wp\/v2\/posts\/8879\/revisions"}],"predecessor-version":[{"id":9927,"href":"https:\/\/bart-et-lemy.com\/blog\/wp-json\/wp\/v2\/posts\/8879\/revisions\/9927"}],"wp:featuredmedia":[{"embeddable":true,"href":"https:\/\/bart-et-lemy.com\/blog\/wp-json\/wp\/v2\/media\/11049"}],"wp:attachment":[{"href":"https:\/\/bart-et-lemy.com\/blog\/wp-json\/wp\/v2\/media?parent=8879"}],"wp:term":[{"taxonomy":"category","embeddable":true,"href":"https:\/\/bart-et-lemy.com\/blog\/wp-json\/wp\/v2\/categories?post=8879"},{"taxonomy":"post_tag","embeddable":true,"href":"https:\/\/bart-et-lemy.com\/blog\/wp-json\/wp\/v2\/tags?post=8879"}],"curies":[{"name":"wp","href":"https:\/\/api.w.org\/{rel}","templated":true}]}}