{"id":8891,"date":"2025-04-25T18:59:00","date_gmt":"2025-04-25T16:59:00","guid":{"rendered":"https:\/\/bart-et-lemy.com\/blog\/?p=8891"},"modified":"2025-02-10T17:15:43","modified_gmt":"2025-02-10T16:15:43","slug":"comprendre-la-texture-definitive-des-cheveux-des-bebes-guide-pratique-et-conseils","status":"publish","type":"post","link":"https:\/\/bart-et-lemy.com\/blog\/a-la-une\/comprendre-la-texture-definitive-des-cheveux-des-bebes-guide-pratique-et-conseils\/","title":{"rendered":"Comprendre la texture d\u00e9finitive des cheveux des b\u00e9b\u00e9s : Guide pratique et conseils"},"content":{"rendered":"<h2>Introduction : Quel est le myst\u00e8re de la texture des cheveux des b\u00e9b\u00e9s ?<\/h2>\n<p>Parmi ces d\u00e9tails, la texture des cheveux des b\u00e9b\u00e9s intrigue beaucoup de parents. Pourquoi certains b\u00e9b\u00e9s ont-ils des cheveux fins et raides tandis que d&rsquo;autres affichent des boucles magnifiques ? Cette question soul\u00e8ve des enjeux sur l&rsquo;h\u00e9r\u00e9dit\u00e9, le soin des cheveux et m\u00eame l&rsquo;identit\u00e9 culturelle.<\/p>\n<h2>Comprendre la texture des cheveux des b\u00e9b\u00e9s<\/h2>\n<p>La texture des cheveux des b\u00e9b\u00e9s d\u00e9pend de plusieurs facteurs, principalement g\u00e9n\u00e9tiques. Les g\u00e8nes h\u00e9rit\u00e9s des parents jouent un r\u00f4le crucial dans la structure des cheveux. Par exemple, un b\u00e9b\u00e9 dont les parents ont des cheveux boucl\u00e9s est plus susceptible d&rsquo;avoir \u00e9galement des cheveux boucl\u00e9s. Toutefois, la texture peut \u00e9voluer durant les premi\u00e8res ann\u00e9es de vie.<\/p>\n<p>Les diff\u00e9rents types de textures de cheveux incluent :<\/p>\n<blockquote class=\"wp-embedded-content\" data-secret=\"Di2IOvr0Ec\"><p><a href=\"https:\/\/bart-et-lemy.com\/blog\/a-la-une\/les-couches-lavables-pour-bebe-un-choix-eco-responsable-et-economique\/\">Les couches lavables pour b\u00e9b\u00e9 : un choix \u00e9co-responsable et \u00e9conomique<\/a><\/p><\/blockquote>\n<p><iframe loading=\"lazy\" class=\"wp-embedded-content\" sandbox=\"allow-scripts\" security=\"restricted\" style=\"position: absolute; visibility: hidden;\" title=\"\u00ab\u00a0Les couches lavables pour b\u00e9b\u00e9 : un choix \u00e9co-responsable et \u00e9conomique\u00a0\u00bb &#8212; bart-et-lemy.com\" src=\"https:\/\/bart-et-lemy.com\/blog\/a-la-une\/les-couches-lavables-pour-bebe-un-choix-eco-responsable-et-economique\/embed\/#?secret=41LeViXoLK#?secret=Di2IOvr0Ec\" data-secret=\"Di2IOvr0Ec\" width=\"600\" height=\"338\" frameborder=\"0\" marginwidth=\"0\" marginheight=\"0\" scrolling=\"no\"><\/iframe><\/p>\n<ul>\n<li><strong>Cheveux lisses :<\/strong> Souvent fins et soyeux, ils peuvent donner une impression de douceur.<\/li>\n<li><strong>Cheveux ondul\u00e9s :<\/strong> Ces cheveux ont une forme en S, cr\u00e9ant des vagues naturelles.<\/li>\n<li><strong>Cheveux boucl\u00e9s :<\/strong> Enroul\u00e9s en spirales, ils n\u00e9cessitent souvent des soins particuliers pour \u00e9viter les frisottis.<\/li>\n<\/ul>\n<p>Il est fascinant de constater que la texture des cheveux peut changer au fil du temps, surtout durant les trois premi\u00e8res ann\u00e9es. Un b\u00e9b\u00e9 peut na\u00eetre avec des cheveux fins qui deviendront plus \u00e9pais ou plus boucl\u00e9s en grandissant.<\/p>\n<h2>Les soins adapt\u00e9s \u00e0 chaque texture de cheveux<\/h2>\n<p>Adapter les soins aux diff\u00e9rents types de cheveux s&rsquo;av\u00e8re essentiel pour leur sant\u00e9. Voici quelques conseils pratiques :<\/p>\n<table>\n<tr>\n<th>Type de cheveux<\/th>\n<th>Conseils de soin<\/th>\n<th>Produits recommand\u00e9s<\/th>\n<\/tr>\n<tr>\n<td>Cheveux lisses<\/td>\n<td>Utiliser un shampooing doux et un apr\u00e8s-shampooing l\u00e9ger.<\/td>\n<td>Shampooing hydratant sans sulfates<\/td>\n<\/tr>\n<tr>\n<td>Cheveux ondul\u00e9s<\/td>\n<td>\u00c9viter les produits lourds, privil\u00e9gier les sprays texturisants.<\/td>\n<td>Spray de mer ou mousse l\u00e9g\u00e8re<\/td>\n<\/tr>\n<tr>\n<td>Cheveux boucl\u00e9s<\/td>\n<td>Utiliser des cr\u00e8mes hydratantes pour d\u00e9finir les boucles.<\/td>\n<td>Cr\u00e8me de d\u00e9finition de boucles<\/td>\n<\/tr>\n<\/table>\n<p>Il est essentiel d&rsquo;\u00e9viter l&rsquo;utilisation excessive de produits chimiques, surtout sur la peau d\u00e9licate des b\u00e9b\u00e9s. Un nettoyage r\u00e9gulier et doux pr\u00e9serve la qualit\u00e9 des cheveux tout en respectant le cuir chevelu sensible. <\/p>\n<blockquote class=\"wp-embedded-content\" data-secret=\"GSEe6WeVzk\"><p><a href=\"https:\/\/bart-et-lemy.com\/blog\/a-la-une\/le-lien-precieux-entre-bebe-et-maman-une-aventure-unique\/\">Le lien pr\u00e9cieux entre b\u00e9b\u00e9 et maman : une aventure unique<\/a><\/p><\/blockquote>\n<p><iframe loading=\"lazy\" class=\"wp-embedded-content\" sandbox=\"allow-scripts\" security=\"restricted\" style=\"position: absolute; visibility: hidden;\" title=\"\u00ab\u00a0Le lien pr\u00e9cieux entre b\u00e9b\u00e9 et maman : une aventure unique\u00a0\u00bb &#8212; bart-et-lemy.com\" src=\"https:\/\/bart-et-lemy.com\/blog\/a-la-une\/le-lien-precieux-entre-bebe-et-maman-une-aventure-unique\/embed\/#?secret=fnMbQhVSMX#?secret=GSEe6WeVzk\" data-secret=\"GSEe6WeVzk\" width=\"600\" height=\"338\" frameborder=\"0\" marginwidth=\"0\" marginheight=\"0\" scrolling=\"no\"><\/iframe><\/p>\n<h2>Les changements de texture au fil du temps<\/h2>\n<p>Les premi\u00e8res ann\u00e9es de vie sont souvent marqu\u00e9es par des changements notables dans la texture des cheveux. Ce ph\u00e9nom\u00e8ne peut \u00eatre attribu\u00e9 \u00e0 plusieurs facteurs, dont l&rsquo;alimentation, les hormones et le milieu environnemental. Par exemple, un b\u00e9b\u00e9 nourri exclusivement au lait maternel peut montrer une texture de cheveux diff\u00e9rente par rapport \u00e0 un b\u00e9b\u00e9 qui re\u00e7oit des aliments solides plus t\u00f4t.<\/p>\n<p>Les changements hormonaux lors de la croissance peuvent \u00e9galement influencer la texture. Ainsi, un enfant peut passer de cheveux lisses \u00e0 une texture plus fris\u00e9e. Les parents doivent \u00eatre attentifs \u00e0 ces transformations et adapter les soins en cons\u00e9quence.<\/p>\n<h2>Conclusion : C\u00e9l\u00e9brer la diversit\u00e9 capillaire des b\u00e9b\u00e9s<\/h2>\n<p>La texture d\u00e9finitive des cheveux des b\u00e9b\u00e9s est un sujet aussi fascinant que complexe. Chaque enfant est unique, et sa chevelure le repr\u00e9sente. Il est essentiel d&rsquo;accepter et d&rsquo;appr\u00e9cier cette diversit\u00e9 capillaire. En prenant soin des cheveux de votre b\u00e9b\u00e9, vous contribuez \u00e0 sa confiance en lui tout en c\u00e9l\u00e9brant son individualit\u00e9.<\/p>\n<blockquote>\n<p><strong>\u00ab Chaque boucle et chaque m\u00e8che racontent l&rsquo;histoire de votre enfant. \u00bb<\/strong><\/p>\n<\/blockquote>\n<h3>FAQ :<\/h3>\n<blockquote>\n<ul>\n<li><strong>\u00c0 quel \u00e2ge les cheveux des b\u00e9b\u00e9s changent-ils de texture ?<\/strong>Les cheveux peuvent changer de texture de 3 mois \u00e0 3 ans.<\/li>\n<li><strong>Comment prendre soin des cheveux boucl\u00e9s d\u2019un b\u00e9b\u00e9 ?<\/strong>Utilisez des produits hydratants et \u00e9vitez les peignes fins.<\/li>\n<li><strong>Les cheveux des b\u00e9b\u00e9s sont-ils plus fragiles ?<\/strong>Oui, ils sont plus d\u00e9licats; il est donc important de les manipuler doucement.<\/li>\n<li><strong>Est-ce que la nutrition influence la texture des cheveux ?<\/strong>Oui, une alimentation \u00e9quilibr\u00e9e peut am\u00e9liorer la sant\u00e9 des cheveux.<\/li>\n<\/ul>\n<\/blockquote>\n","protected":false},"excerpt":{"rendered":"","protected":false},"author":34,"featured_media":10787,"comment_status":"open","ping_status":"open","sticky":false,"template":"","format":"standard","meta":{"_acf_changed":false,"manual_indexmenow":false,"indexmenow_id_project":0,"footnotes":""},"categories":[1],"tags":[4714,5458,4760,5998,5997,3488],"class_list":["post-8891","post","type-post","status-publish","format-standard","has-post-thumbnail","hentry","category-a-la-une","tag-bebes","tag-cheveux","tag-diversite","tag-heredite","tag-soin","tag-texture","generate-columns","tablet-grid-50","mobile-grid-100","grid-parent","grid-25"],"acf":[],"yoast_head":"<!-- This site is optimized with the Yoast SEO Premium plugin v21.3 (Yoast SEO v27.3) - https:\/\/yoast.com\/product\/yoast-seo-premium-wordpress\/ -->\n<title>Comprendre la texture d\u00e9finitive des cheveux des b\u00e9b\u00e9s<\/title>\n<meta name=\"description\" content=\"Parmi ces d\u00e9tails, la texture des cheveux des b\u00e9b\u00e9s intrigue beaucoup de parents.\" \/>\n<meta name=\"robots\" content=\"index, follow, max-snippet:-1, max-image-preview:large, max-video-preview:-1\" \/>\n<link rel=\"canonical\" href=\"https:\/\/bart-et-lemy.com\/blog\/a-la-une\/comprendre-la-texture-definitive-des-cheveux-des-bebes-guide-pratique-et-conseils\/\" \/>\n<meta property=\"og:locale\" content=\"fr_FR\" \/>\n<meta property=\"og:type\" content=\"article\" \/>\n<meta property=\"og:title\" content=\"Comprendre la texture d\u00e9finitive des cheveux des b\u00e9b\u00e9s\" \/>\n<meta property=\"og:description\" content=\"Parmi ces d\u00e9tails, la texture des cheveux des b\u00e9b\u00e9s intrigue beaucoup de parents.\" \/>\n<meta property=\"og:url\" content=\"https:\/\/bart-et-lemy.com\/blog\/a-la-une\/comprendre-la-texture-definitive-des-cheveux-des-bebes-guide-pratique-et-conseils\/\" \/>\n<meta property=\"og:site_name\" content=\"bart-et-lemy.com\" \/>\n<meta property=\"og:image\" content=\"https:\/\/bart-et-lemy.com\/blog\/wp-content\/uploads\/2025\/05\/sdxl-f4d00f331d8bee7566cc57a5f298279c-scaled.png\" \/>\n\t<meta property=\"og:image:width\" content=\"1200\" \/>\n\t<meta property=\"og:image:height\" content=\"500\" \/>\n\t<meta property=\"og:image:type\" content=\"image\/png\" \/>\n<meta name=\"author\" content=\"Elodie Mazeau\" \/>\n<meta name=\"twitter:card\" content=\"summary_large_image\" \/>\n<script type=\"application\/ld+json\" class=\"yoast-schema-graph\">{\"@context\":\"https:\\\/\\\/schema.org\",\"@graph\":[{\"@type\":\"NewsArticle\",\"@id\":\"https:\\\/\\\/bart-et-lemy.com\\\/blog\\\/a-la-une\\\/comprendre-la-texture-definitive-des-cheveux-des-bebes-guide-pratique-et-conseils\\\/#article\",\"isPartOf\":{\"@id\":\"https:\\\/\\\/bart-et-lemy.com\\\/blog\\\/a-la-une\\\/comprendre-la-texture-definitive-des-cheveux-des-bebes-guide-pratique-et-conseils\\\/\"},\"author\":{\"name\":\"Elodie Mazeau\",\"@id\":\"https:\\\/\\\/bart-et-lemy.com\\\/blog\\\/#\\\/schema\\\/person\\\/3c864cdc320801e3db34b663e7e3f816\"},\"headline\":\"Comprendre la texture d\u00e9finitive des cheveux des b\u00e9b\u00e9s : Guide pratique et conseils\",\"datePublished\":\"2025-04-25T16:59:00+00:00\",\"mainEntityOfPage\":{\"@id\":\"https:\\\/\\\/bart-et-lemy.com\\\/blog\\\/a-la-une\\\/comprendre-la-texture-definitive-des-cheveux-des-bebes-guide-pratique-et-conseils\\\/\"},\"wordCount\":696,\"commentCount\":12,\"publisher\":{\"@id\":\"https:\\\/\\\/bart-et-lemy.com\\\/blog\\\/#organization\"},\"image\":{\"@id\":\"https:\\\/\\\/bart-et-lemy.com\\\/blog\\\/a-la-une\\\/comprendre-la-texture-definitive-des-cheveux-des-bebes-guide-pratique-et-conseils\\\/#primaryimage\"},\"thumbnailUrl\":\"https:\\\/\\\/bart-et-lemy.com\\\/blog\\\/wp-content\\\/uploads\\\/2025\\\/05\\\/sdxl-f4d00f331d8bee7566cc57a5f298279c-scaled.png\",\"keywords\":[\"B\u00e9b\u00e9s\",\"Cheveux\",\"Diversit\u00e9\",\"H\u00e9r\u00e9dit\u00e9\",\"Soin\",\"Texture\"],\"articleSection\":[\"\u00c0 la une\"],\"inLanguage\":\"fr-FR\",\"potentialAction\":[{\"@type\":\"CommentAction\",\"name\":\"Comment\",\"target\":[\"https:\\\/\\\/bart-et-lemy.com\\\/blog\\\/a-la-une\\\/comprendre-la-texture-definitive-des-cheveux-des-bebes-guide-pratique-et-conseils\\\/#respond\"]}]},{\"@type\":\"WebPage\",\"@id\":\"https:\\\/\\\/bart-et-lemy.com\\\/blog\\\/a-la-une\\\/comprendre-la-texture-definitive-des-cheveux-des-bebes-guide-pratique-et-conseils\\\/\",\"url\":\"https:\\\/\\\/bart-et-lemy.com\\\/blog\\\/a-la-une\\\/comprendre-la-texture-definitive-des-cheveux-des-bebes-guide-pratique-et-conseils\\\/\",\"name\":\"Comprendre la texture d\u00e9finitive des cheveux des b\u00e9b\u00e9s\",\"isPartOf\":{\"@id\":\"https:\\\/\\\/bart-et-lemy.com\\\/blog\\\/#website\"},\"primaryImageOfPage\":{\"@id\":\"https:\\\/\\\/bart-et-lemy.com\\\/blog\\\/a-la-une\\\/comprendre-la-texture-definitive-des-cheveux-des-bebes-guide-pratique-et-conseils\\\/#primaryimage\"},\"image\":{\"@id\":\"https:\\\/\\\/bart-et-lemy.com\\\/blog\\\/a-la-une\\\/comprendre-la-texture-definitive-des-cheveux-des-bebes-guide-pratique-et-conseils\\\/#primaryimage\"},\"thumbnailUrl\":\"https:\\\/\\\/bart-et-lemy.com\\\/blog\\\/wp-content\\\/uploads\\\/2025\\\/05\\\/sdxl-f4d00f331d8bee7566cc57a5f298279c-scaled.png\",\"datePublished\":\"2025-04-25T16:59:00+00:00\",\"description\":\"Parmi ces d\u00e9tails, la texture des cheveux des b\u00e9b\u00e9s intrigue beaucoup de parents.\",\"inLanguage\":\"fr-FR\",\"potentialAction\":[{\"@type\":\"ReadAction\",\"target\":[\"https:\\\/\\\/bart-et-lemy.com\\\/blog\\\/a-la-une\\\/comprendre-la-texture-definitive-des-cheveux-des-bebes-guide-pratique-et-conseils\\\/\"]}]},{\"@type\":\"ImageObject\",\"inLanguage\":\"fr-FR\",\"@id\":\"https:\\\/\\\/bart-et-lemy.com\\\/blog\\\/a-la-une\\\/comprendre-la-texture-definitive-des-cheveux-des-bebes-guide-pratique-et-conseils\\\/#primaryimage\",\"url\":\"https:\\\/\\\/bart-et-lemy.com\\\/blog\\\/wp-content\\\/uploads\\\/2025\\\/05\\\/sdxl-f4d00f331d8bee7566cc57a5f298279c-scaled.png\",\"contentUrl\":\"https:\\\/\\\/bart-et-lemy.com\\\/blog\\\/wp-content\\\/uploads\\\/2025\\\/05\\\/sdxl-f4d00f331d8bee7566cc57a5f298279c-scaled.png\",\"width\":1200,\"height\":500},{\"@type\":\"WebSite\",\"@id\":\"https:\\\/\\\/bart-et-lemy.com\\\/blog\\\/#website\",\"url\":\"https:\\\/\\\/bart-et-lemy.com\\\/blog\\\/\",\"name\":\"Bart et Lemy\",\"description\":\"L\u2019originalit\u00e9 en toute libert\u00e9.\",\"publisher\":{\"@id\":\"https:\\\/\\\/bart-et-lemy.com\\\/blog\\\/#organization\"},\"alternateName\":\"Conseils parentaux, astuces famille et bien-\u00eatre enfant\",\"potentialAction\":[{\"@type\":\"SearchAction\",\"target\":{\"@type\":\"EntryPoint\",\"urlTemplate\":\"https:\\\/\\\/bart-et-lemy.com\\\/blog\\\/?s={search_term_string}\"},\"query-input\":{\"@type\":\"PropertyValueSpecification\",\"valueRequired\":true,\"valueName\":\"search_term_string\"}}],\"inLanguage\":\"fr-FR\"},{\"@type\":\"Organization\",\"@id\":\"https:\\\/\\\/bart-et-lemy.com\\\/blog\\\/#organization\",\"name\":\"Bart et Lemy\",\"alternateName\":\"bart-et-lemy.com\",\"url\":\"https:\\\/\\\/bart-et-lemy.com\\\/blog\\\/\",\"logo\":{\"@type\":\"ImageObject\",\"inLanguage\":\"fr-FR\",\"@id\":\"https:\\\/\\\/bart-et-lemy.com\\\/blog\\\/#\\\/schema\\\/logo\\\/image\\\/\",\"url\":\"https:\\\/\\\/bart-et-lemy.com\\\/blog\\\/wp-content\\\/uploads\\\/2026\\\/07\\\/logo-auto.png\",\"contentUrl\":\"https:\\\/\\\/bart-et-lemy.com\\\/blog\\\/wp-content\\\/uploads\\\/2026\\\/07\\\/logo-auto.png\",\"width\":1024,\"height\":1024,\"caption\":\"Bart et Lemy\"},\"image\":{\"@id\":\"https:\\\/\\\/bart-et-lemy.com\\\/blog\\\/#\\\/schema\\\/logo\\\/image\\\/\"}},{\"@type\":\"Person\",\"@id\":\"https:\\\/\\\/bart-et-lemy.com\\\/blog\\\/#\\\/schema\\\/person\\\/3c864cdc320801e3db34b663e7e3f816\",\"name\":\"Elodie Mazeau\",\"image\":{\"@type\":\"ImageObject\",\"inLanguage\":\"fr-FR\",\"@id\":\"https:\\\/\\\/bart-et-lemy.com\\\/blog\\\/wp-content\\\/uploads\\\/2026\\\/06\\\/persona_elodie-m-96x96.jpg\",\"url\":\"https:\\\/\\\/bart-et-lemy.com\\\/blog\\\/wp-content\\\/uploads\\\/2026\\\/06\\\/persona_elodie-m-96x96.jpg\",\"contentUrl\":\"https:\\\/\\\/bart-et-lemy.com\\\/blog\\\/wp-content\\\/uploads\\\/2026\\\/06\\\/persona_elodie-m-96x96.jpg\",\"caption\":\"Elodie Mazeau\"},\"description\":\"J'\u00e9cris sur la parentalit\u00e9 telle qu'elle se vit vraiment, du premier biberon aux premi\u00e8res col\u00e8res. Mes sujets de pr\u00e9dilection couvrent le quotidien des familles : sommeil, alimentation, organisation, pu\u00e9riculture et ces petites gal\u00e8res que tout parent conna\u00eet. Depuis plusieurs ann\u00e9es, je m'attache \u00e0 proposer des rep\u00e8res concrets plut\u00f4t que des le\u00e7ons, parce que chaque famille trouve son propre \u00e9quilibre. Je v\u00e9rifie mes informations aupr\u00e8s de sources fiables, surtout d\u00e8s qu'on touche \u00e0 la sant\u00e9 ou \u00e0 la s\u00e9curit\u00e9 de l'enfant, et je pr\u00e9cise quand un avis professionnel s'impose. J'\u00e9vite soigneusement la culpabilisation : \u00eatre parent est d\u00e9j\u00e0 assez exigeant. Mon ton se veut complice et bienveillant, un peu comme une discussion entre parents qui se comprennent. L'id\u00e9e est d'all\u00e9ger la charge mentale en donnant des solutions simples et test\u00e9es.\",\"sameAs\":[\"https:\\\/\\\/elodiemazeau.fr\\\/\"],\"url\":\"https:\\\/\\\/bart-et-lemy.com\\\/blog\\\/auteur\\\/noname\\\/\"}]}<\/script>\n<!-- \/ Yoast SEO Premium plugin. -->","yoast_head_json":{"title":"Comprendre la texture d\u00e9finitive des cheveux des b\u00e9b\u00e9s","description":"Parmi ces d\u00e9tails, la texture des cheveux des b\u00e9b\u00e9s intrigue beaucoup de parents.","robots":{"index":"index","follow":"follow","max-snippet":"max-snippet:-1","max-image-preview":"max-image-preview:large","max-video-preview":"max-video-preview:-1"},"canonical":"https:\/\/bart-et-lemy.com\/blog\/a-la-une\/comprendre-la-texture-definitive-des-cheveux-des-bebes-guide-pratique-et-conseils\/","og_locale":"fr_FR","og_type":"article","og_title":"Comprendre la texture d\u00e9finitive des cheveux des b\u00e9b\u00e9s","og_description":"Parmi ces d\u00e9tails, la texture des cheveux des b\u00e9b\u00e9s intrigue beaucoup de parents.","og_url":"https:\/\/bart-et-lemy.com\/blog\/a-la-une\/comprendre-la-texture-definitive-des-cheveux-des-bebes-guide-pratique-et-conseils\/","og_site_name":"bart-et-lemy.com","og_image":[{"width":1200,"height":500,"url":"https:\/\/bart-et-lemy.com\/blog\/wp-content\/uploads\/2025\/05\/sdxl-f4d00f331d8bee7566cc57a5f298279c-scaled.png","type":"image\/png"}],"author":"Elodie Mazeau","twitter_card":"summary_large_image","schema":{"@context":"https:\/\/schema.org","@graph":[{"@type":"NewsArticle","@id":"https:\/\/bart-et-lemy.com\/blog\/a-la-une\/comprendre-la-texture-definitive-des-cheveux-des-bebes-guide-pratique-et-conseils\/#article","isPartOf":{"@id":"https:\/\/bart-et-lemy.com\/blog\/a-la-une\/comprendre-la-texture-definitive-des-cheveux-des-bebes-guide-pratique-et-conseils\/"},"author":{"name":"Elodie Mazeau","@id":"https:\/\/bart-et-lemy.com\/blog\/#\/schema\/person\/3c864cdc320801e3db34b663e7e3f816"},"headline":"Comprendre la texture d\u00e9finitive des cheveux des b\u00e9b\u00e9s : Guide pratique et conseils","datePublished":"2025-04-25T16:59:00+00:00","mainEntityOfPage":{"@id":"https:\/\/bart-et-lemy.com\/blog\/a-la-une\/comprendre-la-texture-definitive-des-cheveux-des-bebes-guide-pratique-et-conseils\/"},"wordCount":696,"commentCount":12,"publisher":{"@id":"https:\/\/bart-et-lemy.com\/blog\/#organization"},"image":{"@id":"https:\/\/bart-et-lemy.com\/blog\/a-la-une\/comprendre-la-texture-definitive-des-cheveux-des-bebes-guide-pratique-et-conseils\/#primaryimage"},"thumbnailUrl":"https:\/\/bart-et-lemy.com\/blog\/wp-content\/uploads\/2025\/05\/sdxl-f4d00f331d8bee7566cc57a5f298279c-scaled.png","keywords":["B\u00e9b\u00e9s","Cheveux","Diversit\u00e9","H\u00e9r\u00e9dit\u00e9","Soin","Texture"],"articleSection":["\u00c0 la une"],"inLanguage":"fr-FR","potentialAction":[{"@type":"CommentAction","name":"Comment","target":["https:\/\/bart-et-lemy.com\/blog\/a-la-une\/comprendre-la-texture-definitive-des-cheveux-des-bebes-guide-pratique-et-conseils\/#respond"]}]},{"@type":"WebPage","@id":"https:\/\/bart-et-lemy.com\/blog\/a-la-une\/comprendre-la-texture-definitive-des-cheveux-des-bebes-guide-pratique-et-conseils\/","url":"https:\/\/bart-et-lemy.com\/blog\/a-la-une\/comprendre-la-texture-definitive-des-cheveux-des-bebes-guide-pratique-et-conseils\/","name":"Comprendre la texture d\u00e9finitive des cheveux des b\u00e9b\u00e9s","isPartOf":{"@id":"https:\/\/bart-et-lemy.com\/blog\/#website"},"primaryImageOfPage":{"@id":"https:\/\/bart-et-lemy.com\/blog\/a-la-une\/comprendre-la-texture-definitive-des-cheveux-des-bebes-guide-pratique-et-conseils\/#primaryimage"},"image":{"@id":"https:\/\/bart-et-lemy.com\/blog\/a-la-une\/comprendre-la-texture-definitive-des-cheveux-des-bebes-guide-pratique-et-conseils\/#primaryimage"},"thumbnailUrl":"https:\/\/bart-et-lemy.com\/blog\/wp-content\/uploads\/2025\/05\/sdxl-f4d00f331d8bee7566cc57a5f298279c-scaled.png","datePublished":"2025-04-25T16:59:00+00:00","description":"Parmi ces d\u00e9tails, la texture des cheveux des b\u00e9b\u00e9s intrigue beaucoup de parents.","inLanguage":"fr-FR","potentialAction":[{"@type":"ReadAction","target":["https:\/\/bart-et-lemy.com\/blog\/a-la-une\/comprendre-la-texture-definitive-des-cheveux-des-bebes-guide-pratique-et-conseils\/"]}]},{"@type":"ImageObject","inLanguage":"fr-FR","@id":"https:\/\/bart-et-lemy.com\/blog\/a-la-une\/comprendre-la-texture-definitive-des-cheveux-des-bebes-guide-pratique-et-conseils\/#primaryimage","url":"https:\/\/bart-et-lemy.com\/blog\/wp-content\/uploads\/2025\/05\/sdxl-f4d00f331d8bee7566cc57a5f298279c-scaled.png","contentUrl":"https:\/\/bart-et-lemy.com\/blog\/wp-content\/uploads\/2025\/05\/sdxl-f4d00f331d8bee7566cc57a5f298279c-scaled.png","width":1200,"height":500},{"@type":"WebSite","@id":"https:\/\/bart-et-lemy.com\/blog\/#website","url":"https:\/\/bart-et-lemy.com\/blog\/","name":"Bart et Lemy","description":"L\u2019originalit\u00e9 en toute libert\u00e9.","publisher":{"@id":"https:\/\/bart-et-lemy.com\/blog\/#organization"},"alternateName":"Conseils parentaux, astuces famille et bien-\u00eatre enfant","potentialAction":[{"@type":"SearchAction","target":{"@type":"EntryPoint","urlTemplate":"https:\/\/bart-et-lemy.com\/blog\/?s={search_term_string}"},"query-input":{"@type":"PropertyValueSpecification","valueRequired":true,"valueName":"search_term_string"}}],"inLanguage":"fr-FR"},{"@type":"Organization","@id":"https:\/\/bart-et-lemy.com\/blog\/#organization","name":"Bart et Lemy","alternateName":"bart-et-lemy.com","url":"https:\/\/bart-et-lemy.com\/blog\/","logo":{"@type":"ImageObject","inLanguage":"fr-FR","@id":"https:\/\/bart-et-lemy.com\/blog\/#\/schema\/logo\/image\/","url":"https:\/\/bart-et-lemy.com\/blog\/wp-content\/uploads\/2026\/07\/logo-auto.png","contentUrl":"https:\/\/bart-et-lemy.com\/blog\/wp-content\/uploads\/2026\/07\/logo-auto.png","width":1024,"height":1024,"caption":"Bart et Lemy"},"image":{"@id":"https:\/\/bart-et-lemy.com\/blog\/#\/schema\/logo\/image\/"}},{"@type":"Person","@id":"https:\/\/bart-et-lemy.com\/blog\/#\/schema\/person\/3c864cdc320801e3db34b663e7e3f816","name":"Elodie Mazeau","image":{"@type":"ImageObject","inLanguage":"fr-FR","@id":"https:\/\/bart-et-lemy.com\/blog\/wp-content\/uploads\/2026\/06\/persona_elodie-m-96x96.jpg","url":"https:\/\/bart-et-lemy.com\/blog\/wp-content\/uploads\/2026\/06\/persona_elodie-m-96x96.jpg","contentUrl":"https:\/\/bart-et-lemy.com\/blog\/wp-content\/uploads\/2026\/06\/persona_elodie-m-96x96.jpg","caption":"Elodie Mazeau"},"description":"J'\u00e9cris sur la parentalit\u00e9 telle qu'elle se vit vraiment, du premier biberon aux premi\u00e8res col\u00e8res. Mes sujets de pr\u00e9dilection couvrent le quotidien des familles : sommeil, alimentation, organisation, pu\u00e9riculture et ces petites gal\u00e8res que tout parent conna\u00eet. Depuis plusieurs ann\u00e9es, je m'attache \u00e0 proposer des rep\u00e8res concrets plut\u00f4t que des le\u00e7ons, parce que chaque famille trouve son propre \u00e9quilibre. Je v\u00e9rifie mes informations aupr\u00e8s de sources fiables, surtout d\u00e8s qu'on touche \u00e0 la sant\u00e9 ou \u00e0 la s\u00e9curit\u00e9 de l'enfant, et je pr\u00e9cise quand un avis professionnel s'impose. J'\u00e9vite soigneusement la culpabilisation : \u00eatre parent est d\u00e9j\u00e0 assez exigeant. Mon ton se veut complice et bienveillant, un peu comme une discussion entre parents qui se comprennent. L'id\u00e9e est d'all\u00e9ger la charge mentale en donnant des solutions simples et test\u00e9es.","sameAs":["https:\/\/elodiemazeau.fr\/"],"url":"https:\/\/bart-et-lemy.com\/blog\/auteur\/noname\/"}]}},"_links":{"self":[{"href":"https:\/\/bart-et-lemy.com\/blog\/wp-json\/wp\/v2\/posts\/8891","targetHints":{"allow":["GET"]}}],"collection":[{"href":"https:\/\/bart-et-lemy.com\/blog\/wp-json\/wp\/v2\/posts"}],"about":[{"href":"https:\/\/bart-et-lemy.com\/blog\/wp-json\/wp\/v2\/types\/post"}],"author":[{"embeddable":true,"href":"https:\/\/bart-et-lemy.com\/blog\/wp-json\/wp\/v2\/users\/34"}],"replies":[{"embeddable":true,"href":"https:\/\/bart-et-lemy.com\/blog\/wp-json\/wp\/v2\/comments?post=8891"}],"version-history":[{"count":1,"href":"https:\/\/bart-et-lemy.com\/blog\/wp-json\/wp\/v2\/posts\/8891\/revisions"}],"predecessor-version":[{"id":10610,"href":"https:\/\/bart-et-lemy.com\/blog\/wp-json\/wp\/v2\/posts\/8891\/revisions\/10610"}],"wp:featuredmedia":[{"embeddable":true,"href":"https:\/\/bart-et-lemy.com\/blog\/wp-json\/wp\/v2\/media\/10787"}],"wp:attachment":[{"href":"https:\/\/bart-et-lemy.com\/blog\/wp-json\/wp\/v2\/media?parent=8891"}],"wp:term":[{"taxonomy":"category","embeddable":true,"href":"https:\/\/bart-et-lemy.com\/blog\/wp-json\/wp\/v2\/categories?post=8891"},{"taxonomy":"post_tag","embeddable":true,"href":"https:\/\/bart-et-lemy.com\/blog\/wp-json\/wp\/v2\/tags?post=8891"}],"curies":[{"name":"wp","href":"https:\/\/api.w.org\/{rel}","templated":true}]}}