{"id":8911,"date":"2025-03-09T17:39:00","date_gmt":"2025-03-09T16:39:00","guid":{"rendered":"https:\/\/bart-et-lemy.com\/blog\/?p=8911"},"modified":"2025-02-10T17:18:51","modified_gmt":"2025-02-10T16:18:51","slug":"comment-savoir-si-votre-bebe-aura-les-cheveux-boucles","status":"publish","type":"post","link":"https:\/\/bart-et-lemy.com\/blog\/a-la-une\/comment-savoir-si-votre-bebe-aura-les-cheveux-boucles\/","title":{"rendered":"Comment savoir si votre b\u00e9b\u00e9 aura les cheveux boucl\u00e9s ?"},"content":{"rendered":"<h2>Introduction : Les myst\u00e8res des cheveux de b\u00e9b\u00e9<\/h2>\n<p>Parmi elles, l&rsquo;une des plus fr\u00e9quentes concerne l&rsquo;apparence des cheveux de votre enfant. <strong>Aura-t-il des cheveux boucl\u00e9s ou lisses ?<\/strong> Cette question intrigue de nombreux futurs parents. Pour tenter d&rsquo;y r\u00e9pondre, il est essentiel d&rsquo;explorer les facteurs g\u00e9n\u00e9tiques et environnementaux qui influencent la texture des cheveux.<\/p>\n<blockquote class=\"wp-embedded-content\" data-secret=\"X8iiBlkC6A\"><p><a href=\"https:\/\/bart-et-lemy.com\/blog\/a-la-une\/decouvrez-les-meilleures-applications-photo-pour-bebe-gratuites\/\">D\u00e9couvrez les meilleures applications photo pour b\u00e9b\u00e9 gratuites<\/a><\/p><\/blockquote>\n<p><iframe loading=\"lazy\" class=\"wp-embedded-content\" sandbox=\"allow-scripts\" security=\"restricted\" style=\"position: absolute; visibility: hidden;\" title=\"\u00ab\u00a0D\u00e9couvrez les meilleures applications photo pour b\u00e9b\u00e9 gratuites\u00a0\u00bb &#8212; bart-et-lemy.com\" src=\"https:\/\/bart-et-lemy.com\/blog\/a-la-une\/decouvrez-les-meilleures-applications-photo-pour-bebe-gratuites\/embed\/#?secret=TJvTXUYdzq#?secret=X8iiBlkC6A\" data-secret=\"X8iiBlkC6A\" width=\"600\" height=\"338\" frameborder=\"0\" marginwidth=\"0\" marginheight=\"0\" scrolling=\"no\"><\/iframe><\/p>\n<h2>Les facteurs g\u00e9n\u00e9tiques d\u00e9terminants<\/h2>\n<p>La texture des cheveux d&rsquo;un enfant d\u00e9pend principalement des g\u00e8nes h\u00e9rit\u00e9s de ses parents. En effet, plusieurs g\u00e8nes sont impliqu\u00e9s dans la formation des cheveux, et ils peuvent varier consid\u00e9rablement d&rsquo;une personne \u00e0 l&rsquo;autre. Voici quelques points cl\u00e9s \u00e0 consid\u00e9rer :<\/p>\n<ul>\n<li><strong>H\u00e9r\u00e9dit\u00e9 familiale :<\/strong> Examinez les cheveux des membres de votre famille. Si vous ou votre partenaire avez des cheveux boucl\u00e9s, il y a de fortes chances que votre b\u00e9b\u00e9 en ait \u00e9galement.<\/li>\n<li><strong>Variabilit\u00e9 g\u00e9n\u00e9tique :<\/strong> M\u00eame si les deux parents ont des cheveux raides, leur enfant peut h\u00e9riter de g\u00e8nes r\u00e9cessifs qui peuvent donner des cheveux boucl\u00e9s.<\/li>\n<li><strong>\u00c2ge de l&rsquo;enfant :<\/strong> Les cheveux d&rsquo;un b\u00e9b\u00e9 changent souvent au fur et \u00e0 mesure qu&rsquo;il grandit. Ce qui peut sembler lisse \u00e0 la naissance peut \u00e9voluer au fil du temps.<\/li>\n<\/ul>\n<h2>Influence des facteurs environnementaux<\/h2>\n<p>En plus des g\u00e8nes, certains facteurs environnementaux peuvent \u00e9galement jouer un r\u00f4le dans la texture des cheveux. Voici quelques \u00e9l\u00e9ments \u00e0 prendre en compte :<\/p>\n<blockquote class=\"wp-embedded-content\" data-secret=\"eQ6QAJ8H9m\"><p><a href=\"https:\/\/bart-et-lemy.com\/blog\/a-la-une\/le-lien-precieux-entre-bebe-et-maman-une-aventure-unique\/\">Le lien pr\u00e9cieux entre b\u00e9b\u00e9 et maman : une aventure unique<\/a><\/p><\/blockquote>\n<p><iframe loading=\"lazy\" class=\"wp-embedded-content\" sandbox=\"allow-scripts\" security=\"restricted\" style=\"position: absolute; visibility: hidden;\" title=\"\u00ab\u00a0Le lien pr\u00e9cieux entre b\u00e9b\u00e9 et maman : une aventure unique\u00a0\u00bb &#8212; bart-et-lemy.com\" src=\"https:\/\/bart-et-lemy.com\/blog\/a-la-une\/le-lien-precieux-entre-bebe-et-maman-une-aventure-unique\/embed\/#?secret=vrbNHK6zPw#?secret=eQ6QAJ8H9m\" data-secret=\"eQ6QAJ8H9m\" width=\"600\" height=\"338\" frameborder=\"0\" marginwidth=\"0\" marginheight=\"0\" scrolling=\"no\"><\/iframe><\/p>\n<ul>\n<li><strong>Alimentation :<\/strong> Une alimentation \u00e9quilibr\u00e9e riche en vitamines et min\u00e9raux peut favoriser des cheveux sains.<\/li>\n<li><strong>Produits capillaires :<\/strong> L&rsquo;utilisation de produits adapt\u00e9s \u00e0 la texture des cheveux peut influencer leur apparence.<\/li>\n<li><strong>Soins capillaires :<\/strong> La mani\u00e8re dont vous prenez soin des cheveux de votre enfant peut \u00e9galement affecter leur texture. Un bon entretien peut aider \u00e0 d\u00e9finir les boucles.<\/li>\n<\/ul>\n<h2>Comment savoir si votre b\u00e9b\u00e9 aura des cheveux boucl\u00e9s ?<\/h2>\n<p>Pour anticiper si votre b\u00e9b\u00e9 aura des cheveux boucl\u00e9s, vous pouvez suivre quelques \u00e9tapes pratiques :<\/p>\n<li><strong>Observe les cheveux \u00e0 la naissance :<\/strong> Prenez note de la texture des cheveux d\u00e8s la naissance. Cela peut \u00eatre un indicateur pr\u00e9coce.<\/li>\n<li><strong>Regarde les changements :<\/strong> Soyez attentif \u00e0 l&rsquo;\u00e9volution de la texture des cheveux au fil des mois. Les cheveux peuvent changer de texture durant les premiers mois de vie.<\/li>\n<li><strong>Consultez un p\u00e9diatre :<\/strong> Si vous avez des doutes, n&rsquo;h\u00e9sitez pas \u00e0 demander l&rsquo;avis d&rsquo;un professionnel de sant\u00e9.<\/li>\n<h2>Tableau r\u00e9capitulatif des textures de cheveux<\/h2>\n<table>\n<tr>\n<th>Type de cheveux<\/th>\n<th>Caract\u00e9ristiques<\/th>\n<th>Exemples de soins<\/th>\n<\/tr>\n<tr>\n<td>Cheveux raides<\/td>\n<td>Surface lisse, peu de volume<\/td>\n<td>Shampoing l\u00e9ger, cr\u00e8me hydratante<\/td>\n<\/tr>\n<tr>\n<td>Cheveux ondul\u00e9s<\/td>\n<td>Forme en S, l\u00e9g\u00e8rement fris\u00e9s<\/td>\n<td>Produits d\u00e9finissant les ondulations<\/td>\n<\/tr>\n<tr>\n<td>Cheveux boucl\u00e9s<\/td>\n<td>Boucles bien d\u00e9finies, souvent volumineux<\/td>\n<td>Cr\u00e8me nourrissante, s\u00e9rum anti-frisottis<\/td>\n<\/tr>\n<\/table>\n<h2>Conclusion : Attendre avec curiosit\u00e9<\/h2>\n<p>En somme, d\u00e9terminer si votre b\u00e9b\u00e9 aura des cheveux boucl\u00e9s n\u00e9cessite une analyse attentive des g\u00e8nes familiaux et de l&rsquo;\u00e9volution de la texture des cheveux au fil du temps. <strong>Chaque enfant est unique<\/strong>, et les surprises sont courantes. Gardez l&rsquo;esprit ouvert et profitez de chaque instant en attendant d&rsquo;observer les magnifiques cheveux de votre petit.<\/p>\n<h3>FAQ :<\/h3>\n<blockquote>\n<ul>\n<li><strong>Les cheveux de b\u00e9b\u00e9 changent-ils souvent ?<\/strong>Oui, ils peuvent changer de texture durant les premiers mois de vie.<\/li>\n<li><strong>Peut-on influencer la texture des cheveux ?<\/strong>Les soins appropri\u00e9s peuvent aider \u00e0 d\u00e9finir la texture, mais la g\u00e9n\u00e9tique joue un r\u00f4le majeur.<\/li>\n<li><strong>Quand dois-je commencer \u00e0 coiffer les cheveux de mon b\u00e9b\u00e9 ?<\/strong>Il est recommand\u00e9 d&rsquo;attendre que les cheveux soient bien \u00e9tablis, vers 6 mois.<\/li>\n<li><strong>Les cheveux boucl\u00e9s n\u00e9cessitent-ils des soins sp\u00e9cifiques ?<\/strong>Oui, l&rsquo;hydratation et des produits adapt\u00e9s sont essentiels pour les cheveux boucl\u00e9s.<\/li>\n<\/ul>\n<\/blockquote>\n","protected":false},"excerpt":{"rendered":"","protected":false},"author":34,"featured_media":10035,"comment_status":"open","ping_status":"open","sticky":false,"template":"","format":"standard","meta":{"_acf_changed":false,"manual_indexmenow":false,"indexmenow_id_project":0,"footnotes":""},"categories":[1],"tags":[4590,5458,5576,5998,6032,3488],"class_list":["post-8911","post","type-post","status-publish","format-standard","has-post-thumbnail","hentry","category-a-la-une","tag-bebe","tag-cheveux","tag-genetique","tag-heredite","tag-soins-capillaires","tag-texture","generate-columns","tablet-grid-50","mobile-grid-100","grid-parent","grid-25"],"acf":[],"yoast_head":"<!-- This site is optimized with the Yoast SEO Premium plugin v21.3 (Yoast SEO v27.3) - https:\/\/yoast.com\/product\/yoast-seo-premium-wordpress\/ -->\n<title>Comment savoir si votre b\u00e9b\u00e9 aura les cheveux boucl\u00e9s ?<\/title>\n<meta name=\"description\" content=\"Parmi elles, l&#039;une des plus fr\u00e9quentes concerne l&#039;apparence des cheveux de votre enfant. Aura-t-il des cheveux boucl\u00e9s ou lisses ?\" \/>\n<meta name=\"robots\" content=\"index, follow, max-snippet:-1, max-image-preview:large, max-video-preview:-1\" \/>\n<link rel=\"canonical\" href=\"https:\/\/bart-et-lemy.com\/blog\/a-la-une\/comment-savoir-si-votre-bebe-aura-les-cheveux-boucles\/\" \/>\n<meta property=\"og:locale\" content=\"fr_FR\" \/>\n<meta property=\"og:type\" content=\"article\" \/>\n<meta property=\"og:title\" content=\"Comment savoir si votre b\u00e9b\u00e9 aura les cheveux boucl\u00e9s ?\" \/>\n<meta property=\"og:description\" content=\"Parmi elles, l&#039;une des plus fr\u00e9quentes concerne l&#039;apparence des cheveux de votre enfant. Aura-t-il des cheveux boucl\u00e9s ou lisses ?\" \/>\n<meta property=\"og:url\" content=\"https:\/\/bart-et-lemy.com\/blog\/a-la-une\/comment-savoir-si-votre-bebe-aura-les-cheveux-boucles\/\" \/>\n<meta property=\"og:site_name\" content=\"bart-et-lemy.com\" \/>\n<meta property=\"og:image\" content=\"https:\/\/bart-et-lemy.com\/blog\/wp-content\/uploads\/2025\/03\/sdxl-7c25b2ec7d78e291086b3c2b4e4b3f70.png\" \/>\n\t<meta property=\"og:image:width\" content=\"1536\" \/>\n\t<meta property=\"og:image:height\" content=\"640\" \/>\n\t<meta property=\"og:image:type\" content=\"image\/png\" \/>\n<meta name=\"author\" content=\"Elodie Mazeau\" \/>\n<meta name=\"twitter:card\" content=\"summary_large_image\" \/>\n<script type=\"application\/ld+json\" class=\"yoast-schema-graph\">{\"@context\":\"https:\\\/\\\/schema.org\",\"@graph\":[{\"@type\":\"NewsArticle\",\"@id\":\"https:\\\/\\\/bart-et-lemy.com\\\/blog\\\/a-la-une\\\/comment-savoir-si-votre-bebe-aura-les-cheveux-boucles\\\/#article\",\"isPartOf\":{\"@id\":\"https:\\\/\\\/bart-et-lemy.com\\\/blog\\\/a-la-une\\\/comment-savoir-si-votre-bebe-aura-les-cheveux-boucles\\\/\"},\"author\":{\"name\":\"Elodie Mazeau\",\"@id\":\"https:\\\/\\\/bart-et-lemy.com\\\/blog\\\/#\\\/schema\\\/person\\\/3c864cdc320801e3db34b663e7e3f816\"},\"headline\":\"Comment savoir si votre b\u00e9b\u00e9 aura les cheveux boucl\u00e9s ?\",\"datePublished\":\"2025-03-09T16:39:00+00:00\",\"mainEntityOfPage\":{\"@id\":\"https:\\\/\\\/bart-et-lemy.com\\\/blog\\\/a-la-une\\\/comment-savoir-si-votre-bebe-aura-les-cheveux-boucles\\\/\"},\"wordCount\":651,\"commentCount\":25,\"publisher\":{\"@id\":\"https:\\\/\\\/bart-et-lemy.com\\\/blog\\\/#organization\"},\"image\":{\"@id\":\"https:\\\/\\\/bart-et-lemy.com\\\/blog\\\/a-la-une\\\/comment-savoir-si-votre-bebe-aura-les-cheveux-boucles\\\/#primaryimage\"},\"thumbnailUrl\":\"https:\\\/\\\/bart-et-lemy.com\\\/blog\\\/wp-content\\\/uploads\\\/2025\\\/03\\\/sdxl-7c25b2ec7d78e291086b3c2b4e4b3f70.png\",\"keywords\":[\"B\u00e9b\u00e9\",\"Cheveux\",\"G\u00e9n\u00e9tique\",\"H\u00e9r\u00e9dit\u00e9\",\"Soins capillaires\",\"Texture\"],\"articleSection\":[\"\u00c0 la une\"],\"inLanguage\":\"fr-FR\",\"potentialAction\":[{\"@type\":\"CommentAction\",\"name\":\"Comment\",\"target\":[\"https:\\\/\\\/bart-et-lemy.com\\\/blog\\\/a-la-une\\\/comment-savoir-si-votre-bebe-aura-les-cheveux-boucles\\\/#respond\"]}]},{\"@type\":\"WebPage\",\"@id\":\"https:\\\/\\\/bart-et-lemy.com\\\/blog\\\/a-la-une\\\/comment-savoir-si-votre-bebe-aura-les-cheveux-boucles\\\/\",\"url\":\"https:\\\/\\\/bart-et-lemy.com\\\/blog\\\/a-la-une\\\/comment-savoir-si-votre-bebe-aura-les-cheveux-boucles\\\/\",\"name\":\"Comment savoir si votre b\u00e9b\u00e9 aura les cheveux boucl\u00e9s ?\",\"isPartOf\":{\"@id\":\"https:\\\/\\\/bart-et-lemy.com\\\/blog\\\/#website\"},\"primaryImageOfPage\":{\"@id\":\"https:\\\/\\\/bart-et-lemy.com\\\/blog\\\/a-la-une\\\/comment-savoir-si-votre-bebe-aura-les-cheveux-boucles\\\/#primaryimage\"},\"image\":{\"@id\":\"https:\\\/\\\/bart-et-lemy.com\\\/blog\\\/a-la-une\\\/comment-savoir-si-votre-bebe-aura-les-cheveux-boucles\\\/#primaryimage\"},\"thumbnailUrl\":\"https:\\\/\\\/bart-et-lemy.com\\\/blog\\\/wp-content\\\/uploads\\\/2025\\\/03\\\/sdxl-7c25b2ec7d78e291086b3c2b4e4b3f70.png\",\"datePublished\":\"2025-03-09T16:39:00+00:00\",\"description\":\"Parmi elles, l'une des plus fr\u00e9quentes concerne l'apparence des cheveux de votre enfant. Aura-t-il des cheveux boucl\u00e9s ou lisses ?\",\"inLanguage\":\"fr-FR\",\"potentialAction\":[{\"@type\":\"ReadAction\",\"target\":[\"https:\\\/\\\/bart-et-lemy.com\\\/blog\\\/a-la-une\\\/comment-savoir-si-votre-bebe-aura-les-cheveux-boucles\\\/\"]}]},{\"@type\":\"ImageObject\",\"inLanguage\":\"fr-FR\",\"@id\":\"https:\\\/\\\/bart-et-lemy.com\\\/blog\\\/a-la-une\\\/comment-savoir-si-votre-bebe-aura-les-cheveux-boucles\\\/#primaryimage\",\"url\":\"https:\\\/\\\/bart-et-lemy.com\\\/blog\\\/wp-content\\\/uploads\\\/2025\\\/03\\\/sdxl-7c25b2ec7d78e291086b3c2b4e4b3f70.png\",\"contentUrl\":\"https:\\\/\\\/bart-et-lemy.com\\\/blog\\\/wp-content\\\/uploads\\\/2025\\\/03\\\/sdxl-7c25b2ec7d78e291086b3c2b4e4b3f70.png\",\"width\":1536,\"height\":640},{\"@type\":\"WebSite\",\"@id\":\"https:\\\/\\\/bart-et-lemy.com\\\/blog\\\/#website\",\"url\":\"https:\\\/\\\/bart-et-lemy.com\\\/blog\\\/\",\"name\":\"Bart et Lemy\",\"description\":\"L\u2019originalit\u00e9 en toute libert\u00e9.\",\"publisher\":{\"@id\":\"https:\\\/\\\/bart-et-lemy.com\\\/blog\\\/#organization\"},\"alternateName\":\"Conseils parentaux, astuces famille et bien-\u00eatre enfant\",\"potentialAction\":[{\"@type\":\"SearchAction\",\"target\":{\"@type\":\"EntryPoint\",\"urlTemplate\":\"https:\\\/\\\/bart-et-lemy.com\\\/blog\\\/?s={search_term_string}\"},\"query-input\":{\"@type\":\"PropertyValueSpecification\",\"valueRequired\":true,\"valueName\":\"search_term_string\"}}],\"inLanguage\":\"fr-FR\"},{\"@type\":\"Organization\",\"@id\":\"https:\\\/\\\/bart-et-lemy.com\\\/blog\\\/#organization\",\"name\":\"Bart et Lemy\",\"alternateName\":\"bart-et-lemy.com\",\"url\":\"https:\\\/\\\/bart-et-lemy.com\\\/blog\\\/\",\"logo\":{\"@type\":\"ImageObject\",\"inLanguage\":\"fr-FR\",\"@id\":\"https:\\\/\\\/bart-et-lemy.com\\\/blog\\\/#\\\/schema\\\/logo\\\/image\\\/\",\"url\":\"https:\\\/\\\/bart-et-lemy.com\\\/blog\\\/wp-content\\\/uploads\\\/2026\\\/07\\\/logo-auto.png\",\"contentUrl\":\"https:\\\/\\\/bart-et-lemy.com\\\/blog\\\/wp-content\\\/uploads\\\/2026\\\/07\\\/logo-auto.png\",\"width\":1024,\"height\":1024,\"caption\":\"Bart et Lemy\"},\"image\":{\"@id\":\"https:\\\/\\\/bart-et-lemy.com\\\/blog\\\/#\\\/schema\\\/logo\\\/image\\\/\"}},{\"@type\":\"Person\",\"@id\":\"https:\\\/\\\/bart-et-lemy.com\\\/blog\\\/#\\\/schema\\\/person\\\/3c864cdc320801e3db34b663e7e3f816\",\"name\":\"Elodie Mazeau\",\"image\":{\"@type\":\"ImageObject\",\"inLanguage\":\"fr-FR\",\"@id\":\"https:\\\/\\\/bart-et-lemy.com\\\/blog\\\/wp-content\\\/uploads\\\/2026\\\/06\\\/persona_elodie-m-96x96.jpg\",\"url\":\"https:\\\/\\\/bart-et-lemy.com\\\/blog\\\/wp-content\\\/uploads\\\/2026\\\/06\\\/persona_elodie-m-96x96.jpg\",\"contentUrl\":\"https:\\\/\\\/bart-et-lemy.com\\\/blog\\\/wp-content\\\/uploads\\\/2026\\\/06\\\/persona_elodie-m-96x96.jpg\",\"caption\":\"Elodie Mazeau\"},\"description\":\"J'\u00e9cris sur la parentalit\u00e9 telle qu'elle se vit vraiment, du premier biberon aux premi\u00e8res col\u00e8res. Mes sujets de pr\u00e9dilection couvrent le quotidien des familles : sommeil, alimentation, organisation, pu\u00e9riculture et ces petites gal\u00e8res que tout parent conna\u00eet. Depuis plusieurs ann\u00e9es, je m'attache \u00e0 proposer des rep\u00e8res concrets plut\u00f4t que des le\u00e7ons, parce que chaque famille trouve son propre \u00e9quilibre. Je v\u00e9rifie mes informations aupr\u00e8s de sources fiables, surtout d\u00e8s qu'on touche \u00e0 la sant\u00e9 ou \u00e0 la s\u00e9curit\u00e9 de l'enfant, et je pr\u00e9cise quand un avis professionnel s'impose. J'\u00e9vite soigneusement la culpabilisation : \u00eatre parent est d\u00e9j\u00e0 assez exigeant. Mon ton se veut complice et bienveillant, un peu comme une discussion entre parents qui se comprennent. L'id\u00e9e est d'all\u00e9ger la charge mentale en donnant des solutions simples et test\u00e9es.\",\"sameAs\":[\"https:\\\/\\\/elodiemazeau.fr\\\/\"],\"url\":\"https:\\\/\\\/bart-et-lemy.com\\\/blog\\\/auteur\\\/noname\\\/\"}]}<\/script>\n<!-- \/ Yoast SEO Premium plugin. -->","yoast_head_json":{"title":"Comment savoir si votre b\u00e9b\u00e9 aura les cheveux boucl\u00e9s ?","description":"Parmi elles, l'une des plus fr\u00e9quentes concerne l'apparence des cheveux de votre enfant. Aura-t-il des cheveux boucl\u00e9s ou lisses ?","robots":{"index":"index","follow":"follow","max-snippet":"max-snippet:-1","max-image-preview":"max-image-preview:large","max-video-preview":"max-video-preview:-1"},"canonical":"https:\/\/bart-et-lemy.com\/blog\/a-la-une\/comment-savoir-si-votre-bebe-aura-les-cheveux-boucles\/","og_locale":"fr_FR","og_type":"article","og_title":"Comment savoir si votre b\u00e9b\u00e9 aura les cheveux boucl\u00e9s ?","og_description":"Parmi elles, l'une des plus fr\u00e9quentes concerne l'apparence des cheveux de votre enfant. Aura-t-il des cheveux boucl\u00e9s ou lisses ?","og_url":"https:\/\/bart-et-lemy.com\/blog\/a-la-une\/comment-savoir-si-votre-bebe-aura-les-cheveux-boucles\/","og_site_name":"bart-et-lemy.com","og_image":[{"width":1536,"height":640,"url":"https:\/\/bart-et-lemy.com\/blog\/wp-content\/uploads\/2025\/03\/sdxl-7c25b2ec7d78e291086b3c2b4e4b3f70.png","type":"image\/png"}],"author":"Elodie Mazeau","twitter_card":"summary_large_image","schema":{"@context":"https:\/\/schema.org","@graph":[{"@type":"NewsArticle","@id":"https:\/\/bart-et-lemy.com\/blog\/a-la-une\/comment-savoir-si-votre-bebe-aura-les-cheveux-boucles\/#article","isPartOf":{"@id":"https:\/\/bart-et-lemy.com\/blog\/a-la-une\/comment-savoir-si-votre-bebe-aura-les-cheveux-boucles\/"},"author":{"name":"Elodie Mazeau","@id":"https:\/\/bart-et-lemy.com\/blog\/#\/schema\/person\/3c864cdc320801e3db34b663e7e3f816"},"headline":"Comment savoir si votre b\u00e9b\u00e9 aura les cheveux boucl\u00e9s ?","datePublished":"2025-03-09T16:39:00+00:00","mainEntityOfPage":{"@id":"https:\/\/bart-et-lemy.com\/blog\/a-la-une\/comment-savoir-si-votre-bebe-aura-les-cheveux-boucles\/"},"wordCount":651,"commentCount":25,"publisher":{"@id":"https:\/\/bart-et-lemy.com\/blog\/#organization"},"image":{"@id":"https:\/\/bart-et-lemy.com\/blog\/a-la-une\/comment-savoir-si-votre-bebe-aura-les-cheveux-boucles\/#primaryimage"},"thumbnailUrl":"https:\/\/bart-et-lemy.com\/blog\/wp-content\/uploads\/2025\/03\/sdxl-7c25b2ec7d78e291086b3c2b4e4b3f70.png","keywords":["B\u00e9b\u00e9","Cheveux","G\u00e9n\u00e9tique","H\u00e9r\u00e9dit\u00e9","Soins capillaires","Texture"],"articleSection":["\u00c0 la une"],"inLanguage":"fr-FR","potentialAction":[{"@type":"CommentAction","name":"Comment","target":["https:\/\/bart-et-lemy.com\/blog\/a-la-une\/comment-savoir-si-votre-bebe-aura-les-cheveux-boucles\/#respond"]}]},{"@type":"WebPage","@id":"https:\/\/bart-et-lemy.com\/blog\/a-la-une\/comment-savoir-si-votre-bebe-aura-les-cheveux-boucles\/","url":"https:\/\/bart-et-lemy.com\/blog\/a-la-une\/comment-savoir-si-votre-bebe-aura-les-cheveux-boucles\/","name":"Comment savoir si votre b\u00e9b\u00e9 aura les cheveux boucl\u00e9s ?","isPartOf":{"@id":"https:\/\/bart-et-lemy.com\/blog\/#website"},"primaryImageOfPage":{"@id":"https:\/\/bart-et-lemy.com\/blog\/a-la-une\/comment-savoir-si-votre-bebe-aura-les-cheveux-boucles\/#primaryimage"},"image":{"@id":"https:\/\/bart-et-lemy.com\/blog\/a-la-une\/comment-savoir-si-votre-bebe-aura-les-cheveux-boucles\/#primaryimage"},"thumbnailUrl":"https:\/\/bart-et-lemy.com\/blog\/wp-content\/uploads\/2025\/03\/sdxl-7c25b2ec7d78e291086b3c2b4e4b3f70.png","datePublished":"2025-03-09T16:39:00+00:00","description":"Parmi elles, l'une des plus fr\u00e9quentes concerne l'apparence des cheveux de votre enfant. Aura-t-il des cheveux boucl\u00e9s ou lisses ?","inLanguage":"fr-FR","potentialAction":[{"@type":"ReadAction","target":["https:\/\/bart-et-lemy.com\/blog\/a-la-une\/comment-savoir-si-votre-bebe-aura-les-cheveux-boucles\/"]}]},{"@type":"ImageObject","inLanguage":"fr-FR","@id":"https:\/\/bart-et-lemy.com\/blog\/a-la-une\/comment-savoir-si-votre-bebe-aura-les-cheveux-boucles\/#primaryimage","url":"https:\/\/bart-et-lemy.com\/blog\/wp-content\/uploads\/2025\/03\/sdxl-7c25b2ec7d78e291086b3c2b4e4b3f70.png","contentUrl":"https:\/\/bart-et-lemy.com\/blog\/wp-content\/uploads\/2025\/03\/sdxl-7c25b2ec7d78e291086b3c2b4e4b3f70.png","width":1536,"height":640},{"@type":"WebSite","@id":"https:\/\/bart-et-lemy.com\/blog\/#website","url":"https:\/\/bart-et-lemy.com\/blog\/","name":"Bart et Lemy","description":"L\u2019originalit\u00e9 en toute libert\u00e9.","publisher":{"@id":"https:\/\/bart-et-lemy.com\/blog\/#organization"},"alternateName":"Conseils parentaux, astuces famille et bien-\u00eatre enfant","potentialAction":[{"@type":"SearchAction","target":{"@type":"EntryPoint","urlTemplate":"https:\/\/bart-et-lemy.com\/blog\/?s={search_term_string}"},"query-input":{"@type":"PropertyValueSpecification","valueRequired":true,"valueName":"search_term_string"}}],"inLanguage":"fr-FR"},{"@type":"Organization","@id":"https:\/\/bart-et-lemy.com\/blog\/#organization","name":"Bart et Lemy","alternateName":"bart-et-lemy.com","url":"https:\/\/bart-et-lemy.com\/blog\/","logo":{"@type":"ImageObject","inLanguage":"fr-FR","@id":"https:\/\/bart-et-lemy.com\/blog\/#\/schema\/logo\/image\/","url":"https:\/\/bart-et-lemy.com\/blog\/wp-content\/uploads\/2026\/07\/logo-auto.png","contentUrl":"https:\/\/bart-et-lemy.com\/blog\/wp-content\/uploads\/2026\/07\/logo-auto.png","width":1024,"height":1024,"caption":"Bart et Lemy"},"image":{"@id":"https:\/\/bart-et-lemy.com\/blog\/#\/schema\/logo\/image\/"}},{"@type":"Person","@id":"https:\/\/bart-et-lemy.com\/blog\/#\/schema\/person\/3c864cdc320801e3db34b663e7e3f816","name":"Elodie Mazeau","image":{"@type":"ImageObject","inLanguage":"fr-FR","@id":"https:\/\/bart-et-lemy.com\/blog\/wp-content\/uploads\/2026\/06\/persona_elodie-m-96x96.jpg","url":"https:\/\/bart-et-lemy.com\/blog\/wp-content\/uploads\/2026\/06\/persona_elodie-m-96x96.jpg","contentUrl":"https:\/\/bart-et-lemy.com\/blog\/wp-content\/uploads\/2026\/06\/persona_elodie-m-96x96.jpg","caption":"Elodie Mazeau"},"description":"J'\u00e9cris sur la parentalit\u00e9 telle qu'elle se vit vraiment, du premier biberon aux premi\u00e8res col\u00e8res. Mes sujets de pr\u00e9dilection couvrent le quotidien des familles : sommeil, alimentation, organisation, pu\u00e9riculture et ces petites gal\u00e8res que tout parent conna\u00eet. Depuis plusieurs ann\u00e9es, je m'attache \u00e0 proposer des rep\u00e8res concrets plut\u00f4t que des le\u00e7ons, parce que chaque famille trouve son propre \u00e9quilibre. Je v\u00e9rifie mes informations aupr\u00e8s de sources fiables, surtout d\u00e8s qu'on touche \u00e0 la sant\u00e9 ou \u00e0 la s\u00e9curit\u00e9 de l'enfant, et je pr\u00e9cise quand un avis professionnel s'impose. J'\u00e9vite soigneusement la culpabilisation : \u00eatre parent est d\u00e9j\u00e0 assez exigeant. Mon ton se veut complice et bienveillant, un peu comme une discussion entre parents qui se comprennent. L'id\u00e9e est d'all\u00e9ger la charge mentale en donnant des solutions simples et test\u00e9es.","sameAs":["https:\/\/elodiemazeau.fr\/"],"url":"https:\/\/bart-et-lemy.com\/blog\/auteur\/noname\/"}]}},"_links":{"self":[{"href":"https:\/\/bart-et-lemy.com\/blog\/wp-json\/wp\/v2\/posts\/8911","targetHints":{"allow":["GET"]}}],"collection":[{"href":"https:\/\/bart-et-lemy.com\/blog\/wp-json\/wp\/v2\/posts"}],"about":[{"href":"https:\/\/bart-et-lemy.com\/blog\/wp-json\/wp\/v2\/types\/post"}],"author":[{"embeddable":true,"href":"https:\/\/bart-et-lemy.com\/blog\/wp-json\/wp\/v2\/users\/34"}],"replies":[{"embeddable":true,"href":"https:\/\/bart-et-lemy.com\/blog\/wp-json\/wp\/v2\/comments?post=8911"}],"version-history":[{"count":1,"href":"https:\/\/bart-et-lemy.com\/blog\/wp-json\/wp\/v2\/posts\/8911\/revisions"}],"predecessor-version":[{"id":9920,"href":"https:\/\/bart-et-lemy.com\/blog\/wp-json\/wp\/v2\/posts\/8911\/revisions\/9920"}],"wp:featuredmedia":[{"embeddable":true,"href":"https:\/\/bart-et-lemy.com\/blog\/wp-json\/wp\/v2\/media\/10035"}],"wp:attachment":[{"href":"https:\/\/bart-et-lemy.com\/blog\/wp-json\/wp\/v2\/media?parent=8911"}],"wp:term":[{"taxonomy":"category","embeddable":true,"href":"https:\/\/bart-et-lemy.com\/blog\/wp-json\/wp\/v2\/categories?post=8911"},{"taxonomy":"post_tag","embeddable":true,"href":"https:\/\/bart-et-lemy.com\/blog\/wp-json\/wp\/v2\/tags?post=8911"}],"curies":[{"name":"wp","href":"https:\/\/api.w.org\/{rel}","templated":true}]}}