{"id":8990,"date":"2025-05-15T18:59:00","date_gmt":"2025-05-15T16:59:00","guid":{"rendered":"https:\/\/bart-et-lemy.com\/blog\/?p=8990"},"modified":"2025-02-10T17:37:33","modified_gmt":"2025-02-10T16:37:33","slug":"estimation-de-la-taille-a-la-naissance-de-votre-bebe-guide-pratique","status":"publish","type":"post","link":"https:\/\/bart-et-lemy.com\/blog\/a-la-une\/estimation-de-la-taille-a-la-naissance-de-votre-bebe-guide-pratique\/","title":{"rendered":"Estimation de la taille \u00e0 la naissance de votre b\u00e9b\u00e9 : Guide pratique"},"content":{"rendered":"<h2>Introduction<\/h2>\n<p>L&rsquo;une des pr\u00e9occupations majeures concerne la taille du b\u00e9b\u00e9 \u00e0 la naissance. Comment estimer cette taille ? Quels facteurs influencent sa croissance ? Cet article vous offre des r\u00e9ponses claires et pratiques pour mieux comprendre cet aspect essentiel du d\u00e9veloppement de votre enfant.<\/p>\n<h2>Facteurs influen\u00e7ant la taille \u00e0 la naissance<\/h2>\n<p>La taille du b\u00e9b\u00e9 \u00e0 la naissance varie en fonction de plusieurs facteurs. Voici les principaux \u00e9l\u00e9ments \u00e0 consid\u00e9rer :<\/p>\n<blockquote class=\"wp-embedded-content\" data-secret=\"eKqTlwYJoq\"><p><a href=\"https:\/\/bart-et-lemy.com\/blog\/a-la-une\/les-couches-lavables-pour-bebe-un-choix-eco-responsable-et-economique\/\">Les couches lavables pour b\u00e9b\u00e9 : un choix \u00e9co-responsable et \u00e9conomique<\/a><\/p><\/blockquote>\n<p><iframe loading=\"lazy\" class=\"wp-embedded-content\" sandbox=\"allow-scripts\" security=\"restricted\" style=\"position: absolute; visibility: hidden;\" title=\"\u00ab\u00a0Les couches lavables pour b\u00e9b\u00e9 : un choix \u00e9co-responsable et \u00e9conomique\u00a0\u00bb &#8212; bart-et-lemy.com\" src=\"https:\/\/bart-et-lemy.com\/blog\/a-la-une\/les-couches-lavables-pour-bebe-un-choix-eco-responsable-et-economique\/embed\/#?secret=m1aOWISDn1#?secret=eKqTlwYJoq\" data-secret=\"eKqTlwYJoq\" width=\"600\" height=\"338\" frameborder=\"0\" marginwidth=\"0\" marginheight=\"0\" scrolling=\"no\"><\/iframe><\/p>\n<ul>\n<li><strong>G\u00e9n\u00e9tique<\/strong> : Les g\u00e8nes jouent un r\u00f4le fondamental. Si les parents sont de grande taille, il est probable que leur enfant le soit aussi.<\/li>\n<li><strong>Nutrition pendant la grossesse<\/strong> : Une alimentation \u00e9quilibr\u00e9e favorise une croissance optimale. Les vitamines et min\u00e9raux sont essentiels.<\/li>\n<li><strong>\u00c2ge de la m\u00e8re<\/strong> : Les femmes plus jeunes ou plus \u00e2g\u00e9es peuvent avoir des risques plus \u00e9lev\u00e9s d&rsquo;anomalies de croissance.<\/li>\n<\/ul>\n<p>Ces facteurs interagissent pour d\u00e9terminer le poids et la taille du b\u00e9b\u00e9 \u00e0 la naissance. En g\u00e9n\u00e9ral, la taille moyenne d&rsquo;un nouveau-n\u00e9 se situe entre <strong>48 et 53 centim\u00e8tres<\/strong>, mais cela peut varier consid\u00e9rablement.<\/p>\n<h2>Estimation de la taille \u00e0 la naissance<\/h2>\n<p>Estimer la taille d&rsquo;un b\u00e9b\u00e9 \u00e0 la naissance peut \u00eatre d\u00e9licat. Toutefois, quelques m\u00e9thodes existent pour vous aider :<\/p>\n<table>\n<tr>\n<th>M\u00e9thode<\/th>\n<th>Description<\/th>\n<th>Pr\u00e9cision<\/th>\n<\/tr>\n<tr>\n<td>\u00c9chographie<\/td>\n<td>Mesures prises au cours des examens pr\u00e9nataux.<\/td>\n<td>Assez pr\u00e9cise, +\/- 2 cm.<\/td>\n<\/tr>\n<tr>\n<td>Courbes de croissance<\/td>\n<td>Analyse des donn\u00e9es des parents et des ant\u00e9c\u00e9dents m\u00e9dicaux.<\/td>\n<td>Variable selon les cas.<\/td>\n<\/tr>\n<tr>\n<td>Estimation par rapport \u00e0 la taille des parents<\/td>\n<td>Utilisation des tailles des parents pour une estimation.<\/td>\n<td>G\u00e9n\u00e9ralement fiable.<\/td>\n<\/tr>\n<\/table>\n<p>Ces m\u00e9thodes permettent d&rsquo;avoir une id\u00e9e g\u00e9n\u00e9rale, mais il faut garder \u00e0 l&rsquo;esprit que chaque b\u00e9b\u00e9 est unique et que des variations sont normales.<\/p>\n<blockquote class=\"wp-embedded-content\" data-secret=\"3BzCtqwGcc\"><p><a href=\"https:\/\/bart-et-lemy.com\/blog\/a-la-une\/bebe-nageur-decouvrez-les-bienfaits-de-la-piscine-sans-chlore\/\">B\u00e9b\u00e9 nageur : d\u00e9couvrez les bienfaits de la piscine sans chlore<\/a><\/p><\/blockquote>\n<p><iframe loading=\"lazy\" class=\"wp-embedded-content\" sandbox=\"allow-scripts\" security=\"restricted\" style=\"position: absolute; visibility: hidden;\" title=\"\u00ab\u00a0B\u00e9b\u00e9 nageur : d\u00e9couvrez les bienfaits de la piscine sans chlore\u00a0\u00bb &#8212; bart-et-lemy.com\" src=\"https:\/\/bart-et-lemy.com\/blog\/a-la-une\/bebe-nageur-decouvrez-les-bienfaits-de-la-piscine-sans-chlore\/embed\/#?secret=9QbCsTxKYd#?secret=3BzCtqwGcc\" data-secret=\"3BzCtqwGcc\" width=\"600\" height=\"338\" frameborder=\"0\" marginwidth=\"0\" marginheight=\"0\" scrolling=\"no\"><\/iframe><\/p>\n<h2>Cons\u00e9quences d&rsquo;une taille atypique<\/h2>\n<p>Une taille de naissance anormale peut avoir des cons\u00e9quences sur la sant\u00e9 de l&rsquo;enfant. Voici quelques exemples :<\/p>\n<ul>\n<li><strong>Taille inf\u00e9rieure \u00e0 la moyenne<\/strong> : Peut indiquer des probl\u00e8mes nutritionnels ou des complications pendant la grossesse.<\/li>\n<li><strong>Taille sup\u00e9rieure \u00e0 la moyenne<\/strong> : Peut \u00eatre le signe d&rsquo;une diab\u00e8te gestationnel chez la m\u00e8re.<\/li>\n<li><strong>Suivi m\u00e9dical<\/strong> : Un suivi r\u00e9gulier est essentiel pour s&rsquo;assurer que l&rsquo;enfant grandit de mani\u00e8re saine.<\/li>\n<\/ul>\n<p>Les p\u00e9diatres sont form\u00e9s pour \u00e9valuer la croissance des enfants et recommander des mesures appropri\u00e9es si n\u00e9cessaire.<\/p>\n<h2>Conclusion<\/h2>\n<p>Estimer la taille d&rsquo;un b\u00e9b\u00e9 \u00e0 la naissance repose sur divers facteurs, et bien qu&rsquo;il existe des m\u00e9thodes pour r\u00e9aliser cette estimation, il est important de se rappeler que chaque enfant est diff\u00e9rent. Une attention particuli\u00e8re \u00e0 la sant\u00e9 et au bien-\u00eatre de votre b\u00e9b\u00e9 est primordiale.<\/p>\n<h3>FAQ :<\/h3>\n<blockquote>\n<ul>\n<li><strong>Quelle est la taille moyenne d&rsquo;un b\u00e9b\u00e9 \u00e0 la naissance ?<\/strong>En g\u00e9n\u00e9ral, elle se situe entre 48 et 53 centim\u00e8tres.<\/li>\n<li><strong>Les \u00e9chographies peuvent-elles estimer la taille du b\u00e9b\u00e9 ?<\/strong>Oui, les \u00e9chographies offrent des mesures assez pr\u00e9cises.<\/li>\n<li><strong>Un b\u00e9b\u00e9 peut-il \u00eatre trop grand ?<\/strong>Oui, une taille sup\u00e9rieure \u00e0 la moyenne peut signaler des complications.<\/li>\n<li><strong>Comment la nutrition affecte-t-elle la taille du b\u00e9b\u00e9 ?<\/strong>Une alimentation \u00e9quilibr\u00e9e favorise une croissance saine.<\/li>\n<\/ul>\n<\/blockquote>\n","protected":false},"excerpt":{"rendered":"","protected":false},"author":34,"featured_media":11288,"comment_status":"open","ping_status":"open","sticky":false,"template":"","format":"standard","meta":{"_acf_changed":false,"manual_indexmenow":false,"indexmenow_id_project":0,"footnotes":""},"categories":[1],"tags":[6118,6119,5576,2403,5340,6120],"class_list":["post-8990","post","type-post","status-publish","format-standard","has-post-thumbnail","hentry","category-a-la-une","tag-age-de-la-mere","tag-estimation","tag-genetique","tag-nutrition","tag-suivi-medical","tag-taille-atypique","generate-columns","tablet-grid-50","mobile-grid-100","grid-parent","grid-25"],"acf":[],"yoast_head":"<!-- This site is optimized with the Yoast SEO Premium plugin v21.3 (Yoast SEO v27.3) - https:\/\/yoast.com\/product\/yoast-seo-premium-wordpress\/ -->\n<title>Estimation de la taille \u00e0 la naissance de votre b\u00e9b\u00e9<\/title>\n<meta name=\"description\" content=\"L&#039;une des pr\u00e9occupations majeures concerne la taille du b\u00e9b\u00e9 \u00e0 la naissance. Comment estimer cette taille ? Quels facteurs influencent sa croissance ?\" \/>\n<meta name=\"robots\" content=\"index, follow, max-snippet:-1, max-image-preview:large, max-video-preview:-1\" \/>\n<link rel=\"canonical\" href=\"https:\/\/bart-et-lemy.com\/blog\/a-la-une\/estimation-de-la-taille-a-la-naissance-de-votre-bebe-guide-pratique\/\" \/>\n<meta property=\"og:locale\" content=\"fr_FR\" \/>\n<meta property=\"og:type\" content=\"article\" \/>\n<meta property=\"og:title\" content=\"Estimation de la taille \u00e0 la naissance de votre b\u00e9b\u00e9\" \/>\n<meta property=\"og:description\" content=\"L&#039;une des pr\u00e9occupations majeures concerne la taille du b\u00e9b\u00e9 \u00e0 la naissance. Comment estimer cette taille ? Quels facteurs influencent sa croissance ?\" \/>\n<meta property=\"og:url\" content=\"https:\/\/bart-et-lemy.com\/blog\/a-la-une\/estimation-de-la-taille-a-la-naissance-de-votre-bebe-guide-pratique\/\" \/>\n<meta property=\"og:site_name\" content=\"bart-et-lemy.com\" \/>\n<meta property=\"og:image\" content=\"https:\/\/bart-et-lemy.com\/blog\/wp-content\/uploads\/2025\/05\/sdxl-05c1ca0a3a464c25cac3e95ff22e0d40-scaled.png\" \/>\n\t<meta property=\"og:image:width\" content=\"1200\" \/>\n\t<meta property=\"og:image:height\" content=\"500\" \/>\n\t<meta property=\"og:image:type\" content=\"image\/png\" \/>\n<meta name=\"author\" content=\"Elodie Mazeau\" \/>\n<meta name=\"twitter:card\" content=\"summary_large_image\" \/>\n<script type=\"application\/ld+json\" class=\"yoast-schema-graph\">{\"@context\":\"https:\\\/\\\/schema.org\",\"@graph\":[{\"@type\":\"NewsArticle\",\"@id\":\"https:\\\/\\\/bart-et-lemy.com\\\/blog\\\/a-la-une\\\/estimation-de-la-taille-a-la-naissance-de-votre-bebe-guide-pratique\\\/#article\",\"isPartOf\":{\"@id\":\"https:\\\/\\\/bart-et-lemy.com\\\/blog\\\/a-la-une\\\/estimation-de-la-taille-a-la-naissance-de-votre-bebe-guide-pratique\\\/\"},\"author\":{\"name\":\"Elodie Mazeau\",\"@id\":\"https:\\\/\\\/bart-et-lemy.com\\\/blog\\\/#\\\/schema\\\/person\\\/3c864cdc320801e3db34b663e7e3f816\"},\"headline\":\"Estimation de la taille \u00e0 la naissance de votre b\u00e9b\u00e9 : Guide pratique\",\"datePublished\":\"2025-05-15T16:59:00+00:00\",\"mainEntityOfPage\":{\"@id\":\"https:\\\/\\\/bart-et-lemy.com\\\/blog\\\/a-la-une\\\/estimation-de-la-taille-a-la-naissance-de-votre-bebe-guide-pratique\\\/\"},\"wordCount\":552,\"commentCount\":24,\"publisher\":{\"@id\":\"https:\\\/\\\/bart-et-lemy.com\\\/blog\\\/#organization\"},\"image\":{\"@id\":\"https:\\\/\\\/bart-et-lemy.com\\\/blog\\\/a-la-une\\\/estimation-de-la-taille-a-la-naissance-de-votre-bebe-guide-pratique\\\/#primaryimage\"},\"thumbnailUrl\":\"https:\\\/\\\/bart-et-lemy.com\\\/blog\\\/wp-content\\\/uploads\\\/2025\\\/05\\\/sdxl-05c1ca0a3a464c25cac3e95ff22e0d40-scaled.png\",\"keywords\":[\"\u00c2ge de la m\u00e8re\",\"Estimation\",\"G\u00e9n\u00e9tique\",\"Nutrition\",\"Suivi m\u00e9dical\",\"Taille atypique\"],\"articleSection\":[\"\u00c0 la une\"],\"inLanguage\":\"fr-FR\",\"potentialAction\":[{\"@type\":\"CommentAction\",\"name\":\"Comment\",\"target\":[\"https:\\\/\\\/bart-et-lemy.com\\\/blog\\\/a-la-une\\\/estimation-de-la-taille-a-la-naissance-de-votre-bebe-guide-pratique\\\/#respond\"]}]},{\"@type\":\"WebPage\",\"@id\":\"https:\\\/\\\/bart-et-lemy.com\\\/blog\\\/a-la-une\\\/estimation-de-la-taille-a-la-naissance-de-votre-bebe-guide-pratique\\\/\",\"url\":\"https:\\\/\\\/bart-et-lemy.com\\\/blog\\\/a-la-une\\\/estimation-de-la-taille-a-la-naissance-de-votre-bebe-guide-pratique\\\/\",\"name\":\"Estimation de la taille \u00e0 la naissance de votre b\u00e9b\u00e9\",\"isPartOf\":{\"@id\":\"https:\\\/\\\/bart-et-lemy.com\\\/blog\\\/#website\"},\"primaryImageOfPage\":{\"@id\":\"https:\\\/\\\/bart-et-lemy.com\\\/blog\\\/a-la-une\\\/estimation-de-la-taille-a-la-naissance-de-votre-bebe-guide-pratique\\\/#primaryimage\"},\"image\":{\"@id\":\"https:\\\/\\\/bart-et-lemy.com\\\/blog\\\/a-la-une\\\/estimation-de-la-taille-a-la-naissance-de-votre-bebe-guide-pratique\\\/#primaryimage\"},\"thumbnailUrl\":\"https:\\\/\\\/bart-et-lemy.com\\\/blog\\\/wp-content\\\/uploads\\\/2025\\\/05\\\/sdxl-05c1ca0a3a464c25cac3e95ff22e0d40-scaled.png\",\"datePublished\":\"2025-05-15T16:59:00+00:00\",\"description\":\"L'une des pr\u00e9occupations majeures concerne la taille du b\u00e9b\u00e9 \u00e0 la naissance. Comment estimer cette taille ? Quels facteurs influencent sa croissance ?\",\"inLanguage\":\"fr-FR\",\"potentialAction\":[{\"@type\":\"ReadAction\",\"target\":[\"https:\\\/\\\/bart-et-lemy.com\\\/blog\\\/a-la-une\\\/estimation-de-la-taille-a-la-naissance-de-votre-bebe-guide-pratique\\\/\"]}]},{\"@type\":\"ImageObject\",\"inLanguage\":\"fr-FR\",\"@id\":\"https:\\\/\\\/bart-et-lemy.com\\\/blog\\\/a-la-une\\\/estimation-de-la-taille-a-la-naissance-de-votre-bebe-guide-pratique\\\/#primaryimage\",\"url\":\"https:\\\/\\\/bart-et-lemy.com\\\/blog\\\/wp-content\\\/uploads\\\/2025\\\/05\\\/sdxl-05c1ca0a3a464c25cac3e95ff22e0d40-scaled.png\",\"contentUrl\":\"https:\\\/\\\/bart-et-lemy.com\\\/blog\\\/wp-content\\\/uploads\\\/2025\\\/05\\\/sdxl-05c1ca0a3a464c25cac3e95ff22e0d40-scaled.png\",\"width\":1200,\"height\":500},{\"@type\":\"WebSite\",\"@id\":\"https:\\\/\\\/bart-et-lemy.com\\\/blog\\\/#website\",\"url\":\"https:\\\/\\\/bart-et-lemy.com\\\/blog\\\/\",\"name\":\"Bart et Lemy\",\"description\":\"L\u2019originalit\u00e9 en toute libert\u00e9.\",\"publisher\":{\"@id\":\"https:\\\/\\\/bart-et-lemy.com\\\/blog\\\/#organization\"},\"alternateName\":\"Conseils parentaux, astuces famille et bien-\u00eatre enfant\",\"potentialAction\":[{\"@type\":\"SearchAction\",\"target\":{\"@type\":\"EntryPoint\",\"urlTemplate\":\"https:\\\/\\\/bart-et-lemy.com\\\/blog\\\/?s={search_term_string}\"},\"query-input\":{\"@type\":\"PropertyValueSpecification\",\"valueRequired\":true,\"valueName\":\"search_term_string\"}}],\"inLanguage\":\"fr-FR\"},{\"@type\":\"Organization\",\"@id\":\"https:\\\/\\\/bart-et-lemy.com\\\/blog\\\/#organization\",\"name\":\"Bart et Lemy\",\"alternateName\":\"bart-et-lemy.com\",\"url\":\"https:\\\/\\\/bart-et-lemy.com\\\/blog\\\/\",\"logo\":{\"@type\":\"ImageObject\",\"inLanguage\":\"fr-FR\",\"@id\":\"https:\\\/\\\/bart-et-lemy.com\\\/blog\\\/#\\\/schema\\\/logo\\\/image\\\/\",\"url\":\"https:\\\/\\\/bart-et-lemy.com\\\/blog\\\/wp-content\\\/uploads\\\/2026\\\/07\\\/logo-auto.png\",\"contentUrl\":\"https:\\\/\\\/bart-et-lemy.com\\\/blog\\\/wp-content\\\/uploads\\\/2026\\\/07\\\/logo-auto.png\",\"width\":1024,\"height\":1024,\"caption\":\"Bart et Lemy\"},\"image\":{\"@id\":\"https:\\\/\\\/bart-et-lemy.com\\\/blog\\\/#\\\/schema\\\/logo\\\/image\\\/\"}},{\"@type\":\"Person\",\"@id\":\"https:\\\/\\\/bart-et-lemy.com\\\/blog\\\/#\\\/schema\\\/person\\\/3c864cdc320801e3db34b663e7e3f816\",\"name\":\"Elodie Mazeau\",\"image\":{\"@type\":\"ImageObject\",\"inLanguage\":\"fr-FR\",\"@id\":\"https:\\\/\\\/bart-et-lemy.com\\\/blog\\\/wp-content\\\/uploads\\\/2026\\\/06\\\/persona_elodie-m-96x96.jpg\",\"url\":\"https:\\\/\\\/bart-et-lemy.com\\\/blog\\\/wp-content\\\/uploads\\\/2026\\\/06\\\/persona_elodie-m-96x96.jpg\",\"contentUrl\":\"https:\\\/\\\/bart-et-lemy.com\\\/blog\\\/wp-content\\\/uploads\\\/2026\\\/06\\\/persona_elodie-m-96x96.jpg\",\"caption\":\"Elodie Mazeau\"},\"description\":\"J'\u00e9cris sur la parentalit\u00e9 telle qu'elle se vit vraiment, du premier biberon aux premi\u00e8res col\u00e8res. Mes sujets de pr\u00e9dilection couvrent le quotidien des familles : sommeil, alimentation, organisation, pu\u00e9riculture et ces petites gal\u00e8res que tout parent conna\u00eet. Depuis plusieurs ann\u00e9es, je m'attache \u00e0 proposer des rep\u00e8res concrets plut\u00f4t que des le\u00e7ons, parce que chaque famille trouve son propre \u00e9quilibre. Je v\u00e9rifie mes informations aupr\u00e8s de sources fiables, surtout d\u00e8s qu'on touche \u00e0 la sant\u00e9 ou \u00e0 la s\u00e9curit\u00e9 de l'enfant, et je pr\u00e9cise quand un avis professionnel s'impose. J'\u00e9vite soigneusement la culpabilisation : \u00eatre parent est d\u00e9j\u00e0 assez exigeant. Mon ton se veut complice et bienveillant, un peu comme une discussion entre parents qui se comprennent. L'id\u00e9e est d'all\u00e9ger la charge mentale en donnant des solutions simples et test\u00e9es.\",\"sameAs\":[\"https:\\\/\\\/elodiemazeau.fr\\\/\"],\"url\":\"https:\\\/\\\/bart-et-lemy.com\\\/blog\\\/auteur\\\/noname\\\/\"}]}<\/script>\n<!-- \/ Yoast SEO Premium plugin. -->","yoast_head_json":{"title":"Estimation de la taille \u00e0 la naissance de votre b\u00e9b\u00e9","description":"L'une des pr\u00e9occupations majeures concerne la taille du b\u00e9b\u00e9 \u00e0 la naissance. Comment estimer cette taille ? Quels facteurs influencent sa croissance ?","robots":{"index":"index","follow":"follow","max-snippet":"max-snippet:-1","max-image-preview":"max-image-preview:large","max-video-preview":"max-video-preview:-1"},"canonical":"https:\/\/bart-et-lemy.com\/blog\/a-la-une\/estimation-de-la-taille-a-la-naissance-de-votre-bebe-guide-pratique\/","og_locale":"fr_FR","og_type":"article","og_title":"Estimation de la taille \u00e0 la naissance de votre b\u00e9b\u00e9","og_description":"L'une des pr\u00e9occupations majeures concerne la taille du b\u00e9b\u00e9 \u00e0 la naissance. Comment estimer cette taille ? Quels facteurs influencent sa croissance ?","og_url":"https:\/\/bart-et-lemy.com\/blog\/a-la-une\/estimation-de-la-taille-a-la-naissance-de-votre-bebe-guide-pratique\/","og_site_name":"bart-et-lemy.com","og_image":[{"width":1200,"height":500,"url":"https:\/\/bart-et-lemy.com\/blog\/wp-content\/uploads\/2025\/05\/sdxl-05c1ca0a3a464c25cac3e95ff22e0d40-scaled.png","type":"image\/png"}],"author":"Elodie Mazeau","twitter_card":"summary_large_image","schema":{"@context":"https:\/\/schema.org","@graph":[{"@type":"NewsArticle","@id":"https:\/\/bart-et-lemy.com\/blog\/a-la-une\/estimation-de-la-taille-a-la-naissance-de-votre-bebe-guide-pratique\/#article","isPartOf":{"@id":"https:\/\/bart-et-lemy.com\/blog\/a-la-une\/estimation-de-la-taille-a-la-naissance-de-votre-bebe-guide-pratique\/"},"author":{"name":"Elodie Mazeau","@id":"https:\/\/bart-et-lemy.com\/blog\/#\/schema\/person\/3c864cdc320801e3db34b663e7e3f816"},"headline":"Estimation de la taille \u00e0 la naissance de votre b\u00e9b\u00e9 : Guide pratique","datePublished":"2025-05-15T16:59:00+00:00","mainEntityOfPage":{"@id":"https:\/\/bart-et-lemy.com\/blog\/a-la-une\/estimation-de-la-taille-a-la-naissance-de-votre-bebe-guide-pratique\/"},"wordCount":552,"commentCount":24,"publisher":{"@id":"https:\/\/bart-et-lemy.com\/blog\/#organization"},"image":{"@id":"https:\/\/bart-et-lemy.com\/blog\/a-la-une\/estimation-de-la-taille-a-la-naissance-de-votre-bebe-guide-pratique\/#primaryimage"},"thumbnailUrl":"https:\/\/bart-et-lemy.com\/blog\/wp-content\/uploads\/2025\/05\/sdxl-05c1ca0a3a464c25cac3e95ff22e0d40-scaled.png","keywords":["\u00c2ge de la m\u00e8re","Estimation","G\u00e9n\u00e9tique","Nutrition","Suivi m\u00e9dical","Taille atypique"],"articleSection":["\u00c0 la une"],"inLanguage":"fr-FR","potentialAction":[{"@type":"CommentAction","name":"Comment","target":["https:\/\/bart-et-lemy.com\/blog\/a-la-une\/estimation-de-la-taille-a-la-naissance-de-votre-bebe-guide-pratique\/#respond"]}]},{"@type":"WebPage","@id":"https:\/\/bart-et-lemy.com\/blog\/a-la-une\/estimation-de-la-taille-a-la-naissance-de-votre-bebe-guide-pratique\/","url":"https:\/\/bart-et-lemy.com\/blog\/a-la-une\/estimation-de-la-taille-a-la-naissance-de-votre-bebe-guide-pratique\/","name":"Estimation de la taille \u00e0 la naissance de votre b\u00e9b\u00e9","isPartOf":{"@id":"https:\/\/bart-et-lemy.com\/blog\/#website"},"primaryImageOfPage":{"@id":"https:\/\/bart-et-lemy.com\/blog\/a-la-une\/estimation-de-la-taille-a-la-naissance-de-votre-bebe-guide-pratique\/#primaryimage"},"image":{"@id":"https:\/\/bart-et-lemy.com\/blog\/a-la-une\/estimation-de-la-taille-a-la-naissance-de-votre-bebe-guide-pratique\/#primaryimage"},"thumbnailUrl":"https:\/\/bart-et-lemy.com\/blog\/wp-content\/uploads\/2025\/05\/sdxl-05c1ca0a3a464c25cac3e95ff22e0d40-scaled.png","datePublished":"2025-05-15T16:59:00+00:00","description":"L'une des pr\u00e9occupations majeures concerne la taille du b\u00e9b\u00e9 \u00e0 la naissance. Comment estimer cette taille ? Quels facteurs influencent sa croissance ?","inLanguage":"fr-FR","potentialAction":[{"@type":"ReadAction","target":["https:\/\/bart-et-lemy.com\/blog\/a-la-une\/estimation-de-la-taille-a-la-naissance-de-votre-bebe-guide-pratique\/"]}]},{"@type":"ImageObject","inLanguage":"fr-FR","@id":"https:\/\/bart-et-lemy.com\/blog\/a-la-une\/estimation-de-la-taille-a-la-naissance-de-votre-bebe-guide-pratique\/#primaryimage","url":"https:\/\/bart-et-lemy.com\/blog\/wp-content\/uploads\/2025\/05\/sdxl-05c1ca0a3a464c25cac3e95ff22e0d40-scaled.png","contentUrl":"https:\/\/bart-et-lemy.com\/blog\/wp-content\/uploads\/2025\/05\/sdxl-05c1ca0a3a464c25cac3e95ff22e0d40-scaled.png","width":1200,"height":500},{"@type":"WebSite","@id":"https:\/\/bart-et-lemy.com\/blog\/#website","url":"https:\/\/bart-et-lemy.com\/blog\/","name":"Bart et Lemy","description":"L\u2019originalit\u00e9 en toute libert\u00e9.","publisher":{"@id":"https:\/\/bart-et-lemy.com\/blog\/#organization"},"alternateName":"Conseils parentaux, astuces famille et bien-\u00eatre enfant","potentialAction":[{"@type":"SearchAction","target":{"@type":"EntryPoint","urlTemplate":"https:\/\/bart-et-lemy.com\/blog\/?s={search_term_string}"},"query-input":{"@type":"PropertyValueSpecification","valueRequired":true,"valueName":"search_term_string"}}],"inLanguage":"fr-FR"},{"@type":"Organization","@id":"https:\/\/bart-et-lemy.com\/blog\/#organization","name":"Bart et Lemy","alternateName":"bart-et-lemy.com","url":"https:\/\/bart-et-lemy.com\/blog\/","logo":{"@type":"ImageObject","inLanguage":"fr-FR","@id":"https:\/\/bart-et-lemy.com\/blog\/#\/schema\/logo\/image\/","url":"https:\/\/bart-et-lemy.com\/blog\/wp-content\/uploads\/2026\/07\/logo-auto.png","contentUrl":"https:\/\/bart-et-lemy.com\/blog\/wp-content\/uploads\/2026\/07\/logo-auto.png","width":1024,"height":1024,"caption":"Bart et Lemy"},"image":{"@id":"https:\/\/bart-et-lemy.com\/blog\/#\/schema\/logo\/image\/"}},{"@type":"Person","@id":"https:\/\/bart-et-lemy.com\/blog\/#\/schema\/person\/3c864cdc320801e3db34b663e7e3f816","name":"Elodie Mazeau","image":{"@type":"ImageObject","inLanguage":"fr-FR","@id":"https:\/\/bart-et-lemy.com\/blog\/wp-content\/uploads\/2026\/06\/persona_elodie-m-96x96.jpg","url":"https:\/\/bart-et-lemy.com\/blog\/wp-content\/uploads\/2026\/06\/persona_elodie-m-96x96.jpg","contentUrl":"https:\/\/bart-et-lemy.com\/blog\/wp-content\/uploads\/2026\/06\/persona_elodie-m-96x96.jpg","caption":"Elodie Mazeau"},"description":"J'\u00e9cris sur la parentalit\u00e9 telle qu'elle se vit vraiment, du premier biberon aux premi\u00e8res col\u00e8res. Mes sujets de pr\u00e9dilection couvrent le quotidien des familles : sommeil, alimentation, organisation, pu\u00e9riculture et ces petites gal\u00e8res que tout parent conna\u00eet. Depuis plusieurs ann\u00e9es, je m'attache \u00e0 proposer des rep\u00e8res concrets plut\u00f4t que des le\u00e7ons, parce que chaque famille trouve son propre \u00e9quilibre. Je v\u00e9rifie mes informations aupr\u00e8s de sources fiables, surtout d\u00e8s qu'on touche \u00e0 la sant\u00e9 ou \u00e0 la s\u00e9curit\u00e9 de l'enfant, et je pr\u00e9cise quand un avis professionnel s'impose. J'\u00e9vite soigneusement la culpabilisation : \u00eatre parent est d\u00e9j\u00e0 assez exigeant. Mon ton se veut complice et bienveillant, un peu comme une discussion entre parents qui se comprennent. L'id\u00e9e est d'all\u00e9ger la charge mentale en donnant des solutions simples et test\u00e9es.","sameAs":["https:\/\/elodiemazeau.fr\/"],"url":"https:\/\/bart-et-lemy.com\/blog\/auteur\/noname\/"}]}},"_links":{"self":[{"href":"https:\/\/bart-et-lemy.com\/blog\/wp-json\/wp\/v2\/posts\/8990","targetHints":{"allow":["GET"]}}],"collection":[{"href":"https:\/\/bart-et-lemy.com\/blog\/wp-json\/wp\/v2\/posts"}],"about":[{"href":"https:\/\/bart-et-lemy.com\/blog\/wp-json\/wp\/v2\/types\/post"}],"author":[{"embeddable":true,"href":"https:\/\/bart-et-lemy.com\/blog\/wp-json\/wp\/v2\/users\/34"}],"replies":[{"embeddable":true,"href":"https:\/\/bart-et-lemy.com\/blog\/wp-json\/wp\/v2\/comments?post=8990"}],"version-history":[{"count":1,"href":"https:\/\/bart-et-lemy.com\/blog\/wp-json\/wp\/v2\/posts\/8990\/revisions"}],"predecessor-version":[{"id":11261,"href":"https:\/\/bart-et-lemy.com\/blog\/wp-json\/wp\/v2\/posts\/8990\/revisions\/11261"}],"wp:featuredmedia":[{"embeddable":true,"href":"https:\/\/bart-et-lemy.com\/blog\/wp-json\/wp\/v2\/media\/11288"}],"wp:attachment":[{"href":"https:\/\/bart-et-lemy.com\/blog\/wp-json\/wp\/v2\/media?parent=8990"}],"wp:term":[{"taxonomy":"category","embeddable":true,"href":"https:\/\/bart-et-lemy.com\/blog\/wp-json\/wp\/v2\/categories?post=8990"},{"taxonomy":"post_tag","embeddable":true,"href":"https:\/\/bart-et-lemy.com\/blog\/wp-json\/wp\/v2\/tags?post=8990"}],"curies":[{"name":"wp","href":"https:\/\/api.w.org\/{rel}","templated":true}]}}