{"id":9004,"date":"2025-03-31T17:59:00","date_gmt":"2025-03-31T15:59:00","guid":{"rendered":"https:\/\/bart-et-lemy.com\/blog\/?p=9004"},"modified":"2025-02-10T17:43:45","modified_gmt":"2025-02-10T16:43:45","slug":"le-langage-des-bebes-comment-les-signes-peuvent-transformer-la-communication","status":"publish","type":"post","link":"https:\/\/bart-et-lemy.com\/blog\/a-la-une\/le-langage-des-bebes-comment-les-signes-peuvent-transformer-la-communication\/","title":{"rendered":"Le langage des b\u00e9b\u00e9s : Comment les signes peuvent transformer la communication"},"content":{"rendered":"<h2>Introduction au langage des b\u00e9b\u00e9s<\/h2>\n<p>Comment comprendre ce qu&rsquo;un nourrisson essaie de dire avant qu&rsquo;il ne puisse parler ? C&rsquo;est ici qu&rsquo;intervient le langage des signes pour b\u00e9b\u00e9s, une m\u00e9thode qui facilite l&rsquo;interaction entre les parents et leurs tout-petits. En apprenant \u00e0 signer, vous pouvez cr\u00e9er un lien plus fort avec votre enfant et r\u00e9duire les frustrations li\u00e9es \u00e0 la communication.<\/p>\n<h2>Qu&rsquo;est-ce que le langage des signes pour b\u00e9b\u00e9s ? <\/h2>\n<p>Le langage des signes pour b\u00e9b\u00e9s consiste \u00e0 utiliser des gestes simples pour repr\u00e9senter des mots ou des concepts. Cette m\u00e9thode repose sur l&rsquo;id\u00e9e que les b\u00e9b\u00e9s peuvent comprendre des signaux visuels avant de pouvoir articuler des mots. Les signes les plus couramment utilis\u00e9s incluent des gestes pour \u00ab manger \u00bb, \u00ab boire \u00bb, \u00ab plus \u00bb, et \u00ab encore \u00bb. Des \u00e9tudes montrent que l&rsquo;utilisation de ces signes peut commencer d\u00e8s l&rsquo;\u00e2ge de six mois.<\/p>\n<blockquote class=\"wp-embedded-content\" data-secret=\"oLoz73b8Yk\"><p><a href=\"https:\/\/bart-et-lemy.com\/blog\/a-la-une\/decouvrez-les-meilleures-applications-photo-pour-bebe-gratuites\/\">D\u00e9couvrez les meilleures applications photo pour b\u00e9b\u00e9 gratuites<\/a><\/p><\/blockquote>\n<p><iframe loading=\"lazy\" class=\"wp-embedded-content\" sandbox=\"allow-scripts\" security=\"restricted\" style=\"position: absolute; visibility: hidden;\" title=\"\u00ab\u00a0D\u00e9couvrez les meilleures applications photo pour b\u00e9b\u00e9 gratuites\u00a0\u00bb &#8212; bart-et-lemy.com\" src=\"https:\/\/bart-et-lemy.com\/blog\/a-la-une\/decouvrez-les-meilleures-applications-photo-pour-bebe-gratuites\/embed\/#?secret=u7IYbvQb9j#?secret=oLoz73b8Yk\" data-secret=\"oLoz73b8Yk\" width=\"600\" height=\"338\" frameborder=\"0\" marginwidth=\"0\" marginheight=\"0\" scrolling=\"no\"><\/iframe><\/p>\n<p>Par exemple, si un b\u00e9b\u00e9 veut du lait, il peut faire le signe correspondant. Cette approche favorise non seulement la communication, mais elle stimule \u00e9galement le d\u00e9veloppement cognitif et \u00e9motionnel de l&rsquo;enfant. En effet, elle aide \u00e0 renforcer la confiance en soi et l&rsquo;estime de soi chez le nourrisson.<\/p>\n<h2>Les avantages du langage des signes chez les b\u00e9b\u00e9s<\/h2>\n<p>Les b\u00e9n\u00e9fices de l&rsquo;utilisation de signes dans la communication avec les b\u00e9b\u00e9s sont multiples. Voici quelques-uns des principaux avantages :<\/p>\n<blockquote class=\"wp-embedded-content\" data-secret=\"yPe1qJuacp\"><p><a href=\"https:\/\/bart-et-lemy.com\/blog\/a-la-une\/decouvrez-le-monde-fascinant-du-bebe-judo-bienfaits-et-conseils-pratiques\/\">D\u00e9couvrez le monde fascinant du b\u00e9b\u00e9 judo : bienfaits et conseils pratiques<\/a><\/p><\/blockquote>\n<p><iframe loading=\"lazy\" class=\"wp-embedded-content\" sandbox=\"allow-scripts\" security=\"restricted\" style=\"position: absolute; visibility: hidden;\" title=\"\u00ab\u00a0D\u00e9couvrez le monde fascinant du b\u00e9b\u00e9 judo : bienfaits et conseils pratiques\u00a0\u00bb &#8212; bart-et-lemy.com\" src=\"https:\/\/bart-et-lemy.com\/blog\/a-la-une\/decouvrez-le-monde-fascinant-du-bebe-judo-bienfaits-et-conseils-pratiques\/embed\/#?secret=9cK5VdGmNM#?secret=yPe1qJuacp\" data-secret=\"yPe1qJuacp\" width=\"600\" height=\"338\" frameborder=\"0\" marginwidth=\"0\" marginheight=\"0\" scrolling=\"no\"><\/iframe><\/p>\n<ul>\n<li><strong>R\u00e9duction de la frustration :<\/strong> Les b\u00e9b\u00e9s peuvent exprimer leurs besoins avant de ma\u00eetriser le langage verbal.<\/li>\n<li><strong>Renforcement du lien parent-enfant :<\/strong> La communication devient plus interactive et engageante.<\/li>\n<li><strong>D\u00e9veloppement cognitif :<\/strong> Les b\u00e9b\u00e9s d\u00e9veloppent leur m\u00e9moire et leur capacit\u00e9 \u00e0 associer des gestes \u00e0 des significations.<\/li>\n<\/ul>\n<p>Une \u00e9tude men\u00e9e par des p\u00e9diatres a r\u00e9v\u00e9l\u00e9 que les enfants expos\u00e9s \u00e0 des signes d\u00e8s leur plus jeune \u00e2ge d\u00e9veloppent un vocabulaire verbal plus riche \u00e0 l&rsquo;\u00e2ge de deux ans par rapport \u00e0 ceux qui n&rsquo;en b\u00e9n\u00e9ficient pas. Cela d\u00e9montre l&rsquo;impact positif du langage des signes sur l&rsquo;apprentissage des mots.<\/p>\n<h2>Comment apprendre le langage des signes \u00e0 votre b\u00e9b\u00e9<\/h2>\n<p>Pour commencer \u00e0 int\u00e9grer le langage des signes dans votre quotidien, suivez ces \u00e9tapes simples :<\/p>\n<li><strong>Commencez t\u00f4t :<\/strong> Introduisez les signes d\u00e8s que votre b\u00e9b\u00e9 commence \u00e0 montrer des signes d&rsquo;int\u00e9r\u00eat.<\/li>\n<li><strong>Utilisez les signes r\u00e9guli\u00e8rement :<\/strong> Associez chaque geste \u00e0 l&rsquo;objet ou \u00e0 l&rsquo;action correspondante, par exemple, faites le signe pour \u00ab manger \u00bb chaque fois que c&rsquo;est l&rsquo;heure du repas.<\/li>\n<li><strong>Restez coh\u00e9rent :<\/strong> Utilisez toujours le m\u00eame signe pour le m\u00eame mot afin d&rsquo;\u00e9tablir une connexion claire.<\/li>\n<li><strong>Encouragez votre b\u00e9b\u00e9 :<\/strong> Montrez-lui que vous \u00eates ravi lorsqu&rsquo;il essaie de signer, cela renforcera son envie d&rsquo;apprendre.<\/li>\n<h2>Tableau r\u00e9capitulatif des signes courants<\/h2>\n<table>\n<tr>\n<th>Mot<\/th>\n<th>Signe<\/th>\n<th>Utilisation<\/th>\n<\/tr>\n<tr>\n<td>Oui<\/td>\n<td><img decoding=\"async\" src=\"signe-oui.jpg\" alt=\"Signe Oui\" \/><\/td>\n<td>Utilis\u00e9 pour exprimer l&rsquo;affirmation ou l&rsquo;approbation.<\/td>\n<\/tr>\n<tr>\n<td>Non<\/td>\n<td><img decoding=\"async\" src=\"signe-non.jpg\" alt=\"Signe Non\" \/><\/td>\n<td>Utilis\u00e9 pour exprimer le refus ou le d\u00e9saccord.<\/td>\n<\/tr>\n<tr>\n<td>Encore<\/td>\n<td><img decoding=\"async\" src=\"signe-encore.jpg\" alt=\"Signe Encore\" \/><\/td>\n<td>Utilis\u00e9 pour demander \u00e0 r\u00e9p\u00e9ter une action ou un \u00e9v\u00e9nement.<\/td>\n<\/tr>\n<\/table>\n<h2>FAQ : Questions fr\u00e9quentes sur le langage des signes pour b\u00e9b\u00e9s<\/h2>\n<blockquote>\n<ul>\n<li><strong>\u00c0 quel \u00e2ge puis-je commencer \u00e0 signer avec mon b\u00e9b\u00e9 ?<\/strong>Il est possible de commencer d\u00e8s 6 mois.<\/li>\n<li><strong>Les signes peuvent-ils nuire \u00e0 l&rsquo;apprentissage du langage ?<\/strong>Non, ils renforcent au contraire l&rsquo;apprentissage verbal.<\/li>\n<li><strong>Combien de signes devrais-je enseigner ?<\/strong>Commencez par 5 \u00e0 10 signes courants, puis \u00e9largissez progressivement.<\/li>\n<li><strong>O\u00f9 puis-je apprendre des signes ?<\/strong>Des livres, des vid\u00e9os en ligne et des ateliers peuvent \u00eatre tr\u00e8s utiles.<\/li>\n<\/ul>\n<\/blockquote>\n<p>En r\u00e9sum\u00e9, int\u00e9grer le langage des signes dans le quotidien de votre b\u00e9b\u00e9 repr\u00e9sente une v\u00e9ritable opportunit\u00e9. Cela favorise une meilleure communication et un lien plus fort entre vous et votre enfant. Adopter cette m\u00e9thode enrichissante peut transformer vos interactions quotidiennes et aider votre petit \u00e0 s&rsquo;exprimer plus facilement.<\/p>\n","protected":false},"excerpt":{"rendered":"","protected":false},"author":34,"featured_media":10346,"comment_status":"open","ping_status":"open","sticky":false,"template":"","format":"standard","meta":{"_acf_changed":false,"manual_indexmenow":false,"indexmenow_id_project":0,"footnotes":""},"categories":[1],"tags":[4714,5444,4539,6144,6143,5132],"class_list":["post-9004","post","type-post","status-publish","format-standard","has-post-thumbnail","hentry","category-a-la-une","tag-bebes","tag-communication","tag-developpement-cognitif","tag-frustration","tag-langage-des-signes","tag-parents","generate-columns","tablet-grid-50","mobile-grid-100","grid-parent","grid-25"],"acf":[],"yoast_head":"<!-- This site is optimized with the Yoast SEO Premium plugin v21.3 (Yoast SEO v27.3) - https:\/\/yoast.com\/product\/yoast-seo-premium-wordpress\/ -->\n<title>Le langage des b\u00e9b\u00e9s<\/title>\n<meta name=\"description\" content=\"Comment comprendre ce qu&#039;un nourrisson essaie de dire avant qu&#039;il ne puisse parler ?\" \/>\n<meta name=\"robots\" content=\"index, follow, max-snippet:-1, max-image-preview:large, max-video-preview:-1\" \/>\n<link rel=\"canonical\" href=\"https:\/\/bart-et-lemy.com\/blog\/a-la-une\/le-langage-des-bebes-comment-les-signes-peuvent-transformer-la-communication\/\" \/>\n<meta property=\"og:locale\" content=\"fr_FR\" \/>\n<meta property=\"og:type\" content=\"article\" \/>\n<meta property=\"og:title\" content=\"Le langage des b\u00e9b\u00e9s\" \/>\n<meta property=\"og:description\" content=\"Comment comprendre ce qu&#039;un nourrisson essaie de dire avant qu&#039;il ne puisse parler ?\" \/>\n<meta property=\"og:url\" content=\"https:\/\/bart-et-lemy.com\/blog\/a-la-une\/le-langage-des-bebes-comment-les-signes-peuvent-transformer-la-communication\/\" \/>\n<meta property=\"og:site_name\" content=\"bart-et-lemy.com\" \/>\n<meta property=\"og:image\" content=\"https:\/\/bart-et-lemy.com\/blog\/wp-content\/uploads\/2025\/04\/sdxl-c1ddda2c47a1be6802594b5ee94e8204.png\" \/>\n\t<meta property=\"og:image:width\" content=\"1536\" \/>\n\t<meta property=\"og:image:height\" content=\"640\" \/>\n\t<meta property=\"og:image:type\" content=\"image\/png\" \/>\n<meta name=\"author\" content=\"Elodie Mazeau\" \/>\n<meta name=\"twitter:card\" content=\"summary_large_image\" \/>\n<script type=\"application\/ld+json\" class=\"yoast-schema-graph\">{\"@context\":\"https:\\\/\\\/schema.org\",\"@graph\":[{\"@type\":\"NewsArticle\",\"@id\":\"https:\\\/\\\/bart-et-lemy.com\\\/blog\\\/a-la-une\\\/le-langage-des-bebes-comment-les-signes-peuvent-transformer-la-communication\\\/#article\",\"isPartOf\":{\"@id\":\"https:\\\/\\\/bart-et-lemy.com\\\/blog\\\/a-la-une\\\/le-langage-des-bebes-comment-les-signes-peuvent-transformer-la-communication\\\/\"},\"author\":{\"name\":\"Elodie Mazeau\",\"@id\":\"https:\\\/\\\/bart-et-lemy.com\\\/blog\\\/#\\\/schema\\\/person\\\/3c864cdc320801e3db34b663e7e3f816\"},\"headline\":\"Le langage des b\u00e9b\u00e9s : Comment les signes peuvent transformer la communication\",\"datePublished\":\"2025-03-31T15:59:00+00:00\",\"mainEntityOfPage\":{\"@id\":\"https:\\\/\\\/bart-et-lemy.com\\\/blog\\\/a-la-une\\\/le-langage-des-bebes-comment-les-signes-peuvent-transformer-la-communication\\\/\"},\"wordCount\":675,\"commentCount\":22,\"publisher\":{\"@id\":\"https:\\\/\\\/bart-et-lemy.com\\\/blog\\\/#organization\"},\"image\":{\"@id\":\"https:\\\/\\\/bart-et-lemy.com\\\/blog\\\/a-la-une\\\/le-langage-des-bebes-comment-les-signes-peuvent-transformer-la-communication\\\/#primaryimage\"},\"thumbnailUrl\":\"https:\\\/\\\/bart-et-lemy.com\\\/blog\\\/wp-content\\\/uploads\\\/2025\\\/04\\\/sdxl-c1ddda2c47a1be6802594b5ee94e8204.png\",\"keywords\":[\"B\u00e9b\u00e9s\",\"Communication\",\"D\u00e9veloppement cognitif\",\"Frustration\",\"Langage Des Signes\",\"Parents\"],\"articleSection\":[\"\u00c0 la une\"],\"inLanguage\":\"fr-FR\",\"potentialAction\":[{\"@type\":\"CommentAction\",\"name\":\"Comment\",\"target\":[\"https:\\\/\\\/bart-et-lemy.com\\\/blog\\\/a-la-une\\\/le-langage-des-bebes-comment-les-signes-peuvent-transformer-la-communication\\\/#respond\"]}]},{\"@type\":\"WebPage\",\"@id\":\"https:\\\/\\\/bart-et-lemy.com\\\/blog\\\/a-la-une\\\/le-langage-des-bebes-comment-les-signes-peuvent-transformer-la-communication\\\/\",\"url\":\"https:\\\/\\\/bart-et-lemy.com\\\/blog\\\/a-la-une\\\/le-langage-des-bebes-comment-les-signes-peuvent-transformer-la-communication\\\/\",\"name\":\"Le langage des b\u00e9b\u00e9s\",\"isPartOf\":{\"@id\":\"https:\\\/\\\/bart-et-lemy.com\\\/blog\\\/#website\"},\"primaryImageOfPage\":{\"@id\":\"https:\\\/\\\/bart-et-lemy.com\\\/blog\\\/a-la-une\\\/le-langage-des-bebes-comment-les-signes-peuvent-transformer-la-communication\\\/#primaryimage\"},\"image\":{\"@id\":\"https:\\\/\\\/bart-et-lemy.com\\\/blog\\\/a-la-une\\\/le-langage-des-bebes-comment-les-signes-peuvent-transformer-la-communication\\\/#primaryimage\"},\"thumbnailUrl\":\"https:\\\/\\\/bart-et-lemy.com\\\/blog\\\/wp-content\\\/uploads\\\/2025\\\/04\\\/sdxl-c1ddda2c47a1be6802594b5ee94e8204.png\",\"datePublished\":\"2025-03-31T15:59:00+00:00\",\"description\":\"Comment comprendre ce qu'un nourrisson essaie de dire avant qu'il ne puisse parler ?\",\"inLanguage\":\"fr-FR\",\"potentialAction\":[{\"@type\":\"ReadAction\",\"target\":[\"https:\\\/\\\/bart-et-lemy.com\\\/blog\\\/a-la-une\\\/le-langage-des-bebes-comment-les-signes-peuvent-transformer-la-communication\\\/\"]}]},{\"@type\":\"ImageObject\",\"inLanguage\":\"fr-FR\",\"@id\":\"https:\\\/\\\/bart-et-lemy.com\\\/blog\\\/a-la-une\\\/le-langage-des-bebes-comment-les-signes-peuvent-transformer-la-communication\\\/#primaryimage\",\"url\":\"https:\\\/\\\/bart-et-lemy.com\\\/blog\\\/wp-content\\\/uploads\\\/2025\\\/04\\\/sdxl-c1ddda2c47a1be6802594b5ee94e8204.png\",\"contentUrl\":\"https:\\\/\\\/bart-et-lemy.com\\\/blog\\\/wp-content\\\/uploads\\\/2025\\\/04\\\/sdxl-c1ddda2c47a1be6802594b5ee94e8204.png\",\"width\":1536,\"height\":640},{\"@type\":\"WebSite\",\"@id\":\"https:\\\/\\\/bart-et-lemy.com\\\/blog\\\/#website\",\"url\":\"https:\\\/\\\/bart-et-lemy.com\\\/blog\\\/\",\"name\":\"Bart et Lemy\",\"description\":\"L\u2019originalit\u00e9 en toute libert\u00e9.\",\"publisher\":{\"@id\":\"https:\\\/\\\/bart-et-lemy.com\\\/blog\\\/#organization\"},\"alternateName\":\"Conseils parentaux, astuces famille et bien-\u00eatre enfant\",\"potentialAction\":[{\"@type\":\"SearchAction\",\"target\":{\"@type\":\"EntryPoint\",\"urlTemplate\":\"https:\\\/\\\/bart-et-lemy.com\\\/blog\\\/?s={search_term_string}\"},\"query-input\":{\"@type\":\"PropertyValueSpecification\",\"valueRequired\":true,\"valueName\":\"search_term_string\"}}],\"inLanguage\":\"fr-FR\"},{\"@type\":\"Organization\",\"@id\":\"https:\\\/\\\/bart-et-lemy.com\\\/blog\\\/#organization\",\"name\":\"Bart et Lemy\",\"alternateName\":\"bart-et-lemy.com\",\"url\":\"https:\\\/\\\/bart-et-lemy.com\\\/blog\\\/\",\"logo\":{\"@type\":\"ImageObject\",\"inLanguage\":\"fr-FR\",\"@id\":\"https:\\\/\\\/bart-et-lemy.com\\\/blog\\\/#\\\/schema\\\/logo\\\/image\\\/\",\"url\":\"https:\\\/\\\/bart-et-lemy.com\\\/blog\\\/wp-content\\\/uploads\\\/2026\\\/07\\\/logo-auto.png\",\"contentUrl\":\"https:\\\/\\\/bart-et-lemy.com\\\/blog\\\/wp-content\\\/uploads\\\/2026\\\/07\\\/logo-auto.png\",\"width\":1024,\"height\":1024,\"caption\":\"Bart et Lemy\"},\"image\":{\"@id\":\"https:\\\/\\\/bart-et-lemy.com\\\/blog\\\/#\\\/schema\\\/logo\\\/image\\\/\"}},{\"@type\":\"Person\",\"@id\":\"https:\\\/\\\/bart-et-lemy.com\\\/blog\\\/#\\\/schema\\\/person\\\/3c864cdc320801e3db34b663e7e3f816\",\"name\":\"Elodie Mazeau\",\"image\":{\"@type\":\"ImageObject\",\"inLanguage\":\"fr-FR\",\"@id\":\"https:\\\/\\\/bart-et-lemy.com\\\/blog\\\/wp-content\\\/uploads\\\/2026\\\/06\\\/persona_elodie-m-96x96.jpg\",\"url\":\"https:\\\/\\\/bart-et-lemy.com\\\/blog\\\/wp-content\\\/uploads\\\/2026\\\/06\\\/persona_elodie-m-96x96.jpg\",\"contentUrl\":\"https:\\\/\\\/bart-et-lemy.com\\\/blog\\\/wp-content\\\/uploads\\\/2026\\\/06\\\/persona_elodie-m-96x96.jpg\",\"caption\":\"Elodie Mazeau\"},\"description\":\"J'\u00e9cris sur la parentalit\u00e9 telle qu'elle se vit vraiment, du premier biberon aux premi\u00e8res col\u00e8res. Mes sujets de pr\u00e9dilection couvrent le quotidien des familles : sommeil, alimentation, organisation, pu\u00e9riculture et ces petites gal\u00e8res que tout parent conna\u00eet. Depuis plusieurs ann\u00e9es, je m'attache \u00e0 proposer des rep\u00e8res concrets plut\u00f4t que des le\u00e7ons, parce que chaque famille trouve son propre \u00e9quilibre. Je v\u00e9rifie mes informations aupr\u00e8s de sources fiables, surtout d\u00e8s qu'on touche \u00e0 la sant\u00e9 ou \u00e0 la s\u00e9curit\u00e9 de l'enfant, et je pr\u00e9cise quand un avis professionnel s'impose. J'\u00e9vite soigneusement la culpabilisation : \u00eatre parent est d\u00e9j\u00e0 assez exigeant. Mon ton se veut complice et bienveillant, un peu comme une discussion entre parents qui se comprennent. L'id\u00e9e est d'all\u00e9ger la charge mentale en donnant des solutions simples et test\u00e9es.\",\"sameAs\":[\"https:\\\/\\\/elodiemazeau.fr\\\/\"],\"url\":\"https:\\\/\\\/bart-et-lemy.com\\\/blog\\\/auteur\\\/noname\\\/\"}]}<\/script>\n<!-- \/ Yoast SEO Premium plugin. -->","yoast_head_json":{"title":"Le langage des b\u00e9b\u00e9s","description":"Comment comprendre ce qu'un nourrisson essaie de dire avant qu'il ne puisse parler ?","robots":{"index":"index","follow":"follow","max-snippet":"max-snippet:-1","max-image-preview":"max-image-preview:large","max-video-preview":"max-video-preview:-1"},"canonical":"https:\/\/bart-et-lemy.com\/blog\/a-la-une\/le-langage-des-bebes-comment-les-signes-peuvent-transformer-la-communication\/","og_locale":"fr_FR","og_type":"article","og_title":"Le langage des b\u00e9b\u00e9s","og_description":"Comment comprendre ce qu'un nourrisson essaie de dire avant qu'il ne puisse parler ?","og_url":"https:\/\/bart-et-lemy.com\/blog\/a-la-une\/le-langage-des-bebes-comment-les-signes-peuvent-transformer-la-communication\/","og_site_name":"bart-et-lemy.com","og_image":[{"width":1536,"height":640,"url":"https:\/\/bart-et-lemy.com\/blog\/wp-content\/uploads\/2025\/04\/sdxl-c1ddda2c47a1be6802594b5ee94e8204.png","type":"image\/png"}],"author":"Elodie Mazeau","twitter_card":"summary_large_image","schema":{"@context":"https:\/\/schema.org","@graph":[{"@type":"NewsArticle","@id":"https:\/\/bart-et-lemy.com\/blog\/a-la-une\/le-langage-des-bebes-comment-les-signes-peuvent-transformer-la-communication\/#article","isPartOf":{"@id":"https:\/\/bart-et-lemy.com\/blog\/a-la-une\/le-langage-des-bebes-comment-les-signes-peuvent-transformer-la-communication\/"},"author":{"name":"Elodie Mazeau","@id":"https:\/\/bart-et-lemy.com\/blog\/#\/schema\/person\/3c864cdc320801e3db34b663e7e3f816"},"headline":"Le langage des b\u00e9b\u00e9s : Comment les signes peuvent transformer la communication","datePublished":"2025-03-31T15:59:00+00:00","mainEntityOfPage":{"@id":"https:\/\/bart-et-lemy.com\/blog\/a-la-une\/le-langage-des-bebes-comment-les-signes-peuvent-transformer-la-communication\/"},"wordCount":675,"commentCount":22,"publisher":{"@id":"https:\/\/bart-et-lemy.com\/blog\/#organization"},"image":{"@id":"https:\/\/bart-et-lemy.com\/blog\/a-la-une\/le-langage-des-bebes-comment-les-signes-peuvent-transformer-la-communication\/#primaryimage"},"thumbnailUrl":"https:\/\/bart-et-lemy.com\/blog\/wp-content\/uploads\/2025\/04\/sdxl-c1ddda2c47a1be6802594b5ee94e8204.png","keywords":["B\u00e9b\u00e9s","Communication","D\u00e9veloppement cognitif","Frustration","Langage Des Signes","Parents"],"articleSection":["\u00c0 la une"],"inLanguage":"fr-FR","potentialAction":[{"@type":"CommentAction","name":"Comment","target":["https:\/\/bart-et-lemy.com\/blog\/a-la-une\/le-langage-des-bebes-comment-les-signes-peuvent-transformer-la-communication\/#respond"]}]},{"@type":"WebPage","@id":"https:\/\/bart-et-lemy.com\/blog\/a-la-une\/le-langage-des-bebes-comment-les-signes-peuvent-transformer-la-communication\/","url":"https:\/\/bart-et-lemy.com\/blog\/a-la-une\/le-langage-des-bebes-comment-les-signes-peuvent-transformer-la-communication\/","name":"Le langage des b\u00e9b\u00e9s","isPartOf":{"@id":"https:\/\/bart-et-lemy.com\/blog\/#website"},"primaryImageOfPage":{"@id":"https:\/\/bart-et-lemy.com\/blog\/a-la-une\/le-langage-des-bebes-comment-les-signes-peuvent-transformer-la-communication\/#primaryimage"},"image":{"@id":"https:\/\/bart-et-lemy.com\/blog\/a-la-une\/le-langage-des-bebes-comment-les-signes-peuvent-transformer-la-communication\/#primaryimage"},"thumbnailUrl":"https:\/\/bart-et-lemy.com\/blog\/wp-content\/uploads\/2025\/04\/sdxl-c1ddda2c47a1be6802594b5ee94e8204.png","datePublished":"2025-03-31T15:59:00+00:00","description":"Comment comprendre ce qu'un nourrisson essaie de dire avant qu'il ne puisse parler ?","inLanguage":"fr-FR","potentialAction":[{"@type":"ReadAction","target":["https:\/\/bart-et-lemy.com\/blog\/a-la-une\/le-langage-des-bebes-comment-les-signes-peuvent-transformer-la-communication\/"]}]},{"@type":"ImageObject","inLanguage":"fr-FR","@id":"https:\/\/bart-et-lemy.com\/blog\/a-la-une\/le-langage-des-bebes-comment-les-signes-peuvent-transformer-la-communication\/#primaryimage","url":"https:\/\/bart-et-lemy.com\/blog\/wp-content\/uploads\/2025\/04\/sdxl-c1ddda2c47a1be6802594b5ee94e8204.png","contentUrl":"https:\/\/bart-et-lemy.com\/blog\/wp-content\/uploads\/2025\/04\/sdxl-c1ddda2c47a1be6802594b5ee94e8204.png","width":1536,"height":640},{"@type":"WebSite","@id":"https:\/\/bart-et-lemy.com\/blog\/#website","url":"https:\/\/bart-et-lemy.com\/blog\/","name":"Bart et Lemy","description":"L\u2019originalit\u00e9 en toute libert\u00e9.","publisher":{"@id":"https:\/\/bart-et-lemy.com\/blog\/#organization"},"alternateName":"Conseils parentaux, astuces famille et bien-\u00eatre enfant","potentialAction":[{"@type":"SearchAction","target":{"@type":"EntryPoint","urlTemplate":"https:\/\/bart-et-lemy.com\/blog\/?s={search_term_string}"},"query-input":{"@type":"PropertyValueSpecification","valueRequired":true,"valueName":"search_term_string"}}],"inLanguage":"fr-FR"},{"@type":"Organization","@id":"https:\/\/bart-et-lemy.com\/blog\/#organization","name":"Bart et Lemy","alternateName":"bart-et-lemy.com","url":"https:\/\/bart-et-lemy.com\/blog\/","logo":{"@type":"ImageObject","inLanguage":"fr-FR","@id":"https:\/\/bart-et-lemy.com\/blog\/#\/schema\/logo\/image\/","url":"https:\/\/bart-et-lemy.com\/blog\/wp-content\/uploads\/2026\/07\/logo-auto.png","contentUrl":"https:\/\/bart-et-lemy.com\/blog\/wp-content\/uploads\/2026\/07\/logo-auto.png","width":1024,"height":1024,"caption":"Bart et Lemy"},"image":{"@id":"https:\/\/bart-et-lemy.com\/blog\/#\/schema\/logo\/image\/"}},{"@type":"Person","@id":"https:\/\/bart-et-lemy.com\/blog\/#\/schema\/person\/3c864cdc320801e3db34b663e7e3f816","name":"Elodie Mazeau","image":{"@type":"ImageObject","inLanguage":"fr-FR","@id":"https:\/\/bart-et-lemy.com\/blog\/wp-content\/uploads\/2026\/06\/persona_elodie-m-96x96.jpg","url":"https:\/\/bart-et-lemy.com\/blog\/wp-content\/uploads\/2026\/06\/persona_elodie-m-96x96.jpg","contentUrl":"https:\/\/bart-et-lemy.com\/blog\/wp-content\/uploads\/2026\/06\/persona_elodie-m-96x96.jpg","caption":"Elodie Mazeau"},"description":"J'\u00e9cris sur la parentalit\u00e9 telle qu'elle se vit vraiment, du premier biberon aux premi\u00e8res col\u00e8res. Mes sujets de pr\u00e9dilection couvrent le quotidien des familles : sommeil, alimentation, organisation, pu\u00e9riculture et ces petites gal\u00e8res que tout parent conna\u00eet. Depuis plusieurs ann\u00e9es, je m'attache \u00e0 proposer des rep\u00e8res concrets plut\u00f4t que des le\u00e7ons, parce que chaque famille trouve son propre \u00e9quilibre. Je v\u00e9rifie mes informations aupr\u00e8s de sources fiables, surtout d\u00e8s qu'on touche \u00e0 la sant\u00e9 ou \u00e0 la s\u00e9curit\u00e9 de l'enfant, et je pr\u00e9cise quand un avis professionnel s'impose. J'\u00e9vite soigneusement la culpabilisation : \u00eatre parent est d\u00e9j\u00e0 assez exigeant. Mon ton se veut complice et bienveillant, un peu comme une discussion entre parents qui se comprennent. L'id\u00e9e est d'all\u00e9ger la charge mentale en donnant des solutions simples et test\u00e9es.","sameAs":["https:\/\/elodiemazeau.fr\/"],"url":"https:\/\/bart-et-lemy.com\/blog\/auteur\/noname\/"}]}},"_links":{"self":[{"href":"https:\/\/bart-et-lemy.com\/blog\/wp-json\/wp\/v2\/posts\/9004","targetHints":{"allow":["GET"]}}],"collection":[{"href":"https:\/\/bart-et-lemy.com\/blog\/wp-json\/wp\/v2\/posts"}],"about":[{"href":"https:\/\/bart-et-lemy.com\/blog\/wp-json\/wp\/v2\/types\/post"}],"author":[{"embeddable":true,"href":"https:\/\/bart-et-lemy.com\/blog\/wp-json\/wp\/v2\/users\/34"}],"replies":[{"embeddable":true,"href":"https:\/\/bart-et-lemy.com\/blog\/wp-json\/wp\/v2\/comments?post=9004"}],"version-history":[{"count":1,"href":"https:\/\/bart-et-lemy.com\/blog\/wp-json\/wp\/v2\/posts\/9004\/revisions"}],"predecessor-version":[{"id":10189,"href":"https:\/\/bart-et-lemy.com\/blog\/wp-json\/wp\/v2\/posts\/9004\/revisions\/10189"}],"wp:featuredmedia":[{"embeddable":true,"href":"https:\/\/bart-et-lemy.com\/blog\/wp-json\/wp\/v2\/media\/10346"}],"wp:attachment":[{"href":"https:\/\/bart-et-lemy.com\/blog\/wp-json\/wp\/v2\/media?parent=9004"}],"wp:term":[{"taxonomy":"category","embeddable":true,"href":"https:\/\/bart-et-lemy.com\/blog\/wp-json\/wp\/v2\/categories?post=9004"},{"taxonomy":"post_tag","embeddable":true,"href":"https:\/\/bart-et-lemy.com\/blog\/wp-json\/wp\/v2\/tags?post=9004"}],"curies":[{"name":"wp","href":"https:\/\/api.w.org\/{rel}","templated":true}]}}