{"id":9012,"date":"2025-04-27T19:19:00","date_gmt":"2025-04-27T17:19:00","guid":{"rendered":"https:\/\/bart-et-lemy.com\/blog\/?p=9012"},"modified":"2025-02-10T17:48:38","modified_gmt":"2025-02-10T16:48:38","slug":"comment-predire-la-couleur-des-cheveux-de-votre-bebe","status":"publish","type":"post","link":"https:\/\/bart-et-lemy.com\/blog\/a-la-une\/comment-predire-la-couleur-des-cheveux-de-votre-bebe\/","title":{"rendered":"Comment pr\u00e9dire la couleur des cheveux de votre b\u00e9b\u00e9 ?"},"content":{"rendered":"<h2>Introduction<\/h2>\n<p>Parents et futurs parents se demandent souvent : <strong>de quelle couleur seront les cheveux de mon b\u00e9b\u00e9 ?<\/strong> Les facteurs g\u00e9n\u00e9tiques jouent un r\u00f4le crucial dans cette pr\u00e9diction, mais la variabilit\u00e9 est souvent surprenante. D\u00e9couvrons ensemble comment ces \u00e9l\u00e9ments s&rsquo;entrelacent pour d\u00e9finir la couleur de cheveux d&rsquo;un nouveau-n\u00e9.<\/p>\n<h2>Les bases de la g\u00e9n\u00e9tique capillaire<\/h2>\n<p>Pour comprendre la couleur des cheveux d&rsquo;un b\u00e9b\u00e9, il faut d&rsquo;abord plonger dans les principes de la g\u00e9n\u00e9tique. Chaque parent transmet des g\u00e8nes qui influencent non seulement la couleur des cheveux, mais aussi leur texture et leur densit\u00e9. Les deux principaux pigments impliqu\u00e9s dans la couleur des cheveux sont l&rsquo;eum\u00e9lanine (qui peut \u00eatre noire ou brune) et la ph\u00e9om\u00e9lanine (qui donne des teintes rouges ou blondes).<\/p>\n<blockquote class=\"wp-embedded-content\" data-secret=\"4ZsTO5UtFn\"><p><a href=\"https:\/\/bart-et-lemy.com\/blog\/a-la-une\/le-lien-precieux-entre-bebe-et-maman-une-aventure-unique\/\">Le lien pr\u00e9cieux entre b\u00e9b\u00e9 et maman : une aventure unique<\/a><\/p><\/blockquote>\n<p><iframe loading=\"lazy\" class=\"wp-embedded-content\" sandbox=\"allow-scripts\" security=\"restricted\" style=\"position: absolute; visibility: hidden;\" title=\"\u00ab\u00a0Le lien pr\u00e9cieux entre b\u00e9b\u00e9 et maman : une aventure unique\u00a0\u00bb &#8212; bart-et-lemy.com\" src=\"https:\/\/bart-et-lemy.com\/blog\/a-la-une\/le-lien-precieux-entre-bebe-et-maman-une-aventure-unique\/embed\/#?secret=zs7Cr9Zu68#?secret=4ZsTO5UtFn\" data-secret=\"4ZsTO5UtFn\" width=\"600\" height=\"338\" frameborder=\"0\" marginwidth=\"0\" marginheight=\"0\" scrolling=\"no\"><\/iframe><\/p>\n<p>La couleur des cheveux r\u00e9sulte d&rsquo;un m\u00e9lange de ces pigments. Par exemple, un enfant d&rsquo;un parent blond et d&rsquo;un parent brun peut avoir des cheveux ch\u00e2tains, une combinaison des deux. En g\u00e9n\u00e9ral, les g\u00e8nes dominants, comme ceux qui produisent l&rsquo;eum\u00e9lanine, auront tendance \u00e0 s&rsquo;imposer.<\/p>\n<h2>Facteurs influen\u00e7ant la couleur des cheveux<\/h2>\n<p>Diff\u00e9rents facteurs jouent un r\u00f4le dans la d\u00e9termination de la couleur des cheveux chez un b\u00e9b\u00e9. Voici quelques-uns des plus significatifs :<\/p>\n<blockquote class=\"wp-embedded-content\" data-secret=\"dPF7v2N2Kz\"><p><a href=\"https:\/\/bart-et-lemy.com\/blog\/a-la-une\/decouvrez-les-meilleures-applications-photo-pour-bebe-gratuites\/\">D\u00e9couvrez les meilleures applications photo pour b\u00e9b\u00e9 gratuites<\/a><\/p><\/blockquote>\n<p><iframe loading=\"lazy\" class=\"wp-embedded-content\" sandbox=\"allow-scripts\" security=\"restricted\" style=\"position: absolute; visibility: hidden;\" title=\"\u00ab\u00a0D\u00e9couvrez les meilleures applications photo pour b\u00e9b\u00e9 gratuites\u00a0\u00bb &#8212; bart-et-lemy.com\" src=\"https:\/\/bart-et-lemy.com\/blog\/a-la-une\/decouvrez-les-meilleures-applications-photo-pour-bebe-gratuites\/embed\/#?secret=3dUpDVDfoX#?secret=dPF7v2N2Kz\" data-secret=\"dPF7v2N2Kz\" width=\"600\" height=\"338\" frameborder=\"0\" marginwidth=\"0\" marginheight=\"0\" scrolling=\"no\"><\/iframe><\/p>\n<ul>\n<li><strong>H\u00e9r\u00e9dit\u00e9 :<\/strong> La g\u00e9n\u00e9tique est le facteur principal. Si les parents ont des cheveux fonc\u00e9s, il est probable que leur enfant ait une couleur similaire.<\/li>\n<li><strong>Age :<\/strong> Les cheveux des b\u00e9b\u00e9s peuvent changer de couleur au fur et \u00e0 mesure qu&rsquo;ils grandissent. Parfois, des cheveux blonds peuvent devenir bruns ou vice versa.<\/li>\n<li><strong>Ethnicit\u00e9 :<\/strong> Les traits g\u00e9n\u00e9tiques varient selon les origines ethniques. Les m\u00e9langes de diff\u00e9rentes ethnies peuvent donner lieu \u00e0 des surprises.<\/li>\n<\/ul>\n<h2>Pr\u00e9dictions bas\u00e9es sur les caract\u00e9ristiques des parents<\/h2>\n<p>Pour pr\u00e9dire la couleur des cheveux de votre b\u00e9b\u00e9, il est utile d&rsquo;examiner les caract\u00e9ristiques capillaires des parents. Voici un tableau r\u00e9capitulatif pour visualiser les combinaisons possibles :<\/p>\n<table>\n<tr>\n<th>Couleur des cheveux des parents<\/th>\n<th>Couleur probable de l&rsquo;enfant<\/th>\n<th>Exemples<\/th>\n<\/tr>\n<tr>\n<td>Blond + Blond<\/td>\n<td>Blond<\/td>\n<td>B\u00e9b\u00e9 aux cheveux dor\u00e9s<\/td>\n<\/tr>\n<tr>\n<td>Brun + Brun<\/td>\n<td>Brun<\/td>\n<td>B\u00e9b\u00e9 aux cheveux ch\u00e2tains fonc\u00e9s<\/td>\n<\/tr>\n<tr>\n<td>Rouge + Brun<\/td>\n<td>Rouge ou Ch\u00e2tain<\/td>\n<td>B\u00e9b\u00e9 aux reflets cuivr\u00e9s<\/td>\n<\/tr>\n<\/table>\n<h2>Les surprises de la g\u00e9n\u00e9tique<\/h2>\n<p>La g\u00e9n\u00e9tique ne suit pas toujours un sch\u00e9ma simple. Des b\u00e9b\u00e9s peuvent na\u00eetre avec une couleur de cheveux totalement diff\u00e9rente de celle de leurs parents. Cela arrive souvent dans les familles o\u00f9 des anc\u00eatres ont des couleurs de cheveux diff\u00e9rentes. Un b\u00e9b\u00e9 avec des cheveux roux peut surgir d&rsquo;une lign\u00e9e o\u00f9 le roux ne semble pas pr\u00e9sent depuis des g\u00e9n\u00e9rations.<\/p>\n<blockquote><p>\n  \u00ab\u00a0La g\u00e9n\u00e9tique est un myst\u00e8re fascinant qui continue de nous surprendre.\u00a0\u00bb &#8211; Dr. Genevi\u00e8ve Lafleur\n<\/p><\/blockquote>\n<h3>FAQ :<\/h3>\n<blockquote>\n<ul>\n<li><strong>La couleur des cheveux peut-elle changer avec l&rsquo;\u00e2ge ?<\/strong>Oui, les cheveux des b\u00e9b\u00e9s peuvent changer de couleur au fur et \u00e0 mesure qu&rsquo;ils grandissent.<\/li>\n<li><strong>Les jumeaux ont-ils toujours la m\u00eame couleur de cheveux ?<\/strong>Pas n\u00e9cessairement, m\u00eame des jumeaux identiques peuvent avoir des variations.<\/li>\n<li><strong>Peut-on pr\u00e9dire la couleur des cheveux avec certitude ?<\/strong>Non, il existe de nombreuses variables, mais des tendances peuvent \u00eatre observ\u00e9es.<\/li>\n<li><strong>La couleur des cheveux influence-t-elle la personnalit\u00e9 ?<\/strong>Il n&rsquo;y a pas de preuve scientifique liant couleur de cheveux et personnalit\u00e9.<\/li>\n<\/ul>\n<\/blockquote>\n<h2>Conclusion<\/h2>\n<p>Pr\u00e9dire la couleur des cheveux d&rsquo;un b\u00e9b\u00e9 reste un d\u00e9fi passionnant. La g\u00e9n\u00e9tique, l&rsquo;h\u00e9r\u00e9dit\u00e9 et m\u00eame des surprises inattendues se m\u00ealent pour cr\u00e9er le tableau capillaire unique de chaque enfant. Quel que soit le r\u00e9sultat, chaque couleur apporte sa propre beaut\u00e9 et son charme. Les parents peuvent prendre plaisir \u00e0 d\u00e9couvrir cette caract\u00e9ristique de leur enfant, un reflet de leur histoire familiale.<\/p>\n","protected":false},"excerpt":{"rendered":"","protected":false},"author":34,"featured_media":10776,"comment_status":"open","ping_status":"open","sticky":false,"template":"","format":"standard","meta":{"_acf_changed":false,"manual_indexmenow":false,"indexmenow_id_project":0,"footnotes":""},"categories":[1],"tags":[4590,6146,6147,5576,5998,6148],"class_list":["post-9012","post","type-post","status-publish","format-standard","has-post-thumbnail","hentry","category-a-la-une","tag-bebe","tag-couleur","tag-facteurs","tag-genetique","tag-heredite","tag-surprises","generate-columns","tablet-grid-50","mobile-grid-100","grid-parent","grid-25"],"acf":[],"yoast_head":"<!-- This site is optimized with the Yoast SEO Premium plugin v21.3 (Yoast SEO v27.3) - https:\/\/yoast.com\/product\/yoast-seo-premium-wordpress\/ -->\n<title>Comment pr\u00e9dire la couleur des cheveux de votre b\u00e9b\u00e9 ?<\/title>\n<meta name=\"description\" content=\"Parents et futurs parents se demandent souvent : de quelle couleur seront les cheveux de mon b\u00e9b\u00e9 ?\" \/>\n<meta name=\"robots\" content=\"index, follow, max-snippet:-1, max-image-preview:large, max-video-preview:-1\" \/>\n<link rel=\"canonical\" href=\"https:\/\/bart-et-lemy.com\/blog\/a-la-une\/comment-predire-la-couleur-des-cheveux-de-votre-bebe\/\" \/>\n<meta property=\"og:locale\" content=\"fr_FR\" \/>\n<meta property=\"og:type\" content=\"article\" \/>\n<meta property=\"og:title\" content=\"Comment pr\u00e9dire la couleur des cheveux de votre b\u00e9b\u00e9 ?\" \/>\n<meta property=\"og:description\" content=\"Parents et futurs parents se demandent souvent : de quelle couleur seront les cheveux de mon b\u00e9b\u00e9 ?\" \/>\n<meta property=\"og:url\" content=\"https:\/\/bart-et-lemy.com\/blog\/a-la-une\/comment-predire-la-couleur-des-cheveux-de-votre-bebe\/\" \/>\n<meta property=\"og:site_name\" content=\"bart-et-lemy.com\" \/>\n<meta property=\"og:image\" content=\"https:\/\/bart-et-lemy.com\/blog\/wp-content\/uploads\/2025\/05\/sdxl-0d1c986de2df46a9425041a6c55add3b-scaled.png\" \/>\n\t<meta property=\"og:image:width\" content=\"1200\" \/>\n\t<meta property=\"og:image:height\" content=\"500\" \/>\n\t<meta property=\"og:image:type\" content=\"image\/png\" \/>\n<meta name=\"author\" content=\"Elodie Mazeau\" \/>\n<meta name=\"twitter:card\" content=\"summary_large_image\" \/>\n<script type=\"application\/ld+json\" class=\"yoast-schema-graph\">{\"@context\":\"https:\\\/\\\/schema.org\",\"@graph\":[{\"@type\":\"NewsArticle\",\"@id\":\"https:\\\/\\\/bart-et-lemy.com\\\/blog\\\/a-la-une\\\/comment-predire-la-couleur-des-cheveux-de-votre-bebe\\\/#article\",\"isPartOf\":{\"@id\":\"https:\\\/\\\/bart-et-lemy.com\\\/blog\\\/a-la-une\\\/comment-predire-la-couleur-des-cheveux-de-votre-bebe\\\/\"},\"author\":{\"name\":\"Elodie Mazeau\",\"@id\":\"https:\\\/\\\/bart-et-lemy.com\\\/blog\\\/#\\\/schema\\\/person\\\/3c864cdc320801e3db34b663e7e3f816\"},\"headline\":\"Comment pr\u00e9dire la couleur des cheveux de votre b\u00e9b\u00e9 ?\",\"datePublished\":\"2025-04-27T17:19:00+00:00\",\"mainEntityOfPage\":{\"@id\":\"https:\\\/\\\/bart-et-lemy.com\\\/blog\\\/a-la-une\\\/comment-predire-la-couleur-des-cheveux-de-votre-bebe\\\/\"},\"wordCount\":688,\"commentCount\":17,\"publisher\":{\"@id\":\"https:\\\/\\\/bart-et-lemy.com\\\/blog\\\/#organization\"},\"image\":{\"@id\":\"https:\\\/\\\/bart-et-lemy.com\\\/blog\\\/a-la-une\\\/comment-predire-la-couleur-des-cheveux-de-votre-bebe\\\/#primaryimage\"},\"thumbnailUrl\":\"https:\\\/\\\/bart-et-lemy.com\\\/blog\\\/wp-content\\\/uploads\\\/2025\\\/05\\\/sdxl-0d1c986de2df46a9425041a6c55add3b-scaled.png\",\"keywords\":[\"B\u00e9b\u00e9\",\"Couleur\",\"Facteurs\",\"G\u00e9n\u00e9tique\",\"H\u00e9r\u00e9dit\u00e9\",\"Surprises\"],\"articleSection\":[\"\u00c0 la une\"],\"inLanguage\":\"fr-FR\",\"potentialAction\":[{\"@type\":\"CommentAction\",\"name\":\"Comment\",\"target\":[\"https:\\\/\\\/bart-et-lemy.com\\\/blog\\\/a-la-une\\\/comment-predire-la-couleur-des-cheveux-de-votre-bebe\\\/#respond\"]}]},{\"@type\":\"WebPage\",\"@id\":\"https:\\\/\\\/bart-et-lemy.com\\\/blog\\\/a-la-une\\\/comment-predire-la-couleur-des-cheveux-de-votre-bebe\\\/\",\"url\":\"https:\\\/\\\/bart-et-lemy.com\\\/blog\\\/a-la-une\\\/comment-predire-la-couleur-des-cheveux-de-votre-bebe\\\/\",\"name\":\"Comment pr\u00e9dire la couleur des cheveux de votre b\u00e9b\u00e9 ?\",\"isPartOf\":{\"@id\":\"https:\\\/\\\/bart-et-lemy.com\\\/blog\\\/#website\"},\"primaryImageOfPage\":{\"@id\":\"https:\\\/\\\/bart-et-lemy.com\\\/blog\\\/a-la-une\\\/comment-predire-la-couleur-des-cheveux-de-votre-bebe\\\/#primaryimage\"},\"image\":{\"@id\":\"https:\\\/\\\/bart-et-lemy.com\\\/blog\\\/a-la-une\\\/comment-predire-la-couleur-des-cheveux-de-votre-bebe\\\/#primaryimage\"},\"thumbnailUrl\":\"https:\\\/\\\/bart-et-lemy.com\\\/blog\\\/wp-content\\\/uploads\\\/2025\\\/05\\\/sdxl-0d1c986de2df46a9425041a6c55add3b-scaled.png\",\"datePublished\":\"2025-04-27T17:19:00+00:00\",\"description\":\"Parents et futurs parents se demandent souvent : de quelle couleur seront les cheveux de mon b\u00e9b\u00e9 ?\",\"inLanguage\":\"fr-FR\",\"potentialAction\":[{\"@type\":\"ReadAction\",\"target\":[\"https:\\\/\\\/bart-et-lemy.com\\\/blog\\\/a-la-une\\\/comment-predire-la-couleur-des-cheveux-de-votre-bebe\\\/\"]}]},{\"@type\":\"ImageObject\",\"inLanguage\":\"fr-FR\",\"@id\":\"https:\\\/\\\/bart-et-lemy.com\\\/blog\\\/a-la-une\\\/comment-predire-la-couleur-des-cheveux-de-votre-bebe\\\/#primaryimage\",\"url\":\"https:\\\/\\\/bart-et-lemy.com\\\/blog\\\/wp-content\\\/uploads\\\/2025\\\/05\\\/sdxl-0d1c986de2df46a9425041a6c55add3b-scaled.png\",\"contentUrl\":\"https:\\\/\\\/bart-et-lemy.com\\\/blog\\\/wp-content\\\/uploads\\\/2025\\\/05\\\/sdxl-0d1c986de2df46a9425041a6c55add3b-scaled.png\",\"width\":1200,\"height\":500},{\"@type\":\"WebSite\",\"@id\":\"https:\\\/\\\/bart-et-lemy.com\\\/blog\\\/#website\",\"url\":\"https:\\\/\\\/bart-et-lemy.com\\\/blog\\\/\",\"name\":\"Bart et Lemy\",\"description\":\"L\u2019originalit\u00e9 en toute libert\u00e9.\",\"publisher\":{\"@id\":\"https:\\\/\\\/bart-et-lemy.com\\\/blog\\\/#organization\"},\"alternateName\":\"Conseils parentaux, astuces famille et bien-\u00eatre enfant\",\"potentialAction\":[{\"@type\":\"SearchAction\",\"target\":{\"@type\":\"EntryPoint\",\"urlTemplate\":\"https:\\\/\\\/bart-et-lemy.com\\\/blog\\\/?s={search_term_string}\"},\"query-input\":{\"@type\":\"PropertyValueSpecification\",\"valueRequired\":true,\"valueName\":\"search_term_string\"}}],\"inLanguage\":\"fr-FR\"},{\"@type\":\"Organization\",\"@id\":\"https:\\\/\\\/bart-et-lemy.com\\\/blog\\\/#organization\",\"name\":\"Bart et Lemy\",\"alternateName\":\"bart-et-lemy.com\",\"url\":\"https:\\\/\\\/bart-et-lemy.com\\\/blog\\\/\",\"logo\":{\"@type\":\"ImageObject\",\"inLanguage\":\"fr-FR\",\"@id\":\"https:\\\/\\\/bart-et-lemy.com\\\/blog\\\/#\\\/schema\\\/logo\\\/image\\\/\",\"url\":\"https:\\\/\\\/bart-et-lemy.com\\\/blog\\\/wp-content\\\/uploads\\\/2026\\\/07\\\/logo-auto.png\",\"contentUrl\":\"https:\\\/\\\/bart-et-lemy.com\\\/blog\\\/wp-content\\\/uploads\\\/2026\\\/07\\\/logo-auto.png\",\"width\":1024,\"height\":1024,\"caption\":\"Bart et Lemy\"},\"image\":{\"@id\":\"https:\\\/\\\/bart-et-lemy.com\\\/blog\\\/#\\\/schema\\\/logo\\\/image\\\/\"}},{\"@type\":\"Person\",\"@id\":\"https:\\\/\\\/bart-et-lemy.com\\\/blog\\\/#\\\/schema\\\/person\\\/3c864cdc320801e3db34b663e7e3f816\",\"name\":\"Elodie Mazeau\",\"image\":{\"@type\":\"ImageObject\",\"inLanguage\":\"fr-FR\",\"@id\":\"https:\\\/\\\/bart-et-lemy.com\\\/blog\\\/wp-content\\\/uploads\\\/2026\\\/06\\\/persona_elodie-m-96x96.jpg\",\"url\":\"https:\\\/\\\/bart-et-lemy.com\\\/blog\\\/wp-content\\\/uploads\\\/2026\\\/06\\\/persona_elodie-m-96x96.jpg\",\"contentUrl\":\"https:\\\/\\\/bart-et-lemy.com\\\/blog\\\/wp-content\\\/uploads\\\/2026\\\/06\\\/persona_elodie-m-96x96.jpg\",\"caption\":\"Elodie Mazeau\"},\"description\":\"J'\u00e9cris sur la parentalit\u00e9 telle qu'elle se vit vraiment, du premier biberon aux premi\u00e8res col\u00e8res. Mes sujets de pr\u00e9dilection couvrent le quotidien des familles : sommeil, alimentation, organisation, pu\u00e9riculture et ces petites gal\u00e8res que tout parent conna\u00eet. Depuis plusieurs ann\u00e9es, je m'attache \u00e0 proposer des rep\u00e8res concrets plut\u00f4t que des le\u00e7ons, parce que chaque famille trouve son propre \u00e9quilibre. Je v\u00e9rifie mes informations aupr\u00e8s de sources fiables, surtout d\u00e8s qu'on touche \u00e0 la sant\u00e9 ou \u00e0 la s\u00e9curit\u00e9 de l'enfant, et je pr\u00e9cise quand un avis professionnel s'impose. J'\u00e9vite soigneusement la culpabilisation : \u00eatre parent est d\u00e9j\u00e0 assez exigeant. Mon ton se veut complice et bienveillant, un peu comme une discussion entre parents qui se comprennent. L'id\u00e9e est d'all\u00e9ger la charge mentale en donnant des solutions simples et test\u00e9es.\",\"sameAs\":[\"https:\\\/\\\/elodiemazeau.fr\\\/\"],\"url\":\"https:\\\/\\\/bart-et-lemy.com\\\/blog\\\/auteur\\\/noname\\\/\"}]}<\/script>\n<!-- \/ Yoast SEO Premium plugin. -->","yoast_head_json":{"title":"Comment pr\u00e9dire la couleur des cheveux de votre b\u00e9b\u00e9 ?","description":"Parents et futurs parents se demandent souvent : de quelle couleur seront les cheveux de mon b\u00e9b\u00e9 ?","robots":{"index":"index","follow":"follow","max-snippet":"max-snippet:-1","max-image-preview":"max-image-preview:large","max-video-preview":"max-video-preview:-1"},"canonical":"https:\/\/bart-et-lemy.com\/blog\/a-la-une\/comment-predire-la-couleur-des-cheveux-de-votre-bebe\/","og_locale":"fr_FR","og_type":"article","og_title":"Comment pr\u00e9dire la couleur des cheveux de votre b\u00e9b\u00e9 ?","og_description":"Parents et futurs parents se demandent souvent : de quelle couleur seront les cheveux de mon b\u00e9b\u00e9 ?","og_url":"https:\/\/bart-et-lemy.com\/blog\/a-la-une\/comment-predire-la-couleur-des-cheveux-de-votre-bebe\/","og_site_name":"bart-et-lemy.com","og_image":[{"width":1200,"height":500,"url":"https:\/\/bart-et-lemy.com\/blog\/wp-content\/uploads\/2025\/05\/sdxl-0d1c986de2df46a9425041a6c55add3b-scaled.png","type":"image\/png"}],"author":"Elodie Mazeau","twitter_card":"summary_large_image","schema":{"@context":"https:\/\/schema.org","@graph":[{"@type":"NewsArticle","@id":"https:\/\/bart-et-lemy.com\/blog\/a-la-une\/comment-predire-la-couleur-des-cheveux-de-votre-bebe\/#article","isPartOf":{"@id":"https:\/\/bart-et-lemy.com\/blog\/a-la-une\/comment-predire-la-couleur-des-cheveux-de-votre-bebe\/"},"author":{"name":"Elodie Mazeau","@id":"https:\/\/bart-et-lemy.com\/blog\/#\/schema\/person\/3c864cdc320801e3db34b663e7e3f816"},"headline":"Comment pr\u00e9dire la couleur des cheveux de votre b\u00e9b\u00e9 ?","datePublished":"2025-04-27T17:19:00+00:00","mainEntityOfPage":{"@id":"https:\/\/bart-et-lemy.com\/blog\/a-la-une\/comment-predire-la-couleur-des-cheveux-de-votre-bebe\/"},"wordCount":688,"commentCount":17,"publisher":{"@id":"https:\/\/bart-et-lemy.com\/blog\/#organization"},"image":{"@id":"https:\/\/bart-et-lemy.com\/blog\/a-la-une\/comment-predire-la-couleur-des-cheveux-de-votre-bebe\/#primaryimage"},"thumbnailUrl":"https:\/\/bart-et-lemy.com\/blog\/wp-content\/uploads\/2025\/05\/sdxl-0d1c986de2df46a9425041a6c55add3b-scaled.png","keywords":["B\u00e9b\u00e9","Couleur","Facteurs","G\u00e9n\u00e9tique","H\u00e9r\u00e9dit\u00e9","Surprises"],"articleSection":["\u00c0 la une"],"inLanguage":"fr-FR","potentialAction":[{"@type":"CommentAction","name":"Comment","target":["https:\/\/bart-et-lemy.com\/blog\/a-la-une\/comment-predire-la-couleur-des-cheveux-de-votre-bebe\/#respond"]}]},{"@type":"WebPage","@id":"https:\/\/bart-et-lemy.com\/blog\/a-la-une\/comment-predire-la-couleur-des-cheveux-de-votre-bebe\/","url":"https:\/\/bart-et-lemy.com\/blog\/a-la-une\/comment-predire-la-couleur-des-cheveux-de-votre-bebe\/","name":"Comment pr\u00e9dire la couleur des cheveux de votre b\u00e9b\u00e9 ?","isPartOf":{"@id":"https:\/\/bart-et-lemy.com\/blog\/#website"},"primaryImageOfPage":{"@id":"https:\/\/bart-et-lemy.com\/blog\/a-la-une\/comment-predire-la-couleur-des-cheveux-de-votre-bebe\/#primaryimage"},"image":{"@id":"https:\/\/bart-et-lemy.com\/blog\/a-la-une\/comment-predire-la-couleur-des-cheveux-de-votre-bebe\/#primaryimage"},"thumbnailUrl":"https:\/\/bart-et-lemy.com\/blog\/wp-content\/uploads\/2025\/05\/sdxl-0d1c986de2df46a9425041a6c55add3b-scaled.png","datePublished":"2025-04-27T17:19:00+00:00","description":"Parents et futurs parents se demandent souvent : de quelle couleur seront les cheveux de mon b\u00e9b\u00e9 ?","inLanguage":"fr-FR","potentialAction":[{"@type":"ReadAction","target":["https:\/\/bart-et-lemy.com\/blog\/a-la-une\/comment-predire-la-couleur-des-cheveux-de-votre-bebe\/"]}]},{"@type":"ImageObject","inLanguage":"fr-FR","@id":"https:\/\/bart-et-lemy.com\/blog\/a-la-une\/comment-predire-la-couleur-des-cheveux-de-votre-bebe\/#primaryimage","url":"https:\/\/bart-et-lemy.com\/blog\/wp-content\/uploads\/2025\/05\/sdxl-0d1c986de2df46a9425041a6c55add3b-scaled.png","contentUrl":"https:\/\/bart-et-lemy.com\/blog\/wp-content\/uploads\/2025\/05\/sdxl-0d1c986de2df46a9425041a6c55add3b-scaled.png","width":1200,"height":500},{"@type":"WebSite","@id":"https:\/\/bart-et-lemy.com\/blog\/#website","url":"https:\/\/bart-et-lemy.com\/blog\/","name":"Bart et Lemy","description":"L\u2019originalit\u00e9 en toute libert\u00e9.","publisher":{"@id":"https:\/\/bart-et-lemy.com\/blog\/#organization"},"alternateName":"Conseils parentaux, astuces famille et bien-\u00eatre enfant","potentialAction":[{"@type":"SearchAction","target":{"@type":"EntryPoint","urlTemplate":"https:\/\/bart-et-lemy.com\/blog\/?s={search_term_string}"},"query-input":{"@type":"PropertyValueSpecification","valueRequired":true,"valueName":"search_term_string"}}],"inLanguage":"fr-FR"},{"@type":"Organization","@id":"https:\/\/bart-et-lemy.com\/blog\/#organization","name":"Bart et Lemy","alternateName":"bart-et-lemy.com","url":"https:\/\/bart-et-lemy.com\/blog\/","logo":{"@type":"ImageObject","inLanguage":"fr-FR","@id":"https:\/\/bart-et-lemy.com\/blog\/#\/schema\/logo\/image\/","url":"https:\/\/bart-et-lemy.com\/blog\/wp-content\/uploads\/2026\/07\/logo-auto.png","contentUrl":"https:\/\/bart-et-lemy.com\/blog\/wp-content\/uploads\/2026\/07\/logo-auto.png","width":1024,"height":1024,"caption":"Bart et Lemy"},"image":{"@id":"https:\/\/bart-et-lemy.com\/blog\/#\/schema\/logo\/image\/"}},{"@type":"Person","@id":"https:\/\/bart-et-lemy.com\/blog\/#\/schema\/person\/3c864cdc320801e3db34b663e7e3f816","name":"Elodie Mazeau","image":{"@type":"ImageObject","inLanguage":"fr-FR","@id":"https:\/\/bart-et-lemy.com\/blog\/wp-content\/uploads\/2026\/06\/persona_elodie-m-96x96.jpg","url":"https:\/\/bart-et-lemy.com\/blog\/wp-content\/uploads\/2026\/06\/persona_elodie-m-96x96.jpg","contentUrl":"https:\/\/bart-et-lemy.com\/blog\/wp-content\/uploads\/2026\/06\/persona_elodie-m-96x96.jpg","caption":"Elodie Mazeau"},"description":"J'\u00e9cris sur la parentalit\u00e9 telle qu'elle se vit vraiment, du premier biberon aux premi\u00e8res col\u00e8res. Mes sujets de pr\u00e9dilection couvrent le quotidien des familles : sommeil, alimentation, organisation, pu\u00e9riculture et ces petites gal\u00e8res que tout parent conna\u00eet. Depuis plusieurs ann\u00e9es, je m'attache \u00e0 proposer des rep\u00e8res concrets plut\u00f4t que des le\u00e7ons, parce que chaque famille trouve son propre \u00e9quilibre. Je v\u00e9rifie mes informations aupr\u00e8s de sources fiables, surtout d\u00e8s qu'on touche \u00e0 la sant\u00e9 ou \u00e0 la s\u00e9curit\u00e9 de l'enfant, et je pr\u00e9cise quand un avis professionnel s'impose. J'\u00e9vite soigneusement la culpabilisation : \u00eatre parent est d\u00e9j\u00e0 assez exigeant. Mon ton se veut complice et bienveillant, un peu comme une discussion entre parents qui se comprennent. L'id\u00e9e est d'all\u00e9ger la charge mentale en donnant des solutions simples et test\u00e9es.","sameAs":["https:\/\/elodiemazeau.fr\/"],"url":"https:\/\/bart-et-lemy.com\/blog\/auteur\/noname\/"}]}},"_links":{"self":[{"href":"https:\/\/bart-et-lemy.com\/blog\/wp-json\/wp\/v2\/posts\/9012","targetHints":{"allow":["GET"]}}],"collection":[{"href":"https:\/\/bart-et-lemy.com\/blog\/wp-json\/wp\/v2\/posts"}],"about":[{"href":"https:\/\/bart-et-lemy.com\/blog\/wp-json\/wp\/v2\/types\/post"}],"author":[{"embeddable":true,"href":"https:\/\/bart-et-lemy.com\/blog\/wp-json\/wp\/v2\/users\/34"}],"replies":[{"embeddable":true,"href":"https:\/\/bart-et-lemy.com\/blog\/wp-json\/wp\/v2\/comments?post=9012"}],"version-history":[{"count":1,"href":"https:\/\/bart-et-lemy.com\/blog\/wp-json\/wp\/v2\/posts\/9012\/revisions"}],"predecessor-version":[{"id":10631,"href":"https:\/\/bart-et-lemy.com\/blog\/wp-json\/wp\/v2\/posts\/9012\/revisions\/10631"}],"wp:featuredmedia":[{"embeddable":true,"href":"https:\/\/bart-et-lemy.com\/blog\/wp-json\/wp\/v2\/media\/10776"}],"wp:attachment":[{"href":"https:\/\/bart-et-lemy.com\/blog\/wp-json\/wp\/v2\/media?parent=9012"}],"wp:term":[{"taxonomy":"category","embeddable":true,"href":"https:\/\/bart-et-lemy.com\/blog\/wp-json\/wp\/v2\/categories?post=9012"},{"taxonomy":"post_tag","embeddable":true,"href":"https:\/\/bart-et-lemy.com\/blog\/wp-json\/wp\/v2\/tags?post=9012"}],"curies":[{"name":"wp","href":"https:\/\/api.w.org\/{rel}","templated":true}]}}