{"id":9020,"date":"2025-03-24T16:39:00","date_gmt":"2025-03-24T15:39:00","guid":{"rendered":"https:\/\/bart-et-lemy.com\/blog\/?p=9020"},"modified":"2025-02-10T17:54:39","modified_gmt":"2025-02-10T16:54:39","slug":"photographe-bebe-a-besancon-capturer-linnocence-de-vos-petits-tresors","status":"publish","type":"post","link":"https:\/\/bart-et-lemy.com\/blog\/a-la-une\/photographe-bebe-a-besancon-capturer-linnocence-de-vos-petits-tresors\/","title":{"rendered":"Photographe b\u00e9b\u00e9 \u00e0 Besan\u00e7on : Capturer l&rsquo;Innocence de Vos Petits Tr\u00e9sors"},"content":{"rendered":"<h2>Pourquoi choisir un photographe pour b\u00e9b\u00e9 \u00e0 Besan\u00e7on ?<\/h2>\n<p>Ces instants sont \u00e9ph\u00e9m\u00e8res et se transforment rapidement. Un photographe sp\u00e9cialis\u00e9 saura capturer ces moments uniques avec sensibilit\u00e9 et art.<\/p>\n<p>\u00c0 Besan\u00e7on, plusieurs photographes se distinguent par leur expertise dans la photographie de b\u00e9b\u00e9. Ils comprennent les besoins sp\u00e9cifiques des jeunes parents et savent cr\u00e9er une atmosph\u00e8re calme pour que votre enfant se sente \u00e0 l&rsquo;aise. Leurs comp\u00e9tences permettent de mettre en valeur la beaut\u00e9 naturelle de votre enfant, tout en cr\u00e9ant des souvenirs imp\u00e9rissables.<\/p>\n<h2>Les styles de photographie de b\u00e9b\u00e9<\/h2>\n<p>Les photographes \u00e0 Besan\u00e7on offrent une vari\u00e9t\u00e9 de styles pour immortaliser votre b\u00e9b\u00e9. Voici quelques-uns des plus populaires :<\/p>\n<blockquote class=\"wp-embedded-content\" data-secret=\"9F5ojdBSY6\"><p><a href=\"https:\/\/bart-et-lemy.com\/blog\/a-la-une\/bebe-nageur-decouvrez-les-bienfaits-de-la-piscine-sans-chlore\/\">B\u00e9b\u00e9 nageur : d\u00e9couvrez les bienfaits de la piscine sans chlore<\/a><\/p><\/blockquote>\n<p><iframe loading=\"lazy\" class=\"wp-embedded-content\" sandbox=\"allow-scripts\" security=\"restricted\" style=\"position: absolute; visibility: hidden;\" title=\"\u00ab\u00a0B\u00e9b\u00e9 nageur : d\u00e9couvrez les bienfaits de la piscine sans chlore\u00a0\u00bb &#8212; bart-et-lemy.com\" src=\"https:\/\/bart-et-lemy.com\/blog\/a-la-une\/bebe-nageur-decouvrez-les-bienfaits-de-la-piscine-sans-chlore\/embed\/#?secret=dpEic47DbT#?secret=9F5ojdBSY6\" data-secret=\"9F5ojdBSY6\" width=\"600\" height=\"338\" frameborder=\"0\" marginwidth=\"0\" marginheight=\"0\" scrolling=\"no\"><\/iframe><\/p>\n<ul>\n<li><strong>Photographie lifestyle :<\/strong> Ce style capture des moments authentiques au sein de votre maison ou dans un cadre naturel.<\/li>\n<li><strong>Photographie artistique :<\/strong> Un m\u00e9lange de poses cr\u00e9atives et d&rsquo;\u00e9l\u00e9ments artistiques pour une approche plus stylis\u00e9e.<\/li>\n<li><strong>Photographie de nouveau-n\u00e9 :<\/strong> Capturer les premiers jours de vie de votre b\u00e9b\u00e9, souvent dans un studio sp\u00e9cialis\u00e9.<\/li>\n<\/ul>\n<p>Chaque style pr\u00e9sente des avantages uniques qui r\u00e9pondent aux go\u00fbts et aux pr\u00e9f\u00e9rences des parents. Choisir le bon style permettra de refl\u00e9ter la personnalit\u00e9 de votre enfant et l&rsquo;ambiance que vous souhaitez cr\u00e9er.<\/p>\n<h2>Comment se pr\u00e9parer \u00e0 une s\u00e9ance photo ?<\/h2>\n<p>Pr\u00e9parer une s\u00e9ance photo pour votre b\u00e9b\u00e9 n\u00e9cessite un peu d&rsquo;organisation. Voici quelques \u00e9tapes \u00e0 suivre pour garantir une exp\u00e9rience sereine :<\/p>\n<li><strong>Choisissez le bon moment :<\/strong> Privil\u00e9giez un moment o\u00f9 votre b\u00e9b\u00e9 est repos\u00e9 et de bonne humeur.<\/li>\n<li><strong>Pr\u00e9parez les accessoires :<\/strong> Pensez \u00e0 des v\u00eatements ou des jouets qui refl\u00e8tent la personnalit\u00e9 de votre enfant.<\/li>\n<li><strong>Cr\u00e9ez une ambiance calme :<\/strong> Assurez-vous que l&rsquo;environnement est apaisant, avec une lumi\u00e8re douce et une temp\u00e9rature agr\u00e9able.<\/li>\n<p>Ces \u00e9tapes permettent non seulement de pr\u00e9parer votre b\u00e9b\u00e9, mais aussi de faciliter le travail du photographe, assurant ainsi des r\u00e9sultats optimaux.<\/p>\n<blockquote class=\"wp-embedded-content\" data-secret=\"evNBIkVkuM\"><p><a href=\"https:\/\/bart-et-lemy.com\/blog\/a-la-une\/decouvrez-le-monde-fascinant-du-bebe-judo-bienfaits-et-conseils-pratiques\/\">D\u00e9couvrez le monde fascinant du b\u00e9b\u00e9 judo : bienfaits et conseils pratiques<\/a><\/p><\/blockquote>\n<p><iframe loading=\"lazy\" class=\"wp-embedded-content\" sandbox=\"allow-scripts\" security=\"restricted\" style=\"position: absolute; visibility: hidden;\" title=\"\u00ab\u00a0D\u00e9couvrez le monde fascinant du b\u00e9b\u00e9 judo : bienfaits et conseils pratiques\u00a0\u00bb &#8212; bart-et-lemy.com\" src=\"https:\/\/bart-et-lemy.com\/blog\/a-la-une\/decouvrez-le-monde-fascinant-du-bebe-judo-bienfaits-et-conseils-pratiques\/embed\/#?secret=gIKcKB0Ji4#?secret=evNBIkVkuM\" data-secret=\"evNBIkVkuM\" width=\"600\" height=\"338\" frameborder=\"0\" marginwidth=\"0\" marginheight=\"0\" scrolling=\"no\"><\/iframe><\/p>\n<h2>Quelles sont les attentes lors d&rsquo;une s\u00e9ance photo ?<\/h2>\n<p>Lorsque vous choisissez un photographe pour votre b\u00e9b\u00e9, il est essentiel d&rsquo;avoir des attentes claires. Voici quelques points \u00e0 consid\u00e9rer :<\/p>\n<table>\n<tr>\n<th>Aspect<\/th>\n<th>Attentes<\/th>\n<th>Conseils<\/th>\n<\/tr>\n<tr>\n<td>Dur\u00e9e de la s\u00e9ance<\/td>\n<td>Environ 1 \u00e0 3 heures<\/td>\n<td>Pr\u00e9parez-vous \u00e0 des pauses fr\u00e9quentes.<\/td>\n<\/tr>\n<tr>\n<td>Nombre de photos<\/td>\n<td>Environ 20 \u00e0 50<\/td>\n<td>Discutez des options de retouche.<\/td>\n<\/tr>\n<tr>\n<td>Prix<\/td>\n<td>Varie selon le photographe<\/td>\n<td>V\u00e9rifiez les packages propos\u00e9s.<\/td>\n<\/tr>\n<\/table>\n<p>Ces \u00e9l\u00e9ments vous aideront \u00e0 mieux comprendre le d\u00e9roulement de la s\u00e9ance et \u00e0 profiter pleinement de l&rsquo;exp\u00e9rience.<\/p>\n<blockquote>\n<p><strong>\u00ab\u00a0Un bon photographe ne capture pas seulement des images, il immortalise des souvenirs.\u00a0\u00bb &#8211; Anonyme<\/strong><\/p>\n<\/blockquote>\n<h3>FAQ :<\/h3>\n<blockquote>\n<ul>\n<li><strong>Quel est le meilleur moment pour photographier un nouveau-n\u00e9 ?<\/strong>Les premi\u00e8res semaines apr\u00e8s la naissance sont id\u00e9ales.<\/li>\n<li><strong>Faut-il apporter des v\u00eatements pour la s\u00e9ance ?<\/strong>Oui, des v\u00eatements qui mettent en valeur votre b\u00e9b\u00e9 sont recommand\u00e9s.<\/li>\n<li><strong>Combien de temps dure une s\u00e9ance photo ?<\/strong>En g\u00e9n\u00e9ral, comptez entre 1 et 3 heures.<\/li>\n<li><strong>Peut-on inclure des membres de la famille ?<\/strong>Oui, les s\u00e9ances familiales sont souvent les bienvenues.<\/li>\n<\/ul>\n<\/blockquote>\n<p>Choisir un photographe pour b\u00e9b\u00e9 \u00e0 Besan\u00e7on permet de conserver des souvenirs inestimables de votre enfant. En suivant ces conseils et en \u00e9tant bien pr\u00e9par\u00e9, vous maximisez vos chances de vivre une exp\u00e9rience agr\u00e9able, tant pour vous que pour votre petit tr\u00e9sor. Immortalisez ces moments fugaces et faites-en des souvenirs \u00e9ternels.<\/p>\n","protected":false},"excerpt":{"rendered":"","protected":false},"author":34,"featured_media":11041,"comment_status":"open","ping_status":"open","sticky":false,"template":"","format":"standard","meta":{"_acf_changed":false,"manual_indexmenow":false,"indexmenow_id_project":0,"footnotes":""},"categories":[1],"tags":[4590,6160,5203,4801,4680,4657],"class_list":["post-9020","post","type-post","status-publish","format-standard","has-post-thumbnail","hentry","category-a-la-une","tag-bebe","tag-besancon","tag-photographe","tag-photographie","tag-seance-photo","tag-souvenirs","generate-columns","tablet-grid-50","mobile-grid-100","grid-parent","grid-25"],"acf":[],"yoast_head":"<!-- This site is optimized with the Yoast SEO Premium plugin v21.3 (Yoast SEO v27.3) - https:\/\/yoast.com\/product\/yoast-seo-premium-wordpress\/ -->\n<title>Photographe b\u00e9b\u00e9 \u00e0 Besan\u00e7on<\/title>\n<meta name=\"description\" content=\"Ces instants sont \u00e9ph\u00e9m\u00e8res et se transforment rapidement. Un photographe sp\u00e9cialis\u00e9 saura capturer ces moments uniques avec sensibilit\u00e9 et art.\" \/>\n<meta name=\"robots\" content=\"index, follow, max-snippet:-1, max-image-preview:large, max-video-preview:-1\" \/>\n<link rel=\"canonical\" href=\"https:\/\/bart-et-lemy.com\/blog\/a-la-une\/photographe-bebe-a-besancon-capturer-linnocence-de-vos-petits-tresors\/\" \/>\n<meta property=\"og:locale\" content=\"fr_FR\" \/>\n<meta property=\"og:type\" content=\"article\" \/>\n<meta property=\"og:title\" content=\"Photographe b\u00e9b\u00e9 \u00e0 Besan\u00e7on\" \/>\n<meta property=\"og:description\" content=\"Ces instants sont \u00e9ph\u00e9m\u00e8res et se transforment rapidement. Un photographe sp\u00e9cialis\u00e9 saura capturer ces moments uniques avec sensibilit\u00e9 et art.\" \/>\n<meta property=\"og:url\" content=\"https:\/\/bart-et-lemy.com\/blog\/a-la-une\/photographe-bebe-a-besancon-capturer-linnocence-de-vos-petits-tresors\/\" \/>\n<meta property=\"og:site_name\" content=\"bart-et-lemy.com\" \/>\n<meta property=\"og:image\" content=\"https:\/\/bart-et-lemy.com\/blog\/wp-content\/uploads\/2025\/05\/sdxl-1ec4610f6b28404a42e6467a9e2e919a-scaled.png\" \/>\n\t<meta property=\"og:image:width\" content=\"1200\" \/>\n\t<meta property=\"og:image:height\" content=\"500\" \/>\n\t<meta property=\"og:image:type\" content=\"image\/png\" \/>\n<meta name=\"author\" content=\"Elodie Mazeau\" \/>\n<meta name=\"twitter:card\" content=\"summary_large_image\" \/>\n<script type=\"application\/ld+json\" class=\"yoast-schema-graph\">{\"@context\":\"https:\\\/\\\/schema.org\",\"@graph\":[{\"@type\":\"NewsArticle\",\"@id\":\"https:\\\/\\\/bart-et-lemy.com\\\/blog\\\/a-la-une\\\/photographe-bebe-a-besancon-capturer-linnocence-de-vos-petits-tresors\\\/#article\",\"isPartOf\":{\"@id\":\"https:\\\/\\\/bart-et-lemy.com\\\/blog\\\/a-la-une\\\/photographe-bebe-a-besancon-capturer-linnocence-de-vos-petits-tresors\\\/\"},\"author\":{\"name\":\"Elodie Mazeau\",\"@id\":\"https:\\\/\\\/bart-et-lemy.com\\\/blog\\\/#\\\/schema\\\/person\\\/3c864cdc320801e3db34b663e7e3f816\"},\"headline\":\"Photographe b\u00e9b\u00e9 \u00e0 Besan\u00e7on : Capturer l&rsquo;Innocence de Vos Petits Tr\u00e9sors\",\"datePublished\":\"2025-03-24T15:39:00+00:00\",\"mainEntityOfPage\":{\"@id\":\"https:\\\/\\\/bart-et-lemy.com\\\/blog\\\/a-la-une\\\/photographe-bebe-a-besancon-capturer-linnocence-de-vos-petits-tresors\\\/\"},\"wordCount\":599,\"commentCount\":19,\"publisher\":{\"@id\":\"https:\\\/\\\/bart-et-lemy.com\\\/blog\\\/#organization\"},\"image\":{\"@id\":\"https:\\\/\\\/bart-et-lemy.com\\\/blog\\\/a-la-une\\\/photographe-bebe-a-besancon-capturer-linnocence-de-vos-petits-tresors\\\/#primaryimage\"},\"thumbnailUrl\":\"https:\\\/\\\/bart-et-lemy.com\\\/blog\\\/wp-content\\\/uploads\\\/2025\\\/05\\\/sdxl-1ec4610f6b28404a42e6467a9e2e919a-scaled.png\",\"keywords\":[\"B\u00e9b\u00e9\",\"Besan\u00e7on\",\"Photographe\",\"Photographie\",\"S\u00e9ance Photo\",\"Souvenirs\"],\"articleSection\":[\"\u00c0 la une\"],\"inLanguage\":\"fr-FR\",\"potentialAction\":[{\"@type\":\"CommentAction\",\"name\":\"Comment\",\"target\":[\"https:\\\/\\\/bart-et-lemy.com\\\/blog\\\/a-la-une\\\/photographe-bebe-a-besancon-capturer-linnocence-de-vos-petits-tresors\\\/#respond\"]}]},{\"@type\":\"WebPage\",\"@id\":\"https:\\\/\\\/bart-et-lemy.com\\\/blog\\\/a-la-une\\\/photographe-bebe-a-besancon-capturer-linnocence-de-vos-petits-tresors\\\/\",\"url\":\"https:\\\/\\\/bart-et-lemy.com\\\/blog\\\/a-la-une\\\/photographe-bebe-a-besancon-capturer-linnocence-de-vos-petits-tresors\\\/\",\"name\":\"Photographe b\u00e9b\u00e9 \u00e0 Besan\u00e7on\",\"isPartOf\":{\"@id\":\"https:\\\/\\\/bart-et-lemy.com\\\/blog\\\/#website\"},\"primaryImageOfPage\":{\"@id\":\"https:\\\/\\\/bart-et-lemy.com\\\/blog\\\/a-la-une\\\/photographe-bebe-a-besancon-capturer-linnocence-de-vos-petits-tresors\\\/#primaryimage\"},\"image\":{\"@id\":\"https:\\\/\\\/bart-et-lemy.com\\\/blog\\\/a-la-une\\\/photographe-bebe-a-besancon-capturer-linnocence-de-vos-petits-tresors\\\/#primaryimage\"},\"thumbnailUrl\":\"https:\\\/\\\/bart-et-lemy.com\\\/blog\\\/wp-content\\\/uploads\\\/2025\\\/05\\\/sdxl-1ec4610f6b28404a42e6467a9e2e919a-scaled.png\",\"datePublished\":\"2025-03-24T15:39:00+00:00\",\"description\":\"Ces instants sont \u00e9ph\u00e9m\u00e8res et se transforment rapidement. Un photographe sp\u00e9cialis\u00e9 saura capturer ces moments uniques avec sensibilit\u00e9 et art.\",\"inLanguage\":\"fr-FR\",\"potentialAction\":[{\"@type\":\"ReadAction\",\"target\":[\"https:\\\/\\\/bart-et-lemy.com\\\/blog\\\/a-la-une\\\/photographe-bebe-a-besancon-capturer-linnocence-de-vos-petits-tresors\\\/\"]}]},{\"@type\":\"ImageObject\",\"inLanguage\":\"fr-FR\",\"@id\":\"https:\\\/\\\/bart-et-lemy.com\\\/blog\\\/a-la-une\\\/photographe-bebe-a-besancon-capturer-linnocence-de-vos-petits-tresors\\\/#primaryimage\",\"url\":\"https:\\\/\\\/bart-et-lemy.com\\\/blog\\\/wp-content\\\/uploads\\\/2025\\\/05\\\/sdxl-1ec4610f6b28404a42e6467a9e2e919a-scaled.png\",\"contentUrl\":\"https:\\\/\\\/bart-et-lemy.com\\\/blog\\\/wp-content\\\/uploads\\\/2025\\\/05\\\/sdxl-1ec4610f6b28404a42e6467a9e2e919a-scaled.png\",\"width\":1200,\"height\":500},{\"@type\":\"WebSite\",\"@id\":\"https:\\\/\\\/bart-et-lemy.com\\\/blog\\\/#website\",\"url\":\"https:\\\/\\\/bart-et-lemy.com\\\/blog\\\/\",\"name\":\"Bart et Lemy\",\"description\":\"L\u2019originalit\u00e9 en toute libert\u00e9.\",\"publisher\":{\"@id\":\"https:\\\/\\\/bart-et-lemy.com\\\/blog\\\/#organization\"},\"alternateName\":\"Conseils parentaux, astuces famille et bien-\u00eatre enfant\",\"potentialAction\":[{\"@type\":\"SearchAction\",\"target\":{\"@type\":\"EntryPoint\",\"urlTemplate\":\"https:\\\/\\\/bart-et-lemy.com\\\/blog\\\/?s={search_term_string}\"},\"query-input\":{\"@type\":\"PropertyValueSpecification\",\"valueRequired\":true,\"valueName\":\"search_term_string\"}}],\"inLanguage\":\"fr-FR\"},{\"@type\":\"Organization\",\"@id\":\"https:\\\/\\\/bart-et-lemy.com\\\/blog\\\/#organization\",\"name\":\"Bart et Lemy\",\"alternateName\":\"bart-et-lemy.com\",\"url\":\"https:\\\/\\\/bart-et-lemy.com\\\/blog\\\/\",\"logo\":{\"@type\":\"ImageObject\",\"inLanguage\":\"fr-FR\",\"@id\":\"https:\\\/\\\/bart-et-lemy.com\\\/blog\\\/#\\\/schema\\\/logo\\\/image\\\/\",\"url\":\"https:\\\/\\\/bart-et-lemy.com\\\/blog\\\/wp-content\\\/uploads\\\/2026\\\/07\\\/logo-auto.png\",\"contentUrl\":\"https:\\\/\\\/bart-et-lemy.com\\\/blog\\\/wp-content\\\/uploads\\\/2026\\\/07\\\/logo-auto.png\",\"width\":1024,\"height\":1024,\"caption\":\"Bart et Lemy\"},\"image\":{\"@id\":\"https:\\\/\\\/bart-et-lemy.com\\\/blog\\\/#\\\/schema\\\/logo\\\/image\\\/\"}},{\"@type\":\"Person\",\"@id\":\"https:\\\/\\\/bart-et-lemy.com\\\/blog\\\/#\\\/schema\\\/person\\\/3c864cdc320801e3db34b663e7e3f816\",\"name\":\"Elodie Mazeau\",\"image\":{\"@type\":\"ImageObject\",\"inLanguage\":\"fr-FR\",\"@id\":\"https:\\\/\\\/bart-et-lemy.com\\\/blog\\\/wp-content\\\/uploads\\\/2026\\\/06\\\/persona_elodie-m-96x96.jpg\",\"url\":\"https:\\\/\\\/bart-et-lemy.com\\\/blog\\\/wp-content\\\/uploads\\\/2026\\\/06\\\/persona_elodie-m-96x96.jpg\",\"contentUrl\":\"https:\\\/\\\/bart-et-lemy.com\\\/blog\\\/wp-content\\\/uploads\\\/2026\\\/06\\\/persona_elodie-m-96x96.jpg\",\"caption\":\"Elodie Mazeau\"},\"description\":\"J'\u00e9cris sur la parentalit\u00e9 telle qu'elle se vit vraiment, du premier biberon aux premi\u00e8res col\u00e8res. Mes sujets de pr\u00e9dilection couvrent le quotidien des familles : sommeil, alimentation, organisation, pu\u00e9riculture et ces petites gal\u00e8res que tout parent conna\u00eet. Depuis plusieurs ann\u00e9es, je m'attache \u00e0 proposer des rep\u00e8res concrets plut\u00f4t que des le\u00e7ons, parce que chaque famille trouve son propre \u00e9quilibre. Je v\u00e9rifie mes informations aupr\u00e8s de sources fiables, surtout d\u00e8s qu'on touche \u00e0 la sant\u00e9 ou \u00e0 la s\u00e9curit\u00e9 de l'enfant, et je pr\u00e9cise quand un avis professionnel s'impose. J'\u00e9vite soigneusement la culpabilisation : \u00eatre parent est d\u00e9j\u00e0 assez exigeant. Mon ton se veut complice et bienveillant, un peu comme une discussion entre parents qui se comprennent. L'id\u00e9e est d'all\u00e9ger la charge mentale en donnant des solutions simples et test\u00e9es.\",\"sameAs\":[\"https:\\\/\\\/elodiemazeau.fr\\\/\"],\"url\":\"https:\\\/\\\/bart-et-lemy.com\\\/blog\\\/auteur\\\/noname\\\/\"}]}<\/script>\n<!-- \/ Yoast SEO Premium plugin. -->","yoast_head_json":{"title":"Photographe b\u00e9b\u00e9 \u00e0 Besan\u00e7on","description":"Ces instants sont \u00e9ph\u00e9m\u00e8res et se transforment rapidement. Un photographe sp\u00e9cialis\u00e9 saura capturer ces moments uniques avec sensibilit\u00e9 et art.","robots":{"index":"index","follow":"follow","max-snippet":"max-snippet:-1","max-image-preview":"max-image-preview:large","max-video-preview":"max-video-preview:-1"},"canonical":"https:\/\/bart-et-lemy.com\/blog\/a-la-une\/photographe-bebe-a-besancon-capturer-linnocence-de-vos-petits-tresors\/","og_locale":"fr_FR","og_type":"article","og_title":"Photographe b\u00e9b\u00e9 \u00e0 Besan\u00e7on","og_description":"Ces instants sont \u00e9ph\u00e9m\u00e8res et se transforment rapidement. Un photographe sp\u00e9cialis\u00e9 saura capturer ces moments uniques avec sensibilit\u00e9 et art.","og_url":"https:\/\/bart-et-lemy.com\/blog\/a-la-une\/photographe-bebe-a-besancon-capturer-linnocence-de-vos-petits-tresors\/","og_site_name":"bart-et-lemy.com","og_image":[{"width":1200,"height":500,"url":"https:\/\/bart-et-lemy.com\/blog\/wp-content\/uploads\/2025\/05\/sdxl-1ec4610f6b28404a42e6467a9e2e919a-scaled.png","type":"image\/png"}],"author":"Elodie Mazeau","twitter_card":"summary_large_image","schema":{"@context":"https:\/\/schema.org","@graph":[{"@type":"NewsArticle","@id":"https:\/\/bart-et-lemy.com\/blog\/a-la-une\/photographe-bebe-a-besancon-capturer-linnocence-de-vos-petits-tresors\/#article","isPartOf":{"@id":"https:\/\/bart-et-lemy.com\/blog\/a-la-une\/photographe-bebe-a-besancon-capturer-linnocence-de-vos-petits-tresors\/"},"author":{"name":"Elodie Mazeau","@id":"https:\/\/bart-et-lemy.com\/blog\/#\/schema\/person\/3c864cdc320801e3db34b663e7e3f816"},"headline":"Photographe b\u00e9b\u00e9 \u00e0 Besan\u00e7on : Capturer l&rsquo;Innocence de Vos Petits Tr\u00e9sors","datePublished":"2025-03-24T15:39:00+00:00","mainEntityOfPage":{"@id":"https:\/\/bart-et-lemy.com\/blog\/a-la-une\/photographe-bebe-a-besancon-capturer-linnocence-de-vos-petits-tresors\/"},"wordCount":599,"commentCount":19,"publisher":{"@id":"https:\/\/bart-et-lemy.com\/blog\/#organization"},"image":{"@id":"https:\/\/bart-et-lemy.com\/blog\/a-la-une\/photographe-bebe-a-besancon-capturer-linnocence-de-vos-petits-tresors\/#primaryimage"},"thumbnailUrl":"https:\/\/bart-et-lemy.com\/blog\/wp-content\/uploads\/2025\/05\/sdxl-1ec4610f6b28404a42e6467a9e2e919a-scaled.png","keywords":["B\u00e9b\u00e9","Besan\u00e7on","Photographe","Photographie","S\u00e9ance Photo","Souvenirs"],"articleSection":["\u00c0 la une"],"inLanguage":"fr-FR","potentialAction":[{"@type":"CommentAction","name":"Comment","target":["https:\/\/bart-et-lemy.com\/blog\/a-la-une\/photographe-bebe-a-besancon-capturer-linnocence-de-vos-petits-tresors\/#respond"]}]},{"@type":"WebPage","@id":"https:\/\/bart-et-lemy.com\/blog\/a-la-une\/photographe-bebe-a-besancon-capturer-linnocence-de-vos-petits-tresors\/","url":"https:\/\/bart-et-lemy.com\/blog\/a-la-une\/photographe-bebe-a-besancon-capturer-linnocence-de-vos-petits-tresors\/","name":"Photographe b\u00e9b\u00e9 \u00e0 Besan\u00e7on","isPartOf":{"@id":"https:\/\/bart-et-lemy.com\/blog\/#website"},"primaryImageOfPage":{"@id":"https:\/\/bart-et-lemy.com\/blog\/a-la-une\/photographe-bebe-a-besancon-capturer-linnocence-de-vos-petits-tresors\/#primaryimage"},"image":{"@id":"https:\/\/bart-et-lemy.com\/blog\/a-la-une\/photographe-bebe-a-besancon-capturer-linnocence-de-vos-petits-tresors\/#primaryimage"},"thumbnailUrl":"https:\/\/bart-et-lemy.com\/blog\/wp-content\/uploads\/2025\/05\/sdxl-1ec4610f6b28404a42e6467a9e2e919a-scaled.png","datePublished":"2025-03-24T15:39:00+00:00","description":"Ces instants sont \u00e9ph\u00e9m\u00e8res et se transforment rapidement. Un photographe sp\u00e9cialis\u00e9 saura capturer ces moments uniques avec sensibilit\u00e9 et art.","inLanguage":"fr-FR","potentialAction":[{"@type":"ReadAction","target":["https:\/\/bart-et-lemy.com\/blog\/a-la-une\/photographe-bebe-a-besancon-capturer-linnocence-de-vos-petits-tresors\/"]}]},{"@type":"ImageObject","inLanguage":"fr-FR","@id":"https:\/\/bart-et-lemy.com\/blog\/a-la-une\/photographe-bebe-a-besancon-capturer-linnocence-de-vos-petits-tresors\/#primaryimage","url":"https:\/\/bart-et-lemy.com\/blog\/wp-content\/uploads\/2025\/05\/sdxl-1ec4610f6b28404a42e6467a9e2e919a-scaled.png","contentUrl":"https:\/\/bart-et-lemy.com\/blog\/wp-content\/uploads\/2025\/05\/sdxl-1ec4610f6b28404a42e6467a9e2e919a-scaled.png","width":1200,"height":500},{"@type":"WebSite","@id":"https:\/\/bart-et-lemy.com\/blog\/#website","url":"https:\/\/bart-et-lemy.com\/blog\/","name":"Bart et Lemy","description":"L\u2019originalit\u00e9 en toute libert\u00e9.","publisher":{"@id":"https:\/\/bart-et-lemy.com\/blog\/#organization"},"alternateName":"Conseils parentaux, astuces famille et bien-\u00eatre enfant","potentialAction":[{"@type":"SearchAction","target":{"@type":"EntryPoint","urlTemplate":"https:\/\/bart-et-lemy.com\/blog\/?s={search_term_string}"},"query-input":{"@type":"PropertyValueSpecification","valueRequired":true,"valueName":"search_term_string"}}],"inLanguage":"fr-FR"},{"@type":"Organization","@id":"https:\/\/bart-et-lemy.com\/blog\/#organization","name":"Bart et Lemy","alternateName":"bart-et-lemy.com","url":"https:\/\/bart-et-lemy.com\/blog\/","logo":{"@type":"ImageObject","inLanguage":"fr-FR","@id":"https:\/\/bart-et-lemy.com\/blog\/#\/schema\/logo\/image\/","url":"https:\/\/bart-et-lemy.com\/blog\/wp-content\/uploads\/2026\/07\/logo-auto.png","contentUrl":"https:\/\/bart-et-lemy.com\/blog\/wp-content\/uploads\/2026\/07\/logo-auto.png","width":1024,"height":1024,"caption":"Bart et Lemy"},"image":{"@id":"https:\/\/bart-et-lemy.com\/blog\/#\/schema\/logo\/image\/"}},{"@type":"Person","@id":"https:\/\/bart-et-lemy.com\/blog\/#\/schema\/person\/3c864cdc320801e3db34b663e7e3f816","name":"Elodie Mazeau","image":{"@type":"ImageObject","inLanguage":"fr-FR","@id":"https:\/\/bart-et-lemy.com\/blog\/wp-content\/uploads\/2026\/06\/persona_elodie-m-96x96.jpg","url":"https:\/\/bart-et-lemy.com\/blog\/wp-content\/uploads\/2026\/06\/persona_elodie-m-96x96.jpg","contentUrl":"https:\/\/bart-et-lemy.com\/blog\/wp-content\/uploads\/2026\/06\/persona_elodie-m-96x96.jpg","caption":"Elodie Mazeau"},"description":"J'\u00e9cris sur la parentalit\u00e9 telle qu'elle se vit vraiment, du premier biberon aux premi\u00e8res col\u00e8res. Mes sujets de pr\u00e9dilection couvrent le quotidien des familles : sommeil, alimentation, organisation, pu\u00e9riculture et ces petites gal\u00e8res que tout parent conna\u00eet. Depuis plusieurs ann\u00e9es, je m'attache \u00e0 proposer des rep\u00e8res concrets plut\u00f4t que des le\u00e7ons, parce que chaque famille trouve son propre \u00e9quilibre. Je v\u00e9rifie mes informations aupr\u00e8s de sources fiables, surtout d\u00e8s qu'on touche \u00e0 la sant\u00e9 ou \u00e0 la s\u00e9curit\u00e9 de l'enfant, et je pr\u00e9cise quand un avis professionnel s'impose. J'\u00e9vite soigneusement la culpabilisation : \u00eatre parent est d\u00e9j\u00e0 assez exigeant. Mon ton se veut complice et bienveillant, un peu comme une discussion entre parents qui se comprennent. L'id\u00e9e est d'all\u00e9ger la charge mentale en donnant des solutions simples et test\u00e9es.","sameAs":["https:\/\/elodiemazeau.fr\/"],"url":"https:\/\/bart-et-lemy.com\/blog\/auteur\/noname\/"}]}},"_links":{"self":[{"href":"https:\/\/bart-et-lemy.com\/blog\/wp-json\/wp\/v2\/posts\/9020","targetHints":{"allow":["GET"]}}],"collection":[{"href":"https:\/\/bart-et-lemy.com\/blog\/wp-json\/wp\/v2\/posts"}],"about":[{"href":"https:\/\/bart-et-lemy.com\/blog\/wp-json\/wp\/v2\/types\/post"}],"author":[{"embeddable":true,"href":"https:\/\/bart-et-lemy.com\/blog\/wp-json\/wp\/v2\/users\/34"}],"replies":[{"embeddable":true,"href":"https:\/\/bart-et-lemy.com\/blog\/wp-json\/wp\/v2\/comments?post=9020"}],"version-history":[{"count":1,"href":"https:\/\/bart-et-lemy.com\/blog\/wp-json\/wp\/v2\/posts\/9020\/revisions"}],"predecessor-version":[{"id":10118,"href":"https:\/\/bart-et-lemy.com\/blog\/wp-json\/wp\/v2\/posts\/9020\/revisions\/10118"}],"wp:featuredmedia":[{"embeddable":true,"href":"https:\/\/bart-et-lemy.com\/blog\/wp-json\/wp\/v2\/media\/11041"}],"wp:attachment":[{"href":"https:\/\/bart-et-lemy.com\/blog\/wp-json\/wp\/v2\/media?parent=9020"}],"wp:term":[{"taxonomy":"category","embeddable":true,"href":"https:\/\/bart-et-lemy.com\/blog\/wp-json\/wp\/v2\/categories?post=9020"},{"taxonomy":"post_tag","embeddable":true,"href":"https:\/\/bart-et-lemy.com\/blog\/wp-json\/wp\/v2\/tags?post=9020"}],"curies":[{"name":"wp","href":"https:\/\/api.w.org\/{rel}","templated":true}]}}