{"id":9022,"date":"2025-04-27T19:39:00","date_gmt":"2025-04-27T17:39:00","guid":{"rendered":"https:\/\/bart-et-lemy.com\/blog\/?p=9022"},"modified":"2025-02-10T17:56:12","modified_gmt":"2025-02-10T16:56:12","slug":"a-quel-age-bebe-peut-il-dormir-chez-mamie-conseils-pour-une-premiere-nuit-reussie","status":"publish","type":"post","link":"https:\/\/bart-et-lemy.com\/blog\/a-la-une\/a-quel-age-bebe-peut-il-dormir-chez-mamie-conseils-pour-une-premiere-nuit-reussie\/","title":{"rendered":"\u00c0 quel \u00e2ge b\u00e9b\u00e9 peut-il dormir chez mamie ? Conseils pour une premi\u00e8re nuit r\u00e9ussie"},"content":{"rendered":"<p>Quel est l&rsquo;\u00e2ge id\u00e9al pour cette exp\u00e9rience ? Comment pr\u00e9parer b\u00e9b\u00e9 et mamie \u00e0 cette transition ? Cet article r\u00e9pond \u00e0 ces interrogations pour garantir une nuit paisible pour tous.<\/p>\n<h2>Quel \u00e2ge pour dormir chez mamie ?<\/h2>\n<p>Les experts s&rsquo;accordent \u00e0 dire qu&rsquo;\u00e0 partir de 6 mois, les b\u00e9b\u00e9s peuvent commencer \u00e0 passer la nuit chez des proches, comme les grands-parents. \u00c0 cet \u00e2ge, ils ont un rythme de sommeil plus r\u00e9gulier et commencent \u00e0 s&rsquo;habituer \u00e0 diff\u00e9rents environnements. Toutefois, plusieurs \u00e9l\u00e9ments entrent en jeu avant de prendre cette d\u00e9cision.<\/p>\n<blockquote class=\"wp-embedded-content\" data-secret=\"9PK1IEedeA\"><p><a href=\"https:\/\/bart-et-lemy.com\/blog\/a-la-une\/les-couches-lavables-pour-bebe-un-choix-eco-responsable-et-economique\/\">Les couches lavables pour b\u00e9b\u00e9 : un choix \u00e9co-responsable et \u00e9conomique<\/a><\/p><\/blockquote>\n<p><iframe loading=\"lazy\" class=\"wp-embedded-content\" sandbox=\"allow-scripts\" security=\"restricted\" style=\"position: absolute; visibility: hidden;\" title=\"\u00ab\u00a0Les couches lavables pour b\u00e9b\u00e9 : un choix \u00e9co-responsable et \u00e9conomique\u00a0\u00bb &#8212; bart-et-lemy.com\" src=\"https:\/\/bart-et-lemy.com\/blog\/a-la-une\/les-couches-lavables-pour-bebe-un-choix-eco-responsable-et-economique\/embed\/#?secret=ClTaSCscrE#?secret=9PK1IEedeA\" data-secret=\"9PK1IEedeA\" width=\"600\" height=\"338\" frameborder=\"0\" marginwidth=\"0\" marginheight=\"0\" scrolling=\"no\"><\/iframe><\/p>\n<p>Les besoins de chaque enfant varient. Certains b\u00e9b\u00e9s peuvent se sentir \u00e0 l&rsquo;aise d\u00e8s 6 mois, tandis que d&rsquo;autres auront besoin de davantage de temps. Il est crucial d&rsquo;\u00e9valuer la personnalit\u00e9 de votre enfant et son niveau d&rsquo;attachement \u00e0 vous. Un enfant plus ind\u00e9pendant pourra s&rsquo;adapter plus facilement \u00e0 la s\u00e9paration.<\/p>\n<h2>Comment pr\u00e9parer b\u00e9b\u00e9 et mamie ?<\/h2>\n<p>Pr\u00e9parer cette premi\u00e8re nuit n\u00e9cessite quelques \u00e9tapes cl\u00e9s. En voici un aper\u00e7u :<\/p>\n<ul>\n<li><strong>Discussion pr\u00e9alable :<\/strong> Parlez \u00e0 votre enfant de la nuit chez mamie en utilisant un ton positif.<\/li>\n<li><strong>Visite pr\u00e9alable :<\/strong> Faites une petite visite chez mamie pour que b\u00e9b\u00e9 s&rsquo;habitue \u00e0 l&rsquo;environnement.<\/li>\n<li><strong>Routine de sommeil :<\/strong> \u00c9tablissez une routine de coucher similaire \u00e0 celle que vous avez \u00e0 la maison.<\/li>\n<\/ul>\n<p>Il est \u00e9galement essentiel d&rsquo;informer mamie sur les habitudes de sommeil de b\u00e9b\u00e9. Assurez-vous qu&rsquo;elle ait tout le n\u00e9cessaire : couches, v\u00eatements de rechange et jouets r\u00e9confortants.<\/p>\n<blockquote class=\"wp-embedded-content\" data-secret=\"IkmQvXAQ2L\"><p><a href=\"https:\/\/bart-et-lemy.com\/blog\/a-la-une\/decouvrez-le-monde-fascinant-du-bebe-judo-bienfaits-et-conseils-pratiques\/\">D\u00e9couvrez le monde fascinant du b\u00e9b\u00e9 judo : bienfaits et conseils pratiques<\/a><\/p><\/blockquote>\n<p><iframe loading=\"lazy\" class=\"wp-embedded-content\" sandbox=\"allow-scripts\" security=\"restricted\" style=\"position: absolute; visibility: hidden;\" title=\"\u00ab\u00a0D\u00e9couvrez le monde fascinant du b\u00e9b\u00e9 judo : bienfaits et conseils pratiques\u00a0\u00bb &#8212; bart-et-lemy.com\" src=\"https:\/\/bart-et-lemy.com\/blog\/a-la-une\/decouvrez-le-monde-fascinant-du-bebe-judo-bienfaits-et-conseils-pratiques\/embed\/#?secret=zx7oEO2RvG#?secret=IkmQvXAQ2L\" data-secret=\"IkmQvXAQ2L\" width=\"600\" height=\"338\" frameborder=\"0\" marginwidth=\"0\" marginheight=\"0\" scrolling=\"no\"><\/iframe><\/p>\n<h2>Impacts sur le d\u00e9veloppement de l&rsquo;enfant<\/h2>\n<p>Faire dormir un enfant chez mamie pr\u00e9sente plusieurs avantages. Cela favorise l&rsquo;autonomie et renforce les liens familiaux. Les enfants apprennent \u00e0 s&rsquo;adapter \u00e0 diff\u00e9rents environnements et \u00e0 d\u00e9velopper leur confiance en eux.<\/p>\n<p>Une \u00e9tude a r\u00e9v\u00e9l\u00e9 que les enfants qui passent du temps chez leurs grands-parents ont tendance \u00e0 d\u00e9velopper une meilleure r\u00e9silience \u00e9motionnelle. Cette exp\u00e9rience les aide \u00e0 g\u00e9rer les s\u00e9parations de mani\u00e8re plus sereine. Les grands-parents jouent un r\u00f4le important dans le d\u00e9veloppement du bien-\u00eatre affectif de l&rsquo;enfant.<\/p>\n<h2>FAQ :<\/h2>\n<blockquote>\n<ul>\n<li><strong>\u00c0 quel \u00e2ge puis-je laisser mon b\u00e9b\u00e9 dormir chez mamie ?<\/strong>Les b\u00e9b\u00e9s peuvent commencer \u00e0 dormir chez mamie \u00e0 partir de 6 mois, selon leur niveau d&rsquo;ind\u00e9pendance.<\/li>\n<li><strong>Comment pr\u00e9parer mon b\u00e9b\u00e9 \u00e0 cette nuit ?<\/strong>Discutez-en avec lui, faites une visite chez mamie et \u00e9tablissez une routine de sommeil similaire.<\/li>\n<li><strong>Quels sont les b\u00e9n\u00e9fices d&rsquo;une nuit chez mamie ?<\/strong>Cela favorise l&rsquo;autonomie, renforce les liens familiaux et aide \u00e0 d\u00e9velopper la r\u00e9silience \u00e9motionnelle.<\/li>\n<li><strong>Que faire si mon b\u00e9b\u00e9 pleure la nuit chez mamie ?<\/strong>Rassurez-le avec des objets familiers et gardez un contact r\u00e9gulier par t\u00e9l\u00e9phone si n\u00e9cessaire.<\/li>\n<\/ul>\n<\/blockquote>\n<h2>Conclusion<\/h2>\n<p>Envoyer b\u00e9b\u00e9 pour une premi\u00e8re nuit chez mamie repr\u00e9sente une \u00e9tape importante dans son d\u00e9veloppement. En vous pr\u00e9parant ad\u00e9quatement et en communiquant avec tous les acteurs concern\u00e9s, vous pouvez transformer cette exp\u00e9rience en un moment joyeux et enrichissant. N&rsquo;oubliez pas que chaque enfant est unique ; suivez son rythme et ses besoins pour garantir une nuit paisible et agr\u00e9able.<\/p>\n<table>\n<tr>\n<th>\u00c2ge de l&rsquo;enfant<\/th>\n<th>Conseils<\/th>\n<th>B\u00e9n\u00e9fices<\/th>\n<\/tr>\n<tr>\n<td>6 mois<\/td>\n<td>Pr\u00e9parer une routine de sommeil<\/td>\n<td>D\u00e9veloppement de l&rsquo;autonomie<\/td>\n<\/tr>\n<tr>\n<td>12 mois<\/td>\n<td>Visite pr\u00e9alable chez mamie<\/td>\n<td>Renforcement des liens familiaux<\/td>\n<\/tr>\n<tr>\n<td>18 mois<\/td>\n<td>Discuter des attentes avec b\u00e9b\u00e9<\/td>\n<td>Am\u00e9lioration de la r\u00e9silience \u00e9motionnelle<\/td>\n<\/tr>\n<\/table>\n","protected":false},"excerpt":{"rendered":"","protected":false},"author":34,"featured_media":10775,"comment_status":"open","ping_status":"open","sticky":false,"template":"","format":"standard","meta":{"_acf_changed":false,"manual_indexmenow":false,"indexmenow_id_project":0,"footnotes":""},"categories":[1],"tags":[5988,4711,4590,6162,4408,4804],"class_list":["post-9022","post","type-post","status-publish","format-standard","has-post-thumbnail","hentry","category-a-la-une","tag-age","tag-autonomie","tag-bebe","tag-mamie","tag-resilience","tag-sommeil","generate-columns","tablet-grid-50","mobile-grid-100","grid-parent","grid-25"],"acf":[],"yoast_head":"<!-- This site is optimized with the Yoast SEO Premium plugin v21.3 (Yoast SEO v27.3) - https:\/\/yoast.com\/product\/yoast-seo-premium-wordpress\/ -->\n<title>\u00c0 quel \u00e2ge b\u00e9b\u00e9 peut-il dormir chez mamie ? Conseils<\/title>\n<meta name=\"description\" content=\"Quel est l&#039;\u00e2ge id\u00e9al pour cette exp\u00e9rience ? Comment pr\u00e9parer b\u00e9b\u00e9 et mamie \u00e0 cette transition ?\" \/>\n<meta name=\"robots\" content=\"index, follow, max-snippet:-1, max-image-preview:large, max-video-preview:-1\" \/>\n<link rel=\"canonical\" href=\"https:\/\/bart-et-lemy.com\/blog\/a-la-une\/a-quel-age-bebe-peut-il-dormir-chez-mamie-conseils-pour-une-premiere-nuit-reussie\/\" \/>\n<meta property=\"og:locale\" content=\"fr_FR\" \/>\n<meta property=\"og:type\" content=\"article\" \/>\n<meta property=\"og:title\" content=\"\u00c0 quel \u00e2ge b\u00e9b\u00e9 peut-il dormir chez mamie ? Conseils\" \/>\n<meta property=\"og:description\" content=\"Quel est l&#039;\u00e2ge id\u00e9al pour cette exp\u00e9rience ? Comment pr\u00e9parer b\u00e9b\u00e9 et mamie \u00e0 cette transition ?\" \/>\n<meta property=\"og:url\" content=\"https:\/\/bart-et-lemy.com\/blog\/a-la-une\/a-quel-age-bebe-peut-il-dormir-chez-mamie-conseils-pour-une-premiere-nuit-reussie\/\" \/>\n<meta property=\"og:site_name\" content=\"bart-et-lemy.com\" \/>\n<meta property=\"og:image\" content=\"https:\/\/bart-et-lemy.com\/blog\/wp-content\/uploads\/2025\/05\/sdxl-e317898516f2216f94448ef3d16d142c-scaled.png\" \/>\n\t<meta property=\"og:image:width\" content=\"1200\" \/>\n\t<meta property=\"og:image:height\" content=\"500\" \/>\n\t<meta property=\"og:image:type\" content=\"image\/png\" \/>\n<meta name=\"author\" content=\"Elodie Mazeau\" \/>\n<meta name=\"twitter:card\" content=\"summary_large_image\" \/>\n<script type=\"application\/ld+json\" class=\"yoast-schema-graph\">{\"@context\":\"https:\\\/\\\/schema.org\",\"@graph\":[{\"@type\":\"NewsArticle\",\"@id\":\"https:\\\/\\\/bart-et-lemy.com\\\/blog\\\/a-la-une\\\/a-quel-age-bebe-peut-il-dormir-chez-mamie-conseils-pour-une-premiere-nuit-reussie\\\/#article\",\"isPartOf\":{\"@id\":\"https:\\\/\\\/bart-et-lemy.com\\\/blog\\\/a-la-une\\\/a-quel-age-bebe-peut-il-dormir-chez-mamie-conseils-pour-une-premiere-nuit-reussie\\\/\"},\"author\":{\"name\":\"Elodie Mazeau\",\"@id\":\"https:\\\/\\\/bart-et-lemy.com\\\/blog\\\/#\\\/schema\\\/person\\\/3c864cdc320801e3db34b663e7e3f816\"},\"headline\":\"\u00c0 quel \u00e2ge b\u00e9b\u00e9 peut-il dormir chez mamie ? Conseils pour une premi\u00e8re nuit r\u00e9ussie\",\"datePublished\":\"2025-04-27T17:39:00+00:00\",\"mainEntityOfPage\":{\"@id\":\"https:\\\/\\\/bart-et-lemy.com\\\/blog\\\/a-la-une\\\/a-quel-age-bebe-peut-il-dormir-chez-mamie-conseils-pour-une-premiere-nuit-reussie\\\/\"},\"wordCount\":603,\"commentCount\":15,\"publisher\":{\"@id\":\"https:\\\/\\\/bart-et-lemy.com\\\/blog\\\/#organization\"},\"image\":{\"@id\":\"https:\\\/\\\/bart-et-lemy.com\\\/blog\\\/a-la-une\\\/a-quel-age-bebe-peut-il-dormir-chez-mamie-conseils-pour-une-premiere-nuit-reussie\\\/#primaryimage\"},\"thumbnailUrl\":\"https:\\\/\\\/bart-et-lemy.com\\\/blog\\\/wp-content\\\/uploads\\\/2025\\\/05\\\/sdxl-e317898516f2216f94448ef3d16d142c-scaled.png\",\"keywords\":[\"\u00c2ge\",\"Autonomie\",\"B\u00e9b\u00e9\",\"Mamie\",\"R\u00e9silience\",\"Sommeil\"],\"articleSection\":[\"\u00c0 la une\"],\"inLanguage\":\"fr-FR\",\"potentialAction\":[{\"@type\":\"CommentAction\",\"name\":\"Comment\",\"target\":[\"https:\\\/\\\/bart-et-lemy.com\\\/blog\\\/a-la-une\\\/a-quel-age-bebe-peut-il-dormir-chez-mamie-conseils-pour-une-premiere-nuit-reussie\\\/#respond\"]}]},{\"@type\":\"WebPage\",\"@id\":\"https:\\\/\\\/bart-et-lemy.com\\\/blog\\\/a-la-une\\\/a-quel-age-bebe-peut-il-dormir-chez-mamie-conseils-pour-une-premiere-nuit-reussie\\\/\",\"url\":\"https:\\\/\\\/bart-et-lemy.com\\\/blog\\\/a-la-une\\\/a-quel-age-bebe-peut-il-dormir-chez-mamie-conseils-pour-une-premiere-nuit-reussie\\\/\",\"name\":\"\u00c0 quel \u00e2ge b\u00e9b\u00e9 peut-il dormir chez mamie ? Conseils\",\"isPartOf\":{\"@id\":\"https:\\\/\\\/bart-et-lemy.com\\\/blog\\\/#website\"},\"primaryImageOfPage\":{\"@id\":\"https:\\\/\\\/bart-et-lemy.com\\\/blog\\\/a-la-une\\\/a-quel-age-bebe-peut-il-dormir-chez-mamie-conseils-pour-une-premiere-nuit-reussie\\\/#primaryimage\"},\"image\":{\"@id\":\"https:\\\/\\\/bart-et-lemy.com\\\/blog\\\/a-la-une\\\/a-quel-age-bebe-peut-il-dormir-chez-mamie-conseils-pour-une-premiere-nuit-reussie\\\/#primaryimage\"},\"thumbnailUrl\":\"https:\\\/\\\/bart-et-lemy.com\\\/blog\\\/wp-content\\\/uploads\\\/2025\\\/05\\\/sdxl-e317898516f2216f94448ef3d16d142c-scaled.png\",\"datePublished\":\"2025-04-27T17:39:00+00:00\",\"description\":\"Quel est l'\u00e2ge id\u00e9al pour cette exp\u00e9rience ? Comment pr\u00e9parer b\u00e9b\u00e9 et mamie \u00e0 cette transition ?\",\"inLanguage\":\"fr-FR\",\"potentialAction\":[{\"@type\":\"ReadAction\",\"target\":[\"https:\\\/\\\/bart-et-lemy.com\\\/blog\\\/a-la-une\\\/a-quel-age-bebe-peut-il-dormir-chez-mamie-conseils-pour-une-premiere-nuit-reussie\\\/\"]}]},{\"@type\":\"ImageObject\",\"inLanguage\":\"fr-FR\",\"@id\":\"https:\\\/\\\/bart-et-lemy.com\\\/blog\\\/a-la-une\\\/a-quel-age-bebe-peut-il-dormir-chez-mamie-conseils-pour-une-premiere-nuit-reussie\\\/#primaryimage\",\"url\":\"https:\\\/\\\/bart-et-lemy.com\\\/blog\\\/wp-content\\\/uploads\\\/2025\\\/05\\\/sdxl-e317898516f2216f94448ef3d16d142c-scaled.png\",\"contentUrl\":\"https:\\\/\\\/bart-et-lemy.com\\\/blog\\\/wp-content\\\/uploads\\\/2025\\\/05\\\/sdxl-e317898516f2216f94448ef3d16d142c-scaled.png\",\"width\":1200,\"height\":500},{\"@type\":\"WebSite\",\"@id\":\"https:\\\/\\\/bart-et-lemy.com\\\/blog\\\/#website\",\"url\":\"https:\\\/\\\/bart-et-lemy.com\\\/blog\\\/\",\"name\":\"Bart et Lemy\",\"description\":\"L\u2019originalit\u00e9 en toute libert\u00e9.\",\"publisher\":{\"@id\":\"https:\\\/\\\/bart-et-lemy.com\\\/blog\\\/#organization\"},\"alternateName\":\"Conseils parentaux, astuces famille et bien-\u00eatre enfant\",\"potentialAction\":[{\"@type\":\"SearchAction\",\"target\":{\"@type\":\"EntryPoint\",\"urlTemplate\":\"https:\\\/\\\/bart-et-lemy.com\\\/blog\\\/?s={search_term_string}\"},\"query-input\":{\"@type\":\"PropertyValueSpecification\",\"valueRequired\":true,\"valueName\":\"search_term_string\"}}],\"inLanguage\":\"fr-FR\"},{\"@type\":\"Organization\",\"@id\":\"https:\\\/\\\/bart-et-lemy.com\\\/blog\\\/#organization\",\"name\":\"Bart et Lemy\",\"alternateName\":\"bart-et-lemy.com\",\"url\":\"https:\\\/\\\/bart-et-lemy.com\\\/blog\\\/\",\"logo\":{\"@type\":\"ImageObject\",\"inLanguage\":\"fr-FR\",\"@id\":\"https:\\\/\\\/bart-et-lemy.com\\\/blog\\\/#\\\/schema\\\/logo\\\/image\\\/\",\"url\":\"https:\\\/\\\/bart-et-lemy.com\\\/blog\\\/wp-content\\\/uploads\\\/2026\\\/07\\\/logo-auto.png\",\"contentUrl\":\"https:\\\/\\\/bart-et-lemy.com\\\/blog\\\/wp-content\\\/uploads\\\/2026\\\/07\\\/logo-auto.png\",\"width\":1024,\"height\":1024,\"caption\":\"Bart et Lemy\"},\"image\":{\"@id\":\"https:\\\/\\\/bart-et-lemy.com\\\/blog\\\/#\\\/schema\\\/logo\\\/image\\\/\"}},{\"@type\":\"Person\",\"@id\":\"https:\\\/\\\/bart-et-lemy.com\\\/blog\\\/#\\\/schema\\\/person\\\/3c864cdc320801e3db34b663e7e3f816\",\"name\":\"Elodie Mazeau\",\"image\":{\"@type\":\"ImageObject\",\"inLanguage\":\"fr-FR\",\"@id\":\"https:\\\/\\\/bart-et-lemy.com\\\/blog\\\/wp-content\\\/uploads\\\/2026\\\/06\\\/persona_elodie-m-96x96.jpg\",\"url\":\"https:\\\/\\\/bart-et-lemy.com\\\/blog\\\/wp-content\\\/uploads\\\/2026\\\/06\\\/persona_elodie-m-96x96.jpg\",\"contentUrl\":\"https:\\\/\\\/bart-et-lemy.com\\\/blog\\\/wp-content\\\/uploads\\\/2026\\\/06\\\/persona_elodie-m-96x96.jpg\",\"caption\":\"Elodie Mazeau\"},\"description\":\"J'\u00e9cris sur la parentalit\u00e9 telle qu'elle se vit vraiment, du premier biberon aux premi\u00e8res col\u00e8res. Mes sujets de pr\u00e9dilection couvrent le quotidien des familles : sommeil, alimentation, organisation, pu\u00e9riculture et ces petites gal\u00e8res que tout parent conna\u00eet. Depuis plusieurs ann\u00e9es, je m'attache \u00e0 proposer des rep\u00e8res concrets plut\u00f4t que des le\u00e7ons, parce que chaque famille trouve son propre \u00e9quilibre. Je v\u00e9rifie mes informations aupr\u00e8s de sources fiables, surtout d\u00e8s qu'on touche \u00e0 la sant\u00e9 ou \u00e0 la s\u00e9curit\u00e9 de l'enfant, et je pr\u00e9cise quand un avis professionnel s'impose. J'\u00e9vite soigneusement la culpabilisation : \u00eatre parent est d\u00e9j\u00e0 assez exigeant. Mon ton se veut complice et bienveillant, un peu comme une discussion entre parents qui se comprennent. L'id\u00e9e est d'all\u00e9ger la charge mentale en donnant des solutions simples et test\u00e9es.\",\"sameAs\":[\"https:\\\/\\\/elodiemazeau.fr\\\/\"],\"url\":\"https:\\\/\\\/bart-et-lemy.com\\\/blog\\\/auteur\\\/noname\\\/\"}]}<\/script>\n<!-- \/ Yoast SEO Premium plugin. -->","yoast_head_json":{"title":"\u00c0 quel \u00e2ge b\u00e9b\u00e9 peut-il dormir chez mamie ? Conseils","description":"Quel est l'\u00e2ge id\u00e9al pour cette exp\u00e9rience ? Comment pr\u00e9parer b\u00e9b\u00e9 et mamie \u00e0 cette transition ?","robots":{"index":"index","follow":"follow","max-snippet":"max-snippet:-1","max-image-preview":"max-image-preview:large","max-video-preview":"max-video-preview:-1"},"canonical":"https:\/\/bart-et-lemy.com\/blog\/a-la-une\/a-quel-age-bebe-peut-il-dormir-chez-mamie-conseils-pour-une-premiere-nuit-reussie\/","og_locale":"fr_FR","og_type":"article","og_title":"\u00c0 quel \u00e2ge b\u00e9b\u00e9 peut-il dormir chez mamie ? Conseils","og_description":"Quel est l'\u00e2ge id\u00e9al pour cette exp\u00e9rience ? Comment pr\u00e9parer b\u00e9b\u00e9 et mamie \u00e0 cette transition ?","og_url":"https:\/\/bart-et-lemy.com\/blog\/a-la-une\/a-quel-age-bebe-peut-il-dormir-chez-mamie-conseils-pour-une-premiere-nuit-reussie\/","og_site_name":"bart-et-lemy.com","og_image":[{"width":1200,"height":500,"url":"https:\/\/bart-et-lemy.com\/blog\/wp-content\/uploads\/2025\/05\/sdxl-e317898516f2216f94448ef3d16d142c-scaled.png","type":"image\/png"}],"author":"Elodie Mazeau","twitter_card":"summary_large_image","schema":{"@context":"https:\/\/schema.org","@graph":[{"@type":"NewsArticle","@id":"https:\/\/bart-et-lemy.com\/blog\/a-la-une\/a-quel-age-bebe-peut-il-dormir-chez-mamie-conseils-pour-une-premiere-nuit-reussie\/#article","isPartOf":{"@id":"https:\/\/bart-et-lemy.com\/blog\/a-la-une\/a-quel-age-bebe-peut-il-dormir-chez-mamie-conseils-pour-une-premiere-nuit-reussie\/"},"author":{"name":"Elodie Mazeau","@id":"https:\/\/bart-et-lemy.com\/blog\/#\/schema\/person\/3c864cdc320801e3db34b663e7e3f816"},"headline":"\u00c0 quel \u00e2ge b\u00e9b\u00e9 peut-il dormir chez mamie ? Conseils pour une premi\u00e8re nuit r\u00e9ussie","datePublished":"2025-04-27T17:39:00+00:00","mainEntityOfPage":{"@id":"https:\/\/bart-et-lemy.com\/blog\/a-la-une\/a-quel-age-bebe-peut-il-dormir-chez-mamie-conseils-pour-une-premiere-nuit-reussie\/"},"wordCount":603,"commentCount":15,"publisher":{"@id":"https:\/\/bart-et-lemy.com\/blog\/#organization"},"image":{"@id":"https:\/\/bart-et-lemy.com\/blog\/a-la-une\/a-quel-age-bebe-peut-il-dormir-chez-mamie-conseils-pour-une-premiere-nuit-reussie\/#primaryimage"},"thumbnailUrl":"https:\/\/bart-et-lemy.com\/blog\/wp-content\/uploads\/2025\/05\/sdxl-e317898516f2216f94448ef3d16d142c-scaled.png","keywords":["\u00c2ge","Autonomie","B\u00e9b\u00e9","Mamie","R\u00e9silience","Sommeil"],"articleSection":["\u00c0 la une"],"inLanguage":"fr-FR","potentialAction":[{"@type":"CommentAction","name":"Comment","target":["https:\/\/bart-et-lemy.com\/blog\/a-la-une\/a-quel-age-bebe-peut-il-dormir-chez-mamie-conseils-pour-une-premiere-nuit-reussie\/#respond"]}]},{"@type":"WebPage","@id":"https:\/\/bart-et-lemy.com\/blog\/a-la-une\/a-quel-age-bebe-peut-il-dormir-chez-mamie-conseils-pour-une-premiere-nuit-reussie\/","url":"https:\/\/bart-et-lemy.com\/blog\/a-la-une\/a-quel-age-bebe-peut-il-dormir-chez-mamie-conseils-pour-une-premiere-nuit-reussie\/","name":"\u00c0 quel \u00e2ge b\u00e9b\u00e9 peut-il dormir chez mamie ? Conseils","isPartOf":{"@id":"https:\/\/bart-et-lemy.com\/blog\/#website"},"primaryImageOfPage":{"@id":"https:\/\/bart-et-lemy.com\/blog\/a-la-une\/a-quel-age-bebe-peut-il-dormir-chez-mamie-conseils-pour-une-premiere-nuit-reussie\/#primaryimage"},"image":{"@id":"https:\/\/bart-et-lemy.com\/blog\/a-la-une\/a-quel-age-bebe-peut-il-dormir-chez-mamie-conseils-pour-une-premiere-nuit-reussie\/#primaryimage"},"thumbnailUrl":"https:\/\/bart-et-lemy.com\/blog\/wp-content\/uploads\/2025\/05\/sdxl-e317898516f2216f94448ef3d16d142c-scaled.png","datePublished":"2025-04-27T17:39:00+00:00","description":"Quel est l'\u00e2ge id\u00e9al pour cette exp\u00e9rience ? Comment pr\u00e9parer b\u00e9b\u00e9 et mamie \u00e0 cette transition ?","inLanguage":"fr-FR","potentialAction":[{"@type":"ReadAction","target":["https:\/\/bart-et-lemy.com\/blog\/a-la-une\/a-quel-age-bebe-peut-il-dormir-chez-mamie-conseils-pour-une-premiere-nuit-reussie\/"]}]},{"@type":"ImageObject","inLanguage":"fr-FR","@id":"https:\/\/bart-et-lemy.com\/blog\/a-la-une\/a-quel-age-bebe-peut-il-dormir-chez-mamie-conseils-pour-une-premiere-nuit-reussie\/#primaryimage","url":"https:\/\/bart-et-lemy.com\/blog\/wp-content\/uploads\/2025\/05\/sdxl-e317898516f2216f94448ef3d16d142c-scaled.png","contentUrl":"https:\/\/bart-et-lemy.com\/blog\/wp-content\/uploads\/2025\/05\/sdxl-e317898516f2216f94448ef3d16d142c-scaled.png","width":1200,"height":500},{"@type":"WebSite","@id":"https:\/\/bart-et-lemy.com\/blog\/#website","url":"https:\/\/bart-et-lemy.com\/blog\/","name":"Bart et Lemy","description":"L\u2019originalit\u00e9 en toute libert\u00e9.","publisher":{"@id":"https:\/\/bart-et-lemy.com\/blog\/#organization"},"alternateName":"Conseils parentaux, astuces famille et bien-\u00eatre enfant","potentialAction":[{"@type":"SearchAction","target":{"@type":"EntryPoint","urlTemplate":"https:\/\/bart-et-lemy.com\/blog\/?s={search_term_string}"},"query-input":{"@type":"PropertyValueSpecification","valueRequired":true,"valueName":"search_term_string"}}],"inLanguage":"fr-FR"},{"@type":"Organization","@id":"https:\/\/bart-et-lemy.com\/blog\/#organization","name":"Bart et Lemy","alternateName":"bart-et-lemy.com","url":"https:\/\/bart-et-lemy.com\/blog\/","logo":{"@type":"ImageObject","inLanguage":"fr-FR","@id":"https:\/\/bart-et-lemy.com\/blog\/#\/schema\/logo\/image\/","url":"https:\/\/bart-et-lemy.com\/blog\/wp-content\/uploads\/2026\/07\/logo-auto.png","contentUrl":"https:\/\/bart-et-lemy.com\/blog\/wp-content\/uploads\/2026\/07\/logo-auto.png","width":1024,"height":1024,"caption":"Bart et Lemy"},"image":{"@id":"https:\/\/bart-et-lemy.com\/blog\/#\/schema\/logo\/image\/"}},{"@type":"Person","@id":"https:\/\/bart-et-lemy.com\/blog\/#\/schema\/person\/3c864cdc320801e3db34b663e7e3f816","name":"Elodie Mazeau","image":{"@type":"ImageObject","inLanguage":"fr-FR","@id":"https:\/\/bart-et-lemy.com\/blog\/wp-content\/uploads\/2026\/06\/persona_elodie-m-96x96.jpg","url":"https:\/\/bart-et-lemy.com\/blog\/wp-content\/uploads\/2026\/06\/persona_elodie-m-96x96.jpg","contentUrl":"https:\/\/bart-et-lemy.com\/blog\/wp-content\/uploads\/2026\/06\/persona_elodie-m-96x96.jpg","caption":"Elodie Mazeau"},"description":"J'\u00e9cris sur la parentalit\u00e9 telle qu'elle se vit vraiment, du premier biberon aux premi\u00e8res col\u00e8res. Mes sujets de pr\u00e9dilection couvrent le quotidien des familles : sommeil, alimentation, organisation, pu\u00e9riculture et ces petites gal\u00e8res que tout parent conna\u00eet. Depuis plusieurs ann\u00e9es, je m'attache \u00e0 proposer des rep\u00e8res concrets plut\u00f4t que des le\u00e7ons, parce que chaque famille trouve son propre \u00e9quilibre. Je v\u00e9rifie mes informations aupr\u00e8s de sources fiables, surtout d\u00e8s qu'on touche \u00e0 la sant\u00e9 ou \u00e0 la s\u00e9curit\u00e9 de l'enfant, et je pr\u00e9cise quand un avis professionnel s'impose. J'\u00e9vite soigneusement la culpabilisation : \u00eatre parent est d\u00e9j\u00e0 assez exigeant. Mon ton se veut complice et bienveillant, un peu comme une discussion entre parents qui se comprennent. L'id\u00e9e est d'all\u00e9ger la charge mentale en donnant des solutions simples et test\u00e9es.","sameAs":["https:\/\/elodiemazeau.fr\/"],"url":"https:\/\/bart-et-lemy.com\/blog\/auteur\/noname\/"}]}},"_links":{"self":[{"href":"https:\/\/bart-et-lemy.com\/blog\/wp-json\/wp\/v2\/posts\/9022","targetHints":{"allow":["GET"]}}],"collection":[{"href":"https:\/\/bart-et-lemy.com\/blog\/wp-json\/wp\/v2\/posts"}],"about":[{"href":"https:\/\/bart-et-lemy.com\/blog\/wp-json\/wp\/v2\/types\/post"}],"author":[{"embeddable":true,"href":"https:\/\/bart-et-lemy.com\/blog\/wp-json\/wp\/v2\/users\/34"}],"replies":[{"embeddable":true,"href":"https:\/\/bart-et-lemy.com\/blog\/wp-json\/wp\/v2\/comments?post=9022"}],"version-history":[{"count":1,"href":"https:\/\/bart-et-lemy.com\/blog\/wp-json\/wp\/v2\/posts\/9022\/revisions"}],"predecessor-version":[{"id":10632,"href":"https:\/\/bart-et-lemy.com\/blog\/wp-json\/wp\/v2\/posts\/9022\/revisions\/10632"}],"wp:featuredmedia":[{"embeddable":true,"href":"https:\/\/bart-et-lemy.com\/blog\/wp-json\/wp\/v2\/media\/10775"}],"wp:attachment":[{"href":"https:\/\/bart-et-lemy.com\/blog\/wp-json\/wp\/v2\/media?parent=9022"}],"wp:term":[{"taxonomy":"category","embeddable":true,"href":"https:\/\/bart-et-lemy.com\/blog\/wp-json\/wp\/v2\/categories?post=9022"},{"taxonomy":"post_tag","embeddable":true,"href":"https:\/\/bart-et-lemy.com\/blog\/wp-json\/wp\/v2\/tags?post=9022"}],"curies":[{"name":"wp","href":"https:\/\/api.w.org\/{rel}","templated":true}]}}