{"id":9083,"date":"2025-05-12T18:19:00","date_gmt":"2025-05-12T16:19:00","guid":{"rendered":"https:\/\/bart-et-lemy.com\/blog\/?p=9083"},"modified":"2025-02-10T18:39:00","modified_gmt":"2025-02-10T17:39:00","slug":"le-kombucha-pour-bebe-bienfaits-recettes-et-precautions-a-prendre","status":"publish","type":"post","link":"https:\/\/bart-et-lemy.com\/blog\/a-la-une\/le-kombucha-pour-bebe-bienfaits-recettes-et-precautions-a-prendre\/","title":{"rendered":"Le kombucha pour b\u00e9b\u00e9 : Bienfaits, recettes et pr\u00e9cautions \u00e0 prendre"},"content":{"rendered":"<h2>Introduction au kombucha pour b\u00e9b\u00e9<\/h2>\n<p>Mais qu&rsquo;en est-il de sa consommation par les b\u00e9b\u00e9s ? Les parents se posent des questions l\u00e9gitimes sur les b\u00e9n\u00e9fices et les risques potentiels. Dans cet article, nous allons explorer les bienfaits du kombucha pour les tout-petits, partager des recettes adapt\u00e9es et discuter des pr\u00e9cautions \u00e0 prendre.<\/p>\n<h2>Les bienfaits du kombucha pour les b\u00e9b\u00e9s<\/h2>\n<p>Le kombucha est reconnu pour ses propri\u00e9t\u00e9s probiotiques. Ces bonnes bact\u00e9ries peuvent contribuer \u00e0 la sant\u00e9 digestive. Voici quelques b\u00e9n\u00e9fices potentiels :<\/p>\n<blockquote class=\"wp-embedded-content\" data-secret=\"JtnylLleu3\"><p><a href=\"https:\/\/bart-et-lemy.com\/blog\/a-la-une\/bebe-nageur-a-tours-les-bienfaits-et-conseils-pratiques-pour-initier-votre-enfant\/\">B\u00e9b\u00e9 nageur \u00e0 Tours : les bienfaits et conseils pratiques pour initier votre enfant<\/a><\/p><\/blockquote>\n<p><iframe loading=\"lazy\" class=\"wp-embedded-content\" sandbox=\"allow-scripts\" security=\"restricted\" style=\"position: absolute; visibility: hidden;\" title=\"\u00ab\u00a0B\u00e9b\u00e9 nageur \u00e0 Tours : les bienfaits et conseils pratiques pour initier votre enfant\u00a0\u00bb &#8212; bart-et-lemy.com\" src=\"https:\/\/bart-et-lemy.com\/blog\/a-la-une\/bebe-nageur-a-tours-les-bienfaits-et-conseils-pratiques-pour-initier-votre-enfant\/embed\/#?secret=6Dp36ABcov#?secret=JtnylLleu3\" data-secret=\"JtnylLleu3\" width=\"600\" height=\"338\" frameborder=\"0\" marginwidth=\"0\" marginheight=\"0\" scrolling=\"no\"><\/iframe><\/p>\n<ul>\n<li><strong>Soutien digestif :<\/strong> Les probiotiques pr\u00e9sents dans le kombucha peuvent aider \u00e0 \u00e9quilibrer la flore intestinale.<\/li>\n<li><strong>Renforcement du syst\u00e8me immunitaire :<\/strong> Gr\u00e2ce \u00e0 sa richesse en acides organiques, le kombucha peut renforcer les d\u00e9fenses naturelles.<\/li>\n<li><strong>Hydratation :<\/strong> En tant que boisson, il aide \u00e0 maintenir une bonne hydratation, surtout en \u00e9t\u00e9.<\/li>\n<\/ul>\n<p>Des recherches montrent que les probiotiques peuvent \u00e9galement favoriser un meilleur d\u00e9veloppement cognitif chez les jeunes enfants. N\u00e9anmoins, il est essentiel d&rsquo;introduire cette boisson avec pr\u00e9caution.<\/p>\n<h2>Recettes de kombucha adapt\u00e9es aux b\u00e9b\u00e9s<\/h2>\n<p>Pour offrir du kombucha \u00e0 votre b\u00e9b\u00e9, il est pr\u00e9f\u00e9rable d&rsquo;opter pour des versions all\u00e9g\u00e9es en sucre et en acidit\u00e9. Voici une recette simple \u00e0 r\u00e9aliser :<\/p>\n<table>\n<tr>\n<th>Ingr\u00e9dients<\/th>\n<th>Quantit\u00e9<\/th>\n<th>Pr\u00e9paration<\/th>\n<\/tr>\n<tr>\n<td>Th\u00e9 noir ou vert<\/td>\n<td>1 tasse<\/td>\n<td>Infuser dans de l&rsquo;eau chaude pendant 5 minutes.<\/td>\n<\/tr>\n<tr>\n<td>Sugar<\/td>\n<td>2 cuill\u00e8res \u00e0 caf\u00e9<\/td>\n<td>Ajouter au th\u00e9 chaud et m\u00e9langer.<\/td>\n<\/tr>\n<tr>\n<td>Kombucha d\u00e9j\u00e0 ferment\u00e9<\/td>\n<td>1\/2 tasse<\/td>\n<td>Ajouter au m\u00e9lange une fois refroidi.<\/td>\n<\/tr>\n<\/table>\n<p>Une fois pr\u00e9par\u00e9, laissez-le fermenter pendant 2 \u00e0 3 jours \u00e0 temp\u00e9rature ambiante. Cela le rendra moins acide et plus doux pour le palais des b\u00e9b\u00e9s.<\/p>\n<blockquote class=\"wp-embedded-content\" data-secret=\"C9KNFHfB2i\"><p><a href=\"https:\/\/bart-et-lemy.com\/blog\/a-la-une\/les-couches-lavables-pour-bebe-un-choix-eco-responsable-et-economique\/\">Les couches lavables pour b\u00e9b\u00e9 : un choix \u00e9co-responsable et \u00e9conomique<\/a><\/p><\/blockquote>\n<p><iframe loading=\"lazy\" class=\"wp-embedded-content\" sandbox=\"allow-scripts\" security=\"restricted\" style=\"position: absolute; visibility: hidden;\" title=\"\u00ab\u00a0Les couches lavables pour b\u00e9b\u00e9 : un choix \u00e9co-responsable et \u00e9conomique\u00a0\u00bb &#8212; bart-et-lemy.com\" src=\"https:\/\/bart-et-lemy.com\/blog\/a-la-une\/les-couches-lavables-pour-bebe-un-choix-eco-responsable-et-economique\/embed\/#?secret=tsZ6OiO4x0#?secret=C9KNFHfB2i\" data-secret=\"C9KNFHfB2i\" width=\"600\" height=\"338\" frameborder=\"0\" marginwidth=\"0\" marginheight=\"0\" scrolling=\"no\"><\/iframe><\/p>\n<h2>Pr\u00e9cautions \u00e0 prendre<\/h2>\n<p>Avant d&rsquo;introduire le kombucha dans l&rsquo;alimentation de votre b\u00e9b\u00e9, quelques pr\u00e9cautions s&rsquo;imposent :<\/p>\n<ul>\n<li><strong>\u00c2ge recommand\u00e9 :<\/strong> Attendez que votre enfant ait au moins un an avant de lui donner du kombucha.<\/li>\n<li><strong>Consultation m\u00e9dicale :<\/strong> Consultez toujours un p\u00e9diatre avant d&rsquo;introduire de nouveaux aliments ferment\u00e9s.<\/li>\n<li><strong>Observation des r\u00e9actions :<\/strong> Surveillez toute r\u00e9action allergique ou digestive apr\u00e8s consommation.<\/li>\n<\/ul>\n<p>En respectant ces conseils, vous pouvez profiter des bienfaits du kombucha tout en assurant la s\u00e9curit\u00e9 de votre enfant.<\/p>\n<blockquote>\n<p>\u00ab\u00a0La sant\u00e9 intestinale des enfants est un aspect souvent n\u00e9glig\u00e9, mais crucial pour leur d\u00e9veloppement.\u00a0\u00bb &#8211; Dr. Marie Dupont, p\u00e9diatre.<\/p>\n<\/blockquote>\n<h3>FAQ :<\/h3>\n<blockquote>\n<ul>\n<li><strong>\u00c0 quel \u00e2ge puis-je donner du kombucha \u00e0 mon b\u00e9b\u00e9 ?<\/strong>Il est conseill\u00e9 d&rsquo;attendre l&rsquo;\u00e2ge d&rsquo;un an.<\/li>\n<li><strong>Le kombucha fait-il des allergies ?<\/strong>Les allergies sont rares, mais restez vigilant lors de la premi\u00e8re introduction.<\/li>\n<li><strong>Combien de kombucha puis-je donner \u00e0 mon b\u00e9b\u00e9 ?<\/strong>Commencez par une petite quantit\u00e9, un \u00e0 deux cuill\u00e8res \u00e0 caf\u00e9.<\/li>\n<li><strong>Le kombucha peut-il remplacer l&rsquo;eau ?<\/strong>Non, il doit \u00eatre consid\u00e9r\u00e9 comme une boisson compl\u00e9mentaire.<\/li>\n<\/ul>\n<\/blockquote>\n<p>Pour conclure, le kombucha peut offrir des bienfaits int\u00e9ressants pour les b\u00e9b\u00e9s, mais il doit \u00eatre introduit avec pr\u00e9caution. En respectant les conseils et en observant votre enfant, vous pouvez explorer cette boisson ensemble, tout en favorisant une bonne sant\u00e9 digestive.<\/p>\n","protected":false},"excerpt":{"rendered":"","protected":false},"author":34,"featured_media":11210,"comment_status":"open","ping_status":"open","sticky":false,"template":"","format":"standard","meta":{"_acf_changed":false,"manual_indexmenow":false,"indexmenow_id_project":0,"footnotes":""},"categories":[1],"tags":[4714,3015,6251,5220,3403,2773],"class_list":["post-9083","post","type-post","status-publish","format-standard","has-post-thumbnail","hentry","category-a-la-une","tag-bebes","tag-hydratation","tag-kombucha","tag-precautions","tag-probiotiques","tag-recettes","generate-columns","tablet-grid-50","mobile-grid-100","grid-parent","grid-25"],"acf":[],"yoast_head":"<!-- This site is optimized with the Yoast SEO Premium plugin v21.3 (Yoast SEO v27.3) - https:\/\/yoast.com\/product\/yoast-seo-premium-wordpress\/ -->\n<title>Le kombucha pour b\u00e9b\u00e9<\/title>\n<meta name=\"description\" content=\"Mais qu&#039;en est-il de sa consommation par les b\u00e9b\u00e9s ? Les parents se posent des questions l\u00e9gitimes sur les b\u00e9n\u00e9fices et les risques potentiels.\" \/>\n<meta name=\"robots\" content=\"index, follow, max-snippet:-1, max-image-preview:large, max-video-preview:-1\" \/>\n<link rel=\"canonical\" href=\"https:\/\/bart-et-lemy.com\/blog\/a-la-une\/le-kombucha-pour-bebe-bienfaits-recettes-et-precautions-a-prendre\/\" \/>\n<meta property=\"og:locale\" content=\"fr_FR\" \/>\n<meta property=\"og:type\" content=\"article\" \/>\n<meta property=\"og:title\" content=\"Le kombucha pour b\u00e9b\u00e9\" \/>\n<meta property=\"og:description\" content=\"Mais qu&#039;en est-il de sa consommation par les b\u00e9b\u00e9s ? Les parents se posent des questions l\u00e9gitimes sur les b\u00e9n\u00e9fices et les risques potentiels.\" \/>\n<meta property=\"og:url\" content=\"https:\/\/bart-et-lemy.com\/blog\/a-la-une\/le-kombucha-pour-bebe-bienfaits-recettes-et-precautions-a-prendre\/\" \/>\n<meta property=\"og:site_name\" content=\"bart-et-lemy.com\" \/>\n<meta property=\"og:image\" content=\"https:\/\/bart-et-lemy.com\/blog\/wp-content\/uploads\/2025\/05\/sdxl-aa6abe8d850f3f163ddedfec1536c402-scaled.png\" \/>\n\t<meta property=\"og:image:width\" content=\"1200\" \/>\n\t<meta property=\"og:image:height\" content=\"500\" \/>\n\t<meta property=\"og:image:type\" content=\"image\/png\" \/>\n<meta name=\"author\" content=\"Elodie Mazeau\" \/>\n<meta name=\"twitter:card\" content=\"summary_large_image\" \/>\n<script type=\"application\/ld+json\" class=\"yoast-schema-graph\">{\"@context\":\"https:\\\/\\\/schema.org\",\"@graph\":[{\"@type\":\"NewsArticle\",\"@id\":\"https:\\\/\\\/bart-et-lemy.com\\\/blog\\\/a-la-une\\\/le-kombucha-pour-bebe-bienfaits-recettes-et-precautions-a-prendre\\\/#article\",\"isPartOf\":{\"@id\":\"https:\\\/\\\/bart-et-lemy.com\\\/blog\\\/a-la-une\\\/le-kombucha-pour-bebe-bienfaits-recettes-et-precautions-a-prendre\\\/\"},\"author\":{\"name\":\"Elodie Mazeau\",\"@id\":\"https:\\\/\\\/bart-et-lemy.com\\\/blog\\\/#\\\/schema\\\/person\\\/3c864cdc320801e3db34b663e7e3f816\"},\"headline\":\"Le kombucha pour b\u00e9b\u00e9 : Bienfaits, recettes et pr\u00e9cautions \u00e0 prendre\",\"datePublished\":\"2025-05-12T16:19:00+00:00\",\"mainEntityOfPage\":{\"@id\":\"https:\\\/\\\/bart-et-lemy.com\\\/blog\\\/a-la-une\\\/le-kombucha-pour-bebe-bienfaits-recettes-et-precautions-a-prendre\\\/\"},\"wordCount\":530,\"commentCount\":26,\"publisher\":{\"@id\":\"https:\\\/\\\/bart-et-lemy.com\\\/blog\\\/#organization\"},\"image\":{\"@id\":\"https:\\\/\\\/bart-et-lemy.com\\\/blog\\\/a-la-une\\\/le-kombucha-pour-bebe-bienfaits-recettes-et-precautions-a-prendre\\\/#primaryimage\"},\"thumbnailUrl\":\"https:\\\/\\\/bart-et-lemy.com\\\/blog\\\/wp-content\\\/uploads\\\/2025\\\/05\\\/sdxl-aa6abe8d850f3f163ddedfec1536c402-scaled.png\",\"keywords\":[\"B\u00e9b\u00e9s\",\"Hydratation\",\"Kombucha\",\"Pr\u00e9cautions\",\"Probiotiques\",\"Recettes\"],\"articleSection\":[\"\u00c0 la une\"],\"inLanguage\":\"fr-FR\",\"potentialAction\":[{\"@type\":\"CommentAction\",\"name\":\"Comment\",\"target\":[\"https:\\\/\\\/bart-et-lemy.com\\\/blog\\\/a-la-une\\\/le-kombucha-pour-bebe-bienfaits-recettes-et-precautions-a-prendre\\\/#respond\"]}]},{\"@type\":\"WebPage\",\"@id\":\"https:\\\/\\\/bart-et-lemy.com\\\/blog\\\/a-la-une\\\/le-kombucha-pour-bebe-bienfaits-recettes-et-precautions-a-prendre\\\/\",\"url\":\"https:\\\/\\\/bart-et-lemy.com\\\/blog\\\/a-la-une\\\/le-kombucha-pour-bebe-bienfaits-recettes-et-precautions-a-prendre\\\/\",\"name\":\"Le kombucha pour b\u00e9b\u00e9\",\"isPartOf\":{\"@id\":\"https:\\\/\\\/bart-et-lemy.com\\\/blog\\\/#website\"},\"primaryImageOfPage\":{\"@id\":\"https:\\\/\\\/bart-et-lemy.com\\\/blog\\\/a-la-une\\\/le-kombucha-pour-bebe-bienfaits-recettes-et-precautions-a-prendre\\\/#primaryimage\"},\"image\":{\"@id\":\"https:\\\/\\\/bart-et-lemy.com\\\/blog\\\/a-la-une\\\/le-kombucha-pour-bebe-bienfaits-recettes-et-precautions-a-prendre\\\/#primaryimage\"},\"thumbnailUrl\":\"https:\\\/\\\/bart-et-lemy.com\\\/blog\\\/wp-content\\\/uploads\\\/2025\\\/05\\\/sdxl-aa6abe8d850f3f163ddedfec1536c402-scaled.png\",\"datePublished\":\"2025-05-12T16:19:00+00:00\",\"description\":\"Mais qu'en est-il de sa consommation par les b\u00e9b\u00e9s ? Les parents se posent des questions l\u00e9gitimes sur les b\u00e9n\u00e9fices et les risques potentiels.\",\"inLanguage\":\"fr-FR\",\"potentialAction\":[{\"@type\":\"ReadAction\",\"target\":[\"https:\\\/\\\/bart-et-lemy.com\\\/blog\\\/a-la-une\\\/le-kombucha-pour-bebe-bienfaits-recettes-et-precautions-a-prendre\\\/\"]}]},{\"@type\":\"ImageObject\",\"inLanguage\":\"fr-FR\",\"@id\":\"https:\\\/\\\/bart-et-lemy.com\\\/blog\\\/a-la-une\\\/le-kombucha-pour-bebe-bienfaits-recettes-et-precautions-a-prendre\\\/#primaryimage\",\"url\":\"https:\\\/\\\/bart-et-lemy.com\\\/blog\\\/wp-content\\\/uploads\\\/2025\\\/05\\\/sdxl-aa6abe8d850f3f163ddedfec1536c402-scaled.png\",\"contentUrl\":\"https:\\\/\\\/bart-et-lemy.com\\\/blog\\\/wp-content\\\/uploads\\\/2025\\\/05\\\/sdxl-aa6abe8d850f3f163ddedfec1536c402-scaled.png\",\"width\":1200,\"height\":500},{\"@type\":\"WebSite\",\"@id\":\"https:\\\/\\\/bart-et-lemy.com\\\/blog\\\/#website\",\"url\":\"https:\\\/\\\/bart-et-lemy.com\\\/blog\\\/\",\"name\":\"Bart et Lemy\",\"description\":\"L\u2019originalit\u00e9 en toute libert\u00e9.\",\"publisher\":{\"@id\":\"https:\\\/\\\/bart-et-lemy.com\\\/blog\\\/#organization\"},\"alternateName\":\"Conseils parentaux, astuces famille et bien-\u00eatre enfant\",\"potentialAction\":[{\"@type\":\"SearchAction\",\"target\":{\"@type\":\"EntryPoint\",\"urlTemplate\":\"https:\\\/\\\/bart-et-lemy.com\\\/blog\\\/?s={search_term_string}\"},\"query-input\":{\"@type\":\"PropertyValueSpecification\",\"valueRequired\":true,\"valueName\":\"search_term_string\"}}],\"inLanguage\":\"fr-FR\"},{\"@type\":\"Organization\",\"@id\":\"https:\\\/\\\/bart-et-lemy.com\\\/blog\\\/#organization\",\"name\":\"Bart et Lemy\",\"alternateName\":\"bart-et-lemy.com\",\"url\":\"https:\\\/\\\/bart-et-lemy.com\\\/blog\\\/\",\"logo\":{\"@type\":\"ImageObject\",\"inLanguage\":\"fr-FR\",\"@id\":\"https:\\\/\\\/bart-et-lemy.com\\\/blog\\\/#\\\/schema\\\/logo\\\/image\\\/\",\"url\":\"https:\\\/\\\/bart-et-lemy.com\\\/blog\\\/wp-content\\\/uploads\\\/2026\\\/07\\\/logo-auto.png\",\"contentUrl\":\"https:\\\/\\\/bart-et-lemy.com\\\/blog\\\/wp-content\\\/uploads\\\/2026\\\/07\\\/logo-auto.png\",\"width\":1024,\"height\":1024,\"caption\":\"Bart et Lemy\"},\"image\":{\"@id\":\"https:\\\/\\\/bart-et-lemy.com\\\/blog\\\/#\\\/schema\\\/logo\\\/image\\\/\"}},{\"@type\":\"Person\",\"@id\":\"https:\\\/\\\/bart-et-lemy.com\\\/blog\\\/#\\\/schema\\\/person\\\/3c864cdc320801e3db34b663e7e3f816\",\"name\":\"Elodie Mazeau\",\"image\":{\"@type\":\"ImageObject\",\"inLanguage\":\"fr-FR\",\"@id\":\"https:\\\/\\\/bart-et-lemy.com\\\/blog\\\/wp-content\\\/uploads\\\/2026\\\/06\\\/persona_elodie-m-96x96.jpg\",\"url\":\"https:\\\/\\\/bart-et-lemy.com\\\/blog\\\/wp-content\\\/uploads\\\/2026\\\/06\\\/persona_elodie-m-96x96.jpg\",\"contentUrl\":\"https:\\\/\\\/bart-et-lemy.com\\\/blog\\\/wp-content\\\/uploads\\\/2026\\\/06\\\/persona_elodie-m-96x96.jpg\",\"caption\":\"Elodie Mazeau\"},\"description\":\"J'\u00e9cris sur la parentalit\u00e9 telle qu'elle se vit vraiment, du premier biberon aux premi\u00e8res col\u00e8res. Mes sujets de pr\u00e9dilection couvrent le quotidien des familles : sommeil, alimentation, organisation, pu\u00e9riculture et ces petites gal\u00e8res que tout parent conna\u00eet. Depuis plusieurs ann\u00e9es, je m'attache \u00e0 proposer des rep\u00e8res concrets plut\u00f4t que des le\u00e7ons, parce que chaque famille trouve son propre \u00e9quilibre. Je v\u00e9rifie mes informations aupr\u00e8s de sources fiables, surtout d\u00e8s qu'on touche \u00e0 la sant\u00e9 ou \u00e0 la s\u00e9curit\u00e9 de l'enfant, et je pr\u00e9cise quand un avis professionnel s'impose. J'\u00e9vite soigneusement la culpabilisation : \u00eatre parent est d\u00e9j\u00e0 assez exigeant. Mon ton se veut complice et bienveillant, un peu comme une discussion entre parents qui se comprennent. L'id\u00e9e est d'all\u00e9ger la charge mentale en donnant des solutions simples et test\u00e9es.\",\"sameAs\":[\"https:\\\/\\\/elodiemazeau.fr\\\/\"],\"url\":\"https:\\\/\\\/bart-et-lemy.com\\\/blog\\\/auteur\\\/noname\\\/\"}]}<\/script>\n<!-- \/ Yoast SEO Premium plugin. -->","yoast_head_json":{"title":"Le kombucha pour b\u00e9b\u00e9","description":"Mais qu'en est-il de sa consommation par les b\u00e9b\u00e9s ? Les parents se posent des questions l\u00e9gitimes sur les b\u00e9n\u00e9fices et les risques potentiels.","robots":{"index":"index","follow":"follow","max-snippet":"max-snippet:-1","max-image-preview":"max-image-preview:large","max-video-preview":"max-video-preview:-1"},"canonical":"https:\/\/bart-et-lemy.com\/blog\/a-la-une\/le-kombucha-pour-bebe-bienfaits-recettes-et-precautions-a-prendre\/","og_locale":"fr_FR","og_type":"article","og_title":"Le kombucha pour b\u00e9b\u00e9","og_description":"Mais qu'en est-il de sa consommation par les b\u00e9b\u00e9s ? Les parents se posent des questions l\u00e9gitimes sur les b\u00e9n\u00e9fices et les risques potentiels.","og_url":"https:\/\/bart-et-lemy.com\/blog\/a-la-une\/le-kombucha-pour-bebe-bienfaits-recettes-et-precautions-a-prendre\/","og_site_name":"bart-et-lemy.com","og_image":[{"width":1200,"height":500,"url":"https:\/\/bart-et-lemy.com\/blog\/wp-content\/uploads\/2025\/05\/sdxl-aa6abe8d850f3f163ddedfec1536c402-scaled.png","type":"image\/png"}],"author":"Elodie Mazeau","twitter_card":"summary_large_image","schema":{"@context":"https:\/\/schema.org","@graph":[{"@type":"NewsArticle","@id":"https:\/\/bart-et-lemy.com\/blog\/a-la-une\/le-kombucha-pour-bebe-bienfaits-recettes-et-precautions-a-prendre\/#article","isPartOf":{"@id":"https:\/\/bart-et-lemy.com\/blog\/a-la-une\/le-kombucha-pour-bebe-bienfaits-recettes-et-precautions-a-prendre\/"},"author":{"name":"Elodie Mazeau","@id":"https:\/\/bart-et-lemy.com\/blog\/#\/schema\/person\/3c864cdc320801e3db34b663e7e3f816"},"headline":"Le kombucha pour b\u00e9b\u00e9 : Bienfaits, recettes et pr\u00e9cautions \u00e0 prendre","datePublished":"2025-05-12T16:19:00+00:00","mainEntityOfPage":{"@id":"https:\/\/bart-et-lemy.com\/blog\/a-la-une\/le-kombucha-pour-bebe-bienfaits-recettes-et-precautions-a-prendre\/"},"wordCount":530,"commentCount":26,"publisher":{"@id":"https:\/\/bart-et-lemy.com\/blog\/#organization"},"image":{"@id":"https:\/\/bart-et-lemy.com\/blog\/a-la-une\/le-kombucha-pour-bebe-bienfaits-recettes-et-precautions-a-prendre\/#primaryimage"},"thumbnailUrl":"https:\/\/bart-et-lemy.com\/blog\/wp-content\/uploads\/2025\/05\/sdxl-aa6abe8d850f3f163ddedfec1536c402-scaled.png","keywords":["B\u00e9b\u00e9s","Hydratation","Kombucha","Pr\u00e9cautions","Probiotiques","Recettes"],"articleSection":["\u00c0 la une"],"inLanguage":"fr-FR","potentialAction":[{"@type":"CommentAction","name":"Comment","target":["https:\/\/bart-et-lemy.com\/blog\/a-la-une\/le-kombucha-pour-bebe-bienfaits-recettes-et-precautions-a-prendre\/#respond"]}]},{"@type":"WebPage","@id":"https:\/\/bart-et-lemy.com\/blog\/a-la-une\/le-kombucha-pour-bebe-bienfaits-recettes-et-precautions-a-prendre\/","url":"https:\/\/bart-et-lemy.com\/blog\/a-la-une\/le-kombucha-pour-bebe-bienfaits-recettes-et-precautions-a-prendre\/","name":"Le kombucha pour b\u00e9b\u00e9","isPartOf":{"@id":"https:\/\/bart-et-lemy.com\/blog\/#website"},"primaryImageOfPage":{"@id":"https:\/\/bart-et-lemy.com\/blog\/a-la-une\/le-kombucha-pour-bebe-bienfaits-recettes-et-precautions-a-prendre\/#primaryimage"},"image":{"@id":"https:\/\/bart-et-lemy.com\/blog\/a-la-une\/le-kombucha-pour-bebe-bienfaits-recettes-et-precautions-a-prendre\/#primaryimage"},"thumbnailUrl":"https:\/\/bart-et-lemy.com\/blog\/wp-content\/uploads\/2025\/05\/sdxl-aa6abe8d850f3f163ddedfec1536c402-scaled.png","datePublished":"2025-05-12T16:19:00+00:00","description":"Mais qu'en est-il de sa consommation par les b\u00e9b\u00e9s ? Les parents se posent des questions l\u00e9gitimes sur les b\u00e9n\u00e9fices et les risques potentiels.","inLanguage":"fr-FR","potentialAction":[{"@type":"ReadAction","target":["https:\/\/bart-et-lemy.com\/blog\/a-la-une\/le-kombucha-pour-bebe-bienfaits-recettes-et-precautions-a-prendre\/"]}]},{"@type":"ImageObject","inLanguage":"fr-FR","@id":"https:\/\/bart-et-lemy.com\/blog\/a-la-une\/le-kombucha-pour-bebe-bienfaits-recettes-et-precautions-a-prendre\/#primaryimage","url":"https:\/\/bart-et-lemy.com\/blog\/wp-content\/uploads\/2025\/05\/sdxl-aa6abe8d850f3f163ddedfec1536c402-scaled.png","contentUrl":"https:\/\/bart-et-lemy.com\/blog\/wp-content\/uploads\/2025\/05\/sdxl-aa6abe8d850f3f163ddedfec1536c402-scaled.png","width":1200,"height":500},{"@type":"WebSite","@id":"https:\/\/bart-et-lemy.com\/blog\/#website","url":"https:\/\/bart-et-lemy.com\/blog\/","name":"Bart et Lemy","description":"L\u2019originalit\u00e9 en toute libert\u00e9.","publisher":{"@id":"https:\/\/bart-et-lemy.com\/blog\/#organization"},"alternateName":"Conseils parentaux, astuces famille et bien-\u00eatre enfant","potentialAction":[{"@type":"SearchAction","target":{"@type":"EntryPoint","urlTemplate":"https:\/\/bart-et-lemy.com\/blog\/?s={search_term_string}"},"query-input":{"@type":"PropertyValueSpecification","valueRequired":true,"valueName":"search_term_string"}}],"inLanguage":"fr-FR"},{"@type":"Organization","@id":"https:\/\/bart-et-lemy.com\/blog\/#organization","name":"Bart et Lemy","alternateName":"bart-et-lemy.com","url":"https:\/\/bart-et-lemy.com\/blog\/","logo":{"@type":"ImageObject","inLanguage":"fr-FR","@id":"https:\/\/bart-et-lemy.com\/blog\/#\/schema\/logo\/image\/","url":"https:\/\/bart-et-lemy.com\/blog\/wp-content\/uploads\/2026\/07\/logo-auto.png","contentUrl":"https:\/\/bart-et-lemy.com\/blog\/wp-content\/uploads\/2026\/07\/logo-auto.png","width":1024,"height":1024,"caption":"Bart et Lemy"},"image":{"@id":"https:\/\/bart-et-lemy.com\/blog\/#\/schema\/logo\/image\/"}},{"@type":"Person","@id":"https:\/\/bart-et-lemy.com\/blog\/#\/schema\/person\/3c864cdc320801e3db34b663e7e3f816","name":"Elodie Mazeau","image":{"@type":"ImageObject","inLanguage":"fr-FR","@id":"https:\/\/bart-et-lemy.com\/blog\/wp-content\/uploads\/2026\/06\/persona_elodie-m-96x96.jpg","url":"https:\/\/bart-et-lemy.com\/blog\/wp-content\/uploads\/2026\/06\/persona_elodie-m-96x96.jpg","contentUrl":"https:\/\/bart-et-lemy.com\/blog\/wp-content\/uploads\/2026\/06\/persona_elodie-m-96x96.jpg","caption":"Elodie Mazeau"},"description":"J'\u00e9cris sur la parentalit\u00e9 telle qu'elle se vit vraiment, du premier biberon aux premi\u00e8res col\u00e8res. Mes sujets de pr\u00e9dilection couvrent le quotidien des familles : sommeil, alimentation, organisation, pu\u00e9riculture et ces petites gal\u00e8res que tout parent conna\u00eet. Depuis plusieurs ann\u00e9es, je m'attache \u00e0 proposer des rep\u00e8res concrets plut\u00f4t que des le\u00e7ons, parce que chaque famille trouve son propre \u00e9quilibre. Je v\u00e9rifie mes informations aupr\u00e8s de sources fiables, surtout d\u00e8s qu'on touche \u00e0 la sant\u00e9 ou \u00e0 la s\u00e9curit\u00e9 de l'enfant, et je pr\u00e9cise quand un avis professionnel s'impose. J'\u00e9vite soigneusement la culpabilisation : \u00eatre parent est d\u00e9j\u00e0 assez exigeant. Mon ton se veut complice et bienveillant, un peu comme une discussion entre parents qui se comprennent. L'id\u00e9e est d'all\u00e9ger la charge mentale en donnant des solutions simples et test\u00e9es.","sameAs":["https:\/\/elodiemazeau.fr\/"],"url":"https:\/\/bart-et-lemy.com\/blog\/auteur\/noname\/"}]}},"_links":{"self":[{"href":"https:\/\/bart-et-lemy.com\/blog\/wp-json\/wp\/v2\/posts\/9083","targetHints":{"allow":["GET"]}}],"collection":[{"href":"https:\/\/bart-et-lemy.com\/blog\/wp-json\/wp\/v2\/posts"}],"about":[{"href":"https:\/\/bart-et-lemy.com\/blog\/wp-json\/wp\/v2\/types\/post"}],"author":[{"embeddable":true,"href":"https:\/\/bart-et-lemy.com\/blog\/wp-json\/wp\/v2\/users\/34"}],"replies":[{"embeddable":true,"href":"https:\/\/bart-et-lemy.com\/blog\/wp-json\/wp\/v2\/comments?post=9083"}],"version-history":[{"count":1,"href":"https:\/\/bart-et-lemy.com\/blog\/wp-json\/wp\/v2\/posts\/9083\/revisions"}],"predecessor-version":[{"id":11149,"href":"https:\/\/bart-et-lemy.com\/blog\/wp-json\/wp\/v2\/posts\/9083\/revisions\/11149"}],"wp:featuredmedia":[{"embeddable":true,"href":"https:\/\/bart-et-lemy.com\/blog\/wp-json\/wp\/v2\/media\/11210"}],"wp:attachment":[{"href":"https:\/\/bart-et-lemy.com\/blog\/wp-json\/wp\/v2\/media?parent=9083"}],"wp:term":[{"taxonomy":"category","embeddable":true,"href":"https:\/\/bart-et-lemy.com\/blog\/wp-json\/wp\/v2\/categories?post=9083"},{"taxonomy":"post_tag","embeddable":true,"href":"https:\/\/bart-et-lemy.com\/blog\/wp-json\/wp\/v2\/tags?post=9083"}],"curies":[{"name":"wp","href":"https:\/\/api.w.org\/{rel}","templated":true}]}}