{"id":9111,"date":"2025-05-16T18:19:00","date_gmt":"2025-05-16T16:19:00","guid":{"rendered":"https:\/\/bart-et-lemy.com\/blog\/?p=9111"},"modified":"2025-02-10T20:16:21","modified_gmt":"2025-02-10T19:16:21","slug":"comprendre-la-creche-section-bebe-un-guide-pour-les-parents","status":"publish","type":"post","link":"https:\/\/bart-et-lemy.com\/blog\/a-la-une\/comprendre-la-creche-section-bebe-un-guide-pour-les-parents\/","title":{"rendered":"Comprendre la cr\u00e8che section b\u00e9b\u00e9 : un guide pour les parents"},"content":{"rendered":"<h2>Introduction<\/h2>\n<p>La section b\u00e9b\u00e9, en particulier, n\u00e9cessite une attention particuli\u00e8re. Comment s\u2019assurer que votre petit grandit dans un environnement s\u00fbr, stimulant et adapt\u00e9 \u00e0 ses besoins ? Cet article vous guide \u00e0 travers les \u00e9l\u00e9ments essentiels \u00e0 consid\u00e9rer pour faire un choix \u00e9clair\u00e9.<\/p>\n<h2>Qu&rsquo;est-ce qu&rsquo;une cr\u00e8che section b\u00e9b\u00e9 ?<\/h2>\n<p>La cr\u00e8che section b\u00e9b\u00e9 est un \u00e9tablissement d&rsquo;accueil pour les enfants \u00e2g\u00e9s de moins de trois ans. Elle offre un cadre structur\u00e9 o\u00f9 les tout-petits peuvent \u00e9voluer, socialiser et apprendre. Cette p\u00e9riode de leur vie est cruciale pour le d\u00e9veloppement affectif, cognitif et social.<\/p>\n<blockquote class=\"wp-embedded-content\" data-secret=\"6w0j5qYeEQ\"><p><a href=\"https:\/\/bart-et-lemy.com\/blog\/a-la-une\/decouvrez-le-monde-fascinant-du-bebe-judo-bienfaits-et-conseils-pratiques\/\">D\u00e9couvrez le monde fascinant du b\u00e9b\u00e9 judo : bienfaits et conseils pratiques<\/a><\/p><\/blockquote>\n<p><iframe loading=\"lazy\" class=\"wp-embedded-content\" sandbox=\"allow-scripts\" security=\"restricted\" style=\"position: absolute; visibility: hidden;\" title=\"\u00ab\u00a0D\u00e9couvrez le monde fascinant du b\u00e9b\u00e9 judo : bienfaits et conseils pratiques\u00a0\u00bb &#8212; bart-et-lemy.com\" src=\"https:\/\/bart-et-lemy.com\/blog\/a-la-une\/decouvrez-le-monde-fascinant-du-bebe-judo-bienfaits-et-conseils-pratiques\/embed\/#?secret=KYJO51m4F4#?secret=6w0j5qYeEQ\" data-secret=\"6w0j5qYeEQ\" width=\"600\" height=\"338\" frameborder=\"0\" marginwidth=\"0\" marginheight=\"0\" scrolling=\"no\"><\/iframe><\/p>\n<ul>\n<li><strong>Encadrement professionnel :<\/strong> Les \u00e9ducateurs sp\u00e9cialis\u00e9s accompagnent les enfants dans leurs d\u00e9couvertes.<\/li>\n<li><strong>Activit\u00e9s vari\u00e9es :<\/strong> Des jeux, des chansons et des histoires favorisent l&rsquo;\u00e9panouissement.<\/li>\n<li><strong>Socialisation :<\/strong> Les interactions avec d&rsquo;autres enfants sont b\u00e9n\u00e9fiques pour leur d\u00e9veloppement social.<\/li>\n<\/ul>\n<h2>Les crit\u00e8res de choix d&rsquo;une cr\u00e8che section b\u00e9b\u00e9<\/h2>\n<p>Avant de choisir une cr\u00e8che, plusieurs \u00e9l\u00e9ments doivent \u00eatre pris en compte. Voici les crit\u00e8res \u00e0 examiner :<\/p>\n<table>\n<tr>\n<th>Crit\u00e8re<\/th>\n<th>Description<\/th>\n<th>Importance<\/th>\n<\/tr>\n<tr>\n<td>Localisation<\/td>\n<td>Proximit\u00e9 du domicile ou du lieu de travail.<\/td>\n<td>\u00c9lev\u00e9e<\/td>\n<\/tr>\n<tr>\n<td>\u00c9quipe \u00e9ducative<\/td>\n<td>Qualifications et exp\u00e9rience des \u00e9ducateurs.<\/td>\n<td>\u00c9lev\u00e9e<\/td>\n<\/tr>\n<tr>\n<td>Activit\u00e9s propos\u00e9es<\/td>\n<td>Types d&rsquo;activit\u00e9s et leur fr\u00e9quence.<\/td>\n<td>Moyenne<\/td>\n<\/tr>\n<\/table>\n<p>En \u00e9valuant ces crit\u00e8res, vous vous assurez de choisir un lieu qui r\u00e9pond aux besoins de votre enfant tout en respectant vos attentes.<\/p>\n<blockquote class=\"wp-embedded-content\" data-secret=\"YhPkWxytjK\"><p><a href=\"https:\/\/bart-et-lemy.com\/blog\/a-la-une\/le-lien-precieux-entre-bebe-et-maman-une-aventure-unique\/\">Le lien pr\u00e9cieux entre b\u00e9b\u00e9 et maman : une aventure unique<\/a><\/p><\/blockquote>\n<p><iframe loading=\"lazy\" class=\"wp-embedded-content\" sandbox=\"allow-scripts\" security=\"restricted\" style=\"position: absolute; visibility: hidden;\" title=\"\u00ab\u00a0Le lien pr\u00e9cieux entre b\u00e9b\u00e9 et maman : une aventure unique\u00a0\u00bb &#8212; bart-et-lemy.com\" src=\"https:\/\/bart-et-lemy.com\/blog\/a-la-une\/le-lien-precieux-entre-bebe-et-maman-une-aventure-unique\/embed\/#?secret=bk57n2WRBv#?secret=YhPkWxytjK\" data-secret=\"YhPkWxytjK\" width=\"600\" height=\"338\" frameborder=\"0\" marginwidth=\"0\" marginheight=\"0\" scrolling=\"no\"><\/iframe><\/p>\n<h2>Les bienfaits d&rsquo;une cr\u00e8che section b\u00e9b\u00e9<\/h2>\n<p>Les cr\u00e8ches section b\u00e9b\u00e9 apportent de nombreux avantages, tant pour les enfants que pour les parents. Voici quelques b\u00e9n\u00e9fices notables :<\/p>\n<ul>\n<li><strong>\u00c9veil et stimulation :<\/strong> Les activit\u00e9s propos\u00e9es d\u00e9veloppent la curiosit\u00e9 et l&rsquo;apprentissage.<\/li>\n<li><strong>Soutien \u00e0 la parentalit\u00e9 :<\/strong> Les parents b\u00e9n\u00e9ficient d&rsquo;un accompagnement dans l&rsquo;\u00e9ducation de leur enfant.<\/li>\n<li><strong>R\u00e9seau social :<\/strong> Les enfants tissent des liens avec leurs camarades, favorisant leur int\u00e9gration sociale.<\/li>\n<\/ul>\n<blockquote><p>\n  \u00ab\u00a0D\u00e8s les premiers mois, l&rsquo;environnement joue un r\u00f4le cl\u00e9 dans le d\u00e9veloppement de l&rsquo;enfant.\u00a0\u00bb &#8211; Expert en \u00e9ducation de la petite enfance\n<\/p><\/blockquote>\n<h2>Conclusion<\/h2>\n<p>Choisir une cr\u00e8che section b\u00e9b\u00e9 est une \u00e9tape importante dans la vie de votre enfant. En prenant en compte les crit\u00e8res essentiels et en \u00e9valuant les avantages offerts, vous garantissez un cadre propice \u00e0 son \u00e9panouissement. Prenez le temps de visiter plusieurs \u00e9tablissements et de poser des questions. La s\u00e9curit\u00e9 et le bien-\u00eatre de votre petit doivent toujours \u00eatre prioritaires.<\/p>\n<h3>FAQ :<\/h3>\n<blockquote>\n<ul>\n<li><strong>Quelle est l&rsquo;\u00e2ge id\u00e9al pour inscrire mon b\u00e9b\u00e9 en cr\u00e8che ?En g\u00e9n\u00e9ral, les parents inscrivent leurs enfants d\u00e8s l&rsquo;\u00e2ge de 3 mois, mais cela d\u00e9pend des besoins de la famille.<\/strong><\/li>\n<li><strong>Combien d&rsquo;enfants sont accueillis par section ?Chaque section compte g\u00e9n\u00e9ralement entre 8 et 12 enfants, selon la r\u00e9glementation en vigueur.<\/strong><\/li>\n<li><strong>Quels sont les horaires d&rsquo;ouverture des cr\u00e8ches ?Les horaires varient, mais la plupart des cr\u00e8ches sont ouvertes de 7h30 \u00e0 18h30.<\/strong><\/li>\n<li><strong>Y a-t-il des aides financi\u00e8res pour les cr\u00e8ches ?Oui, de nombreuses aides existent, notamment des subventions de la CAF, selon les ressources des familles.<\/strong><\/li>\n<\/ul>\n<\/blockquote>\n","protected":false},"excerpt":{"rendered":"","protected":false},"author":34,"featured_media":11330,"comment_status":"open","ping_status":"open","sticky":false,"template":"","format":"standard","meta":{"_acf_changed":false,"manual_indexmenow":false,"indexmenow_id_project":0,"footnotes":""},"categories":[1],"tags":[4902,4590,5265,5157,4586,4583],"class_list":["post-9111","post","type-post","status-publish","format-standard","has-post-thumbnail","hentry","category-a-la-une","tag-activites","tag-bebe","tag-creche","tag-eveil","tag-parentalite","tag-socialisation","generate-columns","tablet-grid-50","mobile-grid-100","grid-parent","grid-25"],"acf":[],"yoast_head":"<!-- This site is optimized with the Yoast SEO Premium plugin v21.3 (Yoast SEO v27.3) - https:\/\/yoast.com\/product\/yoast-seo-premium-wordpress\/ -->\n<title>Comprendre la cr\u00e8che section b\u00e9b\u00e9<\/title>\n<meta name=\"description\" content=\"La section b\u00e9b\u00e9, en particulier, n\u00e9cessite une attention particuli\u00e8re. Comment s\u2019assurer que votre petit grandit dans un environnement s\u00fbr, stimulant et\u2026\" \/>\n<meta name=\"robots\" content=\"index, follow, max-snippet:-1, max-image-preview:large, max-video-preview:-1\" \/>\n<link rel=\"canonical\" href=\"https:\/\/bart-et-lemy.com\/blog\/a-la-une\/comprendre-la-creche-section-bebe-un-guide-pour-les-parents\/\" \/>\n<meta property=\"og:locale\" content=\"fr_FR\" \/>\n<meta property=\"og:type\" content=\"article\" \/>\n<meta property=\"og:title\" content=\"Comprendre la cr\u00e8che section b\u00e9b\u00e9\" \/>\n<meta property=\"og:description\" content=\"La section b\u00e9b\u00e9, en particulier, n\u00e9cessite une attention particuli\u00e8re. Comment s\u2019assurer que votre petit grandit dans un environnement s\u00fbr, stimulant et\u2026\" \/>\n<meta property=\"og:url\" content=\"https:\/\/bart-et-lemy.com\/blog\/a-la-une\/comprendre-la-creche-section-bebe-un-guide-pour-les-parents\/\" \/>\n<meta property=\"og:site_name\" content=\"bart-et-lemy.com\" \/>\n<meta property=\"og:image\" content=\"https:\/\/bart-et-lemy.com\/blog\/wp-content\/uploads\/2025\/05\/sdxl-438ce0b7bbdeb38a8b7ae8ddd0a2442b-scaled.png\" \/>\n\t<meta property=\"og:image:width\" content=\"1200\" \/>\n\t<meta property=\"og:image:height\" content=\"500\" \/>\n\t<meta property=\"og:image:type\" content=\"image\/png\" \/>\n<meta name=\"author\" content=\"Elodie Mazeau\" \/>\n<meta name=\"twitter:card\" content=\"summary_large_image\" \/>\n<script type=\"application\/ld+json\" class=\"yoast-schema-graph\">{\"@context\":\"https:\\\/\\\/schema.org\",\"@graph\":[{\"@type\":\"NewsArticle\",\"@id\":\"https:\\\/\\\/bart-et-lemy.com\\\/blog\\\/a-la-une\\\/comprendre-la-creche-section-bebe-un-guide-pour-les-parents\\\/#article\",\"isPartOf\":{\"@id\":\"https:\\\/\\\/bart-et-lemy.com\\\/blog\\\/a-la-une\\\/comprendre-la-creche-section-bebe-un-guide-pour-les-parents\\\/\"},\"author\":{\"name\":\"Elodie Mazeau\",\"@id\":\"https:\\\/\\\/bart-et-lemy.com\\\/blog\\\/#\\\/schema\\\/person\\\/3c864cdc320801e3db34b663e7e3f816\"},\"headline\":\"Comprendre la cr\u00e8che section b\u00e9b\u00e9 : un guide pour les parents\",\"datePublished\":\"2025-05-16T16:19:00+00:00\",\"mainEntityOfPage\":{\"@id\":\"https:\\\/\\\/bart-et-lemy.com\\\/blog\\\/a-la-une\\\/comprendre-la-creche-section-bebe-un-guide-pour-les-parents\\\/\"},\"wordCount\":550,\"commentCount\":18,\"publisher\":{\"@id\":\"https:\\\/\\\/bart-et-lemy.com\\\/blog\\\/#organization\"},\"image\":{\"@id\":\"https:\\\/\\\/bart-et-lemy.com\\\/blog\\\/a-la-une\\\/comprendre-la-creche-section-bebe-un-guide-pour-les-parents\\\/#primaryimage\"},\"thumbnailUrl\":\"https:\\\/\\\/bart-et-lemy.com\\\/blog\\\/wp-content\\\/uploads\\\/2025\\\/05\\\/sdxl-438ce0b7bbdeb38a8b7ae8ddd0a2442b-scaled.png\",\"keywords\":[\"Activit\u00e9s\",\"B\u00e9b\u00e9\",\"Cr\u00e8che\",\"\u00c9veil\",\"Parentalit\u00e9\",\"Socialisation\"],\"articleSection\":[\"\u00c0 la une\"],\"inLanguage\":\"fr-FR\",\"potentialAction\":[{\"@type\":\"CommentAction\",\"name\":\"Comment\",\"target\":[\"https:\\\/\\\/bart-et-lemy.com\\\/blog\\\/a-la-une\\\/comprendre-la-creche-section-bebe-un-guide-pour-les-parents\\\/#respond\"]}]},{\"@type\":\"WebPage\",\"@id\":\"https:\\\/\\\/bart-et-lemy.com\\\/blog\\\/a-la-une\\\/comprendre-la-creche-section-bebe-un-guide-pour-les-parents\\\/\",\"url\":\"https:\\\/\\\/bart-et-lemy.com\\\/blog\\\/a-la-une\\\/comprendre-la-creche-section-bebe-un-guide-pour-les-parents\\\/\",\"name\":\"Comprendre la cr\u00e8che section b\u00e9b\u00e9\",\"isPartOf\":{\"@id\":\"https:\\\/\\\/bart-et-lemy.com\\\/blog\\\/#website\"},\"primaryImageOfPage\":{\"@id\":\"https:\\\/\\\/bart-et-lemy.com\\\/blog\\\/a-la-une\\\/comprendre-la-creche-section-bebe-un-guide-pour-les-parents\\\/#primaryimage\"},\"image\":{\"@id\":\"https:\\\/\\\/bart-et-lemy.com\\\/blog\\\/a-la-une\\\/comprendre-la-creche-section-bebe-un-guide-pour-les-parents\\\/#primaryimage\"},\"thumbnailUrl\":\"https:\\\/\\\/bart-et-lemy.com\\\/blog\\\/wp-content\\\/uploads\\\/2025\\\/05\\\/sdxl-438ce0b7bbdeb38a8b7ae8ddd0a2442b-scaled.png\",\"datePublished\":\"2025-05-16T16:19:00+00:00\",\"description\":\"La section b\u00e9b\u00e9, en particulier, n\u00e9cessite une attention particuli\u00e8re. Comment s\u2019assurer que votre petit grandit dans un environnement s\u00fbr, stimulant et\u2026\",\"inLanguage\":\"fr-FR\",\"potentialAction\":[{\"@type\":\"ReadAction\",\"target\":[\"https:\\\/\\\/bart-et-lemy.com\\\/blog\\\/a-la-une\\\/comprendre-la-creche-section-bebe-un-guide-pour-les-parents\\\/\"]}]},{\"@type\":\"ImageObject\",\"inLanguage\":\"fr-FR\",\"@id\":\"https:\\\/\\\/bart-et-lemy.com\\\/blog\\\/a-la-une\\\/comprendre-la-creche-section-bebe-un-guide-pour-les-parents\\\/#primaryimage\",\"url\":\"https:\\\/\\\/bart-et-lemy.com\\\/blog\\\/wp-content\\\/uploads\\\/2025\\\/05\\\/sdxl-438ce0b7bbdeb38a8b7ae8ddd0a2442b-scaled.png\",\"contentUrl\":\"https:\\\/\\\/bart-et-lemy.com\\\/blog\\\/wp-content\\\/uploads\\\/2025\\\/05\\\/sdxl-438ce0b7bbdeb38a8b7ae8ddd0a2442b-scaled.png\",\"width\":1200,\"height\":500},{\"@type\":\"WebSite\",\"@id\":\"https:\\\/\\\/bart-et-lemy.com\\\/blog\\\/#website\",\"url\":\"https:\\\/\\\/bart-et-lemy.com\\\/blog\\\/\",\"name\":\"Bart et Lemy\",\"description\":\"L\u2019originalit\u00e9 en toute libert\u00e9.\",\"publisher\":{\"@id\":\"https:\\\/\\\/bart-et-lemy.com\\\/blog\\\/#organization\"},\"alternateName\":\"Conseils parentaux, astuces famille et bien-\u00eatre enfant\",\"potentialAction\":[{\"@type\":\"SearchAction\",\"target\":{\"@type\":\"EntryPoint\",\"urlTemplate\":\"https:\\\/\\\/bart-et-lemy.com\\\/blog\\\/?s={search_term_string}\"},\"query-input\":{\"@type\":\"PropertyValueSpecification\",\"valueRequired\":true,\"valueName\":\"search_term_string\"}}],\"inLanguage\":\"fr-FR\"},{\"@type\":\"Organization\",\"@id\":\"https:\\\/\\\/bart-et-lemy.com\\\/blog\\\/#organization\",\"name\":\"Bart et Lemy\",\"alternateName\":\"bart-et-lemy.com\",\"url\":\"https:\\\/\\\/bart-et-lemy.com\\\/blog\\\/\",\"logo\":{\"@type\":\"ImageObject\",\"inLanguage\":\"fr-FR\",\"@id\":\"https:\\\/\\\/bart-et-lemy.com\\\/blog\\\/#\\\/schema\\\/logo\\\/image\\\/\",\"url\":\"https:\\\/\\\/bart-et-lemy.com\\\/blog\\\/wp-content\\\/uploads\\\/2026\\\/07\\\/logo-auto.png\",\"contentUrl\":\"https:\\\/\\\/bart-et-lemy.com\\\/blog\\\/wp-content\\\/uploads\\\/2026\\\/07\\\/logo-auto.png\",\"width\":1024,\"height\":1024,\"caption\":\"Bart et Lemy\"},\"image\":{\"@id\":\"https:\\\/\\\/bart-et-lemy.com\\\/blog\\\/#\\\/schema\\\/logo\\\/image\\\/\"}},{\"@type\":\"Person\",\"@id\":\"https:\\\/\\\/bart-et-lemy.com\\\/blog\\\/#\\\/schema\\\/person\\\/3c864cdc320801e3db34b663e7e3f816\",\"name\":\"Elodie Mazeau\",\"image\":{\"@type\":\"ImageObject\",\"inLanguage\":\"fr-FR\",\"@id\":\"https:\\\/\\\/bart-et-lemy.com\\\/blog\\\/wp-content\\\/uploads\\\/2026\\\/06\\\/persona_elodie-m-96x96.jpg\",\"url\":\"https:\\\/\\\/bart-et-lemy.com\\\/blog\\\/wp-content\\\/uploads\\\/2026\\\/06\\\/persona_elodie-m-96x96.jpg\",\"contentUrl\":\"https:\\\/\\\/bart-et-lemy.com\\\/blog\\\/wp-content\\\/uploads\\\/2026\\\/06\\\/persona_elodie-m-96x96.jpg\",\"caption\":\"Elodie Mazeau\"},\"description\":\"J'\u00e9cris sur la parentalit\u00e9 telle qu'elle se vit vraiment, du premier biberon aux premi\u00e8res col\u00e8res. Mes sujets de pr\u00e9dilection couvrent le quotidien des familles : sommeil, alimentation, organisation, pu\u00e9riculture et ces petites gal\u00e8res que tout parent conna\u00eet. Depuis plusieurs ann\u00e9es, je m'attache \u00e0 proposer des rep\u00e8res concrets plut\u00f4t que des le\u00e7ons, parce que chaque famille trouve son propre \u00e9quilibre. Je v\u00e9rifie mes informations aupr\u00e8s de sources fiables, surtout d\u00e8s qu'on touche \u00e0 la sant\u00e9 ou \u00e0 la s\u00e9curit\u00e9 de l'enfant, et je pr\u00e9cise quand un avis professionnel s'impose. J'\u00e9vite soigneusement la culpabilisation : \u00eatre parent est d\u00e9j\u00e0 assez exigeant. Mon ton se veut complice et bienveillant, un peu comme une discussion entre parents qui se comprennent. L'id\u00e9e est d'all\u00e9ger la charge mentale en donnant des solutions simples et test\u00e9es.\",\"sameAs\":[\"https:\\\/\\\/elodiemazeau.fr\\\/\"],\"url\":\"https:\\\/\\\/bart-et-lemy.com\\\/blog\\\/auteur\\\/noname\\\/\"}]}<\/script>\n<!-- \/ Yoast SEO Premium plugin. -->","yoast_head_json":{"title":"Comprendre la cr\u00e8che section b\u00e9b\u00e9","description":"La section b\u00e9b\u00e9, en particulier, n\u00e9cessite une attention particuli\u00e8re. Comment s\u2019assurer que votre petit grandit dans un environnement s\u00fbr, stimulant et\u2026","robots":{"index":"index","follow":"follow","max-snippet":"max-snippet:-1","max-image-preview":"max-image-preview:large","max-video-preview":"max-video-preview:-1"},"canonical":"https:\/\/bart-et-lemy.com\/blog\/a-la-une\/comprendre-la-creche-section-bebe-un-guide-pour-les-parents\/","og_locale":"fr_FR","og_type":"article","og_title":"Comprendre la cr\u00e8che section b\u00e9b\u00e9","og_description":"La section b\u00e9b\u00e9, en particulier, n\u00e9cessite une attention particuli\u00e8re. Comment s\u2019assurer que votre petit grandit dans un environnement s\u00fbr, stimulant et\u2026","og_url":"https:\/\/bart-et-lemy.com\/blog\/a-la-une\/comprendre-la-creche-section-bebe-un-guide-pour-les-parents\/","og_site_name":"bart-et-lemy.com","og_image":[{"width":1200,"height":500,"url":"https:\/\/bart-et-lemy.com\/blog\/wp-content\/uploads\/2025\/05\/sdxl-438ce0b7bbdeb38a8b7ae8ddd0a2442b-scaled.png","type":"image\/png"}],"author":"Elodie Mazeau","twitter_card":"summary_large_image","schema":{"@context":"https:\/\/schema.org","@graph":[{"@type":"NewsArticle","@id":"https:\/\/bart-et-lemy.com\/blog\/a-la-une\/comprendre-la-creche-section-bebe-un-guide-pour-les-parents\/#article","isPartOf":{"@id":"https:\/\/bart-et-lemy.com\/blog\/a-la-une\/comprendre-la-creche-section-bebe-un-guide-pour-les-parents\/"},"author":{"name":"Elodie Mazeau","@id":"https:\/\/bart-et-lemy.com\/blog\/#\/schema\/person\/3c864cdc320801e3db34b663e7e3f816"},"headline":"Comprendre la cr\u00e8che section b\u00e9b\u00e9 : un guide pour les parents","datePublished":"2025-05-16T16:19:00+00:00","mainEntityOfPage":{"@id":"https:\/\/bart-et-lemy.com\/blog\/a-la-une\/comprendre-la-creche-section-bebe-un-guide-pour-les-parents\/"},"wordCount":550,"commentCount":18,"publisher":{"@id":"https:\/\/bart-et-lemy.com\/blog\/#organization"},"image":{"@id":"https:\/\/bart-et-lemy.com\/blog\/a-la-une\/comprendre-la-creche-section-bebe-un-guide-pour-les-parents\/#primaryimage"},"thumbnailUrl":"https:\/\/bart-et-lemy.com\/blog\/wp-content\/uploads\/2025\/05\/sdxl-438ce0b7bbdeb38a8b7ae8ddd0a2442b-scaled.png","keywords":["Activit\u00e9s","B\u00e9b\u00e9","Cr\u00e8che","\u00c9veil","Parentalit\u00e9","Socialisation"],"articleSection":["\u00c0 la une"],"inLanguage":"fr-FR","potentialAction":[{"@type":"CommentAction","name":"Comment","target":["https:\/\/bart-et-lemy.com\/blog\/a-la-une\/comprendre-la-creche-section-bebe-un-guide-pour-les-parents\/#respond"]}]},{"@type":"WebPage","@id":"https:\/\/bart-et-lemy.com\/blog\/a-la-une\/comprendre-la-creche-section-bebe-un-guide-pour-les-parents\/","url":"https:\/\/bart-et-lemy.com\/blog\/a-la-une\/comprendre-la-creche-section-bebe-un-guide-pour-les-parents\/","name":"Comprendre la cr\u00e8che section b\u00e9b\u00e9","isPartOf":{"@id":"https:\/\/bart-et-lemy.com\/blog\/#website"},"primaryImageOfPage":{"@id":"https:\/\/bart-et-lemy.com\/blog\/a-la-une\/comprendre-la-creche-section-bebe-un-guide-pour-les-parents\/#primaryimage"},"image":{"@id":"https:\/\/bart-et-lemy.com\/blog\/a-la-une\/comprendre-la-creche-section-bebe-un-guide-pour-les-parents\/#primaryimage"},"thumbnailUrl":"https:\/\/bart-et-lemy.com\/blog\/wp-content\/uploads\/2025\/05\/sdxl-438ce0b7bbdeb38a8b7ae8ddd0a2442b-scaled.png","datePublished":"2025-05-16T16:19:00+00:00","description":"La section b\u00e9b\u00e9, en particulier, n\u00e9cessite une attention particuli\u00e8re. Comment s\u2019assurer que votre petit grandit dans un environnement s\u00fbr, stimulant et\u2026","inLanguage":"fr-FR","potentialAction":[{"@type":"ReadAction","target":["https:\/\/bart-et-lemy.com\/blog\/a-la-une\/comprendre-la-creche-section-bebe-un-guide-pour-les-parents\/"]}]},{"@type":"ImageObject","inLanguage":"fr-FR","@id":"https:\/\/bart-et-lemy.com\/blog\/a-la-une\/comprendre-la-creche-section-bebe-un-guide-pour-les-parents\/#primaryimage","url":"https:\/\/bart-et-lemy.com\/blog\/wp-content\/uploads\/2025\/05\/sdxl-438ce0b7bbdeb38a8b7ae8ddd0a2442b-scaled.png","contentUrl":"https:\/\/bart-et-lemy.com\/blog\/wp-content\/uploads\/2025\/05\/sdxl-438ce0b7bbdeb38a8b7ae8ddd0a2442b-scaled.png","width":1200,"height":500},{"@type":"WebSite","@id":"https:\/\/bart-et-lemy.com\/blog\/#website","url":"https:\/\/bart-et-lemy.com\/blog\/","name":"Bart et Lemy","description":"L\u2019originalit\u00e9 en toute libert\u00e9.","publisher":{"@id":"https:\/\/bart-et-lemy.com\/blog\/#organization"},"alternateName":"Conseils parentaux, astuces famille et bien-\u00eatre enfant","potentialAction":[{"@type":"SearchAction","target":{"@type":"EntryPoint","urlTemplate":"https:\/\/bart-et-lemy.com\/blog\/?s={search_term_string}"},"query-input":{"@type":"PropertyValueSpecification","valueRequired":true,"valueName":"search_term_string"}}],"inLanguage":"fr-FR"},{"@type":"Organization","@id":"https:\/\/bart-et-lemy.com\/blog\/#organization","name":"Bart et Lemy","alternateName":"bart-et-lemy.com","url":"https:\/\/bart-et-lemy.com\/blog\/","logo":{"@type":"ImageObject","inLanguage":"fr-FR","@id":"https:\/\/bart-et-lemy.com\/blog\/#\/schema\/logo\/image\/","url":"https:\/\/bart-et-lemy.com\/blog\/wp-content\/uploads\/2026\/07\/logo-auto.png","contentUrl":"https:\/\/bart-et-lemy.com\/blog\/wp-content\/uploads\/2026\/07\/logo-auto.png","width":1024,"height":1024,"caption":"Bart et Lemy"},"image":{"@id":"https:\/\/bart-et-lemy.com\/blog\/#\/schema\/logo\/image\/"}},{"@type":"Person","@id":"https:\/\/bart-et-lemy.com\/blog\/#\/schema\/person\/3c864cdc320801e3db34b663e7e3f816","name":"Elodie Mazeau","image":{"@type":"ImageObject","inLanguage":"fr-FR","@id":"https:\/\/bart-et-lemy.com\/blog\/wp-content\/uploads\/2026\/06\/persona_elodie-m-96x96.jpg","url":"https:\/\/bart-et-lemy.com\/blog\/wp-content\/uploads\/2026\/06\/persona_elodie-m-96x96.jpg","contentUrl":"https:\/\/bart-et-lemy.com\/blog\/wp-content\/uploads\/2026\/06\/persona_elodie-m-96x96.jpg","caption":"Elodie Mazeau"},"description":"J'\u00e9cris sur la parentalit\u00e9 telle qu'elle se vit vraiment, du premier biberon aux premi\u00e8res col\u00e8res. Mes sujets de pr\u00e9dilection couvrent le quotidien des familles : sommeil, alimentation, organisation, pu\u00e9riculture et ces petites gal\u00e8res que tout parent conna\u00eet. Depuis plusieurs ann\u00e9es, je m'attache \u00e0 proposer des rep\u00e8res concrets plut\u00f4t que des le\u00e7ons, parce que chaque famille trouve son propre \u00e9quilibre. Je v\u00e9rifie mes informations aupr\u00e8s de sources fiables, surtout d\u00e8s qu'on touche \u00e0 la sant\u00e9 ou \u00e0 la s\u00e9curit\u00e9 de l'enfant, et je pr\u00e9cise quand un avis professionnel s'impose. J'\u00e9vite soigneusement la culpabilisation : \u00eatre parent est d\u00e9j\u00e0 assez exigeant. Mon ton se veut complice et bienveillant, un peu comme une discussion entre parents qui se comprennent. L'id\u00e9e est d'all\u00e9ger la charge mentale en donnant des solutions simples et test\u00e9es.","sameAs":["https:\/\/elodiemazeau.fr\/"],"url":"https:\/\/bart-et-lemy.com\/blog\/auteur\/noname\/"}]}},"_links":{"self":[{"href":"https:\/\/bart-et-lemy.com\/blog\/wp-json\/wp\/v2\/posts\/9111","targetHints":{"allow":["GET"]}}],"collection":[{"href":"https:\/\/bart-et-lemy.com\/blog\/wp-json\/wp\/v2\/posts"}],"about":[{"href":"https:\/\/bart-et-lemy.com\/blog\/wp-json\/wp\/v2\/types\/post"}],"author":[{"embeddable":true,"href":"https:\/\/bart-et-lemy.com\/blog\/wp-json\/wp\/v2\/users\/34"}],"replies":[{"embeddable":true,"href":"https:\/\/bart-et-lemy.com\/blog\/wp-json\/wp\/v2\/comments?post=9111"}],"version-history":[{"count":1,"href":"https:\/\/bart-et-lemy.com\/blog\/wp-json\/wp\/v2\/posts\/9111\/revisions"}],"predecessor-version":[{"id":11274,"href":"https:\/\/bart-et-lemy.com\/blog\/wp-json\/wp\/v2\/posts\/9111\/revisions\/11274"}],"wp:featuredmedia":[{"embeddable":true,"href":"https:\/\/bart-et-lemy.com\/blog\/wp-json\/wp\/v2\/media\/11330"}],"wp:attachment":[{"href":"https:\/\/bart-et-lemy.com\/blog\/wp-json\/wp\/v2\/media?parent=9111"}],"wp:term":[{"taxonomy":"category","embeddable":true,"href":"https:\/\/bart-et-lemy.com\/blog\/wp-json\/wp\/v2\/categories?post=9111"},{"taxonomy":"post_tag","embeddable":true,"href":"https:\/\/bart-et-lemy.com\/blog\/wp-json\/wp\/v2\/tags?post=9111"}],"curies":[{"name":"wp","href":"https:\/\/api.w.org\/{rel}","templated":true}]}}