{"id":9155,"date":"2025-04-12T17:59:00","date_gmt":"2025-04-12T15:59:00","guid":{"rendered":"https:\/\/bart-et-lemy.com\/blog\/?p=9155"},"modified":"2025-02-11T06:05:45","modified_gmt":"2025-02-11T05:05:45","slug":"comprendre-lepicanthus-chez-les-bebes-causes-symptomes-et-solutions","status":"publish","type":"post","link":"https:\/\/bart-et-lemy.com\/blog\/a-la-une\/comprendre-lepicanthus-chez-les-bebes-causes-symptomes-et-solutions\/","title":{"rendered":"Comprendre l&rsquo;\u00e9picanthus chez les b\u00e9b\u00e9s : causes, sympt\u00f4mes et solutions"},"content":{"rendered":"<h2>Introduction<\/h2>\n<p>L&rsquo;\u00e9picanthus, souvent visible chez les nourrissons, peut susciter des pr\u00e9occupations. Cet article explore ce ph\u00e9nom\u00e8ne, ses causes, ses implications et les options disponibles pour les parents.<\/p>\n<h2>Qu&rsquo;est-ce que l&rsquo;\u00e9picanthus ?<\/h2>\n<p>L&rsquo;\u00e9picanthus se d\u00e9finit par un repli de peau qui couvre le coin interne de l&rsquo;\u0153il. Ce ph\u00e9nom\u00e8ne, \u00e9galement connu sous le nom de \u00ab pli \u00e9picanthique \u00bb, est fr\u00e9quent chez plusieurs groupes ethniques, notamment les Asiatiques. Cependant, il peut aussi appara\u00eetre chez des b\u00e9b\u00e9s d&rsquo;autres origines.<\/p>\n<blockquote class=\"wp-embedded-content\" data-secret=\"S1P2LOGnaH\"><p><a href=\"https:\/\/bart-et-lemy.com\/blog\/a-la-une\/le-lien-precieux-entre-bebe-et-maman-une-aventure-unique\/\">Le lien pr\u00e9cieux entre b\u00e9b\u00e9 et maman : une aventure unique<\/a><\/p><\/blockquote>\n<p><iframe loading=\"lazy\" class=\"wp-embedded-content\" sandbox=\"allow-scripts\" security=\"restricted\" style=\"position: absolute; visibility: hidden;\" title=\"\u00ab\u00a0Le lien pr\u00e9cieux entre b\u00e9b\u00e9 et maman : une aventure unique\u00a0\u00bb &#8212; bart-et-lemy.com\" src=\"https:\/\/bart-et-lemy.com\/blog\/a-la-une\/le-lien-precieux-entre-bebe-et-maman-une-aventure-unique\/embed\/#?secret=3v3JN0WdNt#?secret=S1P2LOGnaH\" data-secret=\"S1P2LOGnaH\" width=\"600\" height=\"338\" frameborder=\"0\" marginwidth=\"0\" marginheight=\"0\" scrolling=\"no\"><\/iframe><\/p>\n<p>Il est important de noter que l&rsquo;\u00e9picanthus peut \u00eatre une caract\u00e9ristique purement esth\u00e9tique, mais il peut \u00e9galement \u00eatre associ\u00e9 \u00e0 certaines conditions m\u00e9dicales. Les parents doivent rester inform\u00e9s pour mieux comprendre cette particularit\u00e9.<\/p>\n<h2>Causes de l&rsquo;\u00e9picanthus chez les b\u00e9b\u00e9s<\/h2>\n<ul>\n<li><strong>G\u00e9n\u00e9tique :<\/strong> La g\u00e9n\u00e9tique joue un r\u00f4le crucial. Si un ou plusieurs membres de la famille pr\u00e9sentent un \u00e9picanthus, il est probable que le b\u00e9b\u00e9 en ait aussi.<\/li>\n<li><strong>Conditions m\u00e9dicales :<\/strong> Dans certains cas, l&rsquo;\u00e9picanthus peut \u00eatre li\u00e9 \u00e0 des syndromes comme le syndrome de Down ou d&rsquo;autres anomalies chromosomiques.<\/li>\n<li><strong>\u00c9volution et d\u00e9veloppement :<\/strong> L&rsquo;\u00e9picanthus peut aussi \u00eatre un trait transitoire, qui se r\u00e9sout avec le temps \u00e0 mesure que l&rsquo;enfant grandit.<\/li>\n<\/ul>\n<h2>Implications de l&rsquo;\u00e9picanthus<\/h2>\n<p>La pr\u00e9sence d&rsquo;un \u00e9picanthus peut susciter diverses r\u00e9actions. Pour certains b\u00e9b\u00e9s, cela n&rsquo;a aucune cons\u00e9quence sur la vision ou le d\u00e9veloppement. En revanche, pour d&rsquo;autres, cela pourrait \u00eatre le signe d&rsquo;une condition plus s\u00e9rieuse. Les parents doivent donc observer d&rsquo;autres sympt\u00f4mes possibles, tels que des probl\u00e8mes oculaires ou des retards de d\u00e9veloppement.<\/p>\n<p>Il est utile de consulter un p\u00e9diatre si l&rsquo;\u00e9picanthus est accompagn\u00e9 d&rsquo;autres signes pr\u00e9occupants. Un suivi m\u00e9dical permet de garantir que l&rsquo;enfant se d\u00e9veloppe normalement.<\/p>\n<blockquote class=\"wp-embedded-content\" data-secret=\"B7h1CkjcjT\"><p><a href=\"https:\/\/bart-et-lemy.com\/blog\/a-la-une\/patron-gratuit-de-gilet-sans-manches-pour-bebe-guide-complet-et-conseils-pratiques\/\">Patron gratuit de gilet sans manches pour b\u00e9b\u00e9 : Guide complet et conseils pratiques<\/a><\/p><\/blockquote>\n<p><iframe loading=\"lazy\" class=\"wp-embedded-content\" sandbox=\"allow-scripts\" security=\"restricted\" style=\"position: absolute; visibility: hidden;\" title=\"\u00ab\u00a0Patron gratuit de gilet sans manches pour b\u00e9b\u00e9 : Guide complet et conseils pratiques\u00a0\u00bb &#8212; bart-et-lemy.com\" src=\"https:\/\/bart-et-lemy.com\/blog\/a-la-une\/patron-gratuit-de-gilet-sans-manches-pour-bebe-guide-complet-et-conseils-pratiques\/embed\/#?secret=KAZWXxX2w3#?secret=B7h1CkjcjT\" data-secret=\"B7h1CkjcjT\" width=\"600\" height=\"338\" frameborder=\"0\" marginwidth=\"0\" marginheight=\"0\" scrolling=\"no\"><\/iframe><\/p>\n<h2>Comment g\u00e9rer l&rsquo;\u00e9picanthus ?<\/h2>\n<p>Pour les parents, il est essentiel de comprendre que l&rsquo;\u00e9picanthus, dans la plupart des cas, ne n\u00e9cessite pas de traitement sp\u00e9cifique. Cependant, si l&rsquo;enfant pr\u00e9sente des probl\u00e8mes de vision associ\u00e9s, des options peuvent \u00eatre envisag\u00e9es.<\/p>\n<p>Voici quelques conseils pour les parents :<\/p>\n<ul>\n<li><strong>Consulter un sp\u00e9cialiste :<\/strong> Si vous avez des inqui\u00e9tudes, un ophtalmologiste peut fournir des conseils adapt\u00e9s.<\/li>\n<li><strong>Observation :<\/strong> Suivez l&rsquo;\u00e9volution de l&rsquo;\u00e9picanthus. La plupart des cas se r\u00e9solvent d&rsquo;eux-m\u00eames avec le temps.<\/li>\n<li><strong>\u00c9ducation :<\/strong> Informez-vous sur les diff\u00e9rentes conditions li\u00e9es \u00e0 l&rsquo;\u00e9picanthus. Une connaissance approfondie permet de mieux appr\u00e9hender la situation.<\/li>\n<\/ul>\n<h2>FAQ :<\/h2>\n<blockquote>\n<ul>\n<li><strong>Quelles sont les principales causes de l&rsquo;\u00e9picanthus ?<\/strong>Les causes incluent des facteurs g\u00e9n\u00e9tiques, des conditions m\u00e9dicales et des variations de d\u00e9veloppement.<\/li>\n<li><strong>L&rsquo;\u00e9picanthus peut-il affecter la vision ?<\/strong>Dans la plupart des cas, il n&rsquo;affecte pas la vision, mais un suivi m\u00e9dical est recommand\u00e9.<\/li>\n<li><strong>Est-ce que l&rsquo;\u00e9picanthus est permanent ?<\/strong>Pour certains enfants, il peut dispara\u00eetre avec le temps, tandis que pour d&rsquo;autres, il reste permanent.<\/li>\n<li><strong>Quand devrais-je consulter un m\u00e9decin ?<\/strong>Consultez un m\u00e9decin si vous remarquez d&rsquo;autres anomalies ou des probl\u00e8mes de d\u00e9veloppement chez votre enfant.<\/li>\n<\/ul>\n<\/blockquote>\n<h2>Conclusion<\/h2>\n<p>L&rsquo;\u00e9picanthus chez les b\u00e9b\u00e9s est une caract\u00e9ristique courante qui peut intriguer les parents. Bien que souvent sans cons\u00e9quence, il est essentiel d&rsquo;observer l&rsquo;\u00e9volution de cette particularit\u00e9. Avec une bonne information et un suivi m\u00e9dical, les parents peuvent g\u00e9rer cette situation sereinement.<\/p>\n","protected":false},"excerpt":{"rendered":"","protected":false},"author":34,"featured_media":11005,"comment_status":"open","ping_status":"open","sticky":false,"template":"","format":"standard","meta":{"_acf_changed":false,"manual_indexmenow":false,"indexmenow_id_project":0,"footnotes":""},"categories":[1],"tags":[4714,6357,6356,5576,6047,6358],"class_list":["post-9155","post","type-post","status-publish","format-standard","has-post-thumbnail","hentry","category-a-la-une","tag-bebes","tag-conditions-medicales","tag-epicanthus","tag-genetique","tag-observation","tag-ophtalmologiste","generate-columns","tablet-grid-50","mobile-grid-100","grid-parent","grid-25"],"acf":[],"yoast_head":"<!-- This site is optimized with the Yoast SEO Premium plugin v21.3 (Yoast SEO v27.3) - https:\/\/yoast.com\/product\/yoast-seo-premium-wordpress\/ -->\n<title>Comprendre l&#039;\u00e9picanthus chez les b\u00e9b\u00e9s<\/title>\n<meta name=\"description\" content=\"L&#039;\u00e9picanthus, souvent visible chez les nourrissons, peut susciter des pr\u00e9occupations.\" \/>\n<meta name=\"robots\" content=\"index, follow, max-snippet:-1, max-image-preview:large, max-video-preview:-1\" \/>\n<link rel=\"canonical\" href=\"https:\/\/bart-et-lemy.com\/blog\/a-la-une\/comprendre-lepicanthus-chez-les-bebes-causes-symptomes-et-solutions\/\" \/>\n<meta property=\"og:locale\" content=\"fr_FR\" \/>\n<meta property=\"og:type\" content=\"article\" \/>\n<meta property=\"og:title\" content=\"Comprendre l&#039;\u00e9picanthus chez les b\u00e9b\u00e9s\" \/>\n<meta property=\"og:description\" content=\"L&#039;\u00e9picanthus, souvent visible chez les nourrissons, peut susciter des pr\u00e9occupations.\" \/>\n<meta property=\"og:url\" content=\"https:\/\/bart-et-lemy.com\/blog\/a-la-une\/comprendre-lepicanthus-chez-les-bebes-causes-symptomes-et-solutions\/\" \/>\n<meta property=\"og:site_name\" content=\"bart-et-lemy.com\" \/>\n<meta property=\"og:image\" content=\"https:\/\/bart-et-lemy.com\/blog\/wp-content\/uploads\/2025\/05\/sdxl-786f9016fdc6ed538db6f076e92f40e0-scaled.png\" \/>\n\t<meta property=\"og:image:width\" content=\"1200\" \/>\n\t<meta property=\"og:image:height\" content=\"500\" \/>\n\t<meta property=\"og:image:type\" content=\"image\/png\" \/>\n<meta name=\"author\" content=\"Elodie Mazeau\" \/>\n<meta name=\"twitter:card\" content=\"summary_large_image\" \/>\n<script type=\"application\/ld+json\" class=\"yoast-schema-graph\">{\"@context\":\"https:\\\/\\\/schema.org\",\"@graph\":[{\"@type\":\"NewsArticle\",\"@id\":\"https:\\\/\\\/bart-et-lemy.com\\\/blog\\\/a-la-une\\\/comprendre-lepicanthus-chez-les-bebes-causes-symptomes-et-solutions\\\/#article\",\"isPartOf\":{\"@id\":\"https:\\\/\\\/bart-et-lemy.com\\\/blog\\\/a-la-une\\\/comprendre-lepicanthus-chez-les-bebes-causes-symptomes-et-solutions\\\/\"},\"author\":{\"name\":\"Elodie Mazeau\",\"@id\":\"https:\\\/\\\/bart-et-lemy.com\\\/blog\\\/#\\\/schema\\\/person\\\/3c864cdc320801e3db34b663e7e3f816\"},\"headline\":\"Comprendre l&rsquo;\u00e9picanthus chez les b\u00e9b\u00e9s : causes, sympt\u00f4mes et solutions\",\"datePublished\":\"2025-04-12T15:59:00+00:00\",\"mainEntityOfPage\":{\"@id\":\"https:\\\/\\\/bart-et-lemy.com\\\/blog\\\/a-la-une\\\/comprendre-lepicanthus-chez-les-bebes-causes-symptomes-et-solutions\\\/\"},\"wordCount\":610,\"commentCount\":20,\"publisher\":{\"@id\":\"https:\\\/\\\/bart-et-lemy.com\\\/blog\\\/#organization\"},\"image\":{\"@id\":\"https:\\\/\\\/bart-et-lemy.com\\\/blog\\\/a-la-une\\\/comprendre-lepicanthus-chez-les-bebes-causes-symptomes-et-solutions\\\/#primaryimage\"},\"thumbnailUrl\":\"https:\\\/\\\/bart-et-lemy.com\\\/blog\\\/wp-content\\\/uploads\\\/2025\\\/05\\\/sdxl-786f9016fdc6ed538db6f076e92f40e0-scaled.png\",\"keywords\":[\"B\u00e9b\u00e9s\",\"Conditions m\u00e9dicales\",\"\u00c9picanthus\",\"G\u00e9n\u00e9tique\",\"Observation\",\"Ophtalmologiste\"],\"articleSection\":[\"\u00c0 la une\"],\"inLanguage\":\"fr-FR\",\"potentialAction\":[{\"@type\":\"CommentAction\",\"name\":\"Comment\",\"target\":[\"https:\\\/\\\/bart-et-lemy.com\\\/blog\\\/a-la-une\\\/comprendre-lepicanthus-chez-les-bebes-causes-symptomes-et-solutions\\\/#respond\"]}]},{\"@type\":\"WebPage\",\"@id\":\"https:\\\/\\\/bart-et-lemy.com\\\/blog\\\/a-la-une\\\/comprendre-lepicanthus-chez-les-bebes-causes-symptomes-et-solutions\\\/\",\"url\":\"https:\\\/\\\/bart-et-lemy.com\\\/blog\\\/a-la-une\\\/comprendre-lepicanthus-chez-les-bebes-causes-symptomes-et-solutions\\\/\",\"name\":\"Comprendre l'\u00e9picanthus chez les b\u00e9b\u00e9s\",\"isPartOf\":{\"@id\":\"https:\\\/\\\/bart-et-lemy.com\\\/blog\\\/#website\"},\"primaryImageOfPage\":{\"@id\":\"https:\\\/\\\/bart-et-lemy.com\\\/blog\\\/a-la-une\\\/comprendre-lepicanthus-chez-les-bebes-causes-symptomes-et-solutions\\\/#primaryimage\"},\"image\":{\"@id\":\"https:\\\/\\\/bart-et-lemy.com\\\/blog\\\/a-la-une\\\/comprendre-lepicanthus-chez-les-bebes-causes-symptomes-et-solutions\\\/#primaryimage\"},\"thumbnailUrl\":\"https:\\\/\\\/bart-et-lemy.com\\\/blog\\\/wp-content\\\/uploads\\\/2025\\\/05\\\/sdxl-786f9016fdc6ed538db6f076e92f40e0-scaled.png\",\"datePublished\":\"2025-04-12T15:59:00+00:00\",\"description\":\"L'\u00e9picanthus, souvent visible chez les nourrissons, peut susciter des pr\u00e9occupations.\",\"inLanguage\":\"fr-FR\",\"potentialAction\":[{\"@type\":\"ReadAction\",\"target\":[\"https:\\\/\\\/bart-et-lemy.com\\\/blog\\\/a-la-une\\\/comprendre-lepicanthus-chez-les-bebes-causes-symptomes-et-solutions\\\/\"]}]},{\"@type\":\"ImageObject\",\"inLanguage\":\"fr-FR\",\"@id\":\"https:\\\/\\\/bart-et-lemy.com\\\/blog\\\/a-la-une\\\/comprendre-lepicanthus-chez-les-bebes-causes-symptomes-et-solutions\\\/#primaryimage\",\"url\":\"https:\\\/\\\/bart-et-lemy.com\\\/blog\\\/wp-content\\\/uploads\\\/2025\\\/05\\\/sdxl-786f9016fdc6ed538db6f076e92f40e0-scaled.png\",\"contentUrl\":\"https:\\\/\\\/bart-et-lemy.com\\\/blog\\\/wp-content\\\/uploads\\\/2025\\\/05\\\/sdxl-786f9016fdc6ed538db6f076e92f40e0-scaled.png\",\"width\":1200,\"height\":500},{\"@type\":\"WebSite\",\"@id\":\"https:\\\/\\\/bart-et-lemy.com\\\/blog\\\/#website\",\"url\":\"https:\\\/\\\/bart-et-lemy.com\\\/blog\\\/\",\"name\":\"Bart et Lemy\",\"description\":\"L\u2019originalit\u00e9 en toute libert\u00e9.\",\"publisher\":{\"@id\":\"https:\\\/\\\/bart-et-lemy.com\\\/blog\\\/#organization\"},\"alternateName\":\"Conseils parentaux, astuces famille et bien-\u00eatre enfant\",\"potentialAction\":[{\"@type\":\"SearchAction\",\"target\":{\"@type\":\"EntryPoint\",\"urlTemplate\":\"https:\\\/\\\/bart-et-lemy.com\\\/blog\\\/?s={search_term_string}\"},\"query-input\":{\"@type\":\"PropertyValueSpecification\",\"valueRequired\":true,\"valueName\":\"search_term_string\"}}],\"inLanguage\":\"fr-FR\"},{\"@type\":\"Organization\",\"@id\":\"https:\\\/\\\/bart-et-lemy.com\\\/blog\\\/#organization\",\"name\":\"Bart et Lemy\",\"alternateName\":\"bart-et-lemy.com\",\"url\":\"https:\\\/\\\/bart-et-lemy.com\\\/blog\\\/\",\"logo\":{\"@type\":\"ImageObject\",\"inLanguage\":\"fr-FR\",\"@id\":\"https:\\\/\\\/bart-et-lemy.com\\\/blog\\\/#\\\/schema\\\/logo\\\/image\\\/\",\"url\":\"https:\\\/\\\/bart-et-lemy.com\\\/blog\\\/wp-content\\\/uploads\\\/2026\\\/07\\\/logo-auto.png\",\"contentUrl\":\"https:\\\/\\\/bart-et-lemy.com\\\/blog\\\/wp-content\\\/uploads\\\/2026\\\/07\\\/logo-auto.png\",\"width\":1024,\"height\":1024,\"caption\":\"Bart et Lemy\"},\"image\":{\"@id\":\"https:\\\/\\\/bart-et-lemy.com\\\/blog\\\/#\\\/schema\\\/logo\\\/image\\\/\"}},{\"@type\":\"Person\",\"@id\":\"https:\\\/\\\/bart-et-lemy.com\\\/blog\\\/#\\\/schema\\\/person\\\/3c864cdc320801e3db34b663e7e3f816\",\"name\":\"Elodie Mazeau\",\"image\":{\"@type\":\"ImageObject\",\"inLanguage\":\"fr-FR\",\"@id\":\"https:\\\/\\\/bart-et-lemy.com\\\/blog\\\/wp-content\\\/uploads\\\/2026\\\/06\\\/persona_elodie-m-96x96.jpg\",\"url\":\"https:\\\/\\\/bart-et-lemy.com\\\/blog\\\/wp-content\\\/uploads\\\/2026\\\/06\\\/persona_elodie-m-96x96.jpg\",\"contentUrl\":\"https:\\\/\\\/bart-et-lemy.com\\\/blog\\\/wp-content\\\/uploads\\\/2026\\\/06\\\/persona_elodie-m-96x96.jpg\",\"caption\":\"Elodie Mazeau\"},\"description\":\"J'\u00e9cris sur la parentalit\u00e9 telle qu'elle se vit vraiment, du premier biberon aux premi\u00e8res col\u00e8res. Mes sujets de pr\u00e9dilection couvrent le quotidien des familles : sommeil, alimentation, organisation, pu\u00e9riculture et ces petites gal\u00e8res que tout parent conna\u00eet. Depuis plusieurs ann\u00e9es, je m'attache \u00e0 proposer des rep\u00e8res concrets plut\u00f4t que des le\u00e7ons, parce que chaque famille trouve son propre \u00e9quilibre. Je v\u00e9rifie mes informations aupr\u00e8s de sources fiables, surtout d\u00e8s qu'on touche \u00e0 la sant\u00e9 ou \u00e0 la s\u00e9curit\u00e9 de l'enfant, et je pr\u00e9cise quand un avis professionnel s'impose. J'\u00e9vite soigneusement la culpabilisation : \u00eatre parent est d\u00e9j\u00e0 assez exigeant. Mon ton se veut complice et bienveillant, un peu comme une discussion entre parents qui se comprennent. L'id\u00e9e est d'all\u00e9ger la charge mentale en donnant des solutions simples et test\u00e9es.\",\"sameAs\":[\"https:\\\/\\\/elodiemazeau.fr\\\/\"],\"url\":\"https:\\\/\\\/bart-et-lemy.com\\\/blog\\\/auteur\\\/noname\\\/\"}]}<\/script>\n<!-- \/ Yoast SEO Premium plugin. -->","yoast_head_json":{"title":"Comprendre l'\u00e9picanthus chez les b\u00e9b\u00e9s","description":"L'\u00e9picanthus, souvent visible chez les nourrissons, peut susciter des pr\u00e9occupations.","robots":{"index":"index","follow":"follow","max-snippet":"max-snippet:-1","max-image-preview":"max-image-preview:large","max-video-preview":"max-video-preview:-1"},"canonical":"https:\/\/bart-et-lemy.com\/blog\/a-la-une\/comprendre-lepicanthus-chez-les-bebes-causes-symptomes-et-solutions\/","og_locale":"fr_FR","og_type":"article","og_title":"Comprendre l'\u00e9picanthus chez les b\u00e9b\u00e9s","og_description":"L'\u00e9picanthus, souvent visible chez les nourrissons, peut susciter des pr\u00e9occupations.","og_url":"https:\/\/bart-et-lemy.com\/blog\/a-la-une\/comprendre-lepicanthus-chez-les-bebes-causes-symptomes-et-solutions\/","og_site_name":"bart-et-lemy.com","og_image":[{"width":1200,"height":500,"url":"https:\/\/bart-et-lemy.com\/blog\/wp-content\/uploads\/2025\/05\/sdxl-786f9016fdc6ed538db6f076e92f40e0-scaled.png","type":"image\/png"}],"author":"Elodie Mazeau","twitter_card":"summary_large_image","schema":{"@context":"https:\/\/schema.org","@graph":[{"@type":"NewsArticle","@id":"https:\/\/bart-et-lemy.com\/blog\/a-la-une\/comprendre-lepicanthus-chez-les-bebes-causes-symptomes-et-solutions\/#article","isPartOf":{"@id":"https:\/\/bart-et-lemy.com\/blog\/a-la-une\/comprendre-lepicanthus-chez-les-bebes-causes-symptomes-et-solutions\/"},"author":{"name":"Elodie Mazeau","@id":"https:\/\/bart-et-lemy.com\/blog\/#\/schema\/person\/3c864cdc320801e3db34b663e7e3f816"},"headline":"Comprendre l&rsquo;\u00e9picanthus chez les b\u00e9b\u00e9s : causes, sympt\u00f4mes et solutions","datePublished":"2025-04-12T15:59:00+00:00","mainEntityOfPage":{"@id":"https:\/\/bart-et-lemy.com\/blog\/a-la-une\/comprendre-lepicanthus-chez-les-bebes-causes-symptomes-et-solutions\/"},"wordCount":610,"commentCount":20,"publisher":{"@id":"https:\/\/bart-et-lemy.com\/blog\/#organization"},"image":{"@id":"https:\/\/bart-et-lemy.com\/blog\/a-la-une\/comprendre-lepicanthus-chez-les-bebes-causes-symptomes-et-solutions\/#primaryimage"},"thumbnailUrl":"https:\/\/bart-et-lemy.com\/blog\/wp-content\/uploads\/2025\/05\/sdxl-786f9016fdc6ed538db6f076e92f40e0-scaled.png","keywords":["B\u00e9b\u00e9s","Conditions m\u00e9dicales","\u00c9picanthus","G\u00e9n\u00e9tique","Observation","Ophtalmologiste"],"articleSection":["\u00c0 la une"],"inLanguage":"fr-FR","potentialAction":[{"@type":"CommentAction","name":"Comment","target":["https:\/\/bart-et-lemy.com\/blog\/a-la-une\/comprendre-lepicanthus-chez-les-bebes-causes-symptomes-et-solutions\/#respond"]}]},{"@type":"WebPage","@id":"https:\/\/bart-et-lemy.com\/blog\/a-la-une\/comprendre-lepicanthus-chez-les-bebes-causes-symptomes-et-solutions\/","url":"https:\/\/bart-et-lemy.com\/blog\/a-la-une\/comprendre-lepicanthus-chez-les-bebes-causes-symptomes-et-solutions\/","name":"Comprendre l'\u00e9picanthus chez les b\u00e9b\u00e9s","isPartOf":{"@id":"https:\/\/bart-et-lemy.com\/blog\/#website"},"primaryImageOfPage":{"@id":"https:\/\/bart-et-lemy.com\/blog\/a-la-une\/comprendre-lepicanthus-chez-les-bebes-causes-symptomes-et-solutions\/#primaryimage"},"image":{"@id":"https:\/\/bart-et-lemy.com\/blog\/a-la-une\/comprendre-lepicanthus-chez-les-bebes-causes-symptomes-et-solutions\/#primaryimage"},"thumbnailUrl":"https:\/\/bart-et-lemy.com\/blog\/wp-content\/uploads\/2025\/05\/sdxl-786f9016fdc6ed538db6f076e92f40e0-scaled.png","datePublished":"2025-04-12T15:59:00+00:00","description":"L'\u00e9picanthus, souvent visible chez les nourrissons, peut susciter des pr\u00e9occupations.","inLanguage":"fr-FR","potentialAction":[{"@type":"ReadAction","target":["https:\/\/bart-et-lemy.com\/blog\/a-la-une\/comprendre-lepicanthus-chez-les-bebes-causes-symptomes-et-solutions\/"]}]},{"@type":"ImageObject","inLanguage":"fr-FR","@id":"https:\/\/bart-et-lemy.com\/blog\/a-la-une\/comprendre-lepicanthus-chez-les-bebes-causes-symptomes-et-solutions\/#primaryimage","url":"https:\/\/bart-et-lemy.com\/blog\/wp-content\/uploads\/2025\/05\/sdxl-786f9016fdc6ed538db6f076e92f40e0-scaled.png","contentUrl":"https:\/\/bart-et-lemy.com\/blog\/wp-content\/uploads\/2025\/05\/sdxl-786f9016fdc6ed538db6f076e92f40e0-scaled.png","width":1200,"height":500},{"@type":"WebSite","@id":"https:\/\/bart-et-lemy.com\/blog\/#website","url":"https:\/\/bart-et-lemy.com\/blog\/","name":"Bart et Lemy","description":"L\u2019originalit\u00e9 en toute libert\u00e9.","publisher":{"@id":"https:\/\/bart-et-lemy.com\/blog\/#organization"},"alternateName":"Conseils parentaux, astuces famille et bien-\u00eatre enfant","potentialAction":[{"@type":"SearchAction","target":{"@type":"EntryPoint","urlTemplate":"https:\/\/bart-et-lemy.com\/blog\/?s={search_term_string}"},"query-input":{"@type":"PropertyValueSpecification","valueRequired":true,"valueName":"search_term_string"}}],"inLanguage":"fr-FR"},{"@type":"Organization","@id":"https:\/\/bart-et-lemy.com\/blog\/#organization","name":"Bart et Lemy","alternateName":"bart-et-lemy.com","url":"https:\/\/bart-et-lemy.com\/blog\/","logo":{"@type":"ImageObject","inLanguage":"fr-FR","@id":"https:\/\/bart-et-lemy.com\/blog\/#\/schema\/logo\/image\/","url":"https:\/\/bart-et-lemy.com\/blog\/wp-content\/uploads\/2026\/07\/logo-auto.png","contentUrl":"https:\/\/bart-et-lemy.com\/blog\/wp-content\/uploads\/2026\/07\/logo-auto.png","width":1024,"height":1024,"caption":"Bart et Lemy"},"image":{"@id":"https:\/\/bart-et-lemy.com\/blog\/#\/schema\/logo\/image\/"}},{"@type":"Person","@id":"https:\/\/bart-et-lemy.com\/blog\/#\/schema\/person\/3c864cdc320801e3db34b663e7e3f816","name":"Elodie Mazeau","image":{"@type":"ImageObject","inLanguage":"fr-FR","@id":"https:\/\/bart-et-lemy.com\/blog\/wp-content\/uploads\/2026\/06\/persona_elodie-m-96x96.jpg","url":"https:\/\/bart-et-lemy.com\/blog\/wp-content\/uploads\/2026\/06\/persona_elodie-m-96x96.jpg","contentUrl":"https:\/\/bart-et-lemy.com\/blog\/wp-content\/uploads\/2026\/06\/persona_elodie-m-96x96.jpg","caption":"Elodie Mazeau"},"description":"J'\u00e9cris sur la parentalit\u00e9 telle qu'elle se vit vraiment, du premier biberon aux premi\u00e8res col\u00e8res. Mes sujets de pr\u00e9dilection couvrent le quotidien des familles : sommeil, alimentation, organisation, pu\u00e9riculture et ces petites gal\u00e8res que tout parent conna\u00eet. Depuis plusieurs ann\u00e9es, je m'attache \u00e0 proposer des rep\u00e8res concrets plut\u00f4t que des le\u00e7ons, parce que chaque famille trouve son propre \u00e9quilibre. Je v\u00e9rifie mes informations aupr\u00e8s de sources fiables, surtout d\u00e8s qu'on touche \u00e0 la sant\u00e9 ou \u00e0 la s\u00e9curit\u00e9 de l'enfant, et je pr\u00e9cise quand un avis professionnel s'impose. J'\u00e9vite soigneusement la culpabilisation : \u00eatre parent est d\u00e9j\u00e0 assez exigeant. Mon ton se veut complice et bienveillant, un peu comme une discussion entre parents qui se comprennent. L'id\u00e9e est d'all\u00e9ger la charge mentale en donnant des solutions simples et test\u00e9es.","sameAs":["https:\/\/elodiemazeau.fr\/"],"url":"https:\/\/bart-et-lemy.com\/blog\/auteur\/noname\/"}]}},"_links":{"self":[{"href":"https:\/\/bart-et-lemy.com\/blog\/wp-json\/wp\/v2\/posts\/9155","targetHints":{"allow":["GET"]}}],"collection":[{"href":"https:\/\/bart-et-lemy.com\/blog\/wp-json\/wp\/v2\/posts"}],"about":[{"href":"https:\/\/bart-et-lemy.com\/blog\/wp-json\/wp\/v2\/types\/post"}],"author":[{"embeddable":true,"href":"https:\/\/bart-et-lemy.com\/blog\/wp-json\/wp\/v2\/users\/34"}],"replies":[{"embeddable":true,"href":"https:\/\/bart-et-lemy.com\/blog\/wp-json\/wp\/v2\/comments?post=9155"}],"version-history":[{"count":1,"href":"https:\/\/bart-et-lemy.com\/blog\/wp-json\/wp\/v2\/posts\/9155\/revisions"}],"predecessor-version":[{"id":10477,"href":"https:\/\/bart-et-lemy.com\/blog\/wp-json\/wp\/v2\/posts\/9155\/revisions\/10477"}],"wp:featuredmedia":[{"embeddable":true,"href":"https:\/\/bart-et-lemy.com\/blog\/wp-json\/wp\/v2\/media\/11005"}],"wp:attachment":[{"href":"https:\/\/bart-et-lemy.com\/blog\/wp-json\/wp\/v2\/media?parent=9155"}],"wp:term":[{"taxonomy":"category","embeddable":true,"href":"https:\/\/bart-et-lemy.com\/blog\/wp-json\/wp\/v2\/categories?post=9155"},{"taxonomy":"post_tag","embeddable":true,"href":"https:\/\/bart-et-lemy.com\/blog\/wp-json\/wp\/v2\/tags?post=9155"}],"curies":[{"name":"wp","href":"https:\/\/api.w.org\/{rel}","templated":true}]}}