{"id":9201,"date":"2025-04-06T16:59:00","date_gmt":"2025-04-06T14:59:00","guid":{"rendered":"https:\/\/bart-et-lemy.com\/blog\/?p=9201"},"modified":"2025-02-11T14:43:07","modified_gmt":"2025-02-11T13:43:07","slug":"coiffeur-pour-bebe-a-toulouse-votre-guide-complet-pour-une-premiere-coupe-reussie","status":"publish","type":"post","link":"https:\/\/bart-et-lemy.com\/blog\/a-la-une\/coiffeur-pour-bebe-a-toulouse-votre-guide-complet-pour-une-premiere-coupe-reussie\/","title":{"rendered":"Coiffeur pour B\u00e9b\u00e9 \u00e0 Toulouse : Votre Guide Complet pour une Premi\u00e8re Coupe R\u00e9ussie"},"content":{"rendered":"<h2>Introduction : Une premi\u00e8re coupe de cheveux m\u00e9morable<\/h2>\n<p>\u00c0 Toulouse, de nombreux parents cherchent un coiffeur sp\u00e9cialis\u00e9 pour accompagner cette \u00e9tape essentielle. Choisir le bon professionnel peut transformer une exp\u00e9rience stressante en un souvenir agr\u00e9able. Comment s&rsquo;assurer que votre enfant se sente \u00e0 l&rsquo;aise et que la coupe soit r\u00e9ussie ? Cet article vous guide \u00e0 travers tout ce que vous devez savoir sur les coiffeurs pour b\u00e9b\u00e9s \u00e0 Toulouse.<\/p>\n<p><iframe loading=\"lazy\" title=\"Na\u00ebl se rase les cheveux\ud83e\uddd1\u200d\ud83e\uddb2\ud83d\ude2f |TIKTOK:\u27a1\ufe0fnaelleziente\" width=\"1200\" height=\"675\" src=\"https:\/\/www.youtube.com\/embed\/cy2NtmmYlss?feature=oembed\" frameborder=\"0\" allow=\"accelerometer; autoplay; clipboard-write; encrypted-media; gyroscope; picture-in-picture; web-share\" referrerpolicy=\"strict-origin-when-cross-origin\" allowfullscreen><\/iframe><\/p>\n<h2>Pourquoi choisir un coiffeur sp\u00e9cialis\u00e9 pour b\u00e9b\u00e9s ?<\/h2>\n<p>Les coiffeurs pour b\u00e9b\u00e9s disposent de comp\u00e9tences particuli\u00e8res pour g\u00e9rer les enfants. Ils savent comment cr\u00e9er un environnement ludique et rassurant. Voici quelques raisons de faire appel \u00e0 un professionnel :<\/p>\n<blockquote class=\"wp-embedded-content\" data-secret=\"8anHBbvyd3\"><p><a href=\"https:\/\/bart-et-lemy.com\/blog\/a-la-une\/les-couches-lavables-pour-bebe-un-choix-eco-responsable-et-economique\/\">Les couches lavables pour b\u00e9b\u00e9 : un choix \u00e9co-responsable et \u00e9conomique<\/a><\/p><\/blockquote>\n<p><iframe loading=\"lazy\" class=\"wp-embedded-content\" sandbox=\"allow-scripts\" security=\"restricted\" style=\"position: absolute; visibility: hidden;\" title=\"\u00ab\u00a0Les couches lavables pour b\u00e9b\u00e9 : un choix \u00e9co-responsable et \u00e9conomique\u00a0\u00bb &#8212; bart-et-lemy.com\" src=\"https:\/\/bart-et-lemy.com\/blog\/a-la-une\/les-couches-lavables-pour-bebe-un-choix-eco-responsable-et-economique\/embed\/#?secret=CneIZrV13s#?secret=8anHBbvyd3\" data-secret=\"8anHBbvyd3\" width=\"600\" height=\"338\" frameborder=\"0\" marginwidth=\"0\" marginheight=\"0\" scrolling=\"no\"><\/iframe><\/p>\n<ul>\n<li><strong>Technique adapt\u00e9e<\/strong> : Les coiffeurs pour b\u00e9b\u00e9s utilisent des techniques douces pour \u00e9viter de stresser l&rsquo;enfant.<\/li>\n<li><strong>Mat\u00e9riel s\u00e9curis\u00e9<\/strong> : Ils disposent d&rsquo;outils adapt\u00e9s, tels que des ciseaux \u00e0 bout rond, pour minimiser les risques.<\/li>\n<li><strong>Patience et empathie<\/strong> : Ces coiffeurs savent comment rassurer les petits et les parents durant la coupe.<\/li>\n<\/ul>\n<p>En confiant cette t\u00e2che \u00e0 un professionnel, vous vous assurez que cette premi\u00e8re exp\u00e9rience soit positive pour votre enfant.<\/p>\n<h2>Les meilleurs salons de coiffure pour b\u00e9b\u00e9s \u00e0 Toulouse<\/h2>\n<p>Toulouse regorge de salons de coiffure sp\u00e9cialis\u00e9s pour les tout-petits. Voici une s\u00e9lection des meilleurs \u00e9tablissements :<\/p>\n<table>\n<tr>\n<th>Nom du salon<\/th>\n<th>Adresse<\/th>\n<th>Sp\u00e9cialit\u00e9s<\/th>\n<\/tr>\n<tr>\n<td>Les Petits Ciseaux<\/td>\n<td>12 Rue des Enfants, 31000 Toulouse<\/td>\n<td>Coupe et coiffure ludique<\/td>\n<\/tr>\n<tr>\n<td>Salon B\u00e9b\u00e9 Chic<\/td>\n<td>34 Avenue des Fleurs, 31000 Toulouse<\/td>\n<td>Ambiance apaisante et d\u00e9cor color\u00e9<\/td>\n<\/tr>\n<tr>\n<td>Mini Coiffeurs<\/td>\n<td>45 Boulevard des Ar\u00e8nes, 31000 Toulouse<\/td>\n<td>Coiffures \u00e0 th\u00e8me et accessoires<\/td>\n<\/tr>\n<\/table>\n<p>Chaque salon a sa propre ambiance et ses sp\u00e9cialit\u00e9s. N&rsquo;h\u00e9sitez pas \u00e0 visiter leurs sites web ou \u00e0 les contacter pour plus d&rsquo;informations.<\/p>\n<blockquote class=\"wp-embedded-content\" data-secret=\"hSGgDtgPAK\"><p><a href=\"https:\/\/bart-et-lemy.com\/blog\/a-la-une\/decouvrez-les-meilleures-applications-photo-pour-bebe-gratuites\/\">D\u00e9couvrez les meilleures applications photo pour b\u00e9b\u00e9 gratuites<\/a><\/p><\/blockquote>\n<p><iframe loading=\"lazy\" class=\"wp-embedded-content\" sandbox=\"allow-scripts\" security=\"restricted\" style=\"position: absolute; visibility: hidden;\" title=\"\u00ab\u00a0D\u00e9couvrez les meilleures applications photo pour b\u00e9b\u00e9 gratuites\u00a0\u00bb &#8212; bart-et-lemy.com\" src=\"https:\/\/bart-et-lemy.com\/blog\/a-la-une\/decouvrez-les-meilleures-applications-photo-pour-bebe-gratuites\/embed\/#?secret=LtoMDh2Is2#?secret=hSGgDtgPAK\" data-secret=\"hSGgDtgPAK\" width=\"600\" height=\"338\" frameborder=\"0\" marginwidth=\"0\" marginheight=\"0\" scrolling=\"no\"><\/iframe><\/p>\n<h2>Comment pr\u00e9parer votre b\u00e9b\u00e9 pour une coupe de cheveux ?<\/h2>\n<p>Pr\u00e9parer votre enfant avant la coupe est essentiel. Voici quelques conseils pratiques :<\/p>\n<ul>\n<li><strong>Choisissez le bon moment<\/strong> : \u00c9vitez les heures de sieste ou les moments o\u00f9 votre b\u00e9b\u00e9 est g\u00e9n\u00e9ralement agit\u00e9.<\/li>\n<li><strong>Apportez des jouets<\/strong> : Un jouet ou une peluche famili\u00e8re peut aider \u00e0 r\u00e9conforter votre enfant pendant la coupe.<\/li>\n<li><strong>Cr\u00e9ez une atmosph\u00e8re positive<\/strong> : Parlez-lui de la coupe \u00e0 l&rsquo;avance pour qu&rsquo;il sache \u00e0 quoi s&rsquo;attendre.<\/li>\n<\/ul>\n<p>En prenant ces mesures, vous maximisez les chances que votre b\u00e9b\u00e9 vive cette exp\u00e9rience de mani\u00e8re sereine.<\/p>\n<h3>FAQ :<\/h3>\n<blockquote>\n<ul>\n<li><strong>\u00c0 quel \u00e2ge peut-on commencer \u00e0 couper les cheveux de b\u00e9b\u00e9 ?<\/strong>En g\u00e9n\u00e9ral, on peut commencer les coupes d\u00e8s que les cheveux commencent \u00e0 se d\u00e9velopper, souvent vers 6 mois.<\/li>\n<li><strong>Combien co\u00fbte une coupe pour b\u00e9b\u00e9 \u00e0 Toulouse ?<\/strong>Les prix varient, mais comptez entre 15 et 30 euros selon le salon.<\/li>\n<li><strong>Dois-je prendre rendez-vous ?<\/strong>Il est recommand\u00e9 de prendre rendez-vous, surtout les week-ends o\u00f9 les salons peuvent \u00eatre tr\u00e8s fr\u00e9quent\u00e9s.<\/li>\n<li><strong>Les coupes sont-elles adapt\u00e9es \u00e0 tous les types de cheveux ?<\/strong>Oui, les coiffeurs sp\u00e9cialis\u00e9s savent s&rsquo;adapter aux diff\u00e9rents types de cheveux.<\/li>\n<\/ul>\n<\/blockquote>\n<p>La premi\u00e8re coupe de cheveux de votre b\u00e9b\u00e9 ne doit pas \u00eatre une source d&rsquo;angoisse. Avec le bon coiffeur et une pr\u00e9paration ad\u00e9quate, ce moment peut devenir un souvenir pr\u00e9cieux. N\u2019h\u00e9sitez pas \u00e0 explorer les diff\u00e9rentes options \u00e0 Toulouse pour trouver le salon qui convient le mieux \u00e0 votre enfant. Chaque premi\u00e8re coupe est unique et constitue un chapitre de l\u2019histoire de votre enfant.<\/p>\n","protected":false},"excerpt":{"rendered":"","protected":false},"author":34,"featured_media":11023,"comment_status":"open","ping_status":"open","sticky":false,"template":"","format":"standard","meta":{"_acf_changed":false,"manual_indexmenow":false,"indexmenow_id_project":0,"footnotes":""},"categories":[1],"tags":[4714,6271,6273,5650,5251,5645],"class_list":["post-9201","post","type-post","status-publish","format-standard","has-post-thumbnail","hentry","category-a-la-une","tag-bebes","tag-coiffeur","tag-coupe-de-cheveux","tag-experience","tag-salon","tag-toulouse","generate-columns","tablet-grid-50","mobile-grid-100","grid-parent","grid-25"],"acf":[],"yoast_head":"<!-- This site is optimized with the Yoast SEO Premium plugin v21.3 (Yoast SEO v27.3) - https:\/\/yoast.com\/product\/yoast-seo-premium-wordpress\/ -->\n<title>Coiffeur pour B\u00e9b\u00e9 \u00e0 Toulouse<\/title>\n<meta name=\"description\" content=\"\u00c0 Toulouse, de nombreux parents cherchent un coiffeur sp\u00e9cialis\u00e9 pour accompagner cette \u00e9tape essentielle.\" \/>\n<meta name=\"robots\" content=\"index, follow, max-snippet:-1, max-image-preview:large, max-video-preview:-1\" \/>\n<link rel=\"canonical\" href=\"https:\/\/bart-et-lemy.com\/blog\/a-la-une\/coiffeur-pour-bebe-a-toulouse-votre-guide-complet-pour-une-premiere-coupe-reussie\/\" \/>\n<meta property=\"og:locale\" content=\"fr_FR\" \/>\n<meta property=\"og:type\" content=\"article\" \/>\n<meta property=\"og:title\" content=\"Coiffeur pour B\u00e9b\u00e9 \u00e0 Toulouse\" \/>\n<meta property=\"og:description\" content=\"\u00c0 Toulouse, de nombreux parents cherchent un coiffeur sp\u00e9cialis\u00e9 pour accompagner cette \u00e9tape essentielle.\" \/>\n<meta property=\"og:url\" content=\"https:\/\/bart-et-lemy.com\/blog\/a-la-une\/coiffeur-pour-bebe-a-toulouse-votre-guide-complet-pour-une-premiere-coupe-reussie\/\" \/>\n<meta property=\"og:site_name\" content=\"bart-et-lemy.com\" \/>\n<meta property=\"og:image\" content=\"https:\/\/bart-et-lemy.com\/blog\/wp-content\/uploads\/2025\/05\/sdxl-1e6deb4ba65670ff4559c576ef99070f-scaled.png\" \/>\n\t<meta property=\"og:image:width\" content=\"1200\" \/>\n\t<meta property=\"og:image:height\" content=\"500\" \/>\n\t<meta property=\"og:image:type\" content=\"image\/png\" \/>\n<meta name=\"author\" content=\"Elodie Mazeau\" \/>\n<meta name=\"twitter:card\" content=\"summary_large_image\" \/>\n<script type=\"application\/ld+json\" class=\"yoast-schema-graph\">{\"@context\":\"https:\\\/\\\/schema.org\",\"@graph\":[{\"@type\":\"NewsArticle\",\"@id\":\"https:\\\/\\\/bart-et-lemy.com\\\/blog\\\/a-la-une\\\/coiffeur-pour-bebe-a-toulouse-votre-guide-complet-pour-une-premiere-coupe-reussie\\\/#article\",\"isPartOf\":{\"@id\":\"https:\\\/\\\/bart-et-lemy.com\\\/blog\\\/a-la-une\\\/coiffeur-pour-bebe-a-toulouse-votre-guide-complet-pour-une-premiere-coupe-reussie\\\/\"},\"author\":{\"name\":\"Elodie Mazeau\",\"@id\":\"https:\\\/\\\/bart-et-lemy.com\\\/blog\\\/#\\\/schema\\\/person\\\/3c864cdc320801e3db34b663e7e3f816\"},\"headline\":\"Coiffeur pour B\u00e9b\u00e9 \u00e0 Toulouse : Votre Guide Complet pour une Premi\u00e8re Coupe R\u00e9ussie\",\"datePublished\":\"2025-04-06T14:59:00+00:00\",\"mainEntityOfPage\":{\"@id\":\"https:\\\/\\\/bart-et-lemy.com\\\/blog\\\/a-la-une\\\/coiffeur-pour-bebe-a-toulouse-votre-guide-complet-pour-une-premiere-coupe-reussie\\\/\"},\"wordCount\":600,\"commentCount\":21,\"publisher\":{\"@id\":\"https:\\\/\\\/bart-et-lemy.com\\\/blog\\\/#organization\"},\"image\":{\"@id\":\"https:\\\/\\\/bart-et-lemy.com\\\/blog\\\/a-la-une\\\/coiffeur-pour-bebe-a-toulouse-votre-guide-complet-pour-une-premiere-coupe-reussie\\\/#primaryimage\"},\"thumbnailUrl\":\"https:\\\/\\\/bart-et-lemy.com\\\/blog\\\/wp-content\\\/uploads\\\/2025\\\/05\\\/sdxl-1e6deb4ba65670ff4559c576ef99070f-scaled.png\",\"keywords\":[\"B\u00e9b\u00e9s\",\"Coiffeur\",\"Coupe de cheveux\",\"Exp\u00e9rience\",\"Salon\",\"Toulouse\"],\"articleSection\":[\"\u00c0 la une\"],\"inLanguage\":\"fr-FR\",\"potentialAction\":[{\"@type\":\"CommentAction\",\"name\":\"Comment\",\"target\":[\"https:\\\/\\\/bart-et-lemy.com\\\/blog\\\/a-la-une\\\/coiffeur-pour-bebe-a-toulouse-votre-guide-complet-pour-une-premiere-coupe-reussie\\\/#respond\"]}]},{\"@type\":\"WebPage\",\"@id\":\"https:\\\/\\\/bart-et-lemy.com\\\/blog\\\/a-la-une\\\/coiffeur-pour-bebe-a-toulouse-votre-guide-complet-pour-une-premiere-coupe-reussie\\\/\",\"url\":\"https:\\\/\\\/bart-et-lemy.com\\\/blog\\\/a-la-une\\\/coiffeur-pour-bebe-a-toulouse-votre-guide-complet-pour-une-premiere-coupe-reussie\\\/\",\"name\":\"Coiffeur pour B\u00e9b\u00e9 \u00e0 Toulouse\",\"isPartOf\":{\"@id\":\"https:\\\/\\\/bart-et-lemy.com\\\/blog\\\/#website\"},\"primaryImageOfPage\":{\"@id\":\"https:\\\/\\\/bart-et-lemy.com\\\/blog\\\/a-la-une\\\/coiffeur-pour-bebe-a-toulouse-votre-guide-complet-pour-une-premiere-coupe-reussie\\\/#primaryimage\"},\"image\":{\"@id\":\"https:\\\/\\\/bart-et-lemy.com\\\/blog\\\/a-la-une\\\/coiffeur-pour-bebe-a-toulouse-votre-guide-complet-pour-une-premiere-coupe-reussie\\\/#primaryimage\"},\"thumbnailUrl\":\"https:\\\/\\\/bart-et-lemy.com\\\/blog\\\/wp-content\\\/uploads\\\/2025\\\/05\\\/sdxl-1e6deb4ba65670ff4559c576ef99070f-scaled.png\",\"datePublished\":\"2025-04-06T14:59:00+00:00\",\"description\":\"\u00c0 Toulouse, de nombreux parents cherchent un coiffeur sp\u00e9cialis\u00e9 pour accompagner cette \u00e9tape essentielle.\",\"inLanguage\":\"fr-FR\",\"potentialAction\":[{\"@type\":\"ReadAction\",\"target\":[\"https:\\\/\\\/bart-et-lemy.com\\\/blog\\\/a-la-une\\\/coiffeur-pour-bebe-a-toulouse-votre-guide-complet-pour-une-premiere-coupe-reussie\\\/\"]}]},{\"@type\":\"ImageObject\",\"inLanguage\":\"fr-FR\",\"@id\":\"https:\\\/\\\/bart-et-lemy.com\\\/blog\\\/a-la-une\\\/coiffeur-pour-bebe-a-toulouse-votre-guide-complet-pour-une-premiere-coupe-reussie\\\/#primaryimage\",\"url\":\"https:\\\/\\\/bart-et-lemy.com\\\/blog\\\/wp-content\\\/uploads\\\/2025\\\/05\\\/sdxl-1e6deb4ba65670ff4559c576ef99070f-scaled.png\",\"contentUrl\":\"https:\\\/\\\/bart-et-lemy.com\\\/blog\\\/wp-content\\\/uploads\\\/2025\\\/05\\\/sdxl-1e6deb4ba65670ff4559c576ef99070f-scaled.png\",\"width\":1200,\"height\":500},{\"@type\":\"WebSite\",\"@id\":\"https:\\\/\\\/bart-et-lemy.com\\\/blog\\\/#website\",\"url\":\"https:\\\/\\\/bart-et-lemy.com\\\/blog\\\/\",\"name\":\"Bart et Lemy\",\"description\":\"L\u2019originalit\u00e9 en toute libert\u00e9.\",\"publisher\":{\"@id\":\"https:\\\/\\\/bart-et-lemy.com\\\/blog\\\/#organization\"},\"alternateName\":\"Conseils parentaux, astuces famille et bien-\u00eatre enfant\",\"potentialAction\":[{\"@type\":\"SearchAction\",\"target\":{\"@type\":\"EntryPoint\",\"urlTemplate\":\"https:\\\/\\\/bart-et-lemy.com\\\/blog\\\/?s={search_term_string}\"},\"query-input\":{\"@type\":\"PropertyValueSpecification\",\"valueRequired\":true,\"valueName\":\"search_term_string\"}}],\"inLanguage\":\"fr-FR\"},{\"@type\":\"Organization\",\"@id\":\"https:\\\/\\\/bart-et-lemy.com\\\/blog\\\/#organization\",\"name\":\"Bart et Lemy\",\"alternateName\":\"bart-et-lemy.com\",\"url\":\"https:\\\/\\\/bart-et-lemy.com\\\/blog\\\/\",\"logo\":{\"@type\":\"ImageObject\",\"inLanguage\":\"fr-FR\",\"@id\":\"https:\\\/\\\/bart-et-lemy.com\\\/blog\\\/#\\\/schema\\\/logo\\\/image\\\/\",\"url\":\"https:\\\/\\\/bart-et-lemy.com\\\/blog\\\/wp-content\\\/uploads\\\/2026\\\/07\\\/logo-auto.png\",\"contentUrl\":\"https:\\\/\\\/bart-et-lemy.com\\\/blog\\\/wp-content\\\/uploads\\\/2026\\\/07\\\/logo-auto.png\",\"width\":1024,\"height\":1024,\"caption\":\"Bart et Lemy\"},\"image\":{\"@id\":\"https:\\\/\\\/bart-et-lemy.com\\\/blog\\\/#\\\/schema\\\/logo\\\/image\\\/\"}},{\"@type\":\"Person\",\"@id\":\"https:\\\/\\\/bart-et-lemy.com\\\/blog\\\/#\\\/schema\\\/person\\\/3c864cdc320801e3db34b663e7e3f816\",\"name\":\"Elodie Mazeau\",\"image\":{\"@type\":\"ImageObject\",\"inLanguage\":\"fr-FR\",\"@id\":\"https:\\\/\\\/bart-et-lemy.com\\\/blog\\\/wp-content\\\/uploads\\\/2026\\\/06\\\/persona_elodie-m-96x96.jpg\",\"url\":\"https:\\\/\\\/bart-et-lemy.com\\\/blog\\\/wp-content\\\/uploads\\\/2026\\\/06\\\/persona_elodie-m-96x96.jpg\",\"contentUrl\":\"https:\\\/\\\/bart-et-lemy.com\\\/blog\\\/wp-content\\\/uploads\\\/2026\\\/06\\\/persona_elodie-m-96x96.jpg\",\"caption\":\"Elodie Mazeau\"},\"description\":\"J'\u00e9cris sur la parentalit\u00e9 telle qu'elle se vit vraiment, du premier biberon aux premi\u00e8res col\u00e8res. Mes sujets de pr\u00e9dilection couvrent le quotidien des familles : sommeil, alimentation, organisation, pu\u00e9riculture et ces petites gal\u00e8res que tout parent conna\u00eet. Depuis plusieurs ann\u00e9es, je m'attache \u00e0 proposer des rep\u00e8res concrets plut\u00f4t que des le\u00e7ons, parce que chaque famille trouve son propre \u00e9quilibre. Je v\u00e9rifie mes informations aupr\u00e8s de sources fiables, surtout d\u00e8s qu'on touche \u00e0 la sant\u00e9 ou \u00e0 la s\u00e9curit\u00e9 de l'enfant, et je pr\u00e9cise quand un avis professionnel s'impose. J'\u00e9vite soigneusement la culpabilisation : \u00eatre parent est d\u00e9j\u00e0 assez exigeant. Mon ton se veut complice et bienveillant, un peu comme une discussion entre parents qui se comprennent. L'id\u00e9e est d'all\u00e9ger la charge mentale en donnant des solutions simples et test\u00e9es.\",\"sameAs\":[\"https:\\\/\\\/elodiemazeau.fr\\\/\"],\"url\":\"https:\\\/\\\/bart-et-lemy.com\\\/blog\\\/auteur\\\/noname\\\/\"}]}<\/script>\n<!-- \/ Yoast SEO Premium plugin. -->","yoast_head_json":{"title":"Coiffeur pour B\u00e9b\u00e9 \u00e0 Toulouse","description":"\u00c0 Toulouse, de nombreux parents cherchent un coiffeur sp\u00e9cialis\u00e9 pour accompagner cette \u00e9tape essentielle.","robots":{"index":"index","follow":"follow","max-snippet":"max-snippet:-1","max-image-preview":"max-image-preview:large","max-video-preview":"max-video-preview:-1"},"canonical":"https:\/\/bart-et-lemy.com\/blog\/a-la-une\/coiffeur-pour-bebe-a-toulouse-votre-guide-complet-pour-une-premiere-coupe-reussie\/","og_locale":"fr_FR","og_type":"article","og_title":"Coiffeur pour B\u00e9b\u00e9 \u00e0 Toulouse","og_description":"\u00c0 Toulouse, de nombreux parents cherchent un coiffeur sp\u00e9cialis\u00e9 pour accompagner cette \u00e9tape essentielle.","og_url":"https:\/\/bart-et-lemy.com\/blog\/a-la-une\/coiffeur-pour-bebe-a-toulouse-votre-guide-complet-pour-une-premiere-coupe-reussie\/","og_site_name":"bart-et-lemy.com","og_image":[{"width":1200,"height":500,"url":"https:\/\/bart-et-lemy.com\/blog\/wp-content\/uploads\/2025\/05\/sdxl-1e6deb4ba65670ff4559c576ef99070f-scaled.png","type":"image\/png"}],"author":"Elodie Mazeau","twitter_card":"summary_large_image","schema":{"@context":"https:\/\/schema.org","@graph":[{"@type":"NewsArticle","@id":"https:\/\/bart-et-lemy.com\/blog\/a-la-une\/coiffeur-pour-bebe-a-toulouse-votre-guide-complet-pour-une-premiere-coupe-reussie\/#article","isPartOf":{"@id":"https:\/\/bart-et-lemy.com\/blog\/a-la-une\/coiffeur-pour-bebe-a-toulouse-votre-guide-complet-pour-une-premiere-coupe-reussie\/"},"author":{"name":"Elodie Mazeau","@id":"https:\/\/bart-et-lemy.com\/blog\/#\/schema\/person\/3c864cdc320801e3db34b663e7e3f816"},"headline":"Coiffeur pour B\u00e9b\u00e9 \u00e0 Toulouse : Votre Guide Complet pour une Premi\u00e8re Coupe R\u00e9ussie","datePublished":"2025-04-06T14:59:00+00:00","mainEntityOfPage":{"@id":"https:\/\/bart-et-lemy.com\/blog\/a-la-une\/coiffeur-pour-bebe-a-toulouse-votre-guide-complet-pour-une-premiere-coupe-reussie\/"},"wordCount":600,"commentCount":21,"publisher":{"@id":"https:\/\/bart-et-lemy.com\/blog\/#organization"},"image":{"@id":"https:\/\/bart-et-lemy.com\/blog\/a-la-une\/coiffeur-pour-bebe-a-toulouse-votre-guide-complet-pour-une-premiere-coupe-reussie\/#primaryimage"},"thumbnailUrl":"https:\/\/bart-et-lemy.com\/blog\/wp-content\/uploads\/2025\/05\/sdxl-1e6deb4ba65670ff4559c576ef99070f-scaled.png","keywords":["B\u00e9b\u00e9s","Coiffeur","Coupe de cheveux","Exp\u00e9rience","Salon","Toulouse"],"articleSection":["\u00c0 la une"],"inLanguage":"fr-FR","potentialAction":[{"@type":"CommentAction","name":"Comment","target":["https:\/\/bart-et-lemy.com\/blog\/a-la-une\/coiffeur-pour-bebe-a-toulouse-votre-guide-complet-pour-une-premiere-coupe-reussie\/#respond"]}]},{"@type":"WebPage","@id":"https:\/\/bart-et-lemy.com\/blog\/a-la-une\/coiffeur-pour-bebe-a-toulouse-votre-guide-complet-pour-une-premiere-coupe-reussie\/","url":"https:\/\/bart-et-lemy.com\/blog\/a-la-une\/coiffeur-pour-bebe-a-toulouse-votre-guide-complet-pour-une-premiere-coupe-reussie\/","name":"Coiffeur pour B\u00e9b\u00e9 \u00e0 Toulouse","isPartOf":{"@id":"https:\/\/bart-et-lemy.com\/blog\/#website"},"primaryImageOfPage":{"@id":"https:\/\/bart-et-lemy.com\/blog\/a-la-une\/coiffeur-pour-bebe-a-toulouse-votre-guide-complet-pour-une-premiere-coupe-reussie\/#primaryimage"},"image":{"@id":"https:\/\/bart-et-lemy.com\/blog\/a-la-une\/coiffeur-pour-bebe-a-toulouse-votre-guide-complet-pour-une-premiere-coupe-reussie\/#primaryimage"},"thumbnailUrl":"https:\/\/bart-et-lemy.com\/blog\/wp-content\/uploads\/2025\/05\/sdxl-1e6deb4ba65670ff4559c576ef99070f-scaled.png","datePublished":"2025-04-06T14:59:00+00:00","description":"\u00c0 Toulouse, de nombreux parents cherchent un coiffeur sp\u00e9cialis\u00e9 pour accompagner cette \u00e9tape essentielle.","inLanguage":"fr-FR","potentialAction":[{"@type":"ReadAction","target":["https:\/\/bart-et-lemy.com\/blog\/a-la-une\/coiffeur-pour-bebe-a-toulouse-votre-guide-complet-pour-une-premiere-coupe-reussie\/"]}]},{"@type":"ImageObject","inLanguage":"fr-FR","@id":"https:\/\/bart-et-lemy.com\/blog\/a-la-une\/coiffeur-pour-bebe-a-toulouse-votre-guide-complet-pour-une-premiere-coupe-reussie\/#primaryimage","url":"https:\/\/bart-et-lemy.com\/blog\/wp-content\/uploads\/2025\/05\/sdxl-1e6deb4ba65670ff4559c576ef99070f-scaled.png","contentUrl":"https:\/\/bart-et-lemy.com\/blog\/wp-content\/uploads\/2025\/05\/sdxl-1e6deb4ba65670ff4559c576ef99070f-scaled.png","width":1200,"height":500},{"@type":"WebSite","@id":"https:\/\/bart-et-lemy.com\/blog\/#website","url":"https:\/\/bart-et-lemy.com\/blog\/","name":"Bart et Lemy","description":"L\u2019originalit\u00e9 en toute libert\u00e9.","publisher":{"@id":"https:\/\/bart-et-lemy.com\/blog\/#organization"},"alternateName":"Conseils parentaux, astuces famille et bien-\u00eatre enfant","potentialAction":[{"@type":"SearchAction","target":{"@type":"EntryPoint","urlTemplate":"https:\/\/bart-et-lemy.com\/blog\/?s={search_term_string}"},"query-input":{"@type":"PropertyValueSpecification","valueRequired":true,"valueName":"search_term_string"}}],"inLanguage":"fr-FR"},{"@type":"Organization","@id":"https:\/\/bart-et-lemy.com\/blog\/#organization","name":"Bart et Lemy","alternateName":"bart-et-lemy.com","url":"https:\/\/bart-et-lemy.com\/blog\/","logo":{"@type":"ImageObject","inLanguage":"fr-FR","@id":"https:\/\/bart-et-lemy.com\/blog\/#\/schema\/logo\/image\/","url":"https:\/\/bart-et-lemy.com\/blog\/wp-content\/uploads\/2026\/07\/logo-auto.png","contentUrl":"https:\/\/bart-et-lemy.com\/blog\/wp-content\/uploads\/2026\/07\/logo-auto.png","width":1024,"height":1024,"caption":"Bart et Lemy"},"image":{"@id":"https:\/\/bart-et-lemy.com\/blog\/#\/schema\/logo\/image\/"}},{"@type":"Person","@id":"https:\/\/bart-et-lemy.com\/blog\/#\/schema\/person\/3c864cdc320801e3db34b663e7e3f816","name":"Elodie Mazeau","image":{"@type":"ImageObject","inLanguage":"fr-FR","@id":"https:\/\/bart-et-lemy.com\/blog\/wp-content\/uploads\/2026\/06\/persona_elodie-m-96x96.jpg","url":"https:\/\/bart-et-lemy.com\/blog\/wp-content\/uploads\/2026\/06\/persona_elodie-m-96x96.jpg","contentUrl":"https:\/\/bart-et-lemy.com\/blog\/wp-content\/uploads\/2026\/06\/persona_elodie-m-96x96.jpg","caption":"Elodie Mazeau"},"description":"J'\u00e9cris sur la parentalit\u00e9 telle qu'elle se vit vraiment, du premier biberon aux premi\u00e8res col\u00e8res. Mes sujets de pr\u00e9dilection couvrent le quotidien des familles : sommeil, alimentation, organisation, pu\u00e9riculture et ces petites gal\u00e8res que tout parent conna\u00eet. Depuis plusieurs ann\u00e9es, je m'attache \u00e0 proposer des rep\u00e8res concrets plut\u00f4t que des le\u00e7ons, parce que chaque famille trouve son propre \u00e9quilibre. Je v\u00e9rifie mes informations aupr\u00e8s de sources fiables, surtout d\u00e8s qu'on touche \u00e0 la sant\u00e9 ou \u00e0 la s\u00e9curit\u00e9 de l'enfant, et je pr\u00e9cise quand un avis professionnel s'impose. J'\u00e9vite soigneusement la culpabilisation : \u00eatre parent est d\u00e9j\u00e0 assez exigeant. Mon ton se veut complice et bienveillant, un peu comme une discussion entre parents qui se comprennent. L'id\u00e9e est d'all\u00e9ger la charge mentale en donnant des solutions simples et test\u00e9es.","sameAs":["https:\/\/elodiemazeau.fr\/"],"url":"https:\/\/bart-et-lemy.com\/blog\/auteur\/noname\/"}]}},"_links":{"self":[{"href":"https:\/\/bart-et-lemy.com\/blog\/wp-json\/wp\/v2\/posts\/9201","targetHints":{"allow":["GET"]}}],"collection":[{"href":"https:\/\/bart-et-lemy.com\/blog\/wp-json\/wp\/v2\/posts"}],"about":[{"href":"https:\/\/bart-et-lemy.com\/blog\/wp-json\/wp\/v2\/types\/post"}],"author":[{"embeddable":true,"href":"https:\/\/bart-et-lemy.com\/blog\/wp-json\/wp\/v2\/users\/34"}],"replies":[{"embeddable":true,"href":"https:\/\/bart-et-lemy.com\/blog\/wp-json\/wp\/v2\/comments?post=9201"}],"version-history":[{"count":1,"href":"https:\/\/bart-et-lemy.com\/blog\/wp-json\/wp\/v2\/posts\/9201\/revisions"}],"predecessor-version":[{"id":10414,"href":"https:\/\/bart-et-lemy.com\/blog\/wp-json\/wp\/v2\/posts\/9201\/revisions\/10414"}],"wp:featuredmedia":[{"embeddable":true,"href":"https:\/\/bart-et-lemy.com\/blog\/wp-json\/wp\/v2\/media\/11023"}],"wp:attachment":[{"href":"https:\/\/bart-et-lemy.com\/blog\/wp-json\/wp\/v2\/media?parent=9201"}],"wp:term":[{"taxonomy":"category","embeddable":true,"href":"https:\/\/bart-et-lemy.com\/blog\/wp-json\/wp\/v2\/categories?post=9201"},{"taxonomy":"post_tag","embeddable":true,"href":"https:\/\/bart-et-lemy.com\/blog\/wp-json\/wp\/v2\/tags?post=9201"}],"curies":[{"name":"wp","href":"https:\/\/api.w.org\/{rel}","templated":true}]}}