{"id":9206,"date":"2025-04-09T17:19:00","date_gmt":"2025-04-09T15:19:00","guid":{"rendered":"https:\/\/bart-et-lemy.com\/blog\/?p=9206"},"modified":"2025-02-11T14:48:22","modified_gmt":"2025-02-11T13:48:22","slug":"comprendre-le-lien-entre-bebe-et-maman-un-voyage-damour-et-de-decouverte","status":"publish","type":"post","link":"https:\/\/bart-et-lemy.com\/blog\/a-la-une\/comprendre-le-lien-entre-bebe-et-maman-un-voyage-damour-et-de-decouverte\/","title":{"rendered":"Comprendre le lien entre b\u00e9b\u00e9 et maman : Un voyage d&rsquo;amour et de d\u00e9couverte"},"content":{"rendered":"<p>La relation entre une m\u00e8re et son b\u00e9b\u00e9 est unique, se construisant sur des bases d&rsquo;amour, d&rsquo;attention et de lien \u00e9motionnel. Qu&rsquo;est-ce qui rend ce lien si sp\u00e9cial ? Comment les m\u00e8res peuvent-elles naviguer dans cette nouvelle aventure ? Cet article explore ces questions cruciales.<\/p>\n<h2>Le lien affectif : une connexion profonde<\/h2>\n<p>Le lien entre une m\u00e8re et son b\u00e9b\u00e9 se d\u00e9veloppe d\u00e8s les premi\u00e8res semaines de grossesse. Ce lien affectif, nourri par des interactions quotidiennes, joue un r\u00f4le fondamental dans le d\u00e9veloppement \u00e9motionnel et psychologique de l&rsquo;enfant. Les \u00e9tudes montrent que les b\u00e9b\u00e9s ressentent les \u00e9motions de leur m\u00e8re et r\u00e9agissent \u00e0 son humeur. Ainsi, un environnement serein favorise un d\u00e9veloppement harmonieux.<\/p>\n<blockquote class=\"wp-embedded-content\" data-secret=\"6KUaTXyqzu\"><p><a href=\"https:\/\/bart-et-lemy.com\/blog\/a-la-une\/les-couches-lavables-pour-bebe-un-choix-eco-responsable-et-economique\/\">Les couches lavables pour b\u00e9b\u00e9 : un choix \u00e9co-responsable et \u00e9conomique<\/a><\/p><\/blockquote>\n<p><iframe loading=\"lazy\" class=\"wp-embedded-content\" sandbox=\"allow-scripts\" security=\"restricted\" style=\"position: absolute; visibility: hidden;\" title=\"\u00ab\u00a0Les couches lavables pour b\u00e9b\u00e9 : un choix \u00e9co-responsable et \u00e9conomique\u00a0\u00bb &#8212; bart-et-lemy.com\" src=\"https:\/\/bart-et-lemy.com\/blog\/a-la-une\/les-couches-lavables-pour-bebe-un-choix-eco-responsable-et-economique\/embed\/#?secret=9l2hb465r5#?secret=6KUaTXyqzu\" data-secret=\"6KUaTXyqzu\" width=\"600\" height=\"338\" frameborder=\"0\" marginwidth=\"0\" marginheight=\"0\" scrolling=\"no\"><\/iframe><\/p>\n<p>Ce lien ne s&rsquo;arr\u00eate pas avec la naissance. Les premiers instants apr\u00e8s l&rsquo;accouchement, lorsque le b\u00e9b\u00e9 est plac\u00e9 sur le ventre de la m\u00e8re, sont cruciaux. Cette \u00e9tape favorise la s\u00e9cr\u00e9tion d&rsquo;hormones telles que l&rsquo;ocytocine, souvent appel\u00e9e \u00ab\u00a0l&rsquo;hormone de l&rsquo;amour\u00a0\u00bb, qui renforce le lien m\u00e8re-enfant.<\/p>\n<h2>Les d\u00e9fis de la maternit\u00e9 : entre fatigue et bonheur<\/h2>\n<p>Devenir m\u00e8re implique \u00e9galement des d\u00e9fis. La fatigue, souvent intense les premi\u00e8res semaines, peut affecter le bien-\u00eatre de la m\u00e8re. Comprendre l&rsquo;importance de se reposer et de demander de l&rsquo;aide est essentiel. Une m\u00e8re \u00e9puis\u00e9e peut avoir du mal \u00e0 \u00e9tablir un lien fort avec son enfant.<\/p>\n<ul>\n<li><strong>Prendre soin de soi :<\/strong> Il est crucial de s&rsquo;accorder des moments de r\u00e9pit.<\/li>\n<li><strong>Communiquer :<\/strong> Parler des \u00e9motions et des inqui\u00e9tudes avec un proche aide \u00e0 all\u00e9ger le fardeau.<\/li>\n<li><strong>\u00c9tablir une routine :<\/strong> Une routine de sommeil pour le b\u00e9b\u00e9 peut aider \u00e0 am\u00e9liorer le repos de la m\u00e8re.<\/li>\n<\/ul>\n<h2>Les bienfaits du contact physique<\/h2>\n<p>Le contact physique joue un r\u00f4le vital dans la relation m\u00e8re-b\u00e9b\u00e9. Les c\u00e2lins, les caresses et le peau-\u00e0-peau favorisent la lib\u00e9ration d&rsquo;endorphines, renfor\u00e7ant ainsi le sentiment de bonheur. Ce contact aide \u00e9galement \u00e0 r\u00e9guler la temp\u00e9rature corporelle du b\u00e9b\u00e9 et \u00e0 stabiliser son rythme cardiaque.<\/p>\n<blockquote class=\"wp-embedded-content\" data-secret=\"wf7tw8ISAM\"><p><a href=\"https:\/\/bart-et-lemy.com\/blog\/a-la-une\/patron-gratuit-de-gilet-sans-manches-pour-bebe-guide-complet-et-conseils-pratiques\/\">Patron gratuit de gilet sans manches pour b\u00e9b\u00e9 : Guide complet et conseils pratiques<\/a><\/p><\/blockquote>\n<p><iframe loading=\"lazy\" class=\"wp-embedded-content\" sandbox=\"allow-scripts\" security=\"restricted\" style=\"position: absolute; visibility: hidden;\" title=\"\u00ab\u00a0Patron gratuit de gilet sans manches pour b\u00e9b\u00e9 : Guide complet et conseils pratiques\u00a0\u00bb &#8212; bart-et-lemy.com\" src=\"https:\/\/bart-et-lemy.com\/blog\/a-la-une\/patron-gratuit-de-gilet-sans-manches-pour-bebe-guide-complet-et-conseils-pratiques\/embed\/#?secret=XhqrDbx3UP#?secret=wf7tw8ISAM\" data-secret=\"wf7tw8ISAM\" width=\"600\" height=\"338\" frameborder=\"0\" marginwidth=\"0\" marginheight=\"0\" scrolling=\"no\"><\/iframe><\/p>\n<p>Les p\u00e9diatres recommandent le portage, qui permet \u00e0 la m\u00e8re de garder son b\u00e9b\u00e9 pr\u00e8s d&rsquo;elle tout en ayant les mains libres. Cette pratique favorise non seulement le lien affectif, mais elle aide aussi \u00e0 d\u00e9velopper la confiance et la s\u00e9curit\u00e9 chez le b\u00e9b\u00e9.<\/p>\n<blockquote>\n<p>\u00ab\u00a0Le contact physique est essentiel pour le d\u00e9veloppement \u00e9motionnel de l&rsquo;enfant, il lui permet de se sentir en s\u00e9curit\u00e9 et aim\u00e9.\u00a0\u00bb &#8211; Dr. Sophie Martin, p\u00e9diatre.<\/p>\n<\/blockquote>\n<p><iframe loading=\"lazy\" title=\"L&#039;histoire de l&#039;\u00eatre humain - la conception\" width=\"1200\" height=\"675\" src=\"https:\/\/www.youtube.com\/embed\/LusMwFtpEGo?feature=oembed\" frameborder=\"0\" allow=\"accelerometer; autoplay; clipboard-write; encrypted-media; gyroscope; picture-in-picture; web-share\" referrerpolicy=\"strict-origin-when-cross-origin\" allowfullscreen><\/iframe><\/p>\n<h2>Les \u00e9tapes cl\u00e9s du d\u00e9veloppement de l&rsquo;enfant<\/h2>\n<table>\n<tr>\n<th>\u00c2ge<\/th>\n<th>D\u00e9veloppement \u00e9motionnel<\/th>\n<th>Interventions recommand\u00e9es<\/th>\n<\/tr>\n<tr>\n<td>0-6 mois<\/td>\n<td>Reconnaissance des visages familiers<\/td>\n<td>Jouer avec le b\u00e9b\u00e9, \u00e9tablir des routines<\/td>\n<\/tr>\n<tr>\n<td>6-12 mois<\/td>\n<td>D\u00e9veloppement de l&rsquo;attachement<\/td>\n<td>Encourager l&rsquo;exploration, r\u00e9pondre aux pleurs<\/td>\n<\/tr>\n<tr>\n<td>1-2 ans<\/td>\n<td>Affirmation de soi et autonomie<\/td>\n<td>Fournir un environnement s\u00fbr, encourager l&rsquo;ind\u00e9pendance<\/td>\n<\/tr>\n<\/table>\n<h3>FAQ :<\/h3>\n<blockquote>\n<ul>\n<li><strong>Comment puis-je renforcer le lien avec mon b\u00e9b\u00e9 ?<\/strong>Les c\u00e2lins, le contact peau-\u00e0-peau et les regards \u00e9chang\u00e9s sont des moyens efficaces d&rsquo;\u00e9tablir un lien fort.<\/li>\n<li><strong>Que faire si je me sens d\u00e9pass\u00e9e par la maternit\u00e9 ?<\/strong>Parler \u00e0 un proche ou rejoindre un groupe de soutien peut aider \u00e0 partager vos pr\u00e9occupations.<\/li>\n<li><strong>Les pleurs de mon b\u00e9b\u00e9 sont-ils normaux ?<\/strong>Oui, pleurer est un moyen pour le b\u00e9b\u00e9 d&rsquo;exprimer ses besoins. Apprendre \u00e0 comprendre ces pleurs peut aider.<\/li>\n<li><strong>Le portage est-il b\u00e9n\u00e9fique ?<\/strong>Absolument, le portage favorise le lien, la s\u00e9curit\u00e9, et permet \u00e0 la m\u00e8re d&rsquo;avoir les mains libres.<\/li>\n<\/ul>\n<\/blockquote>\n<p>En d\u00e9finitive, la relation entre une m\u00e8re et son b\u00e9b\u00e9 est une aventure pleine de d\u00e9couvertes et d&rsquo;apprentissages. Chaque jour offre de nouvelles opportunit\u00e9s de renforcer ce lien, d&rsquo;apprendre \u00e0 se conna\u00eetre et de grandir ensemble. Chacune de ces \u00e9tapes, qu&rsquo;elles soient joyeuses ou difficiles, joue un r\u00f4le crucial dans le d\u00e9veloppement d&rsquo;un enfant \u00e9panoui et en bonne sant\u00e9.<\/p>\n","protected":false},"excerpt":{"rendered":"","protected":false},"author":34,"featured_media":11129,"comment_status":"open","ping_status":"open","sticky":false,"template":"","format":"standard","meta":{"_acf_changed":false,"manual_indexmenow":false,"indexmenow_id_project":0,"footnotes":""},"categories":[1],"tags":[4590,6427,4724,4639,4602,6426],"class_list":["post-9206","post","type-post","status-publish","format-standard","has-post-thumbnail","hentry","category-a-la-une","tag-bebe","tag-contact-physique","tag-developpement-emotionnel","tag-lien-affectif","tag-maternite","tag-mere","generate-columns","tablet-grid-50","mobile-grid-100","grid-parent","grid-25"],"acf":[],"yoast_head":"<!-- This site is optimized with the Yoast SEO Premium plugin v21.3 (Yoast SEO v27.3) - https:\/\/yoast.com\/product\/yoast-seo-premium-wordpress\/ -->\n<title>Comprendre le lien entre b\u00e9b\u00e9 et maman<\/title>\n<meta name=\"description\" content=\"La relation entre une m\u00e8re et son b\u00e9b\u00e9 est unique, se construisant sur des bases d&#039;amour, d&#039;attention et de lien \u00e9motionnel.\" \/>\n<meta name=\"robots\" content=\"index, follow, max-snippet:-1, max-image-preview:large, max-video-preview:-1\" \/>\n<link rel=\"canonical\" href=\"https:\/\/bart-et-lemy.com\/blog\/a-la-une\/comprendre-le-lien-entre-bebe-et-maman-un-voyage-damour-et-de-decouverte\/\" \/>\n<meta property=\"og:locale\" content=\"fr_FR\" \/>\n<meta property=\"og:type\" content=\"article\" \/>\n<meta property=\"og:title\" content=\"Comprendre le lien entre b\u00e9b\u00e9 et maman\" \/>\n<meta property=\"og:description\" content=\"La relation entre une m\u00e8re et son b\u00e9b\u00e9 est unique, se construisant sur des bases d&#039;amour, d&#039;attention et de lien \u00e9motionnel.\" \/>\n<meta property=\"og:url\" content=\"https:\/\/bart-et-lemy.com\/blog\/a-la-une\/comprendre-le-lien-entre-bebe-et-maman-un-voyage-damour-et-de-decouverte\/\" \/>\n<meta property=\"og:site_name\" content=\"bart-et-lemy.com\" \/>\n<meta property=\"og:image\" content=\"https:\/\/bart-et-lemy.com\/blog\/wp-content\/uploads\/2025\/05\/sdxl-7dcc5457fdc33fd1f246ec39d0b7aed4-scaled.png\" \/>\n\t<meta property=\"og:image:width\" content=\"1200\" \/>\n\t<meta property=\"og:image:height\" content=\"500\" \/>\n\t<meta property=\"og:image:type\" content=\"image\/png\" \/>\n<meta name=\"author\" content=\"Elodie Mazeau\" \/>\n<meta name=\"twitter:card\" content=\"summary_large_image\" \/>\n<script type=\"application\/ld+json\" class=\"yoast-schema-graph\">{\"@context\":\"https:\\\/\\\/schema.org\",\"@graph\":[{\"@type\":\"NewsArticle\",\"@id\":\"https:\\\/\\\/bart-et-lemy.com\\\/blog\\\/a-la-une\\\/comprendre-le-lien-entre-bebe-et-maman-un-voyage-damour-et-de-decouverte\\\/#article\",\"isPartOf\":{\"@id\":\"https:\\\/\\\/bart-et-lemy.com\\\/blog\\\/a-la-une\\\/comprendre-le-lien-entre-bebe-et-maman-un-voyage-damour-et-de-decouverte\\\/\"},\"author\":{\"name\":\"Elodie Mazeau\",\"@id\":\"https:\\\/\\\/bart-et-lemy.com\\\/blog\\\/#\\\/schema\\\/person\\\/3c864cdc320801e3db34b663e7e3f816\"},\"headline\":\"Comprendre le lien entre b\u00e9b\u00e9 et maman : Un voyage d&rsquo;amour et de d\u00e9couverte\",\"datePublished\":\"2025-04-09T15:19:00+00:00\",\"mainEntityOfPage\":{\"@id\":\"https:\\\/\\\/bart-et-lemy.com\\\/blog\\\/a-la-une\\\/comprendre-le-lien-entre-bebe-et-maman-un-voyage-damour-et-de-decouverte\\\/\"},\"wordCount\":717,\"commentCount\":22,\"publisher\":{\"@id\":\"https:\\\/\\\/bart-et-lemy.com\\\/blog\\\/#organization\"},\"image\":{\"@id\":\"https:\\\/\\\/bart-et-lemy.com\\\/blog\\\/a-la-une\\\/comprendre-le-lien-entre-bebe-et-maman-un-voyage-damour-et-de-decouverte\\\/#primaryimage\"},\"thumbnailUrl\":\"https:\\\/\\\/bart-et-lemy.com\\\/blog\\\/wp-content\\\/uploads\\\/2025\\\/05\\\/sdxl-7dcc5457fdc33fd1f246ec39d0b7aed4-scaled.png\",\"keywords\":[\"B\u00e9b\u00e9\",\"Contact Physique\",\"D\u00e9veloppement \u00c9motionnel\",\"Lien Affectif\",\"Maternit\u00e9\",\"M\u00e8re\"],\"articleSection\":[\"\u00c0 la une\"],\"inLanguage\":\"fr-FR\",\"potentialAction\":[{\"@type\":\"CommentAction\",\"name\":\"Comment\",\"target\":[\"https:\\\/\\\/bart-et-lemy.com\\\/blog\\\/a-la-une\\\/comprendre-le-lien-entre-bebe-et-maman-un-voyage-damour-et-de-decouverte\\\/#respond\"]}]},{\"@type\":\"WebPage\",\"@id\":\"https:\\\/\\\/bart-et-lemy.com\\\/blog\\\/a-la-une\\\/comprendre-le-lien-entre-bebe-et-maman-un-voyage-damour-et-de-decouverte\\\/\",\"url\":\"https:\\\/\\\/bart-et-lemy.com\\\/blog\\\/a-la-une\\\/comprendre-le-lien-entre-bebe-et-maman-un-voyage-damour-et-de-decouverte\\\/\",\"name\":\"Comprendre le lien entre b\u00e9b\u00e9 et maman\",\"isPartOf\":{\"@id\":\"https:\\\/\\\/bart-et-lemy.com\\\/blog\\\/#website\"},\"primaryImageOfPage\":{\"@id\":\"https:\\\/\\\/bart-et-lemy.com\\\/blog\\\/a-la-une\\\/comprendre-le-lien-entre-bebe-et-maman-un-voyage-damour-et-de-decouverte\\\/#primaryimage\"},\"image\":{\"@id\":\"https:\\\/\\\/bart-et-lemy.com\\\/blog\\\/a-la-une\\\/comprendre-le-lien-entre-bebe-et-maman-un-voyage-damour-et-de-decouverte\\\/#primaryimage\"},\"thumbnailUrl\":\"https:\\\/\\\/bart-et-lemy.com\\\/blog\\\/wp-content\\\/uploads\\\/2025\\\/05\\\/sdxl-7dcc5457fdc33fd1f246ec39d0b7aed4-scaled.png\",\"datePublished\":\"2025-04-09T15:19:00+00:00\",\"description\":\"La relation entre une m\u00e8re et son b\u00e9b\u00e9 est unique, se construisant sur des bases d'amour, d'attention et de lien \u00e9motionnel.\",\"inLanguage\":\"fr-FR\",\"potentialAction\":[{\"@type\":\"ReadAction\",\"target\":[\"https:\\\/\\\/bart-et-lemy.com\\\/blog\\\/a-la-une\\\/comprendre-le-lien-entre-bebe-et-maman-un-voyage-damour-et-de-decouverte\\\/\"]}]},{\"@type\":\"ImageObject\",\"inLanguage\":\"fr-FR\",\"@id\":\"https:\\\/\\\/bart-et-lemy.com\\\/blog\\\/a-la-une\\\/comprendre-le-lien-entre-bebe-et-maman-un-voyage-damour-et-de-decouverte\\\/#primaryimage\",\"url\":\"https:\\\/\\\/bart-et-lemy.com\\\/blog\\\/wp-content\\\/uploads\\\/2025\\\/05\\\/sdxl-7dcc5457fdc33fd1f246ec39d0b7aed4-scaled.png\",\"contentUrl\":\"https:\\\/\\\/bart-et-lemy.com\\\/blog\\\/wp-content\\\/uploads\\\/2025\\\/05\\\/sdxl-7dcc5457fdc33fd1f246ec39d0b7aed4-scaled.png\",\"width\":1200,\"height\":500},{\"@type\":\"WebSite\",\"@id\":\"https:\\\/\\\/bart-et-lemy.com\\\/blog\\\/#website\",\"url\":\"https:\\\/\\\/bart-et-lemy.com\\\/blog\\\/\",\"name\":\"Bart et Lemy\",\"description\":\"L\u2019originalit\u00e9 en toute libert\u00e9.\",\"publisher\":{\"@id\":\"https:\\\/\\\/bart-et-lemy.com\\\/blog\\\/#organization\"},\"alternateName\":\"Conseils parentaux, astuces famille et bien-\u00eatre enfant\",\"potentialAction\":[{\"@type\":\"SearchAction\",\"target\":{\"@type\":\"EntryPoint\",\"urlTemplate\":\"https:\\\/\\\/bart-et-lemy.com\\\/blog\\\/?s={search_term_string}\"},\"query-input\":{\"@type\":\"PropertyValueSpecification\",\"valueRequired\":true,\"valueName\":\"search_term_string\"}}],\"inLanguage\":\"fr-FR\"},{\"@type\":\"Organization\",\"@id\":\"https:\\\/\\\/bart-et-lemy.com\\\/blog\\\/#organization\",\"name\":\"Bart et Lemy\",\"alternateName\":\"bart-et-lemy.com\",\"url\":\"https:\\\/\\\/bart-et-lemy.com\\\/blog\\\/\",\"logo\":{\"@type\":\"ImageObject\",\"inLanguage\":\"fr-FR\",\"@id\":\"https:\\\/\\\/bart-et-lemy.com\\\/blog\\\/#\\\/schema\\\/logo\\\/image\\\/\",\"url\":\"https:\\\/\\\/bart-et-lemy.com\\\/blog\\\/wp-content\\\/uploads\\\/2026\\\/07\\\/logo-auto.png\",\"contentUrl\":\"https:\\\/\\\/bart-et-lemy.com\\\/blog\\\/wp-content\\\/uploads\\\/2026\\\/07\\\/logo-auto.png\",\"width\":1024,\"height\":1024,\"caption\":\"Bart et Lemy\"},\"image\":{\"@id\":\"https:\\\/\\\/bart-et-lemy.com\\\/blog\\\/#\\\/schema\\\/logo\\\/image\\\/\"}},{\"@type\":\"Person\",\"@id\":\"https:\\\/\\\/bart-et-lemy.com\\\/blog\\\/#\\\/schema\\\/person\\\/3c864cdc320801e3db34b663e7e3f816\",\"name\":\"Elodie Mazeau\",\"image\":{\"@type\":\"ImageObject\",\"inLanguage\":\"fr-FR\",\"@id\":\"https:\\\/\\\/bart-et-lemy.com\\\/blog\\\/wp-content\\\/uploads\\\/2026\\\/06\\\/persona_elodie-m-96x96.jpg\",\"url\":\"https:\\\/\\\/bart-et-lemy.com\\\/blog\\\/wp-content\\\/uploads\\\/2026\\\/06\\\/persona_elodie-m-96x96.jpg\",\"contentUrl\":\"https:\\\/\\\/bart-et-lemy.com\\\/blog\\\/wp-content\\\/uploads\\\/2026\\\/06\\\/persona_elodie-m-96x96.jpg\",\"caption\":\"Elodie Mazeau\"},\"description\":\"J'\u00e9cris sur la parentalit\u00e9 telle qu'elle se vit vraiment, du premier biberon aux premi\u00e8res col\u00e8res. Mes sujets de pr\u00e9dilection couvrent le quotidien des familles : sommeil, alimentation, organisation, pu\u00e9riculture et ces petites gal\u00e8res que tout parent conna\u00eet. Depuis plusieurs ann\u00e9es, je m'attache \u00e0 proposer des rep\u00e8res concrets plut\u00f4t que des le\u00e7ons, parce que chaque famille trouve son propre \u00e9quilibre. Je v\u00e9rifie mes informations aupr\u00e8s de sources fiables, surtout d\u00e8s qu'on touche \u00e0 la sant\u00e9 ou \u00e0 la s\u00e9curit\u00e9 de l'enfant, et je pr\u00e9cise quand un avis professionnel s'impose. J'\u00e9vite soigneusement la culpabilisation : \u00eatre parent est d\u00e9j\u00e0 assez exigeant. Mon ton se veut complice et bienveillant, un peu comme une discussion entre parents qui se comprennent. L'id\u00e9e est d'all\u00e9ger la charge mentale en donnant des solutions simples et test\u00e9es.\",\"sameAs\":[\"https:\\\/\\\/elodiemazeau.fr\\\/\"],\"url\":\"https:\\\/\\\/bart-et-lemy.com\\\/blog\\\/auteur\\\/noname\\\/\"}]}<\/script>\n<!-- \/ Yoast SEO Premium plugin. -->","yoast_head_json":{"title":"Comprendre le lien entre b\u00e9b\u00e9 et maman","description":"La relation entre une m\u00e8re et son b\u00e9b\u00e9 est unique, se construisant sur des bases d'amour, d'attention et de lien \u00e9motionnel.","robots":{"index":"index","follow":"follow","max-snippet":"max-snippet:-1","max-image-preview":"max-image-preview:large","max-video-preview":"max-video-preview:-1"},"canonical":"https:\/\/bart-et-lemy.com\/blog\/a-la-une\/comprendre-le-lien-entre-bebe-et-maman-un-voyage-damour-et-de-decouverte\/","og_locale":"fr_FR","og_type":"article","og_title":"Comprendre le lien entre b\u00e9b\u00e9 et maman","og_description":"La relation entre une m\u00e8re et son b\u00e9b\u00e9 est unique, se construisant sur des bases d'amour, d'attention et de lien \u00e9motionnel.","og_url":"https:\/\/bart-et-lemy.com\/blog\/a-la-une\/comprendre-le-lien-entre-bebe-et-maman-un-voyage-damour-et-de-decouverte\/","og_site_name":"bart-et-lemy.com","og_image":[{"width":1200,"height":500,"url":"https:\/\/bart-et-lemy.com\/blog\/wp-content\/uploads\/2025\/05\/sdxl-7dcc5457fdc33fd1f246ec39d0b7aed4-scaled.png","type":"image\/png"}],"author":"Elodie Mazeau","twitter_card":"summary_large_image","schema":{"@context":"https:\/\/schema.org","@graph":[{"@type":"NewsArticle","@id":"https:\/\/bart-et-lemy.com\/blog\/a-la-une\/comprendre-le-lien-entre-bebe-et-maman-un-voyage-damour-et-de-decouverte\/#article","isPartOf":{"@id":"https:\/\/bart-et-lemy.com\/blog\/a-la-une\/comprendre-le-lien-entre-bebe-et-maman-un-voyage-damour-et-de-decouverte\/"},"author":{"name":"Elodie Mazeau","@id":"https:\/\/bart-et-lemy.com\/blog\/#\/schema\/person\/3c864cdc320801e3db34b663e7e3f816"},"headline":"Comprendre le lien entre b\u00e9b\u00e9 et maman : Un voyage d&rsquo;amour et de d\u00e9couverte","datePublished":"2025-04-09T15:19:00+00:00","mainEntityOfPage":{"@id":"https:\/\/bart-et-lemy.com\/blog\/a-la-une\/comprendre-le-lien-entre-bebe-et-maman-un-voyage-damour-et-de-decouverte\/"},"wordCount":717,"commentCount":22,"publisher":{"@id":"https:\/\/bart-et-lemy.com\/blog\/#organization"},"image":{"@id":"https:\/\/bart-et-lemy.com\/blog\/a-la-une\/comprendre-le-lien-entre-bebe-et-maman-un-voyage-damour-et-de-decouverte\/#primaryimage"},"thumbnailUrl":"https:\/\/bart-et-lemy.com\/blog\/wp-content\/uploads\/2025\/05\/sdxl-7dcc5457fdc33fd1f246ec39d0b7aed4-scaled.png","keywords":["B\u00e9b\u00e9","Contact Physique","D\u00e9veloppement \u00c9motionnel","Lien Affectif","Maternit\u00e9","M\u00e8re"],"articleSection":["\u00c0 la une"],"inLanguage":"fr-FR","potentialAction":[{"@type":"CommentAction","name":"Comment","target":["https:\/\/bart-et-lemy.com\/blog\/a-la-une\/comprendre-le-lien-entre-bebe-et-maman-un-voyage-damour-et-de-decouverte\/#respond"]}]},{"@type":"WebPage","@id":"https:\/\/bart-et-lemy.com\/blog\/a-la-une\/comprendre-le-lien-entre-bebe-et-maman-un-voyage-damour-et-de-decouverte\/","url":"https:\/\/bart-et-lemy.com\/blog\/a-la-une\/comprendre-le-lien-entre-bebe-et-maman-un-voyage-damour-et-de-decouverte\/","name":"Comprendre le lien entre b\u00e9b\u00e9 et maman","isPartOf":{"@id":"https:\/\/bart-et-lemy.com\/blog\/#website"},"primaryImageOfPage":{"@id":"https:\/\/bart-et-lemy.com\/blog\/a-la-une\/comprendre-le-lien-entre-bebe-et-maman-un-voyage-damour-et-de-decouverte\/#primaryimage"},"image":{"@id":"https:\/\/bart-et-lemy.com\/blog\/a-la-une\/comprendre-le-lien-entre-bebe-et-maman-un-voyage-damour-et-de-decouverte\/#primaryimage"},"thumbnailUrl":"https:\/\/bart-et-lemy.com\/blog\/wp-content\/uploads\/2025\/05\/sdxl-7dcc5457fdc33fd1f246ec39d0b7aed4-scaled.png","datePublished":"2025-04-09T15:19:00+00:00","description":"La relation entre une m\u00e8re et son b\u00e9b\u00e9 est unique, se construisant sur des bases d'amour, d'attention et de lien \u00e9motionnel.","inLanguage":"fr-FR","potentialAction":[{"@type":"ReadAction","target":["https:\/\/bart-et-lemy.com\/blog\/a-la-une\/comprendre-le-lien-entre-bebe-et-maman-un-voyage-damour-et-de-decouverte\/"]}]},{"@type":"ImageObject","inLanguage":"fr-FR","@id":"https:\/\/bart-et-lemy.com\/blog\/a-la-une\/comprendre-le-lien-entre-bebe-et-maman-un-voyage-damour-et-de-decouverte\/#primaryimage","url":"https:\/\/bart-et-lemy.com\/blog\/wp-content\/uploads\/2025\/05\/sdxl-7dcc5457fdc33fd1f246ec39d0b7aed4-scaled.png","contentUrl":"https:\/\/bart-et-lemy.com\/blog\/wp-content\/uploads\/2025\/05\/sdxl-7dcc5457fdc33fd1f246ec39d0b7aed4-scaled.png","width":1200,"height":500},{"@type":"WebSite","@id":"https:\/\/bart-et-lemy.com\/blog\/#website","url":"https:\/\/bart-et-lemy.com\/blog\/","name":"Bart et Lemy","description":"L\u2019originalit\u00e9 en toute libert\u00e9.","publisher":{"@id":"https:\/\/bart-et-lemy.com\/blog\/#organization"},"alternateName":"Conseils parentaux, astuces famille et bien-\u00eatre enfant","potentialAction":[{"@type":"SearchAction","target":{"@type":"EntryPoint","urlTemplate":"https:\/\/bart-et-lemy.com\/blog\/?s={search_term_string}"},"query-input":{"@type":"PropertyValueSpecification","valueRequired":true,"valueName":"search_term_string"}}],"inLanguage":"fr-FR"},{"@type":"Organization","@id":"https:\/\/bart-et-lemy.com\/blog\/#organization","name":"Bart et Lemy","alternateName":"bart-et-lemy.com","url":"https:\/\/bart-et-lemy.com\/blog\/","logo":{"@type":"ImageObject","inLanguage":"fr-FR","@id":"https:\/\/bart-et-lemy.com\/blog\/#\/schema\/logo\/image\/","url":"https:\/\/bart-et-lemy.com\/blog\/wp-content\/uploads\/2026\/07\/logo-auto.png","contentUrl":"https:\/\/bart-et-lemy.com\/blog\/wp-content\/uploads\/2026\/07\/logo-auto.png","width":1024,"height":1024,"caption":"Bart et Lemy"},"image":{"@id":"https:\/\/bart-et-lemy.com\/blog\/#\/schema\/logo\/image\/"}},{"@type":"Person","@id":"https:\/\/bart-et-lemy.com\/blog\/#\/schema\/person\/3c864cdc320801e3db34b663e7e3f816","name":"Elodie Mazeau","image":{"@type":"ImageObject","inLanguage":"fr-FR","@id":"https:\/\/bart-et-lemy.com\/blog\/wp-content\/uploads\/2026\/06\/persona_elodie-m-96x96.jpg","url":"https:\/\/bart-et-lemy.com\/blog\/wp-content\/uploads\/2026\/06\/persona_elodie-m-96x96.jpg","contentUrl":"https:\/\/bart-et-lemy.com\/blog\/wp-content\/uploads\/2026\/06\/persona_elodie-m-96x96.jpg","caption":"Elodie Mazeau"},"description":"J'\u00e9cris sur la parentalit\u00e9 telle qu'elle se vit vraiment, du premier biberon aux premi\u00e8res col\u00e8res. Mes sujets de pr\u00e9dilection couvrent le quotidien des familles : sommeil, alimentation, organisation, pu\u00e9riculture et ces petites gal\u00e8res que tout parent conna\u00eet. Depuis plusieurs ann\u00e9es, je m'attache \u00e0 proposer des rep\u00e8res concrets plut\u00f4t que des le\u00e7ons, parce que chaque famille trouve son propre \u00e9quilibre. Je v\u00e9rifie mes informations aupr\u00e8s de sources fiables, surtout d\u00e8s qu'on touche \u00e0 la sant\u00e9 ou \u00e0 la s\u00e9curit\u00e9 de l'enfant, et je pr\u00e9cise quand un avis professionnel s'impose. J'\u00e9vite soigneusement la culpabilisation : \u00eatre parent est d\u00e9j\u00e0 assez exigeant. Mon ton se veut complice et bienveillant, un peu comme une discussion entre parents qui se comprennent. L'id\u00e9e est d'all\u00e9ger la charge mentale en donnant des solutions simples et test\u00e9es.","sameAs":["https:\/\/elodiemazeau.fr\/"],"url":"https:\/\/bart-et-lemy.com\/blog\/auteur\/noname\/"}]}},"_links":{"self":[{"href":"https:\/\/bart-et-lemy.com\/blog\/wp-json\/wp\/v2\/posts\/9206","targetHints":{"allow":["GET"]}}],"collection":[{"href":"https:\/\/bart-et-lemy.com\/blog\/wp-json\/wp\/v2\/posts"}],"about":[{"href":"https:\/\/bart-et-lemy.com\/blog\/wp-json\/wp\/v2\/types\/post"}],"author":[{"embeddable":true,"href":"https:\/\/bart-et-lemy.com\/blog\/wp-json\/wp\/v2\/users\/34"}],"replies":[{"embeddable":true,"href":"https:\/\/bart-et-lemy.com\/blog\/wp-json\/wp\/v2\/comments?post=9206"}],"version-history":[{"count":1,"href":"https:\/\/bart-et-lemy.com\/blog\/wp-json\/wp\/v2\/posts\/9206\/revisions"}],"predecessor-version":[{"id":10445,"href":"https:\/\/bart-et-lemy.com\/blog\/wp-json\/wp\/v2\/posts\/9206\/revisions\/10445"}],"wp:featuredmedia":[{"embeddable":true,"href":"https:\/\/bart-et-lemy.com\/blog\/wp-json\/wp\/v2\/media\/11129"}],"wp:attachment":[{"href":"https:\/\/bart-et-lemy.com\/blog\/wp-json\/wp\/v2\/media?parent=9206"}],"wp:term":[{"taxonomy":"category","embeddable":true,"href":"https:\/\/bart-et-lemy.com\/blog\/wp-json\/wp\/v2\/categories?post=9206"},{"taxonomy":"post_tag","embeddable":true,"href":"https:\/\/bart-et-lemy.com\/blog\/wp-json\/wp\/v2\/tags?post=9206"}],"curies":[{"name":"wp","href":"https:\/\/api.w.org\/{rel}","templated":true}]}}