{"id":9225,"date":"2025-04-18T19:59:00","date_gmt":"2025-04-18T17:59:00","guid":{"rendered":"https:\/\/bart-et-lemy.com\/blog\/?p=9225"},"modified":"2025-02-11T17:12:55","modified_gmt":"2025-02-11T16:12:55","slug":"comprendre-la-tete-en-pain-de-sucre-chez-les-bebes-causes-et-solutions","status":"publish","type":"post","link":"https:\/\/bart-et-lemy.com\/blog\/a-la-une\/comprendre-la-tete-en-pain-de-sucre-chez-les-bebes-causes-et-solutions\/","title":{"rendered":"Comprendre la t\u00eate en pain de sucre chez les b\u00e9b\u00e9s : causes et solutions"},"content":{"rendered":"<h2>Introduction : un ph\u00e9nom\u00e8ne courant mais surprenant<\/h2>\n<p>Cette forme de t\u00eate, souvent d\u00e9crite comme allong\u00e9e et aplatie, peut inqui\u00e9ter. Pourtant, il est crucial de comprendre que ce ph\u00e9nom\u00e8ne est g\u00e9n\u00e9ralement b\u00e9nin. Dans cet article, nous allons explorer les causes de cette particularit\u00e9, ses implications et comment y rem\u00e9dier si n\u00e9cessaire.<\/p>\n<h2>Qu&rsquo;est-ce que la t\u00eate en pain de sucre ?<\/h2>\n<p>La t\u00eate en pain de sucre d\u00e9signe une d\u00e9formation cr\u00e2nienne chez les nourrissons. Plut\u00f4t que d&rsquo;avoir une forme parfaitement ronde, la t\u00eate pr\u00e9sente un aspect allong\u00e9 avec un sommet aplati. Cette condition peut survenir pour plusieurs raisons, et il est essentiel de faire la distinction entre les diff\u00e9rents cas.<\/p>\n<blockquote class=\"wp-embedded-content\" data-secret=\"IR6G5Fz8ML\"><p><a href=\"https:\/\/bart-et-lemy.com\/blog\/a-la-une\/decouvrez-les-meilleures-applications-photo-pour-bebe-gratuites\/\">D\u00e9couvrez les meilleures applications photo pour b\u00e9b\u00e9 gratuites<\/a><\/p><\/blockquote>\n<p><iframe loading=\"lazy\" class=\"wp-embedded-content\" sandbox=\"allow-scripts\" security=\"restricted\" style=\"position: absolute; visibility: hidden;\" title=\"\u00ab\u00a0D\u00e9couvrez les meilleures applications photo pour b\u00e9b\u00e9 gratuites\u00a0\u00bb &#8212; bart-et-lemy.com\" src=\"https:\/\/bart-et-lemy.com\/blog\/a-la-une\/decouvrez-les-meilleures-applications-photo-pour-bebe-gratuites\/embed\/#?secret=46mIxRehWk#?secret=IR6G5Fz8ML\" data-secret=\"IR6G5Fz8ML\" width=\"600\" height=\"338\" frameborder=\"0\" marginwidth=\"0\" marginheight=\"0\" scrolling=\"no\"><\/iframe><\/p>\n<p>Souvent, cette d\u00e9formation est due \u00e0 la position de l\u2019enfant pendant la grossesse ou \u00e0 la mani\u00e8re dont il se positionne dans son lit. En effet, un b\u00e9b\u00e9 qui passe beaucoup de temps sur le dos peut d\u00e9velopper cette forme, surtout s&rsquo;il ne change pas souvent de position. D&rsquo;autres causes incluent des facteurs g\u00e9n\u00e9tiques ou des accidents de naissance.<\/p>\n<h2>Les impacts de la t\u00eate en pain de sucre<\/h2>\n<p>Bien que la t\u00eate en pain de sucre soit g\u00e9n\u00e9ralement inoffensive, elle peut avoir des impacts sur le d\u00e9veloppement du b\u00e9b\u00e9. Un cr\u00e2ne d\u00e9form\u00e9 peut parfois entra\u00eener des probl\u00e8mes de d\u00e9veloppement, notamment au niveau de la m\u00e2choire ou de la dentition. Les b\u00e9b\u00e9s peuvent \u00e9galement rencontrer des difficult\u00e9s lors de l&rsquo;apprentissage de la marche ou de la coordination.<\/p>\n<blockquote class=\"wp-embedded-content\" data-secret=\"CSUK32rBdn\"><p><a href=\"https:\/\/bart-et-lemy.com\/blog\/a-la-une\/bebe-nageur-a-tours-les-bienfaits-et-conseils-pratiques-pour-initier-votre-enfant\/\">B\u00e9b\u00e9 nageur \u00e0 Tours : les bienfaits et conseils pratiques pour initier votre enfant<\/a><\/p><\/blockquote>\n<p><iframe loading=\"lazy\" class=\"wp-embedded-content\" sandbox=\"allow-scripts\" security=\"restricted\" style=\"position: absolute; visibility: hidden;\" title=\"\u00ab\u00a0B\u00e9b\u00e9 nageur \u00e0 Tours : les bienfaits et conseils pratiques pour initier votre enfant\u00a0\u00bb &#8212; bart-et-lemy.com\" src=\"https:\/\/bart-et-lemy.com\/blog\/a-la-une\/bebe-nageur-a-tours-les-bienfaits-et-conseils-pratiques-pour-initier-votre-enfant\/embed\/#?secret=tFNpMAFqke#?secret=CSUK32rBdn\" data-secret=\"CSUK32rBdn\" width=\"600\" height=\"338\" frameborder=\"0\" marginwidth=\"0\" marginheight=\"0\" scrolling=\"no\"><\/iframe><\/p>\n<p>Il est donc conseill\u00e9 de surveiller l\u2019\u00e9volution de la forme de la t\u00eate de votre enfant. Dans certains cas, des consultations avec un p\u00e9diatre ou un sp\u00e9cialiste en p\u00e9diatrie peuvent s&rsquo;av\u00e9rer n\u00e9cessaires pour \u00e9valuer la situation. Des interventions pr\u00e9coces peuvent aider \u00e0 corriger la d\u00e9formation si celle-ci est significative.<\/p>\n<p><iframe loading=\"lazy\" title=\"2 Solutions contre les gaz et ballonnements \ud83d\udca8\" width=\"1200\" height=\"675\" src=\"https:\/\/www.youtube.com\/embed\/N7vI8a2Jt2Y?feature=oembed\" frameborder=\"0\" allow=\"accelerometer; autoplay; clipboard-write; encrypted-media; gyroscope; picture-in-picture; web-share\" referrerpolicy=\"strict-origin-when-cross-origin\" allowfullscreen><\/iframe><\/p>\n<h2>Solutions et conseils pratiques<\/h2>\n<p>Pour aider \u00e0 pr\u00e9venir ou \u00e0 corriger la t\u00eate en pain de sucre, voici quelques recommandations pratiques :<\/p>\n<ul>\n<li><strong>Variez les positions :<\/strong> Changez r\u00e9guli\u00e8rement la position de votre b\u00e9b\u00e9 pendant qu&rsquo;il dort. Alternez entre le dos, le ventre et les c\u00f4t\u00e9s.<\/li>\n<li><strong>Portez votre b\u00e9b\u00e9 :<\/strong> Utilisez un porte-b\u00e9b\u00e9 pour favoriser le d\u00e9veloppement musculaire et encourager des mouvements vari\u00e9s.<\/li>\n<li><strong>Consultations r\u00e9guli\u00e8res :<\/strong> Effectuez des visites chez le p\u00e9diatre pour surveiller la croissance et le d\u00e9veloppement cr\u00e2nien de votre enfant.<\/li>\n<\/ul>\n<h2>Tableau r\u00e9capitulatif des causes et solutions<\/h2>\n<table>\n<tr>\n<th>Causes<\/th>\n<th>Impacts potentiels<\/th>\n<th>Solutions recommand\u00e9es<\/th>\n<\/tr>\n<tr>\n<td>Position dans l&rsquo;ut\u00e9rus<\/td>\n<td>D\u00e9veloppement in\u00e9gal du cr\u00e2ne<\/td>\n<td>Variations de position<\/td>\n<\/tr>\n<tr>\n<td>Position de sommeil<\/td>\n<td>Difficult\u00e9s de coordination<\/td>\n<td>Porte-b\u00e9b\u00e9 et jeux au sol<\/td>\n<\/tr>\n<tr>\n<td>Facteurs g\u00e9n\u00e9tiques<\/td>\n<td>Probl\u00e8mes dentaires<\/td>\n<td>Consultation p\u00e9diatrique<\/td>\n<\/tr>\n<\/table>\n<h2>Conclusion : rassurez-vous<\/h2>\n<p>En somme, la t\u00eate en pain de sucre chez le b\u00e9b\u00e9 est une condition courante qui peut souvent se corriger d&rsquo;elle-m\u00eame avec un peu de vigilance et d&rsquo;attention. En appliquant quelques conseils simples, les parents peuvent aider leur enfant \u00e0 d\u00e9velopper une t\u00eate bien proportionn\u00e9e au fil du temps. N\u2019h\u00e9sitez pas \u00e0 consulter un professionnel de sant\u00e9 pour toute pr\u00e9occupation.<\/p>\n<h3>FAQ :<\/h3>\n<blockquote>\n<ul>\n<li><strong>La t\u00eate en pain de sucre est-elle r\u00e9versible ?<\/strong>Oui, dans la plupart des cas, elle peut se corriger avec des changements de position.<\/li>\n<li><strong>Quand dois-je m&rsquo;inqui\u00e9ter ?<\/strong>Si la d\u00e9formation persiste ou s&rsquo;aggrave, consultez un p\u00e9diatre.<\/li>\n<li><strong>Quels exercices peuvent aider ?<\/strong>Des exercices de positionnement et des jeux au sol favorisent le d\u00e9veloppement musculaire.<\/li>\n<li><strong>Les cas graves n\u00e9cessitent-ils une intervention m\u00e9dicale ?<\/strong>Dans de rares cas, un suivi m\u00e9dical peut \u00eatre n\u00e9cessaire, mais cela reste exceptionnel.<\/li>\n<\/ul>\n<\/blockquote>\n","protected":false},"excerpt":{"rendered":"","protected":false},"author":34,"featured_media":10819,"comment_status":"open","ping_status":"open","sticky":false,"template":"","format":"standard","meta":{"_acf_changed":false,"manual_indexmenow":false,"indexmenow_id_project":0,"footnotes":""},"categories":[1],"tags":[4590,4808,6443,4805,5727,6330],"class_list":["post-9225","post","type-post","status-publish","format-standard","has-post-thumbnail","hentry","category-a-la-une","tag-bebe","tag-conseils","tag-deformation","tag-developpement","tag-pediatre","tag-solutions","generate-columns","tablet-grid-50","mobile-grid-100","grid-parent","grid-25"],"acf":[],"yoast_head":"<!-- This site is optimized with the Yoast SEO Premium plugin v21.3 (Yoast SEO v27.3) - https:\/\/yoast.com\/product\/yoast-seo-premium-wordpress\/ -->\n<title>Comprendre la t\u00eate en pain de sucre chez les b\u00e9b\u00e9s<\/title>\n<meta name=\"description\" content=\"Cette forme de t\u00eate, souvent d\u00e9crite comme allong\u00e9e et aplatie, peut inqui\u00e9ter. Pourtant, il est crucial de comprendre que ce ph\u00e9nom\u00e8ne est g\u00e9n\u00e9ralement\u2026\" \/>\n<meta name=\"robots\" content=\"index, follow, max-snippet:-1, max-image-preview:large, max-video-preview:-1\" \/>\n<link rel=\"canonical\" href=\"https:\/\/bart-et-lemy.com\/blog\/a-la-une\/comprendre-la-tete-en-pain-de-sucre-chez-les-bebes-causes-et-solutions\/\" \/>\n<meta property=\"og:locale\" content=\"fr_FR\" \/>\n<meta property=\"og:type\" content=\"article\" \/>\n<meta property=\"og:title\" content=\"Comprendre la t\u00eate en pain de sucre chez les b\u00e9b\u00e9s\" \/>\n<meta property=\"og:description\" content=\"Cette forme de t\u00eate, souvent d\u00e9crite comme allong\u00e9e et aplatie, peut inqui\u00e9ter. Pourtant, il est crucial de comprendre que ce ph\u00e9nom\u00e8ne est g\u00e9n\u00e9ralement\u2026\" \/>\n<meta property=\"og:url\" content=\"https:\/\/bart-et-lemy.com\/blog\/a-la-une\/comprendre-la-tete-en-pain-de-sucre-chez-les-bebes-causes-et-solutions\/\" \/>\n<meta property=\"og:site_name\" content=\"bart-et-lemy.com\" \/>\n<meta property=\"og:image\" content=\"https:\/\/bart-et-lemy.com\/blog\/wp-content\/uploads\/2025\/05\/sdxl-eff6354b76b1b80ad452070e20ae66b4-scaled.png\" \/>\n\t<meta property=\"og:image:width\" content=\"1200\" \/>\n\t<meta property=\"og:image:height\" content=\"500\" \/>\n\t<meta property=\"og:image:type\" content=\"image\/png\" \/>\n<meta name=\"author\" content=\"Elodie Mazeau\" \/>\n<meta name=\"twitter:card\" content=\"summary_large_image\" \/>\n<script type=\"application\/ld+json\" class=\"yoast-schema-graph\">{\"@context\":\"https:\\\/\\\/schema.org\",\"@graph\":[{\"@type\":\"NewsArticle\",\"@id\":\"https:\\\/\\\/bart-et-lemy.com\\\/blog\\\/a-la-une\\\/comprendre-la-tete-en-pain-de-sucre-chez-les-bebes-causes-et-solutions\\\/#article\",\"isPartOf\":{\"@id\":\"https:\\\/\\\/bart-et-lemy.com\\\/blog\\\/a-la-une\\\/comprendre-la-tete-en-pain-de-sucre-chez-les-bebes-causes-et-solutions\\\/\"},\"author\":{\"name\":\"Elodie Mazeau\",\"@id\":\"https:\\\/\\\/bart-et-lemy.com\\\/blog\\\/#\\\/schema\\\/person\\\/3c864cdc320801e3db34b663e7e3f816\"},\"headline\":\"Comprendre la t\u00eate en pain de sucre chez les b\u00e9b\u00e9s : causes et solutions\",\"datePublished\":\"2025-04-18T17:59:00+00:00\",\"mainEntityOfPage\":{\"@id\":\"https:\\\/\\\/bart-et-lemy.com\\\/blog\\\/a-la-une\\\/comprendre-la-tete-en-pain-de-sucre-chez-les-bebes-causes-et-solutions\\\/\"},\"wordCount\":674,\"commentCount\":30,\"publisher\":{\"@id\":\"https:\\\/\\\/bart-et-lemy.com\\\/blog\\\/#organization\"},\"image\":{\"@id\":\"https:\\\/\\\/bart-et-lemy.com\\\/blog\\\/a-la-une\\\/comprendre-la-tete-en-pain-de-sucre-chez-les-bebes-causes-et-solutions\\\/#primaryimage\"},\"thumbnailUrl\":\"https:\\\/\\\/bart-et-lemy.com\\\/blog\\\/wp-content\\\/uploads\\\/2025\\\/05\\\/sdxl-eff6354b76b1b80ad452070e20ae66b4-scaled.png\",\"keywords\":[\"B\u00e9b\u00e9\",\"Conseils\",\"D\u00e9formation\",\"D\u00e9veloppement\",\"P\u00e9diatre\",\"Solutions\"],\"articleSection\":[\"\u00c0 la une\"],\"inLanguage\":\"fr-FR\",\"potentialAction\":[{\"@type\":\"CommentAction\",\"name\":\"Comment\",\"target\":[\"https:\\\/\\\/bart-et-lemy.com\\\/blog\\\/a-la-une\\\/comprendre-la-tete-en-pain-de-sucre-chez-les-bebes-causes-et-solutions\\\/#respond\"]}]},{\"@type\":\"WebPage\",\"@id\":\"https:\\\/\\\/bart-et-lemy.com\\\/blog\\\/a-la-une\\\/comprendre-la-tete-en-pain-de-sucre-chez-les-bebes-causes-et-solutions\\\/\",\"url\":\"https:\\\/\\\/bart-et-lemy.com\\\/blog\\\/a-la-une\\\/comprendre-la-tete-en-pain-de-sucre-chez-les-bebes-causes-et-solutions\\\/\",\"name\":\"Comprendre la t\u00eate en pain de sucre chez les b\u00e9b\u00e9s\",\"isPartOf\":{\"@id\":\"https:\\\/\\\/bart-et-lemy.com\\\/blog\\\/#website\"},\"primaryImageOfPage\":{\"@id\":\"https:\\\/\\\/bart-et-lemy.com\\\/blog\\\/a-la-une\\\/comprendre-la-tete-en-pain-de-sucre-chez-les-bebes-causes-et-solutions\\\/#primaryimage\"},\"image\":{\"@id\":\"https:\\\/\\\/bart-et-lemy.com\\\/blog\\\/a-la-une\\\/comprendre-la-tete-en-pain-de-sucre-chez-les-bebes-causes-et-solutions\\\/#primaryimage\"},\"thumbnailUrl\":\"https:\\\/\\\/bart-et-lemy.com\\\/blog\\\/wp-content\\\/uploads\\\/2025\\\/05\\\/sdxl-eff6354b76b1b80ad452070e20ae66b4-scaled.png\",\"datePublished\":\"2025-04-18T17:59:00+00:00\",\"description\":\"Cette forme de t\u00eate, souvent d\u00e9crite comme allong\u00e9e et aplatie, peut inqui\u00e9ter. Pourtant, il est crucial de comprendre que ce ph\u00e9nom\u00e8ne est g\u00e9n\u00e9ralement\u2026\",\"inLanguage\":\"fr-FR\",\"potentialAction\":[{\"@type\":\"ReadAction\",\"target\":[\"https:\\\/\\\/bart-et-lemy.com\\\/blog\\\/a-la-une\\\/comprendre-la-tete-en-pain-de-sucre-chez-les-bebes-causes-et-solutions\\\/\"]}]},{\"@type\":\"ImageObject\",\"inLanguage\":\"fr-FR\",\"@id\":\"https:\\\/\\\/bart-et-lemy.com\\\/blog\\\/a-la-une\\\/comprendre-la-tete-en-pain-de-sucre-chez-les-bebes-causes-et-solutions\\\/#primaryimage\",\"url\":\"https:\\\/\\\/bart-et-lemy.com\\\/blog\\\/wp-content\\\/uploads\\\/2025\\\/05\\\/sdxl-eff6354b76b1b80ad452070e20ae66b4-scaled.png\",\"contentUrl\":\"https:\\\/\\\/bart-et-lemy.com\\\/blog\\\/wp-content\\\/uploads\\\/2025\\\/05\\\/sdxl-eff6354b76b1b80ad452070e20ae66b4-scaled.png\",\"width\":1200,\"height\":500},{\"@type\":\"WebSite\",\"@id\":\"https:\\\/\\\/bart-et-lemy.com\\\/blog\\\/#website\",\"url\":\"https:\\\/\\\/bart-et-lemy.com\\\/blog\\\/\",\"name\":\"Bart et Lemy\",\"description\":\"L\u2019originalit\u00e9 en toute libert\u00e9.\",\"publisher\":{\"@id\":\"https:\\\/\\\/bart-et-lemy.com\\\/blog\\\/#organization\"},\"alternateName\":\"Conseils parentaux, astuces famille et bien-\u00eatre enfant\",\"potentialAction\":[{\"@type\":\"SearchAction\",\"target\":{\"@type\":\"EntryPoint\",\"urlTemplate\":\"https:\\\/\\\/bart-et-lemy.com\\\/blog\\\/?s={search_term_string}\"},\"query-input\":{\"@type\":\"PropertyValueSpecification\",\"valueRequired\":true,\"valueName\":\"search_term_string\"}}],\"inLanguage\":\"fr-FR\"},{\"@type\":\"Organization\",\"@id\":\"https:\\\/\\\/bart-et-lemy.com\\\/blog\\\/#organization\",\"name\":\"Bart et Lemy\",\"alternateName\":\"bart-et-lemy.com\",\"url\":\"https:\\\/\\\/bart-et-lemy.com\\\/blog\\\/\",\"logo\":{\"@type\":\"ImageObject\",\"inLanguage\":\"fr-FR\",\"@id\":\"https:\\\/\\\/bart-et-lemy.com\\\/blog\\\/#\\\/schema\\\/logo\\\/image\\\/\",\"url\":\"https:\\\/\\\/bart-et-lemy.com\\\/blog\\\/wp-content\\\/uploads\\\/2026\\\/07\\\/logo-auto.png\",\"contentUrl\":\"https:\\\/\\\/bart-et-lemy.com\\\/blog\\\/wp-content\\\/uploads\\\/2026\\\/07\\\/logo-auto.png\",\"width\":1024,\"height\":1024,\"caption\":\"Bart et Lemy\"},\"image\":{\"@id\":\"https:\\\/\\\/bart-et-lemy.com\\\/blog\\\/#\\\/schema\\\/logo\\\/image\\\/\"}},{\"@type\":\"Person\",\"@id\":\"https:\\\/\\\/bart-et-lemy.com\\\/blog\\\/#\\\/schema\\\/person\\\/3c864cdc320801e3db34b663e7e3f816\",\"name\":\"Elodie Mazeau\",\"image\":{\"@type\":\"ImageObject\",\"inLanguage\":\"fr-FR\",\"@id\":\"https:\\\/\\\/bart-et-lemy.com\\\/blog\\\/wp-content\\\/uploads\\\/2026\\\/06\\\/persona_elodie-m-96x96.jpg\",\"url\":\"https:\\\/\\\/bart-et-lemy.com\\\/blog\\\/wp-content\\\/uploads\\\/2026\\\/06\\\/persona_elodie-m-96x96.jpg\",\"contentUrl\":\"https:\\\/\\\/bart-et-lemy.com\\\/blog\\\/wp-content\\\/uploads\\\/2026\\\/06\\\/persona_elodie-m-96x96.jpg\",\"caption\":\"Elodie Mazeau\"},\"description\":\"J'\u00e9cris sur la parentalit\u00e9 telle qu'elle se vit vraiment, du premier biberon aux premi\u00e8res col\u00e8res. Mes sujets de pr\u00e9dilection couvrent le quotidien des familles : sommeil, alimentation, organisation, pu\u00e9riculture et ces petites gal\u00e8res que tout parent conna\u00eet. Depuis plusieurs ann\u00e9es, je m'attache \u00e0 proposer des rep\u00e8res concrets plut\u00f4t que des le\u00e7ons, parce que chaque famille trouve son propre \u00e9quilibre. Je v\u00e9rifie mes informations aupr\u00e8s de sources fiables, surtout d\u00e8s qu'on touche \u00e0 la sant\u00e9 ou \u00e0 la s\u00e9curit\u00e9 de l'enfant, et je pr\u00e9cise quand un avis professionnel s'impose. J'\u00e9vite soigneusement la culpabilisation : \u00eatre parent est d\u00e9j\u00e0 assez exigeant. Mon ton se veut complice et bienveillant, un peu comme une discussion entre parents qui se comprennent. L'id\u00e9e est d'all\u00e9ger la charge mentale en donnant des solutions simples et test\u00e9es.\",\"sameAs\":[\"https:\\\/\\\/elodiemazeau.fr\\\/\"],\"url\":\"https:\\\/\\\/bart-et-lemy.com\\\/blog\\\/auteur\\\/noname\\\/\"}]}<\/script>\n<!-- \/ Yoast SEO Premium plugin. -->","yoast_head_json":{"title":"Comprendre la t\u00eate en pain de sucre chez les b\u00e9b\u00e9s","description":"Cette forme de t\u00eate, souvent d\u00e9crite comme allong\u00e9e et aplatie, peut inqui\u00e9ter. Pourtant, il est crucial de comprendre que ce ph\u00e9nom\u00e8ne est g\u00e9n\u00e9ralement\u2026","robots":{"index":"index","follow":"follow","max-snippet":"max-snippet:-1","max-image-preview":"max-image-preview:large","max-video-preview":"max-video-preview:-1"},"canonical":"https:\/\/bart-et-lemy.com\/blog\/a-la-une\/comprendre-la-tete-en-pain-de-sucre-chez-les-bebes-causes-et-solutions\/","og_locale":"fr_FR","og_type":"article","og_title":"Comprendre la t\u00eate en pain de sucre chez les b\u00e9b\u00e9s","og_description":"Cette forme de t\u00eate, souvent d\u00e9crite comme allong\u00e9e et aplatie, peut inqui\u00e9ter. Pourtant, il est crucial de comprendre que ce ph\u00e9nom\u00e8ne est g\u00e9n\u00e9ralement\u2026","og_url":"https:\/\/bart-et-lemy.com\/blog\/a-la-une\/comprendre-la-tete-en-pain-de-sucre-chez-les-bebes-causes-et-solutions\/","og_site_name":"bart-et-lemy.com","og_image":[{"width":1200,"height":500,"url":"https:\/\/bart-et-lemy.com\/blog\/wp-content\/uploads\/2025\/05\/sdxl-eff6354b76b1b80ad452070e20ae66b4-scaled.png","type":"image\/png"}],"author":"Elodie Mazeau","twitter_card":"summary_large_image","schema":{"@context":"https:\/\/schema.org","@graph":[{"@type":"NewsArticle","@id":"https:\/\/bart-et-lemy.com\/blog\/a-la-une\/comprendre-la-tete-en-pain-de-sucre-chez-les-bebes-causes-et-solutions\/#article","isPartOf":{"@id":"https:\/\/bart-et-lemy.com\/blog\/a-la-une\/comprendre-la-tete-en-pain-de-sucre-chez-les-bebes-causes-et-solutions\/"},"author":{"name":"Elodie Mazeau","@id":"https:\/\/bart-et-lemy.com\/blog\/#\/schema\/person\/3c864cdc320801e3db34b663e7e3f816"},"headline":"Comprendre la t\u00eate en pain de sucre chez les b\u00e9b\u00e9s : causes et solutions","datePublished":"2025-04-18T17:59:00+00:00","mainEntityOfPage":{"@id":"https:\/\/bart-et-lemy.com\/blog\/a-la-une\/comprendre-la-tete-en-pain-de-sucre-chez-les-bebes-causes-et-solutions\/"},"wordCount":674,"commentCount":30,"publisher":{"@id":"https:\/\/bart-et-lemy.com\/blog\/#organization"},"image":{"@id":"https:\/\/bart-et-lemy.com\/blog\/a-la-une\/comprendre-la-tete-en-pain-de-sucre-chez-les-bebes-causes-et-solutions\/#primaryimage"},"thumbnailUrl":"https:\/\/bart-et-lemy.com\/blog\/wp-content\/uploads\/2025\/05\/sdxl-eff6354b76b1b80ad452070e20ae66b4-scaled.png","keywords":["B\u00e9b\u00e9","Conseils","D\u00e9formation","D\u00e9veloppement","P\u00e9diatre","Solutions"],"articleSection":["\u00c0 la une"],"inLanguage":"fr-FR","potentialAction":[{"@type":"CommentAction","name":"Comment","target":["https:\/\/bart-et-lemy.com\/blog\/a-la-une\/comprendre-la-tete-en-pain-de-sucre-chez-les-bebes-causes-et-solutions\/#respond"]}]},{"@type":"WebPage","@id":"https:\/\/bart-et-lemy.com\/blog\/a-la-une\/comprendre-la-tete-en-pain-de-sucre-chez-les-bebes-causes-et-solutions\/","url":"https:\/\/bart-et-lemy.com\/blog\/a-la-une\/comprendre-la-tete-en-pain-de-sucre-chez-les-bebes-causes-et-solutions\/","name":"Comprendre la t\u00eate en pain de sucre chez les b\u00e9b\u00e9s","isPartOf":{"@id":"https:\/\/bart-et-lemy.com\/blog\/#website"},"primaryImageOfPage":{"@id":"https:\/\/bart-et-lemy.com\/blog\/a-la-une\/comprendre-la-tete-en-pain-de-sucre-chez-les-bebes-causes-et-solutions\/#primaryimage"},"image":{"@id":"https:\/\/bart-et-lemy.com\/blog\/a-la-une\/comprendre-la-tete-en-pain-de-sucre-chez-les-bebes-causes-et-solutions\/#primaryimage"},"thumbnailUrl":"https:\/\/bart-et-lemy.com\/blog\/wp-content\/uploads\/2025\/05\/sdxl-eff6354b76b1b80ad452070e20ae66b4-scaled.png","datePublished":"2025-04-18T17:59:00+00:00","description":"Cette forme de t\u00eate, souvent d\u00e9crite comme allong\u00e9e et aplatie, peut inqui\u00e9ter. Pourtant, il est crucial de comprendre que ce ph\u00e9nom\u00e8ne est g\u00e9n\u00e9ralement\u2026","inLanguage":"fr-FR","potentialAction":[{"@type":"ReadAction","target":["https:\/\/bart-et-lemy.com\/blog\/a-la-une\/comprendre-la-tete-en-pain-de-sucre-chez-les-bebes-causes-et-solutions\/"]}]},{"@type":"ImageObject","inLanguage":"fr-FR","@id":"https:\/\/bart-et-lemy.com\/blog\/a-la-une\/comprendre-la-tete-en-pain-de-sucre-chez-les-bebes-causes-et-solutions\/#primaryimage","url":"https:\/\/bart-et-lemy.com\/blog\/wp-content\/uploads\/2025\/05\/sdxl-eff6354b76b1b80ad452070e20ae66b4-scaled.png","contentUrl":"https:\/\/bart-et-lemy.com\/blog\/wp-content\/uploads\/2025\/05\/sdxl-eff6354b76b1b80ad452070e20ae66b4-scaled.png","width":1200,"height":500},{"@type":"WebSite","@id":"https:\/\/bart-et-lemy.com\/blog\/#website","url":"https:\/\/bart-et-lemy.com\/blog\/","name":"Bart et Lemy","description":"L\u2019originalit\u00e9 en toute libert\u00e9.","publisher":{"@id":"https:\/\/bart-et-lemy.com\/blog\/#organization"},"alternateName":"Conseils parentaux, astuces famille et bien-\u00eatre enfant","potentialAction":[{"@type":"SearchAction","target":{"@type":"EntryPoint","urlTemplate":"https:\/\/bart-et-lemy.com\/blog\/?s={search_term_string}"},"query-input":{"@type":"PropertyValueSpecification","valueRequired":true,"valueName":"search_term_string"}}],"inLanguage":"fr-FR"},{"@type":"Organization","@id":"https:\/\/bart-et-lemy.com\/blog\/#organization","name":"Bart et Lemy","alternateName":"bart-et-lemy.com","url":"https:\/\/bart-et-lemy.com\/blog\/","logo":{"@type":"ImageObject","inLanguage":"fr-FR","@id":"https:\/\/bart-et-lemy.com\/blog\/#\/schema\/logo\/image\/","url":"https:\/\/bart-et-lemy.com\/blog\/wp-content\/uploads\/2026\/07\/logo-auto.png","contentUrl":"https:\/\/bart-et-lemy.com\/blog\/wp-content\/uploads\/2026\/07\/logo-auto.png","width":1024,"height":1024,"caption":"Bart et Lemy"},"image":{"@id":"https:\/\/bart-et-lemy.com\/blog\/#\/schema\/logo\/image\/"}},{"@type":"Person","@id":"https:\/\/bart-et-lemy.com\/blog\/#\/schema\/person\/3c864cdc320801e3db34b663e7e3f816","name":"Elodie Mazeau","image":{"@type":"ImageObject","inLanguage":"fr-FR","@id":"https:\/\/bart-et-lemy.com\/blog\/wp-content\/uploads\/2026\/06\/persona_elodie-m-96x96.jpg","url":"https:\/\/bart-et-lemy.com\/blog\/wp-content\/uploads\/2026\/06\/persona_elodie-m-96x96.jpg","contentUrl":"https:\/\/bart-et-lemy.com\/blog\/wp-content\/uploads\/2026\/06\/persona_elodie-m-96x96.jpg","caption":"Elodie Mazeau"},"description":"J'\u00e9cris sur la parentalit\u00e9 telle qu'elle se vit vraiment, du premier biberon aux premi\u00e8res col\u00e8res. Mes sujets de pr\u00e9dilection couvrent le quotidien des familles : sommeil, alimentation, organisation, pu\u00e9riculture et ces petites gal\u00e8res que tout parent conna\u00eet. Depuis plusieurs ann\u00e9es, je m'attache \u00e0 proposer des rep\u00e8res concrets plut\u00f4t que des le\u00e7ons, parce que chaque famille trouve son propre \u00e9quilibre. Je v\u00e9rifie mes informations aupr\u00e8s de sources fiables, surtout d\u00e8s qu'on touche \u00e0 la sant\u00e9 ou \u00e0 la s\u00e9curit\u00e9 de l'enfant, et je pr\u00e9cise quand un avis professionnel s'impose. J'\u00e9vite soigneusement la culpabilisation : \u00eatre parent est d\u00e9j\u00e0 assez exigeant. Mon ton se veut complice et bienveillant, un peu comme une discussion entre parents qui se comprennent. L'id\u00e9e est d'all\u00e9ger la charge mentale en donnant des solutions simples et test\u00e9es.","sameAs":["https:\/\/elodiemazeau.fr\/"],"url":"https:\/\/bart-et-lemy.com\/blog\/auteur\/noname\/"}]}},"_links":{"self":[{"href":"https:\/\/bart-et-lemy.com\/blog\/wp-json\/wp\/v2\/posts\/9225","targetHints":{"allow":["GET"]}}],"collection":[{"href":"https:\/\/bart-et-lemy.com\/blog\/wp-json\/wp\/v2\/posts"}],"about":[{"href":"https:\/\/bart-et-lemy.com\/blog\/wp-json\/wp\/v2\/types\/post"}],"author":[{"embeddable":true,"href":"https:\/\/bart-et-lemy.com\/blog\/wp-json\/wp\/v2\/users\/34"}],"replies":[{"embeddable":true,"href":"https:\/\/bart-et-lemy.com\/blog\/wp-json\/wp\/v2\/comments?post=9225"}],"version-history":[{"count":1,"href":"https:\/\/bart-et-lemy.com\/blog\/wp-json\/wp\/v2\/posts\/9225\/revisions"}],"predecessor-version":[{"id":10543,"href":"https:\/\/bart-et-lemy.com\/blog\/wp-json\/wp\/v2\/posts\/9225\/revisions\/10543"}],"wp:featuredmedia":[{"embeddable":true,"href":"https:\/\/bart-et-lemy.com\/blog\/wp-json\/wp\/v2\/media\/10819"}],"wp:attachment":[{"href":"https:\/\/bart-et-lemy.com\/blog\/wp-json\/wp\/v2\/media?parent=9225"}],"wp:term":[{"taxonomy":"category","embeddable":true,"href":"https:\/\/bart-et-lemy.com\/blog\/wp-json\/wp\/v2\/categories?post=9225"},{"taxonomy":"post_tag","embeddable":true,"href":"https:\/\/bart-et-lemy.com\/blog\/wp-json\/wp\/v2\/tags?post=9225"}],"curies":[{"name":"wp","href":"https:\/\/api.w.org\/{rel}","templated":true}]}}