{"id":9230,"date":"2025-04-23T17:59:00","date_gmt":"2025-04-23T15:59:00","guid":{"rendered":"https:\/\/bart-et-lemy.com\/blog\/?p=9230"},"modified":"2025-02-11T18:38:41","modified_gmt":"2025-02-11T17:38:41","slug":"salon-du-bebe-a-lyon-decouvrez-les-tendances-et-innovations","status":"publish","type":"post","link":"https:\/\/bart-et-lemy.com\/blog\/a-la-une\/salon-du-bebe-a-lyon-decouvrez-les-tendances-et-innovations\/","title":{"rendered":"Salon du B\u00e9b\u00e9 \u00e0 Lyon : D\u00e9couvrez les Tendances et Innovations"},"content":{"rendered":"<p>Que vous soyez \u00e0 la recherche de conseils, d&rsquo;articles de pu\u00e9riculture ou simplement d&rsquo;inspiration, ce salon vous propose un univers riche et vari\u00e9. Pourquoi cet \u00e9v\u00e9nement est-il si pris\u00e9 ? Explorons ensemble ce qui fait du Salon du B\u00e9b\u00e9 un moment privil\u00e9gi\u00e9 dans le calendrier des familles.<\/p>\n<h2>Qu&rsquo;est-ce que le Salon du B\u00e9b\u00e9 ?<\/h2>\n<p>Le Salon du B\u00e9b\u00e9 est un \u00e9v\u00e9nement sp\u00e9cialement con\u00e7u pour les parents, les futurs parents, ainsi que les professionnels de la pu\u00e9riculture. Ce salon se d\u00e9roule chaque ann\u00e9e \u00e0 Lyon et attire un large public gr\u00e2ce \u00e0 ses exposants vari\u00e9s et ses multiples activit\u00e9s. Les visiteurs peuvent y d\u00e9couvrir des produits innovants, assister \u00e0 des conf\u00e9rences anim\u00e9es par des experts et profiter de conseils pratiques sur la parentalit\u00e9.<\/p>\n<p>En 2023, le salon mettra en avant les derni\u00e8res tendances en mati\u00e8re de pu\u00e9riculture, avec des d\u00e9monstrations de produits, des ateliers interactifs et des animations pour les enfants. Ce cadre convivial permet aux parents de se rencontrer, d\u2019\u00e9changer et de partager leurs exp\u00e9riences dans un environnement bienveillant.<\/p>\n<blockquote class=\"wp-embedded-content\" data-secret=\"DfAPHYHueI\"><p><a href=\"https:\/\/bart-et-lemy.com\/blog\/a-la-une\/comprendre-pourquoi-votre-bebe-se-bouche-les-oreilles-causes-et-solutions\/\">Comprendre pourquoi votre b\u00e9b\u00e9 se bouche les oreilles : Causes et solutions<\/a><\/p><\/blockquote>\n<p><iframe loading=\"lazy\" class=\"wp-embedded-content\" sandbox=\"allow-scripts\" security=\"restricted\" style=\"position: absolute; visibility: hidden;\" title=\"\u00ab\u00a0Comprendre pourquoi votre b\u00e9b\u00e9 se bouche les oreilles : Causes et solutions\u00a0\u00bb &#8212; bart-et-lemy.com\" src=\"https:\/\/bart-et-lemy.com\/blog\/a-la-une\/comprendre-pourquoi-votre-bebe-se-bouche-les-oreilles-causes-et-solutions\/embed\/#?secret=If1zC4o9pq#?secret=DfAPHYHueI\" data-secret=\"DfAPHYHueI\" width=\"600\" height=\"338\" frameborder=\"0\" marginwidth=\"0\" marginheight=\"0\" scrolling=\"no\"><\/iframe><\/p>\n<h2>Les activit\u00e9s \u00e0 ne pas manquer<\/h2>\n<ul>\n<li><strong>D\u00e9monstrations de produits :<\/strong> Assistez \u00e0 des d\u00e9monstrations en direct des derniers articles de pu\u00e9riculture, du mat\u00e9riel de s\u00e9curit\u00e9 aux v\u00eatements pour b\u00e9b\u00e9s.<\/li>\n<li><strong>Ateliers pratiques :<\/strong> Participez \u00e0 des ateliers sur des sujets vari\u00e9s comme l\u2019allaitement, le portage ou la nutrition des tout-petits.<\/li>\n<li><strong>Conf\u00e9rences d&rsquo;experts :<\/strong> \u00c9coutez des professionnels de la sant\u00e9, de la psychologie et de l&rsquo;\u00e9ducation partager leurs connaissances.<\/li>\n<\/ul>\n<p>Les activit\u00e9s propos\u00e9es sont con\u00e7ues pour enrichir l&rsquo;exp\u00e9rience des visiteurs et leur donner des outils concrets pour naviguer dans le monde de la parentalit\u00e9. Que vous soyez en qu\u00eate d\u2019informations sur les produits ou d&rsquo;astuces pour le quotidien, il y a forc\u00e9ment quelque chose pour vous.<\/p>\n<h2>Pourquoi visiter le Salon du B\u00e9b\u00e9 \u00e0 Lyon ?<\/h2>\n<p>Visiter le Salon du B\u00e9b\u00e9 \u00e0 Lyon offre plusieurs avantages ind\u00e9niables. C&rsquo;est l&rsquo;occasion de d\u00e9couvrir un large \u00e9ventail de produits et services adapt\u00e9s \u00e0 vos besoins, tout en b\u00e9n\u00e9ficiant de conseils d&rsquo;experts. Les parents peuvent ainsi comparer facilement les diff\u00e9rentes options disponibles sur le march\u00e9.<\/p>\n<blockquote>\n<p>\u201cLe Salon du B\u00e9b\u00e9 est un v\u00e9ritable carrefour d&rsquo;\u00e9changes et de d\u00e9couvertes, o\u00f9 chaque parent peut trouver des solutions adapt\u00e9es \u00e0 sa situation.\u201d<\/p>\n<blockquote class=\"wp-embedded-content\" data-secret=\"kdqiXhmQa3\"><p><a href=\"https:\/\/bart-et-lemy.com\/blog\/a-la-une\/le-lien-precieux-entre-bebe-et-maman-une-aventure-unique\/\">Le lien pr\u00e9cieux entre b\u00e9b\u00e9 et maman : une aventure unique<\/a><\/p><\/blockquote>\n<p><iframe loading=\"lazy\" class=\"wp-embedded-content\" sandbox=\"allow-scripts\" security=\"restricted\" style=\"position: absolute; visibility: hidden;\" title=\"\u00ab\u00a0Le lien pr\u00e9cieux entre b\u00e9b\u00e9 et maman : une aventure unique\u00a0\u00bb &#8212; bart-et-lemy.com\" src=\"https:\/\/bart-et-lemy.com\/blog\/a-la-une\/le-lien-precieux-entre-bebe-et-maman-une-aventure-unique\/embed\/#?secret=JZdPEmrIPa#?secret=kdqiXhmQa3\" data-secret=\"kdqiXhmQa3\" width=\"600\" height=\"338\" frameborder=\"0\" marginwidth=\"0\" marginheight=\"0\" scrolling=\"no\"><\/iframe><\/p>\n<\/blockquote>\n<p>En plus des produits, le salon favorise les \u00e9changes entre parents. Ces moments de partage font souvent na\u00eetre des amiti\u00e9s et permettent de cr\u00e9er un r\u00e9seau de soutien, essentiel dans les premi\u00e8res \u00e9tapes de la parentalit\u00e9.<\/p>\n<h2>Comment bien pr\u00e9parer sa visite ?<\/h2>\n<p>Pour profiter pleinement du Salon du B\u00e9b\u00e9, voici quelques conseils pratiques :<\/p>\n<ul>\n<li><strong>Planifiez votre visite :<\/strong> Consultez le programme \u00e0 l&rsquo;avance pour ne pas manquer les activit\u00e9s qui vous int\u00e9ressent.<\/li>\n<li><strong>Apportez une liste :<\/strong> Dressez une liste des produits que vous souhaitez d\u00e9couvrir ou acheter.<\/li>\n<li><strong>Pr\u00e9voyez un budget :<\/strong> Fixez-vous un budget pour vos achats afin de ne pas d\u00e9passer vos limites.<\/li>\n<\/ul>\n<p>En suivant ces conseils, vous maximiserez votre exp\u00e9rience et vous en repartirez avec des informations pr\u00e9cieuses et des produits adapt\u00e9s \u00e0 vos besoins.<\/p>\n<h3>FAQ :<\/h3>\n<blockquote>\n<ul>\n<li><strong>Quand se d\u00e9roule le Salon du B\u00e9b\u00e9 \u00e0 Lyon ?<\/strong>Cela se tient g\u00e9n\u00e9ralement en automne. Consultez le site officiel pour les dates pr\u00e9cises.<\/li>\n<li><strong>Quel est le prix d&rsquo;entr\u00e9e au salon ?<\/strong>Le prix d&rsquo;entr\u00e9e varie, mais des r\u00e9ductions sont souvent disponibles pour les familles.<\/li>\n<li><strong>Y a-t-il des animations pour les enfants ?<\/strong>Oui, le salon propose diverses animations pour divertir les enfants pendant que les parents explorent.<\/li>\n<li><strong>Faut-il s&rsquo;inscrire \u00e0 l&rsquo;avance ?<\/strong>Il est conseill\u00e9 de s&rsquo;inscrire en ligne pour \u00e9viter les files d&rsquo;attente.<\/li>\n<\/ul>\n<\/blockquote>\n<h2>Conclusion<\/h2>\n<p>Le Salon du B\u00e9b\u00e9 \u00e0 Lyon repr\u00e9sente une excellente opportunit\u00e9 pour tous les parents et futurs parents de d\u00e9couvrir les derni\u00e8res tendances et innovations en mati\u00e8re de pu\u00e9riculture. Profitez de cet \u00e9v\u00e9nement pour vous informer, \u00e9changer et vous inspirer dans votre parcours parental. N&rsquo;oubliez pas de vous pr\u00e9parer en amont pour vivre une exp\u00e9rience enrichissante et m\u00e9morable.<\/p>\n<table>\n<tr>\n<th>Activit\u00e9s<\/th>\n<th>Description<\/th>\n<th>Public concern\u00e9<\/th>\n<\/tr>\n<tr>\n<td>D\u00e9monstrations<\/td>\n<td>Essais de produits en direct<\/td>\n<td>Tous les visiteurs<\/td>\n<\/tr>\n<tr>\n<td>Ateliers pratiques<\/td>\n<td>Conseils sur la parentalit\u00e9<\/td>\n<td>Futurs et jeunes parents<\/td>\n<\/tr>\n<tr>\n<td>Conf\u00e9rences<\/td>\n<td>Interventions d&rsquo;experts<\/td>\n<td>Parents et professionnels<\/td>\n<\/tr>\n<\/table>\n","protected":false},"excerpt":{"rendered":"","protected":false},"author":34,"featured_media":11176,"comment_status":"open","ping_status":"open","sticky":false,"template":"","format":"standard","meta":{"_acf_changed":false,"manual_indexmenow":false,"indexmenow_id_project":0,"footnotes":""},"categories":[1],"tags":[6258,6449,5357,4586,4562,4814],"class_list":["post-9230","post","type-post","status-publish","format-standard","has-post-thumbnail","hentry","category-a-la-une","tag-ateliers-pratiques","tag-conferences-dexperts","tag-lyon","tag-parentalite","tag-puericulture","tag-salon-du-bebe","generate-columns","tablet-grid-50","mobile-grid-100","grid-parent","grid-25"],"acf":[],"yoast_head":"<!-- This site is optimized with the Yoast SEO Premium plugin v21.3 (Yoast SEO v27.3) - https:\/\/yoast.com\/product\/yoast-seo-premium-wordpress\/ -->\n<title>Salon du B\u00e9b\u00e9 \u00e0 Lyon<\/title>\n<meta name=\"description\" content=\"Que vous soyez \u00e0 la recherche de conseils, d&#039;articles de pu\u00e9riculture ou simplement d&#039;inspiration, ce salon vous propose un univers riche et vari\u00e9.\" \/>\n<meta name=\"robots\" content=\"index, follow, max-snippet:-1, max-image-preview:large, max-video-preview:-1\" \/>\n<link rel=\"canonical\" href=\"https:\/\/bart-et-lemy.com\/blog\/a-la-une\/salon-du-bebe-a-lyon-decouvrez-les-tendances-et-innovations\/\" \/>\n<meta property=\"og:locale\" content=\"fr_FR\" \/>\n<meta property=\"og:type\" content=\"article\" \/>\n<meta property=\"og:title\" content=\"Salon du B\u00e9b\u00e9 \u00e0 Lyon\" \/>\n<meta property=\"og:description\" content=\"Que vous soyez \u00e0 la recherche de conseils, d&#039;articles de pu\u00e9riculture ou simplement d&#039;inspiration, ce salon vous propose un univers riche et vari\u00e9.\" \/>\n<meta property=\"og:url\" content=\"https:\/\/bart-et-lemy.com\/blog\/a-la-une\/salon-du-bebe-a-lyon-decouvrez-les-tendances-et-innovations\/\" \/>\n<meta property=\"og:site_name\" content=\"bart-et-lemy.com\" \/>\n<meta property=\"og:image\" content=\"https:\/\/bart-et-lemy.com\/blog\/wp-content\/uploads\/2025\/05\/sdxl-dd6d751b5daf48096e3ee67eb5aa8aec-scaled.png\" \/>\n\t<meta property=\"og:image:width\" content=\"1200\" \/>\n\t<meta property=\"og:image:height\" content=\"500\" \/>\n\t<meta property=\"og:image:type\" content=\"image\/png\" \/>\n<meta name=\"author\" content=\"Elodie Mazeau\" \/>\n<meta name=\"twitter:card\" content=\"summary_large_image\" \/>\n<script type=\"application\/ld+json\" class=\"yoast-schema-graph\">{\"@context\":\"https:\\\/\\\/schema.org\",\"@graph\":[{\"@type\":\"NewsArticle\",\"@id\":\"https:\\\/\\\/bart-et-lemy.com\\\/blog\\\/a-la-une\\\/salon-du-bebe-a-lyon-decouvrez-les-tendances-et-innovations\\\/#article\",\"isPartOf\":{\"@id\":\"https:\\\/\\\/bart-et-lemy.com\\\/blog\\\/a-la-une\\\/salon-du-bebe-a-lyon-decouvrez-les-tendances-et-innovations\\\/\"},\"author\":{\"name\":\"Elodie Mazeau\",\"@id\":\"https:\\\/\\\/bart-et-lemy.com\\\/blog\\\/#\\\/schema\\\/person\\\/3c864cdc320801e3db34b663e7e3f816\"},\"headline\":\"Salon du B\u00e9b\u00e9 \u00e0 Lyon : D\u00e9couvrez les Tendances et Innovations\",\"datePublished\":\"2025-04-23T15:59:00+00:00\",\"mainEntityOfPage\":{\"@id\":\"https:\\\/\\\/bart-et-lemy.com\\\/blog\\\/a-la-une\\\/salon-du-bebe-a-lyon-decouvrez-les-tendances-et-innovations\\\/\"},\"wordCount\":761,\"commentCount\":26,\"publisher\":{\"@id\":\"https:\\\/\\\/bart-et-lemy.com\\\/blog\\\/#organization\"},\"image\":{\"@id\":\"https:\\\/\\\/bart-et-lemy.com\\\/blog\\\/a-la-une\\\/salon-du-bebe-a-lyon-decouvrez-les-tendances-et-innovations\\\/#primaryimage\"},\"thumbnailUrl\":\"https:\\\/\\\/bart-et-lemy.com\\\/blog\\\/wp-content\\\/uploads\\\/2025\\\/05\\\/sdxl-dd6d751b5daf48096e3ee67eb5aa8aec-scaled.png\",\"keywords\":[\"Ateliers Pratiques\",\"Conf\u00e9rences d'experts\",\"Lyon\",\"Parentalit\u00e9\",\"Pu\u00e9riculture\",\"Salon du B\u00e9b\u00e9\"],\"articleSection\":[\"\u00c0 la une\"],\"inLanguage\":\"fr-FR\",\"potentialAction\":[{\"@type\":\"CommentAction\",\"name\":\"Comment\",\"target\":[\"https:\\\/\\\/bart-et-lemy.com\\\/blog\\\/a-la-une\\\/salon-du-bebe-a-lyon-decouvrez-les-tendances-et-innovations\\\/#respond\"]}]},{\"@type\":\"WebPage\",\"@id\":\"https:\\\/\\\/bart-et-lemy.com\\\/blog\\\/a-la-une\\\/salon-du-bebe-a-lyon-decouvrez-les-tendances-et-innovations\\\/\",\"url\":\"https:\\\/\\\/bart-et-lemy.com\\\/blog\\\/a-la-une\\\/salon-du-bebe-a-lyon-decouvrez-les-tendances-et-innovations\\\/\",\"name\":\"Salon du B\u00e9b\u00e9 \u00e0 Lyon\",\"isPartOf\":{\"@id\":\"https:\\\/\\\/bart-et-lemy.com\\\/blog\\\/#website\"},\"primaryImageOfPage\":{\"@id\":\"https:\\\/\\\/bart-et-lemy.com\\\/blog\\\/a-la-une\\\/salon-du-bebe-a-lyon-decouvrez-les-tendances-et-innovations\\\/#primaryimage\"},\"image\":{\"@id\":\"https:\\\/\\\/bart-et-lemy.com\\\/blog\\\/a-la-une\\\/salon-du-bebe-a-lyon-decouvrez-les-tendances-et-innovations\\\/#primaryimage\"},\"thumbnailUrl\":\"https:\\\/\\\/bart-et-lemy.com\\\/blog\\\/wp-content\\\/uploads\\\/2025\\\/05\\\/sdxl-dd6d751b5daf48096e3ee67eb5aa8aec-scaled.png\",\"datePublished\":\"2025-04-23T15:59:00+00:00\",\"description\":\"Que vous soyez \u00e0 la recherche de conseils, d'articles de pu\u00e9riculture ou simplement d'inspiration, ce salon vous propose un univers riche et vari\u00e9.\",\"inLanguage\":\"fr-FR\",\"potentialAction\":[{\"@type\":\"ReadAction\",\"target\":[\"https:\\\/\\\/bart-et-lemy.com\\\/blog\\\/a-la-une\\\/salon-du-bebe-a-lyon-decouvrez-les-tendances-et-innovations\\\/\"]}]},{\"@type\":\"ImageObject\",\"inLanguage\":\"fr-FR\",\"@id\":\"https:\\\/\\\/bart-et-lemy.com\\\/blog\\\/a-la-une\\\/salon-du-bebe-a-lyon-decouvrez-les-tendances-et-innovations\\\/#primaryimage\",\"url\":\"https:\\\/\\\/bart-et-lemy.com\\\/blog\\\/wp-content\\\/uploads\\\/2025\\\/05\\\/sdxl-dd6d751b5daf48096e3ee67eb5aa8aec-scaled.png\",\"contentUrl\":\"https:\\\/\\\/bart-et-lemy.com\\\/blog\\\/wp-content\\\/uploads\\\/2025\\\/05\\\/sdxl-dd6d751b5daf48096e3ee67eb5aa8aec-scaled.png\",\"width\":1200,\"height\":500},{\"@type\":\"WebSite\",\"@id\":\"https:\\\/\\\/bart-et-lemy.com\\\/blog\\\/#website\",\"url\":\"https:\\\/\\\/bart-et-lemy.com\\\/blog\\\/\",\"name\":\"Bart et Lemy\",\"description\":\"L\u2019originalit\u00e9 en toute libert\u00e9.\",\"publisher\":{\"@id\":\"https:\\\/\\\/bart-et-lemy.com\\\/blog\\\/#organization\"},\"alternateName\":\"Conseils parentaux, astuces famille et bien-\u00eatre enfant\",\"potentialAction\":[{\"@type\":\"SearchAction\",\"target\":{\"@type\":\"EntryPoint\",\"urlTemplate\":\"https:\\\/\\\/bart-et-lemy.com\\\/blog\\\/?s={search_term_string}\"},\"query-input\":{\"@type\":\"PropertyValueSpecification\",\"valueRequired\":true,\"valueName\":\"search_term_string\"}}],\"inLanguage\":\"fr-FR\"},{\"@type\":\"Organization\",\"@id\":\"https:\\\/\\\/bart-et-lemy.com\\\/blog\\\/#organization\",\"name\":\"Bart et Lemy\",\"alternateName\":\"bart-et-lemy.com\",\"url\":\"https:\\\/\\\/bart-et-lemy.com\\\/blog\\\/\",\"logo\":{\"@type\":\"ImageObject\",\"inLanguage\":\"fr-FR\",\"@id\":\"https:\\\/\\\/bart-et-lemy.com\\\/blog\\\/#\\\/schema\\\/logo\\\/image\\\/\",\"url\":\"https:\\\/\\\/bart-et-lemy.com\\\/blog\\\/wp-content\\\/uploads\\\/2026\\\/07\\\/logo-auto.png\",\"contentUrl\":\"https:\\\/\\\/bart-et-lemy.com\\\/blog\\\/wp-content\\\/uploads\\\/2026\\\/07\\\/logo-auto.png\",\"width\":1024,\"height\":1024,\"caption\":\"Bart et Lemy\"},\"image\":{\"@id\":\"https:\\\/\\\/bart-et-lemy.com\\\/blog\\\/#\\\/schema\\\/logo\\\/image\\\/\"}},{\"@type\":\"Person\",\"@id\":\"https:\\\/\\\/bart-et-lemy.com\\\/blog\\\/#\\\/schema\\\/person\\\/3c864cdc320801e3db34b663e7e3f816\",\"name\":\"Elodie Mazeau\",\"image\":{\"@type\":\"ImageObject\",\"inLanguage\":\"fr-FR\",\"@id\":\"https:\\\/\\\/bart-et-lemy.com\\\/blog\\\/wp-content\\\/uploads\\\/2026\\\/06\\\/persona_elodie-m-96x96.jpg\",\"url\":\"https:\\\/\\\/bart-et-lemy.com\\\/blog\\\/wp-content\\\/uploads\\\/2026\\\/06\\\/persona_elodie-m-96x96.jpg\",\"contentUrl\":\"https:\\\/\\\/bart-et-lemy.com\\\/blog\\\/wp-content\\\/uploads\\\/2026\\\/06\\\/persona_elodie-m-96x96.jpg\",\"caption\":\"Elodie Mazeau\"},\"description\":\"J'\u00e9cris sur la parentalit\u00e9 telle qu'elle se vit vraiment, du premier biberon aux premi\u00e8res col\u00e8res. Mes sujets de pr\u00e9dilection couvrent le quotidien des familles : sommeil, alimentation, organisation, pu\u00e9riculture et ces petites gal\u00e8res que tout parent conna\u00eet. Depuis plusieurs ann\u00e9es, je m'attache \u00e0 proposer des rep\u00e8res concrets plut\u00f4t que des le\u00e7ons, parce que chaque famille trouve son propre \u00e9quilibre. Je v\u00e9rifie mes informations aupr\u00e8s de sources fiables, surtout d\u00e8s qu'on touche \u00e0 la sant\u00e9 ou \u00e0 la s\u00e9curit\u00e9 de l'enfant, et je pr\u00e9cise quand un avis professionnel s'impose. J'\u00e9vite soigneusement la culpabilisation : \u00eatre parent est d\u00e9j\u00e0 assez exigeant. Mon ton se veut complice et bienveillant, un peu comme une discussion entre parents qui se comprennent. L'id\u00e9e est d'all\u00e9ger la charge mentale en donnant des solutions simples et test\u00e9es.\",\"sameAs\":[\"https:\\\/\\\/elodiemazeau.fr\\\/\"],\"url\":\"https:\\\/\\\/bart-et-lemy.com\\\/blog\\\/auteur\\\/noname\\\/\"}]}<\/script>\n<!-- \/ Yoast SEO Premium plugin. -->","yoast_head_json":{"title":"Salon du B\u00e9b\u00e9 \u00e0 Lyon","description":"Que vous soyez \u00e0 la recherche de conseils, d'articles de pu\u00e9riculture ou simplement d'inspiration, ce salon vous propose un univers riche et vari\u00e9.","robots":{"index":"index","follow":"follow","max-snippet":"max-snippet:-1","max-image-preview":"max-image-preview:large","max-video-preview":"max-video-preview:-1"},"canonical":"https:\/\/bart-et-lemy.com\/blog\/a-la-une\/salon-du-bebe-a-lyon-decouvrez-les-tendances-et-innovations\/","og_locale":"fr_FR","og_type":"article","og_title":"Salon du B\u00e9b\u00e9 \u00e0 Lyon","og_description":"Que vous soyez \u00e0 la recherche de conseils, d'articles de pu\u00e9riculture ou simplement d'inspiration, ce salon vous propose un univers riche et vari\u00e9.","og_url":"https:\/\/bart-et-lemy.com\/blog\/a-la-une\/salon-du-bebe-a-lyon-decouvrez-les-tendances-et-innovations\/","og_site_name":"bart-et-lemy.com","og_image":[{"width":1200,"height":500,"url":"https:\/\/bart-et-lemy.com\/blog\/wp-content\/uploads\/2025\/05\/sdxl-dd6d751b5daf48096e3ee67eb5aa8aec-scaled.png","type":"image\/png"}],"author":"Elodie Mazeau","twitter_card":"summary_large_image","schema":{"@context":"https:\/\/schema.org","@graph":[{"@type":"NewsArticle","@id":"https:\/\/bart-et-lemy.com\/blog\/a-la-une\/salon-du-bebe-a-lyon-decouvrez-les-tendances-et-innovations\/#article","isPartOf":{"@id":"https:\/\/bart-et-lemy.com\/blog\/a-la-une\/salon-du-bebe-a-lyon-decouvrez-les-tendances-et-innovations\/"},"author":{"name":"Elodie Mazeau","@id":"https:\/\/bart-et-lemy.com\/blog\/#\/schema\/person\/3c864cdc320801e3db34b663e7e3f816"},"headline":"Salon du B\u00e9b\u00e9 \u00e0 Lyon : D\u00e9couvrez les Tendances et Innovations","datePublished":"2025-04-23T15:59:00+00:00","mainEntityOfPage":{"@id":"https:\/\/bart-et-lemy.com\/blog\/a-la-une\/salon-du-bebe-a-lyon-decouvrez-les-tendances-et-innovations\/"},"wordCount":761,"commentCount":26,"publisher":{"@id":"https:\/\/bart-et-lemy.com\/blog\/#organization"},"image":{"@id":"https:\/\/bart-et-lemy.com\/blog\/a-la-une\/salon-du-bebe-a-lyon-decouvrez-les-tendances-et-innovations\/#primaryimage"},"thumbnailUrl":"https:\/\/bart-et-lemy.com\/blog\/wp-content\/uploads\/2025\/05\/sdxl-dd6d751b5daf48096e3ee67eb5aa8aec-scaled.png","keywords":["Ateliers Pratiques","Conf\u00e9rences d'experts","Lyon","Parentalit\u00e9","Pu\u00e9riculture","Salon du B\u00e9b\u00e9"],"articleSection":["\u00c0 la une"],"inLanguage":"fr-FR","potentialAction":[{"@type":"CommentAction","name":"Comment","target":["https:\/\/bart-et-lemy.com\/blog\/a-la-une\/salon-du-bebe-a-lyon-decouvrez-les-tendances-et-innovations\/#respond"]}]},{"@type":"WebPage","@id":"https:\/\/bart-et-lemy.com\/blog\/a-la-une\/salon-du-bebe-a-lyon-decouvrez-les-tendances-et-innovations\/","url":"https:\/\/bart-et-lemy.com\/blog\/a-la-une\/salon-du-bebe-a-lyon-decouvrez-les-tendances-et-innovations\/","name":"Salon du B\u00e9b\u00e9 \u00e0 Lyon","isPartOf":{"@id":"https:\/\/bart-et-lemy.com\/blog\/#website"},"primaryImageOfPage":{"@id":"https:\/\/bart-et-lemy.com\/blog\/a-la-une\/salon-du-bebe-a-lyon-decouvrez-les-tendances-et-innovations\/#primaryimage"},"image":{"@id":"https:\/\/bart-et-lemy.com\/blog\/a-la-une\/salon-du-bebe-a-lyon-decouvrez-les-tendances-et-innovations\/#primaryimage"},"thumbnailUrl":"https:\/\/bart-et-lemy.com\/blog\/wp-content\/uploads\/2025\/05\/sdxl-dd6d751b5daf48096e3ee67eb5aa8aec-scaled.png","datePublished":"2025-04-23T15:59:00+00:00","description":"Que vous soyez \u00e0 la recherche de conseils, d'articles de pu\u00e9riculture ou simplement d'inspiration, ce salon vous propose un univers riche et vari\u00e9.","inLanguage":"fr-FR","potentialAction":[{"@type":"ReadAction","target":["https:\/\/bart-et-lemy.com\/blog\/a-la-une\/salon-du-bebe-a-lyon-decouvrez-les-tendances-et-innovations\/"]}]},{"@type":"ImageObject","inLanguage":"fr-FR","@id":"https:\/\/bart-et-lemy.com\/blog\/a-la-une\/salon-du-bebe-a-lyon-decouvrez-les-tendances-et-innovations\/#primaryimage","url":"https:\/\/bart-et-lemy.com\/blog\/wp-content\/uploads\/2025\/05\/sdxl-dd6d751b5daf48096e3ee67eb5aa8aec-scaled.png","contentUrl":"https:\/\/bart-et-lemy.com\/blog\/wp-content\/uploads\/2025\/05\/sdxl-dd6d751b5daf48096e3ee67eb5aa8aec-scaled.png","width":1200,"height":500},{"@type":"WebSite","@id":"https:\/\/bart-et-lemy.com\/blog\/#website","url":"https:\/\/bart-et-lemy.com\/blog\/","name":"Bart et Lemy","description":"L\u2019originalit\u00e9 en toute libert\u00e9.","publisher":{"@id":"https:\/\/bart-et-lemy.com\/blog\/#organization"},"alternateName":"Conseils parentaux, astuces famille et bien-\u00eatre enfant","potentialAction":[{"@type":"SearchAction","target":{"@type":"EntryPoint","urlTemplate":"https:\/\/bart-et-lemy.com\/blog\/?s={search_term_string}"},"query-input":{"@type":"PropertyValueSpecification","valueRequired":true,"valueName":"search_term_string"}}],"inLanguage":"fr-FR"},{"@type":"Organization","@id":"https:\/\/bart-et-lemy.com\/blog\/#organization","name":"Bart et Lemy","alternateName":"bart-et-lemy.com","url":"https:\/\/bart-et-lemy.com\/blog\/","logo":{"@type":"ImageObject","inLanguage":"fr-FR","@id":"https:\/\/bart-et-lemy.com\/blog\/#\/schema\/logo\/image\/","url":"https:\/\/bart-et-lemy.com\/blog\/wp-content\/uploads\/2026\/07\/logo-auto.png","contentUrl":"https:\/\/bart-et-lemy.com\/blog\/wp-content\/uploads\/2026\/07\/logo-auto.png","width":1024,"height":1024,"caption":"Bart et Lemy"},"image":{"@id":"https:\/\/bart-et-lemy.com\/blog\/#\/schema\/logo\/image\/"}},{"@type":"Person","@id":"https:\/\/bart-et-lemy.com\/blog\/#\/schema\/person\/3c864cdc320801e3db34b663e7e3f816","name":"Elodie Mazeau","image":{"@type":"ImageObject","inLanguage":"fr-FR","@id":"https:\/\/bart-et-lemy.com\/blog\/wp-content\/uploads\/2026\/06\/persona_elodie-m-96x96.jpg","url":"https:\/\/bart-et-lemy.com\/blog\/wp-content\/uploads\/2026\/06\/persona_elodie-m-96x96.jpg","contentUrl":"https:\/\/bart-et-lemy.com\/blog\/wp-content\/uploads\/2026\/06\/persona_elodie-m-96x96.jpg","caption":"Elodie Mazeau"},"description":"J'\u00e9cris sur la parentalit\u00e9 telle qu'elle se vit vraiment, du premier biberon aux premi\u00e8res col\u00e8res. Mes sujets de pr\u00e9dilection couvrent le quotidien des familles : sommeil, alimentation, organisation, pu\u00e9riculture et ces petites gal\u00e8res que tout parent conna\u00eet. Depuis plusieurs ann\u00e9es, je m'attache \u00e0 proposer des rep\u00e8res concrets plut\u00f4t que des le\u00e7ons, parce que chaque famille trouve son propre \u00e9quilibre. Je v\u00e9rifie mes informations aupr\u00e8s de sources fiables, surtout d\u00e8s qu'on touche \u00e0 la sant\u00e9 ou \u00e0 la s\u00e9curit\u00e9 de l'enfant, et je pr\u00e9cise quand un avis professionnel s'impose. J'\u00e9vite soigneusement la culpabilisation : \u00eatre parent est d\u00e9j\u00e0 assez exigeant. Mon ton se veut complice et bienveillant, un peu comme une discussion entre parents qui se comprennent. L'id\u00e9e est d'all\u00e9ger la charge mentale en donnant des solutions simples et test\u00e9es.","sameAs":["https:\/\/elodiemazeau.fr\/"],"url":"https:\/\/bart-et-lemy.com\/blog\/auteur\/noname\/"}]}},"_links":{"self":[{"href":"https:\/\/bart-et-lemy.com\/blog\/wp-json\/wp\/v2\/posts\/9230","targetHints":{"allow":["GET"]}}],"collection":[{"href":"https:\/\/bart-et-lemy.com\/blog\/wp-json\/wp\/v2\/posts"}],"about":[{"href":"https:\/\/bart-et-lemy.com\/blog\/wp-json\/wp\/v2\/types\/post"}],"author":[{"embeddable":true,"href":"https:\/\/bart-et-lemy.com\/blog\/wp-json\/wp\/v2\/users\/34"}],"replies":[{"embeddable":true,"href":"https:\/\/bart-et-lemy.com\/blog\/wp-json\/wp\/v2\/comments?post=9230"}],"version-history":[{"count":1,"href":"https:\/\/bart-et-lemy.com\/blog\/wp-json\/wp\/v2\/posts\/9230\/revisions"}],"predecessor-version":[{"id":10587,"href":"https:\/\/bart-et-lemy.com\/blog\/wp-json\/wp\/v2\/posts\/9230\/revisions\/10587"}],"wp:featuredmedia":[{"embeddable":true,"href":"https:\/\/bart-et-lemy.com\/blog\/wp-json\/wp\/v2\/media\/11176"}],"wp:attachment":[{"href":"https:\/\/bart-et-lemy.com\/blog\/wp-json\/wp\/v2\/media?parent=9230"}],"wp:term":[{"taxonomy":"category","embeddable":true,"href":"https:\/\/bart-et-lemy.com\/blog\/wp-json\/wp\/v2\/categories?post=9230"},{"taxonomy":"post_tag","embeddable":true,"href":"https:\/\/bart-et-lemy.com\/blog\/wp-json\/wp\/v2\/tags?post=9230"}],"curies":[{"name":"wp","href":"https:\/\/api.w.org\/{rel}","templated":true}]}}