{"id":9264,"date":"2025-04-19T17:39:00","date_gmt":"2025-04-19T15:39:00","guid":{"rendered":"https:\/\/bart-et-lemy.com\/blog\/?p=9264"},"modified":"2025-02-11T19:22:44","modified_gmt":"2025-02-11T18:22:44","slug":"photographe-bebe-a-annecy-capturer-les-premiers-instants-de-vie","status":"publish","type":"post","link":"https:\/\/bart-et-lemy.com\/blog\/a-la-une\/photographe-bebe-a-annecy-capturer-les-premiers-instants-de-vie\/","title":{"rendered":"Photographe B\u00e9b\u00e9 \u00e0 Annecy : Capturer les Premiers Instants de Vie"},"content":{"rendered":"<h2>Introduction : L&rsquo;Art de Photographier les B\u00e9b\u00e9s<\/h2>\n<p>Cela repr\u00e9sente un moment pr\u00e9cieux, une \u00e9ternit\u00e9 fig\u00e9e dans le temps. La ville d&rsquo;Annecy, avec ses paysages enchanteurs et ses lumi\u00e8res naturelles, constitue un cadre id\u00e9al pour ces s\u00e9ances photo. Comment choisir le bon photographe \u00e0 Annecy pour immortaliser ces instants uniques ? Cet article vous guide \u00e0 travers les \u00e9l\u00e9ments essentiels \u00e0 consid\u00e9rer.<\/p>\n<h2>Pourquoi faire appel \u00e0 un photographe professionnel ?<\/h2>\n<p>Engager un photographe professionnel pour votre b\u00e9b\u00e9 offre plusieurs avantages. Tout d&rsquo;abord, un photographe exp\u00e9riment\u00e9 sait comment manipuler la lumi\u00e8re pour cr\u00e9er des images douces et chaleureuses. De plus, il poss\u00e8de l\u2019art de capturer les expressions innocentes et les gestes tendres qui font le charme des nouveau-n\u00e9s.<\/p>\n<p>Voici quelques raisons de choisir un professionnel :<\/p>\n<blockquote class=\"wp-embedded-content\" data-secret=\"Zrgf9J9enk\"><p><a href=\"https:\/\/bart-et-lemy.com\/blog\/a-la-une\/lattachement-intergenerationnel-comprendre-la-relation-entre-bebes-et-personnes-agees\/\">L&rsquo;attachement interg\u00e9n\u00e9rationnel : comprendre la relation entre b\u00e9b\u00e9s et personnes \u00e2g\u00e9es<\/a><\/p><\/blockquote>\n<p><iframe loading=\"lazy\" class=\"wp-embedded-content\" sandbox=\"allow-scripts\" security=\"restricted\" style=\"position: absolute; visibility: hidden;\" title=\"\u00ab\u00a0L&rsquo;attachement interg\u00e9n\u00e9rationnel : comprendre la relation entre b\u00e9b\u00e9s et personnes \u00e2g\u00e9es\u00a0\u00bb &#8212; bart-et-lemy.com\" src=\"https:\/\/bart-et-lemy.com\/blog\/a-la-une\/lattachement-intergenerationnel-comprendre-la-relation-entre-bebes-et-personnes-agees\/embed\/#?secret=GB99jBom99#?secret=Zrgf9J9enk\" data-secret=\"Zrgf9J9enk\" width=\"600\" height=\"338\" frameborder=\"0\" marginwidth=\"0\" marginheight=\"0\" scrolling=\"no\"><\/iframe><\/p>\n<ul>\n<li><strong>Expertise technique :<\/strong> Un photographe qualifi\u00e9 ma\u00eetrise les r\u00e9glages de l&rsquo;appareil photo pour obtenir des r\u00e9sultats optimaux.<\/li>\n<li><strong>\u00c9quipement adapt\u00e9 :<\/strong> Il dispose de mat\u00e9riel sp\u00e9cialis\u00e9, comme des objectifs \u00e0 grande ouverture, pour des portraits de haute qualit\u00e9.<\/li>\n<li><strong>Confort du b\u00e9b\u00e9 :<\/strong> Un photographe exp\u00e9riment\u00e9 sait comment apaiser un b\u00e9b\u00e9 pour des s\u00e9ances photo sereines.<\/li>\n<\/ul>\n<h2>Choisir le bon style de photographie<\/h2>\n<p>Le style de photographie que vous souhaitez est crucial. Vous pr\u00e9f\u00e9rez un style classique, avec des poses traditionnelles, ou un style plus moderne et candide ? \u00c0 Annecy, plusieurs photographes se sp\u00e9cialisent dans diff\u00e9rents styles :<\/p>\n<ul>\n<li><strong>Photographie de lifestyle :<\/strong> Capturer des moments authentiques dans un cadre naturel.<\/li>\n<li><strong>Photographie de studio :<\/strong> \u00c9tablir des compositions soign\u00e9es avec des accessoires et des fonds vari\u00e9s.<\/li>\n<li><strong>Photographie documentaire :<\/strong> Raconter une histoire \u00e0 travers une s\u00e9rie d&rsquo;images prises sur le vif.<\/li>\n<\/ul>\n<h2>Pr\u00e9parer la s\u00e9ance photo : Conseils pratiques<\/h2>\n<p>Pour garantir une s\u00e9ance photo r\u00e9ussie, voici quelques conseils pratiques :<\/p>\n<ul>\n<li><strong>Choisissez le bon moment :<\/strong> Les b\u00e9b\u00e9s sont souvent plus calmes apr\u00e8s une sieste ou un repas.<\/li>\n<li><strong>Apportez des accessoires :<\/strong> Jouets ou couvertures peuvent ajouter une touche personnelle aux photos.<\/li>\n<li><strong>Restez d\u00e9tendu :<\/strong> Votre tranquillit\u00e9 aidera votre b\u00e9b\u00e9 \u00e0 rester calme pendant la s\u00e9ance.<\/li>\n<\/ul>\n<p>Envisagez \u00e9galement d&rsquo;avoir une petite collation \u00e0 port\u00e9e de main pour vous et votre photographe, afin de maintenir l&rsquo;\u00e9nergie pendant la s\u00e9ance.<\/p>\n<blockquote class=\"wp-embedded-content\" data-secret=\"9OS7I3zoQz\"><p><a href=\"https:\/\/bart-et-lemy.com\/blog\/a-la-une\/decouvrez-les-meilleures-applications-photo-pour-bebe-gratuites\/\">D\u00e9couvrez les meilleures applications photo pour b\u00e9b\u00e9 gratuites<\/a><\/p><\/blockquote>\n<p><iframe loading=\"lazy\" class=\"wp-embedded-content\" sandbox=\"allow-scripts\" security=\"restricted\" style=\"position: absolute; visibility: hidden;\" title=\"\u00ab\u00a0D\u00e9couvrez les meilleures applications photo pour b\u00e9b\u00e9 gratuites\u00a0\u00bb &#8212; bart-et-lemy.com\" src=\"https:\/\/bart-et-lemy.com\/blog\/a-la-une\/decouvrez-les-meilleures-applications-photo-pour-bebe-gratuites\/embed\/#?secret=yaHrU3PXYy#?secret=9OS7I3zoQz\" data-secret=\"9OS7I3zoQz\" width=\"600\" height=\"338\" frameborder=\"0\" marginwidth=\"0\" marginheight=\"0\" scrolling=\"no\"><\/iframe><\/p>\n<blockquote>\n<p>\u00ab\u00a0Photographier un b\u00e9b\u00e9, c&rsquo;est capturer des souvenirs qui dureront toute une vie.\u00a0\u00bb &#8211; Anonyme<\/p>\n<\/blockquote>\n<h2>Co\u00fbt et dur\u00e9e des s\u00e9ances photo<\/h2>\n<p>Les tarifs pour une s\u00e9ance photo de b\u00e9b\u00e9 \u00e0 Annecy varient en fonction de plusieurs facteurs, notamment la r\u00e9putation du photographe, le lieu de la s\u00e9ance et la dur\u00e9e. En g\u00e9n\u00e9ral, voici une fourchette de prix :<\/p>\n<table>\n<tr>\n<th>Type de s\u00e9ance<\/th>\n<th>Dur\u00e9e<\/th>\n<th>Prix (en euros)<\/th>\n<\/tr>\n<tr>\n<td>S\u00e9ance en studio<\/td>\n<td>1 heure<\/td>\n<td>150 &#8211; 250<\/td>\n<\/tr>\n<tr>\n<td>S\u00e9ance en ext\u00e9rieur<\/td>\n<td>1 \u00e0 2 heures<\/td>\n<td>200 &#8211; 350<\/td>\n<\/tr>\n<tr>\n<td>Forfait complet (album inclus)<\/td>\n<td>2 heures<\/td>\n<td>400 &#8211; 600<\/td>\n<\/tr>\n<\/table>\n<p>Ces prix incluent g\u00e9n\u00e9ralement la retouche des photos et un nombre d\u00e9fini d&rsquo;images en haute r\u00e9solution.<\/p>\n<h2>FAQ :<\/h2>\n<blockquote>\n<ul>\n<li><strong>Quelle est la meilleure p\u00e9riode pour faire des photos de b\u00e9b\u00e9 ?<\/strong>Il est conseill\u00e9 de faire ces photos durant les 10 premi\u00e8res semaines de vie, lorsque le b\u00e9b\u00e9 dort beaucoup.<\/li>\n<li><strong>Faut-il r\u00e9server \u00e0 l&rsquo;avance ?<\/strong>Oui, il est pr\u00e9f\u00e9rable de r\u00e9server votre photographe au moins un mois \u00e0 l&rsquo;avance, surtout pendant les p\u00e9riodes de forte demande.<\/li>\n<li><strong>Comment choisir le bon photographe ?<\/strong>Regardez les portfolios, lisez les avis en ligne et rencontrez le photographe pour discuter de vos attentes.<\/li>\n<li><strong>Quel est le prix moyen d&rsquo;une s\u00e9ance photo \u00e0 Annecy ?<\/strong>Les prix oscillent g\u00e9n\u00e9ralement entre 150 et 600 euros selon le type de s\u00e9ance choisie.<\/li>\n<\/ul>\n<\/blockquote>\n<p>Choisir un photographe pour votre b\u00e9b\u00e9 \u00e0 Annecy est une d\u00e9cision importante qui m\u00e9rite r\u00e9flexion. Prenez le temps de bien s\u00e9lectionner le professionnel qui saura capturer ces moments uniques. Avec les bons conseils et une pr\u00e9paration ad\u00e9quate, vous obtiendrez des souvenirs inestimables de votre tr\u00e9sor.<\/p>\n","protected":false},"excerpt":{"rendered":"","protected":false},"author":34,"featured_media":11222,"comment_status":"open","ping_status":"open","sticky":false,"template":"","format":"standard","meta":{"_acf_changed":false,"manual_indexmenow":false,"indexmenow_id_project":0,"footnotes":""},"categories":[1],"tags":[6479,4590,5184,5203,4801,4680],"class_list":["post-9264","post","type-post","status-publish","format-standard","has-post-thumbnail","hentry","category-a-la-une","tag-annecy","tag-bebe","tag-conseils-pratiques","tag-photographe","tag-photographie","tag-seance-photo","generate-columns","tablet-grid-50","mobile-grid-100","grid-parent","grid-25"],"acf":[],"yoast_head":"<!-- This site is optimized with the Yoast SEO Premium plugin v21.3 (Yoast SEO v27.3) - https:\/\/yoast.com\/product\/yoast-seo-premium-wordpress\/ -->\n<title>Photographe B\u00e9b\u00e9 \u00e0 Annecy<\/title>\n<meta name=\"description\" content=\"Cela repr\u00e9sente un moment pr\u00e9cieux, une \u00e9ternit\u00e9 fig\u00e9e dans le temps. La ville d&#039;Annecy, avec ses paysages enchanteurs et ses lumi\u00e8res naturelles\u2026\" \/>\n<meta name=\"robots\" content=\"index, follow, max-snippet:-1, max-image-preview:large, max-video-preview:-1\" \/>\n<link rel=\"canonical\" href=\"https:\/\/bart-et-lemy.com\/blog\/a-la-une\/photographe-bebe-a-annecy-capturer-les-premiers-instants-de-vie\/\" \/>\n<meta property=\"og:locale\" content=\"fr_FR\" \/>\n<meta property=\"og:type\" content=\"article\" \/>\n<meta property=\"og:title\" content=\"Photographe B\u00e9b\u00e9 \u00e0 Annecy\" \/>\n<meta property=\"og:description\" content=\"Cela repr\u00e9sente un moment pr\u00e9cieux, une \u00e9ternit\u00e9 fig\u00e9e dans le temps. La ville d&#039;Annecy, avec ses paysages enchanteurs et ses lumi\u00e8res naturelles\u2026\" \/>\n<meta property=\"og:url\" content=\"https:\/\/bart-et-lemy.com\/blog\/a-la-une\/photographe-bebe-a-annecy-capturer-les-premiers-instants-de-vie\/\" \/>\n<meta property=\"og:site_name\" content=\"bart-et-lemy.com\" \/>\n<meta property=\"og:image\" content=\"https:\/\/bart-et-lemy.com\/blog\/wp-content\/uploads\/2025\/05\/sdxl-47c2602531fbb2b3fc340c131e417c0d-scaled.png\" \/>\n\t<meta property=\"og:image:width\" content=\"1200\" \/>\n\t<meta property=\"og:image:height\" content=\"500\" \/>\n\t<meta property=\"og:image:type\" content=\"image\/png\" \/>\n<meta name=\"author\" content=\"Elodie Mazeau\" \/>\n<meta name=\"twitter:card\" content=\"summary_large_image\" \/>\n<script type=\"application\/ld+json\" class=\"yoast-schema-graph\">{\"@context\":\"https:\\\/\\\/schema.org\",\"@graph\":[{\"@type\":\"NewsArticle\",\"@id\":\"https:\\\/\\\/bart-et-lemy.com\\\/blog\\\/a-la-une\\\/photographe-bebe-a-annecy-capturer-les-premiers-instants-de-vie\\\/#article\",\"isPartOf\":{\"@id\":\"https:\\\/\\\/bart-et-lemy.com\\\/blog\\\/a-la-une\\\/photographe-bebe-a-annecy-capturer-les-premiers-instants-de-vie\\\/\"},\"author\":{\"name\":\"Elodie Mazeau\",\"@id\":\"https:\\\/\\\/bart-et-lemy.com\\\/blog\\\/#\\\/schema\\\/person\\\/3c864cdc320801e3db34b663e7e3f816\"},\"headline\":\"Photographe B\u00e9b\u00e9 \u00e0 Annecy : Capturer les Premiers Instants de Vie\",\"datePublished\":\"2025-04-19T15:39:00+00:00\",\"mainEntityOfPage\":{\"@id\":\"https:\\\/\\\/bart-et-lemy.com\\\/blog\\\/a-la-une\\\/photographe-bebe-a-annecy-capturer-les-premiers-instants-de-vie\\\/\"},\"wordCount\":676,\"commentCount\":26,\"publisher\":{\"@id\":\"https:\\\/\\\/bart-et-lemy.com\\\/blog\\\/#organization\"},\"image\":{\"@id\":\"https:\\\/\\\/bart-et-lemy.com\\\/blog\\\/a-la-une\\\/photographe-bebe-a-annecy-capturer-les-premiers-instants-de-vie\\\/#primaryimage\"},\"thumbnailUrl\":\"https:\\\/\\\/bart-et-lemy.com\\\/blog\\\/wp-content\\\/uploads\\\/2025\\\/05\\\/sdxl-47c2602531fbb2b3fc340c131e417c0d-scaled.png\",\"keywords\":[\"Annecy\",\"B\u00e9b\u00e9\",\"Conseils pratiques\",\"Photographe\",\"Photographie\",\"S\u00e9ance Photo\"],\"articleSection\":[\"\u00c0 la une\"],\"inLanguage\":\"fr-FR\",\"potentialAction\":[{\"@type\":\"CommentAction\",\"name\":\"Comment\",\"target\":[\"https:\\\/\\\/bart-et-lemy.com\\\/blog\\\/a-la-une\\\/photographe-bebe-a-annecy-capturer-les-premiers-instants-de-vie\\\/#respond\"]}]},{\"@type\":\"WebPage\",\"@id\":\"https:\\\/\\\/bart-et-lemy.com\\\/blog\\\/a-la-une\\\/photographe-bebe-a-annecy-capturer-les-premiers-instants-de-vie\\\/\",\"url\":\"https:\\\/\\\/bart-et-lemy.com\\\/blog\\\/a-la-une\\\/photographe-bebe-a-annecy-capturer-les-premiers-instants-de-vie\\\/\",\"name\":\"Photographe B\u00e9b\u00e9 \u00e0 Annecy\",\"isPartOf\":{\"@id\":\"https:\\\/\\\/bart-et-lemy.com\\\/blog\\\/#website\"},\"primaryImageOfPage\":{\"@id\":\"https:\\\/\\\/bart-et-lemy.com\\\/blog\\\/a-la-une\\\/photographe-bebe-a-annecy-capturer-les-premiers-instants-de-vie\\\/#primaryimage\"},\"image\":{\"@id\":\"https:\\\/\\\/bart-et-lemy.com\\\/blog\\\/a-la-une\\\/photographe-bebe-a-annecy-capturer-les-premiers-instants-de-vie\\\/#primaryimage\"},\"thumbnailUrl\":\"https:\\\/\\\/bart-et-lemy.com\\\/blog\\\/wp-content\\\/uploads\\\/2025\\\/05\\\/sdxl-47c2602531fbb2b3fc340c131e417c0d-scaled.png\",\"datePublished\":\"2025-04-19T15:39:00+00:00\",\"description\":\"Cela repr\u00e9sente un moment pr\u00e9cieux, une \u00e9ternit\u00e9 fig\u00e9e dans le temps. La ville d'Annecy, avec ses paysages enchanteurs et ses lumi\u00e8res naturelles\u2026\",\"inLanguage\":\"fr-FR\",\"potentialAction\":[{\"@type\":\"ReadAction\",\"target\":[\"https:\\\/\\\/bart-et-lemy.com\\\/blog\\\/a-la-une\\\/photographe-bebe-a-annecy-capturer-les-premiers-instants-de-vie\\\/\"]}]},{\"@type\":\"ImageObject\",\"inLanguage\":\"fr-FR\",\"@id\":\"https:\\\/\\\/bart-et-lemy.com\\\/blog\\\/a-la-une\\\/photographe-bebe-a-annecy-capturer-les-premiers-instants-de-vie\\\/#primaryimage\",\"url\":\"https:\\\/\\\/bart-et-lemy.com\\\/blog\\\/wp-content\\\/uploads\\\/2025\\\/05\\\/sdxl-47c2602531fbb2b3fc340c131e417c0d-scaled.png\",\"contentUrl\":\"https:\\\/\\\/bart-et-lemy.com\\\/blog\\\/wp-content\\\/uploads\\\/2025\\\/05\\\/sdxl-47c2602531fbb2b3fc340c131e417c0d-scaled.png\",\"width\":1200,\"height\":500},{\"@type\":\"WebSite\",\"@id\":\"https:\\\/\\\/bart-et-lemy.com\\\/blog\\\/#website\",\"url\":\"https:\\\/\\\/bart-et-lemy.com\\\/blog\\\/\",\"name\":\"Bart et Lemy\",\"description\":\"L\u2019originalit\u00e9 en toute libert\u00e9.\",\"publisher\":{\"@id\":\"https:\\\/\\\/bart-et-lemy.com\\\/blog\\\/#organization\"},\"alternateName\":\"Conseils parentaux, astuces famille et bien-\u00eatre enfant\",\"potentialAction\":[{\"@type\":\"SearchAction\",\"target\":{\"@type\":\"EntryPoint\",\"urlTemplate\":\"https:\\\/\\\/bart-et-lemy.com\\\/blog\\\/?s={search_term_string}\"},\"query-input\":{\"@type\":\"PropertyValueSpecification\",\"valueRequired\":true,\"valueName\":\"search_term_string\"}}],\"inLanguage\":\"fr-FR\"},{\"@type\":\"Organization\",\"@id\":\"https:\\\/\\\/bart-et-lemy.com\\\/blog\\\/#organization\",\"name\":\"Bart et Lemy\",\"alternateName\":\"bart-et-lemy.com\",\"url\":\"https:\\\/\\\/bart-et-lemy.com\\\/blog\\\/\",\"logo\":{\"@type\":\"ImageObject\",\"inLanguage\":\"fr-FR\",\"@id\":\"https:\\\/\\\/bart-et-lemy.com\\\/blog\\\/#\\\/schema\\\/logo\\\/image\\\/\",\"url\":\"https:\\\/\\\/bart-et-lemy.com\\\/blog\\\/wp-content\\\/uploads\\\/2026\\\/07\\\/logo-auto.png\",\"contentUrl\":\"https:\\\/\\\/bart-et-lemy.com\\\/blog\\\/wp-content\\\/uploads\\\/2026\\\/07\\\/logo-auto.png\",\"width\":1024,\"height\":1024,\"caption\":\"Bart et Lemy\"},\"image\":{\"@id\":\"https:\\\/\\\/bart-et-lemy.com\\\/blog\\\/#\\\/schema\\\/logo\\\/image\\\/\"}},{\"@type\":\"Person\",\"@id\":\"https:\\\/\\\/bart-et-lemy.com\\\/blog\\\/#\\\/schema\\\/person\\\/3c864cdc320801e3db34b663e7e3f816\",\"name\":\"Elodie Mazeau\",\"image\":{\"@type\":\"ImageObject\",\"inLanguage\":\"fr-FR\",\"@id\":\"https:\\\/\\\/bart-et-lemy.com\\\/blog\\\/wp-content\\\/uploads\\\/2026\\\/06\\\/persona_elodie-m-96x96.jpg\",\"url\":\"https:\\\/\\\/bart-et-lemy.com\\\/blog\\\/wp-content\\\/uploads\\\/2026\\\/06\\\/persona_elodie-m-96x96.jpg\",\"contentUrl\":\"https:\\\/\\\/bart-et-lemy.com\\\/blog\\\/wp-content\\\/uploads\\\/2026\\\/06\\\/persona_elodie-m-96x96.jpg\",\"caption\":\"Elodie Mazeau\"},\"description\":\"J'\u00e9cris sur la parentalit\u00e9 telle qu'elle se vit vraiment, du premier biberon aux premi\u00e8res col\u00e8res. Mes sujets de pr\u00e9dilection couvrent le quotidien des familles : sommeil, alimentation, organisation, pu\u00e9riculture et ces petites gal\u00e8res que tout parent conna\u00eet. Depuis plusieurs ann\u00e9es, je m'attache \u00e0 proposer des rep\u00e8res concrets plut\u00f4t que des le\u00e7ons, parce que chaque famille trouve son propre \u00e9quilibre. Je v\u00e9rifie mes informations aupr\u00e8s de sources fiables, surtout d\u00e8s qu'on touche \u00e0 la sant\u00e9 ou \u00e0 la s\u00e9curit\u00e9 de l'enfant, et je pr\u00e9cise quand un avis professionnel s'impose. J'\u00e9vite soigneusement la culpabilisation : \u00eatre parent est d\u00e9j\u00e0 assez exigeant. Mon ton se veut complice et bienveillant, un peu comme une discussion entre parents qui se comprennent. L'id\u00e9e est d'all\u00e9ger la charge mentale en donnant des solutions simples et test\u00e9es.\",\"sameAs\":[\"https:\\\/\\\/elodiemazeau.fr\\\/\"],\"url\":\"https:\\\/\\\/bart-et-lemy.com\\\/blog\\\/auteur\\\/noname\\\/\"}]}<\/script>\n<!-- \/ Yoast SEO Premium plugin. -->","yoast_head_json":{"title":"Photographe B\u00e9b\u00e9 \u00e0 Annecy","description":"Cela repr\u00e9sente un moment pr\u00e9cieux, une \u00e9ternit\u00e9 fig\u00e9e dans le temps. La ville d'Annecy, avec ses paysages enchanteurs et ses lumi\u00e8res naturelles\u2026","robots":{"index":"index","follow":"follow","max-snippet":"max-snippet:-1","max-image-preview":"max-image-preview:large","max-video-preview":"max-video-preview:-1"},"canonical":"https:\/\/bart-et-lemy.com\/blog\/a-la-une\/photographe-bebe-a-annecy-capturer-les-premiers-instants-de-vie\/","og_locale":"fr_FR","og_type":"article","og_title":"Photographe B\u00e9b\u00e9 \u00e0 Annecy","og_description":"Cela repr\u00e9sente un moment pr\u00e9cieux, une \u00e9ternit\u00e9 fig\u00e9e dans le temps. La ville d'Annecy, avec ses paysages enchanteurs et ses lumi\u00e8res naturelles\u2026","og_url":"https:\/\/bart-et-lemy.com\/blog\/a-la-une\/photographe-bebe-a-annecy-capturer-les-premiers-instants-de-vie\/","og_site_name":"bart-et-lemy.com","og_image":[{"width":1200,"height":500,"url":"https:\/\/bart-et-lemy.com\/blog\/wp-content\/uploads\/2025\/05\/sdxl-47c2602531fbb2b3fc340c131e417c0d-scaled.png","type":"image\/png"}],"author":"Elodie Mazeau","twitter_card":"summary_large_image","schema":{"@context":"https:\/\/schema.org","@graph":[{"@type":"NewsArticle","@id":"https:\/\/bart-et-lemy.com\/blog\/a-la-une\/photographe-bebe-a-annecy-capturer-les-premiers-instants-de-vie\/#article","isPartOf":{"@id":"https:\/\/bart-et-lemy.com\/blog\/a-la-une\/photographe-bebe-a-annecy-capturer-les-premiers-instants-de-vie\/"},"author":{"name":"Elodie Mazeau","@id":"https:\/\/bart-et-lemy.com\/blog\/#\/schema\/person\/3c864cdc320801e3db34b663e7e3f816"},"headline":"Photographe B\u00e9b\u00e9 \u00e0 Annecy : Capturer les Premiers Instants de Vie","datePublished":"2025-04-19T15:39:00+00:00","mainEntityOfPage":{"@id":"https:\/\/bart-et-lemy.com\/blog\/a-la-une\/photographe-bebe-a-annecy-capturer-les-premiers-instants-de-vie\/"},"wordCount":676,"commentCount":26,"publisher":{"@id":"https:\/\/bart-et-lemy.com\/blog\/#organization"},"image":{"@id":"https:\/\/bart-et-lemy.com\/blog\/a-la-une\/photographe-bebe-a-annecy-capturer-les-premiers-instants-de-vie\/#primaryimage"},"thumbnailUrl":"https:\/\/bart-et-lemy.com\/blog\/wp-content\/uploads\/2025\/05\/sdxl-47c2602531fbb2b3fc340c131e417c0d-scaled.png","keywords":["Annecy","B\u00e9b\u00e9","Conseils pratiques","Photographe","Photographie","S\u00e9ance Photo"],"articleSection":["\u00c0 la une"],"inLanguage":"fr-FR","potentialAction":[{"@type":"CommentAction","name":"Comment","target":["https:\/\/bart-et-lemy.com\/blog\/a-la-une\/photographe-bebe-a-annecy-capturer-les-premiers-instants-de-vie\/#respond"]}]},{"@type":"WebPage","@id":"https:\/\/bart-et-lemy.com\/blog\/a-la-une\/photographe-bebe-a-annecy-capturer-les-premiers-instants-de-vie\/","url":"https:\/\/bart-et-lemy.com\/blog\/a-la-une\/photographe-bebe-a-annecy-capturer-les-premiers-instants-de-vie\/","name":"Photographe B\u00e9b\u00e9 \u00e0 Annecy","isPartOf":{"@id":"https:\/\/bart-et-lemy.com\/blog\/#website"},"primaryImageOfPage":{"@id":"https:\/\/bart-et-lemy.com\/blog\/a-la-une\/photographe-bebe-a-annecy-capturer-les-premiers-instants-de-vie\/#primaryimage"},"image":{"@id":"https:\/\/bart-et-lemy.com\/blog\/a-la-une\/photographe-bebe-a-annecy-capturer-les-premiers-instants-de-vie\/#primaryimage"},"thumbnailUrl":"https:\/\/bart-et-lemy.com\/blog\/wp-content\/uploads\/2025\/05\/sdxl-47c2602531fbb2b3fc340c131e417c0d-scaled.png","datePublished":"2025-04-19T15:39:00+00:00","description":"Cela repr\u00e9sente un moment pr\u00e9cieux, une \u00e9ternit\u00e9 fig\u00e9e dans le temps. La ville d'Annecy, avec ses paysages enchanteurs et ses lumi\u00e8res naturelles\u2026","inLanguage":"fr-FR","potentialAction":[{"@type":"ReadAction","target":["https:\/\/bart-et-lemy.com\/blog\/a-la-une\/photographe-bebe-a-annecy-capturer-les-premiers-instants-de-vie\/"]}]},{"@type":"ImageObject","inLanguage":"fr-FR","@id":"https:\/\/bart-et-lemy.com\/blog\/a-la-une\/photographe-bebe-a-annecy-capturer-les-premiers-instants-de-vie\/#primaryimage","url":"https:\/\/bart-et-lemy.com\/blog\/wp-content\/uploads\/2025\/05\/sdxl-47c2602531fbb2b3fc340c131e417c0d-scaled.png","contentUrl":"https:\/\/bart-et-lemy.com\/blog\/wp-content\/uploads\/2025\/05\/sdxl-47c2602531fbb2b3fc340c131e417c0d-scaled.png","width":1200,"height":500},{"@type":"WebSite","@id":"https:\/\/bart-et-lemy.com\/blog\/#website","url":"https:\/\/bart-et-lemy.com\/blog\/","name":"Bart et Lemy","description":"L\u2019originalit\u00e9 en toute libert\u00e9.","publisher":{"@id":"https:\/\/bart-et-lemy.com\/blog\/#organization"},"alternateName":"Conseils parentaux, astuces famille et bien-\u00eatre enfant","potentialAction":[{"@type":"SearchAction","target":{"@type":"EntryPoint","urlTemplate":"https:\/\/bart-et-lemy.com\/blog\/?s={search_term_string}"},"query-input":{"@type":"PropertyValueSpecification","valueRequired":true,"valueName":"search_term_string"}}],"inLanguage":"fr-FR"},{"@type":"Organization","@id":"https:\/\/bart-et-lemy.com\/blog\/#organization","name":"Bart et Lemy","alternateName":"bart-et-lemy.com","url":"https:\/\/bart-et-lemy.com\/blog\/","logo":{"@type":"ImageObject","inLanguage":"fr-FR","@id":"https:\/\/bart-et-lemy.com\/blog\/#\/schema\/logo\/image\/","url":"https:\/\/bart-et-lemy.com\/blog\/wp-content\/uploads\/2026\/07\/logo-auto.png","contentUrl":"https:\/\/bart-et-lemy.com\/blog\/wp-content\/uploads\/2026\/07\/logo-auto.png","width":1024,"height":1024,"caption":"Bart et Lemy"},"image":{"@id":"https:\/\/bart-et-lemy.com\/blog\/#\/schema\/logo\/image\/"}},{"@type":"Person","@id":"https:\/\/bart-et-lemy.com\/blog\/#\/schema\/person\/3c864cdc320801e3db34b663e7e3f816","name":"Elodie Mazeau","image":{"@type":"ImageObject","inLanguage":"fr-FR","@id":"https:\/\/bart-et-lemy.com\/blog\/wp-content\/uploads\/2026\/06\/persona_elodie-m-96x96.jpg","url":"https:\/\/bart-et-lemy.com\/blog\/wp-content\/uploads\/2026\/06\/persona_elodie-m-96x96.jpg","contentUrl":"https:\/\/bart-et-lemy.com\/blog\/wp-content\/uploads\/2026\/06\/persona_elodie-m-96x96.jpg","caption":"Elodie Mazeau"},"description":"J'\u00e9cris sur la parentalit\u00e9 telle qu'elle se vit vraiment, du premier biberon aux premi\u00e8res col\u00e8res. Mes sujets de pr\u00e9dilection couvrent le quotidien des familles : sommeil, alimentation, organisation, pu\u00e9riculture et ces petites gal\u00e8res que tout parent conna\u00eet. Depuis plusieurs ann\u00e9es, je m'attache \u00e0 proposer des rep\u00e8res concrets plut\u00f4t que des le\u00e7ons, parce que chaque famille trouve son propre \u00e9quilibre. Je v\u00e9rifie mes informations aupr\u00e8s de sources fiables, surtout d\u00e8s qu'on touche \u00e0 la sant\u00e9 ou \u00e0 la s\u00e9curit\u00e9 de l'enfant, et je pr\u00e9cise quand un avis professionnel s'impose. J'\u00e9vite soigneusement la culpabilisation : \u00eatre parent est d\u00e9j\u00e0 assez exigeant. Mon ton se veut complice et bienveillant, un peu comme une discussion entre parents qui se comprennent. L'id\u00e9e est d'all\u00e9ger la charge mentale en donnant des solutions simples et test\u00e9es.","sameAs":["https:\/\/elodiemazeau.fr\/"],"url":"https:\/\/bart-et-lemy.com\/blog\/auteur\/noname\/"}]}},"_links":{"self":[{"href":"https:\/\/bart-et-lemy.com\/blog\/wp-json\/wp\/v2\/posts\/9264","targetHints":{"allow":["GET"]}}],"collection":[{"href":"https:\/\/bart-et-lemy.com\/blog\/wp-json\/wp\/v2\/posts"}],"about":[{"href":"https:\/\/bart-et-lemy.com\/blog\/wp-json\/wp\/v2\/types\/post"}],"author":[{"embeddable":true,"href":"https:\/\/bart-et-lemy.com\/blog\/wp-json\/wp\/v2\/users\/34"}],"replies":[{"embeddable":true,"href":"https:\/\/bart-et-lemy.com\/blog\/wp-json\/wp\/v2\/comments?post=9264"}],"version-history":[{"count":1,"href":"https:\/\/bart-et-lemy.com\/blog\/wp-json\/wp\/v2\/posts\/9264\/revisions"}],"predecessor-version":[{"id":10546,"href":"https:\/\/bart-et-lemy.com\/blog\/wp-json\/wp\/v2\/posts\/9264\/revisions\/10546"}],"wp:featuredmedia":[{"embeddable":true,"href":"https:\/\/bart-et-lemy.com\/blog\/wp-json\/wp\/v2\/media\/11222"}],"wp:attachment":[{"href":"https:\/\/bart-et-lemy.com\/blog\/wp-json\/wp\/v2\/media?parent=9264"}],"wp:term":[{"taxonomy":"category","embeddable":true,"href":"https:\/\/bart-et-lemy.com\/blog\/wp-json\/wp\/v2\/categories?post=9264"},{"taxonomy":"post_tag","embeddable":true,"href":"https:\/\/bart-et-lemy.com\/blog\/wp-json\/wp\/v2\/tags?post=9264"}],"curies":[{"name":"wp","href":"https:\/\/api.w.org\/{rel}","templated":true}]}}