{"id":9272,"date":"2025-04-25T19:59:00","date_gmt":"2025-04-25T17:59:00","guid":{"rendered":"https:\/\/bart-et-lemy.com\/blog\/?p=9272"},"modified":"2025-02-11T19:46:29","modified_gmt":"2025-02-11T18:46:29","slug":"savon-dalep-pour-bebe-un-soin-naturel-et-doux","status":"publish","type":"post","link":"https:\/\/bart-et-lemy.com\/blog\/a-la-une\/savon-dalep-pour-bebe-un-soin-naturel-et-doux\/","title":{"rendered":"Savon d&rsquo;Alep pour B\u00e9b\u00e9 : Un Soin Naturel et Doux"},"content":{"rendered":"<h2>Introduction au savon d&rsquo;Alep pour b\u00e9b\u00e9<\/h2>\n<p>Le savon d&rsquo;Alep, un produit ancestral, \u00e9merge comme une solution douce et naturelle pour le bain des tout-petits. Mais qu&rsquo;est-ce qui rend ce savon si sp\u00e9cial ? D\u00e9couvrons ensemble ses bienfaits et son utilisation adapt\u00e9e aux b\u00e9b\u00e9s.<\/p>\n<h2>Qu&rsquo;est-ce que le savon d&rsquo;Alep ?<\/h2>\n<p>Originaire de la ville d&rsquo;Alep en Syrie, ce savon traditionnel est fabriqu\u00e9 \u00e0 partir d&rsquo;huile d&rsquo;olive et d&rsquo;huile de laurier. Sa composition simple et naturelle lui conf\u00e8re des propri\u00e9t\u00e9s exceptionnelles. Voici ce que vous devez savoir :<\/p>\n<blockquote class=\"wp-embedded-content\" data-secret=\"sv6Gp46zHN\"><p><a href=\"https:\/\/bart-et-lemy.com\/blog\/a-la-une\/guide-complet-sur-les-carriages-de-bebe-securite-confort-et-style\/\">Guide complet sur les carriages de b\u00e9b\u00e9 : s\u00e9curit\u00e9, confort et style<\/a><\/p><\/blockquote>\n<p><iframe loading=\"lazy\" class=\"wp-embedded-content\" sandbox=\"allow-scripts\" security=\"restricted\" style=\"position: absolute; visibility: hidden;\" title=\"\u00ab\u00a0Guide complet sur les carriages de b\u00e9b\u00e9 : s\u00e9curit\u00e9, confort et style\u00a0\u00bb &#8212; bart-et-lemy.com\" src=\"https:\/\/bart-et-lemy.com\/blog\/a-la-une\/guide-complet-sur-les-carriages-de-bebe-securite-confort-et-style\/embed\/#?secret=xaEHKUAgUJ#?secret=sv6Gp46zHN\" data-secret=\"sv6Gp46zHN\" width=\"600\" height=\"338\" frameborder=\"0\" marginwidth=\"0\" marginheight=\"0\" scrolling=\"no\"><\/iframe><\/p>\n<ul>\n<li><strong>Ingr\u00e9dients naturels :<\/strong> Le savon d&rsquo;Alep ne contient ni conservateurs, ni produits chimiques, ce qui le rend id\u00e9al pour les peaux sensibles des b\u00e9b\u00e9s.<\/li>\n<li><strong>Hydratation :<\/strong> Gr\u00e2ce \u00e0 l&rsquo;huile d&rsquo;olive, il hydrate et nourrit la peau, pr\u00e9venant ainsi la s\u00e9cheresse.<\/li>\n<li><strong>Antibact\u00e9rien :<\/strong> L&rsquo;huile de laurier poss\u00e8de des propri\u00e9t\u00e9s antibact\u00e9riennes qui prot\u00e8gent la peau d\u00e9licate des infections.<\/li>\n<\/ul>\n<h2>Les bienfaits du savon d&rsquo;Alep pour les b\u00e9b\u00e9s<\/h2>\n<p>Utiliser le savon d&rsquo;Alep pour votre b\u00e9b\u00e9 pr\u00e9sente plusieurs avantages notables. Il est important de choisir des produits adapt\u00e9s pour \u00e9viter les irritations. Voici quelques b\u00e9n\u00e9fices :<\/p>\n<blockquote><p>\u00ab La peau des b\u00e9b\u00e9s est particuli\u00e8rement vuln\u00e9rable, et le savon d&rsquo;Alep offre une protection naturelle tout en \u00e9tant doux. \u00bb<\/p><\/blockquote>\n<p>1. **\u00c9quilibre du pH** : Le savon d&rsquo;Alep respecte l&rsquo;\u00e9quilibre naturel du pH de la peau, ce qui est crucial pour \u00e9viter les irritations.<\/p>\n<p>2. **Facilite le bain** : Sa mousse l\u00e9g\u00e8re rend le moment du bain agr\u00e9able, tout en assurant un nettoyage en profondeur sans agresser la peau.<\/p>\n<blockquote class=\"wp-embedded-content\" data-secret=\"ne4dwiRCf0\"><p><a href=\"https:\/\/bart-et-lemy.com\/blog\/a-la-une\/comprendre-le-sommeil-des-bebes-conseils-pour-un-bebe-dormeur-heureux\/\">Comprendre le sommeil des b\u00e9b\u00e9s : conseils pour un b\u00e9b\u00e9 dormeur heureux<\/a><\/p><\/blockquote>\n<p><iframe loading=\"lazy\" class=\"wp-embedded-content\" sandbox=\"allow-scripts\" security=\"restricted\" style=\"position: absolute; visibility: hidden;\" title=\"\u00ab\u00a0Comprendre le sommeil des b\u00e9b\u00e9s : conseils pour un b\u00e9b\u00e9 dormeur heureux\u00a0\u00bb &#8212; bart-et-lemy.com\" src=\"https:\/\/bart-et-lemy.com\/blog\/a-la-une\/comprendre-le-sommeil-des-bebes-conseils-pour-un-bebe-dormeur-heureux\/embed\/#?secret=H8ZCE2qiq2#?secret=ne4dwiRCf0\" data-secret=\"ne4dwiRCf0\" width=\"600\" height=\"338\" frameborder=\"0\" marginwidth=\"0\" marginheight=\"0\" scrolling=\"no\"><\/iframe><\/p>\n<p>3. **Convient aux peaux atopiques** : Pour les b\u00e9b\u00e9s souffrant d&rsquo;ecz\u00e9ma ou d&rsquo;irritations cutan\u00e9es, ce savon peut aider \u00e0 apaiser et \u00e0 r\u00e9duire les rougeurs.<\/p>\n<h2>Comment utiliser le savon d&rsquo;Alep pour votre b\u00e9b\u00e9 ?<\/h2>\n<p>Utiliser le savon d&rsquo;Alep est simple, mais il est important de suivre quelques \u00e9tapes pour maximiser ses bienfaits :<\/p>\n<li><strong>Humidifiez la peau de votre b\u00e9b\u00e9<\/strong> : Avant d&rsquo;appliquer le savon, assurez-vous que la peau est l\u00e9g\u00e8rement humide.<\/li>\n<li><strong>Appliquez le savon<\/strong> : Frottez le savon sur les mains pour obtenir une mousse l\u00e9g\u00e8re, puis appliquez-la sur la peau de votre b\u00e9b\u00e9 en massant doucement.<\/li>\n<li><strong>Rincez soigneusement<\/strong> : Assurez-vous de bien rincer la peau pour \u00e9liminer toute trace de savon.<\/li>\n<li><strong>Hydratez si n\u00e9cessaire<\/strong> : Apr\u00e8s le bain, appliquez une cr\u00e8me hydratante adapt\u00e9e si la peau de votre b\u00e9b\u00e9 semble encore s\u00e8che.<\/li>\n<h2>Tableau r\u00e9capitulatif des propri\u00e9t\u00e9s du savon d&rsquo;Alep<\/h2>\n<table>\n<tr>\n<th>Propri\u00e9t\u00e9<\/th>\n<th>B\u00e9n\u00e9fice<\/th>\n<th>Adapt\u00e9 pour<\/th>\n<\/tr>\n<tr>\n<td>Ingr\u00e9dients naturels<\/td>\n<td>Pas de produits chimiques<\/td>\n<td>Tous types de peau<\/td>\n<\/tr>\n<tr>\n<td>Hydratation<\/td>\n<td>Pr\u00e9vention de la s\u00e9cheresse<\/td>\n<td>Peaux sensibles<\/td>\n<\/tr>\n<tr>\n<td>Antibact\u00e9rien<\/td>\n<td>Protection contre les infections<\/td>\n<td>Peaux irrit\u00e9es<\/td>\n<\/tr>\n<\/table>\n<h3>FAQ :<\/h3>\n<blockquote>\n<ul>\n<li><strong>Le savon d&rsquo;Alep est-il s\u00fbr pour les nouveau-n\u00e9s ?<\/strong>Oui, il est naturel et sans produits chimiques, donc id\u00e9al pour les nouveau-n\u00e9s.<\/li>\n<li><strong>Dois-je rincer le savon d&rsquo;Alep apr\u00e8s utilisation ?<\/strong>Oui, un rin\u00e7age soigneux est recommand\u00e9 pour \u00e9viter toute irritation.<\/li>\n<li><strong>Peut-on utiliser le savon d&rsquo;Alep tous les jours ?<\/strong>Oui, il convient \u00e0 un usage quotidien gr\u00e2ce \u00e0 sa douceur.<\/li>\n<li><strong>Le savon d&rsquo;Alep peut-il aider \u00e0 l&rsquo;ecz\u00e9ma ?<\/strong>Oui, ses propri\u00e9t\u00e9s apaisantes peuvent soulager les sympt\u00f4mes d&rsquo;ecz\u00e9ma.<\/li>\n<\/ul>\n<\/blockquote>\n<p>En conclusion, le savon d&rsquo;Alep repr\u00e9sente une alternative naturelle et efficace pour prendre soin de la peau fragile de votre b\u00e9b\u00e9. Sa composition simple et ses nombreux bienfaits en font un choix judicieux pour le bain quotidien. Pensez \u00e0 v\u00e9rifier l&rsquo;origine et la qualit\u00e9 du produit pour profiter au mieux de toutes ses vertus.<\/p>\n","protected":false},"excerpt":{"rendered":"","protected":false},"author":34,"featured_media":10784,"comment_status":"open","ping_status":"open","sticky":false,"template":"","format":"standard","meta":{"_acf_changed":false,"manual_indexmenow":false,"indexmenow_id_project":0,"footnotes":""},"categories":[1],"tags":[6354,4590,3015,2999,5041,6496],"class_list":["post-9272","post","type-post","status-publish","format-standard","has-post-thumbnail","hentry","category-a-la-une","tag-antibacterien","tag-bebe","tag-hydratation","tag-ingredients-naturels","tag-peaux-sensibles","tag-savon-dalep","generate-columns","tablet-grid-50","mobile-grid-100","grid-parent","grid-25"],"acf":[],"yoast_head":"<!-- This site is optimized with the Yoast SEO Premium plugin v21.3 (Yoast SEO v27.3) - https:\/\/yoast.com\/product\/yoast-seo-premium-wordpress\/ -->\n<title>Savon d&#039;Alep pour B\u00e9b\u00e9 : Un Soin Naturel et Doux<\/title>\n<meta name=\"description\" content=\"Le savon d&#039;Alep, un produit ancestral, \u00e9merge comme une solution douce et naturelle pour le bain des tout-petits.\" \/>\n<meta name=\"robots\" content=\"index, follow, max-snippet:-1, max-image-preview:large, max-video-preview:-1\" \/>\n<link rel=\"canonical\" href=\"https:\/\/bart-et-lemy.com\/blog\/a-la-une\/savon-dalep-pour-bebe-un-soin-naturel-et-doux\/\" \/>\n<meta property=\"og:locale\" content=\"fr_FR\" \/>\n<meta property=\"og:type\" content=\"article\" \/>\n<meta property=\"og:title\" content=\"Savon d&#039;Alep pour B\u00e9b\u00e9 : Un Soin Naturel et Doux\" \/>\n<meta property=\"og:description\" content=\"Le savon d&#039;Alep, un produit ancestral, \u00e9merge comme une solution douce et naturelle pour le bain des tout-petits.\" \/>\n<meta property=\"og:url\" content=\"https:\/\/bart-et-lemy.com\/blog\/a-la-une\/savon-dalep-pour-bebe-un-soin-naturel-et-doux\/\" \/>\n<meta property=\"og:site_name\" content=\"bart-et-lemy.com\" \/>\n<meta property=\"og:image\" content=\"https:\/\/bart-et-lemy.com\/blog\/wp-content\/uploads\/2025\/05\/sdxl-0bfaf4e2368e8f85d6efba8c4547ddea-scaled.png\" \/>\n\t<meta property=\"og:image:width\" content=\"1200\" \/>\n\t<meta property=\"og:image:height\" content=\"500\" \/>\n\t<meta property=\"og:image:type\" content=\"image\/png\" \/>\n<meta name=\"author\" content=\"Elodie Mazeau\" \/>\n<meta name=\"twitter:card\" content=\"summary_large_image\" \/>\n<script type=\"application\/ld+json\" class=\"yoast-schema-graph\">{\"@context\":\"https:\\\/\\\/schema.org\",\"@graph\":[{\"@type\":\"NewsArticle\",\"@id\":\"https:\\\/\\\/bart-et-lemy.com\\\/blog\\\/a-la-une\\\/savon-dalep-pour-bebe-un-soin-naturel-et-doux\\\/#article\",\"isPartOf\":{\"@id\":\"https:\\\/\\\/bart-et-lemy.com\\\/blog\\\/a-la-une\\\/savon-dalep-pour-bebe-un-soin-naturel-et-doux\\\/\"},\"author\":{\"name\":\"Elodie Mazeau\",\"@id\":\"https:\\\/\\\/bart-et-lemy.com\\\/blog\\\/#\\\/schema\\\/person\\\/3c864cdc320801e3db34b663e7e3f816\"},\"headline\":\"Savon d&rsquo;Alep pour B\u00e9b\u00e9 : Un Soin Naturel et Doux\",\"datePublished\":\"2025-04-25T17:59:00+00:00\",\"mainEntityOfPage\":{\"@id\":\"https:\\\/\\\/bart-et-lemy.com\\\/blog\\\/a-la-une\\\/savon-dalep-pour-bebe-un-soin-naturel-et-doux\\\/\"},\"wordCount\":650,\"commentCount\":21,\"publisher\":{\"@id\":\"https:\\\/\\\/bart-et-lemy.com\\\/blog\\\/#organization\"},\"image\":{\"@id\":\"https:\\\/\\\/bart-et-lemy.com\\\/blog\\\/a-la-une\\\/savon-dalep-pour-bebe-un-soin-naturel-et-doux\\\/#primaryimage\"},\"thumbnailUrl\":\"https:\\\/\\\/bart-et-lemy.com\\\/blog\\\/wp-content\\\/uploads\\\/2025\\\/05\\\/sdxl-0bfaf4e2368e8f85d6efba8c4547ddea-scaled.png\",\"keywords\":[\"Antibact\u00e9rien\",\"B\u00e9b\u00e9\",\"Hydratation\",\"Ingr\u00e9dients Naturels\",\"Peaux Sensibles\",\"Savon d'Alep\"],\"articleSection\":[\"\u00c0 la une\"],\"inLanguage\":\"fr-FR\",\"potentialAction\":[{\"@type\":\"CommentAction\",\"name\":\"Comment\",\"target\":[\"https:\\\/\\\/bart-et-lemy.com\\\/blog\\\/a-la-une\\\/savon-dalep-pour-bebe-un-soin-naturel-et-doux\\\/#respond\"]}]},{\"@type\":\"WebPage\",\"@id\":\"https:\\\/\\\/bart-et-lemy.com\\\/blog\\\/a-la-une\\\/savon-dalep-pour-bebe-un-soin-naturel-et-doux\\\/\",\"url\":\"https:\\\/\\\/bart-et-lemy.com\\\/blog\\\/a-la-une\\\/savon-dalep-pour-bebe-un-soin-naturel-et-doux\\\/\",\"name\":\"Savon d'Alep pour B\u00e9b\u00e9 : Un Soin Naturel et Doux\",\"isPartOf\":{\"@id\":\"https:\\\/\\\/bart-et-lemy.com\\\/blog\\\/#website\"},\"primaryImageOfPage\":{\"@id\":\"https:\\\/\\\/bart-et-lemy.com\\\/blog\\\/a-la-une\\\/savon-dalep-pour-bebe-un-soin-naturel-et-doux\\\/#primaryimage\"},\"image\":{\"@id\":\"https:\\\/\\\/bart-et-lemy.com\\\/blog\\\/a-la-une\\\/savon-dalep-pour-bebe-un-soin-naturel-et-doux\\\/#primaryimage\"},\"thumbnailUrl\":\"https:\\\/\\\/bart-et-lemy.com\\\/blog\\\/wp-content\\\/uploads\\\/2025\\\/05\\\/sdxl-0bfaf4e2368e8f85d6efba8c4547ddea-scaled.png\",\"datePublished\":\"2025-04-25T17:59:00+00:00\",\"description\":\"Le savon d'Alep, un produit ancestral, \u00e9merge comme une solution douce et naturelle pour le bain des tout-petits.\",\"inLanguage\":\"fr-FR\",\"potentialAction\":[{\"@type\":\"ReadAction\",\"target\":[\"https:\\\/\\\/bart-et-lemy.com\\\/blog\\\/a-la-une\\\/savon-dalep-pour-bebe-un-soin-naturel-et-doux\\\/\"]}]},{\"@type\":\"ImageObject\",\"inLanguage\":\"fr-FR\",\"@id\":\"https:\\\/\\\/bart-et-lemy.com\\\/blog\\\/a-la-une\\\/savon-dalep-pour-bebe-un-soin-naturel-et-doux\\\/#primaryimage\",\"url\":\"https:\\\/\\\/bart-et-lemy.com\\\/blog\\\/wp-content\\\/uploads\\\/2025\\\/05\\\/sdxl-0bfaf4e2368e8f85d6efba8c4547ddea-scaled.png\",\"contentUrl\":\"https:\\\/\\\/bart-et-lemy.com\\\/blog\\\/wp-content\\\/uploads\\\/2025\\\/05\\\/sdxl-0bfaf4e2368e8f85d6efba8c4547ddea-scaled.png\",\"width\":1200,\"height\":500},{\"@type\":\"WebSite\",\"@id\":\"https:\\\/\\\/bart-et-lemy.com\\\/blog\\\/#website\",\"url\":\"https:\\\/\\\/bart-et-lemy.com\\\/blog\\\/\",\"name\":\"Bart et Lemy\",\"description\":\"L\u2019originalit\u00e9 en toute libert\u00e9.\",\"publisher\":{\"@id\":\"https:\\\/\\\/bart-et-lemy.com\\\/blog\\\/#organization\"},\"alternateName\":\"Conseils parentaux, astuces famille et bien-\u00eatre enfant\",\"potentialAction\":[{\"@type\":\"SearchAction\",\"target\":{\"@type\":\"EntryPoint\",\"urlTemplate\":\"https:\\\/\\\/bart-et-lemy.com\\\/blog\\\/?s={search_term_string}\"},\"query-input\":{\"@type\":\"PropertyValueSpecification\",\"valueRequired\":true,\"valueName\":\"search_term_string\"}}],\"inLanguage\":\"fr-FR\"},{\"@type\":\"Organization\",\"@id\":\"https:\\\/\\\/bart-et-lemy.com\\\/blog\\\/#organization\",\"name\":\"Bart et Lemy\",\"alternateName\":\"bart-et-lemy.com\",\"url\":\"https:\\\/\\\/bart-et-lemy.com\\\/blog\\\/\",\"logo\":{\"@type\":\"ImageObject\",\"inLanguage\":\"fr-FR\",\"@id\":\"https:\\\/\\\/bart-et-lemy.com\\\/blog\\\/#\\\/schema\\\/logo\\\/image\\\/\",\"url\":\"https:\\\/\\\/bart-et-lemy.com\\\/blog\\\/wp-content\\\/uploads\\\/2026\\\/07\\\/logo-auto.png\",\"contentUrl\":\"https:\\\/\\\/bart-et-lemy.com\\\/blog\\\/wp-content\\\/uploads\\\/2026\\\/07\\\/logo-auto.png\",\"width\":1024,\"height\":1024,\"caption\":\"Bart et Lemy\"},\"image\":{\"@id\":\"https:\\\/\\\/bart-et-lemy.com\\\/blog\\\/#\\\/schema\\\/logo\\\/image\\\/\"}},{\"@type\":\"Person\",\"@id\":\"https:\\\/\\\/bart-et-lemy.com\\\/blog\\\/#\\\/schema\\\/person\\\/3c864cdc320801e3db34b663e7e3f816\",\"name\":\"Elodie Mazeau\",\"image\":{\"@type\":\"ImageObject\",\"inLanguage\":\"fr-FR\",\"@id\":\"https:\\\/\\\/bart-et-lemy.com\\\/blog\\\/wp-content\\\/uploads\\\/2026\\\/06\\\/persona_elodie-m-96x96.jpg\",\"url\":\"https:\\\/\\\/bart-et-lemy.com\\\/blog\\\/wp-content\\\/uploads\\\/2026\\\/06\\\/persona_elodie-m-96x96.jpg\",\"contentUrl\":\"https:\\\/\\\/bart-et-lemy.com\\\/blog\\\/wp-content\\\/uploads\\\/2026\\\/06\\\/persona_elodie-m-96x96.jpg\",\"caption\":\"Elodie Mazeau\"},\"description\":\"J'\u00e9cris sur la parentalit\u00e9 telle qu'elle se vit vraiment, du premier biberon aux premi\u00e8res col\u00e8res. Mes sujets de pr\u00e9dilection couvrent le quotidien des familles : sommeil, alimentation, organisation, pu\u00e9riculture et ces petites gal\u00e8res que tout parent conna\u00eet. Depuis plusieurs ann\u00e9es, je m'attache \u00e0 proposer des rep\u00e8res concrets plut\u00f4t que des le\u00e7ons, parce que chaque famille trouve son propre \u00e9quilibre. Je v\u00e9rifie mes informations aupr\u00e8s de sources fiables, surtout d\u00e8s qu'on touche \u00e0 la sant\u00e9 ou \u00e0 la s\u00e9curit\u00e9 de l'enfant, et je pr\u00e9cise quand un avis professionnel s'impose. J'\u00e9vite soigneusement la culpabilisation : \u00eatre parent est d\u00e9j\u00e0 assez exigeant. Mon ton se veut complice et bienveillant, un peu comme une discussion entre parents qui se comprennent. L'id\u00e9e est d'all\u00e9ger la charge mentale en donnant des solutions simples et test\u00e9es.\",\"sameAs\":[\"https:\\\/\\\/elodiemazeau.fr\\\/\"],\"url\":\"https:\\\/\\\/bart-et-lemy.com\\\/blog\\\/auteur\\\/noname\\\/\"}]}<\/script>\n<!-- \/ Yoast SEO Premium plugin. -->","yoast_head_json":{"title":"Savon d'Alep pour B\u00e9b\u00e9 : Un Soin Naturel et Doux","description":"Le savon d'Alep, un produit ancestral, \u00e9merge comme une solution douce et naturelle pour le bain des tout-petits.","robots":{"index":"index","follow":"follow","max-snippet":"max-snippet:-1","max-image-preview":"max-image-preview:large","max-video-preview":"max-video-preview:-1"},"canonical":"https:\/\/bart-et-lemy.com\/blog\/a-la-une\/savon-dalep-pour-bebe-un-soin-naturel-et-doux\/","og_locale":"fr_FR","og_type":"article","og_title":"Savon d'Alep pour B\u00e9b\u00e9 : Un Soin Naturel et Doux","og_description":"Le savon d'Alep, un produit ancestral, \u00e9merge comme une solution douce et naturelle pour le bain des tout-petits.","og_url":"https:\/\/bart-et-lemy.com\/blog\/a-la-une\/savon-dalep-pour-bebe-un-soin-naturel-et-doux\/","og_site_name":"bart-et-lemy.com","og_image":[{"width":1200,"height":500,"url":"https:\/\/bart-et-lemy.com\/blog\/wp-content\/uploads\/2025\/05\/sdxl-0bfaf4e2368e8f85d6efba8c4547ddea-scaled.png","type":"image\/png"}],"author":"Elodie Mazeau","twitter_card":"summary_large_image","schema":{"@context":"https:\/\/schema.org","@graph":[{"@type":"NewsArticle","@id":"https:\/\/bart-et-lemy.com\/blog\/a-la-une\/savon-dalep-pour-bebe-un-soin-naturel-et-doux\/#article","isPartOf":{"@id":"https:\/\/bart-et-lemy.com\/blog\/a-la-une\/savon-dalep-pour-bebe-un-soin-naturel-et-doux\/"},"author":{"name":"Elodie Mazeau","@id":"https:\/\/bart-et-lemy.com\/blog\/#\/schema\/person\/3c864cdc320801e3db34b663e7e3f816"},"headline":"Savon d&rsquo;Alep pour B\u00e9b\u00e9 : Un Soin Naturel et Doux","datePublished":"2025-04-25T17:59:00+00:00","mainEntityOfPage":{"@id":"https:\/\/bart-et-lemy.com\/blog\/a-la-une\/savon-dalep-pour-bebe-un-soin-naturel-et-doux\/"},"wordCount":650,"commentCount":21,"publisher":{"@id":"https:\/\/bart-et-lemy.com\/blog\/#organization"},"image":{"@id":"https:\/\/bart-et-lemy.com\/blog\/a-la-une\/savon-dalep-pour-bebe-un-soin-naturel-et-doux\/#primaryimage"},"thumbnailUrl":"https:\/\/bart-et-lemy.com\/blog\/wp-content\/uploads\/2025\/05\/sdxl-0bfaf4e2368e8f85d6efba8c4547ddea-scaled.png","keywords":["Antibact\u00e9rien","B\u00e9b\u00e9","Hydratation","Ingr\u00e9dients Naturels","Peaux Sensibles","Savon d'Alep"],"articleSection":["\u00c0 la une"],"inLanguage":"fr-FR","potentialAction":[{"@type":"CommentAction","name":"Comment","target":["https:\/\/bart-et-lemy.com\/blog\/a-la-une\/savon-dalep-pour-bebe-un-soin-naturel-et-doux\/#respond"]}]},{"@type":"WebPage","@id":"https:\/\/bart-et-lemy.com\/blog\/a-la-une\/savon-dalep-pour-bebe-un-soin-naturel-et-doux\/","url":"https:\/\/bart-et-lemy.com\/blog\/a-la-une\/savon-dalep-pour-bebe-un-soin-naturel-et-doux\/","name":"Savon d'Alep pour B\u00e9b\u00e9 : Un Soin Naturel et Doux","isPartOf":{"@id":"https:\/\/bart-et-lemy.com\/blog\/#website"},"primaryImageOfPage":{"@id":"https:\/\/bart-et-lemy.com\/blog\/a-la-une\/savon-dalep-pour-bebe-un-soin-naturel-et-doux\/#primaryimage"},"image":{"@id":"https:\/\/bart-et-lemy.com\/blog\/a-la-une\/savon-dalep-pour-bebe-un-soin-naturel-et-doux\/#primaryimage"},"thumbnailUrl":"https:\/\/bart-et-lemy.com\/blog\/wp-content\/uploads\/2025\/05\/sdxl-0bfaf4e2368e8f85d6efba8c4547ddea-scaled.png","datePublished":"2025-04-25T17:59:00+00:00","description":"Le savon d'Alep, un produit ancestral, \u00e9merge comme une solution douce et naturelle pour le bain des tout-petits.","inLanguage":"fr-FR","potentialAction":[{"@type":"ReadAction","target":["https:\/\/bart-et-lemy.com\/blog\/a-la-une\/savon-dalep-pour-bebe-un-soin-naturel-et-doux\/"]}]},{"@type":"ImageObject","inLanguage":"fr-FR","@id":"https:\/\/bart-et-lemy.com\/blog\/a-la-une\/savon-dalep-pour-bebe-un-soin-naturel-et-doux\/#primaryimage","url":"https:\/\/bart-et-lemy.com\/blog\/wp-content\/uploads\/2025\/05\/sdxl-0bfaf4e2368e8f85d6efba8c4547ddea-scaled.png","contentUrl":"https:\/\/bart-et-lemy.com\/blog\/wp-content\/uploads\/2025\/05\/sdxl-0bfaf4e2368e8f85d6efba8c4547ddea-scaled.png","width":1200,"height":500},{"@type":"WebSite","@id":"https:\/\/bart-et-lemy.com\/blog\/#website","url":"https:\/\/bart-et-lemy.com\/blog\/","name":"Bart et Lemy","description":"L\u2019originalit\u00e9 en toute libert\u00e9.","publisher":{"@id":"https:\/\/bart-et-lemy.com\/blog\/#organization"},"alternateName":"Conseils parentaux, astuces famille et bien-\u00eatre enfant","potentialAction":[{"@type":"SearchAction","target":{"@type":"EntryPoint","urlTemplate":"https:\/\/bart-et-lemy.com\/blog\/?s={search_term_string}"},"query-input":{"@type":"PropertyValueSpecification","valueRequired":true,"valueName":"search_term_string"}}],"inLanguage":"fr-FR"},{"@type":"Organization","@id":"https:\/\/bart-et-lemy.com\/blog\/#organization","name":"Bart et Lemy","alternateName":"bart-et-lemy.com","url":"https:\/\/bart-et-lemy.com\/blog\/","logo":{"@type":"ImageObject","inLanguage":"fr-FR","@id":"https:\/\/bart-et-lemy.com\/blog\/#\/schema\/logo\/image\/","url":"https:\/\/bart-et-lemy.com\/blog\/wp-content\/uploads\/2026\/07\/logo-auto.png","contentUrl":"https:\/\/bart-et-lemy.com\/blog\/wp-content\/uploads\/2026\/07\/logo-auto.png","width":1024,"height":1024,"caption":"Bart et Lemy"},"image":{"@id":"https:\/\/bart-et-lemy.com\/blog\/#\/schema\/logo\/image\/"}},{"@type":"Person","@id":"https:\/\/bart-et-lemy.com\/blog\/#\/schema\/person\/3c864cdc320801e3db34b663e7e3f816","name":"Elodie Mazeau","image":{"@type":"ImageObject","inLanguage":"fr-FR","@id":"https:\/\/bart-et-lemy.com\/blog\/wp-content\/uploads\/2026\/06\/persona_elodie-m-96x96.jpg","url":"https:\/\/bart-et-lemy.com\/blog\/wp-content\/uploads\/2026\/06\/persona_elodie-m-96x96.jpg","contentUrl":"https:\/\/bart-et-lemy.com\/blog\/wp-content\/uploads\/2026\/06\/persona_elodie-m-96x96.jpg","caption":"Elodie Mazeau"},"description":"J'\u00e9cris sur la parentalit\u00e9 telle qu'elle se vit vraiment, du premier biberon aux premi\u00e8res col\u00e8res. Mes sujets de pr\u00e9dilection couvrent le quotidien des familles : sommeil, alimentation, organisation, pu\u00e9riculture et ces petites gal\u00e8res que tout parent conna\u00eet. Depuis plusieurs ann\u00e9es, je m'attache \u00e0 proposer des rep\u00e8res concrets plut\u00f4t que des le\u00e7ons, parce que chaque famille trouve son propre \u00e9quilibre. Je v\u00e9rifie mes informations aupr\u00e8s de sources fiables, surtout d\u00e8s qu'on touche \u00e0 la sant\u00e9 ou \u00e0 la s\u00e9curit\u00e9 de l'enfant, et je pr\u00e9cise quand un avis professionnel s'impose. J'\u00e9vite soigneusement la culpabilisation : \u00eatre parent est d\u00e9j\u00e0 assez exigeant. Mon ton se veut complice et bienveillant, un peu comme une discussion entre parents qui se comprennent. L'id\u00e9e est d'all\u00e9ger la charge mentale en donnant des solutions simples et test\u00e9es.","sameAs":["https:\/\/elodiemazeau.fr\/"],"url":"https:\/\/bart-et-lemy.com\/blog\/auteur\/noname\/"}]}},"_links":{"self":[{"href":"https:\/\/bart-et-lemy.com\/blog\/wp-json\/wp\/v2\/posts\/9272","targetHints":{"allow":["GET"]}}],"collection":[{"href":"https:\/\/bart-et-lemy.com\/blog\/wp-json\/wp\/v2\/posts"}],"about":[{"href":"https:\/\/bart-et-lemy.com\/blog\/wp-json\/wp\/v2\/types\/post"}],"author":[{"embeddable":true,"href":"https:\/\/bart-et-lemy.com\/blog\/wp-json\/wp\/v2\/users\/34"}],"replies":[{"embeddable":true,"href":"https:\/\/bart-et-lemy.com\/blog\/wp-json\/wp\/v2\/comments?post=9272"}],"version-history":[{"count":1,"href":"https:\/\/bart-et-lemy.com\/blog\/wp-json\/wp\/v2\/posts\/9272\/revisions"}],"predecessor-version":[{"id":10613,"href":"https:\/\/bart-et-lemy.com\/blog\/wp-json\/wp\/v2\/posts\/9272\/revisions\/10613"}],"wp:featuredmedia":[{"embeddable":true,"href":"https:\/\/bart-et-lemy.com\/blog\/wp-json\/wp\/v2\/media\/10784"}],"wp:attachment":[{"href":"https:\/\/bart-et-lemy.com\/blog\/wp-json\/wp\/v2\/media?parent=9272"}],"wp:term":[{"taxonomy":"category","embeddable":true,"href":"https:\/\/bart-et-lemy.com\/blog\/wp-json\/wp\/v2\/categories?post=9272"},{"taxonomy":"post_tag","embeddable":true,"href":"https:\/\/bart-et-lemy.com\/blog\/wp-json\/wp\/v2\/tags?post=9272"}],"curies":[{"name":"wp","href":"https:\/\/api.w.org\/{rel}","templated":true}]}}