{"id":9277,"date":"2025-04-22T17:39:00","date_gmt":"2025-04-22T15:39:00","guid":{"rendered":"https:\/\/bart-et-lemy.com\/blog\/?p=9277"},"modified":"2025-02-11T20:05:21","modified_gmt":"2025-02-11T19:05:21","slug":"psy-pour-bebe-comprendre-limportance-de-la-sante-mentale-des-les-premiers-mois","status":"publish","type":"post","link":"https:\/\/bart-et-lemy.com\/blog\/a-la-une\/psy-pour-bebe-comprendre-limportance-de-la-sante-mentale-des-les-premiers-mois\/","title":{"rendered":"Psy pour b\u00e9b\u00e9 : Comprendre l&rsquo;importance de la sant\u00e9 mentale d\u00e8s les premiers mois"},"content":{"rendered":"<h2>Introduction : Pourquoi la sant\u00e9 mentale des b\u00e9b\u00e9s compte<\/h2>\n<p>En effet, les premi\u00e8res ann\u00e9es de vie sont d\u00e9cisives : elles fa\u00e7onnent les bases \u00e9motionnelles et psychologiques qui influenceront l&rsquo;enfant tout au long de sa vie. Mais comment comprendre et accompagner un b\u00e9b\u00e9 dans cette dimension ?<\/p>\n<h2>D\u00e9finition : Qu&rsquo;est-ce que la psychologie infantile ?<\/h2>\n<p>La psychologie infantile se concentre sur le comportement et le d\u00e9veloppement \u00e9motionnel des jeunes enfants. Elle englobe divers aspects, tels que :<\/p>\n<blockquote class=\"wp-embedded-content\" data-secret=\"ECHhJdl0mN\"><p><a href=\"https:\/\/bart-et-lemy.com\/blog\/a-la-une\/comment-gerer-un-bebe-taupe-dans-votre-jardin-guide-pratique-et-astuces\/\">Comment g\u00e9rer un b\u00e9b\u00e9 taupe dans votre jardin : guide pratique et astuces<\/a><\/p><\/blockquote>\n<p><iframe loading=\"lazy\" class=\"wp-embedded-content\" sandbox=\"allow-scripts\" security=\"restricted\" style=\"position: absolute; visibility: hidden;\" title=\"\u00ab\u00a0Comment g\u00e9rer un b\u00e9b\u00e9 taupe dans votre jardin : guide pratique et astuces\u00a0\u00bb &#8212; bart-et-lemy.com\" src=\"https:\/\/bart-et-lemy.com\/blog\/a-la-une\/comment-gerer-un-bebe-taupe-dans-votre-jardin-guide-pratique-et-astuces\/embed\/#?secret=8KpMMb1kP6#?secret=ECHhJdl0mN\" data-secret=\"ECHhJdl0mN\" width=\"600\" height=\"338\" frameborder=\"0\" marginwidth=\"0\" marginheight=\"0\" scrolling=\"no\"><\/iframe><\/p>\n<ul>\n<li>Le d\u00e9veloppement cognitif<\/li>\n<li>Les interactions sociales<\/li>\n<li>Les \u00e9motions et leur gestion<\/li>\n<\/ul>\n<p>Comprendre ces \u00e9l\u00e9ments permet d&rsquo;identifier les besoins sp\u00e9cifiques des b\u00e9b\u00e9s et d&rsquo;intervenir de mani\u00e8re appropri\u00e9e. Par exemple, un b\u00e9b\u00e9 qui pleure souvent peut exprimer un besoin de r\u00e9confort ou de s\u00e9curit\u00e9.<\/p>\n<h2>Les signes d&rsquo;alerte : Comment savoir si un b\u00e9b\u00e9 a besoin d&rsquo;aide psychologique ?<\/h2>\n<p>Il est important de rester attentif aux signes qui peuvent indiquer une d\u00e9tresse \u00e9motionnelle chez un b\u00e9b\u00e9. Parmi ces signes, on retrouve :<\/p>\n<ul>\n<li>Une irritabilit\u00e9 excessive<\/li>\n<li>Des troubles du sommeil<\/li>\n<li>Des difficult\u00e9s d&rsquo;alimentation<\/li>\n<\/ul>\n<p>Ces comportements peuvent signaler des difficult\u00e9s d&rsquo;adaptation. Dans ce cas, il est pr\u00e9f\u00e9rable de consulter un professionnel de la sant\u00e9.<\/p>\n<blockquote class=\"wp-embedded-content\" data-secret=\"lPUrvAqhkz\"><p><a href=\"https:\/\/bart-et-lemy.com\/blog\/a-la-une\/les-couches-lavables-pour-bebe-un-choix-eco-responsable-et-economique\/\">Les couches lavables pour b\u00e9b\u00e9 : un choix \u00e9co-responsable et \u00e9conomique<\/a><\/p><\/blockquote>\n<p><iframe loading=\"lazy\" class=\"wp-embedded-content\" sandbox=\"allow-scripts\" security=\"restricted\" style=\"position: absolute; visibility: hidden;\" title=\"\u00ab\u00a0Les couches lavables pour b\u00e9b\u00e9 : un choix \u00e9co-responsable et \u00e9conomique\u00a0\u00bb &#8212; bart-et-lemy.com\" src=\"https:\/\/bart-et-lemy.com\/blog\/a-la-une\/les-couches-lavables-pour-bebe-un-choix-eco-responsable-et-economique\/embed\/#?secret=Ef6s0yG0OY#?secret=lPUrvAqhkz\" data-secret=\"lPUrvAqhkz\" width=\"600\" height=\"338\" frameborder=\"0\" marginwidth=\"0\" marginheight=\"0\" scrolling=\"no\"><\/iframe><\/p>\n<h2>Les interventions possibles : Comment accompagner la sant\u00e9 mentale de votre b\u00e9b\u00e9 ?<\/h2>\n<p>Pour soutenir la sant\u00e9 mentale des b\u00e9b\u00e9s, plusieurs approches sont efficaces :<\/p>\n<ul>\n<li><strong>Favoriser un environnement s\u00e9curisant :<\/strong> Cr\u00e9er un espace calme et pr\u00e9visible aide les b\u00e9b\u00e9s \u00e0 se sentir en s\u00e9curit\u00e9.<\/li>\n<li><strong>Encourager les interactions :<\/strong> Les jeux et les \u00e9changes verbaux renforcent les liens affectifs.<\/li>\n<li><strong>Consulter un professionnel :<\/strong> Un psychologue sp\u00e9cialis\u00e9 peut apporter des conseils pr\u00e9cieux.<\/li>\n<\/ul>\n<p>Ces actions favorisent le d\u00e9veloppement d&rsquo;une base solide pour la sant\u00e9 mentale de l&rsquo;enfant.<\/p>\n<blockquote><p>\n    \u00ab\u00a0Les interactions pr\u00e9coces entre les parents et l&rsquo;enfant sont fondamentales pour un d\u00e9veloppement \u00e9motionnel sain.\u00a0\u00bb &#8211; Dr. Anne-Marie Dupont\n<\/p><\/blockquote>\n<h2>Tableau r\u00e9capitulatif des besoins psychologiques des b\u00e9b\u00e9s<\/h2>\n<table>\n<tr>\n<th>\u00c2ge<\/th>\n<th>Besoin principal<\/th>\n<th>Intervention sugg\u00e9r\u00e9e<\/th>\n<\/tr>\n<tr>\n<td>0-6 mois<\/td>\n<td>Affection et s\u00e9curit\u00e9<\/td>\n<td>Contact physique, c\u00e2lins<\/td>\n<\/tr>\n<tr>\n<td>6-12 mois<\/td>\n<td>Exploration et curiosit\u00e9<\/td>\n<td>Jeux d&rsquo;\u00e9veil, interaction<\/td>\n<\/tr>\n<tr>\n<td>12-24 mois<\/td>\n<td>Autonomie et ind\u00e9pendance<\/td>\n<td>Encouragement \u00e0 l&rsquo;exploration<\/td>\n<\/tr>\n<\/table>\n<h2>FAQ :<\/h2>\n<blockquote>\n<ul>\n<li><strong>\u00c0 quel \u00e2ge un b\u00e9b\u00e9 peut-il commencer \u00e0 montrer des signes de d\u00e9tresse \u00e9motionnelle ?<\/strong>Les premiers signes peuvent appara\u00eetre d\u00e8s les premiers mois.<\/li>\n<li><strong>Comment savoir si mon b\u00e9b\u00e9 a besoin d&rsquo;un psychologue ?<\/strong>S&rsquo;il pr\u00e9sente des comportements inqui\u00e9tants, une consultation peut \u00eatre n\u00e9cessaire.<\/li>\n<li><strong>Les jeux peuvent-ils aider \u00e0 d\u00e9velopper la sant\u00e9 mentale de mon b\u00e9b\u00e9 ?<\/strong>Oui, les jeux favorisent les interactions et le d\u00e9veloppement \u00e9motionnel.<\/li>\n<li><strong>Quelle est l&rsquo;importance de l&rsquo;attachement pour un b\u00e9b\u00e9 ?<\/strong>Un attachement s\u00e9curis\u00e9 est fondamental pour le d\u00e9veloppement affectif.<\/li>\n<\/ul>\n<\/blockquote>\n<h2>Conclusion : Investir dans le bien-\u00eatre psychologique de votre b\u00e9b\u00e9<\/h2>\n<p>Accompagner un b\u00e9b\u00e9 dans son d\u00e9veloppement psychologique s&rsquo;av\u00e8re essentiel. En observant attentivement ses besoins et en mettant en place des interventions adapt\u00e9es, les parents cr\u00e9ent un environnement propice \u00e0 l&rsquo;\u00e9panouissement \u00e9motionnel. Chaque geste compte et contribue \u00e0 b\u00e2tir des fondations solides pour le futur de l&rsquo;enfant.<\/p>\n","protected":false},"excerpt":{"rendered":"","protected":false},"author":34,"featured_media":10981,"comment_status":"open","ping_status":"open","sticky":false,"template":"","format":"standard","meta":{"_acf_changed":false,"manual_indexmenow":false,"indexmenow_id_project":0,"footnotes":""},"categories":[1],"tags":[5531,6503,4724,6502,6452,6501],"class_list":["post-9277","post","type-post","status-publish","format-standard","has-post-thumbnail","hentry","category-a-la-une","tag-attachement-securise","tag-besoin-de-reconfort","tag-developpement-emotionnel","tag-interventions-psychologiques","tag-psychologie-infantile","tag-sante-mentale","generate-columns","tablet-grid-50","mobile-grid-100","grid-parent","grid-25"],"acf":[],"yoast_head":"<!-- This site is optimized with the Yoast SEO Premium plugin v21.3 (Yoast SEO v27.3) - https:\/\/yoast.com\/product\/yoast-seo-premium-wordpress\/ -->\n<title>Psy pour b\u00e9b\u00e9 : Comprendre l&#039;importance de la sant\u00e9 mentale<\/title>\n<meta name=\"description\" content=\"En effet, les premi\u00e8res ann\u00e9es de vie sont d\u00e9cisives : elles fa\u00e7onnent les bases \u00e9motionnelles et psychologiques qui influenceront l&#039;enfant tout au long\u2026\" \/>\n<meta name=\"robots\" content=\"index, follow, max-snippet:-1, max-image-preview:large, max-video-preview:-1\" \/>\n<link rel=\"canonical\" href=\"https:\/\/bart-et-lemy.com\/blog\/a-la-une\/psy-pour-bebe-comprendre-limportance-de-la-sante-mentale-des-les-premiers-mois\/\" \/>\n<meta property=\"og:locale\" content=\"fr_FR\" \/>\n<meta property=\"og:type\" content=\"article\" \/>\n<meta property=\"og:title\" content=\"Psy pour b\u00e9b\u00e9 : Comprendre l&#039;importance de la sant\u00e9 mentale\" \/>\n<meta property=\"og:description\" content=\"En effet, les premi\u00e8res ann\u00e9es de vie sont d\u00e9cisives : elles fa\u00e7onnent les bases \u00e9motionnelles et psychologiques qui influenceront l&#039;enfant tout au long\u2026\" \/>\n<meta property=\"og:url\" content=\"https:\/\/bart-et-lemy.com\/blog\/a-la-une\/psy-pour-bebe-comprendre-limportance-de-la-sante-mentale-des-les-premiers-mois\/\" \/>\n<meta property=\"og:site_name\" content=\"bart-et-lemy.com\" \/>\n<meta property=\"og:image\" content=\"https:\/\/bart-et-lemy.com\/blog\/wp-content\/uploads\/2025\/05\/sdxl-8942bf915235786503bfe5a77ded582d-scaled.png\" \/>\n\t<meta property=\"og:image:width\" content=\"1200\" \/>\n\t<meta property=\"og:image:height\" content=\"500\" \/>\n\t<meta property=\"og:image:type\" content=\"image\/png\" \/>\n<meta name=\"author\" content=\"Elodie Mazeau\" \/>\n<meta name=\"twitter:card\" content=\"summary_large_image\" \/>\n<script type=\"application\/ld+json\" class=\"yoast-schema-graph\">{\"@context\":\"https:\\\/\\\/schema.org\",\"@graph\":[{\"@type\":\"NewsArticle\",\"@id\":\"https:\\\/\\\/bart-et-lemy.com\\\/blog\\\/a-la-une\\\/psy-pour-bebe-comprendre-limportance-de-la-sante-mentale-des-les-premiers-mois\\\/#article\",\"isPartOf\":{\"@id\":\"https:\\\/\\\/bart-et-lemy.com\\\/blog\\\/a-la-une\\\/psy-pour-bebe-comprendre-limportance-de-la-sante-mentale-des-les-premiers-mois\\\/\"},\"author\":{\"name\":\"Elodie Mazeau\",\"@id\":\"https:\\\/\\\/bart-et-lemy.com\\\/blog\\\/#\\\/schema\\\/person\\\/3c864cdc320801e3db34b663e7e3f816\"},\"headline\":\"Psy pour b\u00e9b\u00e9 : Comprendre l&rsquo;importance de la sant\u00e9 mentale d\u00e8s les premiers mois\",\"datePublished\":\"2025-04-22T15:39:00+00:00\",\"mainEntityOfPage\":{\"@id\":\"https:\\\/\\\/bart-et-lemy.com\\\/blog\\\/a-la-une\\\/psy-pour-bebe-comprendre-limportance-de-la-sante-mentale-des-les-premiers-mois\\\/\"},\"wordCount\":557,\"commentCount\":22,\"publisher\":{\"@id\":\"https:\\\/\\\/bart-et-lemy.com\\\/blog\\\/#organization\"},\"image\":{\"@id\":\"https:\\\/\\\/bart-et-lemy.com\\\/blog\\\/a-la-une\\\/psy-pour-bebe-comprendre-limportance-de-la-sante-mentale-des-les-premiers-mois\\\/#primaryimage\"},\"thumbnailUrl\":\"https:\\\/\\\/bart-et-lemy.com\\\/blog\\\/wp-content\\\/uploads\\\/2025\\\/05\\\/sdxl-8942bf915235786503bfe5a77ded582d-scaled.png\",\"keywords\":[\"Attachement S\u00e9curis\u00e9\",\"Besoin de R\u00e9confort\",\"D\u00e9veloppement \u00c9motionnel\",\"Interventions Psychologiques\",\"Psychologie Infantile\",\"Sant\u00e9 Mentale\"],\"articleSection\":[\"\u00c0 la une\"],\"inLanguage\":\"fr-FR\",\"potentialAction\":[{\"@type\":\"CommentAction\",\"name\":\"Comment\",\"target\":[\"https:\\\/\\\/bart-et-lemy.com\\\/blog\\\/a-la-une\\\/psy-pour-bebe-comprendre-limportance-de-la-sante-mentale-des-les-premiers-mois\\\/#respond\"]}]},{\"@type\":\"WebPage\",\"@id\":\"https:\\\/\\\/bart-et-lemy.com\\\/blog\\\/a-la-une\\\/psy-pour-bebe-comprendre-limportance-de-la-sante-mentale-des-les-premiers-mois\\\/\",\"url\":\"https:\\\/\\\/bart-et-lemy.com\\\/blog\\\/a-la-une\\\/psy-pour-bebe-comprendre-limportance-de-la-sante-mentale-des-les-premiers-mois\\\/\",\"name\":\"Psy pour b\u00e9b\u00e9 : Comprendre l'importance de la sant\u00e9 mentale\",\"isPartOf\":{\"@id\":\"https:\\\/\\\/bart-et-lemy.com\\\/blog\\\/#website\"},\"primaryImageOfPage\":{\"@id\":\"https:\\\/\\\/bart-et-lemy.com\\\/blog\\\/a-la-une\\\/psy-pour-bebe-comprendre-limportance-de-la-sante-mentale-des-les-premiers-mois\\\/#primaryimage\"},\"image\":{\"@id\":\"https:\\\/\\\/bart-et-lemy.com\\\/blog\\\/a-la-une\\\/psy-pour-bebe-comprendre-limportance-de-la-sante-mentale-des-les-premiers-mois\\\/#primaryimage\"},\"thumbnailUrl\":\"https:\\\/\\\/bart-et-lemy.com\\\/blog\\\/wp-content\\\/uploads\\\/2025\\\/05\\\/sdxl-8942bf915235786503bfe5a77ded582d-scaled.png\",\"datePublished\":\"2025-04-22T15:39:00+00:00\",\"description\":\"En effet, les premi\u00e8res ann\u00e9es de vie sont d\u00e9cisives : elles fa\u00e7onnent les bases \u00e9motionnelles et psychologiques qui influenceront l'enfant tout au long\u2026\",\"inLanguage\":\"fr-FR\",\"potentialAction\":[{\"@type\":\"ReadAction\",\"target\":[\"https:\\\/\\\/bart-et-lemy.com\\\/blog\\\/a-la-une\\\/psy-pour-bebe-comprendre-limportance-de-la-sante-mentale-des-les-premiers-mois\\\/\"]}]},{\"@type\":\"ImageObject\",\"inLanguage\":\"fr-FR\",\"@id\":\"https:\\\/\\\/bart-et-lemy.com\\\/blog\\\/a-la-une\\\/psy-pour-bebe-comprendre-limportance-de-la-sante-mentale-des-les-premiers-mois\\\/#primaryimage\",\"url\":\"https:\\\/\\\/bart-et-lemy.com\\\/blog\\\/wp-content\\\/uploads\\\/2025\\\/05\\\/sdxl-8942bf915235786503bfe5a77ded582d-scaled.png\",\"contentUrl\":\"https:\\\/\\\/bart-et-lemy.com\\\/blog\\\/wp-content\\\/uploads\\\/2025\\\/05\\\/sdxl-8942bf915235786503bfe5a77ded582d-scaled.png\",\"width\":1200,\"height\":500},{\"@type\":\"WebSite\",\"@id\":\"https:\\\/\\\/bart-et-lemy.com\\\/blog\\\/#website\",\"url\":\"https:\\\/\\\/bart-et-lemy.com\\\/blog\\\/\",\"name\":\"Bart et Lemy\",\"description\":\"L\u2019originalit\u00e9 en toute libert\u00e9.\",\"publisher\":{\"@id\":\"https:\\\/\\\/bart-et-lemy.com\\\/blog\\\/#organization\"},\"alternateName\":\"Conseils parentaux, astuces famille et bien-\u00eatre enfant\",\"potentialAction\":[{\"@type\":\"SearchAction\",\"target\":{\"@type\":\"EntryPoint\",\"urlTemplate\":\"https:\\\/\\\/bart-et-lemy.com\\\/blog\\\/?s={search_term_string}\"},\"query-input\":{\"@type\":\"PropertyValueSpecification\",\"valueRequired\":true,\"valueName\":\"search_term_string\"}}],\"inLanguage\":\"fr-FR\"},{\"@type\":\"Organization\",\"@id\":\"https:\\\/\\\/bart-et-lemy.com\\\/blog\\\/#organization\",\"name\":\"Bart et Lemy\",\"alternateName\":\"bart-et-lemy.com\",\"url\":\"https:\\\/\\\/bart-et-lemy.com\\\/blog\\\/\",\"logo\":{\"@type\":\"ImageObject\",\"inLanguage\":\"fr-FR\",\"@id\":\"https:\\\/\\\/bart-et-lemy.com\\\/blog\\\/#\\\/schema\\\/logo\\\/image\\\/\",\"url\":\"https:\\\/\\\/bart-et-lemy.com\\\/blog\\\/wp-content\\\/uploads\\\/2026\\\/07\\\/logo-auto.png\",\"contentUrl\":\"https:\\\/\\\/bart-et-lemy.com\\\/blog\\\/wp-content\\\/uploads\\\/2026\\\/07\\\/logo-auto.png\",\"width\":1024,\"height\":1024,\"caption\":\"Bart et Lemy\"},\"image\":{\"@id\":\"https:\\\/\\\/bart-et-lemy.com\\\/blog\\\/#\\\/schema\\\/logo\\\/image\\\/\"}},{\"@type\":\"Person\",\"@id\":\"https:\\\/\\\/bart-et-lemy.com\\\/blog\\\/#\\\/schema\\\/person\\\/3c864cdc320801e3db34b663e7e3f816\",\"name\":\"Elodie Mazeau\",\"image\":{\"@type\":\"ImageObject\",\"inLanguage\":\"fr-FR\",\"@id\":\"https:\\\/\\\/bart-et-lemy.com\\\/blog\\\/wp-content\\\/uploads\\\/2026\\\/06\\\/persona_elodie-m-96x96.jpg\",\"url\":\"https:\\\/\\\/bart-et-lemy.com\\\/blog\\\/wp-content\\\/uploads\\\/2026\\\/06\\\/persona_elodie-m-96x96.jpg\",\"contentUrl\":\"https:\\\/\\\/bart-et-lemy.com\\\/blog\\\/wp-content\\\/uploads\\\/2026\\\/06\\\/persona_elodie-m-96x96.jpg\",\"caption\":\"Elodie Mazeau\"},\"description\":\"J'\u00e9cris sur la parentalit\u00e9 telle qu'elle se vit vraiment, du premier biberon aux premi\u00e8res col\u00e8res. Mes sujets de pr\u00e9dilection couvrent le quotidien des familles : sommeil, alimentation, organisation, pu\u00e9riculture et ces petites gal\u00e8res que tout parent conna\u00eet. Depuis plusieurs ann\u00e9es, je m'attache \u00e0 proposer des rep\u00e8res concrets plut\u00f4t que des le\u00e7ons, parce que chaque famille trouve son propre \u00e9quilibre. Je v\u00e9rifie mes informations aupr\u00e8s de sources fiables, surtout d\u00e8s qu'on touche \u00e0 la sant\u00e9 ou \u00e0 la s\u00e9curit\u00e9 de l'enfant, et je pr\u00e9cise quand un avis professionnel s'impose. J'\u00e9vite soigneusement la culpabilisation : \u00eatre parent est d\u00e9j\u00e0 assez exigeant. Mon ton se veut complice et bienveillant, un peu comme une discussion entre parents qui se comprennent. L'id\u00e9e est d'all\u00e9ger la charge mentale en donnant des solutions simples et test\u00e9es.\",\"sameAs\":[\"https:\\\/\\\/elodiemazeau.fr\\\/\"],\"url\":\"https:\\\/\\\/bart-et-lemy.com\\\/blog\\\/auteur\\\/noname\\\/\"}]}<\/script>\n<!-- \/ Yoast SEO Premium plugin. -->","yoast_head_json":{"title":"Psy pour b\u00e9b\u00e9 : Comprendre l'importance de la sant\u00e9 mentale","description":"En effet, les premi\u00e8res ann\u00e9es de vie sont d\u00e9cisives : elles fa\u00e7onnent les bases \u00e9motionnelles et psychologiques qui influenceront l'enfant tout au long\u2026","robots":{"index":"index","follow":"follow","max-snippet":"max-snippet:-1","max-image-preview":"max-image-preview:large","max-video-preview":"max-video-preview:-1"},"canonical":"https:\/\/bart-et-lemy.com\/blog\/a-la-une\/psy-pour-bebe-comprendre-limportance-de-la-sante-mentale-des-les-premiers-mois\/","og_locale":"fr_FR","og_type":"article","og_title":"Psy pour b\u00e9b\u00e9 : Comprendre l'importance de la sant\u00e9 mentale","og_description":"En effet, les premi\u00e8res ann\u00e9es de vie sont d\u00e9cisives : elles fa\u00e7onnent les bases \u00e9motionnelles et psychologiques qui influenceront l'enfant tout au long\u2026","og_url":"https:\/\/bart-et-lemy.com\/blog\/a-la-une\/psy-pour-bebe-comprendre-limportance-de-la-sante-mentale-des-les-premiers-mois\/","og_site_name":"bart-et-lemy.com","og_image":[{"width":1200,"height":500,"url":"https:\/\/bart-et-lemy.com\/blog\/wp-content\/uploads\/2025\/05\/sdxl-8942bf915235786503bfe5a77ded582d-scaled.png","type":"image\/png"}],"author":"Elodie Mazeau","twitter_card":"summary_large_image","schema":{"@context":"https:\/\/schema.org","@graph":[{"@type":"NewsArticle","@id":"https:\/\/bart-et-lemy.com\/blog\/a-la-une\/psy-pour-bebe-comprendre-limportance-de-la-sante-mentale-des-les-premiers-mois\/#article","isPartOf":{"@id":"https:\/\/bart-et-lemy.com\/blog\/a-la-une\/psy-pour-bebe-comprendre-limportance-de-la-sante-mentale-des-les-premiers-mois\/"},"author":{"name":"Elodie Mazeau","@id":"https:\/\/bart-et-lemy.com\/blog\/#\/schema\/person\/3c864cdc320801e3db34b663e7e3f816"},"headline":"Psy pour b\u00e9b\u00e9 : Comprendre l&rsquo;importance de la sant\u00e9 mentale d\u00e8s les premiers mois","datePublished":"2025-04-22T15:39:00+00:00","mainEntityOfPage":{"@id":"https:\/\/bart-et-lemy.com\/blog\/a-la-une\/psy-pour-bebe-comprendre-limportance-de-la-sante-mentale-des-les-premiers-mois\/"},"wordCount":557,"commentCount":22,"publisher":{"@id":"https:\/\/bart-et-lemy.com\/blog\/#organization"},"image":{"@id":"https:\/\/bart-et-lemy.com\/blog\/a-la-une\/psy-pour-bebe-comprendre-limportance-de-la-sante-mentale-des-les-premiers-mois\/#primaryimage"},"thumbnailUrl":"https:\/\/bart-et-lemy.com\/blog\/wp-content\/uploads\/2025\/05\/sdxl-8942bf915235786503bfe5a77ded582d-scaled.png","keywords":["Attachement S\u00e9curis\u00e9","Besoin de R\u00e9confort","D\u00e9veloppement \u00c9motionnel","Interventions Psychologiques","Psychologie Infantile","Sant\u00e9 Mentale"],"articleSection":["\u00c0 la une"],"inLanguage":"fr-FR","potentialAction":[{"@type":"CommentAction","name":"Comment","target":["https:\/\/bart-et-lemy.com\/blog\/a-la-une\/psy-pour-bebe-comprendre-limportance-de-la-sante-mentale-des-les-premiers-mois\/#respond"]}]},{"@type":"WebPage","@id":"https:\/\/bart-et-lemy.com\/blog\/a-la-une\/psy-pour-bebe-comprendre-limportance-de-la-sante-mentale-des-les-premiers-mois\/","url":"https:\/\/bart-et-lemy.com\/blog\/a-la-une\/psy-pour-bebe-comprendre-limportance-de-la-sante-mentale-des-les-premiers-mois\/","name":"Psy pour b\u00e9b\u00e9 : Comprendre l'importance de la sant\u00e9 mentale","isPartOf":{"@id":"https:\/\/bart-et-lemy.com\/blog\/#website"},"primaryImageOfPage":{"@id":"https:\/\/bart-et-lemy.com\/blog\/a-la-une\/psy-pour-bebe-comprendre-limportance-de-la-sante-mentale-des-les-premiers-mois\/#primaryimage"},"image":{"@id":"https:\/\/bart-et-lemy.com\/blog\/a-la-une\/psy-pour-bebe-comprendre-limportance-de-la-sante-mentale-des-les-premiers-mois\/#primaryimage"},"thumbnailUrl":"https:\/\/bart-et-lemy.com\/blog\/wp-content\/uploads\/2025\/05\/sdxl-8942bf915235786503bfe5a77ded582d-scaled.png","datePublished":"2025-04-22T15:39:00+00:00","description":"En effet, les premi\u00e8res ann\u00e9es de vie sont d\u00e9cisives : elles fa\u00e7onnent les bases \u00e9motionnelles et psychologiques qui influenceront l'enfant tout au long\u2026","inLanguage":"fr-FR","potentialAction":[{"@type":"ReadAction","target":["https:\/\/bart-et-lemy.com\/blog\/a-la-une\/psy-pour-bebe-comprendre-limportance-de-la-sante-mentale-des-les-premiers-mois\/"]}]},{"@type":"ImageObject","inLanguage":"fr-FR","@id":"https:\/\/bart-et-lemy.com\/blog\/a-la-une\/psy-pour-bebe-comprendre-limportance-de-la-sante-mentale-des-les-premiers-mois\/#primaryimage","url":"https:\/\/bart-et-lemy.com\/blog\/wp-content\/uploads\/2025\/05\/sdxl-8942bf915235786503bfe5a77ded582d-scaled.png","contentUrl":"https:\/\/bart-et-lemy.com\/blog\/wp-content\/uploads\/2025\/05\/sdxl-8942bf915235786503bfe5a77ded582d-scaled.png","width":1200,"height":500},{"@type":"WebSite","@id":"https:\/\/bart-et-lemy.com\/blog\/#website","url":"https:\/\/bart-et-lemy.com\/blog\/","name":"Bart et Lemy","description":"L\u2019originalit\u00e9 en toute libert\u00e9.","publisher":{"@id":"https:\/\/bart-et-lemy.com\/blog\/#organization"},"alternateName":"Conseils parentaux, astuces famille et bien-\u00eatre enfant","potentialAction":[{"@type":"SearchAction","target":{"@type":"EntryPoint","urlTemplate":"https:\/\/bart-et-lemy.com\/blog\/?s={search_term_string}"},"query-input":{"@type":"PropertyValueSpecification","valueRequired":true,"valueName":"search_term_string"}}],"inLanguage":"fr-FR"},{"@type":"Organization","@id":"https:\/\/bart-et-lemy.com\/blog\/#organization","name":"Bart et Lemy","alternateName":"bart-et-lemy.com","url":"https:\/\/bart-et-lemy.com\/blog\/","logo":{"@type":"ImageObject","inLanguage":"fr-FR","@id":"https:\/\/bart-et-lemy.com\/blog\/#\/schema\/logo\/image\/","url":"https:\/\/bart-et-lemy.com\/blog\/wp-content\/uploads\/2026\/07\/logo-auto.png","contentUrl":"https:\/\/bart-et-lemy.com\/blog\/wp-content\/uploads\/2026\/07\/logo-auto.png","width":1024,"height":1024,"caption":"Bart et Lemy"},"image":{"@id":"https:\/\/bart-et-lemy.com\/blog\/#\/schema\/logo\/image\/"}},{"@type":"Person","@id":"https:\/\/bart-et-lemy.com\/blog\/#\/schema\/person\/3c864cdc320801e3db34b663e7e3f816","name":"Elodie Mazeau","image":{"@type":"ImageObject","inLanguage":"fr-FR","@id":"https:\/\/bart-et-lemy.com\/blog\/wp-content\/uploads\/2026\/06\/persona_elodie-m-96x96.jpg","url":"https:\/\/bart-et-lemy.com\/blog\/wp-content\/uploads\/2026\/06\/persona_elodie-m-96x96.jpg","contentUrl":"https:\/\/bart-et-lemy.com\/blog\/wp-content\/uploads\/2026\/06\/persona_elodie-m-96x96.jpg","caption":"Elodie Mazeau"},"description":"J'\u00e9cris sur la parentalit\u00e9 telle qu'elle se vit vraiment, du premier biberon aux premi\u00e8res col\u00e8res. Mes sujets de pr\u00e9dilection couvrent le quotidien des familles : sommeil, alimentation, organisation, pu\u00e9riculture et ces petites gal\u00e8res que tout parent conna\u00eet. Depuis plusieurs ann\u00e9es, je m'attache \u00e0 proposer des rep\u00e8res concrets plut\u00f4t que des le\u00e7ons, parce que chaque famille trouve son propre \u00e9quilibre. Je v\u00e9rifie mes informations aupr\u00e8s de sources fiables, surtout d\u00e8s qu'on touche \u00e0 la sant\u00e9 ou \u00e0 la s\u00e9curit\u00e9 de l'enfant, et je pr\u00e9cise quand un avis professionnel s'impose. J'\u00e9vite soigneusement la culpabilisation : \u00eatre parent est d\u00e9j\u00e0 assez exigeant. Mon ton se veut complice et bienveillant, un peu comme une discussion entre parents qui se comprennent. L'id\u00e9e est d'all\u00e9ger la charge mentale en donnant des solutions simples et test\u00e9es.","sameAs":["https:\/\/elodiemazeau.fr\/"],"url":"https:\/\/bart-et-lemy.com\/blog\/auteur\/noname\/"}]}},"_links":{"self":[{"href":"https:\/\/bart-et-lemy.com\/blog\/wp-json\/wp\/v2\/posts\/9277","targetHints":{"allow":["GET"]}}],"collection":[{"href":"https:\/\/bart-et-lemy.com\/blog\/wp-json\/wp\/v2\/posts"}],"about":[{"href":"https:\/\/bart-et-lemy.com\/blog\/wp-json\/wp\/v2\/types\/post"}],"author":[{"embeddable":true,"href":"https:\/\/bart-et-lemy.com\/blog\/wp-json\/wp\/v2\/users\/34"}],"replies":[{"embeddable":true,"href":"https:\/\/bart-et-lemy.com\/blog\/wp-json\/wp\/v2\/comments?post=9277"}],"version-history":[{"count":1,"href":"https:\/\/bart-et-lemy.com\/blog\/wp-json\/wp\/v2\/posts\/9277\/revisions"}],"predecessor-version":[{"id":10576,"href":"https:\/\/bart-et-lemy.com\/blog\/wp-json\/wp\/v2\/posts\/9277\/revisions\/10576"}],"wp:featuredmedia":[{"embeddable":true,"href":"https:\/\/bart-et-lemy.com\/blog\/wp-json\/wp\/v2\/media\/10981"}],"wp:attachment":[{"href":"https:\/\/bart-et-lemy.com\/blog\/wp-json\/wp\/v2\/media?parent=9277"}],"wp:term":[{"taxonomy":"category","embeddable":true,"href":"https:\/\/bart-et-lemy.com\/blog\/wp-json\/wp\/v2\/categories?post=9277"},{"taxonomy":"post_tag","embeddable":true,"href":"https:\/\/bart-et-lemy.com\/blog\/wp-json\/wp\/v2\/tags?post=9277"}],"curies":[{"name":"wp","href":"https:\/\/api.w.org\/{rel}","templated":true}]}}