{"id":9278,"date":"2025-04-29T17:59:00","date_gmt":"2025-04-29T15:59:00","guid":{"rendered":"https:\/\/bart-et-lemy.com\/blog\/?p=9278"},"modified":"2025-02-11T20:16:55","modified_gmt":"2025-02-11T19:16:55","slug":"comment-reussir-ladaptation-dune-creche-pour-un-bebe-allaite","status":"publish","type":"post","link":"https:\/\/bart-et-lemy.com\/blog\/a-la-une\/comment-reussir-ladaptation-dune-creche-pour-un-bebe-allaite\/","title":{"rendered":"Comment r\u00e9ussir l&rsquo;adaptation d&rsquo;une cr\u00e8che pour un b\u00e9b\u00e9 allait\u00e9"},"content":{"rendered":"<h2>Introduction<\/h2>\n<p>Comment concilier le besoin de socialisation de l&rsquo;enfant avec la continuit\u00e9 de l&rsquo;allaitement ? Cette question m\u00e9rite une attention particuli\u00e8re, car elle touche \u00e0 l&rsquo;\u00e9quilibre entre le bien-\u00eatre de l&rsquo;enfant et les obligations professionnelles des parents. Cet article explore les strat\u00e9gies efficaces pour r\u00e9ussir cette transition.<\/p>\n<h2>Comprendre l&rsquo;allaitement et ses b\u00e9n\u00e9fices<\/h2>\n<p>L&rsquo;allaitement exclusif, recommand\u00e9 jusqu&rsquo;\u00e0 six mois, offre de nombreux avantages pour le b\u00e9b\u00e9. Il renforce le syst\u00e8me immunitaire, favorise le lien m\u00e8re-enfant et assure une nutrition adapt\u00e9e. Cependant, l&rsquo;int\u00e9gration en cr\u00e8che ne doit pas \u00eatre synonyme d&rsquo;arr\u00eat brutal de l&rsquo;allaitement.<\/p>\n<blockquote class=\"wp-embedded-content\" data-secret=\"QGUbQbRUvp\"><p><a href=\"https:\/\/bart-et-lemy.com\/blog\/a-la-une\/bebe-au-lait-guide-pratique-pour-une-alimentation-saine-et-equilibree\/\">B\u00e9b\u00e9 au lait : Guide pratique pour une alimentation saine et \u00e9quilibr\u00e9e<\/a><\/p><\/blockquote>\n<p><iframe loading=\"lazy\" class=\"wp-embedded-content\" sandbox=\"allow-scripts\" security=\"restricted\" style=\"position: absolute; visibility: hidden;\" title=\"\u00ab\u00a0B\u00e9b\u00e9 au lait : Guide pratique pour une alimentation saine et \u00e9quilibr\u00e9e\u00a0\u00bb &#8212; bart-et-lemy.com\" src=\"https:\/\/bart-et-lemy.com\/blog\/a-la-une\/bebe-au-lait-guide-pratique-pour-une-alimentation-saine-et-equilibree\/embed\/#?secret=EX3iqq9AfP#?secret=QGUbQbRUvp\" data-secret=\"QGUbQbRUvp\" width=\"600\" height=\"338\" frameborder=\"0\" marginwidth=\"0\" marginheight=\"0\" scrolling=\"no\"><\/iframe><\/p>\n<p>Les p\u00e9diatres et les sp\u00e9cialistes du d\u00e9veloppement de l&rsquo;enfant s&rsquo;accordent \u00e0 dire que maintenir l&rsquo;allaitement, m\u00eame partiellement, durant les premi\u00e8res ann\u00e9es de vie est b\u00e9n\u00e9fique. Pour les b\u00e9b\u00e9s allait\u00e9s, un environnement de cr\u00e8che qui soutient cet acte est primordial.<\/p>\n<h2>Strat\u00e9gies pour une adaptation r\u00e9ussie<\/h2>\n<p>Voici quelques strat\u00e9gies pour faciliter l&rsquo;adaptation de votre b\u00e9b\u00e9 allait\u00e9 \u00e0 la cr\u00e8che :<\/p>\n<ul>\n<li><strong>Visites pr\u00e9alables :<\/strong> Avant la rentr\u00e9e, prenez le temps de visiter la cr\u00e8che avec votre enfant. Cela l&rsquo;aidera \u00e0 se familiariser avec les lieux.<\/li>\n<li><strong>Communication avec le personnel :<\/strong> Informez le personnel de cr\u00e8che de vos besoins en mati\u00e8re d&rsquo;allaitement. Expliquez-leur l&rsquo;importance de l&rsquo;allaitement pour votre enfant.<\/li>\n<li><strong>Pr\u00e9paration de la transition :<\/strong> Introduisez progressivement votre enfant \u00e0 la cr\u00e8che en commen\u00e7ant par des p\u00e9riodes courtes, puis en allongeant la dur\u00e9e.<\/li>\n<li><strong>Expression du lait :<\/strong> Si possible, exprimez votre lait et fournissez-le \u00e0 la cr\u00e8che pour que votre b\u00e9b\u00e9 puisse continuer \u00e0 b\u00e9n\u00e9ficier de votre lait pendant votre absence.<\/li>\n<\/ul>\n<h2>Le soutien des cr\u00e8ches<\/h2>\n<p>Il est essentiel que les cr\u00e8ches soient pr\u00e9par\u00e9es \u00e0 accueillir les b\u00e9b\u00e9s allait\u00e9s. Voici quelques \u00e9l\u00e9ments \u00e0 prendre en compte :<\/p>\n<blockquote class=\"wp-embedded-content\" data-secret=\"GH9nG2qBcO\"><p><a href=\"https:\/\/bart-et-lemy.com\/blog\/a-la-une\/guide-complet-sur-les-carriages-de-bebe-securite-confort-et-style\/\">Guide complet sur les carriages de b\u00e9b\u00e9 : s\u00e9curit\u00e9, confort et style<\/a><\/p><\/blockquote>\n<p><iframe loading=\"lazy\" class=\"wp-embedded-content\" sandbox=\"allow-scripts\" security=\"restricted\" style=\"position: absolute; visibility: hidden;\" title=\"\u00ab\u00a0Guide complet sur les carriages de b\u00e9b\u00e9 : s\u00e9curit\u00e9, confort et style\u00a0\u00bb &#8212; bart-et-lemy.com\" src=\"https:\/\/bart-et-lemy.com\/blog\/a-la-une\/guide-complet-sur-les-carriages-de-bebe-securite-confort-et-style\/embed\/#?secret=u5ts321shb#?secret=GH9nG2qBcO\" data-secret=\"GH9nG2qBcO\" width=\"600\" height=\"338\" frameborder=\"0\" marginwidth=\"0\" marginheight=\"0\" scrolling=\"no\"><\/iframe><\/p>\n<table>\n<tr>\n<th>\u00c9l\u00e9ment<\/th>\n<th>Importance<\/th>\n<th>Comment l&rsquo;impl\u00e9menter<\/th>\n<\/tr>\n<tr>\n<td>Formation du personnel<\/td>\n<td>Connaissance des pratiques d&rsquo;allaitement<\/td>\n<td>Organiser des sessions de formation sur l&rsquo;allaitement<\/td>\n<\/tr>\n<tr>\n<td>Espaces d\u00e9di\u00e9s<\/td>\n<td>Confort et confidentialit\u00e9 pour les m\u00e8res qui allaitent<\/td>\n<td>Cr\u00e9er des zones de repos et d&rsquo;allaitement<\/td>\n<\/tr>\n<tr>\n<td>Flexibilit\u00e9 des horaires<\/td>\n<td>Permettre des visites r\u00e9guli\u00e8res des m\u00e8res<\/td>\n<td>Mettre en place des horaires adapt\u00e9s pour les parents<\/td>\n<\/tr>\n<\/table>\n<h2>Impact sur le d\u00e9veloppement de l&rsquo;enfant<\/h2>\n<p>Les \u00e9tudes montrent que les b\u00e9b\u00e9s allait\u00e9s qui s&rsquo;adaptent bien \u00e0 la cr\u00e8che ont tendance \u00e0 mieux g\u00e9rer le stress et \u00e0 d\u00e9velopper de meilleures comp\u00e9tences sociales. Leur capacit\u00e9 \u00e0 s&rsquo;adapter \u00e0 de nouveaux environnements est renforc\u00e9e par la continuit\u00e9 de l&rsquo;allaitement et le soutien qu&rsquo;ils re\u00e7oivent.<\/p>\n<p>En maintenant un lien solide avec leur m\u00e8re tout en explorant de nouveaux espaces, ces enfants d\u00e9veloppent \u00e0 la fois leur autonomie et leur confiance en eux. Les cr\u00e8ches qui soutiennent l&rsquo;allaitement jouent un r\u00f4le cl\u00e9 dans ce processus de d\u00e9veloppement.<\/p>\n<blockquote>\n<p>\u00ab\u00a0L&rsquo;allaitement et la socialisation ne sont pas oppos\u00e9s, mais peuvent coexister harmonieusement.\u00a0\u00bb &#8211; Dr. Anne Dupont, p\u00e9diatre.<\/p>\n<\/blockquote>\n<h3>FAQ :<\/h3>\n<blockquote>\n<ul>\n<li><strong>Est-il possible d&rsquo;allaiter en cr\u00e8che ?<\/strong>Oui, de nombreuses cr\u00e8ches acceptent l&rsquo;allaitement et mettent en place des mesures pour le soutenir.<\/li>\n<li><strong>Comment pr\u00e9parer mon b\u00e9b\u00e9 \u00e0 la cr\u00e8che ?<\/strong>Faites des visites pr\u00e9alables et commencez par des p\u00e9riodes d&rsquo;adaptation courtes.<\/li>\n<li><strong>Que faire si mon b\u00e9b\u00e9 refuse le biberon ?<\/strong>Essayez diff\u00e9rents types de biberons et assurez-vous que le lait maternel est bien frais.<\/li>\n<li><strong>Le personnel de cr\u00e8che doit-il \u00eatre form\u00e9 sur l&rsquo;allaitement ?<\/strong>Oui, une formation peut aider le personnel \u00e0 mieux comprendre et soutenir les besoins des b\u00e9b\u00e9s allait\u00e9s.<\/li>\n<\/ul>\n<\/blockquote>\n<p>En conclusion, r\u00e9ussir l&rsquo;adaptation d&rsquo;une cr\u00e8che pour un b\u00e9b\u00e9 allait\u00e9 n\u00e9cessite une pr\u00e9paration ad\u00e9quate et une bonne communication entre parents et personnel de cr\u00e8che. En mettant en place des strat\u00e9gies efficaces, il est tout \u00e0 fait possible de concilier l&rsquo;allaitement et l&rsquo;int\u00e9gration en collectivit\u00e9. <\/p>\n","protected":false},"excerpt":{"rendered":"","protected":false},"author":34,"featured_media":11102,"comment_status":"open","ping_status":"open","sticky":false,"template":"","format":"standard","meta":{"_acf_changed":false,"manual_indexmenow":false,"indexmenow_id_project":0,"footnotes":""},"categories":[1],"tags":[5043,4590,5265,4805,4583,5260],"class_list":["post-9278","post","type-post","status-publish","format-standard","has-post-thumbnail","hentry","category-a-la-une","tag-allaitement","tag-bebe","tag-creche","tag-developpement","tag-socialisation","tag-transition","generate-columns","tablet-grid-50","mobile-grid-100","grid-parent","grid-25"],"acf":[],"yoast_head":"<!-- This site is optimized with the Yoast SEO Premium plugin v21.3 (Yoast SEO v27.3) - https:\/\/yoast.com\/product\/yoast-seo-premium-wordpress\/ -->\n<title>Comment r\u00e9ussir l&#039;adaptation d&#039;une cr\u00e8che pour un b\u00e9b\u00e9<\/title>\n<meta name=\"description\" content=\"Comment concilier le besoin de socialisation de l&#039;enfant avec la continuit\u00e9 de l&#039;allaitement ?\" \/>\n<meta name=\"robots\" content=\"index, follow, max-snippet:-1, max-image-preview:large, max-video-preview:-1\" \/>\n<link rel=\"canonical\" href=\"https:\/\/bart-et-lemy.com\/blog\/a-la-une\/comment-reussir-ladaptation-dune-creche-pour-un-bebe-allaite\/\" \/>\n<meta property=\"og:locale\" content=\"fr_FR\" \/>\n<meta property=\"og:type\" content=\"article\" \/>\n<meta property=\"og:title\" content=\"Comment r\u00e9ussir l&#039;adaptation d&#039;une cr\u00e8che pour un b\u00e9b\u00e9\" \/>\n<meta property=\"og:description\" content=\"Comment concilier le besoin de socialisation de l&#039;enfant avec la continuit\u00e9 de l&#039;allaitement ?\" \/>\n<meta property=\"og:url\" content=\"https:\/\/bart-et-lemy.com\/blog\/a-la-une\/comment-reussir-ladaptation-dune-creche-pour-un-bebe-allaite\/\" \/>\n<meta property=\"og:site_name\" content=\"bart-et-lemy.com\" \/>\n<meta property=\"og:image\" content=\"https:\/\/bart-et-lemy.com\/blog\/wp-content\/uploads\/2025\/05\/sdxl-53dc8583bc1cad85991e93f219e8e7bf-scaled.png\" \/>\n\t<meta property=\"og:image:width\" content=\"1200\" \/>\n\t<meta property=\"og:image:height\" content=\"500\" \/>\n\t<meta property=\"og:image:type\" content=\"image\/png\" \/>\n<meta name=\"author\" content=\"Elodie Mazeau\" \/>\n<meta name=\"twitter:card\" content=\"summary_large_image\" \/>\n<script type=\"application\/ld+json\" class=\"yoast-schema-graph\">{\"@context\":\"https:\\\/\\\/schema.org\",\"@graph\":[{\"@type\":\"NewsArticle\",\"@id\":\"https:\\\/\\\/bart-et-lemy.com\\\/blog\\\/a-la-une\\\/comment-reussir-ladaptation-dune-creche-pour-un-bebe-allaite\\\/#article\",\"isPartOf\":{\"@id\":\"https:\\\/\\\/bart-et-lemy.com\\\/blog\\\/a-la-une\\\/comment-reussir-ladaptation-dune-creche-pour-un-bebe-allaite\\\/\"},\"author\":{\"name\":\"Elodie Mazeau\",\"@id\":\"https:\\\/\\\/bart-et-lemy.com\\\/blog\\\/#\\\/schema\\\/person\\\/3c864cdc320801e3db34b663e7e3f816\"},\"headline\":\"Comment r\u00e9ussir l&rsquo;adaptation d&rsquo;une cr\u00e8che pour un b\u00e9b\u00e9 allait\u00e9\",\"datePublished\":\"2025-04-29T15:59:00+00:00\",\"mainEntityOfPage\":{\"@id\":\"https:\\\/\\\/bart-et-lemy.com\\\/blog\\\/a-la-une\\\/comment-reussir-ladaptation-dune-creche-pour-un-bebe-allaite\\\/\"},\"wordCount\":707,\"commentCount\":22,\"publisher\":{\"@id\":\"https:\\\/\\\/bart-et-lemy.com\\\/blog\\\/#organization\"},\"image\":{\"@id\":\"https:\\\/\\\/bart-et-lemy.com\\\/blog\\\/a-la-une\\\/comment-reussir-ladaptation-dune-creche-pour-un-bebe-allaite\\\/#primaryimage\"},\"thumbnailUrl\":\"https:\\\/\\\/bart-et-lemy.com\\\/blog\\\/wp-content\\\/uploads\\\/2025\\\/05\\\/sdxl-53dc8583bc1cad85991e93f219e8e7bf-scaled.png\",\"keywords\":[\"Allaitement\",\"B\u00e9b\u00e9\",\"Cr\u00e8che\",\"D\u00e9veloppement\",\"Socialisation\",\"Transition\"],\"articleSection\":[\"\u00c0 la une\"],\"inLanguage\":\"fr-FR\",\"potentialAction\":[{\"@type\":\"CommentAction\",\"name\":\"Comment\",\"target\":[\"https:\\\/\\\/bart-et-lemy.com\\\/blog\\\/a-la-une\\\/comment-reussir-ladaptation-dune-creche-pour-un-bebe-allaite\\\/#respond\"]}]},{\"@type\":\"WebPage\",\"@id\":\"https:\\\/\\\/bart-et-lemy.com\\\/blog\\\/a-la-une\\\/comment-reussir-ladaptation-dune-creche-pour-un-bebe-allaite\\\/\",\"url\":\"https:\\\/\\\/bart-et-lemy.com\\\/blog\\\/a-la-une\\\/comment-reussir-ladaptation-dune-creche-pour-un-bebe-allaite\\\/\",\"name\":\"Comment r\u00e9ussir l'adaptation d'une cr\u00e8che pour un b\u00e9b\u00e9\",\"isPartOf\":{\"@id\":\"https:\\\/\\\/bart-et-lemy.com\\\/blog\\\/#website\"},\"primaryImageOfPage\":{\"@id\":\"https:\\\/\\\/bart-et-lemy.com\\\/blog\\\/a-la-une\\\/comment-reussir-ladaptation-dune-creche-pour-un-bebe-allaite\\\/#primaryimage\"},\"image\":{\"@id\":\"https:\\\/\\\/bart-et-lemy.com\\\/blog\\\/a-la-une\\\/comment-reussir-ladaptation-dune-creche-pour-un-bebe-allaite\\\/#primaryimage\"},\"thumbnailUrl\":\"https:\\\/\\\/bart-et-lemy.com\\\/blog\\\/wp-content\\\/uploads\\\/2025\\\/05\\\/sdxl-53dc8583bc1cad85991e93f219e8e7bf-scaled.png\",\"datePublished\":\"2025-04-29T15:59:00+00:00\",\"description\":\"Comment concilier le besoin de socialisation de l'enfant avec la continuit\u00e9 de l'allaitement ?\",\"inLanguage\":\"fr-FR\",\"potentialAction\":[{\"@type\":\"ReadAction\",\"target\":[\"https:\\\/\\\/bart-et-lemy.com\\\/blog\\\/a-la-une\\\/comment-reussir-ladaptation-dune-creche-pour-un-bebe-allaite\\\/\"]}]},{\"@type\":\"ImageObject\",\"inLanguage\":\"fr-FR\",\"@id\":\"https:\\\/\\\/bart-et-lemy.com\\\/blog\\\/a-la-une\\\/comment-reussir-ladaptation-dune-creche-pour-un-bebe-allaite\\\/#primaryimage\",\"url\":\"https:\\\/\\\/bart-et-lemy.com\\\/blog\\\/wp-content\\\/uploads\\\/2025\\\/05\\\/sdxl-53dc8583bc1cad85991e93f219e8e7bf-scaled.png\",\"contentUrl\":\"https:\\\/\\\/bart-et-lemy.com\\\/blog\\\/wp-content\\\/uploads\\\/2025\\\/05\\\/sdxl-53dc8583bc1cad85991e93f219e8e7bf-scaled.png\",\"width\":1200,\"height\":500},{\"@type\":\"WebSite\",\"@id\":\"https:\\\/\\\/bart-et-lemy.com\\\/blog\\\/#website\",\"url\":\"https:\\\/\\\/bart-et-lemy.com\\\/blog\\\/\",\"name\":\"Bart et Lemy\",\"description\":\"L\u2019originalit\u00e9 en toute libert\u00e9.\",\"publisher\":{\"@id\":\"https:\\\/\\\/bart-et-lemy.com\\\/blog\\\/#organization\"},\"alternateName\":\"Conseils parentaux, astuces famille et bien-\u00eatre enfant\",\"potentialAction\":[{\"@type\":\"SearchAction\",\"target\":{\"@type\":\"EntryPoint\",\"urlTemplate\":\"https:\\\/\\\/bart-et-lemy.com\\\/blog\\\/?s={search_term_string}\"},\"query-input\":{\"@type\":\"PropertyValueSpecification\",\"valueRequired\":true,\"valueName\":\"search_term_string\"}}],\"inLanguage\":\"fr-FR\"},{\"@type\":\"Organization\",\"@id\":\"https:\\\/\\\/bart-et-lemy.com\\\/blog\\\/#organization\",\"name\":\"Bart et Lemy\",\"alternateName\":\"bart-et-lemy.com\",\"url\":\"https:\\\/\\\/bart-et-lemy.com\\\/blog\\\/\",\"logo\":{\"@type\":\"ImageObject\",\"inLanguage\":\"fr-FR\",\"@id\":\"https:\\\/\\\/bart-et-lemy.com\\\/blog\\\/#\\\/schema\\\/logo\\\/image\\\/\",\"url\":\"https:\\\/\\\/bart-et-lemy.com\\\/blog\\\/wp-content\\\/uploads\\\/2026\\\/07\\\/logo-auto.png\",\"contentUrl\":\"https:\\\/\\\/bart-et-lemy.com\\\/blog\\\/wp-content\\\/uploads\\\/2026\\\/07\\\/logo-auto.png\",\"width\":1024,\"height\":1024,\"caption\":\"Bart et Lemy\"},\"image\":{\"@id\":\"https:\\\/\\\/bart-et-lemy.com\\\/blog\\\/#\\\/schema\\\/logo\\\/image\\\/\"}},{\"@type\":\"Person\",\"@id\":\"https:\\\/\\\/bart-et-lemy.com\\\/blog\\\/#\\\/schema\\\/person\\\/3c864cdc320801e3db34b663e7e3f816\",\"name\":\"Elodie Mazeau\",\"image\":{\"@type\":\"ImageObject\",\"inLanguage\":\"fr-FR\",\"@id\":\"https:\\\/\\\/bart-et-lemy.com\\\/blog\\\/wp-content\\\/uploads\\\/2026\\\/06\\\/persona_elodie-m-96x96.jpg\",\"url\":\"https:\\\/\\\/bart-et-lemy.com\\\/blog\\\/wp-content\\\/uploads\\\/2026\\\/06\\\/persona_elodie-m-96x96.jpg\",\"contentUrl\":\"https:\\\/\\\/bart-et-lemy.com\\\/blog\\\/wp-content\\\/uploads\\\/2026\\\/06\\\/persona_elodie-m-96x96.jpg\",\"caption\":\"Elodie Mazeau\"},\"description\":\"J'\u00e9cris sur la parentalit\u00e9 telle qu'elle se vit vraiment, du premier biberon aux premi\u00e8res col\u00e8res. Mes sujets de pr\u00e9dilection couvrent le quotidien des familles : sommeil, alimentation, organisation, pu\u00e9riculture et ces petites gal\u00e8res que tout parent conna\u00eet. Depuis plusieurs ann\u00e9es, je m'attache \u00e0 proposer des rep\u00e8res concrets plut\u00f4t que des le\u00e7ons, parce que chaque famille trouve son propre \u00e9quilibre. Je v\u00e9rifie mes informations aupr\u00e8s de sources fiables, surtout d\u00e8s qu'on touche \u00e0 la sant\u00e9 ou \u00e0 la s\u00e9curit\u00e9 de l'enfant, et je pr\u00e9cise quand un avis professionnel s'impose. J'\u00e9vite soigneusement la culpabilisation : \u00eatre parent est d\u00e9j\u00e0 assez exigeant. Mon ton se veut complice et bienveillant, un peu comme une discussion entre parents qui se comprennent. L'id\u00e9e est d'all\u00e9ger la charge mentale en donnant des solutions simples et test\u00e9es.\",\"sameAs\":[\"https:\\\/\\\/elodiemazeau.fr\\\/\"],\"url\":\"https:\\\/\\\/bart-et-lemy.com\\\/blog\\\/auteur\\\/noname\\\/\"}]}<\/script>\n<!-- \/ Yoast SEO Premium plugin. -->","yoast_head_json":{"title":"Comment r\u00e9ussir l'adaptation d'une cr\u00e8che pour un b\u00e9b\u00e9","description":"Comment concilier le besoin de socialisation de l'enfant avec la continuit\u00e9 de l'allaitement ?","robots":{"index":"index","follow":"follow","max-snippet":"max-snippet:-1","max-image-preview":"max-image-preview:large","max-video-preview":"max-video-preview:-1"},"canonical":"https:\/\/bart-et-lemy.com\/blog\/a-la-une\/comment-reussir-ladaptation-dune-creche-pour-un-bebe-allaite\/","og_locale":"fr_FR","og_type":"article","og_title":"Comment r\u00e9ussir l'adaptation d'une cr\u00e8che pour un b\u00e9b\u00e9","og_description":"Comment concilier le besoin de socialisation de l'enfant avec la continuit\u00e9 de l'allaitement ?","og_url":"https:\/\/bart-et-lemy.com\/blog\/a-la-une\/comment-reussir-ladaptation-dune-creche-pour-un-bebe-allaite\/","og_site_name":"bart-et-lemy.com","og_image":[{"width":1200,"height":500,"url":"https:\/\/bart-et-lemy.com\/blog\/wp-content\/uploads\/2025\/05\/sdxl-53dc8583bc1cad85991e93f219e8e7bf-scaled.png","type":"image\/png"}],"author":"Elodie Mazeau","twitter_card":"summary_large_image","schema":{"@context":"https:\/\/schema.org","@graph":[{"@type":"NewsArticle","@id":"https:\/\/bart-et-lemy.com\/blog\/a-la-une\/comment-reussir-ladaptation-dune-creche-pour-un-bebe-allaite\/#article","isPartOf":{"@id":"https:\/\/bart-et-lemy.com\/blog\/a-la-une\/comment-reussir-ladaptation-dune-creche-pour-un-bebe-allaite\/"},"author":{"name":"Elodie Mazeau","@id":"https:\/\/bart-et-lemy.com\/blog\/#\/schema\/person\/3c864cdc320801e3db34b663e7e3f816"},"headline":"Comment r\u00e9ussir l&rsquo;adaptation d&rsquo;une cr\u00e8che pour un b\u00e9b\u00e9 allait\u00e9","datePublished":"2025-04-29T15:59:00+00:00","mainEntityOfPage":{"@id":"https:\/\/bart-et-lemy.com\/blog\/a-la-une\/comment-reussir-ladaptation-dune-creche-pour-un-bebe-allaite\/"},"wordCount":707,"commentCount":22,"publisher":{"@id":"https:\/\/bart-et-lemy.com\/blog\/#organization"},"image":{"@id":"https:\/\/bart-et-lemy.com\/blog\/a-la-une\/comment-reussir-ladaptation-dune-creche-pour-un-bebe-allaite\/#primaryimage"},"thumbnailUrl":"https:\/\/bart-et-lemy.com\/blog\/wp-content\/uploads\/2025\/05\/sdxl-53dc8583bc1cad85991e93f219e8e7bf-scaled.png","keywords":["Allaitement","B\u00e9b\u00e9","Cr\u00e8che","D\u00e9veloppement","Socialisation","Transition"],"articleSection":["\u00c0 la une"],"inLanguage":"fr-FR","potentialAction":[{"@type":"CommentAction","name":"Comment","target":["https:\/\/bart-et-lemy.com\/blog\/a-la-une\/comment-reussir-ladaptation-dune-creche-pour-un-bebe-allaite\/#respond"]}]},{"@type":"WebPage","@id":"https:\/\/bart-et-lemy.com\/blog\/a-la-une\/comment-reussir-ladaptation-dune-creche-pour-un-bebe-allaite\/","url":"https:\/\/bart-et-lemy.com\/blog\/a-la-une\/comment-reussir-ladaptation-dune-creche-pour-un-bebe-allaite\/","name":"Comment r\u00e9ussir l'adaptation d'une cr\u00e8che pour un b\u00e9b\u00e9","isPartOf":{"@id":"https:\/\/bart-et-lemy.com\/blog\/#website"},"primaryImageOfPage":{"@id":"https:\/\/bart-et-lemy.com\/blog\/a-la-une\/comment-reussir-ladaptation-dune-creche-pour-un-bebe-allaite\/#primaryimage"},"image":{"@id":"https:\/\/bart-et-lemy.com\/blog\/a-la-une\/comment-reussir-ladaptation-dune-creche-pour-un-bebe-allaite\/#primaryimage"},"thumbnailUrl":"https:\/\/bart-et-lemy.com\/blog\/wp-content\/uploads\/2025\/05\/sdxl-53dc8583bc1cad85991e93f219e8e7bf-scaled.png","datePublished":"2025-04-29T15:59:00+00:00","description":"Comment concilier le besoin de socialisation de l'enfant avec la continuit\u00e9 de l'allaitement ?","inLanguage":"fr-FR","potentialAction":[{"@type":"ReadAction","target":["https:\/\/bart-et-lemy.com\/blog\/a-la-une\/comment-reussir-ladaptation-dune-creche-pour-un-bebe-allaite\/"]}]},{"@type":"ImageObject","inLanguage":"fr-FR","@id":"https:\/\/bart-et-lemy.com\/blog\/a-la-une\/comment-reussir-ladaptation-dune-creche-pour-un-bebe-allaite\/#primaryimage","url":"https:\/\/bart-et-lemy.com\/blog\/wp-content\/uploads\/2025\/05\/sdxl-53dc8583bc1cad85991e93f219e8e7bf-scaled.png","contentUrl":"https:\/\/bart-et-lemy.com\/blog\/wp-content\/uploads\/2025\/05\/sdxl-53dc8583bc1cad85991e93f219e8e7bf-scaled.png","width":1200,"height":500},{"@type":"WebSite","@id":"https:\/\/bart-et-lemy.com\/blog\/#website","url":"https:\/\/bart-et-lemy.com\/blog\/","name":"Bart et Lemy","description":"L\u2019originalit\u00e9 en toute libert\u00e9.","publisher":{"@id":"https:\/\/bart-et-lemy.com\/blog\/#organization"},"alternateName":"Conseils parentaux, astuces famille et bien-\u00eatre enfant","potentialAction":[{"@type":"SearchAction","target":{"@type":"EntryPoint","urlTemplate":"https:\/\/bart-et-lemy.com\/blog\/?s={search_term_string}"},"query-input":{"@type":"PropertyValueSpecification","valueRequired":true,"valueName":"search_term_string"}}],"inLanguage":"fr-FR"},{"@type":"Organization","@id":"https:\/\/bart-et-lemy.com\/blog\/#organization","name":"Bart et Lemy","alternateName":"bart-et-lemy.com","url":"https:\/\/bart-et-lemy.com\/blog\/","logo":{"@type":"ImageObject","inLanguage":"fr-FR","@id":"https:\/\/bart-et-lemy.com\/blog\/#\/schema\/logo\/image\/","url":"https:\/\/bart-et-lemy.com\/blog\/wp-content\/uploads\/2026\/07\/logo-auto.png","contentUrl":"https:\/\/bart-et-lemy.com\/blog\/wp-content\/uploads\/2026\/07\/logo-auto.png","width":1024,"height":1024,"caption":"Bart et Lemy"},"image":{"@id":"https:\/\/bart-et-lemy.com\/blog\/#\/schema\/logo\/image\/"}},{"@type":"Person","@id":"https:\/\/bart-et-lemy.com\/blog\/#\/schema\/person\/3c864cdc320801e3db34b663e7e3f816","name":"Elodie Mazeau","image":{"@type":"ImageObject","inLanguage":"fr-FR","@id":"https:\/\/bart-et-lemy.com\/blog\/wp-content\/uploads\/2026\/06\/persona_elodie-m-96x96.jpg","url":"https:\/\/bart-et-lemy.com\/blog\/wp-content\/uploads\/2026\/06\/persona_elodie-m-96x96.jpg","contentUrl":"https:\/\/bart-et-lemy.com\/blog\/wp-content\/uploads\/2026\/06\/persona_elodie-m-96x96.jpg","caption":"Elodie Mazeau"},"description":"J'\u00e9cris sur la parentalit\u00e9 telle qu'elle se vit vraiment, du premier biberon aux premi\u00e8res col\u00e8res. Mes sujets de pr\u00e9dilection couvrent le quotidien des familles : sommeil, alimentation, organisation, pu\u00e9riculture et ces petites gal\u00e8res que tout parent conna\u00eet. Depuis plusieurs ann\u00e9es, je m'attache \u00e0 proposer des rep\u00e8res concrets plut\u00f4t que des le\u00e7ons, parce que chaque famille trouve son propre \u00e9quilibre. Je v\u00e9rifie mes informations aupr\u00e8s de sources fiables, surtout d\u00e8s qu'on touche \u00e0 la sant\u00e9 ou \u00e0 la s\u00e9curit\u00e9 de l'enfant, et je pr\u00e9cise quand un avis professionnel s'impose. J'\u00e9vite soigneusement la culpabilisation : \u00eatre parent est d\u00e9j\u00e0 assez exigeant. Mon ton se veut complice et bienveillant, un peu comme une discussion entre parents qui se comprennent. L'id\u00e9e est d'all\u00e9ger la charge mentale en donnant des solutions simples et test\u00e9es.","sameAs":["https:\/\/elodiemazeau.fr\/"],"url":"https:\/\/bart-et-lemy.com\/blog\/auteur\/noname\/"}]}},"_links":{"self":[{"href":"https:\/\/bart-et-lemy.com\/blog\/wp-json\/wp\/v2\/posts\/9278","targetHints":{"allow":["GET"]}}],"collection":[{"href":"https:\/\/bart-et-lemy.com\/blog\/wp-json\/wp\/v2\/posts"}],"about":[{"href":"https:\/\/bart-et-lemy.com\/blog\/wp-json\/wp\/v2\/types\/post"}],"author":[{"embeddable":true,"href":"https:\/\/bart-et-lemy.com\/blog\/wp-json\/wp\/v2\/users\/34"}],"replies":[{"embeddable":true,"href":"https:\/\/bart-et-lemy.com\/blog\/wp-json\/wp\/v2\/comments?post=9278"}],"version-history":[{"count":1,"href":"https:\/\/bart-et-lemy.com\/blog\/wp-json\/wp\/v2\/posts\/9278\/revisions"}],"predecessor-version":[{"id":10647,"href":"https:\/\/bart-et-lemy.com\/blog\/wp-json\/wp\/v2\/posts\/9278\/revisions\/10647"}],"wp:featuredmedia":[{"embeddable":true,"href":"https:\/\/bart-et-lemy.com\/blog\/wp-json\/wp\/v2\/media\/11102"}],"wp:attachment":[{"href":"https:\/\/bart-et-lemy.com\/blog\/wp-json\/wp\/v2\/media?parent=9278"}],"wp:term":[{"taxonomy":"category","embeddable":true,"href":"https:\/\/bart-et-lemy.com\/blog\/wp-json\/wp\/v2\/categories?post=9278"},{"taxonomy":"post_tag","embeddable":true,"href":"https:\/\/bart-et-lemy.com\/blog\/wp-json\/wp\/v2\/tags?post=9278"}],"curies":[{"name":"wp","href":"https:\/\/api.w.org\/{rel}","templated":true}]}}