{"id":9307,"date":"2025-04-16T18:39:00","date_gmt":"2025-04-16T16:39:00","guid":{"rendered":"https:\/\/bart-et-lemy.com\/blog\/?p=9307"},"modified":"2025-02-12T00:40:33","modified_gmt":"2025-02-11T23:40:33","slug":"comprendre-pourquoi-les-bebes-mettent-leur-main-a-la-bouche","status":"publish","type":"post","link":"https:\/\/bart-et-lemy.com\/blog\/a-la-une\/comprendre-pourquoi-les-bebes-mettent-leur-main-a-la-bouche\/","title":{"rendered":"Comprendre pourquoi les b\u00e9b\u00e9s mettent leur main \u00e0 la bouche"},"content":{"rendered":"<h2>Introduction<\/h2>\n<p>Pourquoi ce geste est-il si fr\u00e9quent ? Est-ce simplement une phase de d\u00e9veloppement normal ou y a-t-il des raisons plus profondes derri\u00e8re ce comportement ? Cet article explore les diff\u00e9rentes raisons qui poussent les nourrissons \u00e0 adopter ce geste, et ses implications sur leur d\u00e9veloppement.<\/p>\n<h2>Les raisons du geste<\/h2>\n<p>Les b\u00e9b\u00e9s utilisent leur bouche pour explorer le monde qui les entoure. \u00c0 travers ce geste, ils d\u00e9couvrent de nouvelles textures, temp\u00e9ratures et go\u00fbts. La bouche devient ainsi un outil essentiel pour l&rsquo;apprentissage sensoriel. Cette phase d&rsquo;exploration commence g\u00e9n\u00e9ralement d\u00e8s les premiers mois de vie.<\/p>\n<blockquote class=\"wp-embedded-content\" data-secret=\"P3kfyuSKLr\"><p><a href=\"https:\/\/bart-et-lemy.com\/blog\/a-la-une\/decouvrez-le-personnage-de-bebe-hugo-chez-maxi-toys-un-compagnon-ideal-pour-votre-enfant\/\">D\u00e9couvrez le personnage de b\u00e9b\u00e9 Hugo chez Maxi Toys : Un compagnon id\u00e9al pour votre enfant<\/a><\/p><\/blockquote>\n<p><iframe loading=\"lazy\" class=\"wp-embedded-content\" sandbox=\"allow-scripts\" security=\"restricted\" style=\"position: absolute; visibility: hidden;\" title=\"\u00ab\u00a0D\u00e9couvrez le personnage de b\u00e9b\u00e9 Hugo chez Maxi Toys : Un compagnon id\u00e9al pour votre enfant\u00a0\u00bb &#8212; bart-et-lemy.com\" src=\"https:\/\/bart-et-lemy.com\/blog\/a-la-une\/decouvrez-le-personnage-de-bebe-hugo-chez-maxi-toys-un-compagnon-ideal-pour-votre-enfant\/embed\/#?secret=hYeAzKuWe2#?secret=P3kfyuSKLr\" data-secret=\"P3kfyuSKLr\" width=\"600\" height=\"338\" frameborder=\"0\" marginwidth=\"0\" marginheight=\"0\" scrolling=\"no\"><\/iframe><\/p>\n<p>Par ailleurs, sucer leurs doigts ou leurs mains peut \u00e9galement apporter un certain r\u00e9confort aux b\u00e9b\u00e9s. Ce geste peut les aider \u00e0 se calmer lorsqu&rsquo;ils sont fatigu\u00e9s ou stress\u00e9s. C&rsquo;est une m\u00e9thode naturelle que les nourrissons adoptent instinctivement pour se consoler.<\/p>\n<h2>Les impacts sur le d\u00e9veloppement<\/h2>\n<p>Mettre la main \u00e0 la bouche peut avoir des cons\u00e9quences positives sur le d\u00e9veloppement sensoriel et moteur des b\u00e9b\u00e9s. En manipulant leurs mains et en les portant \u00e0 la bouche, ils renforcent leur coordination \u0153il-main. Cette activit\u00e9 leur permet \u00e9galement de d\u00e9velopper leur sens du toucher.<\/p>\n<p>Toutefois, ce comportement pr\u00e9sente \u00e9galement des risques. Les b\u00e9b\u00e9s ne r\u00e9alisent pas toujours que leurs mains peuvent \u00eatre sales ou contenir des objets dangereux. Il est donc crucial pour les parents de surveiller cette activit\u00e9 et d&rsquo;assurer un environnement s\u00fbr.<\/p>\n<blockquote class=\"wp-embedded-content\" data-secret=\"2podJUMloa\"><p><a href=\"https:\/\/bart-et-lemy.com\/blog\/a-la-une\/pourquoi-choisir-un-bebe-nageur-orange-pour-les-premieres-experiences-aquatiques\/\">Pourquoi choisir un b\u00e9b\u00e9 nageur orange pour les premi\u00e8res exp\u00e9riences aquatiques ?<\/a><\/p><\/blockquote>\n<p><iframe loading=\"lazy\" class=\"wp-embedded-content\" sandbox=\"allow-scripts\" security=\"restricted\" style=\"position: absolute; visibility: hidden;\" title=\"\u00ab\u00a0Pourquoi choisir un b\u00e9b\u00e9 nageur orange pour les premi\u00e8res exp\u00e9riences aquatiques ?\u00a0\u00bb &#8212; bart-et-lemy.com\" src=\"https:\/\/bart-et-lemy.com\/blog\/a-la-une\/pourquoi-choisir-un-bebe-nageur-orange-pour-les-premieres-experiences-aquatiques\/embed\/#?secret=rJqPE9VQYY#?secret=2podJUMloa\" data-secret=\"2podJUMloa\" width=\"600\" height=\"338\" frameborder=\"0\" marginwidth=\"0\" marginheight=\"0\" scrolling=\"no\"><\/iframe><\/p>\n<h2>Comparaison avec d&rsquo;autres gestes<\/h2>\n<p>Voici quelques gestes courants chez les b\u00e9b\u00e9s et leur signification :<\/p>\n<ul>\n<li><strong>Succion du pouce :<\/strong> Souvent li\u00e9 \u00e0 un besoin de r\u00e9confort, similaire \u00e0 celui de mettre la main \u00e0 la bouche.<\/li>\n<li><strong>Attraper des objets :<\/strong> Les b\u00e9b\u00e9s explorent \u00e9galement leur environnement en saisissant des objets et en les portant \u00e0 leur bouche.<\/li>\n<li><strong>Fouiller les v\u00eatements :<\/strong> Ce geste peut indiquer une recherche de s\u00e9curit\u00e9, souvent observ\u00e9 lors de moments de stress.<\/li>\n<\/ul>\n<table>\n<tr>\n<th>Geste<\/th>\n<th>Signification<\/th>\n<th>Implications<\/th>\n<\/tr>\n<tr>\n<td>Mettre la main \u00e0 la bouche<\/td>\n<td>Exploration sensorielle<\/td>\n<td>D\u00e9veloppement de la coordination<\/td>\n<\/tr>\n<tr>\n<td>Succion du pouce<\/td>\n<td>R\u00e9confort<\/td>\n<td>Gestion du stress<\/td>\n<\/tr>\n<tr>\n<td>Attraper des objets<\/td>\n<td>D\u00e9couverte de l&rsquo;environnement<\/td>\n<td>D\u00e9veloppement moteur<\/td>\n<\/tr>\n<\/table>\n<h2>Conseils pour les parents<\/h2>\n<p>Les parents peuvent encourager le d\u00e9veloppement sain de cette phase. Voici quelques conseils :<\/p>\n<ul>\n<li><strong>Proposer des jouets adapt\u00e9s :<\/strong> Offrir des jouets s\u00fbrs et adapt\u00e9s \u00e0 l&rsquo;\u00e2ge peut d\u00e9tourner l&rsquo;attention des mains vers des objets plus int\u00e9ressants.<\/li>\n<li><strong>Maintenir une bonne hygi\u00e8ne :<\/strong> Assurez-vous que les mains de votre b\u00e9b\u00e9 sont propres et que l&rsquo;environnement est sain.<\/li>\n<li><strong>Favoriser les interactions :<\/strong> Stimulez l&rsquo;interaction avec d&rsquo;autres enfants et adultes pour encourager le d\u00e9veloppement social.<\/li>\n<\/ul>\n<blockquote>\n<p>\u00ab La curiosit\u00e9 naturelle des b\u00e9b\u00e9s est un moteur essentiel pour leur d\u00e9veloppement. \u00bb<\/p>\n<\/blockquote>\n<h3>FAQ :<\/h3>\n<blockquote>\n<ul>\n<li><strong>Pourquoi mon b\u00e9b\u00e9 suce-t-il ses doigts ?<\/strong> C&rsquo;est un comportement normal, souvent li\u00e9 \u00e0 un besoin de r\u00e9confort ou d&rsquo;exploration.<\/li>\n<li><strong>\u00c0 quel \u00e2ge cela commence-t-il ?<\/strong> Ce geste peut commencer d\u00e8s les premiers mois de vie.<\/li>\n<li><strong>Est-ce dangereux ?<\/strong> Cela peut pr\u00e9senter des risques si les mains sont sales, mais g\u00e9n\u00e9ralement, c&rsquo;est un comportement naturel.<\/li>\n<li><strong>Comment puis-je aider mon b\u00e9b\u00e9 ?<\/strong> Offrez-lui des jouets adapt\u00e9s et assurez-vous de l&rsquo;hygi\u00e8ne de ses mains.<\/li>\n<\/ul>\n<\/blockquote>\n<p>En somme, le geste de mettre les mains \u00e0 la bouche chez les b\u00e9b\u00e9s est un comportement courant qui joue un r\u00f4le crucial dans leur d\u00e9veloppement. En tant que parent, il est essentiel de comprendre ce ph\u00e9nom\u00e8ne et d&rsquo;accompagner votre enfant dans cette phase fascinante de d\u00e9couverte.<\/p>\n","protected":false},"excerpt":{"rendered":"","protected":false},"author":34,"featured_media":10833,"comment_status":"open","ping_status":"open","sticky":false,"template":"","format":"standard","meta":{"_acf_changed":false,"manual_indexmenow":false,"indexmenow_id_project":0,"footnotes":""},"categories":[1],"tags":[6298,4805,4713,3383,6467,3536],"class_list":["post-9307","post","type-post","status-publish","format-standard","has-post-thumbnail","hentry","category-a-la-une","tag-coordination","tag-developpement","tag-exploration","tag-hygiene","tag-nourrissons","tag-reconfort","generate-columns","tablet-grid-50","mobile-grid-100","grid-parent","grid-25"],"acf":[],"yoast_head":"<!-- This site is optimized with the Yoast SEO Premium plugin v21.3 (Yoast SEO v27.3) - https:\/\/yoast.com\/product\/yoast-seo-premium-wordpress\/ -->\n<title>Comprendre pourquoi les b\u00e9b\u00e9s mettent leur main \u00e0 la bouche<\/title>\n<meta name=\"description\" content=\"Pourquoi ce geste est-il si fr\u00e9quent ? Est-ce simplement une phase de d\u00e9veloppement normal ou y a-t-il des raisons plus profondes derri\u00e8re ce\u2026\" \/>\n<meta name=\"robots\" content=\"index, follow, max-snippet:-1, max-image-preview:large, max-video-preview:-1\" \/>\n<link rel=\"canonical\" href=\"https:\/\/bart-et-lemy.com\/blog\/a-la-une\/comprendre-pourquoi-les-bebes-mettent-leur-main-a-la-bouche\/\" \/>\n<meta property=\"og:locale\" content=\"fr_FR\" \/>\n<meta property=\"og:type\" content=\"article\" \/>\n<meta property=\"og:title\" content=\"Comprendre pourquoi les b\u00e9b\u00e9s mettent leur main \u00e0 la bouche\" \/>\n<meta property=\"og:description\" content=\"Pourquoi ce geste est-il si fr\u00e9quent ? Est-ce simplement une phase de d\u00e9veloppement normal ou y a-t-il des raisons plus profondes derri\u00e8re ce\u2026\" \/>\n<meta property=\"og:url\" content=\"https:\/\/bart-et-lemy.com\/blog\/a-la-une\/comprendre-pourquoi-les-bebes-mettent-leur-main-a-la-bouche\/\" \/>\n<meta property=\"og:site_name\" content=\"bart-et-lemy.com\" \/>\n<meta property=\"og:image\" content=\"https:\/\/bart-et-lemy.com\/blog\/wp-content\/uploads\/2025\/05\/sdxl-fe804d1b657ce7332932134434b40e05-scaled.png\" \/>\n\t<meta property=\"og:image:width\" content=\"1200\" \/>\n\t<meta property=\"og:image:height\" content=\"500\" \/>\n\t<meta property=\"og:image:type\" content=\"image\/png\" \/>\n<meta name=\"author\" content=\"Elodie Mazeau\" \/>\n<meta name=\"twitter:card\" content=\"summary_large_image\" \/>\n<script type=\"application\/ld+json\" class=\"yoast-schema-graph\">{\"@context\":\"https:\\\/\\\/schema.org\",\"@graph\":[{\"@type\":\"NewsArticle\",\"@id\":\"https:\\\/\\\/bart-et-lemy.com\\\/blog\\\/a-la-une\\\/comprendre-pourquoi-les-bebes-mettent-leur-main-a-la-bouche\\\/#article\",\"isPartOf\":{\"@id\":\"https:\\\/\\\/bart-et-lemy.com\\\/blog\\\/a-la-une\\\/comprendre-pourquoi-les-bebes-mettent-leur-main-a-la-bouche\\\/\"},\"author\":{\"name\":\"Elodie Mazeau\",\"@id\":\"https:\\\/\\\/bart-et-lemy.com\\\/blog\\\/#\\\/schema\\\/person\\\/3c864cdc320801e3db34b663e7e3f816\"},\"headline\":\"Comprendre pourquoi les b\u00e9b\u00e9s mettent leur main \u00e0 la bouche\",\"datePublished\":\"2025-04-16T16:39:00+00:00\",\"mainEntityOfPage\":{\"@id\":\"https:\\\/\\\/bart-et-lemy.com\\\/blog\\\/a-la-une\\\/comprendre-pourquoi-les-bebes-mettent-leur-main-a-la-bouche\\\/\"},\"wordCount\":622,\"commentCount\":23,\"publisher\":{\"@id\":\"https:\\\/\\\/bart-et-lemy.com\\\/blog\\\/#organization\"},\"image\":{\"@id\":\"https:\\\/\\\/bart-et-lemy.com\\\/blog\\\/a-la-une\\\/comprendre-pourquoi-les-bebes-mettent-leur-main-a-la-bouche\\\/#primaryimage\"},\"thumbnailUrl\":\"https:\\\/\\\/bart-et-lemy.com\\\/blog\\\/wp-content\\\/uploads\\\/2025\\\/05\\\/sdxl-fe804d1b657ce7332932134434b40e05-scaled.png\",\"keywords\":[\"Coordination\",\"D\u00e9veloppement\",\"Exploration\",\"Hygi\u00e8ne\",\"Nourrissons\",\"R\u00e9confort\"],\"articleSection\":[\"\u00c0 la une\"],\"inLanguage\":\"fr-FR\",\"potentialAction\":[{\"@type\":\"CommentAction\",\"name\":\"Comment\",\"target\":[\"https:\\\/\\\/bart-et-lemy.com\\\/blog\\\/a-la-une\\\/comprendre-pourquoi-les-bebes-mettent-leur-main-a-la-bouche\\\/#respond\"]}]},{\"@type\":\"WebPage\",\"@id\":\"https:\\\/\\\/bart-et-lemy.com\\\/blog\\\/a-la-une\\\/comprendre-pourquoi-les-bebes-mettent-leur-main-a-la-bouche\\\/\",\"url\":\"https:\\\/\\\/bart-et-lemy.com\\\/blog\\\/a-la-une\\\/comprendre-pourquoi-les-bebes-mettent-leur-main-a-la-bouche\\\/\",\"name\":\"Comprendre pourquoi les b\u00e9b\u00e9s mettent leur main \u00e0 la bouche\",\"isPartOf\":{\"@id\":\"https:\\\/\\\/bart-et-lemy.com\\\/blog\\\/#website\"},\"primaryImageOfPage\":{\"@id\":\"https:\\\/\\\/bart-et-lemy.com\\\/blog\\\/a-la-une\\\/comprendre-pourquoi-les-bebes-mettent-leur-main-a-la-bouche\\\/#primaryimage\"},\"image\":{\"@id\":\"https:\\\/\\\/bart-et-lemy.com\\\/blog\\\/a-la-une\\\/comprendre-pourquoi-les-bebes-mettent-leur-main-a-la-bouche\\\/#primaryimage\"},\"thumbnailUrl\":\"https:\\\/\\\/bart-et-lemy.com\\\/blog\\\/wp-content\\\/uploads\\\/2025\\\/05\\\/sdxl-fe804d1b657ce7332932134434b40e05-scaled.png\",\"datePublished\":\"2025-04-16T16:39:00+00:00\",\"description\":\"Pourquoi ce geste est-il si fr\u00e9quent ? Est-ce simplement une phase de d\u00e9veloppement normal ou y a-t-il des raisons plus profondes derri\u00e8re ce\u2026\",\"inLanguage\":\"fr-FR\",\"potentialAction\":[{\"@type\":\"ReadAction\",\"target\":[\"https:\\\/\\\/bart-et-lemy.com\\\/blog\\\/a-la-une\\\/comprendre-pourquoi-les-bebes-mettent-leur-main-a-la-bouche\\\/\"]}]},{\"@type\":\"ImageObject\",\"inLanguage\":\"fr-FR\",\"@id\":\"https:\\\/\\\/bart-et-lemy.com\\\/blog\\\/a-la-une\\\/comprendre-pourquoi-les-bebes-mettent-leur-main-a-la-bouche\\\/#primaryimage\",\"url\":\"https:\\\/\\\/bart-et-lemy.com\\\/blog\\\/wp-content\\\/uploads\\\/2025\\\/05\\\/sdxl-fe804d1b657ce7332932134434b40e05-scaled.png\",\"contentUrl\":\"https:\\\/\\\/bart-et-lemy.com\\\/blog\\\/wp-content\\\/uploads\\\/2025\\\/05\\\/sdxl-fe804d1b657ce7332932134434b40e05-scaled.png\",\"width\":1200,\"height\":500},{\"@type\":\"WebSite\",\"@id\":\"https:\\\/\\\/bart-et-lemy.com\\\/blog\\\/#website\",\"url\":\"https:\\\/\\\/bart-et-lemy.com\\\/blog\\\/\",\"name\":\"Bart et Lemy\",\"description\":\"L\u2019originalit\u00e9 en toute libert\u00e9.\",\"publisher\":{\"@id\":\"https:\\\/\\\/bart-et-lemy.com\\\/blog\\\/#organization\"},\"alternateName\":\"Conseils parentaux, astuces famille et bien-\u00eatre enfant\",\"potentialAction\":[{\"@type\":\"SearchAction\",\"target\":{\"@type\":\"EntryPoint\",\"urlTemplate\":\"https:\\\/\\\/bart-et-lemy.com\\\/blog\\\/?s={search_term_string}\"},\"query-input\":{\"@type\":\"PropertyValueSpecification\",\"valueRequired\":true,\"valueName\":\"search_term_string\"}}],\"inLanguage\":\"fr-FR\"},{\"@type\":\"Organization\",\"@id\":\"https:\\\/\\\/bart-et-lemy.com\\\/blog\\\/#organization\",\"name\":\"Bart et Lemy\",\"alternateName\":\"bart-et-lemy.com\",\"url\":\"https:\\\/\\\/bart-et-lemy.com\\\/blog\\\/\",\"logo\":{\"@type\":\"ImageObject\",\"inLanguage\":\"fr-FR\",\"@id\":\"https:\\\/\\\/bart-et-lemy.com\\\/blog\\\/#\\\/schema\\\/logo\\\/image\\\/\",\"url\":\"https:\\\/\\\/bart-et-lemy.com\\\/blog\\\/wp-content\\\/uploads\\\/2026\\\/07\\\/logo-auto.png\",\"contentUrl\":\"https:\\\/\\\/bart-et-lemy.com\\\/blog\\\/wp-content\\\/uploads\\\/2026\\\/07\\\/logo-auto.png\",\"width\":1024,\"height\":1024,\"caption\":\"Bart et Lemy\"},\"image\":{\"@id\":\"https:\\\/\\\/bart-et-lemy.com\\\/blog\\\/#\\\/schema\\\/logo\\\/image\\\/\"}},{\"@type\":\"Person\",\"@id\":\"https:\\\/\\\/bart-et-lemy.com\\\/blog\\\/#\\\/schema\\\/person\\\/3c864cdc320801e3db34b663e7e3f816\",\"name\":\"Elodie Mazeau\",\"image\":{\"@type\":\"ImageObject\",\"inLanguage\":\"fr-FR\",\"@id\":\"https:\\\/\\\/bart-et-lemy.com\\\/blog\\\/wp-content\\\/uploads\\\/2026\\\/06\\\/persona_elodie-m-96x96.jpg\",\"url\":\"https:\\\/\\\/bart-et-lemy.com\\\/blog\\\/wp-content\\\/uploads\\\/2026\\\/06\\\/persona_elodie-m-96x96.jpg\",\"contentUrl\":\"https:\\\/\\\/bart-et-lemy.com\\\/blog\\\/wp-content\\\/uploads\\\/2026\\\/06\\\/persona_elodie-m-96x96.jpg\",\"caption\":\"Elodie Mazeau\"},\"description\":\"J'\u00e9cris sur la parentalit\u00e9 telle qu'elle se vit vraiment, du premier biberon aux premi\u00e8res col\u00e8res. Mes sujets de pr\u00e9dilection couvrent le quotidien des familles : sommeil, alimentation, organisation, pu\u00e9riculture et ces petites gal\u00e8res que tout parent conna\u00eet. Depuis plusieurs ann\u00e9es, je m'attache \u00e0 proposer des rep\u00e8res concrets plut\u00f4t que des le\u00e7ons, parce que chaque famille trouve son propre \u00e9quilibre. Je v\u00e9rifie mes informations aupr\u00e8s de sources fiables, surtout d\u00e8s qu'on touche \u00e0 la sant\u00e9 ou \u00e0 la s\u00e9curit\u00e9 de l'enfant, et je pr\u00e9cise quand un avis professionnel s'impose. J'\u00e9vite soigneusement la culpabilisation : \u00eatre parent est d\u00e9j\u00e0 assez exigeant. Mon ton se veut complice et bienveillant, un peu comme une discussion entre parents qui se comprennent. L'id\u00e9e est d'all\u00e9ger la charge mentale en donnant des solutions simples et test\u00e9es.\",\"sameAs\":[\"https:\\\/\\\/elodiemazeau.fr\\\/\"],\"url\":\"https:\\\/\\\/bart-et-lemy.com\\\/blog\\\/auteur\\\/noname\\\/\"}]}<\/script>\n<!-- \/ Yoast SEO Premium plugin. -->","yoast_head_json":{"title":"Comprendre pourquoi les b\u00e9b\u00e9s mettent leur main \u00e0 la bouche","description":"Pourquoi ce geste est-il si fr\u00e9quent ? Est-ce simplement une phase de d\u00e9veloppement normal ou y a-t-il des raisons plus profondes derri\u00e8re ce\u2026","robots":{"index":"index","follow":"follow","max-snippet":"max-snippet:-1","max-image-preview":"max-image-preview:large","max-video-preview":"max-video-preview:-1"},"canonical":"https:\/\/bart-et-lemy.com\/blog\/a-la-une\/comprendre-pourquoi-les-bebes-mettent-leur-main-a-la-bouche\/","og_locale":"fr_FR","og_type":"article","og_title":"Comprendre pourquoi les b\u00e9b\u00e9s mettent leur main \u00e0 la bouche","og_description":"Pourquoi ce geste est-il si fr\u00e9quent ? Est-ce simplement une phase de d\u00e9veloppement normal ou y a-t-il des raisons plus profondes derri\u00e8re ce\u2026","og_url":"https:\/\/bart-et-lemy.com\/blog\/a-la-une\/comprendre-pourquoi-les-bebes-mettent-leur-main-a-la-bouche\/","og_site_name":"bart-et-lemy.com","og_image":[{"width":1200,"height":500,"url":"https:\/\/bart-et-lemy.com\/blog\/wp-content\/uploads\/2025\/05\/sdxl-fe804d1b657ce7332932134434b40e05-scaled.png","type":"image\/png"}],"author":"Elodie Mazeau","twitter_card":"summary_large_image","schema":{"@context":"https:\/\/schema.org","@graph":[{"@type":"NewsArticle","@id":"https:\/\/bart-et-lemy.com\/blog\/a-la-une\/comprendre-pourquoi-les-bebes-mettent-leur-main-a-la-bouche\/#article","isPartOf":{"@id":"https:\/\/bart-et-lemy.com\/blog\/a-la-une\/comprendre-pourquoi-les-bebes-mettent-leur-main-a-la-bouche\/"},"author":{"name":"Elodie Mazeau","@id":"https:\/\/bart-et-lemy.com\/blog\/#\/schema\/person\/3c864cdc320801e3db34b663e7e3f816"},"headline":"Comprendre pourquoi les b\u00e9b\u00e9s mettent leur main \u00e0 la bouche","datePublished":"2025-04-16T16:39:00+00:00","mainEntityOfPage":{"@id":"https:\/\/bart-et-lemy.com\/blog\/a-la-une\/comprendre-pourquoi-les-bebes-mettent-leur-main-a-la-bouche\/"},"wordCount":622,"commentCount":23,"publisher":{"@id":"https:\/\/bart-et-lemy.com\/blog\/#organization"},"image":{"@id":"https:\/\/bart-et-lemy.com\/blog\/a-la-une\/comprendre-pourquoi-les-bebes-mettent-leur-main-a-la-bouche\/#primaryimage"},"thumbnailUrl":"https:\/\/bart-et-lemy.com\/blog\/wp-content\/uploads\/2025\/05\/sdxl-fe804d1b657ce7332932134434b40e05-scaled.png","keywords":["Coordination","D\u00e9veloppement","Exploration","Hygi\u00e8ne","Nourrissons","R\u00e9confort"],"articleSection":["\u00c0 la une"],"inLanguage":"fr-FR","potentialAction":[{"@type":"CommentAction","name":"Comment","target":["https:\/\/bart-et-lemy.com\/blog\/a-la-une\/comprendre-pourquoi-les-bebes-mettent-leur-main-a-la-bouche\/#respond"]}]},{"@type":"WebPage","@id":"https:\/\/bart-et-lemy.com\/blog\/a-la-une\/comprendre-pourquoi-les-bebes-mettent-leur-main-a-la-bouche\/","url":"https:\/\/bart-et-lemy.com\/blog\/a-la-une\/comprendre-pourquoi-les-bebes-mettent-leur-main-a-la-bouche\/","name":"Comprendre pourquoi les b\u00e9b\u00e9s mettent leur main \u00e0 la bouche","isPartOf":{"@id":"https:\/\/bart-et-lemy.com\/blog\/#website"},"primaryImageOfPage":{"@id":"https:\/\/bart-et-lemy.com\/blog\/a-la-une\/comprendre-pourquoi-les-bebes-mettent-leur-main-a-la-bouche\/#primaryimage"},"image":{"@id":"https:\/\/bart-et-lemy.com\/blog\/a-la-une\/comprendre-pourquoi-les-bebes-mettent-leur-main-a-la-bouche\/#primaryimage"},"thumbnailUrl":"https:\/\/bart-et-lemy.com\/blog\/wp-content\/uploads\/2025\/05\/sdxl-fe804d1b657ce7332932134434b40e05-scaled.png","datePublished":"2025-04-16T16:39:00+00:00","description":"Pourquoi ce geste est-il si fr\u00e9quent ? Est-ce simplement une phase de d\u00e9veloppement normal ou y a-t-il des raisons plus profondes derri\u00e8re ce\u2026","inLanguage":"fr-FR","potentialAction":[{"@type":"ReadAction","target":["https:\/\/bart-et-lemy.com\/blog\/a-la-une\/comprendre-pourquoi-les-bebes-mettent-leur-main-a-la-bouche\/"]}]},{"@type":"ImageObject","inLanguage":"fr-FR","@id":"https:\/\/bart-et-lemy.com\/blog\/a-la-une\/comprendre-pourquoi-les-bebes-mettent-leur-main-a-la-bouche\/#primaryimage","url":"https:\/\/bart-et-lemy.com\/blog\/wp-content\/uploads\/2025\/05\/sdxl-fe804d1b657ce7332932134434b40e05-scaled.png","contentUrl":"https:\/\/bart-et-lemy.com\/blog\/wp-content\/uploads\/2025\/05\/sdxl-fe804d1b657ce7332932134434b40e05-scaled.png","width":1200,"height":500},{"@type":"WebSite","@id":"https:\/\/bart-et-lemy.com\/blog\/#website","url":"https:\/\/bart-et-lemy.com\/blog\/","name":"Bart et Lemy","description":"L\u2019originalit\u00e9 en toute libert\u00e9.","publisher":{"@id":"https:\/\/bart-et-lemy.com\/blog\/#organization"},"alternateName":"Conseils parentaux, astuces famille et bien-\u00eatre enfant","potentialAction":[{"@type":"SearchAction","target":{"@type":"EntryPoint","urlTemplate":"https:\/\/bart-et-lemy.com\/blog\/?s={search_term_string}"},"query-input":{"@type":"PropertyValueSpecification","valueRequired":true,"valueName":"search_term_string"}}],"inLanguage":"fr-FR"},{"@type":"Organization","@id":"https:\/\/bart-et-lemy.com\/blog\/#organization","name":"Bart et Lemy","alternateName":"bart-et-lemy.com","url":"https:\/\/bart-et-lemy.com\/blog\/","logo":{"@type":"ImageObject","inLanguage":"fr-FR","@id":"https:\/\/bart-et-lemy.com\/blog\/#\/schema\/logo\/image\/","url":"https:\/\/bart-et-lemy.com\/blog\/wp-content\/uploads\/2026\/07\/logo-auto.png","contentUrl":"https:\/\/bart-et-lemy.com\/blog\/wp-content\/uploads\/2026\/07\/logo-auto.png","width":1024,"height":1024,"caption":"Bart et Lemy"},"image":{"@id":"https:\/\/bart-et-lemy.com\/blog\/#\/schema\/logo\/image\/"}},{"@type":"Person","@id":"https:\/\/bart-et-lemy.com\/blog\/#\/schema\/person\/3c864cdc320801e3db34b663e7e3f816","name":"Elodie Mazeau","image":{"@type":"ImageObject","inLanguage":"fr-FR","@id":"https:\/\/bart-et-lemy.com\/blog\/wp-content\/uploads\/2026\/06\/persona_elodie-m-96x96.jpg","url":"https:\/\/bart-et-lemy.com\/blog\/wp-content\/uploads\/2026\/06\/persona_elodie-m-96x96.jpg","contentUrl":"https:\/\/bart-et-lemy.com\/blog\/wp-content\/uploads\/2026\/06\/persona_elodie-m-96x96.jpg","caption":"Elodie Mazeau"},"description":"J'\u00e9cris sur la parentalit\u00e9 telle qu'elle se vit vraiment, du premier biberon aux premi\u00e8res col\u00e8res. Mes sujets de pr\u00e9dilection couvrent le quotidien des familles : sommeil, alimentation, organisation, pu\u00e9riculture et ces petites gal\u00e8res que tout parent conna\u00eet. Depuis plusieurs ann\u00e9es, je m'attache \u00e0 proposer des rep\u00e8res concrets plut\u00f4t que des le\u00e7ons, parce que chaque famille trouve son propre \u00e9quilibre. Je v\u00e9rifie mes informations aupr\u00e8s de sources fiables, surtout d\u00e8s qu'on touche \u00e0 la sant\u00e9 ou \u00e0 la s\u00e9curit\u00e9 de l'enfant, et je pr\u00e9cise quand un avis professionnel s'impose. J'\u00e9vite soigneusement la culpabilisation : \u00eatre parent est d\u00e9j\u00e0 assez exigeant. Mon ton se veut complice et bienveillant, un peu comme une discussion entre parents qui se comprennent. L'id\u00e9e est d'all\u00e9ger la charge mentale en donnant des solutions simples et test\u00e9es.","sameAs":["https:\/\/elodiemazeau.fr\/"],"url":"https:\/\/bart-et-lemy.com\/blog\/auteur\/noname\/"}]}},"_links":{"self":[{"href":"https:\/\/bart-et-lemy.com\/blog\/wp-json\/wp\/v2\/posts\/9307","targetHints":{"allow":["GET"]}}],"collection":[{"href":"https:\/\/bart-et-lemy.com\/blog\/wp-json\/wp\/v2\/posts"}],"about":[{"href":"https:\/\/bart-et-lemy.com\/blog\/wp-json\/wp\/v2\/types\/post"}],"author":[{"embeddable":true,"href":"https:\/\/bart-et-lemy.com\/blog\/wp-json\/wp\/v2\/users\/34"}],"replies":[{"embeddable":true,"href":"https:\/\/bart-et-lemy.com\/blog\/wp-json\/wp\/v2\/comments?post=9307"}],"version-history":[{"count":1,"href":"https:\/\/bart-et-lemy.com\/blog\/wp-json\/wp\/v2\/posts\/9307\/revisions"}],"predecessor-version":[{"id":10519,"href":"https:\/\/bart-et-lemy.com\/blog\/wp-json\/wp\/v2\/posts\/9307\/revisions\/10519"}],"wp:featuredmedia":[{"embeddable":true,"href":"https:\/\/bart-et-lemy.com\/blog\/wp-json\/wp\/v2\/media\/10833"}],"wp:attachment":[{"href":"https:\/\/bart-et-lemy.com\/blog\/wp-json\/wp\/v2\/media?parent=9307"}],"wp:term":[{"taxonomy":"category","embeddable":true,"href":"https:\/\/bart-et-lemy.com\/blog\/wp-json\/wp\/v2\/categories?post=9307"},{"taxonomy":"post_tag","embeddable":true,"href":"https:\/\/bart-et-lemy.com\/blog\/wp-json\/wp\/v2\/tags?post=9307"}],"curies":[{"name":"wp","href":"https:\/\/api.w.org\/{rel}","templated":true}]}}