{"id":9323,"date":"2025-04-19T18:39:00","date_gmt":"2025-04-19T16:39:00","guid":{"rendered":"https:\/\/bart-et-lemy.com\/blog\/?p=9323"},"modified":"2025-02-12T02:14:51","modified_gmt":"2025-02-12T01:14:51","slug":"photographe-bebe-a-montauban-capturer-les-moments-precieux-de-votre-enfant","status":"publish","type":"post","link":"https:\/\/bart-et-lemy.com\/blog\/a-la-une\/photographe-bebe-a-montauban-capturer-les-moments-precieux-de-votre-enfant\/","title":{"rendered":"Photographe b\u00e9b\u00e9 \u00e0 Montauban : Capturer les Moments Pr\u00e9cieux de Votre Enfant"},"content":{"rendered":"<h2>Introduction : Pourquoi Engager un Photographe pour B\u00e9b\u00e9 \u00e0 Montauban ?<\/h2>\n<p>Ces moments, empreints d&rsquo;\u00e9motion et de tendresse, m\u00e9ritent d&rsquo;\u00eatre captur\u00e9s par un professionnel. \u00c0 Montauban, plusieurs photographes sp\u00e9cialis\u00e9s se consacrent \u00e0 offrir des souvenirs inoubliables. Dans cet article, d\u00e9couvrez l&rsquo;importance d&rsquo;un photographe pour b\u00e9b\u00e9 et comment choisir le bon professionnel.<\/p>\n<h2>Les Avantages de Faire Appel \u00e0 un Photographe pour B\u00e9b\u00e9<\/h2>\n<p>Engager un photographe pour b\u00e9b\u00e9 pr\u00e9sente plusieurs avantages. Tout d&rsquo;abord, un photographe professionnel poss\u00e8de une expertise en mati\u00e8re de lumi\u00e8re, de composition et de mise en sc\u00e8ne, ce qui garantit des images de haute qualit\u00e9. De plus, il sait comment interagir avec les nourrissons pour capturer des expressions authentiques.<\/p>\n<blockquote class=\"wp-embedded-content\" data-secret=\"DSAbjpUJsl\"><p><a href=\"https:\/\/bart-et-lemy.com\/blog\/a-la-une\/comment-apprendre-a-nager-a-votre-bebe-guide-pratique-et-conseils\/\">Comment apprendre \u00e0 nager \u00e0 votre b\u00e9b\u00e9 : Guide pratique et conseils<\/a><\/p><\/blockquote>\n<p><iframe loading=\"lazy\" class=\"wp-embedded-content\" sandbox=\"allow-scripts\" security=\"restricted\" style=\"position: absolute; visibility: hidden;\" title=\"\u00ab\u00a0Comment apprendre \u00e0 nager \u00e0 votre b\u00e9b\u00e9 : Guide pratique et conseils\u00a0\u00bb &#8212; bart-et-lemy.com\" src=\"https:\/\/bart-et-lemy.com\/blog\/a-la-une\/comment-apprendre-a-nager-a-votre-bebe-guide-pratique-et-conseils\/embed\/#?secret=owbwHTnBZZ#?secret=DSAbjpUJsl\" data-secret=\"DSAbjpUJsl\" width=\"600\" height=\"338\" frameborder=\"0\" marginwidth=\"0\" marginheight=\"0\" scrolling=\"no\"><\/iframe><\/p>\n<p>Voici quelques avantages notables :<\/p>\n<ul>\n<li><strong>Cr\u00e9ation de souvenirs durables<\/strong> : Les photos de votre b\u00e9b\u00e9 deviennent des tr\u00e9sors familiaux.<\/li>\n<li><strong>Exp\u00e9rience et comp\u00e9tence<\/strong> : Les photographes exp\u00e9riment\u00e9s savent comment g\u00e9rer les b\u00e9b\u00e9s, m\u00eame les plus difficiles.<\/li>\n<li><strong>Personnalisation des s\u00e9ances<\/strong> : Vous pouvez choisir un th\u00e8me, un lieu, ou un style qui vous ressemble.<\/li>\n<\/ul>\n<h2>Comment Choisir le Bon Photographe pour B\u00e9b\u00e9 \u00e0 Montauban ?<\/h2>\n<p>Le choix d&rsquo;un photographe pour b\u00e9b\u00e9 ne doit pas se faire \u00e0 la l\u00e9g\u00e8re. Voici un guide pratique pour vous aider dans votre s\u00e9lection :<\/p>\n<blockquote class=\"wp-embedded-content\" data-secret=\"jS9oqBMgNr\"><p><a href=\"https:\/\/bart-et-lemy.com\/blog\/a-la-une\/comprendre-pourquoi-votre-bebe-se-bouche-les-oreilles-causes-et-solutions\/\">Comprendre pourquoi votre b\u00e9b\u00e9 se bouche les oreilles : Causes et solutions<\/a><\/p><\/blockquote>\n<p><iframe loading=\"lazy\" class=\"wp-embedded-content\" sandbox=\"allow-scripts\" security=\"restricted\" style=\"position: absolute; visibility: hidden;\" title=\"\u00ab\u00a0Comprendre pourquoi votre b\u00e9b\u00e9 se bouche les oreilles : Causes et solutions\u00a0\u00bb &#8212; bart-et-lemy.com\" src=\"https:\/\/bart-et-lemy.com\/blog\/a-la-une\/comprendre-pourquoi-votre-bebe-se-bouche-les-oreilles-causes-et-solutions\/embed\/#?secret=777y8KJ09X#?secret=jS9oqBMgNr\" data-secret=\"jS9oqBMgNr\" width=\"600\" height=\"338\" frameborder=\"0\" marginwidth=\"0\" marginheight=\"0\" scrolling=\"no\"><\/iframe><\/p>\n<li><strong>V\u00e9rifiez le portfolio<\/strong> : Examinez les travaux pr\u00e9c\u00e9dents du photographe pour \u00e9valuer son style.<\/li>\n<li><strong>Consultez les avis<\/strong> : Lisez les t\u00e9moignages d&rsquo;autres parents pour conna\u00eetre leur exp\u00e9rience.<\/li>\n<li><strong>Rencontrez le photographe<\/strong> : Un premier contact permet de voir si le courant passe et si vous vous sentez \u00e0 l\u2019aise.<\/li>\n<li><strong>Discutez des d\u00e9tails<\/strong> : Abordez les tarifs, le temps de s\u00e9ance, et les options de retouche.<\/li>\n<h2>Les Diff\u00e9rents Styles de Photographie de B\u00e9b\u00e9<\/h2>\n<p>Les photographes proposent une vari\u00e9t\u00e9 de styles, chacun ayant ses propres caract\u00e9ristiques. Voici quelques styles populaires :<\/p>\n<table>\n<tr>\n<th>Style<\/th>\n<th>Caract\u00e9ristiques<\/th>\n<th>Id\u00e9al pour<\/th>\n<\/tr>\n<tr>\n<td>Photographie de nouveau-n\u00e9<\/td>\n<td>Captures douces et pos\u00e9es, souvent avec des accessoires<\/td>\n<td>Les b\u00e9b\u00e9s de moins de 15 jours<\/td>\n<\/tr>\n<tr>\n<td>Photographie lifestyle<\/td>\n<td>Captures naturelles dans un environnement familial<\/td>\n<td>Les b\u00e9b\u00e9s \u00e0 partir de 1 mois<\/td>\n<\/tr>\n<tr>\n<td>S\u00e9ances en ext\u00e9rieur<\/td>\n<td>Profitez de la beaut\u00e9 de la nature comme toile de fond<\/td>\n<td>Les b\u00e9b\u00e9s plus \u00e2g\u00e9s qui peuvent s\u2019asseoir<\/td>\n<\/tr>\n<\/table>\n<blockquote><p>\n    \u00ab\u00a0Les photos de vos enfants sont bien plus que de simples images ; elles racontent leur histoire.\u00a0\u00bb \u2013 Un photographe local.\n<\/p><\/blockquote>\n<h2>FAQ :<\/h2>\n<blockquote>\n<ul>\n<li><strong>Quel est le meilleur moment pour faire des photos de nouveau-n\u00e9 ?<\/strong>Le moment id\u00e9al est entre 5 et 15 jours apr\u00e8s la naissance.<\/li>\n<li><strong>Combien co\u00fbte une s\u00e9ance photo pour b\u00e9b\u00e9 \u00e0 Montauban ?<\/strong>Les tarifs varient g\u00e9n\u00e9ralement entre 150 et 500 euros selon le photographe et les services inclus.<\/li>\n<li><strong>Dois-je pr\u00e9parer quelque chose avant la s\u00e9ance ?<\/strong>Pr\u00e9parez quelques v\u00eatements, accessoires et pensez \u00e0 avoir des couches et des biberons \u00e0 port\u00e9e de main.<\/li>\n<li><strong>Combien de temps dure une s\u00e9ance photo ?<\/strong>Une s\u00e9ance photo pour b\u00e9b\u00e9 dure g\u00e9n\u00e9ralement entre 1 \u00e0 3 heures.<\/li>\n<\/ul>\n<\/blockquote>\n<p>En somme, un photographe pour b\u00e9b\u00e9 \u00e0 Montauban peut transformer ces moments \u00e9ph\u00e9m\u00e8res en souvenirs \u00e9ternels. Choisissez soigneusement votre professionnel pour garantir des images qui vous feront sourire \u00e0 chaque regard. Ces souvenirs de la petite enfance deviendront des tr\u00e9sors familiaux, t\u00e9moins de l\u2019amour et de la tendresse que vous portez \u00e0 votre enfant.<\/p>\n","protected":false},"excerpt":{"rendered":"","protected":false},"author":34,"featured_media":10818,"comment_status":"open","ping_status":"open","sticky":false,"template":"","format":"standard","meta":{"_acf_changed":false,"manual_indexmenow":false,"indexmenow_id_project":0,"footnotes":""},"categories":[1],"tags":[4590,6567,6566,5203,4657,5459],"class_list":["post-9323","post","type-post","status-publish","format-standard","has-post-thumbnail","hentry","category-a-la-une","tag-bebe","tag-competence","tag-montauban","tag-photographe","tag-souvenirs","tag-styles","generate-columns","tablet-grid-50","mobile-grid-100","grid-parent","grid-25"],"acf":[],"yoast_head":"<!-- This site is optimized with the Yoast SEO Premium plugin v21.3 (Yoast SEO v27.3) - https:\/\/yoast.com\/product\/yoast-seo-premium-wordpress\/ -->\n<title>Photographe b\u00e9b\u00e9 \u00e0 Montauban<\/title>\n<meta name=\"description\" content=\"Ces moments, empreints d&#039;\u00e9motion et de tendresse, m\u00e9ritent d&#039;\u00eatre captur\u00e9s par un professionnel.\" \/>\n<meta name=\"robots\" content=\"index, follow, max-snippet:-1, max-image-preview:large, max-video-preview:-1\" \/>\n<link rel=\"canonical\" href=\"https:\/\/bart-et-lemy.com\/blog\/a-la-une\/photographe-bebe-a-montauban-capturer-les-moments-precieux-de-votre-enfant\/\" \/>\n<meta property=\"og:locale\" content=\"fr_FR\" \/>\n<meta property=\"og:type\" content=\"article\" \/>\n<meta property=\"og:title\" content=\"Photographe b\u00e9b\u00e9 \u00e0 Montauban\" \/>\n<meta property=\"og:description\" content=\"Ces moments, empreints d&#039;\u00e9motion et de tendresse, m\u00e9ritent d&#039;\u00eatre captur\u00e9s par un professionnel.\" \/>\n<meta property=\"og:url\" content=\"https:\/\/bart-et-lemy.com\/blog\/a-la-une\/photographe-bebe-a-montauban-capturer-les-moments-precieux-de-votre-enfant\/\" \/>\n<meta property=\"og:site_name\" content=\"bart-et-lemy.com\" \/>\n<meta property=\"og:image\" content=\"https:\/\/bart-et-lemy.com\/blog\/wp-content\/uploads\/2025\/05\/sdxl-6526e053b284cc3634a4d12b3cee719a-scaled.png\" \/>\n\t<meta property=\"og:image:width\" content=\"1200\" \/>\n\t<meta property=\"og:image:height\" content=\"500\" \/>\n\t<meta property=\"og:image:type\" content=\"image\/png\" \/>\n<meta name=\"author\" content=\"Elodie Mazeau\" \/>\n<meta name=\"twitter:card\" content=\"summary_large_image\" \/>\n<script type=\"application\/ld+json\" class=\"yoast-schema-graph\">{\"@context\":\"https:\\\/\\\/schema.org\",\"@graph\":[{\"@type\":\"NewsArticle\",\"@id\":\"https:\\\/\\\/bart-et-lemy.com\\\/blog\\\/a-la-une\\\/photographe-bebe-a-montauban-capturer-les-moments-precieux-de-votre-enfant\\\/#article\",\"isPartOf\":{\"@id\":\"https:\\\/\\\/bart-et-lemy.com\\\/blog\\\/a-la-une\\\/photographe-bebe-a-montauban-capturer-les-moments-precieux-de-votre-enfant\\\/\"},\"author\":{\"name\":\"Elodie Mazeau\",\"@id\":\"https:\\\/\\\/bart-et-lemy.com\\\/blog\\\/#\\\/schema\\\/person\\\/3c864cdc320801e3db34b663e7e3f816\"},\"headline\":\"Photographe b\u00e9b\u00e9 \u00e0 Montauban : Capturer les Moments Pr\u00e9cieux de Votre Enfant\",\"datePublished\":\"2025-04-19T16:39:00+00:00\",\"mainEntityOfPage\":{\"@id\":\"https:\\\/\\\/bart-et-lemy.com\\\/blog\\\/a-la-une\\\/photographe-bebe-a-montauban-capturer-les-moments-precieux-de-votre-enfant\\\/\"},\"wordCount\":584,\"commentCount\":26,\"publisher\":{\"@id\":\"https:\\\/\\\/bart-et-lemy.com\\\/blog\\\/#organization\"},\"image\":{\"@id\":\"https:\\\/\\\/bart-et-lemy.com\\\/blog\\\/a-la-une\\\/photographe-bebe-a-montauban-capturer-les-moments-precieux-de-votre-enfant\\\/#primaryimage\"},\"thumbnailUrl\":\"https:\\\/\\\/bart-et-lemy.com\\\/blog\\\/wp-content\\\/uploads\\\/2025\\\/05\\\/sdxl-6526e053b284cc3634a4d12b3cee719a-scaled.png\",\"keywords\":[\"B\u00e9b\u00e9\",\"Comp\u00e9tence\",\"Montauban\",\"Photographe\",\"Souvenirs\",\"Styles\"],\"articleSection\":[\"\u00c0 la une\"],\"inLanguage\":\"fr-FR\",\"potentialAction\":[{\"@type\":\"CommentAction\",\"name\":\"Comment\",\"target\":[\"https:\\\/\\\/bart-et-lemy.com\\\/blog\\\/a-la-une\\\/photographe-bebe-a-montauban-capturer-les-moments-precieux-de-votre-enfant\\\/#respond\"]}]},{\"@type\":\"WebPage\",\"@id\":\"https:\\\/\\\/bart-et-lemy.com\\\/blog\\\/a-la-une\\\/photographe-bebe-a-montauban-capturer-les-moments-precieux-de-votre-enfant\\\/\",\"url\":\"https:\\\/\\\/bart-et-lemy.com\\\/blog\\\/a-la-une\\\/photographe-bebe-a-montauban-capturer-les-moments-precieux-de-votre-enfant\\\/\",\"name\":\"Photographe b\u00e9b\u00e9 \u00e0 Montauban\",\"isPartOf\":{\"@id\":\"https:\\\/\\\/bart-et-lemy.com\\\/blog\\\/#website\"},\"primaryImageOfPage\":{\"@id\":\"https:\\\/\\\/bart-et-lemy.com\\\/blog\\\/a-la-une\\\/photographe-bebe-a-montauban-capturer-les-moments-precieux-de-votre-enfant\\\/#primaryimage\"},\"image\":{\"@id\":\"https:\\\/\\\/bart-et-lemy.com\\\/blog\\\/a-la-une\\\/photographe-bebe-a-montauban-capturer-les-moments-precieux-de-votre-enfant\\\/#primaryimage\"},\"thumbnailUrl\":\"https:\\\/\\\/bart-et-lemy.com\\\/blog\\\/wp-content\\\/uploads\\\/2025\\\/05\\\/sdxl-6526e053b284cc3634a4d12b3cee719a-scaled.png\",\"datePublished\":\"2025-04-19T16:39:00+00:00\",\"description\":\"Ces moments, empreints d'\u00e9motion et de tendresse, m\u00e9ritent d'\u00eatre captur\u00e9s par un professionnel.\",\"inLanguage\":\"fr-FR\",\"potentialAction\":[{\"@type\":\"ReadAction\",\"target\":[\"https:\\\/\\\/bart-et-lemy.com\\\/blog\\\/a-la-une\\\/photographe-bebe-a-montauban-capturer-les-moments-precieux-de-votre-enfant\\\/\"]}]},{\"@type\":\"ImageObject\",\"inLanguage\":\"fr-FR\",\"@id\":\"https:\\\/\\\/bart-et-lemy.com\\\/blog\\\/a-la-une\\\/photographe-bebe-a-montauban-capturer-les-moments-precieux-de-votre-enfant\\\/#primaryimage\",\"url\":\"https:\\\/\\\/bart-et-lemy.com\\\/blog\\\/wp-content\\\/uploads\\\/2025\\\/05\\\/sdxl-6526e053b284cc3634a4d12b3cee719a-scaled.png\",\"contentUrl\":\"https:\\\/\\\/bart-et-lemy.com\\\/blog\\\/wp-content\\\/uploads\\\/2025\\\/05\\\/sdxl-6526e053b284cc3634a4d12b3cee719a-scaled.png\",\"width\":1200,\"height\":500},{\"@type\":\"WebSite\",\"@id\":\"https:\\\/\\\/bart-et-lemy.com\\\/blog\\\/#website\",\"url\":\"https:\\\/\\\/bart-et-lemy.com\\\/blog\\\/\",\"name\":\"Bart et Lemy\",\"description\":\"L\u2019originalit\u00e9 en toute libert\u00e9.\",\"publisher\":{\"@id\":\"https:\\\/\\\/bart-et-lemy.com\\\/blog\\\/#organization\"},\"alternateName\":\"Conseils parentaux, astuces famille et bien-\u00eatre enfant\",\"potentialAction\":[{\"@type\":\"SearchAction\",\"target\":{\"@type\":\"EntryPoint\",\"urlTemplate\":\"https:\\\/\\\/bart-et-lemy.com\\\/blog\\\/?s={search_term_string}\"},\"query-input\":{\"@type\":\"PropertyValueSpecification\",\"valueRequired\":true,\"valueName\":\"search_term_string\"}}],\"inLanguage\":\"fr-FR\"},{\"@type\":\"Organization\",\"@id\":\"https:\\\/\\\/bart-et-lemy.com\\\/blog\\\/#organization\",\"name\":\"Bart et Lemy\",\"alternateName\":\"bart-et-lemy.com\",\"url\":\"https:\\\/\\\/bart-et-lemy.com\\\/blog\\\/\",\"logo\":{\"@type\":\"ImageObject\",\"inLanguage\":\"fr-FR\",\"@id\":\"https:\\\/\\\/bart-et-lemy.com\\\/blog\\\/#\\\/schema\\\/logo\\\/image\\\/\",\"url\":\"https:\\\/\\\/bart-et-lemy.com\\\/blog\\\/wp-content\\\/uploads\\\/2026\\\/07\\\/logo-auto.png\",\"contentUrl\":\"https:\\\/\\\/bart-et-lemy.com\\\/blog\\\/wp-content\\\/uploads\\\/2026\\\/07\\\/logo-auto.png\",\"width\":1024,\"height\":1024,\"caption\":\"Bart et Lemy\"},\"image\":{\"@id\":\"https:\\\/\\\/bart-et-lemy.com\\\/blog\\\/#\\\/schema\\\/logo\\\/image\\\/\"}},{\"@type\":\"Person\",\"@id\":\"https:\\\/\\\/bart-et-lemy.com\\\/blog\\\/#\\\/schema\\\/person\\\/3c864cdc320801e3db34b663e7e3f816\",\"name\":\"Elodie Mazeau\",\"image\":{\"@type\":\"ImageObject\",\"inLanguage\":\"fr-FR\",\"@id\":\"https:\\\/\\\/bart-et-lemy.com\\\/blog\\\/wp-content\\\/uploads\\\/2026\\\/06\\\/persona_elodie-m-96x96.jpg\",\"url\":\"https:\\\/\\\/bart-et-lemy.com\\\/blog\\\/wp-content\\\/uploads\\\/2026\\\/06\\\/persona_elodie-m-96x96.jpg\",\"contentUrl\":\"https:\\\/\\\/bart-et-lemy.com\\\/blog\\\/wp-content\\\/uploads\\\/2026\\\/06\\\/persona_elodie-m-96x96.jpg\",\"caption\":\"Elodie Mazeau\"},\"description\":\"J'\u00e9cris sur la parentalit\u00e9 telle qu'elle se vit vraiment, du premier biberon aux premi\u00e8res col\u00e8res. Mes sujets de pr\u00e9dilection couvrent le quotidien des familles : sommeil, alimentation, organisation, pu\u00e9riculture et ces petites gal\u00e8res que tout parent conna\u00eet. Depuis plusieurs ann\u00e9es, je m'attache \u00e0 proposer des rep\u00e8res concrets plut\u00f4t que des le\u00e7ons, parce que chaque famille trouve son propre \u00e9quilibre. Je v\u00e9rifie mes informations aupr\u00e8s de sources fiables, surtout d\u00e8s qu'on touche \u00e0 la sant\u00e9 ou \u00e0 la s\u00e9curit\u00e9 de l'enfant, et je pr\u00e9cise quand un avis professionnel s'impose. J'\u00e9vite soigneusement la culpabilisation : \u00eatre parent est d\u00e9j\u00e0 assez exigeant. Mon ton se veut complice et bienveillant, un peu comme une discussion entre parents qui se comprennent. L'id\u00e9e est d'all\u00e9ger la charge mentale en donnant des solutions simples et test\u00e9es.\",\"sameAs\":[\"https:\\\/\\\/elodiemazeau.fr\\\/\"],\"url\":\"https:\\\/\\\/bart-et-lemy.com\\\/blog\\\/auteur\\\/noname\\\/\"}]}<\/script>\n<!-- \/ Yoast SEO Premium plugin. -->","yoast_head_json":{"title":"Photographe b\u00e9b\u00e9 \u00e0 Montauban","description":"Ces moments, empreints d'\u00e9motion et de tendresse, m\u00e9ritent d'\u00eatre captur\u00e9s par un professionnel.","robots":{"index":"index","follow":"follow","max-snippet":"max-snippet:-1","max-image-preview":"max-image-preview:large","max-video-preview":"max-video-preview:-1"},"canonical":"https:\/\/bart-et-lemy.com\/blog\/a-la-une\/photographe-bebe-a-montauban-capturer-les-moments-precieux-de-votre-enfant\/","og_locale":"fr_FR","og_type":"article","og_title":"Photographe b\u00e9b\u00e9 \u00e0 Montauban","og_description":"Ces moments, empreints d'\u00e9motion et de tendresse, m\u00e9ritent d'\u00eatre captur\u00e9s par un professionnel.","og_url":"https:\/\/bart-et-lemy.com\/blog\/a-la-une\/photographe-bebe-a-montauban-capturer-les-moments-precieux-de-votre-enfant\/","og_site_name":"bart-et-lemy.com","og_image":[{"width":1200,"height":500,"url":"https:\/\/bart-et-lemy.com\/blog\/wp-content\/uploads\/2025\/05\/sdxl-6526e053b284cc3634a4d12b3cee719a-scaled.png","type":"image\/png"}],"author":"Elodie Mazeau","twitter_card":"summary_large_image","schema":{"@context":"https:\/\/schema.org","@graph":[{"@type":"NewsArticle","@id":"https:\/\/bart-et-lemy.com\/blog\/a-la-une\/photographe-bebe-a-montauban-capturer-les-moments-precieux-de-votre-enfant\/#article","isPartOf":{"@id":"https:\/\/bart-et-lemy.com\/blog\/a-la-une\/photographe-bebe-a-montauban-capturer-les-moments-precieux-de-votre-enfant\/"},"author":{"name":"Elodie Mazeau","@id":"https:\/\/bart-et-lemy.com\/blog\/#\/schema\/person\/3c864cdc320801e3db34b663e7e3f816"},"headline":"Photographe b\u00e9b\u00e9 \u00e0 Montauban : Capturer les Moments Pr\u00e9cieux de Votre Enfant","datePublished":"2025-04-19T16:39:00+00:00","mainEntityOfPage":{"@id":"https:\/\/bart-et-lemy.com\/blog\/a-la-une\/photographe-bebe-a-montauban-capturer-les-moments-precieux-de-votre-enfant\/"},"wordCount":584,"commentCount":26,"publisher":{"@id":"https:\/\/bart-et-lemy.com\/blog\/#organization"},"image":{"@id":"https:\/\/bart-et-lemy.com\/blog\/a-la-une\/photographe-bebe-a-montauban-capturer-les-moments-precieux-de-votre-enfant\/#primaryimage"},"thumbnailUrl":"https:\/\/bart-et-lemy.com\/blog\/wp-content\/uploads\/2025\/05\/sdxl-6526e053b284cc3634a4d12b3cee719a-scaled.png","keywords":["B\u00e9b\u00e9","Comp\u00e9tence","Montauban","Photographe","Souvenirs","Styles"],"articleSection":["\u00c0 la une"],"inLanguage":"fr-FR","potentialAction":[{"@type":"CommentAction","name":"Comment","target":["https:\/\/bart-et-lemy.com\/blog\/a-la-une\/photographe-bebe-a-montauban-capturer-les-moments-precieux-de-votre-enfant\/#respond"]}]},{"@type":"WebPage","@id":"https:\/\/bart-et-lemy.com\/blog\/a-la-une\/photographe-bebe-a-montauban-capturer-les-moments-precieux-de-votre-enfant\/","url":"https:\/\/bart-et-lemy.com\/blog\/a-la-une\/photographe-bebe-a-montauban-capturer-les-moments-precieux-de-votre-enfant\/","name":"Photographe b\u00e9b\u00e9 \u00e0 Montauban","isPartOf":{"@id":"https:\/\/bart-et-lemy.com\/blog\/#website"},"primaryImageOfPage":{"@id":"https:\/\/bart-et-lemy.com\/blog\/a-la-une\/photographe-bebe-a-montauban-capturer-les-moments-precieux-de-votre-enfant\/#primaryimage"},"image":{"@id":"https:\/\/bart-et-lemy.com\/blog\/a-la-une\/photographe-bebe-a-montauban-capturer-les-moments-precieux-de-votre-enfant\/#primaryimage"},"thumbnailUrl":"https:\/\/bart-et-lemy.com\/blog\/wp-content\/uploads\/2025\/05\/sdxl-6526e053b284cc3634a4d12b3cee719a-scaled.png","datePublished":"2025-04-19T16:39:00+00:00","description":"Ces moments, empreints d'\u00e9motion et de tendresse, m\u00e9ritent d'\u00eatre captur\u00e9s par un professionnel.","inLanguage":"fr-FR","potentialAction":[{"@type":"ReadAction","target":["https:\/\/bart-et-lemy.com\/blog\/a-la-une\/photographe-bebe-a-montauban-capturer-les-moments-precieux-de-votre-enfant\/"]}]},{"@type":"ImageObject","inLanguage":"fr-FR","@id":"https:\/\/bart-et-lemy.com\/blog\/a-la-une\/photographe-bebe-a-montauban-capturer-les-moments-precieux-de-votre-enfant\/#primaryimage","url":"https:\/\/bart-et-lemy.com\/blog\/wp-content\/uploads\/2025\/05\/sdxl-6526e053b284cc3634a4d12b3cee719a-scaled.png","contentUrl":"https:\/\/bart-et-lemy.com\/blog\/wp-content\/uploads\/2025\/05\/sdxl-6526e053b284cc3634a4d12b3cee719a-scaled.png","width":1200,"height":500},{"@type":"WebSite","@id":"https:\/\/bart-et-lemy.com\/blog\/#website","url":"https:\/\/bart-et-lemy.com\/blog\/","name":"Bart et Lemy","description":"L\u2019originalit\u00e9 en toute libert\u00e9.","publisher":{"@id":"https:\/\/bart-et-lemy.com\/blog\/#organization"},"alternateName":"Conseils parentaux, astuces famille et bien-\u00eatre enfant","potentialAction":[{"@type":"SearchAction","target":{"@type":"EntryPoint","urlTemplate":"https:\/\/bart-et-lemy.com\/blog\/?s={search_term_string}"},"query-input":{"@type":"PropertyValueSpecification","valueRequired":true,"valueName":"search_term_string"}}],"inLanguage":"fr-FR"},{"@type":"Organization","@id":"https:\/\/bart-et-lemy.com\/blog\/#organization","name":"Bart et Lemy","alternateName":"bart-et-lemy.com","url":"https:\/\/bart-et-lemy.com\/blog\/","logo":{"@type":"ImageObject","inLanguage":"fr-FR","@id":"https:\/\/bart-et-lemy.com\/blog\/#\/schema\/logo\/image\/","url":"https:\/\/bart-et-lemy.com\/blog\/wp-content\/uploads\/2026\/07\/logo-auto.png","contentUrl":"https:\/\/bart-et-lemy.com\/blog\/wp-content\/uploads\/2026\/07\/logo-auto.png","width":1024,"height":1024,"caption":"Bart et Lemy"},"image":{"@id":"https:\/\/bart-et-lemy.com\/blog\/#\/schema\/logo\/image\/"}},{"@type":"Person","@id":"https:\/\/bart-et-lemy.com\/blog\/#\/schema\/person\/3c864cdc320801e3db34b663e7e3f816","name":"Elodie Mazeau","image":{"@type":"ImageObject","inLanguage":"fr-FR","@id":"https:\/\/bart-et-lemy.com\/blog\/wp-content\/uploads\/2026\/06\/persona_elodie-m-96x96.jpg","url":"https:\/\/bart-et-lemy.com\/blog\/wp-content\/uploads\/2026\/06\/persona_elodie-m-96x96.jpg","contentUrl":"https:\/\/bart-et-lemy.com\/blog\/wp-content\/uploads\/2026\/06\/persona_elodie-m-96x96.jpg","caption":"Elodie Mazeau"},"description":"J'\u00e9cris sur la parentalit\u00e9 telle qu'elle se vit vraiment, du premier biberon aux premi\u00e8res col\u00e8res. Mes sujets de pr\u00e9dilection couvrent le quotidien des familles : sommeil, alimentation, organisation, pu\u00e9riculture et ces petites gal\u00e8res que tout parent conna\u00eet. Depuis plusieurs ann\u00e9es, je m'attache \u00e0 proposer des rep\u00e8res concrets plut\u00f4t que des le\u00e7ons, parce que chaque famille trouve son propre \u00e9quilibre. Je v\u00e9rifie mes informations aupr\u00e8s de sources fiables, surtout d\u00e8s qu'on touche \u00e0 la sant\u00e9 ou \u00e0 la s\u00e9curit\u00e9 de l'enfant, et je pr\u00e9cise quand un avis professionnel s'impose. J'\u00e9vite soigneusement la culpabilisation : \u00eatre parent est d\u00e9j\u00e0 assez exigeant. Mon ton se veut complice et bienveillant, un peu comme une discussion entre parents qui se comprennent. L'id\u00e9e est d'all\u00e9ger la charge mentale en donnant des solutions simples et test\u00e9es.","sameAs":["https:\/\/elodiemazeau.fr\/"],"url":"https:\/\/bart-et-lemy.com\/blog\/auteur\/noname\/"}]}},"_links":{"self":[{"href":"https:\/\/bart-et-lemy.com\/blog\/wp-json\/wp\/v2\/posts\/9323","targetHints":{"allow":["GET"]}}],"collection":[{"href":"https:\/\/bart-et-lemy.com\/blog\/wp-json\/wp\/v2\/posts"}],"about":[{"href":"https:\/\/bart-et-lemy.com\/blog\/wp-json\/wp\/v2\/types\/post"}],"author":[{"embeddable":true,"href":"https:\/\/bart-et-lemy.com\/blog\/wp-json\/wp\/v2\/users\/34"}],"replies":[{"embeddable":true,"href":"https:\/\/bart-et-lemy.com\/blog\/wp-json\/wp\/v2\/comments?post=9323"}],"version-history":[{"count":1,"href":"https:\/\/bart-et-lemy.com\/blog\/wp-json\/wp\/v2\/posts\/9323\/revisions"}],"predecessor-version":[{"id":10549,"href":"https:\/\/bart-et-lemy.com\/blog\/wp-json\/wp\/v2\/posts\/9323\/revisions\/10549"}],"wp:featuredmedia":[{"embeddable":true,"href":"https:\/\/bart-et-lemy.com\/blog\/wp-json\/wp\/v2\/media\/10818"}],"wp:attachment":[{"href":"https:\/\/bart-et-lemy.com\/blog\/wp-json\/wp\/v2\/media?parent=9323"}],"wp:term":[{"taxonomy":"category","embeddable":true,"href":"https:\/\/bart-et-lemy.com\/blog\/wp-json\/wp\/v2\/categories?post=9323"},{"taxonomy":"post_tag","embeddable":true,"href":"https:\/\/bart-et-lemy.com\/blog\/wp-json\/wp\/v2\/tags?post=9323"}],"curies":[{"name":"wp","href":"https:\/\/api.w.org\/{rel}","templated":true}]}}